{"id":573128,"date":"2025-04-18T07:45:16","date_gmt":"2025-04-18T05:45:16","guid":{"rendered":"https:\/\/dicodusport.fr\/blog\/?p=573128&#038;preview=true&#038;preview_id=573128"},"modified":"2025-04-18T07:48:09","modified_gmt":"2025-04-18T05:48:09","slug":"indice-uefa-une-semaine-a-oublier-pour-la-france","status":"publish","type":"post","link":"https:\/\/dicodusport.fr\/blog\/indice-uefa-une-semaine-a-oublier-pour-la-france\/","title":{"rendered":"Indice UEFA : Une semaine \u00e0 oublier pour la France"},"content":{"rendered":"<h4 style=\"text-align: justify;\" align=\"justify\"><em>FOOTBALL &#8211; D\u00e9j\u00e0 assur\u00e9e de la cinqui\u00e8me place au classement UEFA, la France a pass\u00e9 une mauvaise semaine, avec les d\u00e9faites du PSG et de l&rsquo;OL.<\/em><\/h4>\n<ul style=\"text-align: justify;\">\n<li style=\"text-align: justify;\"><strong>\u00c0 ce sujet &#8211; <a href=\"https:\/\/dicodusport.fr\/blog\/indice-uefa-le-coefficient-des-pays\/\">Indice UEFA des pays<\/a><\/strong><\/li>\n<\/ul>\n<h2 style=\"text-align: justify;\">Deux d\u00e9faites qui font mal<\/h2>\n<p style=\"text-align: justify;\">Deux d\u00e9faites et aucune gloire. Si le PSG parvient \u00e0 se qualifier en demi-finale de la Ligue des Champions, <a href=\"https:\/\/dicodusport.fr\/blog\/ligue-des-champions-un-psg-a-deux-visages-qualifie-dans-la-douleur-pour-les-demi-finales\/\">malgr\u00e9 une pi\u00e8tre prestation<\/a> face \u00e0 Aston Villa (3-2), <a href=\"https:\/\/dicodusport.fr\/blog\/ligue-europa-quarts-de-finale-dans-un-match-fou-manchester-united-met-fin-a-laventure-lyonnaise\/\">l&rsquo;OL a fait un naufrage total sur la pelouse de Manchester United<\/a>. Alors que les Lyonnais menaient 4-2 en prolongations \u00e0 dix minutes du terme, ils s&rsquo;inclinent 5-4. Une prestation catastrophique dans les dix derni\u00e8res minutes et une \u00e9limination de l&rsquo;Europa League, face \u00e0 un adversaire largement \u00e0 sa port\u00e9e et apr\u00e8s avoir renvers\u00e9 le match. Une semaine \u00e0 deux d\u00e9faites et qui n&rsquo;apporte que les points de la qualification en demi-finales pour le PSG. Une semaine \u00e0 oublier et qui aurait pu \u00eatre encore plus catastrophique, si le PSG avait aussi pris la porte, alors qu&rsquo;il a men\u00e9 5-1 sur l&rsquo;ensemble des deux matchs.<\/p>\n<h2 style=\"text-align: justify;\">L&rsquo;Allemagne creuse m\u00eame si elle perd tous ses repr\u00e9sentants<\/h2>\n<p style=\"text-align: justify;\">Du coup, la <strong>France<\/strong> ne gagne pas de terrain sur l&rsquo;<strong>Allemagne<\/strong>, 4e. Les Allemands reprennent m\u00eame quelques points. Avec la victoire de <strong>Dortmund<\/strong> face \u00e0 Barcelone et le nul du <strong>Bayern Munich<\/strong>, sur la pelouse de l&rsquo;Inter. Deux clubs cependant \u00e9limin\u00e9s, comme l&rsquo;<strong>Eintracht Francfort<\/strong>, battu sur sa pelouse par Tottenham, en Europa League. Le football allemand n&rsquo;a donc plus aucun repr\u00e9sentant en Europe, une sorte d&rsquo;anomalie pour cette grande nation du football. Mais avec le seul <strong>PSG<\/strong> qualifi\u00e9, la France ne pourra pas menacer l&rsquo;Allemagne, qui perdra de gros points la saison prochaine. Le r\u00eave de la 4\u00e8me place, d\u00e9j\u00e0 infime, il faut le dire, s&rsquo;envole donc.<\/p>\n<ul style=\"text-align: justify;\">\n<li style=\"text-align: justify;\"><strong>\u00c0 ce sujet &#8211; <a href=\"https:\/\/dicodusport.fr\/blog\/phase-finale-ligue-des-champions-le-tableau-complet\/\">Phase finale Ligue des Champions &#8211; Le tableau complet<\/a><\/strong><\/li>\n<\/ul>\n<h2 style=\"text-align: justify;\">Rappel du calcul<\/h2>\n<p style=\"text-align: justify;\">Pour rappel, le calcul de <strong>la somme des points<\/strong>\u00a0se fait comme ceci : deux points pour une victoire, un point pour un nul, un point pour une qualification au tour suivant et z\u00e9ro pour une d\u00e9faite. Une qualification en 8\u1d49 de finale de\u00a0<strong>Ligue des Champions<\/strong>\u00a0ou\u00a0<strong>Ligue Europa<\/strong>\u00a0apporte quatre points et toute qualification apporte ensuite un point. En\u00a0<strong>Ligue Europa<\/strong>, ce sont quatre points pour le vainqueur de poule et deux points pour le deuxi\u00e8me. En\u00a0<strong>Ligue Conf\u00e9rence<\/strong>, ce sont deux points pour le vainqueur de poule et un point pour le deuxi\u00e8me. Chaque tour d\u00e9pass\u00e9 \u00e0 partir des demi-finales apporte un point. Pour le\u00a0<strong>coefficient UEFA<\/strong>, il faut ensuite diviser le total de points par le nombre de clubs engag\u00e9s dans les trois Coupes d\u2019Europe.<\/p>\n<ul>\n<li style=\"text-align: justify;\"><strong>\u00c0 ce sujet &#8211;\u00a0<a href=\"https:\/\/dicodusport.fr\/blog\/actualites\/football\/\">L&rsquo;actualit\u00e9 du football<\/a><\/strong><\/li>\n<\/ul>\n","protected":false},"excerpt":{"rendered":"<p>FOOTBALL &#8211; D\u00e9j\u00e0 assur\u00e9e de la cinqui\u00e8me place au classement UEFA, la France a pass\u00e9 une mauvaise semaine, avec les d\u00e9faites du PSG et de l&rsquo;OL.<\/p>\n","protected":false},"author":83,"featured_media":573130,"comment_status":"open","ping_status":"closed","sticky":false,"template":"","format":"standard","meta":{"_acf_changed":false,"_daextam_enable_autolinks":"1","footnotes":""},"categories":[2301],"tags":[32415,16878,34583,75,34599,2779],"class_list":["post-573128","post","type-post","status-publish","format-standard","has-post-thumbnail","hentry","category-football","tag-actu","tag-breve","tag-coefficients-des-pays","tag-football","tag-indice-uefa","tag-uefa"],"acf":[],"yoast_head":"<!-- This site is optimized with the Yoast SEO Premium plugin v26.7 (Yoast SEO v26.7) - https:\/\/yoast.com\/wordpress\/plugins\/seo\/ -->\n<title>Indice UEFA : Une semaine \u00e0 oublier pour la France<\/title>\n<meta name=\"description\" content=\"FOOTBALL - D\u00e9j\u00e0 assur\u00e9e de la cinqui\u00e8me place, la France a pass\u00e9 une mauvaise semaine, avec les d\u00e9faites du PSG et de l&#039;OL.\" \/>\n<meta name=\"robots\" content=\"index, follow, max-snippet:-1, max-image-preview:large, max-video-preview:-1\" \/>\n<link rel=\"canonical\" href=\"https:\/\/dicodusport.fr\/blog\/indice-uefa-une-semaine-a-oublier-pour-la-france\/\" \/>\n<meta property=\"og:locale\" content=\"fr_FR\" \/>\n<meta property=\"og:type\" content=\"article\" \/>\n<meta property=\"og:title\" content=\"Indice UEFA : Une semaine \u00e0 oublier pour la France\" \/>\n<meta property=\"og:description\" content=\"FOOTBALL - D\u00e9j\u00e0 assur\u00e9e de la cinqui\u00e8me place, la France a pass\u00e9 une mauvaise semaine, avec les d\u00e9faites du PSG et de l&#039;OL.\" \/>\n<meta property=\"og:url\" content=\"https:\/\/dicodusport.fr\/blog\/indice-uefa-une-semaine-a-oublier-pour-la-france\/\" \/>\n<meta property=\"og:site_name\" content=\"Dicodusport\" \/>\n<meta property=\"article:publisher\" content=\"https:\/\/www.facebook.com\/dicodusport\" \/>\n<meta property=\"article:published_time\" content=\"2025-04-18T05:45:16+00:00\" \/>\n<meta property=\"article:modified_time\" content=\"2025-04-18T05:48:09+00:00\" \/>\n<meta property=\"og:image\" content=\"https:\/\/dicodusport.fr\/blog\/wp-content\/uploads\/2025\/04\/Indice-UEFA-Une-semaine-a-oublier-pour-la-France.png\" \/>\n\t<meta property=\"og:image:width\" content=\"1200\" \/>\n\t<meta property=\"og:image:height\" content=\"674\" \/>\n\t<meta property=\"og:image:type\" content=\"image\/png\" \/>\n<meta name=\"author\" content=\"Etienne Goursaud\" \/>\n<meta name=\"twitter:card\" content=\"summary_large_image\" \/>\n<meta name=\"twitter:title\" content=\"Indice UEFA : Une semaine \u00e0 oublier pour la France\" \/>\n<meta name=\"twitter:creator\" content=\"@dicodusport\" \/>\n<meta name=\"twitter:site\" content=\"@dicodusport\" \/>\n<script type=\"application\/ld+json\" class=\"yoast-schema-graph\">{\"@context\":\"https:\/\/schema.org\",\"@graph\":[{\"@type\":\"NewsArticle\",\"@id\":\"https:\/\/dicodusport.fr\/blog\/indice-uefa-une-semaine-a-oublier-pour-la-france\/#article\",\"isPartOf\":{\"@id\":\"https:\/\/dicodusport.fr\/blog\/indice-uefa-une-semaine-a-oublier-pour-la-france\/\"},\"author\":{\"name\":\"Etienne Goursaud\",\"@id\":\"https:\/\/dicodusport.fr\/blog\/#\/schema\/person\/d603dd7da31fb2b46c82b9835a77ec13\"},\"headline\":\"Indice UEFA : Une semaine \u00e0 oublier pour la France\",\"datePublished\":\"2025-04-18T05:45:16+00:00\",\"dateModified\":\"2025-04-18T05:48:09+00:00\",\"mainEntityOfPage\":{\"@id\":\"https:\/\/dicodusport.fr\/blog\/indice-uefa-une-semaine-a-oublier-pour-la-france\/\"},\"wordCount\":476,\"commentCount\":0,\"publisher\":{\"@id\":\"https:\/\/dicodusport.fr\/blog\/#organization\"},\"image\":{\"@id\":\"https:\/\/dicodusport.fr\/blog\/indice-uefa-une-semaine-a-oublier-pour-la-france\/#primaryimage\"},\"thumbnailUrl\":\"https:\/\/dicodusport.fr\/blog\/wp-content\/uploads\/2025\/04\/Indice-UEFA-Une-semaine-a-oublier-pour-la-France.png\",\"keywords\":[\"actu\",\"br\u00e8ve\",\"Coefficients des pays\",\"Football\",\"indice uefa\",\"UEFA\"],\"articleSection\":[\"Football\"],\"inLanguage\":\"fr-FR\",\"potentialAction\":[{\"@type\":\"CommentAction\",\"name\":\"Comment\",\"target\":[\"https:\/\/dicodusport.fr\/blog\/indice-uefa-une-semaine-a-oublier-pour-la-france\/#respond\"]}],\"copyrightYear\":\"2025\",\"copyrightHolder\":{\"@id\":\"https:\/\/dicodusport.fr\/blog\/#organization\"}},{\"@type\":\"WebPage\",\"@id\":\"https:\/\/dicodusport.fr\/blog\/indice-uefa-une-semaine-a-oublier-pour-la-france\/\",\"url\":\"https:\/\/dicodusport.fr\/blog\/indice-uefa-une-semaine-a-oublier-pour-la-france\/\",\"name\":\"Indice UEFA : Une semaine \u00e0 oublier pour la France\",\"isPartOf\":{\"@id\":\"https:\/\/dicodusport.fr\/blog\/#website\"},\"primaryImageOfPage\":{\"@id\":\"https:\/\/dicodusport.fr\/blog\/indice-uefa-une-semaine-a-oublier-pour-la-france\/#primaryimage\"},\"image\":{\"@id\":\"https:\/\/dicodusport.fr\/blog\/indice-uefa-une-semaine-a-oublier-pour-la-france\/#primaryimage\"},\"thumbnailUrl\":\"https:\/\/dicodusport.fr\/blog\/wp-content\/uploads\/2025\/04\/Indice-UEFA-Une-semaine-a-oublier-pour-la-France.png\",\"datePublished\":\"2025-04-18T05:45:16+00:00\",\"dateModified\":\"2025-04-18T05:48:09+00:00\",\"description\":\"FOOTBALL - D\u00e9j\u00e0 assur\u00e9e de la cinqui\u00e8me place, la France a pass\u00e9 une mauvaise semaine, avec les d\u00e9faites du PSG et de l'OL.\",\"breadcrumb\":{\"@id\":\"https:\/\/dicodusport.fr\/blog\/indice-uefa-une-semaine-a-oublier-pour-la-france\/#breadcrumb\"},\"inLanguage\":\"fr-FR\",\"potentialAction\":[{\"@type\":\"ReadAction\",\"target\":[\"https:\/\/dicodusport.fr\/blog\/indice-uefa-une-semaine-a-oublier-pour-la-france\/\"]}]},{\"@type\":\"ImageObject\",\"inLanguage\":\"fr-FR\",\"@id\":\"https:\/\/dicodusport.fr\/blog\/indice-uefa-une-semaine-a-oublier-pour-la-france\/#primaryimage\",\"url\":\"https:\/\/dicodusport.fr\/blog\/wp-content\/uploads\/2025\/04\/Indice-UEFA-Une-semaine-a-oublier-pour-la-France.png\",\"contentUrl\":\"https:\/\/dicodusport.fr\/blog\/wp-content\/uploads\/2025\/04\/Indice-UEFA-Une-semaine-a-oublier-pour-la-France.png\",\"width\":1200,\"height\":674,\"caption\":\"Indice UEFA : Une semaine \u00e0 oublier pour la France\"},{\"@type\":\"BreadcrumbList\",\"@id\":\"https:\/\/dicodusport.fr\/blog\/indice-uefa-une-semaine-a-oublier-pour-la-france\/#breadcrumb\",\"itemListElement\":[{\"@type\":\"ListItem\",\"position\":1,\"name\":\"Accueil\",\"item\":\"https:\/\/dicodusport.fr\/blog\/\"},{\"@type\":\"ListItem\",\"position\":2,\"name\":\"Indice UEFA : Une semaine \u00e0 oublier pour la France\"}]},{\"@type\":\"WebSite\",\"@id\":\"https:\/\/dicodusport.fr\/blog\/#website\",\"url\":\"https:\/\/dicodusport.fr\/blog\/\",\"name\":\"Dicodusport\",\"description\":\"L&#039;encyclop\u00e9die de l&#039;actualit\u00e9 sportive\",\"publisher\":{\"@id\":\"https:\/\/dicodusport.fr\/blog\/#organization\"},\"potentialAction\":[{\"@type\":\"SearchAction\",\"target\":{\"@type\":\"EntryPoint\",\"urlTemplate\":\"https:\/\/dicodusport.fr\/blog\/?s={search_term_string}\"},\"query-input\":{\"@type\":\"PropertyValueSpecification\",\"valueRequired\":true,\"valueName\":\"search_term_string\"}}],\"inLanguage\":\"fr-FR\"},{\"@type\":\"NewsMediaOrganization\",\"@id\":\"https:\/\/dicodusport.fr\/blog\/#organization\",\"name\":\"Dicodusport\",\"url\":\"https:\/\/dicodusport.fr\/blog\/\",\"logo\":{\"@type\":\"ImageObject\",\"inLanguage\":\"fr-FR\",\"@id\":\"https:\/\/dicodusport.fr\/blog\/#\/schema\/logo\/image\/\",\"url\":\"https:\/\/dicodusport.fr\/blog\/wp-content\/uploads\/2020\/06\/cropped-LOGO-DICODUSPORT-2020-SANS-FOND-SANS-TEXTE.png\",\"contentUrl\":\"https:\/\/dicodusport.fr\/blog\/wp-content\/uploads\/2020\/06\/cropped-LOGO-DICODUSPORT-2020-SANS-FOND-SANS-TEXTE.png\",\"width\":512,\"height\":512,\"caption\":\"Dicodusport\"},\"image\":{\"@id\":\"https:\/\/dicodusport.fr\/blog\/#\/schema\/logo\/image\/\"},\"sameAs\":[\"https:\/\/www.facebook.com\/dicodusport\",\"https:\/\/x.com\/dicodusport\",\"https:\/\/www.instagram.com\/dicodusport\/\",\"https:\/\/www.youtube.com\/channel\/UC7V2KZ5sd3htJivAbA4ZG3w\"],\"description\":\"Dicodusport est l'encyclop\u00e9die de l'actualit\u00e9 sportive.\",\"email\":\"bonjour@dicodusport.fr\",\"legalName\":\"DICODUSPORT\",\"foundingDate\":\"2018-01-14\",\"vatID\":\"FR71834470973\",\"taxID\":\"83447097300043\",\"numberOfEmployees\":{\"@type\":\"QuantitativeValue\",\"minValue\":\"1\",\"maxValue\":\"10\"}},{\"@type\":\"Person\",\"@id\":\"https:\/\/dicodusport.fr\/blog\/#\/schema\/person\/d603dd7da31fb2b46c82b9835a77ec13\",\"name\":\"Etienne Goursaud\",\"image\":{\"@type\":\"ImageObject\",\"inLanguage\":\"fr-FR\",\"@id\":\"https:\/\/dicodusport.fr\/blog\/#\/schema\/person\/image\/\",\"url\":\"https:\/\/dicodusport.fr\/blog\/wp-content\/uploads\/2023\/12\/410122264_10231602061736049_5565839791558026645_n-150x150.jpg\",\"contentUrl\":\"https:\/\/dicodusport.fr\/blog\/wp-content\/uploads\/2023\/12\/410122264_10231602061736049_5565839791558026645_n-150x150.jpg\",\"caption\":\"Etienne Goursaud\"},\"description\":\"Journaliste et amoureux de sport. Ancien footballeur reconverti athl\u00e8te quand ses muscles le laissent tranquille. \u00c9lev\u00e9 \u00e0 la sauce des exploits de Thomas Voeckler en 2004, du dernier essai de l\u00e9gende de Eunice Barber \u00e0 la longueur lors des championnats du monde d'athl\u00e9tisme de 2003 mais aussi Zidane, Omeyer et Titou Lamaison.\",\"url\":\"https:\/\/dicodusport.fr\/blog\/author\/etienne-goursaud\/\"}]}<\/script>\n<!-- \/ Yoast SEO Premium plugin. -->","yoast_head_json":{"title":"Indice UEFA : Une semaine \u00e0 oublier pour la France","description":"FOOTBALL - D\u00e9j\u00e0 assur\u00e9e de la cinqui\u00e8me place, la France a pass\u00e9 une mauvaise semaine, avec les d\u00e9faites du PSG et de l'OL.","robots":{"index":"index","follow":"follow","max-snippet":"max-snippet:-1","max-image-preview":"max-image-preview:large","max-video-preview":"max-video-preview:-1"},"canonical":"https:\/\/dicodusport.fr\/blog\/indice-uefa-une-semaine-a-oublier-pour-la-france\/","og_locale":"fr_FR","og_type":"article","og_title":"Indice UEFA : Une semaine \u00e0 oublier pour la France","og_description":"FOOTBALL - D\u00e9j\u00e0 assur\u00e9e de la cinqui\u00e8me place, la France a pass\u00e9 une mauvaise semaine, avec les d\u00e9faites du PSG et de l'OL.","og_url":"https:\/\/dicodusport.fr\/blog\/indice-uefa-une-semaine-a-oublier-pour-la-france\/","og_site_name":"Dicodusport","article_publisher":"https:\/\/www.facebook.com\/dicodusport","article_published_time":"2025-04-18T05:45:16+00:00","article_modified_time":"2025-04-18T05:48:09+00:00","og_image":[{"width":1200,"height":674,"url":"https:\/\/dicodusport.fr\/blog\/wp-content\/uploads\/2025\/04\/Indice-UEFA-Une-semaine-a-oublier-pour-la-France.png","type":"image\/png"}],"author":"Etienne Goursaud","twitter_card":"summary_large_image","twitter_title":"Indice UEFA : Une semaine \u00e0 oublier pour la France","twitter_creator":"@dicodusport","twitter_site":"@dicodusport","schema":{"@context":"https:\/\/schema.org","@graph":[{"@type":"NewsArticle","@id":"https:\/\/dicodusport.fr\/blog\/indice-uefa-une-semaine-a-oublier-pour-la-france\/#article","isPartOf":{"@id":"https:\/\/dicodusport.fr\/blog\/indice-uefa-une-semaine-a-oublier-pour-la-france\/"},"author":{"name":"Etienne Goursaud","@id":"https:\/\/dicodusport.fr\/blog\/#\/schema\/person\/d603dd7da31fb2b46c82b9835a77ec13"},"headline":"Indice UEFA : Une semaine \u00e0 oublier pour la France","datePublished":"2025-04-18T05:45:16+00:00","dateModified":"2025-04-18T05:48:09+00:00","mainEntityOfPage":{"@id":"https:\/\/dicodusport.fr\/blog\/indice-uefa-une-semaine-a-oublier-pour-la-france\/"},"wordCount":476,"commentCount":0,"publisher":{"@id":"https:\/\/dicodusport.fr\/blog\/#organization"},"image":{"@id":"https:\/\/dicodusport.fr\/blog\/indice-uefa-une-semaine-a-oublier-pour-la-france\/#primaryimage"},"thumbnailUrl":"https:\/\/dicodusport.fr\/blog\/wp-content\/uploads\/2025\/04\/Indice-UEFA-Une-semaine-a-oublier-pour-la-France.png","keywords":["actu","br\u00e8ve","Coefficients des pays","Football","indice uefa","UEFA"],"articleSection":["Football"],"inLanguage":"fr-FR","potentialAction":[{"@type":"CommentAction","name":"Comment","target":["https:\/\/dicodusport.fr\/blog\/indice-uefa-une-semaine-a-oublier-pour-la-france\/#respond"]}],"copyrightYear":"2025","copyrightHolder":{"@id":"https:\/\/dicodusport.fr\/blog\/#organization"}},{"@type":"WebPage","@id":"https:\/\/dicodusport.fr\/blog\/indice-uefa-une-semaine-a-oublier-pour-la-france\/","url":"https:\/\/dicodusport.fr\/blog\/indice-uefa-une-semaine-a-oublier-pour-la-france\/","name":"Indice UEFA : Une semaine \u00e0 oublier pour la France","isPartOf":{"@id":"https:\/\/dicodusport.fr\/blog\/#website"},"primaryImageOfPage":{"@id":"https:\/\/dicodusport.fr\/blog\/indice-uefa-une-semaine-a-oublier-pour-la-france\/#primaryimage"},"image":{"@id":"https:\/\/dicodusport.fr\/blog\/indice-uefa-une-semaine-a-oublier-pour-la-france\/#primaryimage"},"thumbnailUrl":"https:\/\/dicodusport.fr\/blog\/wp-content\/uploads\/2025\/04\/Indice-UEFA-Une-semaine-a-oublier-pour-la-France.png","datePublished":"2025-04-18T05:45:16+00:00","dateModified":"2025-04-18T05:48:09+00:00","description":"FOOTBALL - D\u00e9j\u00e0 assur\u00e9e de la cinqui\u00e8me place, la France a pass\u00e9 une mauvaise semaine, avec les d\u00e9faites du PSG et de l'OL.","breadcrumb":{"@id":"https:\/\/dicodusport.fr\/blog\/indice-uefa-une-semaine-a-oublier-pour-la-france\/#breadcrumb"},"inLanguage":"fr-FR","potentialAction":[{"@type":"ReadAction","target":["https:\/\/dicodusport.fr\/blog\/indice-uefa-une-semaine-a-oublier-pour-la-france\/"]}]},{"@type":"ImageObject","inLanguage":"fr-FR","@id":"https:\/\/dicodusport.fr\/blog\/indice-uefa-une-semaine-a-oublier-pour-la-france\/#primaryimage","url":"https:\/\/dicodusport.fr\/blog\/wp-content\/uploads\/2025\/04\/Indice-UEFA-Une-semaine-a-oublier-pour-la-France.png","contentUrl":"https:\/\/dicodusport.fr\/blog\/wp-content\/uploads\/2025\/04\/Indice-UEFA-Une-semaine-a-oublier-pour-la-France.png","width":1200,"height":674,"caption":"Indice UEFA : Une semaine \u00e0 oublier pour la France"},{"@type":"BreadcrumbList","@id":"https:\/\/dicodusport.fr\/blog\/indice-uefa-une-semaine-a-oublier-pour-la-france\/#breadcrumb","itemListElement":[{"@type":"ListItem","position":1,"name":"Accueil","item":"https:\/\/dicodusport.fr\/blog\/"},{"@type":"ListItem","position":2,"name":"Indice UEFA : Une semaine \u00e0 oublier pour la France"}]},{"@type":"WebSite","@id":"https:\/\/dicodusport.fr\/blog\/#website","url":"https:\/\/dicodusport.fr\/blog\/","name":"Dicodusport","description":"L&#039;encyclop\u00e9die de l&#039;actualit\u00e9 sportive","publisher":{"@id":"https:\/\/dicodusport.fr\/blog\/#organization"},"potentialAction":[{"@type":"SearchAction","target":{"@type":"EntryPoint","urlTemplate":"https:\/\/dicodusport.fr\/blog\/?s={search_term_string}"},"query-input":{"@type":"PropertyValueSpecification","valueRequired":true,"valueName":"search_term_string"}}],"inLanguage":"fr-FR"},{"@type":"NewsMediaOrganization","@id":"https:\/\/dicodusport.fr\/blog\/#organization","name":"Dicodusport","url":"https:\/\/dicodusport.fr\/blog\/","logo":{"@type":"ImageObject","inLanguage":"fr-FR","@id":"https:\/\/dicodusport.fr\/blog\/#\/schema\/logo\/image\/","url":"https:\/\/dicodusport.fr\/blog\/wp-content\/uploads\/2020\/06\/cropped-LOGO-DICODUSPORT-2020-SANS-FOND-SANS-TEXTE.png","contentUrl":"https:\/\/dicodusport.fr\/blog\/wp-content\/uploads\/2020\/06\/cropped-LOGO-DICODUSPORT-2020-SANS-FOND-SANS-TEXTE.png","width":512,"height":512,"caption":"Dicodusport"},"image":{"@id":"https:\/\/dicodusport.fr\/blog\/#\/schema\/logo\/image\/"},"sameAs":["https:\/\/www.facebook.com\/dicodusport","https:\/\/x.com\/dicodusport","https:\/\/www.instagram.com\/dicodusport\/","https:\/\/www.youtube.com\/channel\/UC7V2KZ5sd3htJivAbA4ZG3w"],"description":"Dicodusport est l'encyclop\u00e9die de l'actualit\u00e9 sportive.","email":"bonjour@dicodusport.fr","legalName":"DICODUSPORT","foundingDate":"2018-01-14","vatID":"FR71834470973","taxID":"83447097300043","numberOfEmployees":{"@type":"QuantitativeValue","minValue":"1","maxValue":"10"}},{"@type":"Person","@id":"https:\/\/dicodusport.fr\/blog\/#\/schema\/person\/d603dd7da31fb2b46c82b9835a77ec13","name":"Etienne Goursaud","image":{"@type":"ImageObject","inLanguage":"fr-FR","@id":"https:\/\/dicodusport.fr\/blog\/#\/schema\/person\/image\/","url":"https:\/\/dicodusport.fr\/blog\/wp-content\/uploads\/2023\/12\/410122264_10231602061736049_5565839791558026645_n-150x150.jpg","contentUrl":"https:\/\/dicodusport.fr\/blog\/wp-content\/uploads\/2023\/12\/410122264_10231602061736049_5565839791558026645_n-150x150.jpg","caption":"Etienne Goursaud"},"description":"Journaliste et amoureux de sport. Ancien footballeur reconverti athl\u00e8te quand ses muscles le laissent tranquille. \u00c9lev\u00e9 \u00e0 la sauce des exploits de Thomas Voeckler en 2004, du dernier essai de l\u00e9gende de Eunice Barber \u00e0 la longueur lors des championnats du monde d'athl\u00e9tisme de 2003 mais aussi Zidane, Omeyer et Titou Lamaison.","url":"https:\/\/dicodusport.fr\/blog\/author\/etienne-goursaud\/"}]}},"_links":{"self":[{"href":"https:\/\/dicodusport.fr\/blog\/wp-json\/wp\/v2\/posts\/573128","targetHints":{"allow":["GET"]}}],"collection":[{"href":"https:\/\/dicodusport.fr\/blog\/wp-json\/wp\/v2\/posts"}],"about":[{"href":"https:\/\/dicodusport.fr\/blog\/wp-json\/wp\/v2\/types\/post"}],"author":[{"embeddable":true,"href":"https:\/\/dicodusport.fr\/blog\/wp-json\/wp\/v2\/users\/83"}],"replies":[{"embeddable":true,"href":"https:\/\/dicodusport.fr\/blog\/wp-json\/wp\/v2\/comments?post=573128"}],"version-history":[{"count":3,"href":"https:\/\/dicodusport.fr\/blog\/wp-json\/wp\/v2\/posts\/573128\/revisions"}],"predecessor-version":[{"id":573139,"href":"https:\/\/dicodusport.fr\/blog\/wp-json\/wp\/v2\/posts\/573128\/revisions\/573139"}],"wp:featuredmedia":[{"embeddable":true,"href":"https:\/\/dicodusport.fr\/blog\/wp-json\/wp\/v2\/media\/573130"}],"wp:attachment":[{"href":"https:\/\/dicodusport.fr\/blog\/wp-json\/wp\/v2\/media?parent=573128"}],"wp:term":[{"taxonomy":"category","embeddable":true,"href":"https:\/\/dicodusport.fr\/blog\/wp-json\/wp\/v2\/categories?post=573128"},{"taxonomy":"post_tag","embeddable":true,"href":"https:\/\/dicodusport.fr\/blog\/wp-json\/wp\/v2\/tags?post=573128"}],"curies":[{"name":"wp","href":"https:\/\/api.w.org\/{rel}","templated":true}]}}