{"id":573409,"date":"2025-04-19T20:11:46","date_gmt":"2025-04-19T18:11:46","guid":{"rendered":"https:\/\/dicodusport.fr\/blog\/?p=573409&#038;preview=true&#038;preview_id=573409"},"modified":"2025-04-19T20:11:40","modified_gmt":"2025-04-19T18:11:40","slug":"f1-la-grille-de-depart-du-grand-prix-d-arabie-saoudite-2025","status":"publish","type":"post","link":"https:\/\/dicodusport.fr\/blog\/f1-la-grille-de-depart-du-grand-prix-d-arabie-saoudite-2025\/","title":{"rendered":"F1 &#8211; La grille de d\u00e9part du Grand Prix d&rsquo;Arabie Saoudite 2025"},"content":{"rendered":"<h4 style=\"text-align: justify;\"><em>D\u00e9couvrez la grille de d\u00e9part compl\u00e8te du Grand Prix d&rsquo;Arabie Saoudite de F1 2025, apr\u00e8s les qualifications qui se sont d\u00e9roul\u00e9es ce samedi 19 avril sur le circuit de Djeddah.<\/em><\/h4>\n<ul>\n<li style=\"text-align: justify;\"><strong>\u00c0 ce sujet &#8211; <a href=\"https:\/\/dicodusport.fr\/blog\/f1-gp-darabie-saoudite-2025-programme-tv-horaires-et-resultats\/\">F1 GP d\u2019Arabie Saoudite 2025 : Programme TV, Horaires et R\u00e9sultats<\/a><\/strong><\/li>\n<\/ul>\n<p style=\"text-align: justify;\">Les qualifications du\u00a0<strong>Grand Prix d&rsquo;Arabie Saoudite de F1 2025<\/strong> ont eu lieu ce <strong>samedi 19 avril<\/strong>, sur le circuit de <strong>Djeddah<\/strong>. La s\u00e9ance se dispute en trois parties : la premi\u00e8re est longue de dix-huit minutes (Q1), la deuxi\u00e8me dure quinze minutes (Q2) et la troisi\u00e8me douze minutes (Q3). Quinze pilotes rallient la Q2 \u00e0 l\u2019issue de la Q1. En fin de Q2, les dix pilotes les plus rapides disputent la Q3. <strong>Retrouvez la grille de d\u00e9part et la position des pilotes<\/strong>.<\/p>\n<hr \/>\n<h2 style=\"text-align: center;\">F1 &#8211; Grille de d\u00e9part du GP d&rsquo;Arabie Saoudite 2025<br \/>\n<span style=\"font-size: 14px;\">Grille officielle mise \u00e0 jour \u00e0 l&rsquo;issue des qualifications.<\/span><\/h2>\n<hr \/>\n<table style=\"width: 800px; border-collapse: collapse;\">\n<tbody>\n<tr>\n<td style=\"vertical-align: top; text-align: center; border-style: none; background-color: #ffffff; width: 400px; height: 120px;\"><span style=\"font-size: 1.0em;\"><strong><span style=\"font-size: 0.9em;\"><img loading=\"lazy\" decoding=\"async\" class=\"\" src=\"https:\/\/media.formula1.com\/d_team_car_fallback_image.png\/content\/dam\/fom-website\/teams\/2025\/red-bull-racing.png\" alt=\"Red Bull Racing\" width=\"100\" height=\"30\" \/><\/span><br \/>\n1. \ud83c\uddf3\ud83c\uddf1 MAX VERSTAPPEN<br \/>\n<\/strong><span style=\"font-size: 0.8em;\">RED BULL<\/span><\/span><\/td>\n<td style=\"vertical-align: bottom; text-align: center; border-style: none; background-color: #ffffff; width: 400px; height: 120px;\"><span style=\"font-size: 1.0em;\"><strong><span style=\"font-size: 0.9em;\"><img loading=\"lazy\" decoding=\"async\" class=\"\" src=\"https:\/\/media.formula1.com\/d_team_car_fallback_image.png\/content\/dam\/fom-website\/teams\/2025\/mclaren.png\" alt=\"McLaren\" width=\"100\" height=\"30\" \/><\/span><br \/>\n<\/strong><strong>2. \ud83c\udde6\ud83c\uddfa OSCAR PIASTRI<\/strong><\/span><br \/>\n<span style=\"font-size: 0.8em;\">MCLAREN<\/span><\/td>\n<\/tr>\n<tr>\n<td style=\"text-align: center; border-style: none; vertical-align: top; background-color: #ffffff; width: 400px; height: 120px;\"><span style=\"font-size: 1.0em;\"><strong><span style=\"font-size: 0.9em;\"><img loading=\"lazy\" decoding=\"async\" class=\"\" src=\"https:\/\/media.formula1.com\/d_team_car_fallback_image.png\/content\/dam\/fom-website\/teams\/2025\/mercedes.png\" alt=\"Mercedes\" width=\"100\" height=\"30\" \/><\/span><br \/>\n3. \ud83c\uddec\ud83c\udde7 GEORGE RUSSELL<br \/>\n<\/strong><span style=\"font-size: 0.8em;\">MERCEDES<\/span><\/span><\/td>\n<td style=\"text-align: center; border-style: none; vertical-align: bottom; background-color: #ffffff; width: 400px; height: 120px;\"><span style=\"font-size: 1.0em;\"><strong><span style=\"font-size: 0.9em;\"><img loading=\"lazy\" decoding=\"async\" class=\"\" src=\"https:\/\/media.formula1.com\/d_team_car_fallback_image.png\/content\/dam\/fom-website\/teams\/2025\/ferrari.png\" alt=\"Ferrari\" width=\"100\" height=\"30\" \/><\/span><br \/>\n4. \ud83c\uddf2\ud83c\udde8 CHARLES LECLERC<br \/>\n<\/strong><span style=\"font-size: 0.8em;\">FERRARI<\/span><\/span><\/td>\n<\/tr>\n<tr>\n<td style=\"text-align: center; border-style: none; vertical-align: top; background-color: #ffffff; width: 400px; height: 120px;\"><span style=\"font-size: 1.0em;\"><strong><span style=\"font-size: 0.9em;\"><img loading=\"lazy\" decoding=\"async\" class=\"\" src=\"https:\/\/media.formula1.com\/d_team_car_fallback_image.png\/content\/dam\/fom-website\/teams\/2025\/mercedes.png\" alt=\"Mercedes\" width=\"100\" height=\"30\" \/><\/span><br \/>\n5. \ud83c\uddee\ud83c\uddf9 KIMI ANTONELLI<br \/>\n<\/strong><span style=\"font-size: 0.8em;\">MERCEDES<\/span><\/span><\/td>\n<td style=\"text-align: center; border-style: none; vertical-align: bottom; background-color: #ffffff; width: 400px; height: 120px;\"><span style=\"font-size: 1.0em;\"><strong><span style=\"font-size: 0.9em;\"><img loading=\"lazy\" decoding=\"async\" class=\"\" src=\"https:\/\/media.formula1.com\/d_team_car_fallback_image.png\/content\/dam\/fom-website\/teams\/2025\/williams.png\" alt=\"Williams\" width=\"101\" height=\"30\" \/><\/span><br \/>\n6. \ud83c\uddea\ud83c\uddf8 CARLOS SAINZ<br \/>\n<\/strong><span style=\"font-size: 0.8em;\">WILLIAMS<\/span><\/span><\/td>\n<\/tr>\n<tr>\n<td style=\"text-align: center; border-style: none; vertical-align: top; background-color: #ffffff; width: 400px; height: 120px;\"><span style=\"font-size: 1.0em;\"><strong><span style=\"font-size: 0.9em;\"><img loading=\"lazy\" decoding=\"async\" class=\"\" src=\"https:\/\/media.formula1.com\/d_team_car_fallback_image.png\/content\/dam\/fom-website\/teams\/2025\/ferrari.png\" alt=\"Ferrari\" width=\"100\" height=\"30\" \/><br \/>\n<\/span><\/strong><strong>7. \ud83c\uddec\ud83c\udde7 LEWIS HAMILTON<br \/>\n<\/strong><span style=\"font-size: 0.8em;\">FERRARI<\/span><\/span><\/td>\n<td style=\"text-align: center; border-style: none; vertical-align: bottom; background-color: #ffffff; width: 400px; height: 120px;\"><span style=\"font-size: 1.0em;\"><strong><span style=\"font-size: 0.9em;\"><img loading=\"lazy\" decoding=\"async\" class=\"\" src=\"https:\/\/media.formula1.com\/d_team_car_fallback_image.png\/content\/dam\/fom-website\/teams\/2025\/red-bull-racing.png\" alt=\"Red Bull Racing\" width=\"100\" height=\"30\" \/><\/span><br \/>\n<\/strong><strong>8. \ud83c\uddef\ud83c\uddf5 YUKI TSUNODA<\/strong><\/span><br \/>\n<span style=\"font-size: 1.0em;\"><span style=\"font-size: 0.8em;\">RED BULL<\/span><\/span><\/td>\n<\/tr>\n<tr>\n<td style=\"text-align: center; border-style: none; vertical-align: top; background-color: #ffffff; width: 400px; height: 120px;\"><span style=\"font-size: 1.0em;\"><strong><span style=\"font-size: 0.9em;\"><img loading=\"lazy\" decoding=\"async\" class=\"\" src=\"https:\/\/media.formula1.com\/d_team_car_fallback_image.png\/content\/dam\/fom-website\/teams\/2025\/alpine.png\" alt=\"Alpine\" width=\"100\" height=\"30\" \/><\/span><br \/>\n9. \ud83c\uddeb\ud83c\uddf7 PIERRE GASLY<br \/>\n<\/strong><span style=\"font-size: 0.8em;\">ALPINE<\/span><\/span><\/td>\n<td style=\"text-align: center; border-style: none; vertical-align: bottom; background-color: #ffffff; width: 400px; height: 120px;\"><span style=\"font-size: 1.0em;\"><strong><span style=\"font-size: 0.9em;\"><img loading=\"lazy\" decoding=\"async\" class=\"\" src=\"https:\/\/media.formula1.com\/d_team_car_fallback_image.png\/content\/dam\/fom-website\/teams\/2025\/mclaren.png\" alt=\"McLaren\" width=\"100\" height=\"30\" \/><\/span><br \/>\n<\/strong><strong>10. \ud83c\uddec\ud83c\udde7 LANDO NORRIS<\/strong><\/span><br \/>\n<span style=\"font-size: 0.8em;\">MCLAREN<\/span><\/td>\n<\/tr>\n<tr>\n<td style=\"text-align: center; border-style: none; vertical-align: top; background-color: #ffffff; width: 400px; height: 120px;\"><span style=\"font-size: 1.0em;\"><strong><span style=\"font-size: 0.9em;\"><img loading=\"lazy\" decoding=\"async\" class=\"\" src=\"https:\/\/media.formula1.com\/d_team_car_fallback_image.png\/content\/dam\/fom-website\/teams\/2025\/williams.png\" alt=\"Williams\" width=\"101\" height=\"30\" \/><\/span><br \/>\n<\/strong><strong>11. \ud83c\uddf9\ud83c\udded ALEXANDER ALBON<\/strong><\/span><br \/>\n<span style=\"font-size: 0.8em;\">WILLIAMS<\/span><\/td>\n<td style=\"text-align: center; border-style: none; vertical-align: bottom; background-color: #ffffff; width: 400px; height: 120px;\"><span style=\"font-size: 1.0em;\"><strong><span style=\"font-size: 0.9em;\"><img loading=\"lazy\" decoding=\"async\" class=\"\" src=\"https:\/\/media.formula1.com\/d_team_car_fallback_image.png\/content\/dam\/fom-website\/teams\/2025\/racing-bulls.png\" alt=\"Racing Bulls\" width=\"100\" height=\"30\" \/><\/span><br \/>\n12. \ud83c\uddf3\ud83c\uddff LIAM LAWSON<br \/>\n<\/strong><span style=\"font-size: 0.8em;\">RACING BULLS<\/span><\/span><\/td>\n<\/tr>\n<tr>\n<td style=\"text-align: center; border-style: none; vertical-align: top; background-color: #ffffff; width: 400px; height: 120px;\"><span style=\"font-size: 1.0em;\"><strong><span style=\"font-size: 0.9em;\"><img loading=\"lazy\" decoding=\"async\" class=\"\" src=\"https:\/\/media.formula1.com\/d_team_car_fallback_image.png\/content\/dam\/fom-website\/teams\/2025\/aston-martin.png\" alt=\"Aston Martin\" width=\"100\" height=\"30\" \/><\/span><br \/>\n13. \ud83c\uddea\ud83c\uddf8 FERNANDO ALONSO<br \/>\n<\/strong><span style=\"font-size: 0.8em;\">ASTON MARTIN<\/span><\/span><\/td>\n<td style=\"text-align: center; border-style: none; vertical-align: bottom; background-color: #ffffff; width: 400px; height: 120px;\"><span style=\"font-size: 1.0em;\"><strong><span style=\"font-size: 0.9em;\"><img loading=\"lazy\" decoding=\"async\" class=\"\" src=\"https:\/\/media.formula1.com\/d_team_car_fallback_image.png\/content\/dam\/fom-website\/teams\/2025\/racing-bulls.png\" alt=\"Racing Bulls\" width=\"100\" height=\"30\" \/><\/span><br \/>\n<\/strong><strong>14. \ud83c\uddeb\ud83c\uddf7 ISACK HADJAR<\/strong><\/span><br \/>\n<span style=\"font-size: 0.8em;\">RACING BULLS<\/span><\/td>\n<\/tr>\n<tr>\n<td style=\"text-align: center; border-style: none; vertical-align: top; background-color: #ffffff; width: 400px; height: 120px;\"><span style=\"font-size: 1.0em;\"><strong><span style=\"font-size: 0.9em;\"><img loading=\"lazy\" decoding=\"async\" class=\"\" src=\"https:\/\/media.formula1.com\/d_team_car_fallback_image.png\/content\/dam\/fom-website\/teams\/2025\/haas.png\" alt=\"Haas\" width=\"100\" height=\"30\" \/><\/span><br \/>\n<\/strong><strong>15. \ud83c\uddec\ud83c\udde7 OLIVER BEARMAN<\/strong><\/span><br \/>\n<span style=\"font-size: 0.8em;\">HAAS<\/span><\/td>\n<td style=\"text-align: center; border-style: none; vertical-align: bottom; background-color: #ffffff; width: 400px; height: 120px;\"><strong><span style=\"font-size: 0.9em;\"><img loading=\"lazy\" decoding=\"async\" class=\"\" src=\"https:\/\/media.formula1.com\/d_team_car_fallback_image.png\/content\/dam\/fom-website\/teams\/2025\/aston-martin.png\" alt=\"Aston Martin\" width=\"100\" height=\"30\" \/><\/span><\/strong><br \/>\n<span style=\"font-size: 1.0em;\"><strong>16. \ud83c\udde8\ud83c\udde6 LANCE STROLL<br \/>\n<\/strong><span style=\"font-size: 0.8em;\">ASTON MARTIN<\/span><\/span><\/td>\n<\/tr>\n<tr>\n<td style=\"text-align: center; border-style: none; vertical-align: top; background-color: #ffffff; width: 400px; height: 120px;\"><span style=\"font-size: 1.0em;\"><strong><span style=\"font-size: 0.9em;\"><img loading=\"lazy\" decoding=\"async\" class=\"\" src=\"https:\/\/media.formula1.com\/d_team_car_fallback_image.png\/content\/dam\/fom-website\/teams\/2025\/alpine.png\" alt=\"Alpine\" width=\"100\" height=\"30\" \/><\/span><br \/>\n17. \ud83c\udde6\ud83c\uddfa JACK DOOHAN<br \/>\n<\/strong><span style=\"font-size: 0.8em;\">ALPINE<\/span><\/span><\/td>\n<td style=\"text-align: center; border-style: none; vertical-align: bottom; background-color: #ffffff; width: 400px; height: 120px;\"><span style=\"font-size: 1.0em;\"><strong><span style=\"font-size: 0.9em;\"><img loading=\"lazy\" decoding=\"async\" class=\"\" src=\"https:\/\/media.formula1.com\/d_team_car_fallback_image.png\/content\/dam\/fom-website\/teams\/2025\/kick-sauber.png\" alt=\"Kick Sauber\" width=\"101\" height=\"30\" \/><\/span><br \/>\n18. \ud83c\udde9\ud83c\uddea NICO H\u00dcLKENBERG<br \/>\n<\/strong><span style=\"font-size: 0.8em;\">KICK SAUBER<\/span><\/span><\/td>\n<\/tr>\n<tr>\n<td style=\"text-align: center; border-style: none; vertical-align: top; background-color: #ffffff; width: 400px; height: 120px;\"><span style=\"font-size: 1.0em;\"><strong><span style=\"font-size: 0.9em;\"><img loading=\"lazy\" decoding=\"async\" class=\"\" src=\"https:\/\/media.formula1.com\/d_team_car_fallback_image.png\/content\/dam\/fom-website\/teams\/2025\/haas.png\" alt=\"Haas\" width=\"100\" height=\"30\" \/><\/span><br \/>\n19. \ud83c\uddeb\ud83c\uddf7 ESTEBAN OCON<br \/>\n<\/strong><span style=\"font-size: 0.8em;\">HAAS<\/span><\/span><\/td>\n<td style=\"text-align: center; border-style: none; vertical-align: bottom; background-color: #ffffff; width: 400px; height: 120px;\"><span style=\"font-size: 1.0em;\"><strong><span style=\"font-size: 0.9em;\"><img loading=\"lazy\" decoding=\"async\" class=\"\" src=\"https:\/\/media.formula1.com\/d_team_car_fallback_image.png\/content\/dam\/fom-website\/teams\/2025\/kick-sauber.png\" alt=\"Kick Sauber\" width=\"101\" height=\"30\" \/><\/span><br \/>\n<\/strong><strong>20. \ud83c\udde7\ud83c\uddf7 GABRIEL BORTOLETO<\/strong><\/span><br \/>\n<span style=\"font-size: 0.8em;\">KICK SAUBER<\/span><\/td>\n<\/tr>\n<\/tbody>\n<\/table>\n<hr \/>\n<h2 style=\"text-align: justify;\">\u00c0 ce sujet<\/h2>\n<ul>\n<li style=\"text-align: justify;\"><strong><a href=\"https:\/\/dicodusport.fr\/blog\/championnat-du-monde-f1-2025-classement-des-pilotes-mis-a-jour\/\">Le classement du championnat du monde des pilotes<\/a><\/strong><\/li>\n<li style=\"text-align: justify;\"><strong><a href=\"https:\/\/dicodusport.fr\/blog\/championnat-du-monde-f1-2025-classement-des-constructeurs\/\">Le classement du championnat du monde des constructeurs<\/a><\/strong><\/li>\n<li><strong><a href=\"https:\/\/dicodusport.fr\/blog\/f1-2025-le-calendrier-complet\/\">F1 2025 \u2013 Le calendrier complet<\/a><\/strong><\/li>\n<\/ul>\n<div class=\"vlp-link-container vlp-layout-article\"><a href=\"https:\/\/dicodusport.fr\/blog\/salaires-f1-2025-verstappen-hamilton-hadjar-ce-que-gagnent-les-pilotes-de-formule-1\/\" class=\"vlp-link\" title=\"Salaires F1 2025 : Verstappen, Hamilton, Hadjar, ce que gagnent les pilotes de Formule 1\"><\/a><div class=\"vlp-layout-zone-side\"><div class=\"vlp-block-4 vlp-link-image\"><img loading=\"lazy\" decoding=\"async\" style=\"max-width: 792px;\" width=\"792\" height=\"445\" src=\"https:\/\/dicodusport.fr\/blog\/wp-content\/uploads\/2025\/04\/Salaires-F1-2025-Verstappen-Hamilton-Hadjar-ce-que-gagnent-les-pilotes-de-Formule-1.png\" class=\"attachment-800x445 size-800x445\" alt=\"Salaires F1 2025 Verstappen, Hamilton, Hadjar, ce que gagnent les pilotes de Formule 1\" srcset=\"https:\/\/dicodusport.fr\/blog\/wp-content\/uploads\/2025\/04\/Salaires-F1-2025-Verstappen-Hamilton-Hadjar-ce-que-gagnent-les-pilotes-de-Formule-1.png 1200w, https:\/\/dicodusport.fr\/blog\/wp-content\/uploads\/2025\/04\/Salaires-F1-2025-Verstappen-Hamilton-Hadjar-ce-que-gagnent-les-pilotes-de-Formule-1-300x169.png 300w, https:\/\/dicodusport.fr\/blog\/wp-content\/uploads\/2025\/04\/Salaires-F1-2025-Verstappen-Hamilton-Hadjar-ce-que-gagnent-les-pilotes-de-Formule-1-1024x575.png 1024w, https:\/\/dicodusport.fr\/blog\/wp-content\/uploads\/2025\/04\/Salaires-F1-2025-Verstappen-Hamilton-Hadjar-ce-que-gagnent-les-pilotes-de-Formule-1-768x431.png 768w\" sizes=\"auto, (max-width: 792px) 100vw, 792px\" \/><\/div><\/div><div class=\"vlp-layout-zone-main\"><div class=\"vlp-block-0 vlp-link-title\">Salaires F1 2025 : Verstappen, Hamilton, Hadjar, ce que gagnent les pilotes de Formule 1<\/div><div class=\"vlp-block-1 vlp-link-summary\">F1 2025 - Verstappen, Hadjar, Hamilton, Norris, d\u00e9couvrez les salaires approximatifs des pilotes de Formule 1 pour la saison 2025 !\u00a0<\/div><div class=\"vlp-block-2 vlp-link-button\">Lire l'article<\/div><div class=\"vlp-block-3 vlp-link-url\">dicodusport.fr<\/div><\/div><\/div>\n","protected":false},"excerpt":{"rendered":"<p>D\u00e9couvrez la grille de d\u00e9part compl\u00e8te du Grand Prix d&rsquo;Arabie Saoudite de F1 2025, apr\u00e8s les qualifications qui se sont d\u00e9roul\u00e9es ce samedi 19 avril sur le circuit de Djeddah.<\/p>\n","protected":false},"author":4,"featured_media":573421,"comment_status":"open","ping_status":"closed","sticky":false,"template":"","format":"standard","meta":{"_acf_changed":false,"_daextam_enable_autolinks":"1","footnotes":""},"categories":[8653],"tags":[16878,3166,20620,2065],"class_list":["post-573409","post","type-post","status-publish","format-standard","has-post-thumbnail","hentry","category-formule-1","tag-breve","tag-f1","tag-f1-arabie-saoudite","tag-formule-1"],"acf":[],"yoast_head":"<!-- This site is optimized with the Yoast SEO Premium plugin v26.7 (Yoast SEO v26.7) - https:\/\/yoast.com\/wordpress\/plugins\/seo\/ -->\n<title>F1 - La grille de d\u00e9part du Grand Prix d&#039;Arabie Saoudite 2025<\/title>\n<meta name=\"description\" content=\"D\u00e9couvrez la grille de d\u00e9part compl\u00e8te du Grand Prix d&#039;Arabie Saoudite de F1 2025, apr\u00e8s les qualifications qui se sont d\u00e9roul\u00e9es ce samedi 19 avril.\" \/>\n<meta name=\"robots\" content=\"index, follow, max-snippet:-1, max-image-preview:large, max-video-preview:-1\" \/>\n<link rel=\"canonical\" href=\"https:\/\/dicodusport.fr\/blog\/f1-la-grille-de-depart-du-grand-prix-d-arabie-saoudite-2025\/\" \/>\n<meta property=\"og:locale\" content=\"fr_FR\" \/>\n<meta property=\"og:type\" content=\"article\" \/>\n<meta property=\"og:title\" content=\"F1 - La grille de d\u00e9part du Grand Prix d&#039;Arabie Saoudite 2025\" \/>\n<meta property=\"og:description\" content=\"D\u00e9couvrez la grille de d\u00e9part compl\u00e8te du Grand Prix d&#039;Arabie Saoudite de F1 2025, apr\u00e8s les qualifications qui se sont d\u00e9roul\u00e9es ce samedi 19 avril.\" \/>\n<meta property=\"og:url\" content=\"https:\/\/dicodusport.fr\/blog\/f1-la-grille-de-depart-du-grand-prix-d-arabie-saoudite-2025\/\" \/>\n<meta property=\"og:site_name\" content=\"Dicodusport\" \/>\n<meta property=\"article:publisher\" content=\"https:\/\/www.facebook.com\/dicodusport\" \/>\n<meta property=\"article:author\" content=\"https:\/\/www.facebook.com\/florent.ostermann\" \/>\n<meta property=\"article:published_time\" content=\"2025-04-19T18:11:46+00:00\" \/>\n<meta property=\"og:image\" content=\"https:\/\/dicodusport.fr\/blog\/wp-content\/uploads\/2025\/04\/F1-La-grille-de-depart-du-Grand-Prix-dArabie-Saoudite-2025.png\" \/>\n\t<meta property=\"og:image:width\" content=\"1200\" \/>\n\t<meta property=\"og:image:height\" content=\"674\" \/>\n\t<meta property=\"og:image:type\" content=\"image\/png\" \/>\n<meta name=\"author\" content=\"Flo Ostermann\" \/>\n<meta name=\"twitter:card\" content=\"summary_large_image\" \/>\n<meta name=\"twitter:title\" content=\"F1 - La grille de d\u00e9part du Grand Prix d&#039;Arabie Saoudite 2025\" \/>\n<meta name=\"twitter:creator\" content=\"@https:\/\/twitter.com\/FlOstermann\" \/>\n<meta name=\"twitter:site\" content=\"@dicodusport\" \/>\n<script type=\"application\/ld+json\" class=\"yoast-schema-graph\">{\"@context\":\"https:\/\/schema.org\",\"@graph\":[{\"@type\":\"NewsArticle\",\"@id\":\"https:\/\/dicodusport.fr\/blog\/f1-la-grille-de-depart-du-grand-prix-d-arabie-saoudite-2025\/#article\",\"isPartOf\":{\"@id\":\"https:\/\/dicodusport.fr\/blog\/f1-la-grille-de-depart-du-grand-prix-d-arabie-saoudite-2025\/\"},\"author\":{\"name\":\"Flo Ostermann\",\"@id\":\"https:\/\/dicodusport.fr\/blog\/#\/schema\/person\/cb02af4c173ce4a653b55e9baf388d4a\"},\"headline\":\"F1 &#8211; La grille de d\u00e9part du Grand Prix d&rsquo;Arabie Saoudite 2025\",\"datePublished\":\"2025-04-19T18:11:46+00:00\",\"mainEntityOfPage\":{\"@id\":\"https:\/\/dicodusport.fr\/blog\/f1-la-grille-de-depart-du-grand-prix-d-arabie-saoudite-2025\/\"},\"wordCount\":323,\"commentCount\":0,\"publisher\":{\"@id\":\"https:\/\/dicodusport.fr\/blog\/#organization\"},\"image\":{\"@id\":\"https:\/\/dicodusport.fr\/blog\/f1-la-grille-de-depart-du-grand-prix-d-arabie-saoudite-2025\/#primaryimage\"},\"thumbnailUrl\":\"https:\/\/dicodusport.fr\/blog\/wp-content\/uploads\/2025\/04\/F1-La-grille-de-depart-du-Grand-Prix-dArabie-Saoudite-2025.png\",\"keywords\":[\"br\u00e8ve\",\"F1\",\"F1 Arabie Saoudite\",\"Formule 1\"],\"articleSection\":[\"Formule 1\"],\"inLanguage\":\"fr-FR\",\"potentialAction\":[{\"@type\":\"CommentAction\",\"name\":\"Comment\",\"target\":[\"https:\/\/dicodusport.fr\/blog\/f1-la-grille-de-depart-du-grand-prix-d-arabie-saoudite-2025\/#respond\"]}],\"copyrightYear\":\"2025\",\"copyrightHolder\":{\"@id\":\"https:\/\/dicodusport.fr\/blog\/#organization\"}},{\"@type\":\"WebPage\",\"@id\":\"https:\/\/dicodusport.fr\/blog\/f1-la-grille-de-depart-du-grand-prix-d-arabie-saoudite-2025\/\",\"url\":\"https:\/\/dicodusport.fr\/blog\/f1-la-grille-de-depart-du-grand-prix-d-arabie-saoudite-2025\/\",\"name\":\"F1 - La grille de d\u00e9part du Grand Prix d'Arabie Saoudite 2025\",\"isPartOf\":{\"@id\":\"https:\/\/dicodusport.fr\/blog\/#website\"},\"primaryImageOfPage\":{\"@id\":\"https:\/\/dicodusport.fr\/blog\/f1-la-grille-de-depart-du-grand-prix-d-arabie-saoudite-2025\/#primaryimage\"},\"image\":{\"@id\":\"https:\/\/dicodusport.fr\/blog\/f1-la-grille-de-depart-du-grand-prix-d-arabie-saoudite-2025\/#primaryimage\"},\"thumbnailUrl\":\"https:\/\/dicodusport.fr\/blog\/wp-content\/uploads\/2025\/04\/F1-La-grille-de-depart-du-Grand-Prix-dArabie-Saoudite-2025.png\",\"datePublished\":\"2025-04-19T18:11:46+00:00\",\"description\":\"D\u00e9couvrez la grille de d\u00e9part compl\u00e8te du Grand Prix d'Arabie Saoudite de F1 2025, apr\u00e8s les qualifications qui se sont d\u00e9roul\u00e9es ce samedi 19 avril.\",\"breadcrumb\":{\"@id\":\"https:\/\/dicodusport.fr\/blog\/f1-la-grille-de-depart-du-grand-prix-d-arabie-saoudite-2025\/#breadcrumb\"},\"inLanguage\":\"fr-FR\",\"potentialAction\":[{\"@type\":\"ReadAction\",\"target\":[\"https:\/\/dicodusport.fr\/blog\/f1-la-grille-de-depart-du-grand-prix-d-arabie-saoudite-2025\/\"]}]},{\"@type\":\"ImageObject\",\"inLanguage\":\"fr-FR\",\"@id\":\"https:\/\/dicodusport.fr\/blog\/f1-la-grille-de-depart-du-grand-prix-d-arabie-saoudite-2025\/#primaryimage\",\"url\":\"https:\/\/dicodusport.fr\/blog\/wp-content\/uploads\/2025\/04\/F1-La-grille-de-depart-du-Grand-Prix-dArabie-Saoudite-2025.png\",\"contentUrl\":\"https:\/\/dicodusport.fr\/blog\/wp-content\/uploads\/2025\/04\/F1-La-grille-de-depart-du-Grand-Prix-dArabie-Saoudite-2025.png\",\"width\":1200,\"height\":674,\"caption\":\"F1 - La grille de d\u00e9part du Grand Prix d'Arabie Saoudite 2025\"},{\"@type\":\"BreadcrumbList\",\"@id\":\"https:\/\/dicodusport.fr\/blog\/f1-la-grille-de-depart-du-grand-prix-d-arabie-saoudite-2025\/#breadcrumb\",\"itemListElement\":[{\"@type\":\"ListItem\",\"position\":1,\"name\":\"Accueil\",\"item\":\"https:\/\/dicodusport.fr\/blog\/\"},{\"@type\":\"ListItem\",\"position\":2,\"name\":\"F1 &#8211; La grille de d\u00e9part du Grand Prix d&rsquo;Arabie Saoudite 2025\"}]},{\"@type\":\"WebSite\",\"@id\":\"https:\/\/dicodusport.fr\/blog\/#website\",\"url\":\"https:\/\/dicodusport.fr\/blog\/\",\"name\":\"Dicodusport\",\"description\":\"L&#039;encyclop\u00e9die de l&#039;actualit\u00e9 sportive\",\"publisher\":{\"@id\":\"https:\/\/dicodusport.fr\/blog\/#organization\"},\"potentialAction\":[{\"@type\":\"SearchAction\",\"target\":{\"@type\":\"EntryPoint\",\"urlTemplate\":\"https:\/\/dicodusport.fr\/blog\/?s={search_term_string}\"},\"query-input\":{\"@type\":\"PropertyValueSpecification\",\"valueRequired\":true,\"valueName\":\"search_term_string\"}}],\"inLanguage\":\"fr-FR\"},{\"@type\":\"NewsMediaOrganization\",\"@id\":\"https:\/\/dicodusport.fr\/blog\/#organization\",\"name\":\"Dicodusport\",\"url\":\"https:\/\/dicodusport.fr\/blog\/\",\"logo\":{\"@type\":\"ImageObject\",\"inLanguage\":\"fr-FR\",\"@id\":\"https:\/\/dicodusport.fr\/blog\/#\/schema\/logo\/image\/\",\"url\":\"https:\/\/dicodusport.fr\/blog\/wp-content\/uploads\/2020\/06\/cropped-LOGO-DICODUSPORT-2020-SANS-FOND-SANS-TEXTE.png\",\"contentUrl\":\"https:\/\/dicodusport.fr\/blog\/wp-content\/uploads\/2020\/06\/cropped-LOGO-DICODUSPORT-2020-SANS-FOND-SANS-TEXTE.png\",\"width\":512,\"height\":512,\"caption\":\"Dicodusport\"},\"image\":{\"@id\":\"https:\/\/dicodusport.fr\/blog\/#\/schema\/logo\/image\/\"},\"sameAs\":[\"https:\/\/www.facebook.com\/dicodusport\",\"https:\/\/x.com\/dicodusport\",\"https:\/\/www.instagram.com\/dicodusport\/\",\"https:\/\/www.youtube.com\/channel\/UC7V2KZ5sd3htJivAbA4ZG3w\"],\"description\":\"Dicodusport est l'encyclop\u00e9die de l'actualit\u00e9 sportive.\",\"email\":\"bonjour@dicodusport.fr\",\"legalName\":\"DICODUSPORT\",\"foundingDate\":\"2018-01-14\",\"vatID\":\"FR71834470973\",\"taxID\":\"83447097300043\",\"numberOfEmployees\":{\"@type\":\"QuantitativeValue\",\"minValue\":\"1\",\"maxValue\":\"10\"}},{\"@type\":\"Person\",\"@id\":\"https:\/\/dicodusport.fr\/blog\/#\/schema\/person\/cb02af4c173ce4a653b55e9baf388d4a\",\"name\":\"Flo Ostermann\",\"image\":{\"@type\":\"ImageObject\",\"inLanguage\":\"fr-FR\",\"@id\":\"https:\/\/dicodusport.fr\/blog\/#\/schema\/person\/image\/\",\"url\":\"https:\/\/dicodusport.fr\/blog\/wp-content\/uploads\/2021\/05\/Flo-Ostermann-150x150.jpg\",\"contentUrl\":\"https:\/\/dicodusport.fr\/blog\/wp-content\/uploads\/2021\/05\/Flo-Ostermann-150x150.jpg\",\"caption\":\"Flo Ostermann\"},\"description\":\"Journaliste\/R\u00e9dacteur depuis septembre 2015 - Mes premiers souvenirs dans le sport ? Les envol\u00e9es du Stade Toulousain et les duels Villeneuve-Schumacher et H\u00e4kkinen-Schumacher \u00e0 la fin des ann\u00e9es 90, la Coupe du monde de football en 1998, l\u2019exploit du XV de France face aux All Blacks en 1999, mais aussi Richard C\u0153ur de Lion qui vole sur les montagnes du Tour de France. Bien parti pour devenir professeur d\u2019EPS, les \u00e9v\u00e9nements de la vie (et la flemme d\u2019animer des s\u00e9ances de 3x500 m\u00e8tres toute ma vie) m\u2019ont conduit \u00e0 revoir mes plans. Me voil\u00e0 depuis fin 2017 sur Dicodusport, m\u00e9dia gr\u00e2ce (et pour) lequel je partage ma passion : le sport dans tous ses \u00e9tats. Le tout accompagn\u00e9 par les fous furieux et folles furieuses cit\u00e9s sur cette page !\",\"sameAs\":[\"https:\/\/www.facebook.com\/florent.ostermann\",\"https:\/\/x.com\/https:\/\/twitter.com\/FlOstermann\",\"admin\"],\"url\":\"https:\/\/dicodusport.fr\/blog\/author\/flo\/\"}]}<\/script>\n<!-- \/ Yoast SEO Premium plugin. -->","yoast_head_json":{"title":"F1 - La grille de d\u00e9part du Grand Prix d'Arabie Saoudite 2025","description":"D\u00e9couvrez la grille de d\u00e9part compl\u00e8te du Grand Prix d'Arabie Saoudite de F1 2025, apr\u00e8s les qualifications qui se sont d\u00e9roul\u00e9es ce samedi 19 avril.","robots":{"index":"index","follow":"follow","max-snippet":"max-snippet:-1","max-image-preview":"max-image-preview:large","max-video-preview":"max-video-preview:-1"},"canonical":"https:\/\/dicodusport.fr\/blog\/f1-la-grille-de-depart-du-grand-prix-d-arabie-saoudite-2025\/","og_locale":"fr_FR","og_type":"article","og_title":"F1 - La grille de d\u00e9part du Grand Prix d'Arabie Saoudite 2025","og_description":"D\u00e9couvrez la grille de d\u00e9part compl\u00e8te du Grand Prix d'Arabie Saoudite de F1 2025, apr\u00e8s les qualifications qui se sont d\u00e9roul\u00e9es ce samedi 19 avril.","og_url":"https:\/\/dicodusport.fr\/blog\/f1-la-grille-de-depart-du-grand-prix-d-arabie-saoudite-2025\/","og_site_name":"Dicodusport","article_publisher":"https:\/\/www.facebook.com\/dicodusport","article_author":"https:\/\/www.facebook.com\/florent.ostermann","article_published_time":"2025-04-19T18:11:46+00:00","og_image":[{"width":1200,"height":674,"url":"https:\/\/dicodusport.fr\/blog\/wp-content\/uploads\/2025\/04\/F1-La-grille-de-depart-du-Grand-Prix-dArabie-Saoudite-2025.png","type":"image\/png"}],"author":"Flo Ostermann","twitter_card":"summary_large_image","twitter_title":"F1 - La grille de d\u00e9part du Grand Prix d'Arabie Saoudite 2025","twitter_creator":"@https:\/\/twitter.com\/FlOstermann","twitter_site":"@dicodusport","schema":{"@context":"https:\/\/schema.org","@graph":[{"@type":"NewsArticle","@id":"https:\/\/dicodusport.fr\/blog\/f1-la-grille-de-depart-du-grand-prix-d-arabie-saoudite-2025\/#article","isPartOf":{"@id":"https:\/\/dicodusport.fr\/blog\/f1-la-grille-de-depart-du-grand-prix-d-arabie-saoudite-2025\/"},"author":{"name":"Flo Ostermann","@id":"https:\/\/dicodusport.fr\/blog\/#\/schema\/person\/cb02af4c173ce4a653b55e9baf388d4a"},"headline":"F1 &#8211; La grille de d\u00e9part du Grand Prix d&rsquo;Arabie Saoudite 2025","datePublished":"2025-04-19T18:11:46+00:00","mainEntityOfPage":{"@id":"https:\/\/dicodusport.fr\/blog\/f1-la-grille-de-depart-du-grand-prix-d-arabie-saoudite-2025\/"},"wordCount":323,"commentCount":0,"publisher":{"@id":"https:\/\/dicodusport.fr\/blog\/#organization"},"image":{"@id":"https:\/\/dicodusport.fr\/blog\/f1-la-grille-de-depart-du-grand-prix-d-arabie-saoudite-2025\/#primaryimage"},"thumbnailUrl":"https:\/\/dicodusport.fr\/blog\/wp-content\/uploads\/2025\/04\/F1-La-grille-de-depart-du-Grand-Prix-dArabie-Saoudite-2025.png","keywords":["br\u00e8ve","F1","F1 Arabie Saoudite","Formule 1"],"articleSection":["Formule 1"],"inLanguage":"fr-FR","potentialAction":[{"@type":"CommentAction","name":"Comment","target":["https:\/\/dicodusport.fr\/blog\/f1-la-grille-de-depart-du-grand-prix-d-arabie-saoudite-2025\/#respond"]}],"copyrightYear":"2025","copyrightHolder":{"@id":"https:\/\/dicodusport.fr\/blog\/#organization"}},{"@type":"WebPage","@id":"https:\/\/dicodusport.fr\/blog\/f1-la-grille-de-depart-du-grand-prix-d-arabie-saoudite-2025\/","url":"https:\/\/dicodusport.fr\/blog\/f1-la-grille-de-depart-du-grand-prix-d-arabie-saoudite-2025\/","name":"F1 - La grille de d\u00e9part du Grand Prix d'Arabie Saoudite 2025","isPartOf":{"@id":"https:\/\/dicodusport.fr\/blog\/#website"},"primaryImageOfPage":{"@id":"https:\/\/dicodusport.fr\/blog\/f1-la-grille-de-depart-du-grand-prix-d-arabie-saoudite-2025\/#primaryimage"},"image":{"@id":"https:\/\/dicodusport.fr\/blog\/f1-la-grille-de-depart-du-grand-prix-d-arabie-saoudite-2025\/#primaryimage"},"thumbnailUrl":"https:\/\/dicodusport.fr\/blog\/wp-content\/uploads\/2025\/04\/F1-La-grille-de-depart-du-Grand-Prix-dArabie-Saoudite-2025.png","datePublished":"2025-04-19T18:11:46+00:00","description":"D\u00e9couvrez la grille de d\u00e9part compl\u00e8te du Grand Prix d'Arabie Saoudite de F1 2025, apr\u00e8s les qualifications qui se sont d\u00e9roul\u00e9es ce samedi 19 avril.","breadcrumb":{"@id":"https:\/\/dicodusport.fr\/blog\/f1-la-grille-de-depart-du-grand-prix-d-arabie-saoudite-2025\/#breadcrumb"},"inLanguage":"fr-FR","potentialAction":[{"@type":"ReadAction","target":["https:\/\/dicodusport.fr\/blog\/f1-la-grille-de-depart-du-grand-prix-d-arabie-saoudite-2025\/"]}]},{"@type":"ImageObject","inLanguage":"fr-FR","@id":"https:\/\/dicodusport.fr\/blog\/f1-la-grille-de-depart-du-grand-prix-d-arabie-saoudite-2025\/#primaryimage","url":"https:\/\/dicodusport.fr\/blog\/wp-content\/uploads\/2025\/04\/F1-La-grille-de-depart-du-Grand-Prix-dArabie-Saoudite-2025.png","contentUrl":"https:\/\/dicodusport.fr\/blog\/wp-content\/uploads\/2025\/04\/F1-La-grille-de-depart-du-Grand-Prix-dArabie-Saoudite-2025.png","width":1200,"height":674,"caption":"F1 - La grille de d\u00e9part du Grand Prix d'Arabie Saoudite 2025"},{"@type":"BreadcrumbList","@id":"https:\/\/dicodusport.fr\/blog\/f1-la-grille-de-depart-du-grand-prix-d-arabie-saoudite-2025\/#breadcrumb","itemListElement":[{"@type":"ListItem","position":1,"name":"Accueil","item":"https:\/\/dicodusport.fr\/blog\/"},{"@type":"ListItem","position":2,"name":"F1 &#8211; La grille de d\u00e9part du Grand Prix d&rsquo;Arabie Saoudite 2025"}]},{"@type":"WebSite","@id":"https:\/\/dicodusport.fr\/blog\/#website","url":"https:\/\/dicodusport.fr\/blog\/","name":"Dicodusport","description":"L&#039;encyclop\u00e9die de l&#039;actualit\u00e9 sportive","publisher":{"@id":"https:\/\/dicodusport.fr\/blog\/#organization"},"potentialAction":[{"@type":"SearchAction","target":{"@type":"EntryPoint","urlTemplate":"https:\/\/dicodusport.fr\/blog\/?s={search_term_string}"},"query-input":{"@type":"PropertyValueSpecification","valueRequired":true,"valueName":"search_term_string"}}],"inLanguage":"fr-FR"},{"@type":"NewsMediaOrganization","@id":"https:\/\/dicodusport.fr\/blog\/#organization","name":"Dicodusport","url":"https:\/\/dicodusport.fr\/blog\/","logo":{"@type":"ImageObject","inLanguage":"fr-FR","@id":"https:\/\/dicodusport.fr\/blog\/#\/schema\/logo\/image\/","url":"https:\/\/dicodusport.fr\/blog\/wp-content\/uploads\/2020\/06\/cropped-LOGO-DICODUSPORT-2020-SANS-FOND-SANS-TEXTE.png","contentUrl":"https:\/\/dicodusport.fr\/blog\/wp-content\/uploads\/2020\/06\/cropped-LOGO-DICODUSPORT-2020-SANS-FOND-SANS-TEXTE.png","width":512,"height":512,"caption":"Dicodusport"},"image":{"@id":"https:\/\/dicodusport.fr\/blog\/#\/schema\/logo\/image\/"},"sameAs":["https:\/\/www.facebook.com\/dicodusport","https:\/\/x.com\/dicodusport","https:\/\/www.instagram.com\/dicodusport\/","https:\/\/www.youtube.com\/channel\/UC7V2KZ5sd3htJivAbA4ZG3w"],"description":"Dicodusport est l'encyclop\u00e9die de l'actualit\u00e9 sportive.","email":"bonjour@dicodusport.fr","legalName":"DICODUSPORT","foundingDate":"2018-01-14","vatID":"FR71834470973","taxID":"83447097300043","numberOfEmployees":{"@type":"QuantitativeValue","minValue":"1","maxValue":"10"}},{"@type":"Person","@id":"https:\/\/dicodusport.fr\/blog\/#\/schema\/person\/cb02af4c173ce4a653b55e9baf388d4a","name":"Flo Ostermann","image":{"@type":"ImageObject","inLanguage":"fr-FR","@id":"https:\/\/dicodusport.fr\/blog\/#\/schema\/person\/image\/","url":"https:\/\/dicodusport.fr\/blog\/wp-content\/uploads\/2021\/05\/Flo-Ostermann-150x150.jpg","contentUrl":"https:\/\/dicodusport.fr\/blog\/wp-content\/uploads\/2021\/05\/Flo-Ostermann-150x150.jpg","caption":"Flo Ostermann"},"description":"Journaliste\/R\u00e9dacteur depuis septembre 2015 - Mes premiers souvenirs dans le sport ? Les envol\u00e9es du Stade Toulousain et les duels Villeneuve-Schumacher et H\u00e4kkinen-Schumacher \u00e0 la fin des ann\u00e9es 90, la Coupe du monde de football en 1998, l\u2019exploit du XV de France face aux All Blacks en 1999, mais aussi Richard C\u0153ur de Lion qui vole sur les montagnes du Tour de France. Bien parti pour devenir professeur d\u2019EPS, les \u00e9v\u00e9nements de la vie (et la flemme d\u2019animer des s\u00e9ances de 3x500 m\u00e8tres toute ma vie) m\u2019ont conduit \u00e0 revoir mes plans. Me voil\u00e0 depuis fin 2017 sur Dicodusport, m\u00e9dia gr\u00e2ce (et pour) lequel je partage ma passion : le sport dans tous ses \u00e9tats. Le tout accompagn\u00e9 par les fous furieux et folles furieuses cit\u00e9s sur cette page !","sameAs":["https:\/\/www.facebook.com\/florent.ostermann","https:\/\/x.com\/https:\/\/twitter.com\/FlOstermann","admin"],"url":"https:\/\/dicodusport.fr\/blog\/author\/flo\/"}]}},"_links":{"self":[{"href":"https:\/\/dicodusport.fr\/blog\/wp-json\/wp\/v2\/posts\/573409","targetHints":{"allow":["GET"]}}],"collection":[{"href":"https:\/\/dicodusport.fr\/blog\/wp-json\/wp\/v2\/posts"}],"about":[{"href":"https:\/\/dicodusport.fr\/blog\/wp-json\/wp\/v2\/types\/post"}],"author":[{"embeddable":true,"href":"https:\/\/dicodusport.fr\/blog\/wp-json\/wp\/v2\/users\/4"}],"replies":[{"embeddable":true,"href":"https:\/\/dicodusport.fr\/blog\/wp-json\/wp\/v2\/comments?post=573409"}],"version-history":[{"count":5,"href":"https:\/\/dicodusport.fr\/blog\/wp-json\/wp\/v2\/posts\/573409\/revisions"}],"predecessor-version":[{"id":573558,"href":"https:\/\/dicodusport.fr\/blog\/wp-json\/wp\/v2\/posts\/573409\/revisions\/573558"}],"wp:featuredmedia":[{"embeddable":true,"href":"https:\/\/dicodusport.fr\/blog\/wp-json\/wp\/v2\/media\/573421"}],"wp:attachment":[{"href":"https:\/\/dicodusport.fr\/blog\/wp-json\/wp\/v2\/media?parent=573409"}],"wp:term":[{"taxonomy":"category","embeddable":true,"href":"https:\/\/dicodusport.fr\/blog\/wp-json\/wp\/v2\/categories?post=573409"},{"taxonomy":"post_tag","embeddable":true,"href":"https:\/\/dicodusport.fr\/blog\/wp-json\/wp\/v2\/tags?post=573409"}],"curies":[{"name":"wp","href":"https:\/\/api.w.org\/{rel}","templated":true}]}}