{"id":57357,"date":"2020-01-19T18:58:16","date_gmt":"2020-01-19T17:58:16","guid":{"rendered":"http:\/\/dicodusport.fr\/blog\/?p=57357"},"modified":"2020-01-19T18:58:16","modified_gmt":"2020-01-19T17:58:16","slug":"programme-francais-lundi-open-australie","status":"publish","type":"post","link":"https:\/\/dicodusport.fr\/blog\/programme-francais-lundi-open-australie\/","title":{"rendered":"Le programme des Fran\u00e7ais ce lundi \u00e0 l&rsquo;Open d&rsquo;Australie"},"content":{"rendered":"<p style=\"text-align: justify;\"><strong><em>Cette semaine, place au premier Grand Chelem de l\u2019ann\u00e9e avec l\u2019<a href=\"https:\/\/ausopen.com\/schedule#!13851\" target=\"_blank\" rel=\"noopener\">Open d\u2019Australie<\/a>. Pour ce premier tour, tour d\u2019horizon du programme de nos Fran\u00e7ais pour cette premi\u00e8re nuit (en heure Fran\u00e7aise). <\/em><\/strong><\/p>\n<h2 style=\"text-align: justify;\">Le programme des Fran\u00e7ais pour le 1<sup>er<\/sup> Tour de l\u2019Open d\u2019Australie (dans la nuit de Dimanche \u00e0 Lundi)<\/h2>\n<p style=\"text-align: justify;\">Pour ce premier jour de l\u2019Open d\u2019Australie, pas moins de huit joueurs et joueuses tricolores seront au programme de ce rendez-vous Australien. Cependant, aucun d\u2019entre eux n\u2019est programm\u00e9 sur les grands courts. De belles rencontres nous attendent tout de m\u00eame dans la nuit de dimanche \u00e0 lundi.<\/p>\n<h3 style=\"text-align: justify;\">Le programme des Hommes<\/h3>\n<p style=\"text-align: justify;\">A partir de 1h du matin (heure Fran\u00e7aise), pour entamer cette nouvelle \u00e9dition de l\u2019Open d\u2019Australie, le rendez-vous est pris sur le Court 10 avec <strong>Gr\u00e9goire Barr\u00e8re<\/strong> (oppos\u00e9 \u00e0 Mohamed Safwat, l\u2019Egyptien sorti des qualifications).<\/p>\n<p style=\"text-align: justify;\">C\u2019est au petit matin (pas avant 6h en heure Fran\u00e7aise) qu\u2019<strong>Ugo Humbert <\/strong>fera son entr\u00e9e dans cet Open d\u2019Australie sur le Court 3. La rencontre s\u2019annonce accroch\u00e9e puisqu\u2019il devra se d\u00e9faire du local John Millman, qui aura le soutien de tout un peuple sur ce Court 3. C\u2019est sur un autre court annexe, le Court 5, que <strong>Corentin Moutet<\/strong> aura lui fort \u00e0 faire face au Croate Marin Cilic. Le Fran\u00e7ais devra attendre pour connaitre son horaire de match puisqu\u2019il est programm\u00e9 en troisi\u00e8me rencontre de ce Court 5.<\/p>\n<blockquote class=\"twitter-tweet\">\n<p dir=\"ltr\" lang=\"fr\">D\u00e9but de l&rsquo;<a href=\"https:\/\/twitter.com\/AustralianOpen?ref_src=twsrc%5Etfw\">@AustralianOpen<\/a> 2020 ce lundi avec 8 &#x1f1eb;&#x1f1f7; sur les courts ! <a href=\"https:\/\/twitter.com\/GregBarrere?ref_src=twsrc%5Etfw\">@GregBarrere<\/a> <a href=\"https:\/\/twitter.com\/moutet99?ref_src=twsrc%5Etfw\">@moutet99<\/a> <a href=\"https:\/\/twitter.com\/CaroGarcia?ref_src=twsrc%5Etfw\">@CaroGarcia<\/a> <a href=\"https:\/\/twitter.com\/fioferro?ref_src=twsrc%5Etfw\">@fioferro<\/a> <a href=\"https:\/\/twitter.com\/ppauline86?ref_src=twsrc%5Etfw\">@ppauline86<\/a> <a href=\"https:\/\/twitter.com\/QuentinHalys?ref_src=twsrc%5Etfw\">@QuentinHalys<\/a> <a href=\"https:\/\/twitter.com\/benoitpaire?ref_src=twsrc%5Etfw\">@benoitpaire<\/a> <a href=\"https:\/\/twitter.com\/HumbertUgo?ref_src=twsrc%5Etfw\">@HumbertUgo<\/a> <a href=\"https:\/\/twitter.com\/hashtag\/allezlesBleus?src=hash&amp;ref_src=twsrc%5Etfw\">#allezlesBleus<\/a> <a href=\"https:\/\/t.co\/HX8PlTbAee\">pic.twitter.com\/HX8PlTbAee<\/a><\/p>\n<p>\u2014 FFT (@FFTennis) <a href=\"https:\/\/twitter.com\/FFTennis\/status\/1218808892865384449?ref_src=twsrc%5Etfw\">January 19, 2020<\/a><\/p><\/blockquote>\n<p><script async src=\"https:\/\/platform.twitter.com\/widgets.js\" charset=\"utf-8\"><\/script><\/p>\n<p style=\"text-align: justify;\">Le Court 22 aura un petit accent Fran\u00e7ais pour cette premi\u00e8re journ\u00e9e de l\u2019Open d\u2019Australie puisque deux joueurs tricolores fouleront ce court. C\u2019est d\u2019abord <strong>Quentin Halys<\/strong>, sorti des qualifications, qui affrontera le Serbe Filip Krajinovic en troisi\u00e8me rencontre sur ce court. Puis, pas avant 6h du matin (heure Fran\u00e7aise), c\u2019est la t\u00eate de s\u00e9rie num\u00e9ro 21 de ce tournoi homme qui fera ses d\u00e9buts, \u00e0 savoir <strong>Beno\u00eet Paire.<\/strong>\u00a0Il affrontera Cedrik Marcel Stebe.<\/p>\n<ul>\n<li style=\"text-align: justify;\"><a href=\"https:\/\/dicodusport.fr\/blog\/open-australie-2020-le-tableau-hommes\/\" target=\"_blank\" rel=\"noopener\"><strong>Le tableau hommes de l&rsquo;Open d&rsquo;Australie<\/strong><\/a><\/li>\n<\/ul>\n<h3 style=\"text-align: justify;\">Le programme des dames<\/h3>\n<p style=\"text-align: justify;\">C\u2019est en milieu de journ\u00e9e (heure locale), que <strong>Caroline Garcia<\/strong> tentera de lancer parfaitement son premier grand rendez-vous de l\u2019ann\u00e9e et retrouver de la confiance. Pour cela, elle sera confront\u00e9e \u00e0 Madison Brengle, en troisi\u00e8me rencontre du Court 12.<\/p>\n<blockquote class=\"twitter-tweet\">\n<p dir=\"ltr\" lang=\"fr\">D\u00e9but de l&rsquo;<a href=\"https:\/\/twitter.com\/AustralianOpen?ref_src=twsrc%5Etfw\">@AustralianOpen<\/a> 2020 ce lundi avec 8 &#x1f1eb;&#x1f1f7; sur les courts ! <a href=\"https:\/\/twitter.com\/GregBarrere?ref_src=twsrc%5Etfw\">@GregBarrere<\/a> <a href=\"https:\/\/twitter.com\/moutet99?ref_src=twsrc%5Etfw\">@moutet99<\/a> <a href=\"https:\/\/twitter.com\/CaroGarcia?ref_src=twsrc%5Etfw\">@CaroGarcia<\/a> <a href=\"https:\/\/twitter.com\/fioferro?ref_src=twsrc%5Etfw\">@fioferro<\/a> <a href=\"https:\/\/twitter.com\/ppauline86?ref_src=twsrc%5Etfw\">@ppauline86<\/a> <a href=\"https:\/\/twitter.com\/QuentinHalys?ref_src=twsrc%5Etfw\">@QuentinHalys<\/a> <a href=\"https:\/\/twitter.com\/benoitpaire?ref_src=twsrc%5Etfw\">@benoitpaire<\/a> <a href=\"https:\/\/twitter.com\/HumbertUgo?ref_src=twsrc%5Etfw\">@HumbertUgo<\/a> <a href=\"https:\/\/twitter.com\/hashtag\/allezlesBleus?src=hash&amp;ref_src=twsrc%5Etfw\">#allezlesBleus<\/a> <a href=\"https:\/\/t.co\/HX8PlTbAee\">pic.twitter.com\/HX8PlTbAee<\/a><\/p>\n<p>\u2014 FFT (@FFTennis) <a href=\"https:\/\/twitter.com\/FFTennis\/status\/1218808892865384449?ref_src=twsrc%5Etfw\">January 19, 2020<\/a><\/p><\/blockquote>\n<p><script async src=\"https:\/\/platform.twitter.com\/widgets.js\" charset=\"utf-8\"><\/script><\/p>\n<p style=\"text-align: justify;\">C\u2019est en troisi\u00e8me rencontre \u00e9galement, mais sur le Court 14, que <strong>Fiona Ferro<\/strong>\u00a0sera en lice. Elle affrontera alors la Belge Alison Van Uytvanck. Une confrontation \u00e0 la port\u00e9e de Fiona Ferro pour tenter de confirmer ses belles promesses.<\/p>\n<p style=\"text-align: justify;\">Troisi\u00e8me et derni\u00e8re Fran\u00e7aise au programme de cette premi\u00e8re journ\u00e9e de l\u2019Open d\u2019Australie, <strong>Pauline Parmentier.<\/strong>\u00a0Invit\u00e9e par les organisateurs, elle devra se d\u00e9faire de la Chinoise Qiang Wang. Elle sera t\u00eate de s\u00e9rie num\u00e9ro 27 de ce premier Grand Chelem de l\u2019ann\u00e9e.<\/p>\n<ul>\n<li style=\"text-align: justify;\"><a href=\"https:\/\/dicodusport.fr\/blog\/open-australie-2020-le-tableau-dames\/\" target=\"_blank\" rel=\"noopener\"><strong>Le tableau dames de l&rsquo;Open d&rsquo;Australie<\/strong><\/a><\/li>\n<\/ul>\n<p><strong><em>Bastien Pitte<br \/>\n<a href=\"https:\/\/www.facebook.com\/bastien.pitte\" target=\"_blank\" rel=\"noopener\"><img loading=\"lazy\" decoding=\"async\" class=\"alignnone wp-image-2909\" src=\"http:\/\/dicodusport.fr\/blog\/wp-content\/uploads\/2017\/07\/logo-facebook-150x150.png\" alt=\"\" width=\"39\" height=\"39\" \/><\/a><\/em><\/strong><a href=\"https:\/\/www.linkedin.com\/in\/bastien-pitte\" target=\"_blank\" rel=\"noopener\"><img loading=\"lazy\" decoding=\"async\" class=\"alignnone wp-image-3711\" src=\"http:\/\/dicodusport.fr\/blog\/wp-content\/uploads\/2017\/08\/signature-linkedin-150x150.png\" alt=\"\" width=\"39\" height=\"39\" srcset=\"https:\/\/dicodusport.fr\/blog\/wp-content\/uploads\/2017\/08\/signature-linkedin-150x150.png 150w, https:\/\/dicodusport.fr\/blog\/wp-content\/uploads\/2017\/08\/signature-linkedin.png 295w\" sizes=\"auto, (max-width: 39px) 100vw, 39px\" \/><\/a><\/p>\n","protected":false},"excerpt":{"rendered":"<p>Cette semaine, place au premier Grand Chelem de l\u2019ann\u00e9e avec l\u2019Open d\u2019Australie. Pour ce premier tour, tour d\u2019horizon du programme de nos Fran\u00e7ais pour cette premi\u00e8re nuit (en heure fran\u00e7aise).<\/p>\n","protected":false},"author":28,"featured_media":57409,"comment_status":"open","ping_status":"closed","sticky":false,"template":"","format":"standard","meta":{"_acf_changed":false,"_daextam_enable_autolinks":"","footnotes":""},"categories":[2302],"tags":[5942,2000,2370,7937,8897,3226,3759,2477,4792,6520],"class_list":["post-57357","post","type-post","status-publish","format-standard","has-post-thumbnail","hentry","category-tennis","tag-benoit-paire","tag-caroline-garcia","tag-corentin-moutet","tag-fiona-ferro","tag-gregoire-barrere","tag-open-daustralie","tag-pauline-parmentier","tag-quentin-halys","tag-tennis-francais","tag-ugo-humbert"],"acf":[],"yoast_head":"<!-- This site is optimized with the Yoast SEO Premium plugin v26.7 (Yoast SEO v26.7) - https:\/\/yoast.com\/wordpress\/plugins\/seo\/ -->\n<title>Le programme des Fran\u00e7ais ce lundi \u00e0 l&#039;Open d&#039;Australie<\/title>\n<meta name=\"description\" content=\"Place au premier Grand Chelem de l\u2019ann\u00e9e avec l\u2019Open d\u2019Australie. Tour d\u2019horizon du programme de nos Fran\u00e7ais pour cette premi\u00e8re nuit (heure fran\u00e7aise).\" \/>\n<meta name=\"robots\" content=\"index, follow, max-snippet:-1, max-image-preview:large, max-video-preview:-1\" \/>\n<link rel=\"canonical\" href=\"https:\/\/dicodusport.fr\/blog\/programme-francais-lundi-open-australie\/\" \/>\n<meta property=\"og:locale\" content=\"fr_FR\" \/>\n<meta property=\"og:type\" content=\"article\" \/>\n<meta property=\"og:title\" content=\"Le programme des Fran\u00e7ais ce lundi \u00e0 l&#039;Open d&#039;Australie\" \/>\n<meta property=\"og:description\" content=\"Place au premier Grand Chelem de l\u2019ann\u00e9e avec l\u2019Open d\u2019Australie. Tour d\u2019horizon du programme de nos Fran\u00e7ais pour cette premi\u00e8re nuit (heure fran\u00e7aise).\" \/>\n<meta property=\"og:url\" content=\"https:\/\/dicodusport.fr\/blog\/programme-francais-lundi-open-australie\/\" \/>\n<meta property=\"og:site_name\" content=\"Dicodusport\" \/>\n<meta property=\"article:publisher\" content=\"https:\/\/www.facebook.com\/dicodusport\" \/>\n<meta property=\"article:published_time\" content=\"2020-01-19T17:58:16+00:00\" \/>\n<meta property=\"og:image\" content=\"https:\/\/dicodusport.fr\/blog\/wp-content\/uploads\/2020\/01\/Le-programme-des-Fran\u00e7ais-ce-lundi-\u00e0-lOpen-dAustralie.png\" \/>\n\t<meta property=\"og:image:width\" content=\"800\" \/>\n\t<meta property=\"og:image:height\" content=\"445\" \/>\n\t<meta property=\"og:image:type\" content=\"image\/png\" \/>\n<meta name=\"author\" content=\"Bastien Pitte\" \/>\n<meta name=\"twitter:card\" content=\"summary_large_image\" \/>\n<meta name=\"twitter:title\" content=\"Le programme des Fran\u00e7ais ce lundi \u00e0 l&#039;Open d&#039;Australie\" \/>\n<meta name=\"twitter:creator\" content=\"@dicodusport\" \/>\n<meta name=\"twitter:site\" content=\"@dicodusport\" \/>\n<script type=\"application\/ld+json\" class=\"yoast-schema-graph\">{\"@context\":\"https:\/\/schema.org\",\"@graph\":[{\"@type\":\"NewsArticle\",\"@id\":\"https:\/\/dicodusport.fr\/blog\/programme-francais-lundi-open-australie\/#article\",\"isPartOf\":{\"@id\":\"https:\/\/dicodusport.fr\/blog\/programme-francais-lundi-open-australie\/\"},\"author\":{\"name\":\"Bastien Pitte\",\"@id\":\"https:\/\/dicodusport.fr\/blog\/#\/schema\/person\/0d3ca824646a2d0c77bdd7e45230c071\"},\"headline\":\"Le programme des Fran\u00e7ais ce lundi \u00e0 l&rsquo;Open d&rsquo;Australie\",\"datePublished\":\"2020-01-19T17:58:16+00:00\",\"mainEntityOfPage\":{\"@id\":\"https:\/\/dicodusport.fr\/blog\/programme-francais-lundi-open-australie\/\"},\"wordCount\":573,\"commentCount\":0,\"publisher\":{\"@id\":\"https:\/\/dicodusport.fr\/blog\/#organization\"},\"image\":{\"@id\":\"https:\/\/dicodusport.fr\/blog\/programme-francais-lundi-open-australie\/#primaryimage\"},\"thumbnailUrl\":\"https:\/\/dicodusport.fr\/blog\/wp-content\/uploads\/2020\/01\/Le-programme-des-Fran\u00e7ais-ce-lundi-\u00e0-lOpen-dAustralie.png\",\"keywords\":[\"Beno\u00eet Paire\",\"Caroline Garcia\",\"Corentin Moutet\",\"Fiona Ferro\",\"Gr\u00e9goire Barr\u00e8re\",\"Open d'Australie\",\"Pauline Parmentier\",\"Quentin Halys\",\"Tennis fran\u00e7ais\",\"Ugo Humbert\"],\"articleSection\":[\"Tennis\"],\"inLanguage\":\"fr-FR\",\"potentialAction\":[{\"@type\":\"CommentAction\",\"name\":\"Comment\",\"target\":[\"https:\/\/dicodusport.fr\/blog\/programme-francais-lundi-open-australie\/#respond\"]}],\"copyrightYear\":\"2020\",\"copyrightHolder\":{\"@id\":\"https:\/\/dicodusport.fr\/blog\/#organization\"}},{\"@type\":\"WebPage\",\"@id\":\"https:\/\/dicodusport.fr\/blog\/programme-francais-lundi-open-australie\/\",\"url\":\"https:\/\/dicodusport.fr\/blog\/programme-francais-lundi-open-australie\/\",\"name\":\"Le programme des Fran\u00e7ais ce lundi \u00e0 l'Open d'Australie\",\"isPartOf\":{\"@id\":\"https:\/\/dicodusport.fr\/blog\/#website\"},\"primaryImageOfPage\":{\"@id\":\"https:\/\/dicodusport.fr\/blog\/programme-francais-lundi-open-australie\/#primaryimage\"},\"image\":{\"@id\":\"https:\/\/dicodusport.fr\/blog\/programme-francais-lundi-open-australie\/#primaryimage\"},\"thumbnailUrl\":\"https:\/\/dicodusport.fr\/blog\/wp-content\/uploads\/2020\/01\/Le-programme-des-Fran\u00e7ais-ce-lundi-\u00e0-lOpen-dAustralie.png\",\"datePublished\":\"2020-01-19T17:58:16+00:00\",\"description\":\"Place au premier Grand Chelem de l\u2019ann\u00e9e avec l\u2019Open d\u2019Australie. Tour d\u2019horizon du programme de nos Fran\u00e7ais pour cette premi\u00e8re nuit (heure fran\u00e7aise).\",\"breadcrumb\":{\"@id\":\"https:\/\/dicodusport.fr\/blog\/programme-francais-lundi-open-australie\/#breadcrumb\"},\"inLanguage\":\"fr-FR\",\"potentialAction\":[{\"@type\":\"ReadAction\",\"target\":[\"https:\/\/dicodusport.fr\/blog\/programme-francais-lundi-open-australie\/\"]}]},{\"@type\":\"ImageObject\",\"inLanguage\":\"fr-FR\",\"@id\":\"https:\/\/dicodusport.fr\/blog\/programme-francais-lundi-open-australie\/#primaryimage\",\"url\":\"https:\/\/dicodusport.fr\/blog\/wp-content\/uploads\/2020\/01\/Le-programme-des-Fran\u00e7ais-ce-lundi-\u00e0-lOpen-dAustralie.png\",\"contentUrl\":\"https:\/\/dicodusport.fr\/blog\/wp-content\/uploads\/2020\/01\/Le-programme-des-Fran\u00e7ais-ce-lundi-\u00e0-lOpen-dAustralie.png\",\"width\":800,\"height\":445,\"caption\":\"Le programme des Fran\u00e7ais ce lundi \u00e0 l'Open d'Australie\"},{\"@type\":\"BreadcrumbList\",\"@id\":\"https:\/\/dicodusport.fr\/blog\/programme-francais-lundi-open-australie\/#breadcrumb\",\"itemListElement\":[{\"@type\":\"ListItem\",\"position\":1,\"name\":\"Accueil\",\"item\":\"https:\/\/dicodusport.fr\/blog\/\"},{\"@type\":\"ListItem\",\"position\":2,\"name\":\"Le programme des Fran\u00e7ais ce lundi \u00e0 l&rsquo;Open d&rsquo;Australie\"}]},{\"@type\":\"WebSite\",\"@id\":\"https:\/\/dicodusport.fr\/blog\/#website\",\"url\":\"https:\/\/dicodusport.fr\/blog\/\",\"name\":\"Dicodusport\",\"description\":\"L&#039;encyclop\u00e9die de l&#039;actualit\u00e9 sportive\",\"publisher\":{\"@id\":\"https:\/\/dicodusport.fr\/blog\/#organization\"},\"potentialAction\":[{\"@type\":\"SearchAction\",\"target\":{\"@type\":\"EntryPoint\",\"urlTemplate\":\"https:\/\/dicodusport.fr\/blog\/?s={search_term_string}\"},\"query-input\":{\"@type\":\"PropertyValueSpecification\",\"valueRequired\":true,\"valueName\":\"search_term_string\"}}],\"inLanguage\":\"fr-FR\"},{\"@type\":\"NewsMediaOrganization\",\"@id\":\"https:\/\/dicodusport.fr\/blog\/#organization\",\"name\":\"Dicodusport\",\"url\":\"https:\/\/dicodusport.fr\/blog\/\",\"logo\":{\"@type\":\"ImageObject\",\"inLanguage\":\"fr-FR\",\"@id\":\"https:\/\/dicodusport.fr\/blog\/#\/schema\/logo\/image\/\",\"url\":\"https:\/\/dicodusport.fr\/blog\/wp-content\/uploads\/2020\/06\/cropped-LOGO-DICODUSPORT-2020-SANS-FOND-SANS-TEXTE.png\",\"contentUrl\":\"https:\/\/dicodusport.fr\/blog\/wp-content\/uploads\/2020\/06\/cropped-LOGO-DICODUSPORT-2020-SANS-FOND-SANS-TEXTE.png\",\"width\":512,\"height\":512,\"caption\":\"Dicodusport\"},\"image\":{\"@id\":\"https:\/\/dicodusport.fr\/blog\/#\/schema\/logo\/image\/\"},\"sameAs\":[\"https:\/\/www.facebook.com\/dicodusport\",\"https:\/\/x.com\/dicodusport\",\"https:\/\/www.instagram.com\/dicodusport\/\",\"https:\/\/www.youtube.com\/channel\/UC7V2KZ5sd3htJivAbA4ZG3w\"],\"description\":\"Dicodusport est l'encyclop\u00e9die de l'actualit\u00e9 sportive.\",\"email\":\"bonjour@dicodusport.fr\",\"legalName\":\"DICODUSPORT\",\"foundingDate\":\"2018-01-14\",\"vatID\":\"FR71834470973\",\"taxID\":\"83447097300043\",\"numberOfEmployees\":{\"@type\":\"QuantitativeValue\",\"minValue\":\"1\",\"maxValue\":\"10\"}},{\"@type\":\"Person\",\"@id\":\"https:\/\/dicodusport.fr\/blog\/#\/schema\/person\/0d3ca824646a2d0c77bdd7e45230c071\",\"name\":\"Bastien Pitte\",\"image\":{\"@type\":\"ImageObject\",\"inLanguage\":\"fr-FR\",\"@id\":\"https:\/\/dicodusport.fr\/blog\/#\/schema\/person\/image\/\",\"url\":\"https:\/\/dicodusport.fr\/blog\/wp-content\/uploads\/2020\/06\/cropped-LOGO-DICODUSPORT-2020-SANS-FOND-SANS-TEXTE-150x150.png\",\"contentUrl\":\"https:\/\/dicodusport.fr\/blog\/wp-content\/uploads\/2020\/06\/cropped-LOGO-DICODUSPORT-2020-SANS-FOND-SANS-TEXTE-150x150.png\",\"caption\":\"Bastien Pitte\"},\"url\":\"https:\/\/dicodusport.fr\/blog\/author\/bastien\/\"}]}<\/script>\n<!-- \/ Yoast SEO Premium plugin. -->","yoast_head_json":{"title":"Le programme des Fran\u00e7ais ce lundi \u00e0 l'Open d'Australie","description":"Place au premier Grand Chelem de l\u2019ann\u00e9e avec l\u2019Open d\u2019Australie. Tour d\u2019horizon du programme de nos Fran\u00e7ais pour cette premi\u00e8re nuit (heure fran\u00e7aise).","robots":{"index":"index","follow":"follow","max-snippet":"max-snippet:-1","max-image-preview":"max-image-preview:large","max-video-preview":"max-video-preview:-1"},"canonical":"https:\/\/dicodusport.fr\/blog\/programme-francais-lundi-open-australie\/","og_locale":"fr_FR","og_type":"article","og_title":"Le programme des Fran\u00e7ais ce lundi \u00e0 l'Open d'Australie","og_description":"Place au premier Grand Chelem de l\u2019ann\u00e9e avec l\u2019Open d\u2019Australie. Tour d\u2019horizon du programme de nos Fran\u00e7ais pour cette premi\u00e8re nuit (heure fran\u00e7aise).","og_url":"https:\/\/dicodusport.fr\/blog\/programme-francais-lundi-open-australie\/","og_site_name":"Dicodusport","article_publisher":"https:\/\/www.facebook.com\/dicodusport","article_published_time":"2020-01-19T17:58:16+00:00","og_image":[{"width":800,"height":445,"url":"https:\/\/dicodusport.fr\/blog\/wp-content\/uploads\/2020\/01\/Le-programme-des-Fran\u00e7ais-ce-lundi-\u00e0-lOpen-dAustralie.png","type":"image\/png"}],"author":"Bastien Pitte","twitter_card":"summary_large_image","twitter_title":"Le programme des Fran\u00e7ais ce lundi \u00e0 l'Open d'Australie","twitter_creator":"@dicodusport","twitter_site":"@dicodusport","schema":{"@context":"https:\/\/schema.org","@graph":[{"@type":"NewsArticle","@id":"https:\/\/dicodusport.fr\/blog\/programme-francais-lundi-open-australie\/#article","isPartOf":{"@id":"https:\/\/dicodusport.fr\/blog\/programme-francais-lundi-open-australie\/"},"author":{"name":"Bastien Pitte","@id":"https:\/\/dicodusport.fr\/blog\/#\/schema\/person\/0d3ca824646a2d0c77bdd7e45230c071"},"headline":"Le programme des Fran\u00e7ais ce lundi \u00e0 l&rsquo;Open d&rsquo;Australie","datePublished":"2020-01-19T17:58:16+00:00","mainEntityOfPage":{"@id":"https:\/\/dicodusport.fr\/blog\/programme-francais-lundi-open-australie\/"},"wordCount":573,"commentCount":0,"publisher":{"@id":"https:\/\/dicodusport.fr\/blog\/#organization"},"image":{"@id":"https:\/\/dicodusport.fr\/blog\/programme-francais-lundi-open-australie\/#primaryimage"},"thumbnailUrl":"https:\/\/dicodusport.fr\/blog\/wp-content\/uploads\/2020\/01\/Le-programme-des-Fran\u00e7ais-ce-lundi-\u00e0-lOpen-dAustralie.png","keywords":["Beno\u00eet Paire","Caroline Garcia","Corentin Moutet","Fiona Ferro","Gr\u00e9goire Barr\u00e8re","Open d'Australie","Pauline Parmentier","Quentin Halys","Tennis fran\u00e7ais","Ugo Humbert"],"articleSection":["Tennis"],"inLanguage":"fr-FR","potentialAction":[{"@type":"CommentAction","name":"Comment","target":["https:\/\/dicodusport.fr\/blog\/programme-francais-lundi-open-australie\/#respond"]}],"copyrightYear":"2020","copyrightHolder":{"@id":"https:\/\/dicodusport.fr\/blog\/#organization"}},{"@type":"WebPage","@id":"https:\/\/dicodusport.fr\/blog\/programme-francais-lundi-open-australie\/","url":"https:\/\/dicodusport.fr\/blog\/programme-francais-lundi-open-australie\/","name":"Le programme des Fran\u00e7ais ce lundi \u00e0 l'Open d'Australie","isPartOf":{"@id":"https:\/\/dicodusport.fr\/blog\/#website"},"primaryImageOfPage":{"@id":"https:\/\/dicodusport.fr\/blog\/programme-francais-lundi-open-australie\/#primaryimage"},"image":{"@id":"https:\/\/dicodusport.fr\/blog\/programme-francais-lundi-open-australie\/#primaryimage"},"thumbnailUrl":"https:\/\/dicodusport.fr\/blog\/wp-content\/uploads\/2020\/01\/Le-programme-des-Fran\u00e7ais-ce-lundi-\u00e0-lOpen-dAustralie.png","datePublished":"2020-01-19T17:58:16+00:00","description":"Place au premier Grand Chelem de l\u2019ann\u00e9e avec l\u2019Open d\u2019Australie. Tour d\u2019horizon du programme de nos Fran\u00e7ais pour cette premi\u00e8re nuit (heure fran\u00e7aise).","breadcrumb":{"@id":"https:\/\/dicodusport.fr\/blog\/programme-francais-lundi-open-australie\/#breadcrumb"},"inLanguage":"fr-FR","potentialAction":[{"@type":"ReadAction","target":["https:\/\/dicodusport.fr\/blog\/programme-francais-lundi-open-australie\/"]}]},{"@type":"ImageObject","inLanguage":"fr-FR","@id":"https:\/\/dicodusport.fr\/blog\/programme-francais-lundi-open-australie\/#primaryimage","url":"https:\/\/dicodusport.fr\/blog\/wp-content\/uploads\/2020\/01\/Le-programme-des-Fran\u00e7ais-ce-lundi-\u00e0-lOpen-dAustralie.png","contentUrl":"https:\/\/dicodusport.fr\/blog\/wp-content\/uploads\/2020\/01\/Le-programme-des-Fran\u00e7ais-ce-lundi-\u00e0-lOpen-dAustralie.png","width":800,"height":445,"caption":"Le programme des Fran\u00e7ais ce lundi \u00e0 l'Open d'Australie"},{"@type":"BreadcrumbList","@id":"https:\/\/dicodusport.fr\/blog\/programme-francais-lundi-open-australie\/#breadcrumb","itemListElement":[{"@type":"ListItem","position":1,"name":"Accueil","item":"https:\/\/dicodusport.fr\/blog\/"},{"@type":"ListItem","position":2,"name":"Le programme des Fran\u00e7ais ce lundi \u00e0 l&rsquo;Open d&rsquo;Australie"}]},{"@type":"WebSite","@id":"https:\/\/dicodusport.fr\/blog\/#website","url":"https:\/\/dicodusport.fr\/blog\/","name":"Dicodusport","description":"L&#039;encyclop\u00e9die de l&#039;actualit\u00e9 sportive","publisher":{"@id":"https:\/\/dicodusport.fr\/blog\/#organization"},"potentialAction":[{"@type":"SearchAction","target":{"@type":"EntryPoint","urlTemplate":"https:\/\/dicodusport.fr\/blog\/?s={search_term_string}"},"query-input":{"@type":"PropertyValueSpecification","valueRequired":true,"valueName":"search_term_string"}}],"inLanguage":"fr-FR"},{"@type":"NewsMediaOrganization","@id":"https:\/\/dicodusport.fr\/blog\/#organization","name":"Dicodusport","url":"https:\/\/dicodusport.fr\/blog\/","logo":{"@type":"ImageObject","inLanguage":"fr-FR","@id":"https:\/\/dicodusport.fr\/blog\/#\/schema\/logo\/image\/","url":"https:\/\/dicodusport.fr\/blog\/wp-content\/uploads\/2020\/06\/cropped-LOGO-DICODUSPORT-2020-SANS-FOND-SANS-TEXTE.png","contentUrl":"https:\/\/dicodusport.fr\/blog\/wp-content\/uploads\/2020\/06\/cropped-LOGO-DICODUSPORT-2020-SANS-FOND-SANS-TEXTE.png","width":512,"height":512,"caption":"Dicodusport"},"image":{"@id":"https:\/\/dicodusport.fr\/blog\/#\/schema\/logo\/image\/"},"sameAs":["https:\/\/www.facebook.com\/dicodusport","https:\/\/x.com\/dicodusport","https:\/\/www.instagram.com\/dicodusport\/","https:\/\/www.youtube.com\/channel\/UC7V2KZ5sd3htJivAbA4ZG3w"],"description":"Dicodusport est l'encyclop\u00e9die de l'actualit\u00e9 sportive.","email":"bonjour@dicodusport.fr","legalName":"DICODUSPORT","foundingDate":"2018-01-14","vatID":"FR71834470973","taxID":"83447097300043","numberOfEmployees":{"@type":"QuantitativeValue","minValue":"1","maxValue":"10"}},{"@type":"Person","@id":"https:\/\/dicodusport.fr\/blog\/#\/schema\/person\/0d3ca824646a2d0c77bdd7e45230c071","name":"Bastien Pitte","image":{"@type":"ImageObject","inLanguage":"fr-FR","@id":"https:\/\/dicodusport.fr\/blog\/#\/schema\/person\/image\/","url":"https:\/\/dicodusport.fr\/blog\/wp-content\/uploads\/2020\/06\/cropped-LOGO-DICODUSPORT-2020-SANS-FOND-SANS-TEXTE-150x150.png","contentUrl":"https:\/\/dicodusport.fr\/blog\/wp-content\/uploads\/2020\/06\/cropped-LOGO-DICODUSPORT-2020-SANS-FOND-SANS-TEXTE-150x150.png","caption":"Bastien Pitte"},"url":"https:\/\/dicodusport.fr\/blog\/author\/bastien\/"}]}},"_links":{"self":[{"href":"https:\/\/dicodusport.fr\/blog\/wp-json\/wp\/v2\/posts\/57357","targetHints":{"allow":["GET"]}}],"collection":[{"href":"https:\/\/dicodusport.fr\/blog\/wp-json\/wp\/v2\/posts"}],"about":[{"href":"https:\/\/dicodusport.fr\/blog\/wp-json\/wp\/v2\/types\/post"}],"author":[{"embeddable":true,"href":"https:\/\/dicodusport.fr\/blog\/wp-json\/wp\/v2\/users\/28"}],"replies":[{"embeddable":true,"href":"https:\/\/dicodusport.fr\/blog\/wp-json\/wp\/v2\/comments?post=57357"}],"version-history":[{"count":0,"href":"https:\/\/dicodusport.fr\/blog\/wp-json\/wp\/v2\/posts\/57357\/revisions"}],"wp:featuredmedia":[{"embeddable":true,"href":"https:\/\/dicodusport.fr\/blog\/wp-json\/wp\/v2\/media\/57409"}],"wp:attachment":[{"href":"https:\/\/dicodusport.fr\/blog\/wp-json\/wp\/v2\/media?parent=57357"}],"wp:term":[{"taxonomy":"category","embeddable":true,"href":"https:\/\/dicodusport.fr\/blog\/wp-json\/wp\/v2\/categories?post=57357"},{"taxonomy":"post_tag","embeddable":true,"href":"https:\/\/dicodusport.fr\/blog\/wp-json\/wp\/v2\/tags?post=57357"}],"curies":[{"name":"wp","href":"https:\/\/api.w.org\/{rel}","templated":true}]}}