{"id":573636,"date":"2025-04-22T09:36:56","date_gmt":"2025-04-22T07:36:56","guid":{"rendered":"https:\/\/dicodusport.fr\/blog\/?p=573636&#038;preview=true&#038;preview_id=573636"},"modified":"2025-04-22T09:36:31","modified_gmt":"2025-04-22T07:36:31","slug":"tour-des-alpes-2025-engages-et-favoris","status":"publish","type":"post","link":"https:\/\/dicodusport.fr\/blog\/tour-des-alpes-2025-engages-et-favoris\/","title":{"rendered":"Tour des Alpes 2025 : Engag\u00e9s et favoris"},"content":{"rendered":"<h4 style=\"text-align: justify;\"><em>Retrouvez les listes des engag\u00e9s et les favoris du Tour des Alpes 2025, qui se d\u00e9roule du lundi 21 au vendredi 25 avril.<\/em><\/h4>\n<ul>\n<li style=\"text-align: justify;\"><strong>\u00c0 ce sujet &#8211; <a href=\"https:\/\/dicodusport.fr\/blog\/tour-des-alpes-2025-a-quelle-heure-et-sur-quelle-chaine-tv-suivre-la-course\/\">Tour des Alpes 2025 : \u00c0 quelle heure et sur quelle cha\u00eene TV suivre la course ?<\/a><\/strong><\/li>\n<\/ul>\n<p style=\"text-align: justify;\">Le <strong>Tour des Alpes 2025<\/strong> (<strong>Tour of the Alps<\/strong>) se tient du 21 au 25 avril 2025, dans Alpes italiennes et autrichiennes. Cat\u00e9goris\u00e9e UCI ProSeries 2.Pro, l&rsquo;\u00e9preuve alpestre est r\u00e9put\u00e9e pour ses parcours montagneux et exigeants. Pour beaucoup de coureurs, il s&rsquo;agit d&rsquo;une course pr\u00e9paratoire pour <a href=\"https:\/\/dicodusport.fr\/blog\/actualites\/cyclisme\/cyclisme-sur-route-2025\/tour-d-italie-2025\/\">le prochain Tour d&rsquo;Italie<\/a>, qui se d\u00e9roulera du 9 mai au 1\u1d49\u02b3 juin 2025.<\/p>\n<h2 style=\"text-align: justify;\">Les favoris et coureurs \u00e0 suivre sur le Tour des Alpes 2025<\/h2>\n<p style=\"text-align: justify;\">Parmi les coureurs \u00e0 suivre cette semaine parmi les favoris au classement g\u00e9n\u00e9ral, on peut citer <strong>Giulio Ciccone<\/strong> (Lidl-Trek), <strong>Jai Hindley<\/strong> (Red Bull-Bora-Hansgrohe), <strong>Thymen Arensman<\/strong> (INEOS Grenadiers), <strong>Romain Bardet<\/strong> (Team Picnic PostNL) et <strong>Eddie Dunbar<\/strong> (Jayco AlUla). Antonio Tiberi (Bahrain Victorious) et Felix Gall (Decathlon AG2R La Mondiale) seront aussi de s\u00e9rieux outsiders.<\/p>\n<p style=\"text-align: justify;\">C\u00f4t\u00e9 fran\u00e7ais, outre <strong>Romain Bardet<\/strong>, le n\u00e9o-pro <strong>Paul Seixas<\/strong> (Decathlon AG2R La Mondiale) auront de belles occasions de briller sur les routes alpestres, apr\u00e8s un d\u00e9but de saison prometteur dans les pelotons professionnels.<\/p>\n<div class=\"vlp-link-container vlp-layout-article\"><a href=\"https:\/\/dicodusport.fr\/blog\/tour-des-alpes-2025-parcours-en-detail-et-profils-des-etapes\/\" class=\"vlp-link\" title=\"Tour des Alpes 2025 : Parcours en d\u00e9tail et profils des \u00e9tapes\"><\/a><div class=\"vlp-layout-zone-side\"><div class=\"vlp-block-4 vlp-link-image\"><img loading=\"lazy\" decoding=\"async\" style=\"max-width: 792px;\" width=\"792\" height=\"445\" src=\"https:\/\/dicodusport.fr\/blog\/wp-content\/uploads\/2025\/04\/Tour-des-Alpes-2025-Parcours-en-detail-et-profils-des-etapes.png\" class=\"attachment-800x445 size-800x445\" alt=\"Tour des Alpes 2025 Parcours en d\u00e9tail et profils des \u00e9tapes\" srcset=\"https:\/\/dicodusport.fr\/blog\/wp-content\/uploads\/2025\/04\/Tour-des-Alpes-2025-Parcours-en-detail-et-profils-des-etapes.png 1200w, https:\/\/dicodusport.fr\/blog\/wp-content\/uploads\/2025\/04\/Tour-des-Alpes-2025-Parcours-en-detail-et-profils-des-etapes-300x169.png 300w, https:\/\/dicodusport.fr\/blog\/wp-content\/uploads\/2025\/04\/Tour-des-Alpes-2025-Parcours-en-detail-et-profils-des-etapes-1024x575.png 1024w, https:\/\/dicodusport.fr\/blog\/wp-content\/uploads\/2025\/04\/Tour-des-Alpes-2025-Parcours-en-detail-et-profils-des-etapes-768x431.png 768w\" sizes=\"auto, (max-width: 792px) 100vw, 792px\" \/><\/div><\/div><div class=\"vlp-layout-zone-main\"><div class=\"vlp-block-0 vlp-link-title\">Tour des Alpes 2025 : Parcours en d\u00e9tail et profils des \u00e9tapes<\/div><div class=\"vlp-block-1 vlp-link-summary\">Retrouvez le parcours d\u00e9taill\u00e9 et les profils des \u00e9tapes du Tour des Alpes 2025, qui se d\u00e9roule du lundi 21 au vendredi 25 avril.<\/div><div class=\"vlp-block-2 vlp-link-button\">Lire l'article<\/div><div class=\"vlp-block-3 vlp-link-url\">dicodusport.fr<\/div><\/div><\/div>\n<h2 style=\"text-align: justify;\">Les engag\u00e9s du Tour des Alpes 2025<\/h2>\n<a href=\"https:\/\/dicodusport.fr\/blog\/wp-content\/uploads\/2025\/04\/Startlist-definitive-du-Tour-des-Alpes-2025.pdf\" class=\"pdfemb-viewer\" style=\"\" data-width=\"max\" data-height=\"max\"  data-toolbar=\"both\" data-toolbar-fixed=\"on\">Startlist d\u00e9finitive du Tour des Alpes 2025<br\/><\/a>\n<hr \/>\n<h2 style=\"text-align: justify;\">Palmar\u00e8s du Tour des Alpes depuis 2011<\/h2>\n<p><strong>2024 :<\/strong> Juan Pedro Lopez &#8211; <a href=\"https:\/\/dicodusport.fr\/blog\/tour-des-alpes-2023-classement-general\/\"><em>Classement g\u00e9n\u00e9ral<\/em><\/a><\/p>\n<p style=\"text-align: justify;\"><strong>2023 :<\/strong> Tao Geoghegan Hart &#8211; <a href=\"https:\/\/dicodusport.fr\/blog\/tour-des-alpes-2023-classement-general\/\"><em>Classement g\u00e9n\u00e9ral<\/em><\/a><\/p>\n<p style=\"text-align: justify;\"><strong>2022 :<\/strong> Romain Bardet &#8211; <a href=\"https:\/\/dicodusport.fr\/blog\/tour-des-alpes-2022-classement-general\/\"><em>Classement g\u00e9n\u00e9ral<\/em><\/a><\/p>\n<p style=\"text-align: justify;\"><strong>2021 :<\/strong> Simon Yates &#8211; <a href=\"https:\/\/dicodusport.fr\/blog\/tour-des-alpes-2021-classement-general\/\"><em>Classement g\u00e9n\u00e9ral<\/em><\/a><\/p>\n<p style=\"text-align: justify;\"><strong>2019 :<\/strong> Pavel Sivakov<\/p>\n<p style=\"text-align: justify;\"><strong>2018 :<\/strong> Thibaut Pinot<\/p>\n<p style=\"text-align: justify;\"><strong>2017 :<\/strong> Geraint Thomas<\/p>\n<p style=\"text-align: justify;\"><strong>2016 :<\/strong> Mikel Landa<\/p>\n<p style=\"text-align: justify;\"><strong>2015 :<\/strong> Richie Porte<\/p>\n<p style=\"text-align: justify;\"><strong>2014 :<\/strong> Cadel Evans<\/p>\n<p style=\"text-align: justify;\"><strong>2013 :<\/strong> Vincenzo Nibali<\/p>\n<p style=\"text-align: justify;\"><strong>2012 :<\/strong> Domenico Pozzovivo<\/p>\n<p style=\"text-align: justify;\"><strong>2011 :<\/strong> Michele Scarponi<\/p>\n<ul>\n<li style=\"text-align: justify;\"><strong>\u00c0 ce sujet &#8211; <a href=\"https:\/\/dicodusport.fr\/blog\/actualites\/cyclisme\/cyclisme-sur-route-2025\/\">L&rsquo;actualit\u00e9 du cyclisme sur route<\/a><\/strong><\/li>\n<\/ul>\n","protected":false},"excerpt":{"rendered":"<p>Retrouvez les listes des engag\u00e9s et les favoris du Tour des Alpes 2025, qui se d\u00e9roule du lundi 21 au vendredi 25 avril.<\/p>\n","protected":false},"author":4,"featured_media":573730,"comment_status":"open","ping_status":"closed","sticky":false,"template":"","format":"standard","meta":{"_acf_changed":false,"_daextam_enable_autolinks":"1","footnotes":""},"categories":[46994],"tags":[16878,574,7669],"class_list":["post-573636","post","type-post","status-publish","format-standard","has-post-thumbnail","hentry","category-cyclisme-sur-route","tag-breve","tag-cyclisme","tag-tour-des-alpes"],"acf":[],"yoast_head":"<!-- This site is optimized with the Yoast SEO Premium plugin v26.7 (Yoast SEO v26.7) - https:\/\/yoast.com\/wordpress\/plugins\/seo\/ -->\n<title>Tour des Alpes 2025 : Engag\u00e9s et favoris<\/title>\n<meta name=\"description\" content=\"Retrouvez les listes des engag\u00e9s et les favoris du Tour des Alpes 2025, qui se d\u00e9roule du lundi 21 au vendredi 25 avril.\" \/>\n<meta name=\"robots\" content=\"index, follow, max-snippet:-1, max-image-preview:large, max-video-preview:-1\" \/>\n<link rel=\"canonical\" href=\"https:\/\/dicodusport.fr\/blog\/tour-des-alpes-2025-engages-et-favoris\/\" \/>\n<meta property=\"og:locale\" content=\"fr_FR\" \/>\n<meta property=\"og:type\" content=\"article\" \/>\n<meta property=\"og:title\" content=\"Tour des Alpes 2025 : Engag\u00e9s et favoris\" \/>\n<meta property=\"og:description\" content=\"Retrouvez les listes des engag\u00e9s et les favoris du Tour des Alpes 2025, qui se d\u00e9roule du lundi 21 au vendredi 25 avril.\" \/>\n<meta property=\"og:url\" content=\"https:\/\/dicodusport.fr\/blog\/tour-des-alpes-2025-engages-et-favoris\/\" \/>\n<meta property=\"og:site_name\" content=\"Dicodusport\" \/>\n<meta property=\"article:publisher\" content=\"https:\/\/www.facebook.com\/dicodusport\" \/>\n<meta property=\"article:author\" content=\"https:\/\/www.facebook.com\/florent.ostermann\" \/>\n<meta property=\"article:published_time\" content=\"2025-04-22T07:36:56+00:00\" \/>\n<meta property=\"og:image\" content=\"https:\/\/dicodusport.fr\/blog\/wp-content\/uploads\/2025\/04\/Tour-des-Alpes-2025-Engages-et-favoris.png\" \/>\n\t<meta property=\"og:image:width\" content=\"1200\" \/>\n\t<meta property=\"og:image:height\" content=\"674\" \/>\n\t<meta property=\"og:image:type\" content=\"image\/png\" \/>\n<meta name=\"author\" content=\"Flo Ostermann\" \/>\n<meta name=\"twitter:card\" content=\"summary_large_image\" \/>\n<meta name=\"twitter:title\" content=\"Tour des Alpes 2025 : Engag\u00e9s et favoris\" \/>\n<meta name=\"twitter:creator\" content=\"@https:\/\/twitter.com\/FlOstermann\" \/>\n<meta name=\"twitter:site\" content=\"@dicodusport\" \/>\n<script type=\"application\/ld+json\" class=\"yoast-schema-graph\">{\"@context\":\"https:\/\/schema.org\",\"@graph\":[{\"@type\":\"NewsArticle\",\"@id\":\"https:\/\/dicodusport.fr\/blog\/tour-des-alpes-2025-engages-et-favoris\/#article\",\"isPartOf\":{\"@id\":\"https:\/\/dicodusport.fr\/blog\/tour-des-alpes-2025-engages-et-favoris\/\"},\"author\":{\"name\":\"Flo Ostermann\",\"@id\":\"https:\/\/dicodusport.fr\/blog\/#\/schema\/person\/cb02af4c173ce4a653b55e9baf388d4a\"},\"headline\":\"Tour des Alpes 2025 : Engag\u00e9s et favoris\",\"datePublished\":\"2025-04-22T07:36:56+00:00\",\"mainEntityOfPage\":{\"@id\":\"https:\/\/dicodusport.fr\/blog\/tour-des-alpes-2025-engages-et-favoris\/\"},\"wordCount\":362,\"commentCount\":0,\"publisher\":{\"@id\":\"https:\/\/dicodusport.fr\/blog\/#organization\"},\"image\":{\"@id\":\"https:\/\/dicodusport.fr\/blog\/tour-des-alpes-2025-engages-et-favoris\/#primaryimage\"},\"thumbnailUrl\":\"https:\/\/dicodusport.fr\/blog\/wp-content\/uploads\/2025\/04\/Tour-des-Alpes-2025-Engages-et-favoris.png\",\"keywords\":[\"br\u00e8ve\",\"Cyclisme\",\"Tour des Alpes\"],\"articleSection\":[\"Cyclisme sur route\"],\"inLanguage\":\"fr-FR\",\"potentialAction\":[{\"@type\":\"CommentAction\",\"name\":\"Comment\",\"target\":[\"https:\/\/dicodusport.fr\/blog\/tour-des-alpes-2025-engages-et-favoris\/#respond\"]}],\"copyrightYear\":\"2025\",\"copyrightHolder\":{\"@id\":\"https:\/\/dicodusport.fr\/blog\/#organization\"}},{\"@type\":\"WebPage\",\"@id\":\"https:\/\/dicodusport.fr\/blog\/tour-des-alpes-2025-engages-et-favoris\/\",\"url\":\"https:\/\/dicodusport.fr\/blog\/tour-des-alpes-2025-engages-et-favoris\/\",\"name\":\"Tour des Alpes 2025 : Engag\u00e9s et favoris\",\"isPartOf\":{\"@id\":\"https:\/\/dicodusport.fr\/blog\/#website\"},\"primaryImageOfPage\":{\"@id\":\"https:\/\/dicodusport.fr\/blog\/tour-des-alpes-2025-engages-et-favoris\/#primaryimage\"},\"image\":{\"@id\":\"https:\/\/dicodusport.fr\/blog\/tour-des-alpes-2025-engages-et-favoris\/#primaryimage\"},\"thumbnailUrl\":\"https:\/\/dicodusport.fr\/blog\/wp-content\/uploads\/2025\/04\/Tour-des-Alpes-2025-Engages-et-favoris.png\",\"datePublished\":\"2025-04-22T07:36:56+00:00\",\"description\":\"Retrouvez les listes des engag\u00e9s et les favoris du Tour des Alpes 2025, qui se d\u00e9roule du lundi 21 au vendredi 25 avril.\",\"breadcrumb\":{\"@id\":\"https:\/\/dicodusport.fr\/blog\/tour-des-alpes-2025-engages-et-favoris\/#breadcrumb\"},\"inLanguage\":\"fr-FR\",\"potentialAction\":[{\"@type\":\"ReadAction\",\"target\":[\"https:\/\/dicodusport.fr\/blog\/tour-des-alpes-2025-engages-et-favoris\/\"]}]},{\"@type\":\"ImageObject\",\"inLanguage\":\"fr-FR\",\"@id\":\"https:\/\/dicodusport.fr\/blog\/tour-des-alpes-2025-engages-et-favoris\/#primaryimage\",\"url\":\"https:\/\/dicodusport.fr\/blog\/wp-content\/uploads\/2025\/04\/Tour-des-Alpes-2025-Engages-et-favoris.png\",\"contentUrl\":\"https:\/\/dicodusport.fr\/blog\/wp-content\/uploads\/2025\/04\/Tour-des-Alpes-2025-Engages-et-favoris.png\",\"width\":1200,\"height\":674,\"caption\":\"Tour des Alpes 2025 Engag\u00e9s et favoris\"},{\"@type\":\"BreadcrumbList\",\"@id\":\"https:\/\/dicodusport.fr\/blog\/tour-des-alpes-2025-engages-et-favoris\/#breadcrumb\",\"itemListElement\":[{\"@type\":\"ListItem\",\"position\":1,\"name\":\"Accueil\",\"item\":\"https:\/\/dicodusport.fr\/blog\/\"},{\"@type\":\"ListItem\",\"position\":2,\"name\":\"Tour des Alpes 2025 : Engag\u00e9s et favoris\"}]},{\"@type\":\"WebSite\",\"@id\":\"https:\/\/dicodusport.fr\/blog\/#website\",\"url\":\"https:\/\/dicodusport.fr\/blog\/\",\"name\":\"Dicodusport\",\"description\":\"L&#039;encyclop\u00e9die de l&#039;actualit\u00e9 sportive\",\"publisher\":{\"@id\":\"https:\/\/dicodusport.fr\/blog\/#organization\"},\"potentialAction\":[{\"@type\":\"SearchAction\",\"target\":{\"@type\":\"EntryPoint\",\"urlTemplate\":\"https:\/\/dicodusport.fr\/blog\/?s={search_term_string}\"},\"query-input\":{\"@type\":\"PropertyValueSpecification\",\"valueRequired\":true,\"valueName\":\"search_term_string\"}}],\"inLanguage\":\"fr-FR\"},{\"@type\":\"NewsMediaOrganization\",\"@id\":\"https:\/\/dicodusport.fr\/blog\/#organization\",\"name\":\"Dicodusport\",\"url\":\"https:\/\/dicodusport.fr\/blog\/\",\"logo\":{\"@type\":\"ImageObject\",\"inLanguage\":\"fr-FR\",\"@id\":\"https:\/\/dicodusport.fr\/blog\/#\/schema\/logo\/image\/\",\"url\":\"https:\/\/dicodusport.fr\/blog\/wp-content\/uploads\/2020\/06\/cropped-LOGO-DICODUSPORT-2020-SANS-FOND-SANS-TEXTE.png\",\"contentUrl\":\"https:\/\/dicodusport.fr\/blog\/wp-content\/uploads\/2020\/06\/cropped-LOGO-DICODUSPORT-2020-SANS-FOND-SANS-TEXTE.png\",\"width\":512,\"height\":512,\"caption\":\"Dicodusport\"},\"image\":{\"@id\":\"https:\/\/dicodusport.fr\/blog\/#\/schema\/logo\/image\/\"},\"sameAs\":[\"https:\/\/www.facebook.com\/dicodusport\",\"https:\/\/x.com\/dicodusport\",\"https:\/\/www.instagram.com\/dicodusport\/\",\"https:\/\/www.youtube.com\/channel\/UC7V2KZ5sd3htJivAbA4ZG3w\"],\"description\":\"Dicodusport est l'encyclop\u00e9die de l'actualit\u00e9 sportive.\",\"email\":\"bonjour@dicodusport.fr\",\"legalName\":\"DICODUSPORT\",\"foundingDate\":\"2018-01-14\",\"vatID\":\"FR71834470973\",\"taxID\":\"83447097300043\",\"numberOfEmployees\":{\"@type\":\"QuantitativeValue\",\"minValue\":\"1\",\"maxValue\":\"10\"}},{\"@type\":\"Person\",\"@id\":\"https:\/\/dicodusport.fr\/blog\/#\/schema\/person\/cb02af4c173ce4a653b55e9baf388d4a\",\"name\":\"Flo Ostermann\",\"image\":{\"@type\":\"ImageObject\",\"inLanguage\":\"fr-FR\",\"@id\":\"https:\/\/dicodusport.fr\/blog\/#\/schema\/person\/image\/\",\"url\":\"https:\/\/dicodusport.fr\/blog\/wp-content\/uploads\/2021\/05\/Flo-Ostermann-150x150.jpg\",\"contentUrl\":\"https:\/\/dicodusport.fr\/blog\/wp-content\/uploads\/2021\/05\/Flo-Ostermann-150x150.jpg\",\"caption\":\"Flo Ostermann\"},\"description\":\"Journaliste\/R\u00e9dacteur depuis septembre 2015 - Mes premiers souvenirs dans le sport ? Les envol\u00e9es du Stade Toulousain et les duels Villeneuve-Schumacher et H\u00e4kkinen-Schumacher \u00e0 la fin des ann\u00e9es 90, la Coupe du monde de football en 1998, l\u2019exploit du XV de France face aux All Blacks en 1999, mais aussi Richard C\u0153ur de Lion qui vole sur les montagnes du Tour de France. Bien parti pour devenir professeur d\u2019EPS, les \u00e9v\u00e9nements de la vie (et la flemme d\u2019animer des s\u00e9ances de 3x500 m\u00e8tres toute ma vie) m\u2019ont conduit \u00e0 revoir mes plans. Me voil\u00e0 depuis fin 2017 sur Dicodusport, m\u00e9dia gr\u00e2ce (et pour) lequel je partage ma passion : le sport dans tous ses \u00e9tats. Le tout accompagn\u00e9 par les fous furieux et folles furieuses cit\u00e9s sur cette page !\",\"sameAs\":[\"https:\/\/www.facebook.com\/florent.ostermann\",\"https:\/\/x.com\/https:\/\/twitter.com\/FlOstermann\",\"admin\"],\"url\":\"https:\/\/dicodusport.fr\/blog\/author\/flo\/\"}]}<\/script>\n<!-- \/ Yoast SEO Premium plugin. -->","yoast_head_json":{"title":"Tour des Alpes 2025 : Engag\u00e9s et favoris","description":"Retrouvez les listes des engag\u00e9s et les favoris du Tour des Alpes 2025, qui se d\u00e9roule du lundi 21 au vendredi 25 avril.","robots":{"index":"index","follow":"follow","max-snippet":"max-snippet:-1","max-image-preview":"max-image-preview:large","max-video-preview":"max-video-preview:-1"},"canonical":"https:\/\/dicodusport.fr\/blog\/tour-des-alpes-2025-engages-et-favoris\/","og_locale":"fr_FR","og_type":"article","og_title":"Tour des Alpes 2025 : Engag\u00e9s et favoris","og_description":"Retrouvez les listes des engag\u00e9s et les favoris du Tour des Alpes 2025, qui se d\u00e9roule du lundi 21 au vendredi 25 avril.","og_url":"https:\/\/dicodusport.fr\/blog\/tour-des-alpes-2025-engages-et-favoris\/","og_site_name":"Dicodusport","article_publisher":"https:\/\/www.facebook.com\/dicodusport","article_author":"https:\/\/www.facebook.com\/florent.ostermann","article_published_time":"2025-04-22T07:36:56+00:00","og_image":[{"width":1200,"height":674,"url":"https:\/\/dicodusport.fr\/blog\/wp-content\/uploads\/2025\/04\/Tour-des-Alpes-2025-Engages-et-favoris.png","type":"image\/png"}],"author":"Flo Ostermann","twitter_card":"summary_large_image","twitter_title":"Tour des Alpes 2025 : Engag\u00e9s et favoris","twitter_creator":"@https:\/\/twitter.com\/FlOstermann","twitter_site":"@dicodusport","schema":{"@context":"https:\/\/schema.org","@graph":[{"@type":"NewsArticle","@id":"https:\/\/dicodusport.fr\/blog\/tour-des-alpes-2025-engages-et-favoris\/#article","isPartOf":{"@id":"https:\/\/dicodusport.fr\/blog\/tour-des-alpes-2025-engages-et-favoris\/"},"author":{"name":"Flo Ostermann","@id":"https:\/\/dicodusport.fr\/blog\/#\/schema\/person\/cb02af4c173ce4a653b55e9baf388d4a"},"headline":"Tour des Alpes 2025 : Engag\u00e9s et favoris","datePublished":"2025-04-22T07:36:56+00:00","mainEntityOfPage":{"@id":"https:\/\/dicodusport.fr\/blog\/tour-des-alpes-2025-engages-et-favoris\/"},"wordCount":362,"commentCount":0,"publisher":{"@id":"https:\/\/dicodusport.fr\/blog\/#organization"},"image":{"@id":"https:\/\/dicodusport.fr\/blog\/tour-des-alpes-2025-engages-et-favoris\/#primaryimage"},"thumbnailUrl":"https:\/\/dicodusport.fr\/blog\/wp-content\/uploads\/2025\/04\/Tour-des-Alpes-2025-Engages-et-favoris.png","keywords":["br\u00e8ve","Cyclisme","Tour des Alpes"],"articleSection":["Cyclisme sur route"],"inLanguage":"fr-FR","potentialAction":[{"@type":"CommentAction","name":"Comment","target":["https:\/\/dicodusport.fr\/blog\/tour-des-alpes-2025-engages-et-favoris\/#respond"]}],"copyrightYear":"2025","copyrightHolder":{"@id":"https:\/\/dicodusport.fr\/blog\/#organization"}},{"@type":"WebPage","@id":"https:\/\/dicodusport.fr\/blog\/tour-des-alpes-2025-engages-et-favoris\/","url":"https:\/\/dicodusport.fr\/blog\/tour-des-alpes-2025-engages-et-favoris\/","name":"Tour des Alpes 2025 : Engag\u00e9s et favoris","isPartOf":{"@id":"https:\/\/dicodusport.fr\/blog\/#website"},"primaryImageOfPage":{"@id":"https:\/\/dicodusport.fr\/blog\/tour-des-alpes-2025-engages-et-favoris\/#primaryimage"},"image":{"@id":"https:\/\/dicodusport.fr\/blog\/tour-des-alpes-2025-engages-et-favoris\/#primaryimage"},"thumbnailUrl":"https:\/\/dicodusport.fr\/blog\/wp-content\/uploads\/2025\/04\/Tour-des-Alpes-2025-Engages-et-favoris.png","datePublished":"2025-04-22T07:36:56+00:00","description":"Retrouvez les listes des engag\u00e9s et les favoris du Tour des Alpes 2025, qui se d\u00e9roule du lundi 21 au vendredi 25 avril.","breadcrumb":{"@id":"https:\/\/dicodusport.fr\/blog\/tour-des-alpes-2025-engages-et-favoris\/#breadcrumb"},"inLanguage":"fr-FR","potentialAction":[{"@type":"ReadAction","target":["https:\/\/dicodusport.fr\/blog\/tour-des-alpes-2025-engages-et-favoris\/"]}]},{"@type":"ImageObject","inLanguage":"fr-FR","@id":"https:\/\/dicodusport.fr\/blog\/tour-des-alpes-2025-engages-et-favoris\/#primaryimage","url":"https:\/\/dicodusport.fr\/blog\/wp-content\/uploads\/2025\/04\/Tour-des-Alpes-2025-Engages-et-favoris.png","contentUrl":"https:\/\/dicodusport.fr\/blog\/wp-content\/uploads\/2025\/04\/Tour-des-Alpes-2025-Engages-et-favoris.png","width":1200,"height":674,"caption":"Tour des Alpes 2025 Engag\u00e9s et favoris"},{"@type":"BreadcrumbList","@id":"https:\/\/dicodusport.fr\/blog\/tour-des-alpes-2025-engages-et-favoris\/#breadcrumb","itemListElement":[{"@type":"ListItem","position":1,"name":"Accueil","item":"https:\/\/dicodusport.fr\/blog\/"},{"@type":"ListItem","position":2,"name":"Tour des Alpes 2025 : Engag\u00e9s et favoris"}]},{"@type":"WebSite","@id":"https:\/\/dicodusport.fr\/blog\/#website","url":"https:\/\/dicodusport.fr\/blog\/","name":"Dicodusport","description":"L&#039;encyclop\u00e9die de l&#039;actualit\u00e9 sportive","publisher":{"@id":"https:\/\/dicodusport.fr\/blog\/#organization"},"potentialAction":[{"@type":"SearchAction","target":{"@type":"EntryPoint","urlTemplate":"https:\/\/dicodusport.fr\/blog\/?s={search_term_string}"},"query-input":{"@type":"PropertyValueSpecification","valueRequired":true,"valueName":"search_term_string"}}],"inLanguage":"fr-FR"},{"@type":"NewsMediaOrganization","@id":"https:\/\/dicodusport.fr\/blog\/#organization","name":"Dicodusport","url":"https:\/\/dicodusport.fr\/blog\/","logo":{"@type":"ImageObject","inLanguage":"fr-FR","@id":"https:\/\/dicodusport.fr\/blog\/#\/schema\/logo\/image\/","url":"https:\/\/dicodusport.fr\/blog\/wp-content\/uploads\/2020\/06\/cropped-LOGO-DICODUSPORT-2020-SANS-FOND-SANS-TEXTE.png","contentUrl":"https:\/\/dicodusport.fr\/blog\/wp-content\/uploads\/2020\/06\/cropped-LOGO-DICODUSPORT-2020-SANS-FOND-SANS-TEXTE.png","width":512,"height":512,"caption":"Dicodusport"},"image":{"@id":"https:\/\/dicodusport.fr\/blog\/#\/schema\/logo\/image\/"},"sameAs":["https:\/\/www.facebook.com\/dicodusport","https:\/\/x.com\/dicodusport","https:\/\/www.instagram.com\/dicodusport\/","https:\/\/www.youtube.com\/channel\/UC7V2KZ5sd3htJivAbA4ZG3w"],"description":"Dicodusport est l'encyclop\u00e9die de l'actualit\u00e9 sportive.","email":"bonjour@dicodusport.fr","legalName":"DICODUSPORT","foundingDate":"2018-01-14","vatID":"FR71834470973","taxID":"83447097300043","numberOfEmployees":{"@type":"QuantitativeValue","minValue":"1","maxValue":"10"}},{"@type":"Person","@id":"https:\/\/dicodusport.fr\/blog\/#\/schema\/person\/cb02af4c173ce4a653b55e9baf388d4a","name":"Flo Ostermann","image":{"@type":"ImageObject","inLanguage":"fr-FR","@id":"https:\/\/dicodusport.fr\/blog\/#\/schema\/person\/image\/","url":"https:\/\/dicodusport.fr\/blog\/wp-content\/uploads\/2021\/05\/Flo-Ostermann-150x150.jpg","contentUrl":"https:\/\/dicodusport.fr\/blog\/wp-content\/uploads\/2021\/05\/Flo-Ostermann-150x150.jpg","caption":"Flo Ostermann"},"description":"Journaliste\/R\u00e9dacteur depuis septembre 2015 - Mes premiers souvenirs dans le sport ? Les envol\u00e9es du Stade Toulousain et les duels Villeneuve-Schumacher et H\u00e4kkinen-Schumacher \u00e0 la fin des ann\u00e9es 90, la Coupe du monde de football en 1998, l\u2019exploit du XV de France face aux All Blacks en 1999, mais aussi Richard C\u0153ur de Lion qui vole sur les montagnes du Tour de France. Bien parti pour devenir professeur d\u2019EPS, les \u00e9v\u00e9nements de la vie (et la flemme d\u2019animer des s\u00e9ances de 3x500 m\u00e8tres toute ma vie) m\u2019ont conduit \u00e0 revoir mes plans. Me voil\u00e0 depuis fin 2017 sur Dicodusport, m\u00e9dia gr\u00e2ce (et pour) lequel je partage ma passion : le sport dans tous ses \u00e9tats. Le tout accompagn\u00e9 par les fous furieux et folles furieuses cit\u00e9s sur cette page !","sameAs":["https:\/\/www.facebook.com\/florent.ostermann","https:\/\/x.com\/https:\/\/twitter.com\/FlOstermann","admin"],"url":"https:\/\/dicodusport.fr\/blog\/author\/flo\/"}]}},"_links":{"self":[{"href":"https:\/\/dicodusport.fr\/blog\/wp-json\/wp\/v2\/posts\/573636","targetHints":{"allow":["GET"]}}],"collection":[{"href":"https:\/\/dicodusport.fr\/blog\/wp-json\/wp\/v2\/posts"}],"about":[{"href":"https:\/\/dicodusport.fr\/blog\/wp-json\/wp\/v2\/types\/post"}],"author":[{"embeddable":true,"href":"https:\/\/dicodusport.fr\/blog\/wp-json\/wp\/v2\/users\/4"}],"replies":[{"embeddable":true,"href":"https:\/\/dicodusport.fr\/blog\/wp-json\/wp\/v2\/comments?post=573636"}],"version-history":[{"count":5,"href":"https:\/\/dicodusport.fr\/blog\/wp-json\/wp\/v2\/posts\/573636\/revisions"}],"predecessor-version":[{"id":573880,"href":"https:\/\/dicodusport.fr\/blog\/wp-json\/wp\/v2\/posts\/573636\/revisions\/573880"}],"wp:featuredmedia":[{"embeddable":true,"href":"https:\/\/dicodusport.fr\/blog\/wp-json\/wp\/v2\/media\/573730"}],"wp:attachment":[{"href":"https:\/\/dicodusport.fr\/blog\/wp-json\/wp\/v2\/media?parent=573636"}],"wp:term":[{"taxonomy":"category","embeddable":true,"href":"https:\/\/dicodusport.fr\/blog\/wp-json\/wp\/v2\/categories?post=573636"},{"taxonomy":"post_tag","embeddable":true,"href":"https:\/\/dicodusport.fr\/blog\/wp-json\/wp\/v2\/tags?post=573636"}],"curies":[{"name":"wp","href":"https:\/\/api.w.org\/{rel}","templated":true}]}}