{"id":573668,"date":"2025-04-20T16:51:10","date_gmt":"2025-04-20T14:51:10","guid":{"rendered":"https:\/\/dicodusport.fr\/blog\/?p=573668&#038;preview=true&#038;preview_id=573668"},"modified":"2025-04-20T17:03:14","modified_gmt":"2025-04-20T15:03:14","slug":"tour-du-doubs-2025-matteo-vercher-soffre-son-premier-succes-professionnel","status":"publish","type":"post","link":"https:\/\/dicodusport.fr\/blog\/tour-du-doubs-2025-matteo-vercher-soffre-son-premier-succes-professionnel\/","title":{"rendered":"Tour du Doubs 2025 : Matt\u00e9o Vercher s&rsquo;offre son premier succ\u00e8s professionnel"},"content":{"rendered":"<h4 style=\"text-align: justify;\"><em>TOUR DU DOUBS 2025 &#8211; Premi\u00e8re victoire professionnelle \u00e0 Morteau pour le Lyonnais Matt\u00e9o Vercher (Team TotalEnergies) qui a r\u00e9gl\u00e9 au sprint un groupe de sept coureurs qui s&rsquo;est isol\u00e9 dans le final.<\/em><\/h4>\n<ul>\n<li style=\"text-align: justify;\"><strong>\u00c0 ce sujet &#8211; <a href=\"https:\/\/dicodusport.fr\/blog\/tour-du-doubs-2025-classement-et-resultats\/\">Classement Tour du Doubs 2025<\/a><\/strong><\/li>\n<\/ul>\n<p style=\"text-align: justify;\">La fin du triptyque jurassien, disput\u00e9e dans le Doubs tant\u00f4t sous une pluie battante, tant\u00f4t avec de timides \u00e9claircies, aura donn\u00e9 lieu \u00e0 une belle empoignade. Sans doute la plus facile des trois \u00e9preuves de week-end, il apparaissait difficile pour <strong>Guillaume Martin-Guyonnet<\/strong> (Groupama-FDJ) de faire la passe de trois, apr\u00e8s la <a href=\"https:\/\/dicodusport.fr\/blog\/classic-grand-besancon-doubs-2025-guillaume-martin-simpose-en-costaud\/\">Classic Grand Besan\u00e7on Doubs<\/a> vendredi et le <a href=\"https:\/\/dicodusport.fr\/blog\/tour-du-jura-2025-deuxieme-victoire-en-deux-jours-pour-guillaume-martin\/\">Tour du Jura<\/a> samedi. Bien que malplat, le final ne semblait pas assez escarp\u00e9 pour le Francilien. Preuve en est l&rsquo;apparition de coureurs d&rsquo;autres profils sur la startlist \u00e0 l&rsquo;image du favori<strong> Magnus Cort Nielsen<\/strong>\u00a0(Uno-X Mobility).<\/p>\n<h2 style=\"text-align: justify;\">Six hommes pour ouvrir la route<\/h2>\n<p style=\"text-align: justify;\">Tout d&rsquo;abord, un trio s&rsquo;est d\u00e9gag\u00e9 assez rapidement \u00e0 134 km de l&rsquo;arriv\u00e9e pour former les pr\u00e9mices de l&rsquo;\u00e9chapp\u00e9e matinale. L&rsquo;occasion de d\u00e9couvrir<strong> Tim Rex<\/strong> et <strong>Pietro Mattio<\/strong>, issus de l&rsquo;\u00e9quipe D\u00e9veloppement de la Visma Lease a Bike, align\u00e9s pour l&rsquo;occasion. Avec eux, <strong>Matisse Julien<\/strong> (CIC U Nantes) et<strong> Tom Portsmouth<\/strong> (Wagner Bazin WB) ont donn\u00e9 plus de consistance \u00e0 l&rsquo;\u00e9chapp\u00e9e. Dans un second temps, les Fran\u00e7ais <strong>Maximilien Juillard<\/strong> (Van Rysel Roubaix) et <strong>Henri-Fran\u00e7ois Renard-Haquin<\/strong> (Wagner Bazin WB) ont rejoint les fuyards au prix d&rsquo;un bel effort, \u00e0 l&rsquo;inverse de l&rsquo;Allemand <strong>Timon L\u00f6derer<\/strong> (MYVELO Pro Cycling Team) qui a explos\u00e9 litt\u00e9ralement en vol.<\/p>\n<h2 style=\"text-align: justify;\">Du mouvement dans la Roche aux Pr\u00eatres<\/h2>\n<p style=\"text-align: justify;\">Ensuite, \u00e0 40 km de l&rsquo;arriv\u00e9e, alors qu&rsquo;un peloton affam\u00e9 revenait d\u00e9j\u00e0 sur les derniers survivants<strong> Mattio<\/strong> et<strong> Rex,<\/strong> les Groupama-FDJ ont tent\u00e9 de dynamiter la course dans la c\u00f4te de la Roche aux Pr\u00eatres (6,6 km \u00e0 5,1%).<strong> Cl\u00e9ment Braz Afonso<\/strong>, puis <strong>Guillaume Martin-Guyonnet<\/strong> en personne ont tent\u00e9 leur chance. Mais, comme depuis le d\u00e9but de la journ\u00e9e, les Uno-X Mobility restaient vigilants en t\u00eate de peloton. N\u00e9anmoins, un duo ib\u00e9rique compos\u00e9 de<strong> Jos\u00e9 Manuel Diaz<\/strong> (Burgos Burpellet BH), tr\u00e8s fort ce week-end et de <strong>Txomin Juaristi<\/strong> (Euskaltel Euskadi) sont \u00e0 leur tour sortis et ont compt\u00e9 jusqu&rsquo;\u00e0 une petite minute d&rsquo;avance.<\/p>\n<h2 style=\"text-align: justify;\">Cort Nielsen finit par rendre les armes<\/h2>\n<p style=\"text-align: justify;\">Dans le dernier enchainement de la journ\u00e9e, la C\u00f4te du Barboux avec ses gros pourcentages suivi de la C\u00f4te du Creneux Billard, ceux qui n&rsquo;ont aucune chance au sprint ont essay\u00e9 \u00e0 leur tout de jouer leur carte \u00e0 l&rsquo;image du Fran\u00e7ais <strong>Adrien Maire<\/strong> (Unibet Tietema Rockets), r\u00e9cent vainqueur d&rsquo;\u00e9tape sur le Tour de Gr\u00e8ce. Dans son sillage, un groupe de sept costauds est finalement sorti \u00e0 la p\u00e9dale avec encore l&rsquo;intenable <strong>Guillaume Martin-Guyonnet<\/strong>. Derri\u00e8re,<strong> Magnus Cort Nielsen<\/strong> s&rsquo;accrochait dans un second \u00e9chelon de la course, accompagn\u00e9 par son tr\u00e8s bon \u00e9quipier <strong>Anders Halland Johannessen<\/strong>. La bataille entre les deux groupes a fait rage sur les dix derniers kilom\u00e8tres \u00e0 l&rsquo;avantage du premier finalement qui a r\u00e9sist\u00e9 jusqu&rsquo;au bout.<\/p>\n<p style=\"text-align: justify;\">Au sprint, <strong>Matt\u00e9o Vercher<\/strong> (Team TotalEnergies), malin dans sa gestion de course, a eu le dernier mot et d\u00e9croche un premier succ\u00e8s de prestige. Celui qu&rsquo;on avait d\u00e9couvert sur le Tour de France 2024, o\u00f9 il n&rsquo;\u00e9tait pas pass\u00e9 loin d&rsquo;un bouquet \u00e0 Barcelonnette, seulement battu par <strong>Victor Campanaerts<\/strong>, a battu notamment <strong>Adrien Maire<\/strong>, deuxi\u00e8me et <strong>Ivan Cobo<\/strong> (Equipo Kern Pharma) troisi\u00e8me. Une victoire qui va faire du bien \u00e0 l&rsquo;\u00e9quipe vend\u00e9enne, qui tient peut-\u00eatre finalement l\u00e0 un de ses tout meilleurs coureurs.<\/p>\n<blockquote class=\"twitter-tweet\">\n<p dir=\"ltr\" lang=\"en\">First pro win for Matteo Vercher, who takes the 2025 Tour du Doubs! He\u2019s been flying lately, this really felt like a matter of time! <a href=\"https:\/\/twitter.com\/hashtag\/TourduDoubs?src=hash&amp;ref_src=twsrc%5Etfw\">#TourduDoubs<\/a> <a href=\"https:\/\/t.co\/AYPQHiHACk\">https:\/\/t.co\/AYPQHiHACk<\/a> <a href=\"https:\/\/t.co\/rG3tc8QLaj\">pic.twitter.com\/rG3tc8QLaj<\/a><\/p>\n<p>\u2014 Eemeli (@LosBrolin) <a href=\"https:\/\/twitter.com\/LosBrolin\/status\/1913963573736260022?ref_src=twsrc%5Etfw\">April 20, 2025<\/a><\/p><\/blockquote>\n<p><script async src=\"https:\/\/platform.twitter.com\/widgets.js\" charset=\"utf-8\"><\/script><\/p>\n","protected":false},"excerpt":{"rendered":"<p>TOUR DU DOUBS 2025 &#8211; Premi\u00e8re victoire professionnelle \u00e0 Morteau pour le Lyonnais Matt\u00e9o Vercher (Team TotalEnergies).<\/p>\n","protected":false},"author":92,"featured_media":573705,"comment_status":"open","ping_status":"closed","sticky":false,"template":"","format":"standard","meta":{"_acf_changed":false,"_daextam_enable_autolinks":"1","footnotes":""},"categories":[46994],"tags":[3119,16878,19025],"class_list":["post-573668","post","type-post","status-publish","format-standard","has-post-thumbnail","hentry","category-cyclisme-sur-route","tag-actualite-cyclisme","tag-breve","tag-tour-du-doubs"],"acf":[],"yoast_head":"<!-- This site is optimized with the Yoast SEO Premium plugin v26.7 (Yoast SEO v26.7) - https:\/\/yoast.com\/wordpress\/plugins\/seo\/ -->\n<title>Tour du Doubs 2025 : Matt\u00e9o Vercher s&#039;offre son premier succ\u00e8s professionnel<\/title>\n<meta name=\"description\" content=\"TOUR DU DOUBS 2025 - Premi\u00e8re victoire professionnelle \u00e0 Morteau pour le Lyonnais Matt\u00e9o Vercher (Team TotalEnergies).\" \/>\n<meta name=\"robots\" content=\"index, follow, max-snippet:-1, max-image-preview:large, max-video-preview:-1\" \/>\n<link rel=\"canonical\" href=\"https:\/\/dicodusport.fr\/blog\/tour-du-doubs-2025-matteo-vercher-soffre-son-premier-succes-professionnel\/\" \/>\n<meta property=\"og:locale\" content=\"fr_FR\" \/>\n<meta property=\"og:type\" content=\"article\" \/>\n<meta property=\"og:title\" content=\"Tour du Doubs 2025 : Matt\u00e9o Vercher s&#039;offre son premier succ\u00e8s professionnel\" \/>\n<meta property=\"og:description\" content=\"TOUR DU DOUBS 2025 - Premi\u00e8re victoire professionnelle \u00e0 Morteau pour le Lyonnais Matt\u00e9o Vercher (Team TotalEnergies).\" \/>\n<meta property=\"og:url\" content=\"https:\/\/dicodusport.fr\/blog\/tour-du-doubs-2025-matteo-vercher-soffre-son-premier-succes-professionnel\/\" \/>\n<meta property=\"og:site_name\" content=\"Dicodusport\" \/>\n<meta property=\"article:publisher\" content=\"https:\/\/www.facebook.com\/dicodusport\" \/>\n<meta property=\"article:published_time\" content=\"2025-04-20T14:51:10+00:00\" \/>\n<meta property=\"article:modified_time\" content=\"2025-04-20T15:03:14+00:00\" \/>\n<meta property=\"og:image\" content=\"https:\/\/dicodusport.fr\/blog\/wp-content\/uploads\/2025\/04\/Tour-du-Doubs-2025-Matteo-Vercher-soffre-son-premier-succes-professionnel-1.png\" \/>\n\t<meta property=\"og:image:width\" content=\"1200\" \/>\n\t<meta property=\"og:image:height\" content=\"674\" \/>\n\t<meta property=\"og:image:type\" content=\"image\/png\" \/>\n<meta name=\"author\" content=\"Olivier Dobiezynski\" \/>\n<meta name=\"twitter:card\" content=\"summary_large_image\" \/>\n<meta name=\"twitter:title\" content=\"Tour du Doubs 2025 : Matt\u00e9o Vercher s&#039;offre son premier succ\u00e8s professionnel\" \/>\n<meta name=\"twitter:creator\" content=\"@https:\/\/x.com\/Olivier_Matros\" \/>\n<meta name=\"twitter:site\" content=\"@dicodusport\" \/>\n<script type=\"application\/ld+json\" class=\"yoast-schema-graph\">{\"@context\":\"https:\/\/schema.org\",\"@graph\":[{\"@type\":\"NewsArticle\",\"@id\":\"https:\/\/dicodusport.fr\/blog\/tour-du-doubs-2025-matteo-vercher-soffre-son-premier-succes-professionnel\/#article\",\"isPartOf\":{\"@id\":\"https:\/\/dicodusport.fr\/blog\/tour-du-doubs-2025-matteo-vercher-soffre-son-premier-succes-professionnel\/\"},\"author\":{\"name\":\"Olivier Dobiezynski\",\"@id\":\"https:\/\/dicodusport.fr\/blog\/#\/schema\/person\/fe500246414ca17ddf0c0312d7a792cc\"},\"headline\":\"Tour du Doubs 2025 : Matt\u00e9o Vercher s&rsquo;offre son premier succ\u00e8s professionnel\",\"datePublished\":\"2025-04-20T14:51:10+00:00\",\"dateModified\":\"2025-04-20T15:03:14+00:00\",\"mainEntityOfPage\":{\"@id\":\"https:\/\/dicodusport.fr\/blog\/tour-du-doubs-2025-matteo-vercher-soffre-son-premier-succes-professionnel\/\"},\"wordCount\":674,\"commentCount\":0,\"publisher\":{\"@id\":\"https:\/\/dicodusport.fr\/blog\/#organization\"},\"image\":{\"@id\":\"https:\/\/dicodusport.fr\/blog\/tour-du-doubs-2025-matteo-vercher-soffre-son-premier-succes-professionnel\/#primaryimage\"},\"thumbnailUrl\":\"https:\/\/dicodusport.fr\/blog\/wp-content\/uploads\/2025\/04\/Tour-du-Doubs-2025-Matteo-Vercher-soffre-son-premier-succes-professionnel-1.png\",\"keywords\":[\"Actualit\u00e9 Cyclisme\",\"br\u00e8ve\",\"Tour du Doubs\"],\"articleSection\":[\"Cyclisme sur route\"],\"inLanguage\":\"fr-FR\",\"potentialAction\":[{\"@type\":\"CommentAction\",\"name\":\"Comment\",\"target\":[\"https:\/\/dicodusport.fr\/blog\/tour-du-doubs-2025-matteo-vercher-soffre-son-premier-succes-professionnel\/#respond\"]}],\"copyrightYear\":\"2025\",\"copyrightHolder\":{\"@id\":\"https:\/\/dicodusport.fr\/blog\/#organization\"}},{\"@type\":\"WebPage\",\"@id\":\"https:\/\/dicodusport.fr\/blog\/tour-du-doubs-2025-matteo-vercher-soffre-son-premier-succes-professionnel\/\",\"url\":\"https:\/\/dicodusport.fr\/blog\/tour-du-doubs-2025-matteo-vercher-soffre-son-premier-succes-professionnel\/\",\"name\":\"Tour du Doubs 2025 : Matt\u00e9o Vercher s'offre son premier succ\u00e8s professionnel\",\"isPartOf\":{\"@id\":\"https:\/\/dicodusport.fr\/blog\/#website\"},\"primaryImageOfPage\":{\"@id\":\"https:\/\/dicodusport.fr\/blog\/tour-du-doubs-2025-matteo-vercher-soffre-son-premier-succes-professionnel\/#primaryimage\"},\"image\":{\"@id\":\"https:\/\/dicodusport.fr\/blog\/tour-du-doubs-2025-matteo-vercher-soffre-son-premier-succes-professionnel\/#primaryimage\"},\"thumbnailUrl\":\"https:\/\/dicodusport.fr\/blog\/wp-content\/uploads\/2025\/04\/Tour-du-Doubs-2025-Matteo-Vercher-soffre-son-premier-succes-professionnel-1.png\",\"datePublished\":\"2025-04-20T14:51:10+00:00\",\"dateModified\":\"2025-04-20T15:03:14+00:00\",\"description\":\"TOUR DU DOUBS 2025 - Premi\u00e8re victoire professionnelle \u00e0 Morteau pour le Lyonnais Matt\u00e9o Vercher (Team TotalEnergies).\",\"breadcrumb\":{\"@id\":\"https:\/\/dicodusport.fr\/blog\/tour-du-doubs-2025-matteo-vercher-soffre-son-premier-succes-professionnel\/#breadcrumb\"},\"inLanguage\":\"fr-FR\",\"potentialAction\":[{\"@type\":\"ReadAction\",\"target\":[\"https:\/\/dicodusport.fr\/blog\/tour-du-doubs-2025-matteo-vercher-soffre-son-premier-succes-professionnel\/\"]}]},{\"@type\":\"ImageObject\",\"inLanguage\":\"fr-FR\",\"@id\":\"https:\/\/dicodusport.fr\/blog\/tour-du-doubs-2025-matteo-vercher-soffre-son-premier-succes-professionnel\/#primaryimage\",\"url\":\"https:\/\/dicodusport.fr\/blog\/wp-content\/uploads\/2025\/04\/Tour-du-Doubs-2025-Matteo-Vercher-soffre-son-premier-succes-professionnel-1.png\",\"contentUrl\":\"https:\/\/dicodusport.fr\/blog\/wp-content\/uploads\/2025\/04\/Tour-du-Doubs-2025-Matteo-Vercher-soffre-son-premier-succes-professionnel-1.png\",\"width\":1200,\"height\":674,\"caption\":\"Tour du Doubs 2025 Matt\u00e9o Vercher s'offre son premier succ\u00e8s professionnel (1)\"},{\"@type\":\"BreadcrumbList\",\"@id\":\"https:\/\/dicodusport.fr\/blog\/tour-du-doubs-2025-matteo-vercher-soffre-son-premier-succes-professionnel\/#breadcrumb\",\"itemListElement\":[{\"@type\":\"ListItem\",\"position\":1,\"name\":\"Accueil\",\"item\":\"https:\/\/dicodusport.fr\/blog\/\"},{\"@type\":\"ListItem\",\"position\":2,\"name\":\"Tour du Doubs 2025 : Matt\u00e9o Vercher s&rsquo;offre son premier succ\u00e8s professionnel\"}]},{\"@type\":\"WebSite\",\"@id\":\"https:\/\/dicodusport.fr\/blog\/#website\",\"url\":\"https:\/\/dicodusport.fr\/blog\/\",\"name\":\"Dicodusport\",\"description\":\"L&#039;encyclop\u00e9die de l&#039;actualit\u00e9 sportive\",\"publisher\":{\"@id\":\"https:\/\/dicodusport.fr\/blog\/#organization\"},\"potentialAction\":[{\"@type\":\"SearchAction\",\"target\":{\"@type\":\"EntryPoint\",\"urlTemplate\":\"https:\/\/dicodusport.fr\/blog\/?s={search_term_string}\"},\"query-input\":{\"@type\":\"PropertyValueSpecification\",\"valueRequired\":true,\"valueName\":\"search_term_string\"}}],\"inLanguage\":\"fr-FR\"},{\"@type\":\"NewsMediaOrganization\",\"@id\":\"https:\/\/dicodusport.fr\/blog\/#organization\",\"name\":\"Dicodusport\",\"url\":\"https:\/\/dicodusport.fr\/blog\/\",\"logo\":{\"@type\":\"ImageObject\",\"inLanguage\":\"fr-FR\",\"@id\":\"https:\/\/dicodusport.fr\/blog\/#\/schema\/logo\/image\/\",\"url\":\"https:\/\/dicodusport.fr\/blog\/wp-content\/uploads\/2020\/06\/cropped-LOGO-DICODUSPORT-2020-SANS-FOND-SANS-TEXTE.png\",\"contentUrl\":\"https:\/\/dicodusport.fr\/blog\/wp-content\/uploads\/2020\/06\/cropped-LOGO-DICODUSPORT-2020-SANS-FOND-SANS-TEXTE.png\",\"width\":512,\"height\":512,\"caption\":\"Dicodusport\"},\"image\":{\"@id\":\"https:\/\/dicodusport.fr\/blog\/#\/schema\/logo\/image\/\"},\"sameAs\":[\"https:\/\/www.facebook.com\/dicodusport\",\"https:\/\/x.com\/dicodusport\",\"https:\/\/www.instagram.com\/dicodusport\/\",\"https:\/\/www.youtube.com\/channel\/UC7V2KZ5sd3htJivAbA4ZG3w\"],\"description\":\"Dicodusport est l'encyclop\u00e9die de l'actualit\u00e9 sportive.\",\"email\":\"bonjour@dicodusport.fr\",\"legalName\":\"DICODUSPORT\",\"foundingDate\":\"2018-01-14\",\"vatID\":\"FR71834470973\",\"taxID\":\"83447097300043\",\"numberOfEmployees\":{\"@type\":\"QuantitativeValue\",\"minValue\":\"1\",\"maxValue\":\"10\"}},{\"@type\":\"Person\",\"@id\":\"https:\/\/dicodusport.fr\/blog\/#\/schema\/person\/fe500246414ca17ddf0c0312d7a792cc\",\"name\":\"Olivier Dobiezynski\",\"image\":{\"@type\":\"ImageObject\",\"inLanguage\":\"fr-FR\",\"@id\":\"https:\/\/dicodusport.fr\/blog\/#\/schema\/person\/image\/\",\"url\":\"https:\/\/dicodusport.fr\/blog\/wp-content\/uploads\/2024\/09\/5be8fe8d-9962-4f1e-ad06-d6f9dee30e6d-150x150.jpg\",\"contentUrl\":\"https:\/\/dicodusport.fr\/blog\/wp-content\/uploads\/2024\/09\/5be8fe8d-9962-4f1e-ad06-d6f9dee30e6d-150x150.jpg\",\"caption\":\"Olivier Dobiezynski\"},\"description\":\"Depuis le milieu des ann\u00e9es 90, la passion du cyclisme m'anime. Mes h\u00e9ros s'appellent Luc Leblanc, Piotr Ugrumov, Paolo Savoldelli, Peter Sagan et bien \u00e9videmment Romain Bardet. R\u00e9dacteur depuis 2023, je suis ici pour partager cet amour de la Petite Reine. Vous pourrez me lire \u00e9galement sur du trail, du ski de fond et tout autre sujet susceptible d'\u00e9veiller ma curiosit\u00e9 sportive.\",\"sameAs\":[\"https:\/\/x.com\/https:\/\/x.com\/Olivier_Matros\"],\"url\":\"https:\/\/dicodusport.fr\/blog\/author\/olivier-gh\/\"}]}<\/script>\n<!-- \/ Yoast SEO Premium plugin. -->","yoast_head_json":{"title":"Tour du Doubs 2025 : Matt\u00e9o Vercher s'offre son premier succ\u00e8s professionnel","description":"TOUR DU DOUBS 2025 - Premi\u00e8re victoire professionnelle \u00e0 Morteau pour le Lyonnais Matt\u00e9o Vercher (Team TotalEnergies).","robots":{"index":"index","follow":"follow","max-snippet":"max-snippet:-1","max-image-preview":"max-image-preview:large","max-video-preview":"max-video-preview:-1"},"canonical":"https:\/\/dicodusport.fr\/blog\/tour-du-doubs-2025-matteo-vercher-soffre-son-premier-succes-professionnel\/","og_locale":"fr_FR","og_type":"article","og_title":"Tour du Doubs 2025 : Matt\u00e9o Vercher s'offre son premier succ\u00e8s professionnel","og_description":"TOUR DU DOUBS 2025 - Premi\u00e8re victoire professionnelle \u00e0 Morteau pour le Lyonnais Matt\u00e9o Vercher (Team TotalEnergies).","og_url":"https:\/\/dicodusport.fr\/blog\/tour-du-doubs-2025-matteo-vercher-soffre-son-premier-succes-professionnel\/","og_site_name":"Dicodusport","article_publisher":"https:\/\/www.facebook.com\/dicodusport","article_published_time":"2025-04-20T14:51:10+00:00","article_modified_time":"2025-04-20T15:03:14+00:00","og_image":[{"width":1200,"height":674,"url":"https:\/\/dicodusport.fr\/blog\/wp-content\/uploads\/2025\/04\/Tour-du-Doubs-2025-Matteo-Vercher-soffre-son-premier-succes-professionnel-1.png","type":"image\/png"}],"author":"Olivier Dobiezynski","twitter_card":"summary_large_image","twitter_title":"Tour du Doubs 2025 : Matt\u00e9o Vercher s'offre son premier succ\u00e8s professionnel","twitter_creator":"@https:\/\/x.com\/Olivier_Matros","twitter_site":"@dicodusport","schema":{"@context":"https:\/\/schema.org","@graph":[{"@type":"NewsArticle","@id":"https:\/\/dicodusport.fr\/blog\/tour-du-doubs-2025-matteo-vercher-soffre-son-premier-succes-professionnel\/#article","isPartOf":{"@id":"https:\/\/dicodusport.fr\/blog\/tour-du-doubs-2025-matteo-vercher-soffre-son-premier-succes-professionnel\/"},"author":{"name":"Olivier Dobiezynski","@id":"https:\/\/dicodusport.fr\/blog\/#\/schema\/person\/fe500246414ca17ddf0c0312d7a792cc"},"headline":"Tour du Doubs 2025 : Matt\u00e9o Vercher s&rsquo;offre son premier succ\u00e8s professionnel","datePublished":"2025-04-20T14:51:10+00:00","dateModified":"2025-04-20T15:03:14+00:00","mainEntityOfPage":{"@id":"https:\/\/dicodusport.fr\/blog\/tour-du-doubs-2025-matteo-vercher-soffre-son-premier-succes-professionnel\/"},"wordCount":674,"commentCount":0,"publisher":{"@id":"https:\/\/dicodusport.fr\/blog\/#organization"},"image":{"@id":"https:\/\/dicodusport.fr\/blog\/tour-du-doubs-2025-matteo-vercher-soffre-son-premier-succes-professionnel\/#primaryimage"},"thumbnailUrl":"https:\/\/dicodusport.fr\/blog\/wp-content\/uploads\/2025\/04\/Tour-du-Doubs-2025-Matteo-Vercher-soffre-son-premier-succes-professionnel-1.png","keywords":["Actualit\u00e9 Cyclisme","br\u00e8ve","Tour du Doubs"],"articleSection":["Cyclisme sur route"],"inLanguage":"fr-FR","potentialAction":[{"@type":"CommentAction","name":"Comment","target":["https:\/\/dicodusport.fr\/blog\/tour-du-doubs-2025-matteo-vercher-soffre-son-premier-succes-professionnel\/#respond"]}],"copyrightYear":"2025","copyrightHolder":{"@id":"https:\/\/dicodusport.fr\/blog\/#organization"}},{"@type":"WebPage","@id":"https:\/\/dicodusport.fr\/blog\/tour-du-doubs-2025-matteo-vercher-soffre-son-premier-succes-professionnel\/","url":"https:\/\/dicodusport.fr\/blog\/tour-du-doubs-2025-matteo-vercher-soffre-son-premier-succes-professionnel\/","name":"Tour du Doubs 2025 : Matt\u00e9o Vercher s'offre son premier succ\u00e8s professionnel","isPartOf":{"@id":"https:\/\/dicodusport.fr\/blog\/#website"},"primaryImageOfPage":{"@id":"https:\/\/dicodusport.fr\/blog\/tour-du-doubs-2025-matteo-vercher-soffre-son-premier-succes-professionnel\/#primaryimage"},"image":{"@id":"https:\/\/dicodusport.fr\/blog\/tour-du-doubs-2025-matteo-vercher-soffre-son-premier-succes-professionnel\/#primaryimage"},"thumbnailUrl":"https:\/\/dicodusport.fr\/blog\/wp-content\/uploads\/2025\/04\/Tour-du-Doubs-2025-Matteo-Vercher-soffre-son-premier-succes-professionnel-1.png","datePublished":"2025-04-20T14:51:10+00:00","dateModified":"2025-04-20T15:03:14+00:00","description":"TOUR DU DOUBS 2025 - Premi\u00e8re victoire professionnelle \u00e0 Morteau pour le Lyonnais Matt\u00e9o Vercher (Team TotalEnergies).","breadcrumb":{"@id":"https:\/\/dicodusport.fr\/blog\/tour-du-doubs-2025-matteo-vercher-soffre-son-premier-succes-professionnel\/#breadcrumb"},"inLanguage":"fr-FR","potentialAction":[{"@type":"ReadAction","target":["https:\/\/dicodusport.fr\/blog\/tour-du-doubs-2025-matteo-vercher-soffre-son-premier-succes-professionnel\/"]}]},{"@type":"ImageObject","inLanguage":"fr-FR","@id":"https:\/\/dicodusport.fr\/blog\/tour-du-doubs-2025-matteo-vercher-soffre-son-premier-succes-professionnel\/#primaryimage","url":"https:\/\/dicodusport.fr\/blog\/wp-content\/uploads\/2025\/04\/Tour-du-Doubs-2025-Matteo-Vercher-soffre-son-premier-succes-professionnel-1.png","contentUrl":"https:\/\/dicodusport.fr\/blog\/wp-content\/uploads\/2025\/04\/Tour-du-Doubs-2025-Matteo-Vercher-soffre-son-premier-succes-professionnel-1.png","width":1200,"height":674,"caption":"Tour du Doubs 2025 Matt\u00e9o Vercher s'offre son premier succ\u00e8s professionnel (1)"},{"@type":"BreadcrumbList","@id":"https:\/\/dicodusport.fr\/blog\/tour-du-doubs-2025-matteo-vercher-soffre-son-premier-succes-professionnel\/#breadcrumb","itemListElement":[{"@type":"ListItem","position":1,"name":"Accueil","item":"https:\/\/dicodusport.fr\/blog\/"},{"@type":"ListItem","position":2,"name":"Tour du Doubs 2025 : Matt\u00e9o Vercher s&rsquo;offre son premier succ\u00e8s professionnel"}]},{"@type":"WebSite","@id":"https:\/\/dicodusport.fr\/blog\/#website","url":"https:\/\/dicodusport.fr\/blog\/","name":"Dicodusport","description":"L&#039;encyclop\u00e9die de l&#039;actualit\u00e9 sportive","publisher":{"@id":"https:\/\/dicodusport.fr\/blog\/#organization"},"potentialAction":[{"@type":"SearchAction","target":{"@type":"EntryPoint","urlTemplate":"https:\/\/dicodusport.fr\/blog\/?s={search_term_string}"},"query-input":{"@type":"PropertyValueSpecification","valueRequired":true,"valueName":"search_term_string"}}],"inLanguage":"fr-FR"},{"@type":"NewsMediaOrganization","@id":"https:\/\/dicodusport.fr\/blog\/#organization","name":"Dicodusport","url":"https:\/\/dicodusport.fr\/blog\/","logo":{"@type":"ImageObject","inLanguage":"fr-FR","@id":"https:\/\/dicodusport.fr\/blog\/#\/schema\/logo\/image\/","url":"https:\/\/dicodusport.fr\/blog\/wp-content\/uploads\/2020\/06\/cropped-LOGO-DICODUSPORT-2020-SANS-FOND-SANS-TEXTE.png","contentUrl":"https:\/\/dicodusport.fr\/blog\/wp-content\/uploads\/2020\/06\/cropped-LOGO-DICODUSPORT-2020-SANS-FOND-SANS-TEXTE.png","width":512,"height":512,"caption":"Dicodusport"},"image":{"@id":"https:\/\/dicodusport.fr\/blog\/#\/schema\/logo\/image\/"},"sameAs":["https:\/\/www.facebook.com\/dicodusport","https:\/\/x.com\/dicodusport","https:\/\/www.instagram.com\/dicodusport\/","https:\/\/www.youtube.com\/channel\/UC7V2KZ5sd3htJivAbA4ZG3w"],"description":"Dicodusport est l'encyclop\u00e9die de l'actualit\u00e9 sportive.","email":"bonjour@dicodusport.fr","legalName":"DICODUSPORT","foundingDate":"2018-01-14","vatID":"FR71834470973","taxID":"83447097300043","numberOfEmployees":{"@type":"QuantitativeValue","minValue":"1","maxValue":"10"}},{"@type":"Person","@id":"https:\/\/dicodusport.fr\/blog\/#\/schema\/person\/fe500246414ca17ddf0c0312d7a792cc","name":"Olivier Dobiezynski","image":{"@type":"ImageObject","inLanguage":"fr-FR","@id":"https:\/\/dicodusport.fr\/blog\/#\/schema\/person\/image\/","url":"https:\/\/dicodusport.fr\/blog\/wp-content\/uploads\/2024\/09\/5be8fe8d-9962-4f1e-ad06-d6f9dee30e6d-150x150.jpg","contentUrl":"https:\/\/dicodusport.fr\/blog\/wp-content\/uploads\/2024\/09\/5be8fe8d-9962-4f1e-ad06-d6f9dee30e6d-150x150.jpg","caption":"Olivier Dobiezynski"},"description":"Depuis le milieu des ann\u00e9es 90, la passion du cyclisme m'anime. Mes h\u00e9ros s'appellent Luc Leblanc, Piotr Ugrumov, Paolo Savoldelli, Peter Sagan et bien \u00e9videmment Romain Bardet. R\u00e9dacteur depuis 2023, je suis ici pour partager cet amour de la Petite Reine. Vous pourrez me lire \u00e9galement sur du trail, du ski de fond et tout autre sujet susceptible d'\u00e9veiller ma curiosit\u00e9 sportive.","sameAs":["https:\/\/x.com\/https:\/\/x.com\/Olivier_Matros"],"url":"https:\/\/dicodusport.fr\/blog\/author\/olivier-gh\/"}]}},"_links":{"self":[{"href":"https:\/\/dicodusport.fr\/blog\/wp-json\/wp\/v2\/posts\/573668","targetHints":{"allow":["GET"]}}],"collection":[{"href":"https:\/\/dicodusport.fr\/blog\/wp-json\/wp\/v2\/posts"}],"about":[{"href":"https:\/\/dicodusport.fr\/blog\/wp-json\/wp\/v2\/types\/post"}],"author":[{"embeddable":true,"href":"https:\/\/dicodusport.fr\/blog\/wp-json\/wp\/v2\/users\/92"}],"replies":[{"embeddable":true,"href":"https:\/\/dicodusport.fr\/blog\/wp-json\/wp\/v2\/comments?post=573668"}],"version-history":[{"count":5,"href":"https:\/\/dicodusport.fr\/blog\/wp-json\/wp\/v2\/posts\/573668\/revisions"}],"predecessor-version":[{"id":573698,"href":"https:\/\/dicodusport.fr\/blog\/wp-json\/wp\/v2\/posts\/573668\/revisions\/573698"}],"wp:featuredmedia":[{"embeddable":true,"href":"https:\/\/dicodusport.fr\/blog\/wp-json\/wp\/v2\/media\/573705"}],"wp:attachment":[{"href":"https:\/\/dicodusport.fr\/blog\/wp-json\/wp\/v2\/media?parent=573668"}],"wp:term":[{"taxonomy":"category","embeddable":true,"href":"https:\/\/dicodusport.fr\/blog\/wp-json\/wp\/v2\/categories?post=573668"},{"taxonomy":"post_tag","embeddable":true,"href":"https:\/\/dicodusport.fr\/blog\/wp-json\/wp\/v2\/tags?post=573668"}],"curies":[{"name":"wp","href":"https:\/\/api.w.org\/{rel}","templated":true}]}}