{"id":573776,"date":"2025-04-23T12:57:31","date_gmt":"2025-04-23T10:57:31","guid":{"rendered":"https:\/\/dicodusport.fr\/blog\/?p=573776&#038;preview=true&#038;preview_id=573776"},"modified":"2025-04-23T12:57:14","modified_gmt":"2025-04-23T10:57:14","slug":"la-fleche-wallonne-2025-parcours-detaille-et-profil","status":"publish","type":"post","link":"https:\/\/dicodusport.fr\/blog\/la-fleche-wallonne-2025-parcours-detaille-et-profil\/","title":{"rendered":"La Fl\u00e8che Wallonne 2025 : Profil et parcours de la course"},"content":{"rendered":"<h4 style=\"text-align: justify;\"><em>Retrouvez le parcours complet et le profil de la Fl\u00e8che Wallonne 2025, la classique ardennaise, qui se d\u00e9roule ce mercredi 23 avril entre Ciney et le Mur de Huy (205 km).<\/em><\/h4>\n<p style=\"text-align: justify;\">La <strong>89\u00e8me \u00e9dition de la <a href=\"https:\/\/www.la-fleche-wallonne.be\/fr\">Fl\u00e8che Wallonne<\/a><\/strong> aura lieu ce <strong>mercredi 23 avril 2025<\/strong> sur les routes des provinces de Namur et de Li\u00e8ge. 205 kilom\u00e8tres entre Ciney et Huy avec 11 c\u00f4tes seront au programme, dont trois fois le terrible Mur de Huy. Enlev\u00e9e du parcours l\u2019an dernier, la <strong>C\u00f4te de Cherave <\/strong>fera son retour sur la boucle finale autour de Huy, \u00e0 parcourir \u00e0 trois reprises. <strong>Parcours et profil de la Fl\u00e8che Wallonne 2025<\/strong>.<\/p>\n<ul>\n<li style=\"text-align: justify;\"><strong>\u00c0 ce sujet &#8211; <a href=\"https:\/\/dicodusport.fr\/blog\/actualites\/cyclisme\/cyclisme-sur-route-2025\/\">L&rsquo;actualit\u00e9 du cyclisme sur route<\/a><\/strong><\/li>\n<\/ul>\n<h2 style=\"text-align: justify;\">Le parcours d\u00e9taill\u00e9 de La Fl\u00e8che Wallonne 2025<\/h2>\n<p style=\"text-align: justify;\"><span class=\"tojvnm2t a6sixzi8 abs2jz4q a8s20v7p t1p8iaqh k5wvi7nf q3lfd5jv pk4s997a bipmatt0 cebpdrjk qowsmv63 owwhemhu dp1hu0rb dhp61c6y iyyx5f41\">D&rsquo;abord, le d\u00e9part sera donn\u00e9 depuis <strong>Ciney,<\/strong> en province de Namur, pour prendre la direction du sud pour rejoindre. Le peloton prendra la direction de la <strong>C\u00f4te de Ver<\/strong> (1,4 km \u00e0 4,6 %), apr\u00e8s une vingtaine de kilom\u00e8tres de course, puis <strong>Rochefort<\/strong>. Les 110 premiers kilom\u00e8tres seront une partie de liaison pour rejoindre le c\u00e9l\u00e8bre circuit final.<\/span><\/p>\n<p style=\"text-align: justify;\">Puis, les coureurs iront vers le nord pour traverser les localit\u00e9s de <strong>Buissonville<\/strong> et de <strong>Baillonville<\/strong> avant de grimper la <strong>C\u00f4te de la Petite Somme<\/strong> (1,2 km \u00e0 8,8 %)<strong>. <\/strong>Par la suite, apr\u00e8s \u00eatre pass\u00e9s par <strong>Modave<\/strong>, ils entreront sur le circuit final avec les ascensions de la <strong>C\u00f4te d&rsquo;Ereffe<\/strong> (2,1 km \u00e0 5 %), la <strong>C\u00f4te de Cherave<\/strong> (1,3 km \u00e0 7,6 %) et la premi\u00e8re ascension du <strong>Mur de Huy<\/strong> (1,3 km \u00e0 9,6 %) \u00e0 pr\u00e8s de 70 kilom\u00e8tres de l&rsquo;arriv\u00e9e. Enfin, le peloton effectuera trois autres boucles de 37,5 kilom\u00e8tres avec les c\u00f4tes d&rsquo;Ereffe, de Cherave et le Mur de Huy. Apr\u00e8s le sommet du Mur de Huy, il y aura une quinzaine de kilom\u00e8tres sur un plateau avant de descendre sur la deuxi\u00e8me difficult\u00e9.<\/p>\n<p style=\"text-align: justify;\">Apr\u00e8s la <strong>C\u00f4te d&rsquo;Ereffe<\/strong>, la route restera accident\u00e9e quelques kilom\u00e8tres avant une portion descendante pour rejoindre la vall\u00e9e du Hoyoux. Le peloton atteindra l&rsquo;avant-derni\u00e8re mont\u00e9e du circuit. La <strong>C\u00f4te de Cherave<\/strong> sera entam\u00e9e apr\u00e8s un petit passage \u00e0 niveau et sera en ligne droite avec un passage \u00e0 13 %. Le sommet se situera \u00e0 cinq kilom\u00e8tres de l&rsquo;arriv\u00e9e. Au sommet, les coureurs descendront sur <strong>Huy.<\/strong><\/p>\n<div class=\"vlp-link-container vlp-layout-article\"><a href=\"https:\/\/dicodusport.fr\/blog\/la-fleche-wallonne-2025-favoris-et-outsiders-de-la-course\/\" class=\"vlp-link\" title=\"La Fl\u00e8che Wallonne 2025 : Cha\u00eene TV, Engag\u00e9s et Favoris\"><\/a><div class=\"vlp-layout-zone-side\"><div class=\"vlp-block-4 vlp-link-image\"><img loading=\"lazy\" decoding=\"async\" style=\"max-width: 792px;\" width=\"792\" height=\"445\" src=\"https:\/\/dicodusport.fr\/blog\/wp-content\/uploads\/2025\/04\/La-Fleche-Wallonne-2025-Chaine-TV-Engages-et-Favoris.png\" class=\"attachment-800x445 size-800x445\" alt=\"La Fl\u00e8che Wallonne 2025 Cha\u00eene TV, Engag\u00e9s et Favoris\" srcset=\"https:\/\/dicodusport.fr\/blog\/wp-content\/uploads\/2025\/04\/La-Fleche-Wallonne-2025-Chaine-TV-Engages-et-Favoris.png 1200w, https:\/\/dicodusport.fr\/blog\/wp-content\/uploads\/2025\/04\/La-Fleche-Wallonne-2025-Chaine-TV-Engages-et-Favoris-300x169.png 300w, https:\/\/dicodusport.fr\/blog\/wp-content\/uploads\/2025\/04\/La-Fleche-Wallonne-2025-Chaine-TV-Engages-et-Favoris-1024x575.png 1024w, https:\/\/dicodusport.fr\/blog\/wp-content\/uploads\/2025\/04\/La-Fleche-Wallonne-2025-Chaine-TV-Engages-et-Favoris-768x431.png 768w\" sizes=\"auto, (max-width: 792px) 100vw, 792px\" \/><\/div><\/div><div class=\"vlp-layout-zone-main\"><div class=\"vlp-block-0 vlp-link-title\">La Fl\u00e8che Wallonne 2025 : Cha\u00eene TV, Engag\u00e9s et Favoris<\/div><div class=\"vlp-block-1 vlp-link-summary\">Retrouvez les informations sur la diffusion TV, la liste des engag\u00e9s et les favoris de la Fl\u00e8che Wallonne 2025, qui se d\u00e9roule ce mercredi 23 avril.<\/div><div class=\"vlp-block-2 vlp-link-button\">Lire l'article<\/div><div class=\"vlp-block-3 vlp-link-url\">dicodusport.fr<\/div><\/div><\/div>\n<h3 style=\"text-align: justify;\">Le juge de paix : le Mur de Huy<\/h3>\n<p style=\"text-align: justify;\">L\u2019ascension d\u00e9bute sur l\u2019Avenue du Condroz, via une ligne droite qui sera longue d\u2019environ 600 m\u00e8tres, sur une pente moyenne \u00e0 environ 7 %. Cette portion permet aux \u00e9quipiers de placer leur leader \u00e0 l\u2019avant du peloton. Puis, les coureurs vireront \u00e0 droite et la chauss\u00e9e se r\u00e9duira d\u2019un coup pour p\u00e9n\u00e9trer sur le <strong>Chemin des Chapelles<\/strong>, avec ses six chapelles datant du XVII\u00e8me si\u00e8cle, inscrites au patrimoine immobilier class\u00e9 de Huy. Si un leader n\u2019est pas plac\u00e9 dans les 30 premi\u00e8res positions, ses espoirs de victoire auront, d\u00e9j\u00e0, fortement diminu\u00e9.<\/p>\n<p style=\"text-align: justify;\">En plus d\u2019une route tr\u00e8s \u00e9troite, cette derni\u00e8re va se cabrer \u00e0 10 %. Par la suite, apr\u00e8s avoir pris un petit virage \u00e0 droite, la pente va s\u2019accentuer progressivement de 12 % \u00e0 14 %. Au moment d\u2019aborder le virage <strong>Claudy Criquielion<\/strong>, les coureurs feront face aux pentes les plus abruptes autour des 20 %. C&rsquo;est dans ce virage que Criquielion a attaqu\u00e9 en 1989 pour distancer Steven Rooks lors de son deuxi\u00e8me succ\u00e8s. Une st\u00e8le en hommage au champion est plac\u00e9e \u00e0 cet endroit.<\/p>\n<p style=\"text-align: justify;\">Les coureurs \u00e9viteront de passer trop \u00e0 l\u2019int\u00e9rieur du virage, puisque la pente y atteindra 26 %, tandis que ceux qui seront d\u00e9j\u00e0 dans le rouge prendront au plus large. Enfin, sur les 400 derniers m\u00e8tres, avec une courbe \u00e0 gauche, la pente se calmera au fur et \u00e0 mesure en passant de 19 % \u00e0 9 % avec des derniers m\u00e8tres quasiment plats. L\u2019arriv\u00e9e est plac\u00e9e presque \u00e0 hauteur de Notre-Dame de la Sarte.<\/p>\n<div id=\"attachment_217143\" style=\"width: 970px\" class=\"wp-caption aligncenter\"><a href=\"https:\/\/dicodusport.fr\/blog\/wp-content\/uploads\/2022\/01\/Le-profil-du-Mur-de-Huy.jpg\"><img loading=\"lazy\" decoding=\"async\" aria-describedby=\"caption-attachment-217143\" class=\"wp-image-217143 size-full\" src=\"https:\/\/dicodusport.fr\/blog\/wp-content\/uploads\/2022\/01\/Le-profil-du-Mur-de-Huy.jpg\" alt=\"Le profil du Mur de Huy\" width=\"960\" height=\"660\" srcset=\"https:\/\/dicodusport.fr\/blog\/wp-content\/uploads\/2022\/01\/Le-profil-du-Mur-de-Huy.jpg 960w, https:\/\/dicodusport.fr\/blog\/wp-content\/uploads\/2022\/01\/Le-profil-du-Mur-de-Huy-300x206.jpg 300w, https:\/\/dicodusport.fr\/blog\/wp-content\/uploads\/2022\/01\/Le-profil-du-Mur-de-Huy-768x528.jpg 768w\" sizes=\"auto, (max-width: 960px) 100vw, 960px\" \/><\/a><p id=\"caption-attachment-217143\" class=\"wp-caption-text\">Le profil du Mur de Huy &#8211; Via ASO<\/p><\/div>\n<p style=\"text-align: justify;\">Le <strong>Mur de Huy<\/strong> a \u00e9t\u00e9 pour la premi\u00e8re fois escalad\u00e9 sur la Fl\u00e8che Wallonne en 1982. Mais c\u2019est lors de l\u2019\u00e9dition 1985 que l\u2019arriv\u00e9e fut jug\u00e9e au sommet du mur pour la premi\u00e8re fois, avec la victoire de <strong>Claudy Criquielion<\/strong>, maillot de champion du monde sur les \u00e9paules. Le record de la mont\u00e9e est d\u00e9tenu par Alejandro Valverde.<\/p>\n<h2 style=\"text-align: justify;\">Le profil de La Fl\u00e8che Wallonne 2025<\/h2>\n<div id=\"attachment_573816\" style=\"width: 1210px\" class=\"wp-caption aligncenter\"><a href=\"https:\/\/dicodusport.fr\/blog\/wp-content\/uploads\/2025\/04\/Profil-de-La-Fleche-Wallonne-2025.webp\"><img loading=\"lazy\" decoding=\"async\" aria-describedby=\"caption-attachment-573816\" class=\"size-full wp-image-573816\" src=\"https:\/\/dicodusport.fr\/blog\/wp-content\/uploads\/2025\/04\/Profil-de-La-Fleche-Wallonne-2025.webp\" alt=\"Profil de La Fl\u00e8che Wallonne 2025\" width=\"1200\" height=\"725\" srcset=\"https:\/\/dicodusport.fr\/blog\/wp-content\/uploads\/2025\/04\/Profil-de-La-Fleche-Wallonne-2025.webp 1200w, https:\/\/dicodusport.fr\/blog\/wp-content\/uploads\/2025\/04\/Profil-de-La-Fleche-Wallonne-2025-300x181.webp 300w, https:\/\/dicodusport.fr\/blog\/wp-content\/uploads\/2025\/04\/Profil-de-La-Fleche-Wallonne-2025-1024x619.webp 1024w, https:\/\/dicodusport.fr\/blog\/wp-content\/uploads\/2025\/04\/Profil-de-La-Fleche-Wallonne-2025-768x464.webp 768w\" sizes=\"auto, (max-width: 1200px) 100vw, 1200px\" \/><\/a><p id=\"caption-attachment-573816\" class=\"wp-caption-text\">Profil de La Fl\u00e8che Wallonne 2025<\/p><\/div>\n<hr \/>\n<h2 style=\"text-align: justify;\">Le palmar\u00e8s de la Fl\u00e8che Wallonne depuis 2011<\/h2>\n<p style=\"text-align: justify;\"><strong>2024 :<\/strong> WILLIAMS Stephen &#8211; <a href=\"https:\/\/dicodusport.fr\/blog\/classement-la-fleche-wallonne-2024\/\"><em>Classement de la course<\/em><\/a><\/p>\n<p style=\"text-align: justify;\"><strong>2023 :<\/strong> POGACAR Tadej &#8211; <a href=\"https:\/\/dicodusport.fr\/blog\/classement-la-fleche-wallonne-2023\/\"><em>Classement de la course<\/em><\/a><\/p>\n<p style=\"text-align: justify;\"><strong>2022 :<\/strong> TEUNS Dylan &#8211; <em><a href=\"https:\/\/dicodusport.fr\/blog\/classement-fleche-wallonne-2022\/\">Classement de la course<\/a><\/em><\/p>\n<p style=\"text-align: justify;\"><strong>2021 :<\/strong> ALAPHILIPPE Julian &#8211; <a href=\"https:\/\/dicodusport.fr\/blog\/la-fleche-wallonne-2021-classement-de-la-course\/\"><em>Classement de la course<\/em><\/a><\/p>\n<p style=\"text-align: justify;\"><strong>2020 :<\/strong> HIRSCHI Marc &#8211; <a href=\"https:\/\/dicodusport.fr\/blog\/la-fleche-wallonne-2020-classement-course-hommes\/\"><em>Classement de la course<\/em><\/a><\/p>\n<p style=\"text-align: justify;\"><strong>2019 :<\/strong> ALAPHILIPPE Julian<\/p>\n<p style=\"text-align: justify;\"><strong>2018 :<\/strong> ALAPHILIPPE Julian<\/p>\n<p style=\"text-align: justify;\"><strong>2017 :<\/strong> VALVERDE Alejandro<\/p>\n<p style=\"text-align: justify;\"><strong>2016 :<\/strong> VALVERDE Alejandro<\/p>\n<p style=\"text-align: justify;\"><strong>2015 :<\/strong> VALVERDE Alejandro<\/p>\n<p style=\"text-align: justify;\"><strong>2014 :<\/strong> VALVERDE Alejandro<\/p>\n<p style=\"text-align: justify;\"><strong>2013 :<\/strong> MORENO Daniel<\/p>\n<p style=\"text-align: justify;\"><strong>2012 :<\/strong> RODR\u00cdGUEZ Joaquim<\/p>\n<p style=\"text-align: justify;\"><strong>2011 :<\/strong> GILBERT Philippe<\/p>\n","protected":false},"excerpt":{"rendered":"<p>Retrouvez le parcours complet et le profil de la Fl\u00e8che Wallonne 2025, la classique ardennaise, qui se d\u00e9roule ce mercredi 23 avril entre Ciney et le Mur de Huy (205 km).<\/p>\n","protected":false},"author":48,"featured_media":574004,"comment_status":"open","ping_status":"closed","sticky":false,"template":"","format":"standard","meta":{"_acf_changed":false,"_daextam_enable_autolinks":"1","footnotes":""},"categories":[46994],"tags":[3119,16878,7706],"class_list":["post-573776","post","type-post","status-publish","format-standard","has-post-thumbnail","hentry","category-cyclisme-sur-route","tag-actualite-cyclisme","tag-breve","tag-la-fleche-wallonne"],"acf":[],"yoast_head":"<!-- This site is optimized with the Yoast SEO Premium plugin v26.7 (Yoast SEO v26.7) - https:\/\/yoast.com\/wordpress\/plugins\/seo\/ -->\n<title>La Fl\u00e8che Wallonne 2025 : Profil et parcours de la course<\/title>\n<meta name=\"description\" content=\"Retrouvez le parcours complet et le profil de la Fl\u00e8che Wallonne 2025, la classique ardennaise, qui se d\u00e9roule ce mercredi 23 avril.\" \/>\n<meta name=\"robots\" content=\"index, follow, max-snippet:-1, max-image-preview:large, max-video-preview:-1\" \/>\n<link rel=\"canonical\" href=\"https:\/\/dicodusport.fr\/blog\/la-fleche-wallonne-2025-parcours-detaille-et-profil\/\" \/>\n<meta property=\"og:locale\" content=\"fr_FR\" \/>\n<meta property=\"og:type\" content=\"article\" \/>\n<meta property=\"og:title\" content=\"La Fl\u00e8che Wallonne 2025 : Profil et parcours de la course\" \/>\n<meta property=\"og:description\" content=\"Retrouvez le parcours complet et le profil de la Fl\u00e8che Wallonne 2025, la classique ardennaise, qui se d\u00e9roule ce mercredi 23 avril.\" \/>\n<meta property=\"og:url\" content=\"https:\/\/dicodusport.fr\/blog\/la-fleche-wallonne-2025-parcours-detaille-et-profil\/\" \/>\n<meta property=\"og:site_name\" content=\"Dicodusport\" \/>\n<meta property=\"article:publisher\" content=\"https:\/\/www.facebook.com\/dicodusport\" \/>\n<meta property=\"article:author\" content=\"https:\/\/www.facebook.com\/groups\/LesRoisDuPeloton\" \/>\n<meta property=\"article:published_time\" content=\"2025-04-23T10:57:31+00:00\" \/>\n<meta property=\"og:image\" content=\"https:\/\/dicodusport.fr\/blog\/wp-content\/uploads\/2025\/04\/La-Fleche-Wallonne-2025-Parcours-et-profil-de-la-course.png\" \/>\n\t<meta property=\"og:image:width\" content=\"1200\" \/>\n\t<meta property=\"og:image:height\" content=\"674\" \/>\n\t<meta property=\"og:image:type\" content=\"image\/png\" \/>\n<meta name=\"author\" content=\"Emilien Descampiaux\" \/>\n<meta name=\"twitter:card\" content=\"summary_large_image\" \/>\n<meta name=\"twitter:title\" content=\"La Fl\u00e8che Wallonne 2025 : Profil et parcours de la course\" \/>\n<meta name=\"twitter:creator\" content=\"@https:\/\/twitter.com\/LRoisDuPeloton\" \/>\n<meta name=\"twitter:site\" content=\"@dicodusport\" \/>\n<script type=\"application\/ld+json\" class=\"yoast-schema-graph\">{\"@context\":\"https:\/\/schema.org\",\"@graph\":[{\"@type\":\"NewsArticle\",\"@id\":\"https:\/\/dicodusport.fr\/blog\/la-fleche-wallonne-2025-parcours-detaille-et-profil\/#article\",\"isPartOf\":{\"@id\":\"https:\/\/dicodusport.fr\/blog\/la-fleche-wallonne-2025-parcours-detaille-et-profil\/\"},\"author\":{\"name\":\"Emilien Descampiaux\",\"@id\":\"https:\/\/dicodusport.fr\/blog\/#\/schema\/person\/6db4bae06b171592211be385b32876a7\"},\"headline\":\"La Fl\u00e8che Wallonne 2025 : Profil et parcours de la course\",\"datePublished\":\"2025-04-23T10:57:31+00:00\",\"mainEntityOfPage\":{\"@id\":\"https:\/\/dicodusport.fr\/blog\/la-fleche-wallonne-2025-parcours-detaille-et-profil\/\"},\"wordCount\":905,\"commentCount\":0,\"publisher\":{\"@id\":\"https:\/\/dicodusport.fr\/blog\/#organization\"},\"image\":{\"@id\":\"https:\/\/dicodusport.fr\/blog\/la-fleche-wallonne-2025-parcours-detaille-et-profil\/#primaryimage\"},\"thumbnailUrl\":\"https:\/\/dicodusport.fr\/blog\/wp-content\/uploads\/2025\/04\/La-Fleche-Wallonne-2025-Parcours-et-profil-de-la-course.png\",\"keywords\":[\"Actualit\u00e9 Cyclisme\",\"br\u00e8ve\",\"La Fl\u00e8che Wallonne\"],\"articleSection\":[\"Cyclisme sur route\"],\"inLanguage\":\"fr-FR\",\"potentialAction\":[{\"@type\":\"CommentAction\",\"name\":\"Comment\",\"target\":[\"https:\/\/dicodusport.fr\/blog\/la-fleche-wallonne-2025-parcours-detaille-et-profil\/#respond\"]}],\"copyrightYear\":\"2025\",\"copyrightHolder\":{\"@id\":\"https:\/\/dicodusport.fr\/blog\/#organization\"}},{\"@type\":\"WebPage\",\"@id\":\"https:\/\/dicodusport.fr\/blog\/la-fleche-wallonne-2025-parcours-detaille-et-profil\/\",\"url\":\"https:\/\/dicodusport.fr\/blog\/la-fleche-wallonne-2025-parcours-detaille-et-profil\/\",\"name\":\"La Fl\u00e8che Wallonne 2025 : Profil et parcours de la course\",\"isPartOf\":{\"@id\":\"https:\/\/dicodusport.fr\/blog\/#website\"},\"primaryImageOfPage\":{\"@id\":\"https:\/\/dicodusport.fr\/blog\/la-fleche-wallonne-2025-parcours-detaille-et-profil\/#primaryimage\"},\"image\":{\"@id\":\"https:\/\/dicodusport.fr\/blog\/la-fleche-wallonne-2025-parcours-detaille-et-profil\/#primaryimage\"},\"thumbnailUrl\":\"https:\/\/dicodusport.fr\/blog\/wp-content\/uploads\/2025\/04\/La-Fleche-Wallonne-2025-Parcours-et-profil-de-la-course.png\",\"datePublished\":\"2025-04-23T10:57:31+00:00\",\"description\":\"Retrouvez le parcours complet et le profil de la Fl\u00e8che Wallonne 2025, la classique ardennaise, qui se d\u00e9roule ce mercredi 23 avril.\",\"breadcrumb\":{\"@id\":\"https:\/\/dicodusport.fr\/blog\/la-fleche-wallonne-2025-parcours-detaille-et-profil\/#breadcrumb\"},\"inLanguage\":\"fr-FR\",\"potentialAction\":[{\"@type\":\"ReadAction\",\"target\":[\"https:\/\/dicodusport.fr\/blog\/la-fleche-wallonne-2025-parcours-detaille-et-profil\/\"]}]},{\"@type\":\"ImageObject\",\"inLanguage\":\"fr-FR\",\"@id\":\"https:\/\/dicodusport.fr\/blog\/la-fleche-wallonne-2025-parcours-detaille-et-profil\/#primaryimage\",\"url\":\"https:\/\/dicodusport.fr\/blog\/wp-content\/uploads\/2025\/04\/La-Fleche-Wallonne-2025-Parcours-et-profil-de-la-course.png\",\"contentUrl\":\"https:\/\/dicodusport.fr\/blog\/wp-content\/uploads\/2025\/04\/La-Fleche-Wallonne-2025-Parcours-et-profil-de-la-course.png\",\"width\":1200,\"height\":674,\"caption\":\"La Fl\u00e8che Wallonne 2025 Parcours et profil de la course\"},{\"@type\":\"BreadcrumbList\",\"@id\":\"https:\/\/dicodusport.fr\/blog\/la-fleche-wallonne-2025-parcours-detaille-et-profil\/#breadcrumb\",\"itemListElement\":[{\"@type\":\"ListItem\",\"position\":1,\"name\":\"Accueil\",\"item\":\"https:\/\/dicodusport.fr\/blog\/\"},{\"@type\":\"ListItem\",\"position\":2,\"name\":\"La Fl\u00e8che Wallonne 2025 : Profil et parcours de la course\"}]},{\"@type\":\"WebSite\",\"@id\":\"https:\/\/dicodusport.fr\/blog\/#website\",\"url\":\"https:\/\/dicodusport.fr\/blog\/\",\"name\":\"Dicodusport\",\"description\":\"L&#039;encyclop\u00e9die de l&#039;actualit\u00e9 sportive\",\"publisher\":{\"@id\":\"https:\/\/dicodusport.fr\/blog\/#organization\"},\"potentialAction\":[{\"@type\":\"SearchAction\",\"target\":{\"@type\":\"EntryPoint\",\"urlTemplate\":\"https:\/\/dicodusport.fr\/blog\/?s={search_term_string}\"},\"query-input\":{\"@type\":\"PropertyValueSpecification\",\"valueRequired\":true,\"valueName\":\"search_term_string\"}}],\"inLanguage\":\"fr-FR\"},{\"@type\":\"NewsMediaOrganization\",\"@id\":\"https:\/\/dicodusport.fr\/blog\/#organization\",\"name\":\"Dicodusport\",\"url\":\"https:\/\/dicodusport.fr\/blog\/\",\"logo\":{\"@type\":\"ImageObject\",\"inLanguage\":\"fr-FR\",\"@id\":\"https:\/\/dicodusport.fr\/blog\/#\/schema\/logo\/image\/\",\"url\":\"https:\/\/dicodusport.fr\/blog\/wp-content\/uploads\/2020\/06\/cropped-LOGO-DICODUSPORT-2020-SANS-FOND-SANS-TEXTE.png\",\"contentUrl\":\"https:\/\/dicodusport.fr\/blog\/wp-content\/uploads\/2020\/06\/cropped-LOGO-DICODUSPORT-2020-SANS-FOND-SANS-TEXTE.png\",\"width\":512,\"height\":512,\"caption\":\"Dicodusport\"},\"image\":{\"@id\":\"https:\/\/dicodusport.fr\/blog\/#\/schema\/logo\/image\/\"},\"sameAs\":[\"https:\/\/www.facebook.com\/dicodusport\",\"https:\/\/x.com\/dicodusport\",\"https:\/\/www.instagram.com\/dicodusport\/\",\"https:\/\/www.youtube.com\/channel\/UC7V2KZ5sd3htJivAbA4ZG3w\"],\"description\":\"Dicodusport est l'encyclop\u00e9die de l'actualit\u00e9 sportive.\",\"email\":\"bonjour@dicodusport.fr\",\"legalName\":\"DICODUSPORT\",\"foundingDate\":\"2018-01-14\",\"vatID\":\"FR71834470973\",\"taxID\":\"83447097300043\",\"numberOfEmployees\":{\"@type\":\"QuantitativeValue\",\"minValue\":\"1\",\"maxValue\":\"10\"}},{\"@type\":\"Person\",\"@id\":\"https:\/\/dicodusport.fr\/blog\/#\/schema\/person\/6db4bae06b171592211be385b32876a7\",\"name\":\"Emilien Descampiaux\",\"image\":{\"@type\":\"ImageObject\",\"inLanguage\":\"fr-FR\",\"@id\":\"https:\/\/dicodusport.fr\/blog\/#\/schema\/person\/image\/\",\"url\":\"https:\/\/dicodusport.fr\/blog\/wp-content\/uploads\/2021\/05\/Emilien-Descampiaux-150x150.jpg\",\"contentUrl\":\"https:\/\/dicodusport.fr\/blog\/wp-content\/uploads\/2021\/05\/Emilien-Descampiaux-150x150.jpg\",\"caption\":\"Emilien Descampiaux\"},\"description\":\"Journaliste\/r\u00e9dacteur depuis 2014 - Fan de la classe de Frank Vandenbroucke, je vis cyclisme (et de ses paysages) depuis plus de 20 ans. Je suis tr\u00e8s impliqu\u00e9 sur mes diff\u00e9rents r\u00e9seaux sociaux pour partager ma passion sur le monde et l'Histoire de la bicyclette avec ma voix sur les images en noir et blanc du succ\u00e8s de Rik Van Steenbergen lors du Ronde sur le V\u00e9lodrome de Gand.\",\"sameAs\":[\"https:\/\/www.facebook.com\/groups\/LesRoisDuPeloton\",\"https:\/\/x.com\/https:\/\/twitter.com\/LRoisDuPeloton\"],\"url\":\"https:\/\/dicodusport.fr\/blog\/author\/emiliend\/\"}]}<\/script>\n<!-- \/ Yoast SEO Premium plugin. -->","yoast_head_json":{"title":"La Fl\u00e8che Wallonne 2025 : Profil et parcours de la course","description":"Retrouvez le parcours complet et le profil de la Fl\u00e8che Wallonne 2025, la classique ardennaise, qui se d\u00e9roule ce mercredi 23 avril.","robots":{"index":"index","follow":"follow","max-snippet":"max-snippet:-1","max-image-preview":"max-image-preview:large","max-video-preview":"max-video-preview:-1"},"canonical":"https:\/\/dicodusport.fr\/blog\/la-fleche-wallonne-2025-parcours-detaille-et-profil\/","og_locale":"fr_FR","og_type":"article","og_title":"La Fl\u00e8che Wallonne 2025 : Profil et parcours de la course","og_description":"Retrouvez le parcours complet et le profil de la Fl\u00e8che Wallonne 2025, la classique ardennaise, qui se d\u00e9roule ce mercredi 23 avril.","og_url":"https:\/\/dicodusport.fr\/blog\/la-fleche-wallonne-2025-parcours-detaille-et-profil\/","og_site_name":"Dicodusport","article_publisher":"https:\/\/www.facebook.com\/dicodusport","article_author":"https:\/\/www.facebook.com\/groups\/LesRoisDuPeloton","article_published_time":"2025-04-23T10:57:31+00:00","og_image":[{"width":1200,"height":674,"url":"https:\/\/dicodusport.fr\/blog\/wp-content\/uploads\/2025\/04\/La-Fleche-Wallonne-2025-Parcours-et-profil-de-la-course.png","type":"image\/png"}],"author":"Emilien Descampiaux","twitter_card":"summary_large_image","twitter_title":"La Fl\u00e8che Wallonne 2025 : Profil et parcours de la course","twitter_creator":"@https:\/\/twitter.com\/LRoisDuPeloton","twitter_site":"@dicodusport","schema":{"@context":"https:\/\/schema.org","@graph":[{"@type":"NewsArticle","@id":"https:\/\/dicodusport.fr\/blog\/la-fleche-wallonne-2025-parcours-detaille-et-profil\/#article","isPartOf":{"@id":"https:\/\/dicodusport.fr\/blog\/la-fleche-wallonne-2025-parcours-detaille-et-profil\/"},"author":{"name":"Emilien Descampiaux","@id":"https:\/\/dicodusport.fr\/blog\/#\/schema\/person\/6db4bae06b171592211be385b32876a7"},"headline":"La Fl\u00e8che Wallonne 2025 : Profil et parcours de la course","datePublished":"2025-04-23T10:57:31+00:00","mainEntityOfPage":{"@id":"https:\/\/dicodusport.fr\/blog\/la-fleche-wallonne-2025-parcours-detaille-et-profil\/"},"wordCount":905,"commentCount":0,"publisher":{"@id":"https:\/\/dicodusport.fr\/blog\/#organization"},"image":{"@id":"https:\/\/dicodusport.fr\/blog\/la-fleche-wallonne-2025-parcours-detaille-et-profil\/#primaryimage"},"thumbnailUrl":"https:\/\/dicodusport.fr\/blog\/wp-content\/uploads\/2025\/04\/La-Fleche-Wallonne-2025-Parcours-et-profil-de-la-course.png","keywords":["Actualit\u00e9 Cyclisme","br\u00e8ve","La Fl\u00e8che Wallonne"],"articleSection":["Cyclisme sur route"],"inLanguage":"fr-FR","potentialAction":[{"@type":"CommentAction","name":"Comment","target":["https:\/\/dicodusport.fr\/blog\/la-fleche-wallonne-2025-parcours-detaille-et-profil\/#respond"]}],"copyrightYear":"2025","copyrightHolder":{"@id":"https:\/\/dicodusport.fr\/blog\/#organization"}},{"@type":"WebPage","@id":"https:\/\/dicodusport.fr\/blog\/la-fleche-wallonne-2025-parcours-detaille-et-profil\/","url":"https:\/\/dicodusport.fr\/blog\/la-fleche-wallonne-2025-parcours-detaille-et-profil\/","name":"La Fl\u00e8che Wallonne 2025 : Profil et parcours de la course","isPartOf":{"@id":"https:\/\/dicodusport.fr\/blog\/#website"},"primaryImageOfPage":{"@id":"https:\/\/dicodusport.fr\/blog\/la-fleche-wallonne-2025-parcours-detaille-et-profil\/#primaryimage"},"image":{"@id":"https:\/\/dicodusport.fr\/blog\/la-fleche-wallonne-2025-parcours-detaille-et-profil\/#primaryimage"},"thumbnailUrl":"https:\/\/dicodusport.fr\/blog\/wp-content\/uploads\/2025\/04\/La-Fleche-Wallonne-2025-Parcours-et-profil-de-la-course.png","datePublished":"2025-04-23T10:57:31+00:00","description":"Retrouvez le parcours complet et le profil de la Fl\u00e8che Wallonne 2025, la classique ardennaise, qui se d\u00e9roule ce mercredi 23 avril.","breadcrumb":{"@id":"https:\/\/dicodusport.fr\/blog\/la-fleche-wallonne-2025-parcours-detaille-et-profil\/#breadcrumb"},"inLanguage":"fr-FR","potentialAction":[{"@type":"ReadAction","target":["https:\/\/dicodusport.fr\/blog\/la-fleche-wallonne-2025-parcours-detaille-et-profil\/"]}]},{"@type":"ImageObject","inLanguage":"fr-FR","@id":"https:\/\/dicodusport.fr\/blog\/la-fleche-wallonne-2025-parcours-detaille-et-profil\/#primaryimage","url":"https:\/\/dicodusport.fr\/blog\/wp-content\/uploads\/2025\/04\/La-Fleche-Wallonne-2025-Parcours-et-profil-de-la-course.png","contentUrl":"https:\/\/dicodusport.fr\/blog\/wp-content\/uploads\/2025\/04\/La-Fleche-Wallonne-2025-Parcours-et-profil-de-la-course.png","width":1200,"height":674,"caption":"La Fl\u00e8che Wallonne 2025 Parcours et profil de la course"},{"@type":"BreadcrumbList","@id":"https:\/\/dicodusport.fr\/blog\/la-fleche-wallonne-2025-parcours-detaille-et-profil\/#breadcrumb","itemListElement":[{"@type":"ListItem","position":1,"name":"Accueil","item":"https:\/\/dicodusport.fr\/blog\/"},{"@type":"ListItem","position":2,"name":"La Fl\u00e8che Wallonne 2025 : Profil et parcours de la course"}]},{"@type":"WebSite","@id":"https:\/\/dicodusport.fr\/blog\/#website","url":"https:\/\/dicodusport.fr\/blog\/","name":"Dicodusport","description":"L&#039;encyclop\u00e9die de l&#039;actualit\u00e9 sportive","publisher":{"@id":"https:\/\/dicodusport.fr\/blog\/#organization"},"potentialAction":[{"@type":"SearchAction","target":{"@type":"EntryPoint","urlTemplate":"https:\/\/dicodusport.fr\/blog\/?s={search_term_string}"},"query-input":{"@type":"PropertyValueSpecification","valueRequired":true,"valueName":"search_term_string"}}],"inLanguage":"fr-FR"},{"@type":"NewsMediaOrganization","@id":"https:\/\/dicodusport.fr\/blog\/#organization","name":"Dicodusport","url":"https:\/\/dicodusport.fr\/blog\/","logo":{"@type":"ImageObject","inLanguage":"fr-FR","@id":"https:\/\/dicodusport.fr\/blog\/#\/schema\/logo\/image\/","url":"https:\/\/dicodusport.fr\/blog\/wp-content\/uploads\/2020\/06\/cropped-LOGO-DICODUSPORT-2020-SANS-FOND-SANS-TEXTE.png","contentUrl":"https:\/\/dicodusport.fr\/blog\/wp-content\/uploads\/2020\/06\/cropped-LOGO-DICODUSPORT-2020-SANS-FOND-SANS-TEXTE.png","width":512,"height":512,"caption":"Dicodusport"},"image":{"@id":"https:\/\/dicodusport.fr\/blog\/#\/schema\/logo\/image\/"},"sameAs":["https:\/\/www.facebook.com\/dicodusport","https:\/\/x.com\/dicodusport","https:\/\/www.instagram.com\/dicodusport\/","https:\/\/www.youtube.com\/channel\/UC7V2KZ5sd3htJivAbA4ZG3w"],"description":"Dicodusport est l'encyclop\u00e9die de l'actualit\u00e9 sportive.","email":"bonjour@dicodusport.fr","legalName":"DICODUSPORT","foundingDate":"2018-01-14","vatID":"FR71834470973","taxID":"83447097300043","numberOfEmployees":{"@type":"QuantitativeValue","minValue":"1","maxValue":"10"}},{"@type":"Person","@id":"https:\/\/dicodusport.fr\/blog\/#\/schema\/person\/6db4bae06b171592211be385b32876a7","name":"Emilien Descampiaux","image":{"@type":"ImageObject","inLanguage":"fr-FR","@id":"https:\/\/dicodusport.fr\/blog\/#\/schema\/person\/image\/","url":"https:\/\/dicodusport.fr\/blog\/wp-content\/uploads\/2021\/05\/Emilien-Descampiaux-150x150.jpg","contentUrl":"https:\/\/dicodusport.fr\/blog\/wp-content\/uploads\/2021\/05\/Emilien-Descampiaux-150x150.jpg","caption":"Emilien Descampiaux"},"description":"Journaliste\/r\u00e9dacteur depuis 2014 - Fan de la classe de Frank Vandenbroucke, je vis cyclisme (et de ses paysages) depuis plus de 20 ans. Je suis tr\u00e8s impliqu\u00e9 sur mes diff\u00e9rents r\u00e9seaux sociaux pour partager ma passion sur le monde et l'Histoire de la bicyclette avec ma voix sur les images en noir et blanc du succ\u00e8s de Rik Van Steenbergen lors du Ronde sur le V\u00e9lodrome de Gand.","sameAs":["https:\/\/www.facebook.com\/groups\/LesRoisDuPeloton","https:\/\/x.com\/https:\/\/twitter.com\/LRoisDuPeloton"],"url":"https:\/\/dicodusport.fr\/blog\/author\/emiliend\/"}]}},"_links":{"self":[{"href":"https:\/\/dicodusport.fr\/blog\/wp-json\/wp\/v2\/posts\/573776","targetHints":{"allow":["GET"]}}],"collection":[{"href":"https:\/\/dicodusport.fr\/blog\/wp-json\/wp\/v2\/posts"}],"about":[{"href":"https:\/\/dicodusport.fr\/blog\/wp-json\/wp\/v2\/types\/post"}],"author":[{"embeddable":true,"href":"https:\/\/dicodusport.fr\/blog\/wp-json\/wp\/v2\/users\/48"}],"replies":[{"embeddable":true,"href":"https:\/\/dicodusport.fr\/blog\/wp-json\/wp\/v2\/comments?post=573776"}],"version-history":[{"count":6,"href":"https:\/\/dicodusport.fr\/blog\/wp-json\/wp\/v2\/posts\/573776\/revisions"}],"predecessor-version":[{"id":662974,"href":"https:\/\/dicodusport.fr\/blog\/wp-json\/wp\/v2\/posts\/573776\/revisions\/662974"}],"wp:featuredmedia":[{"embeddable":true,"href":"https:\/\/dicodusport.fr\/blog\/wp-json\/wp\/v2\/media\/574004"}],"wp:attachment":[{"href":"https:\/\/dicodusport.fr\/blog\/wp-json\/wp\/v2\/media?parent=573776"}],"wp:term":[{"taxonomy":"category","embeddable":true,"href":"https:\/\/dicodusport.fr\/blog\/wp-json\/wp\/v2\/categories?post=573776"},{"taxonomy":"post_tag","embeddable":true,"href":"https:\/\/dicodusport.fr\/blog\/wp-json\/wp\/v2\/tags?post=573776"}],"curies":[{"name":"wp","href":"https:\/\/api.w.org\/{rel}","templated":true}]}}