{"id":573845,"date":"2025-04-22T19:13:14","date_gmt":"2025-04-22T17:13:14","guid":{"rendered":"https:\/\/dicodusport.fr\/blog\/?p=573845&#038;preview=true&#038;preview_id=573845"},"modified":"2025-04-22T19:13:31","modified_gmt":"2025-04-22T17:13:31","slug":"la-fleche-wallonne-2025-favoris-et-outsiders-de-la-course","status":"publish","type":"post","link":"https:\/\/dicodusport.fr\/blog\/la-fleche-wallonne-2025-favoris-et-outsiders-de-la-course\/","title":{"rendered":"La Fl\u00e8che Wallonne 2025 : Cha\u00eene TV, Engag\u00e9s et Favoris"},"content":{"rendered":"<h4 style=\"text-align: justify;\"><em>Retrouvez les informations sur la diffusion TV, la liste des engag\u00e9s et les favoris de la Fl\u00e8che Wallonne 2025, qui se d\u00e9roule ce mercredi 23 avril.<\/em><\/h4>\n<ul style=\"text-align: justify;\">\n<li style=\"text-align: justify;\"><strong>\u00c0 ce sujet &#8211;\u00a0<a href=\"https:\/\/dicodusport.fr\/blog\/actualites\/cyclisme\/cyclisme-sur-route-2025\/\">L&rsquo;actualit\u00e9 du cyclisme sur route<\/a><\/strong><\/li>\n<\/ul>\n<p style=\"text-align: justify;\">La <strong>89\u00e8me \u00e9dition de la Fl\u00e8che Wallonne<\/strong> aura lieu ce <strong>mercredi 23 avril 2025<\/strong> sur les routes des provinces de Namur et de Li\u00e8ge, avec 205 kilom\u00e8tres entre Ciney et Huy et 11 c\u00f4tes seront au programme, dont trois fois le terrible Mur de Huy o\u00f9 sera jug\u00e9e l&rsquo;arriv\u00e9e. <strong>Cha\u00eene TV, engag\u00e9s et favoris de la course<\/strong>.<\/p>\n<h2 style=\"text-align: justify;\">Heure et Cha\u00eene TV de la Fl\u00e8che Wallonne 2025<\/h2>\n<p style=\"text-align: justify;\">La <strong>Fl\u00e8che Wallonne<\/strong>\u00a0se d\u00e9roule ce\u00a0<strong>mercredi 23 avril 2025<\/strong>. La course est \u00e0 suivre sur\u00a0<em>Eurosport Max <\/em>\u00e0 12h45, sur <em>Eurosport 2<\/em> \u00e0 14h30 et sur <em>France 3\u00a0<\/em>\u00e0 14h35.<\/p>\n<ul>\n<li style=\"text-align: justify;\"><strong>\u00c0 ce sujet &#8211; <a href=\"https:\/\/dicodusport.fr\/blog\/la-fleche-wallonne-2025-parcours-detaille-et-profil\/\">La Fl\u00e8che Wallonne 2025 : Parcours d\u00e9taill\u00e9 et profil<\/a><\/strong><\/li>\n<\/ul>\n<h2 style=\"text-align: justify;\">Les engag\u00e9s de la Fl\u00e8che Wallonne 2025<\/h2>\n<p style=\"text-align: justify;\"><a href=\"https:\/\/dicodusport.fr\/blog\/wp-content\/uploads\/2025\/04\/Startlist-definitive-de-la-Fleche-Wallonne-2025.pdf\" class=\"pdfemb-viewer\" style=\"\" data-width=\"max\" data-height=\"max\"  data-toolbar=\"both\" data-toolbar-fixed=\"on\">Startlist d\u00e9finitive de la Fl\u00e8che Wallonne 2025<br\/><\/a>\n<h2 style=\"text-align: justify;\">Pogacar toujours favori<\/h2>\n<p style=\"text-align: justify;\">Chez les favoris, on pense naturellement en premier lieu \u00e0 <strong>Tadej Pogacar. <\/strong>Le Slov\u00e8ne a disput\u00e9 cinq courses d&rsquo;un jour ce printemps, s&rsquo;imposant \u00e0 deux reprises et terminant \u00e0 chaque fois sur le podium. On pourra compter sur lui pour concourir \u00e0 nouveau pour la victoire dans la Fl\u00e8che Wallonne. Alors qu&rsquo;on pensait la comp\u00e9tition ne lui semblait initialement pas convenir, lors de ses quatre premi\u00e8res participations avec au mieux une neuvi\u00e8me place, lors de son dernier passage en 2023, il a dompt\u00e9 \u00e0 la perfection le Mur de Huy.<\/p>\n<div class=\"vlp-link-container vlp-layout-article\"><a href=\"https:\/\/dicodusport.fr\/blog\/la-fleche-wallonne-2023-tadej-pogacar-en-patron\/\" class=\"vlp-link\" title=\"La Fl\u00e8che Wallonne 2023 : Tadej Pogacar en patron\"><\/a><div class=\"vlp-layout-zone-side\"><div class=\"vlp-block-4 vlp-link-image\"><img loading=\"lazy\" decoding=\"async\" style=\"max-width: 800px;\" width=\"800\" height=\"445\" src=\"https:\/\/dicodusport.fr\/blog\/wp-content\/uploads\/2023\/04\/La-Fleche-Wallonne-2023-Tadej-Pogacar-en-patron.png\" class=\"attachment-800x445 size-800x445\" alt=\"La Fl\u00e8che Wallonne 2023 Tadej Pogacar en patron\" srcset=\"https:\/\/dicodusport.fr\/blog\/wp-content\/uploads\/2023\/04\/La-Fleche-Wallonne-2023-Tadej-Pogacar-en-patron.png 800w, https:\/\/dicodusport.fr\/blog\/wp-content\/uploads\/2023\/04\/La-Fleche-Wallonne-2023-Tadej-Pogacar-en-patron-300x167.png 300w, https:\/\/dicodusport.fr\/blog\/wp-content\/uploads\/2023\/04\/La-Fleche-Wallonne-2023-Tadej-Pogacar-en-patron-768x427.png 768w\" sizes=\"auto, (max-width: 800px) 100vw, 800px\" \/><\/div><\/div><div class=\"vlp-layout-zone-main\"><div class=\"vlp-block-0 vlp-link-title\">La Fl\u00e8che Wallonne 2023 : Tadej Pogacar en patron<\/div><div class=\"vlp-block-1 vlp-link-summary\">LA FL\u00c8CHE WALLONNE 2023 - Tadej Pogacar (UAE Team Emirates) a gagn\u00e9 la 87\u00e8me \u00e9dition de la Fl\u00e8che Wallonne apr\u00e8s 194,2 kilom\u00e8tres de course entre Herve et Huy, en Belgique. Il a devanc\u00e9 Mattias Skjelmose Jensen (Trek Segafredo) et Mikel Landa (Bahrain Victorious).\u00a0<\/div><div class=\"vlp-block-2 vlp-link-button\">Lire l'article<\/div><div class=\"vlp-block-3 vlp-link-url\">dicodusport.fr<\/div><\/div><\/div>\n<p style=\"text-align: justify;\">Quelques jours avant cette victoire dans la Fl\u00e8che Wallonne, <strong>Pogacar<\/strong> avait \u00e9galement remport\u00e9 l&rsquo;Amstel Gold Race, ce qu&rsquo;il n\u2019a pas r\u00e9ussi \u00e0 faire cette ann\u00e9e. <em>Pogi<\/em> a longtemps roul\u00e9 seul devant, mais dans le final, il s&rsquo;est montr\u00e9 tout aussi humain. Il \u00e9tait fatigu\u00e9, a vu revenir deux poursuivants et a d\u00fb se contenter de la deuxi\u00e8me place au sprint.<\/p>\n<p style=\"text-align: justify;\">Bien s\u00fbr, cela pourrait \u00eatre un jour sans \u00e0 la fa\u00e7on <strong>Pogacar<\/strong>, mais sa vuln\u00e9rabilit\u00e9 pourrait \u00e9galement signifier que le printemps charg\u00e9 commence \u00e0 avoir des effets sur l&rsquo;\u00e9tat de forme du champion du monde. <strong>La Fl\u00e8che Wallonne<\/strong> peut \u00eatre une t\u00e2che difficile. Il pourrait rouler \u00e0 l&rsquo;\u00e9conomie, mercredi, afin de garder des forces en vue de Li\u00e8ge-Bastogne-Li\u00e8ge, dimanche. Sa\u00a0 \u00ab\u00a0d\u00e9faite\u00a0\u00bb \u00e0 l\u2019Amstel pourrait \u00e9galement lui donner une motivation suppl\u00e9mentaire pour r\u00e9tablir sa domination.<\/p>\n<p style=\"text-align: justify;\">Les coureurs qui sont revenus \u00e0 <strong>Pogacar<\/strong> sur l&rsquo;Amstel Gold Race \u00e9taient <strong>Mattias Skjelmose<\/strong>\u00a0et\u00a0<strong>Remco<\/strong><strong> Evenepoel<\/strong>. Ce dernier en particulier a d\u00e9velopp\u00e9 un rythme effr\u00e9n\u00e9 dans la poursuite. Il est de retour en force apr\u00e8s sa grave blessure hivernale. \u00c0 son retour, il remporte imm\u00e9diatement la Fl\u00e8che Braban\u00e7onne et deux jours plus tard, il prend la troisi\u00e8me place de l&rsquo;Amstel.<\/p>\n<div class=\"vlp-link-container vlp-layout-article\"><a href=\"https:\/\/dicodusport.fr\/blog\/la-fleche-brabanconne-2025-remco-evenepoel-frustre-wout-van-aert\/\" class=\"vlp-link\" title=\"La Fl\u00e8che Braban\u00e7onne 2025 : Remco Evenepoel frustre Wout Van Aert\"><\/a><div class=\"vlp-layout-zone-side\"><div class=\"vlp-block-4 vlp-link-image\"><img loading=\"lazy\" decoding=\"async\" style=\"max-width: 792px;\" width=\"792\" height=\"445\" src=\"https:\/\/dicodusport.fr\/blog\/wp-content\/uploads\/2025\/04\/La-Fleche-Brabanconne-2025-Remco-Evenepoel-frustre-Wout-Van-Aert-1.png\" class=\"attachment-800x445 size-800x445\" alt=\"La Fl\u00e8che Braban\u00e7onne 2025 Remco Evenepoel frustre Wout Van Aert (1)\" srcset=\"https:\/\/dicodusport.fr\/blog\/wp-content\/uploads\/2025\/04\/La-Fleche-Brabanconne-2025-Remco-Evenepoel-frustre-Wout-Van-Aert-1.png 1200w, https:\/\/dicodusport.fr\/blog\/wp-content\/uploads\/2025\/04\/La-Fleche-Brabanconne-2025-Remco-Evenepoel-frustre-Wout-Van-Aert-1-300x169.png 300w, https:\/\/dicodusport.fr\/blog\/wp-content\/uploads\/2025\/04\/La-Fleche-Brabanconne-2025-Remco-Evenepoel-frustre-Wout-Van-Aert-1-1024x575.png 1024w, https:\/\/dicodusport.fr\/blog\/wp-content\/uploads\/2025\/04\/La-Fleche-Brabanconne-2025-Remco-Evenepoel-frustre-Wout-Van-Aert-1-768x431.png 768w\" sizes=\"auto, (max-width: 792px) 100vw, 792px\" \/><\/div><\/div><div class=\"vlp-layout-zone-main\"><div class=\"vlp-block-0 vlp-link-title\">La Fl\u00e8che Braban\u00e7onne 2025 : Remco Evenepoel frustre Wout Van Aert<\/div><div class=\"vlp-block-1 vlp-link-summary\">Pour son premier jour de comp\u00e9tition, Remco Evenepoel (Soudal Quick-Step) s'est impos\u00e9 sur la 65\u00e8me \u00e9dition de La Fl\u00e8che Branban\u00e7onne, vendredi, \u00e0 Overijse.<\/div><div class=\"vlp-block-2 vlp-link-button\">Lire l'article<\/div><div class=\"vlp-block-3 vlp-link-url\">dicodusport.fr<\/div><\/div><\/div>\n<p style=\"text-align: justify;\">N\u00e9anmoins, le final explosif de la Fl\u00e8che Wallonne convient un peu moins \u00e0 <strong>Evenepoel<\/strong> sur le papier, avec une seule participation pour une 42\u00e8me place. Mais, le double champion olympique va-t-il vendre ch\u00e8rement sa peau sur le Mur de Huy, ou renverser le sc\u00e9nario standard d&rsquo;une course de c\u00f4te ? Ou alors attaquer plus t\u00f4t ? Ce dernier choix ressemblerait bien \u00e0 <strong>Remco<\/strong>. Le Wolfpack pourrait \u00e9galement miser sur l&rsquo;explosivit\u00e9 de <strong>Maximilian Schachmann<\/strong> : 5\u00e8me en 2019 et 8\u00e8me en 2018. L&rsquo;Allemand a retrouv\u00e9 des couleurs sur les routes du Pays basque, portant le maillot de leader.<\/p>\n<h2 style=\"text-align: justify;\">Les Lidl-Trek en force<\/h2>\n<p style=\"text-align: justify;\"><strong>Mat<\/strong><strong>tias<\/strong><strong> Skjelmose<\/strong> a remport\u00e9 l&rsquo;Amstel Gold Race face \u00e0 ses deux ogres. Le Danois de 24 ans est l&rsquo;un des meilleurs grimpeurs du peloton depuis des ann\u00e9es, surtout dans des mont\u00e9es assez courtes avec de forts pourcentages. Jusqu&rsquo;\u00e0 sa victoire \u00e0 l&rsquo;Amstel, son meilleur r\u00e9sultat dans les classiques \u00e9tait une deuxi\u00e8me place sur la Fl\u00e8che Wallonne. En 2023, <strong>Skjelmose<\/strong> n&rsquo;a pas pu d\u00e9passer <strong>Pogacar<\/strong> sur le Mur de Huy. En bref : la mont\u00e9e extr\u00eamement raide lui convient. L&rsquo;an dernier, il a \u00e9t\u00e9 contraint \u00e0 l&rsquo;abandon pour cause d&rsquo;hypothermie.<\/p>\n<div class=\"vlp-link-container vlp-layout-article\"><a href=\"https:\/\/dicodusport.fr\/blog\/amstel-gold-race-2025-mattias-skjelmose-soffre-tadej-pogacar-et-remco-evenepoel\/\" class=\"vlp-link\" title=\"Amstel Gold Race 2025 : Mattias Skjelmose s&#039;offre Tadej Pogacar et Remco Evenepoel\"><\/a><div class=\"vlp-layout-zone-side\"><div class=\"vlp-block-4 vlp-link-image\"><img loading=\"lazy\" decoding=\"async\" style=\"max-width: 792px;\" width=\"792\" height=\"445\" src=\"https:\/\/dicodusport.fr\/blog\/wp-content\/uploads\/2025\/04\/Amstel-Gold-Race-2025-Mattias-Skjelmose-soffre-Tadej-Pogacar-et-Remco-Evenepoel-1.png\" class=\"attachment-800x445 size-800x445\" alt=\"Amstel Gold Race 2025 Mattias Skjelmose s&#039;offre Tadej Pogacar et Remco Evenepoel (1)\" srcset=\"https:\/\/dicodusport.fr\/blog\/wp-content\/uploads\/2025\/04\/Amstel-Gold-Race-2025-Mattias-Skjelmose-soffre-Tadej-Pogacar-et-Remco-Evenepoel-1.png 1200w, https:\/\/dicodusport.fr\/blog\/wp-content\/uploads\/2025\/04\/Amstel-Gold-Race-2025-Mattias-Skjelmose-soffre-Tadej-Pogacar-et-Remco-Evenepoel-1-300x169.png 300w, https:\/\/dicodusport.fr\/blog\/wp-content\/uploads\/2025\/04\/Amstel-Gold-Race-2025-Mattias-Skjelmose-soffre-Tadej-Pogacar-et-Remco-Evenepoel-1-1024x575.png 1024w, https:\/\/dicodusport.fr\/blog\/wp-content\/uploads\/2025\/04\/Amstel-Gold-Race-2025-Mattias-Skjelmose-soffre-Tadej-Pogacar-et-Remco-Evenepoel-1-768x431.png 768w\" sizes=\"auto, (max-width: 792px) 100vw, 792px\" \/><\/div><\/div><div class=\"vlp-layout-zone-main\"><div class=\"vlp-block-0 vlp-link-title\">Amstel Gold Race 2025 : Mattias Skjelmose s'offre Tadej Pogacar et Remco Evenepoel<\/div><div class=\"vlp-block-1 vlp-link-summary\">Retrouvez le parcours d\u00e9taill\u00e9 et le profil de la 59\u00e8me \u00e9dition de l'Amstel Gold Race, la plus mythique des classiques n\u00e9erlandaises, qui se d\u00e9roule ce dimanche 20 avril 2025.<\/div><div class=\"vlp-block-2 vlp-link-button\">Lire l'article<\/div><div class=\"vlp-block-3 vlp-link-url\">dicodusport.fr<\/div><\/div><\/div>\n<p style=\"text-align: justify;\">Lidl-Trek aura une autre pr\u00e9tendant au sein de son \u00e9quipe pour mercredi :\u00a0<strong>Thibau Nys<\/strong>. Le Belge de 22 ans a d\u00e9clar\u00e9 avoir eu une pr\u00e9paration sans faille pour les classiques vallonn\u00e9es, et a d\u00e9j\u00e0 montr\u00e9 ses bonnes jambes avec une victoire au <a href=\"https:\/\/dicodusport.fr\/blog\/grand-prix-miguel-indurain-2025-premier-jour-de-course-premiere-victoire-pour-thibau-nys\/\"><strong>Gran Premio Miguel Indurain<\/strong><\/a>, en aidant <strong>Skjelmose<\/strong> sur les routes du Pays basque et avec une prestation solide sur l&rsquo;Amstel avec une douzi\u00e8me place. Son objectif principal restera cependant la Fl\u00e8che Wallonne, une course taill\u00e9e pour un effort court et intense sur le Mur de Huy.<\/p>\n<p style=\"text-align: justify;\"><strong>Tom Pidcock<\/strong> a r\u00e9alis\u00e9 un d\u00e9but de saison formidable pour Q36.5, mais il ne semble pas \u00eatre sorti d&rsquo;une p\u00e9riode d&rsquo;entra\u00eenement en pleine forme. Il avait l&rsquo;air un peu p\u00e2le \u00e0 la fois dans la Fl\u00e8che Braban\u00e7onne (11\u00e8me) et sur l&rsquo;Amstel Gold Race (9\u00e8me). Est-ce que sa forme ira crescendo pour les deux courses de la semaine ? Son meilleur r\u00e9sultat jusqu&rsquo;\u00e0 pr\u00e9sent dans la Fl\u00e8che Wallonne est une sixi\u00e8me place pour ses d\u00e9buts en 2021.<\/p>\n<h2 style=\"text-align: justify;\">Les Bleus en outsiders<\/h2>\n<p style=\"text-align: justify;\">Ensuite, la Groupama-FDJ aura deux cartes pour jouer le Top 10, voire mieux. <strong>Romain Gr\u00e9goire<\/strong> a termin\u00e9 dans le Top 10 de la Fl\u00e8che Wallonne pour ses d\u00e9buts, l&rsquo;an dernier, avec une septi\u00e8me place. Dimanche, <strong>Gr\u00e9goire<\/strong> a \u00e9galement termin\u00e9 septi\u00e8me de l&rsquo;Amstel Gold Race, prouvant une fois de plus qu&rsquo;il est en forme apr\u00e8s ses r\u00e9sultats au Pays basque. Son co\u00e9quipier <strong>Guillaume Martin<\/strong> a \u00e9t\u00e9 impressionnant le weekend-dernier en Franche-Comt\u00e9 en terminant sixi\u00e8me du Tour du Doubs et surtout avec ses victoires sur la Classic Grand Besan\u00e7on Doubs et le Tour du Jura, avec des arriv\u00e9es au sommet. Il devrait pouvoir am\u00e9liorer sa dixi\u00e8me place de l&rsquo;an dernier dans la Fl\u00e8che wallonne. Ces deux leaders b\u00e9n\u00e9ficieront du soutien de <strong>Rudy Molard\u00a0<\/strong>(8\u00e8me en 2017 et en 2022).<\/p>\n<div class=\"vlp-link-container vlp-layout-article\"><a href=\"https:\/\/dicodusport.fr\/blog\/tour-du-jura-2025-deuxieme-victoire-en-deux-jours-pour-guillaume-martin\/\" class=\"vlp-link\" title=\"Tour du Jura 2025 : Deuxi\u00e8me victoire en deux jours pour Guillaume Martin\"><\/a><div class=\"vlp-layout-zone-side\"><div class=\"vlp-block-4 vlp-link-image\"><img loading=\"lazy\" decoding=\"async\" style=\"max-width: 792px;\" width=\"792\" height=\"445\" src=\"https:\/\/dicodusport.fr\/blog\/wp-content\/uploads\/2025\/04\/Tour-du-Jura-2025-Deuxieme-victoire-en-deux-jours-pour-Guillaume-Martin.png\" class=\"attachment-800x445 size-800x445\" alt=\"Tour du Jura 2025 Deuxi\u00e8me victoire en deux jours pour Guillaume Martin\" srcset=\"https:\/\/dicodusport.fr\/blog\/wp-content\/uploads\/2025\/04\/Tour-du-Jura-2025-Deuxieme-victoire-en-deux-jours-pour-Guillaume-Martin.png 1200w, https:\/\/dicodusport.fr\/blog\/wp-content\/uploads\/2025\/04\/Tour-du-Jura-2025-Deuxieme-victoire-en-deux-jours-pour-Guillaume-Martin-300x169.png 300w, https:\/\/dicodusport.fr\/blog\/wp-content\/uploads\/2025\/04\/Tour-du-Jura-2025-Deuxieme-victoire-en-deux-jours-pour-Guillaume-Martin-1024x575.png 1024w, https:\/\/dicodusport.fr\/blog\/wp-content\/uploads\/2025\/04\/Tour-du-Jura-2025-Deuxieme-victoire-en-deux-jours-pour-Guillaume-Martin-768x431.png 768w\" sizes=\"auto, (max-width: 792px) 100vw, 792px\" \/><\/div><\/div><div class=\"vlp-layout-zone-main\"><div class=\"vlp-block-0 vlp-link-title\">Tour du Jura 2025 : Deuxi\u00e8me victoire en deux jours pour Guillaume Martin<\/div><div class=\"vlp-block-1 vlp-link-summary\">Vainqueur de la Classic Grand Besan\u00e7on Doubs hier, Guillaume Martin (Groupama-FDJ) s'est impos\u00e9 sur le Tour du Jura.<\/div><div class=\"vlp-block-2 vlp-link-button\">Lire l'article<\/div><div class=\"vlp-block-3 vlp-link-url\">dicodusport.fr<\/div><\/div><\/div>\n<p style=\"text-align: justify;\">C\u00f4t\u00e9 Fran\u00e7ais, on observera le \u00ab\u00a0v\u00e9t\u00e9ran\u00a0\u00bb <strong>Julian Alaphilippe<\/strong> (Tudor Pro Cycling), <strong>Louis Barr\u00e9<\/strong> (Intermarch\u00e9-Wanty) et\u00a0<strong>K\u00e9vin Vauquelin<\/strong> (Ark\u00e9a-B&amp;B H\u00f4tels). <strong>Alaphilippe<\/strong> s&rsquo;est surestim\u00e9 lors de son attaque sur le Gulperberg, sur l&rsquo;Amstel. Le triple vainqueur de la Fl\u00e8che Wallonne n&rsquo;est pas dans la forme de sa carri\u00e8re non plus pour viser un quatri\u00e8me succ\u00e8s. <strong>Barr\u00e9<\/strong> a agr\u00e9ablement surpris sur les routes limbourgeoises avec une sixi\u00e8me place, apr\u00e8s son excellente prestation sur Paris-Camembert. Que peut-il faire sur le Mur de Huy ? <strong>Vauquelin<\/strong> a termin\u00e9 deuxi\u00e8me l&rsquo;an dernier. Mais, il ne semble pas dans le m\u00eame \u00e9tat de forme malgr\u00e9 son succ\u00e8s sur le R\u00e9gion Pays de la Loire Tour, et a chut\u00e9 dimanche. Enfin, <strong>Lenny Martinez<\/strong> (Bahrain Victorious) sera aussi de la partie.<\/p>\n<p style=\"text-align: justify;\">On peut se poser la m\u00eame question \u00e0 propos de\u00a0<strong>Maxim Van Gils<\/strong>. Il est \u00e9galement tomb\u00e9 sur l&rsquo;Amstel et a d\u00fb lui aussi abandonner. Une nouvelle d\u00e9ception pour le Belge, qui avait d\u00e9j\u00e0 manqu\u00e9 une partie de son printemps pour cause de maladie. Toutefois, si le Belge se r\u00e9tablit \u00e0 temps pour la Fl\u00e8che Wallonne, il reste quelqu&rsquo;un \u00e0 surveiller apr\u00e8s sa troisi\u00e8me place troisi\u00e8me, la saison pass\u00e9e. Chez Red Bull &#8211; Bora &#8211; Hansgrohe, la carte de rechange pourrait \u00eatre <strong>Daniel Felipe Martinez<\/strong>, 5\u00e8me en 2022. Troisi\u00e8me sur Milan-Turin, <strong>Tobias Johannessen<\/strong> sera \u00e9galement un peu un point d&rsquo;interrogation sur sa forme puisqu&rsquo;il a peu couru depuis un mois. L&rsquo;an dernier, il avait fini sixi\u00e8me.<\/p>\n<p style=\"text-align: justify;\">Enfin, on peut citer le champion d&rsquo;Espagne <strong>Alex Aranburu<\/strong> (Cofidis), le grimpeur belge <strong>Lennert Van Eetvelt<\/strong> (Lotto), <strong>Santiago Buitrago<\/strong> (Bahrain Victorious, cinqui\u00e8me en 2024), <strong>Oscar Onley<\/strong><strong>\u00a0<\/strong>(Picnic PostNL), <strong>Enric Mas<\/strong> (Movistar) ainsi que les anciens vainqueurs <strong>Marc Hirschi<\/strong> (Tudor) et\u00a0<strong>Dylan Teuns<\/strong> (Cofidis). Mais ces deux derniers semblent \u00eatre \u00e0 court de forme&#8230;<\/p>\n","protected":false},"excerpt":{"rendered":"<p>Retrouvez les informations sur la diffusion TV, la liste des engag\u00e9s et les favoris de la Fl\u00e8che Wallonne 2025, qui se d\u00e9roule ce mercredi 23 avril.<\/p>\n","protected":false},"author":48,"featured_media":573902,"comment_status":"open","ping_status":"closed","sticky":false,"template":"","format":"standard","meta":{"_acf_changed":false,"_daextam_enable_autolinks":"1","footnotes":""},"categories":[46994],"tags":[3119,16878,7706],"class_list":["post-573845","post","type-post","status-publish","format-standard","has-post-thumbnail","hentry","category-cyclisme-sur-route","tag-actualite-cyclisme","tag-breve","tag-la-fleche-wallonne"],"acf":[],"yoast_head":"<!-- This site is optimized with the Yoast SEO Premium plugin v26.7 (Yoast SEO v26.7) - https:\/\/yoast.com\/wordpress\/plugins\/seo\/ -->\n<title>La Fl\u00e8che Wallonne 2025 : Cha\u00eene TV, Engag\u00e9s et Favoris<\/title>\n<meta name=\"description\" content=\"Retrouvez les informations sur la diffusion TV, la liste des engag\u00e9s et les favoris de la Fl\u00e8che Wallonne 2025, qui se d\u00e9roule ce mercredi 23 avril.\" \/>\n<meta name=\"robots\" content=\"index, follow, max-snippet:-1, max-image-preview:large, max-video-preview:-1\" \/>\n<link rel=\"canonical\" href=\"https:\/\/dicodusport.fr\/blog\/la-fleche-wallonne-2025-favoris-et-outsiders-de-la-course\/\" \/>\n<meta property=\"og:locale\" content=\"fr_FR\" \/>\n<meta property=\"og:type\" content=\"article\" \/>\n<meta property=\"og:title\" content=\"La Fl\u00e8che Wallonne 2025 : Cha\u00eene TV, Engag\u00e9s et Favoris\" \/>\n<meta property=\"og:description\" content=\"Retrouvez les informations sur la diffusion TV, la liste des engag\u00e9s et les favoris de la Fl\u00e8che Wallonne 2025, qui se d\u00e9roule ce mercredi 23 avril.\" \/>\n<meta property=\"og:url\" content=\"https:\/\/dicodusport.fr\/blog\/la-fleche-wallonne-2025-favoris-et-outsiders-de-la-course\/\" \/>\n<meta property=\"og:site_name\" content=\"Dicodusport\" \/>\n<meta property=\"article:publisher\" content=\"https:\/\/www.facebook.com\/dicodusport\" \/>\n<meta property=\"article:author\" content=\"https:\/\/www.facebook.com\/groups\/LesRoisDuPeloton\" \/>\n<meta property=\"article:published_time\" content=\"2025-04-22T17:13:14+00:00\" \/>\n<meta property=\"article:modified_time\" content=\"2025-04-22T17:13:31+00:00\" \/>\n<meta property=\"og:image\" content=\"https:\/\/dicodusport.fr\/blog\/wp-content\/uploads\/2025\/04\/La-Fleche-Wallonne-2025-Chaine-TV-Engages-et-Favoris.png\" \/>\n\t<meta property=\"og:image:width\" content=\"1200\" \/>\n\t<meta property=\"og:image:height\" content=\"674\" \/>\n\t<meta property=\"og:image:type\" content=\"image\/png\" \/>\n<meta name=\"author\" content=\"Emilien Descampiaux\" \/>\n<meta name=\"twitter:card\" content=\"summary_large_image\" \/>\n<meta name=\"twitter:title\" content=\"La Fl\u00e8che Wallonne 2025 : Cha\u00eene TV, Engag\u00e9s et Favoris\" \/>\n<meta name=\"twitter:creator\" content=\"@https:\/\/twitter.com\/LRoisDuPeloton\" \/>\n<meta name=\"twitter:site\" content=\"@dicodusport\" \/>\n<script type=\"application\/ld+json\" class=\"yoast-schema-graph\">{\"@context\":\"https:\/\/schema.org\",\"@graph\":[{\"@type\":\"NewsArticle\",\"@id\":\"https:\/\/dicodusport.fr\/blog\/la-fleche-wallonne-2025-favoris-et-outsiders-de-la-course\/#article\",\"isPartOf\":{\"@id\":\"https:\/\/dicodusport.fr\/blog\/la-fleche-wallonne-2025-favoris-et-outsiders-de-la-course\/\"},\"author\":{\"name\":\"Emilien Descampiaux\",\"@id\":\"https:\/\/dicodusport.fr\/blog\/#\/schema\/person\/6db4bae06b171592211be385b32876a7\"},\"headline\":\"La Fl\u00e8che Wallonne 2025 : Cha\u00eene TV, Engag\u00e9s et Favoris\",\"datePublished\":\"2025-04-22T17:13:14+00:00\",\"dateModified\":\"2025-04-22T17:13:31+00:00\",\"mainEntityOfPage\":{\"@id\":\"https:\/\/dicodusport.fr\/blog\/la-fleche-wallonne-2025-favoris-et-outsiders-de-la-course\/\"},\"wordCount\":1702,\"commentCount\":0,\"publisher\":{\"@id\":\"https:\/\/dicodusport.fr\/blog\/#organization\"},\"image\":{\"@id\":\"https:\/\/dicodusport.fr\/blog\/la-fleche-wallonne-2025-favoris-et-outsiders-de-la-course\/#primaryimage\"},\"thumbnailUrl\":\"https:\/\/dicodusport.fr\/blog\/wp-content\/uploads\/2025\/04\/La-Fleche-Wallonne-2025-Chaine-TV-Engages-et-Favoris.png\",\"keywords\":[\"Actualit\u00e9 Cyclisme\",\"br\u00e8ve\",\"La Fl\u00e8che Wallonne\"],\"articleSection\":[\"Cyclisme sur route\"],\"inLanguage\":\"fr-FR\",\"potentialAction\":[{\"@type\":\"CommentAction\",\"name\":\"Comment\",\"target\":[\"https:\/\/dicodusport.fr\/blog\/la-fleche-wallonne-2025-favoris-et-outsiders-de-la-course\/#respond\"]}],\"copyrightYear\":\"2025\",\"copyrightHolder\":{\"@id\":\"https:\/\/dicodusport.fr\/blog\/#organization\"}},{\"@type\":\"WebPage\",\"@id\":\"https:\/\/dicodusport.fr\/blog\/la-fleche-wallonne-2025-favoris-et-outsiders-de-la-course\/\",\"url\":\"https:\/\/dicodusport.fr\/blog\/la-fleche-wallonne-2025-favoris-et-outsiders-de-la-course\/\",\"name\":\"La Fl\u00e8che Wallonne 2025 : Cha\u00eene TV, Engag\u00e9s et Favoris\",\"isPartOf\":{\"@id\":\"https:\/\/dicodusport.fr\/blog\/#website\"},\"primaryImageOfPage\":{\"@id\":\"https:\/\/dicodusport.fr\/blog\/la-fleche-wallonne-2025-favoris-et-outsiders-de-la-course\/#primaryimage\"},\"image\":{\"@id\":\"https:\/\/dicodusport.fr\/blog\/la-fleche-wallonne-2025-favoris-et-outsiders-de-la-course\/#primaryimage\"},\"thumbnailUrl\":\"https:\/\/dicodusport.fr\/blog\/wp-content\/uploads\/2025\/04\/La-Fleche-Wallonne-2025-Chaine-TV-Engages-et-Favoris.png\",\"datePublished\":\"2025-04-22T17:13:14+00:00\",\"dateModified\":\"2025-04-22T17:13:31+00:00\",\"description\":\"Retrouvez les informations sur la diffusion TV, la liste des engag\u00e9s et les favoris de la Fl\u00e8che Wallonne 2025, qui se d\u00e9roule ce mercredi 23 avril.\",\"breadcrumb\":{\"@id\":\"https:\/\/dicodusport.fr\/blog\/la-fleche-wallonne-2025-favoris-et-outsiders-de-la-course\/#breadcrumb\"},\"inLanguage\":\"fr-FR\",\"potentialAction\":[{\"@type\":\"ReadAction\",\"target\":[\"https:\/\/dicodusport.fr\/blog\/la-fleche-wallonne-2025-favoris-et-outsiders-de-la-course\/\"]}]},{\"@type\":\"ImageObject\",\"inLanguage\":\"fr-FR\",\"@id\":\"https:\/\/dicodusport.fr\/blog\/la-fleche-wallonne-2025-favoris-et-outsiders-de-la-course\/#primaryimage\",\"url\":\"https:\/\/dicodusport.fr\/blog\/wp-content\/uploads\/2025\/04\/La-Fleche-Wallonne-2025-Chaine-TV-Engages-et-Favoris.png\",\"contentUrl\":\"https:\/\/dicodusport.fr\/blog\/wp-content\/uploads\/2025\/04\/La-Fleche-Wallonne-2025-Chaine-TV-Engages-et-Favoris.png\",\"width\":1200,\"height\":674,\"caption\":\"La Fl\u00e8che Wallonne 2025 Cha\u00eene TV, Engag\u00e9s et Favoris\"},{\"@type\":\"BreadcrumbList\",\"@id\":\"https:\/\/dicodusport.fr\/blog\/la-fleche-wallonne-2025-favoris-et-outsiders-de-la-course\/#breadcrumb\",\"itemListElement\":[{\"@type\":\"ListItem\",\"position\":1,\"name\":\"Accueil\",\"item\":\"https:\/\/dicodusport.fr\/blog\/\"},{\"@type\":\"ListItem\",\"position\":2,\"name\":\"La Fl\u00e8che Wallonne 2025 : Cha\u00eene TV, Engag\u00e9s et Favoris\"}]},{\"@type\":\"WebSite\",\"@id\":\"https:\/\/dicodusport.fr\/blog\/#website\",\"url\":\"https:\/\/dicodusport.fr\/blog\/\",\"name\":\"Dicodusport\",\"description\":\"L&#039;encyclop\u00e9die de l&#039;actualit\u00e9 sportive\",\"publisher\":{\"@id\":\"https:\/\/dicodusport.fr\/blog\/#organization\"},\"potentialAction\":[{\"@type\":\"SearchAction\",\"target\":{\"@type\":\"EntryPoint\",\"urlTemplate\":\"https:\/\/dicodusport.fr\/blog\/?s={search_term_string}\"},\"query-input\":{\"@type\":\"PropertyValueSpecification\",\"valueRequired\":true,\"valueName\":\"search_term_string\"}}],\"inLanguage\":\"fr-FR\"},{\"@type\":\"NewsMediaOrganization\",\"@id\":\"https:\/\/dicodusport.fr\/blog\/#organization\",\"name\":\"Dicodusport\",\"url\":\"https:\/\/dicodusport.fr\/blog\/\",\"logo\":{\"@type\":\"ImageObject\",\"inLanguage\":\"fr-FR\",\"@id\":\"https:\/\/dicodusport.fr\/blog\/#\/schema\/logo\/image\/\",\"url\":\"https:\/\/dicodusport.fr\/blog\/wp-content\/uploads\/2020\/06\/cropped-LOGO-DICODUSPORT-2020-SANS-FOND-SANS-TEXTE.png\",\"contentUrl\":\"https:\/\/dicodusport.fr\/blog\/wp-content\/uploads\/2020\/06\/cropped-LOGO-DICODUSPORT-2020-SANS-FOND-SANS-TEXTE.png\",\"width\":512,\"height\":512,\"caption\":\"Dicodusport\"},\"image\":{\"@id\":\"https:\/\/dicodusport.fr\/blog\/#\/schema\/logo\/image\/\"},\"sameAs\":[\"https:\/\/www.facebook.com\/dicodusport\",\"https:\/\/x.com\/dicodusport\",\"https:\/\/www.instagram.com\/dicodusport\/\",\"https:\/\/www.youtube.com\/channel\/UC7V2KZ5sd3htJivAbA4ZG3w\"],\"description\":\"Dicodusport est l'encyclop\u00e9die de l'actualit\u00e9 sportive.\",\"email\":\"bonjour@dicodusport.fr\",\"legalName\":\"DICODUSPORT\",\"foundingDate\":\"2018-01-14\",\"vatID\":\"FR71834470973\",\"taxID\":\"83447097300043\",\"numberOfEmployees\":{\"@type\":\"QuantitativeValue\",\"minValue\":\"1\",\"maxValue\":\"10\"}},{\"@type\":\"Person\",\"@id\":\"https:\/\/dicodusport.fr\/blog\/#\/schema\/person\/6db4bae06b171592211be385b32876a7\",\"name\":\"Emilien Descampiaux\",\"image\":{\"@type\":\"ImageObject\",\"inLanguage\":\"fr-FR\",\"@id\":\"https:\/\/dicodusport.fr\/blog\/#\/schema\/person\/image\/\",\"url\":\"https:\/\/dicodusport.fr\/blog\/wp-content\/uploads\/2021\/05\/Emilien-Descampiaux-150x150.jpg\",\"contentUrl\":\"https:\/\/dicodusport.fr\/blog\/wp-content\/uploads\/2021\/05\/Emilien-Descampiaux-150x150.jpg\",\"caption\":\"Emilien Descampiaux\"},\"description\":\"Journaliste\/r\u00e9dacteur depuis 2014 - Fan de la classe de Frank Vandenbroucke, je vis cyclisme (et de ses paysages) depuis plus de 20 ans. Je suis tr\u00e8s impliqu\u00e9 sur mes diff\u00e9rents r\u00e9seaux sociaux pour partager ma passion sur le monde et l'Histoire de la bicyclette avec ma voix sur les images en noir et blanc du succ\u00e8s de Rik Van Steenbergen lors du Ronde sur le V\u00e9lodrome de Gand.\",\"sameAs\":[\"https:\/\/www.facebook.com\/groups\/LesRoisDuPeloton\",\"https:\/\/x.com\/https:\/\/twitter.com\/LRoisDuPeloton\"],\"url\":\"https:\/\/dicodusport.fr\/blog\/author\/emiliend\/\"}]}<\/script>\n<!-- \/ Yoast SEO Premium plugin. -->","yoast_head_json":{"title":"La Fl\u00e8che Wallonne 2025 : Cha\u00eene TV, Engag\u00e9s et Favoris","description":"Retrouvez les informations sur la diffusion TV, la liste des engag\u00e9s et les favoris de la Fl\u00e8che Wallonne 2025, qui se d\u00e9roule ce mercredi 23 avril.","robots":{"index":"index","follow":"follow","max-snippet":"max-snippet:-1","max-image-preview":"max-image-preview:large","max-video-preview":"max-video-preview:-1"},"canonical":"https:\/\/dicodusport.fr\/blog\/la-fleche-wallonne-2025-favoris-et-outsiders-de-la-course\/","og_locale":"fr_FR","og_type":"article","og_title":"La Fl\u00e8che Wallonne 2025 : Cha\u00eene TV, Engag\u00e9s et Favoris","og_description":"Retrouvez les informations sur la diffusion TV, la liste des engag\u00e9s et les favoris de la Fl\u00e8che Wallonne 2025, qui se d\u00e9roule ce mercredi 23 avril.","og_url":"https:\/\/dicodusport.fr\/blog\/la-fleche-wallonne-2025-favoris-et-outsiders-de-la-course\/","og_site_name":"Dicodusport","article_publisher":"https:\/\/www.facebook.com\/dicodusport","article_author":"https:\/\/www.facebook.com\/groups\/LesRoisDuPeloton","article_published_time":"2025-04-22T17:13:14+00:00","article_modified_time":"2025-04-22T17:13:31+00:00","og_image":[{"width":1200,"height":674,"url":"https:\/\/dicodusport.fr\/blog\/wp-content\/uploads\/2025\/04\/La-Fleche-Wallonne-2025-Chaine-TV-Engages-et-Favoris.png","type":"image\/png"}],"author":"Emilien Descampiaux","twitter_card":"summary_large_image","twitter_title":"La Fl\u00e8che Wallonne 2025 : Cha\u00eene TV, Engag\u00e9s et Favoris","twitter_creator":"@https:\/\/twitter.com\/LRoisDuPeloton","twitter_site":"@dicodusport","schema":{"@context":"https:\/\/schema.org","@graph":[{"@type":"NewsArticle","@id":"https:\/\/dicodusport.fr\/blog\/la-fleche-wallonne-2025-favoris-et-outsiders-de-la-course\/#article","isPartOf":{"@id":"https:\/\/dicodusport.fr\/blog\/la-fleche-wallonne-2025-favoris-et-outsiders-de-la-course\/"},"author":{"name":"Emilien Descampiaux","@id":"https:\/\/dicodusport.fr\/blog\/#\/schema\/person\/6db4bae06b171592211be385b32876a7"},"headline":"La Fl\u00e8che Wallonne 2025 : Cha\u00eene TV, Engag\u00e9s et Favoris","datePublished":"2025-04-22T17:13:14+00:00","dateModified":"2025-04-22T17:13:31+00:00","mainEntityOfPage":{"@id":"https:\/\/dicodusport.fr\/blog\/la-fleche-wallonne-2025-favoris-et-outsiders-de-la-course\/"},"wordCount":1702,"commentCount":0,"publisher":{"@id":"https:\/\/dicodusport.fr\/blog\/#organization"},"image":{"@id":"https:\/\/dicodusport.fr\/blog\/la-fleche-wallonne-2025-favoris-et-outsiders-de-la-course\/#primaryimage"},"thumbnailUrl":"https:\/\/dicodusport.fr\/blog\/wp-content\/uploads\/2025\/04\/La-Fleche-Wallonne-2025-Chaine-TV-Engages-et-Favoris.png","keywords":["Actualit\u00e9 Cyclisme","br\u00e8ve","La Fl\u00e8che Wallonne"],"articleSection":["Cyclisme sur route"],"inLanguage":"fr-FR","potentialAction":[{"@type":"CommentAction","name":"Comment","target":["https:\/\/dicodusport.fr\/blog\/la-fleche-wallonne-2025-favoris-et-outsiders-de-la-course\/#respond"]}],"copyrightYear":"2025","copyrightHolder":{"@id":"https:\/\/dicodusport.fr\/blog\/#organization"}},{"@type":"WebPage","@id":"https:\/\/dicodusport.fr\/blog\/la-fleche-wallonne-2025-favoris-et-outsiders-de-la-course\/","url":"https:\/\/dicodusport.fr\/blog\/la-fleche-wallonne-2025-favoris-et-outsiders-de-la-course\/","name":"La Fl\u00e8che Wallonne 2025 : Cha\u00eene TV, Engag\u00e9s et Favoris","isPartOf":{"@id":"https:\/\/dicodusport.fr\/blog\/#website"},"primaryImageOfPage":{"@id":"https:\/\/dicodusport.fr\/blog\/la-fleche-wallonne-2025-favoris-et-outsiders-de-la-course\/#primaryimage"},"image":{"@id":"https:\/\/dicodusport.fr\/blog\/la-fleche-wallonne-2025-favoris-et-outsiders-de-la-course\/#primaryimage"},"thumbnailUrl":"https:\/\/dicodusport.fr\/blog\/wp-content\/uploads\/2025\/04\/La-Fleche-Wallonne-2025-Chaine-TV-Engages-et-Favoris.png","datePublished":"2025-04-22T17:13:14+00:00","dateModified":"2025-04-22T17:13:31+00:00","description":"Retrouvez les informations sur la diffusion TV, la liste des engag\u00e9s et les favoris de la Fl\u00e8che Wallonne 2025, qui se d\u00e9roule ce mercredi 23 avril.","breadcrumb":{"@id":"https:\/\/dicodusport.fr\/blog\/la-fleche-wallonne-2025-favoris-et-outsiders-de-la-course\/#breadcrumb"},"inLanguage":"fr-FR","potentialAction":[{"@type":"ReadAction","target":["https:\/\/dicodusport.fr\/blog\/la-fleche-wallonne-2025-favoris-et-outsiders-de-la-course\/"]}]},{"@type":"ImageObject","inLanguage":"fr-FR","@id":"https:\/\/dicodusport.fr\/blog\/la-fleche-wallonne-2025-favoris-et-outsiders-de-la-course\/#primaryimage","url":"https:\/\/dicodusport.fr\/blog\/wp-content\/uploads\/2025\/04\/La-Fleche-Wallonne-2025-Chaine-TV-Engages-et-Favoris.png","contentUrl":"https:\/\/dicodusport.fr\/blog\/wp-content\/uploads\/2025\/04\/La-Fleche-Wallonne-2025-Chaine-TV-Engages-et-Favoris.png","width":1200,"height":674,"caption":"La Fl\u00e8che Wallonne 2025 Cha\u00eene TV, Engag\u00e9s et Favoris"},{"@type":"BreadcrumbList","@id":"https:\/\/dicodusport.fr\/blog\/la-fleche-wallonne-2025-favoris-et-outsiders-de-la-course\/#breadcrumb","itemListElement":[{"@type":"ListItem","position":1,"name":"Accueil","item":"https:\/\/dicodusport.fr\/blog\/"},{"@type":"ListItem","position":2,"name":"La Fl\u00e8che Wallonne 2025 : Cha\u00eene TV, Engag\u00e9s et Favoris"}]},{"@type":"WebSite","@id":"https:\/\/dicodusport.fr\/blog\/#website","url":"https:\/\/dicodusport.fr\/blog\/","name":"Dicodusport","description":"L&#039;encyclop\u00e9die de l&#039;actualit\u00e9 sportive","publisher":{"@id":"https:\/\/dicodusport.fr\/blog\/#organization"},"potentialAction":[{"@type":"SearchAction","target":{"@type":"EntryPoint","urlTemplate":"https:\/\/dicodusport.fr\/blog\/?s={search_term_string}"},"query-input":{"@type":"PropertyValueSpecification","valueRequired":true,"valueName":"search_term_string"}}],"inLanguage":"fr-FR"},{"@type":"NewsMediaOrganization","@id":"https:\/\/dicodusport.fr\/blog\/#organization","name":"Dicodusport","url":"https:\/\/dicodusport.fr\/blog\/","logo":{"@type":"ImageObject","inLanguage":"fr-FR","@id":"https:\/\/dicodusport.fr\/blog\/#\/schema\/logo\/image\/","url":"https:\/\/dicodusport.fr\/blog\/wp-content\/uploads\/2020\/06\/cropped-LOGO-DICODUSPORT-2020-SANS-FOND-SANS-TEXTE.png","contentUrl":"https:\/\/dicodusport.fr\/blog\/wp-content\/uploads\/2020\/06\/cropped-LOGO-DICODUSPORT-2020-SANS-FOND-SANS-TEXTE.png","width":512,"height":512,"caption":"Dicodusport"},"image":{"@id":"https:\/\/dicodusport.fr\/blog\/#\/schema\/logo\/image\/"},"sameAs":["https:\/\/www.facebook.com\/dicodusport","https:\/\/x.com\/dicodusport","https:\/\/www.instagram.com\/dicodusport\/","https:\/\/www.youtube.com\/channel\/UC7V2KZ5sd3htJivAbA4ZG3w"],"description":"Dicodusport est l'encyclop\u00e9die de l'actualit\u00e9 sportive.","email":"bonjour@dicodusport.fr","legalName":"DICODUSPORT","foundingDate":"2018-01-14","vatID":"FR71834470973","taxID":"83447097300043","numberOfEmployees":{"@type":"QuantitativeValue","minValue":"1","maxValue":"10"}},{"@type":"Person","@id":"https:\/\/dicodusport.fr\/blog\/#\/schema\/person\/6db4bae06b171592211be385b32876a7","name":"Emilien Descampiaux","image":{"@type":"ImageObject","inLanguage":"fr-FR","@id":"https:\/\/dicodusport.fr\/blog\/#\/schema\/person\/image\/","url":"https:\/\/dicodusport.fr\/blog\/wp-content\/uploads\/2021\/05\/Emilien-Descampiaux-150x150.jpg","contentUrl":"https:\/\/dicodusport.fr\/blog\/wp-content\/uploads\/2021\/05\/Emilien-Descampiaux-150x150.jpg","caption":"Emilien Descampiaux"},"description":"Journaliste\/r\u00e9dacteur depuis 2014 - Fan de la classe de Frank Vandenbroucke, je vis cyclisme (et de ses paysages) depuis plus de 20 ans. Je suis tr\u00e8s impliqu\u00e9 sur mes diff\u00e9rents r\u00e9seaux sociaux pour partager ma passion sur le monde et l'Histoire de la bicyclette avec ma voix sur les images en noir et blanc du succ\u00e8s de Rik Van Steenbergen lors du Ronde sur le V\u00e9lodrome de Gand.","sameAs":["https:\/\/www.facebook.com\/groups\/LesRoisDuPeloton","https:\/\/x.com\/https:\/\/twitter.com\/LRoisDuPeloton"],"url":"https:\/\/dicodusport.fr\/blog\/author\/emiliend\/"}]}},"_links":{"self":[{"href":"https:\/\/dicodusport.fr\/blog\/wp-json\/wp\/v2\/posts\/573845","targetHints":{"allow":["GET"]}}],"collection":[{"href":"https:\/\/dicodusport.fr\/blog\/wp-json\/wp\/v2\/posts"}],"about":[{"href":"https:\/\/dicodusport.fr\/blog\/wp-json\/wp\/v2\/types\/post"}],"author":[{"embeddable":true,"href":"https:\/\/dicodusport.fr\/blog\/wp-json\/wp\/v2\/users\/48"}],"replies":[{"embeddable":true,"href":"https:\/\/dicodusport.fr\/blog\/wp-json\/wp\/v2\/comments?post=573845"}],"version-history":[{"count":7,"href":"https:\/\/dicodusport.fr\/blog\/wp-json\/wp\/v2\/posts\/573845\/revisions"}],"predecessor-version":[{"id":573974,"href":"https:\/\/dicodusport.fr\/blog\/wp-json\/wp\/v2\/posts\/573845\/revisions\/573974"}],"wp:featuredmedia":[{"embeddable":true,"href":"https:\/\/dicodusport.fr\/blog\/wp-json\/wp\/v2\/media\/573902"}],"wp:attachment":[{"href":"https:\/\/dicodusport.fr\/blog\/wp-json\/wp\/v2\/media?parent=573845"}],"wp:term":[{"taxonomy":"category","embeddable":true,"href":"https:\/\/dicodusport.fr\/blog\/wp-json\/wp\/v2\/categories?post=573845"},{"taxonomy":"post_tag","embeddable":true,"href":"https:\/\/dicodusport.fr\/blog\/wp-json\/wp\/v2\/tags?post=573845"}],"curies":[{"name":"wp","href":"https:\/\/api.w.org\/{rel}","templated":true}]}}