{"id":574136,"date":"2025-04-25T07:35:38","date_gmt":"2025-04-25T05:35:38","guid":{"rendered":"https:\/\/dicodusport.fr\/blog\/?p=574136&#038;preview=true&#038;preview_id=574136"},"modified":"2025-06-08T14:33:49","modified_gmt":"2025-06-08T12:33:49","slug":"rallye-des-iles-canaries-2025-a-quelle-heure-et-sur-quelle-chaine-tv","status":"publish","type":"post","link":"https:\/\/dicodusport.fr\/blog\/rallye-des-iles-canaries-2025-a-quelle-heure-et-sur-quelle-chaine-tv\/","title":{"rendered":"Rallye des \u00celes Canaries 2025 : \u00c0 quelle heure et sur quelle cha\u00eene TV"},"content":{"rendered":"<h4 style=\"text-align: justify;\"><em>D\u00e9couvrez le programme TV et les informations sur la diffusion du Rallye WRC des \u00celes Canaries, qui se dispute du jeudi 24 au dimanche 27 avril 2025.<\/em><\/h4>\n<ul>\n<li style=\"text-align: justify;\"><strong>\u00c0 ce sujet &#8211; <a href=\"https:\/\/dicodusport.fr\/blog\/rallye-wrc-2025-le-calendrier-complet\/\">Rallye WRC 2025 \u2013 Le calendrier complet<\/a><\/strong><\/li>\n<\/ul>\n<p style=\"text-align: justify;\">Le <strong>Rallye des \u00celes Canaries 2025<\/strong> (Rally Islas Canarias) marque une \u00e9tape historique en int\u00e9grant pour la premi\u00e8re fois le calendrier du <strong>Championnat du Monde des Rallyes (WRC)<\/strong>. Il se d\u00e9roulera du 24 au 27 avril sur l\u2019\u00eele de Gran Canaria et constituera la 4\u00e8me manche de la saison.\u200b<\/p>\n<h3 style=\"text-align: justify;\">Le Rallye des \u00celes Canaries 2025 en bref<\/h3>\n<p><strong>Dates :<\/strong> Du jeudi 24 au dimanche 27 avril 2025.<\/p>\n<p><strong>Lieu :<\/strong> \u00cele de Gran Canaria, avec un d\u00e9part \u00e0 Valsequillo et une arriv\u00e9e \u00e0 Maspalomas.<\/p>\n<p><strong>Surface :<\/strong> Asphalte<\/p>\n<p><strong>Nombre d\u2019\u00e9quipages inscrits :<\/strong> 63, dont 10 en Rally 1.<\/p>\n<p><strong>Distance totale :<\/strong> 1 082,20 km, dont 301,30 km chronom\u00e9tr\u00e9s r\u00e9partis sur 18 sp\u00e9ciales.<\/p>\n<p style=\"text-align: justify;\">Ce rallye est r\u00e9put\u00e9 pour ses routes techniques et sinueuses, offrant des paysages spectaculaires \u00e0 travers les montagnes de l\u2019\u00eele. Les temp\u00e9ratures \u00e9lev\u00e9es et les variations d\u2019altitude imposent une gestion strat\u00e9gique des pneus et une concentration maximale des pilotes.<\/p>\n<div class=\"vlp-link-container vlp-layout-article\"><a href=\"https:\/\/dicodusport.fr\/blog\/rallye-des-iles-canaries-2025-programme-horaires-et-resultats\/\" class=\"vlp-link\" title=\"Rallye des \u00celes Canaries 2025 : Programme, Horaires et R\u00e9sultats\"><\/a><div class=\"vlp-layout-zone-side\"><div class=\"vlp-block-4 vlp-link-image\"><img loading=\"lazy\" decoding=\"async\" style=\"max-width: 792px;\" width=\"792\" height=\"445\" src=\"https:\/\/dicodusport.fr\/blog\/wp-content\/uploads\/2025\/04\/Rallye-des-Iles-Canaries-2025-Programme-Horaires-et-Resultats.png\" class=\"attachment-800x445 size-800x445\" alt=\"Rallye des \u00celes Canaries 2025 Programme, Horaires et R\u00e9sultats\" srcset=\"https:\/\/dicodusport.fr\/blog\/wp-content\/uploads\/2025\/04\/Rallye-des-Iles-Canaries-2025-Programme-Horaires-et-Resultats.png 1200w, https:\/\/dicodusport.fr\/blog\/wp-content\/uploads\/2025\/04\/Rallye-des-Iles-Canaries-2025-Programme-Horaires-et-Resultats-300x169.png 300w, https:\/\/dicodusport.fr\/blog\/wp-content\/uploads\/2025\/04\/Rallye-des-Iles-Canaries-2025-Programme-Horaires-et-Resultats-1024x575.png 1024w, https:\/\/dicodusport.fr\/blog\/wp-content\/uploads\/2025\/04\/Rallye-des-Iles-Canaries-2025-Programme-Horaires-et-Resultats-768x431.png 768w\" sizes=\"auto, (max-width: 792px) 100vw, 792px\" \/><\/div><\/div><div class=\"vlp-layout-zone-main\"><div class=\"vlp-block-0 vlp-link-title\">Rallye des \u00celes Canaries 2025 : Programme, Horaires et R\u00e9sultats<\/div><div class=\"vlp-block-1 vlp-link-summary\">D\u00e9couvrez le programme complet, les horaires et les r\u00e9sultats en direct des sp\u00e9ciales du Rallye des \u00celes Canaries.<\/div><div class=\"vlp-block-2 vlp-link-button\">Lire l'article<\/div><div class=\"vlp-block-3 vlp-link-url\">dicodusport.fr<\/div><\/div><\/div>\n<h2 style=\"text-align: justify;\">Le programme TV du Rallye des\u00a0\u00celes Canaries 2025<\/h2>\n<h3 style=\"text-align: justify;\">Vendredi 25 avril<\/h3>\n<p style=\"text-align: justify;\"><strong>9h03<\/strong>\u00a0<strong>\u2013 ES1 :<\/strong> Canal+ Sport<br \/>\n<strong>10h49<\/strong>\u00a0<strong>\u2013 ES2 :<\/strong> Canal+ Sport<br \/>\n<strong>12h25<\/strong>\u00a0<strong>\u2013 ES3 :<\/strong> Canal+ Sport<br \/>\n<strong>16h16<\/strong>\u00a0<strong>\u2013 ES4 :<\/strong> Canal+ Sport 360<br \/>\n<strong>18h02<\/strong>\u00a0<strong>\u2013 ES5 :<\/strong> Canal+ Sport 360<br \/>\n<strong>19h39<\/strong> <strong>\u2013 ES6 :<\/strong> Canal+ Sport 360<\/p>\n<h3 style=\"text-align: justify;\">Samedi 26 avril<\/h3>\n<p style=\"text-align: justify;\"><strong>9h00 \u2013\u00a0ES7 :<\/strong> Canal+ Sport<br \/>\n<strong>10h45<\/strong>\u00a0<strong>\u2013 ES8 :<\/strong> Canal+ Sport<br \/>\n<strong>11h58<\/strong>\u00a0<strong>\u2013 ES9 :<\/strong> Canal+ Sport<br \/>\n<strong>16h00<\/strong>\u00a0<strong>\u2013 ES10 :<\/strong> Canal+ Sport 360<br \/>\n<strong>17h43<\/strong>\u00a0<strong>\u2013 ES11 :<\/strong> Canal+ Sport 360<br \/>\n<strong>18h57<\/strong>\u00a0<strong>\u2013 ES12 :<\/strong> Canal+ Sport 360<br \/>\n<strong>21h33<\/strong> <strong>\u2013 ES13 :<\/strong> Canal+ Sport 360<\/p>\n<h3 style=\"text-align: justify;\">Dimanche 27 avril<\/h3>\n<p style=\"text-align: justify;\"><strong>9h10<\/strong>\u00a0<strong>\u2013 ES14 :<\/strong> Canal+ Sport<br \/>\n<strong>10h00<\/strong>\u00a0<strong>\u2013 ES15 :<\/strong> Canal+ Sport<br \/>\n<strong>11h35<\/strong>\u00a0<strong>\u2013 ES16 :<\/strong> Canal+ Sport<br \/>\n<strong>12h15<\/strong>\u00a0<strong>\u2013 ES17 :<\/strong> Canal+ Sport<br \/>\n<strong>14h00<\/strong>\u00a0<strong>\u2013 ES18 (Power Stage) :<\/strong> Canal+ Sport<\/p>\n<h2 style=\"text-align: justify;\">Le classement g\u00e9n\u00e9ral du Rallye des \u00celes Canaries 2025<\/h2>\n<div class=\"vlp-link-container vlp-layout-article\"><a href=\"https:\/\/dicodusport.fr\/blog\/rallye-des-iles-canaries-2025-le-classement-general-en-direct\/\" class=\"vlp-link\" title=\"Rallye des \u00celes Canaries 2025 - Classement g\u00e9n\u00e9ral en direct\"><\/a><div class=\"vlp-layout-zone-side\"><div class=\"vlp-block-4 vlp-link-image\"><img loading=\"lazy\" decoding=\"async\" style=\"max-width: 792px;\" width=\"792\" height=\"445\" src=\"https:\/\/dicodusport.fr\/blog\/wp-content\/uploads\/2025\/04\/Rallye-des-Iles-Canaries-2025-Classement-general-en-direct.png\" class=\"attachment-800x445 size-800x445\" alt=\"Rallye des \u00celes Canaries 2025 - Classement g\u00e9n\u00e9ral en direct\" srcset=\"https:\/\/dicodusport.fr\/blog\/wp-content\/uploads\/2025\/04\/Rallye-des-Iles-Canaries-2025-Classement-general-en-direct.png 1200w, https:\/\/dicodusport.fr\/blog\/wp-content\/uploads\/2025\/04\/Rallye-des-Iles-Canaries-2025-Classement-general-en-direct-300x169.png 300w, https:\/\/dicodusport.fr\/blog\/wp-content\/uploads\/2025\/04\/Rallye-des-Iles-Canaries-2025-Classement-general-en-direct-1024x575.png 1024w, https:\/\/dicodusport.fr\/blog\/wp-content\/uploads\/2025\/04\/Rallye-des-Iles-Canaries-2025-Classement-general-en-direct-768x431.png 768w\" sizes=\"auto, (max-width: 792px) 100vw, 792px\" \/><\/div><\/div><div class=\"vlp-layout-zone-main\"><div class=\"vlp-block-0 vlp-link-title\">Rallye des \u00celes Canaries 2025 - Classement g\u00e9n\u00e9ral en direct<\/div><div class=\"vlp-block-1 vlp-link-summary\">D\u00e9couvrez le classement g\u00e9n\u00e9ral et les r\u00e9sultats (top 10) du Rallye des \u00celes Canaries 2025, quatri\u00e8me manche du championnat du monde des rallyes WRC 2025.<\/div><div class=\"vlp-block-2 vlp-link-button\">Lire l'article<\/div><div class=\"vlp-block-3 vlp-link-url\">dicodusport.fr<\/div><\/div><\/div>\n<h2 style=\"text-align: justify;\">Le palmar\u00e8s de la saison 2025<\/h2>\n<p style=\"text-align: justify;\"><strong>Rallye Monte Carlo : <\/strong>S\u00e9bastien Ogier (Toyota) \u2013 <a href=\"https:\/\/dicodusport.fr\/blog\/rallye-monte-carlo-2025-le-classement-general-en-direct\/\"><em>Classement final<\/em><\/a><strong><br \/>\nRallye de Su\u00e8de :<\/strong> Elfyn Evans (Toyota) \u2013 <a href=\"https:\/\/dicodusport.fr\/blog\/rallye-de-suede-2025-le-classement-general-en-direct\/\"><em>Classement final<\/em><\/a><br \/>\n<strong>Rallye du Kenya :<\/strong> Elfyn Evans (Toyota \u2013 <a href=\"https:\/\/dicodusport.fr\/blog\/rallye-du-kenya-2025-le-classement-general-en-direct\/\"><em>Classement final<\/em><\/a><\/p>\n","protected":false},"excerpt":{"rendered":"<p>D\u00e9couvrez le programme TV et les informations sur la diffusion du Rallye WRC des \u00celes Canaries, qui se dispute du jeudi 24 au dimanche 27 avril 2025.<\/p>\n","protected":false},"author":4,"featured_media":574144,"comment_status":"open","ping_status":"closed","sticky":false,"template":"","format":"standard","meta":{"_acf_changed":false,"_daextam_enable_autolinks":"1","footnotes":""},"categories":[47088],"tags":[16878,2235],"class_list":["post-574136","post","type-post","status-publish","format-standard","has-post-thumbnail","hentry","category-rallye-wrc","tag-breve","tag-wrc"],"acf":[],"yoast_head":"<!-- This site is optimized with the Yoast SEO Premium plugin v26.7 (Yoast SEO v26.7) - https:\/\/yoast.com\/wordpress\/plugins\/seo\/ -->\n<title>Rallye des \u00celes Canaries 2025 : \u00c0 quelle heure et sur quelle cha\u00eene TV<\/title>\n<meta name=\"description\" content=\"D\u00e9couvrez le programme TV et les informations sur la diffusion du Rallye WRC des \u00celes Canaries, qui se dispute du jeudi 24 au dimanche 27 avril 2025.\" \/>\n<meta name=\"robots\" content=\"index, follow, max-snippet:-1, max-image-preview:large, max-video-preview:-1\" \/>\n<link rel=\"canonical\" href=\"https:\/\/dicodusport.fr\/blog\/rallye-des-iles-canaries-2025-a-quelle-heure-et-sur-quelle-chaine-tv\/\" \/>\n<meta property=\"og:locale\" content=\"fr_FR\" \/>\n<meta property=\"og:type\" content=\"article\" \/>\n<meta property=\"og:title\" content=\"Rallye des \u00celes Canaries 2025 : \u00c0 quelle heure et sur quelle cha\u00eene TV\" \/>\n<meta property=\"og:description\" content=\"D\u00e9couvrez le programme TV et les informations sur la diffusion du Rallye WRC des \u00celes Canaries, qui se dispute du jeudi 24 au dimanche 27 avril 2025.\" \/>\n<meta property=\"og:url\" content=\"https:\/\/dicodusport.fr\/blog\/rallye-des-iles-canaries-2025-a-quelle-heure-et-sur-quelle-chaine-tv\/\" \/>\n<meta property=\"og:site_name\" content=\"Dicodusport\" \/>\n<meta property=\"article:publisher\" content=\"https:\/\/www.facebook.com\/dicodusport\" \/>\n<meta property=\"article:author\" content=\"https:\/\/www.facebook.com\/florent.ostermann\" \/>\n<meta property=\"article:published_time\" content=\"2025-04-25T05:35:38+00:00\" \/>\n<meta property=\"article:modified_time\" content=\"2025-06-08T12:33:49+00:00\" \/>\n<meta property=\"og:image\" content=\"https:\/\/dicodusport.fr\/blog\/wp-content\/uploads\/2025\/04\/Rallye-des-Iles-Canaries-2025-A-quelle-heure-et-sur-quelle-chaine-TV.png\" \/>\n\t<meta property=\"og:image:width\" content=\"1200\" \/>\n\t<meta property=\"og:image:height\" content=\"674\" \/>\n\t<meta property=\"og:image:type\" content=\"image\/png\" \/>\n<meta name=\"author\" content=\"Flo Ostermann\" \/>\n<meta name=\"twitter:card\" content=\"summary_large_image\" \/>\n<meta name=\"twitter:title\" content=\"Rallye des \u00celes Canaries 2025 : \u00c0 quelle heure et sur quelle cha\u00eene TV\" \/>\n<meta name=\"twitter:creator\" content=\"@https:\/\/twitter.com\/FlOstermann\" \/>\n<meta name=\"twitter:site\" content=\"@dicodusport\" \/>\n<script type=\"application\/ld+json\" class=\"yoast-schema-graph\">{\"@context\":\"https:\/\/schema.org\",\"@graph\":[{\"@type\":\"NewsArticle\",\"@id\":\"https:\/\/dicodusport.fr\/blog\/rallye-des-iles-canaries-2025-a-quelle-heure-et-sur-quelle-chaine-tv\/#article\",\"isPartOf\":{\"@id\":\"https:\/\/dicodusport.fr\/blog\/rallye-des-iles-canaries-2025-a-quelle-heure-et-sur-quelle-chaine-tv\/\"},\"author\":{\"name\":\"Flo Ostermann\",\"@id\":\"https:\/\/dicodusport.fr\/blog\/#\/schema\/person\/cb02af4c173ce4a653b55e9baf388d4a\"},\"headline\":\"Rallye des \u00celes Canaries 2025 : \u00c0 quelle heure et sur quelle cha\u00eene TV\",\"datePublished\":\"2025-04-25T05:35:38+00:00\",\"dateModified\":\"2025-06-08T12:33:49+00:00\",\"mainEntityOfPage\":{\"@id\":\"https:\/\/dicodusport.fr\/blog\/rallye-des-iles-canaries-2025-a-quelle-heure-et-sur-quelle-chaine-tv\/\"},\"wordCount\":472,\"commentCount\":0,\"publisher\":{\"@id\":\"https:\/\/dicodusport.fr\/blog\/#organization\"},\"image\":{\"@id\":\"https:\/\/dicodusport.fr\/blog\/rallye-des-iles-canaries-2025-a-quelle-heure-et-sur-quelle-chaine-tv\/#primaryimage\"},\"thumbnailUrl\":\"https:\/\/dicodusport.fr\/blog\/wp-content\/uploads\/2025\/04\/Rallye-des-Iles-Canaries-2025-A-quelle-heure-et-sur-quelle-chaine-TV.png\",\"keywords\":[\"br\u00e8ve\",\"WRC\"],\"articleSection\":[\"Rallye WRC\"],\"inLanguage\":\"fr-FR\",\"potentialAction\":[{\"@type\":\"CommentAction\",\"name\":\"Comment\",\"target\":[\"https:\/\/dicodusport.fr\/blog\/rallye-des-iles-canaries-2025-a-quelle-heure-et-sur-quelle-chaine-tv\/#respond\"]}],\"copyrightYear\":\"2025\",\"copyrightHolder\":{\"@id\":\"https:\/\/dicodusport.fr\/blog\/#organization\"}},{\"@type\":\"WebPage\",\"@id\":\"https:\/\/dicodusport.fr\/blog\/rallye-des-iles-canaries-2025-a-quelle-heure-et-sur-quelle-chaine-tv\/\",\"url\":\"https:\/\/dicodusport.fr\/blog\/rallye-des-iles-canaries-2025-a-quelle-heure-et-sur-quelle-chaine-tv\/\",\"name\":\"Rallye des \u00celes Canaries 2025 : \u00c0 quelle heure et sur quelle cha\u00eene TV\",\"isPartOf\":{\"@id\":\"https:\/\/dicodusport.fr\/blog\/#website\"},\"primaryImageOfPage\":{\"@id\":\"https:\/\/dicodusport.fr\/blog\/rallye-des-iles-canaries-2025-a-quelle-heure-et-sur-quelle-chaine-tv\/#primaryimage\"},\"image\":{\"@id\":\"https:\/\/dicodusport.fr\/blog\/rallye-des-iles-canaries-2025-a-quelle-heure-et-sur-quelle-chaine-tv\/#primaryimage\"},\"thumbnailUrl\":\"https:\/\/dicodusport.fr\/blog\/wp-content\/uploads\/2025\/04\/Rallye-des-Iles-Canaries-2025-A-quelle-heure-et-sur-quelle-chaine-TV.png\",\"datePublished\":\"2025-04-25T05:35:38+00:00\",\"dateModified\":\"2025-06-08T12:33:49+00:00\",\"description\":\"D\u00e9couvrez le programme TV et les informations sur la diffusion du Rallye WRC des \u00celes Canaries, qui se dispute du jeudi 24 au dimanche 27 avril 2025.\",\"breadcrumb\":{\"@id\":\"https:\/\/dicodusport.fr\/blog\/rallye-des-iles-canaries-2025-a-quelle-heure-et-sur-quelle-chaine-tv\/#breadcrumb\"},\"inLanguage\":\"fr-FR\",\"potentialAction\":[{\"@type\":\"ReadAction\",\"target\":[\"https:\/\/dicodusport.fr\/blog\/rallye-des-iles-canaries-2025-a-quelle-heure-et-sur-quelle-chaine-tv\/\"]}]},{\"@type\":\"ImageObject\",\"inLanguage\":\"fr-FR\",\"@id\":\"https:\/\/dicodusport.fr\/blog\/rallye-des-iles-canaries-2025-a-quelle-heure-et-sur-quelle-chaine-tv\/#primaryimage\",\"url\":\"https:\/\/dicodusport.fr\/blog\/wp-content\/uploads\/2025\/04\/Rallye-des-Iles-Canaries-2025-A-quelle-heure-et-sur-quelle-chaine-TV.png\",\"contentUrl\":\"https:\/\/dicodusport.fr\/blog\/wp-content\/uploads\/2025\/04\/Rallye-des-Iles-Canaries-2025-A-quelle-heure-et-sur-quelle-chaine-TV.png\",\"width\":1200,\"height\":674,\"caption\":\"Rallye des \u00celes Canaries 2025 \u00c0 quelle heure et sur quelle cha\u00eene TV\"},{\"@type\":\"BreadcrumbList\",\"@id\":\"https:\/\/dicodusport.fr\/blog\/rallye-des-iles-canaries-2025-a-quelle-heure-et-sur-quelle-chaine-tv\/#breadcrumb\",\"itemListElement\":[{\"@type\":\"ListItem\",\"position\":1,\"name\":\"Accueil\",\"item\":\"https:\/\/dicodusport.fr\/blog\/\"},{\"@type\":\"ListItem\",\"position\":2,\"name\":\"Rallye des \u00celes Canaries 2025 : \u00c0 quelle heure et sur quelle cha\u00eene TV\"}]},{\"@type\":\"WebSite\",\"@id\":\"https:\/\/dicodusport.fr\/blog\/#website\",\"url\":\"https:\/\/dicodusport.fr\/blog\/\",\"name\":\"Dicodusport\",\"description\":\"L&#039;encyclop\u00e9die de l&#039;actualit\u00e9 sportive\",\"publisher\":{\"@id\":\"https:\/\/dicodusport.fr\/blog\/#organization\"},\"potentialAction\":[{\"@type\":\"SearchAction\",\"target\":{\"@type\":\"EntryPoint\",\"urlTemplate\":\"https:\/\/dicodusport.fr\/blog\/?s={search_term_string}\"},\"query-input\":{\"@type\":\"PropertyValueSpecification\",\"valueRequired\":true,\"valueName\":\"search_term_string\"}}],\"inLanguage\":\"fr-FR\"},{\"@type\":\"NewsMediaOrganization\",\"@id\":\"https:\/\/dicodusport.fr\/blog\/#organization\",\"name\":\"Dicodusport\",\"url\":\"https:\/\/dicodusport.fr\/blog\/\",\"logo\":{\"@type\":\"ImageObject\",\"inLanguage\":\"fr-FR\",\"@id\":\"https:\/\/dicodusport.fr\/blog\/#\/schema\/logo\/image\/\",\"url\":\"https:\/\/dicodusport.fr\/blog\/wp-content\/uploads\/2020\/06\/cropped-LOGO-DICODUSPORT-2020-SANS-FOND-SANS-TEXTE.png\",\"contentUrl\":\"https:\/\/dicodusport.fr\/blog\/wp-content\/uploads\/2020\/06\/cropped-LOGO-DICODUSPORT-2020-SANS-FOND-SANS-TEXTE.png\",\"width\":512,\"height\":512,\"caption\":\"Dicodusport\"},\"image\":{\"@id\":\"https:\/\/dicodusport.fr\/blog\/#\/schema\/logo\/image\/\"},\"sameAs\":[\"https:\/\/www.facebook.com\/dicodusport\",\"https:\/\/x.com\/dicodusport\",\"https:\/\/www.instagram.com\/dicodusport\/\",\"https:\/\/www.youtube.com\/channel\/UC7V2KZ5sd3htJivAbA4ZG3w\"],\"description\":\"Dicodusport est l'encyclop\u00e9die de l'actualit\u00e9 sportive.\",\"email\":\"bonjour@dicodusport.fr\",\"legalName\":\"DICODUSPORT\",\"foundingDate\":\"2018-01-14\",\"vatID\":\"FR71834470973\",\"taxID\":\"83447097300043\",\"numberOfEmployees\":{\"@type\":\"QuantitativeValue\",\"minValue\":\"1\",\"maxValue\":\"10\"}},{\"@type\":\"Person\",\"@id\":\"https:\/\/dicodusport.fr\/blog\/#\/schema\/person\/cb02af4c173ce4a653b55e9baf388d4a\",\"name\":\"Flo Ostermann\",\"image\":{\"@type\":\"ImageObject\",\"inLanguage\":\"fr-FR\",\"@id\":\"https:\/\/dicodusport.fr\/blog\/#\/schema\/person\/image\/\",\"url\":\"https:\/\/dicodusport.fr\/blog\/wp-content\/uploads\/2021\/05\/Flo-Ostermann-150x150.jpg\",\"contentUrl\":\"https:\/\/dicodusport.fr\/blog\/wp-content\/uploads\/2021\/05\/Flo-Ostermann-150x150.jpg\",\"caption\":\"Flo Ostermann\"},\"description\":\"Journaliste\/R\u00e9dacteur depuis septembre 2015 - Mes premiers souvenirs dans le sport ? Les envol\u00e9es du Stade Toulousain et les duels Villeneuve-Schumacher et H\u00e4kkinen-Schumacher \u00e0 la fin des ann\u00e9es 90, la Coupe du monde de football en 1998, l\u2019exploit du XV de France face aux All Blacks en 1999, mais aussi Richard C\u0153ur de Lion qui vole sur les montagnes du Tour de France. Bien parti pour devenir professeur d\u2019EPS, les \u00e9v\u00e9nements de la vie (et la flemme d\u2019animer des s\u00e9ances de 3x500 m\u00e8tres toute ma vie) m\u2019ont conduit \u00e0 revoir mes plans. Me voil\u00e0 depuis fin 2017 sur Dicodusport, m\u00e9dia gr\u00e2ce (et pour) lequel je partage ma passion : le sport dans tous ses \u00e9tats. Le tout accompagn\u00e9 par les fous furieux et folles furieuses cit\u00e9s sur cette page !\",\"sameAs\":[\"https:\/\/www.facebook.com\/florent.ostermann\",\"https:\/\/x.com\/https:\/\/twitter.com\/FlOstermann\",\"admin\"],\"url\":\"https:\/\/dicodusport.fr\/blog\/author\/flo\/\"}]}<\/script>\n<!-- \/ Yoast SEO Premium plugin. -->","yoast_head_json":{"title":"Rallye des \u00celes Canaries 2025 : \u00c0 quelle heure et sur quelle cha\u00eene TV","description":"D\u00e9couvrez le programme TV et les informations sur la diffusion du Rallye WRC des \u00celes Canaries, qui se dispute du jeudi 24 au dimanche 27 avril 2025.","robots":{"index":"index","follow":"follow","max-snippet":"max-snippet:-1","max-image-preview":"max-image-preview:large","max-video-preview":"max-video-preview:-1"},"canonical":"https:\/\/dicodusport.fr\/blog\/rallye-des-iles-canaries-2025-a-quelle-heure-et-sur-quelle-chaine-tv\/","og_locale":"fr_FR","og_type":"article","og_title":"Rallye des \u00celes Canaries 2025 : \u00c0 quelle heure et sur quelle cha\u00eene TV","og_description":"D\u00e9couvrez le programme TV et les informations sur la diffusion du Rallye WRC des \u00celes Canaries, qui se dispute du jeudi 24 au dimanche 27 avril 2025.","og_url":"https:\/\/dicodusport.fr\/blog\/rallye-des-iles-canaries-2025-a-quelle-heure-et-sur-quelle-chaine-tv\/","og_site_name":"Dicodusport","article_publisher":"https:\/\/www.facebook.com\/dicodusport","article_author":"https:\/\/www.facebook.com\/florent.ostermann","article_published_time":"2025-04-25T05:35:38+00:00","article_modified_time":"2025-06-08T12:33:49+00:00","og_image":[{"width":1200,"height":674,"url":"https:\/\/dicodusport.fr\/blog\/wp-content\/uploads\/2025\/04\/Rallye-des-Iles-Canaries-2025-A-quelle-heure-et-sur-quelle-chaine-TV.png","type":"image\/png"}],"author":"Flo Ostermann","twitter_card":"summary_large_image","twitter_title":"Rallye des \u00celes Canaries 2025 : \u00c0 quelle heure et sur quelle cha\u00eene TV","twitter_creator":"@https:\/\/twitter.com\/FlOstermann","twitter_site":"@dicodusport","schema":{"@context":"https:\/\/schema.org","@graph":[{"@type":"NewsArticle","@id":"https:\/\/dicodusport.fr\/blog\/rallye-des-iles-canaries-2025-a-quelle-heure-et-sur-quelle-chaine-tv\/#article","isPartOf":{"@id":"https:\/\/dicodusport.fr\/blog\/rallye-des-iles-canaries-2025-a-quelle-heure-et-sur-quelle-chaine-tv\/"},"author":{"name":"Flo Ostermann","@id":"https:\/\/dicodusport.fr\/blog\/#\/schema\/person\/cb02af4c173ce4a653b55e9baf388d4a"},"headline":"Rallye des \u00celes Canaries 2025 : \u00c0 quelle heure et sur quelle cha\u00eene TV","datePublished":"2025-04-25T05:35:38+00:00","dateModified":"2025-06-08T12:33:49+00:00","mainEntityOfPage":{"@id":"https:\/\/dicodusport.fr\/blog\/rallye-des-iles-canaries-2025-a-quelle-heure-et-sur-quelle-chaine-tv\/"},"wordCount":472,"commentCount":0,"publisher":{"@id":"https:\/\/dicodusport.fr\/blog\/#organization"},"image":{"@id":"https:\/\/dicodusport.fr\/blog\/rallye-des-iles-canaries-2025-a-quelle-heure-et-sur-quelle-chaine-tv\/#primaryimage"},"thumbnailUrl":"https:\/\/dicodusport.fr\/blog\/wp-content\/uploads\/2025\/04\/Rallye-des-Iles-Canaries-2025-A-quelle-heure-et-sur-quelle-chaine-TV.png","keywords":["br\u00e8ve","WRC"],"articleSection":["Rallye WRC"],"inLanguage":"fr-FR","potentialAction":[{"@type":"CommentAction","name":"Comment","target":["https:\/\/dicodusport.fr\/blog\/rallye-des-iles-canaries-2025-a-quelle-heure-et-sur-quelle-chaine-tv\/#respond"]}],"copyrightYear":"2025","copyrightHolder":{"@id":"https:\/\/dicodusport.fr\/blog\/#organization"}},{"@type":"WebPage","@id":"https:\/\/dicodusport.fr\/blog\/rallye-des-iles-canaries-2025-a-quelle-heure-et-sur-quelle-chaine-tv\/","url":"https:\/\/dicodusport.fr\/blog\/rallye-des-iles-canaries-2025-a-quelle-heure-et-sur-quelle-chaine-tv\/","name":"Rallye des \u00celes Canaries 2025 : \u00c0 quelle heure et sur quelle cha\u00eene TV","isPartOf":{"@id":"https:\/\/dicodusport.fr\/blog\/#website"},"primaryImageOfPage":{"@id":"https:\/\/dicodusport.fr\/blog\/rallye-des-iles-canaries-2025-a-quelle-heure-et-sur-quelle-chaine-tv\/#primaryimage"},"image":{"@id":"https:\/\/dicodusport.fr\/blog\/rallye-des-iles-canaries-2025-a-quelle-heure-et-sur-quelle-chaine-tv\/#primaryimage"},"thumbnailUrl":"https:\/\/dicodusport.fr\/blog\/wp-content\/uploads\/2025\/04\/Rallye-des-Iles-Canaries-2025-A-quelle-heure-et-sur-quelle-chaine-TV.png","datePublished":"2025-04-25T05:35:38+00:00","dateModified":"2025-06-08T12:33:49+00:00","description":"D\u00e9couvrez le programme TV et les informations sur la diffusion du Rallye WRC des \u00celes Canaries, qui se dispute du jeudi 24 au dimanche 27 avril 2025.","breadcrumb":{"@id":"https:\/\/dicodusport.fr\/blog\/rallye-des-iles-canaries-2025-a-quelle-heure-et-sur-quelle-chaine-tv\/#breadcrumb"},"inLanguage":"fr-FR","potentialAction":[{"@type":"ReadAction","target":["https:\/\/dicodusport.fr\/blog\/rallye-des-iles-canaries-2025-a-quelle-heure-et-sur-quelle-chaine-tv\/"]}]},{"@type":"ImageObject","inLanguage":"fr-FR","@id":"https:\/\/dicodusport.fr\/blog\/rallye-des-iles-canaries-2025-a-quelle-heure-et-sur-quelle-chaine-tv\/#primaryimage","url":"https:\/\/dicodusport.fr\/blog\/wp-content\/uploads\/2025\/04\/Rallye-des-Iles-Canaries-2025-A-quelle-heure-et-sur-quelle-chaine-TV.png","contentUrl":"https:\/\/dicodusport.fr\/blog\/wp-content\/uploads\/2025\/04\/Rallye-des-Iles-Canaries-2025-A-quelle-heure-et-sur-quelle-chaine-TV.png","width":1200,"height":674,"caption":"Rallye des \u00celes Canaries 2025 \u00c0 quelle heure et sur quelle cha\u00eene TV"},{"@type":"BreadcrumbList","@id":"https:\/\/dicodusport.fr\/blog\/rallye-des-iles-canaries-2025-a-quelle-heure-et-sur-quelle-chaine-tv\/#breadcrumb","itemListElement":[{"@type":"ListItem","position":1,"name":"Accueil","item":"https:\/\/dicodusport.fr\/blog\/"},{"@type":"ListItem","position":2,"name":"Rallye des \u00celes Canaries 2025 : \u00c0 quelle heure et sur quelle cha\u00eene TV"}]},{"@type":"WebSite","@id":"https:\/\/dicodusport.fr\/blog\/#website","url":"https:\/\/dicodusport.fr\/blog\/","name":"Dicodusport","description":"L&#039;encyclop\u00e9die de l&#039;actualit\u00e9 sportive","publisher":{"@id":"https:\/\/dicodusport.fr\/blog\/#organization"},"potentialAction":[{"@type":"SearchAction","target":{"@type":"EntryPoint","urlTemplate":"https:\/\/dicodusport.fr\/blog\/?s={search_term_string}"},"query-input":{"@type":"PropertyValueSpecification","valueRequired":true,"valueName":"search_term_string"}}],"inLanguage":"fr-FR"},{"@type":"NewsMediaOrganization","@id":"https:\/\/dicodusport.fr\/blog\/#organization","name":"Dicodusport","url":"https:\/\/dicodusport.fr\/blog\/","logo":{"@type":"ImageObject","inLanguage":"fr-FR","@id":"https:\/\/dicodusport.fr\/blog\/#\/schema\/logo\/image\/","url":"https:\/\/dicodusport.fr\/blog\/wp-content\/uploads\/2020\/06\/cropped-LOGO-DICODUSPORT-2020-SANS-FOND-SANS-TEXTE.png","contentUrl":"https:\/\/dicodusport.fr\/blog\/wp-content\/uploads\/2020\/06\/cropped-LOGO-DICODUSPORT-2020-SANS-FOND-SANS-TEXTE.png","width":512,"height":512,"caption":"Dicodusport"},"image":{"@id":"https:\/\/dicodusport.fr\/blog\/#\/schema\/logo\/image\/"},"sameAs":["https:\/\/www.facebook.com\/dicodusport","https:\/\/x.com\/dicodusport","https:\/\/www.instagram.com\/dicodusport\/","https:\/\/www.youtube.com\/channel\/UC7V2KZ5sd3htJivAbA4ZG3w"],"description":"Dicodusport est l'encyclop\u00e9die de l'actualit\u00e9 sportive.","email":"bonjour@dicodusport.fr","legalName":"DICODUSPORT","foundingDate":"2018-01-14","vatID":"FR71834470973","taxID":"83447097300043","numberOfEmployees":{"@type":"QuantitativeValue","minValue":"1","maxValue":"10"}},{"@type":"Person","@id":"https:\/\/dicodusport.fr\/blog\/#\/schema\/person\/cb02af4c173ce4a653b55e9baf388d4a","name":"Flo Ostermann","image":{"@type":"ImageObject","inLanguage":"fr-FR","@id":"https:\/\/dicodusport.fr\/blog\/#\/schema\/person\/image\/","url":"https:\/\/dicodusport.fr\/blog\/wp-content\/uploads\/2021\/05\/Flo-Ostermann-150x150.jpg","contentUrl":"https:\/\/dicodusport.fr\/blog\/wp-content\/uploads\/2021\/05\/Flo-Ostermann-150x150.jpg","caption":"Flo Ostermann"},"description":"Journaliste\/R\u00e9dacteur depuis septembre 2015 - Mes premiers souvenirs dans le sport ? Les envol\u00e9es du Stade Toulousain et les duels Villeneuve-Schumacher et H\u00e4kkinen-Schumacher \u00e0 la fin des ann\u00e9es 90, la Coupe du monde de football en 1998, l\u2019exploit du XV de France face aux All Blacks en 1999, mais aussi Richard C\u0153ur de Lion qui vole sur les montagnes du Tour de France. Bien parti pour devenir professeur d\u2019EPS, les \u00e9v\u00e9nements de la vie (et la flemme d\u2019animer des s\u00e9ances de 3x500 m\u00e8tres toute ma vie) m\u2019ont conduit \u00e0 revoir mes plans. Me voil\u00e0 depuis fin 2017 sur Dicodusport, m\u00e9dia gr\u00e2ce (et pour) lequel je partage ma passion : le sport dans tous ses \u00e9tats. Le tout accompagn\u00e9 par les fous furieux et folles furieuses cit\u00e9s sur cette page !","sameAs":["https:\/\/www.facebook.com\/florent.ostermann","https:\/\/x.com\/https:\/\/twitter.com\/FlOstermann","admin"],"url":"https:\/\/dicodusport.fr\/blog\/author\/flo\/"}]}},"_links":{"self":[{"href":"https:\/\/dicodusport.fr\/blog\/wp-json\/wp\/v2\/posts\/574136","targetHints":{"allow":["GET"]}}],"collection":[{"href":"https:\/\/dicodusport.fr\/blog\/wp-json\/wp\/v2\/posts"}],"about":[{"href":"https:\/\/dicodusport.fr\/blog\/wp-json\/wp\/v2\/types\/post"}],"author":[{"embeddable":true,"href":"https:\/\/dicodusport.fr\/blog\/wp-json\/wp\/v2\/users\/4"}],"replies":[{"embeddable":true,"href":"https:\/\/dicodusport.fr\/blog\/wp-json\/wp\/v2\/comments?post=574136"}],"version-history":[{"count":3,"href":"https:\/\/dicodusport.fr\/blog\/wp-json\/wp\/v2\/posts\/574136\/revisions"}],"predecessor-version":[{"id":574422,"href":"https:\/\/dicodusport.fr\/blog\/wp-json\/wp\/v2\/posts\/574136\/revisions\/574422"}],"wp:featuredmedia":[{"embeddable":true,"href":"https:\/\/dicodusport.fr\/blog\/wp-json\/wp\/v2\/media\/574144"}],"wp:attachment":[{"href":"https:\/\/dicodusport.fr\/blog\/wp-json\/wp\/v2\/media?parent=574136"}],"wp:term":[{"taxonomy":"category","embeddable":true,"href":"https:\/\/dicodusport.fr\/blog\/wp-json\/wp\/v2\/categories?post=574136"},{"taxonomy":"post_tag","embeddable":true,"href":"https:\/\/dicodusport.fr\/blog\/wp-json\/wp\/v2\/tags?post=574136"}],"curies":[{"name":"wp","href":"https:\/\/api.w.org\/{rel}","templated":true}]}}