{"id":574289,"date":"2025-04-24T17:58:04","date_gmt":"2025-04-24T15:58:04","guid":{"rendered":"https:\/\/dicodusport.fr\/blog\/?p=574289&#038;preview=true&#038;preview_id=574289"},"modified":"2025-04-25T23:56:46","modified_gmt":"2025-04-25T21:56:46","slug":"championnats-deurope-judo-2025-de-largent-au-gout-amer-pour-clarisse-agbegnenou","status":"publish","type":"post","link":"https:\/\/dicodusport.fr\/blog\/championnats-deurope-judo-2025-de-largent-au-gout-amer-pour-clarisse-agbegnenou\/","title":{"rendered":"Championnats d&rsquo;Europe judo 2025 : De l&rsquo;argent au go\u00fbt amer pour Clarisse Agbegnenou"},"content":{"rendered":"<h4 style=\"text-align: justify;\"><em>CHAMPIONNATS D&rsquo;EUROPE DE JUDO 2025 &#8211; Les Bleues auraient pu faire coup double chez les -63 kg. Mais c\u2019est finalement la double soupe \u00e0 la grimace. Manon Deketer \u00e9choue au pied du podium, disqualifi\u00e9e dans le combat au bronze. M\u00eame punition quelques minutes plus tard en finale pour Clarisse Agbegnenou, qui voit filer un 6<sup>\u00e8me<\/sup> titre europ\u00e9en.<\/em><\/h4>\n<ul style=\"list-style-type: disc; text-align: justify;\">\n<li><strong>\u00c0 ce sujet &#8211; <a href=\"https:\/\/dicodusport.fr\/blog\/tableau-des-medailles-championnats-deurope-judo-2025\/\">Tableau des m\u00e9dailles des Championnats d&rsquo;Europe de judo 2025<\/a><\/strong><\/li>\n<\/ul>\n<p style=\"text-align: justify;\">Deux des trois Fran\u00e7aises engag\u00e9es aujourd\u2019hui combattaient dans la m\u00eame cat\u00e9gorie des -63 kg\u00a0: <strong>Clarisse Agbegnenou<\/strong> et <strong>Manon Deketer<\/strong>. C\u2019est la quintuple championne d\u2019Europe qui a ouvert la voie face \u00e0 <strong>Savita Russo<\/strong> apr\u00e8s un passage au sol, suivie quelques instants plus tard par sa compatriote, tombeuse autoritaire de <strong>Cristina Perez<\/strong> pour son premier tour. C\u2019est presque dans le m\u00eame temps que les deux femmes ont ensuite compost\u00e9 leur place en quarts de finale. Puis la premi\u00e8re s\u2019est extirp\u00e9e des griffes de <strong>Shemesh<\/strong> juste avant le golden score tandis que la seconde a \u00e9teint <strong>Piovesana<\/strong>, for\u00e7ant l\u2019Autrichienne \u00e0 taper sur une immobilisation au sol.<\/p>\n<h2>Une fin de journ\u00e9e frustrante pour Agbegnenou et Deketer<\/h2>\n<p style=\"text-align: justify;\">Dans la m\u00eame partie de tableau, les deux Fran\u00e7aises se sont ainsi retrouv\u00e9es en demi-finale. Un combat tr\u00e8s engag\u00e9 qui a finalement bascul\u00e9 dans la poche de la n\u00b03 mondiale. <strong>Manon Deketer<\/strong> n\u2019a ensuite pas pu se d\u00e9faire de la championne du monde n\u00e9erlandaise <strong>Joanne van Lieshout<\/strong> pour la course au bronze, disqualifi\u00e9e pour une cl\u00e9 de bras illicite. Sc\u00e9nario malheureusement cruel mais du surcro\u00eet similaire pour <strong>Clarisse Agbegnenou<\/strong> quelques minutes plus tard lors de la finale contre <strong>Renata Zechova<\/strong>. Sanctionn\u00e9e pour une attaque jug\u00e9e trop dangereuse, la Fran\u00e7aise a vu son combat tourner court et son r\u00eave d\u2019un 6<sup>\u00e8me<\/sup> titre europ\u00e9en s\u2019\u00e9vaporer. Une fin de journ\u00e9e frustrante pour l\u2019\u00e9quipe de France et Agbegnenou, qui doit se consoler avec l\u2019argent avant de s\u2019accorder une pause dans sa carri\u00e8re.<\/p>\n<blockquote class=\"twitter-tweet\">\n<p dir=\"ltr\" lang=\"fr\">\u274c\ud83d\ude31 L&rsquo;OR \u00c9CHAPPE \u00c0 AGB\u00c9GN\u00c9NOU !<\/p>\n<p>Clarisse Agb\u00e9gn\u00e9nou (-63 kg) se fait disqualifier pour un geste jug\u00e9 dangereux et ne remportera pas de sixi\u00e8me titre europ\u00e9en.<\/p>\n<p>\ud83c\udde8\ud83c\uddff\ud83e\udd47La Tch\u00e8que Renata Zachova est championne d&rsquo;Europe. <a href=\"https:\/\/t.co\/Xh5gqqkefs\">pic.twitter.com\/Xh5gqqkefs<\/a><\/p>\n<p>\u2014 RMC Sport Combat (@RMCSportCombat) <a href=\"https:\/\/twitter.com\/RMCSportCombat\/status\/1915436520225280117?ref_src=twsrc%5Etfw\">April 24, 2025<\/a><\/p><\/blockquote>\n<p><script async src=\"https:\/\/platform.twitter.com\/widgets.js\" charset=\"utf-8\"><\/script><\/p>\n<p style=\"text-align: justify;\">Pas de m\u00e9daille d&rsquo;or donc aujourd&rsquo;hui pour le clan tricolore, qui porte son total \u00e0 7 (2 en or, 1 en argent et 4 en bronze). Demain, <strong>Marie-\u00c8ve Gahi\u00e9<\/strong> (-70 kg), <strong>Arnaud Aregba<\/strong> (-81 kg), <strong>Alexis Mathieu<\/strong> et <strong>Maxime-Ga\u00ebl Ngayap Hambou<\/strong> (-90 kg) feront leur entr\u00e9e en lice pour tenter d&rsquo;\u00e9toffer un peu plus ce bilan.<\/p>\n","protected":false},"excerpt":{"rendered":"<p>CHAMPIONNATS D&rsquo;EUROPE DE JUDO 2025 &#8211; Les Bleues auraient pu faire coup double chez les -63 kg. Mais c\u2019est finalement la double soupe \u00e0 la grimace. Manon Deketer \u00e9choue au pied du podium, disqualifi\u00e9e dans le combat au bronze. M\u00eame punition quelques minutes plus tard en finale pour Clarisse Agbegnenou, qui voit filer un 6\u00e8me titre europ\u00e9en.<\/p>\n","protected":false},"author":18,"featured_media":574372,"comment_status":"open","ping_status":"closed","sticky":false,"template":"","format":"standard","meta":{"_acf_changed":false,"_daextam_enable_autolinks":"1","footnotes":""},"categories":[8651],"tags":[16878,1788,68,19915,24],"class_list":["post-574289","post","type-post","status-publish","format-standard","has-post-thumbnail","hentry","category-judo","tag-breve","tag-clarisse-agbegnenou","tag-judo","tag-manon-deketer","tag-sport"],"acf":[],"yoast_head":"<!-- This site is optimized with the Yoast SEO Premium plugin v26.7 (Yoast SEO v26.7) - https:\/\/yoast.com\/wordpress\/plugins\/seo\/ -->\n<title>Championnats d&#039;Europe judo 2025 : De l&#039;argent au go\u00fbt amer pour Clarisse Agbegnenou<\/title>\n<meta name=\"description\" content=\"CHAMPIONNATS D&#039;EUROPE DE JUDO 2025 - Clarisse Agbegnenou manque un 6\u00e8me titre europ\u00e9en et doit se consoler avec l&#039;argent.\" \/>\n<meta name=\"robots\" content=\"index, follow, max-snippet:-1, max-image-preview:large, max-video-preview:-1\" \/>\n<link rel=\"canonical\" href=\"https:\/\/dicodusport.fr\/blog\/championnats-deurope-judo-2025-de-largent-au-gout-amer-pour-clarisse-agbegnenou\/\" \/>\n<meta property=\"og:locale\" content=\"fr_FR\" \/>\n<meta property=\"og:type\" content=\"article\" \/>\n<meta property=\"og:title\" content=\"Championnats d&#039;Europe judo 2025 : De l&#039;argent au go\u00fbt amer pour Clarisse Agbegnenou\" \/>\n<meta property=\"og:description\" content=\"CHAMPIONNATS D&#039;EUROPE DE JUDO 2025 - Clarisse Agbegnenou manque un 6\u00e8me titre europ\u00e9en et doit se consoler avec l&#039;argent.\" \/>\n<meta property=\"og:url\" content=\"https:\/\/dicodusport.fr\/blog\/championnats-deurope-judo-2025-de-largent-au-gout-amer-pour-clarisse-agbegnenou\/\" \/>\n<meta property=\"og:site_name\" content=\"Dicodusport\" \/>\n<meta property=\"article:publisher\" content=\"https:\/\/www.facebook.com\/dicodusport\" \/>\n<meta property=\"article:author\" content=\"https:\/\/www.facebook.com\/soocube\" \/>\n<meta property=\"article:published_time\" content=\"2025-04-24T15:58:04+00:00\" \/>\n<meta property=\"article:modified_time\" content=\"2025-04-25T21:56:46+00:00\" \/>\n<meta property=\"og:image\" content=\"https:\/\/dicodusport.fr\/blog\/wp-content\/uploads\/2025\/04\/Championnats-dEurope-judo-2025-De-largent-au-gout-amer-pour-Clarisse-Agbegnenou-1.png\" \/>\n\t<meta property=\"og:image:width\" content=\"1200\" \/>\n\t<meta property=\"og:image:height\" content=\"674\" \/>\n\t<meta property=\"og:image:type\" content=\"image\/png\" \/>\n<meta name=\"author\" content=\"Sophie Clapier\" \/>\n<meta name=\"twitter:card\" content=\"summary_large_image\" \/>\n<meta name=\"twitter:title\" content=\"Championnats d&#039;Europe judo 2025 : De l&#039;argent au go\u00fbt amer pour Clarisse Agbegnenou\" \/>\n<meta name=\"twitter:creator\" content=\"@https:\/\/twitter.com\/soocube\" \/>\n<meta name=\"twitter:site\" content=\"@dicodusport\" \/>\n<script type=\"application\/ld+json\" class=\"yoast-schema-graph\">{\"@context\":\"https:\/\/schema.org\",\"@graph\":[{\"@type\":\"NewsArticle\",\"@id\":\"https:\/\/dicodusport.fr\/blog\/championnats-deurope-judo-2025-de-largent-au-gout-amer-pour-clarisse-agbegnenou\/#article\",\"isPartOf\":{\"@id\":\"https:\/\/dicodusport.fr\/blog\/championnats-deurope-judo-2025-de-largent-au-gout-amer-pour-clarisse-agbegnenou\/\"},\"author\":{\"name\":\"Sophie Clapier\",\"@id\":\"https:\/\/dicodusport.fr\/blog\/#\/schema\/person\/416c975648aca9da8839bdfe333a21c9\"},\"headline\":\"Championnats d&rsquo;Europe judo 2025 : De l&rsquo;argent au go\u00fbt amer pour Clarisse Agbegnenou\",\"datePublished\":\"2025-04-24T15:58:04+00:00\",\"dateModified\":\"2025-04-25T21:56:46+00:00\",\"mainEntityOfPage\":{\"@id\":\"https:\/\/dicodusport.fr\/blog\/championnats-deurope-judo-2025-de-largent-au-gout-amer-pour-clarisse-agbegnenou\/\"},\"wordCount\":471,\"commentCount\":0,\"publisher\":{\"@id\":\"https:\/\/dicodusport.fr\/blog\/#organization\"},\"image\":{\"@id\":\"https:\/\/dicodusport.fr\/blog\/championnats-deurope-judo-2025-de-largent-au-gout-amer-pour-clarisse-agbegnenou\/#primaryimage\"},\"thumbnailUrl\":\"https:\/\/dicodusport.fr\/blog\/wp-content\/uploads\/2025\/04\/Championnats-dEurope-judo-2025-De-largent-au-gout-amer-pour-Clarisse-Agbegnenou-1.png\",\"keywords\":[\"br\u00e8ve\",\"Clarisse Agbegnenou\",\"Judo\",\"Manon Deketer\",\"sport\"],\"articleSection\":[\"Judo\"],\"inLanguage\":\"fr-FR\",\"potentialAction\":[{\"@type\":\"CommentAction\",\"name\":\"Comment\",\"target\":[\"https:\/\/dicodusport.fr\/blog\/championnats-deurope-judo-2025-de-largent-au-gout-amer-pour-clarisse-agbegnenou\/#respond\"]}],\"copyrightYear\":\"2025\",\"copyrightHolder\":{\"@id\":\"https:\/\/dicodusport.fr\/blog\/#organization\"}},{\"@type\":\"WebPage\",\"@id\":\"https:\/\/dicodusport.fr\/blog\/championnats-deurope-judo-2025-de-largent-au-gout-amer-pour-clarisse-agbegnenou\/\",\"url\":\"https:\/\/dicodusport.fr\/blog\/championnats-deurope-judo-2025-de-largent-au-gout-amer-pour-clarisse-agbegnenou\/\",\"name\":\"Championnats d'Europe judo 2025 : De l'argent au go\u00fbt amer pour Clarisse Agbegnenou\",\"isPartOf\":{\"@id\":\"https:\/\/dicodusport.fr\/blog\/#website\"},\"primaryImageOfPage\":{\"@id\":\"https:\/\/dicodusport.fr\/blog\/championnats-deurope-judo-2025-de-largent-au-gout-amer-pour-clarisse-agbegnenou\/#primaryimage\"},\"image\":{\"@id\":\"https:\/\/dicodusport.fr\/blog\/championnats-deurope-judo-2025-de-largent-au-gout-amer-pour-clarisse-agbegnenou\/#primaryimage\"},\"thumbnailUrl\":\"https:\/\/dicodusport.fr\/blog\/wp-content\/uploads\/2025\/04\/Championnats-dEurope-judo-2025-De-largent-au-gout-amer-pour-Clarisse-Agbegnenou-1.png\",\"datePublished\":\"2025-04-24T15:58:04+00:00\",\"dateModified\":\"2025-04-25T21:56:46+00:00\",\"description\":\"CHAMPIONNATS D'EUROPE DE JUDO 2025 - Clarisse Agbegnenou manque un 6\u00e8me titre europ\u00e9en et doit se consoler avec l'argent.\",\"breadcrumb\":{\"@id\":\"https:\/\/dicodusport.fr\/blog\/championnats-deurope-judo-2025-de-largent-au-gout-amer-pour-clarisse-agbegnenou\/#breadcrumb\"},\"inLanguage\":\"fr-FR\",\"potentialAction\":[{\"@type\":\"ReadAction\",\"target\":[\"https:\/\/dicodusport.fr\/blog\/championnats-deurope-judo-2025-de-largent-au-gout-amer-pour-clarisse-agbegnenou\/\"]}]},{\"@type\":\"ImageObject\",\"inLanguage\":\"fr-FR\",\"@id\":\"https:\/\/dicodusport.fr\/blog\/championnats-deurope-judo-2025-de-largent-au-gout-amer-pour-clarisse-agbegnenou\/#primaryimage\",\"url\":\"https:\/\/dicodusport.fr\/blog\/wp-content\/uploads\/2025\/04\/Championnats-dEurope-judo-2025-De-largent-au-gout-amer-pour-Clarisse-Agbegnenou-1.png\",\"contentUrl\":\"https:\/\/dicodusport.fr\/blog\/wp-content\/uploads\/2025\/04\/Championnats-dEurope-judo-2025-De-largent-au-gout-amer-pour-Clarisse-Agbegnenou-1.png\",\"width\":1200,\"height\":674,\"caption\":\"Championnats d'Europe judo 2025 De l'argent au go\u00fbt amer pour Clarisse Agbegnenou\"},{\"@type\":\"BreadcrumbList\",\"@id\":\"https:\/\/dicodusport.fr\/blog\/championnats-deurope-judo-2025-de-largent-au-gout-amer-pour-clarisse-agbegnenou\/#breadcrumb\",\"itemListElement\":[{\"@type\":\"ListItem\",\"position\":1,\"name\":\"Accueil\",\"item\":\"https:\/\/dicodusport.fr\/blog\/\"},{\"@type\":\"ListItem\",\"position\":2,\"name\":\"Championnats d&rsquo;Europe judo 2025 : De l&rsquo;argent au go\u00fbt amer pour Clarisse Agbegnenou\"}]},{\"@type\":\"WebSite\",\"@id\":\"https:\/\/dicodusport.fr\/blog\/#website\",\"url\":\"https:\/\/dicodusport.fr\/blog\/\",\"name\":\"Dicodusport\",\"description\":\"L&#039;encyclop\u00e9die de l&#039;actualit\u00e9 sportive\",\"publisher\":{\"@id\":\"https:\/\/dicodusport.fr\/blog\/#organization\"},\"potentialAction\":[{\"@type\":\"SearchAction\",\"target\":{\"@type\":\"EntryPoint\",\"urlTemplate\":\"https:\/\/dicodusport.fr\/blog\/?s={search_term_string}\"},\"query-input\":{\"@type\":\"PropertyValueSpecification\",\"valueRequired\":true,\"valueName\":\"search_term_string\"}}],\"inLanguage\":\"fr-FR\"},{\"@type\":\"NewsMediaOrganization\",\"@id\":\"https:\/\/dicodusport.fr\/blog\/#organization\",\"name\":\"Dicodusport\",\"url\":\"https:\/\/dicodusport.fr\/blog\/\",\"logo\":{\"@type\":\"ImageObject\",\"inLanguage\":\"fr-FR\",\"@id\":\"https:\/\/dicodusport.fr\/blog\/#\/schema\/logo\/image\/\",\"url\":\"https:\/\/dicodusport.fr\/blog\/wp-content\/uploads\/2020\/06\/cropped-LOGO-DICODUSPORT-2020-SANS-FOND-SANS-TEXTE.png\",\"contentUrl\":\"https:\/\/dicodusport.fr\/blog\/wp-content\/uploads\/2020\/06\/cropped-LOGO-DICODUSPORT-2020-SANS-FOND-SANS-TEXTE.png\",\"width\":512,\"height\":512,\"caption\":\"Dicodusport\"},\"image\":{\"@id\":\"https:\/\/dicodusport.fr\/blog\/#\/schema\/logo\/image\/\"},\"sameAs\":[\"https:\/\/www.facebook.com\/dicodusport\",\"https:\/\/x.com\/dicodusport\",\"https:\/\/www.instagram.com\/dicodusport\/\",\"https:\/\/www.youtube.com\/channel\/UC7V2KZ5sd3htJivAbA4ZG3w\"],\"description\":\"Dicodusport est l'encyclop\u00e9die de l'actualit\u00e9 sportive.\",\"email\":\"bonjour@dicodusport.fr\",\"legalName\":\"DICODUSPORT\",\"foundingDate\":\"2018-01-14\",\"vatID\":\"FR71834470973\",\"taxID\":\"83447097300043\",\"numberOfEmployees\":{\"@type\":\"QuantitativeValue\",\"minValue\":\"1\",\"maxValue\":\"10\"}},{\"@type\":\"Person\",\"@id\":\"https:\/\/dicodusport.fr\/blog\/#\/schema\/person\/416c975648aca9da8839bdfe333a21c9\",\"name\":\"Sophie Clapier\",\"image\":{\"@type\":\"ImageObject\",\"inLanguage\":\"fr-FR\",\"@id\":\"https:\/\/dicodusport.fr\/blog\/#\/schema\/person\/image\/\",\"url\":\"https:\/\/dicodusport.fr\/blog\/wp-content\/uploads\/2021\/05\/Sophie-Clapier-150x150.jpg\",\"contentUrl\":\"https:\/\/dicodusport.fr\/blog\/wp-content\/uploads\/2021\/05\/Sophie-Clapier-150x150.jpg\",\"caption\":\"Sophie Clapier\"},\"description\":\"Journaliste\/r\u00e9dactrice depuis janvier 2016 - Passionn\u00e9e de sport depuis toujours, j\u2019en ai pratiqu\u00e9 quelques-uns. Judo, football, handball ou encore tennis, je n\u2019ai jamais pu me mettre d\u2019accord sur un en particulier. Mais \u00e7a, c\u2019\u00e9tait avant de d\u00e9couvrir le basket, devenu mon sport de pr\u00e9dilection. Les actions NBA, le All-Star Week-end, la fureur des Game 7 pendant les playoffs ou mieux, lors des Finals, this is why we play. Team Spurs T.P, je m\u2019accroche encore \u00e0 Gregg Popovich (don\u2019t leave !). Team chef Curry, je souhaite qu\u2019il finisse aux Warriors (staaaay !). Non, il n\u2019y a pas qu\u2019eux, des petits nouveaux -et des petites nouvelles \u00e9videmment- arrivent chaque jour dans toutes les disciplines et cr\u00e9ent de nouveaux exploits. Alors pour les grands \u00e9v\u00e9nements et comp\u00e9titions internationales, vive les pulsations 240\/minutes et le d\u00e9fibrillateur pas loin, et allez les Bleu(e)s ! C\u2019est s\u00fbr, j\u2019aurai plus vu ma vie sur un terrain de sport, mais \u00e0 d\u00e9faut d\u2019en faire en haut niveau, je le partage avec vous.\",\"sameAs\":[\"https:\/\/www.facebook.com\/soocube\",\"https:\/\/x.com\/https:\/\/twitter.com\/soocube\",\"admin\"],\"url\":\"https:\/\/dicodusport.fr\/blog\/author\/sophie\/\"}]}<\/script>\n<!-- \/ Yoast SEO Premium plugin. -->","yoast_head_json":{"title":"Championnats d'Europe judo 2025 : De l'argent au go\u00fbt amer pour Clarisse Agbegnenou","description":"CHAMPIONNATS D'EUROPE DE JUDO 2025 - Clarisse Agbegnenou manque un 6\u00e8me titre europ\u00e9en et doit se consoler avec l'argent.","robots":{"index":"index","follow":"follow","max-snippet":"max-snippet:-1","max-image-preview":"max-image-preview:large","max-video-preview":"max-video-preview:-1"},"canonical":"https:\/\/dicodusport.fr\/blog\/championnats-deurope-judo-2025-de-largent-au-gout-amer-pour-clarisse-agbegnenou\/","og_locale":"fr_FR","og_type":"article","og_title":"Championnats d'Europe judo 2025 : De l'argent au go\u00fbt amer pour Clarisse Agbegnenou","og_description":"CHAMPIONNATS D'EUROPE DE JUDO 2025 - Clarisse Agbegnenou manque un 6\u00e8me titre europ\u00e9en et doit se consoler avec l'argent.","og_url":"https:\/\/dicodusport.fr\/blog\/championnats-deurope-judo-2025-de-largent-au-gout-amer-pour-clarisse-agbegnenou\/","og_site_name":"Dicodusport","article_publisher":"https:\/\/www.facebook.com\/dicodusport","article_author":"https:\/\/www.facebook.com\/soocube","article_published_time":"2025-04-24T15:58:04+00:00","article_modified_time":"2025-04-25T21:56:46+00:00","og_image":[{"width":1200,"height":674,"url":"https:\/\/dicodusport.fr\/blog\/wp-content\/uploads\/2025\/04\/Championnats-dEurope-judo-2025-De-largent-au-gout-amer-pour-Clarisse-Agbegnenou-1.png","type":"image\/png"}],"author":"Sophie Clapier","twitter_card":"summary_large_image","twitter_title":"Championnats d'Europe judo 2025 : De l'argent au go\u00fbt amer pour Clarisse Agbegnenou","twitter_creator":"@https:\/\/twitter.com\/soocube","twitter_site":"@dicodusport","schema":{"@context":"https:\/\/schema.org","@graph":[{"@type":"NewsArticle","@id":"https:\/\/dicodusport.fr\/blog\/championnats-deurope-judo-2025-de-largent-au-gout-amer-pour-clarisse-agbegnenou\/#article","isPartOf":{"@id":"https:\/\/dicodusport.fr\/blog\/championnats-deurope-judo-2025-de-largent-au-gout-amer-pour-clarisse-agbegnenou\/"},"author":{"name":"Sophie Clapier","@id":"https:\/\/dicodusport.fr\/blog\/#\/schema\/person\/416c975648aca9da8839bdfe333a21c9"},"headline":"Championnats d&rsquo;Europe judo 2025 : De l&rsquo;argent au go\u00fbt amer pour Clarisse Agbegnenou","datePublished":"2025-04-24T15:58:04+00:00","dateModified":"2025-04-25T21:56:46+00:00","mainEntityOfPage":{"@id":"https:\/\/dicodusport.fr\/blog\/championnats-deurope-judo-2025-de-largent-au-gout-amer-pour-clarisse-agbegnenou\/"},"wordCount":471,"commentCount":0,"publisher":{"@id":"https:\/\/dicodusport.fr\/blog\/#organization"},"image":{"@id":"https:\/\/dicodusport.fr\/blog\/championnats-deurope-judo-2025-de-largent-au-gout-amer-pour-clarisse-agbegnenou\/#primaryimage"},"thumbnailUrl":"https:\/\/dicodusport.fr\/blog\/wp-content\/uploads\/2025\/04\/Championnats-dEurope-judo-2025-De-largent-au-gout-amer-pour-Clarisse-Agbegnenou-1.png","keywords":["br\u00e8ve","Clarisse Agbegnenou","Judo","Manon Deketer","sport"],"articleSection":["Judo"],"inLanguage":"fr-FR","potentialAction":[{"@type":"CommentAction","name":"Comment","target":["https:\/\/dicodusport.fr\/blog\/championnats-deurope-judo-2025-de-largent-au-gout-amer-pour-clarisse-agbegnenou\/#respond"]}],"copyrightYear":"2025","copyrightHolder":{"@id":"https:\/\/dicodusport.fr\/blog\/#organization"}},{"@type":"WebPage","@id":"https:\/\/dicodusport.fr\/blog\/championnats-deurope-judo-2025-de-largent-au-gout-amer-pour-clarisse-agbegnenou\/","url":"https:\/\/dicodusport.fr\/blog\/championnats-deurope-judo-2025-de-largent-au-gout-amer-pour-clarisse-agbegnenou\/","name":"Championnats d'Europe judo 2025 : De l'argent au go\u00fbt amer pour Clarisse Agbegnenou","isPartOf":{"@id":"https:\/\/dicodusport.fr\/blog\/#website"},"primaryImageOfPage":{"@id":"https:\/\/dicodusport.fr\/blog\/championnats-deurope-judo-2025-de-largent-au-gout-amer-pour-clarisse-agbegnenou\/#primaryimage"},"image":{"@id":"https:\/\/dicodusport.fr\/blog\/championnats-deurope-judo-2025-de-largent-au-gout-amer-pour-clarisse-agbegnenou\/#primaryimage"},"thumbnailUrl":"https:\/\/dicodusport.fr\/blog\/wp-content\/uploads\/2025\/04\/Championnats-dEurope-judo-2025-De-largent-au-gout-amer-pour-Clarisse-Agbegnenou-1.png","datePublished":"2025-04-24T15:58:04+00:00","dateModified":"2025-04-25T21:56:46+00:00","description":"CHAMPIONNATS D'EUROPE DE JUDO 2025 - Clarisse Agbegnenou manque un 6\u00e8me titre europ\u00e9en et doit se consoler avec l'argent.","breadcrumb":{"@id":"https:\/\/dicodusport.fr\/blog\/championnats-deurope-judo-2025-de-largent-au-gout-amer-pour-clarisse-agbegnenou\/#breadcrumb"},"inLanguage":"fr-FR","potentialAction":[{"@type":"ReadAction","target":["https:\/\/dicodusport.fr\/blog\/championnats-deurope-judo-2025-de-largent-au-gout-amer-pour-clarisse-agbegnenou\/"]}]},{"@type":"ImageObject","inLanguage":"fr-FR","@id":"https:\/\/dicodusport.fr\/blog\/championnats-deurope-judo-2025-de-largent-au-gout-amer-pour-clarisse-agbegnenou\/#primaryimage","url":"https:\/\/dicodusport.fr\/blog\/wp-content\/uploads\/2025\/04\/Championnats-dEurope-judo-2025-De-largent-au-gout-amer-pour-Clarisse-Agbegnenou-1.png","contentUrl":"https:\/\/dicodusport.fr\/blog\/wp-content\/uploads\/2025\/04\/Championnats-dEurope-judo-2025-De-largent-au-gout-amer-pour-Clarisse-Agbegnenou-1.png","width":1200,"height":674,"caption":"Championnats d'Europe judo 2025 De l'argent au go\u00fbt amer pour Clarisse Agbegnenou"},{"@type":"BreadcrumbList","@id":"https:\/\/dicodusport.fr\/blog\/championnats-deurope-judo-2025-de-largent-au-gout-amer-pour-clarisse-agbegnenou\/#breadcrumb","itemListElement":[{"@type":"ListItem","position":1,"name":"Accueil","item":"https:\/\/dicodusport.fr\/blog\/"},{"@type":"ListItem","position":2,"name":"Championnats d&rsquo;Europe judo 2025 : De l&rsquo;argent au go\u00fbt amer pour Clarisse Agbegnenou"}]},{"@type":"WebSite","@id":"https:\/\/dicodusport.fr\/blog\/#website","url":"https:\/\/dicodusport.fr\/blog\/","name":"Dicodusport","description":"L&#039;encyclop\u00e9die de l&#039;actualit\u00e9 sportive","publisher":{"@id":"https:\/\/dicodusport.fr\/blog\/#organization"},"potentialAction":[{"@type":"SearchAction","target":{"@type":"EntryPoint","urlTemplate":"https:\/\/dicodusport.fr\/blog\/?s={search_term_string}"},"query-input":{"@type":"PropertyValueSpecification","valueRequired":true,"valueName":"search_term_string"}}],"inLanguage":"fr-FR"},{"@type":"NewsMediaOrganization","@id":"https:\/\/dicodusport.fr\/blog\/#organization","name":"Dicodusport","url":"https:\/\/dicodusport.fr\/blog\/","logo":{"@type":"ImageObject","inLanguage":"fr-FR","@id":"https:\/\/dicodusport.fr\/blog\/#\/schema\/logo\/image\/","url":"https:\/\/dicodusport.fr\/blog\/wp-content\/uploads\/2020\/06\/cropped-LOGO-DICODUSPORT-2020-SANS-FOND-SANS-TEXTE.png","contentUrl":"https:\/\/dicodusport.fr\/blog\/wp-content\/uploads\/2020\/06\/cropped-LOGO-DICODUSPORT-2020-SANS-FOND-SANS-TEXTE.png","width":512,"height":512,"caption":"Dicodusport"},"image":{"@id":"https:\/\/dicodusport.fr\/blog\/#\/schema\/logo\/image\/"},"sameAs":["https:\/\/www.facebook.com\/dicodusport","https:\/\/x.com\/dicodusport","https:\/\/www.instagram.com\/dicodusport\/","https:\/\/www.youtube.com\/channel\/UC7V2KZ5sd3htJivAbA4ZG3w"],"description":"Dicodusport est l'encyclop\u00e9die de l'actualit\u00e9 sportive.","email":"bonjour@dicodusport.fr","legalName":"DICODUSPORT","foundingDate":"2018-01-14","vatID":"FR71834470973","taxID":"83447097300043","numberOfEmployees":{"@type":"QuantitativeValue","minValue":"1","maxValue":"10"}},{"@type":"Person","@id":"https:\/\/dicodusport.fr\/blog\/#\/schema\/person\/416c975648aca9da8839bdfe333a21c9","name":"Sophie Clapier","image":{"@type":"ImageObject","inLanguage":"fr-FR","@id":"https:\/\/dicodusport.fr\/blog\/#\/schema\/person\/image\/","url":"https:\/\/dicodusport.fr\/blog\/wp-content\/uploads\/2021\/05\/Sophie-Clapier-150x150.jpg","contentUrl":"https:\/\/dicodusport.fr\/blog\/wp-content\/uploads\/2021\/05\/Sophie-Clapier-150x150.jpg","caption":"Sophie Clapier"},"description":"Journaliste\/r\u00e9dactrice depuis janvier 2016 - Passionn\u00e9e de sport depuis toujours, j\u2019en ai pratiqu\u00e9 quelques-uns. Judo, football, handball ou encore tennis, je n\u2019ai jamais pu me mettre d\u2019accord sur un en particulier. Mais \u00e7a, c\u2019\u00e9tait avant de d\u00e9couvrir le basket, devenu mon sport de pr\u00e9dilection. Les actions NBA, le All-Star Week-end, la fureur des Game 7 pendant les playoffs ou mieux, lors des Finals, this is why we play. Team Spurs T.P, je m\u2019accroche encore \u00e0 Gregg Popovich (don\u2019t leave !). Team chef Curry, je souhaite qu\u2019il finisse aux Warriors (staaaay !). Non, il n\u2019y a pas qu\u2019eux, des petits nouveaux -et des petites nouvelles \u00e9videmment- arrivent chaque jour dans toutes les disciplines et cr\u00e9ent de nouveaux exploits. Alors pour les grands \u00e9v\u00e9nements et comp\u00e9titions internationales, vive les pulsations 240\/minutes et le d\u00e9fibrillateur pas loin, et allez les Bleu(e)s ! C\u2019est s\u00fbr, j\u2019aurai plus vu ma vie sur un terrain de sport, mais \u00e0 d\u00e9faut d\u2019en faire en haut niveau, je le partage avec vous.","sameAs":["https:\/\/www.facebook.com\/soocube","https:\/\/x.com\/https:\/\/twitter.com\/soocube","admin"],"url":"https:\/\/dicodusport.fr\/blog\/author\/sophie\/"}]}},"_links":{"self":[{"href":"https:\/\/dicodusport.fr\/blog\/wp-json\/wp\/v2\/posts\/574289","targetHints":{"allow":["GET"]}}],"collection":[{"href":"https:\/\/dicodusport.fr\/blog\/wp-json\/wp\/v2\/posts"}],"about":[{"href":"https:\/\/dicodusport.fr\/blog\/wp-json\/wp\/v2\/types\/post"}],"author":[{"embeddable":true,"href":"https:\/\/dicodusport.fr\/blog\/wp-json\/wp\/v2\/users\/18"}],"replies":[{"embeddable":true,"href":"https:\/\/dicodusport.fr\/blog\/wp-json\/wp\/v2\/comments?post=574289"}],"version-history":[{"count":5,"href":"https:\/\/dicodusport.fr\/blog\/wp-json\/wp\/v2\/posts\/574289\/revisions"}],"predecessor-version":[{"id":574604,"href":"https:\/\/dicodusport.fr\/blog\/wp-json\/wp\/v2\/posts\/574289\/revisions\/574604"}],"wp:featuredmedia":[{"embeddable":true,"href":"https:\/\/dicodusport.fr\/blog\/wp-json\/wp\/v2\/media\/574372"}],"wp:attachment":[{"href":"https:\/\/dicodusport.fr\/blog\/wp-json\/wp\/v2\/media?parent=574289"}],"wp:term":[{"taxonomy":"category","embeddable":true,"href":"https:\/\/dicodusport.fr\/blog\/wp-json\/wp\/v2\/categories?post=574289"},{"taxonomy":"post_tag","embeddable":true,"href":"https:\/\/dicodusport.fr\/blog\/wp-json\/wp\/v2\/tags?post=574289"}],"curies":[{"name":"wp","href":"https:\/\/api.w.org\/{rel}","templated":true}]}}