{"id":574464,"date":"2025-04-25T15:15:38","date_gmt":"2025-04-25T13:15:38","guid":{"rendered":"https:\/\/dicodusport.fr\/blog\/?p=574464&#038;preview=true&#038;preview_id=574464"},"modified":"2025-04-25T18:41:52","modified_gmt":"2025-04-25T16:41:52","slug":"tour-des-alpes-2025-la-5eme-etape-pour-nicolas-prodhomme-devant-seixas-le-general-pour-michael-storer","status":"publish","type":"post","link":"https:\/\/dicodusport.fr\/blog\/tour-des-alpes-2025-la-5eme-etape-pour-nicolas-prodhomme-devant-seixas-le-general-pour-michael-storer\/","title":{"rendered":"Tour des Alpes 2025 : La 5\u00e8me \u00e9tape pour Nicolas Prodhomme devant Seixas, le g\u00e9n\u00e9ral pour Michael Storer"},"content":{"rendered":"<h4 style=\"text-align: justify;\"><em>TOUR DES ALPES 2025 \u2013 <\/em><em>Premier succ\u00e8s chez les professionnels pour Nicolas Prodhomme (Decathlon AG2R La Mondiale Team) sur cette 5\u1d49 \u00e9tape du Tour des Alpes. Le Fran\u00e7ais est arriv\u00e9 main dans la main avec son jeune \u00e9quipier Paul Seixas, 18 ans et donc deuxi\u00e8me sur la ligne. L&rsquo;Australien Michael Storer (Tudor Pro Cycling Team), s&rsquo;est quant \u00e0 lui empar\u00e9 du classement g\u00e9n\u00e9ral final en lan\u00e7ant les hostilit\u00e9s de loin.\u00a0<\/em><\/h4>\n<ul>\n<li><strong>\u00c0 ce sujet \u2013\u00a0<a href=\"https:\/\/dicodusport.fr\/blog\/classement-general-tour-des-alpes-2025\/\">Classement g\u00e9n\u00e9ral du Tour des Alpes 2025<\/a><\/strong><\/li>\n<\/ul>\n<h3 style=\"text-align: justify;\">Vendredi 25 avril 2025 \u2013 5\u00e8me \u00e9tape : Lienz &gt; Lienz (112,8 km)<\/h3>\n<p style=\"text-align: justify;\"><span style=\"font-weight: 400;\">La 5\u1d49 et derni\u00e8re \u00e9tape, juge de paix de <a href=\"https:\/\/dicodusport.fr\/blog\/tour-des-alpes-2025-parcours-en-detail-et-profils-des-etapes\/\">cette 48\u1d49 \u00e9dition du <\/a><\/span><a href=\"https:\/\/dicodusport.fr\/blog\/tour-des-alpes-2025-parcours-en-detail-et-profils-des-etapes\/\"><b>Tour des Alpes<\/b><\/a><span style=\"font-weight: 400;\">, \u00e9tait particuli\u00e8rement courte (112 km), mais n\u2019en restait pas moins accident\u00e9e (2400 m\u00e8tres de d\u00e9nivel\u00e9 positif). Sur ces routes sinueuses du Tyrol, en Autriche, 15 coureurs se sont extirp\u00e9s du peloton d\u00e8s le d\u00e9but de la journ\u00e9e. Parmi eux ne figurait aucun candidat \u00e0 la victoire finale, puisque le mieux class\u00e9 au g\u00e9n\u00e9ral \u00e9tait le jeune prodige fran\u00e7ais de 18 ans <\/span><b>Paul Seixas <\/b><span style=\"font-weight: 400;\">(Decathlon AG2R La Mondiale Team), 14\u1d49 \u00e0 plus de neuf minutes du leader <\/span><a href=\"https:\/\/dicodusport.fr\/blog\/tour-des-alpes-2025-en-solitaire-thymen-arensman-fait-coup-double-sur-la-4eme-etape\/\"><b>Thymen Arensman<\/b><\/a><span style=\"font-weight: 400;\"> (INEOS Grenadiers).<\/span><\/p>\n<h2 style=\"text-align: justify;\">Michael Storer lance les hostilit\u00e9s de loin<\/h2>\n<p style=\"text-align: justify;\"><span style=\"font-weight: 400;\">Derri\u00e8re justement, le N\u00e9erlandais \u00e9tait rapidement pouss\u00e9 dans les cordes par son dauphin <\/span><b>Michael Storer<\/b><span style=\"font-weight: 400;\"> (Tudor Pro Cycling Team), qui acc\u00e9l\u00e9rait dans l&rsquo;avant-derni\u00e8re ascension de la journ\u00e9e, \u00e0 34 kilom\u00e8tres de l\u2019arriv\u00e9e. Les deux premiers du g\u00e9n\u00e9ral se livraient un mano a mano pour le g\u00e9n\u00e9ral, tandis que devant, l\u2019\u00e9chapp\u00e9e, avec trois minutes d\u2019avance, commen\u00e7ait \u00e0 ambitionner la victoire d\u2019\u00e9tape.<\/span><\/p>\n<blockquote class=\"twitter-tweet\">\n<p dir=\"ltr\" lang=\"fr\">C&rsquo;est la derni\u00e8re \u00e9tape du Tour des Alpes, Michael Storer et Thymen Arensman se battent pour le classement g\u00e9n\u00e9ral !<\/p>\n<p>Suivez le direct sur la chaine L&rsquo;\u00c9quipe &gt; <a href=\"https:\/\/t.co\/pXI4SIbEoH\">https:\/\/t.co\/pXI4SIbEoH<\/a><a href=\"https:\/\/twitter.com\/hashtag\/lequipeVELO?src=hash&amp;ref_src=twsrc%5Etfw\">#lequipeVELO<\/a> <a href=\"https:\/\/t.co\/gzCamm53CQ\">pic.twitter.com\/gzCamm53CQ<\/a><\/p>\n<p>\u2014 la chaine L&rsquo;\u00c9quipe (@lachainelequipe) <a href=\"https:\/\/twitter.com\/lachainelequipe\/status\/1915742158356652299?ref_src=twsrc%5Etfw\">April 25, 2025<\/a><\/p><\/blockquote>\n<p><script async src=\"https:\/\/platform.twitter.com\/widgets.js\" charset=\"utf-8\"><\/script><\/p>\n<p style=\"text-align: justify;\"><span style=\"font-weight: 400;\">Au moment de basculer dans la descente, le groupe de t\u00eate n\u2019\u00e9tait plus constitu\u00e9 que de huit hommes, dont faisaient encore partie les deux tricolores de la Decathlon AG2R La Mondiale Team, <\/span><b>Nicolas Prodhomme<\/b><span style=\"font-weight: 400;\"> et <\/span><b>Paul Seixas<\/b><span style=\"font-weight: 400;\">. Plus loin, l&rsquo;Australien <\/span><b>Michael Storer<\/b><span style=\"font-weight: 400;\"> comptait une trentaine de secondes d\u2019avance sur <\/span><b>Thymen Arensman<\/b><span style=\"font-weight: 400;\"> : la vall\u00e9e puis l\u2019ultime mont\u00e9e de l\u2019\u00e9preuve (Stronach, 3,1 km \u00e0 12,3\u00a0 %) s\u2019annon\u00e7aient donc palpitantes \u00e0 tous les \u00e9chelons de la course.<\/span><\/p>\n<p style=\"text-align: justify;\"><span style=\"font-weight: 400;\">La formation helv\u00e8te de la <\/span><b>Tudor Pro Cycling Team <\/b><span style=\"font-weight: 400;\">r\u00e9alisait un grand num\u00e9ro. Car dans la vall\u00e9e, <\/span><b>Michael Storer <\/b><span style=\"font-weight: 400;\">retrouvait son co\u00e9quipier <\/span><b>Lucas Eriksson<\/b><span style=\"font-weight: 400;\">, issu de l\u2019\u00e9chapp\u00e9e matinale, pour l\u2019aider \u00e0 creuser l\u2019\u00e9cart sur le leader hollandais, seul dans cette portion plate. Un coup tactique d\u00e9cisif qui offrait une confortable avance \u00e0 l&rsquo;Australien sur son principal adversaire avant le dernier col (pr\u00e8s d\u2019une minute), mais aussi davantage de fra\u00eecheur.\u00a0<\/span><\/p>\n<ul>\n<li style=\"text-align: justify;\"><strong>\u00c0 ce sujet \u2013 <a href=\"https:\/\/dicodusport.fr\/blog\/tour-des-alpes-2025-classement-5eme-etape\/\">Tour des Alpes 2025 &#8211; Classement de la 5\u00e8me \u00e9tape<\/a><\/strong><\/li>\n<\/ul>\n<h2 style=\"text-align: justify;\">L\u2019\u00e9tape pour Prodhomme, le g\u00e9n\u00e9ral pour Storer<\/h2>\n<p style=\"text-align: justify;\"><span style=\"font-weight: 400;\">Dans les premi\u00e8res pentes de la derni\u00e8re ascension, <\/span><b>Paul Seixas<\/b><span style=\"font-weight: 400;\">, tr\u00e8s en vue depuis le d\u00e9but de la semaine, s&rsquo;extirpait seul du groupe d&rsquo;\u00e9chapp\u00e9e. Le jeune Fran\u00e7ais \u00e9tait ensuite rejoint par son \u00e9quipier <\/span><b>Nicolas Prodhomme, <\/b><span style=\"font-weight: 400;\">pour former un duo 100\u00a0 % <\/span><b>D\u00e9cathlon AG2R La Mondiale Team<\/b><span style=\"font-weight: 400;\"> \u00e0 l\u2019avant. Les deux tricolores, qui n&rsquo;avaient plus qu\u2019\u00e0 n\u00e9gocier l\u2019ultime descente vers Lienz, s\u2019envolaient ensemble vers la victoire.<\/span><\/p>\n<p style=\"text-align: justify;\"><span style=\"font-weight: 400;\">Les deux co\u00e9quipiers pouvaient savourer le succ\u00e8s qui se dessinait. <\/span><b>Paul Seixas<\/b><span style=\"font-weight: 400;\">, pour sa premi\u00e8re ann\u00e9e chez les professionnels, laissait d\u2019un commun accord <\/span>\u00e0<b> Nicolas Prodhomme<\/b><span style=\"font-weight: 400;\">, habitu\u00e9 au r\u00f4le d\u2019\u00e9quipier, le droit de lever les bras pour la premi\u00e8re fois de sa carri\u00e8re. Un grand moment d\u2019\u00e9motion pour la formation <\/span><b>D\u00e9cathlon AG2R La Mondiale Team<\/b><span style=\"font-weight: 400;\"> avec ce retentissant doubl\u00e9. Quelques minutes plus tard, <\/span><b>Michael Storer<\/b><span style=\"font-weight: 400;\"> franchissait \u00e0 son tour la ligne et validait sa victoire finale de ce <\/span><b>Tour des Alpes<\/b><span style=\"font-weight: 400;\"> devant <\/span><b>Thymen Arensman<\/b><span style=\"font-weight: 400;\">. <\/span><\/p>\n<blockquote class=\"twitter-tweet\">\n<p dir=\"ltr\" lang=\"fr\">Un doubl\u00e9 fran\u00e7ais pour finir !<\/p>\n<p>Nicolas Prodhomme remporte la derni\u00e8re \u00e9tape du Tour des Alpes, accompagn\u00e9 par Paul Seixas.<\/p>\n<p>Michael Storer termine en t\u00eate du classement g\u00e9n\u00e9ral devant Thymen Arensman<a href=\"https:\/\/twitter.com\/hashtag\/lequipeVELO?src=hash&amp;ref_src=twsrc%5Etfw\">#lequipeVELO<\/a> <a href=\"https:\/\/t.co\/HpIfmP4yEk\">pic.twitter.com\/HpIfmP4yEk<\/a><\/p>\n<p>\u2014 la chaine L&rsquo;\u00c9quipe (@lachainelequipe) <a href=\"https:\/\/twitter.com\/lachainelequipe\/status\/1915756414485565895?ref_src=twsrc%5Etfw\">April 25, 2025<\/a><\/p><\/blockquote>\n<p><script async src=\"https:\/\/platform.twitter.com\/widgets.js\" charset=\"utf-8\"><\/script><\/p>\n","protected":false},"excerpt":{"rendered":"<p>Premier succ\u00e8s chez les professionnels pour Nicolas Prodhomme (Decathlon AG2R La Mondiale Team) sur cette 5\u1d49 \u00e9tape du Tour des Alpes.<\/p>\n","protected":false},"author":97,"featured_media":574538,"comment_status":"open","ping_status":"closed","sticky":false,"template":"","format":"standard","meta":{"_acf_changed":false,"_daextam_enable_autolinks":"1","footnotes":""},"categories":[46994],"tags":[16878,24],"class_list":["post-574464","post","type-post","status-publish","format-standard","has-post-thumbnail","hentry","category-cyclisme-sur-route","tag-breve","tag-sport"],"acf":[],"yoast_head":"<!-- This site is optimized with the Yoast SEO Premium plugin v26.7 (Yoast SEO v26.7) - https:\/\/yoast.com\/wordpress\/plugins\/seo\/ -->\n<title>Tour des Alpes 2025 : La 5\u00e8me \u00e9tape pour Nicolas Prodhomme devant Seixas, le g\u00e9n\u00e9ral pour Michael Storer<\/title>\n<meta name=\"description\" content=\"Premier succ\u00e8s chez les professionnels pour Nicolas Prodhomme (Decathlon AG2R La Mondiale Team) sur cette 5\u1d49 \u00e9tape du Tour des Alpes.\" \/>\n<meta name=\"robots\" content=\"index, follow, max-snippet:-1, max-image-preview:large, max-video-preview:-1\" \/>\n<link rel=\"canonical\" href=\"https:\/\/dicodusport.fr\/blog\/tour-des-alpes-2025-la-5eme-etape-pour-nicolas-prodhomme-devant-seixas-le-general-pour-michael-storer\/\" \/>\n<meta property=\"og:locale\" content=\"fr_FR\" \/>\n<meta property=\"og:type\" content=\"article\" \/>\n<meta property=\"og:title\" content=\"Tour des Alpes 2025 : La 5\u00e8me \u00e9tape pour Nicolas Prodhomme devant Seixas, le g\u00e9n\u00e9ral pour Michael Storer\" \/>\n<meta property=\"og:description\" content=\"Premier succ\u00e8s chez les professionnels pour Nicolas Prodhomme (Decathlon AG2R La Mondiale Team) sur cette 5\u1d49 \u00e9tape du Tour des Alpes.\" \/>\n<meta property=\"og:url\" content=\"https:\/\/dicodusport.fr\/blog\/tour-des-alpes-2025-la-5eme-etape-pour-nicolas-prodhomme-devant-seixas-le-general-pour-michael-storer\/\" \/>\n<meta property=\"og:site_name\" content=\"Dicodusport\" \/>\n<meta property=\"article:publisher\" content=\"https:\/\/www.facebook.com\/dicodusport\" \/>\n<meta property=\"article:published_time\" content=\"2025-04-25T13:15:38+00:00\" \/>\n<meta property=\"article:modified_time\" content=\"2025-04-25T16:41:52+00:00\" \/>\n<meta property=\"og:image\" content=\"https:\/\/dicodusport.fr\/blog\/wp-content\/uploads\/2025\/04\/Tour-des-Alpes-2025-La-5eme-etape-pour-Nicolas-Prodhomme-devant-Seixas-le-general-pour-Michael-Storer-1.png\" \/>\n\t<meta property=\"og:image:width\" content=\"1200\" \/>\n\t<meta property=\"og:image:height\" content=\"674\" \/>\n\t<meta property=\"og:image:type\" content=\"image\/png\" \/>\n<meta name=\"author\" content=\"Louis Bouchardon\" \/>\n<meta name=\"twitter:card\" content=\"summary_large_image\" \/>\n<meta name=\"twitter:title\" content=\"Tour des Alpes 2025 : La 5\u00e8me \u00e9tape pour Nicolas Prodhomme devant Seixas, le g\u00e9n\u00e9ral pour Michael Storer\" \/>\n<meta name=\"twitter:creator\" content=\"@dicodusport\" \/>\n<meta name=\"twitter:site\" content=\"@dicodusport\" \/>\n<script type=\"application\/ld+json\" class=\"yoast-schema-graph\">{\"@context\":\"https:\/\/schema.org\",\"@graph\":[{\"@type\":\"NewsArticle\",\"@id\":\"https:\/\/dicodusport.fr\/blog\/tour-des-alpes-2025-la-5eme-etape-pour-nicolas-prodhomme-devant-seixas-le-general-pour-michael-storer\/#article\",\"isPartOf\":{\"@id\":\"https:\/\/dicodusport.fr\/blog\/tour-des-alpes-2025-la-5eme-etape-pour-nicolas-prodhomme-devant-seixas-le-general-pour-michael-storer\/\"},\"author\":{\"name\":\"Louis Bouchardon\",\"@id\":\"https:\/\/dicodusport.fr\/blog\/#\/schema\/person\/2d00cb7edce22380129fc3141987a97f\"},\"headline\":\"Tour des Alpes 2025 : La 5\u00e8me \u00e9tape pour Nicolas Prodhomme devant Seixas, le g\u00e9n\u00e9ral pour Michael Storer\",\"datePublished\":\"2025-04-25T13:15:38+00:00\",\"dateModified\":\"2025-04-25T16:41:52+00:00\",\"mainEntityOfPage\":{\"@id\":\"https:\/\/dicodusport.fr\/blog\/tour-des-alpes-2025-la-5eme-etape-pour-nicolas-prodhomme-devant-seixas-le-general-pour-michael-storer\/\"},\"wordCount\":745,\"commentCount\":0,\"publisher\":{\"@id\":\"https:\/\/dicodusport.fr\/blog\/#organization\"},\"image\":{\"@id\":\"https:\/\/dicodusport.fr\/blog\/tour-des-alpes-2025-la-5eme-etape-pour-nicolas-prodhomme-devant-seixas-le-general-pour-michael-storer\/#primaryimage\"},\"thumbnailUrl\":\"https:\/\/dicodusport.fr\/blog\/wp-content\/uploads\/2025\/04\/Tour-des-Alpes-2025-La-5eme-etape-pour-Nicolas-Prodhomme-devant-Seixas-le-general-pour-Michael-Storer-1.png\",\"keywords\":[\"br\u00e8ve\",\"sport\"],\"articleSection\":[\"Cyclisme sur route\"],\"inLanguage\":\"fr-FR\",\"potentialAction\":[{\"@type\":\"CommentAction\",\"name\":\"Comment\",\"target\":[\"https:\/\/dicodusport.fr\/blog\/tour-des-alpes-2025-la-5eme-etape-pour-nicolas-prodhomme-devant-seixas-le-general-pour-michael-storer\/#respond\"]}],\"copyrightYear\":\"2025\",\"copyrightHolder\":{\"@id\":\"https:\/\/dicodusport.fr\/blog\/#organization\"}},{\"@type\":\"WebPage\",\"@id\":\"https:\/\/dicodusport.fr\/blog\/tour-des-alpes-2025-la-5eme-etape-pour-nicolas-prodhomme-devant-seixas-le-general-pour-michael-storer\/\",\"url\":\"https:\/\/dicodusport.fr\/blog\/tour-des-alpes-2025-la-5eme-etape-pour-nicolas-prodhomme-devant-seixas-le-general-pour-michael-storer\/\",\"name\":\"Tour des Alpes 2025 : La 5\u00e8me \u00e9tape pour Nicolas Prodhomme devant Seixas, le g\u00e9n\u00e9ral pour Michael Storer\",\"isPartOf\":{\"@id\":\"https:\/\/dicodusport.fr\/blog\/#website\"},\"primaryImageOfPage\":{\"@id\":\"https:\/\/dicodusport.fr\/blog\/tour-des-alpes-2025-la-5eme-etape-pour-nicolas-prodhomme-devant-seixas-le-general-pour-michael-storer\/#primaryimage\"},\"image\":{\"@id\":\"https:\/\/dicodusport.fr\/blog\/tour-des-alpes-2025-la-5eme-etape-pour-nicolas-prodhomme-devant-seixas-le-general-pour-michael-storer\/#primaryimage\"},\"thumbnailUrl\":\"https:\/\/dicodusport.fr\/blog\/wp-content\/uploads\/2025\/04\/Tour-des-Alpes-2025-La-5eme-etape-pour-Nicolas-Prodhomme-devant-Seixas-le-general-pour-Michael-Storer-1.png\",\"datePublished\":\"2025-04-25T13:15:38+00:00\",\"dateModified\":\"2025-04-25T16:41:52+00:00\",\"description\":\"Premier succ\u00e8s chez les professionnels pour Nicolas Prodhomme (Decathlon AG2R La Mondiale Team) sur cette 5\u1d49 \u00e9tape du Tour des Alpes.\",\"breadcrumb\":{\"@id\":\"https:\/\/dicodusport.fr\/blog\/tour-des-alpes-2025-la-5eme-etape-pour-nicolas-prodhomme-devant-seixas-le-general-pour-michael-storer\/#breadcrumb\"},\"inLanguage\":\"fr-FR\",\"potentialAction\":[{\"@type\":\"ReadAction\",\"target\":[\"https:\/\/dicodusport.fr\/blog\/tour-des-alpes-2025-la-5eme-etape-pour-nicolas-prodhomme-devant-seixas-le-general-pour-michael-storer\/\"]}]},{\"@type\":\"ImageObject\",\"inLanguage\":\"fr-FR\",\"@id\":\"https:\/\/dicodusport.fr\/blog\/tour-des-alpes-2025-la-5eme-etape-pour-nicolas-prodhomme-devant-seixas-le-general-pour-michael-storer\/#primaryimage\",\"url\":\"https:\/\/dicodusport.fr\/blog\/wp-content\/uploads\/2025\/04\/Tour-des-Alpes-2025-La-5eme-etape-pour-Nicolas-Prodhomme-devant-Seixas-le-general-pour-Michael-Storer-1.png\",\"contentUrl\":\"https:\/\/dicodusport.fr\/blog\/wp-content\/uploads\/2025\/04\/Tour-des-Alpes-2025-La-5eme-etape-pour-Nicolas-Prodhomme-devant-Seixas-le-general-pour-Michael-Storer-1.png\",\"width\":1200,\"height\":674,\"caption\":\"Tour des Alpes 2025 La 5\u00e8me \u00e9tape pour Nicolas Prodhomme devant Seixas, le g\u00e9n\u00e9ral pour Michael Storer (1)\"},{\"@type\":\"BreadcrumbList\",\"@id\":\"https:\/\/dicodusport.fr\/blog\/tour-des-alpes-2025-la-5eme-etape-pour-nicolas-prodhomme-devant-seixas-le-general-pour-michael-storer\/#breadcrumb\",\"itemListElement\":[{\"@type\":\"ListItem\",\"position\":1,\"name\":\"Accueil\",\"item\":\"https:\/\/dicodusport.fr\/blog\/\"},{\"@type\":\"ListItem\",\"position\":2,\"name\":\"Tour des Alpes 2025 : La 5\u00e8me \u00e9tape pour Nicolas Prodhomme devant Seixas, le g\u00e9n\u00e9ral pour Michael Storer\"}]},{\"@type\":\"WebSite\",\"@id\":\"https:\/\/dicodusport.fr\/blog\/#website\",\"url\":\"https:\/\/dicodusport.fr\/blog\/\",\"name\":\"Dicodusport\",\"description\":\"L&#039;encyclop\u00e9die de l&#039;actualit\u00e9 sportive\",\"publisher\":{\"@id\":\"https:\/\/dicodusport.fr\/blog\/#organization\"},\"potentialAction\":[{\"@type\":\"SearchAction\",\"target\":{\"@type\":\"EntryPoint\",\"urlTemplate\":\"https:\/\/dicodusport.fr\/blog\/?s={search_term_string}\"},\"query-input\":{\"@type\":\"PropertyValueSpecification\",\"valueRequired\":true,\"valueName\":\"search_term_string\"}}],\"inLanguage\":\"fr-FR\"},{\"@type\":\"NewsMediaOrganization\",\"@id\":\"https:\/\/dicodusport.fr\/blog\/#organization\",\"name\":\"Dicodusport\",\"url\":\"https:\/\/dicodusport.fr\/blog\/\",\"logo\":{\"@type\":\"ImageObject\",\"inLanguage\":\"fr-FR\",\"@id\":\"https:\/\/dicodusport.fr\/blog\/#\/schema\/logo\/image\/\",\"url\":\"https:\/\/dicodusport.fr\/blog\/wp-content\/uploads\/2020\/06\/cropped-LOGO-DICODUSPORT-2020-SANS-FOND-SANS-TEXTE.png\",\"contentUrl\":\"https:\/\/dicodusport.fr\/blog\/wp-content\/uploads\/2020\/06\/cropped-LOGO-DICODUSPORT-2020-SANS-FOND-SANS-TEXTE.png\",\"width\":512,\"height\":512,\"caption\":\"Dicodusport\"},\"image\":{\"@id\":\"https:\/\/dicodusport.fr\/blog\/#\/schema\/logo\/image\/\"},\"sameAs\":[\"https:\/\/www.facebook.com\/dicodusport\",\"https:\/\/x.com\/dicodusport\",\"https:\/\/www.instagram.com\/dicodusport\/\",\"https:\/\/www.youtube.com\/channel\/UC7V2KZ5sd3htJivAbA4ZG3w\"],\"description\":\"Dicodusport est l'encyclop\u00e9die de l'actualit\u00e9 sportive.\",\"email\":\"bonjour@dicodusport.fr\",\"legalName\":\"DICODUSPORT\",\"foundingDate\":\"2018-01-14\",\"vatID\":\"FR71834470973\",\"taxID\":\"83447097300043\",\"numberOfEmployees\":{\"@type\":\"QuantitativeValue\",\"minValue\":\"1\",\"maxValue\":\"10\"}},{\"@type\":\"Person\",\"@id\":\"https:\/\/dicodusport.fr\/blog\/#\/schema\/person\/2d00cb7edce22380129fc3141987a97f\",\"name\":\"Louis Bouchardon\",\"image\":{\"@type\":\"ImageObject\",\"inLanguage\":\"fr-FR\",\"@id\":\"https:\/\/dicodusport.fr\/blog\/#\/schema\/person\/image\/\",\"url\":\"https:\/\/dicodusport.fr\/blog\/wp-content\/uploads\/2025\/02\/Maillot-Dicodusport-Loulou-49-150x150.png\",\"contentUrl\":\"https:\/\/dicodusport.fr\/blog\/wp-content\/uploads\/2025\/02\/Maillot-Dicodusport-Loulou-49-150x150.png\",\"caption\":\"Louis Bouchardon\"},\"description\":\"Berc\u00e9 dans la fin des ann\u00e9es 90 au son des rayons de v\u00e9lo d\u2019un p\u00e8re cycliste amateur, le sport n\u2019a depuis plus jamais quitt\u00e9 mon quotidien. Sp\u00e9cialiste du ballon rond comme du ballon ovale, je suis r\u00e9dacteur chez Dicodusport depuis d\u00e9cembre 2023.\",\"url\":\"https:\/\/dicodusport.fr\/blog\/author\/louis-bouchardon\/\"}]}<\/script>\n<!-- \/ Yoast SEO Premium plugin. -->","yoast_head_json":{"title":"Tour des Alpes 2025 : La 5\u00e8me \u00e9tape pour Nicolas Prodhomme devant Seixas, le g\u00e9n\u00e9ral pour Michael Storer","description":"Premier succ\u00e8s chez les professionnels pour Nicolas Prodhomme (Decathlon AG2R La Mondiale Team) sur cette 5\u1d49 \u00e9tape du Tour des Alpes.","robots":{"index":"index","follow":"follow","max-snippet":"max-snippet:-1","max-image-preview":"max-image-preview:large","max-video-preview":"max-video-preview:-1"},"canonical":"https:\/\/dicodusport.fr\/blog\/tour-des-alpes-2025-la-5eme-etape-pour-nicolas-prodhomme-devant-seixas-le-general-pour-michael-storer\/","og_locale":"fr_FR","og_type":"article","og_title":"Tour des Alpes 2025 : La 5\u00e8me \u00e9tape pour Nicolas Prodhomme devant Seixas, le g\u00e9n\u00e9ral pour Michael Storer","og_description":"Premier succ\u00e8s chez les professionnels pour Nicolas Prodhomme (Decathlon AG2R La Mondiale Team) sur cette 5\u1d49 \u00e9tape du Tour des Alpes.","og_url":"https:\/\/dicodusport.fr\/blog\/tour-des-alpes-2025-la-5eme-etape-pour-nicolas-prodhomme-devant-seixas-le-general-pour-michael-storer\/","og_site_name":"Dicodusport","article_publisher":"https:\/\/www.facebook.com\/dicodusport","article_published_time":"2025-04-25T13:15:38+00:00","article_modified_time":"2025-04-25T16:41:52+00:00","og_image":[{"width":1200,"height":674,"url":"https:\/\/dicodusport.fr\/blog\/wp-content\/uploads\/2025\/04\/Tour-des-Alpes-2025-La-5eme-etape-pour-Nicolas-Prodhomme-devant-Seixas-le-general-pour-Michael-Storer-1.png","type":"image\/png"}],"author":"Louis Bouchardon","twitter_card":"summary_large_image","twitter_title":"Tour des Alpes 2025 : La 5\u00e8me \u00e9tape pour Nicolas Prodhomme devant Seixas, le g\u00e9n\u00e9ral pour Michael Storer","twitter_creator":"@dicodusport","twitter_site":"@dicodusport","schema":{"@context":"https:\/\/schema.org","@graph":[{"@type":"NewsArticle","@id":"https:\/\/dicodusport.fr\/blog\/tour-des-alpes-2025-la-5eme-etape-pour-nicolas-prodhomme-devant-seixas-le-general-pour-michael-storer\/#article","isPartOf":{"@id":"https:\/\/dicodusport.fr\/blog\/tour-des-alpes-2025-la-5eme-etape-pour-nicolas-prodhomme-devant-seixas-le-general-pour-michael-storer\/"},"author":{"name":"Louis Bouchardon","@id":"https:\/\/dicodusport.fr\/blog\/#\/schema\/person\/2d00cb7edce22380129fc3141987a97f"},"headline":"Tour des Alpes 2025 : La 5\u00e8me \u00e9tape pour Nicolas Prodhomme devant Seixas, le g\u00e9n\u00e9ral pour Michael Storer","datePublished":"2025-04-25T13:15:38+00:00","dateModified":"2025-04-25T16:41:52+00:00","mainEntityOfPage":{"@id":"https:\/\/dicodusport.fr\/blog\/tour-des-alpes-2025-la-5eme-etape-pour-nicolas-prodhomme-devant-seixas-le-general-pour-michael-storer\/"},"wordCount":745,"commentCount":0,"publisher":{"@id":"https:\/\/dicodusport.fr\/blog\/#organization"},"image":{"@id":"https:\/\/dicodusport.fr\/blog\/tour-des-alpes-2025-la-5eme-etape-pour-nicolas-prodhomme-devant-seixas-le-general-pour-michael-storer\/#primaryimage"},"thumbnailUrl":"https:\/\/dicodusport.fr\/blog\/wp-content\/uploads\/2025\/04\/Tour-des-Alpes-2025-La-5eme-etape-pour-Nicolas-Prodhomme-devant-Seixas-le-general-pour-Michael-Storer-1.png","keywords":["br\u00e8ve","sport"],"articleSection":["Cyclisme sur route"],"inLanguage":"fr-FR","potentialAction":[{"@type":"CommentAction","name":"Comment","target":["https:\/\/dicodusport.fr\/blog\/tour-des-alpes-2025-la-5eme-etape-pour-nicolas-prodhomme-devant-seixas-le-general-pour-michael-storer\/#respond"]}],"copyrightYear":"2025","copyrightHolder":{"@id":"https:\/\/dicodusport.fr\/blog\/#organization"}},{"@type":"WebPage","@id":"https:\/\/dicodusport.fr\/blog\/tour-des-alpes-2025-la-5eme-etape-pour-nicolas-prodhomme-devant-seixas-le-general-pour-michael-storer\/","url":"https:\/\/dicodusport.fr\/blog\/tour-des-alpes-2025-la-5eme-etape-pour-nicolas-prodhomme-devant-seixas-le-general-pour-michael-storer\/","name":"Tour des Alpes 2025 : La 5\u00e8me \u00e9tape pour Nicolas Prodhomme devant Seixas, le g\u00e9n\u00e9ral pour Michael Storer","isPartOf":{"@id":"https:\/\/dicodusport.fr\/blog\/#website"},"primaryImageOfPage":{"@id":"https:\/\/dicodusport.fr\/blog\/tour-des-alpes-2025-la-5eme-etape-pour-nicolas-prodhomme-devant-seixas-le-general-pour-michael-storer\/#primaryimage"},"image":{"@id":"https:\/\/dicodusport.fr\/blog\/tour-des-alpes-2025-la-5eme-etape-pour-nicolas-prodhomme-devant-seixas-le-general-pour-michael-storer\/#primaryimage"},"thumbnailUrl":"https:\/\/dicodusport.fr\/blog\/wp-content\/uploads\/2025\/04\/Tour-des-Alpes-2025-La-5eme-etape-pour-Nicolas-Prodhomme-devant-Seixas-le-general-pour-Michael-Storer-1.png","datePublished":"2025-04-25T13:15:38+00:00","dateModified":"2025-04-25T16:41:52+00:00","description":"Premier succ\u00e8s chez les professionnels pour Nicolas Prodhomme (Decathlon AG2R La Mondiale Team) sur cette 5\u1d49 \u00e9tape du Tour des Alpes.","breadcrumb":{"@id":"https:\/\/dicodusport.fr\/blog\/tour-des-alpes-2025-la-5eme-etape-pour-nicolas-prodhomme-devant-seixas-le-general-pour-michael-storer\/#breadcrumb"},"inLanguage":"fr-FR","potentialAction":[{"@type":"ReadAction","target":["https:\/\/dicodusport.fr\/blog\/tour-des-alpes-2025-la-5eme-etape-pour-nicolas-prodhomme-devant-seixas-le-general-pour-michael-storer\/"]}]},{"@type":"ImageObject","inLanguage":"fr-FR","@id":"https:\/\/dicodusport.fr\/blog\/tour-des-alpes-2025-la-5eme-etape-pour-nicolas-prodhomme-devant-seixas-le-general-pour-michael-storer\/#primaryimage","url":"https:\/\/dicodusport.fr\/blog\/wp-content\/uploads\/2025\/04\/Tour-des-Alpes-2025-La-5eme-etape-pour-Nicolas-Prodhomme-devant-Seixas-le-general-pour-Michael-Storer-1.png","contentUrl":"https:\/\/dicodusport.fr\/blog\/wp-content\/uploads\/2025\/04\/Tour-des-Alpes-2025-La-5eme-etape-pour-Nicolas-Prodhomme-devant-Seixas-le-general-pour-Michael-Storer-1.png","width":1200,"height":674,"caption":"Tour des Alpes 2025 La 5\u00e8me \u00e9tape pour Nicolas Prodhomme devant Seixas, le g\u00e9n\u00e9ral pour Michael Storer (1)"},{"@type":"BreadcrumbList","@id":"https:\/\/dicodusport.fr\/blog\/tour-des-alpes-2025-la-5eme-etape-pour-nicolas-prodhomme-devant-seixas-le-general-pour-michael-storer\/#breadcrumb","itemListElement":[{"@type":"ListItem","position":1,"name":"Accueil","item":"https:\/\/dicodusport.fr\/blog\/"},{"@type":"ListItem","position":2,"name":"Tour des Alpes 2025 : La 5\u00e8me \u00e9tape pour Nicolas Prodhomme devant Seixas, le g\u00e9n\u00e9ral pour Michael Storer"}]},{"@type":"WebSite","@id":"https:\/\/dicodusport.fr\/blog\/#website","url":"https:\/\/dicodusport.fr\/blog\/","name":"Dicodusport","description":"L&#039;encyclop\u00e9die de l&#039;actualit\u00e9 sportive","publisher":{"@id":"https:\/\/dicodusport.fr\/blog\/#organization"},"potentialAction":[{"@type":"SearchAction","target":{"@type":"EntryPoint","urlTemplate":"https:\/\/dicodusport.fr\/blog\/?s={search_term_string}"},"query-input":{"@type":"PropertyValueSpecification","valueRequired":true,"valueName":"search_term_string"}}],"inLanguage":"fr-FR"},{"@type":"NewsMediaOrganization","@id":"https:\/\/dicodusport.fr\/blog\/#organization","name":"Dicodusport","url":"https:\/\/dicodusport.fr\/blog\/","logo":{"@type":"ImageObject","inLanguage":"fr-FR","@id":"https:\/\/dicodusport.fr\/blog\/#\/schema\/logo\/image\/","url":"https:\/\/dicodusport.fr\/blog\/wp-content\/uploads\/2020\/06\/cropped-LOGO-DICODUSPORT-2020-SANS-FOND-SANS-TEXTE.png","contentUrl":"https:\/\/dicodusport.fr\/blog\/wp-content\/uploads\/2020\/06\/cropped-LOGO-DICODUSPORT-2020-SANS-FOND-SANS-TEXTE.png","width":512,"height":512,"caption":"Dicodusport"},"image":{"@id":"https:\/\/dicodusport.fr\/blog\/#\/schema\/logo\/image\/"},"sameAs":["https:\/\/www.facebook.com\/dicodusport","https:\/\/x.com\/dicodusport","https:\/\/www.instagram.com\/dicodusport\/","https:\/\/www.youtube.com\/channel\/UC7V2KZ5sd3htJivAbA4ZG3w"],"description":"Dicodusport est l'encyclop\u00e9die de l'actualit\u00e9 sportive.","email":"bonjour@dicodusport.fr","legalName":"DICODUSPORT","foundingDate":"2018-01-14","vatID":"FR71834470973","taxID":"83447097300043","numberOfEmployees":{"@type":"QuantitativeValue","minValue":"1","maxValue":"10"}},{"@type":"Person","@id":"https:\/\/dicodusport.fr\/blog\/#\/schema\/person\/2d00cb7edce22380129fc3141987a97f","name":"Louis Bouchardon","image":{"@type":"ImageObject","inLanguage":"fr-FR","@id":"https:\/\/dicodusport.fr\/blog\/#\/schema\/person\/image\/","url":"https:\/\/dicodusport.fr\/blog\/wp-content\/uploads\/2025\/02\/Maillot-Dicodusport-Loulou-49-150x150.png","contentUrl":"https:\/\/dicodusport.fr\/blog\/wp-content\/uploads\/2025\/02\/Maillot-Dicodusport-Loulou-49-150x150.png","caption":"Louis Bouchardon"},"description":"Berc\u00e9 dans la fin des ann\u00e9es 90 au son des rayons de v\u00e9lo d\u2019un p\u00e8re cycliste amateur, le sport n\u2019a depuis plus jamais quitt\u00e9 mon quotidien. Sp\u00e9cialiste du ballon rond comme du ballon ovale, je suis r\u00e9dacteur chez Dicodusport depuis d\u00e9cembre 2023.","url":"https:\/\/dicodusport.fr\/blog\/author\/louis-bouchardon\/"}]}},"_links":{"self":[{"href":"https:\/\/dicodusport.fr\/blog\/wp-json\/wp\/v2\/posts\/574464","targetHints":{"allow":["GET"]}}],"collection":[{"href":"https:\/\/dicodusport.fr\/blog\/wp-json\/wp\/v2\/posts"}],"about":[{"href":"https:\/\/dicodusport.fr\/blog\/wp-json\/wp\/v2\/types\/post"}],"author":[{"embeddable":true,"href":"https:\/\/dicodusport.fr\/blog\/wp-json\/wp\/v2\/users\/97"}],"replies":[{"embeddable":true,"href":"https:\/\/dicodusport.fr\/blog\/wp-json\/wp\/v2\/comments?post=574464"}],"version-history":[{"count":5,"href":"https:\/\/dicodusport.fr\/blog\/wp-json\/wp\/v2\/posts\/574464\/revisions"}],"predecessor-version":[{"id":574492,"href":"https:\/\/dicodusport.fr\/blog\/wp-json\/wp\/v2\/posts\/574464\/revisions\/574492"}],"wp:featuredmedia":[{"embeddable":true,"href":"https:\/\/dicodusport.fr\/blog\/wp-json\/wp\/v2\/media\/574538"}],"wp:attachment":[{"href":"https:\/\/dicodusport.fr\/blog\/wp-json\/wp\/v2\/media?parent=574464"}],"wp:term":[{"taxonomy":"category","embeddable":true,"href":"https:\/\/dicodusport.fr\/blog\/wp-json\/wp\/v2\/categories?post=574464"},{"taxonomy":"post_tag","embeddable":true,"href":"https:\/\/dicodusport.fr\/blog\/wp-json\/wp\/v2\/tags?post=574464"}],"curies":[{"name":"wp","href":"https:\/\/api.w.org\/{rel}","templated":true}]}}