{"id":574471,"date":"2025-04-25T17:41:08","date_gmt":"2025-04-25T15:41:08","guid":{"rendered":"https:\/\/dicodusport.fr\/blog\/?p=574471&#038;preview=true&#038;preview_id=574471"},"modified":"2025-04-25T22:37:57","modified_gmt":"2025-04-25T20:37:57","slug":"championnats-deurope-judo-2025-maxime-gael-ngayap-hambou-vice-champion-deurope-90-kg","status":"publish","type":"post","link":"https:\/\/dicodusport.fr\/blog\/championnats-deurope-judo-2025-maxime-gael-ngayap-hambou-vice-champion-deurope-90-kg\/","title":{"rendered":"Championnats d&rsquo;Europe judo 2025 : Maxime-Ga\u00ebl Ngayap Hambou vice-champion d&rsquo;Europe (-90 kg)"},"content":{"rendered":"<h4 style=\"text-align: justify;\"><em>CHAMPIONNATS D&rsquo;EUROPE DE JUDO 2025 &#8211; Maxime-Ga\u00ebl Ngayap Hambou rafle l&rsquo;argent en -90 kg et remporte sa premi\u00e8re m\u00e9daille europ\u00e9enne.<\/em><\/h4>\n<p style=\"text-align: justify;\">Pour ses deuxi\u00e8mes championnats d&rsquo;Europe chez les seniors apr\u00e8s 2022, <strong>Maxime-Ga\u00ebl Ngayap Hambou<\/strong> (-90 kg) obtient une belle <strong>m\u00e9daille d&rsquo;argent<\/strong>. Et ce n&rsquo;aura pas \u00e9t\u00e9 une journ\u00e9e de tout repos avec deux combats qui se sont termin\u00e9s au bout du temps r\u00e9glementaire et deux golden score.<\/p>\n<ul style=\"list-style-type: disc; text-align: justify;\">\n<li><strong>\u00c0 ce sujet &#8211; <a href=\"https:\/\/dicodusport.fr\/blog\/tableau-des-medailles-championnats-deurope-judo-2025\/\">Tableau des m\u00e9dailles des Championnats d&rsquo;Europe de judo 2025<\/a><\/strong><\/li>\n<li><strong>\u00c0 ce sujet &#8211; <a href=\"https:\/\/dicodusport.fr\/blog\/programme-et-resultats-championnats-deurope-de-judo-2025\/\">Programme et r\u00e9sultats Championnats d&rsquo;Europe de judo 2025<\/a><\/strong><\/li>\n<\/ul>\n<p style=\"text-align: justify;\">Pour son entr\u00e9e en lice, le Fran\u00e7ais a battu Boris Georgiev (yuko) avant de s&rsquo;imposer avec un yuko et un waza-ari face \u00e0 David Klammert. Duel franco-fran\u00e7ais en quarts de finale face \u00e0 <strong>Alexis Mathieu<\/strong>. Duel qui devrait nous tenir en haleine lors de cette olympiade pour le ticket pour Los Angeles. Ce genre de combat est souvent compliqu\u00e9 et cela s&rsquo;est v\u00e9rifi\u00e9 aujourd&rsquo;hui encore puisqu&rsquo;il a fallu un golden score. Sous la menace de 2 shido, il va finalement inscrire un yuko apr\u00e8s plus de 2 minutes. Battu pour le bronze \u00e0 Paris il y a 3 mois, le jeune Fran\u00e7ais a ainsi pris sa revanche.<\/p>\n<p style=\"text-align: justify;\">Ensuite, il affrontait le <strong>num\u00e9ro 3 mondial Nemanja Majdov<\/strong>. Apr\u00e8s 4 premi\u00e8res minutes ferm\u00e9es, le Fran\u00e7ais a rapidement fait la diff\u00e9rence au golden score pour inscrire un ippon apr\u00e8s 30 secondes.<\/p>\n<p style=\"text-align: justify;\">En finale, il faisait face \u00e0 l&rsquo;exp\u00e9riment\u00e9 italien <strong>Christian Parlati<\/strong>. Celui-ci l&rsquo;avait battu au golden score sur hansoku make lors de la demi-finale en \u00e9quipes des Jeux Olympiques. Et malheureusement, c&rsquo;est une nouvelle d\u00e9faite pour le Fran\u00e7ais. Car apr\u00e8s \u00eatre parvenu \u00e0 faire tomber le Fran\u00e7ais pour inscrire un yuko, l&rsquo;Italien va encha\u00eener avec une cl\u00e9 pour s&rsquo;offrir l&rsquo;or.<\/p>\n<blockquote class=\"twitter-tweet\">\n<p dir=\"ltr\" lang=\"fr\">\ud83e\udd48\ud83c\uddeb\ud83c\uddf7 Ngayap Hambou en argent !<\/p>\n<p>Maxime-Ga\u00ebl Ngayap Hambou s&rsquo;incline face \u00e0 l&rsquo;Italien Christian Parlati qui a obtenu un yuko et a fait abandonner le fran\u00e7ais dans la foul\u00e9e. <a href=\"https:\/\/t.co\/gmozSIGBvp\">pic.twitter.com\/gmozSIGBvp<\/a><\/p>\n<p>\u2014 RMC Sport Combat (@RMCSportCombat) <a href=\"https:\/\/twitter.com\/RMCSportCombat\/status\/1915793578820858063?ref_src=twsrc%5Etfw\">April 25, 2025<\/a><\/p><\/blockquote>\n<p><script async src=\"https:\/\/platform.twitter.com\/widgets.js\" charset=\"utf-8\"><\/script><\/p>\n<p style=\"text-align: justify;\">Dans la m\u00eame cat\u00e9gorie, <strong>Alexis Mathieu<\/strong> n&rsquo;a pas trembl\u00e9 face \u00e0 Josip Bulic puis Kenny Bedel. Il a donc ensuite perdu en quarts de finale face \u00e0 son compatriote. Aux rep\u00eachages, il a battu Gioirgi Jabniashvili. Malgr\u00e9 les deux yuko du G\u00e9orgien, le Fran\u00e7ais qui avait inscrit un waza-ari a renvers\u00e9 la vapeur avec un ippon.<\/p>\n<p style=\"text-align: justify;\">Dans le combat pour le bronze, il affrontait <strong>Murad Fatiyev<\/strong>. Celui-ci l&rsquo;avait priv\u00e9 de demi-finale l&rsquo;ann\u00e9e derni\u00e8re. Et il va de nouveau le priver d&rsquo;une m\u00e9daille puisqu&rsquo;il a inscrit un ippon \u00e0 37 secondes de la fin. Surprenant le Fran\u00e7ais. En bronze chez les espoirs en 2020, Alexis Mathieu devra attendre pour sa premi\u00e8re m\u00e9daille europ\u00e9enne chez les seniors.<\/p>\n<blockquote class=\"twitter-tweet\">\n<p dir=\"ltr\" lang=\"fr\">\u274c\ud83e\udd49Alexis Mathieu au pied du podium !<\/p>\n<p>Tout comme Marie-\u00c8ve Gahi\u00e9 (-70 kg femmes), Alexis Mathieu (-90 kg hommes) n&rsquo;a pas r\u00e9ussi \u00e0 obtenir la m\u00e9daille de bronze remport\u00e9e par l&rsquo;Azerba\u00efdjanais Fatiyev. <a href=\"https:\/\/t.co\/Gzu9X20xyu\">pic.twitter.com\/Gzu9X20xyu<\/a><\/p>\n<p>\u2014 RMC Sport Combat (@RMCSportCombat) <a href=\"https:\/\/twitter.com\/RMCSportCombat\/status\/1915789520852631581?ref_src=twsrc%5Etfw\">April 25, 2025<\/a><\/p><\/blockquote>\n<p><script async src=\"https:\/\/platform.twitter.com\/widgets.js\" charset=\"utf-8\"><\/script><\/p>\n<h2 style=\"text-align: justify;\">Marie-\u00c8ve Gahi\u00e9 au pied du podium<\/h2>\n<p style=\"text-align: justify;\">De retour sur la sc\u00e8ne europ\u00e9enne apr\u00e8s ses titres glan\u00e9s en 2022 et 2023, <strong>Marie-\u00c8ve Gahi\u00e9<\/strong> (-70 kg) n&rsquo;a pas connu la m\u00eame r\u00e9ussite. Apr\u00e8s une entr\u00e9e en mati\u00e8re convaincante lors de ses trois premiers combats (ippon en moins d&rsquo;une minute face \u00e0 Fidan Ogel, Margit de Voogd et Aleksandra Andric), la Fran\u00e7aise a chut\u00e9 pour la premi\u00e8re fois en 6 combats face \u00e0 <strong>Elisavet Teltsidou<\/strong> en demi-finale. Apr\u00e8s avoir inscrit un waza-ari au sol, Teltsidou a encha\u00een\u00e9 sur l&rsquo;action suivante avec un yuko. Ce qui a eu le don de r\u00e9veiller la Fran\u00e7aise qui va directement attaquer ensuite pour inscrire un waza-ari. Mais la Grecque va tenir son avantage et s&rsquo;imposer.<\/p>\n<p style=\"text-align: justify;\">Dans le combat pour le bronze, Gahi\u00e9 affrontait <strong>Lara Cvjetko<\/strong>. Ne parvenant pas \u00e0 se saisir, les deux judokates ont \u00e9cop\u00e9 d&rsquo;un shido. C&rsquo;est la Croate qui va parvenir \u00e0 inscrire un waza-ari \u00e0 1 minute de la fin du combat. Pas besoin de ce temps, la Croate va s&rsquo;imposer sur ippon pour priver la Fran\u00e7aise d&rsquo;une m\u00e9daille.<\/p>\n<blockquote class=\"twitter-tweet\">\n<p dir=\"ltr\" lang=\"fr\">\u274c\ud83e\udd49 Le bronze \u00e9chappe \u00e0 Gahi\u00e9 !<\/p>\n<p>La m\u00e9daille de bronze des moins de 70 kg (femmes) est donc pour la Croate Lara Cvjetko qui s&rsquo;impose contre Marie-\u00c8ve Gahi\u00e9. <a href=\"https:\/\/t.co\/HygL0WDWEZ\">pic.twitter.com\/HygL0WDWEZ<\/a><\/p>\n<p>\u2014 RMC Sport Combat (@RMCSportCombat) <a href=\"https:\/\/twitter.com\/RMCSportCombat\/status\/1915781050401263674?ref_src=twsrc%5Etfw\">April 25, 2025<\/a><\/p><\/blockquote>\n<p><script async src=\"https:\/\/platform.twitter.com\/widgets.js\" charset=\"utf-8\"><\/script><\/p>\n","protected":false},"excerpt":{"rendered":"<p>M\u00e9daille d&rsquo;argent pour Maxime-Ga\u00ebl Ngayap Hambou.<\/p>\n","protected":false},"author":12,"featured_media":574590,"comment_status":"open","ping_status":"closed","sticky":false,"template":"","format":"standard","meta":{"_acf_changed":false,"_daextam_enable_autolinks":"1","footnotes":""},"categories":[8651],"tags":[32415,16041,16878,68,5610,19762],"class_list":["post-574471","post","type-post","status-publish","format-standard","has-post-thumbnail","hentry","category-judo","tag-actu","tag-alexis-mathieu","tag-breve","tag-judo","tag-marie-eve-gahie","tag-maxime-gael-ngayap-hambou"],"acf":[],"yoast_head":"<!-- This site is optimized with the Yoast SEO Premium plugin v26.7 (Yoast SEO v26.7) - https:\/\/yoast.com\/wordpress\/plugins\/seo\/ -->\n<title>Championnats d&#039;Europe judo 2025 : Maxime-Ga\u00ebl Ngayap Hambou vice-champion d&#039;Europe (-90 kg)<\/title>\n<meta name=\"description\" content=\"CHAMPIONNATS D&#039;EUROPE DE JUDO 2025 - Maxime-Ga\u00ebl Ngayap Hambou rafle l&#039;argent en -90 kg et remporte sa premi\u00e8re m\u00e9daille europ\u00e9enne.\" \/>\n<meta name=\"robots\" content=\"index, follow, max-snippet:-1, max-image-preview:large, max-video-preview:-1\" \/>\n<link rel=\"canonical\" href=\"https:\/\/dicodusport.fr\/blog\/championnats-deurope-judo-2025-maxime-gael-ngayap-hambou-vice-champion-deurope-90-kg\/\" \/>\n<meta property=\"og:locale\" content=\"fr_FR\" \/>\n<meta property=\"og:type\" content=\"article\" \/>\n<meta property=\"og:title\" content=\"Championnats d&#039;Europe judo 2025 : Maxime-Ga\u00ebl Ngayap Hambou vice-champion d&#039;Europe (-90 kg)\" \/>\n<meta property=\"og:description\" content=\"CHAMPIONNATS D&#039;EUROPE DE JUDO 2025 - Maxime-Ga\u00ebl Ngayap Hambou rafle l&#039;argent en -90 kg et remporte sa premi\u00e8re m\u00e9daille europ\u00e9enne.\" \/>\n<meta property=\"og:url\" content=\"https:\/\/dicodusport.fr\/blog\/championnats-deurope-judo-2025-maxime-gael-ngayap-hambou-vice-champion-deurope-90-kg\/\" \/>\n<meta property=\"og:site_name\" content=\"Dicodusport\" \/>\n<meta property=\"article:publisher\" content=\"https:\/\/www.facebook.com\/dicodusport\" \/>\n<meta property=\"article:published_time\" content=\"2025-04-25T15:41:08+00:00\" \/>\n<meta property=\"article:modified_time\" content=\"2025-04-25T20:37:57+00:00\" \/>\n<meta property=\"og:image\" content=\"https:\/\/dicodusport.fr\/blog\/wp-content\/uploads\/2025\/04\/Championnats-dEurope-judo-2025-Maxime-Gael-Ngayap-Hambou-vice-champion-dEurope.png\" \/>\n\t<meta property=\"og:image:width\" content=\"1200\" \/>\n\t<meta property=\"og:image:height\" content=\"674\" \/>\n\t<meta property=\"og:image:type\" content=\"image\/png\" \/>\n<meta name=\"author\" content=\"Arlette Yeye\" \/>\n<meta name=\"twitter:card\" content=\"summary_large_image\" \/>\n<meta name=\"twitter:title\" content=\"Championnats d&#039;Europe judo 2025 : Maxime-Ga\u00ebl Ngayap Hambou vice-champion d&#039;Europe (-90 kg)\" \/>\n<meta name=\"twitter:creator\" content=\"@https:\/\/twitter.com\/Shiclette94\" \/>\n<meta name=\"twitter:site\" content=\"@dicodusport\" \/>\n<script type=\"application\/ld+json\" class=\"yoast-schema-graph\">{\"@context\":\"https:\/\/schema.org\",\"@graph\":[{\"@type\":\"NewsArticle\",\"@id\":\"https:\/\/dicodusport.fr\/blog\/championnats-deurope-judo-2025-maxime-gael-ngayap-hambou-vice-champion-deurope-90-kg\/#article\",\"isPartOf\":{\"@id\":\"https:\/\/dicodusport.fr\/blog\/championnats-deurope-judo-2025-maxime-gael-ngayap-hambou-vice-champion-deurope-90-kg\/\"},\"author\":{\"name\":\"Arlette Yeye\",\"@id\":\"https:\/\/dicodusport.fr\/blog\/#\/schema\/person\/cce96fa88785bd8573e3d43078ac8c79\"},\"headline\":\"Championnats d&rsquo;Europe judo 2025 : Maxime-Ga\u00ebl Ngayap Hambou vice-champion d&rsquo;Europe (-90 kg)\",\"datePublished\":\"2025-04-25T15:41:08+00:00\",\"dateModified\":\"2025-04-25T20:37:57+00:00\",\"mainEntityOfPage\":{\"@id\":\"https:\/\/dicodusport.fr\/blog\/championnats-deurope-judo-2025-maxime-gael-ngayap-hambou-vice-champion-deurope-90-kg\/\"},\"wordCount\":780,\"commentCount\":0,\"publisher\":{\"@id\":\"https:\/\/dicodusport.fr\/blog\/#organization\"},\"image\":{\"@id\":\"https:\/\/dicodusport.fr\/blog\/championnats-deurope-judo-2025-maxime-gael-ngayap-hambou-vice-champion-deurope-90-kg\/#primaryimage\"},\"thumbnailUrl\":\"https:\/\/dicodusport.fr\/blog\/wp-content\/uploads\/2025\/04\/Championnats-dEurope-judo-2025-Maxime-Gael-Ngayap-Hambou-vice-champion-dEurope.png\",\"keywords\":[\"actu\",\"Alexis Mathieu\",\"br\u00e8ve\",\"Judo\",\"Marie-\u00c8ve Gahi\u00e9\",\"Maxime-Ga\u00ebl Ngayap-Hambou\"],\"articleSection\":[\"Judo\"],\"inLanguage\":\"fr-FR\",\"potentialAction\":[{\"@type\":\"CommentAction\",\"name\":\"Comment\",\"target\":[\"https:\/\/dicodusport.fr\/blog\/championnats-deurope-judo-2025-maxime-gael-ngayap-hambou-vice-champion-deurope-90-kg\/#respond\"]}],\"copyrightYear\":\"2025\",\"copyrightHolder\":{\"@id\":\"https:\/\/dicodusport.fr\/blog\/#organization\"}},{\"@type\":\"WebPage\",\"@id\":\"https:\/\/dicodusport.fr\/blog\/championnats-deurope-judo-2025-maxime-gael-ngayap-hambou-vice-champion-deurope-90-kg\/\",\"url\":\"https:\/\/dicodusport.fr\/blog\/championnats-deurope-judo-2025-maxime-gael-ngayap-hambou-vice-champion-deurope-90-kg\/\",\"name\":\"Championnats d'Europe judo 2025 : Maxime-Ga\u00ebl Ngayap Hambou vice-champion d'Europe (-90 kg)\",\"isPartOf\":{\"@id\":\"https:\/\/dicodusport.fr\/blog\/#website\"},\"primaryImageOfPage\":{\"@id\":\"https:\/\/dicodusport.fr\/blog\/championnats-deurope-judo-2025-maxime-gael-ngayap-hambou-vice-champion-deurope-90-kg\/#primaryimage\"},\"image\":{\"@id\":\"https:\/\/dicodusport.fr\/blog\/championnats-deurope-judo-2025-maxime-gael-ngayap-hambou-vice-champion-deurope-90-kg\/#primaryimage\"},\"thumbnailUrl\":\"https:\/\/dicodusport.fr\/blog\/wp-content\/uploads\/2025\/04\/Championnats-dEurope-judo-2025-Maxime-Gael-Ngayap-Hambou-vice-champion-dEurope.png\",\"datePublished\":\"2025-04-25T15:41:08+00:00\",\"dateModified\":\"2025-04-25T20:37:57+00:00\",\"description\":\"CHAMPIONNATS D'EUROPE DE JUDO 2025 - Maxime-Ga\u00ebl Ngayap Hambou rafle l'argent en -90 kg et remporte sa premi\u00e8re m\u00e9daille europ\u00e9enne.\",\"breadcrumb\":{\"@id\":\"https:\/\/dicodusport.fr\/blog\/championnats-deurope-judo-2025-maxime-gael-ngayap-hambou-vice-champion-deurope-90-kg\/#breadcrumb\"},\"inLanguage\":\"fr-FR\",\"potentialAction\":[{\"@type\":\"ReadAction\",\"target\":[\"https:\/\/dicodusport.fr\/blog\/championnats-deurope-judo-2025-maxime-gael-ngayap-hambou-vice-champion-deurope-90-kg\/\"]}]},{\"@type\":\"ImageObject\",\"inLanguage\":\"fr-FR\",\"@id\":\"https:\/\/dicodusport.fr\/blog\/championnats-deurope-judo-2025-maxime-gael-ngayap-hambou-vice-champion-deurope-90-kg\/#primaryimage\",\"url\":\"https:\/\/dicodusport.fr\/blog\/wp-content\/uploads\/2025\/04\/Championnats-dEurope-judo-2025-Maxime-Gael-Ngayap-Hambou-vice-champion-dEurope.png\",\"contentUrl\":\"https:\/\/dicodusport.fr\/blog\/wp-content\/uploads\/2025\/04\/Championnats-dEurope-judo-2025-Maxime-Gael-Ngayap-Hambou-vice-champion-dEurope.png\",\"width\":1200,\"height\":674,\"caption\":\"Championnats d'Europe judo 2025 Maxime-Ga\u00ebl Ngayap Hambou vice-champion d'Europe\"},{\"@type\":\"BreadcrumbList\",\"@id\":\"https:\/\/dicodusport.fr\/blog\/championnats-deurope-judo-2025-maxime-gael-ngayap-hambou-vice-champion-deurope-90-kg\/#breadcrumb\",\"itemListElement\":[{\"@type\":\"ListItem\",\"position\":1,\"name\":\"Accueil\",\"item\":\"https:\/\/dicodusport.fr\/blog\/\"},{\"@type\":\"ListItem\",\"position\":2,\"name\":\"Championnats d&rsquo;Europe judo 2025 : Maxime-Ga\u00ebl Ngayap Hambou vice-champion d&rsquo;Europe (-90 kg)\"}]},{\"@type\":\"WebSite\",\"@id\":\"https:\/\/dicodusport.fr\/blog\/#website\",\"url\":\"https:\/\/dicodusport.fr\/blog\/\",\"name\":\"Dicodusport\",\"description\":\"L&#039;encyclop\u00e9die de l&#039;actualit\u00e9 sportive\",\"publisher\":{\"@id\":\"https:\/\/dicodusport.fr\/blog\/#organization\"},\"potentialAction\":[{\"@type\":\"SearchAction\",\"target\":{\"@type\":\"EntryPoint\",\"urlTemplate\":\"https:\/\/dicodusport.fr\/blog\/?s={search_term_string}\"},\"query-input\":{\"@type\":\"PropertyValueSpecification\",\"valueRequired\":true,\"valueName\":\"search_term_string\"}}],\"inLanguage\":\"fr-FR\"},{\"@type\":\"NewsMediaOrganization\",\"@id\":\"https:\/\/dicodusport.fr\/blog\/#organization\",\"name\":\"Dicodusport\",\"url\":\"https:\/\/dicodusport.fr\/blog\/\",\"logo\":{\"@type\":\"ImageObject\",\"inLanguage\":\"fr-FR\",\"@id\":\"https:\/\/dicodusport.fr\/blog\/#\/schema\/logo\/image\/\",\"url\":\"https:\/\/dicodusport.fr\/blog\/wp-content\/uploads\/2020\/06\/cropped-LOGO-DICODUSPORT-2020-SANS-FOND-SANS-TEXTE.png\",\"contentUrl\":\"https:\/\/dicodusport.fr\/blog\/wp-content\/uploads\/2020\/06\/cropped-LOGO-DICODUSPORT-2020-SANS-FOND-SANS-TEXTE.png\",\"width\":512,\"height\":512,\"caption\":\"Dicodusport\"},\"image\":{\"@id\":\"https:\/\/dicodusport.fr\/blog\/#\/schema\/logo\/image\/\"},\"sameAs\":[\"https:\/\/www.facebook.com\/dicodusport\",\"https:\/\/x.com\/dicodusport\",\"https:\/\/www.instagram.com\/dicodusport\/\",\"https:\/\/www.youtube.com\/channel\/UC7V2KZ5sd3htJivAbA4ZG3w\"],\"description\":\"Dicodusport est l'encyclop\u00e9die de l'actualit\u00e9 sportive.\",\"email\":\"bonjour@dicodusport.fr\",\"legalName\":\"DICODUSPORT\",\"foundingDate\":\"2018-01-14\",\"vatID\":\"FR71834470973\",\"taxID\":\"83447097300043\",\"numberOfEmployees\":{\"@type\":\"QuantitativeValue\",\"minValue\":\"1\",\"maxValue\":\"10\"}},{\"@type\":\"Person\",\"@id\":\"https:\/\/dicodusport.fr\/blog\/#\/schema\/person\/cce96fa88785bd8573e3d43078ac8c79\",\"name\":\"Arlette Yeye\",\"image\":{\"@type\":\"ImageObject\",\"inLanguage\":\"fr-FR\",\"@id\":\"https:\/\/dicodusport.fr\/blog\/#\/schema\/person\/image\/\",\"url\":\"https:\/\/secure.gravatar.com\/avatar\/dca4a6239e6d708e46c45d60e160de6c?s=96&d=wp_user_avatar&r=g\",\"contentUrl\":\"https:\/\/secure.gravatar.com\/avatar\/dca4a6239e6d708e46c45d60e160de6c?s=96&d=wp_user_avatar&r=g\",\"caption\":\"Arlette Yeye\"},\"description\":\"Journaliste\/r\u00e9dactrice depuis septembre 2015 - Supportrice de Chelsea, j'ai pour sports de pr\u00e9dilection le handball, l'athl\u00e9tisme et le tennis. Si je tweete plus vite que mon ombre, vous pouvez aussi me retrouver les week-ends sur les playgrounds de Bruxelles pour un petit foot ou basket entre potes. Parcourir la France, l'Europe et plus si affinit\u00e9s pour suivre mes sportifs pr\u00e9f\u00e9r\u00e9s ? Mon kif ! Et c'est avec plaisir que je partage les r\u00e9sultats des sports populaires mais \u00e9galement plus confidentiels pour Dicodusport.\",\"sameAs\":[\"https:\/\/x.com\/https:\/\/twitter.com\/Shiclette94\"],\"url\":\"https:\/\/dicodusport.fr\/blog\/author\/arlette\/\"}]}<\/script>\n<!-- \/ Yoast SEO Premium plugin. -->","yoast_head_json":{"title":"Championnats d'Europe judo 2025 : Maxime-Ga\u00ebl Ngayap Hambou vice-champion d'Europe (-90 kg)","description":"CHAMPIONNATS D'EUROPE DE JUDO 2025 - Maxime-Ga\u00ebl Ngayap Hambou rafle l'argent en -90 kg et remporte sa premi\u00e8re m\u00e9daille europ\u00e9enne.","robots":{"index":"index","follow":"follow","max-snippet":"max-snippet:-1","max-image-preview":"max-image-preview:large","max-video-preview":"max-video-preview:-1"},"canonical":"https:\/\/dicodusport.fr\/blog\/championnats-deurope-judo-2025-maxime-gael-ngayap-hambou-vice-champion-deurope-90-kg\/","og_locale":"fr_FR","og_type":"article","og_title":"Championnats d'Europe judo 2025 : Maxime-Ga\u00ebl Ngayap Hambou vice-champion d'Europe (-90 kg)","og_description":"CHAMPIONNATS D'EUROPE DE JUDO 2025 - Maxime-Ga\u00ebl Ngayap Hambou rafle l'argent en -90 kg et remporte sa premi\u00e8re m\u00e9daille europ\u00e9enne.","og_url":"https:\/\/dicodusport.fr\/blog\/championnats-deurope-judo-2025-maxime-gael-ngayap-hambou-vice-champion-deurope-90-kg\/","og_site_name":"Dicodusport","article_publisher":"https:\/\/www.facebook.com\/dicodusport","article_published_time":"2025-04-25T15:41:08+00:00","article_modified_time":"2025-04-25T20:37:57+00:00","og_image":[{"width":1200,"height":674,"url":"https:\/\/dicodusport.fr\/blog\/wp-content\/uploads\/2025\/04\/Championnats-dEurope-judo-2025-Maxime-Gael-Ngayap-Hambou-vice-champion-dEurope.png","type":"image\/png"}],"author":"Arlette Yeye","twitter_card":"summary_large_image","twitter_title":"Championnats d'Europe judo 2025 : Maxime-Ga\u00ebl Ngayap Hambou vice-champion d'Europe (-90 kg)","twitter_creator":"@https:\/\/twitter.com\/Shiclette94","twitter_site":"@dicodusport","schema":{"@context":"https:\/\/schema.org","@graph":[{"@type":"NewsArticle","@id":"https:\/\/dicodusport.fr\/blog\/championnats-deurope-judo-2025-maxime-gael-ngayap-hambou-vice-champion-deurope-90-kg\/#article","isPartOf":{"@id":"https:\/\/dicodusport.fr\/blog\/championnats-deurope-judo-2025-maxime-gael-ngayap-hambou-vice-champion-deurope-90-kg\/"},"author":{"name":"Arlette Yeye","@id":"https:\/\/dicodusport.fr\/blog\/#\/schema\/person\/cce96fa88785bd8573e3d43078ac8c79"},"headline":"Championnats d&rsquo;Europe judo 2025 : Maxime-Ga\u00ebl Ngayap Hambou vice-champion d&rsquo;Europe (-90 kg)","datePublished":"2025-04-25T15:41:08+00:00","dateModified":"2025-04-25T20:37:57+00:00","mainEntityOfPage":{"@id":"https:\/\/dicodusport.fr\/blog\/championnats-deurope-judo-2025-maxime-gael-ngayap-hambou-vice-champion-deurope-90-kg\/"},"wordCount":780,"commentCount":0,"publisher":{"@id":"https:\/\/dicodusport.fr\/blog\/#organization"},"image":{"@id":"https:\/\/dicodusport.fr\/blog\/championnats-deurope-judo-2025-maxime-gael-ngayap-hambou-vice-champion-deurope-90-kg\/#primaryimage"},"thumbnailUrl":"https:\/\/dicodusport.fr\/blog\/wp-content\/uploads\/2025\/04\/Championnats-dEurope-judo-2025-Maxime-Gael-Ngayap-Hambou-vice-champion-dEurope.png","keywords":["actu","Alexis Mathieu","br\u00e8ve","Judo","Marie-\u00c8ve Gahi\u00e9","Maxime-Ga\u00ebl Ngayap-Hambou"],"articleSection":["Judo"],"inLanguage":"fr-FR","potentialAction":[{"@type":"CommentAction","name":"Comment","target":["https:\/\/dicodusport.fr\/blog\/championnats-deurope-judo-2025-maxime-gael-ngayap-hambou-vice-champion-deurope-90-kg\/#respond"]}],"copyrightYear":"2025","copyrightHolder":{"@id":"https:\/\/dicodusport.fr\/blog\/#organization"}},{"@type":"WebPage","@id":"https:\/\/dicodusport.fr\/blog\/championnats-deurope-judo-2025-maxime-gael-ngayap-hambou-vice-champion-deurope-90-kg\/","url":"https:\/\/dicodusport.fr\/blog\/championnats-deurope-judo-2025-maxime-gael-ngayap-hambou-vice-champion-deurope-90-kg\/","name":"Championnats d'Europe judo 2025 : Maxime-Ga\u00ebl Ngayap Hambou vice-champion d'Europe (-90 kg)","isPartOf":{"@id":"https:\/\/dicodusport.fr\/blog\/#website"},"primaryImageOfPage":{"@id":"https:\/\/dicodusport.fr\/blog\/championnats-deurope-judo-2025-maxime-gael-ngayap-hambou-vice-champion-deurope-90-kg\/#primaryimage"},"image":{"@id":"https:\/\/dicodusport.fr\/blog\/championnats-deurope-judo-2025-maxime-gael-ngayap-hambou-vice-champion-deurope-90-kg\/#primaryimage"},"thumbnailUrl":"https:\/\/dicodusport.fr\/blog\/wp-content\/uploads\/2025\/04\/Championnats-dEurope-judo-2025-Maxime-Gael-Ngayap-Hambou-vice-champion-dEurope.png","datePublished":"2025-04-25T15:41:08+00:00","dateModified":"2025-04-25T20:37:57+00:00","description":"CHAMPIONNATS D'EUROPE DE JUDO 2025 - Maxime-Ga\u00ebl Ngayap Hambou rafle l'argent en -90 kg et remporte sa premi\u00e8re m\u00e9daille europ\u00e9enne.","breadcrumb":{"@id":"https:\/\/dicodusport.fr\/blog\/championnats-deurope-judo-2025-maxime-gael-ngayap-hambou-vice-champion-deurope-90-kg\/#breadcrumb"},"inLanguage":"fr-FR","potentialAction":[{"@type":"ReadAction","target":["https:\/\/dicodusport.fr\/blog\/championnats-deurope-judo-2025-maxime-gael-ngayap-hambou-vice-champion-deurope-90-kg\/"]}]},{"@type":"ImageObject","inLanguage":"fr-FR","@id":"https:\/\/dicodusport.fr\/blog\/championnats-deurope-judo-2025-maxime-gael-ngayap-hambou-vice-champion-deurope-90-kg\/#primaryimage","url":"https:\/\/dicodusport.fr\/blog\/wp-content\/uploads\/2025\/04\/Championnats-dEurope-judo-2025-Maxime-Gael-Ngayap-Hambou-vice-champion-dEurope.png","contentUrl":"https:\/\/dicodusport.fr\/blog\/wp-content\/uploads\/2025\/04\/Championnats-dEurope-judo-2025-Maxime-Gael-Ngayap-Hambou-vice-champion-dEurope.png","width":1200,"height":674,"caption":"Championnats d'Europe judo 2025 Maxime-Ga\u00ebl Ngayap Hambou vice-champion d'Europe"},{"@type":"BreadcrumbList","@id":"https:\/\/dicodusport.fr\/blog\/championnats-deurope-judo-2025-maxime-gael-ngayap-hambou-vice-champion-deurope-90-kg\/#breadcrumb","itemListElement":[{"@type":"ListItem","position":1,"name":"Accueil","item":"https:\/\/dicodusport.fr\/blog\/"},{"@type":"ListItem","position":2,"name":"Championnats d&rsquo;Europe judo 2025 : Maxime-Ga\u00ebl Ngayap Hambou vice-champion d&rsquo;Europe (-90 kg)"}]},{"@type":"WebSite","@id":"https:\/\/dicodusport.fr\/blog\/#website","url":"https:\/\/dicodusport.fr\/blog\/","name":"Dicodusport","description":"L&#039;encyclop\u00e9die de l&#039;actualit\u00e9 sportive","publisher":{"@id":"https:\/\/dicodusport.fr\/blog\/#organization"},"potentialAction":[{"@type":"SearchAction","target":{"@type":"EntryPoint","urlTemplate":"https:\/\/dicodusport.fr\/blog\/?s={search_term_string}"},"query-input":{"@type":"PropertyValueSpecification","valueRequired":true,"valueName":"search_term_string"}}],"inLanguage":"fr-FR"},{"@type":"NewsMediaOrganization","@id":"https:\/\/dicodusport.fr\/blog\/#organization","name":"Dicodusport","url":"https:\/\/dicodusport.fr\/blog\/","logo":{"@type":"ImageObject","inLanguage":"fr-FR","@id":"https:\/\/dicodusport.fr\/blog\/#\/schema\/logo\/image\/","url":"https:\/\/dicodusport.fr\/blog\/wp-content\/uploads\/2020\/06\/cropped-LOGO-DICODUSPORT-2020-SANS-FOND-SANS-TEXTE.png","contentUrl":"https:\/\/dicodusport.fr\/blog\/wp-content\/uploads\/2020\/06\/cropped-LOGO-DICODUSPORT-2020-SANS-FOND-SANS-TEXTE.png","width":512,"height":512,"caption":"Dicodusport"},"image":{"@id":"https:\/\/dicodusport.fr\/blog\/#\/schema\/logo\/image\/"},"sameAs":["https:\/\/www.facebook.com\/dicodusport","https:\/\/x.com\/dicodusport","https:\/\/www.instagram.com\/dicodusport\/","https:\/\/www.youtube.com\/channel\/UC7V2KZ5sd3htJivAbA4ZG3w"],"description":"Dicodusport est l'encyclop\u00e9die de l'actualit\u00e9 sportive.","email":"bonjour@dicodusport.fr","legalName":"DICODUSPORT","foundingDate":"2018-01-14","vatID":"FR71834470973","taxID":"83447097300043","numberOfEmployees":{"@type":"QuantitativeValue","minValue":"1","maxValue":"10"}},{"@type":"Person","@id":"https:\/\/dicodusport.fr\/blog\/#\/schema\/person\/cce96fa88785bd8573e3d43078ac8c79","name":"Arlette Yeye","image":{"@type":"ImageObject","inLanguage":"fr-FR","@id":"https:\/\/dicodusport.fr\/blog\/#\/schema\/person\/image\/","url":"https:\/\/secure.gravatar.com\/avatar\/dca4a6239e6d708e46c45d60e160de6c?s=96&d=wp_user_avatar&r=g","contentUrl":"https:\/\/secure.gravatar.com\/avatar\/dca4a6239e6d708e46c45d60e160de6c?s=96&d=wp_user_avatar&r=g","caption":"Arlette Yeye"},"description":"Journaliste\/r\u00e9dactrice depuis septembre 2015 - Supportrice de Chelsea, j'ai pour sports de pr\u00e9dilection le handball, l'athl\u00e9tisme et le tennis. Si je tweete plus vite que mon ombre, vous pouvez aussi me retrouver les week-ends sur les playgrounds de Bruxelles pour un petit foot ou basket entre potes. Parcourir la France, l'Europe et plus si affinit\u00e9s pour suivre mes sportifs pr\u00e9f\u00e9r\u00e9s ? Mon kif ! Et c'est avec plaisir que je partage les r\u00e9sultats des sports populaires mais \u00e9galement plus confidentiels pour Dicodusport.","sameAs":["https:\/\/x.com\/https:\/\/twitter.com\/Shiclette94"],"url":"https:\/\/dicodusport.fr\/blog\/author\/arlette\/"}]}},"_links":{"self":[{"href":"https:\/\/dicodusport.fr\/blog\/wp-json\/wp\/v2\/posts\/574471","targetHints":{"allow":["GET"]}}],"collection":[{"href":"https:\/\/dicodusport.fr\/blog\/wp-json\/wp\/v2\/posts"}],"about":[{"href":"https:\/\/dicodusport.fr\/blog\/wp-json\/wp\/v2\/types\/post"}],"author":[{"embeddable":true,"href":"https:\/\/dicodusport.fr\/blog\/wp-json\/wp\/v2\/users\/12"}],"replies":[{"embeddable":true,"href":"https:\/\/dicodusport.fr\/blog\/wp-json\/wp\/v2\/comments?post=574471"}],"version-history":[{"count":5,"href":"https:\/\/dicodusport.fr\/blog\/wp-json\/wp\/v2\/posts\/574471\/revisions"}],"predecessor-version":[{"id":574530,"href":"https:\/\/dicodusport.fr\/blog\/wp-json\/wp\/v2\/posts\/574471\/revisions\/574530"}],"wp:featuredmedia":[{"embeddable":true,"href":"https:\/\/dicodusport.fr\/blog\/wp-json\/wp\/v2\/media\/574590"}],"wp:attachment":[{"href":"https:\/\/dicodusport.fr\/blog\/wp-json\/wp\/v2\/media?parent=574471"}],"wp:term":[{"taxonomy":"category","embeddable":true,"href":"https:\/\/dicodusport.fr\/blog\/wp-json\/wp\/v2\/categories?post=574471"},{"taxonomy":"post_tag","embeddable":true,"href":"https:\/\/dicodusport.fr\/blog\/wp-json\/wp\/v2\/tags?post=574471"}],"curies":[{"name":"wp","href":"https:\/\/api.w.org\/{rel}","templated":true}]}}