{"id":574531,"date":"2025-04-26T10:00:38","date_gmt":"2025-04-26T08:00:38","guid":{"rendered":"https:\/\/dicodusport.fr\/blog\/?p=574531&#038;preview=true&#038;preview_id=574531"},"modified":"2025-04-26T07:55:55","modified_gmt":"2025-04-26T05:55:55","slug":"liege-bastogne-liege-2025-les-favoris-les-outsiders-et-les-coureurs-a-suivre","status":"publish","type":"post","link":"https:\/\/dicodusport.fr\/blog\/liege-bastogne-liege-2025-les-favoris-les-outsiders-et-les-coureurs-a-suivre\/","title":{"rendered":"Li\u00e8ge-Bastogne-Li\u00e8ge 2025 : Les favoris, les outsiders et les coureurs \u00e0 suivre"},"content":{"rendered":"<h4 style=\"text-align: justify;\"><em>Retrouvez les favoris, les outsiders, les coureurs \u00e0 suivre et les chances fran\u00e7aises sur la 111\u00e8me \u00e9dition de Li\u00e8ge-Bastogne-Li\u00e8ge, qui se d\u00e9roule ce dimanche 27 avril 2025.<\/em><\/h4>\n<ul>\n<li style=\"text-align: justify;\"><strong>\u00c0 ce sujet \u2013\u00a0<a href=\"https:\/\/dicodusport.fr\/blog\/liege-bastogne-liege-2025-chaine-tv-et-engages\/\">Li\u00e8ge-Bastogne-Li\u00e8ge 2025 : Cha\u00eene TV et Engag\u00e9s<\/a><\/strong><\/li>\n<\/ul>\n<p style=\"text-align: justify;\">Dimanche, ce sera la fin de la saison des classiques de printemps, avec le quatri\u00e8me Monument de la saison : <strong>Li\u00e8ge-Bastogne-Li\u00e8ge<\/strong>. Tous les regards seront tourn\u00e9s vers l\u2019homme de ce d\u00e9but de saison : <strong>Tadej Pogacar<\/strong>. Cependant, la concurrence r\u00eave de le faire chuter de son tr\u00f4ne. On pense notamment \u00e0 Remco Evenepoel.<\/p>\n<p style=\"text-align: justify;\">Vainqueur des quatre derni\u00e8res \u00e9ditions, <strong>Remco Evenepoel<\/strong> (Soudal Quick-Step) et <strong>Tadej Pogacar<\/strong> (UAE Team Emirates XRG) seront donc les grands favoris sur cette course longue de 252 kilom\u00e8tres avec ses 11 c\u00f4tes dans les Ardennes belges, dont la C\u00f4te de la Redoute et de la Roche-aux-Faucons, les juges de paix de la <em>Doyenne des Classiques<\/em>.<\/p>\n<div class=\"vlp-link-container vlp-layout-article\"><a href=\"https:\/\/dicodusport.fr\/blog\/liege-bastogne-liege-2025-parcours-complet-et-profil\/\" class=\"vlp-link\" title=\"Li\u00e8ge-Bastogne-Li\u00e8ge 2025 : Parcours complet et profil\"><\/a><div class=\"vlp-layout-zone-side\"><div class=\"vlp-block-4 vlp-link-image\"><img loading=\"lazy\" decoding=\"async\" style=\"max-width: 792px;\" width=\"792\" height=\"445\" src=\"https:\/\/dicodusport.fr\/blog\/wp-content\/uploads\/2025\/04\/Liege-Bastogne-Liege-2025-Parcours-complet-et-profil.png\" class=\"attachment-800x445 size-800x445\" alt=\"\" srcset=\"https:\/\/dicodusport.fr\/blog\/wp-content\/uploads\/2025\/04\/Liege-Bastogne-Liege-2025-Parcours-complet-et-profil.png 1200w, https:\/\/dicodusport.fr\/blog\/wp-content\/uploads\/2025\/04\/Liege-Bastogne-Liege-2025-Parcours-complet-et-profil-300x169.png 300w, https:\/\/dicodusport.fr\/blog\/wp-content\/uploads\/2025\/04\/Liege-Bastogne-Liege-2025-Parcours-complet-et-profil-1024x575.png 1024w, https:\/\/dicodusport.fr\/blog\/wp-content\/uploads\/2025\/04\/Liege-Bastogne-Liege-2025-Parcours-complet-et-profil-768x431.png 768w\" sizes=\"auto, (max-width: 792px) 100vw, 792px\" \/><\/div><\/div><div class=\"vlp-layout-zone-main\"><div class=\"vlp-block-0 vlp-link-title\">Li\u00e8ge-Bastogne-Li\u00e8ge 2025 : Parcours complet et profil<\/div><div class=\"vlp-block-1 vlp-link-summary\">Retrouvez le parcours complet et le profil de la 111\u00e8me \u00e9dition de Li\u00e8ge-Bastogne-Li\u00e8ge, qui se tient ce dimanche 27 avril 2025.<\/div><div class=\"vlp-block-2 vlp-link-button\">Lire l'article<\/div><div class=\"vlp-block-3 vlp-link-url\">dicodusport.fr<\/div><\/div><\/div>\n<h2>Evenepoel vs Pogacar, le combat des chefs<\/h2>\n<p style=\"text-align: justify;\"><strong>Remco Evenepoel<\/strong> est revenu en grande forme de sa terrible chute hivernale. Le leader de la Soudal Quick-Step s\u2019est impos\u00e9 pour sa course de reprise sur La Fl\u00e8che Braban\u00e7onne et s\u2019est class\u00e9 troisi\u00e8me de l\u2019<a href=\"https:\/\/dicodusport.fr\/blog\/amstel-gold-race-2025-classement-et-resultats\/\">Amstel Gold Race<\/a>, avant de terminer neuvi\u00e8me de <a href=\"https:\/\/dicodusport.fr\/blog\/la-fleche-wallonne-2025-classement-et-resultats\/\">La Fl\u00e8che Wallonne<\/a>. Soutenu par Ilan Van Wilder et Mauri Vansevenant, le Belge devrait rester fid\u00e8le \u00e0 lui-m\u00eame en attaquant d\u00e8s la C\u00f4te de la Redoute ou sur la petite bosse juste apr\u00e8s.<\/p>\n<p style=\"text-align: justify;\">Impressionnant sur presque toutes les courses, depuis deux ans, <strong>Tadej Pogacar<\/strong> devrait \u00eatre tout de m\u00eame le grand favori. Il a remis les pendules \u00e0 l&rsquo;heure apr\u00e8s sa d\u00e9faite sur l\u2019Amstel Gold Race en dominant La Fl\u00e8che Wallonne. De plus, le champion du monde aura retenu la le\u00e7on limbourgeoise o\u00f9 il avait lanc\u00e9 les hostilit\u00e9s de bien trop loin et avait gaspill\u00e9 des forces, seul \u00e0 l\u2019avant de la course. Assist\u00e9 de la meilleure \u00e9quipe du plateau, <em>Pogi<\/em> pourrait laisser l\u2019initiative \u00e0 Remco Evenepoel et en misant sur sa pointe de vitesse ou son punch.<\/p>\n<div class=\"vlp-link-container vlp-layout-article\"><a href=\"https:\/\/dicodusport.fr\/blog\/fleche-wallonne-2025-tadej-pogacar-remet-les-pendules-a-lheure-et-surclasse-la-concurrence\/\" class=\"vlp-link\" title=\"Fl\u00e8che Wallonne 2025 : Tadej Pogacar surclasse la concurrence et remet les pendules \u00e0 l&#039;heure\"><\/a><div class=\"vlp-layout-zone-side\"><div class=\"vlp-block-4 vlp-link-image\"><img loading=\"lazy\" decoding=\"async\" style=\"max-width: 792px;\" width=\"792\" height=\"445\" src=\"https:\/\/dicodusport.fr\/blog\/wp-content\/uploads\/2025\/04\/Fleche-Wallonne-2025-Tadej-Pogacar-remet-les-pendules-a-lheure-et-surclasse-la-concurrence-1.png\" class=\"attachment-800x445 size-800x445\" alt=\"Fl\u00e8che Wallonne 2025 Tadej Pogacar remet les pendules \u00e0 l&#039;heure et surclasse la concurrence (1)\" srcset=\"https:\/\/dicodusport.fr\/blog\/wp-content\/uploads\/2025\/04\/Fleche-Wallonne-2025-Tadej-Pogacar-remet-les-pendules-a-lheure-et-surclasse-la-concurrence-1.png 1200w, https:\/\/dicodusport.fr\/blog\/wp-content\/uploads\/2025\/04\/Fleche-Wallonne-2025-Tadej-Pogacar-remet-les-pendules-a-lheure-et-surclasse-la-concurrence-1-300x169.png 300w, https:\/\/dicodusport.fr\/blog\/wp-content\/uploads\/2025\/04\/Fleche-Wallonne-2025-Tadej-Pogacar-remet-les-pendules-a-lheure-et-surclasse-la-concurrence-1-1024x575.png 1024w, https:\/\/dicodusport.fr\/blog\/wp-content\/uploads\/2025\/04\/Fleche-Wallonne-2025-Tadej-Pogacar-remet-les-pendules-a-lheure-et-surclasse-la-concurrence-1-768x431.png 768w\" sizes=\"auto, (max-width: 792px) 100vw, 792px\" \/><\/div><\/div><div class=\"vlp-layout-zone-main\"><div class=\"vlp-block-0 vlp-link-title\">Fl\u00e8che Wallonne 2025 : Tadej Pogacar surclasse la concurrence et remet les pendules \u00e0 l'heure<\/div><div class=\"vlp-block-1 vlp-link-summary\">Revanchard de sa d\u00e9faite sur l'Amstel Gold Race ce dimanche, Tadej Pogacar (UAE Team Emirates - XRG) n'a laiss\u00e9 aucune chance \u00e0 ses rivaux dans le Mur de Huy.<\/div><div class=\"vlp-block-2 vlp-link-button\">Lire l'article<\/div><div class=\"vlp-block-3 vlp-link-url\">dicodusport.fr<\/div><\/div><\/div>\n<h2>Pidcock, Skjelmose, Healy : les outsiders aux dents longues<\/h2>\n<p style=\"text-align: justify;\">Derri\u00e8re les deux favoris, <strong>Tom Pidcock<\/strong> peut faire office de troisi\u00e8me homme pour monter sur la bo\u00eete, voire mieux en cas de malchance pour un des deux cadors. Excellent en d\u00e9but de saison, le leader de la Q36.5 Pro Cycling a connu un petit coup de mou avant de monter sur le podium au sommet du Mur de Huy. Malheureusement, il devrait surtout baser sa course sur ses rivaux au podium.<\/p>\n<p style=\"text-align: justify;\">En commen\u00e7ant par le bourreau de Pogacar sur l\u2019Amstel : <strong>Mattias Skjelmose Jensen<\/strong>. Le Danois de la Lidl-Trek a enfin conclu sur une grande classique. Mais, il a malheureusement chut\u00e9 sur La Fl\u00e8che Wallonne, mercredi. Sera-t-il totalement r\u00e9tabli pour la Doyenne ? Le cas \u00e9ch\u00e9ant, la structure am\u00e9ricaine regardera la performance du jeune <strong>Thibau Nys<\/strong>, qui d\u00e9couvrira le parcours de La Doyenne.<\/p>\n<div class=\"vlp-link-container vlp-layout-article\"><a href=\"https:\/\/dicodusport.fr\/blog\/amstel-gold-race-2025-mattias-skjelmose-soffre-tadej-pogacar-et-remco-evenepoel\/\" class=\"vlp-link\" title=\"Amstel Gold Race 2025 : Mattias Skjelmose s&#039;offre Tadej Pogacar et Remco Evenepoel\"><\/a><div class=\"vlp-layout-zone-side\"><div class=\"vlp-block-4 vlp-link-image\"><img loading=\"lazy\" decoding=\"async\" style=\"max-width: 792px;\" width=\"792\" height=\"445\" src=\"https:\/\/dicodusport.fr\/blog\/wp-content\/uploads\/2025\/04\/Amstel-Gold-Race-2025-Mattias-Skjelmose-soffre-Tadej-Pogacar-et-Remco-Evenepoel-1.png\" class=\"attachment-800x445 size-800x445\" alt=\"Amstel Gold Race 2025 Mattias Skjelmose s&#039;offre Tadej Pogacar et Remco Evenepoel (1)\" srcset=\"https:\/\/dicodusport.fr\/blog\/wp-content\/uploads\/2025\/04\/Amstel-Gold-Race-2025-Mattias-Skjelmose-soffre-Tadej-Pogacar-et-Remco-Evenepoel-1.png 1200w, https:\/\/dicodusport.fr\/blog\/wp-content\/uploads\/2025\/04\/Amstel-Gold-Race-2025-Mattias-Skjelmose-soffre-Tadej-Pogacar-et-Remco-Evenepoel-1-300x169.png 300w, https:\/\/dicodusport.fr\/blog\/wp-content\/uploads\/2025\/04\/Amstel-Gold-Race-2025-Mattias-Skjelmose-soffre-Tadej-Pogacar-et-Remco-Evenepoel-1-1024x575.png 1024w, https:\/\/dicodusport.fr\/blog\/wp-content\/uploads\/2025\/04\/Amstel-Gold-Race-2025-Mattias-Skjelmose-soffre-Tadej-Pogacar-et-Remco-Evenepoel-1-768x431.png 768w\" sizes=\"auto, (max-width: 792px) 100vw, 792px\" \/><\/div><\/div><div class=\"vlp-layout-zone-main\"><div class=\"vlp-block-0 vlp-link-title\">Amstel Gold Race 2025 : Mattias Skjelmose s'offre Tadej Pogacar et Remco Evenepoel<\/div><div class=\"vlp-block-1 vlp-link-summary\">Retrouvez le parcours d\u00e9taill\u00e9 et le profil de la 59\u00e8me \u00e9dition de l'Amstel Gold Race, la plus mythique des classiques n\u00e9erlandaises, qui se d\u00e9roule ce dimanche 20 avril 2025.<\/div><div class=\"vlp-block-2 vlp-link-button\">Lire l'article<\/div><div class=\"vlp-block-3 vlp-link-url\">dicodusport.fr<\/div><\/div><\/div>\n<p style=\"text-align: justify;\">Ensuite, <strong>Ben Healy<\/strong> sera un autre candidat s\u00e9rieux au podium. L\u2019Irlandais calquera sa tactique sur les deux grands favoris, afin de prendre de l\u2019avance sur de meilleurs puncheurs. Quatri\u00e8me des Strade Bianche, vainqueur d\u2019une \u00e9tape du Tour du Pays Basque apr\u00e8s un long raid en solitaire et cinqui\u00e8me de La Fl\u00e8che Wallonne, le chef de file de l\u2019EF Education-EasyPost est au top physiquement.<\/p>\n<ul>\n<li style=\"text-align: justify;\"><strong>\u00c0 ce sujet \u2013 <a href=\"https:\/\/dicodusport.fr\/blog\/actualites\/cyclisme\/cyclisme-sur-route-2025\/\">L\u2019actualit\u00e9 du cyclisme sur route<\/a><\/strong><\/li>\n<\/ul>\n<p style=\"text-align: justify;\">On aurait pu citer <strong>Marc Hirschi<\/strong> (Tudor) et <strong>Maxim Van Gils<\/strong> (Red Bull-Bora-Hansgrohe) parmi les outsiders. Mais, ces deux coureurs ne semblent pas au top de leur forme. Leurs \u00e9quipes pourraient rabattre leur jeu sur <strong>Aleksandr Vlasov, Daniel Felipe Martinez<\/strong> et <strong>Julian Alaphilippe<\/strong>. Ce dernier n\u2019est plus dans la forme qui faisait de lui le meilleur puncheur du monde.<\/p>\n<p style=\"text-align: justify;\">Alors, deux espoirs du cyclisme mondial pourraient nous surprendre, dimanche : <strong>Lennert Van Eetvelt<\/strong> (Lotto) et <strong>Romain Gr\u00e9goire <\/strong>(Groupama-FDJ). Le puncheur fran\u00e7ais a continu\u00e9 de progresser ce printemps tandis que le grimpeur belge a prouv\u00e9 lors du dernier Tour de Lombardie qu&rsquo;il a l\u2019\u00e9toffe de briguer un top 5. Enfin, n&rsquo;oublions pas des blocs solides comme chez Bahrain Victorious, avec <strong>Pello Bilbao\u00a0<\/strong>et\u00a0<strong>Santiago Buitrago.\u00a0<\/strong><\/p>\n","protected":false},"excerpt":{"rendered":"<p>Retrouvez les favoris, les outsiders, les coureurs \u00e0 suivre et les chances fran\u00e7aises sur la 111\u00e8me \u00e9dition de Li\u00e8ge-Bastogne-Li\u00e8ge, qui se d\u00e9roule ce dimanche 27 avril 2025.<\/p>\n","protected":false},"author":48,"featured_media":574620,"comment_status":"open","ping_status":"closed","sticky":false,"template":"","format":"standard","meta":{"_acf_changed":false,"_daextam_enable_autolinks":"1","footnotes":""},"categories":[46994],"tags":[3119,16878,4165],"class_list":["post-574531","post","type-post","status-publish","format-standard","has-post-thumbnail","hentry","category-cyclisme-sur-route","tag-actualite-cyclisme","tag-breve","tag-liege-bastogne-liege"],"acf":[],"yoast_head":"<!-- This site is optimized with the Yoast SEO Premium plugin v26.7 (Yoast SEO v26.7) - https:\/\/yoast.com\/wordpress\/plugins\/seo\/ -->\n<title>Li\u00e8ge-Bastogne-Li\u00e8ge 2025 : Les favoris, les outsiders et les coureurs \u00e0 suivre<\/title>\n<meta name=\"description\" content=\"Retrouvez les favoris, les outsiders, les coureurs \u00e0 suivre et les chances fran\u00e7aises sur la 111\u00e8me \u00e9dition de Li\u00e8ge-Bastogne-Li\u00e8ge.\" \/>\n<meta name=\"robots\" content=\"index, follow, max-snippet:-1, max-image-preview:large, max-video-preview:-1\" \/>\n<link rel=\"canonical\" href=\"https:\/\/dicodusport.fr\/blog\/liege-bastogne-liege-2025-les-favoris-les-outsiders-et-les-coureurs-a-suivre\/\" \/>\n<meta property=\"og:locale\" content=\"fr_FR\" \/>\n<meta property=\"og:type\" content=\"article\" \/>\n<meta property=\"og:title\" content=\"Li\u00e8ge-Bastogne-Li\u00e8ge 2025 : Les favoris, les outsiders et les coureurs \u00e0 suivre\" \/>\n<meta property=\"og:description\" content=\"Retrouvez les favoris, les outsiders, les coureurs \u00e0 suivre et les chances fran\u00e7aises sur la 111\u00e8me \u00e9dition de Li\u00e8ge-Bastogne-Li\u00e8ge.\" \/>\n<meta property=\"og:url\" content=\"https:\/\/dicodusport.fr\/blog\/liege-bastogne-liege-2025-les-favoris-les-outsiders-et-les-coureurs-a-suivre\/\" \/>\n<meta property=\"og:site_name\" content=\"Dicodusport\" \/>\n<meta property=\"article:publisher\" content=\"https:\/\/www.facebook.com\/dicodusport\" \/>\n<meta property=\"article:author\" content=\"https:\/\/www.facebook.com\/groups\/LesRoisDuPeloton\" \/>\n<meta property=\"article:published_time\" content=\"2025-04-26T08:00:38+00:00\" \/>\n<meta property=\"og:image\" content=\"https:\/\/dicodusport.fr\/blog\/wp-content\/uploads\/2025\/04\/Liege-Bastogne-Liege-2025-Les-favoris-les-outsiders-et-les-coureurs-a-suivre.png\" \/>\n\t<meta property=\"og:image:width\" content=\"1200\" \/>\n\t<meta property=\"og:image:height\" content=\"674\" \/>\n\t<meta property=\"og:image:type\" content=\"image\/png\" \/>\n<meta name=\"author\" content=\"Emilien Descampiaux\" \/>\n<meta name=\"twitter:card\" content=\"summary_large_image\" \/>\n<meta name=\"twitter:title\" content=\"Li\u00e8ge-Bastogne-Li\u00e8ge 2025 : Les favoris, les outsiders et les coureurs \u00e0 suivre\" \/>\n<meta name=\"twitter:creator\" content=\"@https:\/\/twitter.com\/LRoisDuPeloton\" \/>\n<meta name=\"twitter:site\" content=\"@dicodusport\" \/>\n<script type=\"application\/ld+json\" class=\"yoast-schema-graph\">{\"@context\":\"https:\/\/schema.org\",\"@graph\":[{\"@type\":\"NewsArticle\",\"@id\":\"https:\/\/dicodusport.fr\/blog\/liege-bastogne-liege-2025-les-favoris-les-outsiders-et-les-coureurs-a-suivre\/#article\",\"isPartOf\":{\"@id\":\"https:\/\/dicodusport.fr\/blog\/liege-bastogne-liege-2025-les-favoris-les-outsiders-et-les-coureurs-a-suivre\/\"},\"author\":{\"name\":\"Emilien Descampiaux\",\"@id\":\"https:\/\/dicodusport.fr\/blog\/#\/schema\/person\/6db4bae06b171592211be385b32876a7\"},\"headline\":\"Li\u00e8ge-Bastogne-Li\u00e8ge 2025 : Les favoris, les outsiders et les coureurs \u00e0 suivre\",\"datePublished\":\"2025-04-26T08:00:38+00:00\",\"mainEntityOfPage\":{\"@id\":\"https:\/\/dicodusport.fr\/blog\/liege-bastogne-liege-2025-les-favoris-les-outsiders-et-les-coureurs-a-suivre\/\"},\"wordCount\":982,\"commentCount\":0,\"publisher\":{\"@id\":\"https:\/\/dicodusport.fr\/blog\/#organization\"},\"image\":{\"@id\":\"https:\/\/dicodusport.fr\/blog\/liege-bastogne-liege-2025-les-favoris-les-outsiders-et-les-coureurs-a-suivre\/#primaryimage\"},\"thumbnailUrl\":\"https:\/\/dicodusport.fr\/blog\/wp-content\/uploads\/2025\/04\/Liege-Bastogne-Liege-2025-Les-favoris-les-outsiders-et-les-coureurs-a-suivre.png\",\"keywords\":[\"Actualit\u00e9 Cyclisme\",\"br\u00e8ve\",\"Li\u00e8ge-Bastogne-Li\u00e8ge\"],\"articleSection\":[\"Cyclisme sur route\"],\"inLanguage\":\"fr-FR\",\"potentialAction\":[{\"@type\":\"CommentAction\",\"name\":\"Comment\",\"target\":[\"https:\/\/dicodusport.fr\/blog\/liege-bastogne-liege-2025-les-favoris-les-outsiders-et-les-coureurs-a-suivre\/#respond\"]}],\"copyrightYear\":\"2025\",\"copyrightHolder\":{\"@id\":\"https:\/\/dicodusport.fr\/blog\/#organization\"}},{\"@type\":\"WebPage\",\"@id\":\"https:\/\/dicodusport.fr\/blog\/liege-bastogne-liege-2025-les-favoris-les-outsiders-et-les-coureurs-a-suivre\/\",\"url\":\"https:\/\/dicodusport.fr\/blog\/liege-bastogne-liege-2025-les-favoris-les-outsiders-et-les-coureurs-a-suivre\/\",\"name\":\"Li\u00e8ge-Bastogne-Li\u00e8ge 2025 : Les favoris, les outsiders et les coureurs \u00e0 suivre\",\"isPartOf\":{\"@id\":\"https:\/\/dicodusport.fr\/blog\/#website\"},\"primaryImageOfPage\":{\"@id\":\"https:\/\/dicodusport.fr\/blog\/liege-bastogne-liege-2025-les-favoris-les-outsiders-et-les-coureurs-a-suivre\/#primaryimage\"},\"image\":{\"@id\":\"https:\/\/dicodusport.fr\/blog\/liege-bastogne-liege-2025-les-favoris-les-outsiders-et-les-coureurs-a-suivre\/#primaryimage\"},\"thumbnailUrl\":\"https:\/\/dicodusport.fr\/blog\/wp-content\/uploads\/2025\/04\/Liege-Bastogne-Liege-2025-Les-favoris-les-outsiders-et-les-coureurs-a-suivre.png\",\"datePublished\":\"2025-04-26T08:00:38+00:00\",\"description\":\"Retrouvez les favoris, les outsiders, les coureurs \u00e0 suivre et les chances fran\u00e7aises sur la 111\u00e8me \u00e9dition de Li\u00e8ge-Bastogne-Li\u00e8ge.\",\"breadcrumb\":{\"@id\":\"https:\/\/dicodusport.fr\/blog\/liege-bastogne-liege-2025-les-favoris-les-outsiders-et-les-coureurs-a-suivre\/#breadcrumb\"},\"inLanguage\":\"fr-FR\",\"potentialAction\":[{\"@type\":\"ReadAction\",\"target\":[\"https:\/\/dicodusport.fr\/blog\/liege-bastogne-liege-2025-les-favoris-les-outsiders-et-les-coureurs-a-suivre\/\"]}]},{\"@type\":\"ImageObject\",\"inLanguage\":\"fr-FR\",\"@id\":\"https:\/\/dicodusport.fr\/blog\/liege-bastogne-liege-2025-les-favoris-les-outsiders-et-les-coureurs-a-suivre\/#primaryimage\",\"url\":\"https:\/\/dicodusport.fr\/blog\/wp-content\/uploads\/2025\/04\/Liege-Bastogne-Liege-2025-Les-favoris-les-outsiders-et-les-coureurs-a-suivre.png\",\"contentUrl\":\"https:\/\/dicodusport.fr\/blog\/wp-content\/uploads\/2025\/04\/Liege-Bastogne-Liege-2025-Les-favoris-les-outsiders-et-les-coureurs-a-suivre.png\",\"width\":1200,\"height\":674,\"caption\":\"Li\u00e8ge-Bastogne-Li\u00e8ge 2025 Les favoris, les outsiders et les coureurs \u00e0 suivre\"},{\"@type\":\"BreadcrumbList\",\"@id\":\"https:\/\/dicodusport.fr\/blog\/liege-bastogne-liege-2025-les-favoris-les-outsiders-et-les-coureurs-a-suivre\/#breadcrumb\",\"itemListElement\":[{\"@type\":\"ListItem\",\"position\":1,\"name\":\"Accueil\",\"item\":\"https:\/\/dicodusport.fr\/blog\/\"},{\"@type\":\"ListItem\",\"position\":2,\"name\":\"Li\u00e8ge-Bastogne-Li\u00e8ge 2025 : Les favoris, les outsiders et les coureurs \u00e0 suivre\"}]},{\"@type\":\"WebSite\",\"@id\":\"https:\/\/dicodusport.fr\/blog\/#website\",\"url\":\"https:\/\/dicodusport.fr\/blog\/\",\"name\":\"Dicodusport\",\"description\":\"L&#039;encyclop\u00e9die de l&#039;actualit\u00e9 sportive\",\"publisher\":{\"@id\":\"https:\/\/dicodusport.fr\/blog\/#organization\"},\"potentialAction\":[{\"@type\":\"SearchAction\",\"target\":{\"@type\":\"EntryPoint\",\"urlTemplate\":\"https:\/\/dicodusport.fr\/blog\/?s={search_term_string}\"},\"query-input\":{\"@type\":\"PropertyValueSpecification\",\"valueRequired\":true,\"valueName\":\"search_term_string\"}}],\"inLanguage\":\"fr-FR\"},{\"@type\":\"NewsMediaOrganization\",\"@id\":\"https:\/\/dicodusport.fr\/blog\/#organization\",\"name\":\"Dicodusport\",\"url\":\"https:\/\/dicodusport.fr\/blog\/\",\"logo\":{\"@type\":\"ImageObject\",\"inLanguage\":\"fr-FR\",\"@id\":\"https:\/\/dicodusport.fr\/blog\/#\/schema\/logo\/image\/\",\"url\":\"https:\/\/dicodusport.fr\/blog\/wp-content\/uploads\/2020\/06\/cropped-LOGO-DICODUSPORT-2020-SANS-FOND-SANS-TEXTE.png\",\"contentUrl\":\"https:\/\/dicodusport.fr\/blog\/wp-content\/uploads\/2020\/06\/cropped-LOGO-DICODUSPORT-2020-SANS-FOND-SANS-TEXTE.png\",\"width\":512,\"height\":512,\"caption\":\"Dicodusport\"},\"image\":{\"@id\":\"https:\/\/dicodusport.fr\/blog\/#\/schema\/logo\/image\/\"},\"sameAs\":[\"https:\/\/www.facebook.com\/dicodusport\",\"https:\/\/x.com\/dicodusport\",\"https:\/\/www.instagram.com\/dicodusport\/\",\"https:\/\/www.youtube.com\/channel\/UC7V2KZ5sd3htJivAbA4ZG3w\"],\"description\":\"Dicodusport est l'encyclop\u00e9die de l'actualit\u00e9 sportive.\",\"email\":\"bonjour@dicodusport.fr\",\"legalName\":\"DICODUSPORT\",\"foundingDate\":\"2018-01-14\",\"vatID\":\"FR71834470973\",\"taxID\":\"83447097300043\",\"numberOfEmployees\":{\"@type\":\"QuantitativeValue\",\"minValue\":\"1\",\"maxValue\":\"10\"}},{\"@type\":\"Person\",\"@id\":\"https:\/\/dicodusport.fr\/blog\/#\/schema\/person\/6db4bae06b171592211be385b32876a7\",\"name\":\"Emilien Descampiaux\",\"image\":{\"@type\":\"ImageObject\",\"inLanguage\":\"fr-FR\",\"@id\":\"https:\/\/dicodusport.fr\/blog\/#\/schema\/person\/image\/\",\"url\":\"https:\/\/dicodusport.fr\/blog\/wp-content\/uploads\/2021\/05\/Emilien-Descampiaux-150x150.jpg\",\"contentUrl\":\"https:\/\/dicodusport.fr\/blog\/wp-content\/uploads\/2021\/05\/Emilien-Descampiaux-150x150.jpg\",\"caption\":\"Emilien Descampiaux\"},\"description\":\"Journaliste\/r\u00e9dacteur depuis 2014 - Fan de la classe de Frank Vandenbroucke, je vis cyclisme (et de ses paysages) depuis plus de 20 ans. Je suis tr\u00e8s impliqu\u00e9 sur mes diff\u00e9rents r\u00e9seaux sociaux pour partager ma passion sur le monde et l'Histoire de la bicyclette avec ma voix sur les images en noir et blanc du succ\u00e8s de Rik Van Steenbergen lors du Ronde sur le V\u00e9lodrome de Gand.\",\"sameAs\":[\"https:\/\/www.facebook.com\/groups\/LesRoisDuPeloton\",\"https:\/\/x.com\/https:\/\/twitter.com\/LRoisDuPeloton\"],\"url\":\"https:\/\/dicodusport.fr\/blog\/author\/emiliend\/\"}]}<\/script>\n<!-- \/ Yoast SEO Premium plugin. -->","yoast_head_json":{"title":"Li\u00e8ge-Bastogne-Li\u00e8ge 2025 : Les favoris, les outsiders et les coureurs \u00e0 suivre","description":"Retrouvez les favoris, les outsiders, les coureurs \u00e0 suivre et les chances fran\u00e7aises sur la 111\u00e8me \u00e9dition de Li\u00e8ge-Bastogne-Li\u00e8ge.","robots":{"index":"index","follow":"follow","max-snippet":"max-snippet:-1","max-image-preview":"max-image-preview:large","max-video-preview":"max-video-preview:-1"},"canonical":"https:\/\/dicodusport.fr\/blog\/liege-bastogne-liege-2025-les-favoris-les-outsiders-et-les-coureurs-a-suivre\/","og_locale":"fr_FR","og_type":"article","og_title":"Li\u00e8ge-Bastogne-Li\u00e8ge 2025 : Les favoris, les outsiders et les coureurs \u00e0 suivre","og_description":"Retrouvez les favoris, les outsiders, les coureurs \u00e0 suivre et les chances fran\u00e7aises sur la 111\u00e8me \u00e9dition de Li\u00e8ge-Bastogne-Li\u00e8ge.","og_url":"https:\/\/dicodusport.fr\/blog\/liege-bastogne-liege-2025-les-favoris-les-outsiders-et-les-coureurs-a-suivre\/","og_site_name":"Dicodusport","article_publisher":"https:\/\/www.facebook.com\/dicodusport","article_author":"https:\/\/www.facebook.com\/groups\/LesRoisDuPeloton","article_published_time":"2025-04-26T08:00:38+00:00","og_image":[{"width":1200,"height":674,"url":"https:\/\/dicodusport.fr\/blog\/wp-content\/uploads\/2025\/04\/Liege-Bastogne-Liege-2025-Les-favoris-les-outsiders-et-les-coureurs-a-suivre.png","type":"image\/png"}],"author":"Emilien Descampiaux","twitter_card":"summary_large_image","twitter_title":"Li\u00e8ge-Bastogne-Li\u00e8ge 2025 : Les favoris, les outsiders et les coureurs \u00e0 suivre","twitter_creator":"@https:\/\/twitter.com\/LRoisDuPeloton","twitter_site":"@dicodusport","schema":{"@context":"https:\/\/schema.org","@graph":[{"@type":"NewsArticle","@id":"https:\/\/dicodusport.fr\/blog\/liege-bastogne-liege-2025-les-favoris-les-outsiders-et-les-coureurs-a-suivre\/#article","isPartOf":{"@id":"https:\/\/dicodusport.fr\/blog\/liege-bastogne-liege-2025-les-favoris-les-outsiders-et-les-coureurs-a-suivre\/"},"author":{"name":"Emilien Descampiaux","@id":"https:\/\/dicodusport.fr\/blog\/#\/schema\/person\/6db4bae06b171592211be385b32876a7"},"headline":"Li\u00e8ge-Bastogne-Li\u00e8ge 2025 : Les favoris, les outsiders et les coureurs \u00e0 suivre","datePublished":"2025-04-26T08:00:38+00:00","mainEntityOfPage":{"@id":"https:\/\/dicodusport.fr\/blog\/liege-bastogne-liege-2025-les-favoris-les-outsiders-et-les-coureurs-a-suivre\/"},"wordCount":982,"commentCount":0,"publisher":{"@id":"https:\/\/dicodusport.fr\/blog\/#organization"},"image":{"@id":"https:\/\/dicodusport.fr\/blog\/liege-bastogne-liege-2025-les-favoris-les-outsiders-et-les-coureurs-a-suivre\/#primaryimage"},"thumbnailUrl":"https:\/\/dicodusport.fr\/blog\/wp-content\/uploads\/2025\/04\/Liege-Bastogne-Liege-2025-Les-favoris-les-outsiders-et-les-coureurs-a-suivre.png","keywords":["Actualit\u00e9 Cyclisme","br\u00e8ve","Li\u00e8ge-Bastogne-Li\u00e8ge"],"articleSection":["Cyclisme sur route"],"inLanguage":"fr-FR","potentialAction":[{"@type":"CommentAction","name":"Comment","target":["https:\/\/dicodusport.fr\/blog\/liege-bastogne-liege-2025-les-favoris-les-outsiders-et-les-coureurs-a-suivre\/#respond"]}],"copyrightYear":"2025","copyrightHolder":{"@id":"https:\/\/dicodusport.fr\/blog\/#organization"}},{"@type":"WebPage","@id":"https:\/\/dicodusport.fr\/blog\/liege-bastogne-liege-2025-les-favoris-les-outsiders-et-les-coureurs-a-suivre\/","url":"https:\/\/dicodusport.fr\/blog\/liege-bastogne-liege-2025-les-favoris-les-outsiders-et-les-coureurs-a-suivre\/","name":"Li\u00e8ge-Bastogne-Li\u00e8ge 2025 : Les favoris, les outsiders et les coureurs \u00e0 suivre","isPartOf":{"@id":"https:\/\/dicodusport.fr\/blog\/#website"},"primaryImageOfPage":{"@id":"https:\/\/dicodusport.fr\/blog\/liege-bastogne-liege-2025-les-favoris-les-outsiders-et-les-coureurs-a-suivre\/#primaryimage"},"image":{"@id":"https:\/\/dicodusport.fr\/blog\/liege-bastogne-liege-2025-les-favoris-les-outsiders-et-les-coureurs-a-suivre\/#primaryimage"},"thumbnailUrl":"https:\/\/dicodusport.fr\/blog\/wp-content\/uploads\/2025\/04\/Liege-Bastogne-Liege-2025-Les-favoris-les-outsiders-et-les-coureurs-a-suivre.png","datePublished":"2025-04-26T08:00:38+00:00","description":"Retrouvez les favoris, les outsiders, les coureurs \u00e0 suivre et les chances fran\u00e7aises sur la 111\u00e8me \u00e9dition de Li\u00e8ge-Bastogne-Li\u00e8ge.","breadcrumb":{"@id":"https:\/\/dicodusport.fr\/blog\/liege-bastogne-liege-2025-les-favoris-les-outsiders-et-les-coureurs-a-suivre\/#breadcrumb"},"inLanguage":"fr-FR","potentialAction":[{"@type":"ReadAction","target":["https:\/\/dicodusport.fr\/blog\/liege-bastogne-liege-2025-les-favoris-les-outsiders-et-les-coureurs-a-suivre\/"]}]},{"@type":"ImageObject","inLanguage":"fr-FR","@id":"https:\/\/dicodusport.fr\/blog\/liege-bastogne-liege-2025-les-favoris-les-outsiders-et-les-coureurs-a-suivre\/#primaryimage","url":"https:\/\/dicodusport.fr\/blog\/wp-content\/uploads\/2025\/04\/Liege-Bastogne-Liege-2025-Les-favoris-les-outsiders-et-les-coureurs-a-suivre.png","contentUrl":"https:\/\/dicodusport.fr\/blog\/wp-content\/uploads\/2025\/04\/Liege-Bastogne-Liege-2025-Les-favoris-les-outsiders-et-les-coureurs-a-suivre.png","width":1200,"height":674,"caption":"Li\u00e8ge-Bastogne-Li\u00e8ge 2025 Les favoris, les outsiders et les coureurs \u00e0 suivre"},{"@type":"BreadcrumbList","@id":"https:\/\/dicodusport.fr\/blog\/liege-bastogne-liege-2025-les-favoris-les-outsiders-et-les-coureurs-a-suivre\/#breadcrumb","itemListElement":[{"@type":"ListItem","position":1,"name":"Accueil","item":"https:\/\/dicodusport.fr\/blog\/"},{"@type":"ListItem","position":2,"name":"Li\u00e8ge-Bastogne-Li\u00e8ge 2025 : Les favoris, les outsiders et les coureurs \u00e0 suivre"}]},{"@type":"WebSite","@id":"https:\/\/dicodusport.fr\/blog\/#website","url":"https:\/\/dicodusport.fr\/blog\/","name":"Dicodusport","description":"L&#039;encyclop\u00e9die de l&#039;actualit\u00e9 sportive","publisher":{"@id":"https:\/\/dicodusport.fr\/blog\/#organization"},"potentialAction":[{"@type":"SearchAction","target":{"@type":"EntryPoint","urlTemplate":"https:\/\/dicodusport.fr\/blog\/?s={search_term_string}"},"query-input":{"@type":"PropertyValueSpecification","valueRequired":true,"valueName":"search_term_string"}}],"inLanguage":"fr-FR"},{"@type":"NewsMediaOrganization","@id":"https:\/\/dicodusport.fr\/blog\/#organization","name":"Dicodusport","url":"https:\/\/dicodusport.fr\/blog\/","logo":{"@type":"ImageObject","inLanguage":"fr-FR","@id":"https:\/\/dicodusport.fr\/blog\/#\/schema\/logo\/image\/","url":"https:\/\/dicodusport.fr\/blog\/wp-content\/uploads\/2020\/06\/cropped-LOGO-DICODUSPORT-2020-SANS-FOND-SANS-TEXTE.png","contentUrl":"https:\/\/dicodusport.fr\/blog\/wp-content\/uploads\/2020\/06\/cropped-LOGO-DICODUSPORT-2020-SANS-FOND-SANS-TEXTE.png","width":512,"height":512,"caption":"Dicodusport"},"image":{"@id":"https:\/\/dicodusport.fr\/blog\/#\/schema\/logo\/image\/"},"sameAs":["https:\/\/www.facebook.com\/dicodusport","https:\/\/x.com\/dicodusport","https:\/\/www.instagram.com\/dicodusport\/","https:\/\/www.youtube.com\/channel\/UC7V2KZ5sd3htJivAbA4ZG3w"],"description":"Dicodusport est l'encyclop\u00e9die de l'actualit\u00e9 sportive.","email":"bonjour@dicodusport.fr","legalName":"DICODUSPORT","foundingDate":"2018-01-14","vatID":"FR71834470973","taxID":"83447097300043","numberOfEmployees":{"@type":"QuantitativeValue","minValue":"1","maxValue":"10"}},{"@type":"Person","@id":"https:\/\/dicodusport.fr\/blog\/#\/schema\/person\/6db4bae06b171592211be385b32876a7","name":"Emilien Descampiaux","image":{"@type":"ImageObject","inLanguage":"fr-FR","@id":"https:\/\/dicodusport.fr\/blog\/#\/schema\/person\/image\/","url":"https:\/\/dicodusport.fr\/blog\/wp-content\/uploads\/2021\/05\/Emilien-Descampiaux-150x150.jpg","contentUrl":"https:\/\/dicodusport.fr\/blog\/wp-content\/uploads\/2021\/05\/Emilien-Descampiaux-150x150.jpg","caption":"Emilien Descampiaux"},"description":"Journaliste\/r\u00e9dacteur depuis 2014 - Fan de la classe de Frank Vandenbroucke, je vis cyclisme (et de ses paysages) depuis plus de 20 ans. Je suis tr\u00e8s impliqu\u00e9 sur mes diff\u00e9rents r\u00e9seaux sociaux pour partager ma passion sur le monde et l'Histoire de la bicyclette avec ma voix sur les images en noir et blanc du succ\u00e8s de Rik Van Steenbergen lors du Ronde sur le V\u00e9lodrome de Gand.","sameAs":["https:\/\/www.facebook.com\/groups\/LesRoisDuPeloton","https:\/\/x.com\/https:\/\/twitter.com\/LRoisDuPeloton"],"url":"https:\/\/dicodusport.fr\/blog\/author\/emiliend\/"}]}},"_links":{"self":[{"href":"https:\/\/dicodusport.fr\/blog\/wp-json\/wp\/v2\/posts\/574531","targetHints":{"allow":["GET"]}}],"collection":[{"href":"https:\/\/dicodusport.fr\/blog\/wp-json\/wp\/v2\/posts"}],"about":[{"href":"https:\/\/dicodusport.fr\/blog\/wp-json\/wp\/v2\/types\/post"}],"author":[{"embeddable":true,"href":"https:\/\/dicodusport.fr\/blog\/wp-json\/wp\/v2\/users\/48"}],"replies":[{"embeddable":true,"href":"https:\/\/dicodusport.fr\/blog\/wp-json\/wp\/v2\/comments?post=574531"}],"version-history":[{"count":5,"href":"https:\/\/dicodusport.fr\/blog\/wp-json\/wp\/v2\/posts\/574531\/revisions"}],"predecessor-version":[{"id":574622,"href":"https:\/\/dicodusport.fr\/blog\/wp-json\/wp\/v2\/posts\/574531\/revisions\/574622"}],"wp:featuredmedia":[{"embeddable":true,"href":"https:\/\/dicodusport.fr\/blog\/wp-json\/wp\/v2\/media\/574620"}],"wp:attachment":[{"href":"https:\/\/dicodusport.fr\/blog\/wp-json\/wp\/v2\/media?parent=574531"}],"wp:term":[{"taxonomy":"category","embeddable":true,"href":"https:\/\/dicodusport.fr\/blog\/wp-json\/wp\/v2\/categories?post=574531"},{"taxonomy":"post_tag","embeddable":true,"href":"https:\/\/dicodusport.fr\/blog\/wp-json\/wp\/v2\/tags?post=574531"}],"curies":[{"name":"wp","href":"https:\/\/api.w.org\/{rel}","templated":true}]}}