{"id":574719,"date":"2025-04-26T17:21:23","date_gmt":"2025-04-26T15:21:23","guid":{"rendered":"https:\/\/dicodusport.fr\/blog\/?p=574719&#038;preview=true&#038;preview_id=574719"},"modified":"2025-04-26T19:25:42","modified_gmt":"2025-04-26T17:25:42","slug":"championnats-deurope-judo-2025-5e-titre-europeen-pour-romane-dicko","status":"publish","type":"post","link":"https:\/\/dicodusport.fr\/blog\/championnats-deurope-judo-2025-5e-titre-europeen-pour-romane-dicko\/","title":{"rendered":"Championnats d&rsquo;Europe judo 2025 : 5\u00e8me titre europ\u00e9en pour Romane Dicko !"},"content":{"rendered":"<h4 style=\"text-align: justify;\"><em>CHAMPIONNATS D&rsquo;EUROPE DE JUDO 2025 &#8211; Feu d&rsquo;artifice pour la France qui termine avec la m\u00e9daille d&rsquo;or remport\u00e9e par Romane Dicko (+78 kg). Son cinqui\u00e8me titre europ\u00e9en !<\/em><\/h4>\n<p style=\"text-align: justify;\"><strong>Romane Dicko<\/strong> (+78 kg) n&rsquo;a jamais perdu sur la sc\u00e8ne europ\u00e9enne et \u00e7a ne sera pas pour cette ann\u00e9e ! <strong>5e titre europ\u00e9en<\/strong> pour la judokate de 25 ans, en autant de participations !<\/p>\n<ul style=\"list-style-type: disc; text-align: justify;\">\n<li style=\"list-style-type: none;\">\n<ul style=\"list-style-type: disc; text-align: justify;\">\n<li><strong>\u00c0 ce sujet &#8211; <a href=\"https:\/\/dicodusport.fr\/blog\/tableau-des-medailles-championnats-deurope-judo-2025\/\">Tableau des m\u00e9dailles des Championnats d&rsquo;Europe de judo 2025<\/a><\/strong><\/li>\n<li><strong>\u00c0 ce sujet &#8211; <a href=\"https:\/\/dicodusport.fr\/blog\/programme-et-resultats-championnats-deurope-de-judo-2025\/\">Programme et r\u00e9sultats Championnats d&rsquo;Europe de judo 2025<\/a><\/strong><\/li>\n<\/ul>\n<\/li>\n<\/ul>\n<p style=\"text-align: justify;\"><strong>Romane Dicko<\/strong> n&rsquo;a pas train\u00e9 sur les tatamis. Entr\u00e9e au 2e tour, elle a battu la jeune de 19 ans Yuli Mishiner avant de r\u00e9aliser un ippon rapide en quarts face \u00e0 Mariia Ivanova. Son combat le plus compliqu\u00e9 sera finalement face \u00e0 sa compatriote L\u00e9a Fontaine en demi-finale. \u00c0 l&rsquo;instar du combat entre Maxime-Ga\u00ebl Ngayap Hambou et Alexis Mathieu hier, cette demi-finale aura \u00e9t\u00e9 ferm\u00e9e. Et alors qu&rsquo;elle venait de se voir infliger un second shido, la plus \u00e2g\u00e9e des deux va s&rsquo;imposer sur yuko.<\/p>\n<blockquote class=\"twitter-tweet\">\n<p dir=\"ltr\" lang=\"fr\">\u2705\ud83c\uddeb\ud83c\uddf7Dicko en finale !<\/p>\n<p>Romane Dicko (+78 kg) s&rsquo;impose contre L\u00e9a Fontaine dans ce duel franco-fran\u00e7ais. Pas loin de la disqualification avec ses deux p\u00e9nalit\u00e9s, elle a plac\u00e9 un yuko qui lui a permis de l&#8217;emporter. <a href=\"https:\/\/t.co\/sx128zSxJK\">pic.twitter.com\/sx128zSxJK<\/a><\/p>\n<p>\u2014 RMC Sport Combat (@RMCSportCombat) <a href=\"https:\/\/twitter.com\/RMCSportCombat\/status\/1916092666745376938?ref_src=twsrc%5Etfw\">April 26, 2025<\/a><\/p><\/blockquote>\n<p><script async src=\"https:\/\/platform.twitter.com\/widgets.js\" charset=\"utf-8\"><\/script><\/p>\n<p style=\"text-align: justify;\">En finale, elle affrontait la num\u00e9ro 3 mondiale <strong>Raz Hershko<\/strong>. Elle ne s&rsquo;\u00e9tait jamais inclin\u00e9e face \u00e0 l&rsquo;Isra\u00e9lienne en 4 combats. Mieux, elle l&rsquo;avait battue lors des finales 2022 et 2023. Au contr\u00f4le des manches, elle est parvenue \u00e0 faire tomber son adversaire. En bonne position, elle a s\u00e9curis\u00e9 son immobilisation pour s&rsquo;imposer une nouvelle fois sur ippon et remporter un <strong>5e titre europ\u00e9en<\/strong> !<\/p>\n<blockquote class=\"twitter-tweet\">\n<p dir=\"ltr\" lang=\"fr\">\ud83e\udd47\ud83c\uddeb\ud83c\uddf7 DICKO EN OR MASSIF !<\/p>\n<p>Romane Dicko (+78 kg) est championne d&rsquo;Europe de Judopour la 5e fois apr\u00e8s sa victoire contre l&rsquo;Isra\u00e9lienne Raz Hershko. <a href=\"https:\/\/t.co\/lNFyAiyDwG\">pic.twitter.com\/lNFyAiyDwG<\/a><\/p>\n<p>\u2014 RMC Sport Combat (@RMCSportCombat) <a href=\"https:\/\/twitter.com\/RMCSportCombat\/status\/1916150592289837478?ref_src=twsrc%5Etfw\">April 26, 2025<\/a><\/p><\/blockquote>\n<p><script async src=\"https:\/\/platform.twitter.com\/widgets.js\" charset=\"utf-8\"><\/script><\/p>\n<p style=\"text-align: justify;\">2018, 2020, 2022, 2023 et donc 2025. Romane Dicko est bien la patronne des lourdes ! Pr\u00e9paration optimale avant la conqu\u00eate d&rsquo;un deuxi\u00e8me titre mondial.<\/p>\n<h2 style=\"text-align: justify;\">L\u00e9a Fontaine au pied du podium<\/h2>\n<p style=\"text-align: justify;\">Dans la m\u00eame cat\u00e9gorie, <strong>L\u00e9a Fontaine<\/strong> n&rsquo;est pas parvenue \u00e0 monter sur le podium. Dispens\u00e9e de premier tour, elle a battu Erica Simonetti sur hansoku make. En quarts, elle bat Marit Kamps, judokate qu&rsquo;elle connait bien depuis les cat\u00e9gories jeunes. Juste apr\u00e8s avoir obtenu son 2e shido, la Fran\u00e7aise va r\u00e9aliser une immobilisation. En demies, elle chute donc face \u00e0 Romane Dicko.<\/p>\n<p style=\"text-align: justify;\">Dans le combat pour le bronze, elle affrontait <strong>Elis Startseva<\/strong>. 2-2 dans leurs affrontements avec une victoire de la Fran\u00e7aise lors des rep\u00eachages des pr\u00e9c\u00e9dents championnats d&rsquo;Europe. Mais cette fois, avantage \u00e0 la Russe qui va s&rsquo;imposer sur ippon \u00e0 1 minute de la fin.<\/p>\n<blockquote class=\"twitter-tweet\">\n<p dir=\"ltr\" lang=\"fr\">\u274c\ud83e\udd49 Fontaine au pied du podium !<\/p>\n<p>L\u00e9a Fontaine (+78 kg) s&rsquo;incline dans son combat pour la m\u00e9daille de bronze contre Elis Startseva apr\u00e8s un ippon. <a href=\"https:\/\/t.co\/Ms0urPDgbY\">pic.twitter.com\/Ms0urPDgbY<\/a><\/p>\n<p>\u2014 RMC Sport Combat (@RMCSportCombat) <a href=\"https:\/\/twitter.com\/RMCSportCombat\/status\/1916150646601920589?ref_src=twsrc%5Etfw\">April 26, 2025<\/a><\/p><\/blockquote>\n<p><script async src=\"https:\/\/platform.twitter.com\/widgets.js\" charset=\"utf-8\"><\/script><\/p>\n<h2 style=\"text-align: justify;\">La belle moisson de l&rsquo;\u00e9quipe de France<\/h2>\n<p style=\"text-align: justify;\">La France termine deuxi\u00e8me au tableau des m\u00e9dailles, derri\u00e8re la <strong>Russie <\/strong>(l&rsquo;IJF). Si elle a autant de m\u00e9dailles d&rsquo;or que celle-ci, elle a une m\u00e9daille d&rsquo;argent en moins (2 contre 3). C&rsquo;est le plus haut total de l&rsquo;\u00e9quipe depuis 2014 (14 m\u00e9dailles). Et grande premi\u00e8re depuis 2014, l&rsquo;\u00e9quipe masculine a glan\u00e9 autant de m\u00e9dailles que l&rsquo;\u00e9quipe f\u00e9minine (5-5). Nouvelle preuve du renouveau de cette \u00e9quipe de France masculine de judo, entrevu lors des Jeux Olympiques.<\/p>\n<p style=\"text-align: justify;\">Place maintenant \u00e0 la comp\u00e9tition par \u00e9quipes dimanche, pour <a href=\"https:\/\/dicodusport.fr\/blog\/championnats-deurope-judo-2024-lequipe-de-france-recupere-son-titre-par-equipes\/\" target=\"_blank\" rel=\"noopener\">conserver son titre<\/a>.<\/p>\n<p>&nbsp;<\/p>\n","protected":false},"excerpt":{"rendered":"<p>Romane Dicko est championne d&rsquo;Europe !<\/p>\n","protected":false},"author":12,"featured_media":574848,"comment_status":"open","ping_status":"closed","sticky":false,"template":"","format":"standard","meta":{"_acf_changed":false,"_daextam_enable_autolinks":"1","footnotes":""},"categories":[8651],"tags":[32415,16878,68,16042,2379,24],"class_list":["post-574719","post","type-post","status-publish","format-standard","has-post-thumbnail","hentry","category-judo","tag-actu","tag-breve","tag-judo","tag-lea-fontaine","tag-romane-dicko","tag-sport"],"acf":[],"yoast_head":"<!-- This site is optimized with the Yoast SEO Premium plugin v26.7 (Yoast SEO v26.7) - https:\/\/yoast.com\/wordpress\/plugins\/seo\/ -->\n<title>Championnats d&#039;Europe judo 2025 : 5\u00e8me titre europ\u00e9en pour Romane Dicko !<\/title>\n<meta name=\"description\" content=\"CHAMPIONNATS D&#039;EUROPE DE JUDO 2025 - Romane Dicko (+78 kg) remporte son cinqui\u00e8me titre europ\u00e9en en autant de participations !\" \/>\n<meta name=\"robots\" content=\"index, follow, max-snippet:-1, max-image-preview:large, max-video-preview:-1\" \/>\n<link rel=\"canonical\" href=\"https:\/\/dicodusport.fr\/blog\/championnats-deurope-judo-2025-5e-titre-europeen-pour-romane-dicko\/\" \/>\n<meta property=\"og:locale\" content=\"fr_FR\" \/>\n<meta property=\"og:type\" content=\"article\" \/>\n<meta property=\"og:title\" content=\"Championnats d&#039;Europe judo 2025 : 5\u00e8me titre europ\u00e9en pour Romane Dicko !\" \/>\n<meta property=\"og:description\" content=\"CHAMPIONNATS D&#039;EUROPE DE JUDO 2025 - Romane Dicko (+78 kg) remporte son cinqui\u00e8me titre europ\u00e9en en autant de participations !\" \/>\n<meta property=\"og:url\" content=\"https:\/\/dicodusport.fr\/blog\/championnats-deurope-judo-2025-5e-titre-europeen-pour-romane-dicko\/\" \/>\n<meta property=\"og:site_name\" content=\"Dicodusport\" \/>\n<meta property=\"article:publisher\" content=\"https:\/\/www.facebook.com\/dicodusport\" \/>\n<meta property=\"article:published_time\" content=\"2025-04-26T15:21:23+00:00\" \/>\n<meta property=\"article:modified_time\" content=\"2025-04-26T17:25:42+00:00\" \/>\n<meta property=\"og:image\" content=\"https:\/\/dicodusport.fr\/blog\/wp-content\/uploads\/2025\/04\/Championnats-dEurope-judo-2025-5eme-titre-europeen-pour-Romane-Dicko-.png\" \/>\n\t<meta property=\"og:image:width\" content=\"1200\" \/>\n\t<meta property=\"og:image:height\" content=\"674\" \/>\n\t<meta property=\"og:image:type\" content=\"image\/png\" \/>\n<meta name=\"author\" content=\"Arlette Yeye\" \/>\n<meta name=\"twitter:card\" content=\"summary_large_image\" \/>\n<meta name=\"twitter:title\" content=\"Championnats d&#039;Europe judo 2025 : 5\u00e8me titre europ\u00e9en pour Romane Dicko !\" \/>\n<meta name=\"twitter:creator\" content=\"@https:\/\/twitter.com\/Shiclette94\" \/>\n<meta name=\"twitter:site\" content=\"@dicodusport\" \/>\n<script type=\"application\/ld+json\" class=\"yoast-schema-graph\">{\"@context\":\"https:\/\/schema.org\",\"@graph\":[{\"@type\":\"NewsArticle\",\"@id\":\"https:\/\/dicodusport.fr\/blog\/championnats-deurope-judo-2025-5e-titre-europeen-pour-romane-dicko\/#article\",\"isPartOf\":{\"@id\":\"https:\/\/dicodusport.fr\/blog\/championnats-deurope-judo-2025-5e-titre-europeen-pour-romane-dicko\/\"},\"author\":{\"name\":\"Arlette Yeye\",\"@id\":\"https:\/\/dicodusport.fr\/blog\/#\/schema\/person\/cce96fa88785bd8573e3d43078ac8c79\"},\"headline\":\"Championnats d&rsquo;Europe judo 2025 : 5\u00e8me titre europ\u00e9en pour Romane Dicko !\",\"datePublished\":\"2025-04-26T15:21:23+00:00\",\"dateModified\":\"2025-04-26T17:25:42+00:00\",\"mainEntityOfPage\":{\"@id\":\"https:\/\/dicodusport.fr\/blog\/championnats-deurope-judo-2025-5e-titre-europeen-pour-romane-dicko\/\"},\"wordCount\":640,\"commentCount\":0,\"publisher\":{\"@id\":\"https:\/\/dicodusport.fr\/blog\/#organization\"},\"image\":{\"@id\":\"https:\/\/dicodusport.fr\/blog\/championnats-deurope-judo-2025-5e-titre-europeen-pour-romane-dicko\/#primaryimage\"},\"thumbnailUrl\":\"https:\/\/dicodusport.fr\/blog\/wp-content\/uploads\/2025\/04\/Championnats-dEurope-judo-2025-5eme-titre-europeen-pour-Romane-Dicko-.png\",\"keywords\":[\"actu\",\"br\u00e8ve\",\"Judo\",\"L\u00e9a Fontaine\",\"Romane Dicko\",\"sport\"],\"articleSection\":[\"Judo\"],\"inLanguage\":\"fr-FR\",\"potentialAction\":[{\"@type\":\"CommentAction\",\"name\":\"Comment\",\"target\":[\"https:\/\/dicodusport.fr\/blog\/championnats-deurope-judo-2025-5e-titre-europeen-pour-romane-dicko\/#respond\"]}],\"copyrightYear\":\"2025\",\"copyrightHolder\":{\"@id\":\"https:\/\/dicodusport.fr\/blog\/#organization\"}},{\"@type\":\"WebPage\",\"@id\":\"https:\/\/dicodusport.fr\/blog\/championnats-deurope-judo-2025-5e-titre-europeen-pour-romane-dicko\/\",\"url\":\"https:\/\/dicodusport.fr\/blog\/championnats-deurope-judo-2025-5e-titre-europeen-pour-romane-dicko\/\",\"name\":\"Championnats d'Europe judo 2025 : 5\u00e8me titre europ\u00e9en pour Romane Dicko !\",\"isPartOf\":{\"@id\":\"https:\/\/dicodusport.fr\/blog\/#website\"},\"primaryImageOfPage\":{\"@id\":\"https:\/\/dicodusport.fr\/blog\/championnats-deurope-judo-2025-5e-titre-europeen-pour-romane-dicko\/#primaryimage\"},\"image\":{\"@id\":\"https:\/\/dicodusport.fr\/blog\/championnats-deurope-judo-2025-5e-titre-europeen-pour-romane-dicko\/#primaryimage\"},\"thumbnailUrl\":\"https:\/\/dicodusport.fr\/blog\/wp-content\/uploads\/2025\/04\/Championnats-dEurope-judo-2025-5eme-titre-europeen-pour-Romane-Dicko-.png\",\"datePublished\":\"2025-04-26T15:21:23+00:00\",\"dateModified\":\"2025-04-26T17:25:42+00:00\",\"description\":\"CHAMPIONNATS D'EUROPE DE JUDO 2025 - Romane Dicko (+78 kg) remporte son cinqui\u00e8me titre europ\u00e9en en autant de participations !\",\"breadcrumb\":{\"@id\":\"https:\/\/dicodusport.fr\/blog\/championnats-deurope-judo-2025-5e-titre-europeen-pour-romane-dicko\/#breadcrumb\"},\"inLanguage\":\"fr-FR\",\"potentialAction\":[{\"@type\":\"ReadAction\",\"target\":[\"https:\/\/dicodusport.fr\/blog\/championnats-deurope-judo-2025-5e-titre-europeen-pour-romane-dicko\/\"]}]},{\"@type\":\"ImageObject\",\"inLanguage\":\"fr-FR\",\"@id\":\"https:\/\/dicodusport.fr\/blog\/championnats-deurope-judo-2025-5e-titre-europeen-pour-romane-dicko\/#primaryimage\",\"url\":\"https:\/\/dicodusport.fr\/blog\/wp-content\/uploads\/2025\/04\/Championnats-dEurope-judo-2025-5eme-titre-europeen-pour-Romane-Dicko-.png\",\"contentUrl\":\"https:\/\/dicodusport.fr\/blog\/wp-content\/uploads\/2025\/04\/Championnats-dEurope-judo-2025-5eme-titre-europeen-pour-Romane-Dicko-.png\",\"width\":1200,\"height\":674,\"caption\":\"Championnats d'Europe judo 2025 5\u00e8me titre europ\u00e9en pour Romane Dicko !\"},{\"@type\":\"BreadcrumbList\",\"@id\":\"https:\/\/dicodusport.fr\/blog\/championnats-deurope-judo-2025-5e-titre-europeen-pour-romane-dicko\/#breadcrumb\",\"itemListElement\":[{\"@type\":\"ListItem\",\"position\":1,\"name\":\"Accueil\",\"item\":\"https:\/\/dicodusport.fr\/blog\/\"},{\"@type\":\"ListItem\",\"position\":2,\"name\":\"Championnats d&rsquo;Europe judo 2025 : 5\u00e8me titre europ\u00e9en pour Romane Dicko !\"}]},{\"@type\":\"WebSite\",\"@id\":\"https:\/\/dicodusport.fr\/blog\/#website\",\"url\":\"https:\/\/dicodusport.fr\/blog\/\",\"name\":\"Dicodusport\",\"description\":\"L&#039;encyclop\u00e9die de l&#039;actualit\u00e9 sportive\",\"publisher\":{\"@id\":\"https:\/\/dicodusport.fr\/blog\/#organization\"},\"potentialAction\":[{\"@type\":\"SearchAction\",\"target\":{\"@type\":\"EntryPoint\",\"urlTemplate\":\"https:\/\/dicodusport.fr\/blog\/?s={search_term_string}\"},\"query-input\":{\"@type\":\"PropertyValueSpecification\",\"valueRequired\":true,\"valueName\":\"search_term_string\"}}],\"inLanguage\":\"fr-FR\"},{\"@type\":\"NewsMediaOrganization\",\"@id\":\"https:\/\/dicodusport.fr\/blog\/#organization\",\"name\":\"Dicodusport\",\"url\":\"https:\/\/dicodusport.fr\/blog\/\",\"logo\":{\"@type\":\"ImageObject\",\"inLanguage\":\"fr-FR\",\"@id\":\"https:\/\/dicodusport.fr\/blog\/#\/schema\/logo\/image\/\",\"url\":\"https:\/\/dicodusport.fr\/blog\/wp-content\/uploads\/2020\/06\/cropped-LOGO-DICODUSPORT-2020-SANS-FOND-SANS-TEXTE.png\",\"contentUrl\":\"https:\/\/dicodusport.fr\/blog\/wp-content\/uploads\/2020\/06\/cropped-LOGO-DICODUSPORT-2020-SANS-FOND-SANS-TEXTE.png\",\"width\":512,\"height\":512,\"caption\":\"Dicodusport\"},\"image\":{\"@id\":\"https:\/\/dicodusport.fr\/blog\/#\/schema\/logo\/image\/\"},\"sameAs\":[\"https:\/\/www.facebook.com\/dicodusport\",\"https:\/\/x.com\/dicodusport\",\"https:\/\/www.instagram.com\/dicodusport\/\",\"https:\/\/www.youtube.com\/channel\/UC7V2KZ5sd3htJivAbA4ZG3w\"],\"description\":\"Dicodusport est l'encyclop\u00e9die de l'actualit\u00e9 sportive.\",\"email\":\"bonjour@dicodusport.fr\",\"legalName\":\"DICODUSPORT\",\"foundingDate\":\"2018-01-14\",\"vatID\":\"FR71834470973\",\"taxID\":\"83447097300043\",\"numberOfEmployees\":{\"@type\":\"QuantitativeValue\",\"minValue\":\"1\",\"maxValue\":\"10\"}},{\"@type\":\"Person\",\"@id\":\"https:\/\/dicodusport.fr\/blog\/#\/schema\/person\/cce96fa88785bd8573e3d43078ac8c79\",\"name\":\"Arlette Yeye\",\"image\":{\"@type\":\"ImageObject\",\"inLanguage\":\"fr-FR\",\"@id\":\"https:\/\/dicodusport.fr\/blog\/#\/schema\/person\/image\/\",\"url\":\"https:\/\/secure.gravatar.com\/avatar\/dca4a6239e6d708e46c45d60e160de6c?s=96&d=wp_user_avatar&r=g\",\"contentUrl\":\"https:\/\/secure.gravatar.com\/avatar\/dca4a6239e6d708e46c45d60e160de6c?s=96&d=wp_user_avatar&r=g\",\"caption\":\"Arlette Yeye\"},\"description\":\"Journaliste\/r\u00e9dactrice depuis septembre 2015 - Supportrice de Chelsea, j'ai pour sports de pr\u00e9dilection le handball, l'athl\u00e9tisme et le tennis. Si je tweete plus vite que mon ombre, vous pouvez aussi me retrouver les week-ends sur les playgrounds de Bruxelles pour un petit foot ou basket entre potes. Parcourir la France, l'Europe et plus si affinit\u00e9s pour suivre mes sportifs pr\u00e9f\u00e9r\u00e9s ? Mon kif ! Et c'est avec plaisir que je partage les r\u00e9sultats des sports populaires mais \u00e9galement plus confidentiels pour Dicodusport.\",\"sameAs\":[\"https:\/\/x.com\/https:\/\/twitter.com\/Shiclette94\"],\"url\":\"https:\/\/dicodusport.fr\/blog\/author\/arlette\/\"}]}<\/script>\n<!-- \/ Yoast SEO Premium plugin. -->","yoast_head_json":{"title":"Championnats d'Europe judo 2025 : 5\u00e8me titre europ\u00e9en pour Romane Dicko !","description":"CHAMPIONNATS D'EUROPE DE JUDO 2025 - Romane Dicko (+78 kg) remporte son cinqui\u00e8me titre europ\u00e9en en autant de participations !","robots":{"index":"index","follow":"follow","max-snippet":"max-snippet:-1","max-image-preview":"max-image-preview:large","max-video-preview":"max-video-preview:-1"},"canonical":"https:\/\/dicodusport.fr\/blog\/championnats-deurope-judo-2025-5e-titre-europeen-pour-romane-dicko\/","og_locale":"fr_FR","og_type":"article","og_title":"Championnats d'Europe judo 2025 : 5\u00e8me titre europ\u00e9en pour Romane Dicko !","og_description":"CHAMPIONNATS D'EUROPE DE JUDO 2025 - Romane Dicko (+78 kg) remporte son cinqui\u00e8me titre europ\u00e9en en autant de participations !","og_url":"https:\/\/dicodusport.fr\/blog\/championnats-deurope-judo-2025-5e-titre-europeen-pour-romane-dicko\/","og_site_name":"Dicodusport","article_publisher":"https:\/\/www.facebook.com\/dicodusport","article_published_time":"2025-04-26T15:21:23+00:00","article_modified_time":"2025-04-26T17:25:42+00:00","og_image":[{"width":1200,"height":674,"url":"https:\/\/dicodusport.fr\/blog\/wp-content\/uploads\/2025\/04\/Championnats-dEurope-judo-2025-5eme-titre-europeen-pour-Romane-Dicko-.png","type":"image\/png"}],"author":"Arlette Yeye","twitter_card":"summary_large_image","twitter_title":"Championnats d'Europe judo 2025 : 5\u00e8me titre europ\u00e9en pour Romane Dicko !","twitter_creator":"@https:\/\/twitter.com\/Shiclette94","twitter_site":"@dicodusport","schema":{"@context":"https:\/\/schema.org","@graph":[{"@type":"NewsArticle","@id":"https:\/\/dicodusport.fr\/blog\/championnats-deurope-judo-2025-5e-titre-europeen-pour-romane-dicko\/#article","isPartOf":{"@id":"https:\/\/dicodusport.fr\/blog\/championnats-deurope-judo-2025-5e-titre-europeen-pour-romane-dicko\/"},"author":{"name":"Arlette Yeye","@id":"https:\/\/dicodusport.fr\/blog\/#\/schema\/person\/cce96fa88785bd8573e3d43078ac8c79"},"headline":"Championnats d&rsquo;Europe judo 2025 : 5\u00e8me titre europ\u00e9en pour Romane Dicko !","datePublished":"2025-04-26T15:21:23+00:00","dateModified":"2025-04-26T17:25:42+00:00","mainEntityOfPage":{"@id":"https:\/\/dicodusport.fr\/blog\/championnats-deurope-judo-2025-5e-titre-europeen-pour-romane-dicko\/"},"wordCount":640,"commentCount":0,"publisher":{"@id":"https:\/\/dicodusport.fr\/blog\/#organization"},"image":{"@id":"https:\/\/dicodusport.fr\/blog\/championnats-deurope-judo-2025-5e-titre-europeen-pour-romane-dicko\/#primaryimage"},"thumbnailUrl":"https:\/\/dicodusport.fr\/blog\/wp-content\/uploads\/2025\/04\/Championnats-dEurope-judo-2025-5eme-titre-europeen-pour-Romane-Dicko-.png","keywords":["actu","br\u00e8ve","Judo","L\u00e9a Fontaine","Romane Dicko","sport"],"articleSection":["Judo"],"inLanguage":"fr-FR","potentialAction":[{"@type":"CommentAction","name":"Comment","target":["https:\/\/dicodusport.fr\/blog\/championnats-deurope-judo-2025-5e-titre-europeen-pour-romane-dicko\/#respond"]}],"copyrightYear":"2025","copyrightHolder":{"@id":"https:\/\/dicodusport.fr\/blog\/#organization"}},{"@type":"WebPage","@id":"https:\/\/dicodusport.fr\/blog\/championnats-deurope-judo-2025-5e-titre-europeen-pour-romane-dicko\/","url":"https:\/\/dicodusport.fr\/blog\/championnats-deurope-judo-2025-5e-titre-europeen-pour-romane-dicko\/","name":"Championnats d'Europe judo 2025 : 5\u00e8me titre europ\u00e9en pour Romane Dicko !","isPartOf":{"@id":"https:\/\/dicodusport.fr\/blog\/#website"},"primaryImageOfPage":{"@id":"https:\/\/dicodusport.fr\/blog\/championnats-deurope-judo-2025-5e-titre-europeen-pour-romane-dicko\/#primaryimage"},"image":{"@id":"https:\/\/dicodusport.fr\/blog\/championnats-deurope-judo-2025-5e-titre-europeen-pour-romane-dicko\/#primaryimage"},"thumbnailUrl":"https:\/\/dicodusport.fr\/blog\/wp-content\/uploads\/2025\/04\/Championnats-dEurope-judo-2025-5eme-titre-europeen-pour-Romane-Dicko-.png","datePublished":"2025-04-26T15:21:23+00:00","dateModified":"2025-04-26T17:25:42+00:00","description":"CHAMPIONNATS D'EUROPE DE JUDO 2025 - Romane Dicko (+78 kg) remporte son cinqui\u00e8me titre europ\u00e9en en autant de participations !","breadcrumb":{"@id":"https:\/\/dicodusport.fr\/blog\/championnats-deurope-judo-2025-5e-titre-europeen-pour-romane-dicko\/#breadcrumb"},"inLanguage":"fr-FR","potentialAction":[{"@type":"ReadAction","target":["https:\/\/dicodusport.fr\/blog\/championnats-deurope-judo-2025-5e-titre-europeen-pour-romane-dicko\/"]}]},{"@type":"ImageObject","inLanguage":"fr-FR","@id":"https:\/\/dicodusport.fr\/blog\/championnats-deurope-judo-2025-5e-titre-europeen-pour-romane-dicko\/#primaryimage","url":"https:\/\/dicodusport.fr\/blog\/wp-content\/uploads\/2025\/04\/Championnats-dEurope-judo-2025-5eme-titre-europeen-pour-Romane-Dicko-.png","contentUrl":"https:\/\/dicodusport.fr\/blog\/wp-content\/uploads\/2025\/04\/Championnats-dEurope-judo-2025-5eme-titre-europeen-pour-Romane-Dicko-.png","width":1200,"height":674,"caption":"Championnats d'Europe judo 2025 5\u00e8me titre europ\u00e9en pour Romane Dicko !"},{"@type":"BreadcrumbList","@id":"https:\/\/dicodusport.fr\/blog\/championnats-deurope-judo-2025-5e-titre-europeen-pour-romane-dicko\/#breadcrumb","itemListElement":[{"@type":"ListItem","position":1,"name":"Accueil","item":"https:\/\/dicodusport.fr\/blog\/"},{"@type":"ListItem","position":2,"name":"Championnats d&rsquo;Europe judo 2025 : 5\u00e8me titre europ\u00e9en pour Romane Dicko !"}]},{"@type":"WebSite","@id":"https:\/\/dicodusport.fr\/blog\/#website","url":"https:\/\/dicodusport.fr\/blog\/","name":"Dicodusport","description":"L&#039;encyclop\u00e9die de l&#039;actualit\u00e9 sportive","publisher":{"@id":"https:\/\/dicodusport.fr\/blog\/#organization"},"potentialAction":[{"@type":"SearchAction","target":{"@type":"EntryPoint","urlTemplate":"https:\/\/dicodusport.fr\/blog\/?s={search_term_string}"},"query-input":{"@type":"PropertyValueSpecification","valueRequired":true,"valueName":"search_term_string"}}],"inLanguage":"fr-FR"},{"@type":"NewsMediaOrganization","@id":"https:\/\/dicodusport.fr\/blog\/#organization","name":"Dicodusport","url":"https:\/\/dicodusport.fr\/blog\/","logo":{"@type":"ImageObject","inLanguage":"fr-FR","@id":"https:\/\/dicodusport.fr\/blog\/#\/schema\/logo\/image\/","url":"https:\/\/dicodusport.fr\/blog\/wp-content\/uploads\/2020\/06\/cropped-LOGO-DICODUSPORT-2020-SANS-FOND-SANS-TEXTE.png","contentUrl":"https:\/\/dicodusport.fr\/blog\/wp-content\/uploads\/2020\/06\/cropped-LOGO-DICODUSPORT-2020-SANS-FOND-SANS-TEXTE.png","width":512,"height":512,"caption":"Dicodusport"},"image":{"@id":"https:\/\/dicodusport.fr\/blog\/#\/schema\/logo\/image\/"},"sameAs":["https:\/\/www.facebook.com\/dicodusport","https:\/\/x.com\/dicodusport","https:\/\/www.instagram.com\/dicodusport\/","https:\/\/www.youtube.com\/channel\/UC7V2KZ5sd3htJivAbA4ZG3w"],"description":"Dicodusport est l'encyclop\u00e9die de l'actualit\u00e9 sportive.","email":"bonjour@dicodusport.fr","legalName":"DICODUSPORT","foundingDate":"2018-01-14","vatID":"FR71834470973","taxID":"83447097300043","numberOfEmployees":{"@type":"QuantitativeValue","minValue":"1","maxValue":"10"}},{"@type":"Person","@id":"https:\/\/dicodusport.fr\/blog\/#\/schema\/person\/cce96fa88785bd8573e3d43078ac8c79","name":"Arlette Yeye","image":{"@type":"ImageObject","inLanguage":"fr-FR","@id":"https:\/\/dicodusport.fr\/blog\/#\/schema\/person\/image\/","url":"https:\/\/secure.gravatar.com\/avatar\/dca4a6239e6d708e46c45d60e160de6c?s=96&d=wp_user_avatar&r=g","contentUrl":"https:\/\/secure.gravatar.com\/avatar\/dca4a6239e6d708e46c45d60e160de6c?s=96&d=wp_user_avatar&r=g","caption":"Arlette Yeye"},"description":"Journaliste\/r\u00e9dactrice depuis septembre 2015 - Supportrice de Chelsea, j'ai pour sports de pr\u00e9dilection le handball, l'athl\u00e9tisme et le tennis. Si je tweete plus vite que mon ombre, vous pouvez aussi me retrouver les week-ends sur les playgrounds de Bruxelles pour un petit foot ou basket entre potes. Parcourir la France, l'Europe et plus si affinit\u00e9s pour suivre mes sportifs pr\u00e9f\u00e9r\u00e9s ? Mon kif ! Et c'est avec plaisir que je partage les r\u00e9sultats des sports populaires mais \u00e9galement plus confidentiels pour Dicodusport.","sameAs":["https:\/\/x.com\/https:\/\/twitter.com\/Shiclette94"],"url":"https:\/\/dicodusport.fr\/blog\/author\/arlette\/"}]}},"_links":{"self":[{"href":"https:\/\/dicodusport.fr\/blog\/wp-json\/wp\/v2\/posts\/574719","targetHints":{"allow":["GET"]}}],"collection":[{"href":"https:\/\/dicodusport.fr\/blog\/wp-json\/wp\/v2\/posts"}],"about":[{"href":"https:\/\/dicodusport.fr\/blog\/wp-json\/wp\/v2\/types\/post"}],"author":[{"embeddable":true,"href":"https:\/\/dicodusport.fr\/blog\/wp-json\/wp\/v2\/users\/12"}],"replies":[{"embeddable":true,"href":"https:\/\/dicodusport.fr\/blog\/wp-json\/wp\/v2\/comments?post=574719"}],"version-history":[{"count":5,"href":"https:\/\/dicodusport.fr\/blog\/wp-json\/wp\/v2\/posts\/574719\/revisions"}],"predecessor-version":[{"id":574818,"href":"https:\/\/dicodusport.fr\/blog\/wp-json\/wp\/v2\/posts\/574719\/revisions\/574818"}],"wp:featuredmedia":[{"embeddable":true,"href":"https:\/\/dicodusport.fr\/blog\/wp-json\/wp\/v2\/media\/574848"}],"wp:attachment":[{"href":"https:\/\/dicodusport.fr\/blog\/wp-json\/wp\/v2\/media?parent=574719"}],"wp:term":[{"taxonomy":"category","embeddable":true,"href":"https:\/\/dicodusport.fr\/blog\/wp-json\/wp\/v2\/categories?post=574719"},{"taxonomy":"post_tag","embeddable":true,"href":"https:\/\/dicodusport.fr\/blog\/wp-json\/wp\/v2\/tags?post=574719"}],"curies":[{"name":"wp","href":"https:\/\/api.w.org\/{rel}","templated":true}]}}