{"id":574729,"date":"2025-04-26T16:18:20","date_gmt":"2025-04-26T14:18:20","guid":{"rendered":"https:\/\/dicodusport.fr\/blog\/?p=574729&#038;preview=true&#038;preview_id=574729"},"modified":"2025-04-26T19:00:24","modified_gmt":"2025-04-26T17:00:24","slug":"championnats-deurope-judo-2025-fanny-estelle-posvite-prend-le-bronze-face-a-audrey-tcheumeo","status":"publish","type":"post","link":"https:\/\/dicodusport.fr\/blog\/championnats-deurope-judo-2025-fanny-estelle-posvite-prend-le-bronze-face-a-audrey-tcheumeo\/","title":{"rendered":"Championnats d&rsquo;Europe judo 2025 : Fanny-Estelle Posvite prend le bronze face \u00e0 Audrey Tcheum\u00e9o"},"content":{"rendered":"<h4 style=\"text-align: justify;\"><em>CHAMPIONNATS D&rsquo;EUROPE DE JUDO 2025 &#8211; Face \u00e0 sa compatriote et quintuple championne d&rsquo;Europe Audrey Tcheum\u00e9o, Fanny-Estelle Posvite s\u2019est sortie d\u2019une situation d\u00e9licate en petite finale pour s\u2019emparer de la m\u00e9daille de bronze.<\/em><\/h4>\n<ul style=\"list-style-type: disc; text-align: justify;\">\n<li><strong>\u00c0 ce sujet &#8211; <a href=\"https:\/\/dicodusport.fr\/blog\/tableau-des-medailles-championnats-deurope-judo-2025\/\">Tableau des m\u00e9dailles des Championnats d&rsquo;Europe de judo 2025<\/a><\/strong><\/li>\n<li><strong>\u00c0 ce sujet &#8211; <a href=\"https:\/\/dicodusport.fr\/blog\/programme-et-resultats-championnats-deurope-de-judo-2025\/\">Programme et r\u00e9sultats Championnats d&rsquo;Europe de judo 2025<\/a><\/strong><\/li>\n<\/ul>\n<p style=\"text-align: justify;\">Pour ce dernier jour de comp\u00e9tition en ce qui concerne les \u00e9preuves individuelles, quatre Fran\u00e7aises \u00e9taient engag\u00e9es. \u00c0 commencer par <strong>Fanny-Estelle Posvite<\/strong> et <strong>Audrey Tcheum\u00e9o<\/strong>, toutes deux dans la cat\u00e9gorie des -78 kg.<\/p>\n<p style=\"text-align: justify;\">Au terme de deux parcours l\u00e9g\u00e8rement distincts, aucune n\u2019a r\u00e9ussi \u00e0 rallier la finale, mais elles se sont n\u00e9anmoins retrouv\u00e9es lors du combat pour le bronze. Une nouvelle m\u00e9daille assur\u00e9e pour l\u2019\u00e9quipe de France, mais s\u00fbrement loin des attentes des deux femmes, surtout pour la quintuple championne d\u2019Europe qui go\u00fbte aujourd&rsquo;hui au chocolat.<\/p>\n<h2 style=\"text-align: justify;\">Fanny-Estelle Posvite rafle la petite finale 100% fran\u00e7aise et le bronze<\/h2>\n<p style=\"text-align: justify;\"><strong>Fanny-Estelle Posvite<\/strong> et <strong>Audrey Tcheum\u00e9o<\/strong> ont connu un d\u00e9marrage similaire, sans grosse frayeur, pour rallier les quarts de finale. Mais l\u00e0 o\u00f9 la tenante du titre a compost\u00e9 avec autorit\u00e9 sa place en demies, la premi\u00e8re a d\u00fb jouer les prolongations. Malmen\u00e9e par <strong>Anna Monta Olek<\/strong>, laur\u00e9ate \u00e0 Bakou, la Fran\u00e7aise a \u00e9t\u00e9 sanctionn\u00e9e de deux shido dans le golden score, pour non combattivit\u00e9 puis fausse attaque. D\u00e9j\u00e0 p\u00e9nalis\u00e9e, elle s\u2019est inclin\u00e9e face \u00e0 l\u2019Allemande en quarts, direction les rep\u00eachages.<\/p>\n<blockquote class=\"twitter-tweet\">\n<p dir=\"ltr\" lang=\"fr\">\u2705\ud83c\uddeb\ud83c\uddf7 La demie ? C&rsquo;est ok !<\/p>\n<p>L&rsquo;Ukrainienne Kurchenko n&rsquo;a pas pu r\u00e9sister \u00e0 Audrey Tcheum\u00e9o (-78 kg) qui a combattu lib\u00e9r\u00e9e dans ce deuxi\u00e8me match. Ce qui lui a permis de se qualifier pour les demi-finales sans grande difficult\u00e9. <a href=\"https:\/\/t.co\/o2MvU8Ai1L\">pic.twitter.com\/o2MvU8Ai1L<\/a><\/p>\n<p>\u2014 RMC Sport Combat (@RMCSportCombat) <a href=\"https:\/\/twitter.com\/RMCSportCombat\/status\/1916079379488113079?ref_src=twsrc%5Etfw\">April 26, 2025<\/a><\/p><\/blockquote>\n<p><script async src=\"https:\/\/platform.twitter.com\/widgets.js\" charset=\"utf-8\"><\/script><\/p>\n<p style=\"text-align: justify;\"><strong>Audrey Tcheum\u00e9o<\/strong> a v\u00e9cu la m\u00eame m\u00e9saventure dans le temps r\u00e9glementaire de sa demie contre la Portugaise <strong>Patricia Sampao<\/strong>. Un tripl\u00e9 d\u2019avertissements qui lui a ferm\u00e9 les portes d\u2019un 6<sup>\u00e8me<\/sup> titre continental. Posvite a, de son c\u00f4t\u00e9, vite retrouv\u00e9 des couleurs. Un waza-ari rapidement marqu\u00e9 avant de contrer la Slov\u00e8ne <strong>Metka Lobnik<\/strong> et de rejoindre sa compatriote dans la lutte pour le bronze. En difficult\u00e9 avec deux p\u00e9nalit\u00e9s en sa d\u00e9faveur, Fanny-Estelle Posvite a toutefois surpris Tcheum\u00e9o apr\u00e8s deux minutes de combat sur o-soto-gari. Ippon et troisi\u00e8me r\u00e9compense continentale apr\u00e8s 2016 et 2021 (d\u00e9j\u00e0 en bronze), le chemin jusqu\u2019aux Mondiaux n\u2019est peut-\u00eatre plus tr\u00e8s long.<\/p>\n<blockquote class=\"twitter-tweet\">\n<p dir=\"ltr\" lang=\"fr\">\ud83e\udd49\ud83c\uddeb\ud83c\uddf7 POSVITE GLANE LE BRONZE CONTRE TCHEUMEO !<\/p>\n<p>Fanny-Estelle Posvite (-78 kg) ressort victorieuse de cet affrontement franco-fran\u00e7ais contre Audrey Tcheum\u00e9o apr\u00e8s un ippon bien plac\u00e9. <a href=\"https:\/\/t.co\/FK0iQhHLej\">pic.twitter.com\/FK0iQhHLej<\/a><\/p>\n<p>\u2014 RMC Sport Combat (@RMCSportCombat) <a href=\"https:\/\/twitter.com\/RMCSportCombat\/status\/1916134612780175405?ref_src=twsrc%5Etfw\">April 26, 2025<\/a><\/p><\/blockquote>\n<p><script async src=\"https:\/\/platform.twitter.com\/widgets.js\" charset=\"utf-8\"><\/script><\/p>\n<p style=\"text-align: justify;\">C\u2019est la 9<sup>\u00e8me<\/sup> m\u00e9daille pour l\u2019\u00e9quipe de France dans ces Championnats d\u2019Europe en attendant les combats de <strong>L\u00e9a Fontaine<\/strong> et <strong>Romane Dicko<\/strong> chez les lourdes et l&rsquo;\u00e9preuve par \u00e9quipes demain.<\/p>\n<p style=\"text-align: justify;\">\n","protected":false},"excerpt":{"rendered":"<p>CHAMPIONNATS D&rsquo;EUROPE DE JUDO 2025 &#8211; Face \u00e0 sa compatriote et quintuple championne d&rsquo;Europe Audrey Tcheum\u00e9o, Fanny-Estelle Posvite s\u2019est sortie d\u2019une situation d\u00e9licate en petite finale pour s\u2019emparer de la m\u00e9daille de bronze.<\/p>\n","protected":false},"author":18,"featured_media":574837,"comment_status":"open","ping_status":"closed","sticky":false,"template":"","format":"standard","meta":{"_acf_changed":false,"_daextam_enable_autolinks":"1","footnotes":""},"categories":[8651],"tags":[32415,3143,16878,9361,68],"class_list":["post-574729","post","type-post","status-publish","format-standard","has-post-thumbnail","hentry","category-judo","tag-actu","tag-audrey-tcheumeo","tag-breve","tag-fanny-estelle-posvite","tag-judo"],"acf":[],"yoast_head":"<!-- This site is optimized with the Yoast SEO Premium plugin v26.7 (Yoast SEO v26.7) - https:\/\/yoast.com\/wordpress\/plugins\/seo\/ -->\n<title>Championnats d&#039;Europe judo 2025 : Fanny-Estelle Posvite prend le bronze face \u00e0 Audrey Tcheum\u00e9o<\/title>\n<meta name=\"description\" content=\"CHAMPIONNATS D&#039;EUROPE DE JUDO 2025 - Fanny-Estelle Posvite s\u2019empare de la m\u00e9daille de bronze face \u00e0 Audrey Tcheum\u00e9o.\" \/>\n<meta name=\"robots\" content=\"index, follow, max-snippet:-1, max-image-preview:large, max-video-preview:-1\" \/>\n<link rel=\"canonical\" href=\"https:\/\/dicodusport.fr\/blog\/championnats-deurope-judo-2025-fanny-estelle-posvite-prend-le-bronze-face-a-audrey-tcheumeo\/\" \/>\n<meta property=\"og:locale\" content=\"fr_FR\" \/>\n<meta property=\"og:type\" content=\"article\" \/>\n<meta property=\"og:title\" content=\"Championnats d&#039;Europe judo 2025 : Fanny-Estelle Posvite prend le bronze face \u00e0 Audrey Tcheum\u00e9o\" \/>\n<meta property=\"og:description\" content=\"CHAMPIONNATS D&#039;EUROPE DE JUDO 2025 - Fanny-Estelle Posvite s\u2019empare de la m\u00e9daille de bronze face \u00e0 Audrey Tcheum\u00e9o.\" \/>\n<meta property=\"og:url\" content=\"https:\/\/dicodusport.fr\/blog\/championnats-deurope-judo-2025-fanny-estelle-posvite-prend-le-bronze-face-a-audrey-tcheumeo\/\" \/>\n<meta property=\"og:site_name\" content=\"Dicodusport\" \/>\n<meta property=\"article:publisher\" content=\"https:\/\/www.facebook.com\/dicodusport\" \/>\n<meta property=\"article:author\" content=\"https:\/\/www.facebook.com\/soocube\" \/>\n<meta property=\"article:published_time\" content=\"2025-04-26T14:18:20+00:00\" \/>\n<meta property=\"article:modified_time\" content=\"2025-04-26T17:00:24+00:00\" \/>\n<meta property=\"og:image\" content=\"https:\/\/dicodusport.fr\/blog\/wp-content\/uploads\/2025\/04\/Championnats-dEurope-judo-2025-Fanny-Estelle-Posvite-prend-le-bronze-face-a-Audrey-Tcheumeo-1.png\" \/>\n\t<meta property=\"og:image:width\" content=\"1200\" \/>\n\t<meta property=\"og:image:height\" content=\"674\" \/>\n\t<meta property=\"og:image:type\" content=\"image\/png\" \/>\n<meta name=\"author\" content=\"Sophie Clapier\" \/>\n<meta name=\"twitter:card\" content=\"summary_large_image\" \/>\n<meta name=\"twitter:title\" content=\"Championnats d&#039;Europe judo 2025 : Fanny-Estelle Posvite prend le bronze face \u00e0 Audrey Tcheum\u00e9o\" \/>\n<meta name=\"twitter:creator\" content=\"@https:\/\/twitter.com\/soocube\" \/>\n<meta name=\"twitter:site\" content=\"@dicodusport\" \/>\n<script type=\"application\/ld+json\" class=\"yoast-schema-graph\">{\"@context\":\"https:\/\/schema.org\",\"@graph\":[{\"@type\":\"NewsArticle\",\"@id\":\"https:\/\/dicodusport.fr\/blog\/championnats-deurope-judo-2025-fanny-estelle-posvite-prend-le-bronze-face-a-audrey-tcheumeo\/#article\",\"isPartOf\":{\"@id\":\"https:\/\/dicodusport.fr\/blog\/championnats-deurope-judo-2025-fanny-estelle-posvite-prend-le-bronze-face-a-audrey-tcheumeo\/\"},\"author\":{\"name\":\"Sophie Clapier\",\"@id\":\"https:\/\/dicodusport.fr\/blog\/#\/schema\/person\/416c975648aca9da8839bdfe333a21c9\"},\"headline\":\"Championnats d&rsquo;Europe judo 2025 : Fanny-Estelle Posvite prend le bronze face \u00e0 Audrey Tcheum\u00e9o\",\"datePublished\":\"2025-04-26T14:18:20+00:00\",\"dateModified\":\"2025-04-26T17:00:24+00:00\",\"mainEntityOfPage\":{\"@id\":\"https:\/\/dicodusport.fr\/blog\/championnats-deurope-judo-2025-fanny-estelle-posvite-prend-le-bronze-face-a-audrey-tcheumeo\/\"},\"wordCount\":536,\"commentCount\":0,\"publisher\":{\"@id\":\"https:\/\/dicodusport.fr\/blog\/#organization\"},\"image\":{\"@id\":\"https:\/\/dicodusport.fr\/blog\/championnats-deurope-judo-2025-fanny-estelle-posvite-prend-le-bronze-face-a-audrey-tcheumeo\/#primaryimage\"},\"thumbnailUrl\":\"https:\/\/dicodusport.fr\/blog\/wp-content\/uploads\/2025\/04\/Championnats-dEurope-judo-2025-Fanny-Estelle-Posvite-prend-le-bronze-face-a-Audrey-Tcheumeo-1.png\",\"keywords\":[\"actu\",\"Audrey Tcheum\u00e9o\",\"br\u00e8ve\",\"Fanny-Estelle Posvite\",\"Judo\"],\"articleSection\":[\"Judo\"],\"inLanguage\":\"fr-FR\",\"potentialAction\":[{\"@type\":\"CommentAction\",\"name\":\"Comment\",\"target\":[\"https:\/\/dicodusport.fr\/blog\/championnats-deurope-judo-2025-fanny-estelle-posvite-prend-le-bronze-face-a-audrey-tcheumeo\/#respond\"]}],\"copyrightYear\":\"2025\",\"copyrightHolder\":{\"@id\":\"https:\/\/dicodusport.fr\/blog\/#organization\"}},{\"@type\":\"WebPage\",\"@id\":\"https:\/\/dicodusport.fr\/blog\/championnats-deurope-judo-2025-fanny-estelle-posvite-prend-le-bronze-face-a-audrey-tcheumeo\/\",\"url\":\"https:\/\/dicodusport.fr\/blog\/championnats-deurope-judo-2025-fanny-estelle-posvite-prend-le-bronze-face-a-audrey-tcheumeo\/\",\"name\":\"Championnats d'Europe judo 2025 : Fanny-Estelle Posvite prend le bronze face \u00e0 Audrey Tcheum\u00e9o\",\"isPartOf\":{\"@id\":\"https:\/\/dicodusport.fr\/blog\/#website\"},\"primaryImageOfPage\":{\"@id\":\"https:\/\/dicodusport.fr\/blog\/championnats-deurope-judo-2025-fanny-estelle-posvite-prend-le-bronze-face-a-audrey-tcheumeo\/#primaryimage\"},\"image\":{\"@id\":\"https:\/\/dicodusport.fr\/blog\/championnats-deurope-judo-2025-fanny-estelle-posvite-prend-le-bronze-face-a-audrey-tcheumeo\/#primaryimage\"},\"thumbnailUrl\":\"https:\/\/dicodusport.fr\/blog\/wp-content\/uploads\/2025\/04\/Championnats-dEurope-judo-2025-Fanny-Estelle-Posvite-prend-le-bronze-face-a-Audrey-Tcheumeo-1.png\",\"datePublished\":\"2025-04-26T14:18:20+00:00\",\"dateModified\":\"2025-04-26T17:00:24+00:00\",\"description\":\"CHAMPIONNATS D'EUROPE DE JUDO 2025 - Fanny-Estelle Posvite s\u2019empare de la m\u00e9daille de bronze face \u00e0 Audrey Tcheum\u00e9o.\",\"breadcrumb\":{\"@id\":\"https:\/\/dicodusport.fr\/blog\/championnats-deurope-judo-2025-fanny-estelle-posvite-prend-le-bronze-face-a-audrey-tcheumeo\/#breadcrumb\"},\"inLanguage\":\"fr-FR\",\"potentialAction\":[{\"@type\":\"ReadAction\",\"target\":[\"https:\/\/dicodusport.fr\/blog\/championnats-deurope-judo-2025-fanny-estelle-posvite-prend-le-bronze-face-a-audrey-tcheumeo\/\"]}]},{\"@type\":\"ImageObject\",\"inLanguage\":\"fr-FR\",\"@id\":\"https:\/\/dicodusport.fr\/blog\/championnats-deurope-judo-2025-fanny-estelle-posvite-prend-le-bronze-face-a-audrey-tcheumeo\/#primaryimage\",\"url\":\"https:\/\/dicodusport.fr\/blog\/wp-content\/uploads\/2025\/04\/Championnats-dEurope-judo-2025-Fanny-Estelle-Posvite-prend-le-bronze-face-a-Audrey-Tcheumeo-1.png\",\"contentUrl\":\"https:\/\/dicodusport.fr\/blog\/wp-content\/uploads\/2025\/04\/Championnats-dEurope-judo-2025-Fanny-Estelle-Posvite-prend-le-bronze-face-a-Audrey-Tcheumeo-1.png\",\"width\":1200,\"height\":674,\"caption\":\"Championnats d'Europe judo 2025 Fanny-Estelle Posvite prend le bronze face \u00e0 Audrey Tcheum\u00e9o\"},{\"@type\":\"BreadcrumbList\",\"@id\":\"https:\/\/dicodusport.fr\/blog\/championnats-deurope-judo-2025-fanny-estelle-posvite-prend-le-bronze-face-a-audrey-tcheumeo\/#breadcrumb\",\"itemListElement\":[{\"@type\":\"ListItem\",\"position\":1,\"name\":\"Accueil\",\"item\":\"https:\/\/dicodusport.fr\/blog\/\"},{\"@type\":\"ListItem\",\"position\":2,\"name\":\"Championnats d&rsquo;Europe judo 2025 : Fanny-Estelle Posvite prend le bronze face \u00e0 Audrey Tcheum\u00e9o\"}]},{\"@type\":\"WebSite\",\"@id\":\"https:\/\/dicodusport.fr\/blog\/#website\",\"url\":\"https:\/\/dicodusport.fr\/blog\/\",\"name\":\"Dicodusport\",\"description\":\"L&#039;encyclop\u00e9die de l&#039;actualit\u00e9 sportive\",\"publisher\":{\"@id\":\"https:\/\/dicodusport.fr\/blog\/#organization\"},\"potentialAction\":[{\"@type\":\"SearchAction\",\"target\":{\"@type\":\"EntryPoint\",\"urlTemplate\":\"https:\/\/dicodusport.fr\/blog\/?s={search_term_string}\"},\"query-input\":{\"@type\":\"PropertyValueSpecification\",\"valueRequired\":true,\"valueName\":\"search_term_string\"}}],\"inLanguage\":\"fr-FR\"},{\"@type\":\"NewsMediaOrganization\",\"@id\":\"https:\/\/dicodusport.fr\/blog\/#organization\",\"name\":\"Dicodusport\",\"url\":\"https:\/\/dicodusport.fr\/blog\/\",\"logo\":{\"@type\":\"ImageObject\",\"inLanguage\":\"fr-FR\",\"@id\":\"https:\/\/dicodusport.fr\/blog\/#\/schema\/logo\/image\/\",\"url\":\"https:\/\/dicodusport.fr\/blog\/wp-content\/uploads\/2020\/06\/cropped-LOGO-DICODUSPORT-2020-SANS-FOND-SANS-TEXTE.png\",\"contentUrl\":\"https:\/\/dicodusport.fr\/blog\/wp-content\/uploads\/2020\/06\/cropped-LOGO-DICODUSPORT-2020-SANS-FOND-SANS-TEXTE.png\",\"width\":512,\"height\":512,\"caption\":\"Dicodusport\"},\"image\":{\"@id\":\"https:\/\/dicodusport.fr\/blog\/#\/schema\/logo\/image\/\"},\"sameAs\":[\"https:\/\/www.facebook.com\/dicodusport\",\"https:\/\/x.com\/dicodusport\",\"https:\/\/www.instagram.com\/dicodusport\/\",\"https:\/\/www.youtube.com\/channel\/UC7V2KZ5sd3htJivAbA4ZG3w\"],\"description\":\"Dicodusport est l'encyclop\u00e9die de l'actualit\u00e9 sportive.\",\"email\":\"bonjour@dicodusport.fr\",\"legalName\":\"DICODUSPORT\",\"foundingDate\":\"2018-01-14\",\"vatID\":\"FR71834470973\",\"taxID\":\"83447097300043\",\"numberOfEmployees\":{\"@type\":\"QuantitativeValue\",\"minValue\":\"1\",\"maxValue\":\"10\"}},{\"@type\":\"Person\",\"@id\":\"https:\/\/dicodusport.fr\/blog\/#\/schema\/person\/416c975648aca9da8839bdfe333a21c9\",\"name\":\"Sophie Clapier\",\"image\":{\"@type\":\"ImageObject\",\"inLanguage\":\"fr-FR\",\"@id\":\"https:\/\/dicodusport.fr\/blog\/#\/schema\/person\/image\/\",\"url\":\"https:\/\/dicodusport.fr\/blog\/wp-content\/uploads\/2021\/05\/Sophie-Clapier-150x150.jpg\",\"contentUrl\":\"https:\/\/dicodusport.fr\/blog\/wp-content\/uploads\/2021\/05\/Sophie-Clapier-150x150.jpg\",\"caption\":\"Sophie Clapier\"},\"description\":\"Journaliste\/r\u00e9dactrice depuis janvier 2016 - Passionn\u00e9e de sport depuis toujours, j\u2019en ai pratiqu\u00e9 quelques-uns. Judo, football, handball ou encore tennis, je n\u2019ai jamais pu me mettre d\u2019accord sur un en particulier. Mais \u00e7a, c\u2019\u00e9tait avant de d\u00e9couvrir le basket, devenu mon sport de pr\u00e9dilection. Les actions NBA, le All-Star Week-end, la fureur des Game 7 pendant les playoffs ou mieux, lors des Finals, this is why we play. Team Spurs T.P, je m\u2019accroche encore \u00e0 Gregg Popovich (don\u2019t leave !). Team chef Curry, je souhaite qu\u2019il finisse aux Warriors (staaaay !). Non, il n\u2019y a pas qu\u2019eux, des petits nouveaux -et des petites nouvelles \u00e9videmment- arrivent chaque jour dans toutes les disciplines et cr\u00e9ent de nouveaux exploits. Alors pour les grands \u00e9v\u00e9nements et comp\u00e9titions internationales, vive les pulsations 240\/minutes et le d\u00e9fibrillateur pas loin, et allez les Bleu(e)s ! C\u2019est s\u00fbr, j\u2019aurai plus vu ma vie sur un terrain de sport, mais \u00e0 d\u00e9faut d\u2019en faire en haut niveau, je le partage avec vous.\",\"sameAs\":[\"https:\/\/www.facebook.com\/soocube\",\"https:\/\/x.com\/https:\/\/twitter.com\/soocube\",\"admin\"],\"url\":\"https:\/\/dicodusport.fr\/blog\/author\/sophie\/\"}]}<\/script>\n<!-- \/ Yoast SEO Premium plugin. -->","yoast_head_json":{"title":"Championnats d'Europe judo 2025 : Fanny-Estelle Posvite prend le bronze face \u00e0 Audrey Tcheum\u00e9o","description":"CHAMPIONNATS D'EUROPE DE JUDO 2025 - Fanny-Estelle Posvite s\u2019empare de la m\u00e9daille de bronze face \u00e0 Audrey Tcheum\u00e9o.","robots":{"index":"index","follow":"follow","max-snippet":"max-snippet:-1","max-image-preview":"max-image-preview:large","max-video-preview":"max-video-preview:-1"},"canonical":"https:\/\/dicodusport.fr\/blog\/championnats-deurope-judo-2025-fanny-estelle-posvite-prend-le-bronze-face-a-audrey-tcheumeo\/","og_locale":"fr_FR","og_type":"article","og_title":"Championnats d'Europe judo 2025 : Fanny-Estelle Posvite prend le bronze face \u00e0 Audrey Tcheum\u00e9o","og_description":"CHAMPIONNATS D'EUROPE DE JUDO 2025 - Fanny-Estelle Posvite s\u2019empare de la m\u00e9daille de bronze face \u00e0 Audrey Tcheum\u00e9o.","og_url":"https:\/\/dicodusport.fr\/blog\/championnats-deurope-judo-2025-fanny-estelle-posvite-prend-le-bronze-face-a-audrey-tcheumeo\/","og_site_name":"Dicodusport","article_publisher":"https:\/\/www.facebook.com\/dicodusport","article_author":"https:\/\/www.facebook.com\/soocube","article_published_time":"2025-04-26T14:18:20+00:00","article_modified_time":"2025-04-26T17:00:24+00:00","og_image":[{"width":1200,"height":674,"url":"https:\/\/dicodusport.fr\/blog\/wp-content\/uploads\/2025\/04\/Championnats-dEurope-judo-2025-Fanny-Estelle-Posvite-prend-le-bronze-face-a-Audrey-Tcheumeo-1.png","type":"image\/png"}],"author":"Sophie Clapier","twitter_card":"summary_large_image","twitter_title":"Championnats d'Europe judo 2025 : Fanny-Estelle Posvite prend le bronze face \u00e0 Audrey Tcheum\u00e9o","twitter_creator":"@https:\/\/twitter.com\/soocube","twitter_site":"@dicodusport","schema":{"@context":"https:\/\/schema.org","@graph":[{"@type":"NewsArticle","@id":"https:\/\/dicodusport.fr\/blog\/championnats-deurope-judo-2025-fanny-estelle-posvite-prend-le-bronze-face-a-audrey-tcheumeo\/#article","isPartOf":{"@id":"https:\/\/dicodusport.fr\/blog\/championnats-deurope-judo-2025-fanny-estelle-posvite-prend-le-bronze-face-a-audrey-tcheumeo\/"},"author":{"name":"Sophie Clapier","@id":"https:\/\/dicodusport.fr\/blog\/#\/schema\/person\/416c975648aca9da8839bdfe333a21c9"},"headline":"Championnats d&rsquo;Europe judo 2025 : Fanny-Estelle Posvite prend le bronze face \u00e0 Audrey Tcheum\u00e9o","datePublished":"2025-04-26T14:18:20+00:00","dateModified":"2025-04-26T17:00:24+00:00","mainEntityOfPage":{"@id":"https:\/\/dicodusport.fr\/blog\/championnats-deurope-judo-2025-fanny-estelle-posvite-prend-le-bronze-face-a-audrey-tcheumeo\/"},"wordCount":536,"commentCount":0,"publisher":{"@id":"https:\/\/dicodusport.fr\/blog\/#organization"},"image":{"@id":"https:\/\/dicodusport.fr\/blog\/championnats-deurope-judo-2025-fanny-estelle-posvite-prend-le-bronze-face-a-audrey-tcheumeo\/#primaryimage"},"thumbnailUrl":"https:\/\/dicodusport.fr\/blog\/wp-content\/uploads\/2025\/04\/Championnats-dEurope-judo-2025-Fanny-Estelle-Posvite-prend-le-bronze-face-a-Audrey-Tcheumeo-1.png","keywords":["actu","Audrey Tcheum\u00e9o","br\u00e8ve","Fanny-Estelle Posvite","Judo"],"articleSection":["Judo"],"inLanguage":"fr-FR","potentialAction":[{"@type":"CommentAction","name":"Comment","target":["https:\/\/dicodusport.fr\/blog\/championnats-deurope-judo-2025-fanny-estelle-posvite-prend-le-bronze-face-a-audrey-tcheumeo\/#respond"]}],"copyrightYear":"2025","copyrightHolder":{"@id":"https:\/\/dicodusport.fr\/blog\/#organization"}},{"@type":"WebPage","@id":"https:\/\/dicodusport.fr\/blog\/championnats-deurope-judo-2025-fanny-estelle-posvite-prend-le-bronze-face-a-audrey-tcheumeo\/","url":"https:\/\/dicodusport.fr\/blog\/championnats-deurope-judo-2025-fanny-estelle-posvite-prend-le-bronze-face-a-audrey-tcheumeo\/","name":"Championnats d'Europe judo 2025 : Fanny-Estelle Posvite prend le bronze face \u00e0 Audrey Tcheum\u00e9o","isPartOf":{"@id":"https:\/\/dicodusport.fr\/blog\/#website"},"primaryImageOfPage":{"@id":"https:\/\/dicodusport.fr\/blog\/championnats-deurope-judo-2025-fanny-estelle-posvite-prend-le-bronze-face-a-audrey-tcheumeo\/#primaryimage"},"image":{"@id":"https:\/\/dicodusport.fr\/blog\/championnats-deurope-judo-2025-fanny-estelle-posvite-prend-le-bronze-face-a-audrey-tcheumeo\/#primaryimage"},"thumbnailUrl":"https:\/\/dicodusport.fr\/blog\/wp-content\/uploads\/2025\/04\/Championnats-dEurope-judo-2025-Fanny-Estelle-Posvite-prend-le-bronze-face-a-Audrey-Tcheumeo-1.png","datePublished":"2025-04-26T14:18:20+00:00","dateModified":"2025-04-26T17:00:24+00:00","description":"CHAMPIONNATS D'EUROPE DE JUDO 2025 - Fanny-Estelle Posvite s\u2019empare de la m\u00e9daille de bronze face \u00e0 Audrey Tcheum\u00e9o.","breadcrumb":{"@id":"https:\/\/dicodusport.fr\/blog\/championnats-deurope-judo-2025-fanny-estelle-posvite-prend-le-bronze-face-a-audrey-tcheumeo\/#breadcrumb"},"inLanguage":"fr-FR","potentialAction":[{"@type":"ReadAction","target":["https:\/\/dicodusport.fr\/blog\/championnats-deurope-judo-2025-fanny-estelle-posvite-prend-le-bronze-face-a-audrey-tcheumeo\/"]}]},{"@type":"ImageObject","inLanguage":"fr-FR","@id":"https:\/\/dicodusport.fr\/blog\/championnats-deurope-judo-2025-fanny-estelle-posvite-prend-le-bronze-face-a-audrey-tcheumeo\/#primaryimage","url":"https:\/\/dicodusport.fr\/blog\/wp-content\/uploads\/2025\/04\/Championnats-dEurope-judo-2025-Fanny-Estelle-Posvite-prend-le-bronze-face-a-Audrey-Tcheumeo-1.png","contentUrl":"https:\/\/dicodusport.fr\/blog\/wp-content\/uploads\/2025\/04\/Championnats-dEurope-judo-2025-Fanny-Estelle-Posvite-prend-le-bronze-face-a-Audrey-Tcheumeo-1.png","width":1200,"height":674,"caption":"Championnats d'Europe judo 2025 Fanny-Estelle Posvite prend le bronze face \u00e0 Audrey Tcheum\u00e9o"},{"@type":"BreadcrumbList","@id":"https:\/\/dicodusport.fr\/blog\/championnats-deurope-judo-2025-fanny-estelle-posvite-prend-le-bronze-face-a-audrey-tcheumeo\/#breadcrumb","itemListElement":[{"@type":"ListItem","position":1,"name":"Accueil","item":"https:\/\/dicodusport.fr\/blog\/"},{"@type":"ListItem","position":2,"name":"Championnats d&rsquo;Europe judo 2025 : Fanny-Estelle Posvite prend le bronze face \u00e0 Audrey Tcheum\u00e9o"}]},{"@type":"WebSite","@id":"https:\/\/dicodusport.fr\/blog\/#website","url":"https:\/\/dicodusport.fr\/blog\/","name":"Dicodusport","description":"L&#039;encyclop\u00e9die de l&#039;actualit\u00e9 sportive","publisher":{"@id":"https:\/\/dicodusport.fr\/blog\/#organization"},"potentialAction":[{"@type":"SearchAction","target":{"@type":"EntryPoint","urlTemplate":"https:\/\/dicodusport.fr\/blog\/?s={search_term_string}"},"query-input":{"@type":"PropertyValueSpecification","valueRequired":true,"valueName":"search_term_string"}}],"inLanguage":"fr-FR"},{"@type":"NewsMediaOrganization","@id":"https:\/\/dicodusport.fr\/blog\/#organization","name":"Dicodusport","url":"https:\/\/dicodusport.fr\/blog\/","logo":{"@type":"ImageObject","inLanguage":"fr-FR","@id":"https:\/\/dicodusport.fr\/blog\/#\/schema\/logo\/image\/","url":"https:\/\/dicodusport.fr\/blog\/wp-content\/uploads\/2020\/06\/cropped-LOGO-DICODUSPORT-2020-SANS-FOND-SANS-TEXTE.png","contentUrl":"https:\/\/dicodusport.fr\/blog\/wp-content\/uploads\/2020\/06\/cropped-LOGO-DICODUSPORT-2020-SANS-FOND-SANS-TEXTE.png","width":512,"height":512,"caption":"Dicodusport"},"image":{"@id":"https:\/\/dicodusport.fr\/blog\/#\/schema\/logo\/image\/"},"sameAs":["https:\/\/www.facebook.com\/dicodusport","https:\/\/x.com\/dicodusport","https:\/\/www.instagram.com\/dicodusport\/","https:\/\/www.youtube.com\/channel\/UC7V2KZ5sd3htJivAbA4ZG3w"],"description":"Dicodusport est l'encyclop\u00e9die de l'actualit\u00e9 sportive.","email":"bonjour@dicodusport.fr","legalName":"DICODUSPORT","foundingDate":"2018-01-14","vatID":"FR71834470973","taxID":"83447097300043","numberOfEmployees":{"@type":"QuantitativeValue","minValue":"1","maxValue":"10"}},{"@type":"Person","@id":"https:\/\/dicodusport.fr\/blog\/#\/schema\/person\/416c975648aca9da8839bdfe333a21c9","name":"Sophie Clapier","image":{"@type":"ImageObject","inLanguage":"fr-FR","@id":"https:\/\/dicodusport.fr\/blog\/#\/schema\/person\/image\/","url":"https:\/\/dicodusport.fr\/blog\/wp-content\/uploads\/2021\/05\/Sophie-Clapier-150x150.jpg","contentUrl":"https:\/\/dicodusport.fr\/blog\/wp-content\/uploads\/2021\/05\/Sophie-Clapier-150x150.jpg","caption":"Sophie Clapier"},"description":"Journaliste\/r\u00e9dactrice depuis janvier 2016 - Passionn\u00e9e de sport depuis toujours, j\u2019en ai pratiqu\u00e9 quelques-uns. Judo, football, handball ou encore tennis, je n\u2019ai jamais pu me mettre d\u2019accord sur un en particulier. Mais \u00e7a, c\u2019\u00e9tait avant de d\u00e9couvrir le basket, devenu mon sport de pr\u00e9dilection. Les actions NBA, le All-Star Week-end, la fureur des Game 7 pendant les playoffs ou mieux, lors des Finals, this is why we play. Team Spurs T.P, je m\u2019accroche encore \u00e0 Gregg Popovich (don\u2019t leave !). Team chef Curry, je souhaite qu\u2019il finisse aux Warriors (staaaay !). Non, il n\u2019y a pas qu\u2019eux, des petits nouveaux -et des petites nouvelles \u00e9videmment- arrivent chaque jour dans toutes les disciplines et cr\u00e9ent de nouveaux exploits. Alors pour les grands \u00e9v\u00e9nements et comp\u00e9titions internationales, vive les pulsations 240\/minutes et le d\u00e9fibrillateur pas loin, et allez les Bleu(e)s ! C\u2019est s\u00fbr, j\u2019aurai plus vu ma vie sur un terrain de sport, mais \u00e0 d\u00e9faut d\u2019en faire en haut niveau, je le partage avec vous.","sameAs":["https:\/\/www.facebook.com\/soocube","https:\/\/x.com\/https:\/\/twitter.com\/soocube","admin"],"url":"https:\/\/dicodusport.fr\/blog\/author\/sophie\/"}]}},"_links":{"self":[{"href":"https:\/\/dicodusport.fr\/blog\/wp-json\/wp\/v2\/posts\/574729","targetHints":{"allow":["GET"]}}],"collection":[{"href":"https:\/\/dicodusport.fr\/blog\/wp-json\/wp\/v2\/posts"}],"about":[{"href":"https:\/\/dicodusport.fr\/blog\/wp-json\/wp\/v2\/types\/post"}],"author":[{"embeddable":true,"href":"https:\/\/dicodusport.fr\/blog\/wp-json\/wp\/v2\/users\/18"}],"replies":[{"embeddable":true,"href":"https:\/\/dicodusport.fr\/blog\/wp-json\/wp\/v2\/comments?post=574729"}],"version-history":[{"count":5,"href":"https:\/\/dicodusport.fr\/blog\/wp-json\/wp\/v2\/posts\/574729\/revisions"}],"predecessor-version":[{"id":574777,"href":"https:\/\/dicodusport.fr\/blog\/wp-json\/wp\/v2\/posts\/574729\/revisions\/574777"}],"wp:featuredmedia":[{"embeddable":true,"href":"https:\/\/dicodusport.fr\/blog\/wp-json\/wp\/v2\/media\/574837"}],"wp:attachment":[{"href":"https:\/\/dicodusport.fr\/blog\/wp-json\/wp\/v2\/media?parent=574729"}],"wp:term":[{"taxonomy":"category","embeddable":true,"href":"https:\/\/dicodusport.fr\/blog\/wp-json\/wp\/v2\/categories?post=574729"},{"taxonomy":"post_tag","embeddable":true,"href":"https:\/\/dicodusport.fr\/blog\/wp-json\/wp\/v2\/tags?post=574729"}],"curies":[{"name":"wp","href":"https:\/\/api.w.org\/{rel}","templated":true}]}}