{"id":574938,"date":"2025-04-27T11:15:41","date_gmt":"2025-04-27T09:15:41","guid":{"rendered":"https:\/\/dicodusport.fr\/blog\/?p=574938&#038;preview=true&#038;preview_id=574938"},"modified":"2025-04-27T11:26:04","modified_gmt":"2025-04-27T09:26:04","slug":"duathlon-emile-blondel-hermant-champion-deurope-du-sprint","status":"publish","type":"post","link":"https:\/\/dicodusport.fr\/blog\/duathlon-emile-blondel-hermant-champion-deurope-du-sprint\/","title":{"rendered":"Duathlon : \u00c9mile Blondel-Hermant champion d&rsquo;Europe du sprint"},"content":{"rendered":"<h4 style=\"text-align: justify;\"><em>CHAMPIONNATS D&rsquo;EUROPE DE DUATHLON 2025 &#8211; Huit mois apr\u00e8s son titre mondial sur longue distance, \u00c9mile Blondel-Hermant s\u2019offre l\u2019or sur le sprint continental. Il est accompagn\u00e9 sur le podium par son compatriote Benjamin Choquert, 3<sup>\u00e8me<\/sup> derri\u00e8re l&rsquo;Italien Davide Menichelli.<\/em><\/h4>\n<p style=\"text-align: justify;\">L\u2019\u00e9quipe de France de duathlon a fait sa rentr\u00e9e internationale ce samedi \u00e0 Rumia directement dans le grand bain avec les Championnats d\u2019Europe. Une reprise marqu\u00e9e par le titre continental du sprint pour <strong>\u00c9mile Blondel-Hermant<\/strong>, quelques mois apr\u00e8s sa couronne mondiale sur longue distance.<\/p>\n<div class=\"vlp-link-container vlp-layout-article\"><a href=\"https:\/\/dicodusport.fr\/blog\/duathlon-emile-blondel-hermant-couronne-champion-du-monde-en-longue-distance\/\" class=\"vlp-link\" title=\"Duathlon : \u00c9mile Blondel-Hermant couronn\u00e9 champion du monde en longue distance\"><\/a><div class=\"vlp-layout-zone-side\"><div class=\"vlp-block-4 vlp-link-image\"><img loading=\"lazy\" decoding=\"async\" style=\"max-width: 792px;\" width=\"792\" height=\"445\" src=\"https:\/\/dicodusport.fr\/blog\/wp-content\/uploads\/2024\/09\/Duathlon-Emile-Blondel-Hermant-couronne-champion-du-monde-en-longue-distance.png\" class=\"attachment-800x445 size-800x445\" alt=\"Duathlon Emile Blondel-Hermant couronn\u00e9 champion du monde en longue distance\" srcset=\"https:\/\/dicodusport.fr\/blog\/wp-content\/uploads\/2024\/09\/Duathlon-Emile-Blondel-Hermant-couronne-champion-du-monde-en-longue-distance.png 1200w, https:\/\/dicodusport.fr\/blog\/wp-content\/uploads\/2024\/09\/Duathlon-Emile-Blondel-Hermant-couronne-champion-du-monde-en-longue-distance-300x169.png 300w, https:\/\/dicodusport.fr\/blog\/wp-content\/uploads\/2024\/09\/Duathlon-Emile-Blondel-Hermant-couronne-champion-du-monde-en-longue-distance-1024x575.png 1024w, https:\/\/dicodusport.fr\/blog\/wp-content\/uploads\/2024\/09\/Duathlon-Emile-Blondel-Hermant-couronne-champion-du-monde-en-longue-distance-768x431.png 768w\" sizes=\"auto, (max-width: 792px) 100vw, 792px\" \/><\/div><\/div><div class=\"vlp-layout-zone-main\"><div class=\"vlp-block-0 vlp-link-title\">Duathlon : \u00c9mile Blondel-Hermant couronn\u00e9 champion du monde en longue distance<\/div><div class=\"vlp-block-1 vlp-link-summary\">DUATHLON - Dimanche, Emile Blondel-Hermant a remport\u00e9 le titre de champion du monde en longue distance, en s'imposant \u00e0 Zofingue (Suisse) en moins de six heures.<\/div><div class=\"vlp-block-2 vlp-link-button\">Lire l'article<\/div><div class=\"vlp-block-3 vlp-link-url\">dicodusport.fr<\/div><\/div><\/div>\n<h2 style=\"text-align: justify;\">Blondel-Hermant sur le toit de l&rsquo;Europe<\/h2>\n<p style=\"text-align: justify;\">Sous le froid polonais, le tenant du titre <strong>Arnaud Dely<\/strong> a d\u2019abord pris les commandes sur les cinq premiers kilom\u00e8tres de course. Au contact du Britannique <strong>Mack Downey<\/strong>, les deux hommes ont peu \u00e0 peu perdu leur avance, supplant\u00e9s \u00e0 v\u00e9lo par <strong>Davide Menichelli<\/strong> et une triplette de Fran\u00e7ais dont le futur champion d\u2019Europe. D\u00e9j\u00e0 champion du monde longue distance,<strong> \u00c9mile Blondel-Hermant<\/strong> s\u2019est engag\u00e9 au coude \u00e0 coude avec l\u2019Italien pour les 2.5 derniers kilom\u00e8tres \u00e0 pied. Menichelli n\u2019a pas \u00e9t\u00e9 en mesure de suivre le rythme impos\u00e9 par le Fran\u00e7ais, qui efface la d\u00e9ception de l\u2019an pass\u00e9 pour transformer le chocolat en or.<\/p>\n<p style=\"text-align: justify;\">Quadruple champion d\u2019Europe, <strong>Benjamin Choquert<\/strong> n\u2019a pas r\u00e9ussi son pari d\u2019un 5<sup>\u00e8me<\/sup> titre continental mais il monte toutefois sur la troisi\u00e8me marche du podium apr\u00e8s un gros finish face \u00e0 son compatriote <strong>Thomas Laurent<\/strong>. Une seule seconde s\u00e9pare les deux Fran\u00e7ais \u00e0 l\u2019arriv\u00e9e.<\/p>\n<p style=\"text-align: justify;\">Chez les femmes, en l\u2019absence de <strong>Marion Legrand<\/strong>, sacr\u00e9e l\u2019an dernier sur courte distance, c\u2019est l\u2019Espagnole Maria Varo qui s\u2019installe en pole position devant un tir group\u00e9 italien (2-3-4-5). Trois Fran\u00e7aises, <strong>Emma Wasser<\/strong> (6<sup>\u00e8me<\/sup>), <strong>Meghan Bazire<\/strong> (7<sup>\u00e8me<\/sup>) et <strong>Camille Laurent<\/strong> (8<sup>\u00e8me<\/sup>), prennent place dans le top 10 tandis que <strong>Fiona Cornet<\/strong> suit derri\u00e8re \u00e0 la 11<sup>\u00e8me<\/sup> place.<\/p>\n","protected":false},"excerpt":{"rendered":"<p>CHAMPIONNATS D&rsquo;EUROPE DE DUATHLON 2025 &#8211; Huit mois apr\u00e8s son titre mondial sur longue distance, \u00c9mile Blondel-Hermant s\u2019offre l\u2019or sur le sprint continenal. Il est accompagn\u00e9 sur le podium par son compatriote Benjamin Choquert, 3\u00e8me derri\u00e8re l&rsquo;Italien Davide Menichelli.<\/p>\n","protected":false},"author":18,"featured_media":519352,"comment_status":"open","ping_status":"closed","sticky":false,"template":"","format":"standard","meta":{"_acf_changed":false,"_daextam_enable_autolinks":"1","footnotes":""},"categories":[26722],"tags":[16878,20281],"class_list":["post-574938","post","type-post","status-publish","format-standard","has-post-thumbnail","hentry","category-duathlon","tag-breve","tag-duathlon"],"acf":[],"yoast_head":"<!-- This site is optimized with the Yoast SEO Premium plugin v26.7 (Yoast SEO v26.7) - https:\/\/yoast.com\/wordpress\/plugins\/seo\/ -->\n<title>Duathlon : \u00c9mile Blondel-Hermant champion d&#039;Europe du sprint<\/title>\n<meta name=\"description\" content=\"DUATHLON - Huit mois apr\u00e8s son titre mondial sur longue distance, \u00c9mile Blondel-Hermant s\u2019offre l\u2019or sur le sprint continenal.\" \/>\n<meta name=\"robots\" content=\"index, follow, max-snippet:-1, max-image-preview:large, max-video-preview:-1\" \/>\n<link rel=\"canonical\" href=\"https:\/\/dicodusport.fr\/blog\/duathlon-emile-blondel-hermant-champion-deurope-du-sprint\/\" \/>\n<meta property=\"og:locale\" content=\"fr_FR\" \/>\n<meta property=\"og:type\" content=\"article\" \/>\n<meta property=\"og:title\" content=\"Duathlon : \u00c9mile Blondel-Hermant champion d&#039;Europe du sprint\" \/>\n<meta property=\"og:description\" content=\"DUATHLON - Huit mois apr\u00e8s son titre mondial sur longue distance, \u00c9mile Blondel-Hermant s\u2019offre l\u2019or sur le sprint continenal.\" \/>\n<meta property=\"og:url\" content=\"https:\/\/dicodusport.fr\/blog\/duathlon-emile-blondel-hermant-champion-deurope-du-sprint\/\" \/>\n<meta property=\"og:site_name\" content=\"Dicodusport\" \/>\n<meta property=\"article:publisher\" content=\"https:\/\/www.facebook.com\/dicodusport\" \/>\n<meta property=\"article:author\" content=\"https:\/\/www.facebook.com\/soocube\" \/>\n<meta property=\"article:published_time\" content=\"2025-04-27T09:15:41+00:00\" \/>\n<meta property=\"article:modified_time\" content=\"2025-04-27T09:26:04+00:00\" \/>\n<meta property=\"og:image\" content=\"https:\/\/dicodusport.fr\/blog\/wp-content\/uploads\/2024\/09\/Duathlon-Emile-Blondel-Hermant-couronne-champion-du-monde-en-longue-distance.png\" \/>\n\t<meta property=\"og:image:width\" content=\"1200\" \/>\n\t<meta property=\"og:image:height\" content=\"674\" \/>\n\t<meta property=\"og:image:type\" content=\"image\/png\" \/>\n<meta name=\"author\" content=\"Sophie Clapier\" \/>\n<meta name=\"twitter:card\" content=\"summary_large_image\" \/>\n<meta name=\"twitter:title\" content=\"Duathlon : \u00c9mile Blondel-Hermant champion d&#039;Europe du sprint\" \/>\n<meta name=\"twitter:creator\" content=\"@https:\/\/twitter.com\/soocube\" \/>\n<meta name=\"twitter:site\" content=\"@dicodusport\" \/>\n<script type=\"application\/ld+json\" class=\"yoast-schema-graph\">{\"@context\":\"https:\/\/schema.org\",\"@graph\":[{\"@type\":\"NewsArticle\",\"@id\":\"https:\/\/dicodusport.fr\/blog\/duathlon-emile-blondel-hermant-champion-deurope-du-sprint\/#article\",\"isPartOf\":{\"@id\":\"https:\/\/dicodusport.fr\/blog\/duathlon-emile-blondel-hermant-champion-deurope-du-sprint\/\"},\"author\":{\"name\":\"Sophie Clapier\",\"@id\":\"https:\/\/dicodusport.fr\/blog\/#\/schema\/person\/416c975648aca9da8839bdfe333a21c9\"},\"headline\":\"Duathlon : \u00c9mile Blondel-Hermant champion d&rsquo;Europe du sprint\",\"datePublished\":\"2025-04-27T09:15:41+00:00\",\"dateModified\":\"2025-04-27T09:26:04+00:00\",\"mainEntityOfPage\":{\"@id\":\"https:\/\/dicodusport.fr\/blog\/duathlon-emile-blondel-hermant-champion-deurope-du-sprint\/\"},\"wordCount\":437,\"commentCount\":0,\"publisher\":{\"@id\":\"https:\/\/dicodusport.fr\/blog\/#organization\"},\"image\":{\"@id\":\"https:\/\/dicodusport.fr\/blog\/duathlon-emile-blondel-hermant-champion-deurope-du-sprint\/#primaryimage\"},\"thumbnailUrl\":\"https:\/\/dicodusport.fr\/blog\/wp-content\/uploads\/2024\/09\/Duathlon-Emile-Blondel-Hermant-couronne-champion-du-monde-en-longue-distance.png\",\"keywords\":[\"br\u00e8ve\",\"Duathlon\"],\"articleSection\":[\"Duathlon\"],\"inLanguage\":\"fr-FR\",\"potentialAction\":[{\"@type\":\"CommentAction\",\"name\":\"Comment\",\"target\":[\"https:\/\/dicodusport.fr\/blog\/duathlon-emile-blondel-hermant-champion-deurope-du-sprint\/#respond\"]}],\"copyrightYear\":\"2025\",\"copyrightHolder\":{\"@id\":\"https:\/\/dicodusport.fr\/blog\/#organization\"}},{\"@type\":\"WebPage\",\"@id\":\"https:\/\/dicodusport.fr\/blog\/duathlon-emile-blondel-hermant-champion-deurope-du-sprint\/\",\"url\":\"https:\/\/dicodusport.fr\/blog\/duathlon-emile-blondel-hermant-champion-deurope-du-sprint\/\",\"name\":\"Duathlon : \u00c9mile Blondel-Hermant champion d'Europe du sprint\",\"isPartOf\":{\"@id\":\"https:\/\/dicodusport.fr\/blog\/#website\"},\"primaryImageOfPage\":{\"@id\":\"https:\/\/dicodusport.fr\/blog\/duathlon-emile-blondel-hermant-champion-deurope-du-sprint\/#primaryimage\"},\"image\":{\"@id\":\"https:\/\/dicodusport.fr\/blog\/duathlon-emile-blondel-hermant-champion-deurope-du-sprint\/#primaryimage\"},\"thumbnailUrl\":\"https:\/\/dicodusport.fr\/blog\/wp-content\/uploads\/2024\/09\/Duathlon-Emile-Blondel-Hermant-couronne-champion-du-monde-en-longue-distance.png\",\"datePublished\":\"2025-04-27T09:15:41+00:00\",\"dateModified\":\"2025-04-27T09:26:04+00:00\",\"description\":\"DUATHLON - Huit mois apr\u00e8s son titre mondial sur longue distance, \u00c9mile Blondel-Hermant s\u2019offre l\u2019or sur le sprint continenal.\",\"breadcrumb\":{\"@id\":\"https:\/\/dicodusport.fr\/blog\/duathlon-emile-blondel-hermant-champion-deurope-du-sprint\/#breadcrumb\"},\"inLanguage\":\"fr-FR\",\"potentialAction\":[{\"@type\":\"ReadAction\",\"target\":[\"https:\/\/dicodusport.fr\/blog\/duathlon-emile-blondel-hermant-champion-deurope-du-sprint\/\"]}]},{\"@type\":\"ImageObject\",\"inLanguage\":\"fr-FR\",\"@id\":\"https:\/\/dicodusport.fr\/blog\/duathlon-emile-blondel-hermant-champion-deurope-du-sprint\/#primaryimage\",\"url\":\"https:\/\/dicodusport.fr\/blog\/wp-content\/uploads\/2024\/09\/Duathlon-Emile-Blondel-Hermant-couronne-champion-du-monde-en-longue-distance.png\",\"contentUrl\":\"https:\/\/dicodusport.fr\/blog\/wp-content\/uploads\/2024\/09\/Duathlon-Emile-Blondel-Hermant-couronne-champion-du-monde-en-longue-distance.png\",\"width\":1200,\"height\":674,\"caption\":\"Duathlon Emile Blondel-Hermant couronn\u00e9 champion du monde en longue distance\"},{\"@type\":\"BreadcrumbList\",\"@id\":\"https:\/\/dicodusport.fr\/blog\/duathlon-emile-blondel-hermant-champion-deurope-du-sprint\/#breadcrumb\",\"itemListElement\":[{\"@type\":\"ListItem\",\"position\":1,\"name\":\"Accueil\",\"item\":\"https:\/\/dicodusport.fr\/blog\/\"},{\"@type\":\"ListItem\",\"position\":2,\"name\":\"Duathlon : \u00c9mile Blondel-Hermant champion d&rsquo;Europe du sprint\"}]},{\"@type\":\"WebSite\",\"@id\":\"https:\/\/dicodusport.fr\/blog\/#website\",\"url\":\"https:\/\/dicodusport.fr\/blog\/\",\"name\":\"Dicodusport\",\"description\":\"L&#039;encyclop\u00e9die de l&#039;actualit\u00e9 sportive\",\"publisher\":{\"@id\":\"https:\/\/dicodusport.fr\/blog\/#organization\"},\"potentialAction\":[{\"@type\":\"SearchAction\",\"target\":{\"@type\":\"EntryPoint\",\"urlTemplate\":\"https:\/\/dicodusport.fr\/blog\/?s={search_term_string}\"},\"query-input\":{\"@type\":\"PropertyValueSpecification\",\"valueRequired\":true,\"valueName\":\"search_term_string\"}}],\"inLanguage\":\"fr-FR\"},{\"@type\":\"NewsMediaOrganization\",\"@id\":\"https:\/\/dicodusport.fr\/blog\/#organization\",\"name\":\"Dicodusport\",\"url\":\"https:\/\/dicodusport.fr\/blog\/\",\"logo\":{\"@type\":\"ImageObject\",\"inLanguage\":\"fr-FR\",\"@id\":\"https:\/\/dicodusport.fr\/blog\/#\/schema\/logo\/image\/\",\"url\":\"https:\/\/dicodusport.fr\/blog\/wp-content\/uploads\/2020\/06\/cropped-LOGO-DICODUSPORT-2020-SANS-FOND-SANS-TEXTE.png\",\"contentUrl\":\"https:\/\/dicodusport.fr\/blog\/wp-content\/uploads\/2020\/06\/cropped-LOGO-DICODUSPORT-2020-SANS-FOND-SANS-TEXTE.png\",\"width\":512,\"height\":512,\"caption\":\"Dicodusport\"},\"image\":{\"@id\":\"https:\/\/dicodusport.fr\/blog\/#\/schema\/logo\/image\/\"},\"sameAs\":[\"https:\/\/www.facebook.com\/dicodusport\",\"https:\/\/x.com\/dicodusport\",\"https:\/\/www.instagram.com\/dicodusport\/\",\"https:\/\/www.youtube.com\/channel\/UC7V2KZ5sd3htJivAbA4ZG3w\"],\"description\":\"Dicodusport est l'encyclop\u00e9die de l'actualit\u00e9 sportive.\",\"email\":\"bonjour@dicodusport.fr\",\"legalName\":\"DICODUSPORT\",\"foundingDate\":\"2018-01-14\",\"vatID\":\"FR71834470973\",\"taxID\":\"83447097300043\",\"numberOfEmployees\":{\"@type\":\"QuantitativeValue\",\"minValue\":\"1\",\"maxValue\":\"10\"}},{\"@type\":\"Person\",\"@id\":\"https:\/\/dicodusport.fr\/blog\/#\/schema\/person\/416c975648aca9da8839bdfe333a21c9\",\"name\":\"Sophie Clapier\",\"image\":{\"@type\":\"ImageObject\",\"inLanguage\":\"fr-FR\",\"@id\":\"https:\/\/dicodusport.fr\/blog\/#\/schema\/person\/image\/\",\"url\":\"https:\/\/dicodusport.fr\/blog\/wp-content\/uploads\/2021\/05\/Sophie-Clapier-150x150.jpg\",\"contentUrl\":\"https:\/\/dicodusport.fr\/blog\/wp-content\/uploads\/2021\/05\/Sophie-Clapier-150x150.jpg\",\"caption\":\"Sophie Clapier\"},\"description\":\"Journaliste\/r\u00e9dactrice depuis janvier 2016 - Passionn\u00e9e de sport depuis toujours, j\u2019en ai pratiqu\u00e9 quelques-uns. Judo, football, handball ou encore tennis, je n\u2019ai jamais pu me mettre d\u2019accord sur un en particulier. Mais \u00e7a, c\u2019\u00e9tait avant de d\u00e9couvrir le basket, devenu mon sport de pr\u00e9dilection. Les actions NBA, le All-Star Week-end, la fureur des Game 7 pendant les playoffs ou mieux, lors des Finals, this is why we play. Team Spurs T.P, je m\u2019accroche encore \u00e0 Gregg Popovich (don\u2019t leave !). Team chef Curry, je souhaite qu\u2019il finisse aux Warriors (staaaay !). Non, il n\u2019y a pas qu\u2019eux, des petits nouveaux -et des petites nouvelles \u00e9videmment- arrivent chaque jour dans toutes les disciplines et cr\u00e9ent de nouveaux exploits. Alors pour les grands \u00e9v\u00e9nements et comp\u00e9titions internationales, vive les pulsations 240\/minutes et le d\u00e9fibrillateur pas loin, et allez les Bleu(e)s ! C\u2019est s\u00fbr, j\u2019aurai plus vu ma vie sur un terrain de sport, mais \u00e0 d\u00e9faut d\u2019en faire en haut niveau, je le partage avec vous.\",\"sameAs\":[\"https:\/\/www.facebook.com\/soocube\",\"https:\/\/x.com\/https:\/\/twitter.com\/soocube\",\"admin\"],\"url\":\"https:\/\/dicodusport.fr\/blog\/author\/sophie\/\"}]}<\/script>\n<!-- \/ Yoast SEO Premium plugin. -->","yoast_head_json":{"title":"Duathlon : \u00c9mile Blondel-Hermant champion d'Europe du sprint","description":"DUATHLON - Huit mois apr\u00e8s son titre mondial sur longue distance, \u00c9mile Blondel-Hermant s\u2019offre l\u2019or sur le sprint continenal.","robots":{"index":"index","follow":"follow","max-snippet":"max-snippet:-1","max-image-preview":"max-image-preview:large","max-video-preview":"max-video-preview:-1"},"canonical":"https:\/\/dicodusport.fr\/blog\/duathlon-emile-blondel-hermant-champion-deurope-du-sprint\/","og_locale":"fr_FR","og_type":"article","og_title":"Duathlon : \u00c9mile Blondel-Hermant champion d'Europe du sprint","og_description":"DUATHLON - Huit mois apr\u00e8s son titre mondial sur longue distance, \u00c9mile Blondel-Hermant s\u2019offre l\u2019or sur le sprint continenal.","og_url":"https:\/\/dicodusport.fr\/blog\/duathlon-emile-blondel-hermant-champion-deurope-du-sprint\/","og_site_name":"Dicodusport","article_publisher":"https:\/\/www.facebook.com\/dicodusport","article_author":"https:\/\/www.facebook.com\/soocube","article_published_time":"2025-04-27T09:15:41+00:00","article_modified_time":"2025-04-27T09:26:04+00:00","og_image":[{"width":1200,"height":674,"url":"https:\/\/dicodusport.fr\/blog\/wp-content\/uploads\/2024\/09\/Duathlon-Emile-Blondel-Hermant-couronne-champion-du-monde-en-longue-distance.png","type":"image\/png"}],"author":"Sophie Clapier","twitter_card":"summary_large_image","twitter_title":"Duathlon : \u00c9mile Blondel-Hermant champion d'Europe du sprint","twitter_creator":"@https:\/\/twitter.com\/soocube","twitter_site":"@dicodusport","schema":{"@context":"https:\/\/schema.org","@graph":[{"@type":"NewsArticle","@id":"https:\/\/dicodusport.fr\/blog\/duathlon-emile-blondel-hermant-champion-deurope-du-sprint\/#article","isPartOf":{"@id":"https:\/\/dicodusport.fr\/blog\/duathlon-emile-blondel-hermant-champion-deurope-du-sprint\/"},"author":{"name":"Sophie Clapier","@id":"https:\/\/dicodusport.fr\/blog\/#\/schema\/person\/416c975648aca9da8839bdfe333a21c9"},"headline":"Duathlon : \u00c9mile Blondel-Hermant champion d&rsquo;Europe du sprint","datePublished":"2025-04-27T09:15:41+00:00","dateModified":"2025-04-27T09:26:04+00:00","mainEntityOfPage":{"@id":"https:\/\/dicodusport.fr\/blog\/duathlon-emile-blondel-hermant-champion-deurope-du-sprint\/"},"wordCount":437,"commentCount":0,"publisher":{"@id":"https:\/\/dicodusport.fr\/blog\/#organization"},"image":{"@id":"https:\/\/dicodusport.fr\/blog\/duathlon-emile-blondel-hermant-champion-deurope-du-sprint\/#primaryimage"},"thumbnailUrl":"https:\/\/dicodusport.fr\/blog\/wp-content\/uploads\/2024\/09\/Duathlon-Emile-Blondel-Hermant-couronne-champion-du-monde-en-longue-distance.png","keywords":["br\u00e8ve","Duathlon"],"articleSection":["Duathlon"],"inLanguage":"fr-FR","potentialAction":[{"@type":"CommentAction","name":"Comment","target":["https:\/\/dicodusport.fr\/blog\/duathlon-emile-blondel-hermant-champion-deurope-du-sprint\/#respond"]}],"copyrightYear":"2025","copyrightHolder":{"@id":"https:\/\/dicodusport.fr\/blog\/#organization"}},{"@type":"WebPage","@id":"https:\/\/dicodusport.fr\/blog\/duathlon-emile-blondel-hermant-champion-deurope-du-sprint\/","url":"https:\/\/dicodusport.fr\/blog\/duathlon-emile-blondel-hermant-champion-deurope-du-sprint\/","name":"Duathlon : \u00c9mile Blondel-Hermant champion d'Europe du sprint","isPartOf":{"@id":"https:\/\/dicodusport.fr\/blog\/#website"},"primaryImageOfPage":{"@id":"https:\/\/dicodusport.fr\/blog\/duathlon-emile-blondel-hermant-champion-deurope-du-sprint\/#primaryimage"},"image":{"@id":"https:\/\/dicodusport.fr\/blog\/duathlon-emile-blondel-hermant-champion-deurope-du-sprint\/#primaryimage"},"thumbnailUrl":"https:\/\/dicodusport.fr\/blog\/wp-content\/uploads\/2024\/09\/Duathlon-Emile-Blondel-Hermant-couronne-champion-du-monde-en-longue-distance.png","datePublished":"2025-04-27T09:15:41+00:00","dateModified":"2025-04-27T09:26:04+00:00","description":"DUATHLON - Huit mois apr\u00e8s son titre mondial sur longue distance, \u00c9mile Blondel-Hermant s\u2019offre l\u2019or sur le sprint continenal.","breadcrumb":{"@id":"https:\/\/dicodusport.fr\/blog\/duathlon-emile-blondel-hermant-champion-deurope-du-sprint\/#breadcrumb"},"inLanguage":"fr-FR","potentialAction":[{"@type":"ReadAction","target":["https:\/\/dicodusport.fr\/blog\/duathlon-emile-blondel-hermant-champion-deurope-du-sprint\/"]}]},{"@type":"ImageObject","inLanguage":"fr-FR","@id":"https:\/\/dicodusport.fr\/blog\/duathlon-emile-blondel-hermant-champion-deurope-du-sprint\/#primaryimage","url":"https:\/\/dicodusport.fr\/blog\/wp-content\/uploads\/2024\/09\/Duathlon-Emile-Blondel-Hermant-couronne-champion-du-monde-en-longue-distance.png","contentUrl":"https:\/\/dicodusport.fr\/blog\/wp-content\/uploads\/2024\/09\/Duathlon-Emile-Blondel-Hermant-couronne-champion-du-monde-en-longue-distance.png","width":1200,"height":674,"caption":"Duathlon Emile Blondel-Hermant couronn\u00e9 champion du monde en longue distance"},{"@type":"BreadcrumbList","@id":"https:\/\/dicodusport.fr\/blog\/duathlon-emile-blondel-hermant-champion-deurope-du-sprint\/#breadcrumb","itemListElement":[{"@type":"ListItem","position":1,"name":"Accueil","item":"https:\/\/dicodusport.fr\/blog\/"},{"@type":"ListItem","position":2,"name":"Duathlon : \u00c9mile Blondel-Hermant champion d&rsquo;Europe du sprint"}]},{"@type":"WebSite","@id":"https:\/\/dicodusport.fr\/blog\/#website","url":"https:\/\/dicodusport.fr\/blog\/","name":"Dicodusport","description":"L&#039;encyclop\u00e9die de l&#039;actualit\u00e9 sportive","publisher":{"@id":"https:\/\/dicodusport.fr\/blog\/#organization"},"potentialAction":[{"@type":"SearchAction","target":{"@type":"EntryPoint","urlTemplate":"https:\/\/dicodusport.fr\/blog\/?s={search_term_string}"},"query-input":{"@type":"PropertyValueSpecification","valueRequired":true,"valueName":"search_term_string"}}],"inLanguage":"fr-FR"},{"@type":"NewsMediaOrganization","@id":"https:\/\/dicodusport.fr\/blog\/#organization","name":"Dicodusport","url":"https:\/\/dicodusport.fr\/blog\/","logo":{"@type":"ImageObject","inLanguage":"fr-FR","@id":"https:\/\/dicodusport.fr\/blog\/#\/schema\/logo\/image\/","url":"https:\/\/dicodusport.fr\/blog\/wp-content\/uploads\/2020\/06\/cropped-LOGO-DICODUSPORT-2020-SANS-FOND-SANS-TEXTE.png","contentUrl":"https:\/\/dicodusport.fr\/blog\/wp-content\/uploads\/2020\/06\/cropped-LOGO-DICODUSPORT-2020-SANS-FOND-SANS-TEXTE.png","width":512,"height":512,"caption":"Dicodusport"},"image":{"@id":"https:\/\/dicodusport.fr\/blog\/#\/schema\/logo\/image\/"},"sameAs":["https:\/\/www.facebook.com\/dicodusport","https:\/\/x.com\/dicodusport","https:\/\/www.instagram.com\/dicodusport\/","https:\/\/www.youtube.com\/channel\/UC7V2KZ5sd3htJivAbA4ZG3w"],"description":"Dicodusport est l'encyclop\u00e9die de l'actualit\u00e9 sportive.","email":"bonjour@dicodusport.fr","legalName":"DICODUSPORT","foundingDate":"2018-01-14","vatID":"FR71834470973","taxID":"83447097300043","numberOfEmployees":{"@type":"QuantitativeValue","minValue":"1","maxValue":"10"}},{"@type":"Person","@id":"https:\/\/dicodusport.fr\/blog\/#\/schema\/person\/416c975648aca9da8839bdfe333a21c9","name":"Sophie Clapier","image":{"@type":"ImageObject","inLanguage":"fr-FR","@id":"https:\/\/dicodusport.fr\/blog\/#\/schema\/person\/image\/","url":"https:\/\/dicodusport.fr\/blog\/wp-content\/uploads\/2021\/05\/Sophie-Clapier-150x150.jpg","contentUrl":"https:\/\/dicodusport.fr\/blog\/wp-content\/uploads\/2021\/05\/Sophie-Clapier-150x150.jpg","caption":"Sophie Clapier"},"description":"Journaliste\/r\u00e9dactrice depuis janvier 2016 - Passionn\u00e9e de sport depuis toujours, j\u2019en ai pratiqu\u00e9 quelques-uns. Judo, football, handball ou encore tennis, je n\u2019ai jamais pu me mettre d\u2019accord sur un en particulier. Mais \u00e7a, c\u2019\u00e9tait avant de d\u00e9couvrir le basket, devenu mon sport de pr\u00e9dilection. Les actions NBA, le All-Star Week-end, la fureur des Game 7 pendant les playoffs ou mieux, lors des Finals, this is why we play. Team Spurs T.P, je m\u2019accroche encore \u00e0 Gregg Popovich (don\u2019t leave !). Team chef Curry, je souhaite qu\u2019il finisse aux Warriors (staaaay !). Non, il n\u2019y a pas qu\u2019eux, des petits nouveaux -et des petites nouvelles \u00e9videmment- arrivent chaque jour dans toutes les disciplines et cr\u00e9ent de nouveaux exploits. Alors pour les grands \u00e9v\u00e9nements et comp\u00e9titions internationales, vive les pulsations 240\/minutes et le d\u00e9fibrillateur pas loin, et allez les Bleu(e)s ! C\u2019est s\u00fbr, j\u2019aurai plus vu ma vie sur un terrain de sport, mais \u00e0 d\u00e9faut d\u2019en faire en haut niveau, je le partage avec vous.","sameAs":["https:\/\/www.facebook.com\/soocube","https:\/\/x.com\/https:\/\/twitter.com\/soocube","admin"],"url":"https:\/\/dicodusport.fr\/blog\/author\/sophie\/"}]}},"_links":{"self":[{"href":"https:\/\/dicodusport.fr\/blog\/wp-json\/wp\/v2\/posts\/574938","targetHints":{"allow":["GET"]}}],"collection":[{"href":"https:\/\/dicodusport.fr\/blog\/wp-json\/wp\/v2\/posts"}],"about":[{"href":"https:\/\/dicodusport.fr\/blog\/wp-json\/wp\/v2\/types\/post"}],"author":[{"embeddable":true,"href":"https:\/\/dicodusport.fr\/blog\/wp-json\/wp\/v2\/users\/18"}],"replies":[{"embeddable":true,"href":"https:\/\/dicodusport.fr\/blog\/wp-json\/wp\/v2\/comments?post=574938"}],"version-history":[{"count":5,"href":"https:\/\/dicodusport.fr\/blog\/wp-json\/wp\/v2\/posts\/574938\/revisions"}],"predecessor-version":[{"id":574954,"href":"https:\/\/dicodusport.fr\/blog\/wp-json\/wp\/v2\/posts\/574938\/revisions\/574954"}],"wp:featuredmedia":[{"embeddable":true,"href":"https:\/\/dicodusport.fr\/blog\/wp-json\/wp\/v2\/media\/519352"}],"wp:attachment":[{"href":"https:\/\/dicodusport.fr\/blog\/wp-json\/wp\/v2\/media?parent=574938"}],"wp:term":[{"taxonomy":"category","embeddable":true,"href":"https:\/\/dicodusport.fr\/blog\/wp-json\/wp\/v2\/categories?post=574938"},{"taxonomy":"post_tag","embeddable":true,"href":"https:\/\/dicodusport.fr\/blog\/wp-json\/wp\/v2\/tags?post=574938"}],"curies":[{"name":"wp","href":"https:\/\/api.w.org\/{rel}","templated":true}]}}