{"id":57518,"date":"2020-01-20T19:30:57","date_gmt":"2020-01-20T18:30:57","guid":{"rendered":"http:\/\/dicodusport.fr\/blog\/?p=57518"},"modified":"2020-01-20T20:14:12","modified_gmt":"2020-01-20T19:14:12","slug":"le-programme-des-francais-mardi-open-australie","status":"publish","type":"post","link":"https:\/\/dicodusport.fr\/blog\/le-programme-des-francais-mardi-open-australie\/","title":{"rendered":"Le programme des Fran\u00e7ais ce mardi \u00e0 l&rsquo;Open d&rsquo;Australie"},"content":{"rendered":"<p style=\"text-align: justify;\"><em><b>Cette semaine, place au premier Grand Chelem de l\u2019ann\u00e9e avec l\u2019Open d\u2019Australie. Cette nuit, suite du premier tour, avec pas moins de 17 tricolores au programme. Accrochez-vous, voici ce programme compl\u00e8tement\u00a0fou\u00a0! <\/b><\/em><\/p>\n<h2 style=\"text-align: justify;\">Le programme des Fran\u00e7ais pour le 1<sup>er<\/sup> Tour de l\u2019Open d\u2019Australie (dans la nuit de Lundi \u00e0 Mardi)<\/h2>\n<p style=\"text-align: justify;\">Avec les nombreuses rencontres report\u00e9es suite aux intemp\u00e9ries en Australie pour la premi\u00e8re journ\u00e9e, c\u2019est un programme riche qui nous attend pour cette seconde nuit. En r\u00e9sum\u00e9, voici ce qui vous attend dans quelques heures\u00a0:<\/p>\n<h3 style=\"text-align: justify;\">Le programme des Hommes<\/h3>\n<p style=\"text-align: justify;\"><strong>Adrian Mannarino<\/strong> aura l\u2019honneur d\u2019\u00eatre align\u00e9 sur le Margaret Court Arena pour son entr\u00e9e en lice dans ce premier Grand Chelem de l\u2019ann\u00e9e. Ce court s\u2019explique par la qualit\u00e9 de l\u2019adversit\u00e9 qui attend notre tricolore pour l\u2019une des plus belles affiches de la nuit \u00e0 venir\u00a0: l\u2019Autrichien Dominic Thiem, t\u00eate de s\u00e9rie num\u00e9ro 5 de ce tournoi\u00a0! Programm\u00e9 en second match de la journ\u00e9e, le Fran\u00e7ais devrait rapidement entr\u00e9e sur le court dans la nuit (heure fran\u00e7aise).<\/p>\n<blockquote class=\"twitter-tweet\">\n<p dir=\"ltr\" lang=\"sl\">&#x1f4c5; Les affiches du Jour 2 \u00e0 l&rsquo;Open d&rsquo;Australie :<\/p>\n<p>Cilic &#x1f19a; Moutet (00h30)<br \/>\nLopez &#x1f19a; Bautista<br \/>\nMannarino &#x1f19a; Thiem<br \/>\nDzumhhur &#x1f19a; Wawrinka<br \/>\nMedvedev &#x1f19a; Tiafoe<br \/>\nCecchinato &#x1f19a; Zverev<br \/>\nNadal &#x1f19a; Dellien<br \/>\nMladenovic &#x1f19a; Pliskova<br \/>\nKeys &#x1f19a; Kasatkina<br \/>\nVekic &#x1f19a; Sharapova<br \/>\nBrady &#x1f19a; Halep<a href=\"https:\/\/twitter.com\/hashtag\/AusOpen?src=hash&amp;ref_src=twsrc%5Etfw\">#AusOpen<\/a> <a href=\"https:\/\/t.co\/46509JkNCO\">pic.twitter.com\/46509JkNCO<\/a><\/p>\n<p>\u2014 We Are Tennis France (@WeAreTennisFR) <a href=\"https:\/\/twitter.com\/WeAreTennisFR\/status\/1219311125055135748?ref_src=twsrc%5Etfw\">January 20, 2020<\/a><\/p><\/blockquote>\n<p><script async src=\"https:\/\/platform.twitter.com\/widgets.js\" charset=\"utf-8\"><\/script><\/p>\n<p style=\"text-align: justify;\"><strong>Jo-Wilfried Tsonga<\/strong> (t\u00eate de s\u00e9rie num\u00e9ro 28), sera lui pr\u00e9sent sur la Melbourne Arena, dans une ambiance \u00e9lectrique puisqu\u2019il sera oppos\u00e9 \u00e0 l\u2019Australien Alexei Popyrin. Cette rencontre ne se disputera pas avant 6h du matin heure Fran\u00e7aise. Une affiche id\u00e9ale pour le petit-d\u00e9jeuner.<\/p>\n<p style=\"text-align: justify;\">Toujours pas avant 6h du matin pour nous Fran\u00e7ais, c\u2019est probablement notre plus grande chance de deuxi\u00e8me semaine qui fera son entr\u00e9e dans le tournoi, \u00e0 savoir <strong>Ga\u00ebl Monfils<\/strong> (t\u00eate de s\u00e9rie num\u00e9ro 10 de ce Grand Chelem), face \u00e0 Yen Hsun Lu.<\/p>\n<p style=\"text-align: justify;\">Initialement pr\u00e9vu ce lundi, <strong>Ugo Humbert <\/strong>fera son entr\u00e9e dans cet Open d\u2019Australie sur le Court 3 comme pr\u00e9vu. La rencontre s\u2019annonce accroch\u00e9e puisqu\u2019il devra se d\u00e9faire du local John Millman, qui aura le soutien de tout un peuple sur ce Court 3. Cette affiche est annonc\u00e9e d\u00e8s 0h30 (heure Fran\u00e7aise). Un autre Fran\u00e7ais prendra place sur ce Court 3, mais bien plus tard puisque c\u2019est en quatri\u00e8me rencontre qu\u2019est pr\u00e9vue la belle affiche opposant <strong>J\u00e9r\u00e9my Chardy<\/strong> au Belge David Goffin, t\u00eate de s\u00e9rie num\u00e9ro 11 de ce Grand Chelem.<\/p>\n<p style=\"text-align: justify;\">Invit\u00e9 par les organisateurs Australien de ce premier grand rendez-vous de 2020, <strong>Hugo Gaston<\/strong> sera oppos\u00e9 \u00e0 l\u2019Espagnol Jaume Munar sur le Court 10, mais pas avant 6h du matin chez nous. Peut-\u00eatre le commencement d\u2019une belle aventure.<\/p>\n<p style=\"text-align: justify;\"><strong>Eliott Benchetrit<\/strong> sera lui pr\u00e9sent sur le court 11 dans son duel face au Japonais Uuichi Sugita.<\/p>\n<p style=\"text-align: justify;\">Toujours \u00e0 partir de 6h, le Court 15 devrait attirer l\u2019attention des observateurs du tennis Fran\u00e7ais puisque deux tricolores se succ\u00e8deront sur ce dernier\u00a0: <strong>Pierre-Hugues Herbert<\/strong> sera dans un premier temps oppos\u00e9 \u00e0 Cameron Norrie, avant que <strong>Gilles Simon<\/strong> ne tente de se d\u00e9faire de Pablo Cuevas. De belles affiches en perspective.<\/p>\n<p style=\"text-align: justify;\">Initialement pr\u00e9vu sur le Court 5 ce lundi, c\u2019est finalement sur un autre court annexe, le Court 19, que <strong>Corentin Moutet<\/strong> aura lui fort \u00e0 faire face au Croate Marin Cilic. Le Fran\u00e7ais commencera tr\u00e8s t\u00f4t sa rencontre puisque celle-ci est pr\u00e9vue en premier match, d\u00e8s 10h30 heure locale (0h30 en France).<\/p>\n<p style=\"text-align: justify;\">D\u00e9j\u00e0 programm\u00e9 ce lundi sur le Court 22, nos deux derniers tricolores de ce programme charg\u00e9 ne sont autres que <strong>Quentin Halys<\/strong>, sorti des qualifications, qui affrontera le Serbe Filip Krajinovic juste apr\u00e8s que son compatriote, <strong>Beno\u00eet Paire<\/strong>, tente de se d\u00e9faire de Cedrik Marcel Stebe.<\/p>\n<ul style=\"text-align: justify;\">\n<li><a href=\"https:\/\/dicodusport.fr\/blog\/open-australie-2020-le-tableau-hommes\/\" target=\"_blank\" rel=\"noopener\"><strong>Le tableau hommes de l&rsquo;Open d&rsquo;Australie<\/strong><\/a><\/li>\n<\/ul>\n<h3 style=\"text-align: justify;\">Le programme des Femmes<\/h3>\n<p style=\"text-align: justify;\">Bien que moins charg\u00e9 que le programme des Fran\u00e7ais en second jour du premier tour de l\u2019Open d\u2019Australie, celui des Fran\u00e7aises s\u2019annonce tout aussi int\u00e9ressant.<\/p>\n<p style=\"text-align: justify;\">L\u2019accent Fran\u00e7ais risque fort d\u2019\u00eatre pr\u00e9sent sur le Court 12 en cette seconde journ\u00e9e puisque deux tricolores seront pr\u00e9sentes. C\u2019est d\u2019abord <strong>Caroline Garcia<\/strong>, qui patiente depuis hier, qui ouvrira le programme en affrontant Madison Brengle, en premi\u00e8re rencontre sur ce court. Puis, quelques sets plus tard, en quatri\u00e8me rencontre, ce sera au tour d\u2019<strong>Aliz\u00e9 Cornet <\/strong>de prendre place sur ce Court 12 face \u00e0 la Roumaine Monica Niculescu.<\/p>\n<p style=\"text-align: justify;\">Initialement pr\u00e9vue ce lundi, c\u2019est cette nuit (heure fran\u00e7aise) que <strong>Fiona Ferro<\/strong> sera oppos\u00e9e \u00e0 la Belge Alison Van Uytvanck. Une confrontation \u00e0 la port\u00e9e de Fiona Ferro pour tenter de confirmer ses belles promesses. Pour en savoir d\u2019avantage, rendez-vous d\u00e8s 0h30 pour l\u2019une des toutes premi\u00e8res rencontres de la nuit.<\/p>\n<blockquote class=\"twitter-tweet\">\n<p dir=\"ltr\" lang=\"fr\">En raison de la pluie &#x2614;&#xfe0f; qui tombe actuellement sur Melbourne, les matchs de <a href=\"https:\/\/twitter.com\/CaroGarcia?ref_src=twsrc%5Etfw\">@CaroGarcia<\/a>, <a href=\"https:\/\/twitter.com\/fioferro?ref_src=twsrc%5Etfw\">@fioferro<\/a>, <a href=\"https:\/\/twitter.com\/ppauline86?ref_src=twsrc%5Etfw\">@ppauline86<\/a>, <a href=\"https:\/\/twitter.com\/HumbertUgo?ref_src=twsrc%5Etfw\">@HumbertUgo<\/a>, <a href=\"https:\/\/twitter.com\/moutet99?ref_src=twsrc%5Etfw\">@moutet99<\/a> et <a href=\"https:\/\/twitter.com\/benoitpaire?ref_src=twsrc%5Etfw\">@benoitpaire<\/a> sont report\u00e9s \u00e0 mardi. <a href=\"https:\/\/twitter.com\/hashtag\/AusOpen?src=hash&amp;ref_src=twsrc%5Etfw\">#AusOpen<\/a> <a href=\"https:\/\/t.co\/KxT33ztqfm\">pic.twitter.com\/KxT33ztqfm<\/a><\/p>\n<p>\u2014 FFT (@FFTennis) <a href=\"https:\/\/twitter.com\/FFTennis\/status\/1219154821812342784?ref_src=twsrc%5Etfw\">January 20, 2020<\/a><\/p><\/blockquote>\n<p><script async src=\"https:\/\/platform.twitter.com\/widgets.js\" charset=\"utf-8\"><\/script><\/p>\n<p style=\"text-align: justify;\"><strong>Pauline Parmentier<\/strong> (invit\u00e9e par les organisateurs), devra tenter de se d\u00e9faire de la Chinoise Qiang Wang (t\u00eate de s\u00e9rie num\u00e9ro 27) pour ce premier Grand Chelem de l\u2019ann\u00e9e. Rendez-vous sur le Court 10 en deuxi\u00e8me rencontre de la journ\u00e9e.<\/p>\n<p style=\"text-align: justify;\">Mais s\u2019il y a bien une rencontre \u00e0 ne pas louper cette nuit c\u00f4t\u00e9 tricolores, c\u2019est bien l\u2019entr\u00e9e en lice dans ce tableau principal de l\u2019Open d\u2019Australie de <strong>Kristina Mladenovic<\/strong>. La Fran\u00e7aise aura les honneurs de la Rod Laver Arena pour ses d\u00e9buts sur le sol Australien puisqu\u2019elle sera oppos\u00e9e \u00e0 la t\u00eate de s\u00e9rie num\u00e9ro 2 de ce tableau f\u00e9minin\u00a0: Karolina Pliskova. Une rencontre qui s\u2019annonce compliqu\u00e9e en perspective, mais potentiellement riche en spectacle\u00a0!<\/p>\n<ul>\n<li><a href=\"https:\/\/dicodusport.fr\/blog\/open-australie-2020-le-tableau-dames\/\" target=\"_blank\" rel=\"noopener\"><strong>Le tableau dames de l&rsquo;Open d&rsquo;Australie<\/strong><\/a><\/li>\n<\/ul>\n<p><strong><em>Bastien Pitte<br \/>\n<a href=\"https:\/\/www.facebook.com\/bastien.pitte\" target=\"_blank\" rel=\"noopener\"><img loading=\"lazy\" decoding=\"async\" class=\"alignnone wp-image-2909\" src=\"http:\/\/dicodusport.fr\/blog\/wp-content\/uploads\/2017\/07\/logo-facebook-150x150.png\" alt=\"\" width=\"39\" height=\"39\" \/><\/a><\/em><\/strong><a href=\"https:\/\/www.linkedin.com\/in\/bastien-pitte\" target=\"_blank\" rel=\"noopener\"><img loading=\"lazy\" decoding=\"async\" class=\"alignnone wp-image-3711\" src=\"http:\/\/dicodusport.fr\/blog\/wp-content\/uploads\/2017\/08\/signature-linkedin-150x150.png\" alt=\"\" width=\"39\" height=\"39\" srcset=\"https:\/\/dicodusport.fr\/blog\/wp-content\/uploads\/2017\/08\/signature-linkedin-150x150.png 150w, https:\/\/dicodusport.fr\/blog\/wp-content\/uploads\/2017\/08\/signature-linkedin.png 295w\" sizes=\"auto, (max-width: 39px) 100vw, 39px\" \/><\/a><\/p>\n","protected":false},"excerpt":{"rendered":"<p>Cette semaine, place au premier Grand Chelem de l\u2019ann\u00e9e avec l\u2019Open d\u2019Australie. Cette nuit, suite du premier tour, avec pas moins de 17 tricolores au programme. Accrochez-vous, voici ce programme compl\u00e8tement\u00a0fou\u00a0!<\/p>\n","protected":false},"author":28,"featured_media":57538,"comment_status":"open","ping_status":"closed","sticky":false,"template":"","format":"standard","meta":{"_acf_changed":false,"_daextam_enable_autolinks":"","footnotes":""},"categories":[2302],"tags":[5942,2000,2804,3307,2543,3144,3226,4792],"class_list":["post-57518","post","type-post","status-publish","format-standard","has-post-thumbnail","hentry","category-tennis","tag-benoit-paire","tag-caroline-garcia","tag-gael-monfils","tag-gilles-simon","tag-jo-wilfried-tsonga","tag-kristina-mladenovic","tag-open-daustralie","tag-tennis-francais"],"acf":[],"yoast_head":"<!-- This site is optimized with the Yoast SEO Premium plugin v26.7 (Yoast SEO v26.7) - https:\/\/yoast.com\/wordpress\/plugins\/seo\/ -->\n<title>Le programme des Fran\u00e7ais ce mardi \u00e0 l&#039;Open d&#039;Australie<\/title>\n<meta name=\"description\" content=\"Cette nuit, suite du premier tour, avec pas moins de 17 Tricolores au programme. Accrochez-vous, voici ce programme compl\u00e8tement\u00a0fou\u00a0!\" \/>\n<meta name=\"robots\" content=\"index, follow, max-snippet:-1, max-image-preview:large, max-video-preview:-1\" \/>\n<link rel=\"canonical\" href=\"https:\/\/dicodusport.fr\/blog\/le-programme-des-francais-mardi-open-australie\/\" \/>\n<meta property=\"og:locale\" content=\"fr_FR\" \/>\n<meta property=\"og:type\" content=\"article\" \/>\n<meta property=\"og:title\" content=\"Le programme des Fran\u00e7ais ce mardi \u00e0 l&#039;Open d&#039;Australie\" \/>\n<meta property=\"og:description\" content=\"Cette nuit, suite du premier tour, avec pas moins de 17 Tricolores au programme. Accrochez-vous, voici ce programme compl\u00e8tement\u00a0fou\u00a0!\" \/>\n<meta property=\"og:url\" content=\"https:\/\/dicodusport.fr\/blog\/le-programme-des-francais-mardi-open-australie\/\" \/>\n<meta property=\"og:site_name\" content=\"Dicodusport\" \/>\n<meta property=\"article:publisher\" content=\"https:\/\/www.facebook.com\/dicodusport\" \/>\n<meta property=\"article:published_time\" content=\"2020-01-20T18:30:57+00:00\" \/>\n<meta property=\"article:modified_time\" content=\"2020-01-20T19:14:12+00:00\" \/>\n<meta property=\"og:image\" content=\"https:\/\/dicodusport.fr\/blog\/wp-content\/uploads\/2020\/01\/Le-programme-des-Fran\u00e7ais-ce-Mardi-\u00e0-lOpen-dAustralie.png\" \/>\n\t<meta property=\"og:image:width\" content=\"800\" \/>\n\t<meta property=\"og:image:height\" content=\"445\" \/>\n\t<meta property=\"og:image:type\" content=\"image\/png\" \/>\n<meta name=\"author\" content=\"Bastien Pitte\" \/>\n<meta name=\"twitter:card\" content=\"summary_large_image\" \/>\n<meta name=\"twitter:title\" content=\"Le programme des Fran\u00e7ais ce mardi \u00e0 l&#039;Open d&#039;Australie\" \/>\n<meta name=\"twitter:creator\" content=\"@dicodusport\" \/>\n<meta name=\"twitter:site\" content=\"@dicodusport\" \/>\n<script type=\"application\/ld+json\" class=\"yoast-schema-graph\">{\"@context\":\"https:\/\/schema.org\",\"@graph\":[{\"@type\":\"NewsArticle\",\"@id\":\"https:\/\/dicodusport.fr\/blog\/le-programme-des-francais-mardi-open-australie\/#article\",\"isPartOf\":{\"@id\":\"https:\/\/dicodusport.fr\/blog\/le-programme-des-francais-mardi-open-australie\/\"},\"author\":{\"name\":\"Bastien Pitte\",\"@id\":\"https:\/\/dicodusport.fr\/blog\/#\/schema\/person\/0d3ca824646a2d0c77bdd7e45230c071\"},\"headline\":\"Le programme des Fran\u00e7ais ce mardi \u00e0 l&rsquo;Open d&rsquo;Australie\",\"datePublished\":\"2020-01-20T18:30:57+00:00\",\"dateModified\":\"2020-01-20T19:14:12+00:00\",\"mainEntityOfPage\":{\"@id\":\"https:\/\/dicodusport.fr\/blog\/le-programme-des-francais-mardi-open-australie\/\"},\"wordCount\":1057,\"commentCount\":0,\"publisher\":{\"@id\":\"https:\/\/dicodusport.fr\/blog\/#organization\"},\"image\":{\"@id\":\"https:\/\/dicodusport.fr\/blog\/le-programme-des-francais-mardi-open-australie\/#primaryimage\"},\"thumbnailUrl\":\"https:\/\/dicodusport.fr\/blog\/wp-content\/uploads\/2020\/01\/Le-programme-des-Fran\u00e7ais-ce-Mardi-\u00e0-lOpen-dAustralie.png\",\"keywords\":[\"Beno\u00eet Paire\",\"Caroline Garcia\",\"Ga\u00ebl Monfils\",\"Gilles Simon\",\"Jo-Wilfried Tsonga\",\"Kristina Mladenovic\",\"Open d'Australie\",\"Tennis fran\u00e7ais\"],\"articleSection\":[\"Tennis\"],\"inLanguage\":\"fr-FR\",\"potentialAction\":[{\"@type\":\"CommentAction\",\"name\":\"Comment\",\"target\":[\"https:\/\/dicodusport.fr\/blog\/le-programme-des-francais-mardi-open-australie\/#respond\"]}],\"copyrightYear\":\"2020\",\"copyrightHolder\":{\"@id\":\"https:\/\/dicodusport.fr\/blog\/#organization\"}},{\"@type\":\"WebPage\",\"@id\":\"https:\/\/dicodusport.fr\/blog\/le-programme-des-francais-mardi-open-australie\/\",\"url\":\"https:\/\/dicodusport.fr\/blog\/le-programme-des-francais-mardi-open-australie\/\",\"name\":\"Le programme des Fran\u00e7ais ce mardi \u00e0 l'Open d'Australie\",\"isPartOf\":{\"@id\":\"https:\/\/dicodusport.fr\/blog\/#website\"},\"primaryImageOfPage\":{\"@id\":\"https:\/\/dicodusport.fr\/blog\/le-programme-des-francais-mardi-open-australie\/#primaryimage\"},\"image\":{\"@id\":\"https:\/\/dicodusport.fr\/blog\/le-programme-des-francais-mardi-open-australie\/#primaryimage\"},\"thumbnailUrl\":\"https:\/\/dicodusport.fr\/blog\/wp-content\/uploads\/2020\/01\/Le-programme-des-Fran\u00e7ais-ce-Mardi-\u00e0-lOpen-dAustralie.png\",\"datePublished\":\"2020-01-20T18:30:57+00:00\",\"dateModified\":\"2020-01-20T19:14:12+00:00\",\"description\":\"Cette nuit, suite du premier tour, avec pas moins de 17 Tricolores au programme. Accrochez-vous, voici ce programme compl\u00e8tement\u00a0fou\u00a0!\",\"breadcrumb\":{\"@id\":\"https:\/\/dicodusport.fr\/blog\/le-programme-des-francais-mardi-open-australie\/#breadcrumb\"},\"inLanguage\":\"fr-FR\",\"potentialAction\":[{\"@type\":\"ReadAction\",\"target\":[\"https:\/\/dicodusport.fr\/blog\/le-programme-des-francais-mardi-open-australie\/\"]}]},{\"@type\":\"ImageObject\",\"inLanguage\":\"fr-FR\",\"@id\":\"https:\/\/dicodusport.fr\/blog\/le-programme-des-francais-mardi-open-australie\/#primaryimage\",\"url\":\"https:\/\/dicodusport.fr\/blog\/wp-content\/uploads\/2020\/01\/Le-programme-des-Fran\u00e7ais-ce-Mardi-\u00e0-lOpen-dAustralie.png\",\"contentUrl\":\"https:\/\/dicodusport.fr\/blog\/wp-content\/uploads\/2020\/01\/Le-programme-des-Fran\u00e7ais-ce-Mardi-\u00e0-lOpen-dAustralie.png\",\"width\":800,\"height\":445,\"caption\":\"Le programme des Fran\u00e7ais ce Mardi \u00e0 l'Open d'Australie\"},{\"@type\":\"BreadcrumbList\",\"@id\":\"https:\/\/dicodusport.fr\/blog\/le-programme-des-francais-mardi-open-australie\/#breadcrumb\",\"itemListElement\":[{\"@type\":\"ListItem\",\"position\":1,\"name\":\"Accueil\",\"item\":\"https:\/\/dicodusport.fr\/blog\/\"},{\"@type\":\"ListItem\",\"position\":2,\"name\":\"Le programme des Fran\u00e7ais ce mardi \u00e0 l&rsquo;Open d&rsquo;Australie\"}]},{\"@type\":\"WebSite\",\"@id\":\"https:\/\/dicodusport.fr\/blog\/#website\",\"url\":\"https:\/\/dicodusport.fr\/blog\/\",\"name\":\"Dicodusport\",\"description\":\"L&#039;encyclop\u00e9die de l&#039;actualit\u00e9 sportive\",\"publisher\":{\"@id\":\"https:\/\/dicodusport.fr\/blog\/#organization\"},\"potentialAction\":[{\"@type\":\"SearchAction\",\"target\":{\"@type\":\"EntryPoint\",\"urlTemplate\":\"https:\/\/dicodusport.fr\/blog\/?s={search_term_string}\"},\"query-input\":{\"@type\":\"PropertyValueSpecification\",\"valueRequired\":true,\"valueName\":\"search_term_string\"}}],\"inLanguage\":\"fr-FR\"},{\"@type\":\"NewsMediaOrganization\",\"@id\":\"https:\/\/dicodusport.fr\/blog\/#organization\",\"name\":\"Dicodusport\",\"url\":\"https:\/\/dicodusport.fr\/blog\/\",\"logo\":{\"@type\":\"ImageObject\",\"inLanguage\":\"fr-FR\",\"@id\":\"https:\/\/dicodusport.fr\/blog\/#\/schema\/logo\/image\/\",\"url\":\"https:\/\/dicodusport.fr\/blog\/wp-content\/uploads\/2020\/06\/cropped-LOGO-DICODUSPORT-2020-SANS-FOND-SANS-TEXTE.png\",\"contentUrl\":\"https:\/\/dicodusport.fr\/blog\/wp-content\/uploads\/2020\/06\/cropped-LOGO-DICODUSPORT-2020-SANS-FOND-SANS-TEXTE.png\",\"width\":512,\"height\":512,\"caption\":\"Dicodusport\"},\"image\":{\"@id\":\"https:\/\/dicodusport.fr\/blog\/#\/schema\/logo\/image\/\"},\"sameAs\":[\"https:\/\/www.facebook.com\/dicodusport\",\"https:\/\/x.com\/dicodusport\",\"https:\/\/www.instagram.com\/dicodusport\/\",\"https:\/\/www.youtube.com\/channel\/UC7V2KZ5sd3htJivAbA4ZG3w\"],\"description\":\"Dicodusport est l'encyclop\u00e9die de l'actualit\u00e9 sportive.\",\"email\":\"bonjour@dicodusport.fr\",\"legalName\":\"DICODUSPORT\",\"foundingDate\":\"2018-01-14\",\"vatID\":\"FR71834470973\",\"taxID\":\"83447097300043\",\"numberOfEmployees\":{\"@type\":\"QuantitativeValue\",\"minValue\":\"1\",\"maxValue\":\"10\"}},{\"@type\":\"Person\",\"@id\":\"https:\/\/dicodusport.fr\/blog\/#\/schema\/person\/0d3ca824646a2d0c77bdd7e45230c071\",\"name\":\"Bastien Pitte\",\"image\":{\"@type\":\"ImageObject\",\"inLanguage\":\"fr-FR\",\"@id\":\"https:\/\/dicodusport.fr\/blog\/#\/schema\/person\/image\/\",\"url\":\"https:\/\/dicodusport.fr\/blog\/wp-content\/uploads\/2020\/06\/cropped-LOGO-DICODUSPORT-2020-SANS-FOND-SANS-TEXTE-150x150.png\",\"contentUrl\":\"https:\/\/dicodusport.fr\/blog\/wp-content\/uploads\/2020\/06\/cropped-LOGO-DICODUSPORT-2020-SANS-FOND-SANS-TEXTE-150x150.png\",\"caption\":\"Bastien Pitte\"},\"url\":\"https:\/\/dicodusport.fr\/blog\/author\/bastien\/\"}]}<\/script>\n<!-- \/ Yoast SEO Premium plugin. -->","yoast_head_json":{"title":"Le programme des Fran\u00e7ais ce mardi \u00e0 l'Open d'Australie","description":"Cette nuit, suite du premier tour, avec pas moins de 17 Tricolores au programme. Accrochez-vous, voici ce programme compl\u00e8tement\u00a0fou\u00a0!","robots":{"index":"index","follow":"follow","max-snippet":"max-snippet:-1","max-image-preview":"max-image-preview:large","max-video-preview":"max-video-preview:-1"},"canonical":"https:\/\/dicodusport.fr\/blog\/le-programme-des-francais-mardi-open-australie\/","og_locale":"fr_FR","og_type":"article","og_title":"Le programme des Fran\u00e7ais ce mardi \u00e0 l'Open d'Australie","og_description":"Cette nuit, suite du premier tour, avec pas moins de 17 Tricolores au programme. Accrochez-vous, voici ce programme compl\u00e8tement\u00a0fou\u00a0!","og_url":"https:\/\/dicodusport.fr\/blog\/le-programme-des-francais-mardi-open-australie\/","og_site_name":"Dicodusport","article_publisher":"https:\/\/www.facebook.com\/dicodusport","article_published_time":"2020-01-20T18:30:57+00:00","article_modified_time":"2020-01-20T19:14:12+00:00","og_image":[{"width":800,"height":445,"url":"https:\/\/dicodusport.fr\/blog\/wp-content\/uploads\/2020\/01\/Le-programme-des-Fran\u00e7ais-ce-Mardi-\u00e0-lOpen-dAustralie.png","type":"image\/png"}],"author":"Bastien Pitte","twitter_card":"summary_large_image","twitter_title":"Le programme des Fran\u00e7ais ce mardi \u00e0 l'Open d'Australie","twitter_creator":"@dicodusport","twitter_site":"@dicodusport","schema":{"@context":"https:\/\/schema.org","@graph":[{"@type":"NewsArticle","@id":"https:\/\/dicodusport.fr\/blog\/le-programme-des-francais-mardi-open-australie\/#article","isPartOf":{"@id":"https:\/\/dicodusport.fr\/blog\/le-programme-des-francais-mardi-open-australie\/"},"author":{"name":"Bastien Pitte","@id":"https:\/\/dicodusport.fr\/blog\/#\/schema\/person\/0d3ca824646a2d0c77bdd7e45230c071"},"headline":"Le programme des Fran\u00e7ais ce mardi \u00e0 l&rsquo;Open d&rsquo;Australie","datePublished":"2020-01-20T18:30:57+00:00","dateModified":"2020-01-20T19:14:12+00:00","mainEntityOfPage":{"@id":"https:\/\/dicodusport.fr\/blog\/le-programme-des-francais-mardi-open-australie\/"},"wordCount":1057,"commentCount":0,"publisher":{"@id":"https:\/\/dicodusport.fr\/blog\/#organization"},"image":{"@id":"https:\/\/dicodusport.fr\/blog\/le-programme-des-francais-mardi-open-australie\/#primaryimage"},"thumbnailUrl":"https:\/\/dicodusport.fr\/blog\/wp-content\/uploads\/2020\/01\/Le-programme-des-Fran\u00e7ais-ce-Mardi-\u00e0-lOpen-dAustralie.png","keywords":["Beno\u00eet Paire","Caroline Garcia","Ga\u00ebl Monfils","Gilles Simon","Jo-Wilfried Tsonga","Kristina Mladenovic","Open d'Australie","Tennis fran\u00e7ais"],"articleSection":["Tennis"],"inLanguage":"fr-FR","potentialAction":[{"@type":"CommentAction","name":"Comment","target":["https:\/\/dicodusport.fr\/blog\/le-programme-des-francais-mardi-open-australie\/#respond"]}],"copyrightYear":"2020","copyrightHolder":{"@id":"https:\/\/dicodusport.fr\/blog\/#organization"}},{"@type":"WebPage","@id":"https:\/\/dicodusport.fr\/blog\/le-programme-des-francais-mardi-open-australie\/","url":"https:\/\/dicodusport.fr\/blog\/le-programme-des-francais-mardi-open-australie\/","name":"Le programme des Fran\u00e7ais ce mardi \u00e0 l'Open d'Australie","isPartOf":{"@id":"https:\/\/dicodusport.fr\/blog\/#website"},"primaryImageOfPage":{"@id":"https:\/\/dicodusport.fr\/blog\/le-programme-des-francais-mardi-open-australie\/#primaryimage"},"image":{"@id":"https:\/\/dicodusport.fr\/blog\/le-programme-des-francais-mardi-open-australie\/#primaryimage"},"thumbnailUrl":"https:\/\/dicodusport.fr\/blog\/wp-content\/uploads\/2020\/01\/Le-programme-des-Fran\u00e7ais-ce-Mardi-\u00e0-lOpen-dAustralie.png","datePublished":"2020-01-20T18:30:57+00:00","dateModified":"2020-01-20T19:14:12+00:00","description":"Cette nuit, suite du premier tour, avec pas moins de 17 Tricolores au programme. Accrochez-vous, voici ce programme compl\u00e8tement\u00a0fou\u00a0!","breadcrumb":{"@id":"https:\/\/dicodusport.fr\/blog\/le-programme-des-francais-mardi-open-australie\/#breadcrumb"},"inLanguage":"fr-FR","potentialAction":[{"@type":"ReadAction","target":["https:\/\/dicodusport.fr\/blog\/le-programme-des-francais-mardi-open-australie\/"]}]},{"@type":"ImageObject","inLanguage":"fr-FR","@id":"https:\/\/dicodusport.fr\/blog\/le-programme-des-francais-mardi-open-australie\/#primaryimage","url":"https:\/\/dicodusport.fr\/blog\/wp-content\/uploads\/2020\/01\/Le-programme-des-Fran\u00e7ais-ce-Mardi-\u00e0-lOpen-dAustralie.png","contentUrl":"https:\/\/dicodusport.fr\/blog\/wp-content\/uploads\/2020\/01\/Le-programme-des-Fran\u00e7ais-ce-Mardi-\u00e0-lOpen-dAustralie.png","width":800,"height":445,"caption":"Le programme des Fran\u00e7ais ce Mardi \u00e0 l'Open d'Australie"},{"@type":"BreadcrumbList","@id":"https:\/\/dicodusport.fr\/blog\/le-programme-des-francais-mardi-open-australie\/#breadcrumb","itemListElement":[{"@type":"ListItem","position":1,"name":"Accueil","item":"https:\/\/dicodusport.fr\/blog\/"},{"@type":"ListItem","position":2,"name":"Le programme des Fran\u00e7ais ce mardi \u00e0 l&rsquo;Open d&rsquo;Australie"}]},{"@type":"WebSite","@id":"https:\/\/dicodusport.fr\/blog\/#website","url":"https:\/\/dicodusport.fr\/blog\/","name":"Dicodusport","description":"L&#039;encyclop\u00e9die de l&#039;actualit\u00e9 sportive","publisher":{"@id":"https:\/\/dicodusport.fr\/blog\/#organization"},"potentialAction":[{"@type":"SearchAction","target":{"@type":"EntryPoint","urlTemplate":"https:\/\/dicodusport.fr\/blog\/?s={search_term_string}"},"query-input":{"@type":"PropertyValueSpecification","valueRequired":true,"valueName":"search_term_string"}}],"inLanguage":"fr-FR"},{"@type":"NewsMediaOrganization","@id":"https:\/\/dicodusport.fr\/blog\/#organization","name":"Dicodusport","url":"https:\/\/dicodusport.fr\/blog\/","logo":{"@type":"ImageObject","inLanguage":"fr-FR","@id":"https:\/\/dicodusport.fr\/blog\/#\/schema\/logo\/image\/","url":"https:\/\/dicodusport.fr\/blog\/wp-content\/uploads\/2020\/06\/cropped-LOGO-DICODUSPORT-2020-SANS-FOND-SANS-TEXTE.png","contentUrl":"https:\/\/dicodusport.fr\/blog\/wp-content\/uploads\/2020\/06\/cropped-LOGO-DICODUSPORT-2020-SANS-FOND-SANS-TEXTE.png","width":512,"height":512,"caption":"Dicodusport"},"image":{"@id":"https:\/\/dicodusport.fr\/blog\/#\/schema\/logo\/image\/"},"sameAs":["https:\/\/www.facebook.com\/dicodusport","https:\/\/x.com\/dicodusport","https:\/\/www.instagram.com\/dicodusport\/","https:\/\/www.youtube.com\/channel\/UC7V2KZ5sd3htJivAbA4ZG3w"],"description":"Dicodusport est l'encyclop\u00e9die de l'actualit\u00e9 sportive.","email":"bonjour@dicodusport.fr","legalName":"DICODUSPORT","foundingDate":"2018-01-14","vatID":"FR71834470973","taxID":"83447097300043","numberOfEmployees":{"@type":"QuantitativeValue","minValue":"1","maxValue":"10"}},{"@type":"Person","@id":"https:\/\/dicodusport.fr\/blog\/#\/schema\/person\/0d3ca824646a2d0c77bdd7e45230c071","name":"Bastien Pitte","image":{"@type":"ImageObject","inLanguage":"fr-FR","@id":"https:\/\/dicodusport.fr\/blog\/#\/schema\/person\/image\/","url":"https:\/\/dicodusport.fr\/blog\/wp-content\/uploads\/2020\/06\/cropped-LOGO-DICODUSPORT-2020-SANS-FOND-SANS-TEXTE-150x150.png","contentUrl":"https:\/\/dicodusport.fr\/blog\/wp-content\/uploads\/2020\/06\/cropped-LOGO-DICODUSPORT-2020-SANS-FOND-SANS-TEXTE-150x150.png","caption":"Bastien Pitte"},"url":"https:\/\/dicodusport.fr\/blog\/author\/bastien\/"}]}},"_links":{"self":[{"href":"https:\/\/dicodusport.fr\/blog\/wp-json\/wp\/v2\/posts\/57518","targetHints":{"allow":["GET"]}}],"collection":[{"href":"https:\/\/dicodusport.fr\/blog\/wp-json\/wp\/v2\/posts"}],"about":[{"href":"https:\/\/dicodusport.fr\/blog\/wp-json\/wp\/v2\/types\/post"}],"author":[{"embeddable":true,"href":"https:\/\/dicodusport.fr\/blog\/wp-json\/wp\/v2\/users\/28"}],"replies":[{"embeddable":true,"href":"https:\/\/dicodusport.fr\/blog\/wp-json\/wp\/v2\/comments?post=57518"}],"version-history":[{"count":0,"href":"https:\/\/dicodusport.fr\/blog\/wp-json\/wp\/v2\/posts\/57518\/revisions"}],"wp:featuredmedia":[{"embeddable":true,"href":"https:\/\/dicodusport.fr\/blog\/wp-json\/wp\/v2\/media\/57538"}],"wp:attachment":[{"href":"https:\/\/dicodusport.fr\/blog\/wp-json\/wp\/v2\/media?parent=57518"}],"wp:term":[{"taxonomy":"category","embeddable":true,"href":"https:\/\/dicodusport.fr\/blog\/wp-json\/wp\/v2\/categories?post=57518"},{"taxonomy":"post_tag","embeddable":true,"href":"https:\/\/dicodusport.fr\/blog\/wp-json\/wp\/v2\/tags?post=57518"}],"curies":[{"name":"wp","href":"https:\/\/api.w.org\/{rel}","templated":true}]}}