{"id":575232,"date":"2025-05-07T14:00:59","date_gmt":"2025-05-07T12:00:59","guid":{"rendered":"https:\/\/dicodusport.fr\/blog\/?p=575232&#038;preview=true&#038;preview_id=575232"},"modified":"2025-05-07T21:08:37","modified_gmt":"2025-05-07T19:08:37","slug":"tour-ditalie-2025-quels-francais-peuvent-viser-le-classement-general","status":"publish","type":"post","link":"https:\/\/dicodusport.fr\/blog\/tour-ditalie-2025-quels-francais-peuvent-viser-le-classement-general\/","title":{"rendered":"Tour d&rsquo;Italie 2025 : Quels Fran\u00e7ais peuvent viser le classement g\u00e9n\u00e9ral ?"},"content":{"rendered":"<h4 style=\"text-align: justify;\"><em>TOUR D&rsquo;ITALIE 2025 &#8211; Les Fran\u00e7ais peuvent-ils briller au classement sur ce Tour d\u2019Italie sans la majorit\u00e9 des Fantastiques ? Il faudra principalement suivre deux coureurs, Romain Bardet et David Gaudu, dans l\u2019optique du maillot rose.<\/em><\/h4>\n<p style=\"text-align: justify;\">Pas de <strong>Tadej Pogacar<\/strong>, de <strong>Jonas Vingegaard<\/strong> ou encore de <strong>Remco Evenepoel<\/strong> \u00e0 l\u2019horizon. Pour les autres pr\u00e9tendants au classement g\u00e9n\u00e9ral, ces absences, c&rsquo;est plut\u00f4t bon signe. Et notamment pour deux coureurs fran\u00e7ais, au profil diff\u00e9rent, mais tous deux \u00e0 la recherche du maillot rose de leader sur le <a href=\"https:\/\/dicodusport.fr\/blog\/tour-ditalie-2025-le-parcours-du-giro-devoile\/\">Tour d&rsquo;Italie 2025<\/a>. D\u2019un c\u00f4t\u00e9, <strong>Romain Bardet<\/strong>, pour sa derni\u00e8re saison professionnelle, revient sur le Tour d\u2019Italie apr\u00e8s sa 9\u00e8me place de l\u2019an pass\u00e9. De l\u2019autre, <a href=\"https:\/\/dicodusport.fr\/blog\/david-gaudu-giro-tour-de-france-son-programme-pour-2025\/\"><strong>David Gaudu<\/strong><\/a>, qui d\u00e9couvrira pour la premi\u00e8re fois le Giro, \u00e0 28 ans, apr\u00e8s des saisons centr\u00e9es sur le Tour de France.<\/p>\n<div class=\"vlp-link-container vlp-layout-article\"><a href=\"https:\/\/dicodusport.fr\/blog\/tour-ditalie-2025-qui-va-briller-les-5-paris-de-la-redaction\/\" class=\"vlp-link\" title=\"Tour d\u2019Italie 2025 : Qui va briller ? Les 5 paris de la r\u00e9daction\"><\/a><div class=\"vlp-layout-zone-side\"><div class=\"vlp-block-4 vlp-link-image\"><img loading=\"lazy\" decoding=\"async\" style=\"max-width: 792px;\" width=\"792\" height=\"445\" src=\"https:\/\/dicodusport.fr\/blog\/wp-content\/uploads\/2025\/05\/Tour-dItalie-2025-Qui-va-briller-Les-5-paris-de-la-redaction-1.png\" class=\"attachment-800x445 size-800x445\" alt=\"Tour d\u2019Italie 2025 Qui va briller Les 5 paris de la r\u00e9daction (1)\" srcset=\"https:\/\/dicodusport.fr\/blog\/wp-content\/uploads\/2025\/05\/Tour-dItalie-2025-Qui-va-briller-Les-5-paris-de-la-redaction-1.png 1200w, https:\/\/dicodusport.fr\/blog\/wp-content\/uploads\/2025\/05\/Tour-dItalie-2025-Qui-va-briller-Les-5-paris-de-la-redaction-1-300x169.png 300w, https:\/\/dicodusport.fr\/blog\/wp-content\/uploads\/2025\/05\/Tour-dItalie-2025-Qui-va-briller-Les-5-paris-de-la-redaction-1-1024x575.png 1024w, https:\/\/dicodusport.fr\/blog\/wp-content\/uploads\/2025\/05\/Tour-dItalie-2025-Qui-va-briller-Les-5-paris-de-la-redaction-1-768x431.png 768w\" sizes=\"auto, (max-width: 792px) 100vw, 792px\" \/><\/div><\/div><div class=\"vlp-layout-zone-main\"><div class=\"vlp-block-0 vlp-link-title\">Tour d\u2019Italie 2025 : Qui va briller ? Les 5 paris de la r\u00e9daction<\/div><div class=\"vlp-block-1 vlp-link-summary\">\u00c0 l'approche du Giro 2025, la r\u00e9daction d\u00e9voile ses paris et pronostics : favoris, outsiders, surprises... D\u00e9couvrez nos choix !<\/div><div class=\"vlp-block-2 vlp-link-button\">Lire l'article<\/div><div class=\"vlp-block-3 vlp-link-url\">dicodusport.fr<\/div><\/div><\/div>\n<h2 style=\"text-align: justify;\">Romain Bardet, un dernier Grand Tour avant la retraite<\/h2>\n<p style=\"text-align: justify;\">\u00c0 34 ans, <a href=\"https:\/\/dicodusport.fr\/blog\/romain-bardet-liege-giro-dauphine-son-programme-pour-sa-demi-saison-2025\/\">Romain Bardet<\/a> est au cr\u00e9puscule de sa carri\u00e8re professionnelle. Apr\u00e8s le Tour d\u2019Italie, il ne lui restera plus qu\u2019une course. <a href=\"https:\/\/dicodusport.fr\/blog\/romain-bardet-prendra-sa-retraite-a-lissue-du-criterium-du-dauphine-2025\/\">Le Crit\u00e9rium du Dauphin\u00e9<\/a>, presque \u00e0 la maison. Le grimpeur fran\u00e7ais, 9\u00e8me du Tour de France 2016 derri\u00e8re <strong>Chris Froome<\/strong>, n\u2019a plus rien \u00e0 prouver. Mais apr\u00e8s la frustration de 2022, o\u00f9 il \u00e9tait unanimement le plus fort en montagne avant de devoir abandonner (<a href=\"https:\/\/dicodusport.fr\/blog\/tour-ditalie-2022-romain-bardet-contraint-a-labandon\/\"><strong>infection intestinale<\/strong><\/a>) lors de la 13<sup>e<\/sup> \u00e9tape, <strong>Romain Bardet<\/strong> a les crocs en Italie. 9\u00e8me l\u2019an pass\u00e9 \u00e0 plus de 10 minutes du podium et de <strong>Geraint Thomas<\/strong>, le natif de Brioude a-t-il les jambes cette ann\u00e9e ? L\u00e9g\u00e8rement en retrait sur le Tour des Alpes (10\u00e8me \u00e0 plus de 6 minutes de <strong>Michael Storer<\/strong>, mais \u00e0 1:30 du podium), il s\u2019est rat\u00e9 sur Li\u00e8ge-Bastogne-Li\u00e8ge, seulement 82\u00e8me.<\/p>\n<blockquote>\n<p style=\"text-align: justify;\">Mon grand regret est de ne pas avoir essay\u00e9 de gagner d\u2019autres Grands Tours avant le Tour. Apr\u00e8s mon double podium (2016, 2017), j\u2019aurais d\u00fb essayer de gagner le Giro ou de finir sur le podium, mais j\u2019ai trop attendu et maintenant que ce n\u2019est plus possible. 2022 \u00e9tait ma derni\u00e8re chance, et je ne pense pas qu\u2019il soit judicieux de faire tous ces sacrifices pour obtenir des r\u00e9sultats moindres. Terminer \u00e0 un niveau encore \u00e9lev\u00e9, avec une saison solide, est mon sc\u00e9nario de retraite id\u00e9al.<\/p>\n<\/blockquote>\n<p style=\"text-align: justify;\">Il sera \u00e9paul\u00e9 par plusieurs bons grimpeurs, notamment <strong>Max Poole<\/strong> et <strong>Gijs Leemreize<\/strong>. Quel <a href=\"https:\/\/dicodusport.fr\/blog\/romain-bardet-une-saison-2024-aboutie-avant-ses-derniers-coups-de-pedale\/\">Romain Bardet<\/a> aurons-nous sur les routes italiennes dans quelques jours ? R\u00e9ponse \u00e0 partir du 9 mai. Refera-t-il le coup de <a href=\"https:\/\/dicodusport.fr\/blog\/tour-de-france-2024-1ere-etape-et-maillot-jaune-la-consecration-pour-romain-bardet\/\">la premi\u00e8re \u00e9tape<\/a>, comme sur le Tour de France 2024 ? Il avait alors port\u00e9 le maillot jaune, apr\u00e8s une tentative \u00e0 plus de 50 kilom\u00e8tres de l&rsquo;arriv\u00e9e.<\/p>\n<ul>\n<li style=\"text-align: justify;\"><strong>\u00c0 ce sujet &#8211; <a href=\"https:\/\/dicodusport.fr\/blog\/tour-ditalie-2025-parcours-detaille-et-profils-des-etapes-du-giro\/\">Tour d\u2019Italie 2025 : Parcours d\u00e9taill\u00e9 et profils des \u00e9tapes du Giro<\/a><\/strong><\/li>\n<\/ul>\n<h2 style=\"text-align: justify;\">David Gaudu, une d\u00e9couverte couronn\u00e9e de succ\u00e8s\u00a0?<\/h2>\n<p style=\"text-align: justify;\">\u00c0 la Groupama-FDJ, il n\u2019y a souvent qu\u2019une seule course qui compte quand on vise les classements g\u00e9n\u00e9raux : le Tour de France. Par son temps, <strong>Thibaut Pinot<\/strong> ne voyait que par la Grande Boucle, avant finalement de d\u00e9couvrir les routes italiennes au mois de mai en fin de carri\u00e8re. Le sch\u00e9ma s\u2019est r\u00e9p\u00e9t\u00e9 avec <a href=\"https:\/\/dicodusport.fr\/blog\/david-gaudu-lequipe-ne-me-bridera-pas\/\">David Gaudu<\/a>. D&rsquo;abord \u00e9quipier de Pinot, le grimpeur est finalement devenu le leader sur le Tour de France.<\/p>\n<p style=\"text-align: justify;\">Avant, cette ann\u00e9e, de se d\u00e9cider \u00e0 participer au Giro. Avec, directement, des objectifs \u00e9lev\u00e9s. <em>\u00ab Le podium au Giro, c&rsquo;est faisable \u00bb<\/em>, avait-il d\u00e9clar\u00e9 \u00e0 nos confr\u00e8res de <a href=\"https:\/\/www.lequipe.fr\/Cyclisme-sur-route\/Article\/David-gaudu-le-podium-au-giro-c-est-faisable\/1530687\"><em>L&rsquo;\u00c9quipe<\/em><\/a>. Il y \u00e9voquait d&rsquo;ailleurs son envie de d\u00e9couvrir l&rsquo;Italie. <em>\u00ab Cela faisait un moment qu&rsquo;on en parlait avec Marc (Madiot), depuis ma ren\u00e9gociation de contrat (en juin 2022). L&rsquo;an pass\u00e9, on n&rsquo;y a pas \u00e9t\u00e9, car il y avait beaucoup de chronos plats assez longs, et j&rsquo;avais envie d&rsquo;aller au Tour pour essayer de me rattraper de 2023 \u00bb<\/em>. Avec seulement 44 kilom\u00e8tres de chrono, dont 11 tr\u00e8s montagneux, le Giro 2025 sied \u00e0 merveille sur le papier \u00e0 <strong>Gaudu<\/strong>. Les longues ascensions italiennes pourraient \u00e9galement lui convenir. \u00c0 lui, le pur grimpeur.<\/p>\n<ul style=\"text-align: justify;\">\n<li style=\"text-align: justify;\"><strong>\u00c0 ce sujet \u2013\u00a0<a href=\"https:\/\/dicodusport.fr\/blog\/tour-ditalie-2025-les-compositions-des-equipes\/\">La composition des \u00e9quipes du Tour d\u2019Italie 2025<\/a><\/strong><\/li>\n<\/ul>\n<p style=\"text-align: justify;\">\u00c0 28 ans, David Gaudu pourrait bien \u00eatre le premier fran\u00e7ais depuis <strong>John Gadret<\/strong>, en 2011, sur le podium. M\u00eame si, apr\u00e8s un d\u00e9but de saison gal\u00e8re, il est r\u00e9aliste sur son \u00e9tat de forme. <em>\u00ab Je vais s\u00fbrement avoir une dizaine de jours gal\u00e8res. Je vais devoir m&rsquo;accrocher. J&rsquo;ai envie d&rsquo;\u00eatre combatif pour ma d\u00e9couverte du Giro et de faire de belles choses. M\u00eame si on perd deux trois minutes la premi\u00e8re semaine, il faudra \u00eatre conqu\u00e9rant ensuite \u00bb<\/em>, a-t-il confi\u00e9 \u00e0 <em>La cha\u00eene L&rsquo;\u00c9quipe<\/em>.<\/p>\n<blockquote class=\"twitter-tweet\">\n<p dir=\"ltr\" lang=\"fr\">David Gaudu s&rsquo;appr\u00eate \u00e0 retrouver les pelotons cette semaine sur le Tour de Romandie, une \u00e9tape importante avant le Giro. \u2935 <a href=\"https:\/\/t.co\/44fK88RIYL\">pic.twitter.com\/44fK88RIYL<\/a><\/p>\n<p>\u2014 \u00c9quipe Cycliste Groupama-FDJ (@GroupamaFDJ) <a href=\"https:\/\/twitter.com\/GroupamaFDJ\/status\/1916848953703936352?ref_src=twsrc%5Etfw\">April 28, 2025<\/a><\/p><\/blockquote>\n<p style=\"text-align: justify;\"><script async src=\"https:\/\/platform.twitter.com\/widgets.js\" charset=\"utf-8\"><\/script><\/p>\n<h2 style=\"text-align: justify;\">\u00c0 lire aussi<\/h2>\n<div class=\"vlp-link-container vlp-layout-article\"><a href=\"https:\/\/dicodusport.fr\/blog\/favoris-tour-ditalie-2025-vers-un-duel-primoz-roglic-contre-juan-ayuso\/\" class=\"vlp-link\" title=\"Favoris Tour d&#039;Italie 2025 : Vers un duel Primoz Roglic contre Juan Ayuso ?\"><\/a><div class=\"vlp-layout-zone-side\"><div class=\"vlp-block-4 vlp-link-image\"><img loading=\"lazy\" decoding=\"async\" style=\"max-width: 792px;\" width=\"792\" height=\"445\" src=\"https:\/\/dicodusport.fr\/blog\/wp-content\/uploads\/2025\/05\/Favoris-Tour-dItalie-2025-Vers-un-duel-Primoz-Roglic-contre-Juan-Ayuso-.png\" class=\"attachment-800x445 size-800x445\" alt=\"Favoris Tour d&#039;Italie 2025 Vers un duel Primoz Roglic contre Juan Ayuso\" srcset=\"https:\/\/dicodusport.fr\/blog\/wp-content\/uploads\/2025\/05\/Favoris-Tour-dItalie-2025-Vers-un-duel-Primoz-Roglic-contre-Juan-Ayuso-.png 1200w, https:\/\/dicodusport.fr\/blog\/wp-content\/uploads\/2025\/05\/Favoris-Tour-dItalie-2025-Vers-un-duel-Primoz-Roglic-contre-Juan-Ayuso--300x169.png 300w, https:\/\/dicodusport.fr\/blog\/wp-content\/uploads\/2025\/05\/Favoris-Tour-dItalie-2025-Vers-un-duel-Primoz-Roglic-contre-Juan-Ayuso--1024x575.png 1024w, https:\/\/dicodusport.fr\/blog\/wp-content\/uploads\/2025\/05\/Favoris-Tour-dItalie-2025-Vers-un-duel-Primoz-Roglic-contre-Juan-Ayuso--768x431.png 768w\" sizes=\"auto, (max-width: 792px) 100vw, 792px\" \/><\/div><\/div><div class=\"vlp-layout-zone-main\"><div class=\"vlp-block-0 vlp-link-title\">Favoris Tour d'Italie 2025 : Vers un duel Primoz Roglic contre Juan Ayuso ?<\/div><div class=\"vlp-block-1 vlp-link-summary\">TOUR D'ITALIE 2025 - On semble se diriger vers un duel Primoz Roglic \/ Juan Ayuso sur les routes italiennes, et ce pendant trois semaines. On fait le point sur les forces et faiblesses des deux coureurs. Et on gardera un \u0153il sur les autres concurrents.<\/div><div class=\"vlp-block-2 vlp-link-button\">Lire l'article<\/div><div class=\"vlp-block-3 vlp-link-url\">dicodusport.fr<\/div><\/div><\/div>\n","protected":false},"excerpt":{"rendered":"<p>TOUR D&rsquo;ITALIE 2025 &#8211; Les Fran\u00e7ais peuvent-ils briller au classement sur ce Tour d\u2019Italie sans la majorit\u00e9 des Fantastiques ? Il faudra principalement suivre deux coureurs, Romain Bardet et David Gaudu, dans l\u2019optique du maillot rose.<\/p>\n","protected":false},"author":88,"featured_media":577190,"comment_status":"open","ping_status":"closed","sticky":false,"template":"","format":"standard","meta":{"_acf_changed":false,"_daextam_enable_autolinks":"1","footnotes":""},"categories":[47041],"tags":[16878,3113,3279,3646,24],"class_list":["post-575232","post","type-post","status-publish","format-standard","has-post-thumbnail","hentry","category-tour-d-italie","tag-breve","tag-david-gaudu","tag-groupama-fdj","tag-romain-bardet","tag-sport"],"acf":[],"yoast_head":"<!-- This site is optimized with the Yoast SEO Premium plugin v26.7 (Yoast SEO v26.7) - https:\/\/yoast.com\/wordpress\/plugins\/seo\/ -->\n<title>Tour d&#039;Italie 2025 : Quels Fran\u00e7ais peuvent viser le classement g\u00e9n\u00e9ral ?<\/title>\n<meta name=\"description\" content=\"TOUR D&#039;ITALIE 2025 - Les Fran\u00e7ais peuvent-ils briller ? Il faudra principalement suivre Romain Bardet et David Gaudu pour le maillot rose.\" \/>\n<meta name=\"robots\" content=\"index, follow, max-snippet:-1, max-image-preview:large, max-video-preview:-1\" \/>\n<link rel=\"canonical\" href=\"https:\/\/dicodusport.fr\/blog\/tour-ditalie-2025-quels-francais-peuvent-viser-le-classement-general\/\" \/>\n<meta property=\"og:locale\" content=\"fr_FR\" \/>\n<meta property=\"og:type\" content=\"article\" \/>\n<meta property=\"og:title\" content=\"Tour d&#039;Italie 2025 : Quels Fran\u00e7ais peuvent viser le classement g\u00e9n\u00e9ral ?\" \/>\n<meta property=\"og:description\" content=\"TOUR D&#039;ITALIE 2025 - Les Fran\u00e7ais peuvent-ils briller ? Il faudra principalement suivre Romain Bardet et David Gaudu pour le maillot rose.\" \/>\n<meta property=\"og:url\" content=\"https:\/\/dicodusport.fr\/blog\/tour-ditalie-2025-quels-francais-peuvent-viser-le-classement-general\/\" \/>\n<meta property=\"og:site_name\" content=\"Dicodusport\" \/>\n<meta property=\"article:publisher\" content=\"https:\/\/www.facebook.com\/dicodusport\" \/>\n<meta property=\"article:published_time\" content=\"2025-05-07T12:00:59+00:00\" \/>\n<meta property=\"article:modified_time\" content=\"2025-05-07T19:08:37+00:00\" \/>\n<meta property=\"og:image\" content=\"https:\/\/dicodusport.fr\/blog\/wp-content\/uploads\/2025\/04\/Tour-dItalie-2025-Quels-Francais-peuvent-viser-le-classement-general-.png\" \/>\n\t<meta property=\"og:image:width\" content=\"1200\" \/>\n\t<meta property=\"og:image:height\" content=\"674\" \/>\n\t<meta property=\"og:image:type\" content=\"image\/png\" \/>\n<meta name=\"author\" content=\"Paul Lalevee\" \/>\n<meta name=\"twitter:card\" content=\"summary_large_image\" \/>\n<meta name=\"twitter:title\" content=\"Tour d&#039;Italie 2025 : Quels Fran\u00e7ais peuvent viser le classement g\u00e9n\u00e9ral ?\" \/>\n<meta name=\"twitter:creator\" content=\"@dicodusport\" \/>\n<meta name=\"twitter:site\" content=\"@dicodusport\" \/>\n<script type=\"application\/ld+json\" class=\"yoast-schema-graph\">{\"@context\":\"https:\/\/schema.org\",\"@graph\":[{\"@type\":\"NewsArticle\",\"@id\":\"https:\/\/dicodusport.fr\/blog\/tour-ditalie-2025-quels-francais-peuvent-viser-le-classement-general\/#article\",\"isPartOf\":{\"@id\":\"https:\/\/dicodusport.fr\/blog\/tour-ditalie-2025-quels-francais-peuvent-viser-le-classement-general\/\"},\"author\":{\"name\":\"Paul Lalevee\",\"@id\":\"https:\/\/dicodusport.fr\/blog\/#\/schema\/person\/1eaa63dfac40b5e5c47f03a71920c1cd\"},\"headline\":\"Tour d&rsquo;Italie 2025 : Quels Fran\u00e7ais peuvent viser le classement g\u00e9n\u00e9ral ?\",\"datePublished\":\"2025-05-07T12:00:59+00:00\",\"dateModified\":\"2025-05-07T19:08:37+00:00\",\"mainEntityOfPage\":{\"@id\":\"https:\/\/dicodusport.fr\/blog\/tour-ditalie-2025-quels-francais-peuvent-viser-le-classement-general\/\"},\"wordCount\":1021,\"commentCount\":0,\"publisher\":{\"@id\":\"https:\/\/dicodusport.fr\/blog\/#organization\"},\"image\":{\"@id\":\"https:\/\/dicodusport.fr\/blog\/tour-ditalie-2025-quels-francais-peuvent-viser-le-classement-general\/#primaryimage\"},\"thumbnailUrl\":\"https:\/\/dicodusport.fr\/blog\/wp-content\/uploads\/2025\/04\/Tour-dItalie-2025-Quels-Francais-peuvent-viser-le-classement-general-.png\",\"keywords\":[\"br\u00e8ve\",\"David Gaudu\",\"Groupama FDJ\",\"Romain Bardet\",\"sport\"],\"articleSection\":[\"Tour d'Italie\"],\"inLanguage\":\"fr-FR\",\"potentialAction\":[{\"@type\":\"CommentAction\",\"name\":\"Comment\",\"target\":[\"https:\/\/dicodusport.fr\/blog\/tour-ditalie-2025-quels-francais-peuvent-viser-le-classement-general\/#respond\"]}],\"copyrightYear\":\"2025\",\"copyrightHolder\":{\"@id\":\"https:\/\/dicodusport.fr\/blog\/#organization\"}},{\"@type\":\"WebPage\",\"@id\":\"https:\/\/dicodusport.fr\/blog\/tour-ditalie-2025-quels-francais-peuvent-viser-le-classement-general\/\",\"url\":\"https:\/\/dicodusport.fr\/blog\/tour-ditalie-2025-quels-francais-peuvent-viser-le-classement-general\/\",\"name\":\"Tour d'Italie 2025 : Quels Fran\u00e7ais peuvent viser le classement g\u00e9n\u00e9ral ?\",\"isPartOf\":{\"@id\":\"https:\/\/dicodusport.fr\/blog\/#website\"},\"primaryImageOfPage\":{\"@id\":\"https:\/\/dicodusport.fr\/blog\/tour-ditalie-2025-quels-francais-peuvent-viser-le-classement-general\/#primaryimage\"},\"image\":{\"@id\":\"https:\/\/dicodusport.fr\/blog\/tour-ditalie-2025-quels-francais-peuvent-viser-le-classement-general\/#primaryimage\"},\"thumbnailUrl\":\"https:\/\/dicodusport.fr\/blog\/wp-content\/uploads\/2025\/04\/Tour-dItalie-2025-Quels-Francais-peuvent-viser-le-classement-general-.png\",\"datePublished\":\"2025-05-07T12:00:59+00:00\",\"dateModified\":\"2025-05-07T19:08:37+00:00\",\"description\":\"TOUR D'ITALIE 2025 - Les Fran\u00e7ais peuvent-ils briller ? Il faudra principalement suivre Romain Bardet et David Gaudu pour le maillot rose.\",\"breadcrumb\":{\"@id\":\"https:\/\/dicodusport.fr\/blog\/tour-ditalie-2025-quels-francais-peuvent-viser-le-classement-general\/#breadcrumb\"},\"inLanguage\":\"fr-FR\",\"potentialAction\":[{\"@type\":\"ReadAction\",\"target\":[\"https:\/\/dicodusport.fr\/blog\/tour-ditalie-2025-quels-francais-peuvent-viser-le-classement-general\/\"]}]},{\"@type\":\"ImageObject\",\"inLanguage\":\"fr-FR\",\"@id\":\"https:\/\/dicodusport.fr\/blog\/tour-ditalie-2025-quels-francais-peuvent-viser-le-classement-general\/#primaryimage\",\"url\":\"https:\/\/dicodusport.fr\/blog\/wp-content\/uploads\/2025\/04\/Tour-dItalie-2025-Quels-Francais-peuvent-viser-le-classement-general-.png\",\"contentUrl\":\"https:\/\/dicodusport.fr\/blog\/wp-content\/uploads\/2025\/04\/Tour-dItalie-2025-Quels-Francais-peuvent-viser-le-classement-general-.png\",\"width\":1200,\"height\":674,\"caption\":\"Tour d'Italie 2025 Quels Fran\u00e7ais peuvent viser le classement g\u00e9n\u00e9ral\"},{\"@type\":\"BreadcrumbList\",\"@id\":\"https:\/\/dicodusport.fr\/blog\/tour-ditalie-2025-quels-francais-peuvent-viser-le-classement-general\/#breadcrumb\",\"itemListElement\":[{\"@type\":\"ListItem\",\"position\":1,\"name\":\"Accueil\",\"item\":\"https:\/\/dicodusport.fr\/blog\/\"},{\"@type\":\"ListItem\",\"position\":2,\"name\":\"Tour d&rsquo;Italie 2025 : Quels Fran\u00e7ais peuvent viser le classement g\u00e9n\u00e9ral ?\"}]},{\"@type\":\"WebSite\",\"@id\":\"https:\/\/dicodusport.fr\/blog\/#website\",\"url\":\"https:\/\/dicodusport.fr\/blog\/\",\"name\":\"Dicodusport\",\"description\":\"L&#039;encyclop\u00e9die de l&#039;actualit\u00e9 sportive\",\"publisher\":{\"@id\":\"https:\/\/dicodusport.fr\/blog\/#organization\"},\"potentialAction\":[{\"@type\":\"SearchAction\",\"target\":{\"@type\":\"EntryPoint\",\"urlTemplate\":\"https:\/\/dicodusport.fr\/blog\/?s={search_term_string}\"},\"query-input\":{\"@type\":\"PropertyValueSpecification\",\"valueRequired\":true,\"valueName\":\"search_term_string\"}}],\"inLanguage\":\"fr-FR\"},{\"@type\":\"NewsMediaOrganization\",\"@id\":\"https:\/\/dicodusport.fr\/blog\/#organization\",\"name\":\"Dicodusport\",\"url\":\"https:\/\/dicodusport.fr\/blog\/\",\"logo\":{\"@type\":\"ImageObject\",\"inLanguage\":\"fr-FR\",\"@id\":\"https:\/\/dicodusport.fr\/blog\/#\/schema\/logo\/image\/\",\"url\":\"https:\/\/dicodusport.fr\/blog\/wp-content\/uploads\/2020\/06\/cropped-LOGO-DICODUSPORT-2020-SANS-FOND-SANS-TEXTE.png\",\"contentUrl\":\"https:\/\/dicodusport.fr\/blog\/wp-content\/uploads\/2020\/06\/cropped-LOGO-DICODUSPORT-2020-SANS-FOND-SANS-TEXTE.png\",\"width\":512,\"height\":512,\"caption\":\"Dicodusport\"},\"image\":{\"@id\":\"https:\/\/dicodusport.fr\/blog\/#\/schema\/logo\/image\/\"},\"sameAs\":[\"https:\/\/www.facebook.com\/dicodusport\",\"https:\/\/x.com\/dicodusport\",\"https:\/\/www.instagram.com\/dicodusport\/\",\"https:\/\/www.youtube.com\/channel\/UC7V2KZ5sd3htJivAbA4ZG3w\"],\"description\":\"Dicodusport est l'encyclop\u00e9die de l'actualit\u00e9 sportive.\",\"email\":\"bonjour@dicodusport.fr\",\"legalName\":\"DICODUSPORT\",\"foundingDate\":\"2018-01-14\",\"vatID\":\"FR71834470973\",\"taxID\":\"83447097300043\",\"numberOfEmployees\":{\"@type\":\"QuantitativeValue\",\"minValue\":\"1\",\"maxValue\":\"10\"}},{\"@type\":\"Person\",\"@id\":\"https:\/\/dicodusport.fr\/blog\/#\/schema\/person\/1eaa63dfac40b5e5c47f03a71920c1cd\",\"name\":\"Paul Lalevee\",\"image\":{\"@type\":\"ImageObject\",\"inLanguage\":\"fr-FR\",\"@id\":\"https:\/\/dicodusport.fr\/blog\/#\/schema\/person\/image\/\",\"url\":\"https:\/\/dicodusport.fr\/blog\/wp-content\/uploads\/2023\/10\/291154246_1690604071293245_3118259335115946499_n-150x150.jpg\",\"contentUrl\":\"https:\/\/dicodusport.fr\/blog\/wp-content\/uploads\/2023\/10\/291154246_1690604071293245_3118259335115946499_n-150x150.jpg\",\"caption\":\"Paul Lalevee\"},\"description\":\"La bulle Disney pendant le Covid, le Tour 2019, la Coupe du monde 2018. Ces trois \u00e9v\u00e9nements majeurs sont ancr\u00e9s dans ma t\u00eate de fan de sport, n\u00e9gativement ou positivement. Passionn\u00e9 de sport depuis l'enfance, j'ai d\u00e9cid\u00e9 de mettre ma passion de l'\u00e9criture au service de cette premi\u00e8re passion.\",\"url\":\"https:\/\/dicodusport.fr\/blog\/author\/paul-lalevee\/\"}]}<\/script>\n<!-- \/ Yoast SEO Premium plugin. -->","yoast_head_json":{"title":"Tour d'Italie 2025 : Quels Fran\u00e7ais peuvent viser le classement g\u00e9n\u00e9ral ?","description":"TOUR D'ITALIE 2025 - Les Fran\u00e7ais peuvent-ils briller ? Il faudra principalement suivre Romain Bardet et David Gaudu pour le maillot rose.","robots":{"index":"index","follow":"follow","max-snippet":"max-snippet:-1","max-image-preview":"max-image-preview:large","max-video-preview":"max-video-preview:-1"},"canonical":"https:\/\/dicodusport.fr\/blog\/tour-ditalie-2025-quels-francais-peuvent-viser-le-classement-general\/","og_locale":"fr_FR","og_type":"article","og_title":"Tour d'Italie 2025 : Quels Fran\u00e7ais peuvent viser le classement g\u00e9n\u00e9ral ?","og_description":"TOUR D'ITALIE 2025 - Les Fran\u00e7ais peuvent-ils briller ? Il faudra principalement suivre Romain Bardet et David Gaudu pour le maillot rose.","og_url":"https:\/\/dicodusport.fr\/blog\/tour-ditalie-2025-quels-francais-peuvent-viser-le-classement-general\/","og_site_name":"Dicodusport","article_publisher":"https:\/\/www.facebook.com\/dicodusport","article_published_time":"2025-05-07T12:00:59+00:00","article_modified_time":"2025-05-07T19:08:37+00:00","og_image":[{"width":1200,"height":674,"url":"https:\/\/dicodusport.fr\/blog\/wp-content\/uploads\/2025\/04\/Tour-dItalie-2025-Quels-Francais-peuvent-viser-le-classement-general-.png","type":"image\/png"}],"author":"Paul Lalevee","twitter_card":"summary_large_image","twitter_title":"Tour d'Italie 2025 : Quels Fran\u00e7ais peuvent viser le classement g\u00e9n\u00e9ral ?","twitter_creator":"@dicodusport","twitter_site":"@dicodusport","schema":{"@context":"https:\/\/schema.org","@graph":[{"@type":"NewsArticle","@id":"https:\/\/dicodusport.fr\/blog\/tour-ditalie-2025-quels-francais-peuvent-viser-le-classement-general\/#article","isPartOf":{"@id":"https:\/\/dicodusport.fr\/blog\/tour-ditalie-2025-quels-francais-peuvent-viser-le-classement-general\/"},"author":{"name":"Paul Lalevee","@id":"https:\/\/dicodusport.fr\/blog\/#\/schema\/person\/1eaa63dfac40b5e5c47f03a71920c1cd"},"headline":"Tour d&rsquo;Italie 2025 : Quels Fran\u00e7ais peuvent viser le classement g\u00e9n\u00e9ral ?","datePublished":"2025-05-07T12:00:59+00:00","dateModified":"2025-05-07T19:08:37+00:00","mainEntityOfPage":{"@id":"https:\/\/dicodusport.fr\/blog\/tour-ditalie-2025-quels-francais-peuvent-viser-le-classement-general\/"},"wordCount":1021,"commentCount":0,"publisher":{"@id":"https:\/\/dicodusport.fr\/blog\/#organization"},"image":{"@id":"https:\/\/dicodusport.fr\/blog\/tour-ditalie-2025-quels-francais-peuvent-viser-le-classement-general\/#primaryimage"},"thumbnailUrl":"https:\/\/dicodusport.fr\/blog\/wp-content\/uploads\/2025\/04\/Tour-dItalie-2025-Quels-Francais-peuvent-viser-le-classement-general-.png","keywords":["br\u00e8ve","David Gaudu","Groupama FDJ","Romain Bardet","sport"],"articleSection":["Tour d'Italie"],"inLanguage":"fr-FR","potentialAction":[{"@type":"CommentAction","name":"Comment","target":["https:\/\/dicodusport.fr\/blog\/tour-ditalie-2025-quels-francais-peuvent-viser-le-classement-general\/#respond"]}],"copyrightYear":"2025","copyrightHolder":{"@id":"https:\/\/dicodusport.fr\/blog\/#organization"}},{"@type":"WebPage","@id":"https:\/\/dicodusport.fr\/blog\/tour-ditalie-2025-quels-francais-peuvent-viser-le-classement-general\/","url":"https:\/\/dicodusport.fr\/blog\/tour-ditalie-2025-quels-francais-peuvent-viser-le-classement-general\/","name":"Tour d'Italie 2025 : Quels Fran\u00e7ais peuvent viser le classement g\u00e9n\u00e9ral ?","isPartOf":{"@id":"https:\/\/dicodusport.fr\/blog\/#website"},"primaryImageOfPage":{"@id":"https:\/\/dicodusport.fr\/blog\/tour-ditalie-2025-quels-francais-peuvent-viser-le-classement-general\/#primaryimage"},"image":{"@id":"https:\/\/dicodusport.fr\/blog\/tour-ditalie-2025-quels-francais-peuvent-viser-le-classement-general\/#primaryimage"},"thumbnailUrl":"https:\/\/dicodusport.fr\/blog\/wp-content\/uploads\/2025\/04\/Tour-dItalie-2025-Quels-Francais-peuvent-viser-le-classement-general-.png","datePublished":"2025-05-07T12:00:59+00:00","dateModified":"2025-05-07T19:08:37+00:00","description":"TOUR D'ITALIE 2025 - Les Fran\u00e7ais peuvent-ils briller ? Il faudra principalement suivre Romain Bardet et David Gaudu pour le maillot rose.","breadcrumb":{"@id":"https:\/\/dicodusport.fr\/blog\/tour-ditalie-2025-quels-francais-peuvent-viser-le-classement-general\/#breadcrumb"},"inLanguage":"fr-FR","potentialAction":[{"@type":"ReadAction","target":["https:\/\/dicodusport.fr\/blog\/tour-ditalie-2025-quels-francais-peuvent-viser-le-classement-general\/"]}]},{"@type":"ImageObject","inLanguage":"fr-FR","@id":"https:\/\/dicodusport.fr\/blog\/tour-ditalie-2025-quels-francais-peuvent-viser-le-classement-general\/#primaryimage","url":"https:\/\/dicodusport.fr\/blog\/wp-content\/uploads\/2025\/04\/Tour-dItalie-2025-Quels-Francais-peuvent-viser-le-classement-general-.png","contentUrl":"https:\/\/dicodusport.fr\/blog\/wp-content\/uploads\/2025\/04\/Tour-dItalie-2025-Quels-Francais-peuvent-viser-le-classement-general-.png","width":1200,"height":674,"caption":"Tour d'Italie 2025 Quels Fran\u00e7ais peuvent viser le classement g\u00e9n\u00e9ral"},{"@type":"BreadcrumbList","@id":"https:\/\/dicodusport.fr\/blog\/tour-ditalie-2025-quels-francais-peuvent-viser-le-classement-general\/#breadcrumb","itemListElement":[{"@type":"ListItem","position":1,"name":"Accueil","item":"https:\/\/dicodusport.fr\/blog\/"},{"@type":"ListItem","position":2,"name":"Tour d&rsquo;Italie 2025 : Quels Fran\u00e7ais peuvent viser le classement g\u00e9n\u00e9ral ?"}]},{"@type":"WebSite","@id":"https:\/\/dicodusport.fr\/blog\/#website","url":"https:\/\/dicodusport.fr\/blog\/","name":"Dicodusport","description":"L&#039;encyclop\u00e9die de l&#039;actualit\u00e9 sportive","publisher":{"@id":"https:\/\/dicodusport.fr\/blog\/#organization"},"potentialAction":[{"@type":"SearchAction","target":{"@type":"EntryPoint","urlTemplate":"https:\/\/dicodusport.fr\/blog\/?s={search_term_string}"},"query-input":{"@type":"PropertyValueSpecification","valueRequired":true,"valueName":"search_term_string"}}],"inLanguage":"fr-FR"},{"@type":"NewsMediaOrganization","@id":"https:\/\/dicodusport.fr\/blog\/#organization","name":"Dicodusport","url":"https:\/\/dicodusport.fr\/blog\/","logo":{"@type":"ImageObject","inLanguage":"fr-FR","@id":"https:\/\/dicodusport.fr\/blog\/#\/schema\/logo\/image\/","url":"https:\/\/dicodusport.fr\/blog\/wp-content\/uploads\/2020\/06\/cropped-LOGO-DICODUSPORT-2020-SANS-FOND-SANS-TEXTE.png","contentUrl":"https:\/\/dicodusport.fr\/blog\/wp-content\/uploads\/2020\/06\/cropped-LOGO-DICODUSPORT-2020-SANS-FOND-SANS-TEXTE.png","width":512,"height":512,"caption":"Dicodusport"},"image":{"@id":"https:\/\/dicodusport.fr\/blog\/#\/schema\/logo\/image\/"},"sameAs":["https:\/\/www.facebook.com\/dicodusport","https:\/\/x.com\/dicodusport","https:\/\/www.instagram.com\/dicodusport\/","https:\/\/www.youtube.com\/channel\/UC7V2KZ5sd3htJivAbA4ZG3w"],"description":"Dicodusport est l'encyclop\u00e9die de l'actualit\u00e9 sportive.","email":"bonjour@dicodusport.fr","legalName":"DICODUSPORT","foundingDate":"2018-01-14","vatID":"FR71834470973","taxID":"83447097300043","numberOfEmployees":{"@type":"QuantitativeValue","minValue":"1","maxValue":"10"}},{"@type":"Person","@id":"https:\/\/dicodusport.fr\/blog\/#\/schema\/person\/1eaa63dfac40b5e5c47f03a71920c1cd","name":"Paul Lalevee","image":{"@type":"ImageObject","inLanguage":"fr-FR","@id":"https:\/\/dicodusport.fr\/blog\/#\/schema\/person\/image\/","url":"https:\/\/dicodusport.fr\/blog\/wp-content\/uploads\/2023\/10\/291154246_1690604071293245_3118259335115946499_n-150x150.jpg","contentUrl":"https:\/\/dicodusport.fr\/blog\/wp-content\/uploads\/2023\/10\/291154246_1690604071293245_3118259335115946499_n-150x150.jpg","caption":"Paul Lalevee"},"description":"La bulle Disney pendant le Covid, le Tour 2019, la Coupe du monde 2018. Ces trois \u00e9v\u00e9nements majeurs sont ancr\u00e9s dans ma t\u00eate de fan de sport, n\u00e9gativement ou positivement. Passionn\u00e9 de sport depuis l'enfance, j'ai d\u00e9cid\u00e9 de mettre ma passion de l'\u00e9criture au service de cette premi\u00e8re passion.","url":"https:\/\/dicodusport.fr\/blog\/author\/paul-lalevee\/"}]}},"_links":{"self":[{"href":"https:\/\/dicodusport.fr\/blog\/wp-json\/wp\/v2\/posts\/575232","targetHints":{"allow":["GET"]}}],"collection":[{"href":"https:\/\/dicodusport.fr\/blog\/wp-json\/wp\/v2\/posts"}],"about":[{"href":"https:\/\/dicodusport.fr\/blog\/wp-json\/wp\/v2\/types\/post"}],"author":[{"embeddable":true,"href":"https:\/\/dicodusport.fr\/blog\/wp-json\/wp\/v2\/users\/88"}],"replies":[{"embeddable":true,"href":"https:\/\/dicodusport.fr\/blog\/wp-json\/wp\/v2\/comments?post=575232"}],"version-history":[{"count":6,"href":"https:\/\/dicodusport.fr\/blog\/wp-json\/wp\/v2\/posts\/575232\/revisions"}],"predecessor-version":[{"id":577296,"href":"https:\/\/dicodusport.fr\/blog\/wp-json\/wp\/v2\/posts\/575232\/revisions\/577296"}],"wp:featuredmedia":[{"embeddable":true,"href":"https:\/\/dicodusport.fr\/blog\/wp-json\/wp\/v2\/media\/577190"}],"wp:attachment":[{"href":"https:\/\/dicodusport.fr\/blog\/wp-json\/wp\/v2\/media?parent=575232"}],"wp:term":[{"taxonomy":"category","embeddable":true,"href":"https:\/\/dicodusport.fr\/blog\/wp-json\/wp\/v2\/categories?post=575232"},{"taxonomy":"post_tag","embeddable":true,"href":"https:\/\/dicodusport.fr\/blog\/wp-json\/wp\/v2\/tags?post=575232"}],"curies":[{"name":"wp","href":"https:\/\/api.w.org\/{rel}","templated":true}]}}