{"id":575491,"date":"2025-04-29T22:59:32","date_gmt":"2025-04-29T20:59:32","guid":{"rendered":"https:\/\/dicodusport.fr\/blog\/?p=575491&#038;preview=true&#038;preview_id=575491"},"modified":"2025-09-16T07:59:11","modified_gmt":"2025-09-16T05:59:11","slug":"ligue-des-champions-le-psg-met-un-pied-en-finale-apres-sa-victoire-a-arsenal","status":"publish","type":"post","link":"https:\/\/dicodusport.fr\/blog\/ligue-des-champions-le-psg-met-un-pied-en-finale-apres-sa-victoire-a-arsenal\/","title":{"rendered":"Ligue des Champions : Le PSG met un pied en finale apr\u00e8s sa victoire \u00e0 Arsenal"},"content":{"rendered":"<p style=\"text-align: justify;\"><strong><em>LIGUE DES CHAMPIONS 2024-2025 \u2013 Le Paris Saint-Germain a pris une belle option pour la qualification en finale, apr\u00e8s son succ\u00e8s 0-1 sur la pelouse d&rsquo;Arsenal. Auteur de l\u2019unique r\u00e9alisation de la soir\u00e9e, Ousmane Demb\u00e9l\u00e9 est sorti sur blessure \u00e0 vingt minutes du terme. Reste \u00e0 savoir s\u2019il sera disponible pour le match retour, programm\u00e9 mercredi prochain au Parc des Princes.<\/em><\/strong><\/p>\n<ul style=\"text-align: justify;\">\n<li><strong>\u00c0 ce sujet &#8211; <a href=\"https:\/\/dicodusport.fr\/blog\/video-resume-arsenal-psg-demi-finale-aller-de-ligue-des-champions\/\">[Vid\u00e9o] R\u00e9sum\u00e9 Arsenal-PSG, demi-finale aller de Ligue des champions<\/a><\/strong><\/li>\n<\/ul>\n<p style=\"text-align: justify;\">Pr\u00e9sents une nouvelle fois dans le dernier carr\u00e9 de la Ligue des Champions, les hommes de <strong>Luis Enrique<\/strong> \u00e9taient en d\u00e9placement \u00e0 l\u2019Emirates Stadium. Un troisi\u00e8me d\u00e9placement en terre anglaise pour les Parisiens, qui ont d\u00e9j\u00e0 livr\u00e9 bataille contre Liverpool et Aston Villa durant cette phase finale.<\/p>\n<h2 style=\"text-align: justify;\">Paris devant \u00e0 la pause\u00a0!<\/h2>\n<p style=\"text-align: justify;\">Le PSG a d\u00e9but\u00e9 sa demi-finale de la meilleure des fa\u00e7ons, en ouvrant le score sur la premi\u00e8re occasion de la rencontre gr\u00e2ce \u00e0 <strong>Ousmane Demb\u00e9l\u00e9<\/strong>. Bien d\u00e9cal\u00e9 par <strong>Kvaratskhelia<\/strong>, le Fran\u00e7ais d\u00e9clenche une frappe pied gauche qui termine sa course en poteau rentrant (4\u2019). Le G\u00e9orgien va s\u2019illustrer de nouveau au quart d\u2019heure de jeu. Alors que l\u2019attaquant parisien \u00e9tait pass\u00e9 au milieu de trois d\u00e9fenseurs, <strong>Timber<\/strong> le retient du bras, mais manifestement pas suffisamment pour que l\u2019arbitre accorde un p\u00e9nalty.<\/p>\n<blockquote class=\"twitter-tweet\">\n<p dir=\"ltr\" lang=\"fr\">OUSMANE DEMB\u00c9L\u00c9 OUVRE LE SCORE APR\u00c8S 3 MINUTES DE JEU ! \ud83d\ude31\ud83d\ude31\ud83d\ude31<a href=\"https:\/\/twitter.com\/hashtag\/ARSPSG?src=hash&amp;ref_src=twsrc%5Etfw\">#ARSPSG<\/a> | <a href=\"https:\/\/twitter.com\/hashtag\/UCL?src=hash&amp;ref_src=twsrc%5Etfw\">#UCL<\/a> <a href=\"https:\/\/t.co\/wxdzjetPoM\">pic.twitter.com\/wxdzjetPoM<\/a><\/p>\n<p>\u2014 CANAL+ Foot (@CanalplusFoot) <a href=\"https:\/\/twitter.com\/CanalplusFoot\/status\/1917295380569501736?ref_src=twsrc%5Etfw\">April 29, 2025<\/a><\/p><\/blockquote>\n<p style=\"text-align: justify;\"><script async src=\"https:\/\/platform.twitter.com\/widgets.js\" charset=\"utf-8\"><\/script><\/p>\n<p style=\"text-align: justify;\">\u00c0 la demi-heure de match, <strong>Raya<\/strong> maintient Arsenal \u00e0 flot en stoppant une tentative puissante de <strong>D\u00e9sir\u00e9 Dou\u00e9<\/strong>. Derri\u00e8re, <strong>Fabian Ruiz<\/strong> trouve le poteau, mais l\u2019Espagnol \u00e9tait dans tous les cas en position de hors-jeu. En fin de mi-temps, le club londonien va acc\u00e9l\u00e9rer pour \u00e9galiser avant la pause. <strong>Jo\u00e3o Neves<\/strong> emp\u00eache d\u2019abord <strong>Mikel Merino<\/strong> de prendre sa chance \u00e0 bout portant (38\u2019). Puis, c\u2019est <strong>Trossard<\/strong> et <strong>Martinelli<\/strong> qui vont faire frissonner le parcage parisien presque coup sur coup. Plut\u00f4t peu sollicit\u00e9 dans ce premier acte, <strong>Donnarumma<\/strong> a r\u00e9alis\u00e9 la parade qu\u2019il fallait face \u00e0 l\u2019ailier br\u00e9silien pour permettre aux siens de rentrer aux vestiaires avec l\u2019avantage au score. Une avance globalement m\u00e9rit\u00e9e au vu des trente premi\u00e8res minutes des joueurs de <strong>Luis Enrique<\/strong>.<\/p>\n<blockquote class=\"twitter-tweet\">\n<p dir=\"ltr\" lang=\"fr\">Ce retour de Jo\u00e3o Neves sur Merino, c&rsquo;est du tr\u00e8s haut niveau ! \ud83e\udd75<a href=\"https:\/\/twitter.com\/hashtag\/ARSPSG?src=hash&amp;ref_src=twsrc%5Etfw\">#ARSPSG<\/a> <a href=\"https:\/\/t.co\/ovdBh6QW9s\">pic.twitter.com\/ovdBh6QW9s<\/a><\/p>\n<p>\u2014 CANAL+ Foot (@CanalplusFoot) <a href=\"https:\/\/twitter.com\/CanalplusFoot\/status\/1917304292848906283?ref_src=twsrc%5Etfw\">April 29, 2025<\/a><\/p><\/blockquote>\n<p style=\"text-align: justify;\"><script async src=\"https:\/\/platform.twitter.com\/widgets.js\" charset=\"utf-8\"><\/script><\/p>\n<h2 style=\"text-align: justify;\">Arsenal pousse, mais manque de r\u00e9alisme\u2026<\/h2>\n<p style=\"text-align: justify;\">Juste apr\u00e8s la reprise, les champions de France ont eu un gros coup de chaud. Sur un coup franc parfaitement bott\u00e9 par <strong>Declan Rice<\/strong>, <strong>Mikel Merino <\/strong>avait marqu\u00e9 de la t\u00eate, mais sa r\u00e9alisation a \u00e9t\u00e9 refus\u00e9e pour une position illicite de l\u2019Espagnol (46\u2019). Dix minutes plus tard, <strong>Trossard<\/strong> fr\u00f4le \u00e0 son tour l\u2019\u00e9galisation, mais <strong>Donnarumma<\/strong> a une nouvelle fois sorti un arr\u00eat r\u00e9flexe de grande classe.<\/p>\n<ul style=\"text-align: justify;\">\n<li><strong>\u00c0 ce sujet &#8211; <a href=\"https:\/\/dicodusport.fr\/blog\/phase-finale-ligue-des-champions-le-tableau-complet\/\">Ligue des Champions Phase finale : Le tableau complet<\/a><\/strong><\/li>\n<\/ul>\n<p style=\"text-align: justify;\">Une fois ce temps fort anglais pass\u00e9, les Parisiens ont remis le pied sur le ballon, mais sans se montrer dangereux. \u00c0 20 minutes de la fin, <strong>Barcola <\/strong>remplace un <strong>Demb\u00e9l\u00e9 <\/strong>visiblement bless\u00e9 \u00e0 la cuisse. L\u2019international tricolore aurait pu faire le break en fin de match, mais sa frappe crois\u00e9e est pass\u00e9e \u00e0 quelques centim\u00e8tres du montant londonien (84\u2019). Fra\u00eechement entr\u00e9 en jeu, <strong>Gon\u00e7alo Ramos <\/strong>trouve quant \u00e0 lui la transversale sur l\u2019action suivante. Dans les ultimes minutes, <strong>Rice<\/strong> (88\u2019) et <strong>Martinelli<\/strong> (90+2\u2019) vont donner des derni\u00e8res sueurs froides aux visiteurs du soir, mais les Parisiens garderont bien leur cage inviol\u00e9e.<\/p>\n<p style=\"text-align: justify;\">Les co\u00e9quipiers de <strong>Vitinha <\/strong>(\u00e9lu homme du match de la rencontre) ont souffert en seconde p\u00e9riode, bien qu\u2019ils aient eu quelques situations pour doubler la mise apr\u00e8s les entr\u00e9es des joueurs offensifs. Paris s\u2019impose donc 1 but \u00e0 0 contre la meilleure d\u00e9fense d\u2019Angleterre, et prend une belle option pour la qualification en finale de la Ligue des Champions. Le portier italien aura sorti un nouveau match de haut vol dans cette partie \u00e0 gros enjeu. Le match retour au Parc des Princes s\u2019annonce \u00e9lectrique, mais l\u2019incertitude plane autour de la participation de <strong>Demb\u00e9l\u00e9<\/strong>&#8230;<\/p>\n<blockquote class=\"twitter-tweet\">\n<p dir=\"ltr\" lang=\"fr\">La premi\u00e8re manche est \u00e0 nous ! \ud83d\udc4a<br \/>\nRendez-vous mercredi au Parc \u2764\ufe0f\ud83d\udc99<a href=\"https:\/\/twitter.com\/hashtag\/ARSPSG?src=hash&amp;ref_src=twsrc%5Etfw\">#ARSPSG<\/a> (0-1) | <a href=\"https:\/\/twitter.com\/hashtag\/UCL?src=hash&amp;ref_src=twsrc%5Etfw\">#UCL<\/a> <a href=\"https:\/\/t.co\/NuH6cVGtkc\">pic.twitter.com\/NuH6cVGtkc<\/a><\/p>\n<p>\u2014 Paris Saint-Germain (@PSG_inside) <a href=\"https:\/\/twitter.com\/PSG_inside\/status\/1917321610199028097?ref_src=twsrc%5Etfw\">April 29, 2025<\/a><\/p><\/blockquote>\n<p style=\"text-align: justify;\"><script async src=\"https:\/\/platform.twitter.com\/widgets.js\" charset=\"utf-8\"><\/script><\/p>\n","protected":false},"excerpt":{"rendered":"<p>LIGUE DES CHAMPIONS 2024-2025 \u2013 Le Paris Saint-Germain a pris une belle option pour la qualification en finale, apr\u00e8s son succ\u00e8s 0-1 sur la pelouse d&rsquo;Arsenal. Auteur de l\u2019unique r\u00e9alisation de la soir\u00e9e, Ousmane Demb\u00e9l\u00e9 est sorti sur blessure \u00e0 vingt minutes du terme. Reste \u00e0 savoir s\u2019il sera disponible pour le match retour, programm\u00e9 mercredi prochain au Parc des Princes.<\/p>\n","protected":false},"author":86,"featured_media":575522,"comment_status":"open","ping_status":"closed","sticky":false,"template":"","format":"standard","meta":{"_acf_changed":false,"_daextam_enable_autolinks":"1","footnotes":""},"categories":[47250],"tags":[4573,16878,75,1230,24],"class_list":["post-575491","post","type-post","status-publish","format-standard","has-post-thumbnail","hentry","category-ligue-des-champions-de-football","tag-arsenal-fc","tag-breve","tag-football","tag-paris-saint-germain","tag-sport"],"acf":[],"yoast_head":"<!-- This site is optimized with the Yoast SEO Premium plugin v26.7 (Yoast SEO v26.7) - https:\/\/yoast.com\/wordpress\/plugins\/seo\/ -->\n<title>Ligue des Champions : Le PSG met un pied en finale apr\u00e8s sa victoire \u00e0 Arsenal<\/title>\n<meta name=\"description\" content=\"LIGUE DES CHAMPIONS 2024-2025 \u2013 Le Paris Saint-Germain a pris une belle option pour la qualification en finale, apr\u00e8s son succ\u00e8s 0-1 sur la pelouse d&#039;Arsenal.\" \/>\n<meta name=\"robots\" content=\"index, follow, max-snippet:-1, max-image-preview:large, max-video-preview:-1\" \/>\n<link rel=\"canonical\" href=\"https:\/\/dicodusport.fr\/blog\/ligue-des-champions-le-psg-met-un-pied-en-finale-apres-sa-victoire-a-arsenal\/\" \/>\n<meta property=\"og:locale\" content=\"fr_FR\" \/>\n<meta property=\"og:type\" content=\"article\" \/>\n<meta property=\"og:title\" content=\"Ligue des Champions : Le PSG met un pied en finale apr\u00e8s sa victoire \u00e0 Arsenal\" \/>\n<meta property=\"og:description\" content=\"LIGUE DES CHAMPIONS 2024-2025 \u2013 Le Paris Saint-Germain a pris une belle option pour la qualification en finale, apr\u00e8s son succ\u00e8s 0-1 sur la pelouse d&#039;Arsenal.\" \/>\n<meta property=\"og:url\" content=\"https:\/\/dicodusport.fr\/blog\/ligue-des-champions-le-psg-met-un-pied-en-finale-apres-sa-victoire-a-arsenal\/\" \/>\n<meta property=\"og:site_name\" content=\"Dicodusport\" \/>\n<meta property=\"article:publisher\" content=\"https:\/\/www.facebook.com\/dicodusport\" \/>\n<meta property=\"article:published_time\" content=\"2025-04-29T20:59:32+00:00\" \/>\n<meta property=\"article:modified_time\" content=\"2025-09-16T05:59:11+00:00\" \/>\n<meta property=\"og:image\" content=\"https:\/\/dicodusport.fr\/blog\/wp-content\/uploads\/2025\/04\/Ligue-des-Champions-Le-PSG-met-un-pied-en-finale-apres-sa-victoire-a-Arsenal.png\" \/>\n\t<meta property=\"og:image:width\" content=\"1200\" \/>\n\t<meta property=\"og:image:height\" content=\"674\" \/>\n\t<meta property=\"og:image:type\" content=\"image\/png\" \/>\n<meta name=\"author\" content=\"Nicolas Parant\" \/>\n<meta name=\"twitter:card\" content=\"summary_large_image\" \/>\n<meta name=\"twitter:title\" content=\"Ligue des Champions : Le PSG met un pied en finale apr\u00e8s sa victoire \u00e0 Arsenal\" \/>\n<meta name=\"twitter:creator\" content=\"@dicodusport\" \/>\n<meta name=\"twitter:site\" content=\"@dicodusport\" \/>\n<script type=\"application\/ld+json\" class=\"yoast-schema-graph\">{\"@context\":\"https:\/\/schema.org\",\"@graph\":[{\"@type\":\"NewsArticle\",\"@id\":\"https:\/\/dicodusport.fr\/blog\/ligue-des-champions-le-psg-met-un-pied-en-finale-apres-sa-victoire-a-arsenal\/#article\",\"isPartOf\":{\"@id\":\"https:\/\/dicodusport.fr\/blog\/ligue-des-champions-le-psg-met-un-pied-en-finale-apres-sa-victoire-a-arsenal\/\"},\"author\":{\"name\":\"Nicolas Parant\",\"@id\":\"https:\/\/dicodusport.fr\/blog\/#\/schema\/person\/816f1c1bae6e11b6ef5b39687639be63\"},\"headline\":\"Ligue des Champions : Le PSG met un pied en finale apr\u00e8s sa victoire \u00e0 Arsenal\",\"datePublished\":\"2025-04-29T20:59:32+00:00\",\"dateModified\":\"2025-09-16T05:59:11+00:00\",\"mainEntityOfPage\":{\"@id\":\"https:\/\/dicodusport.fr\/blog\/ligue-des-champions-le-psg-met-un-pied-en-finale-apres-sa-victoire-a-arsenal\/\"},\"wordCount\":750,\"commentCount\":0,\"publisher\":{\"@id\":\"https:\/\/dicodusport.fr\/blog\/#organization\"},\"image\":{\"@id\":\"https:\/\/dicodusport.fr\/blog\/ligue-des-champions-le-psg-met-un-pied-en-finale-apres-sa-victoire-a-arsenal\/#primaryimage\"},\"thumbnailUrl\":\"https:\/\/dicodusport.fr\/blog\/wp-content\/uploads\/2025\/04\/Ligue-des-Champions-Le-PSG-met-un-pied-en-finale-apres-sa-victoire-a-Arsenal.png\",\"keywords\":[\"Arsenal FC\",\"br\u00e8ve\",\"Football\",\"Paris Saint-Germain\",\"sport\"],\"articleSection\":[\"Ligue des Champions de football\"],\"inLanguage\":\"fr-FR\",\"potentialAction\":[{\"@type\":\"CommentAction\",\"name\":\"Comment\",\"target\":[\"https:\/\/dicodusport.fr\/blog\/ligue-des-champions-le-psg-met-un-pied-en-finale-apres-sa-victoire-a-arsenal\/#respond\"]}],\"copyrightYear\":\"2025\",\"copyrightHolder\":{\"@id\":\"https:\/\/dicodusport.fr\/blog\/#organization\"}},{\"@type\":\"WebPage\",\"@id\":\"https:\/\/dicodusport.fr\/blog\/ligue-des-champions-le-psg-met-un-pied-en-finale-apres-sa-victoire-a-arsenal\/\",\"url\":\"https:\/\/dicodusport.fr\/blog\/ligue-des-champions-le-psg-met-un-pied-en-finale-apres-sa-victoire-a-arsenal\/\",\"name\":\"Ligue des Champions : Le PSG met un pied en finale apr\u00e8s sa victoire \u00e0 Arsenal\",\"isPartOf\":{\"@id\":\"https:\/\/dicodusport.fr\/blog\/#website\"},\"primaryImageOfPage\":{\"@id\":\"https:\/\/dicodusport.fr\/blog\/ligue-des-champions-le-psg-met-un-pied-en-finale-apres-sa-victoire-a-arsenal\/#primaryimage\"},\"image\":{\"@id\":\"https:\/\/dicodusport.fr\/blog\/ligue-des-champions-le-psg-met-un-pied-en-finale-apres-sa-victoire-a-arsenal\/#primaryimage\"},\"thumbnailUrl\":\"https:\/\/dicodusport.fr\/blog\/wp-content\/uploads\/2025\/04\/Ligue-des-Champions-Le-PSG-met-un-pied-en-finale-apres-sa-victoire-a-Arsenal.png\",\"datePublished\":\"2025-04-29T20:59:32+00:00\",\"dateModified\":\"2025-09-16T05:59:11+00:00\",\"description\":\"LIGUE DES CHAMPIONS 2024-2025 \u2013 Le Paris Saint-Germain a pris une belle option pour la qualification en finale, apr\u00e8s son succ\u00e8s 0-1 sur la pelouse d'Arsenal.\",\"breadcrumb\":{\"@id\":\"https:\/\/dicodusport.fr\/blog\/ligue-des-champions-le-psg-met-un-pied-en-finale-apres-sa-victoire-a-arsenal\/#breadcrumb\"},\"inLanguage\":\"fr-FR\",\"potentialAction\":[{\"@type\":\"ReadAction\",\"target\":[\"https:\/\/dicodusport.fr\/blog\/ligue-des-champions-le-psg-met-un-pied-en-finale-apres-sa-victoire-a-arsenal\/\"]}]},{\"@type\":\"ImageObject\",\"inLanguage\":\"fr-FR\",\"@id\":\"https:\/\/dicodusport.fr\/blog\/ligue-des-champions-le-psg-met-un-pied-en-finale-apres-sa-victoire-a-arsenal\/#primaryimage\",\"url\":\"https:\/\/dicodusport.fr\/blog\/wp-content\/uploads\/2025\/04\/Ligue-des-Champions-Le-PSG-met-un-pied-en-finale-apres-sa-victoire-a-Arsenal.png\",\"contentUrl\":\"https:\/\/dicodusport.fr\/blog\/wp-content\/uploads\/2025\/04\/Ligue-des-Champions-Le-PSG-met-un-pied-en-finale-apres-sa-victoire-a-Arsenal.png\",\"width\":1200,\"height\":674,\"caption\":\"Ligue des Champions Le PSG met un pied en finale apr\u00e8s sa victoire \u00e0 Arsenal\"},{\"@type\":\"BreadcrumbList\",\"@id\":\"https:\/\/dicodusport.fr\/blog\/ligue-des-champions-le-psg-met-un-pied-en-finale-apres-sa-victoire-a-arsenal\/#breadcrumb\",\"itemListElement\":[{\"@type\":\"ListItem\",\"position\":1,\"name\":\"Accueil\",\"item\":\"https:\/\/dicodusport.fr\/blog\/\"},{\"@type\":\"ListItem\",\"position\":2,\"name\":\"Ligue des Champions : Le PSG met un pied en finale apr\u00e8s sa victoire \u00e0 Arsenal\"}]},{\"@type\":\"WebSite\",\"@id\":\"https:\/\/dicodusport.fr\/blog\/#website\",\"url\":\"https:\/\/dicodusport.fr\/blog\/\",\"name\":\"Dicodusport\",\"description\":\"L&#039;encyclop\u00e9die de l&#039;actualit\u00e9 sportive\",\"publisher\":{\"@id\":\"https:\/\/dicodusport.fr\/blog\/#organization\"},\"potentialAction\":[{\"@type\":\"SearchAction\",\"target\":{\"@type\":\"EntryPoint\",\"urlTemplate\":\"https:\/\/dicodusport.fr\/blog\/?s={search_term_string}\"},\"query-input\":{\"@type\":\"PropertyValueSpecification\",\"valueRequired\":true,\"valueName\":\"search_term_string\"}}],\"inLanguage\":\"fr-FR\"},{\"@type\":\"NewsMediaOrganization\",\"@id\":\"https:\/\/dicodusport.fr\/blog\/#organization\",\"name\":\"Dicodusport\",\"url\":\"https:\/\/dicodusport.fr\/blog\/\",\"logo\":{\"@type\":\"ImageObject\",\"inLanguage\":\"fr-FR\",\"@id\":\"https:\/\/dicodusport.fr\/blog\/#\/schema\/logo\/image\/\",\"url\":\"https:\/\/dicodusport.fr\/blog\/wp-content\/uploads\/2020\/06\/cropped-LOGO-DICODUSPORT-2020-SANS-FOND-SANS-TEXTE.png\",\"contentUrl\":\"https:\/\/dicodusport.fr\/blog\/wp-content\/uploads\/2020\/06\/cropped-LOGO-DICODUSPORT-2020-SANS-FOND-SANS-TEXTE.png\",\"width\":512,\"height\":512,\"caption\":\"Dicodusport\"},\"image\":{\"@id\":\"https:\/\/dicodusport.fr\/blog\/#\/schema\/logo\/image\/\"},\"sameAs\":[\"https:\/\/www.facebook.com\/dicodusport\",\"https:\/\/x.com\/dicodusport\",\"https:\/\/www.instagram.com\/dicodusport\/\",\"https:\/\/www.youtube.com\/channel\/UC7V2KZ5sd3htJivAbA4ZG3w\"],\"description\":\"Dicodusport est l'encyclop\u00e9die de l'actualit\u00e9 sportive.\",\"email\":\"bonjour@dicodusport.fr\",\"legalName\":\"DICODUSPORT\",\"foundingDate\":\"2018-01-14\",\"vatID\":\"FR71834470973\",\"taxID\":\"83447097300043\",\"numberOfEmployees\":{\"@type\":\"QuantitativeValue\",\"minValue\":\"1\",\"maxValue\":\"10\"}},{\"@type\":\"Person\",\"@id\":\"https:\/\/dicodusport.fr\/blog\/#\/schema\/person\/816f1c1bae6e11b6ef5b39687639be63\",\"name\":\"Nicolas Parant\",\"image\":{\"@type\":\"ImageObject\",\"inLanguage\":\"fr-FR\",\"@id\":\"https:\/\/dicodusport.fr\/blog\/#\/schema\/person\/image\/\",\"url\":\"https:\/\/dicodusport.fr\/blog\/wp-content\/uploads\/2023\/04\/1B6E3319-7CA3-49A2-A3FB-D53C46115743-150x150.jpeg\",\"contentUrl\":\"https:\/\/dicodusport.fr\/blog\/wp-content\/uploads\/2023\/04\/1B6E3319-7CA3-49A2-A3FB-D53C46115743-150x150.jpeg\",\"caption\":\"Nicolas Parant\"},\"description\":\"Passionn\u00e9 de sport et d\u2019\u00e9criture, r\u00e9diger des articles a \u00e9t\u00e9 une v\u00e9ritable r\u00e9v\u00e9lation quand j\u2019ai pris la plume num\u00e9rique pour la premi\u00e8re fois en 2021. Admiratif des exploits de Nadal \u00e0 Roland Garros et du charisme de Zlatan Ibrahimovi\u0107 \u00e0 son arriv\u00e9e dans la capitale, je m\u2019efforce de transmettre au mieux les \u00e9motions des athl\u00e8tes de la nouvelle g\u00e9n\u00e9ration. \u00c0 Dicodusport depuis 2023, je commente principalement les batailles qui se d\u00e9roulent dans l\u2019octogone de l\u2019UFC ou sur les pelouses de football et de rugby.\",\"url\":\"https:\/\/dicodusport.fr\/blog\/author\/nicolas-parant\/\"}]}<\/script>\n<!-- \/ Yoast SEO Premium plugin. -->","yoast_head_json":{"title":"Ligue des Champions : Le PSG met un pied en finale apr\u00e8s sa victoire \u00e0 Arsenal","description":"LIGUE DES CHAMPIONS 2024-2025 \u2013 Le Paris Saint-Germain a pris une belle option pour la qualification en finale, apr\u00e8s son succ\u00e8s 0-1 sur la pelouse d'Arsenal.","robots":{"index":"index","follow":"follow","max-snippet":"max-snippet:-1","max-image-preview":"max-image-preview:large","max-video-preview":"max-video-preview:-1"},"canonical":"https:\/\/dicodusport.fr\/blog\/ligue-des-champions-le-psg-met-un-pied-en-finale-apres-sa-victoire-a-arsenal\/","og_locale":"fr_FR","og_type":"article","og_title":"Ligue des Champions : Le PSG met un pied en finale apr\u00e8s sa victoire \u00e0 Arsenal","og_description":"LIGUE DES CHAMPIONS 2024-2025 \u2013 Le Paris Saint-Germain a pris une belle option pour la qualification en finale, apr\u00e8s son succ\u00e8s 0-1 sur la pelouse d'Arsenal.","og_url":"https:\/\/dicodusport.fr\/blog\/ligue-des-champions-le-psg-met-un-pied-en-finale-apres-sa-victoire-a-arsenal\/","og_site_name":"Dicodusport","article_publisher":"https:\/\/www.facebook.com\/dicodusport","article_published_time":"2025-04-29T20:59:32+00:00","article_modified_time":"2025-09-16T05:59:11+00:00","og_image":[{"width":1200,"height":674,"url":"https:\/\/dicodusport.fr\/blog\/wp-content\/uploads\/2025\/04\/Ligue-des-Champions-Le-PSG-met-un-pied-en-finale-apres-sa-victoire-a-Arsenal.png","type":"image\/png"}],"author":"Nicolas Parant","twitter_card":"summary_large_image","twitter_title":"Ligue des Champions : Le PSG met un pied en finale apr\u00e8s sa victoire \u00e0 Arsenal","twitter_creator":"@dicodusport","twitter_site":"@dicodusport","schema":{"@context":"https:\/\/schema.org","@graph":[{"@type":"NewsArticle","@id":"https:\/\/dicodusport.fr\/blog\/ligue-des-champions-le-psg-met-un-pied-en-finale-apres-sa-victoire-a-arsenal\/#article","isPartOf":{"@id":"https:\/\/dicodusport.fr\/blog\/ligue-des-champions-le-psg-met-un-pied-en-finale-apres-sa-victoire-a-arsenal\/"},"author":{"name":"Nicolas Parant","@id":"https:\/\/dicodusport.fr\/blog\/#\/schema\/person\/816f1c1bae6e11b6ef5b39687639be63"},"headline":"Ligue des Champions : Le PSG met un pied en finale apr\u00e8s sa victoire \u00e0 Arsenal","datePublished":"2025-04-29T20:59:32+00:00","dateModified":"2025-09-16T05:59:11+00:00","mainEntityOfPage":{"@id":"https:\/\/dicodusport.fr\/blog\/ligue-des-champions-le-psg-met-un-pied-en-finale-apres-sa-victoire-a-arsenal\/"},"wordCount":750,"commentCount":0,"publisher":{"@id":"https:\/\/dicodusport.fr\/blog\/#organization"},"image":{"@id":"https:\/\/dicodusport.fr\/blog\/ligue-des-champions-le-psg-met-un-pied-en-finale-apres-sa-victoire-a-arsenal\/#primaryimage"},"thumbnailUrl":"https:\/\/dicodusport.fr\/blog\/wp-content\/uploads\/2025\/04\/Ligue-des-Champions-Le-PSG-met-un-pied-en-finale-apres-sa-victoire-a-Arsenal.png","keywords":["Arsenal FC","br\u00e8ve","Football","Paris Saint-Germain","sport"],"articleSection":["Ligue des Champions de football"],"inLanguage":"fr-FR","potentialAction":[{"@type":"CommentAction","name":"Comment","target":["https:\/\/dicodusport.fr\/blog\/ligue-des-champions-le-psg-met-un-pied-en-finale-apres-sa-victoire-a-arsenal\/#respond"]}],"copyrightYear":"2025","copyrightHolder":{"@id":"https:\/\/dicodusport.fr\/blog\/#organization"}},{"@type":"WebPage","@id":"https:\/\/dicodusport.fr\/blog\/ligue-des-champions-le-psg-met-un-pied-en-finale-apres-sa-victoire-a-arsenal\/","url":"https:\/\/dicodusport.fr\/blog\/ligue-des-champions-le-psg-met-un-pied-en-finale-apres-sa-victoire-a-arsenal\/","name":"Ligue des Champions : Le PSG met un pied en finale apr\u00e8s sa victoire \u00e0 Arsenal","isPartOf":{"@id":"https:\/\/dicodusport.fr\/blog\/#website"},"primaryImageOfPage":{"@id":"https:\/\/dicodusport.fr\/blog\/ligue-des-champions-le-psg-met-un-pied-en-finale-apres-sa-victoire-a-arsenal\/#primaryimage"},"image":{"@id":"https:\/\/dicodusport.fr\/blog\/ligue-des-champions-le-psg-met-un-pied-en-finale-apres-sa-victoire-a-arsenal\/#primaryimage"},"thumbnailUrl":"https:\/\/dicodusport.fr\/blog\/wp-content\/uploads\/2025\/04\/Ligue-des-Champions-Le-PSG-met-un-pied-en-finale-apres-sa-victoire-a-Arsenal.png","datePublished":"2025-04-29T20:59:32+00:00","dateModified":"2025-09-16T05:59:11+00:00","description":"LIGUE DES CHAMPIONS 2024-2025 \u2013 Le Paris Saint-Germain a pris une belle option pour la qualification en finale, apr\u00e8s son succ\u00e8s 0-1 sur la pelouse d'Arsenal.","breadcrumb":{"@id":"https:\/\/dicodusport.fr\/blog\/ligue-des-champions-le-psg-met-un-pied-en-finale-apres-sa-victoire-a-arsenal\/#breadcrumb"},"inLanguage":"fr-FR","potentialAction":[{"@type":"ReadAction","target":["https:\/\/dicodusport.fr\/blog\/ligue-des-champions-le-psg-met-un-pied-en-finale-apres-sa-victoire-a-arsenal\/"]}]},{"@type":"ImageObject","inLanguage":"fr-FR","@id":"https:\/\/dicodusport.fr\/blog\/ligue-des-champions-le-psg-met-un-pied-en-finale-apres-sa-victoire-a-arsenal\/#primaryimage","url":"https:\/\/dicodusport.fr\/blog\/wp-content\/uploads\/2025\/04\/Ligue-des-Champions-Le-PSG-met-un-pied-en-finale-apres-sa-victoire-a-Arsenal.png","contentUrl":"https:\/\/dicodusport.fr\/blog\/wp-content\/uploads\/2025\/04\/Ligue-des-Champions-Le-PSG-met-un-pied-en-finale-apres-sa-victoire-a-Arsenal.png","width":1200,"height":674,"caption":"Ligue des Champions Le PSG met un pied en finale apr\u00e8s sa victoire \u00e0 Arsenal"},{"@type":"BreadcrumbList","@id":"https:\/\/dicodusport.fr\/blog\/ligue-des-champions-le-psg-met-un-pied-en-finale-apres-sa-victoire-a-arsenal\/#breadcrumb","itemListElement":[{"@type":"ListItem","position":1,"name":"Accueil","item":"https:\/\/dicodusport.fr\/blog\/"},{"@type":"ListItem","position":2,"name":"Ligue des Champions : Le PSG met un pied en finale apr\u00e8s sa victoire \u00e0 Arsenal"}]},{"@type":"WebSite","@id":"https:\/\/dicodusport.fr\/blog\/#website","url":"https:\/\/dicodusport.fr\/blog\/","name":"Dicodusport","description":"L&#039;encyclop\u00e9die de l&#039;actualit\u00e9 sportive","publisher":{"@id":"https:\/\/dicodusport.fr\/blog\/#organization"},"potentialAction":[{"@type":"SearchAction","target":{"@type":"EntryPoint","urlTemplate":"https:\/\/dicodusport.fr\/blog\/?s={search_term_string}"},"query-input":{"@type":"PropertyValueSpecification","valueRequired":true,"valueName":"search_term_string"}}],"inLanguage":"fr-FR"},{"@type":"NewsMediaOrganization","@id":"https:\/\/dicodusport.fr\/blog\/#organization","name":"Dicodusport","url":"https:\/\/dicodusport.fr\/blog\/","logo":{"@type":"ImageObject","inLanguage":"fr-FR","@id":"https:\/\/dicodusport.fr\/blog\/#\/schema\/logo\/image\/","url":"https:\/\/dicodusport.fr\/blog\/wp-content\/uploads\/2020\/06\/cropped-LOGO-DICODUSPORT-2020-SANS-FOND-SANS-TEXTE.png","contentUrl":"https:\/\/dicodusport.fr\/blog\/wp-content\/uploads\/2020\/06\/cropped-LOGO-DICODUSPORT-2020-SANS-FOND-SANS-TEXTE.png","width":512,"height":512,"caption":"Dicodusport"},"image":{"@id":"https:\/\/dicodusport.fr\/blog\/#\/schema\/logo\/image\/"},"sameAs":["https:\/\/www.facebook.com\/dicodusport","https:\/\/x.com\/dicodusport","https:\/\/www.instagram.com\/dicodusport\/","https:\/\/www.youtube.com\/channel\/UC7V2KZ5sd3htJivAbA4ZG3w"],"description":"Dicodusport est l'encyclop\u00e9die de l'actualit\u00e9 sportive.","email":"bonjour@dicodusport.fr","legalName":"DICODUSPORT","foundingDate":"2018-01-14","vatID":"FR71834470973","taxID":"83447097300043","numberOfEmployees":{"@type":"QuantitativeValue","minValue":"1","maxValue":"10"}},{"@type":"Person","@id":"https:\/\/dicodusport.fr\/blog\/#\/schema\/person\/816f1c1bae6e11b6ef5b39687639be63","name":"Nicolas Parant","image":{"@type":"ImageObject","inLanguage":"fr-FR","@id":"https:\/\/dicodusport.fr\/blog\/#\/schema\/person\/image\/","url":"https:\/\/dicodusport.fr\/blog\/wp-content\/uploads\/2023\/04\/1B6E3319-7CA3-49A2-A3FB-D53C46115743-150x150.jpeg","contentUrl":"https:\/\/dicodusport.fr\/blog\/wp-content\/uploads\/2023\/04\/1B6E3319-7CA3-49A2-A3FB-D53C46115743-150x150.jpeg","caption":"Nicolas Parant"},"description":"Passionn\u00e9 de sport et d\u2019\u00e9criture, r\u00e9diger des articles a \u00e9t\u00e9 une v\u00e9ritable r\u00e9v\u00e9lation quand j\u2019ai pris la plume num\u00e9rique pour la premi\u00e8re fois en 2021. Admiratif des exploits de Nadal \u00e0 Roland Garros et du charisme de Zlatan Ibrahimovi\u0107 \u00e0 son arriv\u00e9e dans la capitale, je m\u2019efforce de transmettre au mieux les \u00e9motions des athl\u00e8tes de la nouvelle g\u00e9n\u00e9ration. \u00c0 Dicodusport depuis 2023, je commente principalement les batailles qui se d\u00e9roulent dans l\u2019octogone de l\u2019UFC ou sur les pelouses de football et de rugby.","url":"https:\/\/dicodusport.fr\/blog\/author\/nicolas-parant\/"}]}},"_links":{"self":[{"href":"https:\/\/dicodusport.fr\/blog\/wp-json\/wp\/v2\/posts\/575491","targetHints":{"allow":["GET"]}}],"collection":[{"href":"https:\/\/dicodusport.fr\/blog\/wp-json\/wp\/v2\/posts"}],"about":[{"href":"https:\/\/dicodusport.fr\/blog\/wp-json\/wp\/v2\/types\/post"}],"author":[{"embeddable":true,"href":"https:\/\/dicodusport.fr\/blog\/wp-json\/wp\/v2\/users\/86"}],"replies":[{"embeddable":true,"href":"https:\/\/dicodusport.fr\/blog\/wp-json\/wp\/v2\/comments?post=575491"}],"version-history":[{"count":6,"href":"https:\/\/dicodusport.fr\/blog\/wp-json\/wp\/v2\/posts\/575491\/revisions"}],"predecessor-version":[{"id":575536,"href":"https:\/\/dicodusport.fr\/blog\/wp-json\/wp\/v2\/posts\/575491\/revisions\/575536"}],"wp:featuredmedia":[{"embeddable":true,"href":"https:\/\/dicodusport.fr\/blog\/wp-json\/wp\/v2\/media\/575522"}],"wp:attachment":[{"href":"https:\/\/dicodusport.fr\/blog\/wp-json\/wp\/v2\/media?parent=575491"}],"wp:term":[{"taxonomy":"category","embeddable":true,"href":"https:\/\/dicodusport.fr\/blog\/wp-json\/wp\/v2\/categories?post=575491"},{"taxonomy":"post_tag","embeddable":true,"href":"https:\/\/dicodusport.fr\/blog\/wp-json\/wp\/v2\/tags?post=575491"}],"curies":[{"name":"wp","href":"https:\/\/api.w.org\/{rel}","templated":true}]}}