{"id":575612,"date":"2025-05-10T12:26:57","date_gmt":"2025-05-10T10:26:57","guid":{"rendered":"https:\/\/dicodusport.fr\/blog\/?p=575612&#038;preview=true&#038;preview_id=575612"},"modified":"2025-05-10T12:26:08","modified_gmt":"2025-05-10T10:26:08","slug":"tour-ditalie-2025-parcours-et-profil-de-la-2eme-etape-du-giro","status":"publish","type":"post","link":"https:\/\/dicodusport.fr\/blog\/tour-ditalie-2025-parcours-et-profil-de-la-2eme-etape-du-giro\/","title":{"rendered":"Chrono Tour d&rsquo;Italie 2025 : Profil et parcours 2\u00e8me \u00e9tape du Giro"},"content":{"rendered":"<h4 style=\"text-align: justify;\"><em>Retrouvez le parcours complet et le profil de la 2\u00e8me \u00e9tape du Tour d&rsquo;Italie 2025, qui se d\u00e9roule le samedi 10 mai 2025 \u00e0 Tirana, en Albanie. Ce sera un contre-la-montre individuel de 13,5 kilom\u00e8tres, principalement dans les rues de la capitale albanaise, sur de larges avenues.\u00a0<\/em><\/h4>\n<ul>\n<li style=\"text-align: justify;\"><strong>\u00c0 ce sujet \u2013\u00a0<a href=\"https:\/\/dicodusport.fr\/blog\/tour-ditalie-2025-classement-general-du-giro\/\">Tour d\u2019Italie 2025 \u2013 Classement g\u00e9n\u00e9ral du Giro<\/a><\/strong><\/li>\n<li><strong>\u00c0 ce sujet \u2013\u00a0<a href=\"https:\/\/dicodusport.fr\/blog\/2eme-etape-tour-ditalie-2025-horaires-et-ordre-de-depart\/\">2\u00e8me \u00e9tape Tour d&rsquo;Italie 2025 : Horaires et ordre de d\u00e9part<\/a><\/strong><\/li>\n<\/ul>\n<h2 style=\"text-align: justify;\">Le parcours d\u00e9taill\u00e9 de la 2\u00e8me \u00e9tape du Tour d\u2019Italie 2025<\/h2>\n<p style=\"text-align: justify;\">D&rsquo;abord, la rampe de d\u00e9part se trouvera sur la <strong>Sheshi Sk\u00ebnderbej<\/strong>, une vaste esplanade du centre de Tirana. Cette place est bord\u00e9e de b\u00e2timents h\u00e9t\u00e9roclites, m\u00ealant immeubles de style fasciste dus h\u00e9ritage de l&rsquo;occupation italienne. Mais aussi des b\u00e2timents modernes relevant de l&rsquo;esth\u00e9tique sovi\u00e9tique, en t\u00e9moignage de la p\u00e9riode communiste, ainsi que des constructions plus anciennes, d&rsquo;origine ottomane. Les cinq premiers kilom\u00e8tres proposeront des lignes droites entrecoup\u00e9es de six virages \u00e0 90 degr\u00e9s ainsi qu&rsquo;un demi-tour sur <strong>Rruaga Muhamet Gjollesha<\/strong>, via des routes plates pour longer le <strong>Parku i Madhn<\/strong>. Le premier coureur partira \u00e0 13h55 et le dernier \u00e0 16h59.<\/p>\n<ul>\n<li><strong>\u00c0 ce sujet \u2013\u00a0<a href=\"https:\/\/dicodusport.fr\/blog\/tour-ditalie-2025-parcours-detaille-et-profils-des-etapes-du-giro\/\">Tour d\u2019Italie 2025 : Parcours d\u00e9taill\u00e9 et profils des \u00e9tapes du Giro<\/a><\/strong><\/li>\n<\/ul>\n<h3 style=\"text-align: justify;\">Un chrono loin d&rsquo;\u00eatre plat<\/h3>\n<p style=\"text-align: justify;\">Puis, ce sera un kilom\u00e8tre plat avant d&rsquo;attaquer l&rsquo;ascension de <strong>Sauk<\/strong> avec ses 1200 m\u00e8tres \u00e0 5,7 %. Les coureurs \u00e9volueront sur une route rectiligne avec le temps interm\u00e9diaire au sommet. Les 900 premiers m\u00e8tres de cette bosse monteront \u00e0 6,4%. Un nouveau demi-tour se trouvera peu apr\u00e8s sur une petite portion plate pour descendre sur plus d&rsquo;un kilom\u00e8tre, via une chauss\u00e9e oppos\u00e9e \u00e0 celle de la mont\u00e9e.<\/p>\n<p style=\"text-align: justify;\">Par la suite, les trois derniers kilom\u00e8tres seront plats (les m\u00eames que la veille) sur le boulevard <strong>Bajram Curri<\/strong>, avec son demi-tour, pour rejoindre le boulevard <strong>Zhan d&rsquo;Ark<\/strong> pour passer sous la flamme rouge et un dernier virage \u00e0 gauche. Les 500 derniers m\u00e8tres seront sur un boulevard large de 8 m\u00e8tres sur le boulevard D\u00ebshmor\u00ebt e Kombit. Le dernier coureur devrait arriver autour de 17h15.<\/p>\n<div id=\"attachment_577118\" style=\"width: 1310px\" class=\"wp-caption aligncenter\"><a href=\"https:\/\/dicodusport.fr\/blog\/wp-content\/uploads\/2025\/05\/Profil-de-la-2eme-etape-du-Tour-dItalie-2025.webp\"><img loading=\"lazy\" decoding=\"async\" aria-describedby=\"caption-attachment-577118\" class=\"size-full wp-image-577118\" src=\"https:\/\/dicodusport.fr\/blog\/wp-content\/uploads\/2025\/05\/Profil-de-la-2eme-etape-du-Tour-dItalie-2025.webp\" alt=\"Profil de la 2\u00e8me \u00e9tape du Tour d'Italie 2025\" width=\"1300\" height=\"658\" srcset=\"https:\/\/dicodusport.fr\/blog\/wp-content\/uploads\/2025\/05\/Profil-de-la-2eme-etape-du-Tour-dItalie-2025.webp 1300w, https:\/\/dicodusport.fr\/blog\/wp-content\/uploads\/2025\/05\/Profil-de-la-2eme-etape-du-Tour-dItalie-2025-300x152.webp 300w, https:\/\/dicodusport.fr\/blog\/wp-content\/uploads\/2025\/05\/Profil-de-la-2eme-etape-du-Tour-dItalie-2025-1024x518.webp 1024w, https:\/\/dicodusport.fr\/blog\/wp-content\/uploads\/2025\/05\/Profil-de-la-2eme-etape-du-Tour-dItalie-2025-768x389.webp 768w\" sizes=\"auto, (max-width: 1300px) 100vw, 1300px\" \/><\/a><p id=\"caption-attachment-577118\" class=\"wp-caption-text\">Profil de la 2\u00e8me \u00e9tape du Tour d&rsquo;Italie 2025<\/p><\/div>\n<ul>\n<li style=\"text-align: justify;\"><strong>\u00c0 ce sujet \u2013 <a href=\"https:\/\/dicodusport.fr\/blog\/actualites\/cyclisme\/cyclisme-sur-route-2025\/\">L\u2019actualit\u00e9 du cyclisme sur route<\/a><\/strong><\/li>\n<\/ul>\n<p>&nbsp;<\/p>\n","protected":false},"excerpt":{"rendered":"<p>Retrouvez le parcours complet et le profil de la 2\u00e8me \u00e9tape du Tour d&rsquo;Italie 2025, qui se d\u00e9roule le samedi 10 mai 2025 \u00e0 Tirana, en Albanie.<\/p>\n","protected":false},"author":48,"featured_media":577591,"comment_status":"open","ping_status":"closed","sticky":false,"template":"","format":"standard","meta":{"_acf_changed":false,"_daextam_enable_autolinks":"1","footnotes":""},"categories":[47041],"tags":[3119,16878,4722],"class_list":["post-575612","post","type-post","status-publish","format-standard","has-post-thumbnail","hentry","category-tour-d-italie","tag-actualite-cyclisme","tag-breve","tag-tour-ditalie"],"acf":[],"yoast_head":"<!-- This site is optimized with the Yoast SEO Premium plugin v26.7 (Yoast SEO v26.7) - https:\/\/yoast.com\/wordpress\/plugins\/seo\/ -->\n<title>Chrono Tour d&#039;Italie 2025 : Profil et parcours 2\u00e8me \u00e9tape du Giro<\/title>\n<meta name=\"description\" content=\"Retrouvez le parcours complet et le profil de la 2\u00e8me \u00e9tape du Tour d&#039;Italie 2025, qui se d\u00e9roule le samedi 10 mai 2025 \u00e0 Tirana, en Albanie.\" \/>\n<meta name=\"robots\" content=\"index, follow, max-snippet:-1, max-image-preview:large, max-video-preview:-1\" \/>\n<link rel=\"canonical\" href=\"https:\/\/dicodusport.fr\/blog\/tour-ditalie-2025-parcours-et-profil-de-la-2eme-etape-du-giro\/\" \/>\n<meta property=\"og:locale\" content=\"fr_FR\" \/>\n<meta property=\"og:type\" content=\"article\" \/>\n<meta property=\"og:title\" content=\"Chrono Tour d&#039;Italie 2025 : Profil et parcours 2\u00e8me \u00e9tape du Giro\" \/>\n<meta property=\"og:description\" content=\"Retrouvez le parcours complet et le profil de la 2\u00e8me \u00e9tape du Tour d&#039;Italie 2025, qui se d\u00e9roule le samedi 10 mai 2025 \u00e0 Tirana, en Albanie.\" \/>\n<meta property=\"og:url\" content=\"https:\/\/dicodusport.fr\/blog\/tour-ditalie-2025-parcours-et-profil-de-la-2eme-etape-du-giro\/\" \/>\n<meta property=\"og:site_name\" content=\"Dicodusport\" \/>\n<meta property=\"article:publisher\" content=\"https:\/\/www.facebook.com\/dicodusport\" \/>\n<meta property=\"article:author\" content=\"https:\/\/www.facebook.com\/groups\/LesRoisDuPeloton\" \/>\n<meta property=\"article:published_time\" content=\"2025-05-10T10:26:57+00:00\" \/>\n<meta property=\"og:image\" content=\"https:\/\/dicodusport.fr\/blog\/wp-content\/uploads\/2025\/04\/Tour-dItalie-2025-Parcours-et-profil-de-la-2eme-etape-du-Giro.png\" \/>\n\t<meta property=\"og:image:width\" content=\"1200\" \/>\n\t<meta property=\"og:image:height\" content=\"674\" \/>\n\t<meta property=\"og:image:type\" content=\"image\/png\" \/>\n<meta name=\"author\" content=\"Emilien Descampiaux\" \/>\n<meta name=\"twitter:card\" content=\"summary_large_image\" \/>\n<meta name=\"twitter:title\" content=\"Chrono Tour d&#039;Italie 2025 : Profil et parcours 2\u00e8me \u00e9tape du Giro\" \/>\n<meta name=\"twitter:creator\" content=\"@https:\/\/twitter.com\/LRoisDuPeloton\" \/>\n<meta name=\"twitter:site\" content=\"@dicodusport\" \/>\n<script type=\"application\/ld+json\" class=\"yoast-schema-graph\">{\"@context\":\"https:\/\/schema.org\",\"@graph\":[{\"@type\":\"NewsArticle\",\"@id\":\"https:\/\/dicodusport.fr\/blog\/tour-ditalie-2025-parcours-et-profil-de-la-2eme-etape-du-giro\/#article\",\"isPartOf\":{\"@id\":\"https:\/\/dicodusport.fr\/blog\/tour-ditalie-2025-parcours-et-profil-de-la-2eme-etape-du-giro\/\"},\"author\":{\"name\":\"Emilien Descampiaux\",\"@id\":\"https:\/\/dicodusport.fr\/blog\/#\/schema\/person\/6db4bae06b171592211be385b32876a7\"},\"headline\":\"Chrono Tour d&rsquo;Italie 2025 : Profil et parcours 2\u00e8me \u00e9tape du Giro\",\"datePublished\":\"2025-05-10T10:26:57+00:00\",\"mainEntityOfPage\":{\"@id\":\"https:\/\/dicodusport.fr\/blog\/tour-ditalie-2025-parcours-et-profil-de-la-2eme-etape-du-giro\/\"},\"wordCount\":397,\"commentCount\":0,\"publisher\":{\"@id\":\"https:\/\/dicodusport.fr\/blog\/#organization\"},\"image\":{\"@id\":\"https:\/\/dicodusport.fr\/blog\/tour-ditalie-2025-parcours-et-profil-de-la-2eme-etape-du-giro\/#primaryimage\"},\"thumbnailUrl\":\"https:\/\/dicodusport.fr\/blog\/wp-content\/uploads\/2025\/04\/Tour-dItalie-2025-Parcours-et-profil-de-la-2eme-etape-du-Giro.png\",\"keywords\":[\"Actualit\u00e9 Cyclisme\",\"br\u00e8ve\",\"Tour d'Italie\"],\"articleSection\":[\"Tour d'Italie\"],\"inLanguage\":\"fr-FR\",\"potentialAction\":[{\"@type\":\"CommentAction\",\"name\":\"Comment\",\"target\":[\"https:\/\/dicodusport.fr\/blog\/tour-ditalie-2025-parcours-et-profil-de-la-2eme-etape-du-giro\/#respond\"]}],\"copyrightYear\":\"2025\",\"copyrightHolder\":{\"@id\":\"https:\/\/dicodusport.fr\/blog\/#organization\"}},{\"@type\":\"WebPage\",\"@id\":\"https:\/\/dicodusport.fr\/blog\/tour-ditalie-2025-parcours-et-profil-de-la-2eme-etape-du-giro\/\",\"url\":\"https:\/\/dicodusport.fr\/blog\/tour-ditalie-2025-parcours-et-profil-de-la-2eme-etape-du-giro\/\",\"name\":\"Chrono Tour d'Italie 2025 : Profil et parcours 2\u00e8me \u00e9tape du Giro\",\"isPartOf\":{\"@id\":\"https:\/\/dicodusport.fr\/blog\/#website\"},\"primaryImageOfPage\":{\"@id\":\"https:\/\/dicodusport.fr\/blog\/tour-ditalie-2025-parcours-et-profil-de-la-2eme-etape-du-giro\/#primaryimage\"},\"image\":{\"@id\":\"https:\/\/dicodusport.fr\/blog\/tour-ditalie-2025-parcours-et-profil-de-la-2eme-etape-du-giro\/#primaryimage\"},\"thumbnailUrl\":\"https:\/\/dicodusport.fr\/blog\/wp-content\/uploads\/2025\/04\/Tour-dItalie-2025-Parcours-et-profil-de-la-2eme-etape-du-Giro.png\",\"datePublished\":\"2025-05-10T10:26:57+00:00\",\"description\":\"Retrouvez le parcours complet et le profil de la 2\u00e8me \u00e9tape du Tour d'Italie 2025, qui se d\u00e9roule le samedi 10 mai 2025 \u00e0 Tirana, en Albanie.\",\"breadcrumb\":{\"@id\":\"https:\/\/dicodusport.fr\/blog\/tour-ditalie-2025-parcours-et-profil-de-la-2eme-etape-du-giro\/#breadcrumb\"},\"inLanguage\":\"fr-FR\",\"potentialAction\":[{\"@type\":\"ReadAction\",\"target\":[\"https:\/\/dicodusport.fr\/blog\/tour-ditalie-2025-parcours-et-profil-de-la-2eme-etape-du-giro\/\"]}]},{\"@type\":\"ImageObject\",\"inLanguage\":\"fr-FR\",\"@id\":\"https:\/\/dicodusport.fr\/blog\/tour-ditalie-2025-parcours-et-profil-de-la-2eme-etape-du-giro\/#primaryimage\",\"url\":\"https:\/\/dicodusport.fr\/blog\/wp-content\/uploads\/2025\/04\/Tour-dItalie-2025-Parcours-et-profil-de-la-2eme-etape-du-Giro.png\",\"contentUrl\":\"https:\/\/dicodusport.fr\/blog\/wp-content\/uploads\/2025\/04\/Tour-dItalie-2025-Parcours-et-profil-de-la-2eme-etape-du-Giro.png\",\"width\":1200,\"height\":674,\"caption\":\"Tour d'Italie 2025 Parcours et profil de la 2\u00e8me \u00e9tape du Giro\"},{\"@type\":\"BreadcrumbList\",\"@id\":\"https:\/\/dicodusport.fr\/blog\/tour-ditalie-2025-parcours-et-profil-de-la-2eme-etape-du-giro\/#breadcrumb\",\"itemListElement\":[{\"@type\":\"ListItem\",\"position\":1,\"name\":\"Accueil\",\"item\":\"https:\/\/dicodusport.fr\/blog\/\"},{\"@type\":\"ListItem\",\"position\":2,\"name\":\"Chrono Tour d&rsquo;Italie 2025 : Profil et parcours 2\u00e8me \u00e9tape du Giro\"}]},{\"@type\":\"WebSite\",\"@id\":\"https:\/\/dicodusport.fr\/blog\/#website\",\"url\":\"https:\/\/dicodusport.fr\/blog\/\",\"name\":\"Dicodusport\",\"description\":\"L&#039;encyclop\u00e9die de l&#039;actualit\u00e9 sportive\",\"publisher\":{\"@id\":\"https:\/\/dicodusport.fr\/blog\/#organization\"},\"potentialAction\":[{\"@type\":\"SearchAction\",\"target\":{\"@type\":\"EntryPoint\",\"urlTemplate\":\"https:\/\/dicodusport.fr\/blog\/?s={search_term_string}\"},\"query-input\":{\"@type\":\"PropertyValueSpecification\",\"valueRequired\":true,\"valueName\":\"search_term_string\"}}],\"inLanguage\":\"fr-FR\"},{\"@type\":\"NewsMediaOrganization\",\"@id\":\"https:\/\/dicodusport.fr\/blog\/#organization\",\"name\":\"Dicodusport\",\"url\":\"https:\/\/dicodusport.fr\/blog\/\",\"logo\":{\"@type\":\"ImageObject\",\"inLanguage\":\"fr-FR\",\"@id\":\"https:\/\/dicodusport.fr\/blog\/#\/schema\/logo\/image\/\",\"url\":\"https:\/\/dicodusport.fr\/blog\/wp-content\/uploads\/2020\/06\/cropped-LOGO-DICODUSPORT-2020-SANS-FOND-SANS-TEXTE.png\",\"contentUrl\":\"https:\/\/dicodusport.fr\/blog\/wp-content\/uploads\/2020\/06\/cropped-LOGO-DICODUSPORT-2020-SANS-FOND-SANS-TEXTE.png\",\"width\":512,\"height\":512,\"caption\":\"Dicodusport\"},\"image\":{\"@id\":\"https:\/\/dicodusport.fr\/blog\/#\/schema\/logo\/image\/\"},\"sameAs\":[\"https:\/\/www.facebook.com\/dicodusport\",\"https:\/\/x.com\/dicodusport\",\"https:\/\/www.instagram.com\/dicodusport\/\",\"https:\/\/www.youtube.com\/channel\/UC7V2KZ5sd3htJivAbA4ZG3w\"],\"description\":\"Dicodusport est l'encyclop\u00e9die de l'actualit\u00e9 sportive.\",\"email\":\"bonjour@dicodusport.fr\",\"legalName\":\"DICODUSPORT\",\"foundingDate\":\"2018-01-14\",\"vatID\":\"FR71834470973\",\"taxID\":\"83447097300043\",\"numberOfEmployees\":{\"@type\":\"QuantitativeValue\",\"minValue\":\"1\",\"maxValue\":\"10\"}},{\"@type\":\"Person\",\"@id\":\"https:\/\/dicodusport.fr\/blog\/#\/schema\/person\/6db4bae06b171592211be385b32876a7\",\"name\":\"Emilien Descampiaux\",\"image\":{\"@type\":\"ImageObject\",\"inLanguage\":\"fr-FR\",\"@id\":\"https:\/\/dicodusport.fr\/blog\/#\/schema\/person\/image\/\",\"url\":\"https:\/\/dicodusport.fr\/blog\/wp-content\/uploads\/2021\/05\/Emilien-Descampiaux-150x150.jpg\",\"contentUrl\":\"https:\/\/dicodusport.fr\/blog\/wp-content\/uploads\/2021\/05\/Emilien-Descampiaux-150x150.jpg\",\"caption\":\"Emilien Descampiaux\"},\"description\":\"Journaliste\/r\u00e9dacteur depuis 2014 - Fan de la classe de Frank Vandenbroucke, je vis cyclisme (et de ses paysages) depuis plus de 20 ans. Je suis tr\u00e8s impliqu\u00e9 sur mes diff\u00e9rents r\u00e9seaux sociaux pour partager ma passion sur le monde et l'Histoire de la bicyclette avec ma voix sur les images en noir et blanc du succ\u00e8s de Rik Van Steenbergen lors du Ronde sur le V\u00e9lodrome de Gand.\",\"sameAs\":[\"https:\/\/www.facebook.com\/groups\/LesRoisDuPeloton\",\"https:\/\/x.com\/https:\/\/twitter.com\/LRoisDuPeloton\"],\"url\":\"https:\/\/dicodusport.fr\/blog\/author\/emiliend\/\"}]}<\/script>\n<!-- \/ Yoast SEO Premium plugin. -->","yoast_head_json":{"title":"Chrono Tour d'Italie 2025 : Profil et parcours 2\u00e8me \u00e9tape du Giro","description":"Retrouvez le parcours complet et le profil de la 2\u00e8me \u00e9tape du Tour d'Italie 2025, qui se d\u00e9roule le samedi 10 mai 2025 \u00e0 Tirana, en Albanie.","robots":{"index":"index","follow":"follow","max-snippet":"max-snippet:-1","max-image-preview":"max-image-preview:large","max-video-preview":"max-video-preview:-1"},"canonical":"https:\/\/dicodusport.fr\/blog\/tour-ditalie-2025-parcours-et-profil-de-la-2eme-etape-du-giro\/","og_locale":"fr_FR","og_type":"article","og_title":"Chrono Tour d'Italie 2025 : Profil et parcours 2\u00e8me \u00e9tape du Giro","og_description":"Retrouvez le parcours complet et le profil de la 2\u00e8me \u00e9tape du Tour d'Italie 2025, qui se d\u00e9roule le samedi 10 mai 2025 \u00e0 Tirana, en Albanie.","og_url":"https:\/\/dicodusport.fr\/blog\/tour-ditalie-2025-parcours-et-profil-de-la-2eme-etape-du-giro\/","og_site_name":"Dicodusport","article_publisher":"https:\/\/www.facebook.com\/dicodusport","article_author":"https:\/\/www.facebook.com\/groups\/LesRoisDuPeloton","article_published_time":"2025-05-10T10:26:57+00:00","og_image":[{"width":1200,"height":674,"url":"https:\/\/dicodusport.fr\/blog\/wp-content\/uploads\/2025\/04\/Tour-dItalie-2025-Parcours-et-profil-de-la-2eme-etape-du-Giro.png","type":"image\/png"}],"author":"Emilien Descampiaux","twitter_card":"summary_large_image","twitter_title":"Chrono Tour d'Italie 2025 : Profil et parcours 2\u00e8me \u00e9tape du Giro","twitter_creator":"@https:\/\/twitter.com\/LRoisDuPeloton","twitter_site":"@dicodusport","schema":{"@context":"https:\/\/schema.org","@graph":[{"@type":"NewsArticle","@id":"https:\/\/dicodusport.fr\/blog\/tour-ditalie-2025-parcours-et-profil-de-la-2eme-etape-du-giro\/#article","isPartOf":{"@id":"https:\/\/dicodusport.fr\/blog\/tour-ditalie-2025-parcours-et-profil-de-la-2eme-etape-du-giro\/"},"author":{"name":"Emilien Descampiaux","@id":"https:\/\/dicodusport.fr\/blog\/#\/schema\/person\/6db4bae06b171592211be385b32876a7"},"headline":"Chrono Tour d&rsquo;Italie 2025 : Profil et parcours 2\u00e8me \u00e9tape du Giro","datePublished":"2025-05-10T10:26:57+00:00","mainEntityOfPage":{"@id":"https:\/\/dicodusport.fr\/blog\/tour-ditalie-2025-parcours-et-profil-de-la-2eme-etape-du-giro\/"},"wordCount":397,"commentCount":0,"publisher":{"@id":"https:\/\/dicodusport.fr\/blog\/#organization"},"image":{"@id":"https:\/\/dicodusport.fr\/blog\/tour-ditalie-2025-parcours-et-profil-de-la-2eme-etape-du-giro\/#primaryimage"},"thumbnailUrl":"https:\/\/dicodusport.fr\/blog\/wp-content\/uploads\/2025\/04\/Tour-dItalie-2025-Parcours-et-profil-de-la-2eme-etape-du-Giro.png","keywords":["Actualit\u00e9 Cyclisme","br\u00e8ve","Tour d'Italie"],"articleSection":["Tour d'Italie"],"inLanguage":"fr-FR","potentialAction":[{"@type":"CommentAction","name":"Comment","target":["https:\/\/dicodusport.fr\/blog\/tour-ditalie-2025-parcours-et-profil-de-la-2eme-etape-du-giro\/#respond"]}],"copyrightYear":"2025","copyrightHolder":{"@id":"https:\/\/dicodusport.fr\/blog\/#organization"}},{"@type":"WebPage","@id":"https:\/\/dicodusport.fr\/blog\/tour-ditalie-2025-parcours-et-profil-de-la-2eme-etape-du-giro\/","url":"https:\/\/dicodusport.fr\/blog\/tour-ditalie-2025-parcours-et-profil-de-la-2eme-etape-du-giro\/","name":"Chrono Tour d'Italie 2025 : Profil et parcours 2\u00e8me \u00e9tape du Giro","isPartOf":{"@id":"https:\/\/dicodusport.fr\/blog\/#website"},"primaryImageOfPage":{"@id":"https:\/\/dicodusport.fr\/blog\/tour-ditalie-2025-parcours-et-profil-de-la-2eme-etape-du-giro\/#primaryimage"},"image":{"@id":"https:\/\/dicodusport.fr\/blog\/tour-ditalie-2025-parcours-et-profil-de-la-2eme-etape-du-giro\/#primaryimage"},"thumbnailUrl":"https:\/\/dicodusport.fr\/blog\/wp-content\/uploads\/2025\/04\/Tour-dItalie-2025-Parcours-et-profil-de-la-2eme-etape-du-Giro.png","datePublished":"2025-05-10T10:26:57+00:00","description":"Retrouvez le parcours complet et le profil de la 2\u00e8me \u00e9tape du Tour d'Italie 2025, qui se d\u00e9roule le samedi 10 mai 2025 \u00e0 Tirana, en Albanie.","breadcrumb":{"@id":"https:\/\/dicodusport.fr\/blog\/tour-ditalie-2025-parcours-et-profil-de-la-2eme-etape-du-giro\/#breadcrumb"},"inLanguage":"fr-FR","potentialAction":[{"@type":"ReadAction","target":["https:\/\/dicodusport.fr\/blog\/tour-ditalie-2025-parcours-et-profil-de-la-2eme-etape-du-giro\/"]}]},{"@type":"ImageObject","inLanguage":"fr-FR","@id":"https:\/\/dicodusport.fr\/blog\/tour-ditalie-2025-parcours-et-profil-de-la-2eme-etape-du-giro\/#primaryimage","url":"https:\/\/dicodusport.fr\/blog\/wp-content\/uploads\/2025\/04\/Tour-dItalie-2025-Parcours-et-profil-de-la-2eme-etape-du-Giro.png","contentUrl":"https:\/\/dicodusport.fr\/blog\/wp-content\/uploads\/2025\/04\/Tour-dItalie-2025-Parcours-et-profil-de-la-2eme-etape-du-Giro.png","width":1200,"height":674,"caption":"Tour d'Italie 2025 Parcours et profil de la 2\u00e8me \u00e9tape du Giro"},{"@type":"BreadcrumbList","@id":"https:\/\/dicodusport.fr\/blog\/tour-ditalie-2025-parcours-et-profil-de-la-2eme-etape-du-giro\/#breadcrumb","itemListElement":[{"@type":"ListItem","position":1,"name":"Accueil","item":"https:\/\/dicodusport.fr\/blog\/"},{"@type":"ListItem","position":2,"name":"Chrono Tour d&rsquo;Italie 2025 : Profil et parcours 2\u00e8me \u00e9tape du Giro"}]},{"@type":"WebSite","@id":"https:\/\/dicodusport.fr\/blog\/#website","url":"https:\/\/dicodusport.fr\/blog\/","name":"Dicodusport","description":"L&#039;encyclop\u00e9die de l&#039;actualit\u00e9 sportive","publisher":{"@id":"https:\/\/dicodusport.fr\/blog\/#organization"},"potentialAction":[{"@type":"SearchAction","target":{"@type":"EntryPoint","urlTemplate":"https:\/\/dicodusport.fr\/blog\/?s={search_term_string}"},"query-input":{"@type":"PropertyValueSpecification","valueRequired":true,"valueName":"search_term_string"}}],"inLanguage":"fr-FR"},{"@type":"NewsMediaOrganization","@id":"https:\/\/dicodusport.fr\/blog\/#organization","name":"Dicodusport","url":"https:\/\/dicodusport.fr\/blog\/","logo":{"@type":"ImageObject","inLanguage":"fr-FR","@id":"https:\/\/dicodusport.fr\/blog\/#\/schema\/logo\/image\/","url":"https:\/\/dicodusport.fr\/blog\/wp-content\/uploads\/2020\/06\/cropped-LOGO-DICODUSPORT-2020-SANS-FOND-SANS-TEXTE.png","contentUrl":"https:\/\/dicodusport.fr\/blog\/wp-content\/uploads\/2020\/06\/cropped-LOGO-DICODUSPORT-2020-SANS-FOND-SANS-TEXTE.png","width":512,"height":512,"caption":"Dicodusport"},"image":{"@id":"https:\/\/dicodusport.fr\/blog\/#\/schema\/logo\/image\/"},"sameAs":["https:\/\/www.facebook.com\/dicodusport","https:\/\/x.com\/dicodusport","https:\/\/www.instagram.com\/dicodusport\/","https:\/\/www.youtube.com\/channel\/UC7V2KZ5sd3htJivAbA4ZG3w"],"description":"Dicodusport est l'encyclop\u00e9die de l'actualit\u00e9 sportive.","email":"bonjour@dicodusport.fr","legalName":"DICODUSPORT","foundingDate":"2018-01-14","vatID":"FR71834470973","taxID":"83447097300043","numberOfEmployees":{"@type":"QuantitativeValue","minValue":"1","maxValue":"10"}},{"@type":"Person","@id":"https:\/\/dicodusport.fr\/blog\/#\/schema\/person\/6db4bae06b171592211be385b32876a7","name":"Emilien Descampiaux","image":{"@type":"ImageObject","inLanguage":"fr-FR","@id":"https:\/\/dicodusport.fr\/blog\/#\/schema\/person\/image\/","url":"https:\/\/dicodusport.fr\/blog\/wp-content\/uploads\/2021\/05\/Emilien-Descampiaux-150x150.jpg","contentUrl":"https:\/\/dicodusport.fr\/blog\/wp-content\/uploads\/2021\/05\/Emilien-Descampiaux-150x150.jpg","caption":"Emilien Descampiaux"},"description":"Journaliste\/r\u00e9dacteur depuis 2014 - Fan de la classe de Frank Vandenbroucke, je vis cyclisme (et de ses paysages) depuis plus de 20 ans. Je suis tr\u00e8s impliqu\u00e9 sur mes diff\u00e9rents r\u00e9seaux sociaux pour partager ma passion sur le monde et l'Histoire de la bicyclette avec ma voix sur les images en noir et blanc du succ\u00e8s de Rik Van Steenbergen lors du Ronde sur le V\u00e9lodrome de Gand.","sameAs":["https:\/\/www.facebook.com\/groups\/LesRoisDuPeloton","https:\/\/x.com\/https:\/\/twitter.com\/LRoisDuPeloton"],"url":"https:\/\/dicodusport.fr\/blog\/author\/emiliend\/"}]}},"_links":{"self":[{"href":"https:\/\/dicodusport.fr\/blog\/wp-json\/wp\/v2\/posts\/575612","targetHints":{"allow":["GET"]}}],"collection":[{"href":"https:\/\/dicodusport.fr\/blog\/wp-json\/wp\/v2\/posts"}],"about":[{"href":"https:\/\/dicodusport.fr\/blog\/wp-json\/wp\/v2\/types\/post"}],"author":[{"embeddable":true,"href":"https:\/\/dicodusport.fr\/blog\/wp-json\/wp\/v2\/users\/48"}],"replies":[{"embeddable":true,"href":"https:\/\/dicodusport.fr\/blog\/wp-json\/wp\/v2\/comments?post=575612"}],"version-history":[{"count":5,"href":"https:\/\/dicodusport.fr\/blog\/wp-json\/wp\/v2\/posts\/575612\/revisions"}],"predecessor-version":[{"id":577874,"href":"https:\/\/dicodusport.fr\/blog\/wp-json\/wp\/v2\/posts\/575612\/revisions\/577874"}],"wp:featuredmedia":[{"embeddable":true,"href":"https:\/\/dicodusport.fr\/blog\/wp-json\/wp\/v2\/media\/577591"}],"wp:attachment":[{"href":"https:\/\/dicodusport.fr\/blog\/wp-json\/wp\/v2\/media?parent=575612"}],"wp:term":[{"taxonomy":"category","embeddable":true,"href":"https:\/\/dicodusport.fr\/blog\/wp-json\/wp\/v2\/categories?post=575612"},{"taxonomy":"post_tag","embeddable":true,"href":"https:\/\/dicodusport.fr\/blog\/wp-json\/wp\/v2\/tags?post=575612"}],"curies":[{"name":"wp","href":"https:\/\/api.w.org\/{rel}","templated":true}]}}