{"id":575919,"date":"2025-05-04T11:25:55","date_gmt":"2025-05-04T09:25:55","guid":{"rendered":"https:\/\/dicodusport.fr\/blog\/?p=575919&#038;preview=true&#038;preview_id=575919"},"modified":"2025-05-04T11:25:25","modified_gmt":"2025-05-04T09:25:25","slug":"ubb-toulouse-compositions-chaine-tv-et-heure-demi-finale-champions-cup","status":"publish","type":"post","link":"https:\/\/dicodusport.fr\/blog\/ubb-toulouse-compositions-chaine-tv-et-heure-demi-finale-champions-cup\/","title":{"rendered":"UBB-Toulouse : Compositions, Cha\u00eene TV, Date et Heure"},"content":{"rendered":"<h4 style=\"text-align: justify;\"><em>\u00c0 quelle heure et sur quelle cha\u00eene TV suivre la demi-finale de Champions Cup entre l&rsquo;Union Bordeaux-B\u00e8gles et Toulouse ? Retrouvez \u00e9galement les compositions des deux \u00e9quipes.<\/em><\/h4>\n<ul style=\"text-align: justify;\">\n<li style=\"text-align: justify;\"><strong>\u00c0 ce sujet &#8211; <a href=\"https:\/\/dicodusport.fr\/blog\/champions-cup-2024-2025-tableau-complet-de-la-phase-finale\/\">Champions Cup (Phase finale) : Le tableau complet<\/a><\/strong><\/li>\n<\/ul>\n<p style=\"text-align: justify;\">La <strong>demi-finale de Champions Cup 2024-2025<\/strong> opposera l&rsquo;<a href=\"https:\/\/dicodusport.fr\/blog\/transferts-ubb-2025-arrivees-departs-et-prolongations\/\"><strong>Union Bordeaux-B\u00e8gles<\/strong><\/a> au <a href=\"https:\/\/dicodusport.fr\/blog\/transferts-stade-toulousain-2025-arrivees-departs-et-prolongations\/\"><strong>Stade Toulousain<\/strong><\/a> ce <strong>dimanche 4 mai<\/strong> \u00e0 <strong>16h00<\/strong> au Matmut Atlantique de Bordeaux. Cette confrontation 100 % fran\u00e7aise promet un spectacle intense entre deux des meilleures \u00e9quipes du Top 14.\u200b<\/p>\n<p style=\"text-align: justify;\">L&rsquo;<strong>UBB<\/strong> atteint pour la deuxi\u00e8me fois les <a href=\"https:\/\/dicodusport.fr\/blog\/champions-cup-demi-finales-affiches-programme-et-dates\/\"><strong>demi-finales de la<\/strong> <strong>Champions Cup<\/strong><\/a>, marquant une \u00e9tape significative dans son d\u00e9veloppement depuis sa cr\u00e9ation il y a plus de deux d\u00e9cennies. Le <strong>Stade Toulousain<\/strong>, sextuple champion d&rsquo;Europe, est un habitu\u00e9 de ces rendez-vous, mais devra composer avec plusieurs absences notables.<\/p>\n<h2 style=\"text-align: justify;\">Bordeaux-B\u00e8gles poursuit sa mont\u00e9e en puissance<\/h2>\n<p style=\"text-align: justify;\">L&rsquo;<strong>UBB<\/strong> reste sur un d\u00e9but d&rsquo;ann\u00e9e 2025 positif, avec neuf victoires sur les treize matchs disput\u00e9s, toutes comp\u00e9titions confondues. En quart de finale de la comp\u00e9tition europ\u00e9enne, <a href=\"https:\/\/dicodusport.fr\/blog\/ubb-munster-echegaray-lucu-smith-les-notes-du-match\/2\/\">les Girondins ont \u00e9limin\u00e9 le <strong>Munster<\/strong> avec autorit\u00e9 (47-29)<\/a>, montrant une ma\u00eetrise collective et une efficacit\u00e9 offensive remarquable. Les forces de l&rsquo;<strong>UBB<\/strong> sont multiples. Avec, d&rsquo;abord, une ligne de trois-quarts explosive, compos\u00e9e notamment <strong>Damian Penaud<\/strong>, <strong>Louis Bielle-Biarrey<\/strong> et <strong>Matthieu Jalibert<\/strong>.<\/p>\n<p style=\"text-align: justify;\">Le pack unioniste est \u00e9galement solide. La m\u00eal\u00e9e bordelaise, longtemps jug\u00e9e friable, est d\u00e9sormais tr\u00e8s comp\u00e9titive, gr\u00e2ce notamment \u00e0 un <strong>Ben Tameifuna<\/strong>, v\u00e9ritable pierre angulaire du paquet d&rsquo;avants bordelo-b\u00e9glais, et \u00e0 un second rideau tr\u00e8s mobile. Pour en arriver \u00e0 cette deuxi\u00e8me demi-finale de <strong>Champions Cup<\/strong>, <strong>Yannick Bru<\/strong> a impos\u00e9 une vraie discipline tactique, tout en laissant de la libert\u00e9 \u00e0 ses joueurs.<\/p>\n<h2>Le Stade Toulousain en habitu\u00e9<\/h2>\n<p style=\"text-align: justify;\">Malgr\u00e9 les blessures, <strong>Toulouse<\/strong>, tenant du titre, s&rsquo;accroche au haut du Top 14 et <a href=\"https:\/\/dicodusport.fr\/blog\/toulon-toulouse-abadie-meafou-ntamack-les-notes-du-match\/\">a battu <strong>Toulon<\/strong> (18-21) en quarts de Champions Cup<\/a>. Les Stadistes sont en verve en 2025, avec onze succ\u00e8s sur treize rencontres disput\u00e9es, toutes comp\u00e9titions confondues. L&rsquo;exp\u00e9rience des <em>Rouge et Noir<\/em> dans la comp\u00e9tition n&rsquo;est plus \u00e0 prouver, avec six titres glan\u00e9s.<\/p>\n<p style=\"text-align: justify;\">Sur le papier, les hommes d&rsquo;<strong>Ugo Mola<\/strong> ont tout pour r\u00e9ussir. Avec un pack puissant et un jeu de mouvement d\u00e9routant, les Haut-Garonnais ont de quoi faire peur. Toutefois, ils devront se passer de quatre cadres pour cette <strong>demi-finale de Champions Cup<\/strong> : <strong>Antoine Dupont<\/strong>, <strong>Blair Kinghorn<\/strong>, <strong>Peato Mauvaka<\/strong> et <strong>Thomas Ramos<\/strong>. Des absences notables, que la profondeur d&rsquo;effectif toulousaine va devoir amortir face \u00e0 l&rsquo;<strong>UBB<\/strong>.<\/p>\n<div class=\"vlp-link-container vlp-layout-article\"><a href=\"https:\/\/dicodusport.fr\/blog\/stade-toulousain-peato-mauvaka-gravement-blesse\/\" class=\"vlp-link\" title=\"Stade Toulousain : Peato Mauvaka gravement bless\u00e9\"><\/a><div class=\"vlp-layout-zone-side\"><div class=\"vlp-block-4 vlp-link-image\"><img loading=\"lazy\" decoding=\"async\" style=\"max-width: 792px;\" width=\"792\" height=\"445\" src=\"https:\/\/dicodusport.fr\/blog\/wp-content\/uploads\/2025\/04\/Stade-Toulousain-Peato-Mauvaka-gravement-blesse.png\" class=\"attachment-800x445 size-800x445\" alt=\"Stade Toulousain Peato Mauvaka gravement bless\u00e9\" srcset=\"https:\/\/dicodusport.fr\/blog\/wp-content\/uploads\/2025\/04\/Stade-Toulousain-Peato-Mauvaka-gravement-blesse.png 1200w, https:\/\/dicodusport.fr\/blog\/wp-content\/uploads\/2025\/04\/Stade-Toulousain-Peato-Mauvaka-gravement-blesse-300x169.png 300w, https:\/\/dicodusport.fr\/blog\/wp-content\/uploads\/2025\/04\/Stade-Toulousain-Peato-Mauvaka-gravement-blesse-1024x575.png 1024w, https:\/\/dicodusport.fr\/blog\/wp-content\/uploads\/2025\/04\/Stade-Toulousain-Peato-Mauvaka-gravement-blesse-768x431.png 768w\" sizes=\"auto, (max-width: 792px) 100vw, 792px\" \/><\/div><\/div><div class=\"vlp-layout-zone-main\"><div class=\"vlp-block-0 vlp-link-title\">Stade Toulousain : Peato Mauvaka gravement bless\u00e9<\/div><div class=\"vlp-block-1 vlp-link-summary\">TOP 14 - Mauvaise nouvelle \u00e0 Toulouse. Alors que se profile une fin de saison charg\u00e9e, entre Champions Cup et Championnat, un joueur majeur va manquer \u00e0 l\u2019appel. Selon Rugbyrama, le talonneur Peato Mauvaka serait gravement touch\u00e9 au genou, ce qui serait synonyme de fin de saison.<\/div><div class=\"vlp-block-2 vlp-link-button\">Lire l'article<\/div><div class=\"vlp-block-3 vlp-link-url\">dicodusport.fr<\/div><\/div><\/div>\n<p style=\"text-align: justify;\">Pour cette rencontre de ce dimanche, le <strong>Stade Toulousain<\/strong> est donn\u00e9 favori, malgr\u00e9 la cascade de bless\u00e9s. Pour rappel, l&rsquo;<strong>UBB<\/strong> a remport\u00e9 les deux rencontres de Top 14 opposant les deux \u00e9quipes. Qui affrontera <strong>Northampton<\/strong> en finale, <a href=\"https:\/\/dicodusport.fr\/blog\/champions-cup-demi-finales-tommy-freeman-et-northampton-ecoeurent-le-leinster\/\">vainqueur du <strong>Leinster<\/strong> dans l&rsquo;autre demi-finale (34-37)<\/a> ? R\u00e9ponse ce dimanche en fin de journ\u00e9e !<\/p>\n<h2 style=\"text-align: justify;\">UBB &#8211; Toulouse : \u00c0 quelle heure et sur quelle cha\u00eene TV suivre le match ?<\/h2>\n<p style=\"text-align: justify;\">Le match <strong>Bordeaux-B\u00e8gles &#8211; Toulouse<\/strong> est \u00e0 suivre en direct ce <strong>dimanche 4 mai 2025 \u00e0 16h00<\/strong>, sur <strong>France 2<\/strong> et <b>beIN Sports 2<\/b>.<\/p>\n<h2 style=\"text-align: justify;\">Les compositions probables de UBB &#8211; Toulouse<\/h2>\n<h3 style=\"text-align: justify;\">La composition de l&rsquo;UBB<\/h3>\n<p style=\"text-align: justify;\"><strong>Le XV de d\u00e9part<\/strong> <strong>: <\/strong>15. Buros ; 14. Penaud, 13.\u00a0Depoortere, 12. Moefana, 11. Bielle-Biarrey ; 10. Jalibert, 9. Lucu (cap.) ; 7. Petti, 8. Samu, 6. Diaby\u00a0; 5. Cazeaux, 4. Coleman ; 3. Falatea, 2. Lamothe, 1. Poirot.<\/p>\n<p style=\"text-align: justify;\"><strong>Rempla\u00e7ants :<\/strong> 16. Sa, 17. Perchaud, 18. Tameifuna, 19. Bochaton, 20. Gazzotti, 21.\u00a0Vergnes-Taillefer, 22. Reti\u00e8re, 23. Carbery.<\/p>\n<h3 style=\"text-align: justify;\">La composition de Toulouse<\/h3>\n<p style=\"text-align: justify;\"><strong>Le XV de d\u00e9part : <\/strong>15. Mallia\u00a0; 14. Capuozzo, 13. Barassi, 12. Ahki, 11. Delibes\u00a0; 10. R.Ntamack, 9. Graou\u00a0; 7. Willis, 8. Roumat, 6. Cros\u00a0; 5. Meafou, 4. Flament\u00a0; 3. Aldegheri, 2. Marchand (cap.), 1. Baille.<\/p>\n<p style=\"text-align: justify;\"><strong>Rempla\u00e7ants\u2005:<\/strong> 16. Cramont, 17. Neti, 18. Merkler, 19. Verg\u00e9, 20. Jelonch, 21.\u00a0Castro-Ferreira, 22. Saito, 23. Chocobares.<\/p>\n<h2 style=\"text-align: justify;\">Les cotes de UBB &#8211; Toulouse<\/h2>\n<table style=\"width: 800px;\">\n<tbody>\n<tr style=\"height: 16px;\">\n<td style=\"background-color: #404040; text-align: left; border-color: #ededed; width: 500px;\" colspan=\"3\"><span style=\"font-size: 12px; color: #ffffff;\">Dimanche 4 mai 2025, 16h00<\/span><\/td>\n<\/tr>\n<tr style=\"height: 24px;\">\n<td style=\"background-color: #ffffff; border-color: #ededed; vertical-align: middle; text-align: center; width: 266px;\"><span style=\"font-size: 14px;\"><b>UBB<br \/>\n<\/b><\/span><span style=\"font-size: 10px;\"><a href=\"https:\/\/www.winamax.fr\/paris-sportifs\/match\/59850838?banid=33423\" class=\"su-button su-button-style-flat su-button-wide\" style=\"color:#fff;background-color:#000;border-color:#000000;border-radius:5px\" target=\"_blank\" rel=\"noopener noreferrer\"><span style=\"color:#fff;padding:0px 20px;font-size:16px;line-height:32px;border-color:#4d4d4d;border-radius:5px;text-shadow:none\"> 2.15<\/span><\/a><\/span><\/td>\n<td style=\"background-color: #ffffff; border-color: #ededed; vertical-align: middle; text-align: center; width: 266px;\"><span style=\"font-size: 10px;\"><span style=\"font-size: 14px;\"><strong>Match nul<\/strong><\/span><br \/>\n<a href=\"https:\/\/www.winamax.fr\/paris-sportifs\/match\/59850838?banid=33423\" class=\"su-button su-button-style-flat su-button-wide\" style=\"color:#fff;background-color:#000;border-color:#000000;border-radius:5px\" target=\"_blank\" rel=\"noopener noreferrer\"><span style=\"color:#fff;padding:0px 20px;font-size:16px;line-height:32px;border-color:#4d4d4d;border-radius:5px;text-shadow:none\"> 25<\/span><\/a><\/span><\/td>\n<td style=\"background-color: #ffffff; border-color: #ededed; vertical-align: middle; text-align: center; width: 266px;\"><span style=\"font-size: 10px;\"><span style=\"font-size: 14px;\"><b>Toulouse<\/b><\/span><br \/>\n<a href=\"https:\/\/www.winamax.fr\/paris-sportifs\/match\/59850838?banid=33423\" class=\"su-button su-button-style-flat su-button-wide\" style=\"color:#fff;background-color:#000;border-color:#000000;border-radius:5px\" target=\"_blank\" rel=\"noopener noreferrer\"><span style=\"color:#fff;padding:0px 20px;font-size:16px;line-height:32px;border-color:#4d4d4d;border-radius:5px;text-shadow:none\"> 1.72<\/span><\/a><\/span><\/td>\n<\/tr>\n<\/tbody>\n<\/table>\n<p style=\"text-align: justify;\">Tentez votre chance en profitant de votre <a href=\"https:\/\/www.winamax.fr\/registration\/landing\/affiliation_Bonus100?banid=33423\">1er d\u00e9p\u00f4t doubl\u00e9 jusqu&rsquo;\u00e0 100 \u20ac<\/a> direct en paris gratuits sur Winamax !<\/p>\n<p style=\"text-align: justify;\">\n","protected":false},"excerpt":{"rendered":"<p>\u00c0 quelle heure et sur quelle cha\u00eene TV suivre la demi-finale de Champions Cup entre l&rsquo;Union Bordeaux-B\u00e8gles et Toulouse ? Retrouvez \u00e9galement les compositions des deux \u00e9quipes.<\/p>\n","protected":false},"author":4,"featured_media":575929,"comment_status":"open","ping_status":"closed","sticky":false,"template":"","format":"standard","meta":{"_acf_changed":false,"_daextam_enable_autolinks":"1","footnotes":""},"categories":[44295,47051,9129],"tags":[16878,3077,2823,4008,1567],"class_list":["post-575919","post","type-post","status-publish","format-standard","has-post-thumbnail","hentry","category-chaine-tv","category-champions-cup","category-rugby-a-xv","tag-breve","tag-castres","tag-champions-cup","tag-stade-toulousain","tag-ubb"],"acf":[],"yoast_head":"<!-- This site is optimized with the Yoast SEO Premium plugin v26.7 (Yoast SEO v26.7) - https:\/\/yoast.com\/wordpress\/plugins\/seo\/ -->\n<title>UBB-Toulouse : Compositions, Cha\u00eene TV, Date et Heure<\/title>\n<meta name=\"description\" content=\"\u00c0 quelle heure et sur quelle cha\u00eene TV suivre la demi-finale de Champions Cup entre l&#039;Union Bordeaux-B\u00e8gles et Toulouse ? Retrouvez \u00e9galement les compositions des deux \u00e9quipes.\" \/>\n<meta name=\"robots\" content=\"index, follow, max-snippet:-1, max-image-preview:large, max-video-preview:-1\" \/>\n<link rel=\"canonical\" href=\"https:\/\/dicodusport.fr\/blog\/ubb-toulouse-compositions-chaine-tv-et-heure-demi-finale-champions-cup\/\" \/>\n<meta property=\"og:locale\" content=\"fr_FR\" \/>\n<meta property=\"og:type\" content=\"article\" \/>\n<meta property=\"og:title\" content=\"UBB-Toulouse : Compositions, Cha\u00eene TV, Date et Heure\" \/>\n<meta property=\"og:description\" content=\"\u00c0 quelle heure et sur quelle cha\u00eene TV suivre la demi-finale de Champions Cup entre l&#039;Union Bordeaux-B\u00e8gles et Toulouse ? Retrouvez \u00e9galement les compositions des deux \u00e9quipes.\" \/>\n<meta property=\"og:url\" content=\"https:\/\/dicodusport.fr\/blog\/ubb-toulouse-compositions-chaine-tv-et-heure-demi-finale-champions-cup\/\" \/>\n<meta property=\"og:site_name\" content=\"Dicodusport\" \/>\n<meta property=\"article:publisher\" content=\"https:\/\/www.facebook.com\/dicodusport\" \/>\n<meta property=\"article:author\" content=\"https:\/\/www.facebook.com\/florent.ostermann\" \/>\n<meta property=\"article:published_time\" content=\"2025-05-04T09:25:55+00:00\" \/>\n<meta property=\"og:image\" content=\"https:\/\/dicodusport.fr\/blog\/wp-content\/uploads\/2025\/05\/UBB-Toulouse-Compositions-Chaine-TV-et-Heure-de-la-demi-finale-de-Champions-Cup.png\" \/>\n\t<meta property=\"og:image:width\" content=\"1200\" \/>\n\t<meta property=\"og:image:height\" content=\"674\" \/>\n\t<meta property=\"og:image:type\" content=\"image\/png\" \/>\n<meta name=\"author\" content=\"Flo Ostermann\" \/>\n<meta name=\"twitter:card\" content=\"summary_large_image\" \/>\n<meta name=\"twitter:title\" content=\"UBB-Toulouse : Compositions, Cha\u00eene TV, Date et Heure\" \/>\n<meta name=\"twitter:creator\" content=\"@https:\/\/twitter.com\/FlOstermann\" \/>\n<meta name=\"twitter:site\" content=\"@dicodusport\" \/>\n<script type=\"application\/ld+json\" class=\"yoast-schema-graph\">{\"@context\":\"https:\/\/schema.org\",\"@graph\":[{\"@type\":\"NewsArticle\",\"@id\":\"https:\/\/dicodusport.fr\/blog\/ubb-toulouse-compositions-chaine-tv-et-heure-demi-finale-champions-cup\/#article\",\"isPartOf\":{\"@id\":\"https:\/\/dicodusport.fr\/blog\/ubb-toulouse-compositions-chaine-tv-et-heure-demi-finale-champions-cup\/\"},\"author\":{\"name\":\"Flo Ostermann\",\"@id\":\"https:\/\/dicodusport.fr\/blog\/#\/schema\/person\/cb02af4c173ce4a653b55e9baf388d4a\"},\"headline\":\"UBB-Toulouse : Compositions, Cha\u00eene TV, Date et Heure\",\"datePublished\":\"2025-05-04T09:25:55+00:00\",\"mainEntityOfPage\":{\"@id\":\"https:\/\/dicodusport.fr\/blog\/ubb-toulouse-compositions-chaine-tv-et-heure-demi-finale-champions-cup\/\"},\"wordCount\":804,\"commentCount\":0,\"publisher\":{\"@id\":\"https:\/\/dicodusport.fr\/blog\/#organization\"},\"image\":{\"@id\":\"https:\/\/dicodusport.fr\/blog\/ubb-toulouse-compositions-chaine-tv-et-heure-demi-finale-champions-cup\/#primaryimage\"},\"thumbnailUrl\":\"https:\/\/dicodusport.fr\/blog\/wp-content\/uploads\/2025\/05\/UBB-Toulouse-Compositions-Chaine-TV-et-Heure-de-la-demi-finale-de-Champions-Cup.png\",\"keywords\":[\"br\u00e8ve\",\"Castres\",\"Champions Cup\",\"Stade Toulousain\",\"UBB\"],\"articleSection\":[\"Cha\u00eene TV\",\"Champions Cup\",\"Rugby \u00e0 XV\"],\"inLanguage\":\"fr-FR\",\"potentialAction\":[{\"@type\":\"CommentAction\",\"name\":\"Comment\",\"target\":[\"https:\/\/dicodusport.fr\/blog\/ubb-toulouse-compositions-chaine-tv-et-heure-demi-finale-champions-cup\/#respond\"]}],\"copyrightYear\":\"2025\",\"copyrightHolder\":{\"@id\":\"https:\/\/dicodusport.fr\/blog\/#organization\"}},{\"@type\":\"WebPage\",\"@id\":\"https:\/\/dicodusport.fr\/blog\/ubb-toulouse-compositions-chaine-tv-et-heure-demi-finale-champions-cup\/\",\"url\":\"https:\/\/dicodusport.fr\/blog\/ubb-toulouse-compositions-chaine-tv-et-heure-demi-finale-champions-cup\/\",\"name\":\"UBB-Toulouse : Compositions, Cha\u00eene TV, Date et Heure\",\"isPartOf\":{\"@id\":\"https:\/\/dicodusport.fr\/blog\/#website\"},\"primaryImageOfPage\":{\"@id\":\"https:\/\/dicodusport.fr\/blog\/ubb-toulouse-compositions-chaine-tv-et-heure-demi-finale-champions-cup\/#primaryimage\"},\"image\":{\"@id\":\"https:\/\/dicodusport.fr\/blog\/ubb-toulouse-compositions-chaine-tv-et-heure-demi-finale-champions-cup\/#primaryimage\"},\"thumbnailUrl\":\"https:\/\/dicodusport.fr\/blog\/wp-content\/uploads\/2025\/05\/UBB-Toulouse-Compositions-Chaine-TV-et-Heure-de-la-demi-finale-de-Champions-Cup.png\",\"datePublished\":\"2025-05-04T09:25:55+00:00\",\"description\":\"\u00c0 quelle heure et sur quelle cha\u00eene TV suivre la demi-finale de Champions Cup entre l'Union Bordeaux-B\u00e8gles et Toulouse ? Retrouvez \u00e9galement les compositions des deux \u00e9quipes.\",\"breadcrumb\":{\"@id\":\"https:\/\/dicodusport.fr\/blog\/ubb-toulouse-compositions-chaine-tv-et-heure-demi-finale-champions-cup\/#breadcrumb\"},\"inLanguage\":\"fr-FR\",\"potentialAction\":[{\"@type\":\"ReadAction\",\"target\":[\"https:\/\/dicodusport.fr\/blog\/ubb-toulouse-compositions-chaine-tv-et-heure-demi-finale-champions-cup\/\"]}]},{\"@type\":\"ImageObject\",\"inLanguage\":\"fr-FR\",\"@id\":\"https:\/\/dicodusport.fr\/blog\/ubb-toulouse-compositions-chaine-tv-et-heure-demi-finale-champions-cup\/#primaryimage\",\"url\":\"https:\/\/dicodusport.fr\/blog\/wp-content\/uploads\/2025\/05\/UBB-Toulouse-Compositions-Chaine-TV-et-Heure-de-la-demi-finale-de-Champions-Cup.png\",\"contentUrl\":\"https:\/\/dicodusport.fr\/blog\/wp-content\/uploads\/2025\/05\/UBB-Toulouse-Compositions-Chaine-TV-et-Heure-de-la-demi-finale-de-Champions-Cup.png\",\"width\":1200,\"height\":674,\"caption\":\"UBB-Toulouse Compositions, Cha\u00eene TV et Heure de la demi-finale de Champions Cup\"},{\"@type\":\"BreadcrumbList\",\"@id\":\"https:\/\/dicodusport.fr\/blog\/ubb-toulouse-compositions-chaine-tv-et-heure-demi-finale-champions-cup\/#breadcrumb\",\"itemListElement\":[{\"@type\":\"ListItem\",\"position\":1,\"name\":\"Accueil\",\"item\":\"https:\/\/dicodusport.fr\/blog\/\"},{\"@type\":\"ListItem\",\"position\":2,\"name\":\"UBB-Toulouse : Compositions, Cha\u00eene TV, Date et Heure\"}]},{\"@type\":\"WebSite\",\"@id\":\"https:\/\/dicodusport.fr\/blog\/#website\",\"url\":\"https:\/\/dicodusport.fr\/blog\/\",\"name\":\"Dicodusport\",\"description\":\"L&#039;encyclop\u00e9die de l&#039;actualit\u00e9 sportive\",\"publisher\":{\"@id\":\"https:\/\/dicodusport.fr\/blog\/#organization\"},\"potentialAction\":[{\"@type\":\"SearchAction\",\"target\":{\"@type\":\"EntryPoint\",\"urlTemplate\":\"https:\/\/dicodusport.fr\/blog\/?s={search_term_string}\"},\"query-input\":{\"@type\":\"PropertyValueSpecification\",\"valueRequired\":true,\"valueName\":\"search_term_string\"}}],\"inLanguage\":\"fr-FR\"},{\"@type\":\"NewsMediaOrganization\",\"@id\":\"https:\/\/dicodusport.fr\/blog\/#organization\",\"name\":\"Dicodusport\",\"url\":\"https:\/\/dicodusport.fr\/blog\/\",\"logo\":{\"@type\":\"ImageObject\",\"inLanguage\":\"fr-FR\",\"@id\":\"https:\/\/dicodusport.fr\/blog\/#\/schema\/logo\/image\/\",\"url\":\"https:\/\/dicodusport.fr\/blog\/wp-content\/uploads\/2020\/06\/cropped-LOGO-DICODUSPORT-2020-SANS-FOND-SANS-TEXTE.png\",\"contentUrl\":\"https:\/\/dicodusport.fr\/blog\/wp-content\/uploads\/2020\/06\/cropped-LOGO-DICODUSPORT-2020-SANS-FOND-SANS-TEXTE.png\",\"width\":512,\"height\":512,\"caption\":\"Dicodusport\"},\"image\":{\"@id\":\"https:\/\/dicodusport.fr\/blog\/#\/schema\/logo\/image\/\"},\"sameAs\":[\"https:\/\/www.facebook.com\/dicodusport\",\"https:\/\/x.com\/dicodusport\",\"https:\/\/www.instagram.com\/dicodusport\/\",\"https:\/\/www.youtube.com\/channel\/UC7V2KZ5sd3htJivAbA4ZG3w\"],\"description\":\"Dicodusport est l'encyclop\u00e9die de l'actualit\u00e9 sportive.\",\"email\":\"bonjour@dicodusport.fr\",\"legalName\":\"DICODUSPORT\",\"foundingDate\":\"2018-01-14\",\"vatID\":\"FR71834470973\",\"taxID\":\"83447097300043\",\"numberOfEmployees\":{\"@type\":\"QuantitativeValue\",\"minValue\":\"1\",\"maxValue\":\"10\"}},{\"@type\":\"Person\",\"@id\":\"https:\/\/dicodusport.fr\/blog\/#\/schema\/person\/cb02af4c173ce4a653b55e9baf388d4a\",\"name\":\"Flo Ostermann\",\"image\":{\"@type\":\"ImageObject\",\"inLanguage\":\"fr-FR\",\"@id\":\"https:\/\/dicodusport.fr\/blog\/#\/schema\/person\/image\/\",\"url\":\"https:\/\/dicodusport.fr\/blog\/wp-content\/uploads\/2021\/05\/Flo-Ostermann-150x150.jpg\",\"contentUrl\":\"https:\/\/dicodusport.fr\/blog\/wp-content\/uploads\/2021\/05\/Flo-Ostermann-150x150.jpg\",\"caption\":\"Flo Ostermann\"},\"description\":\"Journaliste\/R\u00e9dacteur depuis septembre 2015 - Mes premiers souvenirs dans le sport ? Les envol\u00e9es du Stade Toulousain et les duels Villeneuve-Schumacher et H\u00e4kkinen-Schumacher \u00e0 la fin des ann\u00e9es 90, la Coupe du monde de football en 1998, l\u2019exploit du XV de France face aux All Blacks en 1999, mais aussi Richard C\u0153ur de Lion qui vole sur les montagnes du Tour de France. Bien parti pour devenir professeur d\u2019EPS, les \u00e9v\u00e9nements de la vie (et la flemme d\u2019animer des s\u00e9ances de 3x500 m\u00e8tres toute ma vie) m\u2019ont conduit \u00e0 revoir mes plans. Me voil\u00e0 depuis fin 2017 sur Dicodusport, m\u00e9dia gr\u00e2ce (et pour) lequel je partage ma passion : le sport dans tous ses \u00e9tats. Le tout accompagn\u00e9 par les fous furieux et folles furieuses cit\u00e9s sur cette page !\",\"sameAs\":[\"https:\/\/www.facebook.com\/florent.ostermann\",\"https:\/\/x.com\/https:\/\/twitter.com\/FlOstermann\",\"admin\"],\"url\":\"https:\/\/dicodusport.fr\/blog\/author\/flo\/\"}]}<\/script>\n<!-- \/ Yoast SEO Premium plugin. -->","yoast_head_json":{"title":"UBB-Toulouse : Compositions, Cha\u00eene TV, Date et Heure","description":"\u00c0 quelle heure et sur quelle cha\u00eene TV suivre la demi-finale de Champions Cup entre l'Union Bordeaux-B\u00e8gles et Toulouse ? Retrouvez \u00e9galement les compositions des deux \u00e9quipes.","robots":{"index":"index","follow":"follow","max-snippet":"max-snippet:-1","max-image-preview":"max-image-preview:large","max-video-preview":"max-video-preview:-1"},"canonical":"https:\/\/dicodusport.fr\/blog\/ubb-toulouse-compositions-chaine-tv-et-heure-demi-finale-champions-cup\/","og_locale":"fr_FR","og_type":"article","og_title":"UBB-Toulouse : Compositions, Cha\u00eene TV, Date et Heure","og_description":"\u00c0 quelle heure et sur quelle cha\u00eene TV suivre la demi-finale de Champions Cup entre l'Union Bordeaux-B\u00e8gles et Toulouse ? Retrouvez \u00e9galement les compositions des deux \u00e9quipes.","og_url":"https:\/\/dicodusport.fr\/blog\/ubb-toulouse-compositions-chaine-tv-et-heure-demi-finale-champions-cup\/","og_site_name":"Dicodusport","article_publisher":"https:\/\/www.facebook.com\/dicodusport","article_author":"https:\/\/www.facebook.com\/florent.ostermann","article_published_time":"2025-05-04T09:25:55+00:00","og_image":[{"width":1200,"height":674,"url":"https:\/\/dicodusport.fr\/blog\/wp-content\/uploads\/2025\/05\/UBB-Toulouse-Compositions-Chaine-TV-et-Heure-de-la-demi-finale-de-Champions-Cup.png","type":"image\/png"}],"author":"Flo Ostermann","twitter_card":"summary_large_image","twitter_title":"UBB-Toulouse : Compositions, Cha\u00eene TV, Date et Heure","twitter_creator":"@https:\/\/twitter.com\/FlOstermann","twitter_site":"@dicodusport","schema":{"@context":"https:\/\/schema.org","@graph":[{"@type":"NewsArticle","@id":"https:\/\/dicodusport.fr\/blog\/ubb-toulouse-compositions-chaine-tv-et-heure-demi-finale-champions-cup\/#article","isPartOf":{"@id":"https:\/\/dicodusport.fr\/blog\/ubb-toulouse-compositions-chaine-tv-et-heure-demi-finale-champions-cup\/"},"author":{"name":"Flo Ostermann","@id":"https:\/\/dicodusport.fr\/blog\/#\/schema\/person\/cb02af4c173ce4a653b55e9baf388d4a"},"headline":"UBB-Toulouse : Compositions, Cha\u00eene TV, Date et Heure","datePublished":"2025-05-04T09:25:55+00:00","mainEntityOfPage":{"@id":"https:\/\/dicodusport.fr\/blog\/ubb-toulouse-compositions-chaine-tv-et-heure-demi-finale-champions-cup\/"},"wordCount":804,"commentCount":0,"publisher":{"@id":"https:\/\/dicodusport.fr\/blog\/#organization"},"image":{"@id":"https:\/\/dicodusport.fr\/blog\/ubb-toulouse-compositions-chaine-tv-et-heure-demi-finale-champions-cup\/#primaryimage"},"thumbnailUrl":"https:\/\/dicodusport.fr\/blog\/wp-content\/uploads\/2025\/05\/UBB-Toulouse-Compositions-Chaine-TV-et-Heure-de-la-demi-finale-de-Champions-Cup.png","keywords":["br\u00e8ve","Castres","Champions Cup","Stade Toulousain","UBB"],"articleSection":["Cha\u00eene TV","Champions Cup","Rugby \u00e0 XV"],"inLanguage":"fr-FR","potentialAction":[{"@type":"CommentAction","name":"Comment","target":["https:\/\/dicodusport.fr\/blog\/ubb-toulouse-compositions-chaine-tv-et-heure-demi-finale-champions-cup\/#respond"]}],"copyrightYear":"2025","copyrightHolder":{"@id":"https:\/\/dicodusport.fr\/blog\/#organization"}},{"@type":"WebPage","@id":"https:\/\/dicodusport.fr\/blog\/ubb-toulouse-compositions-chaine-tv-et-heure-demi-finale-champions-cup\/","url":"https:\/\/dicodusport.fr\/blog\/ubb-toulouse-compositions-chaine-tv-et-heure-demi-finale-champions-cup\/","name":"UBB-Toulouse : Compositions, Cha\u00eene TV, Date et Heure","isPartOf":{"@id":"https:\/\/dicodusport.fr\/blog\/#website"},"primaryImageOfPage":{"@id":"https:\/\/dicodusport.fr\/blog\/ubb-toulouse-compositions-chaine-tv-et-heure-demi-finale-champions-cup\/#primaryimage"},"image":{"@id":"https:\/\/dicodusport.fr\/blog\/ubb-toulouse-compositions-chaine-tv-et-heure-demi-finale-champions-cup\/#primaryimage"},"thumbnailUrl":"https:\/\/dicodusport.fr\/blog\/wp-content\/uploads\/2025\/05\/UBB-Toulouse-Compositions-Chaine-TV-et-Heure-de-la-demi-finale-de-Champions-Cup.png","datePublished":"2025-05-04T09:25:55+00:00","description":"\u00c0 quelle heure et sur quelle cha\u00eene TV suivre la demi-finale de Champions Cup entre l'Union Bordeaux-B\u00e8gles et Toulouse ? Retrouvez \u00e9galement les compositions des deux \u00e9quipes.","breadcrumb":{"@id":"https:\/\/dicodusport.fr\/blog\/ubb-toulouse-compositions-chaine-tv-et-heure-demi-finale-champions-cup\/#breadcrumb"},"inLanguage":"fr-FR","potentialAction":[{"@type":"ReadAction","target":["https:\/\/dicodusport.fr\/blog\/ubb-toulouse-compositions-chaine-tv-et-heure-demi-finale-champions-cup\/"]}]},{"@type":"ImageObject","inLanguage":"fr-FR","@id":"https:\/\/dicodusport.fr\/blog\/ubb-toulouse-compositions-chaine-tv-et-heure-demi-finale-champions-cup\/#primaryimage","url":"https:\/\/dicodusport.fr\/blog\/wp-content\/uploads\/2025\/05\/UBB-Toulouse-Compositions-Chaine-TV-et-Heure-de-la-demi-finale-de-Champions-Cup.png","contentUrl":"https:\/\/dicodusport.fr\/blog\/wp-content\/uploads\/2025\/05\/UBB-Toulouse-Compositions-Chaine-TV-et-Heure-de-la-demi-finale-de-Champions-Cup.png","width":1200,"height":674,"caption":"UBB-Toulouse Compositions, Cha\u00eene TV et Heure de la demi-finale de Champions Cup"},{"@type":"BreadcrumbList","@id":"https:\/\/dicodusport.fr\/blog\/ubb-toulouse-compositions-chaine-tv-et-heure-demi-finale-champions-cup\/#breadcrumb","itemListElement":[{"@type":"ListItem","position":1,"name":"Accueil","item":"https:\/\/dicodusport.fr\/blog\/"},{"@type":"ListItem","position":2,"name":"UBB-Toulouse : Compositions, Cha\u00eene TV, Date et Heure"}]},{"@type":"WebSite","@id":"https:\/\/dicodusport.fr\/blog\/#website","url":"https:\/\/dicodusport.fr\/blog\/","name":"Dicodusport","description":"L&#039;encyclop\u00e9die de l&#039;actualit\u00e9 sportive","publisher":{"@id":"https:\/\/dicodusport.fr\/blog\/#organization"},"potentialAction":[{"@type":"SearchAction","target":{"@type":"EntryPoint","urlTemplate":"https:\/\/dicodusport.fr\/blog\/?s={search_term_string}"},"query-input":{"@type":"PropertyValueSpecification","valueRequired":true,"valueName":"search_term_string"}}],"inLanguage":"fr-FR"},{"@type":"NewsMediaOrganization","@id":"https:\/\/dicodusport.fr\/blog\/#organization","name":"Dicodusport","url":"https:\/\/dicodusport.fr\/blog\/","logo":{"@type":"ImageObject","inLanguage":"fr-FR","@id":"https:\/\/dicodusport.fr\/blog\/#\/schema\/logo\/image\/","url":"https:\/\/dicodusport.fr\/blog\/wp-content\/uploads\/2020\/06\/cropped-LOGO-DICODUSPORT-2020-SANS-FOND-SANS-TEXTE.png","contentUrl":"https:\/\/dicodusport.fr\/blog\/wp-content\/uploads\/2020\/06\/cropped-LOGO-DICODUSPORT-2020-SANS-FOND-SANS-TEXTE.png","width":512,"height":512,"caption":"Dicodusport"},"image":{"@id":"https:\/\/dicodusport.fr\/blog\/#\/schema\/logo\/image\/"},"sameAs":["https:\/\/www.facebook.com\/dicodusport","https:\/\/x.com\/dicodusport","https:\/\/www.instagram.com\/dicodusport\/","https:\/\/www.youtube.com\/channel\/UC7V2KZ5sd3htJivAbA4ZG3w"],"description":"Dicodusport est l'encyclop\u00e9die de l'actualit\u00e9 sportive.","email":"bonjour@dicodusport.fr","legalName":"DICODUSPORT","foundingDate":"2018-01-14","vatID":"FR71834470973","taxID":"83447097300043","numberOfEmployees":{"@type":"QuantitativeValue","minValue":"1","maxValue":"10"}},{"@type":"Person","@id":"https:\/\/dicodusport.fr\/blog\/#\/schema\/person\/cb02af4c173ce4a653b55e9baf388d4a","name":"Flo Ostermann","image":{"@type":"ImageObject","inLanguage":"fr-FR","@id":"https:\/\/dicodusport.fr\/blog\/#\/schema\/person\/image\/","url":"https:\/\/dicodusport.fr\/blog\/wp-content\/uploads\/2021\/05\/Flo-Ostermann-150x150.jpg","contentUrl":"https:\/\/dicodusport.fr\/blog\/wp-content\/uploads\/2021\/05\/Flo-Ostermann-150x150.jpg","caption":"Flo Ostermann"},"description":"Journaliste\/R\u00e9dacteur depuis septembre 2015 - Mes premiers souvenirs dans le sport ? Les envol\u00e9es du Stade Toulousain et les duels Villeneuve-Schumacher et H\u00e4kkinen-Schumacher \u00e0 la fin des ann\u00e9es 90, la Coupe du monde de football en 1998, l\u2019exploit du XV de France face aux All Blacks en 1999, mais aussi Richard C\u0153ur de Lion qui vole sur les montagnes du Tour de France. Bien parti pour devenir professeur d\u2019EPS, les \u00e9v\u00e9nements de la vie (et la flemme d\u2019animer des s\u00e9ances de 3x500 m\u00e8tres toute ma vie) m\u2019ont conduit \u00e0 revoir mes plans. Me voil\u00e0 depuis fin 2017 sur Dicodusport, m\u00e9dia gr\u00e2ce (et pour) lequel je partage ma passion : le sport dans tous ses \u00e9tats. Le tout accompagn\u00e9 par les fous furieux et folles furieuses cit\u00e9s sur cette page !","sameAs":["https:\/\/www.facebook.com\/florent.ostermann","https:\/\/x.com\/https:\/\/twitter.com\/FlOstermann","admin"],"url":"https:\/\/dicodusport.fr\/blog\/author\/flo\/"}]}},"_links":{"self":[{"href":"https:\/\/dicodusport.fr\/blog\/wp-json\/wp\/v2\/posts\/575919","targetHints":{"allow":["GET"]}}],"collection":[{"href":"https:\/\/dicodusport.fr\/blog\/wp-json\/wp\/v2\/posts"}],"about":[{"href":"https:\/\/dicodusport.fr\/blog\/wp-json\/wp\/v2\/types\/post"}],"author":[{"embeddable":true,"href":"https:\/\/dicodusport.fr\/blog\/wp-json\/wp\/v2\/users\/4"}],"replies":[{"embeddable":true,"href":"https:\/\/dicodusport.fr\/blog\/wp-json\/wp\/v2\/comments?post=575919"}],"version-history":[{"count":5,"href":"https:\/\/dicodusport.fr\/blog\/wp-json\/wp\/v2\/posts\/575919\/revisions"}],"predecessor-version":[{"id":576458,"href":"https:\/\/dicodusport.fr\/blog\/wp-json\/wp\/v2\/posts\/575919\/revisions\/576458"}],"wp:featuredmedia":[{"embeddable":true,"href":"https:\/\/dicodusport.fr\/blog\/wp-json\/wp\/v2\/media\/575929"}],"wp:attachment":[{"href":"https:\/\/dicodusport.fr\/blog\/wp-json\/wp\/v2\/media?parent=575919"}],"wp:term":[{"taxonomy":"category","embeddable":true,"href":"https:\/\/dicodusport.fr\/blog\/wp-json\/wp\/v2\/categories?post=575919"},{"taxonomy":"post_tag","embeddable":true,"href":"https:\/\/dicodusport.fr\/blog\/wp-json\/wp\/v2\/tags?post=575919"}],"curies":[{"name":"wp","href":"https:\/\/api.w.org\/{rel}","templated":true}]}}