{"id":575942,"date":"2025-05-06T16:39:25","date_gmt":"2025-05-06T14:39:25","guid":{"rendered":"https:\/\/dicodusport.fr\/blog\/?p=575942&#038;preview=true&#038;preview_id=575942"},"modified":"2025-05-07T21:09:16","modified_gmt":"2025-05-07T19:09:16","slug":"tour-ditalie-2025-ces-francais-prets-a-briller-sur-les-routes-du-giro","status":"publish","type":"post","link":"https:\/\/dicodusport.fr\/blog\/tour-ditalie-2025-ces-francais-prets-a-briller-sur-les-routes-du-giro\/","title":{"rendered":"Tour d&rsquo;Italie 2025 : Ces Fran\u00e7ais pr\u00eats \u00e0 briller sur les routes du Giro"},"content":{"rendered":"<h4 style=\"text-align: justify;\"><em>TOUR D&rsquo;ITALIE 2025 &#8211; 14 Fran\u00e7ais sont au d\u00e9part du Tour d&rsquo;Italie 2025. Parmi eux, plusieurs noms ressortent comme ceux \u00e0 suivre sur cette 108\u00e8me \u00e9dition. Focus sur trois d&rsquo;entre eux.<\/em><\/h4>\n<ul style=\"text-align: justify;\">\n<li style=\"text-align: justify;\"><strong>\u00c0 ce sujet \u2013\u00a0<a href=\"https:\/\/dicodusport.fr\/blog\/tour-ditalie-2025-les-compositions-des-equipes\/\">La composition des \u00e9quipes du Tour d\u2019Italie 2025<\/a><\/strong><\/li>\n<\/ul>\n<p style=\"text-align: justify;\">Ils sont 14 au d\u00e9part de D\u00fcrres (Albanie). Majoritairement dans les \u00e9quipes tricolores, les Fran\u00e7ais ne seront pas l\u00e9gion sur les routes italiennes. Parmi eux, plusieurs sont \u00e0 suivre. Entre victoires d&rsquo;\u00e9tape, classement du sprint ou bien classement g\u00e9n\u00e9ral, les qu\u00eates sont multiples.<\/p>\n<h2 style=\"text-align: justify;\">Romain Bardet, lanc\u00e9 pour un dernier Tour<\/h2>\n<p style=\"text-align: justify;\">\u00c0 <a href=\"https:\/\/dicodusport.fr\/blog\/romain-bardet-prendra-sa-retraite-a-lissue-du-criterium-du-dauphine-2025\/\">quelques semaines de la fin d\u2019une carri\u00e8re bien remplie<\/a> (deux fois sur le podium du Tour de France), le natif de Brioude se lance \u00e0 la conqu\u00eate d\u2019un dernier d\u00e9fi. En 2022, <a href=\"https:\/\/dicodusport.fr\/blog\/romain-bardet-une-saison-2024-aboutie-avant-ses-derniers-coups-de-pedale\/\"><strong>Romain Bardet<\/strong><\/a> \u00e9tait le plus fort en montagne sur le Tour d\u2019Italie. <a href=\"https:\/\/dicodusport.fr\/blog\/tour-ditalie-2022-romain-bardet-contraint-a-labandon\/\"><strong>Avant de tomber malade et d&rsquo;\u00eatre contraint \u00e0 l&rsquo;abandon<\/strong><\/a>. Revenu l&rsquo;an pass\u00e9, pour une 7<sup>eme <\/sup>place au g\u00e9n\u00e9ral, le coureur de 34 ans va donc conclure sa carri\u00e8re sur les Grands Tours en Italie. Face \u00e0 une concurrence sans Fantastiques, <strong>Romain Bardet<\/strong> peut sans doute viser le podium s\u2019il est \u00e0 100%.<\/p>\n<p style=\"text-align: justify;\"><strong>Primoz Roglic<\/strong> et <strong>Juan Ayuso<\/strong> ont sans doute plusieurs roues d\u2019avance, mais le vainqueur de la 1ere \u00e9tape du Tour de France 2024 peut jouer de son exp\u00e9rience pour tenter de briller \u00e0 nouveau sur les routes italiennes. La pr\u00e9sence de <strong>Max Poole<\/strong>, <strong>Chris Hamilton<\/strong> ou encore <strong>Gijs Leemreize<\/strong> au sein de son \u00e9quipe t\u00e9moigne d\u2019une volont\u00e9 de la Team Picnic PostNL de faire briller une derni\u00e8re fois son leader. Avant de conclure en beaut\u00e9 sa carri\u00e8re au Crit\u00e9rium du Dauphin\u00e9, chez lui.<\/p>\n<ul>\n<li style=\"text-align: justify;\"><strong>\u00c0 ce sujet &#8211; <a href=\"https:\/\/dicodusport.fr\/blog\/tour-ditalie-2025-parcours-detaille-et-profils-des-etapes-du-giro\/\">Tour d\u2019Italie 2025 : Parcours d\u00e9taill\u00e9 et profils des \u00e9tapes du Giro<\/a><\/strong><\/li>\n<\/ul>\n<h2 style=\"text-align: justify;\">David Gaudu, en mode d\u00e9couverte<\/h2>\n<p style=\"text-align: justify;\">\u00c0 28 ans, <a href=\"https:\/\/dicodusport.fr\/blog\/david-gaudu-giro-tour-de-france-son-programme-pour-2025\/\"><strong>David Gaudu<\/strong><\/a> va poser pour la premi\u00e8re fois ses roues sur le Tour d\u2019Italie, d\u00e8s le 9 mai. \u00c9tant donn\u00e9 ses qualit\u00e9s intrins\u00e8ques en montagne, il peut tout \u00e0 fait viser le podium. C&rsquo;est en tout cas l&rsquo;objectif d\u00e9clar\u00e9 dans les colonnes de <em>L\u2019Equipe<\/em> en d\u00e9but d\u2019ann\u00e9e. Le faible kilom\u00e9trage en contre-la-montre, encore un probl\u00e8me pour le grimpeur, n\u2019est pas pour lui d\u00e9plaire. Il sera \u00e9galement accompagn\u00e9 par de solides \u00e9quipiers, notamment <strong>R\u00e9my Rochas<\/strong> et <strong>Quentin Pacher<\/strong>, pr\u00eats \u00e0 se d\u00e9pouiller pour leur leader. Et sur le plat, des hommes comme <strong>Cl\u00e9ment Davy<\/strong> ou <strong>Kevin Geniets<\/strong> seront l\u00e0 pour le prot\u00e9ger. En reprise sur le Tour de Romandie, <strong>David Gaudu<\/strong> est toutefois r\u00e9aliste sur son \u00e9tat de forme, comme il l&rsquo;a d\u00e9clar\u00e9 \u00e0 <em>La cha\u00eene L&rsquo;\u00c9quipe<\/em>.<\/p>\n<blockquote>\n<p style=\"text-align: justify;\">Moi, j&rsquo;ai envie d&rsquo;aller sur le Giro pour le classement g\u00e9n\u00e9ral. Je vais s\u00fbrement avoir une dizaine de jours gal\u00e8res. Je vais devoir m&rsquo;accrocher. \u00c7a devrait d\u00e9couler derri\u00e8re. J&rsquo;ai envie d&rsquo;\u00eatre combatif pour ma d\u00e9couverte du Giro et de faire de belles choses. M\u00eame si on perd deux trois minutes la premi\u00e8re semaine, il faudra \u00eatre conqu\u00e9rant ensuite.<\/p>\n<\/blockquote>\n<p style=\"text-align: justify;\">La premi\u00e8re v\u00e9ritable arriv\u00e9e au sommet arrivera \u00e0 la 7\u00e8me \u00e9tape, avec l&rsquo;ascension finale vers Tagliacozzo. Mais la fin de Giro, tr\u00e8s montagneuse (4 arriv\u00e9es au sommet entre la 16\u00e8me et la 20\u00e8me \u00e9tape), peut convenir \u00e0 un <strong>Gaudu<\/strong> plus frais que ses adversaires.<\/p>\n<h2 style=\"text-align: justify;\">Paul Magnier, le maillot cyclamen d\u00e8s la premi\u00e8re ann\u00e9e ?<\/h2>\n<p style=\"text-align: justify;\">La concurrence n&rsquo;est pas celle du Tour de France. Et c&rsquo;est tant mieux pour <a href=\"https:\/\/dicodusport.fr\/blog\/van-gils-magnier-christen-nos-revelations-de-la-saison-2024\/\"><strong>Paul Magnier<\/strong><\/a>. Rel\u00e8ve du sprint fran\u00e7ais apr\u00e8s l&rsquo;\u00e8re <a href=\"https:\/\/dicodusport.fr\/blog\/pourquoi-arnaud-demare-ny-arrive-plus\/\">Arnaud D\u00e9mare<\/a>, <strong>Magnier<\/strong> a \u00e9galement fait preuve de polyvalence depuis le d\u00e9but de sa carri\u00e8re. Il est donc align\u00e9 pour son premier Grand Tour par la Soudal Quick-Step. Toute l&rsquo;\u00e9quipe ne lui sera pas d\u00e9di\u00e9e, <a href=\"https:\/\/dicodusport.fr\/blog\/giro-2015-quand-astana-bridait-mikel-landa\/\"><strong>Mikel Landa<\/strong><\/a> oblige. <strong>Luke Lamperti<\/strong> est \u00e9galement align\u00e9. Qui sera le r\u00e9el sprinter de l&rsquo;\u00e9quipe belge ? Avec <strong>Josef Cerny<\/strong>, <strong>Ethan Hayter<\/strong> et <strong>Lamperti<\/strong>, le train de <strong>Paul Magnier<\/strong> pourrait \u00eatre l&rsquo;un des plus dangereux du peloton.<\/p>\n<p style=\"text-align: justify;\">Face \u00e0 une concurrence r\u00e9duite (<strong><a href=\"https:\/\/dicodusport.fr\/blog\/transferts-cyclisme-apres-tiesj-benoot-olav-kooij-pourrait-a-son-tour-rejoindre-une-equipe-francaise\/\">Kooij<\/a>, Groves, Bennett<\/strong>), <strong>Paul Magnier<\/strong> pourrait donc tirer son \u00e9pingle du jeu pour briller, et remporter une (ou plusieurs) \u00e9tapes sur ce Giro 2025. Capable de passer les bosses contrairement \u00e0 nombre de ses adversaires, le maillot cyclamen de meilleur sprinter sera peut-\u00eatre un objectif. Le dernier Fran\u00e7ais \u00e0 avoir remport\u00e9 le maillot cyclamen est <strong>Arnaud D\u00e9mare<\/strong>. C&rsquo;\u00e9tait en 2020, et il avait alors remport\u00e9 <a href=\"https:\/\/dicodusport.fr\/blog\/tour-d-italie-2020-arnaud-demare-decroche-quatrieme-victoire-sur-11eme-etape\/\">quatre \u00e9tapes<\/a>.<\/p>\n<p style=\"text-align: justify;\">D&rsquo;autres coureurs fran\u00e7ais pourraient \u00e9galement se montrer en \u00e9chapp\u00e9e. Notamment du c\u00f4t\u00e9 de Decathlon-AG2R. Habitu\u00e9 du Giro, <strong>Geoffrey Bouchard<\/strong> est de nouveau align\u00e9. Tout comme <strong>Nicolas Prodhomme<\/strong>, <a href=\"https:\/\/dicodusport.fr\/blog\/tour-des-alpes-2025-la-5eme-etape-pour-nicolas-prodhomme-devant-seixas-le-general-pour-michael-storer\/\">r\u00e9cent vainqueur sur le Tour des Alpes<\/a>. Avec leurs formes en montagne, ils viseront sans doute une \u00e9tape montagneuse en \u00e9chapp\u00e9e, comme le Giro en offre chaque ann\u00e9e. <strong>Johannes Staune-Mittet<\/strong> est align\u00e9 par l&rsquo;\u00e9quipe fran\u00e7aise, mais ses \u00e9quipiers devraient tout de m\u00eame avoir des bons de sortie.<\/p>\n<h2 style=\"text-align: justify;\">\u00c0 lire aussi<\/h2>\n<div class=\"vlp-link-container vlp-layout-article\"><a href=\"https:\/\/dicodusport.fr\/blog\/favoris-tour-ditalie-2025-vers-un-duel-primoz-roglic-contre-juan-ayuso\/\" class=\"vlp-link\" title=\"Favoris Tour d&#039;Italie 2025 : Vers un duel Primoz Roglic contre Juan Ayuso ?\"><\/a><div class=\"vlp-layout-zone-side\"><div class=\"vlp-block-4 vlp-link-image\"><img loading=\"lazy\" decoding=\"async\" style=\"max-width: 792px;\" width=\"792\" height=\"445\" src=\"https:\/\/dicodusport.fr\/blog\/wp-content\/uploads\/2025\/05\/Favoris-Tour-dItalie-2025-Vers-un-duel-Primoz-Roglic-contre-Juan-Ayuso-.png\" class=\"attachment-800x445 size-800x445\" alt=\"Favoris Tour d&#039;Italie 2025 Vers un duel Primoz Roglic contre Juan Ayuso\" srcset=\"https:\/\/dicodusport.fr\/blog\/wp-content\/uploads\/2025\/05\/Favoris-Tour-dItalie-2025-Vers-un-duel-Primoz-Roglic-contre-Juan-Ayuso-.png 1200w, https:\/\/dicodusport.fr\/blog\/wp-content\/uploads\/2025\/05\/Favoris-Tour-dItalie-2025-Vers-un-duel-Primoz-Roglic-contre-Juan-Ayuso--300x169.png 300w, https:\/\/dicodusport.fr\/blog\/wp-content\/uploads\/2025\/05\/Favoris-Tour-dItalie-2025-Vers-un-duel-Primoz-Roglic-contre-Juan-Ayuso--1024x575.png 1024w, https:\/\/dicodusport.fr\/blog\/wp-content\/uploads\/2025\/05\/Favoris-Tour-dItalie-2025-Vers-un-duel-Primoz-Roglic-contre-Juan-Ayuso--768x431.png 768w\" sizes=\"auto, (max-width: 792px) 100vw, 792px\" \/><\/div><\/div><div class=\"vlp-layout-zone-main\"><div class=\"vlp-block-0 vlp-link-title\">Favoris Tour d'Italie 2025 : Vers un duel Primoz Roglic contre Juan Ayuso ?<\/div><div class=\"vlp-block-1 vlp-link-summary\">TOUR D'ITALIE 2025 - On semble se diriger vers un duel Primoz Roglic \/ Juan Ayuso sur les routes italiennes, et ce pendant trois semaines. On fait le point sur les forces et faiblesses des deux coureurs. Et on gardera un \u0153il sur les autres concurrents.<\/div><div class=\"vlp-block-2 vlp-link-button\">Lire l'article<\/div><div class=\"vlp-block-3 vlp-link-url\">dicodusport.fr<\/div><\/div><\/div>\n","protected":false},"excerpt":{"rendered":"<p>TOUR D&rsquo;ITALIE 2025 &#8211; 14 Fran\u00e7ais sont au d\u00e9part du Tour d&rsquo;Italie 2025. Parmi eux, plusieurs noms ressortent comme ceux \u00e0 suivre sur cette 108\u00e8me \u00e9dition. Focus sur 3 d&rsquo;entre eux.<\/p>\n","protected":false},"author":88,"featured_media":577006,"comment_status":"open","ping_status":"closed","sticky":false,"template":"","format":"standard","meta":{"_acf_changed":false,"_daextam_enable_autolinks":"1","footnotes":""},"categories":[47041],"tags":[16878,3113,31645,3646],"class_list":["post-575942","post","type-post","status-publish","format-standard","has-post-thumbnail","hentry","category-tour-d-italie","tag-breve","tag-david-gaudu","tag-paul-magnier","tag-romain-bardet"],"acf":[],"yoast_head":"<!-- This site is optimized with the Yoast SEO Premium plugin v26.7 (Yoast SEO v26.7) - https:\/\/yoast.com\/wordpress\/plugins\/seo\/ -->\n<title>Tour d&#039;Italie 2025 : Ces Fran\u00e7ais pr\u00eats \u00e0 briller sur les routes du Giro<\/title>\n<meta name=\"description\" content=\"TOUR D&#039;ITALIE 2025 - 14 Fran\u00e7ais sont au d\u00e9part du Tour d&#039;Italie 2025. Focus sur 3 d&#039;entre eux.\" \/>\n<meta name=\"robots\" content=\"index, follow, max-snippet:-1, max-image-preview:large, max-video-preview:-1\" \/>\n<link rel=\"canonical\" href=\"https:\/\/dicodusport.fr\/blog\/tour-ditalie-2025-ces-francais-prets-a-briller-sur-les-routes-du-giro\/\" \/>\n<meta property=\"og:locale\" content=\"fr_FR\" \/>\n<meta property=\"og:type\" content=\"article\" \/>\n<meta property=\"og:title\" content=\"Tour d&#039;Italie 2025 : Ces Fran\u00e7ais pr\u00eats \u00e0 briller sur les routes du Giro\" \/>\n<meta property=\"og:description\" content=\"TOUR D&#039;ITALIE 2025 - 14 Fran\u00e7ais sont au d\u00e9part du Tour d&#039;Italie 2025. Focus sur 3 d&#039;entre eux.\" \/>\n<meta property=\"og:url\" content=\"https:\/\/dicodusport.fr\/blog\/tour-ditalie-2025-ces-francais-prets-a-briller-sur-les-routes-du-giro\/\" \/>\n<meta property=\"og:site_name\" content=\"Dicodusport\" \/>\n<meta property=\"article:publisher\" content=\"https:\/\/www.facebook.com\/dicodusport\" \/>\n<meta property=\"article:published_time\" content=\"2025-05-06T14:39:25+00:00\" \/>\n<meta property=\"article:modified_time\" content=\"2025-05-07T19:09:16+00:00\" \/>\n<meta property=\"og:image\" content=\"https:\/\/dicodusport.fr\/blog\/wp-content\/uploads\/2025\/05\/Tour-dItalie-2025-Ces-Francais-prets-a-briller-sur-les-routes-du-Giro.png\" \/>\n\t<meta property=\"og:image:width\" content=\"1200\" \/>\n\t<meta property=\"og:image:height\" content=\"674\" \/>\n\t<meta property=\"og:image:type\" content=\"image\/png\" \/>\n<meta name=\"author\" content=\"Paul Lalevee\" \/>\n<meta name=\"twitter:card\" content=\"summary_large_image\" \/>\n<meta name=\"twitter:title\" content=\"Tour d&#039;Italie 2025 : Ces Fran\u00e7ais pr\u00eats \u00e0 briller sur les routes du Giro\" \/>\n<meta name=\"twitter:creator\" content=\"@dicodusport\" \/>\n<meta name=\"twitter:site\" content=\"@dicodusport\" \/>\n<script type=\"application\/ld+json\" class=\"yoast-schema-graph\">{\"@context\":\"https:\/\/schema.org\",\"@graph\":[{\"@type\":\"NewsArticle\",\"@id\":\"https:\/\/dicodusport.fr\/blog\/tour-ditalie-2025-ces-francais-prets-a-briller-sur-les-routes-du-giro\/#article\",\"isPartOf\":{\"@id\":\"https:\/\/dicodusport.fr\/blog\/tour-ditalie-2025-ces-francais-prets-a-briller-sur-les-routes-du-giro\/\"},\"author\":{\"name\":\"Paul Lalevee\",\"@id\":\"https:\/\/dicodusport.fr\/blog\/#\/schema\/person\/1eaa63dfac40b5e5c47f03a71920c1cd\"},\"headline\":\"Tour d&rsquo;Italie 2025 : Ces Fran\u00e7ais pr\u00eats \u00e0 briller sur les routes du Giro\",\"datePublished\":\"2025-05-06T14:39:25+00:00\",\"dateModified\":\"2025-05-07T19:09:16+00:00\",\"mainEntityOfPage\":{\"@id\":\"https:\/\/dicodusport.fr\/blog\/tour-ditalie-2025-ces-francais-prets-a-briller-sur-les-routes-du-giro\/\"},\"wordCount\":978,\"commentCount\":0,\"publisher\":{\"@id\":\"https:\/\/dicodusport.fr\/blog\/#organization\"},\"image\":{\"@id\":\"https:\/\/dicodusport.fr\/blog\/tour-ditalie-2025-ces-francais-prets-a-briller-sur-les-routes-du-giro\/#primaryimage\"},\"thumbnailUrl\":\"https:\/\/dicodusport.fr\/blog\/wp-content\/uploads\/2025\/05\/Tour-dItalie-2025-Ces-Francais-prets-a-briller-sur-les-routes-du-Giro.png\",\"keywords\":[\"br\u00e8ve\",\"David Gaudu\",\"Paul Magnier\",\"Romain Bardet\"],\"articleSection\":[\"Tour d'Italie\"],\"inLanguage\":\"fr-FR\",\"potentialAction\":[{\"@type\":\"CommentAction\",\"name\":\"Comment\",\"target\":[\"https:\/\/dicodusport.fr\/blog\/tour-ditalie-2025-ces-francais-prets-a-briller-sur-les-routes-du-giro\/#respond\"]}],\"copyrightYear\":\"2025\",\"copyrightHolder\":{\"@id\":\"https:\/\/dicodusport.fr\/blog\/#organization\"}},{\"@type\":\"WebPage\",\"@id\":\"https:\/\/dicodusport.fr\/blog\/tour-ditalie-2025-ces-francais-prets-a-briller-sur-les-routes-du-giro\/\",\"url\":\"https:\/\/dicodusport.fr\/blog\/tour-ditalie-2025-ces-francais-prets-a-briller-sur-les-routes-du-giro\/\",\"name\":\"Tour d'Italie 2025 : Ces Fran\u00e7ais pr\u00eats \u00e0 briller sur les routes du Giro\",\"isPartOf\":{\"@id\":\"https:\/\/dicodusport.fr\/blog\/#website\"},\"primaryImageOfPage\":{\"@id\":\"https:\/\/dicodusport.fr\/blog\/tour-ditalie-2025-ces-francais-prets-a-briller-sur-les-routes-du-giro\/#primaryimage\"},\"image\":{\"@id\":\"https:\/\/dicodusport.fr\/blog\/tour-ditalie-2025-ces-francais-prets-a-briller-sur-les-routes-du-giro\/#primaryimage\"},\"thumbnailUrl\":\"https:\/\/dicodusport.fr\/blog\/wp-content\/uploads\/2025\/05\/Tour-dItalie-2025-Ces-Francais-prets-a-briller-sur-les-routes-du-Giro.png\",\"datePublished\":\"2025-05-06T14:39:25+00:00\",\"dateModified\":\"2025-05-07T19:09:16+00:00\",\"description\":\"TOUR D'ITALIE 2025 - 14 Fran\u00e7ais sont au d\u00e9part du Tour d'Italie 2025. Focus sur 3 d'entre eux.\",\"breadcrumb\":{\"@id\":\"https:\/\/dicodusport.fr\/blog\/tour-ditalie-2025-ces-francais-prets-a-briller-sur-les-routes-du-giro\/#breadcrumb\"},\"inLanguage\":\"fr-FR\",\"potentialAction\":[{\"@type\":\"ReadAction\",\"target\":[\"https:\/\/dicodusport.fr\/blog\/tour-ditalie-2025-ces-francais-prets-a-briller-sur-les-routes-du-giro\/\"]}]},{\"@type\":\"ImageObject\",\"inLanguage\":\"fr-FR\",\"@id\":\"https:\/\/dicodusport.fr\/blog\/tour-ditalie-2025-ces-francais-prets-a-briller-sur-les-routes-du-giro\/#primaryimage\",\"url\":\"https:\/\/dicodusport.fr\/blog\/wp-content\/uploads\/2025\/05\/Tour-dItalie-2025-Ces-Francais-prets-a-briller-sur-les-routes-du-Giro.png\",\"contentUrl\":\"https:\/\/dicodusport.fr\/blog\/wp-content\/uploads\/2025\/05\/Tour-dItalie-2025-Ces-Francais-prets-a-briller-sur-les-routes-du-Giro.png\",\"width\":1200,\"height\":674,\"caption\":\"Tour d'Italie 2025 Ces Fran\u00e7ais pr\u00eats \u00e0 briller sur les routes du Giro\"},{\"@type\":\"BreadcrumbList\",\"@id\":\"https:\/\/dicodusport.fr\/blog\/tour-ditalie-2025-ces-francais-prets-a-briller-sur-les-routes-du-giro\/#breadcrumb\",\"itemListElement\":[{\"@type\":\"ListItem\",\"position\":1,\"name\":\"Accueil\",\"item\":\"https:\/\/dicodusport.fr\/blog\/\"},{\"@type\":\"ListItem\",\"position\":2,\"name\":\"Tour d&rsquo;Italie 2025 : Ces Fran\u00e7ais pr\u00eats \u00e0 briller sur les routes du Giro\"}]},{\"@type\":\"WebSite\",\"@id\":\"https:\/\/dicodusport.fr\/blog\/#website\",\"url\":\"https:\/\/dicodusport.fr\/blog\/\",\"name\":\"Dicodusport\",\"description\":\"L&#039;encyclop\u00e9die de l&#039;actualit\u00e9 sportive\",\"publisher\":{\"@id\":\"https:\/\/dicodusport.fr\/blog\/#organization\"},\"potentialAction\":[{\"@type\":\"SearchAction\",\"target\":{\"@type\":\"EntryPoint\",\"urlTemplate\":\"https:\/\/dicodusport.fr\/blog\/?s={search_term_string}\"},\"query-input\":{\"@type\":\"PropertyValueSpecification\",\"valueRequired\":true,\"valueName\":\"search_term_string\"}}],\"inLanguage\":\"fr-FR\"},{\"@type\":\"NewsMediaOrganization\",\"@id\":\"https:\/\/dicodusport.fr\/blog\/#organization\",\"name\":\"Dicodusport\",\"url\":\"https:\/\/dicodusport.fr\/blog\/\",\"logo\":{\"@type\":\"ImageObject\",\"inLanguage\":\"fr-FR\",\"@id\":\"https:\/\/dicodusport.fr\/blog\/#\/schema\/logo\/image\/\",\"url\":\"https:\/\/dicodusport.fr\/blog\/wp-content\/uploads\/2020\/06\/cropped-LOGO-DICODUSPORT-2020-SANS-FOND-SANS-TEXTE.png\",\"contentUrl\":\"https:\/\/dicodusport.fr\/blog\/wp-content\/uploads\/2020\/06\/cropped-LOGO-DICODUSPORT-2020-SANS-FOND-SANS-TEXTE.png\",\"width\":512,\"height\":512,\"caption\":\"Dicodusport\"},\"image\":{\"@id\":\"https:\/\/dicodusport.fr\/blog\/#\/schema\/logo\/image\/\"},\"sameAs\":[\"https:\/\/www.facebook.com\/dicodusport\",\"https:\/\/x.com\/dicodusport\",\"https:\/\/www.instagram.com\/dicodusport\/\",\"https:\/\/www.youtube.com\/channel\/UC7V2KZ5sd3htJivAbA4ZG3w\"],\"description\":\"Dicodusport est l'encyclop\u00e9die de l'actualit\u00e9 sportive.\",\"email\":\"bonjour@dicodusport.fr\",\"legalName\":\"DICODUSPORT\",\"foundingDate\":\"2018-01-14\",\"vatID\":\"FR71834470973\",\"taxID\":\"83447097300043\",\"numberOfEmployees\":{\"@type\":\"QuantitativeValue\",\"minValue\":\"1\",\"maxValue\":\"10\"}},{\"@type\":\"Person\",\"@id\":\"https:\/\/dicodusport.fr\/blog\/#\/schema\/person\/1eaa63dfac40b5e5c47f03a71920c1cd\",\"name\":\"Paul Lalevee\",\"image\":{\"@type\":\"ImageObject\",\"inLanguage\":\"fr-FR\",\"@id\":\"https:\/\/dicodusport.fr\/blog\/#\/schema\/person\/image\/\",\"url\":\"https:\/\/dicodusport.fr\/blog\/wp-content\/uploads\/2023\/10\/291154246_1690604071293245_3118259335115946499_n-150x150.jpg\",\"contentUrl\":\"https:\/\/dicodusport.fr\/blog\/wp-content\/uploads\/2023\/10\/291154246_1690604071293245_3118259335115946499_n-150x150.jpg\",\"caption\":\"Paul Lalevee\"},\"description\":\"La bulle Disney pendant le Covid, le Tour 2019, la Coupe du monde 2018. Ces trois \u00e9v\u00e9nements majeurs sont ancr\u00e9s dans ma t\u00eate de fan de sport, n\u00e9gativement ou positivement. Passionn\u00e9 de sport depuis l'enfance, j'ai d\u00e9cid\u00e9 de mettre ma passion de l'\u00e9criture au service de cette premi\u00e8re passion.\",\"url\":\"https:\/\/dicodusport.fr\/blog\/author\/paul-lalevee\/\"}]}<\/script>\n<!-- \/ Yoast SEO Premium plugin. -->","yoast_head_json":{"title":"Tour d'Italie 2025 : Ces Fran\u00e7ais pr\u00eats \u00e0 briller sur les routes du Giro","description":"TOUR D'ITALIE 2025 - 14 Fran\u00e7ais sont au d\u00e9part du Tour d'Italie 2025. Focus sur 3 d'entre eux.","robots":{"index":"index","follow":"follow","max-snippet":"max-snippet:-1","max-image-preview":"max-image-preview:large","max-video-preview":"max-video-preview:-1"},"canonical":"https:\/\/dicodusport.fr\/blog\/tour-ditalie-2025-ces-francais-prets-a-briller-sur-les-routes-du-giro\/","og_locale":"fr_FR","og_type":"article","og_title":"Tour d'Italie 2025 : Ces Fran\u00e7ais pr\u00eats \u00e0 briller sur les routes du Giro","og_description":"TOUR D'ITALIE 2025 - 14 Fran\u00e7ais sont au d\u00e9part du Tour d'Italie 2025. Focus sur 3 d'entre eux.","og_url":"https:\/\/dicodusport.fr\/blog\/tour-ditalie-2025-ces-francais-prets-a-briller-sur-les-routes-du-giro\/","og_site_name":"Dicodusport","article_publisher":"https:\/\/www.facebook.com\/dicodusport","article_published_time":"2025-05-06T14:39:25+00:00","article_modified_time":"2025-05-07T19:09:16+00:00","og_image":[{"width":1200,"height":674,"url":"https:\/\/dicodusport.fr\/blog\/wp-content\/uploads\/2025\/05\/Tour-dItalie-2025-Ces-Francais-prets-a-briller-sur-les-routes-du-Giro.png","type":"image\/png"}],"author":"Paul Lalevee","twitter_card":"summary_large_image","twitter_title":"Tour d'Italie 2025 : Ces Fran\u00e7ais pr\u00eats \u00e0 briller sur les routes du Giro","twitter_creator":"@dicodusport","twitter_site":"@dicodusport","schema":{"@context":"https:\/\/schema.org","@graph":[{"@type":"NewsArticle","@id":"https:\/\/dicodusport.fr\/blog\/tour-ditalie-2025-ces-francais-prets-a-briller-sur-les-routes-du-giro\/#article","isPartOf":{"@id":"https:\/\/dicodusport.fr\/blog\/tour-ditalie-2025-ces-francais-prets-a-briller-sur-les-routes-du-giro\/"},"author":{"name":"Paul Lalevee","@id":"https:\/\/dicodusport.fr\/blog\/#\/schema\/person\/1eaa63dfac40b5e5c47f03a71920c1cd"},"headline":"Tour d&rsquo;Italie 2025 : Ces Fran\u00e7ais pr\u00eats \u00e0 briller sur les routes du Giro","datePublished":"2025-05-06T14:39:25+00:00","dateModified":"2025-05-07T19:09:16+00:00","mainEntityOfPage":{"@id":"https:\/\/dicodusport.fr\/blog\/tour-ditalie-2025-ces-francais-prets-a-briller-sur-les-routes-du-giro\/"},"wordCount":978,"commentCount":0,"publisher":{"@id":"https:\/\/dicodusport.fr\/blog\/#organization"},"image":{"@id":"https:\/\/dicodusport.fr\/blog\/tour-ditalie-2025-ces-francais-prets-a-briller-sur-les-routes-du-giro\/#primaryimage"},"thumbnailUrl":"https:\/\/dicodusport.fr\/blog\/wp-content\/uploads\/2025\/05\/Tour-dItalie-2025-Ces-Francais-prets-a-briller-sur-les-routes-du-Giro.png","keywords":["br\u00e8ve","David Gaudu","Paul Magnier","Romain Bardet"],"articleSection":["Tour d'Italie"],"inLanguage":"fr-FR","potentialAction":[{"@type":"CommentAction","name":"Comment","target":["https:\/\/dicodusport.fr\/blog\/tour-ditalie-2025-ces-francais-prets-a-briller-sur-les-routes-du-giro\/#respond"]}],"copyrightYear":"2025","copyrightHolder":{"@id":"https:\/\/dicodusport.fr\/blog\/#organization"}},{"@type":"WebPage","@id":"https:\/\/dicodusport.fr\/blog\/tour-ditalie-2025-ces-francais-prets-a-briller-sur-les-routes-du-giro\/","url":"https:\/\/dicodusport.fr\/blog\/tour-ditalie-2025-ces-francais-prets-a-briller-sur-les-routes-du-giro\/","name":"Tour d'Italie 2025 : Ces Fran\u00e7ais pr\u00eats \u00e0 briller sur les routes du Giro","isPartOf":{"@id":"https:\/\/dicodusport.fr\/blog\/#website"},"primaryImageOfPage":{"@id":"https:\/\/dicodusport.fr\/blog\/tour-ditalie-2025-ces-francais-prets-a-briller-sur-les-routes-du-giro\/#primaryimage"},"image":{"@id":"https:\/\/dicodusport.fr\/blog\/tour-ditalie-2025-ces-francais-prets-a-briller-sur-les-routes-du-giro\/#primaryimage"},"thumbnailUrl":"https:\/\/dicodusport.fr\/blog\/wp-content\/uploads\/2025\/05\/Tour-dItalie-2025-Ces-Francais-prets-a-briller-sur-les-routes-du-Giro.png","datePublished":"2025-05-06T14:39:25+00:00","dateModified":"2025-05-07T19:09:16+00:00","description":"TOUR D'ITALIE 2025 - 14 Fran\u00e7ais sont au d\u00e9part du Tour d'Italie 2025. Focus sur 3 d'entre eux.","breadcrumb":{"@id":"https:\/\/dicodusport.fr\/blog\/tour-ditalie-2025-ces-francais-prets-a-briller-sur-les-routes-du-giro\/#breadcrumb"},"inLanguage":"fr-FR","potentialAction":[{"@type":"ReadAction","target":["https:\/\/dicodusport.fr\/blog\/tour-ditalie-2025-ces-francais-prets-a-briller-sur-les-routes-du-giro\/"]}]},{"@type":"ImageObject","inLanguage":"fr-FR","@id":"https:\/\/dicodusport.fr\/blog\/tour-ditalie-2025-ces-francais-prets-a-briller-sur-les-routes-du-giro\/#primaryimage","url":"https:\/\/dicodusport.fr\/blog\/wp-content\/uploads\/2025\/05\/Tour-dItalie-2025-Ces-Francais-prets-a-briller-sur-les-routes-du-Giro.png","contentUrl":"https:\/\/dicodusport.fr\/blog\/wp-content\/uploads\/2025\/05\/Tour-dItalie-2025-Ces-Francais-prets-a-briller-sur-les-routes-du-Giro.png","width":1200,"height":674,"caption":"Tour d'Italie 2025 Ces Fran\u00e7ais pr\u00eats \u00e0 briller sur les routes du Giro"},{"@type":"BreadcrumbList","@id":"https:\/\/dicodusport.fr\/blog\/tour-ditalie-2025-ces-francais-prets-a-briller-sur-les-routes-du-giro\/#breadcrumb","itemListElement":[{"@type":"ListItem","position":1,"name":"Accueil","item":"https:\/\/dicodusport.fr\/blog\/"},{"@type":"ListItem","position":2,"name":"Tour d&rsquo;Italie 2025 : Ces Fran\u00e7ais pr\u00eats \u00e0 briller sur les routes du Giro"}]},{"@type":"WebSite","@id":"https:\/\/dicodusport.fr\/blog\/#website","url":"https:\/\/dicodusport.fr\/blog\/","name":"Dicodusport","description":"L&#039;encyclop\u00e9die de l&#039;actualit\u00e9 sportive","publisher":{"@id":"https:\/\/dicodusport.fr\/blog\/#organization"},"potentialAction":[{"@type":"SearchAction","target":{"@type":"EntryPoint","urlTemplate":"https:\/\/dicodusport.fr\/blog\/?s={search_term_string}"},"query-input":{"@type":"PropertyValueSpecification","valueRequired":true,"valueName":"search_term_string"}}],"inLanguage":"fr-FR"},{"@type":"NewsMediaOrganization","@id":"https:\/\/dicodusport.fr\/blog\/#organization","name":"Dicodusport","url":"https:\/\/dicodusport.fr\/blog\/","logo":{"@type":"ImageObject","inLanguage":"fr-FR","@id":"https:\/\/dicodusport.fr\/blog\/#\/schema\/logo\/image\/","url":"https:\/\/dicodusport.fr\/blog\/wp-content\/uploads\/2020\/06\/cropped-LOGO-DICODUSPORT-2020-SANS-FOND-SANS-TEXTE.png","contentUrl":"https:\/\/dicodusport.fr\/blog\/wp-content\/uploads\/2020\/06\/cropped-LOGO-DICODUSPORT-2020-SANS-FOND-SANS-TEXTE.png","width":512,"height":512,"caption":"Dicodusport"},"image":{"@id":"https:\/\/dicodusport.fr\/blog\/#\/schema\/logo\/image\/"},"sameAs":["https:\/\/www.facebook.com\/dicodusport","https:\/\/x.com\/dicodusport","https:\/\/www.instagram.com\/dicodusport\/","https:\/\/www.youtube.com\/channel\/UC7V2KZ5sd3htJivAbA4ZG3w"],"description":"Dicodusport est l'encyclop\u00e9die de l'actualit\u00e9 sportive.","email":"bonjour@dicodusport.fr","legalName":"DICODUSPORT","foundingDate":"2018-01-14","vatID":"FR71834470973","taxID":"83447097300043","numberOfEmployees":{"@type":"QuantitativeValue","minValue":"1","maxValue":"10"}},{"@type":"Person","@id":"https:\/\/dicodusport.fr\/blog\/#\/schema\/person\/1eaa63dfac40b5e5c47f03a71920c1cd","name":"Paul Lalevee","image":{"@type":"ImageObject","inLanguage":"fr-FR","@id":"https:\/\/dicodusport.fr\/blog\/#\/schema\/person\/image\/","url":"https:\/\/dicodusport.fr\/blog\/wp-content\/uploads\/2023\/10\/291154246_1690604071293245_3118259335115946499_n-150x150.jpg","contentUrl":"https:\/\/dicodusport.fr\/blog\/wp-content\/uploads\/2023\/10\/291154246_1690604071293245_3118259335115946499_n-150x150.jpg","caption":"Paul Lalevee"},"description":"La bulle Disney pendant le Covid, le Tour 2019, la Coupe du monde 2018. Ces trois \u00e9v\u00e9nements majeurs sont ancr\u00e9s dans ma t\u00eate de fan de sport, n\u00e9gativement ou positivement. Passionn\u00e9 de sport depuis l'enfance, j'ai d\u00e9cid\u00e9 de mettre ma passion de l'\u00e9criture au service de cette premi\u00e8re passion.","url":"https:\/\/dicodusport.fr\/blog\/author\/paul-lalevee\/"}]}},"_links":{"self":[{"href":"https:\/\/dicodusport.fr\/blog\/wp-json\/wp\/v2\/posts\/575942","targetHints":{"allow":["GET"]}}],"collection":[{"href":"https:\/\/dicodusport.fr\/blog\/wp-json\/wp\/v2\/posts"}],"about":[{"href":"https:\/\/dicodusport.fr\/blog\/wp-json\/wp\/v2\/types\/post"}],"author":[{"embeddable":true,"href":"https:\/\/dicodusport.fr\/blog\/wp-json\/wp\/v2\/users\/88"}],"replies":[{"embeddable":true,"href":"https:\/\/dicodusport.fr\/blog\/wp-json\/wp\/v2\/comments?post=575942"}],"version-history":[{"count":6,"href":"https:\/\/dicodusport.fr\/blog\/wp-json\/wp\/v2\/posts\/575942\/revisions"}],"predecessor-version":[{"id":577001,"href":"https:\/\/dicodusport.fr\/blog\/wp-json\/wp\/v2\/posts\/575942\/revisions\/577001"}],"wp:featuredmedia":[{"embeddable":true,"href":"https:\/\/dicodusport.fr\/blog\/wp-json\/wp\/v2\/media\/577006"}],"wp:attachment":[{"href":"https:\/\/dicodusport.fr\/blog\/wp-json\/wp\/v2\/media?parent=575942"}],"wp:term":[{"taxonomy":"category","embeddable":true,"href":"https:\/\/dicodusport.fr\/blog\/wp-json\/wp\/v2\/categories?post=575942"},{"taxonomy":"post_tag","embeddable":true,"href":"https:\/\/dicodusport.fr\/blog\/wp-json\/wp\/v2\/tags?post=575942"}],"curies":[{"name":"wp","href":"https:\/\/api.w.org\/{rel}","templated":true}]}}