{"id":575945,"date":"2025-05-04T08:33:04","date_gmt":"2025-05-04T06:33:04","guid":{"rendered":"https:\/\/dicodusport.fr\/blog\/?p=575945&#038;preview=true&#038;preview_id=575945"},"modified":"2025-05-04T08:33:56","modified_gmt":"2025-05-04T06:33:56","slug":"lyon-racing-92-compositions-chaine-tv-et-heure-de-la-demi-finale-de-challenge-cup","status":"publish","type":"post","link":"https:\/\/dicodusport.fr\/blog\/lyon-racing-92-compositions-chaine-tv-et-heure-de-la-demi-finale-de-challenge-cup\/","title":{"rendered":"Lyon-Racing 92 : Compositions, Cha\u00eene, Date et Heure"},"content":{"rendered":"<h4 style=\"text-align: justify;\"><em>\u00c0 quelle heure et sur quelle cha\u00eene TV suivre la demi-finale de Challenge Cup entre le Lyon OU et le Racing 92 ? Retrouvez \u00e9galement les compositions des deux \u00e9quipes.<\/em><\/h4>\n<ul style=\"text-align: justify;\">\n<li style=\"text-align: justify;\"><strong>\u00c0 ce sujet &#8211; <a href=\"https:\/\/dicodusport.fr\/blog\/challenge-cup-2024-2025-tableau-complet-de-la-phase-finale\/\">Challenge Cup 2024-2025 : Tableau complet de la phase finale<\/a><\/strong><\/li>\n<\/ul>\n<p style=\"text-align: justify;\">La <strong>demi-finale de Challenge Cup 2024-2025<\/strong> opposera le <a href=\"https:\/\/dicodusport.fr\/blog\/transferts-lou-2025-arrivees-departs-et-prolongations\/\"><strong>Lyon OU<\/strong><\/a> au <a href=\"https:\/\/dicodusport.fr\/blog\/transferts-racing-92-2025-arrivees-departs-et-prolongations\/\"><strong>Racing 92<\/strong><\/a>\u00a0ce <strong>dimanche 4 mai<\/strong> \u00e0 <strong>13h30<\/strong> au Matmut Stadium de Lyon. Une confrontation 100 % fran\u00e7aise entre deux \u00e9quipes qui veulent la finale pour avoir une chance d&rsquo;assurer le billet pour la Champions Cup la saison prochaine.<\/p>\n<p style=\"text-align: justify;\">Les deux \u00e9quipes se sont d\u00e9j\u00e0 affront\u00e9es une fois cette saison, lors du Boxing Day, et cela a d\u00e9bouch\u00e9&#8230; sur un nul <a href=\"https:\/\/dicodusport.fr\/blog\/top-14-j13-le-racing-92-concede-le-nul-a-la-sirene-contre-lyon\/\"><strong>25-25<\/strong><\/a>. De quoi ajouter une dose d&rsquo;incertitude \u00e0 cette demi-finale, m\u00eame si chez les bookmakers, Lyon est favori pour cette rencontre.<\/p>\n<h2 style=\"text-align: justify;\">Lyon en pleine forme<\/h2>\n<p style=\"text-align: justify;\">Le <strong>LOU<\/strong> est un habitu\u00e9 de la Challenge Cup. <a href=\"https:\/\/dicodusport.fr\/blog\/challenge-cup-lyon-remporte-son-premier-trophee-europeen\/\"><strong>Une comp\u00e9tition que les Rhodaniens ont remport\u00e9 en 2022<\/strong><\/a>, battant en finale le RC Toulon au Stade V\u00e9lodrome de Marseille dans une rencontre survol\u00e9e. Trois ans plus tard, la possibilit\u00e9 d&rsquo;une nouvelle finale est r\u00e9elle, apr\u00e8s une magnifique phase finale et notamment un succ\u00e8s de haute vol\u00e9e en quarts de finale sur la pelouse des Ospreys. De quoi aborder cette rencontre avec de la confiance, en particulier \u00e0 domicile.<\/p>\n<div class=\"vlp-link-container vlp-layout-article\"><a href=\"https:\/\/dicodusport.fr\/blog\/challenge-cup-quarts-de-finale-le-lou-fait-tomber-les-ospreys-au-bout-du-suspense\/\" class=\"vlp-link\" title=\"Challenge Cup (Quarts de finale) : Le LOU fait tomber les Ospreys au bout du suspense\"><\/a><div class=\"vlp-layout-zone-side\"><div class=\"vlp-block-4 vlp-link-image\"><img loading=\"lazy\" decoding=\"async\" style=\"max-width: 792px;\" width=\"792\" height=\"445\" src=\"https:\/\/dicodusport.fr\/blog\/wp-content\/uploads\/2025\/04\/Challenge-Cup-Quarts-de-finale-Le-LOU-fait-tomber-les-Ospreys-au-bout-du-suspense.png\" class=\"attachment-800x445 size-800x445\" alt=\"Challenge Cup (Quarts de finale) : Le LOU fait tomber les Ospreys au bout du suspense\" srcset=\"https:\/\/dicodusport.fr\/blog\/wp-content\/uploads\/2025\/04\/Challenge-Cup-Quarts-de-finale-Le-LOU-fait-tomber-les-Ospreys-au-bout-du-suspense.png 1200w, https:\/\/dicodusport.fr\/blog\/wp-content\/uploads\/2025\/04\/Challenge-Cup-Quarts-de-finale-Le-LOU-fait-tomber-les-Ospreys-au-bout-du-suspense-300x169.png 300w, https:\/\/dicodusport.fr\/blog\/wp-content\/uploads\/2025\/04\/Challenge-Cup-Quarts-de-finale-Le-LOU-fait-tomber-les-Ospreys-au-bout-du-suspense-1024x575.png 1024w, https:\/\/dicodusport.fr\/blog\/wp-content\/uploads\/2025\/04\/Challenge-Cup-Quarts-de-finale-Le-LOU-fait-tomber-les-Ospreys-au-bout-du-suspense-768x431.png 768w\" sizes=\"auto, (max-width: 792px) 100vw, 792px\" \/><\/div><\/div><div class=\"vlp-layout-zone-main\"><div class=\"vlp-block-0 vlp-link-title\">Challenge Cup (Quarts de finale) : Le LOU fait tomber les Ospreys au bout du suspense<\/div><div class=\"vlp-block-1 vlp-link-summary\">CHALLENGE CUP 2024-2025 - H\u00e9ro\u00efque, le LOU domine les Ospreys au Pays de Galles (20-18) et file en demi-finale de la comp\u00e9tition.<\/div><div class=\"vlp-block-2 vlp-link-button\">Lire l'article<\/div><div class=\"vlp-block-3 vlp-link-url\">dicodusport.fr<\/div><\/div><\/div>\n<p style=\"text-align: justify;\">Il faut dire que la dynamique est exceptionnelle depuis <a href=\"https:\/\/dicodusport.fr\/blog\/transferts-karim-ghezal-va-deja-reprendre-du-service-en-top-14\/\">la nomination de <strong>Karim Ghezal<\/strong><\/a> en tant qu&rsquo;entra\u00eeneur en chef. Apr\u00e8s avoir connu une s\u00e9rie d\u00e9vastatrice de 5 d\u00e9faites cons\u00e9cutives, le LOU n&rsquo;a perdu que quatre de ses 17 derniers matchs toutes comp\u00e9titions confondues ! Avec notamment un succ\u00e8s sur la pelouse de l&rsquo;UBB, des victoires sur La Rochelle ou Toulon ou encore un nul contre Toulouse. Tous les voyants sont donc au vert pour les Loups.<\/p>\n<h2 style=\"text-align: justify;\">Le Racing 92 a des atouts<\/h2>\n<p style=\"text-align: justify;\">La saison du <strong>Racing 92<\/strong>, elle, ne restera pas dans les m\u00e9moires. En tout cas, s&rsquo;il n&rsquo;y a pas le titre en Challenge Europ\u00e9en au bout de la route. Entre soubresauts internes, <a href=\"https:\/\/dicodusport.fr\/blog\/transferts-racing-92-camille-chat-licencie\/\">licenciement de <strong>Camille Chat<\/strong><\/a> (<a href=\"https:\/\/dicodusport.fr\/blog\/transferts-camille-chat-a-trouve-un-nouveau-club\/\">d\u00e9sormais \u00e0&#8230; Lyon<\/a>), <a href=\"https:\/\/dicodusport.fr\/blog\/transferts-racing-92-stuart-lancaster-sur-le-depart-un-favori-pour-le-remplacer\/\">d\u00e9part de <strong>Stuart Lancaster<\/strong><\/a>, performances insipides nombreuses en Top 14, les raisons de se r\u00e9jouir sont faibles. N\u00e9anmoins, malgr\u00e9 tous ces points n\u00e9gatifs, le Racing n&rsquo;est qu&rsquo;\u00e0 trois points d&rsquo;une place dans le Top 6, et peut l\u00e9gitimement toujours esp\u00e9rer les phases finales.<\/p>\n<div class=\"vlp-link-container vlp-layout-article\"><a href=\"https:\/\/dicodusport.fr\/blog\/challenge-cup-quarts-de-finale-le-racing-92-cree-lexploit-a-14-au-connacht\/\" class=\"vlp-link\" title=\"Challenge Cup (Quarts de finale) : Le Racing 92 cr\u00e9e l&#039;exploit \u00e0 14 au Connacht !\"><\/a><div class=\"vlp-layout-zone-side\"><div class=\"vlp-block-4 vlp-link-image\"><img loading=\"lazy\" decoding=\"async\" style=\"max-width: 792px;\" width=\"792\" height=\"445\" src=\"https:\/\/dicodusport.fr\/blog\/wp-content\/uploads\/2025\/04\/Challenge-Cup-Quarts-de-finale-Le-Racing-92-cree-lexploit-a-14-au-Connacht-.png\" class=\"attachment-800x445 size-800x445\" alt=\"Challenge Cup (Quarts de finale) Le Racing 92 cr\u00e9e l&#039;exploit \u00e0 14 au Connacht !\" srcset=\"https:\/\/dicodusport.fr\/blog\/wp-content\/uploads\/2025\/04\/Challenge-Cup-Quarts-de-finale-Le-Racing-92-cree-lexploit-a-14-au-Connacht-.png 1200w, https:\/\/dicodusport.fr\/blog\/wp-content\/uploads\/2025\/04\/Challenge-Cup-Quarts-de-finale-Le-Racing-92-cree-lexploit-a-14-au-Connacht--300x169.png 300w, https:\/\/dicodusport.fr\/blog\/wp-content\/uploads\/2025\/04\/Challenge-Cup-Quarts-de-finale-Le-Racing-92-cree-lexploit-a-14-au-Connacht--1024x575.png 1024w, https:\/\/dicodusport.fr\/blog\/wp-content\/uploads\/2025\/04\/Challenge-Cup-Quarts-de-finale-Le-Racing-92-cree-lexploit-a-14-au-Connacht--768x431.png 768w\" sizes=\"auto, (max-width: 792px) 100vw, 792px\" \/><\/div><\/div><div class=\"vlp-layout-zone-main\"><div class=\"vlp-block-0 vlp-link-title\">Challenge Cup (Quarts de finale) : Le Racing 92 cr\u00e9e l'exploit \u00e0 14 au Connacht !<\/div><div class=\"vlp-block-1 vlp-link-summary\">CHALLENGE CUP 2024-2025 - R\u00e9duit \u00e0 14 d'entr\u00e9e de jeu, le Racing 92 a renvers\u00e9 le Connacht par sa d\u00e9fense et son pragmatisme, et a compost\u00e9 son billet pour les demi-finales de la comp\u00e9tition.\u00a0<\/div><div class=\"vlp-block-2 vlp-link-button\">Lire l'article<\/div><div class=\"vlp-block-3 vlp-link-url\">dicodusport.fr<\/div><\/div><\/div>\n<p style=\"text-align: justify;\">De plus, les Franciliens sortent d&rsquo;une performance monumentale en <strong>Challenge Cup<\/strong>, puisqu&rsquo;ils sont all\u00e9s faire chuter le Connacht, favori de la comp\u00e9tition, en ayant disput\u00e9 la majeure partie de la rencontre \u00e0 14 ! Un exploit qui, coupl\u00e9 \u00e0 la large victoire dimanche dernier lors du derby contre le Stade Fran\u00e7ais, offre un semblant de dynamique dont les Ciel et Blanc tenteront de profiter ce dimanche.<\/p>\n<ul style=\"text-align: justify;\">\n<li><strong>A ce sujet \u2013\u00a0<a href=\"https:\/\/dicodusport.fr\/blog\/challenge-cup-demi-finales-affiches-programme-et-dates\/\">Challenge Cup (Demi-finales) : Affiches, programme et date<\/a><\/strong><\/li>\n<\/ul>\n<p style=\"text-align: justify;\">Alors, quel club fran\u00e7ais ralliera la finale de <strong>Challenge Cup<\/strong> ? Qui affrontera <strong>Bath<\/strong>, <a href=\"https:\/\/dicodusport.fr\/blog\/challenge-cup-demi-finale-bath-premier-qualifie-en-finale-apres-avoir-domine-edimbourg\/\">vainqueur d&rsquo;<strong>\u00c9dimbourg<\/strong> dans l&rsquo;autre demi-finale (39-24)<\/a>, pour le titre ? R\u00e9ponse ce dimanche apr\u00e8s-midi.<\/p>\n<h2 style=\"text-align: justify;\">Lyon &#8211; Racing 92 : \u00c0 quelle heure et sur quelle cha\u00eene TV suivre le match ?<\/h2>\n<p style=\"text-align: justify;\">Le match <strong>Lyon &#8211; Racing 92<\/strong> est \u00e0 suivre en direct ce <strong>dimanche 4 mai 2025 \u00e0 13h30<\/strong>, sur <strong>France 3<\/strong> et <b>beIN Sports 2<\/b>.<\/p>\n<h2 style=\"text-align: justify;\">Les compositions de Lyon &#8211; Racing 92<\/h2>\n<h3 style=\"text-align: justify;\">La composition de Lyon<\/h3>\n<p style=\"text-align: justify;\"><strong>Le XV de d\u00e9part<\/strong> <strong>: <\/strong>15.Niniashvili\u00a0; 14. Rattez, 13. Maraku, 12. Millet, 11. Dumortier\u00a0; 10. Berdeu, 9. Couilloud (cap.)\u00a0; 7. Allen, 8. Botha, 6. Cretin\u00a0; 5. Guillard, 4. William\u00a0; 3. Ainsley, 2. Marchand, 1. Kaabeche.<\/p>\n<p style=\"text-align: justify;\"><strong>Rempla\u00e7ants :<\/strong> 16. Charcosset, 17. Rey, 18. Gomes Sa, 19. G\u00e9raci, 20. Saginadze, 21. Gouzou, 22. Cassang, 23. M\u00e9liande.<\/p>\n<h3 style=\"text-align: justify;\">La composition du Racing 92<\/h3>\n<p style=\"text-align: justify;\"><strong>Le XV de d\u00e9part : <\/strong>15. Tedder\u00a0; 14. M.\u00a0Spring, 13. Fickou (cap.), 12. Farrell, 11. D.\u00a0Taofifenua\u00a0; 10. Lancaster, 9. Le Garrec\u00a0; 7. Kpoku, 8. Woki, 6. Baudonne\u00a0; 5. Rowlands, 4. Palu\u00a0; 3. Mazibuko, 2. Escobar, 1. Ben Arous<\/p>\n<p style=\"text-align: justify;\"><strong>Rempla\u00e7ants\u2005:<\/strong> 16. Tarrit, 17. Gogichashvili, 18. Laclayat, 19. Joesph, 20. Labarbe, 21. Gibert, 22. Tuisova, 23. R. Taofifenua.<\/p>\n<h2 style=\"text-align: justify;\">Les cotes de Lyon &#8211; Racing 92<\/h2>\n<table style=\"width: 800px;\">\n<tbody>\n<tr style=\"height: 16px;\">\n<td style=\"background-color: #404040; text-align: left; border-color: #ededed; width: 500px;\" colspan=\"3\"><span style=\"font-size: 12px; color: #ffffff;\">Dimanche 4 mai 2025, 13h30<\/span><\/td>\n<\/tr>\n<tr style=\"height: 24px;\">\n<td style=\"background-color: #ffffff; border-color: #ededed; vertical-align: middle; text-align: center; width: 266px;\"><span style=\"font-size: 14px;\"><b>Lyon<br \/>\n<\/b><\/span><span style=\"font-size: 10px;\"><a href=\"https:\/\/www.winamax.fr\/paris-sportifs\/match\/59898600?banid=33423\" class=\"su-button su-button-style-flat su-button-wide\" style=\"color:#fff;background-color:#000;border-color:#000000;border-radius:5px\" target=\"_blank\" rel=\"noopener noreferrer\"><span style=\"color:#fff;padding:0px 20px;font-size:16px;line-height:32px;border-color:#4d4d4d;border-radius:5px;text-shadow:none\"> 1.50<\/span><\/a><\/span><\/td>\n<td style=\"background-color: #ffffff; border-color: #ededed; vertical-align: middle; text-align: center; width: 266px;\"><span style=\"font-size: 10px;\"><span style=\"font-size: 14px;\"><strong>Match nul<\/strong><\/span><br \/>\n<a href=\"https:\/\/www.winamax.fr\/paris-sportifs\/match\/59898600v?banid=33423\" class=\"su-button su-button-style-flat su-button-wide\" style=\"color:#fff;background-color:#000;border-color:#000000;border-radius:5px\" target=\"_blank\" rel=\"noopener noreferrer\"><span style=\"color:#fff;padding:0px 20px;font-size:16px;line-height:32px;border-color:#4d4d4d;border-radius:5px;text-shadow:none\"> 19<\/span><\/a><\/span><\/td>\n<td style=\"background-color: #ffffff; border-color: #ededed; vertical-align: middle; text-align: center; width: 266px;\"><span style=\"font-size: 10px;\"><span style=\"font-size: 14px;\"><b>Racing 92<\/b><\/span><br \/>\n<a href=\"https:\/\/www.winamax.fr\/paris-sportifs\/match\/59898600?banid=33423\" class=\"su-button su-button-style-flat su-button-wide\" style=\"color:#fff;background-color:#000;border-color:#000000;border-radius:5px\" target=\"_blank\" rel=\"noopener noreferrer\"><span style=\"color:#fff;padding:0px 20px;font-size:16px;line-height:32px;border-color:#4d4d4d;border-radius:5px;text-shadow:none\"> 2.40<\/span><\/a><\/span><\/td>\n<\/tr>\n<\/tbody>\n<\/table>\n<p style=\"text-align: justify;\">Tentez votre chance en profitant de votre <a href=\"https:\/\/www.winamax.fr\/registration\/landing\/affiliation_Bonus100?banid=33423\">1er d\u00e9p\u00f4t doubl\u00e9 jusqu&rsquo;\u00e0 100 \u20ac<\/a> direct en paris gratuits sur Winamax !<\/p>\n","protected":false},"excerpt":{"rendered":"<p>\u00c0 quelle heure et sur quelle cha\u00eene TV suivre la demi-finale de Challenge Cup entre le Lyon OU et le Racing 92 ? Retrouvez \u00e9galement les compositions des deux \u00e9quipes.<\/p>\n","protected":false},"author":59,"featured_media":575957,"comment_status":"open","ping_status":"closed","sticky":false,"template":"","format":"standard","meta":{"_acf_changed":false,"_daextam_enable_autolinks":"1","footnotes":""},"categories":[44295,9129],"tags":[16878,3077,4299,26512,3131],"class_list":["post-575945","post","type-post","status-publish","format-standard","has-post-thumbnail","hentry","category-chaine-tv","category-rugby-a-xv","tag-breve","tag-castres","tag-challenge-cup","tag-lyon-ou","tag-racing-92"],"acf":[],"yoast_head":"<!-- This site is optimized with the Yoast SEO Premium plugin v26.7 (Yoast SEO v26.7) - https:\/\/yoast.com\/wordpress\/plugins\/seo\/ -->\n<title>Lyon-Racing 92 : Compositions, Cha\u00eene, Date et Heure<\/title>\n<meta name=\"description\" content=\"\u00c0 quelle heure et sur quelle cha\u00eene TV suivre la demi-finale de Challenge Cup entre le Lyon OU et le Racing 92 ? Retrouvez \u00e9galement les compositions des deux \u00e9quipes.\" \/>\n<meta name=\"robots\" content=\"index, follow, max-snippet:-1, max-image-preview:large, max-video-preview:-1\" \/>\n<link rel=\"canonical\" href=\"https:\/\/dicodusport.fr\/blog\/lyon-racing-92-compositions-chaine-tv-et-heure-de-la-demi-finale-de-challenge-cup\/\" \/>\n<meta property=\"og:locale\" content=\"fr_FR\" \/>\n<meta property=\"og:type\" content=\"article\" \/>\n<meta property=\"og:title\" content=\"Lyon-Racing 92 : Compositions, Cha\u00eene, Date et Heure\" \/>\n<meta property=\"og:description\" content=\"\u00c0 quelle heure et sur quelle cha\u00eene TV suivre la demi-finale de Challenge Cup entre le Lyon OU et le Racing 92 ? Retrouvez \u00e9galement les compositions des deux \u00e9quipes.\" \/>\n<meta property=\"og:url\" content=\"https:\/\/dicodusport.fr\/blog\/lyon-racing-92-compositions-chaine-tv-et-heure-de-la-demi-finale-de-challenge-cup\/\" \/>\n<meta property=\"og:site_name\" content=\"Dicodusport\" \/>\n<meta property=\"article:publisher\" content=\"https:\/\/www.facebook.com\/dicodusport\" \/>\n<meta property=\"article:author\" content=\"https:\/\/www.facebook.com\/sebastien.gente\/\" \/>\n<meta property=\"article:published_time\" content=\"2025-05-04T06:33:04+00:00\" \/>\n<meta property=\"article:modified_time\" content=\"2025-05-04T06:33:56+00:00\" \/>\n<meta property=\"og:image\" content=\"https:\/\/dicodusport.fr\/blog\/wp-content\/uploads\/2025\/05\/Lyon-Racing-92-Compositions-Chaine-TV-et-Heure-de-la-demi-finale-de-Challenge-Cup-1.png\" \/>\n\t<meta property=\"og:image:width\" content=\"1200\" \/>\n\t<meta property=\"og:image:height\" content=\"674\" \/>\n\t<meta property=\"og:image:type\" content=\"image\/png\" \/>\n<meta name=\"author\" content=\"S\u00e9bastien Gente\" \/>\n<meta name=\"twitter:card\" content=\"summary_large_image\" \/>\n<meta name=\"twitter:title\" content=\"Lyon-Racing 92 : Compositions, Cha\u00eene, Date et Heure\" \/>\n<meta name=\"twitter:creator\" content=\"@https:\/\/twitter.com\/globulo24\" \/>\n<meta name=\"twitter:site\" content=\"@dicodusport\" \/>\n<script type=\"application\/ld+json\" class=\"yoast-schema-graph\">{\"@context\":\"https:\/\/schema.org\",\"@graph\":[{\"@type\":\"NewsArticle\",\"@id\":\"https:\/\/dicodusport.fr\/blog\/lyon-racing-92-compositions-chaine-tv-et-heure-de-la-demi-finale-de-challenge-cup\/#article\",\"isPartOf\":{\"@id\":\"https:\/\/dicodusport.fr\/blog\/lyon-racing-92-compositions-chaine-tv-et-heure-de-la-demi-finale-de-challenge-cup\/\"},\"author\":{\"name\":\"S\u00e9bastien Gente\",\"@id\":\"https:\/\/dicodusport.fr\/blog\/#\/schema\/person\/627966a6cde45dbd8c5e36ac85d783da\"},\"headline\":\"Lyon-Racing 92 : Compositions, Cha\u00eene, Date et Heure\",\"datePublished\":\"2025-05-04T06:33:04+00:00\",\"dateModified\":\"2025-05-04T06:33:56+00:00\",\"mainEntityOfPage\":{\"@id\":\"https:\/\/dicodusport.fr\/blog\/lyon-racing-92-compositions-chaine-tv-et-heure-de-la-demi-finale-de-challenge-cup\/\"},\"wordCount\":908,\"commentCount\":0,\"publisher\":{\"@id\":\"https:\/\/dicodusport.fr\/blog\/#organization\"},\"image\":{\"@id\":\"https:\/\/dicodusport.fr\/blog\/lyon-racing-92-compositions-chaine-tv-et-heure-de-la-demi-finale-de-challenge-cup\/#primaryimage\"},\"thumbnailUrl\":\"https:\/\/dicodusport.fr\/blog\/wp-content\/uploads\/2025\/05\/Lyon-Racing-92-Compositions-Chaine-TV-et-Heure-de-la-demi-finale-de-Challenge-Cup-1.png\",\"keywords\":[\"br\u00e8ve\",\"Castres\",\"Challenge cup\",\"Lyon OU\",\"Racing 92\"],\"articleSection\":[\"Cha\u00eene TV\",\"Rugby \u00e0 XV\"],\"inLanguage\":\"fr-FR\",\"potentialAction\":[{\"@type\":\"CommentAction\",\"name\":\"Comment\",\"target\":[\"https:\/\/dicodusport.fr\/blog\/lyon-racing-92-compositions-chaine-tv-et-heure-de-la-demi-finale-de-challenge-cup\/#respond\"]}],\"copyrightYear\":\"2025\",\"copyrightHolder\":{\"@id\":\"https:\/\/dicodusport.fr\/blog\/#organization\"}},{\"@type\":\"WebPage\",\"@id\":\"https:\/\/dicodusport.fr\/blog\/lyon-racing-92-compositions-chaine-tv-et-heure-de-la-demi-finale-de-challenge-cup\/\",\"url\":\"https:\/\/dicodusport.fr\/blog\/lyon-racing-92-compositions-chaine-tv-et-heure-de-la-demi-finale-de-challenge-cup\/\",\"name\":\"Lyon-Racing 92 : Compositions, Cha\u00eene, Date et Heure\",\"isPartOf\":{\"@id\":\"https:\/\/dicodusport.fr\/blog\/#website\"},\"primaryImageOfPage\":{\"@id\":\"https:\/\/dicodusport.fr\/blog\/lyon-racing-92-compositions-chaine-tv-et-heure-de-la-demi-finale-de-challenge-cup\/#primaryimage\"},\"image\":{\"@id\":\"https:\/\/dicodusport.fr\/blog\/lyon-racing-92-compositions-chaine-tv-et-heure-de-la-demi-finale-de-challenge-cup\/#primaryimage\"},\"thumbnailUrl\":\"https:\/\/dicodusport.fr\/blog\/wp-content\/uploads\/2025\/05\/Lyon-Racing-92-Compositions-Chaine-TV-et-Heure-de-la-demi-finale-de-Challenge-Cup-1.png\",\"datePublished\":\"2025-05-04T06:33:04+00:00\",\"dateModified\":\"2025-05-04T06:33:56+00:00\",\"description\":\"\u00c0 quelle heure et sur quelle cha\u00eene TV suivre la demi-finale de Challenge Cup entre le Lyon OU et le Racing 92 ? Retrouvez \u00e9galement les compositions des deux \u00e9quipes.\",\"breadcrumb\":{\"@id\":\"https:\/\/dicodusport.fr\/blog\/lyon-racing-92-compositions-chaine-tv-et-heure-de-la-demi-finale-de-challenge-cup\/#breadcrumb\"},\"inLanguage\":\"fr-FR\",\"potentialAction\":[{\"@type\":\"ReadAction\",\"target\":[\"https:\/\/dicodusport.fr\/blog\/lyon-racing-92-compositions-chaine-tv-et-heure-de-la-demi-finale-de-challenge-cup\/\"]}]},{\"@type\":\"ImageObject\",\"inLanguage\":\"fr-FR\",\"@id\":\"https:\/\/dicodusport.fr\/blog\/lyon-racing-92-compositions-chaine-tv-et-heure-de-la-demi-finale-de-challenge-cup\/#primaryimage\",\"url\":\"https:\/\/dicodusport.fr\/blog\/wp-content\/uploads\/2025\/05\/Lyon-Racing-92-Compositions-Chaine-TV-et-Heure-de-la-demi-finale-de-Challenge-Cup-1.png\",\"contentUrl\":\"https:\/\/dicodusport.fr\/blog\/wp-content\/uploads\/2025\/05\/Lyon-Racing-92-Compositions-Chaine-TV-et-Heure-de-la-demi-finale-de-Challenge-Cup-1.png\",\"width\":1200,\"height\":674,\"caption\":\"Lyon-Racing 92 Compositions, Cha\u00eene TV et Heure de la demi-finale de Challenge Cup\"},{\"@type\":\"BreadcrumbList\",\"@id\":\"https:\/\/dicodusport.fr\/blog\/lyon-racing-92-compositions-chaine-tv-et-heure-de-la-demi-finale-de-challenge-cup\/#breadcrumb\",\"itemListElement\":[{\"@type\":\"ListItem\",\"position\":1,\"name\":\"Accueil\",\"item\":\"https:\/\/dicodusport.fr\/blog\/\"},{\"@type\":\"ListItem\",\"position\":2,\"name\":\"Lyon-Racing 92 : Compositions, Cha\u00eene, Date et Heure\"}]},{\"@type\":\"WebSite\",\"@id\":\"https:\/\/dicodusport.fr\/blog\/#website\",\"url\":\"https:\/\/dicodusport.fr\/blog\/\",\"name\":\"Dicodusport\",\"description\":\"L&#039;encyclop\u00e9die de l&#039;actualit\u00e9 sportive\",\"publisher\":{\"@id\":\"https:\/\/dicodusport.fr\/blog\/#organization\"},\"potentialAction\":[{\"@type\":\"SearchAction\",\"target\":{\"@type\":\"EntryPoint\",\"urlTemplate\":\"https:\/\/dicodusport.fr\/blog\/?s={search_term_string}\"},\"query-input\":{\"@type\":\"PropertyValueSpecification\",\"valueRequired\":true,\"valueName\":\"search_term_string\"}}],\"inLanguage\":\"fr-FR\"},{\"@type\":\"NewsMediaOrganization\",\"@id\":\"https:\/\/dicodusport.fr\/blog\/#organization\",\"name\":\"Dicodusport\",\"url\":\"https:\/\/dicodusport.fr\/blog\/\",\"logo\":{\"@type\":\"ImageObject\",\"inLanguage\":\"fr-FR\",\"@id\":\"https:\/\/dicodusport.fr\/blog\/#\/schema\/logo\/image\/\",\"url\":\"https:\/\/dicodusport.fr\/blog\/wp-content\/uploads\/2020\/06\/cropped-LOGO-DICODUSPORT-2020-SANS-FOND-SANS-TEXTE.png\",\"contentUrl\":\"https:\/\/dicodusport.fr\/blog\/wp-content\/uploads\/2020\/06\/cropped-LOGO-DICODUSPORT-2020-SANS-FOND-SANS-TEXTE.png\",\"width\":512,\"height\":512,\"caption\":\"Dicodusport\"},\"image\":{\"@id\":\"https:\/\/dicodusport.fr\/blog\/#\/schema\/logo\/image\/\"},\"sameAs\":[\"https:\/\/www.facebook.com\/dicodusport\",\"https:\/\/x.com\/dicodusport\",\"https:\/\/www.instagram.com\/dicodusport\/\",\"https:\/\/www.youtube.com\/channel\/UC7V2KZ5sd3htJivAbA4ZG3w\"],\"description\":\"Dicodusport est l'encyclop\u00e9die de l'actualit\u00e9 sportive.\",\"email\":\"bonjour@dicodusport.fr\",\"legalName\":\"DICODUSPORT\",\"foundingDate\":\"2018-01-14\",\"vatID\":\"FR71834470973\",\"taxID\":\"83447097300043\",\"numberOfEmployees\":{\"@type\":\"QuantitativeValue\",\"minValue\":\"1\",\"maxValue\":\"10\"}},{\"@type\":\"Person\",\"@id\":\"https:\/\/dicodusport.fr\/blog\/#\/schema\/person\/627966a6cde45dbd8c5e36ac85d783da\",\"name\":\"S\u00e9bastien Gente\",\"image\":{\"@type\":\"ImageObject\",\"inLanguage\":\"fr-FR\",\"@id\":\"https:\/\/dicodusport.fr\/blog\/#\/schema\/person\/image\/\",\"url\":\"https:\/\/dicodusport.fr\/blog\/wp-content\/uploads\/2021\/09\/1510990_10205810251400683_4124423575079401707_n-150x150.jpg\",\"contentUrl\":\"https:\/\/dicodusport.fr\/blog\/wp-content\/uploads\/2021\/09\/1510990_10205810251400683_4124423575079401707_n-150x150.jpg\",\"caption\":\"S\u00e9bastien Gente\"},\"description\":\"John Stockton, Gianni Bugno, Zinedine Zidane, Steffi Graf, Frode Andresen, St\u00e9phane Stoecklin, Davis Kamoga, Primoz Peterka, Werner Schlager et Aur\u00e9lien Rougerie. Point commun entre ces sportifs? Ils m'ont fait r\u00eaver et ont berc\u00e9 mon adolescence. Je suis un fondu de sports et j'essaie de retranscrire ma passion \u00e0 travers mes articles. Originaire du P\u00e9rigord, ma passion pour les Girondins, les Jaunards et les Jazzmen transpire dans mes \u00e9crits. \u00c0 Dicodusport depuis 2021, je d\u00e9niche les sports m\u00e9connus dans lesquels la France brille, et il y en a !\",\"sameAs\":[\"https:\/\/www.facebook.com\/sebastien.gente\/\",\"https:\/\/www.instagram.com\/sebgente\/\",\"https:\/\/www.linkedin.com\/in\/sbastien-gente-a29583169\/\",\"https:\/\/x.com\/https:\/\/twitter.com\/globulo24\",\"SebastienGente\"],\"worksFor\":\"S\u00e9bastien GENTE\",\"url\":\"https:\/\/dicodusport.fr\/blog\/author\/sebastiengente\/\"}]}<\/script>\n<!-- \/ Yoast SEO Premium plugin. -->","yoast_head_json":{"title":"Lyon-Racing 92 : Compositions, Cha\u00eene, Date et Heure","description":"\u00c0 quelle heure et sur quelle cha\u00eene TV suivre la demi-finale de Challenge Cup entre le Lyon OU et le Racing 92 ? Retrouvez \u00e9galement les compositions des deux \u00e9quipes.","robots":{"index":"index","follow":"follow","max-snippet":"max-snippet:-1","max-image-preview":"max-image-preview:large","max-video-preview":"max-video-preview:-1"},"canonical":"https:\/\/dicodusport.fr\/blog\/lyon-racing-92-compositions-chaine-tv-et-heure-de-la-demi-finale-de-challenge-cup\/","og_locale":"fr_FR","og_type":"article","og_title":"Lyon-Racing 92 : Compositions, Cha\u00eene, Date et Heure","og_description":"\u00c0 quelle heure et sur quelle cha\u00eene TV suivre la demi-finale de Challenge Cup entre le Lyon OU et le Racing 92 ? Retrouvez \u00e9galement les compositions des deux \u00e9quipes.","og_url":"https:\/\/dicodusport.fr\/blog\/lyon-racing-92-compositions-chaine-tv-et-heure-de-la-demi-finale-de-challenge-cup\/","og_site_name":"Dicodusport","article_publisher":"https:\/\/www.facebook.com\/dicodusport","article_author":"https:\/\/www.facebook.com\/sebastien.gente\/","article_published_time":"2025-05-04T06:33:04+00:00","article_modified_time":"2025-05-04T06:33:56+00:00","og_image":[{"width":1200,"height":674,"url":"https:\/\/dicodusport.fr\/blog\/wp-content\/uploads\/2025\/05\/Lyon-Racing-92-Compositions-Chaine-TV-et-Heure-de-la-demi-finale-de-Challenge-Cup-1.png","type":"image\/png"}],"author":"S\u00e9bastien Gente","twitter_card":"summary_large_image","twitter_title":"Lyon-Racing 92 : Compositions, Cha\u00eene, Date et Heure","twitter_creator":"@https:\/\/twitter.com\/globulo24","twitter_site":"@dicodusport","schema":{"@context":"https:\/\/schema.org","@graph":[{"@type":"NewsArticle","@id":"https:\/\/dicodusport.fr\/blog\/lyon-racing-92-compositions-chaine-tv-et-heure-de-la-demi-finale-de-challenge-cup\/#article","isPartOf":{"@id":"https:\/\/dicodusport.fr\/blog\/lyon-racing-92-compositions-chaine-tv-et-heure-de-la-demi-finale-de-challenge-cup\/"},"author":{"name":"S\u00e9bastien Gente","@id":"https:\/\/dicodusport.fr\/blog\/#\/schema\/person\/627966a6cde45dbd8c5e36ac85d783da"},"headline":"Lyon-Racing 92 : Compositions, Cha\u00eene, Date et Heure","datePublished":"2025-05-04T06:33:04+00:00","dateModified":"2025-05-04T06:33:56+00:00","mainEntityOfPage":{"@id":"https:\/\/dicodusport.fr\/blog\/lyon-racing-92-compositions-chaine-tv-et-heure-de-la-demi-finale-de-challenge-cup\/"},"wordCount":908,"commentCount":0,"publisher":{"@id":"https:\/\/dicodusport.fr\/blog\/#organization"},"image":{"@id":"https:\/\/dicodusport.fr\/blog\/lyon-racing-92-compositions-chaine-tv-et-heure-de-la-demi-finale-de-challenge-cup\/#primaryimage"},"thumbnailUrl":"https:\/\/dicodusport.fr\/blog\/wp-content\/uploads\/2025\/05\/Lyon-Racing-92-Compositions-Chaine-TV-et-Heure-de-la-demi-finale-de-Challenge-Cup-1.png","keywords":["br\u00e8ve","Castres","Challenge cup","Lyon OU","Racing 92"],"articleSection":["Cha\u00eene TV","Rugby \u00e0 XV"],"inLanguage":"fr-FR","potentialAction":[{"@type":"CommentAction","name":"Comment","target":["https:\/\/dicodusport.fr\/blog\/lyon-racing-92-compositions-chaine-tv-et-heure-de-la-demi-finale-de-challenge-cup\/#respond"]}],"copyrightYear":"2025","copyrightHolder":{"@id":"https:\/\/dicodusport.fr\/blog\/#organization"}},{"@type":"WebPage","@id":"https:\/\/dicodusport.fr\/blog\/lyon-racing-92-compositions-chaine-tv-et-heure-de-la-demi-finale-de-challenge-cup\/","url":"https:\/\/dicodusport.fr\/blog\/lyon-racing-92-compositions-chaine-tv-et-heure-de-la-demi-finale-de-challenge-cup\/","name":"Lyon-Racing 92 : Compositions, Cha\u00eene, Date et Heure","isPartOf":{"@id":"https:\/\/dicodusport.fr\/blog\/#website"},"primaryImageOfPage":{"@id":"https:\/\/dicodusport.fr\/blog\/lyon-racing-92-compositions-chaine-tv-et-heure-de-la-demi-finale-de-challenge-cup\/#primaryimage"},"image":{"@id":"https:\/\/dicodusport.fr\/blog\/lyon-racing-92-compositions-chaine-tv-et-heure-de-la-demi-finale-de-challenge-cup\/#primaryimage"},"thumbnailUrl":"https:\/\/dicodusport.fr\/blog\/wp-content\/uploads\/2025\/05\/Lyon-Racing-92-Compositions-Chaine-TV-et-Heure-de-la-demi-finale-de-Challenge-Cup-1.png","datePublished":"2025-05-04T06:33:04+00:00","dateModified":"2025-05-04T06:33:56+00:00","description":"\u00c0 quelle heure et sur quelle cha\u00eene TV suivre la demi-finale de Challenge Cup entre le Lyon OU et le Racing 92 ? Retrouvez \u00e9galement les compositions des deux \u00e9quipes.","breadcrumb":{"@id":"https:\/\/dicodusport.fr\/blog\/lyon-racing-92-compositions-chaine-tv-et-heure-de-la-demi-finale-de-challenge-cup\/#breadcrumb"},"inLanguage":"fr-FR","potentialAction":[{"@type":"ReadAction","target":["https:\/\/dicodusport.fr\/blog\/lyon-racing-92-compositions-chaine-tv-et-heure-de-la-demi-finale-de-challenge-cup\/"]}]},{"@type":"ImageObject","inLanguage":"fr-FR","@id":"https:\/\/dicodusport.fr\/blog\/lyon-racing-92-compositions-chaine-tv-et-heure-de-la-demi-finale-de-challenge-cup\/#primaryimage","url":"https:\/\/dicodusport.fr\/blog\/wp-content\/uploads\/2025\/05\/Lyon-Racing-92-Compositions-Chaine-TV-et-Heure-de-la-demi-finale-de-Challenge-Cup-1.png","contentUrl":"https:\/\/dicodusport.fr\/blog\/wp-content\/uploads\/2025\/05\/Lyon-Racing-92-Compositions-Chaine-TV-et-Heure-de-la-demi-finale-de-Challenge-Cup-1.png","width":1200,"height":674,"caption":"Lyon-Racing 92 Compositions, Cha\u00eene TV et Heure de la demi-finale de Challenge Cup"},{"@type":"BreadcrumbList","@id":"https:\/\/dicodusport.fr\/blog\/lyon-racing-92-compositions-chaine-tv-et-heure-de-la-demi-finale-de-challenge-cup\/#breadcrumb","itemListElement":[{"@type":"ListItem","position":1,"name":"Accueil","item":"https:\/\/dicodusport.fr\/blog\/"},{"@type":"ListItem","position":2,"name":"Lyon-Racing 92 : Compositions, Cha\u00eene, Date et Heure"}]},{"@type":"WebSite","@id":"https:\/\/dicodusport.fr\/blog\/#website","url":"https:\/\/dicodusport.fr\/blog\/","name":"Dicodusport","description":"L&#039;encyclop\u00e9die de l&#039;actualit\u00e9 sportive","publisher":{"@id":"https:\/\/dicodusport.fr\/blog\/#organization"},"potentialAction":[{"@type":"SearchAction","target":{"@type":"EntryPoint","urlTemplate":"https:\/\/dicodusport.fr\/blog\/?s={search_term_string}"},"query-input":{"@type":"PropertyValueSpecification","valueRequired":true,"valueName":"search_term_string"}}],"inLanguage":"fr-FR"},{"@type":"NewsMediaOrganization","@id":"https:\/\/dicodusport.fr\/blog\/#organization","name":"Dicodusport","url":"https:\/\/dicodusport.fr\/blog\/","logo":{"@type":"ImageObject","inLanguage":"fr-FR","@id":"https:\/\/dicodusport.fr\/blog\/#\/schema\/logo\/image\/","url":"https:\/\/dicodusport.fr\/blog\/wp-content\/uploads\/2020\/06\/cropped-LOGO-DICODUSPORT-2020-SANS-FOND-SANS-TEXTE.png","contentUrl":"https:\/\/dicodusport.fr\/blog\/wp-content\/uploads\/2020\/06\/cropped-LOGO-DICODUSPORT-2020-SANS-FOND-SANS-TEXTE.png","width":512,"height":512,"caption":"Dicodusport"},"image":{"@id":"https:\/\/dicodusport.fr\/blog\/#\/schema\/logo\/image\/"},"sameAs":["https:\/\/www.facebook.com\/dicodusport","https:\/\/x.com\/dicodusport","https:\/\/www.instagram.com\/dicodusport\/","https:\/\/www.youtube.com\/channel\/UC7V2KZ5sd3htJivAbA4ZG3w"],"description":"Dicodusport est l'encyclop\u00e9die de l'actualit\u00e9 sportive.","email":"bonjour@dicodusport.fr","legalName":"DICODUSPORT","foundingDate":"2018-01-14","vatID":"FR71834470973","taxID":"83447097300043","numberOfEmployees":{"@type":"QuantitativeValue","minValue":"1","maxValue":"10"}},{"@type":"Person","@id":"https:\/\/dicodusport.fr\/blog\/#\/schema\/person\/627966a6cde45dbd8c5e36ac85d783da","name":"S\u00e9bastien Gente","image":{"@type":"ImageObject","inLanguage":"fr-FR","@id":"https:\/\/dicodusport.fr\/blog\/#\/schema\/person\/image\/","url":"https:\/\/dicodusport.fr\/blog\/wp-content\/uploads\/2021\/09\/1510990_10205810251400683_4124423575079401707_n-150x150.jpg","contentUrl":"https:\/\/dicodusport.fr\/blog\/wp-content\/uploads\/2021\/09\/1510990_10205810251400683_4124423575079401707_n-150x150.jpg","caption":"S\u00e9bastien Gente"},"description":"John Stockton, Gianni Bugno, Zinedine Zidane, Steffi Graf, Frode Andresen, St\u00e9phane Stoecklin, Davis Kamoga, Primoz Peterka, Werner Schlager et Aur\u00e9lien Rougerie. Point commun entre ces sportifs? Ils m'ont fait r\u00eaver et ont berc\u00e9 mon adolescence. Je suis un fondu de sports et j'essaie de retranscrire ma passion \u00e0 travers mes articles. Originaire du P\u00e9rigord, ma passion pour les Girondins, les Jaunards et les Jazzmen transpire dans mes \u00e9crits. \u00c0 Dicodusport depuis 2021, je d\u00e9niche les sports m\u00e9connus dans lesquels la France brille, et il y en a !","sameAs":["https:\/\/www.facebook.com\/sebastien.gente\/","https:\/\/www.instagram.com\/sebgente\/","https:\/\/www.linkedin.com\/in\/sbastien-gente-a29583169\/","https:\/\/x.com\/https:\/\/twitter.com\/globulo24","SebastienGente"],"worksFor":"S\u00e9bastien GENTE","url":"https:\/\/dicodusport.fr\/blog\/author\/sebastiengente\/"}]}},"_links":{"self":[{"href":"https:\/\/dicodusport.fr\/blog\/wp-json\/wp\/v2\/posts\/575945","targetHints":{"allow":["GET"]}}],"collection":[{"href":"https:\/\/dicodusport.fr\/blog\/wp-json\/wp\/v2\/posts"}],"about":[{"href":"https:\/\/dicodusport.fr\/blog\/wp-json\/wp\/v2\/types\/post"}],"author":[{"embeddable":true,"href":"https:\/\/dicodusport.fr\/blog\/wp-json\/wp\/v2\/users\/59"}],"replies":[{"embeddable":true,"href":"https:\/\/dicodusport.fr\/blog\/wp-json\/wp\/v2\/comments?post=575945"}],"version-history":[{"count":5,"href":"https:\/\/dicodusport.fr\/blog\/wp-json\/wp\/v2\/posts\/575945\/revisions"}],"predecessor-version":[{"id":576431,"href":"https:\/\/dicodusport.fr\/blog\/wp-json\/wp\/v2\/posts\/575945\/revisions\/576431"}],"wp:featuredmedia":[{"embeddable":true,"href":"https:\/\/dicodusport.fr\/blog\/wp-json\/wp\/v2\/media\/575957"}],"wp:attachment":[{"href":"https:\/\/dicodusport.fr\/blog\/wp-json\/wp\/v2\/media?parent=575945"}],"wp:term":[{"taxonomy":"category","embeddable":true,"href":"https:\/\/dicodusport.fr\/blog\/wp-json\/wp\/v2\/categories?post=575945"},{"taxonomy":"post_tag","embeddable":true,"href":"https:\/\/dicodusport.fr\/blog\/wp-json\/wp\/v2\/tags?post=575945"}],"curies":[{"name":"wp","href":"https:\/\/api.w.org\/{rel}","templated":true}]}}