{"id":575979,"date":"2025-05-07T16:02:27","date_gmt":"2025-05-07T14:02:27","guid":{"rendered":"https:\/\/dicodusport.fr\/blog\/?p=575979&#038;preview=true&#038;preview_id=575979"},"modified":"2025-05-07T21:07:35","modified_gmt":"2025-05-07T19:07:35","slug":"tour-ditalie-2025-les-compositions-des-equipes","status":"publish","type":"post","link":"https:\/\/dicodusport.fr\/blog\/tour-ditalie-2025-les-compositions-des-equipes\/","title":{"rendered":"Tour d&rsquo;Italie 2025 : Les compositions des \u00e9quipes"},"content":{"rendered":"<h4 style=\"text-align: justify;\"><em><a href=\"https:\/\/dicodusport.fr\/blog\/actualites\/cyclisme\/cyclisme-sur-route-2025\/tour-d-italie-2025\/\">TOUR D&rsquo;ITALIE 2025<\/a> &#8211; <\/em><em><i>D\u00e9couvrez les compositions des \u00e9quipes pour le Giro 2025, au fur et \u00e0 mesure que les s\u00e9lections sont annonc\u00e9es par les teams.<\/i><\/em><\/h4>\n<ul>\n<li style=\"text-align: justify;\"><strong>\u00c0 ce sujet &#8211; <a href=\"https:\/\/dicodusport.fr\/blog\/tour-ditalie-2025-parcours-detaille-et-profils-des-etapes-du-giro\/\">Tour d\u2019Italie 2025 : Parcours d\u00e9taill\u00e9 et profils des \u00e9tapes du Giro<\/a><\/strong><\/li>\n<\/ul>\n<h2 style=\"text-align: justify;\">\u2705\u00a0Alpecin &#8211; Deceuninck<\/h2>\n<ul style=\"text-align: justify;\">\n<li style=\"list-style-type: none;\">\n<ul>\n<li style=\"text-align: justify;\">Kaden Groves \ud83c\udde6\ud83c\uddfa<\/li>\n<li>Quinten Hermans \ud83c\udde7\ud83c\uddea<\/li>\n<li>Juri Hollman \ud83c\udde9\ud83c\uddea<\/li>\n<li>Jimmy Janssens \ud83c\udde7\ud83c\uddea<\/li>\n<li>Timo Kielich \ud83c\udde7\ud83c\uddea<\/li>\n<li>Edward Planckaert \ud83c\udde7\ud83c\uddea<\/li>\n<li>Jensen Plowright \ud83c\udde6\ud83c\uddfa<\/li>\n<li>Fabio Van Den Bossche \ud83c\udde7\ud83c\uddea<\/li>\n<\/ul>\n<\/li>\n<\/ul>\n<blockquote class=\"twitter-tweet\">\n<p dir=\"ltr\" lang=\"en\">8 riders. 1 mission. Ready to light up <a href=\"https:\/\/twitter.com\/giroditalia?ref_src=twsrc%5Etfw\">@giroditalia<\/a> \ud83c\udde6\ud83c\uddf1\ud83c\uddee\ud83c\uddf9 Amore infinito! \ud83d\udc95<br \/>\n\ud83d\udca8 Kaden Groves leads the charge in the sprints<br \/>\n\u26f0\ufe0f Quinten Hermans hunts for glory in the uphill stages<br \/>\n\ud83e\udd1d Juri Hollmann, Jimmy Janssens, Timo Kielich, Edward Planckaert, Jensen Plowright and Fabio Van\u2026 <a href=\"https:\/\/t.co\/gaxalJIVEj\">pic.twitter.com\/gaxalJIVEj<\/a><\/p>\n<p>\u2014 Alpecin-Deceuninck Cycling Team (@AlpecinDCK) <a href=\"https:\/\/twitter.com\/AlpecinDCK\/status\/1920090461928075493?ref_src=twsrc%5Etfw\">May 7, 2025<\/a><\/p><\/blockquote>\n<p style=\"text-align: justify;\"><script async src=\"https:\/\/platform.twitter.com\/widgets.js\" charset=\"utf-8\"><\/script><\/p>\n<h2 style=\"text-align: justify;\">\u2705\u00a0Ark\u00e9a &#8211; B&amp;B H\u00f4tels<\/h2>\n<ul style=\"text-align: justify;\">\n<li style=\"list-style-type: none;\">\n<ul>\n<li style=\"text-align: justify;\">Giosu\u00e8 Epis \ud83c\uddee\ud83c\uddf9<\/li>\n<li>Simon Guglielmi \ud83c\uddeb\ud83c\uddf7<\/li>\n<li>Laurens Huys \ud83c\udde7\ud83c\uddea<\/li>\n<li>Luca Mozzato \ud83c\uddee\ud83c\uddf9<\/li>\n<li>Michel Ries \ud83c\uddf1\ud83c\uddfa<\/li>\n<li>Embret Svestad-B\u00e5rdseng \ud83c\uddf3\ud83c\uddf4<\/li>\n<li>Martin Tj\u00f8tta \ud83c\uddf3\ud83c\uddf4<\/li>\n<li>Alessandro Verre \ud83c\uddee\ud83c\uddf9<\/li>\n<\/ul>\n<\/li>\n<\/ul>\n<blockquote class=\"twitter-tweet\">\n<p dir=\"ltr\" lang=\"fr\">Ils seront 8 \u00e0 porter le maillot Excalibur ARKEA-B&amp;B HOTELS sur les 3443 kilom\u00e8tres de course s\u00e9parant Durazzo \ud83c\udde6\ud83c\uddf1 et Rome \ud83c\uddee\ud83c\uddf9 :<\/p>\n<p>Retrouver toutes les infos sur notre \u00e9quipe pour le premier Grand Tour de la saison \u27a1\ufe0f <a href=\"https:\/\/t.co\/zqHB9PKcHd\">https:\/\/t.co\/zqHB9PKcHd<\/a> <a href=\"https:\/\/t.co\/qFJBYJzWQK\">pic.twitter.com\/qFJBYJzWQK<\/a><\/p>\n<p>\u2014 ARKEA-B&amp;B HOTELS (@arkeabbhotels) <a href=\"https:\/\/twitter.com\/arkeabbhotels\/status\/1919774188681732476?ref_src=twsrc%5Etfw\">May 6, 2025<\/a><\/p><\/blockquote>\n<p style=\"text-align: justify;\"><script async src=\"https:\/\/platform.twitter.com\/widgets.js\" charset=\"utf-8\"><\/script><\/p>\n<h2 style=\"text-align: justify;\">\u2705\u00a0Bahrain &#8211; Victorious<\/h2>\n<ul style=\"text-align: justify;\">\n<li style=\"list-style-type: none;\">\n<ul>\n<li style=\"text-align: justify;\">Pello Bilbao \ud83c\uddea\ud83c\uddf8<\/li>\n<li>Damiano Caruso \ud83c\uddee\ud83c\uddf9<\/li>\n<li>Afonso Eul\u00e1lio \ud83c\uddf5\ud83c\uddf9<\/li>\n<li>Matev\u017e Govekar \ud83c\uddf8\ud83c\uddee<\/li>\n<li>Fran Miholjevi\u0107 \ud83c\udded\ud83c\uddf7<\/li>\n<li>Andrea Pasqualon \ud83c\uddee\ud83c\uddf9<\/li>\n<li>Antonio Tiberi \ud83c\uddee\ud83c\uddf9<\/li>\n<li>Edoardo Zambanini \ud83c\uddee\ud83c\uddf9<\/li>\n<\/ul>\n<\/li>\n<\/ul>\n<blockquote class=\"twitter-tweet\">\n<p dir=\"ltr\" lang=\"pt\">\ud83d\udce3 Introducing our lineup for the 2025 <a href=\"https:\/\/twitter.com\/giroditalia?ref_src=twsrc%5Etfw\">@giroditalia<\/a><\/p>\n<p>\ud83c\uddee\ud83c\uddf9 Antonio Tiberi<br \/>\n\ud83c\uddea\ud83c\uddf8 <a href=\"https:\/\/twitter.com\/PelloBilbao1990?ref_src=twsrc%5Etfw\">@PelloBilbao1990<\/a><br \/>\n\ud83c\uddee\ud83c\uddf9 <a href=\"https:\/\/twitter.com\/CarusoDamiano?ref_src=twsrc%5Etfw\">@CarusoDamiano<\/a><br \/>\n\ud83c\uddf5\ud83c\uddf9 Afonso Eul\u00e1lio<br \/>\n\ud83c\uddf8\ud83c\uddee <a href=\"https:\/\/twitter.com\/MatevzGovekar?ref_src=twsrc%5Etfw\">@MatevzGovekar<\/a><br \/>\n\ud83c\udded\ud83c\uddf7 <a href=\"https:\/\/twitter.com\/FranMiholjevic?ref_src=twsrc%5Etfw\">@FranMiholjevic<\/a><br \/>\n\ud83c\uddee\ud83c\uddf9 <a href=\"https:\/\/twitter.com\/AndreaPasqualon?ref_src=twsrc%5Etfw\">@AndreaPasqualon<\/a><br \/>\n\ud83c\uddee\ud83c\uddf9 Edoardo Zambanini<a href=\"https:\/\/twitter.com\/hashtag\/RideAsOne?src=hash&amp;ref_src=twsrc%5Etfw\">#RideAsOne<\/a> <a href=\"https:\/\/twitter.com\/hashtag\/rideforGino?src=hash&amp;ref_src=twsrc%5Etfw\">#rideforGino<\/a> <a href=\"https:\/\/twitter.com\/hashtag\/GirodItalia?src=hash&amp;ref_src=twsrc%5Etfw\">#GirodItalia<\/a><\/p>\n<p>\ud83d\udd17 <a href=\"https:\/\/t.co\/mHFbM2jXDD\">https:\/\/t.co\/mHFbM2jXDD<\/a> <a href=\"https:\/\/t.co\/GxgGV9oxgu\">pic.twitter.com\/GxgGV9oxgu<\/a><\/p>\n<p>\u2014 Team Bahrain Victorious (@BHRVictorious) <a href=\"https:\/\/twitter.com\/BHRVictorious\/status\/1919351952560750676?ref_src=twsrc%5Etfw\">May 5, 2025<\/a><\/p><\/blockquote>\n<p style=\"text-align: justify;\"><script async src=\"https:\/\/platform.twitter.com\/widgets.js\" charset=\"utf-8\"><\/script><\/p>\n<h2 style=\"text-align: justify;\">\u2705\u00a0Cofidis<\/h2>\n<ul style=\"text-align: justify;\">\n<li style=\"list-style-type: none;\">\n<ul>\n<li style=\"text-align: justify;\">Nicolas Debeaumarch\u00e9 \ud83c\uddeb\ud83c\uddf7<\/li>\n<li>Milan Fretin \ud83c\udde7\ud83c\uddea<\/li>\n<li>Jonathan Lastra \ud83c\uddea\ud83c\uddf8<\/li>\n<li>Jan Maas \ud83c\uddf3\ud83c\uddf1<\/li>\n<li>Sylvain Moniquet \ud83c\udde7\ud83c\uddea<\/li>\n<li>Stefano Oldani \ud83c\uddee\ud83c\uddf9<\/li>\n<li>Anthony Perez \ud83c\uddeb\ud83c\uddf7<\/li>\n<li>Sergio Samitier \ud83c\uddea\ud83c\uddf8<\/li>\n<\/ul>\n<\/li>\n<\/ul>\n<blockquote class=\"twitter-tweet\">\n<p dir=\"ltr\" lang=\"fr\">LE GIRO D\u2019ITALIA \ud83e\ude77<\/p>\n<p>D\u00e9couvrez les 8 coureurs qui seront au d\u00e9part du <a href=\"https:\/\/twitter.com\/giroditalia?ref_src=twsrc%5Etfw\">@giroditalia<\/a>. Et \u00e0 leur t\u00eate, Milan Fretin, leader pour son tout premier Grand Tour.<\/p>\n<p>\ud83d\uddde\ufe0f <a href=\"https:\/\/t.co\/O0H13TPqKt\">https:\/\/t.co\/O0H13TPqKt<\/a> <a href=\"https:\/\/t.co\/f20Gga693w\">pic.twitter.com\/f20Gga693w<\/a><\/p>\n<p>\u2014 Team Cofidis (@TeamCOFIDIS) <a href=\"https:\/\/twitter.com\/TeamCOFIDIS\/status\/1919679214682329469?ref_src=twsrc%5Etfw\">May 6, 2025<\/a><\/p><\/blockquote>\n<p style=\"text-align: justify;\"><script async src=\"https:\/\/platform.twitter.com\/widgets.js\" charset=\"utf-8\"><\/script><\/p>\n<h2 style=\"text-align: justify;\">\u2705\u00a0D\u00e9cathlon AG2R La Mondiale Team<\/h2>\n<ul style=\"text-align: justify;\">\n<li style=\"list-style-type: none;\">\n<ul>\n<li style=\"text-align: justify;\">Sam Bennett \ud83c\uddee\ud83c\uddea<\/li>\n<li>Geoffrey Bouchard \ud83c\uddeb\ud83c\uddf7<\/li>\n<li>Dries De Bondt \ud83c\udde7\ud83c\uddea<\/li>\n<li>Stan Dewulf \ud83c\udde7\ud83c\uddea<\/li>\n<li>Dorian Godon \ud83c\uddeb\ud83c\uddf7<\/li>\n<li>Tord Gudmestad \ud83c\uddf3\ud83c\uddf4<\/li>\n<li>Nicolas Prodhomme \ud83c\uddeb\ud83c\uddf7<\/li>\n<li>Andrea Vendrame \ud83c\uddee\ud83c\uddf9<\/li>\n<\/ul>\n<\/li>\n<\/ul>\n<blockquote class=\"twitter-tweet\">\n<p dir=\"ltr\" lang=\"it\">\ud83c\uddee\ud83c\uddf9 <a href=\"https:\/\/twitter.com\/giroditalia?ref_src=twsrc%5Etfw\">@giroditalia<\/a><br \/>\n\ud83d\udcc5 09.05 &#8211; 01.06<\/p>\n<p>\ud83c\uddee\ud83c\uddea <a href=\"https:\/\/twitter.com\/Sammmy_Be?ref_src=twsrc%5Etfw\">@Sammmy_Be<\/a><br \/>\n\ud83c\uddeb\ud83c\uddf7 <a href=\"https:\/\/twitter.com\/GeoffBouche?ref_src=twsrc%5Etfw\">@GeoffBouche<\/a><br \/>\n\ud83c\udde7\ud83c\uddea <a href=\"https:\/\/twitter.com\/Bondteke?ref_src=twsrc%5Etfw\">@Bondteke<\/a><br \/>\n\ud83c\udde7\ud83c\uddea <a href=\"https:\/\/twitter.com\/Stan_Dewulf1?ref_src=twsrc%5Etfw\">@Stan_Dewulf1<\/a><br \/>\n\ud83c\uddeb\ud83c\uddf7 <a href=\"https:\/\/twitter.com\/DorianGodon?ref_src=twsrc%5Etfw\">@DorianGodon<\/a><br \/>\n\ud83c\uddf3\ud83c\uddf4 <a href=\"https:\/\/twitter.com\/TordGudmestad?ref_src=twsrc%5Etfw\">@TordGudmestad<\/a><br \/>\n\ud83c\uddeb\ud83c\uddf7 <a href=\"https:\/\/twitter.com\/NicoProdhomme?ref_src=twsrc%5Etfw\">@NicoProdhomme<\/a><br \/>\n\ud83c\uddee\ud83c\uddf9 Andrea Vendrame<\/p>\n<p>\ud83d\udc97 Amore Infinito<a href=\"https:\/\/twitter.com\/hashtag\/DECATHLONAG2RLAMONDIALETEAM?src=hash&amp;ref_src=twsrc%5Etfw\">#DECATHLONAG2RLAMONDIALETEAM<\/a> <a href=\"https:\/\/twitter.com\/decathlonitalia?ref_src=twsrc%5Etfw\">@decathlonitalia<\/a> <a href=\"https:\/\/twitter.com\/AG2RLAMONDIALE?ref_src=twsrc%5Etfw\">@AG2RLAMONDIALE<\/a> <a href=\"https:\/\/twitter.com\/van_rysel?ref_src=twsrc%5Etfw\">@van_rysel<\/a> <a href=\"https:\/\/t.co\/BE6oEze2J6\">pic.twitter.com\/BE6oEze2J6<\/a><\/p>\n<p>\u2014 DECATHLON AG2R LA MONDIALE TEAM (@decathlonAG2RLM) <a href=\"https:\/\/twitter.com\/decathlonAG2RLM\/status\/1919738925683445821?ref_src=twsrc%5Etfw\">May 6, 2025<\/a><\/p><\/blockquote>\n<p style=\"text-align: justify;\"><script async src=\"https:\/\/platform.twitter.com\/widgets.js\" charset=\"utf-8\"><\/script><\/p>\n<h2 style=\"text-align: justify;\">\u2705\u00a0EF Education &#8211; EasyPost<\/h2>\n<ul style=\"text-align: justify;\">\n<li style=\"list-style-type: none;\">\n<ul>\n<li style=\"text-align: justify;\">Kasper Asgreen \ud83c\udde9\ud83c\uddf0<\/li>\n<li>Richard Carapaz \ud83c\uddea\ud83c\udde8<\/li>\n<li>Jefferson Alexander Cepeda \ud83c\uddea\ud83c\udde8<\/li>\n<li>Owain Doull \ud83c\uddec\ud83c\udde7<\/li>\n<li>Mikkel Honor\u00e9 \ud83c\udde9\ud83c\uddf0<\/li>\n<li>Darren Rafferty \ud83c\uddee\ud83c\uddea<\/li>\n<li>James Shaw \ud83c\uddec\ud83c\udde7<\/li>\n<li>Georg Steinhauser \ud83c\udde9\ud83c\uddea<\/li>\n<\/ul>\n<\/li>\n<\/ul>\n<blockquote class=\"twitter-tweet\">\n<p dir=\"ltr\" lang=\"en\">Only 21 stages to go before Rome, sweet Rome \ud83d\ude0d\ud83c\uddee\ud83c\uddf9<\/p>\n<p>But first, our squad is headed to Albania for the Grande Partenza! Read more: <a href=\"https:\/\/t.co\/Ed55U6odsI\">https:\/\/t.co\/Ed55U6odsI<\/a> <a href=\"https:\/\/t.co\/jWQYfynbXv\">pic.twitter.com\/jWQYfynbXv<\/a><\/p>\n<p>\u2014 EF Pro Cycling (@EFprocycling) <a href=\"https:\/\/twitter.com\/EFprocycling\/status\/1920114989936890201?ref_src=twsrc%5Etfw\">May 7, 2025<\/a><\/p><\/blockquote>\n<p style=\"text-align: justify;\"><script async src=\"https:\/\/platform.twitter.com\/widgets.js\" charset=\"utf-8\"><\/script><\/p>\n<h2 style=\"text-align: justify;\">\u2705\u00a0Groupama &#8211; FDJ<\/h2>\n<ul style=\"text-align: justify;\">\n<li style=\"list-style-type: none;\">\n<ul>\n<li style=\"text-align: justify;\">Sven Erik Bystr\u00f8m \ud83c\uddf3\ud83c\uddf4<\/li>\n<li>Cl\u00e9ment Davy \ud83c\uddeb\ud83c\uddf7<\/li>\n<li>David Gaudu \ud83c\uddeb\ud83c\uddf7<\/li>\n<li>Kevin Geniets \ud83c\uddf1\ud83c\uddfa<\/li>\n<li>Lorenzo Germani \ud83c\uddee\ud83c\uddf9<\/li>\n<li>Quentin Pacher \ud83c\uddeb\ud83c\uddf7<\/li>\n<li>Enzo Paleni \ud83c\uddeb\ud83c\uddf7<\/li>\n<li>R\u00e9my Rochas \ud83c\uddeb\ud83c\uddf7<\/li>\n<\/ul>\n<\/li>\n<\/ul>\n<blockquote class=\"twitter-tweet\">\n<p dir=\"ltr\" lang=\"fr\">Nos huit coureurs \u00e0 suivre du 9 mai au 1er juin \u2935<\/p>\n<p>\ud83c\uddf3\ud83c\uddf4 <a href=\"https:\/\/twitter.com\/sebystrom?ref_src=twsrc%5Etfw\">@sebystrom<\/a><br \/>\n\ud83c\uddeb\ud83c\uddf7 <a href=\"https:\/\/twitter.com\/davy_clement?ref_src=twsrc%5Etfw\">@davy_clement<\/a><br \/>\n\ud83c\uddeb\ud83c\uddf7 <a href=\"https:\/\/twitter.com\/DavidGaudu?ref_src=twsrc%5Etfw\">@DavidGaudu<\/a><br \/>\n\ud83c\uddf1\ud83c\uddfa <a href=\"https:\/\/twitter.com\/GenietsKevin?ref_src=twsrc%5Etfw\">@GenietsKevin<\/a><br \/>\n\ud83c\uddee\ud83c\uddf9 <a href=\"https:\/\/twitter.com\/LorenzoGermani3?ref_src=twsrc%5Etfw\">@LorenzoGermani3<\/a><br \/>\n\ud83c\uddeb\ud83c\uddf7 <a href=\"https:\/\/twitter.com\/QuentinPacher?ref_src=twsrc%5Etfw\">@QuentinPacher<\/a><br \/>\n\ud83c\uddeb\ud83c\uddf7 <a href=\"https:\/\/twitter.com\/nzopli?ref_src=twsrc%5Etfw\">@nzopli<\/a><br \/>\n\ud83c\uddeb\ud83c\uddf7 <a href=\"https:\/\/twitter.com\/RochasRemy?ref_src=twsrc%5Etfw\">@RochasRemy<\/a><\/p>\n<p>Our line-up to cheer for from May 9th to June 1st \u2934 <a href=\"https:\/\/t.co\/prCBbc46Xk\">pic.twitter.com\/prCBbc46Xk<\/a><\/p>\n<p>\u2014 \u00c9quipe Cycliste Groupama-FDJ (@GroupamaFDJ) <a href=\"https:\/\/twitter.com\/GroupamaFDJ\/status\/1919702092991668717?ref_src=twsrc%5Etfw\">May 6, 2025<\/a><\/p><\/blockquote>\n<p style=\"text-align: justify;\"><script async src=\"https:\/\/platform.twitter.com\/widgets.js\" charset=\"utf-8\"><\/script><\/p>\n<h2 style=\"text-align: justify;\">\u2705 INEOS &#8211; Grenadiers<\/h2>\n<ul style=\"text-align: justify;\">\n<li>Thymen Arensman \ud83c\uddf3\ud83c\uddf1<\/li>\n<li>Egan Bernal \ud83c\udde8\ud83c\uddf4<\/li>\n<li>Jonathan Castroviejo \ud83c\uddea\ud83c\uddf8<\/li>\n<li>Lucas Hamilton \ud83c\udde6\ud83c\uddfa<\/li>\n<li>Kim Heiduk \ud83c\udde9\ud83c\uddea<\/li>\n<li>Brandon Rivera \ud83c\udde8\ud83c\uddf4<\/li>\n<li>Joshua Tarling \ud83c\uddec\ud83c\udde7<\/li>\n<li>Ben Turner \ud83c\uddec\ud83c\udde7<\/li>\n<\/ul>\n<blockquote class=\"twitter-tweet\">\n<p dir=\"ltr\" lang=\"en\">Checking in for the 108th <a href=\"https:\/\/twitter.com\/hashtag\/GirodItalia?src=hash&amp;ref_src=twsrc%5Etfw\">#GirodItalia<\/a> \ud83e\ude77<\/p>\n<p>Meet our lineup for the first Grand Tour of 2025 \ud83e\udd1d<\/p>\n<p>\ud83d\udd1c\ud83c\udde6\ud83c\uddf1\ud83c\uddee\ud83c\uddf9 <a href=\"https:\/\/t.co\/bZB37opCoT\">pic.twitter.com\/bZB37opCoT<\/a><\/p>\n<p>\u2014 INEOS Grenadiers (@INEOSGrenadiers) <a href=\"https:\/\/twitter.com\/INEOSGrenadiers\/status\/1918244141839876494?ref_src=twsrc%5Etfw\">May 2, 2025<\/a><\/p><\/blockquote>\n<p style=\"text-align: justify;\"><script async src=\"https:\/\/platform.twitter.com\/widgets.js\" charset=\"utf-8\"><\/script><\/p>\n<h2 style=\"text-align: justify;\">\u2705\u00a0Intermarch\u00e9 &#8211; Wanty<\/h2>\n<ul style=\"text-align: justify;\">\n<li style=\"list-style-type: none;\">\n<ul>\n<li style=\"text-align: justify;\">Francesco Busatto \ud83c\uddee\ud83c\uddf9<\/li>\n<li>Kevin Colleoni \ud83c\uddee\ud83c\uddf9<\/li>\n<li>Louis Meintjes \ud83c\uddff\ud83c\udde6<\/li>\n<li>Simone Petilli \ud83c\uddee\ud83c\uddf9<\/li>\n<li>Dion Smith \ud83c\udde6\ud83c\uddfa<\/li>\n<li>Gerben Thijssen \ud83c\udde7\ud83c\uddea<\/li>\n<li>Taco van der Hoorn \ud83c\uddf3\ud83c\uddf1<\/li>\n<li>Gijs Van Hoecke \ud83c\udde7\ud83c\uddea<\/li>\n<\/ul>\n<\/li>\n<\/ul>\n<blockquote class=\"twitter-tweet\">\n<p dir=\"ltr\" lang=\"nl\">The heroes of Giro d&rsquo;Italia for 3 weeks of epic racing \ud83e\ude77<\/p>\n<p>\ud83c\uddee\ud83c\uddf9 Francesco Busatto<br \/>\n\ud83c\uddee\ud83c\uddf9 Kevin Colleoni<br \/>\n\ud83c\uddff\ud83c\udde6 Louis Meintjes<br \/>\n\ud83c\uddee\ud83c\uddf9 Simone Petilli<br \/>\n\ud83c\uddf3\ud83c\uddff Dion Smith<br \/>\n\ud83c\udde7\ud83c\uddea Gerben Thijssen<br \/>\n\ud83c\uddf3\ud83c\uddf1 Taco van der Hoorn<br \/>\n\ud83c\udde7\ud83c\uddea Gijs Van Hoecke<\/p>\n<p>\ud83d\udc68\u200d\ud83c\udfa8 Valentin P\u00e9lerin <a href=\"https:\/\/t.co\/aaMQFsleGA\">pic.twitter.com\/aaMQFsleGA<\/a><\/p>\n<p>\u2014 Intermarch\u00e9-Wanty (@IntermarcheW) <a href=\"https:\/\/twitter.com\/IntermarcheW\/status\/1919405521087414598?ref_src=twsrc%5Etfw\">May 5, 2025<\/a><\/p><\/blockquote>\n<p style=\"text-align: justify;\"><script async src=\"https:\/\/platform.twitter.com\/widgets.js\" charset=\"utf-8\"><\/script><\/p>\n<h2 style=\"text-align: justify;\">\u2705\u00a0Israel &#8211; Premier Tech<\/h2>\n<ul style=\"text-align: justify;\">\n<li style=\"list-style-type: none;\">\n<ul>\n<li style=\"text-align: justify;\">Simon Clarke \ud83c\udde6\ud83c\uddfa<\/li>\n<li>Marco Frigo \ud83c\uddee\ud83c\uddf9<\/li>\n<li>Jakob Fuglsang \ud83c\udde9\ud83c\uddf0<\/li>\n<li>Derek Gee \ud83c\udde8\ud83c\udde6<\/li>\n<li>Jan Hirt \ud83c\udde8\ud83c\uddff<\/li>\n<li>Hugo Houle \ud83c\udde8\ud83c\udde6<\/li>\n<li>Nick Schultz \ud83c\udde6\ud83c\uddfa<\/li>\n<li>Corbin Strong \ud83c\uddf3\ud83c\uddff<\/li>\n<\/ul>\n<\/li>\n<\/ul>\n<blockquote class=\"twitter-tweet\">\n<p dir=\"ltr\" lang=\"en\">Our passports are packed and we\u2019re off to Albania \ud83c\udde6\ud83c\uddf1<\/p>\n<p>Introducing our <a href=\"https:\/\/twitter.com\/giroditalia?ref_src=twsrc%5Etfw\">@giroditalia<\/a> 2025 squad, led by <a href=\"https:\/\/twitter.com\/DerekGee7?ref_src=twsrc%5Etfw\">@DerekGee7<\/a>, who returns to the race after his breakthrough performance two years ago.<\/p>\n<p>Race preview \ud83d\udc49 <a href=\"https:\/\/t.co\/26nlO3KlV1\">https:\/\/t.co\/26nlO3KlV1<\/a><\/p>\n<p>\ud83c\uddee\ud83c\uddf9 <a href=\"https:\/\/twitter.com\/hashtag\/GirodItalia?src=hash&amp;ref_src=twsrc%5Etfw\">#GirodItalia<\/a> <a href=\"https:\/\/twitter.com\/hashtag\/YallaIPT?src=hash&amp;ref_src=twsrc%5Etfw\">#YallaIPT<\/a> <a href=\"https:\/\/twitter.com\/hashtag\/FactorRacing?src=hash&amp;ref_src=twsrc%5Etfw\">#FactorRacing<\/a> <a href=\"https:\/\/t.co\/PPaODnBRyk\">pic.twitter.com\/PPaODnBRyk<\/a><\/p>\n<p>\u2014 Israel \u2013 Premier Tech (@IsraelPremTech) <a href=\"https:\/\/twitter.com\/IsraelPremTech\/status\/1919346688440832325?ref_src=twsrc%5Etfw\">May 5, 2025<\/a><\/p><\/blockquote>\n<p style=\"text-align: justify;\"><script async src=\"https:\/\/platform.twitter.com\/widgets.js\" charset=\"utf-8\"><\/script><\/p>\n<h2 style=\"text-align: justify;\">\u2705\u00a0LIDL &#8211; Trek<\/h2>\n<ul style=\"text-align: justify;\">\n<li style=\"list-style-type: none;\">\n<ul>\n<li style=\"text-align: justify;\">Giulio Ciccone \ud83c\uddee\ud83c\uddf9<\/li>\n<li>Daan Hoole \ud83c\uddf3\ud83c\uddf1<\/li>\n<li>Patrick Konrad \ud83c\udde6\ud83c\uddf9<\/li>\n<li>S\u00f8ren Kragh Andersen \ud83c\udde9\ud83c\uddf0<\/li>\n<li>Jacopo Mosca \ud83c\uddee\ud83c\uddf9<\/li>\n<li>Mads Pedersen \ud83c\udde9\ud83c\uddf0<\/li>\n<li>Mathias Vacek \ud83c\udde8\ud83c\uddff<\/li>\n<li>Carlos Verona \ud83c\uddea\ud83c\uddf8<\/li>\n<\/ul>\n<\/li>\n<\/ul>\n<blockquote class=\"twitter-tweet\">\n<p dir=\"ltr\" lang=\"en\">We are getting pumped for some old-school bike racing at <a href=\"https:\/\/twitter.com\/giroditalia?ref_src=twsrc%5Etfw\">@giroditalia<\/a> \u26fd\ufe0f<br \/>\nNext stop, Albania! \ud83c\udde6\ud83c\uddf1<\/p>\n<p>See you soon \ud83d\udc4b<\/p>\n<p>\ud83c\uddee\ud83c\uddf9 Giulio Ciccone<br \/>\n\ud83c\uddf3\ud83c\uddf1 Daan Hoole<br \/>\n\ud83c\udde6\ud83c\uddf9 Patrick Konrad<br \/>\n\ud83c\udde9\ud83c\uddf0 S\u00f8ren Kragh Andersen<br \/>\n\ud83c\uddee\ud83c\uddf9 Jacopo Mosca<br \/>\n\ud83c\udde9\ud83c\uddf0 Mads Pedersen<br \/>\n\ud83c\udde8\ud83c\uddff Mathias Vacek<br \/>\n\ud83c\uddea\ud83c\uddf8 Carlos Verona <a href=\"https:\/\/t.co\/ekAfZWTEEw\">pic.twitter.com\/ekAfZWTEEw<\/a><\/p>\n<p>\u2014 Lidl-Trek (@LidlTrek) <a href=\"https:\/\/twitter.com\/LidlTrek\/status\/1919665918646308975?ref_src=twsrc%5Etfw\">May 6, 2025<\/a><\/p><\/blockquote>\n<p style=\"text-align: justify;\"><script async src=\"https:\/\/platform.twitter.com\/widgets.js\" charset=\"utf-8\"><\/script><\/p>\n<h2 style=\"text-align: justify;\">\u2705 Movistar Team<\/h2>\n<ul style=\"text-align: justify;\">\n<li style=\"list-style-type: none;\">\n<ul>\n<li style=\"text-align: justify;\">Orluis Aular \ud83c\uddfb\ud83c\uddea<\/li>\n<li>Jon Barrenetxea \ud83c\uddea\ud83c\uddf8<\/li>\n<li>Jefferson Alveiro Cepeda \ud83c\uddea\ud83c\udde8<\/li>\n<li>Davide Formolo \ud83c\uddee\ud83c\uddf9<\/li>\n<li>Lorenzo Milesi \ud83c\uddee\ud83c\uddf9<\/li>\n<li>Nairo Quintana \ud83c\udde8\ud83c\uddf4<\/li>\n<li>Einer Rubio \ud83c\udde8\ud83c\uddf4<\/li>\n<li>Albert Torres \ud83c\uddea\ud83c\uddf8<\/li>\n<\/ul>\n<\/li>\n<\/ul>\n<blockquote class=\"twitter-tweet\">\n<p dir=\"ltr\" lang=\"es\">\ud83c\uddee\ud83c\uddf9 \ud83d\udc9e <a href=\"https:\/\/twitter.com\/hashtag\/GirodItalia?src=hash&amp;ref_src=twsrc%5Etfw\">#GirodItalia<\/a> &#8211; Ci vediamo presto!<\/p>\n<p>\ud83d\ude4b\u200d\u2642\ufe0f Este es nuestro ambicioso 8\u20e3 para partir el pr\u00f3ximo viernes desde \ud83c\udde6\ud83c\uddf1 Albania: Einer Rubio, Nairo Quintana, Jefferson Cepeda, Jon Barrenetxea, Davide Formolo, Orluis Aular, Albert Torres y Lorenzo Milesi.<\/p>\n<p>\ud83d\udcdd Noticia ampliada:\u2026 <a href=\"https:\/\/t.co\/lHE3LWhQTN\">pic.twitter.com\/lHE3LWhQTN<\/a><\/p>\n<p>\u2014 Movistar Team (@Movistar_Team) <a href=\"https:\/\/twitter.com\/Movistar_Team\/status\/1919305341772198128?ref_src=twsrc%5Etfw\">May 5, 2025<\/a><\/p><\/blockquote>\n<p style=\"text-align: justify;\"><script async src=\"https:\/\/platform.twitter.com\/widgets.js\" charset=\"utf-8\"><\/script><\/p>\n<h2 style=\"text-align: justify;\">\u2705 Q36.5 Pro Cycling Team<\/h2>\n<ul style=\"text-align: justify;\">\n<li style=\"list-style-type: none;\">\n<ul>\n<li style=\"text-align: justify;\">Xabier Mikel Asparren \ud83c\uddea\ud83c\uddf8<\/li>\n<li>Mark Donovan \ud83c\uddec\ud83c\udde7<\/li>\n<li>Damien Howson \ud83c\udde6\ud83c\uddfa<\/li>\n<li>Emils Liepins \ud83c\uddf1\ud83c\uddfb<\/li>\n<li>Matteo Moschetti \ud83c\uddee\ud83c\uddf9<\/li>\n<li>Thomas Pidcock \ud83c\uddec\ud83c\udde7<\/li>\n<li>Milan Vader \ud83c\uddf3\ud83c\uddf1<\/li>\n<li>Nickolas Zukowsky \ud83c\udde8\ud83c\udde6<\/li>\n<\/ul>\n<\/li>\n<\/ul>\n<blockquote class=\"twitter-tweet\">\n<p dir=\"ltr\" lang=\"en\">We\u2019re ready.<\/p>\n<p>Q36.5 Pro Cycling Team lines up at the 2025 <a href=\"https:\/\/twitter.com\/giroditalia?ref_src=twsrc%5Etfw\">@giroditalia<\/a> with <a href=\"https:\/\/twitter.com\/tompidcock?ref_src=twsrc%5Etfw\">@tompidcock<\/a> leading the charge in our first-ever Grand Tour.<\/p>\n<p>Full squad \u27a1\ufe0f<br \/>\n\ud83c\uddea\ud83c\uddf8 Xabier Mikel Azparren<br \/>\n\ud83c\uddec\ud83c\udde7Mark Donovan<br \/>\n\ud83c\udde6\ud83c\uddfaDamien Howson<br \/>\n\ud83c\uddf1\ud83c\uddfb Em\u012bls Liepi\u0146\u0161<br \/>\n\ud83c\uddee\ud83c\uddf9 Matteo Moschetti<br \/>\n\ud83c\uddec\ud83c\udde7Tom Pidcock<br \/>\n\ud83c\uddf3\ud83c\uddf1Milan Vader\u2026 <a href=\"https:\/\/t.co\/M5tYBNJh5f\">pic.twitter.com\/M5tYBNJh5f<\/a><\/p>\n<p>\u2014 Q36.5 Pro Cycling Team (@Q36_5ProCycling) <a href=\"https:\/\/twitter.com\/Q36_5ProCycling\/status\/1919331719670350278?ref_src=twsrc%5Etfw\">May 5, 2025<\/a><\/p><\/blockquote>\n<p style=\"text-align: justify;\"><script async src=\"https:\/\/platform.twitter.com\/widgets.js\" charset=\"utf-8\"><\/script><\/p>\n<h2 style=\"text-align: justify;\">\u2705 Red Bull &#8211; BORA &#8211; hansgrohe<\/h2>\n<ul style=\"text-align: justify;\">\n<li style=\"list-style-type: none;\">\n<ul>\n<li style=\"text-align: justify;\">Giovanni Aleotti \ud83c\uddee\ud83c\uddf9<\/li>\n<li>Nico Denz \ud83c\udde9\ud83c\uddea<\/li>\n<li>Jai Hindley \ud83c\udde6\ud83c\uddfa<\/li>\n<li>Daniel Mart\u00ednez \ud83c\udde8\ud83c\uddf4<\/li>\n<li>Gianni Moscon \ud83c\uddee\ud83c\uddf9<\/li>\n<li>Giulio Pellizzari \ud83c\uddee\ud83c\uddf9<\/li>\n<li>Primo\u017e Rogli\u010d \ud83c\uddf8\ud83c\uddee<\/li>\n<li>Jan Tratnik \ud83c\uddf8\ud83c\uddee<\/li>\n<\/ul>\n<\/li>\n<\/ul>\n<blockquote class=\"twitter-tweet\">\n<p dir=\"ltr\" lang=\"und\">Line-up <a href=\"https:\/\/twitter.com\/giroditalia?ref_src=twsrc%5Etfw\">@giroditalia<\/a> \ud83d\udc97<\/p>\n<p>1\ufe0f\u20e3 Primo\u017e Rogli\u010d \ud83c\uddf8\ud83c\uddee<br \/>\n2\ufe0f\u20e3 Jai Hindley \ud83c\udde6\ud83c\uddfa<br \/>\n3\ufe0f\u20e3 Daniel Mart\u00ednez \ud83c\udde8\ud83c\uddf4<br \/>\n4\ufe0f\u20e3 Jan Tratnik \ud83c\uddf8\ud83c\uddee<br \/>\n5\ufe0f\u20e3 Gianni Moscon \ud83c\uddee\ud83c\uddf9<br \/>\n6\ufe0f\u20e3 Nico Denz \ud83c\udde9\ud83c\uddea<br \/>\n7\ufe0f\u20e3 Giovanni Aleotti \ud83c\uddee\ud83c\uddf9<br \/>\n8\ufe0f\u20e3 Giulio Pellizzari \ud83c\uddee\ud83c\uddf9<a href=\"https:\/\/twitter.com\/hashtag\/redbullborahansgrohe?src=hash&amp;ref_src=twsrc%5Etfw\">#redbullborahansgrohe<\/a> <a href=\"https:\/\/twitter.com\/hashtag\/GirodItalia?src=hash&amp;ref_src=twsrc%5Etfw\">#GirodItalia<\/a> <a href=\"https:\/\/t.co\/c4CYOqU0HW\">pic.twitter.com\/c4CYOqU0HW<\/a><\/p>\n<p>\u2014 Red Bull \u2013 BORA \u2013 hansgrohe (@RBH_ProCycling) <a href=\"https:\/\/twitter.com\/RBH_ProCycling\/status\/1919437205195366422?ref_src=twsrc%5Etfw\">May 5, 2025<\/a><\/p><\/blockquote>\n<p style=\"text-align: justify;\"><script async src=\"https:\/\/platform.twitter.com\/widgets.js\" charset=\"utf-8\"><\/script><\/p>\n<h2 style=\"text-align: justify;\">\u2705\u00a0Soudal &#8211; Quick-Step<\/h2>\n<ul style=\"text-align: justify;\">\n<li style=\"list-style-type: none;\">\n<ul>\n<li style=\"text-align: justify;\">Mattia Cattaneo \ud83c\uddee\ud83c\uddf9<\/li>\n<li>Josef \u010cern\u00fd \ud83c\udde8\ud83c\uddff<\/li>\n<li>Gianmarco Garofoli \ud83c\uddee\ud83c\uddf9<\/li>\n<li>Ethan Hayter \ud83c\uddec\ud83c\udde7<\/li>\n<li>James Knox \ud83c\uddec\ud83c\udde7<\/li>\n<li>Luke Lamperti \ud83c\uddfa\ud83c\uddf8<\/li>\n<li>Mikel Landa \ud83c\uddea\ud83c\uddf8<\/li>\n<li>Paul Magnier \ud83c\uddeb\ud83c\uddf7<\/li>\n<\/ul>\n<\/li>\n<\/ul>\n<blockquote class=\"twitter-tweet\">\n<p dir=\"ltr\" lang=\"en\">Discover our special selection of coffee and riders for the 108th <a href=\"https:\/\/twitter.com\/giroditalia?ref_src=twsrc%5Etfw\">@giroditalia<\/a> \u2615\ufe0f<a href=\"https:\/\/twitter.com\/hashtag\/TheWolfpack?src=hash&amp;ref_src=twsrc%5Etfw\">#TheWolfpack<\/a> is ready for three epic weeks \ud83d\udd25 <a href=\"https:\/\/t.co\/7I0M5kDVOt\">pic.twitter.com\/7I0M5kDVOt<\/a><\/p>\n<p>\u2014 Soudal Quick-Step Pro Cycling Team (@soudalquickstep) <a href=\"https:\/\/twitter.com\/soudalquickstep\/status\/1919679953496310239?ref_src=twsrc%5Etfw\">May 6, 2025<\/a><\/p><\/blockquote>\n<p style=\"text-align: justify;\"><script async src=\"https:\/\/platform.twitter.com\/widgets.js\" charset=\"utf-8\"><\/script><\/p>\n<h2 style=\"text-align: justify;\">\u2705 Team Jayco AlUla<\/h2>\n<ul style=\"text-align: justify;\">\n<li style=\"list-style-type: none;\">\n<ul>\n<li>Koen Bouwman \ud83c\uddf3\ud83c\uddf1<\/li>\n<li>Davide De Pretto \ud83c\uddee\ud83c\uddf9<\/li>\n<li>Paul Double \ud83c\uddec\ud83c\udde7<\/li>\n<li>Felix Engelhardt \ud83c\udde9\ud83c\uddea<\/li>\n<li>Chris Harper \ud83c\udde6\ud83c\uddfa<\/li>\n<li>Michael Hepburn \ud83c\udde6\ud83c\uddfa<\/li>\n<li>Luke Plapp \ud83c\udde6\ud83c\uddfa<\/li>\n<li>Filippo Zana \ud83c\uddee\ud83c\uddf9<\/li>\n<\/ul>\n<\/li>\n<\/ul>\n<blockquote class=\"twitter-tweet\">\n<p dir=\"ltr\" lang=\"en\">Ciao a tutti \ud83e\ude77<\/p>\n<p>It&rsquo;s time for the <a href=\"https:\/\/twitter.com\/hashtag\/GirodItalia?src=hash&amp;ref_src=twsrc%5Etfw\">#GirodItalia<\/a> \ud83c\uddee\ud83c\uddf9<\/p>\n<p>\ud83c\udfa4 Chris Harper: \u00ab\u00a0My goal is to do well in GC, and I am sure that with the team we have we can achieve a lot.\u00a0\u00bb<\/p>\n<p>Get our full team line-up and <a href=\"https:\/\/twitter.com\/hashtag\/Giro?src=hash&amp;ref_src=twsrc%5Etfw\">#Giro<\/a> race preview \u2935\ufe0f<\/p>\n<p>\u2014 GreenEDGE Cycling (@GreenEDGEteam) <a href=\"https:\/\/twitter.com\/GreenEDGEteam\/status\/1918942456118235243?ref_src=twsrc%5Etfw\">May 4, 2025<\/a><\/p><\/blockquote>\n<p style=\"text-align: justify;\"><script async src=\"https:\/\/platform.twitter.com\/widgets.js\" charset=\"utf-8\"><\/script><\/p>\n<h2 style=\"text-align: justify;\">\u2705\u00a0Team Picnic PostNL<\/h2>\n<ul style=\"text-align: justify;\">\n<li style=\"list-style-type: none;\">\n<ul>\n<li style=\"text-align: justify;\">Romain Bardet \ud83c\uddeb\ud83c\uddf7<\/li>\n<li>Alex Edmonson \ud83c\udde6\ud83c\uddfa<\/li>\n<li>Chris Hamilton \ud83c\udde6\ud83c\uddfa<\/li>\n<li>Gijs Leemreize \ud83c\uddf3\ud83c\uddf1<\/li>\n<li>Niklas M\u00e4rkl \ud83c\udde9\ud83c\uddea<\/li>\n<li>Max Poole \ud83c\uddec\ud83c\udde7<\/li>\n<li>Casper van Uden \ud83c\uddf3\ud83c\uddf1<\/li>\n<li>Bram Welten \ud83c\uddf3\ud83c\uddf1<\/li>\n<\/ul>\n<\/li>\n<\/ul>\n<blockquote class=\"twitter-tweet\">\n<p dir=\"ltr\" lang=\"en\">Our gladiators are ready for the first Grand Tour of the year, which mark one final 3-week-long dance for <a href=\"https:\/\/twitter.com\/romainbardet?ref_src=twsrc%5Etfw\">@romainbardet<\/a> \u2694\ufe0f<\/p>\n<p>Let&rsquo;s do this <a href=\"https:\/\/twitter.com\/giroditalia?ref_src=twsrc%5Etfw\">@giroditalia<\/a>!<\/p>\n<p>\ud83c\uddec\ud83c\udde7\ud83d\udd17<a href=\"https:\/\/t.co\/olBsSagXTM\">https:\/\/t.co\/olBsSagXTM<\/a><br \/>\n\ud83c\uddf3\ud83c\uddf1\ud83d\udd17<a href=\"https:\/\/t.co\/QhjpGmQyHk\">https:\/\/t.co\/QhjpGmQyHk<\/a><a href=\"https:\/\/twitter.com\/hashtag\/KeepChallenging?src=hash&amp;ref_src=twsrc%5Etfw\">#KeepChallenging<\/a> <a href=\"https:\/\/twitter.com\/hashtag\/GirodItalia?src=hash&amp;ref_src=twsrc%5Etfw\">#GirodItalia<\/a>\ud83c\uddee\ud83c\uddf9 <a href=\"https:\/\/t.co\/RXHOgh4xcY\">pic.twitter.com\/RXHOgh4xcY<\/a><\/p>\n<p>\u2014 Team Picnic PostNL (@picnicpostnl) <a href=\"https:\/\/twitter.com\/picnicpostnl\/status\/1919710881727823914?ref_src=twsrc%5Etfw\">May 6, 2025<\/a><\/p><\/blockquote>\n<p style=\"text-align: justify;\"><script async src=\"https:\/\/platform.twitter.com\/widgets.js\" charset=\"utf-8\"><\/script><\/p>\n<h2 style=\"text-align: justify;\">\u2705\u00a0Team Polti VisitMalta<\/h2>\n<ul style=\"text-align: justify;\">\n<li style=\"list-style-type: none;\">\n<ul>\n<li style=\"text-align: justify;\">Davide Bais \ud83c\uddee\ud83c\uddf9<\/li>\n<li>Mattia Bais \ud83c\uddee\ud83c\uddf9<\/li>\n<li>Giovanni Lonardi \ud83c\uddee\ud83c\uddf9<\/li>\n<li>Mirco Maestri \ud83c\uddee\ud83c\uddf9<\/li>\n<li>Francisco Mu\u00f1oz \ud83c\uddea\ud83c\uddf8<\/li>\n<li>Andrea Pietrobon \ud83c\uddee\ud83c\uddf9<\/li>\n<li>Davide Piganzoli \ud83c\uddee\ud83c\uddf9<\/li>\n<li>Alessandro Tonelli \ud83c\uddee\ud83c\uddf9<\/li>\n<\/ul>\n<\/li>\n<\/ul>\n<blockquote class=\"twitter-tweet\">\n<p dir=\"ltr\" lang=\"en\">8 riders for 21 stages in 3 countries in our 5th Giro d&rsquo;Italia \ud83e\ude77<\/p>\n<p>Meet our team for the \u2018Corsa Rosa\u2019 from May 9th to June 1st \ud83d\udc40<\/p>\n<p>See you in D\u00fcrres! \ud83d\udc4b\ud83c\udffb<a href=\"https:\/\/twitter.com\/hashtag\/BornFromPassion?src=hash&amp;ref_src=twsrc%5Etfw\">#BornFromPassion<\/a> | <a href=\"https:\/\/twitter.com\/hashtag\/Giro108?src=hash&amp;ref_src=twsrc%5Etfw\">#Giro108<\/a> <a href=\"https:\/\/t.co\/RyOQy1Q0es\">https:\/\/t.co\/RyOQy1Q0es<\/a><\/p>\n<p>\u2014 Team Polti VisitMalta (@PoltiVisitMalta) <a href=\"https:\/\/twitter.com\/PoltiVisitMalta\/status\/1919378244773560672?ref_src=twsrc%5Etfw\">May 5, 2025<\/a><\/p><\/blockquote>\n<p style=\"text-align: justify;\"><script async src=\"https:\/\/platform.twitter.com\/widgets.js\" charset=\"utf-8\"><\/script><\/p>\n<h2 style=\"text-align: justify;\">\u2705\u00a0Team Visma | Lease A Bike<\/h2>\n<ul style=\"text-align: justify;\">\n<li style=\"list-style-type: none;\">\n<ul>\n<li style=\"text-align: justify;\">Edoardo Affini \ud83c\uddee\ud83c\uddf9<\/li>\n<li>Wilco Kelderman \ud83c\uddf3\ud83c\uddf1<\/li>\n<li>Olav Kooij \ud83c\uddf3\ud83c\uddf1<\/li>\n<li>Steven Kruijswijk \ud83c\uddf3\ud83c\uddf1<\/li>\n<li>Bart Lemmen \ud83c\uddf3\ud83c\uddf1<\/li>\n<li>Wout Van Aert \ud83c\udde7\ud83c\uddea<\/li>\n<li>Dylan van Baarle \ud83c\uddf3\ud83c\uddf1<\/li>\n<li>Simon Yates \ud83c\uddec\ud83c\udde7<\/li>\n<\/ul>\n<\/li>\n<\/ul>\n<blockquote class=\"twitter-tweet\">\n<p dir=\"ltr\" lang=\"en\">\ud83c\uddee\ud83c\uddf9 <a href=\"https:\/\/twitter.com\/hashtag\/GirodItalia?src=hash&amp;ref_src=twsrc%5Etfw\">#GirodItalia<\/a><\/p>\n<p>Ciao, <a href=\"https:\/\/twitter.com\/giroditalia?ref_src=twsrc%5Etfw\">@giroditalia<\/a> \ud83c\uddee\ud83c\uddf9<\/p>\n<p>A well-balanced team for a race full of challenges. Meet our Squadra for the 2025 Giro d\u2019Italia! \ud83d\udcaa\ud83d\udc97 <a href=\"https:\/\/t.co\/zpPcIzoPsP\">pic.twitter.com\/zpPcIzoPsP<\/a><\/p>\n<p>\u2014 Team Visma | Lease a Bike (@vismaleaseabike) <a href=\"https:\/\/twitter.com\/vismaleaseabike\/status\/1919755320923951124?ref_src=twsrc%5Etfw\">May 6, 2025<\/a><\/p><\/blockquote>\n<p style=\"text-align: justify;\"><script async src=\"https:\/\/platform.twitter.com\/widgets.js\" charset=\"utf-8\"><\/script><\/p>\n<h2 style=\"text-align: justify;\">\u2705 Tudor Pro Cycling Team<\/h2>\n<ul style=\"text-align: justify;\">\n<li style=\"list-style-type: none;\">\n<ul>\n<li style=\"text-align: justify;\">Marco Brenner \ud83c\udde9\ud83c\uddea<\/li>\n<li>Alexander Krieger \ud83c\udde9\ud83c\uddea<\/li>\n<li>Rick Pluimers \ud83c\uddf3\ud83c\uddf1<\/li>\n<li>Michael Storer \ud83c\udde6\ud83c\uddfa<\/li>\n<li>Florian Stork \ud83c\udde9\ud83c\uddea<\/li>\n<li>Yannis Voisard \ud83c\udde8\ud83c\udded<\/li>\n<li>Larry Warbasse \ud83c\uddfa\ud83c\uddf8<\/li>\n<li>Maikel Zijlaard \ud83c\uddf3\ud83c\uddf1<\/li>\n<\/ul>\n<\/li>\n<\/ul>\n<blockquote class=\"twitter-tweet\">\n<p dir=\"ltr\" lang=\"en\">Meet the daring 8\ufe0f\u20e3 from <a href=\"https:\/\/twitter.com\/TudorProCycling?ref_src=twsrc%5Etfw\">@tudorprocycling<\/a> \u2014 all set to spin some pink magic at the <a href=\"https:\/\/twitter.com\/giroditalia?ref_src=twsrc%5Etfw\">@giroditalia<\/a> \ud83d\udc9e\u267e\ufe0f\ud83d\udee1\ufe0f<a href=\"https:\/\/twitter.com\/hashtag\/TudorProCycling?src=hash&amp;ref_src=twsrc%5Etfw\">#TudorProCycling<\/a> <a href=\"https:\/\/twitter.com\/hashtag\/BornToDare?src=hash&amp;ref_src=twsrc%5Etfw\">#BornToDare<\/a> <a href=\"https:\/\/twitter.com\/hashtag\/AmoreInfinito?src=hash&amp;ref_src=twsrc%5Etfw\">#AmoreInfinito<\/a> <a href=\"https:\/\/t.co\/jakhKF2yqh\">pic.twitter.com\/jakhKF2yqh<\/a><\/p>\n<p>\u2014 Tudor Pro Cycling Team (@TudorProCycling) <a href=\"https:\/\/twitter.com\/TudorProCycling\/status\/1918644495383494657?ref_src=twsrc%5Etfw\">May 3, 2025<\/a><\/p><\/blockquote>\n<p style=\"text-align: justify;\"><script async src=\"https:\/\/platform.twitter.com\/widgets.js\" charset=\"utf-8\"><\/script><\/p>\n<h2 style=\"text-align: justify;\">\u2705\u00a0UAE Team Emirates &#8211; XRG<\/h2>\n<ul style=\"text-align: justify;\">\n<li style=\"list-style-type: none;\">\n<ul>\n<li style=\"text-align: justify;\">Igor Arrieta \ud83c\uddea\ud83c\uddf8<\/li>\n<li>Juan Ayuso \ud83c\uddea\ud83c\uddf8<\/li>\n<li>Filippo Baroncini \ud83c\uddee\ud83c\uddf9<\/li>\n<li>Isaac del Toro \ud83c\uddf2\ud83c\uddfd<\/li>\n<li>Rafal Majka \ud83c\uddf5\ud83c\uddf1<\/li>\n<li>Brandon McNulty \ud83c\uddfa\ud83c\uddf8<\/li>\n<li>Jay Vine \ud83c\udde6\ud83c\uddfa<\/li>\n<li>Adam Yates \ud83c\uddec\ud83c\udde7<\/li>\n<\/ul>\n<\/li>\n<\/ul>\n<blockquote class=\"twitter-tweet\">\n<p dir=\"ltr\" lang=\"en\">From Durr\u00ebs to Rome, we\u2019re ready for our first Grand Tour of the season! Here\u2019s our lineup for the 108th <a href=\"https:\/\/twitter.com\/hashtag\/GirodItalia?src=hash&amp;ref_src=twsrc%5Etfw\">#GirodItalia<\/a> \ud83c\uddee\ud83c\uddf9\ud83e\ude77:<\/p>\n<p>\ud83c\uddea\ud83c\uddf8 <a href=\"https:\/\/twitter.com\/Igorarrieta9?ref_src=twsrc%5Etfw\">@Igorarrieta9<\/a><br \/>\n\ud83c\uddea\ud83c\uddf8 <a href=\"https:\/\/twitter.com\/juann_ayuso?ref_src=twsrc%5Etfw\">@juann_ayuso<\/a><br \/>\n\ud83c\uddee\ud83c\uddf9 <a href=\"https:\/\/twitter.com\/Filobaroncini?ref_src=twsrc%5Etfw\">@Filobaroncini<\/a><br \/>\n\ud83c\uddf2\ud83c\uddfd <a href=\"https:\/\/twitter.com\/ISAACDELTOROx1?ref_src=twsrc%5Etfw\">@ISAACDELTOROx1<\/a><br \/>\n\ud83c\uddf5\ud83c\uddf1 <a href=\"https:\/\/twitter.com\/majkaformal?ref_src=twsrc%5Etfw\">@majkaformal<\/a><br \/>\n\ud83c\uddfa\ud83c\uddf8 <a href=\"https:\/\/twitter.com\/BrandonMcNult?ref_src=twsrc%5Etfw\">@BrandonMcNult<\/a><br \/>\n\ud83c\udde6\ud83c\uddfa <a href=\"https:\/\/twitter.com\/JayVine3?ref_src=twsrc%5Etfw\">@JayVine3<\/a><br \/>\n\ud83c\uddec\ud83c\udde7 <a href=\"https:\/\/twitter.com\/AdamYates7?ref_src=twsrc%5Etfw\">@AdamYates7<\/a><\/p>\n<p>Andiamo!\u2026 <a href=\"https:\/\/t.co\/2XNMeYReG4\">pic.twitter.com\/2XNMeYReG4<\/a><\/p>\n<p>\u2014 @UAE-TeamEmirates (@TeamEmiratesUAE) <a href=\"https:\/\/twitter.com\/TeamEmiratesUAE\/status\/1919305519291875719?ref_src=twsrc%5Etfw\">May 5, 2025<\/a><\/p><\/blockquote>\n<p style=\"text-align: justify;\"><script async src=\"https:\/\/platform.twitter.com\/widgets.js\" charset=\"utf-8\"><\/script><\/p>\n<h2 style=\"text-align: justify;\">\u2705\u00a0VF Group &#8211; Bardiani CSF &#8211; Faizan\u00e8<\/h2>\n<ul style=\"text-align: justify;\">\n<li style=\"list-style-type: none;\">\n<ul>\n<li style=\"text-align: justify;\">Luca Covili \ud83c\uddee\ud83c\uddf9<\/li>\n<li>Filippo Fiorelli \ud83c\uddee\ud83c\uddf9<\/li>\n<li>Filippo Magli \ud83c\uddee\ud83c\uddf9<\/li>\n<li>Martin Marcellusi \ud83c\uddee\ud83c\uddf9<\/li>\n<li>Alessio Martinelli \ud83c\uddee\ud83c\uddf9<\/li>\n<li>Alessandro Pinarello \ud83c\uddee\ud83c\uddf9<\/li>\n<li>Manuele Tarozzi \ud83c\uddee\ud83c\uddf9<\/li>\n<li>Enrico Zanoncello \ud83c\uddee\ud83c\uddf9<\/li>\n<\/ul>\n<\/li>\n<\/ul>\n<blockquote class=\"twitter-tweet\">\n<p dir=\"ltr\" lang=\"it\">Ecco gli 8 atleti scelti per affrontare le 21 tappe del Giro d\u2019Italia \ud83c\uddee\ud83c\uddf9\ud83e\udd29<\/p>\n<p>Questa sar\u00e0 la 43esima partecipazione nella nostra storia\ud83d\udc95<a href=\"https:\/\/twitter.com\/hashtag\/giroditalia?src=hash&amp;ref_src=twsrc%5Etfw\">#giroditalia<\/a> <a href=\"https:\/\/twitter.com\/hashtag\/giro?src=hash&amp;ref_src=twsrc%5Etfw\">#giro<\/a> <a href=\"https:\/\/twitter.com\/hashtag\/italianteam?src=hash&amp;ref_src=twsrc%5Etfw\">#italianteam<\/a>\ud83c\uddee\ud83c\uddf9 <a href=\"https:\/\/twitter.com\/hashtag\/vfgroupbardianicsffaizan%C3%A8?src=hash&amp;ref_src=twsrc%5Etfw\">#vfgroupbardianicsffaizan\u00e8<\/a> <a href=\"https:\/\/t.co\/GzuKv30Is1\">pic.twitter.com\/GzuKv30Is1<\/a><\/p>\n<p>\u2014 VF Group Bardiani-CSF Faizan\u00e8 (@Bardiani_CSF) <a href=\"https:\/\/twitter.com\/Bardiani_CSF\/status\/1919678426249609704?ref_src=twsrc%5Etfw\">May 6, 2025<\/a><\/p><\/blockquote>\n<p style=\"text-align: justify;\"><script async src=\"https:\/\/platform.twitter.com\/widgets.js\" charset=\"utf-8\"><\/script><\/p>\n<h2 style=\"text-align: justify;\">\u2705\u00a0XDS Astana Team<\/h2>\n<ul style=\"text-align: justify;\">\n<li style=\"list-style-type: none;\">\n<ul>\n<li style=\"text-align: justify;\">Nicola Conci \ud83c\uddee\ud83c\uddf9<\/li>\n<li>Lorenzo Fortunato \ud83c\uddee\ud83c\uddf9<\/li>\n<li>Max Kanter \ud83c\udde9\ud83c\uddea<\/li>\n<li>Anton Kuzmin \ud83c\uddf0\ud83c\uddff<\/li>\n<li>Fausto Masnada \ud83c\uddee\ud83c\uddf9<\/li>\n<li>Wout Poels \ud83c\uddf3\ud83c\uddf1<\/li>\n<li>Christian Scaroni \ud83c\uddee\ud83c\uddf9<\/li>\n<li>Diego Ulissi \ud83c\uddee\ud83c\uddf9<\/li>\n<\/ul>\n<\/li>\n<\/ul>\n<blockquote class=\"twitter-tweet\">\n<p dir=\"ltr\" lang=\"en\">\ud83c\udde6\ud83c\uddf1\ud83c\uddee\ud83c\uddf9 ROSTER: <a href=\"https:\/\/twitter.com\/giroditalia?ref_src=twsrc%5Etfw\">@giroditalia<\/a><\/p>\n<p>Albania, we are coming!<\/p>\n<p>Nicola Conci <a href=\"https:\/\/twitter.com\/lorenzfortunato?ref_src=twsrc%5Etfw\">@lorenzfortunato<\/a> <a href=\"https:\/\/twitter.com\/MaxKanter97?ref_src=twsrc%5Etfw\">@MaxKanter97<\/a><br \/>\nFausto Masnada<br \/>\nAnton Kuzmin<br \/>\nWout Poels<br \/>\nChristian Scaroni <a href=\"https:\/\/twitter.com\/DiegoUlissi?ref_src=twsrc%5Etfw\">@DiegoUlissi<\/a> <a href=\"https:\/\/twitter.com\/hashtag\/GiroDItalia?src=hash&amp;ref_src=twsrc%5Etfw\">#GiroDItalia<\/a> <a href=\"https:\/\/twitter.com\/hashtag\/XDSAstanaTeam?src=hash&amp;ref_src=twsrc%5Etfw\">#XDSAstanaTeam<\/a> <a href=\"https:\/\/t.co\/2QAvjQigMQ\">pic.twitter.com\/2QAvjQigMQ<\/a><\/p>\n<p>\u2014 XDS Astana Team (@XDSAstanaTeam) <a href=\"https:\/\/twitter.com\/XDSAstanaTeam\/status\/1919303917919236415?ref_src=twsrc%5Etfw\">May 5, 2025<\/a><\/p><\/blockquote>\n<p style=\"text-align: justify;\"><script async src=\"https:\/\/platform.twitter.com\/widgets.js\" charset=\"utf-8\"><\/script><\/p>\n","protected":false},"excerpt":{"rendered":"<p>TOUR D&rsquo;ITALIE 2025 &#8211; D\u00e9couvrez les compositions des \u00e9quipes pour le Giro 2025, au fur et \u00e0 mesure que les s\u00e9lections sont annonc\u00e9es par les teams.<\/p>\n","protected":false},"author":59,"featured_media":575980,"comment_status":"open","ping_status":"closed","sticky":false,"template":"","format":"standard","meta":{"_acf_changed":false,"_daextam_enable_autolinks":"1","footnotes":""},"categories":[47041],"tags":[32415,16878],"class_list":["post-575979","post","type-post","status-publish","format-standard","has-post-thumbnail","hentry","category-tour-d-italie","tag-actu","tag-breve"],"acf":[],"yoast_head":"<!-- This site is optimized with the Yoast SEO Premium plugin v26.7 (Yoast SEO v26.7) - https:\/\/yoast.com\/wordpress\/plugins\/seo\/ -->\n<title>Tour d&#039;Italie 2025 : Les compositions des \u00e9quipes<\/title>\n<meta name=\"description\" content=\"TOUR D&#039;ITALIE 2025 - D\u00e9couvrez les compositions des \u00e9quipes pour le Giro 2025, au fur et \u00e0 mesure que les s\u00e9lections sont annonc\u00e9es par les teams.\" \/>\n<meta name=\"robots\" content=\"index, follow, max-snippet:-1, max-image-preview:large, max-video-preview:-1\" \/>\n<link rel=\"canonical\" href=\"https:\/\/dicodusport.fr\/blog\/tour-ditalie-2025-les-compositions-des-equipes\/\" \/>\n<meta property=\"og:locale\" content=\"fr_FR\" \/>\n<meta property=\"og:type\" content=\"article\" \/>\n<meta property=\"og:title\" content=\"Tour d&#039;Italie 2025 : Les compositions des \u00e9quipes\" \/>\n<meta property=\"og:description\" content=\"TOUR D&#039;ITALIE 2025 - D\u00e9couvrez les compositions des \u00e9quipes pour le Giro 2025, au fur et \u00e0 mesure que les s\u00e9lections sont annonc\u00e9es par les teams.\" \/>\n<meta property=\"og:url\" content=\"https:\/\/dicodusport.fr\/blog\/tour-ditalie-2025-les-compositions-des-equipes\/\" \/>\n<meta property=\"og:site_name\" content=\"Dicodusport\" \/>\n<meta property=\"article:publisher\" content=\"https:\/\/www.facebook.com\/dicodusport\" \/>\n<meta property=\"article:author\" content=\"https:\/\/www.facebook.com\/sebastien.gente\/\" \/>\n<meta property=\"article:published_time\" content=\"2025-05-07T14:02:27+00:00\" \/>\n<meta property=\"article:modified_time\" content=\"2025-05-07T19:07:35+00:00\" \/>\n<meta property=\"og:image\" content=\"https:\/\/dicodusport.fr\/blog\/wp-content\/uploads\/2025\/05\/Tour-dItalie-2025-Les-compositions-des-equipes.png\" \/>\n\t<meta property=\"og:image:width\" content=\"1200\" \/>\n\t<meta property=\"og:image:height\" content=\"674\" \/>\n\t<meta property=\"og:image:type\" content=\"image\/png\" \/>\n<meta name=\"author\" content=\"S\u00e9bastien Gente\" \/>\n<meta name=\"twitter:card\" content=\"summary_large_image\" \/>\n<meta name=\"twitter:title\" content=\"Tour d&#039;Italie 2025 : Les compositions des \u00e9quipes\" \/>\n<meta name=\"twitter:creator\" content=\"@https:\/\/twitter.com\/globulo24\" \/>\n<meta name=\"twitter:site\" content=\"@dicodusport\" \/>\n<script type=\"application\/ld+json\" class=\"yoast-schema-graph\">{\"@context\":\"https:\/\/schema.org\",\"@graph\":[{\"@type\":\"NewsArticle\",\"@id\":\"https:\/\/dicodusport.fr\/blog\/tour-ditalie-2025-les-compositions-des-equipes\/#article\",\"isPartOf\":{\"@id\":\"https:\/\/dicodusport.fr\/blog\/tour-ditalie-2025-les-compositions-des-equipes\/\"},\"author\":{\"name\":\"S\u00e9bastien Gente\",\"@id\":\"https:\/\/dicodusport.fr\/blog\/#\/schema\/person\/627966a6cde45dbd8c5e36ac85d783da\"},\"headline\":\"Tour d&rsquo;Italie 2025 : Les compositions des \u00e9quipes\",\"datePublished\":\"2025-05-07T14:02:27+00:00\",\"dateModified\":\"2025-05-07T19:07:35+00:00\",\"mainEntityOfPage\":{\"@id\":\"https:\/\/dicodusport.fr\/blog\/tour-ditalie-2025-les-compositions-des-equipes\/\"},\"wordCount\":1446,\"commentCount\":0,\"publisher\":{\"@id\":\"https:\/\/dicodusport.fr\/blog\/#organization\"},\"image\":{\"@id\":\"https:\/\/dicodusport.fr\/blog\/tour-ditalie-2025-les-compositions-des-equipes\/#primaryimage\"},\"thumbnailUrl\":\"https:\/\/dicodusport.fr\/blog\/wp-content\/uploads\/2025\/05\/Tour-dItalie-2025-Les-compositions-des-equipes.png\",\"keywords\":[\"actu\",\"br\u00e8ve\"],\"articleSection\":[\"Tour d'Italie\"],\"inLanguage\":\"fr-FR\",\"potentialAction\":[{\"@type\":\"CommentAction\",\"name\":\"Comment\",\"target\":[\"https:\/\/dicodusport.fr\/blog\/tour-ditalie-2025-les-compositions-des-equipes\/#respond\"]}],\"copyrightYear\":\"2025\",\"copyrightHolder\":{\"@id\":\"https:\/\/dicodusport.fr\/blog\/#organization\"}},{\"@type\":\"WebPage\",\"@id\":\"https:\/\/dicodusport.fr\/blog\/tour-ditalie-2025-les-compositions-des-equipes\/\",\"url\":\"https:\/\/dicodusport.fr\/blog\/tour-ditalie-2025-les-compositions-des-equipes\/\",\"name\":\"Tour d'Italie 2025 : Les compositions des \u00e9quipes\",\"isPartOf\":{\"@id\":\"https:\/\/dicodusport.fr\/blog\/#website\"},\"primaryImageOfPage\":{\"@id\":\"https:\/\/dicodusport.fr\/blog\/tour-ditalie-2025-les-compositions-des-equipes\/#primaryimage\"},\"image\":{\"@id\":\"https:\/\/dicodusport.fr\/blog\/tour-ditalie-2025-les-compositions-des-equipes\/#primaryimage\"},\"thumbnailUrl\":\"https:\/\/dicodusport.fr\/blog\/wp-content\/uploads\/2025\/05\/Tour-dItalie-2025-Les-compositions-des-equipes.png\",\"datePublished\":\"2025-05-07T14:02:27+00:00\",\"dateModified\":\"2025-05-07T19:07:35+00:00\",\"description\":\"TOUR D'ITALIE 2025 - D\u00e9couvrez les compositions des \u00e9quipes pour le Giro 2025, au fur et \u00e0 mesure que les s\u00e9lections sont annonc\u00e9es par les teams.\",\"breadcrumb\":{\"@id\":\"https:\/\/dicodusport.fr\/blog\/tour-ditalie-2025-les-compositions-des-equipes\/#breadcrumb\"},\"inLanguage\":\"fr-FR\",\"potentialAction\":[{\"@type\":\"ReadAction\",\"target\":[\"https:\/\/dicodusport.fr\/blog\/tour-ditalie-2025-les-compositions-des-equipes\/\"]}]},{\"@type\":\"ImageObject\",\"inLanguage\":\"fr-FR\",\"@id\":\"https:\/\/dicodusport.fr\/blog\/tour-ditalie-2025-les-compositions-des-equipes\/#primaryimage\",\"url\":\"https:\/\/dicodusport.fr\/blog\/wp-content\/uploads\/2025\/05\/Tour-dItalie-2025-Les-compositions-des-equipes.png\",\"contentUrl\":\"https:\/\/dicodusport.fr\/blog\/wp-content\/uploads\/2025\/05\/Tour-dItalie-2025-Les-compositions-des-equipes.png\",\"width\":1200,\"height\":674,\"caption\":\"Tour d'Italie 2025 Les compositions des \u00e9quipes\"},{\"@type\":\"BreadcrumbList\",\"@id\":\"https:\/\/dicodusport.fr\/blog\/tour-ditalie-2025-les-compositions-des-equipes\/#breadcrumb\",\"itemListElement\":[{\"@type\":\"ListItem\",\"position\":1,\"name\":\"Accueil\",\"item\":\"https:\/\/dicodusport.fr\/blog\/\"},{\"@type\":\"ListItem\",\"position\":2,\"name\":\"Tour d&rsquo;Italie 2025 : Les compositions des \u00e9quipes\"}]},{\"@type\":\"WebSite\",\"@id\":\"https:\/\/dicodusport.fr\/blog\/#website\",\"url\":\"https:\/\/dicodusport.fr\/blog\/\",\"name\":\"Dicodusport\",\"description\":\"L&#039;encyclop\u00e9die de l&#039;actualit\u00e9 sportive\",\"publisher\":{\"@id\":\"https:\/\/dicodusport.fr\/blog\/#organization\"},\"potentialAction\":[{\"@type\":\"SearchAction\",\"target\":{\"@type\":\"EntryPoint\",\"urlTemplate\":\"https:\/\/dicodusport.fr\/blog\/?s={search_term_string}\"},\"query-input\":{\"@type\":\"PropertyValueSpecification\",\"valueRequired\":true,\"valueName\":\"search_term_string\"}}],\"inLanguage\":\"fr-FR\"},{\"@type\":\"NewsMediaOrganization\",\"@id\":\"https:\/\/dicodusport.fr\/blog\/#organization\",\"name\":\"Dicodusport\",\"url\":\"https:\/\/dicodusport.fr\/blog\/\",\"logo\":{\"@type\":\"ImageObject\",\"inLanguage\":\"fr-FR\",\"@id\":\"https:\/\/dicodusport.fr\/blog\/#\/schema\/logo\/image\/\",\"url\":\"https:\/\/dicodusport.fr\/blog\/wp-content\/uploads\/2020\/06\/cropped-LOGO-DICODUSPORT-2020-SANS-FOND-SANS-TEXTE.png\",\"contentUrl\":\"https:\/\/dicodusport.fr\/blog\/wp-content\/uploads\/2020\/06\/cropped-LOGO-DICODUSPORT-2020-SANS-FOND-SANS-TEXTE.png\",\"width\":512,\"height\":512,\"caption\":\"Dicodusport\"},\"image\":{\"@id\":\"https:\/\/dicodusport.fr\/blog\/#\/schema\/logo\/image\/\"},\"sameAs\":[\"https:\/\/www.facebook.com\/dicodusport\",\"https:\/\/x.com\/dicodusport\",\"https:\/\/www.instagram.com\/dicodusport\/\",\"https:\/\/www.youtube.com\/channel\/UC7V2KZ5sd3htJivAbA4ZG3w\"],\"description\":\"Dicodusport est l'encyclop\u00e9die de l'actualit\u00e9 sportive.\",\"email\":\"bonjour@dicodusport.fr\",\"legalName\":\"DICODUSPORT\",\"foundingDate\":\"2018-01-14\",\"vatID\":\"FR71834470973\",\"taxID\":\"83447097300043\",\"numberOfEmployees\":{\"@type\":\"QuantitativeValue\",\"minValue\":\"1\",\"maxValue\":\"10\"}},{\"@type\":\"Person\",\"@id\":\"https:\/\/dicodusport.fr\/blog\/#\/schema\/person\/627966a6cde45dbd8c5e36ac85d783da\",\"name\":\"S\u00e9bastien Gente\",\"image\":{\"@type\":\"ImageObject\",\"inLanguage\":\"fr-FR\",\"@id\":\"https:\/\/dicodusport.fr\/blog\/#\/schema\/person\/image\/\",\"url\":\"https:\/\/dicodusport.fr\/blog\/wp-content\/uploads\/2021\/09\/1510990_10205810251400683_4124423575079401707_n-150x150.jpg\",\"contentUrl\":\"https:\/\/dicodusport.fr\/blog\/wp-content\/uploads\/2021\/09\/1510990_10205810251400683_4124423575079401707_n-150x150.jpg\",\"caption\":\"S\u00e9bastien Gente\"},\"description\":\"John Stockton, Gianni Bugno, Zinedine Zidane, Steffi Graf, Frode Andresen, St\u00e9phane Stoecklin, Davis Kamoga, Primoz Peterka, Werner Schlager et Aur\u00e9lien Rougerie. Point commun entre ces sportifs? Ils m'ont fait r\u00eaver et ont berc\u00e9 mon adolescence. Je suis un fondu de sports et j'essaie de retranscrire ma passion \u00e0 travers mes articles. Originaire du P\u00e9rigord, ma passion pour les Girondins, les Jaunards et les Jazzmen transpire dans mes \u00e9crits. \u00c0 Dicodusport depuis 2021, je d\u00e9niche les sports m\u00e9connus dans lesquels la France brille, et il y en a !\",\"sameAs\":[\"https:\/\/www.facebook.com\/sebastien.gente\/\",\"https:\/\/www.instagram.com\/sebgente\/\",\"https:\/\/www.linkedin.com\/in\/sbastien-gente-a29583169\/\",\"https:\/\/x.com\/https:\/\/twitter.com\/globulo24\",\"SebastienGente\"],\"worksFor\":\"S\u00e9bastien GENTE\",\"url\":\"https:\/\/dicodusport.fr\/blog\/author\/sebastiengente\/\"}]}<\/script>\n<!-- \/ Yoast SEO Premium plugin. -->","yoast_head_json":{"title":"Tour d'Italie 2025 : Les compositions des \u00e9quipes","description":"TOUR D'ITALIE 2025 - D\u00e9couvrez les compositions des \u00e9quipes pour le Giro 2025, au fur et \u00e0 mesure que les s\u00e9lections sont annonc\u00e9es par les teams.","robots":{"index":"index","follow":"follow","max-snippet":"max-snippet:-1","max-image-preview":"max-image-preview:large","max-video-preview":"max-video-preview:-1"},"canonical":"https:\/\/dicodusport.fr\/blog\/tour-ditalie-2025-les-compositions-des-equipes\/","og_locale":"fr_FR","og_type":"article","og_title":"Tour d'Italie 2025 : Les compositions des \u00e9quipes","og_description":"TOUR D'ITALIE 2025 - D\u00e9couvrez les compositions des \u00e9quipes pour le Giro 2025, au fur et \u00e0 mesure que les s\u00e9lections sont annonc\u00e9es par les teams.","og_url":"https:\/\/dicodusport.fr\/blog\/tour-ditalie-2025-les-compositions-des-equipes\/","og_site_name":"Dicodusport","article_publisher":"https:\/\/www.facebook.com\/dicodusport","article_author":"https:\/\/www.facebook.com\/sebastien.gente\/","article_published_time":"2025-05-07T14:02:27+00:00","article_modified_time":"2025-05-07T19:07:35+00:00","og_image":[{"width":1200,"height":674,"url":"https:\/\/dicodusport.fr\/blog\/wp-content\/uploads\/2025\/05\/Tour-dItalie-2025-Les-compositions-des-equipes.png","type":"image\/png"}],"author":"S\u00e9bastien Gente","twitter_card":"summary_large_image","twitter_title":"Tour d'Italie 2025 : Les compositions des \u00e9quipes","twitter_creator":"@https:\/\/twitter.com\/globulo24","twitter_site":"@dicodusport","schema":{"@context":"https:\/\/schema.org","@graph":[{"@type":"NewsArticle","@id":"https:\/\/dicodusport.fr\/blog\/tour-ditalie-2025-les-compositions-des-equipes\/#article","isPartOf":{"@id":"https:\/\/dicodusport.fr\/blog\/tour-ditalie-2025-les-compositions-des-equipes\/"},"author":{"name":"S\u00e9bastien Gente","@id":"https:\/\/dicodusport.fr\/blog\/#\/schema\/person\/627966a6cde45dbd8c5e36ac85d783da"},"headline":"Tour d&rsquo;Italie 2025 : Les compositions des \u00e9quipes","datePublished":"2025-05-07T14:02:27+00:00","dateModified":"2025-05-07T19:07:35+00:00","mainEntityOfPage":{"@id":"https:\/\/dicodusport.fr\/blog\/tour-ditalie-2025-les-compositions-des-equipes\/"},"wordCount":1446,"commentCount":0,"publisher":{"@id":"https:\/\/dicodusport.fr\/blog\/#organization"},"image":{"@id":"https:\/\/dicodusport.fr\/blog\/tour-ditalie-2025-les-compositions-des-equipes\/#primaryimage"},"thumbnailUrl":"https:\/\/dicodusport.fr\/blog\/wp-content\/uploads\/2025\/05\/Tour-dItalie-2025-Les-compositions-des-equipes.png","keywords":["actu","br\u00e8ve"],"articleSection":["Tour d'Italie"],"inLanguage":"fr-FR","potentialAction":[{"@type":"CommentAction","name":"Comment","target":["https:\/\/dicodusport.fr\/blog\/tour-ditalie-2025-les-compositions-des-equipes\/#respond"]}],"copyrightYear":"2025","copyrightHolder":{"@id":"https:\/\/dicodusport.fr\/blog\/#organization"}},{"@type":"WebPage","@id":"https:\/\/dicodusport.fr\/blog\/tour-ditalie-2025-les-compositions-des-equipes\/","url":"https:\/\/dicodusport.fr\/blog\/tour-ditalie-2025-les-compositions-des-equipes\/","name":"Tour d'Italie 2025 : Les compositions des \u00e9quipes","isPartOf":{"@id":"https:\/\/dicodusport.fr\/blog\/#website"},"primaryImageOfPage":{"@id":"https:\/\/dicodusport.fr\/blog\/tour-ditalie-2025-les-compositions-des-equipes\/#primaryimage"},"image":{"@id":"https:\/\/dicodusport.fr\/blog\/tour-ditalie-2025-les-compositions-des-equipes\/#primaryimage"},"thumbnailUrl":"https:\/\/dicodusport.fr\/blog\/wp-content\/uploads\/2025\/05\/Tour-dItalie-2025-Les-compositions-des-equipes.png","datePublished":"2025-05-07T14:02:27+00:00","dateModified":"2025-05-07T19:07:35+00:00","description":"TOUR D'ITALIE 2025 - D\u00e9couvrez les compositions des \u00e9quipes pour le Giro 2025, au fur et \u00e0 mesure que les s\u00e9lections sont annonc\u00e9es par les teams.","breadcrumb":{"@id":"https:\/\/dicodusport.fr\/blog\/tour-ditalie-2025-les-compositions-des-equipes\/#breadcrumb"},"inLanguage":"fr-FR","potentialAction":[{"@type":"ReadAction","target":["https:\/\/dicodusport.fr\/blog\/tour-ditalie-2025-les-compositions-des-equipes\/"]}]},{"@type":"ImageObject","inLanguage":"fr-FR","@id":"https:\/\/dicodusport.fr\/blog\/tour-ditalie-2025-les-compositions-des-equipes\/#primaryimage","url":"https:\/\/dicodusport.fr\/blog\/wp-content\/uploads\/2025\/05\/Tour-dItalie-2025-Les-compositions-des-equipes.png","contentUrl":"https:\/\/dicodusport.fr\/blog\/wp-content\/uploads\/2025\/05\/Tour-dItalie-2025-Les-compositions-des-equipes.png","width":1200,"height":674,"caption":"Tour d'Italie 2025 Les compositions des \u00e9quipes"},{"@type":"BreadcrumbList","@id":"https:\/\/dicodusport.fr\/blog\/tour-ditalie-2025-les-compositions-des-equipes\/#breadcrumb","itemListElement":[{"@type":"ListItem","position":1,"name":"Accueil","item":"https:\/\/dicodusport.fr\/blog\/"},{"@type":"ListItem","position":2,"name":"Tour d&rsquo;Italie 2025 : Les compositions des \u00e9quipes"}]},{"@type":"WebSite","@id":"https:\/\/dicodusport.fr\/blog\/#website","url":"https:\/\/dicodusport.fr\/blog\/","name":"Dicodusport","description":"L&#039;encyclop\u00e9die de l&#039;actualit\u00e9 sportive","publisher":{"@id":"https:\/\/dicodusport.fr\/blog\/#organization"},"potentialAction":[{"@type":"SearchAction","target":{"@type":"EntryPoint","urlTemplate":"https:\/\/dicodusport.fr\/blog\/?s={search_term_string}"},"query-input":{"@type":"PropertyValueSpecification","valueRequired":true,"valueName":"search_term_string"}}],"inLanguage":"fr-FR"},{"@type":"NewsMediaOrganization","@id":"https:\/\/dicodusport.fr\/blog\/#organization","name":"Dicodusport","url":"https:\/\/dicodusport.fr\/blog\/","logo":{"@type":"ImageObject","inLanguage":"fr-FR","@id":"https:\/\/dicodusport.fr\/blog\/#\/schema\/logo\/image\/","url":"https:\/\/dicodusport.fr\/blog\/wp-content\/uploads\/2020\/06\/cropped-LOGO-DICODUSPORT-2020-SANS-FOND-SANS-TEXTE.png","contentUrl":"https:\/\/dicodusport.fr\/blog\/wp-content\/uploads\/2020\/06\/cropped-LOGO-DICODUSPORT-2020-SANS-FOND-SANS-TEXTE.png","width":512,"height":512,"caption":"Dicodusport"},"image":{"@id":"https:\/\/dicodusport.fr\/blog\/#\/schema\/logo\/image\/"},"sameAs":["https:\/\/www.facebook.com\/dicodusport","https:\/\/x.com\/dicodusport","https:\/\/www.instagram.com\/dicodusport\/","https:\/\/www.youtube.com\/channel\/UC7V2KZ5sd3htJivAbA4ZG3w"],"description":"Dicodusport est l'encyclop\u00e9die de l'actualit\u00e9 sportive.","email":"bonjour@dicodusport.fr","legalName":"DICODUSPORT","foundingDate":"2018-01-14","vatID":"FR71834470973","taxID":"83447097300043","numberOfEmployees":{"@type":"QuantitativeValue","minValue":"1","maxValue":"10"}},{"@type":"Person","@id":"https:\/\/dicodusport.fr\/blog\/#\/schema\/person\/627966a6cde45dbd8c5e36ac85d783da","name":"S\u00e9bastien Gente","image":{"@type":"ImageObject","inLanguage":"fr-FR","@id":"https:\/\/dicodusport.fr\/blog\/#\/schema\/person\/image\/","url":"https:\/\/dicodusport.fr\/blog\/wp-content\/uploads\/2021\/09\/1510990_10205810251400683_4124423575079401707_n-150x150.jpg","contentUrl":"https:\/\/dicodusport.fr\/blog\/wp-content\/uploads\/2021\/09\/1510990_10205810251400683_4124423575079401707_n-150x150.jpg","caption":"S\u00e9bastien Gente"},"description":"John Stockton, Gianni Bugno, Zinedine Zidane, Steffi Graf, Frode Andresen, St\u00e9phane Stoecklin, Davis Kamoga, Primoz Peterka, Werner Schlager et Aur\u00e9lien Rougerie. Point commun entre ces sportifs? Ils m'ont fait r\u00eaver et ont berc\u00e9 mon adolescence. Je suis un fondu de sports et j'essaie de retranscrire ma passion \u00e0 travers mes articles. Originaire du P\u00e9rigord, ma passion pour les Girondins, les Jaunards et les Jazzmen transpire dans mes \u00e9crits. \u00c0 Dicodusport depuis 2021, je d\u00e9niche les sports m\u00e9connus dans lesquels la France brille, et il y en a !","sameAs":["https:\/\/www.facebook.com\/sebastien.gente\/","https:\/\/www.instagram.com\/sebgente\/","https:\/\/www.linkedin.com\/in\/sbastien-gente-a29583169\/","https:\/\/x.com\/https:\/\/twitter.com\/globulo24","SebastienGente"],"worksFor":"S\u00e9bastien GENTE","url":"https:\/\/dicodusport.fr\/blog\/author\/sebastiengente\/"}]}},"_links":{"self":[{"href":"https:\/\/dicodusport.fr\/blog\/wp-json\/wp\/v2\/posts\/575979","targetHints":{"allow":["GET"]}}],"collection":[{"href":"https:\/\/dicodusport.fr\/blog\/wp-json\/wp\/v2\/posts"}],"about":[{"href":"https:\/\/dicodusport.fr\/blog\/wp-json\/wp\/v2\/types\/post"}],"author":[{"embeddable":true,"href":"https:\/\/dicodusport.fr\/blog\/wp-json\/wp\/v2\/users\/59"}],"replies":[{"embeddable":true,"href":"https:\/\/dicodusport.fr\/blog\/wp-json\/wp\/v2\/comments?post=575979"}],"version-history":[{"count":5,"href":"https:\/\/dicodusport.fr\/blog\/wp-json\/wp\/v2\/posts\/575979\/revisions"}],"predecessor-version":[{"id":577294,"href":"https:\/\/dicodusport.fr\/blog\/wp-json\/wp\/v2\/posts\/575979\/revisions\/577294"}],"wp:featuredmedia":[{"embeddable":true,"href":"https:\/\/dicodusport.fr\/blog\/wp-json\/wp\/v2\/media\/575980"}],"wp:attachment":[{"href":"https:\/\/dicodusport.fr\/blog\/wp-json\/wp\/v2\/media?parent=575979"}],"wp:term":[{"taxonomy":"category","embeddable":true,"href":"https:\/\/dicodusport.fr\/blog\/wp-json\/wp\/v2\/categories?post=575979"},{"taxonomy":"post_tag","embeddable":true,"href":"https:\/\/dicodusport.fr\/blog\/wp-json\/wp\/v2\/tags?post=575979"}],"curies":[{"name":"wp","href":"https:\/\/api.w.org\/{rel}","templated":true}]}}