{"id":576038,"date":"2025-05-02T17:13:17","date_gmt":"2025-05-02T15:13:17","guid":{"rendered":"https:\/\/dicodusport.fr\/blog\/?p=576038&#038;preview=true&#038;preview_id=576038"},"modified":"2025-05-02T18:27:51","modified_gmt":"2025-05-02T16:27:51","slug":"tour-de-romandie-2025-jay-vine-soffre-la-troisieme-etape-en-facteur","status":"publish","type":"post","link":"https:\/\/dicodusport.fr\/blog\/tour-de-romandie-2025-jay-vine-soffre-la-troisieme-etape-en-facteur\/","title":{"rendered":"Tour de Romandie 2025 : Jay Vine s&rsquo;offre la troisi\u00e8me \u00e9tape en facteur"},"content":{"rendered":"<h4 style=\"text-align: justify;\"><em>TOUR DE ROMANDIE 2025 &#8211; L&rsquo;Australien Jay Vine (UAE Team Emirates &#8211; XRG) s&rsquo;impose en puncheur dans la derni\u00e8re bosse \u00e0 Cossonay. Alex Baudin (EF Education &#8211; EasyPost) garde le maillot jaune.<\/em><\/h4>\n<ul style=\"text-align: justify;\">\n<li><strong>\u00c0 ce sujet &#8211; <a href=\"https:\/\/dicodusport.fr\/blog\/tour-de-romandie-2025-engages-favoris-et-chaine-tv\/\">Tour de Romandie 2025 : Engag\u00e9s, Favoris et Cha\u00eene TV<\/a><\/strong><\/li>\n<\/ul>\n<p style=\"text-align: justify;\">D\u00e8s le d\u00e9but d&rsquo;\u00e9tape, un trio s&rsquo;est d\u00e9gag\u00e9 du peloton dans les premiers contreforts de la C\u00f4te de Montcherrand (4,7 km \u00e0 4%). Les pentes douces au programme du jour ont pouss\u00e9 le rouleur suisse <strong>Stefan K\u00fcng<\/strong> (Groupama &#8211; FDJ) \u00e0 tenter sa chance de loin. Le coureur de la Groupama-FDJ ouvrait ainsi la route en compagnie d&rsquo;un autre bon rouleur, l&rsquo;exp\u00e9riment\u00e9 <strong>Bauke Mollema<\/strong> (Lidl-Trek) ainsi qu&rsquo;un autre N\u00e9erlandais <strong>Huub Artz<\/strong> (Intermarch\u00e9 &#8211; Wanty). <strong>Tobias Bayer<\/strong> (Alpecin &#8211; Deceuninck) a un temps suivi le mouvement avant de baisser pavillon, faute de pouvoir suivre le rythme de l&rsquo;\u00e9chapp\u00e9e.<\/p>\n<h2 style=\"text-align: justify;\">EF en contr\u00f4le, Astana perd Champoussin<\/h2>\n<p style=\"text-align: justify;\">Ensuite, dans le m\u00eame temps, on notait dans le peloton plusieurs abandons successifs dont ceux de <strong>Matteo Sobrero<\/strong> (Red Bull &#8211; Bora &#8211; Hansgrohe), <strong>Anton Kuzmin<\/strong> (XDS Astana Team) et surtout <strong>Cl\u00e9ment Champoussin<\/strong> \u00e9galement dans la formation kazakhe, un des Fran\u00e7ais en forme de ce d\u00e9but de saison.<\/p>\n<ul style=\"text-align: justify;\">\n<li><strong>\u00c0 ce sujet &#8211; <a href=\"https:\/\/dicodusport.fr\/blog\/3eme-etape-tour-de-romandie-2025-classement-et-resultats\/\">3\u00e8me \u00e9tape Tour de Romandie 2025 \u2013 Classement et r\u00e9sultats<\/a><\/strong><\/li>\n<\/ul>\n<p style=\"text-align: justify;\">Dans le peloton, c&rsquo;est logiquement la formation EF Education &#8211; EasyPost du maillot jaune <strong>Alex Baudin<\/strong> qui s&rsquo;est charg\u00e9 de contr\u00f4ler l&rsquo;\u00e9cart, bien aid\u00e9 par les \u00e9quipes de sprinteurs comme la Visma Lease a Bike de <strong>Matthew Brennan<\/strong>. Encore fallait-il passer la grosse difficult\u00e9 du jour pour ces derniers, le Col du Mollendruz dont le sommet est situ\u00e9 \u00e0 40 km de l&rsquo;arriv\u00e9e. Une mont\u00e9e relativement plate, certes, mais de 14 km tout de m\u00eame.<\/p>\n<h2 style=\"text-align: justify;\">Stefan K\u00fcng a tent\u00e9 la grande envol\u00e9e<\/h2>\n<p style=\"text-align: justify;\">Puis, ce col a servi de tremplin \u00e0 <strong>Stefan K\u00fcng<\/strong> pour fausser compagnie \u00e0 ses deux comp\u00e8res, tentant ainsi un raid solitaire tout en puissance. Il ne lui aura pas manqu\u00e9 grand-chose au rouleur helv\u00e8te puisque le peloton l&rsquo;a repris simplement \u00e0 une dizaine de kilom\u00e8tres de l&rsquo;arriv\u00e9e apr\u00e8s presque 50 km de contre-la-montre. L&rsquo;explication finale allait donc avoir lieu dans le tout dernier talus proposant une arriv\u00e9e pour puncheurs.<\/p>\n<ul style=\"text-align: justify;\">\n<li><strong>\u00c0 ce sujet &#8211; <a href=\"https:\/\/dicodusport.fr\/blog\/classement-general-du-tour-de-romandie-2025\/\">Classement g\u00e9n\u00e9ral du Tour de Romandie 2025<\/a><\/strong><\/li>\n<\/ul>\n<h2 style=\"text-align: justify;\">Jay Vine d\u00e9joue les pronostics<\/h2>\n<p style=\"text-align: justify;\">Enfin, la mont\u00e9e vers Cossonay a propos\u00e9 un beau spectacle. On a vite compris que ce serait trop difficile pour les grosses cuisses, \u00e0 l&rsquo;image d&rsquo;un <strong>Matthew Brennan<\/strong>, qui s&rsquo;est un temps accroch\u00e9 aux coureurs plus l\u00e9gers, mais qui a fini par c\u00e9der. N\u00e9anmoins, l&rsquo;issue d&rsquo;un sprint a \u00e9t\u00e9 \u00e9vit\u00e9e puisque l&rsquo;Australien <strong>Jay Vine<\/strong>, sorti \u00e0 la flamme rouge, a finalement r\u00e9sist\u00e9 au retour des autres favoris, pour s&rsquo;imposer avec quelques m\u00e8tres d&rsquo;avance et de mani\u00e8re assez ais\u00e9e. Le coureur de la formation UAE Team Emirates &#8211; XRG, qui n&rsquo;avait pas encore lev\u00e9 les bras en Romandie, a devanc\u00e9 un <strong>Lenny Martinez<\/strong> (Bahrain Victorious) frustr\u00e9, lui qui avait de bonnes jambes, et son \u00e9quipier portugais <strong>Jo\u00e3o<\/strong>\u00a0<strong>Almeida<\/strong>. Pendant qu&rsquo;il s&rsquo;offrait ainsi une neuvi\u00e8me victoire en carri\u00e8re, <strong>Alex Baudin<\/strong>, lui, pouvait continuer de voir tranquillement la vie en jaune.<\/p>\n<blockquote class=\"twitter-tweet\">\n<p dir=\"ltr\" lang=\"fr\">Le beau coup de Jay Vine ! L&rsquo;Australien a attaqu\u00e9 \u00e0 la flamme rouge et remporte la 3e \u00e9tape du Tour de Romandie devant Lenny Martinez et Joao Almeida ! <a href=\"https:\/\/t.co\/FsDFXCWpKn\">pic.twitter.com\/FsDFXCWpKn<\/a><\/p>\n<p>\u2014 Eurosport France (@Eurosport_FR) <a href=\"https:\/\/twitter.com\/Eurosport_FR\/status\/1918323285076422913?ref_src=twsrc%5Etfw\">May 2, 2025<\/a><\/p><\/blockquote>\n<p style=\"text-align: justify;\"><script async src=\"https:\/\/platform.twitter.com\/widgets.js\" charset=\"utf-8\"><\/script><\/p>\n","protected":false},"excerpt":{"rendered":"<p>TOUR DE ROMANDIE 2025 &#8211; L&rsquo;Australien Jay Vine (UAE Team Emirates &#8211; XRG) s&rsquo;impose en puncheur dans la derni\u00e8re bosse \u00e0 Cossonay. Alex Baudin (EF Education &#8211; EasyPost) garde le maillot jaune.<\/p>\n","protected":false},"author":92,"featured_media":576081,"comment_status":"open","ping_status":"closed","sticky":false,"template":"","format":"standard","meta":{"_acf_changed":false,"_daextam_enable_autolinks":"1","footnotes":""},"categories":[46994],"tags":[25370,16878,26228,44188],"class_list":["post-576038","post","type-post","status-publish","format-standard","has-post-thumbnail","hentry","category-cyclisme-sur-route","tag-alex-baudin","tag-breve","tag-jay-vine","tag-uae-team-emirates-xrg"],"acf":[],"yoast_head":"<!-- This site is optimized with the Yoast SEO Premium plugin v26.7 (Yoast SEO v26.7) - https:\/\/yoast.com\/wordpress\/plugins\/seo\/ -->\n<title>Tour de Romandie 2025 : Jay Vine s&#039;offre la troisi\u00e8me \u00e9tape en facteur<\/title>\n<meta name=\"description\" content=\"TOUR DE ROMANDIE 2025 - L&#039;Australien Jay Vine (UAE Team Emirates - XRG) s&#039;impose en puncheur, Alex Baudin toujours en jaune.\" \/>\n<meta name=\"robots\" content=\"index, follow, max-snippet:-1, max-image-preview:large, max-video-preview:-1\" \/>\n<link rel=\"canonical\" href=\"https:\/\/dicodusport.fr\/blog\/tour-de-romandie-2025-jay-vine-soffre-la-troisieme-etape-en-facteur\/\" \/>\n<meta property=\"og:locale\" content=\"fr_FR\" \/>\n<meta property=\"og:type\" content=\"article\" \/>\n<meta property=\"og:title\" content=\"Tour de Romandie 2025 : Jay Vine s&#039;offre la troisi\u00e8me \u00e9tape en facteur\" \/>\n<meta property=\"og:description\" content=\"TOUR DE ROMANDIE 2025 - L&#039;Australien Jay Vine (UAE Team Emirates - XRG) s&#039;impose en puncheur, Alex Baudin toujours en jaune.\" \/>\n<meta property=\"og:url\" content=\"https:\/\/dicodusport.fr\/blog\/tour-de-romandie-2025-jay-vine-soffre-la-troisieme-etape-en-facteur\/\" \/>\n<meta property=\"og:site_name\" content=\"Dicodusport\" \/>\n<meta property=\"article:publisher\" content=\"https:\/\/www.facebook.com\/dicodusport\" \/>\n<meta property=\"article:published_time\" content=\"2025-05-02T15:13:17+00:00\" \/>\n<meta property=\"article:modified_time\" content=\"2025-05-02T16:27:51+00:00\" \/>\n<meta property=\"og:image\" content=\"https:\/\/dicodusport.fr\/blog\/wp-content\/uploads\/2025\/05\/Tour-de-Romandie-2025-Jay-Vine-soffre-la-troisieme-etape-en-facteur-1.png\" \/>\n\t<meta property=\"og:image:width\" content=\"1200\" \/>\n\t<meta property=\"og:image:height\" content=\"674\" \/>\n\t<meta property=\"og:image:type\" content=\"image\/png\" \/>\n<meta name=\"author\" content=\"Olivier Dobiezynski\" \/>\n<meta name=\"twitter:card\" content=\"summary_large_image\" \/>\n<meta name=\"twitter:title\" content=\"Tour de Romandie 2025 : Jay Vine s&#039;offre la troisi\u00e8me \u00e9tape en facteur\" \/>\n<meta name=\"twitter:creator\" content=\"@https:\/\/x.com\/Olivier_Matros\" \/>\n<meta name=\"twitter:site\" content=\"@dicodusport\" \/>\n<script type=\"application\/ld+json\" class=\"yoast-schema-graph\">{\"@context\":\"https:\/\/schema.org\",\"@graph\":[{\"@type\":\"NewsArticle\",\"@id\":\"https:\/\/dicodusport.fr\/blog\/tour-de-romandie-2025-jay-vine-soffre-la-troisieme-etape-en-facteur\/#article\",\"isPartOf\":{\"@id\":\"https:\/\/dicodusport.fr\/blog\/tour-de-romandie-2025-jay-vine-soffre-la-troisieme-etape-en-facteur\/\"},\"author\":{\"name\":\"Olivier Dobiezynski\",\"@id\":\"https:\/\/dicodusport.fr\/blog\/#\/schema\/person\/fe500246414ca17ddf0c0312d7a792cc\"},\"headline\":\"Tour de Romandie 2025 : Jay Vine s&rsquo;offre la troisi\u00e8me \u00e9tape en facteur\",\"datePublished\":\"2025-05-02T15:13:17+00:00\",\"dateModified\":\"2025-05-02T16:27:51+00:00\",\"mainEntityOfPage\":{\"@id\":\"https:\/\/dicodusport.fr\/blog\/tour-de-romandie-2025-jay-vine-soffre-la-troisieme-etape-en-facteur\/\"},\"wordCount\":615,\"commentCount\":0,\"publisher\":{\"@id\":\"https:\/\/dicodusport.fr\/blog\/#organization\"},\"image\":{\"@id\":\"https:\/\/dicodusport.fr\/blog\/tour-de-romandie-2025-jay-vine-soffre-la-troisieme-etape-en-facteur\/#primaryimage\"},\"thumbnailUrl\":\"https:\/\/dicodusport.fr\/blog\/wp-content\/uploads\/2025\/05\/Tour-de-Romandie-2025-Jay-Vine-soffre-la-troisieme-etape-en-facteur-1.png\",\"keywords\":[\"Alex Baudin\",\"br\u00e8ve\",\"Jay Vine\",\"UAE Team Emirates - XRG\"],\"articleSection\":[\"Cyclisme sur route\"],\"inLanguage\":\"fr-FR\",\"potentialAction\":[{\"@type\":\"CommentAction\",\"name\":\"Comment\",\"target\":[\"https:\/\/dicodusport.fr\/blog\/tour-de-romandie-2025-jay-vine-soffre-la-troisieme-etape-en-facteur\/#respond\"]}],\"copyrightYear\":\"2025\",\"copyrightHolder\":{\"@id\":\"https:\/\/dicodusport.fr\/blog\/#organization\"}},{\"@type\":\"WebPage\",\"@id\":\"https:\/\/dicodusport.fr\/blog\/tour-de-romandie-2025-jay-vine-soffre-la-troisieme-etape-en-facteur\/\",\"url\":\"https:\/\/dicodusport.fr\/blog\/tour-de-romandie-2025-jay-vine-soffre-la-troisieme-etape-en-facteur\/\",\"name\":\"Tour de Romandie 2025 : Jay Vine s'offre la troisi\u00e8me \u00e9tape en facteur\",\"isPartOf\":{\"@id\":\"https:\/\/dicodusport.fr\/blog\/#website\"},\"primaryImageOfPage\":{\"@id\":\"https:\/\/dicodusport.fr\/blog\/tour-de-romandie-2025-jay-vine-soffre-la-troisieme-etape-en-facteur\/#primaryimage\"},\"image\":{\"@id\":\"https:\/\/dicodusport.fr\/blog\/tour-de-romandie-2025-jay-vine-soffre-la-troisieme-etape-en-facteur\/#primaryimage\"},\"thumbnailUrl\":\"https:\/\/dicodusport.fr\/blog\/wp-content\/uploads\/2025\/05\/Tour-de-Romandie-2025-Jay-Vine-soffre-la-troisieme-etape-en-facteur-1.png\",\"datePublished\":\"2025-05-02T15:13:17+00:00\",\"dateModified\":\"2025-05-02T16:27:51+00:00\",\"description\":\"TOUR DE ROMANDIE 2025 - L'Australien Jay Vine (UAE Team Emirates - XRG) s'impose en puncheur, Alex Baudin toujours en jaune.\",\"breadcrumb\":{\"@id\":\"https:\/\/dicodusport.fr\/blog\/tour-de-romandie-2025-jay-vine-soffre-la-troisieme-etape-en-facteur\/#breadcrumb\"},\"inLanguage\":\"fr-FR\",\"potentialAction\":[{\"@type\":\"ReadAction\",\"target\":[\"https:\/\/dicodusport.fr\/blog\/tour-de-romandie-2025-jay-vine-soffre-la-troisieme-etape-en-facteur\/\"]}]},{\"@type\":\"ImageObject\",\"inLanguage\":\"fr-FR\",\"@id\":\"https:\/\/dicodusport.fr\/blog\/tour-de-romandie-2025-jay-vine-soffre-la-troisieme-etape-en-facteur\/#primaryimage\",\"url\":\"https:\/\/dicodusport.fr\/blog\/wp-content\/uploads\/2025\/05\/Tour-de-Romandie-2025-Jay-Vine-soffre-la-troisieme-etape-en-facteur-1.png\",\"contentUrl\":\"https:\/\/dicodusport.fr\/blog\/wp-content\/uploads\/2025\/05\/Tour-de-Romandie-2025-Jay-Vine-soffre-la-troisieme-etape-en-facteur-1.png\",\"width\":1200,\"height\":674,\"caption\":\"Tour de Romandie 2025 Jay Vine s'offre la troisi\u00e8me \u00e9tape en facteur\"},{\"@type\":\"BreadcrumbList\",\"@id\":\"https:\/\/dicodusport.fr\/blog\/tour-de-romandie-2025-jay-vine-soffre-la-troisieme-etape-en-facteur\/#breadcrumb\",\"itemListElement\":[{\"@type\":\"ListItem\",\"position\":1,\"name\":\"Accueil\",\"item\":\"https:\/\/dicodusport.fr\/blog\/\"},{\"@type\":\"ListItem\",\"position\":2,\"name\":\"Tour de Romandie 2025 : Jay Vine s&rsquo;offre la troisi\u00e8me \u00e9tape en facteur\"}]},{\"@type\":\"WebSite\",\"@id\":\"https:\/\/dicodusport.fr\/blog\/#website\",\"url\":\"https:\/\/dicodusport.fr\/blog\/\",\"name\":\"Dicodusport\",\"description\":\"L&#039;encyclop\u00e9die de l&#039;actualit\u00e9 sportive\",\"publisher\":{\"@id\":\"https:\/\/dicodusport.fr\/blog\/#organization\"},\"potentialAction\":[{\"@type\":\"SearchAction\",\"target\":{\"@type\":\"EntryPoint\",\"urlTemplate\":\"https:\/\/dicodusport.fr\/blog\/?s={search_term_string}\"},\"query-input\":{\"@type\":\"PropertyValueSpecification\",\"valueRequired\":true,\"valueName\":\"search_term_string\"}}],\"inLanguage\":\"fr-FR\"},{\"@type\":\"NewsMediaOrganization\",\"@id\":\"https:\/\/dicodusport.fr\/blog\/#organization\",\"name\":\"Dicodusport\",\"url\":\"https:\/\/dicodusport.fr\/blog\/\",\"logo\":{\"@type\":\"ImageObject\",\"inLanguage\":\"fr-FR\",\"@id\":\"https:\/\/dicodusport.fr\/blog\/#\/schema\/logo\/image\/\",\"url\":\"https:\/\/dicodusport.fr\/blog\/wp-content\/uploads\/2020\/06\/cropped-LOGO-DICODUSPORT-2020-SANS-FOND-SANS-TEXTE.png\",\"contentUrl\":\"https:\/\/dicodusport.fr\/blog\/wp-content\/uploads\/2020\/06\/cropped-LOGO-DICODUSPORT-2020-SANS-FOND-SANS-TEXTE.png\",\"width\":512,\"height\":512,\"caption\":\"Dicodusport\"},\"image\":{\"@id\":\"https:\/\/dicodusport.fr\/blog\/#\/schema\/logo\/image\/\"},\"sameAs\":[\"https:\/\/www.facebook.com\/dicodusport\",\"https:\/\/x.com\/dicodusport\",\"https:\/\/www.instagram.com\/dicodusport\/\",\"https:\/\/www.youtube.com\/channel\/UC7V2KZ5sd3htJivAbA4ZG3w\"],\"description\":\"Dicodusport est l'encyclop\u00e9die de l'actualit\u00e9 sportive.\",\"email\":\"bonjour@dicodusport.fr\",\"legalName\":\"DICODUSPORT\",\"foundingDate\":\"2018-01-14\",\"vatID\":\"FR71834470973\",\"taxID\":\"83447097300043\",\"numberOfEmployees\":{\"@type\":\"QuantitativeValue\",\"minValue\":\"1\",\"maxValue\":\"10\"}},{\"@type\":\"Person\",\"@id\":\"https:\/\/dicodusport.fr\/blog\/#\/schema\/person\/fe500246414ca17ddf0c0312d7a792cc\",\"name\":\"Olivier Dobiezynski\",\"image\":{\"@type\":\"ImageObject\",\"inLanguage\":\"fr-FR\",\"@id\":\"https:\/\/dicodusport.fr\/blog\/#\/schema\/person\/image\/\",\"url\":\"https:\/\/dicodusport.fr\/blog\/wp-content\/uploads\/2024\/09\/5be8fe8d-9962-4f1e-ad06-d6f9dee30e6d-150x150.jpg\",\"contentUrl\":\"https:\/\/dicodusport.fr\/blog\/wp-content\/uploads\/2024\/09\/5be8fe8d-9962-4f1e-ad06-d6f9dee30e6d-150x150.jpg\",\"caption\":\"Olivier Dobiezynski\"},\"description\":\"Depuis le milieu des ann\u00e9es 90, la passion du cyclisme m'anime. Mes h\u00e9ros s'appellent Luc Leblanc, Piotr Ugrumov, Paolo Savoldelli, Peter Sagan et bien \u00e9videmment Romain Bardet. R\u00e9dacteur depuis 2023, je suis ici pour partager cet amour de la Petite Reine. Vous pourrez me lire \u00e9galement sur du trail, du ski de fond et tout autre sujet susceptible d'\u00e9veiller ma curiosit\u00e9 sportive.\",\"sameAs\":[\"https:\/\/x.com\/https:\/\/x.com\/Olivier_Matros\"],\"url\":\"https:\/\/dicodusport.fr\/blog\/author\/olivier-gh\/\"}]}<\/script>\n<!-- \/ Yoast SEO Premium plugin. -->","yoast_head_json":{"title":"Tour de Romandie 2025 : Jay Vine s'offre la troisi\u00e8me \u00e9tape en facteur","description":"TOUR DE ROMANDIE 2025 - L'Australien Jay Vine (UAE Team Emirates - XRG) s'impose en puncheur, Alex Baudin toujours en jaune.","robots":{"index":"index","follow":"follow","max-snippet":"max-snippet:-1","max-image-preview":"max-image-preview:large","max-video-preview":"max-video-preview:-1"},"canonical":"https:\/\/dicodusport.fr\/blog\/tour-de-romandie-2025-jay-vine-soffre-la-troisieme-etape-en-facteur\/","og_locale":"fr_FR","og_type":"article","og_title":"Tour de Romandie 2025 : Jay Vine s'offre la troisi\u00e8me \u00e9tape en facteur","og_description":"TOUR DE ROMANDIE 2025 - L'Australien Jay Vine (UAE Team Emirates - XRG) s'impose en puncheur, Alex Baudin toujours en jaune.","og_url":"https:\/\/dicodusport.fr\/blog\/tour-de-romandie-2025-jay-vine-soffre-la-troisieme-etape-en-facteur\/","og_site_name":"Dicodusport","article_publisher":"https:\/\/www.facebook.com\/dicodusport","article_published_time":"2025-05-02T15:13:17+00:00","article_modified_time":"2025-05-02T16:27:51+00:00","og_image":[{"width":1200,"height":674,"url":"https:\/\/dicodusport.fr\/blog\/wp-content\/uploads\/2025\/05\/Tour-de-Romandie-2025-Jay-Vine-soffre-la-troisieme-etape-en-facteur-1.png","type":"image\/png"}],"author":"Olivier Dobiezynski","twitter_card":"summary_large_image","twitter_title":"Tour de Romandie 2025 : Jay Vine s'offre la troisi\u00e8me \u00e9tape en facteur","twitter_creator":"@https:\/\/x.com\/Olivier_Matros","twitter_site":"@dicodusport","schema":{"@context":"https:\/\/schema.org","@graph":[{"@type":"NewsArticle","@id":"https:\/\/dicodusport.fr\/blog\/tour-de-romandie-2025-jay-vine-soffre-la-troisieme-etape-en-facteur\/#article","isPartOf":{"@id":"https:\/\/dicodusport.fr\/blog\/tour-de-romandie-2025-jay-vine-soffre-la-troisieme-etape-en-facteur\/"},"author":{"name":"Olivier Dobiezynski","@id":"https:\/\/dicodusport.fr\/blog\/#\/schema\/person\/fe500246414ca17ddf0c0312d7a792cc"},"headline":"Tour de Romandie 2025 : Jay Vine s&rsquo;offre la troisi\u00e8me \u00e9tape en facteur","datePublished":"2025-05-02T15:13:17+00:00","dateModified":"2025-05-02T16:27:51+00:00","mainEntityOfPage":{"@id":"https:\/\/dicodusport.fr\/blog\/tour-de-romandie-2025-jay-vine-soffre-la-troisieme-etape-en-facteur\/"},"wordCount":615,"commentCount":0,"publisher":{"@id":"https:\/\/dicodusport.fr\/blog\/#organization"},"image":{"@id":"https:\/\/dicodusport.fr\/blog\/tour-de-romandie-2025-jay-vine-soffre-la-troisieme-etape-en-facteur\/#primaryimage"},"thumbnailUrl":"https:\/\/dicodusport.fr\/blog\/wp-content\/uploads\/2025\/05\/Tour-de-Romandie-2025-Jay-Vine-soffre-la-troisieme-etape-en-facteur-1.png","keywords":["Alex Baudin","br\u00e8ve","Jay Vine","UAE Team Emirates - XRG"],"articleSection":["Cyclisme sur route"],"inLanguage":"fr-FR","potentialAction":[{"@type":"CommentAction","name":"Comment","target":["https:\/\/dicodusport.fr\/blog\/tour-de-romandie-2025-jay-vine-soffre-la-troisieme-etape-en-facteur\/#respond"]}],"copyrightYear":"2025","copyrightHolder":{"@id":"https:\/\/dicodusport.fr\/blog\/#organization"}},{"@type":"WebPage","@id":"https:\/\/dicodusport.fr\/blog\/tour-de-romandie-2025-jay-vine-soffre-la-troisieme-etape-en-facteur\/","url":"https:\/\/dicodusport.fr\/blog\/tour-de-romandie-2025-jay-vine-soffre-la-troisieme-etape-en-facteur\/","name":"Tour de Romandie 2025 : Jay Vine s'offre la troisi\u00e8me \u00e9tape en facteur","isPartOf":{"@id":"https:\/\/dicodusport.fr\/blog\/#website"},"primaryImageOfPage":{"@id":"https:\/\/dicodusport.fr\/blog\/tour-de-romandie-2025-jay-vine-soffre-la-troisieme-etape-en-facteur\/#primaryimage"},"image":{"@id":"https:\/\/dicodusport.fr\/blog\/tour-de-romandie-2025-jay-vine-soffre-la-troisieme-etape-en-facteur\/#primaryimage"},"thumbnailUrl":"https:\/\/dicodusport.fr\/blog\/wp-content\/uploads\/2025\/05\/Tour-de-Romandie-2025-Jay-Vine-soffre-la-troisieme-etape-en-facteur-1.png","datePublished":"2025-05-02T15:13:17+00:00","dateModified":"2025-05-02T16:27:51+00:00","description":"TOUR DE ROMANDIE 2025 - L'Australien Jay Vine (UAE Team Emirates - XRG) s'impose en puncheur, Alex Baudin toujours en jaune.","breadcrumb":{"@id":"https:\/\/dicodusport.fr\/blog\/tour-de-romandie-2025-jay-vine-soffre-la-troisieme-etape-en-facteur\/#breadcrumb"},"inLanguage":"fr-FR","potentialAction":[{"@type":"ReadAction","target":["https:\/\/dicodusport.fr\/blog\/tour-de-romandie-2025-jay-vine-soffre-la-troisieme-etape-en-facteur\/"]}]},{"@type":"ImageObject","inLanguage":"fr-FR","@id":"https:\/\/dicodusport.fr\/blog\/tour-de-romandie-2025-jay-vine-soffre-la-troisieme-etape-en-facteur\/#primaryimage","url":"https:\/\/dicodusport.fr\/blog\/wp-content\/uploads\/2025\/05\/Tour-de-Romandie-2025-Jay-Vine-soffre-la-troisieme-etape-en-facteur-1.png","contentUrl":"https:\/\/dicodusport.fr\/blog\/wp-content\/uploads\/2025\/05\/Tour-de-Romandie-2025-Jay-Vine-soffre-la-troisieme-etape-en-facteur-1.png","width":1200,"height":674,"caption":"Tour de Romandie 2025 Jay Vine s'offre la troisi\u00e8me \u00e9tape en facteur"},{"@type":"BreadcrumbList","@id":"https:\/\/dicodusport.fr\/blog\/tour-de-romandie-2025-jay-vine-soffre-la-troisieme-etape-en-facteur\/#breadcrumb","itemListElement":[{"@type":"ListItem","position":1,"name":"Accueil","item":"https:\/\/dicodusport.fr\/blog\/"},{"@type":"ListItem","position":2,"name":"Tour de Romandie 2025 : Jay Vine s&rsquo;offre la troisi\u00e8me \u00e9tape en facteur"}]},{"@type":"WebSite","@id":"https:\/\/dicodusport.fr\/blog\/#website","url":"https:\/\/dicodusport.fr\/blog\/","name":"Dicodusport","description":"L&#039;encyclop\u00e9die de l&#039;actualit\u00e9 sportive","publisher":{"@id":"https:\/\/dicodusport.fr\/blog\/#organization"},"potentialAction":[{"@type":"SearchAction","target":{"@type":"EntryPoint","urlTemplate":"https:\/\/dicodusport.fr\/blog\/?s={search_term_string}"},"query-input":{"@type":"PropertyValueSpecification","valueRequired":true,"valueName":"search_term_string"}}],"inLanguage":"fr-FR"},{"@type":"NewsMediaOrganization","@id":"https:\/\/dicodusport.fr\/blog\/#organization","name":"Dicodusport","url":"https:\/\/dicodusport.fr\/blog\/","logo":{"@type":"ImageObject","inLanguage":"fr-FR","@id":"https:\/\/dicodusport.fr\/blog\/#\/schema\/logo\/image\/","url":"https:\/\/dicodusport.fr\/blog\/wp-content\/uploads\/2020\/06\/cropped-LOGO-DICODUSPORT-2020-SANS-FOND-SANS-TEXTE.png","contentUrl":"https:\/\/dicodusport.fr\/blog\/wp-content\/uploads\/2020\/06\/cropped-LOGO-DICODUSPORT-2020-SANS-FOND-SANS-TEXTE.png","width":512,"height":512,"caption":"Dicodusport"},"image":{"@id":"https:\/\/dicodusport.fr\/blog\/#\/schema\/logo\/image\/"},"sameAs":["https:\/\/www.facebook.com\/dicodusport","https:\/\/x.com\/dicodusport","https:\/\/www.instagram.com\/dicodusport\/","https:\/\/www.youtube.com\/channel\/UC7V2KZ5sd3htJivAbA4ZG3w"],"description":"Dicodusport est l'encyclop\u00e9die de l'actualit\u00e9 sportive.","email":"bonjour@dicodusport.fr","legalName":"DICODUSPORT","foundingDate":"2018-01-14","vatID":"FR71834470973","taxID":"83447097300043","numberOfEmployees":{"@type":"QuantitativeValue","minValue":"1","maxValue":"10"}},{"@type":"Person","@id":"https:\/\/dicodusport.fr\/blog\/#\/schema\/person\/fe500246414ca17ddf0c0312d7a792cc","name":"Olivier Dobiezynski","image":{"@type":"ImageObject","inLanguage":"fr-FR","@id":"https:\/\/dicodusport.fr\/blog\/#\/schema\/person\/image\/","url":"https:\/\/dicodusport.fr\/blog\/wp-content\/uploads\/2024\/09\/5be8fe8d-9962-4f1e-ad06-d6f9dee30e6d-150x150.jpg","contentUrl":"https:\/\/dicodusport.fr\/blog\/wp-content\/uploads\/2024\/09\/5be8fe8d-9962-4f1e-ad06-d6f9dee30e6d-150x150.jpg","caption":"Olivier Dobiezynski"},"description":"Depuis le milieu des ann\u00e9es 90, la passion du cyclisme m'anime. Mes h\u00e9ros s'appellent Luc Leblanc, Piotr Ugrumov, Paolo Savoldelli, Peter Sagan et bien \u00e9videmment Romain Bardet. R\u00e9dacteur depuis 2023, je suis ici pour partager cet amour de la Petite Reine. Vous pourrez me lire \u00e9galement sur du trail, du ski de fond et tout autre sujet susceptible d'\u00e9veiller ma curiosit\u00e9 sportive.","sameAs":["https:\/\/x.com\/https:\/\/x.com\/Olivier_Matros"],"url":"https:\/\/dicodusport.fr\/blog\/author\/olivier-gh\/"}]}},"_links":{"self":[{"href":"https:\/\/dicodusport.fr\/blog\/wp-json\/wp\/v2\/posts\/576038","targetHints":{"allow":["GET"]}}],"collection":[{"href":"https:\/\/dicodusport.fr\/blog\/wp-json\/wp\/v2\/posts"}],"about":[{"href":"https:\/\/dicodusport.fr\/blog\/wp-json\/wp\/v2\/types\/post"}],"author":[{"embeddable":true,"href":"https:\/\/dicodusport.fr\/blog\/wp-json\/wp\/v2\/users\/92"}],"replies":[{"embeddable":true,"href":"https:\/\/dicodusport.fr\/blog\/wp-json\/wp\/v2\/comments?post=576038"}],"version-history":[{"count":5,"href":"https:\/\/dicodusport.fr\/blog\/wp-json\/wp\/v2\/posts\/576038\/revisions"}],"predecessor-version":[{"id":576068,"href":"https:\/\/dicodusport.fr\/blog\/wp-json\/wp\/v2\/posts\/576038\/revisions\/576068"}],"wp:featuredmedia":[{"embeddable":true,"href":"https:\/\/dicodusport.fr\/blog\/wp-json\/wp\/v2\/media\/576081"}],"wp:attachment":[{"href":"https:\/\/dicodusport.fr\/blog\/wp-json\/wp\/v2\/media?parent=576038"}],"wp:term":[{"taxonomy":"category","embeddable":true,"href":"https:\/\/dicodusport.fr\/blog\/wp-json\/wp\/v2\/categories?post=576038"},{"taxonomy":"post_tag","embeddable":true,"href":"https:\/\/dicodusport.fr\/blog\/wp-json\/wp\/v2\/tags?post=576038"}],"curies":[{"name":"wp","href":"https:\/\/api.w.org\/{rel}","templated":true}]}}