{"id":576094,"date":"2025-05-03T08:00:50","date_gmt":"2025-05-03T06:00:50","guid":{"rendered":"https:\/\/dicodusport.fr\/blog\/?p=576094&#038;preview=true&#038;preview_id=576094"},"modified":"2025-05-02T22:33:24","modified_gmt":"2025-05-02T20:33:24","slug":"ligue-2-promu-en-ligue-1-le-paris-fc-change-de-dimension","status":"publish","type":"post","link":"https:\/\/dicodusport.fr\/blog\/ligue-2-promu-en-ligue-1-le-paris-fc-change-de-dimension\/","title":{"rendered":"Ligue 2 : Promu en Ligue 1, le Paris FC change de dimension"},"content":{"rendered":"<h4 style=\"text-align: justify;\"><em>LIGUE 2 2024-2025 &#8211; Au terme d&rsquo;une saison aboutie, le Paris FC a obtenu sa mont\u00e9e en Ligue 1 apr\u00e8s son match nul contre Martigues (1-1) lors de la 33\u00e8me journ\u00e9e du championnat de France de Ligue 2. L&rsquo;aboutissement d&rsquo;un projet qui a mis du temps \u00e0 s&rsquo;\u00e9toffer et qui a pris une toute nouvelle dimension avec le rachat du club fin 2024.<\/em><\/h4>\n<ul>\n<li><strong>Voir aussi : <a href=\"https:\/\/dicodusport.fr\/blog\/actualites\/football\/\">Toute l&rsquo;actualit\u00e9 du football<\/a><\/strong><\/li>\n<\/ul>\n<h2>Sept ans \u00e0 \u00e9chouer aux portes de la Ligue 1<\/h2>\n<p style=\"text-align: justify;\">Le 21 mai 2019, le Paris FC disputait ses premiers barrages d&rsquo;accession \u00e0 la Ligue 1 en accueillant le <strong>RC Lens<\/strong>. Un match \u00e0 \u00e9limination directe qui devait envoyer le vainqueur sur la pelouse de l&rsquo;ESTAC Troyes avant une \u00e9ventuelle double confrontation \u00e0 la vie \u00e0 la mort contre le Dijon FCO, 18\u00e8me de Ligue 1. Les supporteurs parisiens se souviendront longtemps des montagnes russes qu&rsquo;ils ont v\u00e9cu. D&rsquo;abord lorsque <strong>Marko Maleti\u0107<\/strong> offrit l&rsquo;\u00e9galisation \u00e0 la derni\u00e8re seconde alors que le PFC \u00e9tait men\u00e9 1-0 depuis le d\u00e9but du match. Ensuite lorsque <strong>Guillaume Gillet<\/strong> vint climatiser un Stade Charl\u00e9ty anormalement chaud au terme d&rsquo;une s\u00e9ance de tirs au but sous tension.<\/p>\n<p style=\"text-align: justify;\">Depuis, les choses ont bien chang\u00e9, l&rsquo;effectif s&rsquo;est renouvel\u00e9 et le Paris FC a connu d&rsquo;autres barrages de fin de saison. Seulement, le club qui s&rsquo;\u00e9tait fix\u00e9 l&rsquo;objectif de monter en Ligue 1 d&rsquo;ici \u00e0 quatre ans lors de son accession \u00e0 la Ligue 2 en 2015, a toujours \u00e9chou\u00e9 \u00e0 passer ces derni\u00e8res marches. \u00c0 trois reprises depuis 2019, le club de la capitale a termin\u00e9 quatri\u00e8me ou cinqui\u00e8me du championnat, gagnant le droit de disputer les barrages d&rsquo;accession. \u00c0 trois reprises, les Parisiens ont c\u00e9d\u00e9 d\u00e8s le premier match en s&rsquo;inclinant contre Grenoble (0-2 en 2021), Sochaux (1-2 en 2023) et Rodez (2-2, 3 tirs au but \u00e0 2 en 2024).<\/p>\n<h2>Des cadres pass\u00e9s et pr\u00e9sents<\/h2>\n<p style=\"text-align: justify;\">Durant les six saisons qui ont suivi ce barrage initial, les entra\u00eeneurs se sont ainsi succ\u00e9d\u00e9 avec comme point commun la m\u00eame mission, celle de mener l&rsquo;\u00e9quipe vers l&rsquo;\u00e9lite. Certains noms bien connus de l&rsquo;\u00e9cosyst\u00e8me de la Ligue 1 s&rsquo;y sont d&rsquo;ailleurs essay\u00e9s, \u00e0 l&rsquo;image de <strong>Ren\u00e9 Girard<\/strong> pendant un an et demi. Sans succ\u00e8s. Cette saison, <strong>St\u00e9phane Gilli<\/strong> a enfin trouv\u00e9 les cl\u00e9s autour de joueurs cadres, \u00e0 l&rsquo;image de la fratrie <strong>Lopez<\/strong> dont le cadet, <strong>Maxime<\/strong> est arriv\u00e9 en provenance de Sassuolo l&rsquo;\u00e9t\u00e9 dernier apr\u00e8s une ann\u00e9e en pr\u00eat \u00e0 la Fiorentina. Une r\u00e9ussite collective \u00e0 mettre au cr\u00e9dit \u00e9galement de<strong> Timoth\u00e9e Kolodziejczak,<\/strong> le capitaine exp\u00e9riment\u00e9 (188 matchs de Ligue 1), ou de ses joueurs offensifs comme <strong>Jean-Philippe Krasso,<\/strong> meilleur buteur cette saison (15 buts en 30 matchs) et<strong> Ilan Kebbal<\/strong> (5 buts, 6 passes d\u00e9cisives).<\/p>\n<p style=\"text-align: justify;\">On n&rsquo;oubliera pas tous les anciens qui ont contribu\u00e9 \u00e0 consolider la place du PFC en Ligue 2 \u00e0 commencer par <strong>Vincent Demarconnay<\/strong> qui a gard\u00e9 les cages parisiennes pendant quinze ans, <strong>Ousmane Kant\u00e9, Lalaina Nomenjanahary<\/strong> ou <strong>Cyril Mandouki <\/strong>(517 matchs \u00e0 eux trois). D&rsquo;autres, ont apport\u00e9 leur exp\u00e9rience au club gr\u00e2ce \u00e0 leur carri\u00e8re internationale \u00e0 l&rsquo;image de <strong>Jonathan Pitroipa<\/strong> ou <strong>J\u00e9r\u00e9my M\u00e9nez<\/strong>. Avec plus ou moins de succ\u00e8s.<\/p>\n<h2>Un rachat et une qu\u00eate d&rsquo;identit\u00e9<\/h2>\n<p style=\"text-align: justify;\">Tout au long des derni\u00e8res saisons, l&rsquo;effectif a ainsi \u00e9volu\u00e9 au gr\u00e9 des choix sportifs du staff et de la direction parisienne. Celle-ci a, elle aussi, connu des changements puisque le club a \u00e9t\u00e9 rachet\u00e9 \u00e0 l&rsquo;automne 2024 par la <strong>famille Arnault<\/strong>, via sa holding <strong>Agache Sports<\/strong>. Un rachat qui s&rsquo;accompagne \u00e9galement de l&rsquo;entr\u00e9e de <strong>Red Bull<\/strong> au capital pour apporter son expertise au club parisien. Ce n&rsquo;est donc pas un hasard si cette promotion en <strong>Ligue 1<\/strong> intervient quelques mois seulement apr\u00e8s ces changements majeurs qui ont notamment permis d&rsquo;assurer une certaine stabilit\u00e9 financi\u00e8re corr\u00e9l\u00e9e \u00e0 un renouvellement des grandes ambitions du club. Pourtant, il n&rsquo;est pas simple de se r\u00eaver en grand dans l&rsquo;ombre du <strong>Paris Saint-Germain<\/strong>.<\/p>\n<p style=\"text-align: justify;\">Et pour cause, le <strong>Paris FC<\/strong> peine depuis toujours \u00e0 attirer les foules. Il faut dire que le Stade Charl\u00e9ty est tout sauf pratique pour suivre un match de football. Ouverte aux quatre vents, l&rsquo;enceinte, d&rsquo;une capacit\u00e9 de 20 000 places, pleine \u00e0 craquer chaque ann\u00e9e lors du meeting de Diamond League de Paris, n&rsquo;incite pas \u00e0 venir s&rsquo;installer en tribunes. Entre les saisons 2018-2019 et 2022-2023, l&rsquo;affluence moyenne n&rsquo;\u00e9tait que de 2968 spectateurs par match. De fait, l&rsquo;exposition au vent et au froid en hiver et l&rsquo;\u00e9loignement du terrain en raison de la piste d&rsquo;athl\u00e9tisme et l&rsquo;\u00e9tat parfois d\u00e9plorable de la pelouse (pour cette raison, l&rsquo;an dernier le PFC a d\u00fb disputer tous ses matchs \u00e0 domicile du d\u00e9but \u00e0 Troyes) sont trois facteurs qui rendent le stade inadapt\u00e9 pour une \u00e9quipe d&rsquo;un tel calibre et avec l&rsquo;ambition de jouer en Ligue 1.<\/p>\n<h2>La gratuit\u00e9 des places, recette du succ\u00e8s<\/h2>\n<p style=\"text-align: justify;\">Pourtant, les choses avancent dans le bon sens depuis un an et demi. Depuis novembre 2023 et la r\u00e9ception de Bastia, le club a ainsi d\u00e9cid\u00e9 d&rsquo;instaurer <a href=\"https:\/\/parisfc.fr\/club\/communique-officiel-25\/\">la gratuit\u00e9 des places<\/a>. Le club entend par l\u00e0 \u00ab <em>augmenter le niveau de fr\u00e9quentation de ses matchs au Stade Charl\u00e9ty de Paris<\/em> \u00bb mais surtout \u00ab <em>renouer avec l\u2019essence populaire du football et de proposer un spectacle ouvert \u00e0 tous<\/em> \u00bb. L&rsquo;op\u00e9ration a ainsi offert de belles affluences notamment lors de la r\u00e9ception de Bordeaux (13 000 spectateurs) et Saint-Etienne (17 358, record d&rsquo;affluence) et a connu un succ\u00e8s qui lui a permis d&rsquo;\u00eatre renouvel\u00e9e pour la saison 2024-2025.<\/p>\n<p style=\"text-align: justify;\">Le club indiquait d&rsquo;ailleurs que ce succ\u00e8s se mesurait \u00e9galement pour son \u00e9quipe f\u00e9minine puisque l&rsquo;\u00e9quipe se trouvait \u00ab<em> sur le podium des meilleures affluences des matches de poule de la Ligue des Champions f\u00e9minine (avec 2 matchs \u00e0 plus de 10 000 spectateurs), loin devant le FC Barcelone, le Real de Madrid, le Bayern de Munich ou Chelsea<\/em> \u00bb. N\u00e9anmoins, la gratuit\u00e9 ne suffirait pas \u00e0 se substituer aux standards de la Ligue 1. Pour cette raison, les dirigeants ont annonc\u00e9 que l&rsquo;an prochain, l&rsquo;\u00e9quipe disputerait ses rencontres \u00e0 domicile au <strong>stade Jean Bouin<\/strong>, en alternance avec le <strong>Stade Fran\u00e7ais<\/strong>. L&rsquo;enceinte, plus habitu\u00e9e aux joies du Top 14, poss\u00e8de une capacit\u00e9 comparable, mais une disposition bien plus adapt\u00e9e pour les sports collectifs.<\/p>\n<h2>Une mont\u00e9e et des d\u00e9fis<\/h2>\n<p style=\"text-align: justify;\">Le Paris FC disputera ainsi la saison 2025-2026 du championnat de France de <strong>Ligue 1<\/strong>. En plus de se faire un nom derri\u00e8re le <strong>Paris Saint-Germain<\/strong>, le deuxi\u00e8me club de la capitale devra par ailleurs se montrer performant en mati\u00e8re de s\u00e9curit\u00e9. En effet, si on se souvient des violents heurts entre des ultras parisiens et lyonnais lors du 32\u00e8me de finale de la Coupe de France 2021-2022 et qui avaient abouti \u00e0 la disqualification des deux \u00e9quipes, ou de ceux contre <strong>Rodez<\/strong> en novembre, plus r\u00e9cemment, le ministre de l&rsquo;Int\u00e9rieur a annonc\u00e9 vouloir dissoudre le groupe d&rsquo;ultras <strong>L\u00e9gion X<\/strong>. Le Paris FC, qui a pris acte de cette d\u00e9cision, a cependant r\u00e9torqu\u00e9 en d\u00e9mentant que le groupe de supporteurs \u00e9tait reconnu par le club et en rappelant ses bonnes relations avec les deux groupes reconnus.<\/p>\n<p style=\"text-align: justify;\">Outre la s\u00e9curit\u00e9 autour des rencontres, le d\u00e9fi majeur du Paris FC sera bien entendu de se maintenir en Ligue 1. Dans un championnat \u00e0 18 \u00e9quipes depuis la saison derni\u00e8re, il faudra pour cela se montrer le plus solide possible sur sa pelouse avant d&rsquo;esp\u00e9rer r\u00e9cup\u00e9rer de pr\u00e9cieux points \u00e0 l&rsquo;ext\u00e9rieur. Cela afin de rester dans le top 15 et se pr\u00e9munir de tout risque de rel\u00e9gation. Le PFC a mis sept ans \u00e0 acc\u00e9der \u00e0 l&rsquo;\u00e9lite et compte bien s&rsquo;y maintenir au-del\u00e0 du mois de mai prochain.<\/p>\n<blockquote class=\"twitter-tweet\">\n<p dir=\"ltr\" lang=\"fr\">\u26bd\ufe0f <a href=\"https:\/\/twitter.com\/hashtag\/Ligue2BKT?src=hash&amp;ref_src=twsrc%5Etfw\">#Ligue2BKT<\/a><br \/>\n\u23eb\ud83d\udd25 C&rsquo;EST FAIT ! LE <a href=\"https:\/\/twitter.com\/ParisFC?ref_src=twsrc%5Etfw\">@ParisFC<\/a> EST EN LIGUE 1 !<a href=\"https:\/\/twitter.com\/hashtag\/beINLigue2?src=hash&amp;ref_src=twsrc%5Etfw\">#beINLigue2<\/a> <a href=\"https:\/\/twitter.com\/hashtag\/MultiLigue2?src=hash&amp;ref_src=twsrc%5Etfw\">#MultiLigue2<\/a> <a href=\"https:\/\/twitter.com\/hashtag\/FCMPFC?src=hash&amp;ref_src=twsrc%5Etfw\">#FCMPFC<\/a> <a href=\"https:\/\/t.co\/39a5oFAQBX\">pic.twitter.com\/39a5oFAQBX<\/a><\/p>\n<p>\u2014 beIN SPORTS (@beinsports_FR) <a href=\"https:\/\/twitter.com\/beinsports_FR\/status\/1918395672954294445?ref_src=twsrc%5Etfw\">May 2, 2025<\/a><\/p><\/blockquote>\n<p><script async src=\"https:\/\/platform.twitter.com\/widgets.js\" charset=\"utf-8\"><\/script><\/p>\n","protected":false},"excerpt":{"rendered":"<p>Promu en Ligue 1 l&rsquo;an prochain, le Paris FC a r\u00e9alis\u00e9 l&rsquo;aboutissement de sept ans de travail depuis son premier barrage.<\/p>\n","protected":false},"author":91,"featured_media":576121,"comment_status":"open","ping_status":"closed","sticky":false,"template":"","format":"standard","meta":{"_acf_changed":false,"_daextam_enable_autolinks":"1","footnotes":""},"categories":[2301],"tags":[16878,75,231,3364],"class_list":["post-576094","post","type-post","status-publish","format-standard","has-post-thumbnail","hentry","category-football","tag-breve","tag-football","tag-ligue-2","tag-paris-fc"],"acf":[],"yoast_head":"<!-- This site is optimized with the Yoast SEO Premium plugin v26.7 (Yoast SEO v26.7) - https:\/\/yoast.com\/wordpress\/plugins\/seo\/ -->\n<title>Ligue 2 : Promu en Ligue 1, le Paris FC change de dimension<\/title>\n<meta name=\"description\" content=\"LIGUE 2 2024-2025 - Promu en Ligue 1 l&#039;an prochain, le Paris FC a r\u00e9alis\u00e9 l&#039;aboutissement de sept ans de travail depuis son premier barrage.\" \/>\n<meta name=\"robots\" content=\"index, follow, max-snippet:-1, max-image-preview:large, max-video-preview:-1\" \/>\n<link rel=\"canonical\" href=\"https:\/\/dicodusport.fr\/blog\/ligue-2-promu-en-ligue-1-le-paris-fc-change-de-dimension\/\" \/>\n<meta property=\"og:locale\" content=\"fr_FR\" \/>\n<meta property=\"og:type\" content=\"article\" \/>\n<meta property=\"og:title\" content=\"Ligue 2 : Promu en Ligue 1, le Paris FC change de dimension\" \/>\n<meta property=\"og:description\" content=\"LIGUE 2 2024-2025 - Promu en Ligue 1 l&#039;an prochain, le Paris FC a r\u00e9alis\u00e9 l&#039;aboutissement de sept ans de travail depuis son premier barrage.\" \/>\n<meta property=\"og:url\" content=\"https:\/\/dicodusport.fr\/blog\/ligue-2-promu-en-ligue-1-le-paris-fc-change-de-dimension\/\" \/>\n<meta property=\"og:site_name\" content=\"Dicodusport\" \/>\n<meta property=\"article:publisher\" content=\"https:\/\/www.facebook.com\/dicodusport\" \/>\n<meta property=\"article:published_time\" content=\"2025-05-03T06:00:50+00:00\" \/>\n<meta property=\"og:image\" content=\"https:\/\/dicodusport.fr\/blog\/wp-content\/uploads\/2025\/05\/Ligue-2-Promu-en-Ligue-1-le-Paris-FC-change-de-dimension.png\" \/>\n\t<meta property=\"og:image:width\" content=\"1200\" \/>\n\t<meta property=\"og:image:height\" content=\"674\" \/>\n\t<meta property=\"og:image:type\" content=\"image\/png\" \/>\n<meta name=\"author\" content=\"Victor Clot-Amiot\" \/>\n<meta name=\"twitter:card\" content=\"summary_large_image\" \/>\n<meta name=\"twitter:title\" content=\"Ligue 2 : Promu en Ligue 1, le Paris FC change de dimension\" \/>\n<meta name=\"twitter:creator\" content=\"@https:\/\/x.com\/VictorClotAmiot\" \/>\n<meta name=\"twitter:site\" content=\"@dicodusport\" \/>\n<script type=\"application\/ld+json\" class=\"yoast-schema-graph\">{\"@context\":\"https:\/\/schema.org\",\"@graph\":[{\"@type\":\"NewsArticle\",\"@id\":\"https:\/\/dicodusport.fr\/blog\/ligue-2-promu-en-ligue-1-le-paris-fc-change-de-dimension\/#article\",\"isPartOf\":{\"@id\":\"https:\/\/dicodusport.fr\/blog\/ligue-2-promu-en-ligue-1-le-paris-fc-change-de-dimension\/\"},\"author\":{\"name\":\"Victor Clot-Amiot\",\"@id\":\"https:\/\/dicodusport.fr\/blog\/#\/schema\/person\/b623199cba9ba90fe84a3d16e9282360\"},\"headline\":\"Ligue 2 : Promu en Ligue 1, le Paris FC change de dimension\",\"datePublished\":\"2025-05-03T06:00:50+00:00\",\"mainEntityOfPage\":{\"@id\":\"https:\/\/dicodusport.fr\/blog\/ligue-2-promu-en-ligue-1-le-paris-fc-change-de-dimension\/\"},\"wordCount\":1353,\"commentCount\":0,\"publisher\":{\"@id\":\"https:\/\/dicodusport.fr\/blog\/#organization\"},\"image\":{\"@id\":\"https:\/\/dicodusport.fr\/blog\/ligue-2-promu-en-ligue-1-le-paris-fc-change-de-dimension\/#primaryimage\"},\"thumbnailUrl\":\"https:\/\/dicodusport.fr\/blog\/wp-content\/uploads\/2025\/05\/Ligue-2-Promu-en-Ligue-1-le-Paris-FC-change-de-dimension.png\",\"keywords\":[\"br\u00e8ve\",\"Football\",\"ligue 2\",\"Paris FC\"],\"articleSection\":[\"Football\"],\"inLanguage\":\"fr-FR\",\"potentialAction\":[{\"@type\":\"CommentAction\",\"name\":\"Comment\",\"target\":[\"https:\/\/dicodusport.fr\/blog\/ligue-2-promu-en-ligue-1-le-paris-fc-change-de-dimension\/#respond\"]}],\"copyrightYear\":\"2025\",\"copyrightHolder\":{\"@id\":\"https:\/\/dicodusport.fr\/blog\/#organization\"}},{\"@type\":\"WebPage\",\"@id\":\"https:\/\/dicodusport.fr\/blog\/ligue-2-promu-en-ligue-1-le-paris-fc-change-de-dimension\/\",\"url\":\"https:\/\/dicodusport.fr\/blog\/ligue-2-promu-en-ligue-1-le-paris-fc-change-de-dimension\/\",\"name\":\"Ligue 2 : Promu en Ligue 1, le Paris FC change de dimension\",\"isPartOf\":{\"@id\":\"https:\/\/dicodusport.fr\/blog\/#website\"},\"primaryImageOfPage\":{\"@id\":\"https:\/\/dicodusport.fr\/blog\/ligue-2-promu-en-ligue-1-le-paris-fc-change-de-dimension\/#primaryimage\"},\"image\":{\"@id\":\"https:\/\/dicodusport.fr\/blog\/ligue-2-promu-en-ligue-1-le-paris-fc-change-de-dimension\/#primaryimage\"},\"thumbnailUrl\":\"https:\/\/dicodusport.fr\/blog\/wp-content\/uploads\/2025\/05\/Ligue-2-Promu-en-Ligue-1-le-Paris-FC-change-de-dimension.png\",\"datePublished\":\"2025-05-03T06:00:50+00:00\",\"description\":\"LIGUE 2 2024-2025 - Promu en Ligue 1 l'an prochain, le Paris FC a r\u00e9alis\u00e9 l'aboutissement de sept ans de travail depuis son premier barrage.\",\"breadcrumb\":{\"@id\":\"https:\/\/dicodusport.fr\/blog\/ligue-2-promu-en-ligue-1-le-paris-fc-change-de-dimension\/#breadcrumb\"},\"inLanguage\":\"fr-FR\",\"potentialAction\":[{\"@type\":\"ReadAction\",\"target\":[\"https:\/\/dicodusport.fr\/blog\/ligue-2-promu-en-ligue-1-le-paris-fc-change-de-dimension\/\"]}]},{\"@type\":\"ImageObject\",\"inLanguage\":\"fr-FR\",\"@id\":\"https:\/\/dicodusport.fr\/blog\/ligue-2-promu-en-ligue-1-le-paris-fc-change-de-dimension\/#primaryimage\",\"url\":\"https:\/\/dicodusport.fr\/blog\/wp-content\/uploads\/2025\/05\/Ligue-2-Promu-en-Ligue-1-le-Paris-FC-change-de-dimension.png\",\"contentUrl\":\"https:\/\/dicodusport.fr\/blog\/wp-content\/uploads\/2025\/05\/Ligue-2-Promu-en-Ligue-1-le-Paris-FC-change-de-dimension.png\",\"width\":1200,\"height\":674,\"caption\":\"Ligue 2 Promu en Ligue 1, le Paris FC change de dimension\"},{\"@type\":\"BreadcrumbList\",\"@id\":\"https:\/\/dicodusport.fr\/blog\/ligue-2-promu-en-ligue-1-le-paris-fc-change-de-dimension\/#breadcrumb\",\"itemListElement\":[{\"@type\":\"ListItem\",\"position\":1,\"name\":\"Accueil\",\"item\":\"https:\/\/dicodusport.fr\/blog\/\"},{\"@type\":\"ListItem\",\"position\":2,\"name\":\"Ligue 2 : Promu en Ligue 1, le Paris FC change de dimension\"}]},{\"@type\":\"WebSite\",\"@id\":\"https:\/\/dicodusport.fr\/blog\/#website\",\"url\":\"https:\/\/dicodusport.fr\/blog\/\",\"name\":\"Dicodusport\",\"description\":\"L&#039;encyclop\u00e9die de l&#039;actualit\u00e9 sportive\",\"publisher\":{\"@id\":\"https:\/\/dicodusport.fr\/blog\/#organization\"},\"potentialAction\":[{\"@type\":\"SearchAction\",\"target\":{\"@type\":\"EntryPoint\",\"urlTemplate\":\"https:\/\/dicodusport.fr\/blog\/?s={search_term_string}\"},\"query-input\":{\"@type\":\"PropertyValueSpecification\",\"valueRequired\":true,\"valueName\":\"search_term_string\"}}],\"inLanguage\":\"fr-FR\"},{\"@type\":\"NewsMediaOrganization\",\"@id\":\"https:\/\/dicodusport.fr\/blog\/#organization\",\"name\":\"Dicodusport\",\"url\":\"https:\/\/dicodusport.fr\/blog\/\",\"logo\":{\"@type\":\"ImageObject\",\"inLanguage\":\"fr-FR\",\"@id\":\"https:\/\/dicodusport.fr\/blog\/#\/schema\/logo\/image\/\",\"url\":\"https:\/\/dicodusport.fr\/blog\/wp-content\/uploads\/2020\/06\/cropped-LOGO-DICODUSPORT-2020-SANS-FOND-SANS-TEXTE.png\",\"contentUrl\":\"https:\/\/dicodusport.fr\/blog\/wp-content\/uploads\/2020\/06\/cropped-LOGO-DICODUSPORT-2020-SANS-FOND-SANS-TEXTE.png\",\"width\":512,\"height\":512,\"caption\":\"Dicodusport\"},\"image\":{\"@id\":\"https:\/\/dicodusport.fr\/blog\/#\/schema\/logo\/image\/\"},\"sameAs\":[\"https:\/\/www.facebook.com\/dicodusport\",\"https:\/\/x.com\/dicodusport\",\"https:\/\/www.instagram.com\/dicodusport\/\",\"https:\/\/www.youtube.com\/channel\/UC7V2KZ5sd3htJivAbA4ZG3w\"],\"description\":\"Dicodusport est l'encyclop\u00e9die de l'actualit\u00e9 sportive.\",\"email\":\"bonjour@dicodusport.fr\",\"legalName\":\"DICODUSPORT\",\"foundingDate\":\"2018-01-14\",\"vatID\":\"FR71834470973\",\"taxID\":\"83447097300043\",\"numberOfEmployees\":{\"@type\":\"QuantitativeValue\",\"minValue\":\"1\",\"maxValue\":\"10\"}},{\"@type\":\"Person\",\"@id\":\"https:\/\/dicodusport.fr\/blog\/#\/schema\/person\/b623199cba9ba90fe84a3d16e9282360\",\"name\":\"Victor Clot-Amiot\",\"image\":{\"@type\":\"ImageObject\",\"inLanguage\":\"fr-FR\",\"@id\":\"https:\/\/dicodusport.fr\/blog\/#\/schema\/person\/image\/\",\"url\":\"https:\/\/dicodusport.fr\/blog\/wp-content\/uploads\/2023\/09\/IMG_20190826_114722-150x150.jpg\",\"contentUrl\":\"https:\/\/dicodusport.fr\/blog\/wp-content\/uploads\/2023\/09\/IMG_20190826_114722-150x150.jpg\",\"caption\":\"Victor Clot-Amiot\"},\"description\":\"Passionn\u00e9 de sport depuis toujours, un jour \u00e0 l'adolescence mes parents m'ont dit : \\\"quitte \u00e0 passer ton temps \u00e0 regarder du sport, au moins va le voir en vrai\\\" ! Depuis, cette remarque ne m'a plus quitt\u00e9 et je passe une grande partie de mon temps libre \u00e0 assister \u00e0 des comp\u00e9titions de tous sports. Je m\u00eale d'ailleurs mes deux passions, le sport et les voyages afin de faire une pierre deux coups ! Outre l'US Open ou l'Euro 2021 par exemple, j'ai assist\u00e9 cet \u00e9t\u00e9 aux Mondiaux d'athl\u00e9tisme \u00e0 Budapest. Mon plus gros coup dur est et restera les JO 2020-2021 pour lesquels j'avais r\u00e9serv\u00e9 17 \u00e9preuves. La suite, vous la connaissez...\",\"sameAs\":[\"https:\/\/x.com\/https:\/\/x.com\/VictorClotAmiot\"],\"url\":\"https:\/\/dicodusport.fr\/blog\/author\/victor-clot-amiot\/\"}]}<\/script>\n<!-- \/ Yoast SEO Premium plugin. -->","yoast_head_json":{"title":"Ligue 2 : Promu en Ligue 1, le Paris FC change de dimension","description":"LIGUE 2 2024-2025 - Promu en Ligue 1 l'an prochain, le Paris FC a r\u00e9alis\u00e9 l'aboutissement de sept ans de travail depuis son premier barrage.","robots":{"index":"index","follow":"follow","max-snippet":"max-snippet:-1","max-image-preview":"max-image-preview:large","max-video-preview":"max-video-preview:-1"},"canonical":"https:\/\/dicodusport.fr\/blog\/ligue-2-promu-en-ligue-1-le-paris-fc-change-de-dimension\/","og_locale":"fr_FR","og_type":"article","og_title":"Ligue 2 : Promu en Ligue 1, le Paris FC change de dimension","og_description":"LIGUE 2 2024-2025 - Promu en Ligue 1 l'an prochain, le Paris FC a r\u00e9alis\u00e9 l'aboutissement de sept ans de travail depuis son premier barrage.","og_url":"https:\/\/dicodusport.fr\/blog\/ligue-2-promu-en-ligue-1-le-paris-fc-change-de-dimension\/","og_site_name":"Dicodusport","article_publisher":"https:\/\/www.facebook.com\/dicodusport","article_published_time":"2025-05-03T06:00:50+00:00","og_image":[{"width":1200,"height":674,"url":"https:\/\/dicodusport.fr\/blog\/wp-content\/uploads\/2025\/05\/Ligue-2-Promu-en-Ligue-1-le-Paris-FC-change-de-dimension.png","type":"image\/png"}],"author":"Victor Clot-Amiot","twitter_card":"summary_large_image","twitter_title":"Ligue 2 : Promu en Ligue 1, le Paris FC change de dimension","twitter_creator":"@https:\/\/x.com\/VictorClotAmiot","twitter_site":"@dicodusport","schema":{"@context":"https:\/\/schema.org","@graph":[{"@type":"NewsArticle","@id":"https:\/\/dicodusport.fr\/blog\/ligue-2-promu-en-ligue-1-le-paris-fc-change-de-dimension\/#article","isPartOf":{"@id":"https:\/\/dicodusport.fr\/blog\/ligue-2-promu-en-ligue-1-le-paris-fc-change-de-dimension\/"},"author":{"name":"Victor Clot-Amiot","@id":"https:\/\/dicodusport.fr\/blog\/#\/schema\/person\/b623199cba9ba90fe84a3d16e9282360"},"headline":"Ligue 2 : Promu en Ligue 1, le Paris FC change de dimension","datePublished":"2025-05-03T06:00:50+00:00","mainEntityOfPage":{"@id":"https:\/\/dicodusport.fr\/blog\/ligue-2-promu-en-ligue-1-le-paris-fc-change-de-dimension\/"},"wordCount":1353,"commentCount":0,"publisher":{"@id":"https:\/\/dicodusport.fr\/blog\/#organization"},"image":{"@id":"https:\/\/dicodusport.fr\/blog\/ligue-2-promu-en-ligue-1-le-paris-fc-change-de-dimension\/#primaryimage"},"thumbnailUrl":"https:\/\/dicodusport.fr\/blog\/wp-content\/uploads\/2025\/05\/Ligue-2-Promu-en-Ligue-1-le-Paris-FC-change-de-dimension.png","keywords":["br\u00e8ve","Football","ligue 2","Paris FC"],"articleSection":["Football"],"inLanguage":"fr-FR","potentialAction":[{"@type":"CommentAction","name":"Comment","target":["https:\/\/dicodusport.fr\/blog\/ligue-2-promu-en-ligue-1-le-paris-fc-change-de-dimension\/#respond"]}],"copyrightYear":"2025","copyrightHolder":{"@id":"https:\/\/dicodusport.fr\/blog\/#organization"}},{"@type":"WebPage","@id":"https:\/\/dicodusport.fr\/blog\/ligue-2-promu-en-ligue-1-le-paris-fc-change-de-dimension\/","url":"https:\/\/dicodusport.fr\/blog\/ligue-2-promu-en-ligue-1-le-paris-fc-change-de-dimension\/","name":"Ligue 2 : Promu en Ligue 1, le Paris FC change de dimension","isPartOf":{"@id":"https:\/\/dicodusport.fr\/blog\/#website"},"primaryImageOfPage":{"@id":"https:\/\/dicodusport.fr\/blog\/ligue-2-promu-en-ligue-1-le-paris-fc-change-de-dimension\/#primaryimage"},"image":{"@id":"https:\/\/dicodusport.fr\/blog\/ligue-2-promu-en-ligue-1-le-paris-fc-change-de-dimension\/#primaryimage"},"thumbnailUrl":"https:\/\/dicodusport.fr\/blog\/wp-content\/uploads\/2025\/05\/Ligue-2-Promu-en-Ligue-1-le-Paris-FC-change-de-dimension.png","datePublished":"2025-05-03T06:00:50+00:00","description":"LIGUE 2 2024-2025 - Promu en Ligue 1 l'an prochain, le Paris FC a r\u00e9alis\u00e9 l'aboutissement de sept ans de travail depuis son premier barrage.","breadcrumb":{"@id":"https:\/\/dicodusport.fr\/blog\/ligue-2-promu-en-ligue-1-le-paris-fc-change-de-dimension\/#breadcrumb"},"inLanguage":"fr-FR","potentialAction":[{"@type":"ReadAction","target":["https:\/\/dicodusport.fr\/blog\/ligue-2-promu-en-ligue-1-le-paris-fc-change-de-dimension\/"]}]},{"@type":"ImageObject","inLanguage":"fr-FR","@id":"https:\/\/dicodusport.fr\/blog\/ligue-2-promu-en-ligue-1-le-paris-fc-change-de-dimension\/#primaryimage","url":"https:\/\/dicodusport.fr\/blog\/wp-content\/uploads\/2025\/05\/Ligue-2-Promu-en-Ligue-1-le-Paris-FC-change-de-dimension.png","contentUrl":"https:\/\/dicodusport.fr\/blog\/wp-content\/uploads\/2025\/05\/Ligue-2-Promu-en-Ligue-1-le-Paris-FC-change-de-dimension.png","width":1200,"height":674,"caption":"Ligue 2 Promu en Ligue 1, le Paris FC change de dimension"},{"@type":"BreadcrumbList","@id":"https:\/\/dicodusport.fr\/blog\/ligue-2-promu-en-ligue-1-le-paris-fc-change-de-dimension\/#breadcrumb","itemListElement":[{"@type":"ListItem","position":1,"name":"Accueil","item":"https:\/\/dicodusport.fr\/blog\/"},{"@type":"ListItem","position":2,"name":"Ligue 2 : Promu en Ligue 1, le Paris FC change de dimension"}]},{"@type":"WebSite","@id":"https:\/\/dicodusport.fr\/blog\/#website","url":"https:\/\/dicodusport.fr\/blog\/","name":"Dicodusport","description":"L&#039;encyclop\u00e9die de l&#039;actualit\u00e9 sportive","publisher":{"@id":"https:\/\/dicodusport.fr\/blog\/#organization"},"potentialAction":[{"@type":"SearchAction","target":{"@type":"EntryPoint","urlTemplate":"https:\/\/dicodusport.fr\/blog\/?s={search_term_string}"},"query-input":{"@type":"PropertyValueSpecification","valueRequired":true,"valueName":"search_term_string"}}],"inLanguage":"fr-FR"},{"@type":"NewsMediaOrganization","@id":"https:\/\/dicodusport.fr\/blog\/#organization","name":"Dicodusport","url":"https:\/\/dicodusport.fr\/blog\/","logo":{"@type":"ImageObject","inLanguage":"fr-FR","@id":"https:\/\/dicodusport.fr\/blog\/#\/schema\/logo\/image\/","url":"https:\/\/dicodusport.fr\/blog\/wp-content\/uploads\/2020\/06\/cropped-LOGO-DICODUSPORT-2020-SANS-FOND-SANS-TEXTE.png","contentUrl":"https:\/\/dicodusport.fr\/blog\/wp-content\/uploads\/2020\/06\/cropped-LOGO-DICODUSPORT-2020-SANS-FOND-SANS-TEXTE.png","width":512,"height":512,"caption":"Dicodusport"},"image":{"@id":"https:\/\/dicodusport.fr\/blog\/#\/schema\/logo\/image\/"},"sameAs":["https:\/\/www.facebook.com\/dicodusport","https:\/\/x.com\/dicodusport","https:\/\/www.instagram.com\/dicodusport\/","https:\/\/www.youtube.com\/channel\/UC7V2KZ5sd3htJivAbA4ZG3w"],"description":"Dicodusport est l'encyclop\u00e9die de l'actualit\u00e9 sportive.","email":"bonjour@dicodusport.fr","legalName":"DICODUSPORT","foundingDate":"2018-01-14","vatID":"FR71834470973","taxID":"83447097300043","numberOfEmployees":{"@type":"QuantitativeValue","minValue":"1","maxValue":"10"}},{"@type":"Person","@id":"https:\/\/dicodusport.fr\/blog\/#\/schema\/person\/b623199cba9ba90fe84a3d16e9282360","name":"Victor Clot-Amiot","image":{"@type":"ImageObject","inLanguage":"fr-FR","@id":"https:\/\/dicodusport.fr\/blog\/#\/schema\/person\/image\/","url":"https:\/\/dicodusport.fr\/blog\/wp-content\/uploads\/2023\/09\/IMG_20190826_114722-150x150.jpg","contentUrl":"https:\/\/dicodusport.fr\/blog\/wp-content\/uploads\/2023\/09\/IMG_20190826_114722-150x150.jpg","caption":"Victor Clot-Amiot"},"description":"Passionn\u00e9 de sport depuis toujours, un jour \u00e0 l'adolescence mes parents m'ont dit : \"quitte \u00e0 passer ton temps \u00e0 regarder du sport, au moins va le voir en vrai\" ! Depuis, cette remarque ne m'a plus quitt\u00e9 et je passe une grande partie de mon temps libre \u00e0 assister \u00e0 des comp\u00e9titions de tous sports. Je m\u00eale d'ailleurs mes deux passions, le sport et les voyages afin de faire une pierre deux coups ! Outre l'US Open ou l'Euro 2021 par exemple, j'ai assist\u00e9 cet \u00e9t\u00e9 aux Mondiaux d'athl\u00e9tisme \u00e0 Budapest. Mon plus gros coup dur est et restera les JO 2020-2021 pour lesquels j'avais r\u00e9serv\u00e9 17 \u00e9preuves. La suite, vous la connaissez...","sameAs":["https:\/\/x.com\/https:\/\/x.com\/VictorClotAmiot"],"url":"https:\/\/dicodusport.fr\/blog\/author\/victor-clot-amiot\/"}]}},"_links":{"self":[{"href":"https:\/\/dicodusport.fr\/blog\/wp-json\/wp\/v2\/posts\/576094","targetHints":{"allow":["GET"]}}],"collection":[{"href":"https:\/\/dicodusport.fr\/blog\/wp-json\/wp\/v2\/posts"}],"about":[{"href":"https:\/\/dicodusport.fr\/blog\/wp-json\/wp\/v2\/types\/post"}],"author":[{"embeddable":true,"href":"https:\/\/dicodusport.fr\/blog\/wp-json\/wp\/v2\/users\/91"}],"replies":[{"embeddable":true,"href":"https:\/\/dicodusport.fr\/blog\/wp-json\/wp\/v2\/comments?post=576094"}],"version-history":[{"count":5,"href":"https:\/\/dicodusport.fr\/blog\/wp-json\/wp\/v2\/posts\/576094\/revisions"}],"predecessor-version":[{"id":576122,"href":"https:\/\/dicodusport.fr\/blog\/wp-json\/wp\/v2\/posts\/576094\/revisions\/576122"}],"wp:featuredmedia":[{"embeddable":true,"href":"https:\/\/dicodusport.fr\/blog\/wp-json\/wp\/v2\/media\/576121"}],"wp:attachment":[{"href":"https:\/\/dicodusport.fr\/blog\/wp-json\/wp\/v2\/media?parent=576094"}],"wp:term":[{"taxonomy":"category","embeddable":true,"href":"https:\/\/dicodusport.fr\/blog\/wp-json\/wp\/v2\/categories?post=576094"},{"taxonomy":"post_tag","embeddable":true,"href":"https:\/\/dicodusport.fr\/blog\/wp-json\/wp\/v2\/tags?post=576094"}],"curies":[{"name":"wp","href":"https:\/\/api.w.org\/{rel}","templated":true}]}}