{"id":57611,"date":"2020-01-21T19:58:22","date_gmt":"2020-01-21T18:58:22","guid":{"rendered":"http:\/\/dicodusport.fr\/blog\/?p=57611"},"modified":"2020-01-21T21:56:31","modified_gmt":"2020-01-21T20:56:31","slug":"programme-des-francais-mercredi-open-australie","status":"publish","type":"post","link":"https:\/\/dicodusport.fr\/blog\/programme-des-francais-mercredi-open-australie\/","title":{"rendered":"Le programme des Fran\u00e7ais ce mercredi \u00e0 l&rsquo;Open d&rsquo;Australie"},"content":{"rendered":"<p style=\"text-align: justify;\"><strong><em>Cette semaine, place au premier Grand Chelem de l\u2019ann\u00e9e avec l\u2019Open d\u2019Australie. Cette nuit, d\u00e9but du second tour avec d\u00e9j\u00e0 un programme all\u00e9g\u00e9 c\u00f4t\u00e9 Fran\u00e7ais. <\/em><\/strong><\/p>\n<h2 style=\"text-align: justify;\">Le programme des Fran\u00e7ais pour le 2<sup>\u00e8me<\/sup> Tour de l\u2019Open d\u2019Australie (dans la nuit de Mardi \u00e0 Mercredi)<\/h2>\n<p style=\"text-align: justify;\">Suite aux difficult\u00e9s rencontr\u00e9es par nos tricolores au premier tour de l\u2019Open d\u2019Australie, seulement 4 Bleus seront au programme pour le d\u00e9but de ce second tour du premier Grand Chelem de l\u2019ann\u00e9e.<\/p>\n<h3 style=\"text-align: justify;\">Le programme des Hommes<\/h3>\n<p style=\"text-align: justify;\">Apr\u00e8s des d\u00e9buts compliqu\u00e9s pour son entr\u00e9e en mati\u00e8re dans cet Open d\u2019Australie, <strong>Benoit Paire<\/strong> devra incontestablement produire un tout autre tennis pour tenter de venir \u00e0 bout du Croate Marin Cilic (d\u00e9j\u00e0 vainqueur d\u2019un Fran\u00e7ais au premier tour en la personne de Corentin Moutet). Une rencontre \u00e0 suivre en troisi\u00e8me rencontre sur le Court 3.<\/p>\n<blockquote class=\"twitter-tweet\">\n<p dir=\"ltr\" lang=\"fr\">\u00c7a passe en 5 sets pour <a href=\"https:\/\/twitter.com\/benoitpaire?ref_src=twsrc%5Etfw\">@benoitpaire<\/a> contre l\u2019Allemand Stebe (6\/4, 3\/6, 6\/3, 6\/7, 6\/0). Prochain tour contre <a href=\"https:\/\/twitter.com\/cilic_marin?ref_src=twsrc%5Etfw\">@cilic_marin<\/a> tombeur de Moutet un peu plus t\u00f4t! <a href=\"https:\/\/t.co\/FOEEOkDOVi\">pic.twitter.com\/FOEEOkDOVi<\/a><\/p>\n<p>\u2014 FFT (@FFTennis) <a href=\"https:\/\/twitter.com\/FFTennis\/status\/1219456013708869632?ref_src=twsrc%5Etfw\">January 21, 2020<\/a><\/p><\/blockquote>\n<p><script async src=\"https:\/\/platform.twitter.com\/widgets.js\" charset=\"utf-8\"><\/script><\/p>\n<p style=\"text-align: justify;\">La t\u00e2che s\u2019annonce \u00e9galement complexe pour l\u2019autre repr\u00e9sentant tricolore de la nuit chez les hommes. <strong>Gr\u00e9goire Barr\u00e8re<\/strong> sera en effet oppos\u00e9 \u00e0 la t\u00eate de s\u00e9rie num\u00e9ro 22 du tournoi\u00a0: l\u2019Argentin Guido Pella. Pour lui, ce sera en seconde rencontre sur le Court 13.<\/p>\n<ul>\n<li><a href=\"https:\/\/dicodusport.fr\/blog\/open-australie-2020-le-tableau-hommes\/\" target=\"_blank\" rel=\"noopener\"><strong>Le tableau hommes de l&rsquo;Open d&rsquo;Australie<\/strong><\/a><\/li>\n<\/ul>\n<h3 style=\"text-align: justify;\">Le programme des Femmes<\/h3>\n<p style=\"text-align: justify;\">Apr\u00e8s une entame de Grand Chelem r\u00e9ussie, deux Fran\u00e7aises seront au programme sur les courts Australiens pour ce second tour de l\u2019Open d\u2019Australie.<\/p>\n<p style=\"text-align: justify;\">Direction le Court 19 en fin de journ\u00e9e (quatri\u00e8me rencontre) pour en savoir plus sur <strong>Fiona Ferro<\/strong>. La jeune Fran\u00e7aise, en qu\u00eate de r\u00e9ponses, tentera d\u2019en d\u00e9couvrir une partie avec sa confrontation face \u00e0 la t\u00eate de s\u00e9rie 27 du tournoi, la Chinoise Qiang Wang. Une rencontre int\u00e9ressante en perspective.<\/p>\n<p style=\"text-align: justify;\">C\u2019est sur le Court 7 que <strong>Caroline Garcia<\/strong> tentera elle aussi de confirmer son succ\u00e8s du premier tour. Pour elle, ce sera face \u00e0 la Tunisienne Ons Jabeur en seconde rencontre de la journ\u00e9e.<\/p>\n<blockquote class=\"twitter-tweet\">\n<p dir=\"ltr\" lang=\"fr\">Belle r\u00e9action de <a href=\"https:\/\/twitter.com\/CaroGarcia?ref_src=twsrc%5Etfw\">@CaroGarcia<\/a> qui s&rsquo;impose en trois sets contre l&rsquo;Am\u00e9ricaine Madison Brengle au premier tour de l&rsquo;<a href=\"https:\/\/twitter.com\/AustralianOpen?ref_src=twsrc%5Etfw\">@AustralianOpen<\/a> 6\/7(5), 6\/2, 6\/2! <a href=\"https:\/\/t.co\/9W2XhoQLVo\">pic.twitter.com\/9W2XhoQLVo<\/a><\/p>\n<p>\u2014 FFT (@FFTennis) <a href=\"https:\/\/twitter.com\/FFTennis\/status\/1219436571176255489?ref_src=twsrc%5Etfw\">January 21, 2020<\/a><\/p><\/blockquote>\n<p><script async src=\"https:\/\/platform.twitter.com\/widgets.js\" charset=\"utf-8\"><\/script><\/p>\n<ul>\n<li><a href=\"https:\/\/dicodusport.fr\/blog\/open-australie-2020-le-tableau-dames\/\" target=\"_blank\" rel=\"noopener\"><strong>Le tableau dames de l&rsquo;Open d&rsquo;Australie<\/strong><\/a><\/li>\n<\/ul>\n<p><strong><em>Bastien Pitte<br \/>\n<a href=\"https:\/\/www.facebook.com\/bastien.pitte\" target=\"_blank\" rel=\"noopener\"><img loading=\"lazy\" decoding=\"async\" class=\"alignnone wp-image-2909\" src=\"http:\/\/dicodusport.fr\/blog\/wp-content\/uploads\/2017\/07\/logo-facebook-150x150.png\" alt=\"\" width=\"39\" height=\"39\" \/><\/a><\/em><\/strong><a href=\"https:\/\/www.linkedin.com\/in\/bastien-pitte\" target=\"_blank\" rel=\"noopener\"><img loading=\"lazy\" decoding=\"async\" class=\"alignnone wp-image-3711\" src=\"http:\/\/dicodusport.fr\/blog\/wp-content\/uploads\/2017\/08\/signature-linkedin-150x150.png\" alt=\"\" width=\"39\" height=\"39\" srcset=\"https:\/\/dicodusport.fr\/blog\/wp-content\/uploads\/2017\/08\/signature-linkedin-150x150.png 150w, https:\/\/dicodusport.fr\/blog\/wp-content\/uploads\/2017\/08\/signature-linkedin.png 295w\" sizes=\"auto, (max-width: 39px) 100vw, 39px\" \/><\/a><\/p>\n","protected":false},"excerpt":{"rendered":"<p>Cette nuit, d\u00e9but du second tour avec d\u00e9j\u00e0 un programme all\u00e9g\u00e9 c\u00f4t\u00e9 Fran\u00e7ais \u00e0 l&rsquo;Open d&rsquo;Australie et seulement 4 repr\u00e9sentants sur les courts.<\/p>\n","protected":false},"author":28,"featured_media":57622,"comment_status":"open","ping_status":"closed","sticky":false,"template":"","format":"standard","meta":{"_acf_changed":false,"_daextam_enable_autolinks":"","footnotes":""},"categories":[2302],"tags":[5942,2000,7937,8897,3226,4792],"class_list":["post-57611","post","type-post","status-publish","format-standard","has-post-thumbnail","hentry","category-tennis","tag-benoit-paire","tag-caroline-garcia","tag-fiona-ferro","tag-gregoire-barrere","tag-open-daustralie","tag-tennis-francais"],"acf":[],"yoast_head":"<!-- This site is optimized with the Yoast SEO Premium plugin v26.7 (Yoast SEO v26.7) - https:\/\/yoast.com\/wordpress\/plugins\/seo\/ -->\n<title>Le programme des Fran\u00e7ais ce mercredi \u00e0 l&#039;Open d&#039;Australie<\/title>\n<meta name=\"description\" content=\"Cette nuit, d\u00e9but du second tour avec d\u00e9j\u00e0 un programme all\u00e9g\u00e9 c\u00f4t\u00e9 Fran\u00e7ais \u00e0 l&#039;Open d&#039;Australie et seulement 4 repr\u00e9sentants sur les courts.\" \/>\n<meta name=\"robots\" content=\"index, follow, max-snippet:-1, max-image-preview:large, max-video-preview:-1\" \/>\n<link rel=\"canonical\" href=\"https:\/\/dicodusport.fr\/blog\/programme-des-francais-mercredi-open-australie\/\" \/>\n<meta property=\"og:locale\" content=\"fr_FR\" \/>\n<meta property=\"og:type\" content=\"article\" \/>\n<meta property=\"og:title\" content=\"Le programme des Fran\u00e7ais ce mercredi \u00e0 l&#039;Open d&#039;Australie\" \/>\n<meta property=\"og:description\" content=\"Cette nuit, d\u00e9but du second tour avec d\u00e9j\u00e0 un programme all\u00e9g\u00e9 c\u00f4t\u00e9 Fran\u00e7ais \u00e0 l&#039;Open d&#039;Australie et seulement 4 repr\u00e9sentants sur les courts.\" \/>\n<meta property=\"og:url\" content=\"https:\/\/dicodusport.fr\/blog\/programme-des-francais-mercredi-open-australie\/\" \/>\n<meta property=\"og:site_name\" content=\"Dicodusport\" \/>\n<meta property=\"article:publisher\" content=\"https:\/\/www.facebook.com\/dicodusport\" \/>\n<meta property=\"article:published_time\" content=\"2020-01-21T18:58:22+00:00\" \/>\n<meta property=\"article:modified_time\" content=\"2020-01-21T20:56:31+00:00\" \/>\n<meta property=\"og:image\" content=\"https:\/\/dicodusport.fr\/blog\/wp-content\/uploads\/2020\/01\/Le-programme-des-Fran\u00e7ais-ce-mardi-\u00e0-lOpen-dAustralie.png\" \/>\n\t<meta property=\"og:image:width\" content=\"800\" \/>\n\t<meta property=\"og:image:height\" content=\"445\" \/>\n\t<meta property=\"og:image:type\" content=\"image\/png\" \/>\n<meta name=\"author\" content=\"Bastien Pitte\" \/>\n<meta name=\"twitter:card\" content=\"summary_large_image\" \/>\n<meta name=\"twitter:title\" content=\"Le programme des Fran\u00e7ais ce mercredi \u00e0 l&#039;Open d&#039;Australie\" \/>\n<meta name=\"twitter:creator\" content=\"@dicodusport\" \/>\n<meta name=\"twitter:site\" content=\"@dicodusport\" \/>\n<script type=\"application\/ld+json\" class=\"yoast-schema-graph\">{\"@context\":\"https:\/\/schema.org\",\"@graph\":[{\"@type\":\"NewsArticle\",\"@id\":\"https:\/\/dicodusport.fr\/blog\/programme-des-francais-mercredi-open-australie\/#article\",\"isPartOf\":{\"@id\":\"https:\/\/dicodusport.fr\/blog\/programme-des-francais-mercredi-open-australie\/\"},\"author\":{\"name\":\"Bastien Pitte\",\"@id\":\"https:\/\/dicodusport.fr\/blog\/#\/schema\/person\/0d3ca824646a2d0c77bdd7e45230c071\"},\"headline\":\"Le programme des Fran\u00e7ais ce mercredi \u00e0 l&rsquo;Open d&rsquo;Australie\",\"datePublished\":\"2020-01-21T18:58:22+00:00\",\"dateModified\":\"2020-01-21T20:56:31+00:00\",\"mainEntityOfPage\":{\"@id\":\"https:\/\/dicodusport.fr\/blog\/programme-des-francais-mercredi-open-australie\/\"},\"wordCount\":424,\"commentCount\":0,\"publisher\":{\"@id\":\"https:\/\/dicodusport.fr\/blog\/#organization\"},\"image\":{\"@id\":\"https:\/\/dicodusport.fr\/blog\/programme-des-francais-mercredi-open-australie\/#primaryimage\"},\"thumbnailUrl\":\"https:\/\/dicodusport.fr\/blog\/wp-content\/uploads\/2020\/01\/Le-programme-des-Fran\u00e7ais-ce-mardi-\u00e0-lOpen-dAustralie.png\",\"keywords\":[\"Beno\u00eet Paire\",\"Caroline Garcia\",\"Fiona Ferro\",\"Gr\u00e9goire Barr\u00e8re\",\"Open d'Australie\",\"Tennis fran\u00e7ais\"],\"articleSection\":[\"Tennis\"],\"inLanguage\":\"fr-FR\",\"potentialAction\":[{\"@type\":\"CommentAction\",\"name\":\"Comment\",\"target\":[\"https:\/\/dicodusport.fr\/blog\/programme-des-francais-mercredi-open-australie\/#respond\"]}],\"copyrightYear\":\"2020\",\"copyrightHolder\":{\"@id\":\"https:\/\/dicodusport.fr\/blog\/#organization\"}},{\"@type\":\"WebPage\",\"@id\":\"https:\/\/dicodusport.fr\/blog\/programme-des-francais-mercredi-open-australie\/\",\"url\":\"https:\/\/dicodusport.fr\/blog\/programme-des-francais-mercredi-open-australie\/\",\"name\":\"Le programme des Fran\u00e7ais ce mercredi \u00e0 l'Open d'Australie\",\"isPartOf\":{\"@id\":\"https:\/\/dicodusport.fr\/blog\/#website\"},\"primaryImageOfPage\":{\"@id\":\"https:\/\/dicodusport.fr\/blog\/programme-des-francais-mercredi-open-australie\/#primaryimage\"},\"image\":{\"@id\":\"https:\/\/dicodusport.fr\/blog\/programme-des-francais-mercredi-open-australie\/#primaryimage\"},\"thumbnailUrl\":\"https:\/\/dicodusport.fr\/blog\/wp-content\/uploads\/2020\/01\/Le-programme-des-Fran\u00e7ais-ce-mardi-\u00e0-lOpen-dAustralie.png\",\"datePublished\":\"2020-01-21T18:58:22+00:00\",\"dateModified\":\"2020-01-21T20:56:31+00:00\",\"description\":\"Cette nuit, d\u00e9but du second tour avec d\u00e9j\u00e0 un programme all\u00e9g\u00e9 c\u00f4t\u00e9 Fran\u00e7ais \u00e0 l'Open d'Australie et seulement 4 repr\u00e9sentants sur les courts.\",\"breadcrumb\":{\"@id\":\"https:\/\/dicodusport.fr\/blog\/programme-des-francais-mercredi-open-australie\/#breadcrumb\"},\"inLanguage\":\"fr-FR\",\"potentialAction\":[{\"@type\":\"ReadAction\",\"target\":[\"https:\/\/dicodusport.fr\/blog\/programme-des-francais-mercredi-open-australie\/\"]}]},{\"@type\":\"ImageObject\",\"inLanguage\":\"fr-FR\",\"@id\":\"https:\/\/dicodusport.fr\/blog\/programme-des-francais-mercredi-open-australie\/#primaryimage\",\"url\":\"https:\/\/dicodusport.fr\/blog\/wp-content\/uploads\/2020\/01\/Le-programme-des-Fran\u00e7ais-ce-mardi-\u00e0-lOpen-dAustralie.png\",\"contentUrl\":\"https:\/\/dicodusport.fr\/blog\/wp-content\/uploads\/2020\/01\/Le-programme-des-Fran\u00e7ais-ce-mardi-\u00e0-lOpen-dAustralie.png\",\"width\":800,\"height\":445,\"caption\":\"Le programme des Fran\u00e7ais ce mardi \u00e0 l'Open d'Australie\"},{\"@type\":\"BreadcrumbList\",\"@id\":\"https:\/\/dicodusport.fr\/blog\/programme-des-francais-mercredi-open-australie\/#breadcrumb\",\"itemListElement\":[{\"@type\":\"ListItem\",\"position\":1,\"name\":\"Accueil\",\"item\":\"https:\/\/dicodusport.fr\/blog\/\"},{\"@type\":\"ListItem\",\"position\":2,\"name\":\"Le programme des Fran\u00e7ais ce mercredi \u00e0 l&rsquo;Open d&rsquo;Australie\"}]},{\"@type\":\"WebSite\",\"@id\":\"https:\/\/dicodusport.fr\/blog\/#website\",\"url\":\"https:\/\/dicodusport.fr\/blog\/\",\"name\":\"Dicodusport\",\"description\":\"L&#039;encyclop\u00e9die de l&#039;actualit\u00e9 sportive\",\"publisher\":{\"@id\":\"https:\/\/dicodusport.fr\/blog\/#organization\"},\"potentialAction\":[{\"@type\":\"SearchAction\",\"target\":{\"@type\":\"EntryPoint\",\"urlTemplate\":\"https:\/\/dicodusport.fr\/blog\/?s={search_term_string}\"},\"query-input\":{\"@type\":\"PropertyValueSpecification\",\"valueRequired\":true,\"valueName\":\"search_term_string\"}}],\"inLanguage\":\"fr-FR\"},{\"@type\":\"NewsMediaOrganization\",\"@id\":\"https:\/\/dicodusport.fr\/blog\/#organization\",\"name\":\"Dicodusport\",\"url\":\"https:\/\/dicodusport.fr\/blog\/\",\"logo\":{\"@type\":\"ImageObject\",\"inLanguage\":\"fr-FR\",\"@id\":\"https:\/\/dicodusport.fr\/blog\/#\/schema\/logo\/image\/\",\"url\":\"https:\/\/dicodusport.fr\/blog\/wp-content\/uploads\/2020\/06\/cropped-LOGO-DICODUSPORT-2020-SANS-FOND-SANS-TEXTE.png\",\"contentUrl\":\"https:\/\/dicodusport.fr\/blog\/wp-content\/uploads\/2020\/06\/cropped-LOGO-DICODUSPORT-2020-SANS-FOND-SANS-TEXTE.png\",\"width\":512,\"height\":512,\"caption\":\"Dicodusport\"},\"image\":{\"@id\":\"https:\/\/dicodusport.fr\/blog\/#\/schema\/logo\/image\/\"},\"sameAs\":[\"https:\/\/www.facebook.com\/dicodusport\",\"https:\/\/x.com\/dicodusport\",\"https:\/\/www.instagram.com\/dicodusport\/\",\"https:\/\/www.youtube.com\/channel\/UC7V2KZ5sd3htJivAbA4ZG3w\"],\"description\":\"Dicodusport est l'encyclop\u00e9die de l'actualit\u00e9 sportive.\",\"email\":\"bonjour@dicodusport.fr\",\"legalName\":\"DICODUSPORT\",\"foundingDate\":\"2018-01-14\",\"vatID\":\"FR71834470973\",\"taxID\":\"83447097300043\",\"numberOfEmployees\":{\"@type\":\"QuantitativeValue\",\"minValue\":\"1\",\"maxValue\":\"10\"}},{\"@type\":\"Person\",\"@id\":\"https:\/\/dicodusport.fr\/blog\/#\/schema\/person\/0d3ca824646a2d0c77bdd7e45230c071\",\"name\":\"Bastien Pitte\",\"image\":{\"@type\":\"ImageObject\",\"inLanguage\":\"fr-FR\",\"@id\":\"https:\/\/dicodusport.fr\/blog\/#\/schema\/person\/image\/\",\"url\":\"https:\/\/dicodusport.fr\/blog\/wp-content\/uploads\/2020\/06\/cropped-LOGO-DICODUSPORT-2020-SANS-FOND-SANS-TEXTE-150x150.png\",\"contentUrl\":\"https:\/\/dicodusport.fr\/blog\/wp-content\/uploads\/2020\/06\/cropped-LOGO-DICODUSPORT-2020-SANS-FOND-SANS-TEXTE-150x150.png\",\"caption\":\"Bastien Pitte\"},\"url\":\"https:\/\/dicodusport.fr\/blog\/author\/bastien\/\"}]}<\/script>\n<!-- \/ Yoast SEO Premium plugin. -->","yoast_head_json":{"title":"Le programme des Fran\u00e7ais ce mercredi \u00e0 l'Open d'Australie","description":"Cette nuit, d\u00e9but du second tour avec d\u00e9j\u00e0 un programme all\u00e9g\u00e9 c\u00f4t\u00e9 Fran\u00e7ais \u00e0 l'Open d'Australie et seulement 4 repr\u00e9sentants sur les courts.","robots":{"index":"index","follow":"follow","max-snippet":"max-snippet:-1","max-image-preview":"max-image-preview:large","max-video-preview":"max-video-preview:-1"},"canonical":"https:\/\/dicodusport.fr\/blog\/programme-des-francais-mercredi-open-australie\/","og_locale":"fr_FR","og_type":"article","og_title":"Le programme des Fran\u00e7ais ce mercredi \u00e0 l'Open d'Australie","og_description":"Cette nuit, d\u00e9but du second tour avec d\u00e9j\u00e0 un programme all\u00e9g\u00e9 c\u00f4t\u00e9 Fran\u00e7ais \u00e0 l'Open d'Australie et seulement 4 repr\u00e9sentants sur les courts.","og_url":"https:\/\/dicodusport.fr\/blog\/programme-des-francais-mercredi-open-australie\/","og_site_name":"Dicodusport","article_publisher":"https:\/\/www.facebook.com\/dicodusport","article_published_time":"2020-01-21T18:58:22+00:00","article_modified_time":"2020-01-21T20:56:31+00:00","og_image":[{"width":800,"height":445,"url":"https:\/\/dicodusport.fr\/blog\/wp-content\/uploads\/2020\/01\/Le-programme-des-Fran\u00e7ais-ce-mardi-\u00e0-lOpen-dAustralie.png","type":"image\/png"}],"author":"Bastien Pitte","twitter_card":"summary_large_image","twitter_title":"Le programme des Fran\u00e7ais ce mercredi \u00e0 l'Open d'Australie","twitter_creator":"@dicodusport","twitter_site":"@dicodusport","schema":{"@context":"https:\/\/schema.org","@graph":[{"@type":"NewsArticle","@id":"https:\/\/dicodusport.fr\/blog\/programme-des-francais-mercredi-open-australie\/#article","isPartOf":{"@id":"https:\/\/dicodusport.fr\/blog\/programme-des-francais-mercredi-open-australie\/"},"author":{"name":"Bastien Pitte","@id":"https:\/\/dicodusport.fr\/blog\/#\/schema\/person\/0d3ca824646a2d0c77bdd7e45230c071"},"headline":"Le programme des Fran\u00e7ais ce mercredi \u00e0 l&rsquo;Open d&rsquo;Australie","datePublished":"2020-01-21T18:58:22+00:00","dateModified":"2020-01-21T20:56:31+00:00","mainEntityOfPage":{"@id":"https:\/\/dicodusport.fr\/blog\/programme-des-francais-mercredi-open-australie\/"},"wordCount":424,"commentCount":0,"publisher":{"@id":"https:\/\/dicodusport.fr\/blog\/#organization"},"image":{"@id":"https:\/\/dicodusport.fr\/blog\/programme-des-francais-mercredi-open-australie\/#primaryimage"},"thumbnailUrl":"https:\/\/dicodusport.fr\/blog\/wp-content\/uploads\/2020\/01\/Le-programme-des-Fran\u00e7ais-ce-mardi-\u00e0-lOpen-dAustralie.png","keywords":["Beno\u00eet Paire","Caroline Garcia","Fiona Ferro","Gr\u00e9goire Barr\u00e8re","Open d'Australie","Tennis fran\u00e7ais"],"articleSection":["Tennis"],"inLanguage":"fr-FR","potentialAction":[{"@type":"CommentAction","name":"Comment","target":["https:\/\/dicodusport.fr\/blog\/programme-des-francais-mercredi-open-australie\/#respond"]}],"copyrightYear":"2020","copyrightHolder":{"@id":"https:\/\/dicodusport.fr\/blog\/#organization"}},{"@type":"WebPage","@id":"https:\/\/dicodusport.fr\/blog\/programme-des-francais-mercredi-open-australie\/","url":"https:\/\/dicodusport.fr\/blog\/programme-des-francais-mercredi-open-australie\/","name":"Le programme des Fran\u00e7ais ce mercredi \u00e0 l'Open d'Australie","isPartOf":{"@id":"https:\/\/dicodusport.fr\/blog\/#website"},"primaryImageOfPage":{"@id":"https:\/\/dicodusport.fr\/blog\/programme-des-francais-mercredi-open-australie\/#primaryimage"},"image":{"@id":"https:\/\/dicodusport.fr\/blog\/programme-des-francais-mercredi-open-australie\/#primaryimage"},"thumbnailUrl":"https:\/\/dicodusport.fr\/blog\/wp-content\/uploads\/2020\/01\/Le-programme-des-Fran\u00e7ais-ce-mardi-\u00e0-lOpen-dAustralie.png","datePublished":"2020-01-21T18:58:22+00:00","dateModified":"2020-01-21T20:56:31+00:00","description":"Cette nuit, d\u00e9but du second tour avec d\u00e9j\u00e0 un programme all\u00e9g\u00e9 c\u00f4t\u00e9 Fran\u00e7ais \u00e0 l'Open d'Australie et seulement 4 repr\u00e9sentants sur les courts.","breadcrumb":{"@id":"https:\/\/dicodusport.fr\/blog\/programme-des-francais-mercredi-open-australie\/#breadcrumb"},"inLanguage":"fr-FR","potentialAction":[{"@type":"ReadAction","target":["https:\/\/dicodusport.fr\/blog\/programme-des-francais-mercredi-open-australie\/"]}]},{"@type":"ImageObject","inLanguage":"fr-FR","@id":"https:\/\/dicodusport.fr\/blog\/programme-des-francais-mercredi-open-australie\/#primaryimage","url":"https:\/\/dicodusport.fr\/blog\/wp-content\/uploads\/2020\/01\/Le-programme-des-Fran\u00e7ais-ce-mardi-\u00e0-lOpen-dAustralie.png","contentUrl":"https:\/\/dicodusport.fr\/blog\/wp-content\/uploads\/2020\/01\/Le-programme-des-Fran\u00e7ais-ce-mardi-\u00e0-lOpen-dAustralie.png","width":800,"height":445,"caption":"Le programme des Fran\u00e7ais ce mardi \u00e0 l'Open d'Australie"},{"@type":"BreadcrumbList","@id":"https:\/\/dicodusport.fr\/blog\/programme-des-francais-mercredi-open-australie\/#breadcrumb","itemListElement":[{"@type":"ListItem","position":1,"name":"Accueil","item":"https:\/\/dicodusport.fr\/blog\/"},{"@type":"ListItem","position":2,"name":"Le programme des Fran\u00e7ais ce mercredi \u00e0 l&rsquo;Open d&rsquo;Australie"}]},{"@type":"WebSite","@id":"https:\/\/dicodusport.fr\/blog\/#website","url":"https:\/\/dicodusport.fr\/blog\/","name":"Dicodusport","description":"L&#039;encyclop\u00e9die de l&#039;actualit\u00e9 sportive","publisher":{"@id":"https:\/\/dicodusport.fr\/blog\/#organization"},"potentialAction":[{"@type":"SearchAction","target":{"@type":"EntryPoint","urlTemplate":"https:\/\/dicodusport.fr\/blog\/?s={search_term_string}"},"query-input":{"@type":"PropertyValueSpecification","valueRequired":true,"valueName":"search_term_string"}}],"inLanguage":"fr-FR"},{"@type":"NewsMediaOrganization","@id":"https:\/\/dicodusport.fr\/blog\/#organization","name":"Dicodusport","url":"https:\/\/dicodusport.fr\/blog\/","logo":{"@type":"ImageObject","inLanguage":"fr-FR","@id":"https:\/\/dicodusport.fr\/blog\/#\/schema\/logo\/image\/","url":"https:\/\/dicodusport.fr\/blog\/wp-content\/uploads\/2020\/06\/cropped-LOGO-DICODUSPORT-2020-SANS-FOND-SANS-TEXTE.png","contentUrl":"https:\/\/dicodusport.fr\/blog\/wp-content\/uploads\/2020\/06\/cropped-LOGO-DICODUSPORT-2020-SANS-FOND-SANS-TEXTE.png","width":512,"height":512,"caption":"Dicodusport"},"image":{"@id":"https:\/\/dicodusport.fr\/blog\/#\/schema\/logo\/image\/"},"sameAs":["https:\/\/www.facebook.com\/dicodusport","https:\/\/x.com\/dicodusport","https:\/\/www.instagram.com\/dicodusport\/","https:\/\/www.youtube.com\/channel\/UC7V2KZ5sd3htJivAbA4ZG3w"],"description":"Dicodusport est l'encyclop\u00e9die de l'actualit\u00e9 sportive.","email":"bonjour@dicodusport.fr","legalName":"DICODUSPORT","foundingDate":"2018-01-14","vatID":"FR71834470973","taxID":"83447097300043","numberOfEmployees":{"@type":"QuantitativeValue","minValue":"1","maxValue":"10"}},{"@type":"Person","@id":"https:\/\/dicodusport.fr\/blog\/#\/schema\/person\/0d3ca824646a2d0c77bdd7e45230c071","name":"Bastien Pitte","image":{"@type":"ImageObject","inLanguage":"fr-FR","@id":"https:\/\/dicodusport.fr\/blog\/#\/schema\/person\/image\/","url":"https:\/\/dicodusport.fr\/blog\/wp-content\/uploads\/2020\/06\/cropped-LOGO-DICODUSPORT-2020-SANS-FOND-SANS-TEXTE-150x150.png","contentUrl":"https:\/\/dicodusport.fr\/blog\/wp-content\/uploads\/2020\/06\/cropped-LOGO-DICODUSPORT-2020-SANS-FOND-SANS-TEXTE-150x150.png","caption":"Bastien Pitte"},"url":"https:\/\/dicodusport.fr\/blog\/author\/bastien\/"}]}},"_links":{"self":[{"href":"https:\/\/dicodusport.fr\/blog\/wp-json\/wp\/v2\/posts\/57611","targetHints":{"allow":["GET"]}}],"collection":[{"href":"https:\/\/dicodusport.fr\/blog\/wp-json\/wp\/v2\/posts"}],"about":[{"href":"https:\/\/dicodusport.fr\/blog\/wp-json\/wp\/v2\/types\/post"}],"author":[{"embeddable":true,"href":"https:\/\/dicodusport.fr\/blog\/wp-json\/wp\/v2\/users\/28"}],"replies":[{"embeddable":true,"href":"https:\/\/dicodusport.fr\/blog\/wp-json\/wp\/v2\/comments?post=57611"}],"version-history":[{"count":0,"href":"https:\/\/dicodusport.fr\/blog\/wp-json\/wp\/v2\/posts\/57611\/revisions"}],"wp:featuredmedia":[{"embeddable":true,"href":"https:\/\/dicodusport.fr\/blog\/wp-json\/wp\/v2\/media\/57622"}],"wp:attachment":[{"href":"https:\/\/dicodusport.fr\/blog\/wp-json\/wp\/v2\/media?parent=57611"}],"wp:term":[{"taxonomy":"category","embeddable":true,"href":"https:\/\/dicodusport.fr\/blog\/wp-json\/wp\/v2\/categories?post=57611"},{"taxonomy":"post_tag","embeddable":true,"href":"https:\/\/dicodusport.fr\/blog\/wp-json\/wp\/v2\/tags?post=57611"}],"curies":[{"name":"wp","href":"https:\/\/api.w.org\/{rel}","templated":true}]}}