{"id":576221,"date":"2025-05-03T16:12:09","date_gmt":"2025-05-03T14:12:09","guid":{"rendered":"https:\/\/dicodusport.fr\/blog\/?p=576221&#038;preview=true&#038;preview_id=576221"},"modified":"2025-05-03T18:34:17","modified_gmt":"2025-05-03T16:34:17","slug":"tour-de-romandie-2025-lenny-martinez-fait-coup-double-sur-la-quatrieme-etape","status":"publish","type":"post","link":"https:\/\/dicodusport.fr\/blog\/tour-de-romandie-2025-lenny-martinez-fait-coup-double-sur-la-quatrieme-etape\/","title":{"rendered":"Tour de Romandie 2025 : Lenny Martinez fait coup double sur la quatri\u00e8me \u00e9tape !"},"content":{"rendered":"<h4 style=\"text-align: justify;\"><i>TOUR DE ROMANDIE 2025 &#8211; Deuxi\u00e8me hier, Lenny Martinez (Bahrain Victorious) a remport\u00e9 la quatri\u00e8me \u00e9tape \u00e0 Thyon 2000. Le grimpeur fran\u00e7ais a pris les commandes du g\u00e9n\u00e9ral.\u00a0<\/i><\/h4>\n<ul style=\"text-align: justify;\">\n<li style=\"text-align: justify;\"><strong>\u00c0 ce sujet \u2013\u00a0<a href=\"https:\/\/dicodusport.fr\/blog\/tour-de-romandie-2025-engages-favoris-et-chaine-tv\/\">Tour de Romandie 2025 : Engag\u00e9s, Favoris et Cha\u00eene TV<\/a><\/strong><\/li>\n<\/ul>\n<p style=\"text-align: justify;\">Cette \u00e9tape de samedi \u00e9tait l&rsquo;\u00e9tape reine \u00e0 travers le <strong>Valais<\/strong> avec 128 km,\u00a04 100 m\u00e8tres de d\u00e9nivel\u00e9 et cinq ascensions au programme : <strong>Anzeres<\/strong> (14,5 km \u00e0 7 %), de <strong>Lens<\/strong> (3,8 km \u00e0 5,3 %), de <strong>Nax<\/strong> (11,5 km \u00e0 6,8 %), de <strong>Suen<\/strong> (5,8 km \u00e0 5,1 %) et vers <strong>Thyon 2000<\/strong> (20,2 km \u00e0 7,7 %). Malheureusement, le soleil et la chaleur ont quitt\u00e9 la route de l&rsquo;\u00e9preuve par \u00e9tapes suisse pour un temps orageux, m\u00ealant averses et soleil.<\/p>\n<p style=\"text-align: justify;\">D&rsquo;abord, gr\u00e2ce \u00e0 la premi\u00e8re ascension du jour, trois coureurs se sont port\u00e9s \u00e0 l&rsquo;avant de la course : <strong>Louis Barr\u00e9<\/strong> (Intermarch\u00e9 Wanty), <strong>Julien Bernard<\/strong> (Lidl Trek) et <strong>Ben Zwiehoff<\/strong> (Red Bull Bora Hansgrohe). Ce dernier a profit\u00e9 des quatre premi\u00e8res ascensions pour prendre un maximum de points et s&rsquo;assurer d\u00e9finitivement le maillot de la montagne. L&rsquo;\u00e9quipe UAE Team Emirates XRG a laiss\u00e9 au maximum un peu plus de deux minutes au trio de t\u00eate.<\/p>\n<ul style=\"text-align: justify;\">\n<li><strong>\u00c0 ce sujet \u2013 <a href=\"https:\/\/dicodusport.fr\/blog\/4eme-etape-tour-de-romandie-2025-classement-et-resultats\/\">4\u00e8me \u00e9tape Tour de Romandie 2025 \u2013 Classement et r\u00e9sultats<\/a><\/strong><\/li>\n<\/ul>\n<p style=\"text-align: justify;\">Ensuite, <strong>Ben Zwiehoff <\/strong>s&rsquo;est relev\u00e9 dans la longue portion descendante avant la mont\u00e9e finale de Thyon 2000 afin d&rsquo;\u00eatre aval\u00e9 par le peloton. <strong>Louis Barr\u00e9 <\/strong>et <strong>Julien Bernard <\/strong>n&rsquo;avaient plus qu&rsquo;une trentaine de secondes d&rsquo;avance au pied de l&rsquo;ascension finale sur le peloton. Rapidement, <strong>Julien Bernard <\/strong>s&rsquo;est retrouv\u00e9 seul avant d&rsquo;\u00eatre donc le dernier repris par le peloton d\u00e9j\u00e0 bien amaigri par le rythme impos\u00e9 par la Bahrain Victorious et par la Lotto. Malheureusement, le porteur du maillot <strong>Alex Baudin<\/strong> (EF Education EasyPost) a \u00e9t\u00e9 l\u00e2ch\u00e9 du peloton, \u00e0 15 kilom\u00e8tres du sommet.<\/p>\n<h2 style=\"text-align: justify;\">Lenny Martinez en patron<\/h2>\n<p style=\"text-align: justify;\">Puis, <strong>Jay Vine, Jo\u00e3o Almeida<\/strong> (UAE Team Emirates XRG), <strong>Lenny Martinez<\/strong> (Bahrain Victorious) et <strong>Lorenzo Fortunato<\/strong> (XDS Astana) ont fait la diff\u00e9rence dans le groupe des favoris, \u00e0 6 kilom\u00e8tres du terme. <strong>Jo\u00e3o <\/strong><strong>Almeida <\/strong>a port\u00e9 une puissante acc\u00e9l\u00e9ration, \u00e0 4 kilom\u00e8tres du sommet, mais <strong>Lenny Martinez <\/strong>s&rsquo;est accroch\u00e9 \u00e0 la roue du coureur portugais. Une bataille psychologique s&rsquo;est jou\u00e9e entre les deux leaders dans les derniers kilom\u00e8tres puisque <strong>Jo\u00e3o <\/strong><strong>Almeida <\/strong>s&rsquo;est montr\u00e9 tr\u00e8s m\u00e9fiant du punch du grimpeur fran\u00e7ais.<\/p>\n<ul style=\"text-align: justify;\">\n<li><strong>\u00c0 ce sujet \u2013\u00a0<a href=\"https:\/\/dicodusport.fr\/blog\/classement-general-du-tour-de-romandie-2025\/\">Classement g\u00e9n\u00e9ral du Tour de Romandie 2025<\/a><\/strong><\/li>\n<\/ul>\n<p style=\"text-align: justify;\">Enfin, <strong>Lenny Martinez <\/strong>a pris les devants \u00e0 200 m\u00e8tres de la ligne dans le dernier virage afin de signer un deuxi\u00e8me succ\u00e8s cette saison, apr\u00e8s sa victoire d&rsquo;\u00e9tape sur Paris-Nice. Avec les bonifications de l&rsquo;arriv\u00e9e, <strong>Lenny Martinez <\/strong>s&rsquo;est empar\u00e9 des commandes du classement g\u00e9n\u00e9ral, \u00e0 la veille de l&rsquo;arriv\u00e9e. <strong>Lorenzo Fortunato <\/strong>a pris la troisi\u00e8me place \u00e0 29 secondes et s&rsquo;est replac\u00e9 \u00e0 la deuxi\u00e8me place du g\u00e9n\u00e9ral \u00e0 deux secondes de Martinez. <strong>Jo\u00e3o<\/strong><strong> Almeida\u00a0<\/strong>est troisi\u00e8me \u00e0 trois secondes. Avec une superbe fin d&rsquo;ascension, <strong>Carlos Rodriguez<\/strong> (INEOS Grenadiers) est revenu finalement dans le sillage de <strong>Jay Vine<\/strong> (UAE Team Emirates XRG) pour prendre la cinqui\u00e8me place de l&rsquo;\u00e9tape \u00e0 31 secondes.<\/p>\n<p style=\"text-align: justify;\">Un autre fran\u00e7ais s&rsquo;est encore distingu\u00e9 aujourd&rsquo;hui en la personne de <strong>Mathys Rondel<\/strong> (Tudor Pro Cycling) en prenant la septi\u00e8me place de l&rsquo;\u00e9tape \u00e0 1 minute 13, et est remont\u00e9 au huiti\u00e8me rang au g\u00e9n\u00e9ral. De fa\u00e7on surprenante, <strong>Remco Evenepoel<\/strong> (Soudal Quick-Step) a jou\u00e9 les \u00e9quipiers pour son jeune \u00e9quipier <strong>Junior Lecerf<\/strong>, dans la mont\u00e9e finale. Le duo belge a fini \u00e0 1 minute et 29 secondes.<\/p>\n<blockquote class=\"twitter-tweet\">\n<p dir=\"ltr\" lang=\"fr\">OUI LENNY MARTINEZ !! Le Fran\u00e7ais prend le meilleur sur Joao Almeida \u00e0 Thyon 2000 et remporte la 4e \u00e9tape du Tour de Romandie ! \ud83d\ude4c <a href=\"https:\/\/t.co\/TYBP27hjmb\">pic.twitter.com\/TYBP27hjmb<\/a><\/p>\n<p>\u2014 Eurosport France (@Eurosport_FR) <a href=\"https:\/\/twitter.com\/Eurosport_FR\/status\/1918669680060870910?ref_src=twsrc%5Etfw\">May 3, 2025<\/a><\/p><\/blockquote>\n<p style=\"text-align: justify;\"><script async src=\"https:\/\/platform.twitter.com\/widgets.js\" charset=\"utf-8\"><\/script><\/p>\n","protected":false},"excerpt":{"rendered":"<p>TOUR DE ROMANDIE 2025 &#8211; Deuxi\u00e8me hier, Lenny Martinez (Bahrain Victorious) a remport\u00e9 la quatri\u00e8me \u00e9tape \u00e0 Thyon 2000. Le grimpeur fran\u00e7ais a pris les commandes du g\u00e9n\u00e9ral.\u00a0<\/p>\n","protected":false},"author":48,"featured_media":576300,"comment_status":"open","ping_status":"closed","sticky":false,"template":"","format":"standard","meta":{"_acf_changed":false,"_daextam_enable_autolinks":"1","footnotes":""},"categories":[46994],"tags":[16878,574,24,7747],"class_list":["post-576221","post","type-post","status-publish","format-standard","has-post-thumbnail","hentry","category-cyclisme-sur-route","tag-breve","tag-cyclisme","tag-sport","tag-tour-de-romandie"],"acf":[],"yoast_head":"<!-- This site is optimized with the Yoast SEO Premium plugin v26.7 (Yoast SEO v26.7) - https:\/\/yoast.com\/wordpress\/plugins\/seo\/ -->\n<title>Tour de Romandie 2025 : Lenny Martinez fait coup double sur la quatri\u00e8me \u00e9tape !<\/title>\n<meta name=\"description\" content=\"TOUR DE ROMANDIE 2025 - Lenny Martinez a remport\u00e9 la quatri\u00e8me \u00e9tape \u00e0 Thyon 2000 et prend les commandes du g\u00e9n\u00e9ral.\u00a0\" \/>\n<meta name=\"robots\" content=\"index, follow, max-snippet:-1, max-image-preview:large, max-video-preview:-1\" \/>\n<link rel=\"canonical\" href=\"https:\/\/dicodusport.fr\/blog\/tour-de-romandie-2025-lenny-martinez-fait-coup-double-sur-la-quatrieme-etape\/\" \/>\n<meta property=\"og:locale\" content=\"fr_FR\" \/>\n<meta property=\"og:type\" content=\"article\" \/>\n<meta property=\"og:title\" content=\"Tour de Romandie 2025 : Lenny Martinez fait coup double sur la quatri\u00e8me \u00e9tape !\" \/>\n<meta property=\"og:description\" content=\"TOUR DE ROMANDIE 2025 - Lenny Martinez a remport\u00e9 la quatri\u00e8me \u00e9tape \u00e0 Thyon 2000 et prend les commandes du g\u00e9n\u00e9ral.\u00a0\" \/>\n<meta property=\"og:url\" content=\"https:\/\/dicodusport.fr\/blog\/tour-de-romandie-2025-lenny-martinez-fait-coup-double-sur-la-quatrieme-etape\/\" \/>\n<meta property=\"og:site_name\" content=\"Dicodusport\" \/>\n<meta property=\"article:publisher\" content=\"https:\/\/www.facebook.com\/dicodusport\" \/>\n<meta property=\"article:author\" content=\"https:\/\/www.facebook.com\/groups\/LesRoisDuPeloton\" \/>\n<meta property=\"article:published_time\" content=\"2025-05-03T14:12:09+00:00\" \/>\n<meta property=\"article:modified_time\" content=\"2025-05-03T16:34:17+00:00\" \/>\n<meta property=\"og:image\" content=\"https:\/\/dicodusport.fr\/blog\/wp-content\/uploads\/2025\/05\/Tour-de-Romandie-2025-Lenny-Martinez-fait-coup-double-sur-la-quatrieme-etape-1-1.png\" \/>\n\t<meta property=\"og:image:width\" content=\"1200\" \/>\n\t<meta property=\"og:image:height\" content=\"674\" \/>\n\t<meta property=\"og:image:type\" content=\"image\/png\" \/>\n<meta name=\"author\" content=\"Emilien Descampiaux\" \/>\n<meta name=\"twitter:card\" content=\"summary_large_image\" \/>\n<meta name=\"twitter:title\" content=\"Tour de Romandie 2025 : Lenny Martinez fait coup double sur la quatri\u00e8me \u00e9tape !\" \/>\n<meta name=\"twitter:creator\" content=\"@https:\/\/twitter.com\/LRoisDuPeloton\" \/>\n<meta name=\"twitter:site\" content=\"@dicodusport\" \/>\n<script type=\"application\/ld+json\" class=\"yoast-schema-graph\">{\"@context\":\"https:\/\/schema.org\",\"@graph\":[{\"@type\":\"NewsArticle\",\"@id\":\"https:\/\/dicodusport.fr\/blog\/tour-de-romandie-2025-lenny-martinez-fait-coup-double-sur-la-quatrieme-etape\/#article\",\"isPartOf\":{\"@id\":\"https:\/\/dicodusport.fr\/blog\/tour-de-romandie-2025-lenny-martinez-fait-coup-double-sur-la-quatrieme-etape\/\"},\"author\":{\"name\":\"Emilien Descampiaux\",\"@id\":\"https:\/\/dicodusport.fr\/blog\/#\/schema\/person\/6db4bae06b171592211be385b32876a7\"},\"headline\":\"Tour de Romandie 2025 : Lenny Martinez fait coup double sur la quatri\u00e8me \u00e9tape !\",\"datePublished\":\"2025-05-03T14:12:09+00:00\",\"dateModified\":\"2025-05-03T16:34:17+00:00\",\"mainEntityOfPage\":{\"@id\":\"https:\/\/dicodusport.fr\/blog\/tour-de-romandie-2025-lenny-martinez-fait-coup-double-sur-la-quatrieme-etape\/\"},\"wordCount\":646,\"commentCount\":0,\"publisher\":{\"@id\":\"https:\/\/dicodusport.fr\/blog\/#organization\"},\"image\":{\"@id\":\"https:\/\/dicodusport.fr\/blog\/tour-de-romandie-2025-lenny-martinez-fait-coup-double-sur-la-quatrieme-etape\/#primaryimage\"},\"thumbnailUrl\":\"https:\/\/dicodusport.fr\/blog\/wp-content\/uploads\/2025\/05\/Tour-de-Romandie-2025-Lenny-Martinez-fait-coup-double-sur-la-quatrieme-etape-1-1.png\",\"keywords\":[\"br\u00e8ve\",\"Cyclisme\",\"sport\",\"Tour de Romandie\"],\"articleSection\":[\"Cyclisme sur route\"],\"inLanguage\":\"fr-FR\",\"potentialAction\":[{\"@type\":\"CommentAction\",\"name\":\"Comment\",\"target\":[\"https:\/\/dicodusport.fr\/blog\/tour-de-romandie-2025-lenny-martinez-fait-coup-double-sur-la-quatrieme-etape\/#respond\"]}],\"copyrightYear\":\"2025\",\"copyrightHolder\":{\"@id\":\"https:\/\/dicodusport.fr\/blog\/#organization\"}},{\"@type\":\"WebPage\",\"@id\":\"https:\/\/dicodusport.fr\/blog\/tour-de-romandie-2025-lenny-martinez-fait-coup-double-sur-la-quatrieme-etape\/\",\"url\":\"https:\/\/dicodusport.fr\/blog\/tour-de-romandie-2025-lenny-martinez-fait-coup-double-sur-la-quatrieme-etape\/\",\"name\":\"Tour de Romandie 2025 : Lenny Martinez fait coup double sur la quatri\u00e8me \u00e9tape !\",\"isPartOf\":{\"@id\":\"https:\/\/dicodusport.fr\/blog\/#website\"},\"primaryImageOfPage\":{\"@id\":\"https:\/\/dicodusport.fr\/blog\/tour-de-romandie-2025-lenny-martinez-fait-coup-double-sur-la-quatrieme-etape\/#primaryimage\"},\"image\":{\"@id\":\"https:\/\/dicodusport.fr\/blog\/tour-de-romandie-2025-lenny-martinez-fait-coup-double-sur-la-quatrieme-etape\/#primaryimage\"},\"thumbnailUrl\":\"https:\/\/dicodusport.fr\/blog\/wp-content\/uploads\/2025\/05\/Tour-de-Romandie-2025-Lenny-Martinez-fait-coup-double-sur-la-quatrieme-etape-1-1.png\",\"datePublished\":\"2025-05-03T14:12:09+00:00\",\"dateModified\":\"2025-05-03T16:34:17+00:00\",\"description\":\"TOUR DE ROMANDIE 2025 - Lenny Martinez a remport\u00e9 la quatri\u00e8me \u00e9tape \u00e0 Thyon 2000 et prend les commandes du g\u00e9n\u00e9ral.\u00a0\",\"breadcrumb\":{\"@id\":\"https:\/\/dicodusport.fr\/blog\/tour-de-romandie-2025-lenny-martinez-fait-coup-double-sur-la-quatrieme-etape\/#breadcrumb\"},\"inLanguage\":\"fr-FR\",\"potentialAction\":[{\"@type\":\"ReadAction\",\"target\":[\"https:\/\/dicodusport.fr\/blog\/tour-de-romandie-2025-lenny-martinez-fait-coup-double-sur-la-quatrieme-etape\/\"]}]},{\"@type\":\"ImageObject\",\"inLanguage\":\"fr-FR\",\"@id\":\"https:\/\/dicodusport.fr\/blog\/tour-de-romandie-2025-lenny-martinez-fait-coup-double-sur-la-quatrieme-etape\/#primaryimage\",\"url\":\"https:\/\/dicodusport.fr\/blog\/wp-content\/uploads\/2025\/05\/Tour-de-Romandie-2025-Lenny-Martinez-fait-coup-double-sur-la-quatrieme-etape-1-1.png\",\"contentUrl\":\"https:\/\/dicodusport.fr\/blog\/wp-content\/uploads\/2025\/05\/Tour-de-Romandie-2025-Lenny-Martinez-fait-coup-double-sur-la-quatrieme-etape-1-1.png\",\"width\":1200,\"height\":674,\"caption\":\"Tour de Romandie 2025 Lenny Martinez fait coup double sur la quatri\u00e8me \u00e9tape !\"},{\"@type\":\"BreadcrumbList\",\"@id\":\"https:\/\/dicodusport.fr\/blog\/tour-de-romandie-2025-lenny-martinez-fait-coup-double-sur-la-quatrieme-etape\/#breadcrumb\",\"itemListElement\":[{\"@type\":\"ListItem\",\"position\":1,\"name\":\"Accueil\",\"item\":\"https:\/\/dicodusport.fr\/blog\/\"},{\"@type\":\"ListItem\",\"position\":2,\"name\":\"Tour de Romandie 2025 : Lenny Martinez fait coup double sur la quatri\u00e8me \u00e9tape !\"}]},{\"@type\":\"WebSite\",\"@id\":\"https:\/\/dicodusport.fr\/blog\/#website\",\"url\":\"https:\/\/dicodusport.fr\/blog\/\",\"name\":\"Dicodusport\",\"description\":\"L&#039;encyclop\u00e9die de l&#039;actualit\u00e9 sportive\",\"publisher\":{\"@id\":\"https:\/\/dicodusport.fr\/blog\/#organization\"},\"potentialAction\":[{\"@type\":\"SearchAction\",\"target\":{\"@type\":\"EntryPoint\",\"urlTemplate\":\"https:\/\/dicodusport.fr\/blog\/?s={search_term_string}\"},\"query-input\":{\"@type\":\"PropertyValueSpecification\",\"valueRequired\":true,\"valueName\":\"search_term_string\"}}],\"inLanguage\":\"fr-FR\"},{\"@type\":\"NewsMediaOrganization\",\"@id\":\"https:\/\/dicodusport.fr\/blog\/#organization\",\"name\":\"Dicodusport\",\"url\":\"https:\/\/dicodusport.fr\/blog\/\",\"logo\":{\"@type\":\"ImageObject\",\"inLanguage\":\"fr-FR\",\"@id\":\"https:\/\/dicodusport.fr\/blog\/#\/schema\/logo\/image\/\",\"url\":\"https:\/\/dicodusport.fr\/blog\/wp-content\/uploads\/2020\/06\/cropped-LOGO-DICODUSPORT-2020-SANS-FOND-SANS-TEXTE.png\",\"contentUrl\":\"https:\/\/dicodusport.fr\/blog\/wp-content\/uploads\/2020\/06\/cropped-LOGO-DICODUSPORT-2020-SANS-FOND-SANS-TEXTE.png\",\"width\":512,\"height\":512,\"caption\":\"Dicodusport\"},\"image\":{\"@id\":\"https:\/\/dicodusport.fr\/blog\/#\/schema\/logo\/image\/\"},\"sameAs\":[\"https:\/\/www.facebook.com\/dicodusport\",\"https:\/\/x.com\/dicodusport\",\"https:\/\/www.instagram.com\/dicodusport\/\",\"https:\/\/www.youtube.com\/channel\/UC7V2KZ5sd3htJivAbA4ZG3w\"],\"description\":\"Dicodusport est l'encyclop\u00e9die de l'actualit\u00e9 sportive.\",\"email\":\"bonjour@dicodusport.fr\",\"legalName\":\"DICODUSPORT\",\"foundingDate\":\"2018-01-14\",\"vatID\":\"FR71834470973\",\"taxID\":\"83447097300043\",\"numberOfEmployees\":{\"@type\":\"QuantitativeValue\",\"minValue\":\"1\",\"maxValue\":\"10\"}},{\"@type\":\"Person\",\"@id\":\"https:\/\/dicodusport.fr\/blog\/#\/schema\/person\/6db4bae06b171592211be385b32876a7\",\"name\":\"Emilien Descampiaux\",\"image\":{\"@type\":\"ImageObject\",\"inLanguage\":\"fr-FR\",\"@id\":\"https:\/\/dicodusport.fr\/blog\/#\/schema\/person\/image\/\",\"url\":\"https:\/\/dicodusport.fr\/blog\/wp-content\/uploads\/2021\/05\/Emilien-Descampiaux-150x150.jpg\",\"contentUrl\":\"https:\/\/dicodusport.fr\/blog\/wp-content\/uploads\/2021\/05\/Emilien-Descampiaux-150x150.jpg\",\"caption\":\"Emilien Descampiaux\"},\"description\":\"Journaliste\/r\u00e9dacteur depuis 2014 - Fan de la classe de Frank Vandenbroucke, je vis cyclisme (et de ses paysages) depuis plus de 20 ans. Je suis tr\u00e8s impliqu\u00e9 sur mes diff\u00e9rents r\u00e9seaux sociaux pour partager ma passion sur le monde et l'Histoire de la bicyclette avec ma voix sur les images en noir et blanc du succ\u00e8s de Rik Van Steenbergen lors du Ronde sur le V\u00e9lodrome de Gand.\",\"sameAs\":[\"https:\/\/www.facebook.com\/groups\/LesRoisDuPeloton\",\"https:\/\/x.com\/https:\/\/twitter.com\/LRoisDuPeloton\"],\"url\":\"https:\/\/dicodusport.fr\/blog\/author\/emiliend\/\"}]}<\/script>\n<!-- \/ Yoast SEO Premium plugin. -->","yoast_head_json":{"title":"Tour de Romandie 2025 : Lenny Martinez fait coup double sur la quatri\u00e8me \u00e9tape !","description":"TOUR DE ROMANDIE 2025 - Lenny Martinez a remport\u00e9 la quatri\u00e8me \u00e9tape \u00e0 Thyon 2000 et prend les commandes du g\u00e9n\u00e9ral.\u00a0","robots":{"index":"index","follow":"follow","max-snippet":"max-snippet:-1","max-image-preview":"max-image-preview:large","max-video-preview":"max-video-preview:-1"},"canonical":"https:\/\/dicodusport.fr\/blog\/tour-de-romandie-2025-lenny-martinez-fait-coup-double-sur-la-quatrieme-etape\/","og_locale":"fr_FR","og_type":"article","og_title":"Tour de Romandie 2025 : Lenny Martinez fait coup double sur la quatri\u00e8me \u00e9tape !","og_description":"TOUR DE ROMANDIE 2025 - Lenny Martinez a remport\u00e9 la quatri\u00e8me \u00e9tape \u00e0 Thyon 2000 et prend les commandes du g\u00e9n\u00e9ral.\u00a0","og_url":"https:\/\/dicodusport.fr\/blog\/tour-de-romandie-2025-lenny-martinez-fait-coup-double-sur-la-quatrieme-etape\/","og_site_name":"Dicodusport","article_publisher":"https:\/\/www.facebook.com\/dicodusport","article_author":"https:\/\/www.facebook.com\/groups\/LesRoisDuPeloton","article_published_time":"2025-05-03T14:12:09+00:00","article_modified_time":"2025-05-03T16:34:17+00:00","og_image":[{"width":1200,"height":674,"url":"https:\/\/dicodusport.fr\/blog\/wp-content\/uploads\/2025\/05\/Tour-de-Romandie-2025-Lenny-Martinez-fait-coup-double-sur-la-quatrieme-etape-1-1.png","type":"image\/png"}],"author":"Emilien Descampiaux","twitter_card":"summary_large_image","twitter_title":"Tour de Romandie 2025 : Lenny Martinez fait coup double sur la quatri\u00e8me \u00e9tape !","twitter_creator":"@https:\/\/twitter.com\/LRoisDuPeloton","twitter_site":"@dicodusport","schema":{"@context":"https:\/\/schema.org","@graph":[{"@type":"NewsArticle","@id":"https:\/\/dicodusport.fr\/blog\/tour-de-romandie-2025-lenny-martinez-fait-coup-double-sur-la-quatrieme-etape\/#article","isPartOf":{"@id":"https:\/\/dicodusport.fr\/blog\/tour-de-romandie-2025-lenny-martinez-fait-coup-double-sur-la-quatrieme-etape\/"},"author":{"name":"Emilien Descampiaux","@id":"https:\/\/dicodusport.fr\/blog\/#\/schema\/person\/6db4bae06b171592211be385b32876a7"},"headline":"Tour de Romandie 2025 : Lenny Martinez fait coup double sur la quatri\u00e8me \u00e9tape !","datePublished":"2025-05-03T14:12:09+00:00","dateModified":"2025-05-03T16:34:17+00:00","mainEntityOfPage":{"@id":"https:\/\/dicodusport.fr\/blog\/tour-de-romandie-2025-lenny-martinez-fait-coup-double-sur-la-quatrieme-etape\/"},"wordCount":646,"commentCount":0,"publisher":{"@id":"https:\/\/dicodusport.fr\/blog\/#organization"},"image":{"@id":"https:\/\/dicodusport.fr\/blog\/tour-de-romandie-2025-lenny-martinez-fait-coup-double-sur-la-quatrieme-etape\/#primaryimage"},"thumbnailUrl":"https:\/\/dicodusport.fr\/blog\/wp-content\/uploads\/2025\/05\/Tour-de-Romandie-2025-Lenny-Martinez-fait-coup-double-sur-la-quatrieme-etape-1-1.png","keywords":["br\u00e8ve","Cyclisme","sport","Tour de Romandie"],"articleSection":["Cyclisme sur route"],"inLanguage":"fr-FR","potentialAction":[{"@type":"CommentAction","name":"Comment","target":["https:\/\/dicodusport.fr\/blog\/tour-de-romandie-2025-lenny-martinez-fait-coup-double-sur-la-quatrieme-etape\/#respond"]}],"copyrightYear":"2025","copyrightHolder":{"@id":"https:\/\/dicodusport.fr\/blog\/#organization"}},{"@type":"WebPage","@id":"https:\/\/dicodusport.fr\/blog\/tour-de-romandie-2025-lenny-martinez-fait-coup-double-sur-la-quatrieme-etape\/","url":"https:\/\/dicodusport.fr\/blog\/tour-de-romandie-2025-lenny-martinez-fait-coup-double-sur-la-quatrieme-etape\/","name":"Tour de Romandie 2025 : Lenny Martinez fait coup double sur la quatri\u00e8me \u00e9tape !","isPartOf":{"@id":"https:\/\/dicodusport.fr\/blog\/#website"},"primaryImageOfPage":{"@id":"https:\/\/dicodusport.fr\/blog\/tour-de-romandie-2025-lenny-martinez-fait-coup-double-sur-la-quatrieme-etape\/#primaryimage"},"image":{"@id":"https:\/\/dicodusport.fr\/blog\/tour-de-romandie-2025-lenny-martinez-fait-coup-double-sur-la-quatrieme-etape\/#primaryimage"},"thumbnailUrl":"https:\/\/dicodusport.fr\/blog\/wp-content\/uploads\/2025\/05\/Tour-de-Romandie-2025-Lenny-Martinez-fait-coup-double-sur-la-quatrieme-etape-1-1.png","datePublished":"2025-05-03T14:12:09+00:00","dateModified":"2025-05-03T16:34:17+00:00","description":"TOUR DE ROMANDIE 2025 - Lenny Martinez a remport\u00e9 la quatri\u00e8me \u00e9tape \u00e0 Thyon 2000 et prend les commandes du g\u00e9n\u00e9ral.\u00a0","breadcrumb":{"@id":"https:\/\/dicodusport.fr\/blog\/tour-de-romandie-2025-lenny-martinez-fait-coup-double-sur-la-quatrieme-etape\/#breadcrumb"},"inLanguage":"fr-FR","potentialAction":[{"@type":"ReadAction","target":["https:\/\/dicodusport.fr\/blog\/tour-de-romandie-2025-lenny-martinez-fait-coup-double-sur-la-quatrieme-etape\/"]}]},{"@type":"ImageObject","inLanguage":"fr-FR","@id":"https:\/\/dicodusport.fr\/blog\/tour-de-romandie-2025-lenny-martinez-fait-coup-double-sur-la-quatrieme-etape\/#primaryimage","url":"https:\/\/dicodusport.fr\/blog\/wp-content\/uploads\/2025\/05\/Tour-de-Romandie-2025-Lenny-Martinez-fait-coup-double-sur-la-quatrieme-etape-1-1.png","contentUrl":"https:\/\/dicodusport.fr\/blog\/wp-content\/uploads\/2025\/05\/Tour-de-Romandie-2025-Lenny-Martinez-fait-coup-double-sur-la-quatrieme-etape-1-1.png","width":1200,"height":674,"caption":"Tour de Romandie 2025 Lenny Martinez fait coup double sur la quatri\u00e8me \u00e9tape !"},{"@type":"BreadcrumbList","@id":"https:\/\/dicodusport.fr\/blog\/tour-de-romandie-2025-lenny-martinez-fait-coup-double-sur-la-quatrieme-etape\/#breadcrumb","itemListElement":[{"@type":"ListItem","position":1,"name":"Accueil","item":"https:\/\/dicodusport.fr\/blog\/"},{"@type":"ListItem","position":2,"name":"Tour de Romandie 2025 : Lenny Martinez fait coup double sur la quatri\u00e8me \u00e9tape !"}]},{"@type":"WebSite","@id":"https:\/\/dicodusport.fr\/blog\/#website","url":"https:\/\/dicodusport.fr\/blog\/","name":"Dicodusport","description":"L&#039;encyclop\u00e9die de l&#039;actualit\u00e9 sportive","publisher":{"@id":"https:\/\/dicodusport.fr\/blog\/#organization"},"potentialAction":[{"@type":"SearchAction","target":{"@type":"EntryPoint","urlTemplate":"https:\/\/dicodusport.fr\/blog\/?s={search_term_string}"},"query-input":{"@type":"PropertyValueSpecification","valueRequired":true,"valueName":"search_term_string"}}],"inLanguage":"fr-FR"},{"@type":"NewsMediaOrganization","@id":"https:\/\/dicodusport.fr\/blog\/#organization","name":"Dicodusport","url":"https:\/\/dicodusport.fr\/blog\/","logo":{"@type":"ImageObject","inLanguage":"fr-FR","@id":"https:\/\/dicodusport.fr\/blog\/#\/schema\/logo\/image\/","url":"https:\/\/dicodusport.fr\/blog\/wp-content\/uploads\/2020\/06\/cropped-LOGO-DICODUSPORT-2020-SANS-FOND-SANS-TEXTE.png","contentUrl":"https:\/\/dicodusport.fr\/blog\/wp-content\/uploads\/2020\/06\/cropped-LOGO-DICODUSPORT-2020-SANS-FOND-SANS-TEXTE.png","width":512,"height":512,"caption":"Dicodusport"},"image":{"@id":"https:\/\/dicodusport.fr\/blog\/#\/schema\/logo\/image\/"},"sameAs":["https:\/\/www.facebook.com\/dicodusport","https:\/\/x.com\/dicodusport","https:\/\/www.instagram.com\/dicodusport\/","https:\/\/www.youtube.com\/channel\/UC7V2KZ5sd3htJivAbA4ZG3w"],"description":"Dicodusport est l'encyclop\u00e9die de l'actualit\u00e9 sportive.","email":"bonjour@dicodusport.fr","legalName":"DICODUSPORT","foundingDate":"2018-01-14","vatID":"FR71834470973","taxID":"83447097300043","numberOfEmployees":{"@type":"QuantitativeValue","minValue":"1","maxValue":"10"}},{"@type":"Person","@id":"https:\/\/dicodusport.fr\/blog\/#\/schema\/person\/6db4bae06b171592211be385b32876a7","name":"Emilien Descampiaux","image":{"@type":"ImageObject","inLanguage":"fr-FR","@id":"https:\/\/dicodusport.fr\/blog\/#\/schema\/person\/image\/","url":"https:\/\/dicodusport.fr\/blog\/wp-content\/uploads\/2021\/05\/Emilien-Descampiaux-150x150.jpg","contentUrl":"https:\/\/dicodusport.fr\/blog\/wp-content\/uploads\/2021\/05\/Emilien-Descampiaux-150x150.jpg","caption":"Emilien Descampiaux"},"description":"Journaliste\/r\u00e9dacteur depuis 2014 - Fan de la classe de Frank Vandenbroucke, je vis cyclisme (et de ses paysages) depuis plus de 20 ans. Je suis tr\u00e8s impliqu\u00e9 sur mes diff\u00e9rents r\u00e9seaux sociaux pour partager ma passion sur le monde et l'Histoire de la bicyclette avec ma voix sur les images en noir et blanc du succ\u00e8s de Rik Van Steenbergen lors du Ronde sur le V\u00e9lodrome de Gand.","sameAs":["https:\/\/www.facebook.com\/groups\/LesRoisDuPeloton","https:\/\/x.com\/https:\/\/twitter.com\/LRoisDuPeloton"],"url":"https:\/\/dicodusport.fr\/blog\/author\/emiliend\/"}]}},"_links":{"self":[{"href":"https:\/\/dicodusport.fr\/blog\/wp-json\/wp\/v2\/posts\/576221","targetHints":{"allow":["GET"]}}],"collection":[{"href":"https:\/\/dicodusport.fr\/blog\/wp-json\/wp\/v2\/posts"}],"about":[{"href":"https:\/\/dicodusport.fr\/blog\/wp-json\/wp\/v2\/types\/post"}],"author":[{"embeddable":true,"href":"https:\/\/dicodusport.fr\/blog\/wp-json\/wp\/v2\/users\/48"}],"replies":[{"embeddable":true,"href":"https:\/\/dicodusport.fr\/blog\/wp-json\/wp\/v2\/comments?post=576221"}],"version-history":[{"count":5,"href":"https:\/\/dicodusport.fr\/blog\/wp-json\/wp\/v2\/posts\/576221\/revisions"}],"predecessor-version":[{"id":576271,"href":"https:\/\/dicodusport.fr\/blog\/wp-json\/wp\/v2\/posts\/576221\/revisions\/576271"}],"wp:featuredmedia":[{"embeddable":true,"href":"https:\/\/dicodusport.fr\/blog\/wp-json\/wp\/v2\/media\/576300"}],"wp:attachment":[{"href":"https:\/\/dicodusport.fr\/blog\/wp-json\/wp\/v2\/media?parent=576221"}],"wp:term":[{"taxonomy":"category","embeddable":true,"href":"https:\/\/dicodusport.fr\/blog\/wp-json\/wp\/v2\/categories?post=576221"},{"taxonomy":"post_tag","embeddable":true,"href":"https:\/\/dicodusport.fr\/blog\/wp-json\/wp\/v2\/tags?post=576221"}],"curies":[{"name":"wp","href":"https:\/\/api.w.org\/{rel}","templated":true}]}}