{"id":576397,"date":"2025-05-29T09:49:14","date_gmt":"2025-05-29T07:49:14","guid":{"rendered":"https:\/\/dicodusport.fr\/blog\/?p=576397&#038;preview=true&#038;preview_id=576397"},"modified":"2025-05-29T09:49:57","modified_gmt":"2025-05-29T07:49:57","slug":"18eme-etape-tour-ditalie-2025-parcours-profil-et-favoris","status":"publish","type":"post","link":"https:\/\/dicodusport.fr\/blog\/18eme-etape-tour-ditalie-2025-parcours-profil-et-favoris\/","title":{"rendered":"18\u00e8me \u00e9tape Tour d\u2019Italie 2025 : Parcours, profil et favoris"},"content":{"rendered":"<p style=\"text-align: justify;\"><strong><em>Retrouvez le parcours complet, le profil et les favoris de la 18\u00e8me \u00e9tape du Tour d&rsquo;Italie 2025, qui se d\u00e9roule le jeudi 29 mai 2025 entre Morbegno et Cesano Moderno sur 145 kilom\u00e8tres.\u00a0<\/em><\/strong><\/p>\n<ul>\n<li style=\"text-align: justify;\"><strong>\u00c0 ce sujet \u2013\u00a0<a href=\"https:\/\/dicodusport.fr\/blog\/tour-ditalie-2025-classement-general-du-giro\/\">Tour d\u2019Italie 2025 \u2013 Classement g\u00e9n\u00e9ral du Giro<\/a><\/strong><\/li>\n<\/ul>\n<h2 style=\"text-align: justify;\">Le parcours d\u00e9taill\u00e9 de la 18\u00e8me \u00e9tape du Giro 2025<\/h2>\n<p style=\"text-align: justify;\">D&rsquo;abord, le d\u00e9part sera donn\u00e9 \u00e0 <strong>Morbegno<\/strong>, une ville c\u00e9l\u00e8bre pour son fromage du m\u00eame nom, en <strong>Lombardie<\/strong>, dans la vall\u00e9e du Bitto \u00e0 13h50. Les 29 premiers kilom\u00e8tres seront plats via <strong>Rogolo<\/strong>, <strong>Trivio Fuentes<\/strong>, <strong>Colico<\/strong>, <strong>Devio<\/strong> et <strong>Bellano<\/strong> sur des routes larges et rectilignes.<\/p>\n<p style=\"text-align: justify;\">Ensuite, ce sera la premi\u00e8re ascension du jour : <strong>Parlasco &#8211; 7,7 km \u00e0 5,8 %<\/strong>. Au sommet, les coureurs basculeront dans une petite descente de 3 kilom\u00e8tres, afin de rejoindre une portion en mont\u00e9e de 14 kilom\u00e8tres via <strong>Primulano<\/strong>.<\/p>\n<p style=\"text-align: justify;\">Par la suite, place \u00e0 la deuxi\u00e8me mont\u00e9e avec le <strong>Colle di Baliso &#8211; 4,7 km \u00e0 3,4 %<\/strong>. Au sommet, les concurrents plongeront dans une descente de 11 kilom\u00e8tres sur <strong>Lecco<\/strong>, en bordure de la branche sud-est du Lac de C\u00f4me, pour une petite portion en vall\u00e9e.<\/p>\n<ul>\n<li><strong>\u00c0 ce sujet \u2013\u00a0<a href=\"https:\/\/dicodusport.fr\/blog\/tour-ditalie-2025-parcours-detaille-et-profils-des-etapes-du-giro\/\">Tour d\u2019Italie 2025 : Parcours d\u00e9taill\u00e9 et profils des \u00e9tapes du Giro<\/a><\/strong><\/li>\n<\/ul>\n<h3 style=\"text-align: justify;\">Ravellino, derni\u00e8re difficult\u00e9 de la journ\u00e9e avec une fin d&rsquo;\u00e9tape plus facile<\/h3>\n<p style=\"text-align: justify;\">Puis, les coureurs grimperont vers <strong>Ravellino &#8211; 8,7 km \u00e0 4,4 %<\/strong>. Au sommet, place \u00e0 la descente de 6 kilom\u00e8tres sur <strong>Santa Maria Ho\u00e9<\/strong> afin de grimper une bosse non r\u00e9pertori\u00e9e sur <strong>Sirtori &#8211; 3,1 km \u00e0 4,1 %<\/strong>.\u00a0 Apr\u00e8s une descente de 15 kilom\u00e8tres, les coureurs auront une partie en plaine, pr\u00e8s de <strong>Monza<\/strong>, de 43 kilom\u00e8tres par <strong>Albiate<\/strong> et <strong>Seregno<\/strong>.<\/p>\n<p style=\"text-align: justify;\">Finalement, ce sera une boucle de 12,5 kilom\u00e8tres \u00e0 faire \u00e0 deux reprises autour de <strong>Cesano Moderno<\/strong>, entre <strong>Milan<\/strong> et <strong>C\u00f4me<\/strong>, avec quelques virages dangereux et les habituels mobiliers urbains dans les travers\u00e9es des localit\u00e9s. La ligne d&rsquo;arriv\u00e9e sera plac\u00e9e au bout d&rsquo;une ligne droite de 750 m\u00e8tres sur le <strong>Corsa Roma<\/strong>, entre 17h et 17h20.<\/p>\n<h2 style=\"text-align: justify;\">Le profil de la 18\u00e8me \u00e9tape du Giro 2025<\/h2>\n<div id=\"attachment_577102\" style=\"width: 1310px\" class=\"wp-caption aligncenter\"><a href=\"https:\/\/dicodusport.fr\/blog\/wp-content\/uploads\/2025\/05\/Profil-de-la-18eme-etape-du-Tour-dItalie-2025.webp\"><img loading=\"lazy\" decoding=\"async\" aria-describedby=\"caption-attachment-577102\" class=\"size-full wp-image-577102\" src=\"https:\/\/dicodusport.fr\/blog\/wp-content\/uploads\/2025\/05\/Profil-de-la-18eme-etape-du-Tour-dItalie-2025.webp\" alt=\"Profil de la 18\u00e8me \u00e9tape du Tour d'Italie 2025\" width=\"1300\" height=\"554\" srcset=\"https:\/\/dicodusport.fr\/blog\/wp-content\/uploads\/2025\/05\/Profil-de-la-18eme-etape-du-Tour-dItalie-2025.webp 1300w, https:\/\/dicodusport.fr\/blog\/wp-content\/uploads\/2025\/05\/Profil-de-la-18eme-etape-du-Tour-dItalie-2025-300x128.webp 300w, https:\/\/dicodusport.fr\/blog\/wp-content\/uploads\/2025\/05\/Profil-de-la-18eme-etape-du-Tour-dItalie-2025-1024x436.webp 1024w, https:\/\/dicodusport.fr\/blog\/wp-content\/uploads\/2025\/05\/Profil-de-la-18eme-etape-du-Tour-dItalie-2025-768x327.webp 768w\" sizes=\"auto, (max-width: 1300px) 100vw, 1300px\" \/><\/a><p id=\"caption-attachment-577102\" class=\"wp-caption-text\">Profil de la 18\u00e8me \u00e9tape du Tour d&rsquo;Italie 2025<\/p><\/div>\n<h2 style=\"text-align: justify;\">Les favoris de la 18\u00e8me \u00e9tape du Giro 2025<\/h2>\n<p style=\"text-align: justify;\"><strong>Mads Pedersen<\/strong> (Lidl-Trek)<\/p>\n<p style=\"text-align: justify;\"><strong>Wout Van Aert<\/strong> (Visma Lease a Bike)<\/p>\n<p style=\"text-align: justify;\"><strong>Kaden Groves<\/strong> (Alpecin-Deceuninck)<\/p>\n<p style=\"text-align: justify;\"><strong>Casper van Uden<\/strong> (Picnic PostNL)<\/p>\n<p style=\"text-align: justify;\"><strong>Diego Ulissi<\/strong> (XDS Astana)<\/p>\n<hr \/>\n<ul>\n<li style=\"text-align: justify;\"><strong>\u00c0 ce sujet \u2013\u00a0<a href=\"https:\/\/dicodusport.fr\/blog\/actualites\/cyclisme\/cyclisme-sur-route-2025\/\">L\u2019actualit\u00e9 du cyclisme sur route<\/a><\/strong><\/li>\n<\/ul>\n<div class=\"vlp-link-container vlp-layout-article\"><a href=\"https:\/\/dicodusport.fr\/blog\/cyclisme-mercato-2025-2026-le-tableau-des-transferts\/\" class=\"vlp-link\" title=\"Cyclisme Mercato 2025-2026 - Le tableau des transferts\"><\/a><div class=\"vlp-layout-zone-side\"><div class=\"vlp-block-4 vlp-link-image\"><img loading=\"lazy\" decoding=\"async\" style=\"max-width: 792px;\" width=\"792\" height=\"445\" src=\"https:\/\/dicodusport.fr\/blog\/wp-content\/uploads\/2025\/02\/Cyclisme-Mercato-2025-2026-Le-tableau-des-transferts.png\" class=\"attachment-800x445 size-800x445\" alt=\"Cyclisme Mercato 2025-2026 - Le tableau des transferts\" srcset=\"https:\/\/dicodusport.fr\/blog\/wp-content\/uploads\/2025\/02\/Cyclisme-Mercato-2025-2026-Le-tableau-des-transferts.png 1200w, https:\/\/dicodusport.fr\/blog\/wp-content\/uploads\/2025\/02\/Cyclisme-Mercato-2025-2026-Le-tableau-des-transferts-300x169.png 300w, https:\/\/dicodusport.fr\/blog\/wp-content\/uploads\/2025\/02\/Cyclisme-Mercato-2025-2026-Le-tableau-des-transferts-1024x575.png 1024w, https:\/\/dicodusport.fr\/blog\/wp-content\/uploads\/2025\/02\/Cyclisme-Mercato-2025-2026-Le-tableau-des-transferts-768x431.png 768w\" sizes=\"auto, (max-width: 792px) 100vw, 792px\" \/><\/div><\/div><div class=\"vlp-layout-zone-main\"><div class=\"vlp-block-0 vlp-link-title\">Cyclisme Mercato 2025-2026 - Le tableau des transferts<\/div><div class=\"vlp-block-1 vlp-link-summary\">MERCATO CYCLISME 2025-2026 - D\u00e9couvrez les transferts officiels et les rumeurs du mercato cycliste.<\/div><div class=\"vlp-block-2 vlp-link-button\">Lire l'article<\/div><div class=\"vlp-block-3 vlp-link-url\">dicodusport.fr<\/div><\/div><\/div>\n","protected":false},"excerpt":{"rendered":"<p>Retrouvez le parcours complet, le profil et les favoris de la 18\u00e8me \u00e9tape du Tour d&rsquo;Italie 2025, qui se d\u00e9roule le jeudi 29 mai 2025 entre Morbegno et Cesano Moderno sur 145 kilom\u00e8tres.\u00a0<\/p>\n","protected":false},"author":48,"featured_media":582400,"comment_status":"open","ping_status":"closed","sticky":false,"template":"","format":"standard","meta":{"_acf_changed":false,"_daextam_enable_autolinks":"1","footnotes":""},"categories":[47041],"tags":[16878,574,4722],"class_list":["post-576397","post","type-post","status-publish","format-standard","has-post-thumbnail","hentry","category-tour-d-italie","tag-breve","tag-cyclisme","tag-tour-ditalie"],"acf":[],"yoast_head":"<!-- This site is optimized with the Yoast SEO Premium plugin v26.7 (Yoast SEO v26.7) - https:\/\/yoast.com\/wordpress\/plugins\/seo\/ -->\n<title>18\u00e8me \u00e9tape Tour d\u2019Italie 2025 : Parcours, profil et favoris<\/title>\n<meta name=\"description\" content=\"Retrouvez le parcours complet, le profil et les favoris de la 18\u00e8me \u00e9tape du Tour d&#039;Italie 2025, qui se d\u00e9roule le jeudi 29 mai 2025 entre Morbegno et Cesano Moderno sur 145 kilom\u00e8tres.\u00a0\" \/>\n<meta name=\"robots\" content=\"index, follow, max-snippet:-1, max-image-preview:large, max-video-preview:-1\" \/>\n<link rel=\"canonical\" href=\"https:\/\/dicodusport.fr\/blog\/18eme-etape-tour-ditalie-2025-parcours-profil-et-favoris\/\" \/>\n<meta property=\"og:locale\" content=\"fr_FR\" \/>\n<meta property=\"og:type\" content=\"article\" \/>\n<meta property=\"og:title\" content=\"Tour d\u2019Italie 2025 : parcours, profil et favoris de la 18e \u00e9tape entre Morbegno et Cesano Moderno\" \/>\n<meta property=\"og:description\" content=\"\u00c9tape 18 du Giro 2025 : d\u00e9couvrez le parcours complet, les profils d\u2019ascension et les favoris du jour entre Morbegno et Cesano Moderno, sur 145 km vallonn\u00e9s.\" \/>\n<meta property=\"og:url\" content=\"https:\/\/dicodusport.fr\/blog\/18eme-etape-tour-ditalie-2025-parcours-profil-et-favoris\/\" \/>\n<meta property=\"og:site_name\" content=\"Dicodusport\" \/>\n<meta property=\"article:publisher\" content=\"https:\/\/www.facebook.com\/dicodusport\" \/>\n<meta property=\"article:author\" content=\"https:\/\/www.facebook.com\/groups\/LesRoisDuPeloton\" \/>\n<meta property=\"article:published_time\" content=\"2025-05-29T07:49:14+00:00\" \/>\n<meta property=\"article:modified_time\" content=\"2025-05-29T07:49:57+00:00\" \/>\n<meta property=\"og:image\" content=\"https:\/\/dicodusport.fr\/blog\/wp-content\/uploads\/2025\/05\/18eme-etape-Tour-dItalie-2025-Parcours-profil-et-favoris.png\" \/>\n\t<meta property=\"og:image:width\" content=\"1200\" \/>\n\t<meta property=\"og:image:height\" content=\"674\" \/>\n\t<meta property=\"og:image:type\" content=\"image\/png\" \/>\n<meta name=\"author\" content=\"Emilien Descampiaux\" \/>\n<meta name=\"twitter:card\" content=\"summary_large_image\" \/>\n<meta name=\"twitter:title\" content=\"Tour d\u2019Italie 2025 : parcours, profil et favoris de la 18e \u00e9tape entre Morbegno et Cesano Moderno\" \/>\n<meta name=\"twitter:description\" content=\"\u00c9tape 18 du Giro 2025 : d\u00e9couvrez le parcours complet, les profils d\u2019ascension et les favoris du jour entre Morbegno et Cesano Moderno, sur 145 km vallonn\u00e9s.\" \/>\n<meta name=\"twitter:creator\" content=\"@https:\/\/twitter.com\/LRoisDuPeloton\" \/>\n<meta name=\"twitter:site\" content=\"@dicodusport\" \/>\n<script type=\"application\/ld+json\" class=\"yoast-schema-graph\">{\"@context\":\"https:\/\/schema.org\",\"@graph\":[{\"@type\":\"NewsArticle\",\"@id\":\"https:\/\/dicodusport.fr\/blog\/18eme-etape-tour-ditalie-2025-parcours-profil-et-favoris\/#article\",\"isPartOf\":{\"@id\":\"https:\/\/dicodusport.fr\/blog\/18eme-etape-tour-ditalie-2025-parcours-profil-et-favoris\/\"},\"author\":{\"name\":\"Emilien Descampiaux\",\"@id\":\"https:\/\/dicodusport.fr\/blog\/#\/schema\/person\/6db4bae06b171592211be385b32876a7\"},\"headline\":\"18\u00e8me \u00e9tape Tour d\u2019Italie 2025 : Parcours, profil et favoris\",\"datePublished\":\"2025-05-29T07:49:14+00:00\",\"dateModified\":\"2025-05-29T07:49:57+00:00\",\"mainEntityOfPage\":{\"@id\":\"https:\/\/dicodusport.fr\/blog\/18eme-etape-tour-ditalie-2025-parcours-profil-et-favoris\/\"},\"wordCount\":487,\"commentCount\":0,\"publisher\":{\"@id\":\"https:\/\/dicodusport.fr\/blog\/#organization\"},\"image\":{\"@id\":\"https:\/\/dicodusport.fr\/blog\/18eme-etape-tour-ditalie-2025-parcours-profil-et-favoris\/#primaryimage\"},\"thumbnailUrl\":\"https:\/\/dicodusport.fr\/blog\/wp-content\/uploads\/2025\/05\/18eme-etape-Tour-dItalie-2025-Parcours-profil-et-favoris.png\",\"keywords\":[\"br\u00e8ve\",\"Cyclisme\",\"Tour d'Italie\"],\"articleSection\":[\"Tour d'Italie\"],\"inLanguage\":\"fr-FR\",\"potentialAction\":[{\"@type\":\"CommentAction\",\"name\":\"Comment\",\"target\":[\"https:\/\/dicodusport.fr\/blog\/18eme-etape-tour-ditalie-2025-parcours-profil-et-favoris\/#respond\"]}],\"copyrightYear\":\"2025\",\"copyrightHolder\":{\"@id\":\"https:\/\/dicodusport.fr\/blog\/#organization\"}},{\"@type\":\"WebPage\",\"@id\":\"https:\/\/dicodusport.fr\/blog\/18eme-etape-tour-ditalie-2025-parcours-profil-et-favoris\/\",\"url\":\"https:\/\/dicodusport.fr\/blog\/18eme-etape-tour-ditalie-2025-parcours-profil-et-favoris\/\",\"name\":\"18\u00e8me \u00e9tape Tour d\u2019Italie 2025 : Parcours, profil et favoris\",\"isPartOf\":{\"@id\":\"https:\/\/dicodusport.fr\/blog\/#website\"},\"primaryImageOfPage\":{\"@id\":\"https:\/\/dicodusport.fr\/blog\/18eme-etape-tour-ditalie-2025-parcours-profil-et-favoris\/#primaryimage\"},\"image\":{\"@id\":\"https:\/\/dicodusport.fr\/blog\/18eme-etape-tour-ditalie-2025-parcours-profil-et-favoris\/#primaryimage\"},\"thumbnailUrl\":\"https:\/\/dicodusport.fr\/blog\/wp-content\/uploads\/2025\/05\/18eme-etape-Tour-dItalie-2025-Parcours-profil-et-favoris.png\",\"datePublished\":\"2025-05-29T07:49:14+00:00\",\"dateModified\":\"2025-05-29T07:49:57+00:00\",\"description\":\"Retrouvez le parcours complet, le profil et les favoris de la 18\u00e8me \u00e9tape du Tour d'Italie 2025, qui se d\u00e9roule le jeudi 29 mai 2025 entre Morbegno et Cesano Moderno sur 145 kilom\u00e8tres.\u00a0\",\"breadcrumb\":{\"@id\":\"https:\/\/dicodusport.fr\/blog\/18eme-etape-tour-ditalie-2025-parcours-profil-et-favoris\/#breadcrumb\"},\"inLanguage\":\"fr-FR\",\"potentialAction\":[{\"@type\":\"ReadAction\",\"target\":[\"https:\/\/dicodusport.fr\/blog\/18eme-etape-tour-ditalie-2025-parcours-profil-et-favoris\/\"]}]},{\"@type\":\"ImageObject\",\"inLanguage\":\"fr-FR\",\"@id\":\"https:\/\/dicodusport.fr\/blog\/18eme-etape-tour-ditalie-2025-parcours-profil-et-favoris\/#primaryimage\",\"url\":\"https:\/\/dicodusport.fr\/blog\/wp-content\/uploads\/2025\/05\/18eme-etape-Tour-dItalie-2025-Parcours-profil-et-favoris.png\",\"contentUrl\":\"https:\/\/dicodusport.fr\/blog\/wp-content\/uploads\/2025\/05\/18eme-etape-Tour-dItalie-2025-Parcours-profil-et-favoris.png\",\"width\":1200,\"height\":674,\"caption\":\"18\u00e8me \u00e9tape Tour d\u2019Italie 2025 Parcours, profil et favoris\"},{\"@type\":\"BreadcrumbList\",\"@id\":\"https:\/\/dicodusport.fr\/blog\/18eme-etape-tour-ditalie-2025-parcours-profil-et-favoris\/#breadcrumb\",\"itemListElement\":[{\"@type\":\"ListItem\",\"position\":1,\"name\":\"Accueil\",\"item\":\"https:\/\/dicodusport.fr\/blog\/\"},{\"@type\":\"ListItem\",\"position\":2,\"name\":\"18\u00e8me \u00e9tape Tour d\u2019Italie 2025 : Parcours, profil et favoris\"}]},{\"@type\":\"WebSite\",\"@id\":\"https:\/\/dicodusport.fr\/blog\/#website\",\"url\":\"https:\/\/dicodusport.fr\/blog\/\",\"name\":\"Dicodusport\",\"description\":\"L&#039;encyclop\u00e9die de l&#039;actualit\u00e9 sportive\",\"publisher\":{\"@id\":\"https:\/\/dicodusport.fr\/blog\/#organization\"},\"potentialAction\":[{\"@type\":\"SearchAction\",\"target\":{\"@type\":\"EntryPoint\",\"urlTemplate\":\"https:\/\/dicodusport.fr\/blog\/?s={search_term_string}\"},\"query-input\":{\"@type\":\"PropertyValueSpecification\",\"valueRequired\":true,\"valueName\":\"search_term_string\"}}],\"inLanguage\":\"fr-FR\"},{\"@type\":\"NewsMediaOrganization\",\"@id\":\"https:\/\/dicodusport.fr\/blog\/#organization\",\"name\":\"Dicodusport\",\"url\":\"https:\/\/dicodusport.fr\/blog\/\",\"logo\":{\"@type\":\"ImageObject\",\"inLanguage\":\"fr-FR\",\"@id\":\"https:\/\/dicodusport.fr\/blog\/#\/schema\/logo\/image\/\",\"url\":\"https:\/\/dicodusport.fr\/blog\/wp-content\/uploads\/2020\/06\/cropped-LOGO-DICODUSPORT-2020-SANS-FOND-SANS-TEXTE.png\",\"contentUrl\":\"https:\/\/dicodusport.fr\/blog\/wp-content\/uploads\/2020\/06\/cropped-LOGO-DICODUSPORT-2020-SANS-FOND-SANS-TEXTE.png\",\"width\":512,\"height\":512,\"caption\":\"Dicodusport\"},\"image\":{\"@id\":\"https:\/\/dicodusport.fr\/blog\/#\/schema\/logo\/image\/\"},\"sameAs\":[\"https:\/\/www.facebook.com\/dicodusport\",\"https:\/\/x.com\/dicodusport\",\"https:\/\/www.instagram.com\/dicodusport\/\",\"https:\/\/www.youtube.com\/channel\/UC7V2KZ5sd3htJivAbA4ZG3w\"],\"description\":\"Dicodusport est l'encyclop\u00e9die de l'actualit\u00e9 sportive.\",\"email\":\"bonjour@dicodusport.fr\",\"legalName\":\"DICODUSPORT\",\"foundingDate\":\"2018-01-14\",\"vatID\":\"FR71834470973\",\"taxID\":\"83447097300043\",\"numberOfEmployees\":{\"@type\":\"QuantitativeValue\",\"minValue\":\"1\",\"maxValue\":\"10\"}},{\"@type\":\"Person\",\"@id\":\"https:\/\/dicodusport.fr\/blog\/#\/schema\/person\/6db4bae06b171592211be385b32876a7\",\"name\":\"Emilien Descampiaux\",\"image\":{\"@type\":\"ImageObject\",\"inLanguage\":\"fr-FR\",\"@id\":\"https:\/\/dicodusport.fr\/blog\/#\/schema\/person\/image\/\",\"url\":\"https:\/\/dicodusport.fr\/blog\/wp-content\/uploads\/2021\/05\/Emilien-Descampiaux-150x150.jpg\",\"contentUrl\":\"https:\/\/dicodusport.fr\/blog\/wp-content\/uploads\/2021\/05\/Emilien-Descampiaux-150x150.jpg\",\"caption\":\"Emilien Descampiaux\"},\"description\":\"Journaliste\/r\u00e9dacteur depuis 2014 - Fan de la classe de Frank Vandenbroucke, je vis cyclisme (et de ses paysages) depuis plus de 20 ans. Je suis tr\u00e8s impliqu\u00e9 sur mes diff\u00e9rents r\u00e9seaux sociaux pour partager ma passion sur le monde et l'Histoire de la bicyclette avec ma voix sur les images en noir et blanc du succ\u00e8s de Rik Van Steenbergen lors du Ronde sur le V\u00e9lodrome de Gand.\",\"sameAs\":[\"https:\/\/www.facebook.com\/groups\/LesRoisDuPeloton\",\"https:\/\/x.com\/https:\/\/twitter.com\/LRoisDuPeloton\"],\"url\":\"https:\/\/dicodusport.fr\/blog\/author\/emiliend\/\"}]}<\/script>\n<!-- \/ Yoast SEO Premium plugin. -->","yoast_head_json":{"title":"18\u00e8me \u00e9tape Tour d\u2019Italie 2025 : Parcours, profil et favoris","description":"Retrouvez le parcours complet, le profil et les favoris de la 18\u00e8me \u00e9tape du Tour d'Italie 2025, qui se d\u00e9roule le jeudi 29 mai 2025 entre Morbegno et Cesano Moderno sur 145 kilom\u00e8tres.\u00a0","robots":{"index":"index","follow":"follow","max-snippet":"max-snippet:-1","max-image-preview":"max-image-preview:large","max-video-preview":"max-video-preview:-1"},"canonical":"https:\/\/dicodusport.fr\/blog\/18eme-etape-tour-ditalie-2025-parcours-profil-et-favoris\/","og_locale":"fr_FR","og_type":"article","og_title":"Tour d\u2019Italie 2025 : parcours, profil et favoris de la 18e \u00e9tape entre Morbegno et Cesano Moderno","og_description":"\u00c9tape 18 du Giro 2025 : d\u00e9couvrez le parcours complet, les profils d\u2019ascension et les favoris du jour entre Morbegno et Cesano Moderno, sur 145 km vallonn\u00e9s.","og_url":"https:\/\/dicodusport.fr\/blog\/18eme-etape-tour-ditalie-2025-parcours-profil-et-favoris\/","og_site_name":"Dicodusport","article_publisher":"https:\/\/www.facebook.com\/dicodusport","article_author":"https:\/\/www.facebook.com\/groups\/LesRoisDuPeloton","article_published_time":"2025-05-29T07:49:14+00:00","article_modified_time":"2025-05-29T07:49:57+00:00","og_image":[{"width":1200,"height":674,"url":"https:\/\/dicodusport.fr\/blog\/wp-content\/uploads\/2025\/05\/18eme-etape-Tour-dItalie-2025-Parcours-profil-et-favoris.png","type":"image\/png"}],"author":"Emilien Descampiaux","twitter_card":"summary_large_image","twitter_title":"Tour d\u2019Italie 2025 : parcours, profil et favoris de la 18e \u00e9tape entre Morbegno et Cesano Moderno","twitter_description":"\u00c9tape 18 du Giro 2025 : d\u00e9couvrez le parcours complet, les profils d\u2019ascension et les favoris du jour entre Morbegno et Cesano Moderno, sur 145 km vallonn\u00e9s.","twitter_creator":"@https:\/\/twitter.com\/LRoisDuPeloton","twitter_site":"@dicodusport","schema":{"@context":"https:\/\/schema.org","@graph":[{"@type":"NewsArticle","@id":"https:\/\/dicodusport.fr\/blog\/18eme-etape-tour-ditalie-2025-parcours-profil-et-favoris\/#article","isPartOf":{"@id":"https:\/\/dicodusport.fr\/blog\/18eme-etape-tour-ditalie-2025-parcours-profil-et-favoris\/"},"author":{"name":"Emilien Descampiaux","@id":"https:\/\/dicodusport.fr\/blog\/#\/schema\/person\/6db4bae06b171592211be385b32876a7"},"headline":"18\u00e8me \u00e9tape Tour d\u2019Italie 2025 : Parcours, profil et favoris","datePublished":"2025-05-29T07:49:14+00:00","dateModified":"2025-05-29T07:49:57+00:00","mainEntityOfPage":{"@id":"https:\/\/dicodusport.fr\/blog\/18eme-etape-tour-ditalie-2025-parcours-profil-et-favoris\/"},"wordCount":487,"commentCount":0,"publisher":{"@id":"https:\/\/dicodusport.fr\/blog\/#organization"},"image":{"@id":"https:\/\/dicodusport.fr\/blog\/18eme-etape-tour-ditalie-2025-parcours-profil-et-favoris\/#primaryimage"},"thumbnailUrl":"https:\/\/dicodusport.fr\/blog\/wp-content\/uploads\/2025\/05\/18eme-etape-Tour-dItalie-2025-Parcours-profil-et-favoris.png","keywords":["br\u00e8ve","Cyclisme","Tour d'Italie"],"articleSection":["Tour d'Italie"],"inLanguage":"fr-FR","potentialAction":[{"@type":"CommentAction","name":"Comment","target":["https:\/\/dicodusport.fr\/blog\/18eme-etape-tour-ditalie-2025-parcours-profil-et-favoris\/#respond"]}],"copyrightYear":"2025","copyrightHolder":{"@id":"https:\/\/dicodusport.fr\/blog\/#organization"}},{"@type":"WebPage","@id":"https:\/\/dicodusport.fr\/blog\/18eme-etape-tour-ditalie-2025-parcours-profil-et-favoris\/","url":"https:\/\/dicodusport.fr\/blog\/18eme-etape-tour-ditalie-2025-parcours-profil-et-favoris\/","name":"18\u00e8me \u00e9tape Tour d\u2019Italie 2025 : Parcours, profil et favoris","isPartOf":{"@id":"https:\/\/dicodusport.fr\/blog\/#website"},"primaryImageOfPage":{"@id":"https:\/\/dicodusport.fr\/blog\/18eme-etape-tour-ditalie-2025-parcours-profil-et-favoris\/#primaryimage"},"image":{"@id":"https:\/\/dicodusport.fr\/blog\/18eme-etape-tour-ditalie-2025-parcours-profil-et-favoris\/#primaryimage"},"thumbnailUrl":"https:\/\/dicodusport.fr\/blog\/wp-content\/uploads\/2025\/05\/18eme-etape-Tour-dItalie-2025-Parcours-profil-et-favoris.png","datePublished":"2025-05-29T07:49:14+00:00","dateModified":"2025-05-29T07:49:57+00:00","description":"Retrouvez le parcours complet, le profil et les favoris de la 18\u00e8me \u00e9tape du Tour d'Italie 2025, qui se d\u00e9roule le jeudi 29 mai 2025 entre Morbegno et Cesano Moderno sur 145 kilom\u00e8tres.\u00a0","breadcrumb":{"@id":"https:\/\/dicodusport.fr\/blog\/18eme-etape-tour-ditalie-2025-parcours-profil-et-favoris\/#breadcrumb"},"inLanguage":"fr-FR","potentialAction":[{"@type":"ReadAction","target":["https:\/\/dicodusport.fr\/blog\/18eme-etape-tour-ditalie-2025-parcours-profil-et-favoris\/"]}]},{"@type":"ImageObject","inLanguage":"fr-FR","@id":"https:\/\/dicodusport.fr\/blog\/18eme-etape-tour-ditalie-2025-parcours-profil-et-favoris\/#primaryimage","url":"https:\/\/dicodusport.fr\/blog\/wp-content\/uploads\/2025\/05\/18eme-etape-Tour-dItalie-2025-Parcours-profil-et-favoris.png","contentUrl":"https:\/\/dicodusport.fr\/blog\/wp-content\/uploads\/2025\/05\/18eme-etape-Tour-dItalie-2025-Parcours-profil-et-favoris.png","width":1200,"height":674,"caption":"18\u00e8me \u00e9tape Tour d\u2019Italie 2025 Parcours, profil et favoris"},{"@type":"BreadcrumbList","@id":"https:\/\/dicodusport.fr\/blog\/18eme-etape-tour-ditalie-2025-parcours-profil-et-favoris\/#breadcrumb","itemListElement":[{"@type":"ListItem","position":1,"name":"Accueil","item":"https:\/\/dicodusport.fr\/blog\/"},{"@type":"ListItem","position":2,"name":"18\u00e8me \u00e9tape Tour d\u2019Italie 2025 : Parcours, profil et favoris"}]},{"@type":"WebSite","@id":"https:\/\/dicodusport.fr\/blog\/#website","url":"https:\/\/dicodusport.fr\/blog\/","name":"Dicodusport","description":"L&#039;encyclop\u00e9die de l&#039;actualit\u00e9 sportive","publisher":{"@id":"https:\/\/dicodusport.fr\/blog\/#organization"},"potentialAction":[{"@type":"SearchAction","target":{"@type":"EntryPoint","urlTemplate":"https:\/\/dicodusport.fr\/blog\/?s={search_term_string}"},"query-input":{"@type":"PropertyValueSpecification","valueRequired":true,"valueName":"search_term_string"}}],"inLanguage":"fr-FR"},{"@type":"NewsMediaOrganization","@id":"https:\/\/dicodusport.fr\/blog\/#organization","name":"Dicodusport","url":"https:\/\/dicodusport.fr\/blog\/","logo":{"@type":"ImageObject","inLanguage":"fr-FR","@id":"https:\/\/dicodusport.fr\/blog\/#\/schema\/logo\/image\/","url":"https:\/\/dicodusport.fr\/blog\/wp-content\/uploads\/2020\/06\/cropped-LOGO-DICODUSPORT-2020-SANS-FOND-SANS-TEXTE.png","contentUrl":"https:\/\/dicodusport.fr\/blog\/wp-content\/uploads\/2020\/06\/cropped-LOGO-DICODUSPORT-2020-SANS-FOND-SANS-TEXTE.png","width":512,"height":512,"caption":"Dicodusport"},"image":{"@id":"https:\/\/dicodusport.fr\/blog\/#\/schema\/logo\/image\/"},"sameAs":["https:\/\/www.facebook.com\/dicodusport","https:\/\/x.com\/dicodusport","https:\/\/www.instagram.com\/dicodusport\/","https:\/\/www.youtube.com\/channel\/UC7V2KZ5sd3htJivAbA4ZG3w"],"description":"Dicodusport est l'encyclop\u00e9die de l'actualit\u00e9 sportive.","email":"bonjour@dicodusport.fr","legalName":"DICODUSPORT","foundingDate":"2018-01-14","vatID":"FR71834470973","taxID":"83447097300043","numberOfEmployees":{"@type":"QuantitativeValue","minValue":"1","maxValue":"10"}},{"@type":"Person","@id":"https:\/\/dicodusport.fr\/blog\/#\/schema\/person\/6db4bae06b171592211be385b32876a7","name":"Emilien Descampiaux","image":{"@type":"ImageObject","inLanguage":"fr-FR","@id":"https:\/\/dicodusport.fr\/blog\/#\/schema\/person\/image\/","url":"https:\/\/dicodusport.fr\/blog\/wp-content\/uploads\/2021\/05\/Emilien-Descampiaux-150x150.jpg","contentUrl":"https:\/\/dicodusport.fr\/blog\/wp-content\/uploads\/2021\/05\/Emilien-Descampiaux-150x150.jpg","caption":"Emilien Descampiaux"},"description":"Journaliste\/r\u00e9dacteur depuis 2014 - Fan de la classe de Frank Vandenbroucke, je vis cyclisme (et de ses paysages) depuis plus de 20 ans. Je suis tr\u00e8s impliqu\u00e9 sur mes diff\u00e9rents r\u00e9seaux sociaux pour partager ma passion sur le monde et l'Histoire de la bicyclette avec ma voix sur les images en noir et blanc du succ\u00e8s de Rik Van Steenbergen lors du Ronde sur le V\u00e9lodrome de Gand.","sameAs":["https:\/\/www.facebook.com\/groups\/LesRoisDuPeloton","https:\/\/x.com\/https:\/\/twitter.com\/LRoisDuPeloton"],"url":"https:\/\/dicodusport.fr\/blog\/author\/emiliend\/"}]}},"_links":{"self":[{"href":"https:\/\/dicodusport.fr\/blog\/wp-json\/wp\/v2\/posts\/576397","targetHints":{"allow":["GET"]}}],"collection":[{"href":"https:\/\/dicodusport.fr\/blog\/wp-json\/wp\/v2\/posts"}],"about":[{"href":"https:\/\/dicodusport.fr\/blog\/wp-json\/wp\/v2\/types\/post"}],"author":[{"embeddable":true,"href":"https:\/\/dicodusport.fr\/blog\/wp-json\/wp\/v2\/users\/48"}],"replies":[{"embeddable":true,"href":"https:\/\/dicodusport.fr\/blog\/wp-json\/wp\/v2\/comments?post=576397"}],"version-history":[{"count":5,"href":"https:\/\/dicodusport.fr\/blog\/wp-json\/wp\/v2\/posts\/576397\/revisions"}],"predecessor-version":[{"id":582562,"href":"https:\/\/dicodusport.fr\/blog\/wp-json\/wp\/v2\/posts\/576397\/revisions\/582562"}],"wp:featuredmedia":[{"embeddable":true,"href":"https:\/\/dicodusport.fr\/blog\/wp-json\/wp\/v2\/media\/582400"}],"wp:attachment":[{"href":"https:\/\/dicodusport.fr\/blog\/wp-json\/wp\/v2\/media?parent=576397"}],"wp:term":[{"taxonomy":"category","embeddable":true,"href":"https:\/\/dicodusport.fr\/blog\/wp-json\/wp\/v2\/categories?post=576397"},{"taxonomy":"post_tag","embeddable":true,"href":"https:\/\/dicodusport.fr\/blog\/wp-json\/wp\/v2\/tags?post=576397"}],"curies":[{"name":"wp","href":"https:\/\/api.w.org\/{rel}","templated":true}]}}