{"id":576525,"date":"2025-05-04T16:35:21","date_gmt":"2025-05-04T14:35:21","guid":{"rendered":"https:\/\/dicodusport.fr\/blog\/?p=576525&#038;preview=true&#038;preview_id=576525"},"modified":"2025-05-04T16:35:21","modified_gmt":"2025-05-04T14:35:21","slug":"handball-ligue-europeenne-f-dijon-va-chercher-la-troisieme-place","status":"publish","type":"post","link":"https:\/\/dicodusport.fr\/blog\/handball-ligue-europeenne-f-dijon-va-chercher-la-troisieme-place\/","title":{"rendered":"Handball Ligue europ\u00e9enne (F) : Dijon va chercher la troisi\u00e8me place"},"content":{"rendered":"<h4 style=\"text-align: justify;\"><em>LIGUE EUROP\u00c9ENNE F\u00c9MININE DE HANDBALL &#8211; Apr\u00e8s la d\u00e9ception de la veille, Dijon a rebondi et montera sur le podium de la comp\u00e9tition.<\/em><\/h4>\n<p style=\"text-align: justify;\">La campagne de <strong>Dijon<\/strong> en Ligue Europ\u00e9enne \u00e9tait splendide, et a permis aux Bourguignonnes de se hisser au Final Four. Un exploit unique, mais la douche a \u00e9t\u00e9 froide hier lors de <a href=\"https:\/\/dicodusport.fr\/blog\/handball-ligue-europeenne-f-dijon-impuissant-contre-thuringer-en-demi-finales\/\">la d\u00e9faite s\u00e8che contre Th\u00fcringer en demi-finale<\/a>. Dommage, mais il restait une belle troisi\u00e8me place \u00e0 aller chercher cet apr\u00e8s-midi, contre <strong>Blomberg-Lippe<\/strong>, histoire de valider tout le travail entrepris cette saison.<\/p>\n<ul style=\"text-align: justify;\">\n<li><strong>\u00c0 ce sujet &#8211; <a href=\"https:\/\/dicodusport.fr\/blog\/final-four-ligue-europeenne-feminine-handball-2025-programme-et-resultats\/\">Final Four Ligue europ\u00e9enne f\u00e9minine Handball 2025 : Programme et r\u00e9sultats<\/a><\/strong><\/li>\n<\/ul>\n<p style=\"text-align: justify;\">Tr\u00e8s vite, les Dijonnaises se sont d\u00e9tach\u00e9es au score, notamment gr\u00e2ce \u00e0 un magnifique d\u00e9but de match de <strong>Claire Vautier<\/strong>. Lentement, mais s\u00fbrement, les Bourguignonnes creusaient l&rsquo;\u00e9cart, au point de mener de six unit\u00e9s \u00e0 la pause (16-10), port\u00e9es par les parades de <strong>Ann-Cathrin Johanna Giegerich<\/strong>. L&rsquo;affaire \u00e9tait sur les rails, mais petit \u00e0 petit, les Allemandes grignotaient l&rsquo;\u00e9cart. Au point de revenir \u00e0 un but, avant que l&rsquo;apport de <strong>Celine Sivertsen<\/strong> ne soulage Dijon, qui reprenait de l&rsquo;air pour aller chercher la victoire <strong>32-27<\/strong>. Une belle r\u00e9compense pour une \u00e9quipe qui a jou\u00e9 le jeu sur le plan europ\u00e9en, et qui se voit r\u00e9compens\u00e9e par une magnifique troisi\u00e8me place.<\/p>\n<blockquote class=\"twitter-tweet\">\n<p dir=\"ltr\" lang=\"en\">\ud83c\udfaf Faked one way&#8230; scored the other! \ud835\ude0a\ud835\udc52\ud835\ude2d\ud835\udc56\ud835\ude2f\ud835\udc52 \ud835\udc46\ud835\ude2a\ud835\udc63\ud835\ude26\ud835\udc5f\ud835\ude35\ud835\udc60\ud835\ude26\ud835\udc5b!<a href=\"https:\/\/twitter.com\/jdadijonhand?ref_src=twsrc%5Etfw\">@jdadijonhand<\/a> <a href=\"https:\/\/twitter.com\/hashtag\/ehfel?src=hash&amp;ref_src=twsrc%5Etfw\">#ehfel<\/a> <a href=\"https:\/\/twitter.com\/hashtag\/elw?src=hash&amp;ref_src=twsrc%5Etfw\">#elw<\/a> <a href=\"https:\/\/twitter.com\/hashtag\/ehffinals?src=hash&amp;ref_src=twsrc%5Etfw\">#ehffinals<\/a> <a href=\"https:\/\/twitter.com\/hashtag\/handball?src=hash&amp;ref_src=twsrc%5Etfw\">#handball<\/a> <a href=\"https:\/\/twitter.com\/hashtag\/allin?src=hash&amp;ref_src=twsrc%5Etfw\">#allin<\/a> <a href=\"https:\/\/t.co\/3pVhNboC7P\">pic.twitter.com\/3pVhNboC7P<\/a><\/p>\n<p>\u2014 EHF European League (@ehfel_official) <a href=\"https:\/\/twitter.com\/ehfel_official\/status\/1919033308765184157?ref_src=twsrc%5Etfw\">May 4, 2025<\/a><\/p><\/blockquote>\n<p style=\"text-align: justify;\"><script async src=\"https:\/\/platform.twitter.com\/widgets.js\" charset=\"utf-8\"><\/script><\/p>\n","protected":false},"excerpt":{"rendered":"<p>LIGUE EUROP\u00c9ENNE F\u00c9MININE DE HANDBALL &#8211; Apr\u00e8s la d\u00e9ception de la veille, Dijon a rebondi et montera sur le podium de la comp\u00e9tition.<\/p>\n","protected":false},"author":59,"featured_media":576583,"comment_status":"open","ping_status":"closed","sticky":false,"template":"","format":"standard","meta":{"_acf_changed":false,"_daextam_enable_autolinks":"1","footnotes":""},"categories":[2304],"tags":[16878,5766,405,15721],"class_list":["post-576525","post","type-post","status-publish","format-standard","has-post-thumbnail","hentry","category-handball","tag-breve","tag-dijon","tag-handball","tag-ligue-europeenne-feminine-de-handball"],"acf":[],"yoast_head":"<!-- This site is optimized with the Yoast SEO Premium plugin v26.7 (Yoast SEO v26.7) - https:\/\/yoast.com\/wordpress\/plugins\/seo\/ -->\n<title>Handball Ligue europ\u00e9enne (F) : Dijon va chercher la troisi\u00e8me place<\/title>\n<meta name=\"description\" content=\"LIGUE EUROP\u00c9ENNE F\u00c9MININE DE HANDBALL - Apr\u00e8s la d\u00e9ception de la veille, Dijon a rebondi et montera sur le podium de la comp\u00e9tition.\" \/>\n<meta name=\"robots\" content=\"index, follow, max-snippet:-1, max-image-preview:large, max-video-preview:-1\" \/>\n<link rel=\"canonical\" href=\"https:\/\/dicodusport.fr\/blog\/handball-ligue-europeenne-f-dijon-va-chercher-la-troisieme-place\/\" \/>\n<meta property=\"og:locale\" content=\"fr_FR\" \/>\n<meta property=\"og:type\" content=\"article\" \/>\n<meta property=\"og:title\" content=\"Handball Ligue europ\u00e9enne (F) : Dijon va chercher la troisi\u00e8me place\" \/>\n<meta property=\"og:description\" content=\"LIGUE EUROP\u00c9ENNE F\u00c9MININE DE HANDBALL - Apr\u00e8s la d\u00e9ception de la veille, Dijon a rebondi et montera sur le podium de la comp\u00e9tition.\" \/>\n<meta property=\"og:url\" content=\"https:\/\/dicodusport.fr\/blog\/handball-ligue-europeenne-f-dijon-va-chercher-la-troisieme-place\/\" \/>\n<meta property=\"og:site_name\" content=\"Dicodusport\" \/>\n<meta property=\"article:publisher\" content=\"https:\/\/www.facebook.com\/dicodusport\" \/>\n<meta property=\"article:author\" content=\"https:\/\/www.facebook.com\/sebastien.gente\/\" \/>\n<meta property=\"article:published_time\" content=\"2025-05-04T14:35:21+00:00\" \/>\n<meta property=\"og:image\" content=\"https:\/\/dicodusport.fr\/blog\/wp-content\/uploads\/2025\/05\/Handball-Ligue-europeenne-F-Dijon-va-chercher-la-troisieme-place.png\" \/>\n\t<meta property=\"og:image:width\" content=\"1200\" \/>\n\t<meta property=\"og:image:height\" content=\"674\" \/>\n\t<meta property=\"og:image:type\" content=\"image\/png\" \/>\n<meta name=\"author\" content=\"S\u00e9bastien Gente\" \/>\n<meta name=\"twitter:card\" content=\"summary_large_image\" \/>\n<meta name=\"twitter:title\" content=\"Handball Ligue europ\u00e9enne (F) : Dijon va chercher la troisi\u00e8me place\" \/>\n<meta name=\"twitter:creator\" content=\"@https:\/\/twitter.com\/globulo24\" \/>\n<meta name=\"twitter:site\" content=\"@dicodusport\" \/>\n<script type=\"application\/ld+json\" class=\"yoast-schema-graph\">{\"@context\":\"https:\/\/schema.org\",\"@graph\":[{\"@type\":\"NewsArticle\",\"@id\":\"https:\/\/dicodusport.fr\/blog\/handball-ligue-europeenne-f-dijon-va-chercher-la-troisieme-place\/#article\",\"isPartOf\":{\"@id\":\"https:\/\/dicodusport.fr\/blog\/handball-ligue-europeenne-f-dijon-va-chercher-la-troisieme-place\/\"},\"author\":{\"name\":\"S\u00e9bastien Gente\",\"@id\":\"https:\/\/dicodusport.fr\/blog\/#\/schema\/person\/627966a6cde45dbd8c5e36ac85d783da\"},\"headline\":\"Handball Ligue europ\u00e9enne (F) : Dijon va chercher la troisi\u00e8me place\",\"datePublished\":\"2025-05-04T14:35:21+00:00\",\"mainEntityOfPage\":{\"@id\":\"https:\/\/dicodusport.fr\/blog\/handball-ligue-europeenne-f-dijon-va-chercher-la-troisieme-place\/\"},\"wordCount\":270,\"commentCount\":0,\"publisher\":{\"@id\":\"https:\/\/dicodusport.fr\/blog\/#organization\"},\"image\":{\"@id\":\"https:\/\/dicodusport.fr\/blog\/handball-ligue-europeenne-f-dijon-va-chercher-la-troisieme-place\/#primaryimage\"},\"thumbnailUrl\":\"https:\/\/dicodusport.fr\/blog\/wp-content\/uploads\/2025\/05\/Handball-Ligue-europeenne-F-Dijon-va-chercher-la-troisieme-place.png\",\"keywords\":[\"br\u00e8ve\",\"Dijon\",\"Handball\",\"Ligue europ\u00e9enne f\u00e9minine de handball\"],\"articleSection\":[\"Handball\"],\"inLanguage\":\"fr-FR\",\"potentialAction\":[{\"@type\":\"CommentAction\",\"name\":\"Comment\",\"target\":[\"https:\/\/dicodusport.fr\/blog\/handball-ligue-europeenne-f-dijon-va-chercher-la-troisieme-place\/#respond\"]}],\"copyrightYear\":\"2025\",\"copyrightHolder\":{\"@id\":\"https:\/\/dicodusport.fr\/blog\/#organization\"}},{\"@type\":\"WebPage\",\"@id\":\"https:\/\/dicodusport.fr\/blog\/handball-ligue-europeenne-f-dijon-va-chercher-la-troisieme-place\/\",\"url\":\"https:\/\/dicodusport.fr\/blog\/handball-ligue-europeenne-f-dijon-va-chercher-la-troisieme-place\/\",\"name\":\"Handball Ligue europ\u00e9enne (F) : Dijon va chercher la troisi\u00e8me place\",\"isPartOf\":{\"@id\":\"https:\/\/dicodusport.fr\/blog\/#website\"},\"primaryImageOfPage\":{\"@id\":\"https:\/\/dicodusport.fr\/blog\/handball-ligue-europeenne-f-dijon-va-chercher-la-troisieme-place\/#primaryimage\"},\"image\":{\"@id\":\"https:\/\/dicodusport.fr\/blog\/handball-ligue-europeenne-f-dijon-va-chercher-la-troisieme-place\/#primaryimage\"},\"thumbnailUrl\":\"https:\/\/dicodusport.fr\/blog\/wp-content\/uploads\/2025\/05\/Handball-Ligue-europeenne-F-Dijon-va-chercher-la-troisieme-place.png\",\"datePublished\":\"2025-05-04T14:35:21+00:00\",\"description\":\"LIGUE EUROP\u00c9ENNE F\u00c9MININE DE HANDBALL - Apr\u00e8s la d\u00e9ception de la veille, Dijon a rebondi et montera sur le podium de la comp\u00e9tition.\",\"breadcrumb\":{\"@id\":\"https:\/\/dicodusport.fr\/blog\/handball-ligue-europeenne-f-dijon-va-chercher-la-troisieme-place\/#breadcrumb\"},\"inLanguage\":\"fr-FR\",\"potentialAction\":[{\"@type\":\"ReadAction\",\"target\":[\"https:\/\/dicodusport.fr\/blog\/handball-ligue-europeenne-f-dijon-va-chercher-la-troisieme-place\/\"]}]},{\"@type\":\"ImageObject\",\"inLanguage\":\"fr-FR\",\"@id\":\"https:\/\/dicodusport.fr\/blog\/handball-ligue-europeenne-f-dijon-va-chercher-la-troisieme-place\/#primaryimage\",\"url\":\"https:\/\/dicodusport.fr\/blog\/wp-content\/uploads\/2025\/05\/Handball-Ligue-europeenne-F-Dijon-va-chercher-la-troisieme-place.png\",\"contentUrl\":\"https:\/\/dicodusport.fr\/blog\/wp-content\/uploads\/2025\/05\/Handball-Ligue-europeenne-F-Dijon-va-chercher-la-troisieme-place.png\",\"width\":1200,\"height\":674,\"caption\":\"Handball Ligue europ\u00e9enne (F) Dijon va chercher la troisi\u00e8me place\"},{\"@type\":\"BreadcrumbList\",\"@id\":\"https:\/\/dicodusport.fr\/blog\/handball-ligue-europeenne-f-dijon-va-chercher-la-troisieme-place\/#breadcrumb\",\"itemListElement\":[{\"@type\":\"ListItem\",\"position\":1,\"name\":\"Accueil\",\"item\":\"https:\/\/dicodusport.fr\/blog\/\"},{\"@type\":\"ListItem\",\"position\":2,\"name\":\"Handball Ligue europ\u00e9enne (F) : Dijon va chercher la troisi\u00e8me place\"}]},{\"@type\":\"WebSite\",\"@id\":\"https:\/\/dicodusport.fr\/blog\/#website\",\"url\":\"https:\/\/dicodusport.fr\/blog\/\",\"name\":\"Dicodusport\",\"description\":\"L&#039;encyclop\u00e9die de l&#039;actualit\u00e9 sportive\",\"publisher\":{\"@id\":\"https:\/\/dicodusport.fr\/blog\/#organization\"},\"potentialAction\":[{\"@type\":\"SearchAction\",\"target\":{\"@type\":\"EntryPoint\",\"urlTemplate\":\"https:\/\/dicodusport.fr\/blog\/?s={search_term_string}\"},\"query-input\":{\"@type\":\"PropertyValueSpecification\",\"valueRequired\":true,\"valueName\":\"search_term_string\"}}],\"inLanguage\":\"fr-FR\"},{\"@type\":\"NewsMediaOrganization\",\"@id\":\"https:\/\/dicodusport.fr\/blog\/#organization\",\"name\":\"Dicodusport\",\"url\":\"https:\/\/dicodusport.fr\/blog\/\",\"logo\":{\"@type\":\"ImageObject\",\"inLanguage\":\"fr-FR\",\"@id\":\"https:\/\/dicodusport.fr\/blog\/#\/schema\/logo\/image\/\",\"url\":\"https:\/\/dicodusport.fr\/blog\/wp-content\/uploads\/2020\/06\/cropped-LOGO-DICODUSPORT-2020-SANS-FOND-SANS-TEXTE.png\",\"contentUrl\":\"https:\/\/dicodusport.fr\/blog\/wp-content\/uploads\/2020\/06\/cropped-LOGO-DICODUSPORT-2020-SANS-FOND-SANS-TEXTE.png\",\"width\":512,\"height\":512,\"caption\":\"Dicodusport\"},\"image\":{\"@id\":\"https:\/\/dicodusport.fr\/blog\/#\/schema\/logo\/image\/\"},\"sameAs\":[\"https:\/\/www.facebook.com\/dicodusport\",\"https:\/\/x.com\/dicodusport\",\"https:\/\/www.instagram.com\/dicodusport\/\",\"https:\/\/www.youtube.com\/channel\/UC7V2KZ5sd3htJivAbA4ZG3w\"],\"description\":\"Dicodusport est l'encyclop\u00e9die de l'actualit\u00e9 sportive.\",\"email\":\"bonjour@dicodusport.fr\",\"legalName\":\"DICODUSPORT\",\"foundingDate\":\"2018-01-14\",\"vatID\":\"FR71834470973\",\"taxID\":\"83447097300043\",\"numberOfEmployees\":{\"@type\":\"QuantitativeValue\",\"minValue\":\"1\",\"maxValue\":\"10\"}},{\"@type\":\"Person\",\"@id\":\"https:\/\/dicodusport.fr\/blog\/#\/schema\/person\/627966a6cde45dbd8c5e36ac85d783da\",\"name\":\"S\u00e9bastien Gente\",\"image\":{\"@type\":\"ImageObject\",\"inLanguage\":\"fr-FR\",\"@id\":\"https:\/\/dicodusport.fr\/blog\/#\/schema\/person\/image\/\",\"url\":\"https:\/\/dicodusport.fr\/blog\/wp-content\/uploads\/2021\/09\/1510990_10205810251400683_4124423575079401707_n-150x150.jpg\",\"contentUrl\":\"https:\/\/dicodusport.fr\/blog\/wp-content\/uploads\/2021\/09\/1510990_10205810251400683_4124423575079401707_n-150x150.jpg\",\"caption\":\"S\u00e9bastien Gente\"},\"description\":\"John Stockton, Gianni Bugno, Zinedine Zidane, Steffi Graf, Frode Andresen, St\u00e9phane Stoecklin, Davis Kamoga, Primoz Peterka, Werner Schlager et Aur\u00e9lien Rougerie. Point commun entre ces sportifs? Ils m'ont fait r\u00eaver et ont berc\u00e9 mon adolescence. Je suis un fondu de sports et j'essaie de retranscrire ma passion \u00e0 travers mes articles. Originaire du P\u00e9rigord, ma passion pour les Girondins, les Jaunards et les Jazzmen transpire dans mes \u00e9crits. \u00c0 Dicodusport depuis 2021, je d\u00e9niche les sports m\u00e9connus dans lesquels la France brille, et il y en a !\",\"sameAs\":[\"https:\/\/www.facebook.com\/sebastien.gente\/\",\"https:\/\/www.instagram.com\/sebgente\/\",\"https:\/\/www.linkedin.com\/in\/sbastien-gente-a29583169\/\",\"https:\/\/x.com\/https:\/\/twitter.com\/globulo24\",\"SebastienGente\"],\"worksFor\":\"S\u00e9bastien GENTE\",\"url\":\"https:\/\/dicodusport.fr\/blog\/author\/sebastiengente\/\"}]}<\/script>\n<!-- \/ Yoast SEO Premium plugin. -->","yoast_head_json":{"title":"Handball Ligue europ\u00e9enne (F) : Dijon va chercher la troisi\u00e8me place","description":"LIGUE EUROP\u00c9ENNE F\u00c9MININE DE HANDBALL - Apr\u00e8s la d\u00e9ception de la veille, Dijon a rebondi et montera sur le podium de la comp\u00e9tition.","robots":{"index":"index","follow":"follow","max-snippet":"max-snippet:-1","max-image-preview":"max-image-preview:large","max-video-preview":"max-video-preview:-1"},"canonical":"https:\/\/dicodusport.fr\/blog\/handball-ligue-europeenne-f-dijon-va-chercher-la-troisieme-place\/","og_locale":"fr_FR","og_type":"article","og_title":"Handball Ligue europ\u00e9enne (F) : Dijon va chercher la troisi\u00e8me place","og_description":"LIGUE EUROP\u00c9ENNE F\u00c9MININE DE HANDBALL - Apr\u00e8s la d\u00e9ception de la veille, Dijon a rebondi et montera sur le podium de la comp\u00e9tition.","og_url":"https:\/\/dicodusport.fr\/blog\/handball-ligue-europeenne-f-dijon-va-chercher-la-troisieme-place\/","og_site_name":"Dicodusport","article_publisher":"https:\/\/www.facebook.com\/dicodusport","article_author":"https:\/\/www.facebook.com\/sebastien.gente\/","article_published_time":"2025-05-04T14:35:21+00:00","og_image":[{"width":1200,"height":674,"url":"https:\/\/dicodusport.fr\/blog\/wp-content\/uploads\/2025\/05\/Handball-Ligue-europeenne-F-Dijon-va-chercher-la-troisieme-place.png","type":"image\/png"}],"author":"S\u00e9bastien Gente","twitter_card":"summary_large_image","twitter_title":"Handball Ligue europ\u00e9enne (F) : Dijon va chercher la troisi\u00e8me place","twitter_creator":"@https:\/\/twitter.com\/globulo24","twitter_site":"@dicodusport","schema":{"@context":"https:\/\/schema.org","@graph":[{"@type":"NewsArticle","@id":"https:\/\/dicodusport.fr\/blog\/handball-ligue-europeenne-f-dijon-va-chercher-la-troisieme-place\/#article","isPartOf":{"@id":"https:\/\/dicodusport.fr\/blog\/handball-ligue-europeenne-f-dijon-va-chercher-la-troisieme-place\/"},"author":{"name":"S\u00e9bastien Gente","@id":"https:\/\/dicodusport.fr\/blog\/#\/schema\/person\/627966a6cde45dbd8c5e36ac85d783da"},"headline":"Handball Ligue europ\u00e9enne (F) : Dijon va chercher la troisi\u00e8me place","datePublished":"2025-05-04T14:35:21+00:00","mainEntityOfPage":{"@id":"https:\/\/dicodusport.fr\/blog\/handball-ligue-europeenne-f-dijon-va-chercher-la-troisieme-place\/"},"wordCount":270,"commentCount":0,"publisher":{"@id":"https:\/\/dicodusport.fr\/blog\/#organization"},"image":{"@id":"https:\/\/dicodusport.fr\/blog\/handball-ligue-europeenne-f-dijon-va-chercher-la-troisieme-place\/#primaryimage"},"thumbnailUrl":"https:\/\/dicodusport.fr\/blog\/wp-content\/uploads\/2025\/05\/Handball-Ligue-europeenne-F-Dijon-va-chercher-la-troisieme-place.png","keywords":["br\u00e8ve","Dijon","Handball","Ligue europ\u00e9enne f\u00e9minine de handball"],"articleSection":["Handball"],"inLanguage":"fr-FR","potentialAction":[{"@type":"CommentAction","name":"Comment","target":["https:\/\/dicodusport.fr\/blog\/handball-ligue-europeenne-f-dijon-va-chercher-la-troisieme-place\/#respond"]}],"copyrightYear":"2025","copyrightHolder":{"@id":"https:\/\/dicodusport.fr\/blog\/#organization"}},{"@type":"WebPage","@id":"https:\/\/dicodusport.fr\/blog\/handball-ligue-europeenne-f-dijon-va-chercher-la-troisieme-place\/","url":"https:\/\/dicodusport.fr\/blog\/handball-ligue-europeenne-f-dijon-va-chercher-la-troisieme-place\/","name":"Handball Ligue europ\u00e9enne (F) : Dijon va chercher la troisi\u00e8me place","isPartOf":{"@id":"https:\/\/dicodusport.fr\/blog\/#website"},"primaryImageOfPage":{"@id":"https:\/\/dicodusport.fr\/blog\/handball-ligue-europeenne-f-dijon-va-chercher-la-troisieme-place\/#primaryimage"},"image":{"@id":"https:\/\/dicodusport.fr\/blog\/handball-ligue-europeenne-f-dijon-va-chercher-la-troisieme-place\/#primaryimage"},"thumbnailUrl":"https:\/\/dicodusport.fr\/blog\/wp-content\/uploads\/2025\/05\/Handball-Ligue-europeenne-F-Dijon-va-chercher-la-troisieme-place.png","datePublished":"2025-05-04T14:35:21+00:00","description":"LIGUE EUROP\u00c9ENNE F\u00c9MININE DE HANDBALL - Apr\u00e8s la d\u00e9ception de la veille, Dijon a rebondi et montera sur le podium de la comp\u00e9tition.","breadcrumb":{"@id":"https:\/\/dicodusport.fr\/blog\/handball-ligue-europeenne-f-dijon-va-chercher-la-troisieme-place\/#breadcrumb"},"inLanguage":"fr-FR","potentialAction":[{"@type":"ReadAction","target":["https:\/\/dicodusport.fr\/blog\/handball-ligue-europeenne-f-dijon-va-chercher-la-troisieme-place\/"]}]},{"@type":"ImageObject","inLanguage":"fr-FR","@id":"https:\/\/dicodusport.fr\/blog\/handball-ligue-europeenne-f-dijon-va-chercher-la-troisieme-place\/#primaryimage","url":"https:\/\/dicodusport.fr\/blog\/wp-content\/uploads\/2025\/05\/Handball-Ligue-europeenne-F-Dijon-va-chercher-la-troisieme-place.png","contentUrl":"https:\/\/dicodusport.fr\/blog\/wp-content\/uploads\/2025\/05\/Handball-Ligue-europeenne-F-Dijon-va-chercher-la-troisieme-place.png","width":1200,"height":674,"caption":"Handball Ligue europ\u00e9enne (F) Dijon va chercher la troisi\u00e8me place"},{"@type":"BreadcrumbList","@id":"https:\/\/dicodusport.fr\/blog\/handball-ligue-europeenne-f-dijon-va-chercher-la-troisieme-place\/#breadcrumb","itemListElement":[{"@type":"ListItem","position":1,"name":"Accueil","item":"https:\/\/dicodusport.fr\/blog\/"},{"@type":"ListItem","position":2,"name":"Handball Ligue europ\u00e9enne (F) : Dijon va chercher la troisi\u00e8me place"}]},{"@type":"WebSite","@id":"https:\/\/dicodusport.fr\/blog\/#website","url":"https:\/\/dicodusport.fr\/blog\/","name":"Dicodusport","description":"L&#039;encyclop\u00e9die de l&#039;actualit\u00e9 sportive","publisher":{"@id":"https:\/\/dicodusport.fr\/blog\/#organization"},"potentialAction":[{"@type":"SearchAction","target":{"@type":"EntryPoint","urlTemplate":"https:\/\/dicodusport.fr\/blog\/?s={search_term_string}"},"query-input":{"@type":"PropertyValueSpecification","valueRequired":true,"valueName":"search_term_string"}}],"inLanguage":"fr-FR"},{"@type":"NewsMediaOrganization","@id":"https:\/\/dicodusport.fr\/blog\/#organization","name":"Dicodusport","url":"https:\/\/dicodusport.fr\/blog\/","logo":{"@type":"ImageObject","inLanguage":"fr-FR","@id":"https:\/\/dicodusport.fr\/blog\/#\/schema\/logo\/image\/","url":"https:\/\/dicodusport.fr\/blog\/wp-content\/uploads\/2020\/06\/cropped-LOGO-DICODUSPORT-2020-SANS-FOND-SANS-TEXTE.png","contentUrl":"https:\/\/dicodusport.fr\/blog\/wp-content\/uploads\/2020\/06\/cropped-LOGO-DICODUSPORT-2020-SANS-FOND-SANS-TEXTE.png","width":512,"height":512,"caption":"Dicodusport"},"image":{"@id":"https:\/\/dicodusport.fr\/blog\/#\/schema\/logo\/image\/"},"sameAs":["https:\/\/www.facebook.com\/dicodusport","https:\/\/x.com\/dicodusport","https:\/\/www.instagram.com\/dicodusport\/","https:\/\/www.youtube.com\/channel\/UC7V2KZ5sd3htJivAbA4ZG3w"],"description":"Dicodusport est l'encyclop\u00e9die de l'actualit\u00e9 sportive.","email":"bonjour@dicodusport.fr","legalName":"DICODUSPORT","foundingDate":"2018-01-14","vatID":"FR71834470973","taxID":"83447097300043","numberOfEmployees":{"@type":"QuantitativeValue","minValue":"1","maxValue":"10"}},{"@type":"Person","@id":"https:\/\/dicodusport.fr\/blog\/#\/schema\/person\/627966a6cde45dbd8c5e36ac85d783da","name":"S\u00e9bastien Gente","image":{"@type":"ImageObject","inLanguage":"fr-FR","@id":"https:\/\/dicodusport.fr\/blog\/#\/schema\/person\/image\/","url":"https:\/\/dicodusport.fr\/blog\/wp-content\/uploads\/2021\/09\/1510990_10205810251400683_4124423575079401707_n-150x150.jpg","contentUrl":"https:\/\/dicodusport.fr\/blog\/wp-content\/uploads\/2021\/09\/1510990_10205810251400683_4124423575079401707_n-150x150.jpg","caption":"S\u00e9bastien Gente"},"description":"John Stockton, Gianni Bugno, Zinedine Zidane, Steffi Graf, Frode Andresen, St\u00e9phane Stoecklin, Davis Kamoga, Primoz Peterka, Werner Schlager et Aur\u00e9lien Rougerie. Point commun entre ces sportifs? Ils m'ont fait r\u00eaver et ont berc\u00e9 mon adolescence. Je suis un fondu de sports et j'essaie de retranscrire ma passion \u00e0 travers mes articles. Originaire du P\u00e9rigord, ma passion pour les Girondins, les Jaunards et les Jazzmen transpire dans mes \u00e9crits. \u00c0 Dicodusport depuis 2021, je d\u00e9niche les sports m\u00e9connus dans lesquels la France brille, et il y en a !","sameAs":["https:\/\/www.facebook.com\/sebastien.gente\/","https:\/\/www.instagram.com\/sebgente\/","https:\/\/www.linkedin.com\/in\/sbastien-gente-a29583169\/","https:\/\/x.com\/https:\/\/twitter.com\/globulo24","SebastienGente"],"worksFor":"S\u00e9bastien GENTE","url":"https:\/\/dicodusport.fr\/blog\/author\/sebastiengente\/"}]}},"_links":{"self":[{"href":"https:\/\/dicodusport.fr\/blog\/wp-json\/wp\/v2\/posts\/576525","targetHints":{"allow":["GET"]}}],"collection":[{"href":"https:\/\/dicodusport.fr\/blog\/wp-json\/wp\/v2\/posts"}],"about":[{"href":"https:\/\/dicodusport.fr\/blog\/wp-json\/wp\/v2\/types\/post"}],"author":[{"embeddable":true,"href":"https:\/\/dicodusport.fr\/blog\/wp-json\/wp\/v2\/users\/59"}],"replies":[{"embeddable":true,"href":"https:\/\/dicodusport.fr\/blog\/wp-json\/wp\/v2\/comments?post=576525"}],"version-history":[{"count":1,"href":"https:\/\/dicodusport.fr\/blog\/wp-json\/wp\/v2\/posts\/576525\/revisions"}],"predecessor-version":[{"id":576584,"href":"https:\/\/dicodusport.fr\/blog\/wp-json\/wp\/v2\/posts\/576525\/revisions\/576584"}],"wp:featuredmedia":[{"embeddable":true,"href":"https:\/\/dicodusport.fr\/blog\/wp-json\/wp\/v2\/media\/576583"}],"wp:attachment":[{"href":"https:\/\/dicodusport.fr\/blog\/wp-json\/wp\/v2\/media?parent=576525"}],"wp:term":[{"taxonomy":"category","embeddable":true,"href":"https:\/\/dicodusport.fr\/blog\/wp-json\/wp\/v2\/categories?post=576525"},{"taxonomy":"post_tag","embeddable":true,"href":"https:\/\/dicodusport.fr\/blog\/wp-json\/wp\/v2\/tags?post=576525"}],"curies":[{"name":"wp","href":"https:\/\/api.w.org\/{rel}","templated":true}]}}