{"id":576545,"date":"2025-05-04T16:44:51","date_gmt":"2025-05-04T14:44:51","guid":{"rendered":"https:\/\/dicodusport.fr\/blog\/?p=576545&#038;preview=true&#038;preview_id=576545"},"modified":"2025-05-05T08:30:10","modified_gmt":"2025-05-05T06:30:10","slug":"famenne-ardenne-classic-2025-max-kanter-s-impose","status":"publish","type":"post","link":"https:\/\/dicodusport.fr\/blog\/famenne-ardenne-classic-2025-max-kanter-s-impose\/","title":{"rendered":"Famenne Ardenne Classic 2025 : Max Kanter s&rsquo;impose"},"content":{"rendered":"<h4 style=\"text-align: justify;\"><em>FAMENNE ARDENNE CLASSIC 2025 &#8211; Ce dimanche, l&rsquo;Allemand Max Kanter (XDS Astana) s&rsquo;est impos\u00e9 sur la 7\u00e8me \u00e9dition de la Famenne Ardenne Classic.<\/em><\/h4>\n<p style=\"text-align: justify;\">La <strong>Famenne Ardenne Classic 2025<\/strong> se d\u00e9roulait ce <strong>dimanche 4 mai<\/strong> autour de <strong>Marche-en-Famenne<\/strong>, en Belgique. Class\u00e9e UCI 1.1, cette course d\u2019un jour en est \u00e0 sa 7\u00e8me \u00e9dition et attire des coureurs puncheurs-sprinteurs.<\/p>\n<ul>\n<li style=\"text-align: justify;\"><strong>\u00c0 ce sujet \u2013\u00a0<a href=\"https:\/\/dicodusport.fr\/blog\/actualites\/cyclisme\/cyclisme-sur-route-2025\/\">L\u2019actualit\u00e9 du cyclisme sur route<\/a><\/strong><\/li>\n<\/ul>\n<h2 style=\"text-align: justify;\">XDS Astana continue de crever l&rsquo;\u00e9cran<\/h2>\n<p style=\"text-align: justify;\">Et qui dit puncheurs-sprinteurs, dit XDS Astana. En ayant align\u00e9 <strong>Max Kanter<\/strong> et <strong>Cees Bol<\/strong> au d\u00e9part de l&rsquo;\u00e9preuve ardennaise, la formation kazakhstanaise s&rsquo;\u00e9tait donn\u00e9e les moyens de l&#8217;emporter en cas d&rsquo;arriv\u00e9e group\u00e9e. Une issue esp\u00e9r\u00e9e, qui s&rsquo;est r\u00e9alis\u00e9e. En effet, l&rsquo;Allemand <strong>Max Kanter<\/strong> s&rsquo;est montr\u00e9 le plus v\u00e9loce pour l&#8217;emporter, devant son co\u00e9quipier, <strong>Cees Bol<\/strong>. Pour Kanter, 27 ans, il s&rsquo;agit d&rsquo;un deuxi\u00e8me succ\u00e8s professionnel. Pour sa formation, c&rsquo;est un 13\u00e8me bouquet cette saison, et surtout 210 points UCI suppl\u00e9mentaires, rien qu&rsquo;avec ce doubl\u00e9.<\/p>\n<ul>\n<li style=\"text-align: justify;\"><strong>\u00c0 ce sujet &#8211; <a href=\"https:\/\/dicodusport.fr\/blog\/famenne-ardenne-classic-2025-classement-et-resultats\/\">Famenne Ardenne Classic 2025 \u2013 Classement et r\u00e9sultats<\/a><\/strong><\/li>\n<\/ul>\n<p style=\"text-align: justify;\">Le week-end est parfait pour la structure manag\u00e9e par <strong>Alexandre Vinokourov<\/strong>, puisque cette derni\u00e8re a \u00e9galement tout rafl\u00e9 sur un autre front, celui du Tour de Turquie, <a href=\"https:\/\/www.total-velo.com\/matteo-malucelli-conclut-wout-poels-sacre-au-general-du-tour-de-turquie-2025\/\">avec quatre succ\u00e8s d&rsquo;\u00e9tape en plus du classement g\u00e9n\u00e9ral<\/a>. Bref, le maintien en WorldTour devrait \u00eatre une formalit\u00e9 pour XDS Astana.<\/p>\n<blockquote class=\"twitter-tweet\">\n<p dir=\"ltr\" lang=\"fr\">XDS-Astana continue de surfer sur sa dynamique : Max Kanter l&#8217;emporte sur la <a href=\"https:\/\/twitter.com\/hashtag\/FamenneArdenneClassic?src=hash&amp;ref_src=twsrc%5Etfw\">#FamenneArdenneClassic<\/a> ! L&rsquo;Allemand (27 ans) devance le Belge Arne Marit (Intermarch\u00e9-Wanty) et son co\u00e9quipier Cees Bol, qui n&rsquo;a pas rel\u00e2ch\u00e9 l&rsquo;effort apr\u00e8s avoir emmen\u00e9 le sprint. <a href=\"https:\/\/t.co\/wzflolbRBc\">pic.twitter.com\/wzflolbRBc<\/a><\/p>\n<p>\u2014 Le Gruppetto (@LeGruppetto) <a href=\"https:\/\/twitter.com\/LeGruppetto\/status\/1919038605080535516?ref_src=twsrc%5Etfw\">May 4, 2025<\/a><\/p><\/blockquote>\n<p><script async src=\"https:\/\/platform.twitter.com\/widgets.js\" charset=\"utf-8\"><\/script><\/p>\n<p style=\"text-align: justify;\">Le podium du jour est compl\u00e9t\u00e9 par <strong>Arne Marit<\/strong> (Intermarch\u00e9-Wanty), devant le Fran\u00e7ais <strong>\u00c9milien Jeanni\u00e8re<\/strong> (TotalEnergies).<\/p>\n<div class=\"vlp-link-container vlp-layout-article\"><a href=\"https:\/\/dicodusport.fr\/blog\/classement-uci-par-equipes-2023-2025\/\" class=\"vlp-link\" title=\"Classement UCI par \u00e9quipes 2023-2025\"><\/a><div class=\"vlp-layout-zone-side\"><div class=\"vlp-block-4 vlp-link-image\"><img loading=\"lazy\" decoding=\"async\" style=\"max-width: 792px;\" width=\"792\" height=\"445\" src=\"https:\/\/dicodusport.fr\/blog\/wp-content\/uploads\/2025\/02\/Classement-UCI-par-equipes-2023-2025.png\" class=\"attachment-800x445 size-800x445\" alt=\"Classement UCI par \u00e9quipes 2023-2025\" srcset=\"https:\/\/dicodusport.fr\/blog\/wp-content\/uploads\/2025\/02\/Classement-UCI-par-equipes-2023-2025.png 1200w, https:\/\/dicodusport.fr\/blog\/wp-content\/uploads\/2025\/02\/Classement-UCI-par-equipes-2023-2025-300x169.png 300w, https:\/\/dicodusport.fr\/blog\/wp-content\/uploads\/2025\/02\/Classement-UCI-par-equipes-2023-2025-1024x575.png 1024w, https:\/\/dicodusport.fr\/blog\/wp-content\/uploads\/2025\/02\/Classement-UCI-par-equipes-2023-2025-768x431.png 768w\" sizes=\"auto, (max-width: 792px) 100vw, 792px\" \/><\/div><\/div><div class=\"vlp-layout-zone-main\"><div class=\"vlp-block-0 vlp-link-title\">Classement UCI par \u00e9quipes 2023-2025<\/div><div class=\"vlp-block-1 vlp-link-summary\">D\u00e9couvrez le classement UCI par \u00e9quipes sur la p\u00e9riode 2023-2025<\/div><div class=\"vlp-block-2 vlp-link-button\">Lire l'article<\/div><div class=\"vlp-block-3 vlp-link-url\">dicodusport.fr<\/div><\/div><\/div>\n","protected":false},"excerpt":{"rendered":"<p>Ce dimanche, l&rsquo;Allemand Max Kanter (XDS Astana) s&rsquo;est impos\u00e9 sur la 7\u00e8me \u00e9dition de la Famenne Ardenne Classic.<\/p>\n","protected":false},"author":4,"featured_media":576588,"comment_status":"open","ping_status":"closed","sticky":false,"template":"","format":"standard","meta":{"_acf_changed":false,"_daextam_enable_autolinks":"1","footnotes":""},"categories":[46994],"tags":[16878,27032],"class_list":["post-576545","post","type-post","status-publish","format-standard","has-post-thumbnail","hentry","category-cyclisme-sur-route","tag-breve","tag-famenne-ardenne-classic"],"acf":[],"yoast_head":"<!-- This site is optimized with the Yoast SEO Premium plugin v26.7 (Yoast SEO v26.7) - https:\/\/yoast.com\/wordpress\/plugins\/seo\/ -->\n<title>Famenne Ardenne Classic 2025 : Max Kanter s&#039;impose<\/title>\n<meta name=\"description\" content=\"Ce dimanche, l&#039;Allemand Max Kanter (XDS Astana) s&#039;est impos\u00e9 sur la 7\u00e8me \u00e9dition de la Famenne Ardenne Classic.\" \/>\n<meta name=\"robots\" content=\"index, follow, max-snippet:-1, max-image-preview:large, max-video-preview:-1\" \/>\n<link rel=\"canonical\" href=\"https:\/\/dicodusport.fr\/blog\/famenne-ardenne-classic-2025-max-kanter-s-impose\/\" \/>\n<meta property=\"og:locale\" content=\"fr_FR\" \/>\n<meta property=\"og:type\" content=\"article\" \/>\n<meta property=\"og:title\" content=\"Famenne Ardenne Classic 2025 : Max Kanter s&#039;impose\" \/>\n<meta property=\"og:description\" content=\"Ce dimanche, l&#039;Allemand Max Kanter (XDS Astana) s&#039;est impos\u00e9 sur la 7\u00e8me \u00e9dition de la Famenne Ardenne Classic.\" \/>\n<meta property=\"og:url\" content=\"https:\/\/dicodusport.fr\/blog\/famenne-ardenne-classic-2025-max-kanter-s-impose\/\" \/>\n<meta property=\"og:site_name\" content=\"Dicodusport\" \/>\n<meta property=\"article:publisher\" content=\"https:\/\/www.facebook.com\/dicodusport\" \/>\n<meta property=\"article:author\" content=\"https:\/\/www.facebook.com\/florent.ostermann\" \/>\n<meta property=\"article:published_time\" content=\"2025-05-04T14:44:51+00:00\" \/>\n<meta property=\"article:modified_time\" content=\"2025-05-05T06:30:10+00:00\" \/>\n<meta property=\"og:image\" content=\"https:\/\/dicodusport.fr\/blog\/wp-content\/uploads\/2025\/05\/Famenne-Ardenne-Classic-2025-Max-Kanter-simpose.png\" \/>\n\t<meta property=\"og:image:width\" content=\"1200\" \/>\n\t<meta property=\"og:image:height\" content=\"674\" \/>\n\t<meta property=\"og:image:type\" content=\"image\/png\" \/>\n<meta name=\"author\" content=\"Flo Ostermann\" \/>\n<meta name=\"twitter:card\" content=\"summary_large_image\" \/>\n<meta name=\"twitter:title\" content=\"Famenne Ardenne Classic 2025 : Max Kanter s&#039;impose\" \/>\n<meta name=\"twitter:creator\" content=\"@https:\/\/twitter.com\/FlOstermann\" \/>\n<meta name=\"twitter:site\" content=\"@dicodusport\" \/>\n<script type=\"application\/ld+json\" class=\"yoast-schema-graph\">{\"@context\":\"https:\/\/schema.org\",\"@graph\":[{\"@type\":\"NewsArticle\",\"@id\":\"https:\/\/dicodusport.fr\/blog\/famenne-ardenne-classic-2025-max-kanter-s-impose\/#article\",\"isPartOf\":{\"@id\":\"https:\/\/dicodusport.fr\/blog\/famenne-ardenne-classic-2025-max-kanter-s-impose\/\"},\"author\":{\"name\":\"Flo Ostermann\",\"@id\":\"https:\/\/dicodusport.fr\/blog\/#\/schema\/person\/cb02af4c173ce4a653b55e9baf388d4a\"},\"headline\":\"Famenne Ardenne Classic 2025 : Max Kanter s&rsquo;impose\",\"datePublished\":\"2025-05-04T14:44:51+00:00\",\"dateModified\":\"2025-05-05T06:30:10+00:00\",\"mainEntityOfPage\":{\"@id\":\"https:\/\/dicodusport.fr\/blog\/famenne-ardenne-classic-2025-max-kanter-s-impose\/\"},\"wordCount\":378,\"commentCount\":0,\"publisher\":{\"@id\":\"https:\/\/dicodusport.fr\/blog\/#organization\"},\"image\":{\"@id\":\"https:\/\/dicodusport.fr\/blog\/famenne-ardenne-classic-2025-max-kanter-s-impose\/#primaryimage\"},\"thumbnailUrl\":\"https:\/\/dicodusport.fr\/blog\/wp-content\/uploads\/2025\/05\/Famenne-Ardenne-Classic-2025-Max-Kanter-simpose.png\",\"keywords\":[\"br\u00e8ve\",\"Famenne Ardenne Classic\"],\"articleSection\":[\"Cyclisme sur route\"],\"inLanguage\":\"fr-FR\",\"potentialAction\":[{\"@type\":\"CommentAction\",\"name\":\"Comment\",\"target\":[\"https:\/\/dicodusport.fr\/blog\/famenne-ardenne-classic-2025-max-kanter-s-impose\/#respond\"]}],\"copyrightYear\":\"2025\",\"copyrightHolder\":{\"@id\":\"https:\/\/dicodusport.fr\/blog\/#organization\"}},{\"@type\":\"WebPage\",\"@id\":\"https:\/\/dicodusport.fr\/blog\/famenne-ardenne-classic-2025-max-kanter-s-impose\/\",\"url\":\"https:\/\/dicodusport.fr\/blog\/famenne-ardenne-classic-2025-max-kanter-s-impose\/\",\"name\":\"Famenne Ardenne Classic 2025 : Max Kanter s'impose\",\"isPartOf\":{\"@id\":\"https:\/\/dicodusport.fr\/blog\/#website\"},\"primaryImageOfPage\":{\"@id\":\"https:\/\/dicodusport.fr\/blog\/famenne-ardenne-classic-2025-max-kanter-s-impose\/#primaryimage\"},\"image\":{\"@id\":\"https:\/\/dicodusport.fr\/blog\/famenne-ardenne-classic-2025-max-kanter-s-impose\/#primaryimage\"},\"thumbnailUrl\":\"https:\/\/dicodusport.fr\/blog\/wp-content\/uploads\/2025\/05\/Famenne-Ardenne-Classic-2025-Max-Kanter-simpose.png\",\"datePublished\":\"2025-05-04T14:44:51+00:00\",\"dateModified\":\"2025-05-05T06:30:10+00:00\",\"description\":\"Ce dimanche, l'Allemand Max Kanter (XDS Astana) s'est impos\u00e9 sur la 7\u00e8me \u00e9dition de la Famenne Ardenne Classic.\",\"breadcrumb\":{\"@id\":\"https:\/\/dicodusport.fr\/blog\/famenne-ardenne-classic-2025-max-kanter-s-impose\/#breadcrumb\"},\"inLanguage\":\"fr-FR\",\"potentialAction\":[{\"@type\":\"ReadAction\",\"target\":[\"https:\/\/dicodusport.fr\/blog\/famenne-ardenne-classic-2025-max-kanter-s-impose\/\"]}]},{\"@type\":\"ImageObject\",\"inLanguage\":\"fr-FR\",\"@id\":\"https:\/\/dicodusport.fr\/blog\/famenne-ardenne-classic-2025-max-kanter-s-impose\/#primaryimage\",\"url\":\"https:\/\/dicodusport.fr\/blog\/wp-content\/uploads\/2025\/05\/Famenne-Ardenne-Classic-2025-Max-Kanter-simpose.png\",\"contentUrl\":\"https:\/\/dicodusport.fr\/blog\/wp-content\/uploads\/2025\/05\/Famenne-Ardenne-Classic-2025-Max-Kanter-simpose.png\",\"width\":1200,\"height\":674,\"caption\":\"Famenne Ardenne Classic 2025 Max Kanter s'impose\"},{\"@type\":\"BreadcrumbList\",\"@id\":\"https:\/\/dicodusport.fr\/blog\/famenne-ardenne-classic-2025-max-kanter-s-impose\/#breadcrumb\",\"itemListElement\":[{\"@type\":\"ListItem\",\"position\":1,\"name\":\"Accueil\",\"item\":\"https:\/\/dicodusport.fr\/blog\/\"},{\"@type\":\"ListItem\",\"position\":2,\"name\":\"Famenne Ardenne Classic 2025 : Max Kanter s&rsquo;impose\"}]},{\"@type\":\"WebSite\",\"@id\":\"https:\/\/dicodusport.fr\/blog\/#website\",\"url\":\"https:\/\/dicodusport.fr\/blog\/\",\"name\":\"Dicodusport\",\"description\":\"L&#039;encyclop\u00e9die de l&#039;actualit\u00e9 sportive\",\"publisher\":{\"@id\":\"https:\/\/dicodusport.fr\/blog\/#organization\"},\"potentialAction\":[{\"@type\":\"SearchAction\",\"target\":{\"@type\":\"EntryPoint\",\"urlTemplate\":\"https:\/\/dicodusport.fr\/blog\/?s={search_term_string}\"},\"query-input\":{\"@type\":\"PropertyValueSpecification\",\"valueRequired\":true,\"valueName\":\"search_term_string\"}}],\"inLanguage\":\"fr-FR\"},{\"@type\":\"NewsMediaOrganization\",\"@id\":\"https:\/\/dicodusport.fr\/blog\/#organization\",\"name\":\"Dicodusport\",\"url\":\"https:\/\/dicodusport.fr\/blog\/\",\"logo\":{\"@type\":\"ImageObject\",\"inLanguage\":\"fr-FR\",\"@id\":\"https:\/\/dicodusport.fr\/blog\/#\/schema\/logo\/image\/\",\"url\":\"https:\/\/dicodusport.fr\/blog\/wp-content\/uploads\/2020\/06\/cropped-LOGO-DICODUSPORT-2020-SANS-FOND-SANS-TEXTE.png\",\"contentUrl\":\"https:\/\/dicodusport.fr\/blog\/wp-content\/uploads\/2020\/06\/cropped-LOGO-DICODUSPORT-2020-SANS-FOND-SANS-TEXTE.png\",\"width\":512,\"height\":512,\"caption\":\"Dicodusport\"},\"image\":{\"@id\":\"https:\/\/dicodusport.fr\/blog\/#\/schema\/logo\/image\/\"},\"sameAs\":[\"https:\/\/www.facebook.com\/dicodusport\",\"https:\/\/x.com\/dicodusport\",\"https:\/\/www.instagram.com\/dicodusport\/\",\"https:\/\/www.youtube.com\/channel\/UC7V2KZ5sd3htJivAbA4ZG3w\"],\"description\":\"Dicodusport est l'encyclop\u00e9die de l'actualit\u00e9 sportive.\",\"email\":\"bonjour@dicodusport.fr\",\"legalName\":\"DICODUSPORT\",\"foundingDate\":\"2018-01-14\",\"vatID\":\"FR71834470973\",\"taxID\":\"83447097300043\",\"numberOfEmployees\":{\"@type\":\"QuantitativeValue\",\"minValue\":\"1\",\"maxValue\":\"10\"}},{\"@type\":\"Person\",\"@id\":\"https:\/\/dicodusport.fr\/blog\/#\/schema\/person\/cb02af4c173ce4a653b55e9baf388d4a\",\"name\":\"Flo Ostermann\",\"image\":{\"@type\":\"ImageObject\",\"inLanguage\":\"fr-FR\",\"@id\":\"https:\/\/dicodusport.fr\/blog\/#\/schema\/person\/image\/\",\"url\":\"https:\/\/dicodusport.fr\/blog\/wp-content\/uploads\/2021\/05\/Flo-Ostermann-150x150.jpg\",\"contentUrl\":\"https:\/\/dicodusport.fr\/blog\/wp-content\/uploads\/2021\/05\/Flo-Ostermann-150x150.jpg\",\"caption\":\"Flo Ostermann\"},\"description\":\"Journaliste\/R\u00e9dacteur depuis septembre 2015 - Mes premiers souvenirs dans le sport ? Les envol\u00e9es du Stade Toulousain et les duels Villeneuve-Schumacher et H\u00e4kkinen-Schumacher \u00e0 la fin des ann\u00e9es 90, la Coupe du monde de football en 1998, l\u2019exploit du XV de France face aux All Blacks en 1999, mais aussi Richard C\u0153ur de Lion qui vole sur les montagnes du Tour de France. Bien parti pour devenir professeur d\u2019EPS, les \u00e9v\u00e9nements de la vie (et la flemme d\u2019animer des s\u00e9ances de 3x500 m\u00e8tres toute ma vie) m\u2019ont conduit \u00e0 revoir mes plans. Me voil\u00e0 depuis fin 2017 sur Dicodusport, m\u00e9dia gr\u00e2ce (et pour) lequel je partage ma passion : le sport dans tous ses \u00e9tats. Le tout accompagn\u00e9 par les fous furieux et folles furieuses cit\u00e9s sur cette page !\",\"sameAs\":[\"https:\/\/www.facebook.com\/florent.ostermann\",\"https:\/\/x.com\/https:\/\/twitter.com\/FlOstermann\",\"admin\"],\"url\":\"https:\/\/dicodusport.fr\/blog\/author\/flo\/\"}]}<\/script>\n<!-- \/ Yoast SEO Premium plugin. -->","yoast_head_json":{"title":"Famenne Ardenne Classic 2025 : Max Kanter s'impose","description":"Ce dimanche, l'Allemand Max Kanter (XDS Astana) s'est impos\u00e9 sur la 7\u00e8me \u00e9dition de la Famenne Ardenne Classic.","robots":{"index":"index","follow":"follow","max-snippet":"max-snippet:-1","max-image-preview":"max-image-preview:large","max-video-preview":"max-video-preview:-1"},"canonical":"https:\/\/dicodusport.fr\/blog\/famenne-ardenne-classic-2025-max-kanter-s-impose\/","og_locale":"fr_FR","og_type":"article","og_title":"Famenne Ardenne Classic 2025 : Max Kanter s'impose","og_description":"Ce dimanche, l'Allemand Max Kanter (XDS Astana) s'est impos\u00e9 sur la 7\u00e8me \u00e9dition de la Famenne Ardenne Classic.","og_url":"https:\/\/dicodusport.fr\/blog\/famenne-ardenne-classic-2025-max-kanter-s-impose\/","og_site_name":"Dicodusport","article_publisher":"https:\/\/www.facebook.com\/dicodusport","article_author":"https:\/\/www.facebook.com\/florent.ostermann","article_published_time":"2025-05-04T14:44:51+00:00","article_modified_time":"2025-05-05T06:30:10+00:00","og_image":[{"width":1200,"height":674,"url":"https:\/\/dicodusport.fr\/blog\/wp-content\/uploads\/2025\/05\/Famenne-Ardenne-Classic-2025-Max-Kanter-simpose.png","type":"image\/png"}],"author":"Flo Ostermann","twitter_card":"summary_large_image","twitter_title":"Famenne Ardenne Classic 2025 : Max Kanter s'impose","twitter_creator":"@https:\/\/twitter.com\/FlOstermann","twitter_site":"@dicodusport","schema":{"@context":"https:\/\/schema.org","@graph":[{"@type":"NewsArticle","@id":"https:\/\/dicodusport.fr\/blog\/famenne-ardenne-classic-2025-max-kanter-s-impose\/#article","isPartOf":{"@id":"https:\/\/dicodusport.fr\/blog\/famenne-ardenne-classic-2025-max-kanter-s-impose\/"},"author":{"name":"Flo Ostermann","@id":"https:\/\/dicodusport.fr\/blog\/#\/schema\/person\/cb02af4c173ce4a653b55e9baf388d4a"},"headline":"Famenne Ardenne Classic 2025 : Max Kanter s&rsquo;impose","datePublished":"2025-05-04T14:44:51+00:00","dateModified":"2025-05-05T06:30:10+00:00","mainEntityOfPage":{"@id":"https:\/\/dicodusport.fr\/blog\/famenne-ardenne-classic-2025-max-kanter-s-impose\/"},"wordCount":378,"commentCount":0,"publisher":{"@id":"https:\/\/dicodusport.fr\/blog\/#organization"},"image":{"@id":"https:\/\/dicodusport.fr\/blog\/famenne-ardenne-classic-2025-max-kanter-s-impose\/#primaryimage"},"thumbnailUrl":"https:\/\/dicodusport.fr\/blog\/wp-content\/uploads\/2025\/05\/Famenne-Ardenne-Classic-2025-Max-Kanter-simpose.png","keywords":["br\u00e8ve","Famenne Ardenne Classic"],"articleSection":["Cyclisme sur route"],"inLanguage":"fr-FR","potentialAction":[{"@type":"CommentAction","name":"Comment","target":["https:\/\/dicodusport.fr\/blog\/famenne-ardenne-classic-2025-max-kanter-s-impose\/#respond"]}],"copyrightYear":"2025","copyrightHolder":{"@id":"https:\/\/dicodusport.fr\/blog\/#organization"}},{"@type":"WebPage","@id":"https:\/\/dicodusport.fr\/blog\/famenne-ardenne-classic-2025-max-kanter-s-impose\/","url":"https:\/\/dicodusport.fr\/blog\/famenne-ardenne-classic-2025-max-kanter-s-impose\/","name":"Famenne Ardenne Classic 2025 : Max Kanter s'impose","isPartOf":{"@id":"https:\/\/dicodusport.fr\/blog\/#website"},"primaryImageOfPage":{"@id":"https:\/\/dicodusport.fr\/blog\/famenne-ardenne-classic-2025-max-kanter-s-impose\/#primaryimage"},"image":{"@id":"https:\/\/dicodusport.fr\/blog\/famenne-ardenne-classic-2025-max-kanter-s-impose\/#primaryimage"},"thumbnailUrl":"https:\/\/dicodusport.fr\/blog\/wp-content\/uploads\/2025\/05\/Famenne-Ardenne-Classic-2025-Max-Kanter-simpose.png","datePublished":"2025-05-04T14:44:51+00:00","dateModified":"2025-05-05T06:30:10+00:00","description":"Ce dimanche, l'Allemand Max Kanter (XDS Astana) s'est impos\u00e9 sur la 7\u00e8me \u00e9dition de la Famenne Ardenne Classic.","breadcrumb":{"@id":"https:\/\/dicodusport.fr\/blog\/famenne-ardenne-classic-2025-max-kanter-s-impose\/#breadcrumb"},"inLanguage":"fr-FR","potentialAction":[{"@type":"ReadAction","target":["https:\/\/dicodusport.fr\/blog\/famenne-ardenne-classic-2025-max-kanter-s-impose\/"]}]},{"@type":"ImageObject","inLanguage":"fr-FR","@id":"https:\/\/dicodusport.fr\/blog\/famenne-ardenne-classic-2025-max-kanter-s-impose\/#primaryimage","url":"https:\/\/dicodusport.fr\/blog\/wp-content\/uploads\/2025\/05\/Famenne-Ardenne-Classic-2025-Max-Kanter-simpose.png","contentUrl":"https:\/\/dicodusport.fr\/blog\/wp-content\/uploads\/2025\/05\/Famenne-Ardenne-Classic-2025-Max-Kanter-simpose.png","width":1200,"height":674,"caption":"Famenne Ardenne Classic 2025 Max Kanter s'impose"},{"@type":"BreadcrumbList","@id":"https:\/\/dicodusport.fr\/blog\/famenne-ardenne-classic-2025-max-kanter-s-impose\/#breadcrumb","itemListElement":[{"@type":"ListItem","position":1,"name":"Accueil","item":"https:\/\/dicodusport.fr\/blog\/"},{"@type":"ListItem","position":2,"name":"Famenne Ardenne Classic 2025 : Max Kanter s&rsquo;impose"}]},{"@type":"WebSite","@id":"https:\/\/dicodusport.fr\/blog\/#website","url":"https:\/\/dicodusport.fr\/blog\/","name":"Dicodusport","description":"L&#039;encyclop\u00e9die de l&#039;actualit\u00e9 sportive","publisher":{"@id":"https:\/\/dicodusport.fr\/blog\/#organization"},"potentialAction":[{"@type":"SearchAction","target":{"@type":"EntryPoint","urlTemplate":"https:\/\/dicodusport.fr\/blog\/?s={search_term_string}"},"query-input":{"@type":"PropertyValueSpecification","valueRequired":true,"valueName":"search_term_string"}}],"inLanguage":"fr-FR"},{"@type":"NewsMediaOrganization","@id":"https:\/\/dicodusport.fr\/blog\/#organization","name":"Dicodusport","url":"https:\/\/dicodusport.fr\/blog\/","logo":{"@type":"ImageObject","inLanguage":"fr-FR","@id":"https:\/\/dicodusport.fr\/blog\/#\/schema\/logo\/image\/","url":"https:\/\/dicodusport.fr\/blog\/wp-content\/uploads\/2020\/06\/cropped-LOGO-DICODUSPORT-2020-SANS-FOND-SANS-TEXTE.png","contentUrl":"https:\/\/dicodusport.fr\/blog\/wp-content\/uploads\/2020\/06\/cropped-LOGO-DICODUSPORT-2020-SANS-FOND-SANS-TEXTE.png","width":512,"height":512,"caption":"Dicodusport"},"image":{"@id":"https:\/\/dicodusport.fr\/blog\/#\/schema\/logo\/image\/"},"sameAs":["https:\/\/www.facebook.com\/dicodusport","https:\/\/x.com\/dicodusport","https:\/\/www.instagram.com\/dicodusport\/","https:\/\/www.youtube.com\/channel\/UC7V2KZ5sd3htJivAbA4ZG3w"],"description":"Dicodusport est l'encyclop\u00e9die de l'actualit\u00e9 sportive.","email":"bonjour@dicodusport.fr","legalName":"DICODUSPORT","foundingDate":"2018-01-14","vatID":"FR71834470973","taxID":"83447097300043","numberOfEmployees":{"@type":"QuantitativeValue","minValue":"1","maxValue":"10"}},{"@type":"Person","@id":"https:\/\/dicodusport.fr\/blog\/#\/schema\/person\/cb02af4c173ce4a653b55e9baf388d4a","name":"Flo Ostermann","image":{"@type":"ImageObject","inLanguage":"fr-FR","@id":"https:\/\/dicodusport.fr\/blog\/#\/schema\/person\/image\/","url":"https:\/\/dicodusport.fr\/blog\/wp-content\/uploads\/2021\/05\/Flo-Ostermann-150x150.jpg","contentUrl":"https:\/\/dicodusport.fr\/blog\/wp-content\/uploads\/2021\/05\/Flo-Ostermann-150x150.jpg","caption":"Flo Ostermann"},"description":"Journaliste\/R\u00e9dacteur depuis septembre 2015 - Mes premiers souvenirs dans le sport ? Les envol\u00e9es du Stade Toulousain et les duels Villeneuve-Schumacher et H\u00e4kkinen-Schumacher \u00e0 la fin des ann\u00e9es 90, la Coupe du monde de football en 1998, l\u2019exploit du XV de France face aux All Blacks en 1999, mais aussi Richard C\u0153ur de Lion qui vole sur les montagnes du Tour de France. Bien parti pour devenir professeur d\u2019EPS, les \u00e9v\u00e9nements de la vie (et la flemme d\u2019animer des s\u00e9ances de 3x500 m\u00e8tres toute ma vie) m\u2019ont conduit \u00e0 revoir mes plans. Me voil\u00e0 depuis fin 2017 sur Dicodusport, m\u00e9dia gr\u00e2ce (et pour) lequel je partage ma passion : le sport dans tous ses \u00e9tats. Le tout accompagn\u00e9 par les fous furieux et folles furieuses cit\u00e9s sur cette page !","sameAs":["https:\/\/www.facebook.com\/florent.ostermann","https:\/\/x.com\/https:\/\/twitter.com\/FlOstermann","admin"],"url":"https:\/\/dicodusport.fr\/blog\/author\/flo\/"}]}},"_links":{"self":[{"href":"https:\/\/dicodusport.fr\/blog\/wp-json\/wp\/v2\/posts\/576545","targetHints":{"allow":["GET"]}}],"collection":[{"href":"https:\/\/dicodusport.fr\/blog\/wp-json\/wp\/v2\/posts"}],"about":[{"href":"https:\/\/dicodusport.fr\/blog\/wp-json\/wp\/v2\/types\/post"}],"author":[{"embeddable":true,"href":"https:\/\/dicodusport.fr\/blog\/wp-json\/wp\/v2\/users\/4"}],"replies":[{"embeddable":true,"href":"https:\/\/dicodusport.fr\/blog\/wp-json\/wp\/v2\/comments?post=576545"}],"version-history":[{"count":5,"href":"https:\/\/dicodusport.fr\/blog\/wp-json\/wp\/v2\/posts\/576545\/revisions"}],"predecessor-version":[{"id":576762,"href":"https:\/\/dicodusport.fr\/blog\/wp-json\/wp\/v2\/posts\/576545\/revisions\/576762"}],"wp:featuredmedia":[{"embeddable":true,"href":"https:\/\/dicodusport.fr\/blog\/wp-json\/wp\/v2\/media\/576588"}],"wp:attachment":[{"href":"https:\/\/dicodusport.fr\/blog\/wp-json\/wp\/v2\/media?parent=576545"}],"wp:term":[{"taxonomy":"category","embeddable":true,"href":"https:\/\/dicodusport.fr\/blog\/wp-json\/wp\/v2\/categories?post=576545"},{"taxonomy":"post_tag","embeddable":true,"href":"https:\/\/dicodusport.fr\/blog\/wp-json\/wp\/v2\/tags?post=576545"}],"curies":[{"name":"wp","href":"https:\/\/api.w.org\/{rel}","templated":true}]}}