{"id":57666,"date":"2020-01-22T17:02:21","date_gmt":"2020-01-22T16:02:21","guid":{"rendered":"http:\/\/dicodusport.fr\/blog\/?p=57666&#038;preview=true&#038;preview_id=57666"},"modified":"2020-01-22T17:02:21","modified_gmt":"2020-01-22T16:02:21","slug":"patinage-artistique-championnats-europe-kevin-aymoz-passe-trappe-des-le-programme-court","status":"publish","type":"post","link":"https:\/\/dicodusport.fr\/blog\/patinage-artistique-championnats-europe-kevin-aymoz-passe-trappe-des-le-programme-court\/","title":{"rendered":"Championnats d&rsquo;Europe : Kevin Aymoz passe \u00e0 la trappe d\u00e8s le programme court"},"content":{"rendered":"<p style=\"text-align: justify;\"><strong><em>Patinage artistique &#8211; Troisi\u00e8me du Grand Prix de Paris en d\u00e9cembre dernier,\u00a0<a href=\"http:\/\/www.isuresults.com\/bios\/isufs00014227.htm\" target=\"_blank\" rel=\"noopener\">Kevin Aymoz<\/a> est \u00e9limin\u00e9 d\u00e8s le programme court des championnats d&rsquo;Europe \u00e0 Graz, en Autriche.<\/em><\/strong><\/p>\n<p style=\"text-align: justify;\">Le patineur fran\u00e7ais <strong>Kevin Aymoz<\/strong> a v\u00e9cu un programme court cauchemardesque. Apr\u00e8s deux chutes, il a pris la 26\u00e8me place avec un score de 64,40, soit deux places de trop pour esp\u00e9rer r\u00e9aliser au moins un meilleur programme libre. Les 24 premiers \u00e0 l&rsquo;issue du programme court \u00e9taient en effet qualifi\u00e9s. Alors que le Tch\u00e8que\u00a0<strong>Michal Brezina<\/strong> a domin\u00e9 ce premier acte avec un score de 89,77, le deuxi\u00e8me Fran\u00e7ais, <strong>Adam Siao Him Fa<\/strong>, passe tout juste avec son score de 65,21 points, puisqu&rsquo;il prend la 24\u00e8me et derni\u00e8re place qualificative.<\/p>\n<blockquote class=\"twitter-tweet\">\n<p dir=\"ltr\" lang=\"fr\">&#x26f8;&#xfe0f; Il esp\u00e9rait une m\u00e9daille mais Kevin Aymoz est pass\u00e9 compl\u00e8tement \u00e0 c\u00f4t\u00e9 de son programme court ! Il ne serait m\u00eame pas qualifi\u00e9 pour le programme libre&#8230; <a href=\"https:\/\/twitter.com\/hashtag\/Graz2020?src=hash&amp;ref_src=twsrc%5Etfw\">#Graz2020<\/a><\/p>\n<p>&#x25b6;&#xfe0f; Suivez les championnats d&rsquo;Europe de patinage artistique en direct vid\u00e9o : <a href=\"https:\/\/t.co\/CWm9126CwP\">https:\/\/t.co\/CWm9126CwP<\/a> <a href=\"https:\/\/t.co\/lRKSqoPr2J\">pic.twitter.com\/lRKSqoPr2J<\/a><\/p>\n<p>\u2014 France tv sport (@francetvsport) <a href=\"https:\/\/twitter.com\/francetvsport\/status\/1220005199537999872?ref_src=twsrc%5Etfw\">January 22, 2020<\/a><\/p><\/blockquote>\n<p><script async src=\"https:\/\/platform.twitter.com\/widgets.js\" charset=\"utf-8\"><\/script><\/p>\n<p><strong><em>Dicodusport<br \/>\n<a href=\"https:\/\/www.facebook.com\/dicodusport\/\" target=\"_blank\" rel=\"noopener\"><img loading=\"lazy\" decoding=\"async\" class=\"alignnone wp-image-2909\" src=\"http:\/\/dicodusport.fr\/blog\/wp-content\/uploads\/2017\/07\/logo-facebook-150x150.png\" alt=\"\" width=\"40\" height=\"40\" \/><\/a><a href=\"https:\/\/twitter.com\/dicodusport\" target=\"_blank\" rel=\"noopener\"><img loading=\"lazy\" decoding=\"async\" class=\"alignnone wp-image-2908\" src=\"http:\/\/dicodusport.fr\/blog\/wp-content\/uploads\/2017\/07\/logo-twitter-150x150.png\" alt=\"\" width=\"39\" height=\"39\" \/><\/a><\/em><\/strong><\/p>\n","protected":false},"excerpt":{"rendered":"<p>Troisi\u00e8me du Grand Prix de Paris en d\u00e9cembre dernier,\u00a0Kevin Aymoz est \u00e9limin\u00e9 d\u00e8s le programme court des championnats d&rsquo;Europe \u00e0 Graz, en Autriche.<\/p>\n","protected":false},"author":1,"featured_media":57671,"comment_status":"open","ping_status":"closed","sticky":false,"template":"","format":"standard","meta":{"_acf_changed":false,"_daextam_enable_autolinks":"","footnotes":""},"categories":[9141],"tags":[4799,9319,2289],"class_list":["post-57666","post","type-post","status-publish","format-standard","has-post-thumbnail","hentry","category-patinage-artistique","tag-championnats-deurope","tag-kevin-aymoz","tag-patinage-artistique"],"acf":[],"yoast_head":"<!-- This site is optimized with the Yoast SEO Premium plugin v26.7 (Yoast SEO v26.7) - https:\/\/yoast.com\/wordpress\/plugins\/seo\/ -->\n<title>Championnats d&#039;Europe : Kevin Aymoz passe \u00e0 la trappe d\u00e8s le programme court<\/title>\n<meta name=\"description\" content=\"Patinage artistique - Troisi\u00e8me du Grand Prix de Paris en d\u00e9cembre dernier,\u00a0Kevin Aymoz est \u00e9limin\u00e9 d\u00e8s le programme court des championnats d&#039;Europe \u00e0 Graz.\" \/>\n<meta name=\"robots\" content=\"index, follow, max-snippet:-1, max-image-preview:large, max-video-preview:-1\" \/>\n<link rel=\"canonical\" href=\"https:\/\/dicodusport.fr\/blog\/patinage-artistique-championnats-europe-kevin-aymoz-passe-trappe-des-le-programme-court\/\" \/>\n<meta property=\"og:locale\" content=\"fr_FR\" \/>\n<meta property=\"og:type\" content=\"article\" \/>\n<meta property=\"og:title\" content=\"Patinage - Championnats d&#039;Europe : Kevin Aymoz \u00e9limin\u00e9 d\u00e8s le programme court\" \/>\n<meta property=\"og:description\" content=\"Patinage artistique - Troisi\u00e8me du Grand Prix de Paris en d\u00e9cembre dernier,\u00a0Kevin Aymoz est \u00e9limin\u00e9 d\u00e8s le programme court des championnats d&#039;Europe \u00e0 Graz.\" \/>\n<meta property=\"og:url\" content=\"https:\/\/dicodusport.fr\/blog\/patinage-artistique-championnats-europe-kevin-aymoz-passe-trappe-des-le-programme-court\/\" \/>\n<meta property=\"og:site_name\" content=\"Dicodusport\" \/>\n<meta property=\"article:publisher\" content=\"https:\/\/www.facebook.com\/dicodusport\" \/>\n<meta property=\"article:author\" content=\"https:\/\/www.facebook.com\/dicodusport\" \/>\n<meta property=\"article:published_time\" content=\"2020-01-22T16:02:21+00:00\" \/>\n<meta property=\"og:image\" content=\"https:\/\/dicodusport.fr\/blog\/wp-content\/uploads\/2020\/01\/Patinage-artistique-Championnats-dEurope-Kevin-Aymoz-passe-\u00e0-la-trappe-d\u00e8s-le-programme-court.png\" \/>\n\t<meta property=\"og:image:width\" content=\"800\" \/>\n\t<meta property=\"og:image:height\" content=\"445\" \/>\n\t<meta property=\"og:image:type\" content=\"image\/png\" \/>\n<meta name=\"author\" content=\"Nicolas Jacquemard\" \/>\n<meta name=\"twitter:card\" content=\"summary_large_image\" \/>\n<meta name=\"twitter:title\" content=\"Patinage - Championnats d&#039;Europe : Kevin Aymoz \u00e9limin\u00e9 d\u00e8s le programme court\" \/>\n<meta name=\"twitter:creator\" content=\"@https:\/\/twitter.com\/Nico_Jacquemard\" \/>\n<meta name=\"twitter:site\" content=\"@dicodusport\" \/>\n<script type=\"application\/ld+json\" class=\"yoast-schema-graph\">{\"@context\":\"https:\/\/schema.org\",\"@graph\":[{\"@type\":\"NewsArticle\",\"@id\":\"https:\/\/dicodusport.fr\/blog\/patinage-artistique-championnats-europe-kevin-aymoz-passe-trappe-des-le-programme-court\/#article\",\"isPartOf\":{\"@id\":\"https:\/\/dicodusport.fr\/blog\/patinage-artistique-championnats-europe-kevin-aymoz-passe-trappe-des-le-programme-court\/\"},\"author\":{\"name\":\"Nicolas Jacquemard\",\"@id\":\"https:\/\/dicodusport.fr\/blog\/#\/schema\/person\/55dcb50ad410894e431ed812bbb70191\"},\"headline\":\"Championnats d&rsquo;Europe : Kevin Aymoz passe \u00e0 la trappe d\u00e8s le programme court\",\"datePublished\":\"2020-01-22T16:02:21+00:00\",\"mainEntityOfPage\":{\"@id\":\"https:\/\/dicodusport.fr\/blog\/patinage-artistique-championnats-europe-kevin-aymoz-passe-trappe-des-le-programme-court\/\"},\"wordCount\":208,\"commentCount\":0,\"publisher\":{\"@id\":\"https:\/\/dicodusport.fr\/blog\/#organization\"},\"image\":{\"@id\":\"https:\/\/dicodusport.fr\/blog\/patinage-artistique-championnats-europe-kevin-aymoz-passe-trappe-des-le-programme-court\/#primaryimage\"},\"thumbnailUrl\":\"https:\/\/dicodusport.fr\/blog\/wp-content\/uploads\/2020\/01\/Patinage-artistique-Championnats-dEurope-Kevin-Aymoz-passe-\u00e0-la-trappe-d\u00e8s-le-programme-court.png\",\"keywords\":[\"Championnats d'Europe\",\"Kevin Aymoz\",\"Patinage artistique\"],\"articleSection\":[\"Patinage artistique\"],\"inLanguage\":\"fr-FR\",\"potentialAction\":[{\"@type\":\"CommentAction\",\"name\":\"Comment\",\"target\":[\"https:\/\/dicodusport.fr\/blog\/patinage-artistique-championnats-europe-kevin-aymoz-passe-trappe-des-le-programme-court\/#respond\"]}],\"copyrightYear\":\"2020\",\"copyrightHolder\":{\"@id\":\"https:\/\/dicodusport.fr\/blog\/#organization\"}},{\"@type\":\"WebPage\",\"@id\":\"https:\/\/dicodusport.fr\/blog\/patinage-artistique-championnats-europe-kevin-aymoz-passe-trappe-des-le-programme-court\/\",\"url\":\"https:\/\/dicodusport.fr\/blog\/patinage-artistique-championnats-europe-kevin-aymoz-passe-trappe-des-le-programme-court\/\",\"name\":\"Championnats d'Europe : Kevin Aymoz passe \u00e0 la trappe d\u00e8s le programme court\",\"isPartOf\":{\"@id\":\"https:\/\/dicodusport.fr\/blog\/#website\"},\"primaryImageOfPage\":{\"@id\":\"https:\/\/dicodusport.fr\/blog\/patinage-artistique-championnats-europe-kevin-aymoz-passe-trappe-des-le-programme-court\/#primaryimage\"},\"image\":{\"@id\":\"https:\/\/dicodusport.fr\/blog\/patinage-artistique-championnats-europe-kevin-aymoz-passe-trappe-des-le-programme-court\/#primaryimage\"},\"thumbnailUrl\":\"https:\/\/dicodusport.fr\/blog\/wp-content\/uploads\/2020\/01\/Patinage-artistique-Championnats-dEurope-Kevin-Aymoz-passe-\u00e0-la-trappe-d\u00e8s-le-programme-court.png\",\"datePublished\":\"2020-01-22T16:02:21+00:00\",\"description\":\"Patinage artistique - Troisi\u00e8me du Grand Prix de Paris en d\u00e9cembre dernier,\u00a0Kevin Aymoz est \u00e9limin\u00e9 d\u00e8s le programme court des championnats d'Europe \u00e0 Graz.\",\"breadcrumb\":{\"@id\":\"https:\/\/dicodusport.fr\/blog\/patinage-artistique-championnats-europe-kevin-aymoz-passe-trappe-des-le-programme-court\/#breadcrumb\"},\"inLanguage\":\"fr-FR\",\"potentialAction\":[{\"@type\":\"ReadAction\",\"target\":[\"https:\/\/dicodusport.fr\/blog\/patinage-artistique-championnats-europe-kevin-aymoz-passe-trappe-des-le-programme-court\/\"]}]},{\"@type\":\"ImageObject\",\"inLanguage\":\"fr-FR\",\"@id\":\"https:\/\/dicodusport.fr\/blog\/patinage-artistique-championnats-europe-kevin-aymoz-passe-trappe-des-le-programme-court\/#primaryimage\",\"url\":\"https:\/\/dicodusport.fr\/blog\/wp-content\/uploads\/2020\/01\/Patinage-artistique-Championnats-dEurope-Kevin-Aymoz-passe-\u00e0-la-trappe-d\u00e8s-le-programme-court.png\",\"contentUrl\":\"https:\/\/dicodusport.fr\/blog\/wp-content\/uploads\/2020\/01\/Patinage-artistique-Championnats-dEurope-Kevin-Aymoz-passe-\u00e0-la-trappe-d\u00e8s-le-programme-court.png\",\"width\":800,\"height\":445,\"caption\":\"Patinage artistique - Championnats d'Europe - Kevin Aymoz passe \u00e0 la trappe d\u00e8s le programme court\"},{\"@type\":\"BreadcrumbList\",\"@id\":\"https:\/\/dicodusport.fr\/blog\/patinage-artistique-championnats-europe-kevin-aymoz-passe-trappe-des-le-programme-court\/#breadcrumb\",\"itemListElement\":[{\"@type\":\"ListItem\",\"position\":1,\"name\":\"Accueil\",\"item\":\"https:\/\/dicodusport.fr\/blog\/\"},{\"@type\":\"ListItem\",\"position\":2,\"name\":\"Championnats d&rsquo;Europe : Kevin Aymoz passe \u00e0 la trappe d\u00e8s le programme court\"}]},{\"@type\":\"WebSite\",\"@id\":\"https:\/\/dicodusport.fr\/blog\/#website\",\"url\":\"https:\/\/dicodusport.fr\/blog\/\",\"name\":\"Dicodusport\",\"description\":\"L&#039;encyclop\u00e9die de l&#039;actualit\u00e9 sportive\",\"publisher\":{\"@id\":\"https:\/\/dicodusport.fr\/blog\/#organization\"},\"potentialAction\":[{\"@type\":\"SearchAction\",\"target\":{\"@type\":\"EntryPoint\",\"urlTemplate\":\"https:\/\/dicodusport.fr\/blog\/?s={search_term_string}\"},\"query-input\":{\"@type\":\"PropertyValueSpecification\",\"valueRequired\":true,\"valueName\":\"search_term_string\"}}],\"inLanguage\":\"fr-FR\"},{\"@type\":\"NewsMediaOrganization\",\"@id\":\"https:\/\/dicodusport.fr\/blog\/#organization\",\"name\":\"Dicodusport\",\"url\":\"https:\/\/dicodusport.fr\/blog\/\",\"logo\":{\"@type\":\"ImageObject\",\"inLanguage\":\"fr-FR\",\"@id\":\"https:\/\/dicodusport.fr\/blog\/#\/schema\/logo\/image\/\",\"url\":\"https:\/\/dicodusport.fr\/blog\/wp-content\/uploads\/2020\/06\/cropped-LOGO-DICODUSPORT-2020-SANS-FOND-SANS-TEXTE.png\",\"contentUrl\":\"https:\/\/dicodusport.fr\/blog\/wp-content\/uploads\/2020\/06\/cropped-LOGO-DICODUSPORT-2020-SANS-FOND-SANS-TEXTE.png\",\"width\":512,\"height\":512,\"caption\":\"Dicodusport\"},\"image\":{\"@id\":\"https:\/\/dicodusport.fr\/blog\/#\/schema\/logo\/image\/\"},\"sameAs\":[\"https:\/\/www.facebook.com\/dicodusport\",\"https:\/\/x.com\/dicodusport\",\"https:\/\/www.instagram.com\/dicodusport\/\",\"https:\/\/www.youtube.com\/channel\/UC7V2KZ5sd3htJivAbA4ZG3w\"],\"description\":\"Dicodusport est l'encyclop\u00e9die de l'actualit\u00e9 sportive.\",\"email\":\"bonjour@dicodusport.fr\",\"legalName\":\"DICODUSPORT\",\"foundingDate\":\"2018-01-14\",\"vatID\":\"FR71834470973\",\"taxID\":\"83447097300043\",\"numberOfEmployees\":{\"@type\":\"QuantitativeValue\",\"minValue\":\"1\",\"maxValue\":\"10\"}},{\"@type\":\"Person\",\"@id\":\"https:\/\/dicodusport.fr\/blog\/#\/schema\/person\/55dcb50ad410894e431ed812bbb70191\",\"name\":\"Nicolas Jacquemard\",\"image\":{\"@type\":\"ImageObject\",\"inLanguage\":\"fr-FR\",\"@id\":\"https:\/\/dicodusport.fr\/blog\/#\/schema\/person\/image\/\",\"url\":\"https:\/\/dicodusport.fr\/blog\/wp-content\/uploads\/2021\/05\/Nicolas-Jacquemard-150x150.jpeg\",\"contentUrl\":\"https:\/\/dicodusport.fr\/blog\/wp-content\/uploads\/2021\/05\/Nicolas-Jacquemard-150x150.jpeg\",\"caption\":\"Nicolas Jacquemard\"},\"description\":\"Passionn\u00e9 de sport et entrepreneur depuis mes 18 ans, la cr\u00e9ation de Dicodusport m'a sembl\u00e9 \u00e9vidente pour participer \u00e0 la m\u00e9diatisation d'un plus grand nombre de sports. Le chemin est long mais avec une \u00e9quipe des plus motiv\u00e9es et les Jeux Olympiques de Paris 2024 en point de mire, nous y arriverons ! Journaliste dans le monde du sport depuis plus de 5 ans, je traite aussi bien de football, de rugby, de biathlon que de cyclisme.\",\"sameAs\":[\"https:\/\/www.facebook.com\/dicodusport\",\"https:\/\/x.com\/https:\/\/twitter.com\/Nico_Jacquemard\"],\"url\":\"https:\/\/dicodusport.fr\/blog\/author\/dicodusport\/\"}]}<\/script>\n<!-- \/ Yoast SEO Premium plugin. -->","yoast_head_json":{"title":"Championnats d'Europe : Kevin Aymoz passe \u00e0 la trappe d\u00e8s le programme court","description":"Patinage artistique - Troisi\u00e8me du Grand Prix de Paris en d\u00e9cembre dernier,\u00a0Kevin Aymoz est \u00e9limin\u00e9 d\u00e8s le programme court des championnats d'Europe \u00e0 Graz.","robots":{"index":"index","follow":"follow","max-snippet":"max-snippet:-1","max-image-preview":"max-image-preview:large","max-video-preview":"max-video-preview:-1"},"canonical":"https:\/\/dicodusport.fr\/blog\/patinage-artistique-championnats-europe-kevin-aymoz-passe-trappe-des-le-programme-court\/","og_locale":"fr_FR","og_type":"article","og_title":"Patinage - Championnats d'Europe : Kevin Aymoz \u00e9limin\u00e9 d\u00e8s le programme court","og_description":"Patinage artistique - Troisi\u00e8me du Grand Prix de Paris en d\u00e9cembre dernier,\u00a0Kevin Aymoz est \u00e9limin\u00e9 d\u00e8s le programme court des championnats d'Europe \u00e0 Graz.","og_url":"https:\/\/dicodusport.fr\/blog\/patinage-artistique-championnats-europe-kevin-aymoz-passe-trappe-des-le-programme-court\/","og_site_name":"Dicodusport","article_publisher":"https:\/\/www.facebook.com\/dicodusport","article_author":"https:\/\/www.facebook.com\/dicodusport","article_published_time":"2020-01-22T16:02:21+00:00","og_image":[{"width":800,"height":445,"url":"https:\/\/dicodusport.fr\/blog\/wp-content\/uploads\/2020\/01\/Patinage-artistique-Championnats-dEurope-Kevin-Aymoz-passe-\u00e0-la-trappe-d\u00e8s-le-programme-court.png","type":"image\/png"}],"author":"Nicolas Jacquemard","twitter_card":"summary_large_image","twitter_title":"Patinage - Championnats d'Europe : Kevin Aymoz \u00e9limin\u00e9 d\u00e8s le programme court","twitter_creator":"@https:\/\/twitter.com\/Nico_Jacquemard","twitter_site":"@dicodusport","schema":{"@context":"https:\/\/schema.org","@graph":[{"@type":"NewsArticle","@id":"https:\/\/dicodusport.fr\/blog\/patinage-artistique-championnats-europe-kevin-aymoz-passe-trappe-des-le-programme-court\/#article","isPartOf":{"@id":"https:\/\/dicodusport.fr\/blog\/patinage-artistique-championnats-europe-kevin-aymoz-passe-trappe-des-le-programme-court\/"},"author":{"name":"Nicolas Jacquemard","@id":"https:\/\/dicodusport.fr\/blog\/#\/schema\/person\/55dcb50ad410894e431ed812bbb70191"},"headline":"Championnats d&rsquo;Europe : Kevin Aymoz passe \u00e0 la trappe d\u00e8s le programme court","datePublished":"2020-01-22T16:02:21+00:00","mainEntityOfPage":{"@id":"https:\/\/dicodusport.fr\/blog\/patinage-artistique-championnats-europe-kevin-aymoz-passe-trappe-des-le-programme-court\/"},"wordCount":208,"commentCount":0,"publisher":{"@id":"https:\/\/dicodusport.fr\/blog\/#organization"},"image":{"@id":"https:\/\/dicodusport.fr\/blog\/patinage-artistique-championnats-europe-kevin-aymoz-passe-trappe-des-le-programme-court\/#primaryimage"},"thumbnailUrl":"https:\/\/dicodusport.fr\/blog\/wp-content\/uploads\/2020\/01\/Patinage-artistique-Championnats-dEurope-Kevin-Aymoz-passe-\u00e0-la-trappe-d\u00e8s-le-programme-court.png","keywords":["Championnats d'Europe","Kevin Aymoz","Patinage artistique"],"articleSection":["Patinage artistique"],"inLanguage":"fr-FR","potentialAction":[{"@type":"CommentAction","name":"Comment","target":["https:\/\/dicodusport.fr\/blog\/patinage-artistique-championnats-europe-kevin-aymoz-passe-trappe-des-le-programme-court\/#respond"]}],"copyrightYear":"2020","copyrightHolder":{"@id":"https:\/\/dicodusport.fr\/blog\/#organization"}},{"@type":"WebPage","@id":"https:\/\/dicodusport.fr\/blog\/patinage-artistique-championnats-europe-kevin-aymoz-passe-trappe-des-le-programme-court\/","url":"https:\/\/dicodusport.fr\/blog\/patinage-artistique-championnats-europe-kevin-aymoz-passe-trappe-des-le-programme-court\/","name":"Championnats d'Europe : Kevin Aymoz passe \u00e0 la trappe d\u00e8s le programme court","isPartOf":{"@id":"https:\/\/dicodusport.fr\/blog\/#website"},"primaryImageOfPage":{"@id":"https:\/\/dicodusport.fr\/blog\/patinage-artistique-championnats-europe-kevin-aymoz-passe-trappe-des-le-programme-court\/#primaryimage"},"image":{"@id":"https:\/\/dicodusport.fr\/blog\/patinage-artistique-championnats-europe-kevin-aymoz-passe-trappe-des-le-programme-court\/#primaryimage"},"thumbnailUrl":"https:\/\/dicodusport.fr\/blog\/wp-content\/uploads\/2020\/01\/Patinage-artistique-Championnats-dEurope-Kevin-Aymoz-passe-\u00e0-la-trappe-d\u00e8s-le-programme-court.png","datePublished":"2020-01-22T16:02:21+00:00","description":"Patinage artistique - Troisi\u00e8me du Grand Prix de Paris en d\u00e9cembre dernier,\u00a0Kevin Aymoz est \u00e9limin\u00e9 d\u00e8s le programme court des championnats d'Europe \u00e0 Graz.","breadcrumb":{"@id":"https:\/\/dicodusport.fr\/blog\/patinage-artistique-championnats-europe-kevin-aymoz-passe-trappe-des-le-programme-court\/#breadcrumb"},"inLanguage":"fr-FR","potentialAction":[{"@type":"ReadAction","target":["https:\/\/dicodusport.fr\/blog\/patinage-artistique-championnats-europe-kevin-aymoz-passe-trappe-des-le-programme-court\/"]}]},{"@type":"ImageObject","inLanguage":"fr-FR","@id":"https:\/\/dicodusport.fr\/blog\/patinage-artistique-championnats-europe-kevin-aymoz-passe-trappe-des-le-programme-court\/#primaryimage","url":"https:\/\/dicodusport.fr\/blog\/wp-content\/uploads\/2020\/01\/Patinage-artistique-Championnats-dEurope-Kevin-Aymoz-passe-\u00e0-la-trappe-d\u00e8s-le-programme-court.png","contentUrl":"https:\/\/dicodusport.fr\/blog\/wp-content\/uploads\/2020\/01\/Patinage-artistique-Championnats-dEurope-Kevin-Aymoz-passe-\u00e0-la-trappe-d\u00e8s-le-programme-court.png","width":800,"height":445,"caption":"Patinage artistique - Championnats d'Europe - Kevin Aymoz passe \u00e0 la trappe d\u00e8s le programme court"},{"@type":"BreadcrumbList","@id":"https:\/\/dicodusport.fr\/blog\/patinage-artistique-championnats-europe-kevin-aymoz-passe-trappe-des-le-programme-court\/#breadcrumb","itemListElement":[{"@type":"ListItem","position":1,"name":"Accueil","item":"https:\/\/dicodusport.fr\/blog\/"},{"@type":"ListItem","position":2,"name":"Championnats d&rsquo;Europe : Kevin Aymoz passe \u00e0 la trappe d\u00e8s le programme court"}]},{"@type":"WebSite","@id":"https:\/\/dicodusport.fr\/blog\/#website","url":"https:\/\/dicodusport.fr\/blog\/","name":"Dicodusport","description":"L&#039;encyclop\u00e9die de l&#039;actualit\u00e9 sportive","publisher":{"@id":"https:\/\/dicodusport.fr\/blog\/#organization"},"potentialAction":[{"@type":"SearchAction","target":{"@type":"EntryPoint","urlTemplate":"https:\/\/dicodusport.fr\/blog\/?s={search_term_string}"},"query-input":{"@type":"PropertyValueSpecification","valueRequired":true,"valueName":"search_term_string"}}],"inLanguage":"fr-FR"},{"@type":"NewsMediaOrganization","@id":"https:\/\/dicodusport.fr\/blog\/#organization","name":"Dicodusport","url":"https:\/\/dicodusport.fr\/blog\/","logo":{"@type":"ImageObject","inLanguage":"fr-FR","@id":"https:\/\/dicodusport.fr\/blog\/#\/schema\/logo\/image\/","url":"https:\/\/dicodusport.fr\/blog\/wp-content\/uploads\/2020\/06\/cropped-LOGO-DICODUSPORT-2020-SANS-FOND-SANS-TEXTE.png","contentUrl":"https:\/\/dicodusport.fr\/blog\/wp-content\/uploads\/2020\/06\/cropped-LOGO-DICODUSPORT-2020-SANS-FOND-SANS-TEXTE.png","width":512,"height":512,"caption":"Dicodusport"},"image":{"@id":"https:\/\/dicodusport.fr\/blog\/#\/schema\/logo\/image\/"},"sameAs":["https:\/\/www.facebook.com\/dicodusport","https:\/\/x.com\/dicodusport","https:\/\/www.instagram.com\/dicodusport\/","https:\/\/www.youtube.com\/channel\/UC7V2KZ5sd3htJivAbA4ZG3w"],"description":"Dicodusport est l'encyclop\u00e9die de l'actualit\u00e9 sportive.","email":"bonjour@dicodusport.fr","legalName":"DICODUSPORT","foundingDate":"2018-01-14","vatID":"FR71834470973","taxID":"83447097300043","numberOfEmployees":{"@type":"QuantitativeValue","minValue":"1","maxValue":"10"}},{"@type":"Person","@id":"https:\/\/dicodusport.fr\/blog\/#\/schema\/person\/55dcb50ad410894e431ed812bbb70191","name":"Nicolas Jacquemard","image":{"@type":"ImageObject","inLanguage":"fr-FR","@id":"https:\/\/dicodusport.fr\/blog\/#\/schema\/person\/image\/","url":"https:\/\/dicodusport.fr\/blog\/wp-content\/uploads\/2021\/05\/Nicolas-Jacquemard-150x150.jpeg","contentUrl":"https:\/\/dicodusport.fr\/blog\/wp-content\/uploads\/2021\/05\/Nicolas-Jacquemard-150x150.jpeg","caption":"Nicolas Jacquemard"},"description":"Passionn\u00e9 de sport et entrepreneur depuis mes 18 ans, la cr\u00e9ation de Dicodusport m'a sembl\u00e9 \u00e9vidente pour participer \u00e0 la m\u00e9diatisation d'un plus grand nombre de sports. Le chemin est long mais avec une \u00e9quipe des plus motiv\u00e9es et les Jeux Olympiques de Paris 2024 en point de mire, nous y arriverons ! Journaliste dans le monde du sport depuis plus de 5 ans, je traite aussi bien de football, de rugby, de biathlon que de cyclisme.","sameAs":["https:\/\/www.facebook.com\/dicodusport","https:\/\/x.com\/https:\/\/twitter.com\/Nico_Jacquemard"],"url":"https:\/\/dicodusport.fr\/blog\/author\/dicodusport\/"}]}},"_links":{"self":[{"href":"https:\/\/dicodusport.fr\/blog\/wp-json\/wp\/v2\/posts\/57666","targetHints":{"allow":["GET"]}}],"collection":[{"href":"https:\/\/dicodusport.fr\/blog\/wp-json\/wp\/v2\/posts"}],"about":[{"href":"https:\/\/dicodusport.fr\/blog\/wp-json\/wp\/v2\/types\/post"}],"author":[{"embeddable":true,"href":"https:\/\/dicodusport.fr\/blog\/wp-json\/wp\/v2\/users\/1"}],"replies":[{"embeddable":true,"href":"https:\/\/dicodusport.fr\/blog\/wp-json\/wp\/v2\/comments?post=57666"}],"version-history":[{"count":0,"href":"https:\/\/dicodusport.fr\/blog\/wp-json\/wp\/v2\/posts\/57666\/revisions"}],"wp:featuredmedia":[{"embeddable":true,"href":"https:\/\/dicodusport.fr\/blog\/wp-json\/wp\/v2\/media\/57671"}],"wp:attachment":[{"href":"https:\/\/dicodusport.fr\/blog\/wp-json\/wp\/v2\/media?parent=57666"}],"wp:term":[{"taxonomy":"category","embeddable":true,"href":"https:\/\/dicodusport.fr\/blog\/wp-json\/wp\/v2\/categories?post=57666"},{"taxonomy":"post_tag","embeddable":true,"href":"https:\/\/dicodusport.fr\/blog\/wp-json\/wp\/v2\/tags?post=57666"}],"curies":[{"name":"wp","href":"https:\/\/api.w.org\/{rel}","templated":true}]}}