{"id":576668,"date":"2025-05-04T20:26:00","date_gmt":"2025-05-04T18:26:00","guid":{"rendered":"https:\/\/dicodusport.fr\/blog\/?p=576668&#038;preview=true&#038;preview_id=576668"},"modified":"2025-05-04T20:29:11","modified_gmt":"2025-05-04T18:29:11","slug":"coupe-du-monde-descalade-premier-podium-pour-max-bertone-a-bali","status":"publish","type":"post","link":"https:\/\/dicodusport.fr\/blog\/coupe-du-monde-descalade-premier-podium-pour-max-bertone-a-bali\/","title":{"rendered":"Coupe du monde d&rsquo;escalade : Premier podium pour Max Bertone \u00e0 Bali"},"content":{"rendered":"<h4 style=\"text-align: justify;\"><em>COUPE DU MONDE D&rsquo;ESCALADE &#8211; Pas loin de l&rsquo;ultime Top en finale, Max Bertone s&rsquo;est offert un premier podium en carri\u00e8re et une m\u00e9daille d&rsquo;argent sur l&rsquo;\u00e9preuve de difficult\u00e9 de Bali.<\/em><\/h4>\n<p style=\"text-align: justify;\">Il \u00e9tait pass\u00e9 d&rsquo;un rien dans le top 8, mais <strong>Max Bertone<\/strong> n\u2019a pas trembl\u00e9 ce dimanche en finale pour s\u2019offrir un premier podium en carri\u00e8re en Coupe du monde. La veille, avec un score similaire \u00e0 <strong>Filip Schenk<\/strong> en demies, le jeune Fran\u00e7ais avait b\u00e9n\u00e9fici\u00e9 d\u2019un meilleur classement lors des qualifications (14<sup>\u00e8me<\/sup> vs 16<sup>\u00e8me<\/sup>) pour d\u00e9crocher la 8<sup>\u00e8me<\/sup> et derni\u00e8re place qualificative en finale in extremis au d\u00e9triment de l\u2019Italien.<\/p>\n<p style=\"text-align: justify;\">C\u2019est donc en premier que Max Bertone s\u2019est \u00e9lanc\u00e9 sur le mur de difficult\u00e9 \u00e0 Bali. Et il a vite mis la pression sur ses adversaires, continuant son ascension jusqu\u2019\u00e0 atteindre la 41<sup>\u00e8me<\/sup> prise, \u00e0 quelques efforts du Top final. Derri\u00e8re lui, ils seront nombreux \u00e0 se casser les dents avant la 30<sup>\u00e8me<\/sup>. Seul l\u2019Espagnol <strong>Alberto Gines Lopez<\/strong> se rapprochait le plus du Fran\u00e7ais avant de c\u00e9der une marche plus bas que le R\u00e9unionnais. Dernier grimpeur en lice, le Japonais <strong>Satone Yoshida<\/strong> montera, lui, un petit rang plus haut seulement que Bertone. Suffisant pour s&#8217;emparer de l&rsquo;or et laisser Bertone en argent. Mais un argent qui confirme les espoirs plac\u00e9s dans ce jeune Tricolore de 18 ans.<\/p>\n<blockquote class=\"twitter-tweet\">\n<p dir=\"ltr\" lang=\"en\">First podium of many for the 18-year-old French.<a href=\"https:\/\/twitter.com\/hashtag\/WorldClimbing?src=hash&amp;ref_src=twsrc%5Etfw\">#WorldClimbing<\/a> <a href=\"https:\/\/t.co\/pLXcTBr885\">pic.twitter.com\/pLXcTBr885<\/a><\/p>\n<p>\u2014 International Federation of Sport Climbing (@ifsclimbing) <a href=\"https:\/\/twitter.com\/ifsclimbing\/status\/1919073979362394498?ref_src=twsrc%5Etfw\">May 4, 2025<\/a><\/p><\/blockquote>\n<p><script async src=\"https:\/\/platform.twitter.com\/widgets.js\" charset=\"utf-8\"><\/script><\/p>\n","protected":false},"excerpt":{"rendered":"<p>COUPE DU MONDE D&rsquo;ESCALADE &#8211; Pas loin de l&rsquo;ultime Top en finale de difficult\u00e9, Max Bertone s&rsquo;est offert un premier podium en carri\u00e8re.<\/p>\n","protected":false},"author":18,"featured_media":576680,"comment_status":"open","ping_status":"closed","sticky":false,"template":"","format":"standard","meta":{"_acf_changed":false,"_daextam_enable_autolinks":"1","footnotes":""},"categories":[10930],"tags":[16878,23681,477],"class_list":["post-576668","post","type-post","status-publish","format-standard","has-post-thumbnail","hentry","category-escalade","tag-breve","tag-coupe-du-monde-descalade","tag-escalade"],"acf":[],"yoast_head":"<!-- This site is optimized with the Yoast SEO Premium plugin v26.7 (Yoast SEO v26.7) - https:\/\/yoast.com\/wordpress\/plugins\/seo\/ -->\n<title>Coupe du monde d&#039;escalade : Premier podium pour Max Bertone \u00e0 Bali<\/title>\n<meta name=\"description\" content=\"COUPE DU MONDE D&#039;ESCALADE - Pas loin de l&#039;ultime Top en finale de difficult\u00e9, Max Bertone s&#039;est offert un premier podium en carri\u00e8re.\" \/>\n<meta name=\"robots\" content=\"index, follow, max-snippet:-1, max-image-preview:large, max-video-preview:-1\" \/>\n<link rel=\"canonical\" href=\"https:\/\/dicodusport.fr\/blog\/coupe-du-monde-descalade-premier-podium-pour-max-bertone-a-bali\/\" \/>\n<meta property=\"og:locale\" content=\"fr_FR\" \/>\n<meta property=\"og:type\" content=\"article\" \/>\n<meta property=\"og:title\" content=\"Coupe du monde d&#039;escalade : Premier podium pour Max Bertone \u00e0 Bali\" \/>\n<meta property=\"og:description\" content=\"COUPE DU MONDE D&#039;ESCALADE - Pas loin de l&#039;ultime Top en finale de difficult\u00e9, Max Bertone s&#039;est offert un premier podium en carri\u00e8re.\" \/>\n<meta property=\"og:url\" content=\"https:\/\/dicodusport.fr\/blog\/coupe-du-monde-descalade-premier-podium-pour-max-bertone-a-bali\/\" \/>\n<meta property=\"og:site_name\" content=\"Dicodusport\" \/>\n<meta property=\"article:publisher\" content=\"https:\/\/www.facebook.com\/dicodusport\" \/>\n<meta property=\"article:author\" content=\"https:\/\/www.facebook.com\/soocube\" \/>\n<meta property=\"article:published_time\" content=\"2025-05-04T18:26:00+00:00\" \/>\n<meta property=\"article:modified_time\" content=\"2025-05-04T18:29:11+00:00\" \/>\n<meta property=\"og:image\" content=\"https:\/\/dicodusport.fr\/blog\/wp-content\/uploads\/2025\/05\/Coupe-du-monde-descalade-Premier-podium-pour-Max-Bertone-a-Bali.png\" \/>\n\t<meta property=\"og:image:width\" content=\"1200\" \/>\n\t<meta property=\"og:image:height\" content=\"674\" \/>\n\t<meta property=\"og:image:type\" content=\"image\/png\" \/>\n<meta name=\"author\" content=\"Sophie Clapier\" \/>\n<meta name=\"twitter:card\" content=\"summary_large_image\" \/>\n<meta name=\"twitter:title\" content=\"Coupe du monde d&#039;escalade : Premier podium pour Max Bertone \u00e0 Bali\" \/>\n<meta name=\"twitter:creator\" content=\"@https:\/\/twitter.com\/soocube\" \/>\n<meta name=\"twitter:site\" content=\"@dicodusport\" \/>\n<script type=\"application\/ld+json\" class=\"yoast-schema-graph\">{\"@context\":\"https:\/\/schema.org\",\"@graph\":[{\"@type\":\"NewsArticle\",\"@id\":\"https:\/\/dicodusport.fr\/blog\/coupe-du-monde-descalade-premier-podium-pour-max-bertone-a-bali\/#article\",\"isPartOf\":{\"@id\":\"https:\/\/dicodusport.fr\/blog\/coupe-du-monde-descalade-premier-podium-pour-max-bertone-a-bali\/\"},\"author\":{\"name\":\"Sophie Clapier\",\"@id\":\"https:\/\/dicodusport.fr\/blog\/#\/schema\/person\/416c975648aca9da8839bdfe333a21c9\"},\"headline\":\"Coupe du monde d&rsquo;escalade : Premier podium pour Max Bertone \u00e0 Bali\",\"datePublished\":\"2025-05-04T18:26:00+00:00\",\"dateModified\":\"2025-05-04T18:29:11+00:00\",\"mainEntityOfPage\":{\"@id\":\"https:\/\/dicodusport.fr\/blog\/coupe-du-monde-descalade-premier-podium-pour-max-bertone-a-bali\/\"},\"wordCount\":273,\"commentCount\":0,\"publisher\":{\"@id\":\"https:\/\/dicodusport.fr\/blog\/#organization\"},\"image\":{\"@id\":\"https:\/\/dicodusport.fr\/blog\/coupe-du-monde-descalade-premier-podium-pour-max-bertone-a-bali\/#primaryimage\"},\"thumbnailUrl\":\"https:\/\/dicodusport.fr\/blog\/wp-content\/uploads\/2025\/05\/Coupe-du-monde-descalade-Premier-podium-pour-Max-Bertone-a-Bali.png\",\"keywords\":[\"br\u00e8ve\",\"Coupe du monde d'escalade\",\"Escalade\"],\"articleSection\":[\"Escalade\"],\"inLanguage\":\"fr-FR\",\"potentialAction\":[{\"@type\":\"CommentAction\",\"name\":\"Comment\",\"target\":[\"https:\/\/dicodusport.fr\/blog\/coupe-du-monde-descalade-premier-podium-pour-max-bertone-a-bali\/#respond\"]}],\"copyrightYear\":\"2025\",\"copyrightHolder\":{\"@id\":\"https:\/\/dicodusport.fr\/blog\/#organization\"}},{\"@type\":\"WebPage\",\"@id\":\"https:\/\/dicodusport.fr\/blog\/coupe-du-monde-descalade-premier-podium-pour-max-bertone-a-bali\/\",\"url\":\"https:\/\/dicodusport.fr\/blog\/coupe-du-monde-descalade-premier-podium-pour-max-bertone-a-bali\/\",\"name\":\"Coupe du monde d'escalade : Premier podium pour Max Bertone \u00e0 Bali\",\"isPartOf\":{\"@id\":\"https:\/\/dicodusport.fr\/blog\/#website\"},\"primaryImageOfPage\":{\"@id\":\"https:\/\/dicodusport.fr\/blog\/coupe-du-monde-descalade-premier-podium-pour-max-bertone-a-bali\/#primaryimage\"},\"image\":{\"@id\":\"https:\/\/dicodusport.fr\/blog\/coupe-du-monde-descalade-premier-podium-pour-max-bertone-a-bali\/#primaryimage\"},\"thumbnailUrl\":\"https:\/\/dicodusport.fr\/blog\/wp-content\/uploads\/2025\/05\/Coupe-du-monde-descalade-Premier-podium-pour-Max-Bertone-a-Bali.png\",\"datePublished\":\"2025-05-04T18:26:00+00:00\",\"dateModified\":\"2025-05-04T18:29:11+00:00\",\"description\":\"COUPE DU MONDE D'ESCALADE - Pas loin de l'ultime Top en finale de difficult\u00e9, Max Bertone s'est offert un premier podium en carri\u00e8re.\",\"breadcrumb\":{\"@id\":\"https:\/\/dicodusport.fr\/blog\/coupe-du-monde-descalade-premier-podium-pour-max-bertone-a-bali\/#breadcrumb\"},\"inLanguage\":\"fr-FR\",\"potentialAction\":[{\"@type\":\"ReadAction\",\"target\":[\"https:\/\/dicodusport.fr\/blog\/coupe-du-monde-descalade-premier-podium-pour-max-bertone-a-bali\/\"]}]},{\"@type\":\"ImageObject\",\"inLanguage\":\"fr-FR\",\"@id\":\"https:\/\/dicodusport.fr\/blog\/coupe-du-monde-descalade-premier-podium-pour-max-bertone-a-bali\/#primaryimage\",\"url\":\"https:\/\/dicodusport.fr\/blog\/wp-content\/uploads\/2025\/05\/Coupe-du-monde-descalade-Premier-podium-pour-Max-Bertone-a-Bali.png\",\"contentUrl\":\"https:\/\/dicodusport.fr\/blog\/wp-content\/uploads\/2025\/05\/Coupe-du-monde-descalade-Premier-podium-pour-Max-Bertone-a-Bali.png\",\"width\":1200,\"height\":674,\"caption\":\"Coupe du monde d'escalade Premier podium pour Max Bertone \u00e0 Bali\"},{\"@type\":\"BreadcrumbList\",\"@id\":\"https:\/\/dicodusport.fr\/blog\/coupe-du-monde-descalade-premier-podium-pour-max-bertone-a-bali\/#breadcrumb\",\"itemListElement\":[{\"@type\":\"ListItem\",\"position\":1,\"name\":\"Accueil\",\"item\":\"https:\/\/dicodusport.fr\/blog\/\"},{\"@type\":\"ListItem\",\"position\":2,\"name\":\"Coupe du monde d&rsquo;escalade : Premier podium pour Max Bertone \u00e0 Bali\"}]},{\"@type\":\"WebSite\",\"@id\":\"https:\/\/dicodusport.fr\/blog\/#website\",\"url\":\"https:\/\/dicodusport.fr\/blog\/\",\"name\":\"Dicodusport\",\"description\":\"L&#039;encyclop\u00e9die de l&#039;actualit\u00e9 sportive\",\"publisher\":{\"@id\":\"https:\/\/dicodusport.fr\/blog\/#organization\"},\"potentialAction\":[{\"@type\":\"SearchAction\",\"target\":{\"@type\":\"EntryPoint\",\"urlTemplate\":\"https:\/\/dicodusport.fr\/blog\/?s={search_term_string}\"},\"query-input\":{\"@type\":\"PropertyValueSpecification\",\"valueRequired\":true,\"valueName\":\"search_term_string\"}}],\"inLanguage\":\"fr-FR\"},{\"@type\":\"NewsMediaOrganization\",\"@id\":\"https:\/\/dicodusport.fr\/blog\/#organization\",\"name\":\"Dicodusport\",\"url\":\"https:\/\/dicodusport.fr\/blog\/\",\"logo\":{\"@type\":\"ImageObject\",\"inLanguage\":\"fr-FR\",\"@id\":\"https:\/\/dicodusport.fr\/blog\/#\/schema\/logo\/image\/\",\"url\":\"https:\/\/dicodusport.fr\/blog\/wp-content\/uploads\/2020\/06\/cropped-LOGO-DICODUSPORT-2020-SANS-FOND-SANS-TEXTE.png\",\"contentUrl\":\"https:\/\/dicodusport.fr\/blog\/wp-content\/uploads\/2020\/06\/cropped-LOGO-DICODUSPORT-2020-SANS-FOND-SANS-TEXTE.png\",\"width\":512,\"height\":512,\"caption\":\"Dicodusport\"},\"image\":{\"@id\":\"https:\/\/dicodusport.fr\/blog\/#\/schema\/logo\/image\/\"},\"sameAs\":[\"https:\/\/www.facebook.com\/dicodusport\",\"https:\/\/x.com\/dicodusport\",\"https:\/\/www.instagram.com\/dicodusport\/\",\"https:\/\/www.youtube.com\/channel\/UC7V2KZ5sd3htJivAbA4ZG3w\"],\"description\":\"Dicodusport est l'encyclop\u00e9die de l'actualit\u00e9 sportive.\",\"email\":\"bonjour@dicodusport.fr\",\"legalName\":\"DICODUSPORT\",\"foundingDate\":\"2018-01-14\",\"vatID\":\"FR71834470973\",\"taxID\":\"83447097300043\",\"numberOfEmployees\":{\"@type\":\"QuantitativeValue\",\"minValue\":\"1\",\"maxValue\":\"10\"}},{\"@type\":\"Person\",\"@id\":\"https:\/\/dicodusport.fr\/blog\/#\/schema\/person\/416c975648aca9da8839bdfe333a21c9\",\"name\":\"Sophie Clapier\",\"image\":{\"@type\":\"ImageObject\",\"inLanguage\":\"fr-FR\",\"@id\":\"https:\/\/dicodusport.fr\/blog\/#\/schema\/person\/image\/\",\"url\":\"https:\/\/dicodusport.fr\/blog\/wp-content\/uploads\/2021\/05\/Sophie-Clapier-150x150.jpg\",\"contentUrl\":\"https:\/\/dicodusport.fr\/blog\/wp-content\/uploads\/2021\/05\/Sophie-Clapier-150x150.jpg\",\"caption\":\"Sophie Clapier\"},\"description\":\"Journaliste\/r\u00e9dactrice depuis janvier 2016 - Passionn\u00e9e de sport depuis toujours, j\u2019en ai pratiqu\u00e9 quelques-uns. Judo, football, handball ou encore tennis, je n\u2019ai jamais pu me mettre d\u2019accord sur un en particulier. Mais \u00e7a, c\u2019\u00e9tait avant de d\u00e9couvrir le basket, devenu mon sport de pr\u00e9dilection. Les actions NBA, le All-Star Week-end, la fureur des Game 7 pendant les playoffs ou mieux, lors des Finals, this is why we play. Team Spurs T.P, je m\u2019accroche encore \u00e0 Gregg Popovich (don\u2019t leave !). Team chef Curry, je souhaite qu\u2019il finisse aux Warriors (staaaay !). Non, il n\u2019y a pas qu\u2019eux, des petits nouveaux -et des petites nouvelles \u00e9videmment- arrivent chaque jour dans toutes les disciplines et cr\u00e9ent de nouveaux exploits. Alors pour les grands \u00e9v\u00e9nements et comp\u00e9titions internationales, vive les pulsations 240\/minutes et le d\u00e9fibrillateur pas loin, et allez les Bleu(e)s ! C\u2019est s\u00fbr, j\u2019aurai plus vu ma vie sur un terrain de sport, mais \u00e0 d\u00e9faut d\u2019en faire en haut niveau, je le partage avec vous.\",\"sameAs\":[\"https:\/\/www.facebook.com\/soocube\",\"https:\/\/x.com\/https:\/\/twitter.com\/soocube\",\"admin\"],\"url\":\"https:\/\/dicodusport.fr\/blog\/author\/sophie\/\"}]}<\/script>\n<!-- \/ Yoast SEO Premium plugin. -->","yoast_head_json":{"title":"Coupe du monde d'escalade : Premier podium pour Max Bertone \u00e0 Bali","description":"COUPE DU MONDE D'ESCALADE - Pas loin de l'ultime Top en finale de difficult\u00e9, Max Bertone s'est offert un premier podium en carri\u00e8re.","robots":{"index":"index","follow":"follow","max-snippet":"max-snippet:-1","max-image-preview":"max-image-preview:large","max-video-preview":"max-video-preview:-1"},"canonical":"https:\/\/dicodusport.fr\/blog\/coupe-du-monde-descalade-premier-podium-pour-max-bertone-a-bali\/","og_locale":"fr_FR","og_type":"article","og_title":"Coupe du monde d'escalade : Premier podium pour Max Bertone \u00e0 Bali","og_description":"COUPE DU MONDE D'ESCALADE - Pas loin de l'ultime Top en finale de difficult\u00e9, Max Bertone s'est offert un premier podium en carri\u00e8re.","og_url":"https:\/\/dicodusport.fr\/blog\/coupe-du-monde-descalade-premier-podium-pour-max-bertone-a-bali\/","og_site_name":"Dicodusport","article_publisher":"https:\/\/www.facebook.com\/dicodusport","article_author":"https:\/\/www.facebook.com\/soocube","article_published_time":"2025-05-04T18:26:00+00:00","article_modified_time":"2025-05-04T18:29:11+00:00","og_image":[{"width":1200,"height":674,"url":"https:\/\/dicodusport.fr\/blog\/wp-content\/uploads\/2025\/05\/Coupe-du-monde-descalade-Premier-podium-pour-Max-Bertone-a-Bali.png","type":"image\/png"}],"author":"Sophie Clapier","twitter_card":"summary_large_image","twitter_title":"Coupe du monde d'escalade : Premier podium pour Max Bertone \u00e0 Bali","twitter_creator":"@https:\/\/twitter.com\/soocube","twitter_site":"@dicodusport","schema":{"@context":"https:\/\/schema.org","@graph":[{"@type":"NewsArticle","@id":"https:\/\/dicodusport.fr\/blog\/coupe-du-monde-descalade-premier-podium-pour-max-bertone-a-bali\/#article","isPartOf":{"@id":"https:\/\/dicodusport.fr\/blog\/coupe-du-monde-descalade-premier-podium-pour-max-bertone-a-bali\/"},"author":{"name":"Sophie Clapier","@id":"https:\/\/dicodusport.fr\/blog\/#\/schema\/person\/416c975648aca9da8839bdfe333a21c9"},"headline":"Coupe du monde d&rsquo;escalade : Premier podium pour Max Bertone \u00e0 Bali","datePublished":"2025-05-04T18:26:00+00:00","dateModified":"2025-05-04T18:29:11+00:00","mainEntityOfPage":{"@id":"https:\/\/dicodusport.fr\/blog\/coupe-du-monde-descalade-premier-podium-pour-max-bertone-a-bali\/"},"wordCount":273,"commentCount":0,"publisher":{"@id":"https:\/\/dicodusport.fr\/blog\/#organization"},"image":{"@id":"https:\/\/dicodusport.fr\/blog\/coupe-du-monde-descalade-premier-podium-pour-max-bertone-a-bali\/#primaryimage"},"thumbnailUrl":"https:\/\/dicodusport.fr\/blog\/wp-content\/uploads\/2025\/05\/Coupe-du-monde-descalade-Premier-podium-pour-Max-Bertone-a-Bali.png","keywords":["br\u00e8ve","Coupe du monde d'escalade","Escalade"],"articleSection":["Escalade"],"inLanguage":"fr-FR","potentialAction":[{"@type":"CommentAction","name":"Comment","target":["https:\/\/dicodusport.fr\/blog\/coupe-du-monde-descalade-premier-podium-pour-max-bertone-a-bali\/#respond"]}],"copyrightYear":"2025","copyrightHolder":{"@id":"https:\/\/dicodusport.fr\/blog\/#organization"}},{"@type":"WebPage","@id":"https:\/\/dicodusport.fr\/blog\/coupe-du-monde-descalade-premier-podium-pour-max-bertone-a-bali\/","url":"https:\/\/dicodusport.fr\/blog\/coupe-du-monde-descalade-premier-podium-pour-max-bertone-a-bali\/","name":"Coupe du monde d'escalade : Premier podium pour Max Bertone \u00e0 Bali","isPartOf":{"@id":"https:\/\/dicodusport.fr\/blog\/#website"},"primaryImageOfPage":{"@id":"https:\/\/dicodusport.fr\/blog\/coupe-du-monde-descalade-premier-podium-pour-max-bertone-a-bali\/#primaryimage"},"image":{"@id":"https:\/\/dicodusport.fr\/blog\/coupe-du-monde-descalade-premier-podium-pour-max-bertone-a-bali\/#primaryimage"},"thumbnailUrl":"https:\/\/dicodusport.fr\/blog\/wp-content\/uploads\/2025\/05\/Coupe-du-monde-descalade-Premier-podium-pour-Max-Bertone-a-Bali.png","datePublished":"2025-05-04T18:26:00+00:00","dateModified":"2025-05-04T18:29:11+00:00","description":"COUPE DU MONDE D'ESCALADE - Pas loin de l'ultime Top en finale de difficult\u00e9, Max Bertone s'est offert un premier podium en carri\u00e8re.","breadcrumb":{"@id":"https:\/\/dicodusport.fr\/blog\/coupe-du-monde-descalade-premier-podium-pour-max-bertone-a-bali\/#breadcrumb"},"inLanguage":"fr-FR","potentialAction":[{"@type":"ReadAction","target":["https:\/\/dicodusport.fr\/blog\/coupe-du-monde-descalade-premier-podium-pour-max-bertone-a-bali\/"]}]},{"@type":"ImageObject","inLanguage":"fr-FR","@id":"https:\/\/dicodusport.fr\/blog\/coupe-du-monde-descalade-premier-podium-pour-max-bertone-a-bali\/#primaryimage","url":"https:\/\/dicodusport.fr\/blog\/wp-content\/uploads\/2025\/05\/Coupe-du-monde-descalade-Premier-podium-pour-Max-Bertone-a-Bali.png","contentUrl":"https:\/\/dicodusport.fr\/blog\/wp-content\/uploads\/2025\/05\/Coupe-du-monde-descalade-Premier-podium-pour-Max-Bertone-a-Bali.png","width":1200,"height":674,"caption":"Coupe du monde d'escalade Premier podium pour Max Bertone \u00e0 Bali"},{"@type":"BreadcrumbList","@id":"https:\/\/dicodusport.fr\/blog\/coupe-du-monde-descalade-premier-podium-pour-max-bertone-a-bali\/#breadcrumb","itemListElement":[{"@type":"ListItem","position":1,"name":"Accueil","item":"https:\/\/dicodusport.fr\/blog\/"},{"@type":"ListItem","position":2,"name":"Coupe du monde d&rsquo;escalade : Premier podium pour Max Bertone \u00e0 Bali"}]},{"@type":"WebSite","@id":"https:\/\/dicodusport.fr\/blog\/#website","url":"https:\/\/dicodusport.fr\/blog\/","name":"Dicodusport","description":"L&#039;encyclop\u00e9die de l&#039;actualit\u00e9 sportive","publisher":{"@id":"https:\/\/dicodusport.fr\/blog\/#organization"},"potentialAction":[{"@type":"SearchAction","target":{"@type":"EntryPoint","urlTemplate":"https:\/\/dicodusport.fr\/blog\/?s={search_term_string}"},"query-input":{"@type":"PropertyValueSpecification","valueRequired":true,"valueName":"search_term_string"}}],"inLanguage":"fr-FR"},{"@type":"NewsMediaOrganization","@id":"https:\/\/dicodusport.fr\/blog\/#organization","name":"Dicodusport","url":"https:\/\/dicodusport.fr\/blog\/","logo":{"@type":"ImageObject","inLanguage":"fr-FR","@id":"https:\/\/dicodusport.fr\/blog\/#\/schema\/logo\/image\/","url":"https:\/\/dicodusport.fr\/blog\/wp-content\/uploads\/2020\/06\/cropped-LOGO-DICODUSPORT-2020-SANS-FOND-SANS-TEXTE.png","contentUrl":"https:\/\/dicodusport.fr\/blog\/wp-content\/uploads\/2020\/06\/cropped-LOGO-DICODUSPORT-2020-SANS-FOND-SANS-TEXTE.png","width":512,"height":512,"caption":"Dicodusport"},"image":{"@id":"https:\/\/dicodusport.fr\/blog\/#\/schema\/logo\/image\/"},"sameAs":["https:\/\/www.facebook.com\/dicodusport","https:\/\/x.com\/dicodusport","https:\/\/www.instagram.com\/dicodusport\/","https:\/\/www.youtube.com\/channel\/UC7V2KZ5sd3htJivAbA4ZG3w"],"description":"Dicodusport est l'encyclop\u00e9die de l'actualit\u00e9 sportive.","email":"bonjour@dicodusport.fr","legalName":"DICODUSPORT","foundingDate":"2018-01-14","vatID":"FR71834470973","taxID":"83447097300043","numberOfEmployees":{"@type":"QuantitativeValue","minValue":"1","maxValue":"10"}},{"@type":"Person","@id":"https:\/\/dicodusport.fr\/blog\/#\/schema\/person\/416c975648aca9da8839bdfe333a21c9","name":"Sophie Clapier","image":{"@type":"ImageObject","inLanguage":"fr-FR","@id":"https:\/\/dicodusport.fr\/blog\/#\/schema\/person\/image\/","url":"https:\/\/dicodusport.fr\/blog\/wp-content\/uploads\/2021\/05\/Sophie-Clapier-150x150.jpg","contentUrl":"https:\/\/dicodusport.fr\/blog\/wp-content\/uploads\/2021\/05\/Sophie-Clapier-150x150.jpg","caption":"Sophie Clapier"},"description":"Journaliste\/r\u00e9dactrice depuis janvier 2016 - Passionn\u00e9e de sport depuis toujours, j\u2019en ai pratiqu\u00e9 quelques-uns. Judo, football, handball ou encore tennis, je n\u2019ai jamais pu me mettre d\u2019accord sur un en particulier. Mais \u00e7a, c\u2019\u00e9tait avant de d\u00e9couvrir le basket, devenu mon sport de pr\u00e9dilection. Les actions NBA, le All-Star Week-end, la fureur des Game 7 pendant les playoffs ou mieux, lors des Finals, this is why we play. Team Spurs T.P, je m\u2019accroche encore \u00e0 Gregg Popovich (don\u2019t leave !). Team chef Curry, je souhaite qu\u2019il finisse aux Warriors (staaaay !). Non, il n\u2019y a pas qu\u2019eux, des petits nouveaux -et des petites nouvelles \u00e9videmment- arrivent chaque jour dans toutes les disciplines et cr\u00e9ent de nouveaux exploits. Alors pour les grands \u00e9v\u00e9nements et comp\u00e9titions internationales, vive les pulsations 240\/minutes et le d\u00e9fibrillateur pas loin, et allez les Bleu(e)s ! C\u2019est s\u00fbr, j\u2019aurai plus vu ma vie sur un terrain de sport, mais \u00e0 d\u00e9faut d\u2019en faire en haut niveau, je le partage avec vous.","sameAs":["https:\/\/www.facebook.com\/soocube","https:\/\/x.com\/https:\/\/twitter.com\/soocube","admin"],"url":"https:\/\/dicodusport.fr\/blog\/author\/sophie\/"}]}},"_links":{"self":[{"href":"https:\/\/dicodusport.fr\/blog\/wp-json\/wp\/v2\/posts\/576668","targetHints":{"allow":["GET"]}}],"collection":[{"href":"https:\/\/dicodusport.fr\/blog\/wp-json\/wp\/v2\/posts"}],"about":[{"href":"https:\/\/dicodusport.fr\/blog\/wp-json\/wp\/v2\/types\/post"}],"author":[{"embeddable":true,"href":"https:\/\/dicodusport.fr\/blog\/wp-json\/wp\/v2\/users\/18"}],"replies":[{"embeddable":true,"href":"https:\/\/dicodusport.fr\/blog\/wp-json\/wp\/v2\/comments?post=576668"}],"version-history":[{"count":3,"href":"https:\/\/dicodusport.fr\/blog\/wp-json\/wp\/v2\/posts\/576668\/revisions"}],"predecessor-version":[{"id":576682,"href":"https:\/\/dicodusport.fr\/blog\/wp-json\/wp\/v2\/posts\/576668\/revisions\/576682"}],"wp:featuredmedia":[{"embeddable":true,"href":"https:\/\/dicodusport.fr\/blog\/wp-json\/wp\/v2\/media\/576680"}],"wp:attachment":[{"href":"https:\/\/dicodusport.fr\/blog\/wp-json\/wp\/v2\/media?parent=576668"}],"wp:term":[{"taxonomy":"category","embeddable":true,"href":"https:\/\/dicodusport.fr\/blog\/wp-json\/wp\/v2\/categories?post=576668"},{"taxonomy":"post_tag","embeddable":true,"href":"https:\/\/dicodusport.fr\/blog\/wp-json\/wp\/v2\/tags?post=576668"}],"curies":[{"name":"wp","href":"https:\/\/api.w.org\/{rel}","templated":true}]}}