{"id":576671,"date":"2025-05-31T11:24:28","date_gmt":"2025-05-31T09:24:28","guid":{"rendered":"https:\/\/dicodusport.fr\/blog\/?p=576671&#038;preview=true&#038;preview_id=576671"},"modified":"2025-05-31T11:24:15","modified_gmt":"2025-05-31T09:24:15","slug":"20eme-etape-tour-ditalie-2025-parcours-profil-et-favoris","status":"publish","type":"post","link":"https:\/\/dicodusport.fr\/blog\/20eme-etape-tour-ditalie-2025-parcours-profil-et-favoris\/","title":{"rendered":"20\u00e8me \u00e9tape Tour d&rsquo;Italie 2025 : Profil, Parcours et Favoris"},"content":{"rendered":"<p style=\"text-align: justify;\"><em><strong>Retrouvez le parcours complet, le profil et les favoris de la 20\u00e8me \u00e9tape du Tour d&rsquo;Italie 2025, qui se tient ce samedi 31 mai 2025 entre Verr\u00e8s et Sestri\u00e8res sur 205 kilom\u00e8tres, avec le Colle delle Finestre en ligne de mire.<\/strong>\u00a0\u00a0<\/em><\/p>\n<ul>\n<li style=\"text-align: justify;\"><strong>\u00c0 ce sujet \u2013\u00a0<a href=\"https:\/\/dicodusport.fr\/blog\/tour-ditalie-2025-classement-general-du-giro\/\">Tour d\u2019Italie 2025 \u2013 Classement g\u00e9n\u00e9ral du Giro<\/a><\/strong><\/li>\n<\/ul>\n<h2 style=\"text-align: justify;\">Le parcours complet de la 20\u00e8me \u00e9tape du Giro 2025<\/h2>\n<p style=\"text-align: justify;\">D&rsquo;abord, le d\u00e9part sera donn\u00e9 \u00e0 10h45 dans le village m\u00e9di\u00e9val <strong>Verr\u00e8s<\/strong> dans la Vall\u00e9e d&rsquo;Aoste, pour 35 premiers kilom\u00e8tres descendants vers le sud. Les localit\u00e9s de <strong>Pont-Saint-Martin<\/strong>, <strong>Borgofranco d&rsquo;Ivrea<\/strong> et <strong>Ivrea <\/strong>seront travers\u00e9es. Apr\u00e8s 5 kilom\u00e8tres en faux plat montant, suivis de 2 kilom\u00e8tres en faux plat descendant, ce sera 22 kilom\u00e8tres en plaine en passant par<strong> Salassa<\/strong> et <strong>Rivara<\/strong>, dans le Pi\u00e9mont.<\/p>\n<p style=\"text-align: justify;\">Ensuite, ce sera la premi\u00e8re ascension de la journ\u00e9e : <strong>Corio &#8211; 4,3 km \u00e0 4,2 %<\/strong>, avec le sprint interm\u00e9diaire \u00e0 <strong>Rocca Cavanese<\/strong>, au pied. Au sommet, les coureurs feront face \u00e0 une descendante de sept kilom\u00e8tres sur Grosso.<\/p>\n<p style=\"text-align: justify;\">Apr\u00e8s un faux plat montant de 23 kilom\u00e8tres jusqu&rsquo;\u00e0 <strong>Vi\u00f9<\/strong>, place \u00e0 la deuxi\u00e8me ascension du jour avec le <strong>Colle de Lys &#8211; 13,6 km \u00e0 4,2 %<\/strong>. La mont\u00e9e se d\u00e9coupera en plusieurs parties : 5,5 premiers kilom\u00e8tres \u00e0 7,1 % avec un passage \u00e0 12 %, suivis de 7 kilom\u00e8tres roulants \u00e0 2,4 % avant 1,1 dernier kilom\u00e8tre \u00e0 6,2 % irr\u00e9gulier. Au sommet, place \u00e0 une descente de 14 kilom\u00e8tres en direction de <strong>Villa Dora<\/strong> pour atteindre une vall\u00e9e l\u00e9g\u00e8rement montante, longue de pr\u00e8s de 29 kilom\u00e8tres par <strong>Chuisa di San Michele<\/strong>, avec le second sprint interm\u00e9diaire du jour.<\/p>\n<ul>\n<li style=\"text-align: justify;\"><strong>\u00c0 ce sujet \u2013\u00a0<a href=\"https:\/\/dicodusport.fr\/blog\/tour-ditalie-2025-parcours-detaille-et-profils-des-etapes-du-giro\/\">Tour d\u2019Italie 2025 : Parcours d\u00e9taill\u00e9 et profils des \u00e9tapes du Giro<\/a><\/strong><\/li>\n<\/ul>\n<h3 style=\"text-align: justify;\">Le Finestre, le vrai juge de paix du Giro 2025<\/h3>\n<p style=\"text-align: justify;\">Ensuite, place \u00e0 l&rsquo;ascension du <strong>Colle delle Finestre<\/strong> <strong>&#8211; 18,2 km \u00e0 9,2 %<\/strong>. Les 10,2 premiers kilom\u00e8tres s&rsquo;effectueront \u00e0 pr\u00e8s de 9 % avant les 8 derniers kilom\u00e8tres sur des routes empierr\u00e9es sur des pentes moyenne \u00e0 9,2 %. Ce sera la <strong>Cima Coppi<\/strong>, le plus haut sommet de ce Tour d&rsquo;Italie 2025, \u00e0 <strong>2 178 m\u00e8tres d&rsquo;altitude<\/strong>. Apr\u00e8s le sommet, les coureurs feront face \u00e0 une descente de huit kilom\u00e8tres \u00e9troite et technique sur une route asphalt\u00e9e, bien s\u00fbr.<\/p>\n<p style=\"text-align: justify;\">Enfin, ce sera la mont\u00e9e finale vers <strong>Sestri\u00e8res &#8211; 16,2 km \u00e0 3,9 %<\/strong>, avec trois derniers kilom\u00e8tres \u00e0 5,3 % et deux lacets, avant un passage \u00e0 8 % \u00e0 deux kilom\u00e8tres du terme. L&rsquo;arriv\u00e9e sera jug\u00e9e entre 16h et 16h30 sur la Via Pinerolo.<\/p>\n<p style=\"text-align: justify;\">En 2018, le <strong>Colle del Lys<\/strong>, le <strong>Colle del Finestre<\/strong> et la mont\u00e9e vers <strong>Sestri\u00e8res<\/strong> ont donn\u00e9 lieu \u00e0 l&rsquo;une des arriv\u00e9es les plus spectaculaires de l&rsquo;histoire du Giro. Le 25 mai 2018, <strong>Simon Yates<\/strong>, alors maillot rose, a craqu\u00e9 dans le Finestre, et <strong>Chris Froome<\/strong> avait lanc\u00e9 une attaque audacieuse quelques instants plus tard. La man\u0153uvre \u00e9tait risqu\u00e9e, car il restait encore 80 kilom\u00e8tres \u00e0 parcourir. Mais, le Britannique avait tout de m\u00eame remport\u00e9 la victoire en solitaire et s&rsquo;est empar\u00e9 du maillot rose. Avec le recul, ce fut la derni\u00e8re victoire de sa carri\u00e8re.<\/p>\n<h2 style=\"text-align: justify;\">Le profil de la 20\u00e8me \u00e9tape du Giro 2025<\/h2>\n<div id=\"attachment_577100\" style=\"width: 1310px\" class=\"wp-caption aligncenter\"><a href=\"https:\/\/dicodusport.fr\/blog\/wp-content\/uploads\/2025\/05\/Profil-de-la-20eme-etape-du-Tour-dItalie-2025.webp\"><img loading=\"lazy\" decoding=\"async\" aria-describedby=\"caption-attachment-577100\" class=\"size-full wp-image-577100\" src=\"https:\/\/dicodusport.fr\/blog\/wp-content\/uploads\/2025\/05\/Profil-de-la-20eme-etape-du-Tour-dItalie-2025.webp\" alt=\"Profil de la 20\u00e8me \u00e9tape du Tour d'Italie 2025\" width=\"1300\" height=\"825\" srcset=\"https:\/\/dicodusport.fr\/blog\/wp-content\/uploads\/2025\/05\/Profil-de-la-20eme-etape-du-Tour-dItalie-2025.webp 1300w, https:\/\/dicodusport.fr\/blog\/wp-content\/uploads\/2025\/05\/Profil-de-la-20eme-etape-du-Tour-dItalie-2025-300x190.webp 300w, https:\/\/dicodusport.fr\/blog\/wp-content\/uploads\/2025\/05\/Profil-de-la-20eme-etape-du-Tour-dItalie-2025-1024x650.webp 1024w, https:\/\/dicodusport.fr\/blog\/wp-content\/uploads\/2025\/05\/Profil-de-la-20eme-etape-du-Tour-dItalie-2025-768x487.webp 768w\" sizes=\"auto, (max-width: 1300px) 100vw, 1300px\" \/><\/a><p id=\"caption-attachment-577100\" class=\"wp-caption-text\">Profil de la 20\u00e8me \u00e9tape du Tour d&rsquo;Italie 2025<\/p><\/div>\n<h2 style=\"text-align: justify;\">Les favoris de la 20\u00e8me \u00e9tape du Giro<\/h2>\n<p style=\"text-align: justify;\"><strong>Isaac Del Toro<\/strong> (UAE Team Emirates XRG)<\/p>\n<p style=\"text-align: justify;\"><strong>Richard Carapaz<\/strong> (EF Education EasyPost)<\/p>\n<p style=\"text-align: justify;\"><strong>Egan Bernal<\/strong> (INEOS Grenadiers)<\/p>\n<p style=\"text-align: justify;\"><strong>Romain Bardet<\/strong> (Picnic PostNL)<\/p>\n<p style=\"text-align: justify;\"><strong>Giulio Pellizarri<\/strong> (Red Bull-Bora-Hansgrohe)<\/p>\n<hr \/>\n<div class=\"vlp-link-container vlp-layout-article\"><a href=\"https:\/\/dicodusport.fr\/blog\/cyclisme-mercato-2025-2026-le-tableau-des-transferts\/\" class=\"vlp-link\" title=\"Cyclisme Mercato 2025-2026 - Le tableau des transferts\"><\/a><div class=\"vlp-layout-zone-side\"><div class=\"vlp-block-4 vlp-link-image\"><img loading=\"lazy\" decoding=\"async\" style=\"max-width: 792px;\" width=\"792\" height=\"445\" src=\"https:\/\/dicodusport.fr\/blog\/wp-content\/uploads\/2025\/02\/Cyclisme-Mercato-2025-2026-Le-tableau-des-transferts.png\" class=\"attachment-800x445 size-800x445\" alt=\"Cyclisme Mercato 2025-2026 - Le tableau des transferts\" srcset=\"https:\/\/dicodusport.fr\/blog\/wp-content\/uploads\/2025\/02\/Cyclisme-Mercato-2025-2026-Le-tableau-des-transferts.png 1200w, https:\/\/dicodusport.fr\/blog\/wp-content\/uploads\/2025\/02\/Cyclisme-Mercato-2025-2026-Le-tableau-des-transferts-300x169.png 300w, https:\/\/dicodusport.fr\/blog\/wp-content\/uploads\/2025\/02\/Cyclisme-Mercato-2025-2026-Le-tableau-des-transferts-1024x575.png 1024w, https:\/\/dicodusport.fr\/blog\/wp-content\/uploads\/2025\/02\/Cyclisme-Mercato-2025-2026-Le-tableau-des-transferts-768x431.png 768w\" sizes=\"auto, (max-width: 792px) 100vw, 792px\" \/><\/div><\/div><div class=\"vlp-layout-zone-main\"><div class=\"vlp-block-0 vlp-link-title\">Cyclisme Mercato 2025-2026 - Le tableau des transferts<\/div><div class=\"vlp-block-1 vlp-link-summary\">MERCATO CYCLISME 2025-2026 - D\u00e9couvrez les transferts officiels et les rumeurs du mercato cycliste.<\/div><div class=\"vlp-block-2 vlp-link-button\">Lire l'article<\/div><div class=\"vlp-block-3 vlp-link-url\">dicodusport.fr<\/div><\/div><\/div>\n","protected":false},"excerpt":{"rendered":"<p>Retrouvez le parcours complet, le profil et les favoris de la 20\u00e8me \u00e9tape du Tour d&rsquo;Italie 2025, qui se tient ce samedi 31 mai 2025 entre Verr\u00e8s et Sestri\u00e8res sur 205 kilom\u00e8tres.<\/p>\n","protected":false},"author":48,"featured_media":582843,"comment_status":"open","ping_status":"closed","sticky":false,"template":"","format":"standard","meta":{"_acf_changed":false,"_daextam_enable_autolinks":"1","footnotes":""},"categories":[47041],"tags":[3119,16878,574,4722],"class_list":["post-576671","post","type-post","status-publish","format-standard","has-post-thumbnail","hentry","category-tour-d-italie","tag-actualite-cyclisme","tag-breve","tag-cyclisme","tag-tour-ditalie"],"acf":[],"yoast_head":"<!-- This site is optimized with the Yoast SEO Premium plugin v26.7 (Yoast SEO v26.7) - https:\/\/yoast.com\/wordpress\/plugins\/seo\/ -->\n<title>20\u00e8me \u00e9tape Tour d&#039;Italie 2025 : Profil, Parcours et Favoris<\/title>\n<meta name=\"description\" content=\"Retrouvez le parcours complet, le profil et les favoris de la 20\u00e8me \u00e9tape du Tour d&#039;Italie 2025, qui se tient ce samedi 31 mai 2025 entre Verr\u00e8s et Sestri\u00e8res sur 205 kilom\u00e8tres.\" \/>\n<meta name=\"robots\" content=\"index, follow, max-snippet:-1, max-image-preview:large, max-video-preview:-1\" \/>\n<link rel=\"canonical\" href=\"https:\/\/dicodusport.fr\/blog\/20eme-etape-tour-ditalie-2025-parcours-profil-et-favoris\/\" \/>\n<meta property=\"og:locale\" content=\"fr_FR\" \/>\n<meta property=\"og:type\" content=\"article\" \/>\n<meta property=\"og:title\" content=\"Tour d\u2019Italie 2025 : tout savoir sur le parcours et le profil de la redoutable 20\u00e8me \u00e9tape vers Sestri\u00e8res\" \/>\n<meta property=\"og:description\" content=\"Parcours, profils et favoris de l&#039;\u00e9tape 20 du Giro 2025 ce samedi entre Verr\u00e8s et Sestri\u00e8res : 205 km, le redoutable Colle delle Finestre, et une arriv\u00e9e d\u00e9cisive dans la lutte pour le maillot rose.\" \/>\n<meta property=\"og:url\" content=\"https:\/\/dicodusport.fr\/blog\/20eme-etape-tour-ditalie-2025-parcours-profil-et-favoris\/\" \/>\n<meta property=\"og:site_name\" content=\"Dicodusport\" \/>\n<meta property=\"article:publisher\" content=\"https:\/\/www.facebook.com\/dicodusport\" \/>\n<meta property=\"article:author\" content=\"https:\/\/www.facebook.com\/groups\/LesRoisDuPeloton\" \/>\n<meta property=\"article:published_time\" content=\"2025-05-31T09:24:28+00:00\" \/>\n<meta property=\"og:image\" content=\"https:\/\/dicodusport.fr\/blog\/wp-content\/uploads\/2025\/05\/20eme-etape-Tour-dItalie-2025-Parcours-profil-et-favoris.png\" \/>\n\t<meta property=\"og:image:width\" content=\"1200\" \/>\n\t<meta property=\"og:image:height\" content=\"674\" \/>\n\t<meta property=\"og:image:type\" content=\"image\/png\" \/>\n<meta name=\"author\" content=\"Emilien Descampiaux\" \/>\n<meta name=\"twitter:card\" content=\"summary_large_image\" \/>\n<meta name=\"twitter:title\" content=\"Tour d\u2019Italie 2025 : tout savoir sur le parcours et le profil de la redoutable 20\u00e8me \u00e9tape vers Sestri\u00e8res\" \/>\n<meta name=\"twitter:description\" content=\"Parcours, profils et favoris de l&#039;\u00e9tape 20 du Giro 2025 ce samedi entre Verr\u00e8s et Sestri\u00e8res : 205 km, le redoutable Colle delle Finestre, et une arriv\u00e9e d\u00e9cisive dans la lutte pour le maillot rose.\" \/>\n<meta name=\"twitter:creator\" content=\"@https:\/\/twitter.com\/LRoisDuPeloton\" \/>\n<meta name=\"twitter:site\" content=\"@dicodusport\" \/>\n<script type=\"application\/ld+json\" class=\"yoast-schema-graph\">{\"@context\":\"https:\/\/schema.org\",\"@graph\":[{\"@type\":\"NewsArticle\",\"@id\":\"https:\/\/dicodusport.fr\/blog\/20eme-etape-tour-ditalie-2025-parcours-profil-et-favoris\/#article\",\"isPartOf\":{\"@id\":\"https:\/\/dicodusport.fr\/blog\/20eme-etape-tour-ditalie-2025-parcours-profil-et-favoris\/\"},\"author\":{\"name\":\"Emilien Descampiaux\",\"@id\":\"https:\/\/dicodusport.fr\/blog\/#\/schema\/person\/6db4bae06b171592211be385b32876a7\"},\"headline\":\"20\u00e8me \u00e9tape Tour d&rsquo;Italie 2025 : Profil, Parcours et Favoris\",\"datePublished\":\"2025-05-31T09:24:28+00:00\",\"mainEntityOfPage\":{\"@id\":\"https:\/\/dicodusport.fr\/blog\/20eme-etape-tour-ditalie-2025-parcours-profil-et-favoris\/\"},\"wordCount\":656,\"commentCount\":0,\"publisher\":{\"@id\":\"https:\/\/dicodusport.fr\/blog\/#organization\"},\"image\":{\"@id\":\"https:\/\/dicodusport.fr\/blog\/20eme-etape-tour-ditalie-2025-parcours-profil-et-favoris\/#primaryimage\"},\"thumbnailUrl\":\"https:\/\/dicodusport.fr\/blog\/wp-content\/uploads\/2025\/05\/20eme-etape-Tour-dItalie-2025-Parcours-profil-et-favoris.png\",\"keywords\":[\"Actualit\u00e9 Cyclisme\",\"br\u00e8ve\",\"Cyclisme\",\"Tour d'Italie\"],\"articleSection\":[\"Tour d'Italie\"],\"inLanguage\":\"fr-FR\",\"potentialAction\":[{\"@type\":\"CommentAction\",\"name\":\"Comment\",\"target\":[\"https:\/\/dicodusport.fr\/blog\/20eme-etape-tour-ditalie-2025-parcours-profil-et-favoris\/#respond\"]}],\"copyrightYear\":\"2025\",\"copyrightHolder\":{\"@id\":\"https:\/\/dicodusport.fr\/blog\/#organization\"}},{\"@type\":\"WebPage\",\"@id\":\"https:\/\/dicodusport.fr\/blog\/20eme-etape-tour-ditalie-2025-parcours-profil-et-favoris\/\",\"url\":\"https:\/\/dicodusport.fr\/blog\/20eme-etape-tour-ditalie-2025-parcours-profil-et-favoris\/\",\"name\":\"20\u00e8me \u00e9tape Tour d'Italie 2025 : Profil, Parcours et Favoris\",\"isPartOf\":{\"@id\":\"https:\/\/dicodusport.fr\/blog\/#website\"},\"primaryImageOfPage\":{\"@id\":\"https:\/\/dicodusport.fr\/blog\/20eme-etape-tour-ditalie-2025-parcours-profil-et-favoris\/#primaryimage\"},\"image\":{\"@id\":\"https:\/\/dicodusport.fr\/blog\/20eme-etape-tour-ditalie-2025-parcours-profil-et-favoris\/#primaryimage\"},\"thumbnailUrl\":\"https:\/\/dicodusport.fr\/blog\/wp-content\/uploads\/2025\/05\/20eme-etape-Tour-dItalie-2025-Parcours-profil-et-favoris.png\",\"datePublished\":\"2025-05-31T09:24:28+00:00\",\"description\":\"Retrouvez le parcours complet, le profil et les favoris de la 20\u00e8me \u00e9tape du Tour d'Italie 2025, qui se tient ce samedi 31 mai 2025 entre Verr\u00e8s et Sestri\u00e8res sur 205 kilom\u00e8tres.\",\"breadcrumb\":{\"@id\":\"https:\/\/dicodusport.fr\/blog\/20eme-etape-tour-ditalie-2025-parcours-profil-et-favoris\/#breadcrumb\"},\"inLanguage\":\"fr-FR\",\"potentialAction\":[{\"@type\":\"ReadAction\",\"target\":[\"https:\/\/dicodusport.fr\/blog\/20eme-etape-tour-ditalie-2025-parcours-profil-et-favoris\/\"]}]},{\"@type\":\"ImageObject\",\"inLanguage\":\"fr-FR\",\"@id\":\"https:\/\/dicodusport.fr\/blog\/20eme-etape-tour-ditalie-2025-parcours-profil-et-favoris\/#primaryimage\",\"url\":\"https:\/\/dicodusport.fr\/blog\/wp-content\/uploads\/2025\/05\/20eme-etape-Tour-dItalie-2025-Parcours-profil-et-favoris.png\",\"contentUrl\":\"https:\/\/dicodusport.fr\/blog\/wp-content\/uploads\/2025\/05\/20eme-etape-Tour-dItalie-2025-Parcours-profil-et-favoris.png\",\"width\":1200,\"height\":674,\"caption\":\"20\u00e8me \u00e9tape Tour d'Italie 2025 Parcours, profil et favoris\"},{\"@type\":\"BreadcrumbList\",\"@id\":\"https:\/\/dicodusport.fr\/blog\/20eme-etape-tour-ditalie-2025-parcours-profil-et-favoris\/#breadcrumb\",\"itemListElement\":[{\"@type\":\"ListItem\",\"position\":1,\"name\":\"Accueil\",\"item\":\"https:\/\/dicodusport.fr\/blog\/\"},{\"@type\":\"ListItem\",\"position\":2,\"name\":\"20\u00e8me \u00e9tape Tour d&rsquo;Italie 2025 : Profil, Parcours et Favoris\"}]},{\"@type\":\"WebSite\",\"@id\":\"https:\/\/dicodusport.fr\/blog\/#website\",\"url\":\"https:\/\/dicodusport.fr\/blog\/\",\"name\":\"Dicodusport\",\"description\":\"L&#039;encyclop\u00e9die de l&#039;actualit\u00e9 sportive\",\"publisher\":{\"@id\":\"https:\/\/dicodusport.fr\/blog\/#organization\"},\"potentialAction\":[{\"@type\":\"SearchAction\",\"target\":{\"@type\":\"EntryPoint\",\"urlTemplate\":\"https:\/\/dicodusport.fr\/blog\/?s={search_term_string}\"},\"query-input\":{\"@type\":\"PropertyValueSpecification\",\"valueRequired\":true,\"valueName\":\"search_term_string\"}}],\"inLanguage\":\"fr-FR\"},{\"@type\":\"NewsMediaOrganization\",\"@id\":\"https:\/\/dicodusport.fr\/blog\/#organization\",\"name\":\"Dicodusport\",\"url\":\"https:\/\/dicodusport.fr\/blog\/\",\"logo\":{\"@type\":\"ImageObject\",\"inLanguage\":\"fr-FR\",\"@id\":\"https:\/\/dicodusport.fr\/blog\/#\/schema\/logo\/image\/\",\"url\":\"https:\/\/dicodusport.fr\/blog\/wp-content\/uploads\/2020\/06\/cropped-LOGO-DICODUSPORT-2020-SANS-FOND-SANS-TEXTE.png\",\"contentUrl\":\"https:\/\/dicodusport.fr\/blog\/wp-content\/uploads\/2020\/06\/cropped-LOGO-DICODUSPORT-2020-SANS-FOND-SANS-TEXTE.png\",\"width\":512,\"height\":512,\"caption\":\"Dicodusport\"},\"image\":{\"@id\":\"https:\/\/dicodusport.fr\/blog\/#\/schema\/logo\/image\/\"},\"sameAs\":[\"https:\/\/www.facebook.com\/dicodusport\",\"https:\/\/x.com\/dicodusport\",\"https:\/\/www.instagram.com\/dicodusport\/\",\"https:\/\/www.youtube.com\/channel\/UC7V2KZ5sd3htJivAbA4ZG3w\"],\"description\":\"Dicodusport est l'encyclop\u00e9die de l'actualit\u00e9 sportive.\",\"email\":\"bonjour@dicodusport.fr\",\"legalName\":\"DICODUSPORT\",\"foundingDate\":\"2018-01-14\",\"vatID\":\"FR71834470973\",\"taxID\":\"83447097300043\",\"numberOfEmployees\":{\"@type\":\"QuantitativeValue\",\"minValue\":\"1\",\"maxValue\":\"10\"}},{\"@type\":\"Person\",\"@id\":\"https:\/\/dicodusport.fr\/blog\/#\/schema\/person\/6db4bae06b171592211be385b32876a7\",\"name\":\"Emilien Descampiaux\",\"image\":{\"@type\":\"ImageObject\",\"inLanguage\":\"fr-FR\",\"@id\":\"https:\/\/dicodusport.fr\/blog\/#\/schema\/person\/image\/\",\"url\":\"https:\/\/dicodusport.fr\/blog\/wp-content\/uploads\/2021\/05\/Emilien-Descampiaux-150x150.jpg\",\"contentUrl\":\"https:\/\/dicodusport.fr\/blog\/wp-content\/uploads\/2021\/05\/Emilien-Descampiaux-150x150.jpg\",\"caption\":\"Emilien Descampiaux\"},\"description\":\"Journaliste\/r\u00e9dacteur depuis 2014 - Fan de la classe de Frank Vandenbroucke, je vis cyclisme (et de ses paysages) depuis plus de 20 ans. Je suis tr\u00e8s impliqu\u00e9 sur mes diff\u00e9rents r\u00e9seaux sociaux pour partager ma passion sur le monde et l'Histoire de la bicyclette avec ma voix sur les images en noir et blanc du succ\u00e8s de Rik Van Steenbergen lors du Ronde sur le V\u00e9lodrome de Gand.\",\"sameAs\":[\"https:\/\/www.facebook.com\/groups\/LesRoisDuPeloton\",\"https:\/\/x.com\/https:\/\/twitter.com\/LRoisDuPeloton\"],\"url\":\"https:\/\/dicodusport.fr\/blog\/author\/emiliend\/\"}]}<\/script>\n<!-- \/ Yoast SEO Premium plugin. -->","yoast_head_json":{"title":"20\u00e8me \u00e9tape Tour d'Italie 2025 : Profil, Parcours et Favoris","description":"Retrouvez le parcours complet, le profil et les favoris de la 20\u00e8me \u00e9tape du Tour d'Italie 2025, qui se tient ce samedi 31 mai 2025 entre Verr\u00e8s et Sestri\u00e8res sur 205 kilom\u00e8tres.","robots":{"index":"index","follow":"follow","max-snippet":"max-snippet:-1","max-image-preview":"max-image-preview:large","max-video-preview":"max-video-preview:-1"},"canonical":"https:\/\/dicodusport.fr\/blog\/20eme-etape-tour-ditalie-2025-parcours-profil-et-favoris\/","og_locale":"fr_FR","og_type":"article","og_title":"Tour d\u2019Italie 2025 : tout savoir sur le parcours et le profil de la redoutable 20\u00e8me \u00e9tape vers Sestri\u00e8res","og_description":"Parcours, profils et favoris de l'\u00e9tape 20 du Giro 2025 ce samedi entre Verr\u00e8s et Sestri\u00e8res : 205 km, le redoutable Colle delle Finestre, et une arriv\u00e9e d\u00e9cisive dans la lutte pour le maillot rose.","og_url":"https:\/\/dicodusport.fr\/blog\/20eme-etape-tour-ditalie-2025-parcours-profil-et-favoris\/","og_site_name":"Dicodusport","article_publisher":"https:\/\/www.facebook.com\/dicodusport","article_author":"https:\/\/www.facebook.com\/groups\/LesRoisDuPeloton","article_published_time":"2025-05-31T09:24:28+00:00","og_image":[{"width":1200,"height":674,"url":"https:\/\/dicodusport.fr\/blog\/wp-content\/uploads\/2025\/05\/20eme-etape-Tour-dItalie-2025-Parcours-profil-et-favoris.png","type":"image\/png"}],"author":"Emilien Descampiaux","twitter_card":"summary_large_image","twitter_title":"Tour d\u2019Italie 2025 : tout savoir sur le parcours et le profil de la redoutable 20\u00e8me \u00e9tape vers Sestri\u00e8res","twitter_description":"Parcours, profils et favoris de l'\u00e9tape 20 du Giro 2025 ce samedi entre Verr\u00e8s et Sestri\u00e8res : 205 km, le redoutable Colle delle Finestre, et une arriv\u00e9e d\u00e9cisive dans la lutte pour le maillot rose.","twitter_creator":"@https:\/\/twitter.com\/LRoisDuPeloton","twitter_site":"@dicodusport","schema":{"@context":"https:\/\/schema.org","@graph":[{"@type":"NewsArticle","@id":"https:\/\/dicodusport.fr\/blog\/20eme-etape-tour-ditalie-2025-parcours-profil-et-favoris\/#article","isPartOf":{"@id":"https:\/\/dicodusport.fr\/blog\/20eme-etape-tour-ditalie-2025-parcours-profil-et-favoris\/"},"author":{"name":"Emilien Descampiaux","@id":"https:\/\/dicodusport.fr\/blog\/#\/schema\/person\/6db4bae06b171592211be385b32876a7"},"headline":"20\u00e8me \u00e9tape Tour d&rsquo;Italie 2025 : Profil, Parcours et Favoris","datePublished":"2025-05-31T09:24:28+00:00","mainEntityOfPage":{"@id":"https:\/\/dicodusport.fr\/blog\/20eme-etape-tour-ditalie-2025-parcours-profil-et-favoris\/"},"wordCount":656,"commentCount":0,"publisher":{"@id":"https:\/\/dicodusport.fr\/blog\/#organization"},"image":{"@id":"https:\/\/dicodusport.fr\/blog\/20eme-etape-tour-ditalie-2025-parcours-profil-et-favoris\/#primaryimage"},"thumbnailUrl":"https:\/\/dicodusport.fr\/blog\/wp-content\/uploads\/2025\/05\/20eme-etape-Tour-dItalie-2025-Parcours-profil-et-favoris.png","keywords":["Actualit\u00e9 Cyclisme","br\u00e8ve","Cyclisme","Tour d'Italie"],"articleSection":["Tour d'Italie"],"inLanguage":"fr-FR","potentialAction":[{"@type":"CommentAction","name":"Comment","target":["https:\/\/dicodusport.fr\/blog\/20eme-etape-tour-ditalie-2025-parcours-profil-et-favoris\/#respond"]}],"copyrightYear":"2025","copyrightHolder":{"@id":"https:\/\/dicodusport.fr\/blog\/#organization"}},{"@type":"WebPage","@id":"https:\/\/dicodusport.fr\/blog\/20eme-etape-tour-ditalie-2025-parcours-profil-et-favoris\/","url":"https:\/\/dicodusport.fr\/blog\/20eme-etape-tour-ditalie-2025-parcours-profil-et-favoris\/","name":"20\u00e8me \u00e9tape Tour d'Italie 2025 : Profil, Parcours et Favoris","isPartOf":{"@id":"https:\/\/dicodusport.fr\/blog\/#website"},"primaryImageOfPage":{"@id":"https:\/\/dicodusport.fr\/blog\/20eme-etape-tour-ditalie-2025-parcours-profil-et-favoris\/#primaryimage"},"image":{"@id":"https:\/\/dicodusport.fr\/blog\/20eme-etape-tour-ditalie-2025-parcours-profil-et-favoris\/#primaryimage"},"thumbnailUrl":"https:\/\/dicodusport.fr\/blog\/wp-content\/uploads\/2025\/05\/20eme-etape-Tour-dItalie-2025-Parcours-profil-et-favoris.png","datePublished":"2025-05-31T09:24:28+00:00","description":"Retrouvez le parcours complet, le profil et les favoris de la 20\u00e8me \u00e9tape du Tour d'Italie 2025, qui se tient ce samedi 31 mai 2025 entre Verr\u00e8s et Sestri\u00e8res sur 205 kilom\u00e8tres.","breadcrumb":{"@id":"https:\/\/dicodusport.fr\/blog\/20eme-etape-tour-ditalie-2025-parcours-profil-et-favoris\/#breadcrumb"},"inLanguage":"fr-FR","potentialAction":[{"@type":"ReadAction","target":["https:\/\/dicodusport.fr\/blog\/20eme-etape-tour-ditalie-2025-parcours-profil-et-favoris\/"]}]},{"@type":"ImageObject","inLanguage":"fr-FR","@id":"https:\/\/dicodusport.fr\/blog\/20eme-etape-tour-ditalie-2025-parcours-profil-et-favoris\/#primaryimage","url":"https:\/\/dicodusport.fr\/blog\/wp-content\/uploads\/2025\/05\/20eme-etape-Tour-dItalie-2025-Parcours-profil-et-favoris.png","contentUrl":"https:\/\/dicodusport.fr\/blog\/wp-content\/uploads\/2025\/05\/20eme-etape-Tour-dItalie-2025-Parcours-profil-et-favoris.png","width":1200,"height":674,"caption":"20\u00e8me \u00e9tape Tour d'Italie 2025 Parcours, profil et favoris"},{"@type":"BreadcrumbList","@id":"https:\/\/dicodusport.fr\/blog\/20eme-etape-tour-ditalie-2025-parcours-profil-et-favoris\/#breadcrumb","itemListElement":[{"@type":"ListItem","position":1,"name":"Accueil","item":"https:\/\/dicodusport.fr\/blog\/"},{"@type":"ListItem","position":2,"name":"20\u00e8me \u00e9tape Tour d&rsquo;Italie 2025 : Profil, Parcours et Favoris"}]},{"@type":"WebSite","@id":"https:\/\/dicodusport.fr\/blog\/#website","url":"https:\/\/dicodusport.fr\/blog\/","name":"Dicodusport","description":"L&#039;encyclop\u00e9die de l&#039;actualit\u00e9 sportive","publisher":{"@id":"https:\/\/dicodusport.fr\/blog\/#organization"},"potentialAction":[{"@type":"SearchAction","target":{"@type":"EntryPoint","urlTemplate":"https:\/\/dicodusport.fr\/blog\/?s={search_term_string}"},"query-input":{"@type":"PropertyValueSpecification","valueRequired":true,"valueName":"search_term_string"}}],"inLanguage":"fr-FR"},{"@type":"NewsMediaOrganization","@id":"https:\/\/dicodusport.fr\/blog\/#organization","name":"Dicodusport","url":"https:\/\/dicodusport.fr\/blog\/","logo":{"@type":"ImageObject","inLanguage":"fr-FR","@id":"https:\/\/dicodusport.fr\/blog\/#\/schema\/logo\/image\/","url":"https:\/\/dicodusport.fr\/blog\/wp-content\/uploads\/2020\/06\/cropped-LOGO-DICODUSPORT-2020-SANS-FOND-SANS-TEXTE.png","contentUrl":"https:\/\/dicodusport.fr\/blog\/wp-content\/uploads\/2020\/06\/cropped-LOGO-DICODUSPORT-2020-SANS-FOND-SANS-TEXTE.png","width":512,"height":512,"caption":"Dicodusport"},"image":{"@id":"https:\/\/dicodusport.fr\/blog\/#\/schema\/logo\/image\/"},"sameAs":["https:\/\/www.facebook.com\/dicodusport","https:\/\/x.com\/dicodusport","https:\/\/www.instagram.com\/dicodusport\/","https:\/\/www.youtube.com\/channel\/UC7V2KZ5sd3htJivAbA4ZG3w"],"description":"Dicodusport est l'encyclop\u00e9die de l'actualit\u00e9 sportive.","email":"bonjour@dicodusport.fr","legalName":"DICODUSPORT","foundingDate":"2018-01-14","vatID":"FR71834470973","taxID":"83447097300043","numberOfEmployees":{"@type":"QuantitativeValue","minValue":"1","maxValue":"10"}},{"@type":"Person","@id":"https:\/\/dicodusport.fr\/blog\/#\/schema\/person\/6db4bae06b171592211be385b32876a7","name":"Emilien Descampiaux","image":{"@type":"ImageObject","inLanguage":"fr-FR","@id":"https:\/\/dicodusport.fr\/blog\/#\/schema\/person\/image\/","url":"https:\/\/dicodusport.fr\/blog\/wp-content\/uploads\/2021\/05\/Emilien-Descampiaux-150x150.jpg","contentUrl":"https:\/\/dicodusport.fr\/blog\/wp-content\/uploads\/2021\/05\/Emilien-Descampiaux-150x150.jpg","caption":"Emilien Descampiaux"},"description":"Journaliste\/r\u00e9dacteur depuis 2014 - Fan de la classe de Frank Vandenbroucke, je vis cyclisme (et de ses paysages) depuis plus de 20 ans. Je suis tr\u00e8s impliqu\u00e9 sur mes diff\u00e9rents r\u00e9seaux sociaux pour partager ma passion sur le monde et l'Histoire de la bicyclette avec ma voix sur les images en noir et blanc du succ\u00e8s de Rik Van Steenbergen lors du Ronde sur le V\u00e9lodrome de Gand.","sameAs":["https:\/\/www.facebook.com\/groups\/LesRoisDuPeloton","https:\/\/x.com\/https:\/\/twitter.com\/LRoisDuPeloton"],"url":"https:\/\/dicodusport.fr\/blog\/author\/emiliend\/"}]}},"_links":{"self":[{"href":"https:\/\/dicodusport.fr\/blog\/wp-json\/wp\/v2\/posts\/576671","targetHints":{"allow":["GET"]}}],"collection":[{"href":"https:\/\/dicodusport.fr\/blog\/wp-json\/wp\/v2\/posts"}],"about":[{"href":"https:\/\/dicodusport.fr\/blog\/wp-json\/wp\/v2\/types\/post"}],"author":[{"embeddable":true,"href":"https:\/\/dicodusport.fr\/blog\/wp-json\/wp\/v2\/users\/48"}],"replies":[{"embeddable":true,"href":"https:\/\/dicodusport.fr\/blog\/wp-json\/wp\/v2\/comments?post=576671"}],"version-history":[{"count":5,"href":"https:\/\/dicodusport.fr\/blog\/wp-json\/wp\/v2\/posts\/576671\/revisions"}],"predecessor-version":[{"id":583138,"href":"https:\/\/dicodusport.fr\/blog\/wp-json\/wp\/v2\/posts\/576671\/revisions\/583138"}],"wp:featuredmedia":[{"embeddable":true,"href":"https:\/\/dicodusport.fr\/blog\/wp-json\/wp\/v2\/media\/582843"}],"wp:attachment":[{"href":"https:\/\/dicodusport.fr\/blog\/wp-json\/wp\/v2\/media?parent=576671"}],"wp:term":[{"taxonomy":"category","embeddable":true,"href":"https:\/\/dicodusport.fr\/blog\/wp-json\/wp\/v2\/categories?post=576671"},{"taxonomy":"post_tag","embeddable":true,"href":"https:\/\/dicodusport.fr\/blog\/wp-json\/wp\/v2\/tags?post=576671"}],"curies":[{"name":"wp","href":"https:\/\/api.w.org\/{rel}","templated":true}]}}