{"id":57676,"date":"2020-01-22T20:24:09","date_gmt":"2020-01-22T19:24:09","guid":{"rendered":"http:\/\/dicodusport.fr\/blog\/?p=57676"},"modified":"2020-01-22T20:24:09","modified_gmt":"2020-01-22T19:24:09","slug":"programme-des-francais-jeudi-open-australie","status":"publish","type":"post","link":"https:\/\/dicodusport.fr\/blog\/programme-des-francais-jeudi-open-australie\/","title":{"rendered":"Le programme des Fran\u00e7ais ce jeudi \u00e0 l&rsquo;Open d&rsquo;Australie"},"content":{"rendered":"<p style=\"text-align: justify;\"><strong><em>Cette semaine, place au premier Grand Chelem de l\u2019ann\u00e9e avec l\u2019Open d\u2019Australie. Cette nuit, fin du second tour avec, on l\u2019esp\u00e8re, des Fran\u00e7ais plus en r\u00e9ussite que la nuit derni\u00e8re. <\/em><\/strong><\/p>\n<h2 style=\"text-align: justify;\">Le programme des Fran\u00e7ais pour le 2<sup>\u00e8me<\/sup> Tour de l\u2019Open d\u2019Australie (dans la nuit de Mercredi \u00e0 Jeudi)<\/h2>\n<p style=\"text-align: justify;\">Apr\u00e8s la premi\u00e8re nuit compliqu\u00e9e pour le tennis Fran\u00e7ais au second tour de l\u2019Open d\u2019Australie (quatre \u00e9liminations pour quatre candidats), on esp\u00e8re que la nuit \u00e0 venir sera plus prolifique que la pr\u00e9c\u00e9dente.<\/p>\n<h3 style=\"text-align: justify;\">Le programme des Hommes<\/h3>\n<p style=\"text-align: justify;\">Il est la plus grande chance de deuxi\u00e8me semaine c\u00f4t\u00e9 Fran\u00e7ais puisqu\u2019il est t\u00eate de s\u00e9rie num\u00e9ro 10 de ce tournoi. C\u2019est en seconde rencontre sur la 1573 Arena que <strong>Ga\u00ebl Monfils<\/strong> tentera de confirmer sa bonne forme du moment pour son second tour face au Croate Ivo Karlovic.<\/p>\n<p style=\"text-align: justify;\">C\u2019est sur un autre court principal, la Melbourne Arena, que <strong>Gilles Simon<\/strong> d\u00e9fendra lui aussi ses chances. Et la rencontre s\u2019annonce \u00e9lectrique puisqu\u2019il sera oppos\u00e9 au local et impr\u00e9visible Nick Kyrgios (pas avant 8h45 en heure Fran\u00e7aise). Kyrgios, t\u00eate de s\u00e9rie num\u00e9ro 23 du tournoi, devrait \u00eatre soutenu par une grande partie de la Melbourne Arena.<\/p>\n<p style=\"text-align: justify;\">Troisi\u00e8me et dernier repr\u00e9sentant Fran\u00e7ais dans cette nuit australienne, c\u2019est cette fois sur le Court 8 que <strong>Pierre-Hugues Herbert<\/strong> tentera l\u2019exploit face au Belge David Goffin, t\u00eate de s\u00e9rie num\u00e9ro 11 du tournoi.<\/p>\n<ul style=\"text-align: justify;\">\n<li><a href=\"https:\/\/dicodusport.fr\/blog\/open-australie-2020-le-tableau-hommes\/\" target=\"_blank\" rel=\"noopener\"><strong>Le tableau hommes de l&rsquo;Open d&rsquo;Australie<\/strong><\/a><\/li>\n<\/ul>\n<h3 style=\"text-align: justify;\">Le programme des Femmes<\/h3>\n<p style=\"text-align: justify;\">D\u00e9j\u00e0 la derni\u00e8re repr\u00e9sentante Fran\u00e7aise apr\u00e8s seulement trois jours de tournoi, Aliz\u00e9 Cornet tentera elle de ne pas conna\u00eetre le m\u00eame sort que ses compatriotes. Pour ce faire, elle devra passer l\u2019obstacle compliqu\u00e9e de la Croate Donna Vekic, t\u00eate de s\u00e9rie num\u00e9ro 19.<\/p>\n<ul>\n<li style=\"text-align: justify;\"><a href=\"https:\/\/dicodusport.fr\/blog\/open-australie-2020-le-tableau-dames\/\" target=\"_blank\" rel=\"noopener\"><strong>Le tableau dames de l&rsquo;Open d&rsquo;Australie<\/strong><\/a><\/li>\n<\/ul>\n<p><strong><em>Bastien Pitte<br \/>\n<a href=\"https:\/\/www.facebook.com\/bastien.pitte\" target=\"_blank\" rel=\"noopener\"><img loading=\"lazy\" decoding=\"async\" class=\"alignnone wp-image-2909\" src=\"http:\/\/dicodusport.fr\/blog\/wp-content\/uploads\/2017\/07\/logo-facebook-150x150.png\" alt=\"\" width=\"39\" height=\"39\" \/><\/a><\/em><\/strong><a href=\"https:\/\/www.linkedin.com\/in\/bastien-pitte\" target=\"_blank\" rel=\"noopener\"><img loading=\"lazy\" decoding=\"async\" class=\"alignnone wp-image-3711\" src=\"http:\/\/dicodusport.fr\/blog\/wp-content\/uploads\/2017\/08\/signature-linkedin-150x150.png\" alt=\"\" width=\"39\" height=\"39\" srcset=\"https:\/\/dicodusport.fr\/blog\/wp-content\/uploads\/2017\/08\/signature-linkedin-150x150.png 150w, https:\/\/dicodusport.fr\/blog\/wp-content\/uploads\/2017\/08\/signature-linkedin.png 295w\" sizes=\"auto, (max-width: 39px) 100vw, 39px\" \/><\/a><\/p>\n","protected":false},"excerpt":{"rendered":"<p>Cette semaine, place au premier Grand Chelem de l\u2019ann\u00e9e avec l\u2019Open d\u2019Australie. Cette nuit, fin du second tour avec, on l\u2019esp\u00e8re, des Fran\u00e7ais plus en r\u00e9ussite que la nuit derni\u00e8re.<\/p>\n","protected":false},"author":28,"featured_media":57685,"comment_status":"open","ping_status":"closed","sticky":false,"template":"","format":"standard","meta":{"_acf_changed":false,"_daextam_enable_autolinks":"","footnotes":""},"categories":[2302],"tags":[4785,2804,3307,4200],"class_list":["post-57676","post","type-post","status-publish","format-standard","has-post-thumbnail","hentry","category-tennis","tag-alize-cornet","tag-gael-monfils","tag-gilles-simon","tag-pierre-hugues-herbert"],"acf":[],"yoast_head":"<!-- This site is optimized with the Yoast SEO Premium plugin v26.7 (Yoast SEO v26.7) - https:\/\/yoast.com\/wordpress\/plugins\/seo\/ -->\n<title>Le programme des Fran\u00e7ais ce jeudi \u00e0 l&#039;Open d&#039;Australie<\/title>\n<meta name=\"description\" content=\"Cette semaine, place au premier Grand Chelem de l\u2019ann\u00e9e avec l\u2019Open d\u2019Australie. Cette nuit, fin du second tour avec quatre Fran\u00e7ais.\" \/>\n<meta name=\"robots\" content=\"index, follow, max-snippet:-1, max-image-preview:large, max-video-preview:-1\" \/>\n<link rel=\"canonical\" href=\"https:\/\/dicodusport.fr\/blog\/programme-des-francais-jeudi-open-australie\/\" \/>\n<meta property=\"og:locale\" content=\"fr_FR\" \/>\n<meta property=\"og:type\" content=\"article\" \/>\n<meta property=\"og:title\" content=\"Le programme des Fran\u00e7ais ce jeudi \u00e0 l&#039;Open d&#039;Australie\" \/>\n<meta property=\"og:description\" content=\"Cette semaine, place au premier Grand Chelem de l\u2019ann\u00e9e avec l\u2019Open d\u2019Australie. Cette nuit, fin du second tour avec quatre Fran\u00e7ais.\" \/>\n<meta property=\"og:url\" content=\"https:\/\/dicodusport.fr\/blog\/programme-des-francais-jeudi-open-australie\/\" \/>\n<meta property=\"og:site_name\" content=\"Dicodusport\" \/>\n<meta property=\"article:publisher\" content=\"https:\/\/www.facebook.com\/dicodusport\" \/>\n<meta property=\"article:published_time\" content=\"2020-01-22T19:24:09+00:00\" \/>\n<meta property=\"og:image\" content=\"https:\/\/dicodusport.fr\/blog\/wp-content\/uploads\/2020\/01\/Le-programme-des-Fran\u00e7ais-ce-jeudi-\u00e0-lOpen-dAustralie.png\" \/>\n\t<meta property=\"og:image:width\" content=\"800\" \/>\n\t<meta property=\"og:image:height\" content=\"445\" \/>\n\t<meta property=\"og:image:type\" content=\"image\/png\" \/>\n<meta name=\"author\" content=\"Bastien Pitte\" \/>\n<meta name=\"twitter:card\" content=\"summary_large_image\" \/>\n<meta name=\"twitter:title\" content=\"Le programme des Fran\u00e7ais ce jeudi \u00e0 l&#039;Open d&#039;Australie\" \/>\n<meta name=\"twitter:creator\" content=\"@dicodusport\" \/>\n<meta name=\"twitter:site\" content=\"@dicodusport\" \/>\n<script type=\"application\/ld+json\" class=\"yoast-schema-graph\">{\"@context\":\"https:\/\/schema.org\",\"@graph\":[{\"@type\":\"NewsArticle\",\"@id\":\"https:\/\/dicodusport.fr\/blog\/programme-des-francais-jeudi-open-australie\/#article\",\"isPartOf\":{\"@id\":\"https:\/\/dicodusport.fr\/blog\/programme-des-francais-jeudi-open-australie\/\"},\"author\":{\"name\":\"Bastien Pitte\",\"@id\":\"https:\/\/dicodusport.fr\/blog\/#\/schema\/person\/0d3ca824646a2d0c77bdd7e45230c071\"},\"headline\":\"Le programme des Fran\u00e7ais ce jeudi \u00e0 l&rsquo;Open d&rsquo;Australie\",\"datePublished\":\"2020-01-22T19:24:09+00:00\",\"mainEntityOfPage\":{\"@id\":\"https:\/\/dicodusport.fr\/blog\/programme-des-francais-jeudi-open-australie\/\"},\"wordCount\":350,\"commentCount\":0,\"publisher\":{\"@id\":\"https:\/\/dicodusport.fr\/blog\/#organization\"},\"image\":{\"@id\":\"https:\/\/dicodusport.fr\/blog\/programme-des-francais-jeudi-open-australie\/#primaryimage\"},\"thumbnailUrl\":\"https:\/\/dicodusport.fr\/blog\/wp-content\/uploads\/2020\/01\/Le-programme-des-Fran\u00e7ais-ce-jeudi-\u00e0-lOpen-dAustralie.png\",\"keywords\":[\"Aliz\u00e9 Cornet\",\"Ga\u00ebl Monfils\",\"Gilles Simon\",\"Pierre-Hugues Herbert\"],\"articleSection\":[\"Tennis\"],\"inLanguage\":\"fr-FR\",\"potentialAction\":[{\"@type\":\"CommentAction\",\"name\":\"Comment\",\"target\":[\"https:\/\/dicodusport.fr\/blog\/programme-des-francais-jeudi-open-australie\/#respond\"]}],\"copyrightYear\":\"2020\",\"copyrightHolder\":{\"@id\":\"https:\/\/dicodusport.fr\/blog\/#organization\"}},{\"@type\":\"WebPage\",\"@id\":\"https:\/\/dicodusport.fr\/blog\/programme-des-francais-jeudi-open-australie\/\",\"url\":\"https:\/\/dicodusport.fr\/blog\/programme-des-francais-jeudi-open-australie\/\",\"name\":\"Le programme des Fran\u00e7ais ce jeudi \u00e0 l'Open d'Australie\",\"isPartOf\":{\"@id\":\"https:\/\/dicodusport.fr\/blog\/#website\"},\"primaryImageOfPage\":{\"@id\":\"https:\/\/dicodusport.fr\/blog\/programme-des-francais-jeudi-open-australie\/#primaryimage\"},\"image\":{\"@id\":\"https:\/\/dicodusport.fr\/blog\/programme-des-francais-jeudi-open-australie\/#primaryimage\"},\"thumbnailUrl\":\"https:\/\/dicodusport.fr\/blog\/wp-content\/uploads\/2020\/01\/Le-programme-des-Fran\u00e7ais-ce-jeudi-\u00e0-lOpen-dAustralie.png\",\"datePublished\":\"2020-01-22T19:24:09+00:00\",\"description\":\"Cette semaine, place au premier Grand Chelem de l\u2019ann\u00e9e avec l\u2019Open d\u2019Australie. Cette nuit, fin du second tour avec quatre Fran\u00e7ais.\",\"breadcrumb\":{\"@id\":\"https:\/\/dicodusport.fr\/blog\/programme-des-francais-jeudi-open-australie\/#breadcrumb\"},\"inLanguage\":\"fr-FR\",\"potentialAction\":[{\"@type\":\"ReadAction\",\"target\":[\"https:\/\/dicodusport.fr\/blog\/programme-des-francais-jeudi-open-australie\/\"]}]},{\"@type\":\"ImageObject\",\"inLanguage\":\"fr-FR\",\"@id\":\"https:\/\/dicodusport.fr\/blog\/programme-des-francais-jeudi-open-australie\/#primaryimage\",\"url\":\"https:\/\/dicodusport.fr\/blog\/wp-content\/uploads\/2020\/01\/Le-programme-des-Fran\u00e7ais-ce-jeudi-\u00e0-lOpen-dAustralie.png\",\"contentUrl\":\"https:\/\/dicodusport.fr\/blog\/wp-content\/uploads\/2020\/01\/Le-programme-des-Fran\u00e7ais-ce-jeudi-\u00e0-lOpen-dAustralie.png\",\"width\":800,\"height\":445,\"caption\":\"Le programme des Fran\u00e7ais ce jeudi \u00e0 l'Open d'Australie\"},{\"@type\":\"BreadcrumbList\",\"@id\":\"https:\/\/dicodusport.fr\/blog\/programme-des-francais-jeudi-open-australie\/#breadcrumb\",\"itemListElement\":[{\"@type\":\"ListItem\",\"position\":1,\"name\":\"Accueil\",\"item\":\"https:\/\/dicodusport.fr\/blog\/\"},{\"@type\":\"ListItem\",\"position\":2,\"name\":\"Le programme des Fran\u00e7ais ce jeudi \u00e0 l&rsquo;Open d&rsquo;Australie\"}]},{\"@type\":\"WebSite\",\"@id\":\"https:\/\/dicodusport.fr\/blog\/#website\",\"url\":\"https:\/\/dicodusport.fr\/blog\/\",\"name\":\"Dicodusport\",\"description\":\"L&#039;encyclop\u00e9die de l&#039;actualit\u00e9 sportive\",\"publisher\":{\"@id\":\"https:\/\/dicodusport.fr\/blog\/#organization\"},\"potentialAction\":[{\"@type\":\"SearchAction\",\"target\":{\"@type\":\"EntryPoint\",\"urlTemplate\":\"https:\/\/dicodusport.fr\/blog\/?s={search_term_string}\"},\"query-input\":{\"@type\":\"PropertyValueSpecification\",\"valueRequired\":true,\"valueName\":\"search_term_string\"}}],\"inLanguage\":\"fr-FR\"},{\"@type\":\"NewsMediaOrganization\",\"@id\":\"https:\/\/dicodusport.fr\/blog\/#organization\",\"name\":\"Dicodusport\",\"url\":\"https:\/\/dicodusport.fr\/blog\/\",\"logo\":{\"@type\":\"ImageObject\",\"inLanguage\":\"fr-FR\",\"@id\":\"https:\/\/dicodusport.fr\/blog\/#\/schema\/logo\/image\/\",\"url\":\"https:\/\/dicodusport.fr\/blog\/wp-content\/uploads\/2020\/06\/cropped-LOGO-DICODUSPORT-2020-SANS-FOND-SANS-TEXTE.png\",\"contentUrl\":\"https:\/\/dicodusport.fr\/blog\/wp-content\/uploads\/2020\/06\/cropped-LOGO-DICODUSPORT-2020-SANS-FOND-SANS-TEXTE.png\",\"width\":512,\"height\":512,\"caption\":\"Dicodusport\"},\"image\":{\"@id\":\"https:\/\/dicodusport.fr\/blog\/#\/schema\/logo\/image\/\"},\"sameAs\":[\"https:\/\/www.facebook.com\/dicodusport\",\"https:\/\/x.com\/dicodusport\",\"https:\/\/www.instagram.com\/dicodusport\/\",\"https:\/\/www.youtube.com\/channel\/UC7V2KZ5sd3htJivAbA4ZG3w\"],\"description\":\"Dicodusport est l'encyclop\u00e9die de l'actualit\u00e9 sportive.\",\"email\":\"bonjour@dicodusport.fr\",\"legalName\":\"DICODUSPORT\",\"foundingDate\":\"2018-01-14\",\"vatID\":\"FR71834470973\",\"taxID\":\"83447097300043\",\"numberOfEmployees\":{\"@type\":\"QuantitativeValue\",\"minValue\":\"1\",\"maxValue\":\"10\"}},{\"@type\":\"Person\",\"@id\":\"https:\/\/dicodusport.fr\/blog\/#\/schema\/person\/0d3ca824646a2d0c77bdd7e45230c071\",\"name\":\"Bastien Pitte\",\"image\":{\"@type\":\"ImageObject\",\"inLanguage\":\"fr-FR\",\"@id\":\"https:\/\/dicodusport.fr\/blog\/#\/schema\/person\/image\/\",\"url\":\"https:\/\/dicodusport.fr\/blog\/wp-content\/uploads\/2020\/06\/cropped-LOGO-DICODUSPORT-2020-SANS-FOND-SANS-TEXTE-150x150.png\",\"contentUrl\":\"https:\/\/dicodusport.fr\/blog\/wp-content\/uploads\/2020\/06\/cropped-LOGO-DICODUSPORT-2020-SANS-FOND-SANS-TEXTE-150x150.png\",\"caption\":\"Bastien Pitte\"},\"url\":\"https:\/\/dicodusport.fr\/blog\/author\/bastien\/\"}]}<\/script>\n<!-- \/ Yoast SEO Premium plugin. -->","yoast_head_json":{"title":"Le programme des Fran\u00e7ais ce jeudi \u00e0 l'Open d'Australie","description":"Cette semaine, place au premier Grand Chelem de l\u2019ann\u00e9e avec l\u2019Open d\u2019Australie. Cette nuit, fin du second tour avec quatre Fran\u00e7ais.","robots":{"index":"index","follow":"follow","max-snippet":"max-snippet:-1","max-image-preview":"max-image-preview:large","max-video-preview":"max-video-preview:-1"},"canonical":"https:\/\/dicodusport.fr\/blog\/programme-des-francais-jeudi-open-australie\/","og_locale":"fr_FR","og_type":"article","og_title":"Le programme des Fran\u00e7ais ce jeudi \u00e0 l'Open d'Australie","og_description":"Cette semaine, place au premier Grand Chelem de l\u2019ann\u00e9e avec l\u2019Open d\u2019Australie. Cette nuit, fin du second tour avec quatre Fran\u00e7ais.","og_url":"https:\/\/dicodusport.fr\/blog\/programme-des-francais-jeudi-open-australie\/","og_site_name":"Dicodusport","article_publisher":"https:\/\/www.facebook.com\/dicodusport","article_published_time":"2020-01-22T19:24:09+00:00","og_image":[{"width":800,"height":445,"url":"https:\/\/dicodusport.fr\/blog\/wp-content\/uploads\/2020\/01\/Le-programme-des-Fran\u00e7ais-ce-jeudi-\u00e0-lOpen-dAustralie.png","type":"image\/png"}],"author":"Bastien Pitte","twitter_card":"summary_large_image","twitter_title":"Le programme des Fran\u00e7ais ce jeudi \u00e0 l'Open d'Australie","twitter_creator":"@dicodusport","twitter_site":"@dicodusport","schema":{"@context":"https:\/\/schema.org","@graph":[{"@type":"NewsArticle","@id":"https:\/\/dicodusport.fr\/blog\/programme-des-francais-jeudi-open-australie\/#article","isPartOf":{"@id":"https:\/\/dicodusport.fr\/blog\/programme-des-francais-jeudi-open-australie\/"},"author":{"name":"Bastien Pitte","@id":"https:\/\/dicodusport.fr\/blog\/#\/schema\/person\/0d3ca824646a2d0c77bdd7e45230c071"},"headline":"Le programme des Fran\u00e7ais ce jeudi \u00e0 l&rsquo;Open d&rsquo;Australie","datePublished":"2020-01-22T19:24:09+00:00","mainEntityOfPage":{"@id":"https:\/\/dicodusport.fr\/blog\/programme-des-francais-jeudi-open-australie\/"},"wordCount":350,"commentCount":0,"publisher":{"@id":"https:\/\/dicodusport.fr\/blog\/#organization"},"image":{"@id":"https:\/\/dicodusport.fr\/blog\/programme-des-francais-jeudi-open-australie\/#primaryimage"},"thumbnailUrl":"https:\/\/dicodusport.fr\/blog\/wp-content\/uploads\/2020\/01\/Le-programme-des-Fran\u00e7ais-ce-jeudi-\u00e0-lOpen-dAustralie.png","keywords":["Aliz\u00e9 Cornet","Ga\u00ebl Monfils","Gilles Simon","Pierre-Hugues Herbert"],"articleSection":["Tennis"],"inLanguage":"fr-FR","potentialAction":[{"@type":"CommentAction","name":"Comment","target":["https:\/\/dicodusport.fr\/blog\/programme-des-francais-jeudi-open-australie\/#respond"]}],"copyrightYear":"2020","copyrightHolder":{"@id":"https:\/\/dicodusport.fr\/blog\/#organization"}},{"@type":"WebPage","@id":"https:\/\/dicodusport.fr\/blog\/programme-des-francais-jeudi-open-australie\/","url":"https:\/\/dicodusport.fr\/blog\/programme-des-francais-jeudi-open-australie\/","name":"Le programme des Fran\u00e7ais ce jeudi \u00e0 l'Open d'Australie","isPartOf":{"@id":"https:\/\/dicodusport.fr\/blog\/#website"},"primaryImageOfPage":{"@id":"https:\/\/dicodusport.fr\/blog\/programme-des-francais-jeudi-open-australie\/#primaryimage"},"image":{"@id":"https:\/\/dicodusport.fr\/blog\/programme-des-francais-jeudi-open-australie\/#primaryimage"},"thumbnailUrl":"https:\/\/dicodusport.fr\/blog\/wp-content\/uploads\/2020\/01\/Le-programme-des-Fran\u00e7ais-ce-jeudi-\u00e0-lOpen-dAustralie.png","datePublished":"2020-01-22T19:24:09+00:00","description":"Cette semaine, place au premier Grand Chelem de l\u2019ann\u00e9e avec l\u2019Open d\u2019Australie. Cette nuit, fin du second tour avec quatre Fran\u00e7ais.","breadcrumb":{"@id":"https:\/\/dicodusport.fr\/blog\/programme-des-francais-jeudi-open-australie\/#breadcrumb"},"inLanguage":"fr-FR","potentialAction":[{"@type":"ReadAction","target":["https:\/\/dicodusport.fr\/blog\/programme-des-francais-jeudi-open-australie\/"]}]},{"@type":"ImageObject","inLanguage":"fr-FR","@id":"https:\/\/dicodusport.fr\/blog\/programme-des-francais-jeudi-open-australie\/#primaryimage","url":"https:\/\/dicodusport.fr\/blog\/wp-content\/uploads\/2020\/01\/Le-programme-des-Fran\u00e7ais-ce-jeudi-\u00e0-lOpen-dAustralie.png","contentUrl":"https:\/\/dicodusport.fr\/blog\/wp-content\/uploads\/2020\/01\/Le-programme-des-Fran\u00e7ais-ce-jeudi-\u00e0-lOpen-dAustralie.png","width":800,"height":445,"caption":"Le programme des Fran\u00e7ais ce jeudi \u00e0 l'Open d'Australie"},{"@type":"BreadcrumbList","@id":"https:\/\/dicodusport.fr\/blog\/programme-des-francais-jeudi-open-australie\/#breadcrumb","itemListElement":[{"@type":"ListItem","position":1,"name":"Accueil","item":"https:\/\/dicodusport.fr\/blog\/"},{"@type":"ListItem","position":2,"name":"Le programme des Fran\u00e7ais ce jeudi \u00e0 l&rsquo;Open d&rsquo;Australie"}]},{"@type":"WebSite","@id":"https:\/\/dicodusport.fr\/blog\/#website","url":"https:\/\/dicodusport.fr\/blog\/","name":"Dicodusport","description":"L&#039;encyclop\u00e9die de l&#039;actualit\u00e9 sportive","publisher":{"@id":"https:\/\/dicodusport.fr\/blog\/#organization"},"potentialAction":[{"@type":"SearchAction","target":{"@type":"EntryPoint","urlTemplate":"https:\/\/dicodusport.fr\/blog\/?s={search_term_string}"},"query-input":{"@type":"PropertyValueSpecification","valueRequired":true,"valueName":"search_term_string"}}],"inLanguage":"fr-FR"},{"@type":"NewsMediaOrganization","@id":"https:\/\/dicodusport.fr\/blog\/#organization","name":"Dicodusport","url":"https:\/\/dicodusport.fr\/blog\/","logo":{"@type":"ImageObject","inLanguage":"fr-FR","@id":"https:\/\/dicodusport.fr\/blog\/#\/schema\/logo\/image\/","url":"https:\/\/dicodusport.fr\/blog\/wp-content\/uploads\/2020\/06\/cropped-LOGO-DICODUSPORT-2020-SANS-FOND-SANS-TEXTE.png","contentUrl":"https:\/\/dicodusport.fr\/blog\/wp-content\/uploads\/2020\/06\/cropped-LOGO-DICODUSPORT-2020-SANS-FOND-SANS-TEXTE.png","width":512,"height":512,"caption":"Dicodusport"},"image":{"@id":"https:\/\/dicodusport.fr\/blog\/#\/schema\/logo\/image\/"},"sameAs":["https:\/\/www.facebook.com\/dicodusport","https:\/\/x.com\/dicodusport","https:\/\/www.instagram.com\/dicodusport\/","https:\/\/www.youtube.com\/channel\/UC7V2KZ5sd3htJivAbA4ZG3w"],"description":"Dicodusport est l'encyclop\u00e9die de l'actualit\u00e9 sportive.","email":"bonjour@dicodusport.fr","legalName":"DICODUSPORT","foundingDate":"2018-01-14","vatID":"FR71834470973","taxID":"83447097300043","numberOfEmployees":{"@type":"QuantitativeValue","minValue":"1","maxValue":"10"}},{"@type":"Person","@id":"https:\/\/dicodusport.fr\/blog\/#\/schema\/person\/0d3ca824646a2d0c77bdd7e45230c071","name":"Bastien Pitte","image":{"@type":"ImageObject","inLanguage":"fr-FR","@id":"https:\/\/dicodusport.fr\/blog\/#\/schema\/person\/image\/","url":"https:\/\/dicodusport.fr\/blog\/wp-content\/uploads\/2020\/06\/cropped-LOGO-DICODUSPORT-2020-SANS-FOND-SANS-TEXTE-150x150.png","contentUrl":"https:\/\/dicodusport.fr\/blog\/wp-content\/uploads\/2020\/06\/cropped-LOGO-DICODUSPORT-2020-SANS-FOND-SANS-TEXTE-150x150.png","caption":"Bastien Pitte"},"url":"https:\/\/dicodusport.fr\/blog\/author\/bastien\/"}]}},"_links":{"self":[{"href":"https:\/\/dicodusport.fr\/blog\/wp-json\/wp\/v2\/posts\/57676","targetHints":{"allow":["GET"]}}],"collection":[{"href":"https:\/\/dicodusport.fr\/blog\/wp-json\/wp\/v2\/posts"}],"about":[{"href":"https:\/\/dicodusport.fr\/blog\/wp-json\/wp\/v2\/types\/post"}],"author":[{"embeddable":true,"href":"https:\/\/dicodusport.fr\/blog\/wp-json\/wp\/v2\/users\/28"}],"replies":[{"embeddable":true,"href":"https:\/\/dicodusport.fr\/blog\/wp-json\/wp\/v2\/comments?post=57676"}],"version-history":[{"count":0,"href":"https:\/\/dicodusport.fr\/blog\/wp-json\/wp\/v2\/posts\/57676\/revisions"}],"wp:featuredmedia":[{"embeddable":true,"href":"https:\/\/dicodusport.fr\/blog\/wp-json\/wp\/v2\/media\/57685"}],"wp:attachment":[{"href":"https:\/\/dicodusport.fr\/blog\/wp-json\/wp\/v2\/media?parent=57676"}],"wp:term":[{"taxonomy":"category","embeddable":true,"href":"https:\/\/dicodusport.fr\/blog\/wp-json\/wp\/v2\/categories?post=57676"},{"taxonomy":"post_tag","embeddable":true,"href":"https:\/\/dicodusport.fr\/blog\/wp-json\/wp\/v2\/tags?post=57676"}],"curies":[{"name":"wp","href":"https:\/\/api.w.org\/{rel}","templated":true}]}}