{"id":576771,"date":"2025-05-07T21:10:14","date_gmt":"2025-05-07T19:10:14","guid":{"rendered":"https:\/\/dicodusport.fr\/blog\/?p=576771&#038;preview=true&#038;preview_id=576771"},"modified":"2025-05-07T21:10:40","modified_gmt":"2025-05-07T19:10:40","slug":"favoris-tour-ditalie-2025-vers-un-duel-primoz-roglic-contre-juan-ayuso","status":"publish","type":"post","link":"https:\/\/dicodusport.fr\/blog\/favoris-tour-ditalie-2025-vers-un-duel-primoz-roglic-contre-juan-ayuso\/","title":{"rendered":"Favoris Tour d&rsquo;Italie 2025 : Vers un duel Primoz Roglic contre Juan Ayuso ?"},"content":{"rendered":"<h4 style=\"text-align: justify;\"><em><a href=\"https:\/\/dicodusport.fr\/blog\/actualites\/cyclisme\/cyclisme-sur-route-2025\/tour-d-italie-2025\/\">TOUR D&rsquo;ITALIE 2025<\/a> &#8211; On semble se diriger vers un duel Primoz Roglic \/ Juan Ayuso sur les routes italiennes, et ce, pendant trois semaines. On fait le point sur les forces et faiblesses des deux coureurs. Et on gardera un \u0153il sur les autres concurrents.<\/em><\/h4>\n<ul>\n<li style=\"text-align: justify;\"><strong>\u00c0 ce sujet &#8211; <a href=\"https:\/\/dicodusport.fr\/blog\/actualites\/cyclisme\/\">L&rsquo;actualit\u00e9 du cyclisme<\/a><\/strong><\/li>\n<\/ul>\n<p style=\"text-align: justify;\">C&rsquo;est un duel qui semble s&rsquo;annoncer sur les routes du Tour d&rsquo;Italie, \u00e0 partir de ce samedi. Les yeux sont braqu\u00e9s sur <strong>Primoz Roglic<\/strong> (Red Bull-Bora-Hansgrohe) et <strong>Juan Ayuso<\/strong> (UAE Team Emirates-XRG). L&rsquo;exp\u00e9riment\u00e9 slov\u00e8ne contre le jeune loup espagnol sur les routes italiennes.<\/p>\n<h2 style=\"text-align: justify;\">Les forces de Primoz Roglic<\/h2>\n<h3 style=\"text-align: justify;\">Son exp\u00e9rience<\/h3>\n<p style=\"text-align: justify;\">\u00c0 35 ans, Primoz Roglic est d\u00e9sormais rompu \u00e0 la bataille pour les Grands Tours. Et si le Tour de France lui a moins r\u00e9ussi, sur les autres, c&rsquo;est du tr\u00e8s solide. Derni\u00e8re participation sur la Vuelta ? Succ\u00e8s en 2024. Il est le recordman de victoires sur le Tour d&rsquo;Espagne, avec <strong>Roberto Heras<\/strong>. Derni\u00e8re participation sur le Tour d&rsquo;Italie ? Victoire en 2023, lorsqu&rsquo;il renverse<strong> Geraint Thomas<\/strong> sur le tout dernier chrono. Capable de gagner m\u00eame quand il n&rsquo;est pas dans des conditions parfaites et m\u00eame quand il est le grand favori de la course et observ\u00e9 par tous ses concurrents.<\/p>\n<div class=\"vlp-link-container vlp-layout-article\"><a href=\"https:\/\/dicodusport.fr\/blog\/tour-despagne-2024-le-general-pour-primoz-roglic-le-chrono-final-pour-stefan-kung\/\" class=\"vlp-link\" title=\"Tour d&#039;Espagne 2024 : Le g\u00e9n\u00e9ral pour Primoz Roglic, le chrono final pour Stefan K\u00fcng\"><\/a><div class=\"vlp-layout-zone-side\"><div class=\"vlp-block-4 vlp-link-image\"><img loading=\"lazy\" decoding=\"async\" style=\"max-width: 792px;\" width=\"792\" height=\"445\" src=\"https:\/\/dicodusport.fr\/blog\/wp-content\/uploads\/2024\/09\/Tour-dEspagne-2024-Le-general-pour-Primoz-Roglic-le-chrono-final-pour-Stefan-Kung-1.png\" class=\"attachment-800x445 size-800x445\" alt=\"Tour d&#039;Espagne 2024 Le g\u00e9n\u00e9ral pour Primoz Roglic, le chrono final pour Stefan K\u00fcng (1)\" srcset=\"https:\/\/dicodusport.fr\/blog\/wp-content\/uploads\/2024\/09\/Tour-dEspagne-2024-Le-general-pour-Primoz-Roglic-le-chrono-final-pour-Stefan-Kung-1.png 1200w, https:\/\/dicodusport.fr\/blog\/wp-content\/uploads\/2024\/09\/Tour-dEspagne-2024-Le-general-pour-Primoz-Roglic-le-chrono-final-pour-Stefan-Kung-1-300x169.png 300w, https:\/\/dicodusport.fr\/blog\/wp-content\/uploads\/2024\/09\/Tour-dEspagne-2024-Le-general-pour-Primoz-Roglic-le-chrono-final-pour-Stefan-Kung-1-1024x575.png 1024w, https:\/\/dicodusport.fr\/blog\/wp-content\/uploads\/2024\/09\/Tour-dEspagne-2024-Le-general-pour-Primoz-Roglic-le-chrono-final-pour-Stefan-Kung-1-768x431.png 768w\" sizes=\"auto, (max-width: 792px) 100vw, 792px\" \/><\/div><\/div><div class=\"vlp-layout-zone-main\"><div class=\"vlp-block-0 vlp-link-title\">Tour d'Espagne 2024 : Le g\u00e9n\u00e9ral pour Primoz Roglic, le chrono final pour Stefan K\u00fcng<\/div><div class=\"vlp-block-1 vlp-link-summary\">Le g\u00e9n\u00e9ral pour Primoz Roglic, le chrono final pour Stefan K\u00fcng<\/div><div class=\"vlp-block-2 vlp-link-button\">Lire l'article<\/div><div class=\"vlp-block-3 vlp-link-url\">dicodusport.fr<\/div><\/div><\/div>\n<h3 style=\"text-align: justify;\">Il a encore gagn\u00e9 en 2025 et a pris l&rsquo;ascendant sur son adversaire<\/h3>\n<p style=\"text-align: justify;\">Mine de rien, apr\u00e8s un Tour d&rsquo;Algarve un peu plomb\u00e9 (8e du g\u00e9n\u00e9ral apr\u00e8s un chrono rat\u00e9), le Slov\u00e8ne a domin\u00e9 le <a href=\"https:\/\/dicodusport.fr\/blog\/tour-de-catalogne-2025-le-numero-de-primoz-roglic-qui-renverse-tout-sur-la-derniere-etape\/\"><strong>Tour de Catalogne<\/strong><\/a>, raflant deux \u00e9tapes. Il domine au classement g\u00e9n\u00e9ral&#8230; <strong>Juan Ayuso<\/strong>. Avec un beau num\u00e9ro en solitaire lors de la derni\u00e8re \u00e9tape. Vingt kilom\u00e8tres de raid, sur les routes de Montju\u00efc, pour d\u00e9boulonner l&rsquo;Espagnol, leader du g\u00e9n\u00e9ral, mais domin\u00e9 ce jour-l\u00e0. Mine de rien, alors qu&rsquo;on le pensait intouchable, le jeune coureur a pris un petit coup sur la carafe. La premi\u00e8re bataille psychologique est donc pour <strong>Primoz Roglic<\/strong>.<\/p>\n<ul>\n<li style=\"text-align: justify;\"><strong>\u00c0 ce sujet &#8211; <a href=\"https:\/\/dicodusport.fr\/blog\/tour-ditalie-2025-parcours-detaille-et-profils-des-etapes-du-giro\/\">Tour d\u2019Italie 2025 : Parcours d\u00e9taill\u00e9 et profils des \u00e9tapes du Giro<\/a><\/strong><\/li>\n<\/ul>\n<h2 style=\"text-align: justify;\">Les faiblesses de Primoz Roglic<\/h2>\n<h3 style=\"text-align: justify;\">Est-il encore au top ?<\/h3>\n<p style=\"text-align: justify;\">Mine de rien, il a 35 ans. Deux ans nous s\u00e9parent de <a href=\"https:\/\/dicodusport.fr\/blog\/tour-ditalie-2023-primoz-roglic-sacre-mark-cavendish-simpose-sur-la-21eme-etape\/\"><strong>sa seule victoire sur le Giro<\/strong><\/a>. Avec comme principal adversaire un <strong>Geraint Thomas<\/strong> lui-m\u00eame vieillissant. Tandis que sur la Vuelta 2024, il a domin\u00e9 un <strong>Ben O&rsquo;Connor<\/strong>, qui avait pris de l&rsquo;avance sur une \u00e9chapp\u00e9e. D\u00e8s que la concurrence monte d&rsquo;un cran, comme sur le Tour de l&rsquo;Algarve o\u00f9 il y avait <strong>Jonas Vingegaard<\/strong> et un <strong>Jo\u00e3o Almeida<\/strong> en pleine forme, il souffre. Sur le Tour 2024, avant son abandon, il \u00e9tait une jambe en dessous d&rsquo;un <strong>Tadej Pogacar<\/strong> ou d&rsquo;un <strong>Jonas Vingegaard<\/strong>. Sans doute moins fort qu&rsquo;un <strong>Remco Evenepoel<\/strong>. Or, <strong>Juan Ayuso,<\/strong> bien que battu en Catalogne, a montr\u00e9 en 2025 qu&rsquo;il avait franchi un \u00e9norme cap, pour se rapprocher du haut du panier mondial.<\/p>\n<ul>\n<li style=\"text-align: justify;\"><strong>\u00c0 ce sujet &#8211; <a href=\"https:\/\/dicodusport.fr\/blog\/tour-ditalie-2025-les-compositions-des-equipes\/\">La composition des \u00e9quipes du Tour d&rsquo;Italie 2025<\/a><\/strong><\/li>\n<\/ul>\n<h2 style=\"text-align: justify;\">Les forces de Juan Ayuso<\/h2>\n<h3 style=\"text-align: justify;\">Son \u00e9quipe<\/h3>\n<p style=\"text-align: justify;\">Avec le jeune, mais brillant <strong>Isaac Del Toro<\/strong>, mais aussi <strong>Adam Yates<\/strong> (3e du Tour 2023), <a href=\"https:\/\/dicodusport.fr\/blog\/tour-de-romandie-2025-jay-vine-soffre-la-troisieme-etape-en-facteur\/\"><strong>Jay Vine<\/strong><\/a>, qui a \u00e9t\u00e9 brillant sur le Tour de Romandie, l&rsquo;exp\u00e9riment\u00e9 <strong>Rafal Majka,<\/strong> le jeune <strong>Igor Arrieta<\/strong> et <strong>Filippo Baroncini,<\/strong> la Team UAE Emirates-XRG am\u00e8ne en Italie une \u00e9quipe tr\u00e8s impressionnante. Bien plus qu&rsquo;en 2024, quand <strong>Tadej Poga\u010dar<\/strong> a survol\u00e9 la course italienne. Si l&rsquo;\u00e9quipe sur le Tour 2025 sera encore plus folle, la volont\u00e9 de la formation \u00e9mirati est d&rsquo;entourer au mieux son leader espagnol. Notamment en haute montagne, avec une formation tr\u00e8s ax\u00e9e grimpeurs. \u00c0 qui, et c&rsquo;est peut-\u00eatre sa seule faiblesse, il manque un gros rouleur, comme <strong>Mikkel Bjerg<\/strong>. M\u00eame si <strong>Brandon McNulty<\/strong>, avec sa polyvalence, peut remplir ce crit\u00e8re. Mais que cette \u00e9quipe est belle sur le papier. On devrait les voir rouler \u00e0 l&rsquo;avant du peloton.<\/p>\n<h3 style=\"text-align: justify;\">Un d\u00e9but de saison pour lui<\/h3>\n<p style=\"text-align: justify;\">Pendant un temps, \u00e0 l&rsquo;issue du Tour de Catalogne, <strong>Juan Ayuso<\/strong> a \u00e9t\u00e9 num\u00e9ro 1 mondial au classement UCI. Fort d&rsquo;un d\u00e9but de saison, avec une victoire au classement g\u00e9n\u00e9ral de Tirreno-Adriatico. Au total, le jeune espagnol totalise d\u00e9j\u00e0 cinq succ\u00e8s depuis le d\u00e9but de saison. Et semble avoir franchi un cap partout. Que ce soit en montagne, en chrono comme au sprint. De quoi devenir un vrai pr\u00e9tendant capable d&rsquo;aller titiller les meilleurs coureurs du monde et un peu partout.<\/p>\n<div class=\"vlp-link-container vlp-layout-article\"><a href=\"https:\/\/dicodusport.fr\/blog\/tirreno-adriatico-2025-jonathan-milan-double-la-mise-sur-la-7eme-etape-juan-ayuso-sadjuge-le-general\/\" class=\"vlp-link\" title=\"Tirreno-Adriatico 2025 : Jonathan Milan double la mise sur la 7\u00e8me \u00e9tape, Juan Ayuso s&#039;adjuge le g\u00e9n\u00e9ral\"><\/a><div class=\"vlp-layout-zone-side\"><div class=\"vlp-block-4 vlp-link-image\"><img loading=\"lazy\" decoding=\"async\" style=\"max-width: 792px;\" width=\"792\" height=\"445\" src=\"https:\/\/dicodusport.fr\/blog\/wp-content\/uploads\/2025\/03\/Tirreno-Adriatico-2025-Jonathan-Milan-double-la-mise-sur-la-7eme-etape-Juan-Ayuso-sadjuge-le-general-1.png\" class=\"attachment-800x445 size-800x445\" alt=\"Tirreno-Adriatico 2025 Jonathan Milan double la mise sur la 7\u00e8me \u00e9tape, Juan Ayuso s&#039;adjuge le g\u00e9n\u00e9ral\" srcset=\"https:\/\/dicodusport.fr\/blog\/wp-content\/uploads\/2025\/03\/Tirreno-Adriatico-2025-Jonathan-Milan-double-la-mise-sur-la-7eme-etape-Juan-Ayuso-sadjuge-le-general-1.png 1200w, https:\/\/dicodusport.fr\/blog\/wp-content\/uploads\/2025\/03\/Tirreno-Adriatico-2025-Jonathan-Milan-double-la-mise-sur-la-7eme-etape-Juan-Ayuso-sadjuge-le-general-1-300x169.png 300w, https:\/\/dicodusport.fr\/blog\/wp-content\/uploads\/2025\/03\/Tirreno-Adriatico-2025-Jonathan-Milan-double-la-mise-sur-la-7eme-etape-Juan-Ayuso-sadjuge-le-general-1-1024x575.png 1024w, https:\/\/dicodusport.fr\/blog\/wp-content\/uploads\/2025\/03\/Tirreno-Adriatico-2025-Jonathan-Milan-double-la-mise-sur-la-7eme-etape-Juan-Ayuso-sadjuge-le-general-1-768x431.png 768w\" sizes=\"auto, (max-width: 792px) 100vw, 792px\" \/><\/div><\/div><div class=\"vlp-layout-zone-main\"><div class=\"vlp-block-0 vlp-link-title\">Tirreno-Adriatico 2025 : Jonathan Milan double la mise sur la 7\u00e8me \u00e9tape, Juan Ayuso s'adjuge le g\u00e9n\u00e9ral<\/div><div class=\"vlp-block-1 vlp-link-summary\">TIRRENO-ADRIATICO 2025 - Jonathan Milan remporte au sprint son deuxi\u00e8me succ\u00e8s sur la derni\u00e8re \u00e9tape. Juan Ayuso remporte le g\u00e9n\u00e9ral<\/div><div class=\"vlp-block-2 vlp-link-button\">Lire l'article<\/div><div class=\"vlp-block-3 vlp-link-url\">dicodusport.fr<\/div><\/div><\/div>\n<h2 style=\"text-align: justify;\">Les faiblesses de Juan Ayuso<\/h2>\n<h3 style=\"text-align: justify;\">Son inexp\u00e9rience dans un r\u00f4le de leader<\/h3>\n<p style=\"text-align: justify;\">Mine de rien, pour la premi\u00e8re fois de sa carri\u00e8re, il va aborder un Grand Tour dans la peau d&rsquo;un grand favori. Avec la pression qui va avec. D\u00e9j\u00e0 sur le podium d&rsquo;un Grand Tour, sur la Vuelta 2022, il d\u00e9couvrait alors une course de trois semaines, sans pression. M\u00eame si sa course avait \u00e9t\u00e9 int\u00e9ressante. \u00c0 ce jour, cela reste son seul podium en Grand Tour. Peut-\u00eatre la faille la plus importante pour un coureur annonc\u00e9 comme le concurrent de <strong>Primoz Roglic<\/strong>. Un poids qui peut peser tr\u00e8s lourd au fil des jours. Surtout si l&rsquo;Espagnol venait \u00e0 prendre le maillot rose assez t\u00f4t. Des sollicitations m\u00e9diatiques \u00e0 la fin de l&rsquo;\u00e9tape, tant de choses \u00e0 laquelle il n&rsquo;est pas encore habitu\u00e9.<\/p>\n<h2 style=\"text-align: justify;\">Ceux qui peuvent perturber le duel<\/h2>\n<p style=\"text-align: justify;\">Souvent \u00e0 l&rsquo;aise sur les routes italiennes (4\u00e8me en 2018, <a href=\"https:\/\/dicodusport.fr\/blog\/giro-2019-chad-haga-remporte-la-21eme-etape-richard-carapaz-sacre\/\"><strong>vainqueur en 2019<\/strong><\/a> et encore 2\u00e8me en 2022), <strong>Richard Carapaz<\/strong> (EF Education-Easy Post) est cependant un peu dans le flou, au moment de d\u00e9barquer sur les routes italiennes. Avec bien peu de r\u00e9sultats marquants en 2025. Mais une certaine exp\u00e9rience. Du flou \u00e9galement pour <a href=\"https:\/\/dicodusport.fr\/blog\/tour-d-italie-2021-filippo-ganna-remporte-la-21eme-etape-egan-bernal-gagne-le-general\/\"><strong>le vainqueur du Giro 2021<\/strong><\/a>, <strong>Egan Bernal<\/strong> (INEOS Grenadiers). Le Colombien s&rsquo;\u00e9tait fractur\u00e9 la clavicule \u00e0 l&rsquo;entra\u00eenement en f\u00e9vrier. Revenu tr\u00e8s rapidement, il avait pris la 7\u00e8me place du Tour de Catalogne. Mais n&rsquo;a pas couru depuis. Leader de la Soudal-Quick Step, <strong>Mikel Landa<\/strong> revient sur des routes qui lui ont parfois bien r\u00e9ussi. Et peut profiter d&rsquo;un marquage, pour tenter d&rsquo;anticiper en haute montagne.<\/p>\n<div class=\"vlp-link-container vlp-layout-article\"><a href=\"https:\/\/dicodusport.fr\/blog\/tour-ditalie-2025-qui-va-briller-les-5-paris-de-la-redaction\/\" class=\"vlp-link\" title=\"Tour d\u2019Italie 2025 : Qui va briller ? Les 5 paris de la r\u00e9daction\"><\/a><div class=\"vlp-layout-zone-side\"><div class=\"vlp-block-4 vlp-link-image\"><img loading=\"lazy\" decoding=\"async\" style=\"max-width: 792px;\" width=\"792\" height=\"445\" src=\"https:\/\/dicodusport.fr\/blog\/wp-content\/uploads\/2025\/05\/Tour-dItalie-2025-Qui-va-briller-Les-5-paris-de-la-redaction-1.png\" class=\"attachment-800x445 size-800x445\" alt=\"Tour d\u2019Italie 2025 Qui va briller Les 5 paris de la r\u00e9daction (1)\" srcset=\"https:\/\/dicodusport.fr\/blog\/wp-content\/uploads\/2025\/05\/Tour-dItalie-2025-Qui-va-briller-Les-5-paris-de-la-redaction-1.png 1200w, https:\/\/dicodusport.fr\/blog\/wp-content\/uploads\/2025\/05\/Tour-dItalie-2025-Qui-va-briller-Les-5-paris-de-la-redaction-1-300x169.png 300w, https:\/\/dicodusport.fr\/blog\/wp-content\/uploads\/2025\/05\/Tour-dItalie-2025-Qui-va-briller-Les-5-paris-de-la-redaction-1-1024x575.png 1024w, https:\/\/dicodusport.fr\/blog\/wp-content\/uploads\/2025\/05\/Tour-dItalie-2025-Qui-va-briller-Les-5-paris-de-la-redaction-1-768x431.png 768w\" sizes=\"auto, (max-width: 792px) 100vw, 792px\" \/><\/div><\/div><div class=\"vlp-layout-zone-main\"><div class=\"vlp-block-0 vlp-link-title\">Tour d\u2019Italie 2025 : Qui va briller ? Les 5 paris de la r\u00e9daction<\/div><div class=\"vlp-block-1 vlp-link-summary\">\u00c0 l'approche du Giro 2025, la r\u00e9daction d\u00e9voile ses paris et pronostics : favoris, outsiders, surprises... D\u00e9couvrez nos choix !<\/div><div class=\"vlp-block-2 vlp-link-button\">Lire l'article<\/div><div class=\"vlp-block-3 vlp-link-url\">dicodusport.fr<\/div><\/div><\/div>\n<p style=\"text-align: justify;\">Quatri\u00e8me en 2024, <strong>Antonio Tiberi<\/strong> (Bahrain Victorious) est aussi dans l&rsquo;incertitude, puisque malade et contraint \u00e0 l&rsquo;abandon sur les routes du Tour des Alpes. Il faudra voir comment il a r\u00e9cup\u00e9r\u00e9 de ses soucis de sant\u00e9. <strong>Derek Gee<\/strong> (Israel-Premier Tech) ou <strong>Giulio Ciccone<\/strong> (Lidl-Trek) n&rsquo;ont pas d&rsquo;immenses r\u00e9f\u00e9rences sur trois semaines, mais restent des excellents grimpeurs, capables de suivre ou presque les meilleurs. <strong>Tom Pidcock<\/strong> (Q36.5 Pro Cycling Team) sera une belle inconnue. Auteur d&rsquo;un gros d\u00e9but de saison, mais moins tranchant sur les ardennaises. Il n&rsquo;est pas \u00e0 proprement parler un grimpeur. Mais peut franchir un cap.<\/p>\n","protected":false},"excerpt":{"rendered":"<p>TOUR D&rsquo;ITALIE 2025 &#8211; On semble se diriger vers un duel Primoz Roglic \/ Juan Ayuso sur les routes italiennes, et ce pendant trois semaines. On fait le point sur les forces et faiblesses des deux coureurs. Et on gardera un \u0153il sur les autres concurrents.<\/p>\n","protected":false},"author":83,"featured_media":576824,"comment_status":"open","ping_status":"closed","sticky":false,"template":"","format":"standard","meta":{"_acf_changed":false,"_daextam_enable_autolinks":"1","footnotes":""},"categories":[47041],"tags":[32415,16878,25610,7855,24],"class_list":["post-576771","post","type-post","status-publish","format-standard","has-post-thumbnail","hentry","category-tour-d-italie","tag-actu","tag-breve","tag-juan-ayuso","tag-primoz-roglic","tag-sport"],"acf":[],"yoast_head":"<!-- This site is optimized with the Yoast SEO Premium plugin v26.7 (Yoast SEO v26.7) - https:\/\/yoast.com\/wordpress\/plugins\/seo\/ -->\n<title>Favoris Tour d&#039;Italie 2025 : Vers un duel Primoz Roglic contre Juan Ayuso ?<\/title>\n<meta name=\"description\" content=\"TOUR D&#039;ITALIE 2025 - On semble se diriger vers un duel Primoz Roglic \/ Juan Ayuso sur les routes italiennes, et ce pendant trois semaines.\" \/>\n<meta name=\"robots\" content=\"index, follow, max-snippet:-1, max-image-preview:large, max-video-preview:-1\" \/>\n<link rel=\"canonical\" href=\"https:\/\/dicodusport.fr\/blog\/favoris-tour-ditalie-2025-vers-un-duel-primoz-roglic-contre-juan-ayuso\/\" \/>\n<meta property=\"og:locale\" content=\"fr_FR\" \/>\n<meta property=\"og:type\" content=\"article\" \/>\n<meta property=\"og:title\" content=\"Favoris Tour d&#039;Italie 2025 : Vers un duel Primoz Roglic contre Juan Ayuso ?\" \/>\n<meta property=\"og:description\" content=\"TOUR D&#039;ITALIE 2025 - On semble se diriger vers un duel Primoz Roglic \/ Juan Ayuso sur les routes italiennes, et ce pendant trois semaines.\" \/>\n<meta property=\"og:url\" content=\"https:\/\/dicodusport.fr\/blog\/favoris-tour-ditalie-2025-vers-un-duel-primoz-roglic-contre-juan-ayuso\/\" \/>\n<meta property=\"og:site_name\" content=\"Dicodusport\" \/>\n<meta property=\"article:publisher\" content=\"https:\/\/www.facebook.com\/dicodusport\" \/>\n<meta property=\"article:published_time\" content=\"2025-05-07T19:10:14+00:00\" \/>\n<meta property=\"article:modified_time\" content=\"2025-05-07T19:10:40+00:00\" \/>\n<meta property=\"og:image\" content=\"https:\/\/dicodusport.fr\/blog\/wp-content\/uploads\/2025\/05\/Favoris-Tour-dItalie-2025-Vers-un-duel-Primoz-Roglic-contre-Juan-Ayuso-.png\" \/>\n\t<meta property=\"og:image:width\" content=\"1200\" \/>\n\t<meta property=\"og:image:height\" content=\"674\" \/>\n\t<meta property=\"og:image:type\" content=\"image\/png\" \/>\n<meta name=\"author\" content=\"Etienne Goursaud\" \/>\n<meta name=\"twitter:card\" content=\"summary_large_image\" \/>\n<meta name=\"twitter:title\" content=\"Favoris Tour d&#039;Italie 2025 : Vers un duel Primoz Roglic contre Juan Ayuso ?\" \/>\n<meta name=\"twitter:creator\" content=\"@dicodusport\" \/>\n<meta name=\"twitter:site\" content=\"@dicodusport\" \/>\n<script type=\"application\/ld+json\" class=\"yoast-schema-graph\">{\"@context\":\"https:\/\/schema.org\",\"@graph\":[{\"@type\":\"NewsArticle\",\"@id\":\"https:\/\/dicodusport.fr\/blog\/favoris-tour-ditalie-2025-vers-un-duel-primoz-roglic-contre-juan-ayuso\/#article\",\"isPartOf\":{\"@id\":\"https:\/\/dicodusport.fr\/blog\/favoris-tour-ditalie-2025-vers-un-duel-primoz-roglic-contre-juan-ayuso\/\"},\"author\":{\"name\":\"Etienne Goursaud\",\"@id\":\"https:\/\/dicodusport.fr\/blog\/#\/schema\/person\/d603dd7da31fb2b46c82b9835a77ec13\"},\"headline\":\"Favoris Tour d&rsquo;Italie 2025 : Vers un duel Primoz Roglic contre Juan Ayuso ?\",\"datePublished\":\"2025-05-07T19:10:14+00:00\",\"dateModified\":\"2025-05-07T19:10:40+00:00\",\"mainEntityOfPage\":{\"@id\":\"https:\/\/dicodusport.fr\/blog\/favoris-tour-ditalie-2025-vers-un-duel-primoz-roglic-contre-juan-ayuso\/\"},\"wordCount\":1423,\"commentCount\":0,\"publisher\":{\"@id\":\"https:\/\/dicodusport.fr\/blog\/#organization\"},\"image\":{\"@id\":\"https:\/\/dicodusport.fr\/blog\/favoris-tour-ditalie-2025-vers-un-duel-primoz-roglic-contre-juan-ayuso\/#primaryimage\"},\"thumbnailUrl\":\"https:\/\/dicodusport.fr\/blog\/wp-content\/uploads\/2025\/05\/Favoris-Tour-dItalie-2025-Vers-un-duel-Primoz-Roglic-contre-Juan-Ayuso-.png\",\"keywords\":[\"actu\",\"br\u00e8ve\",\"Juan Ayuso\",\"Primoz Roglic\",\"sport\"],\"articleSection\":[\"Tour d'Italie\"],\"inLanguage\":\"fr-FR\",\"potentialAction\":[{\"@type\":\"CommentAction\",\"name\":\"Comment\",\"target\":[\"https:\/\/dicodusport.fr\/blog\/favoris-tour-ditalie-2025-vers-un-duel-primoz-roglic-contre-juan-ayuso\/#respond\"]}],\"copyrightYear\":\"2025\",\"copyrightHolder\":{\"@id\":\"https:\/\/dicodusport.fr\/blog\/#organization\"}},{\"@type\":\"WebPage\",\"@id\":\"https:\/\/dicodusport.fr\/blog\/favoris-tour-ditalie-2025-vers-un-duel-primoz-roglic-contre-juan-ayuso\/\",\"url\":\"https:\/\/dicodusport.fr\/blog\/favoris-tour-ditalie-2025-vers-un-duel-primoz-roglic-contre-juan-ayuso\/\",\"name\":\"Favoris Tour d'Italie 2025 : Vers un duel Primoz Roglic contre Juan Ayuso ?\",\"isPartOf\":{\"@id\":\"https:\/\/dicodusport.fr\/blog\/#website\"},\"primaryImageOfPage\":{\"@id\":\"https:\/\/dicodusport.fr\/blog\/favoris-tour-ditalie-2025-vers-un-duel-primoz-roglic-contre-juan-ayuso\/#primaryimage\"},\"image\":{\"@id\":\"https:\/\/dicodusport.fr\/blog\/favoris-tour-ditalie-2025-vers-un-duel-primoz-roglic-contre-juan-ayuso\/#primaryimage\"},\"thumbnailUrl\":\"https:\/\/dicodusport.fr\/blog\/wp-content\/uploads\/2025\/05\/Favoris-Tour-dItalie-2025-Vers-un-duel-Primoz-Roglic-contre-Juan-Ayuso-.png\",\"datePublished\":\"2025-05-07T19:10:14+00:00\",\"dateModified\":\"2025-05-07T19:10:40+00:00\",\"description\":\"TOUR D'ITALIE 2025 - On semble se diriger vers un duel Primoz Roglic \/ Juan Ayuso sur les routes italiennes, et ce pendant trois semaines.\",\"breadcrumb\":{\"@id\":\"https:\/\/dicodusport.fr\/blog\/favoris-tour-ditalie-2025-vers-un-duel-primoz-roglic-contre-juan-ayuso\/#breadcrumb\"},\"inLanguage\":\"fr-FR\",\"potentialAction\":[{\"@type\":\"ReadAction\",\"target\":[\"https:\/\/dicodusport.fr\/blog\/favoris-tour-ditalie-2025-vers-un-duel-primoz-roglic-contre-juan-ayuso\/\"]}]},{\"@type\":\"ImageObject\",\"inLanguage\":\"fr-FR\",\"@id\":\"https:\/\/dicodusport.fr\/blog\/favoris-tour-ditalie-2025-vers-un-duel-primoz-roglic-contre-juan-ayuso\/#primaryimage\",\"url\":\"https:\/\/dicodusport.fr\/blog\/wp-content\/uploads\/2025\/05\/Favoris-Tour-dItalie-2025-Vers-un-duel-Primoz-Roglic-contre-Juan-Ayuso-.png\",\"contentUrl\":\"https:\/\/dicodusport.fr\/blog\/wp-content\/uploads\/2025\/05\/Favoris-Tour-dItalie-2025-Vers-un-duel-Primoz-Roglic-contre-Juan-Ayuso-.png\",\"width\":1200,\"height\":674,\"caption\":\"Favoris Tour d'Italie 2025 Vers un duel Primoz Roglic contre Juan Ayuso\"},{\"@type\":\"BreadcrumbList\",\"@id\":\"https:\/\/dicodusport.fr\/blog\/favoris-tour-ditalie-2025-vers-un-duel-primoz-roglic-contre-juan-ayuso\/#breadcrumb\",\"itemListElement\":[{\"@type\":\"ListItem\",\"position\":1,\"name\":\"Accueil\",\"item\":\"https:\/\/dicodusport.fr\/blog\/\"},{\"@type\":\"ListItem\",\"position\":2,\"name\":\"Favoris Tour d&rsquo;Italie 2025 : Vers un duel Primoz Roglic contre Juan Ayuso ?\"}]},{\"@type\":\"WebSite\",\"@id\":\"https:\/\/dicodusport.fr\/blog\/#website\",\"url\":\"https:\/\/dicodusport.fr\/blog\/\",\"name\":\"Dicodusport\",\"description\":\"L&#039;encyclop\u00e9die de l&#039;actualit\u00e9 sportive\",\"publisher\":{\"@id\":\"https:\/\/dicodusport.fr\/blog\/#organization\"},\"potentialAction\":[{\"@type\":\"SearchAction\",\"target\":{\"@type\":\"EntryPoint\",\"urlTemplate\":\"https:\/\/dicodusport.fr\/blog\/?s={search_term_string}\"},\"query-input\":{\"@type\":\"PropertyValueSpecification\",\"valueRequired\":true,\"valueName\":\"search_term_string\"}}],\"inLanguage\":\"fr-FR\"},{\"@type\":\"NewsMediaOrganization\",\"@id\":\"https:\/\/dicodusport.fr\/blog\/#organization\",\"name\":\"Dicodusport\",\"url\":\"https:\/\/dicodusport.fr\/blog\/\",\"logo\":{\"@type\":\"ImageObject\",\"inLanguage\":\"fr-FR\",\"@id\":\"https:\/\/dicodusport.fr\/blog\/#\/schema\/logo\/image\/\",\"url\":\"https:\/\/dicodusport.fr\/blog\/wp-content\/uploads\/2020\/06\/cropped-LOGO-DICODUSPORT-2020-SANS-FOND-SANS-TEXTE.png\",\"contentUrl\":\"https:\/\/dicodusport.fr\/blog\/wp-content\/uploads\/2020\/06\/cropped-LOGO-DICODUSPORT-2020-SANS-FOND-SANS-TEXTE.png\",\"width\":512,\"height\":512,\"caption\":\"Dicodusport\"},\"image\":{\"@id\":\"https:\/\/dicodusport.fr\/blog\/#\/schema\/logo\/image\/\"},\"sameAs\":[\"https:\/\/www.facebook.com\/dicodusport\",\"https:\/\/x.com\/dicodusport\",\"https:\/\/www.instagram.com\/dicodusport\/\",\"https:\/\/www.youtube.com\/channel\/UC7V2KZ5sd3htJivAbA4ZG3w\"],\"description\":\"Dicodusport est l'encyclop\u00e9die de l'actualit\u00e9 sportive.\",\"email\":\"bonjour@dicodusport.fr\",\"legalName\":\"DICODUSPORT\",\"foundingDate\":\"2018-01-14\",\"vatID\":\"FR71834470973\",\"taxID\":\"83447097300043\",\"numberOfEmployees\":{\"@type\":\"QuantitativeValue\",\"minValue\":\"1\",\"maxValue\":\"10\"}},{\"@type\":\"Person\",\"@id\":\"https:\/\/dicodusport.fr\/blog\/#\/schema\/person\/d603dd7da31fb2b46c82b9835a77ec13\",\"name\":\"Etienne Goursaud\",\"image\":{\"@type\":\"ImageObject\",\"inLanguage\":\"fr-FR\",\"@id\":\"https:\/\/dicodusport.fr\/blog\/#\/schema\/person\/image\/\",\"url\":\"https:\/\/dicodusport.fr\/blog\/wp-content\/uploads\/2023\/12\/410122264_10231602061736049_5565839791558026645_n-150x150.jpg\",\"contentUrl\":\"https:\/\/dicodusport.fr\/blog\/wp-content\/uploads\/2023\/12\/410122264_10231602061736049_5565839791558026645_n-150x150.jpg\",\"caption\":\"Etienne Goursaud\"},\"description\":\"Journaliste et amoureux de sport. Ancien footballeur reconverti athl\u00e8te quand ses muscles le laissent tranquille. \u00c9lev\u00e9 \u00e0 la sauce des exploits de Thomas Voeckler en 2004, du dernier essai de l\u00e9gende de Eunice Barber \u00e0 la longueur lors des championnats du monde d'athl\u00e9tisme de 2003 mais aussi Zidane, Omeyer et Titou Lamaison.\",\"url\":\"https:\/\/dicodusport.fr\/blog\/author\/etienne-goursaud\/\"}]}<\/script>\n<!-- \/ Yoast SEO Premium plugin. -->","yoast_head_json":{"title":"Favoris Tour d'Italie 2025 : Vers un duel Primoz Roglic contre Juan Ayuso ?","description":"TOUR D'ITALIE 2025 - On semble se diriger vers un duel Primoz Roglic \/ Juan Ayuso sur les routes italiennes, et ce pendant trois semaines.","robots":{"index":"index","follow":"follow","max-snippet":"max-snippet:-1","max-image-preview":"max-image-preview:large","max-video-preview":"max-video-preview:-1"},"canonical":"https:\/\/dicodusport.fr\/blog\/favoris-tour-ditalie-2025-vers-un-duel-primoz-roglic-contre-juan-ayuso\/","og_locale":"fr_FR","og_type":"article","og_title":"Favoris Tour d'Italie 2025 : Vers un duel Primoz Roglic contre Juan Ayuso ?","og_description":"TOUR D'ITALIE 2025 - On semble se diriger vers un duel Primoz Roglic \/ Juan Ayuso sur les routes italiennes, et ce pendant trois semaines.","og_url":"https:\/\/dicodusport.fr\/blog\/favoris-tour-ditalie-2025-vers-un-duel-primoz-roglic-contre-juan-ayuso\/","og_site_name":"Dicodusport","article_publisher":"https:\/\/www.facebook.com\/dicodusport","article_published_time":"2025-05-07T19:10:14+00:00","article_modified_time":"2025-05-07T19:10:40+00:00","og_image":[{"width":1200,"height":674,"url":"https:\/\/dicodusport.fr\/blog\/wp-content\/uploads\/2025\/05\/Favoris-Tour-dItalie-2025-Vers-un-duel-Primoz-Roglic-contre-Juan-Ayuso-.png","type":"image\/png"}],"author":"Etienne Goursaud","twitter_card":"summary_large_image","twitter_title":"Favoris Tour d'Italie 2025 : Vers un duel Primoz Roglic contre Juan Ayuso ?","twitter_creator":"@dicodusport","twitter_site":"@dicodusport","schema":{"@context":"https:\/\/schema.org","@graph":[{"@type":"NewsArticle","@id":"https:\/\/dicodusport.fr\/blog\/favoris-tour-ditalie-2025-vers-un-duel-primoz-roglic-contre-juan-ayuso\/#article","isPartOf":{"@id":"https:\/\/dicodusport.fr\/blog\/favoris-tour-ditalie-2025-vers-un-duel-primoz-roglic-contre-juan-ayuso\/"},"author":{"name":"Etienne Goursaud","@id":"https:\/\/dicodusport.fr\/blog\/#\/schema\/person\/d603dd7da31fb2b46c82b9835a77ec13"},"headline":"Favoris Tour d&rsquo;Italie 2025 : Vers un duel Primoz Roglic contre Juan Ayuso ?","datePublished":"2025-05-07T19:10:14+00:00","dateModified":"2025-05-07T19:10:40+00:00","mainEntityOfPage":{"@id":"https:\/\/dicodusport.fr\/blog\/favoris-tour-ditalie-2025-vers-un-duel-primoz-roglic-contre-juan-ayuso\/"},"wordCount":1423,"commentCount":0,"publisher":{"@id":"https:\/\/dicodusport.fr\/blog\/#organization"},"image":{"@id":"https:\/\/dicodusport.fr\/blog\/favoris-tour-ditalie-2025-vers-un-duel-primoz-roglic-contre-juan-ayuso\/#primaryimage"},"thumbnailUrl":"https:\/\/dicodusport.fr\/blog\/wp-content\/uploads\/2025\/05\/Favoris-Tour-dItalie-2025-Vers-un-duel-Primoz-Roglic-contre-Juan-Ayuso-.png","keywords":["actu","br\u00e8ve","Juan Ayuso","Primoz Roglic","sport"],"articleSection":["Tour d'Italie"],"inLanguage":"fr-FR","potentialAction":[{"@type":"CommentAction","name":"Comment","target":["https:\/\/dicodusport.fr\/blog\/favoris-tour-ditalie-2025-vers-un-duel-primoz-roglic-contre-juan-ayuso\/#respond"]}],"copyrightYear":"2025","copyrightHolder":{"@id":"https:\/\/dicodusport.fr\/blog\/#organization"}},{"@type":"WebPage","@id":"https:\/\/dicodusport.fr\/blog\/favoris-tour-ditalie-2025-vers-un-duel-primoz-roglic-contre-juan-ayuso\/","url":"https:\/\/dicodusport.fr\/blog\/favoris-tour-ditalie-2025-vers-un-duel-primoz-roglic-contre-juan-ayuso\/","name":"Favoris Tour d'Italie 2025 : Vers un duel Primoz Roglic contre Juan Ayuso ?","isPartOf":{"@id":"https:\/\/dicodusport.fr\/blog\/#website"},"primaryImageOfPage":{"@id":"https:\/\/dicodusport.fr\/blog\/favoris-tour-ditalie-2025-vers-un-duel-primoz-roglic-contre-juan-ayuso\/#primaryimage"},"image":{"@id":"https:\/\/dicodusport.fr\/blog\/favoris-tour-ditalie-2025-vers-un-duel-primoz-roglic-contre-juan-ayuso\/#primaryimage"},"thumbnailUrl":"https:\/\/dicodusport.fr\/blog\/wp-content\/uploads\/2025\/05\/Favoris-Tour-dItalie-2025-Vers-un-duel-Primoz-Roglic-contre-Juan-Ayuso-.png","datePublished":"2025-05-07T19:10:14+00:00","dateModified":"2025-05-07T19:10:40+00:00","description":"TOUR D'ITALIE 2025 - On semble se diriger vers un duel Primoz Roglic \/ Juan Ayuso sur les routes italiennes, et ce pendant trois semaines.","breadcrumb":{"@id":"https:\/\/dicodusport.fr\/blog\/favoris-tour-ditalie-2025-vers-un-duel-primoz-roglic-contre-juan-ayuso\/#breadcrumb"},"inLanguage":"fr-FR","potentialAction":[{"@type":"ReadAction","target":["https:\/\/dicodusport.fr\/blog\/favoris-tour-ditalie-2025-vers-un-duel-primoz-roglic-contre-juan-ayuso\/"]}]},{"@type":"ImageObject","inLanguage":"fr-FR","@id":"https:\/\/dicodusport.fr\/blog\/favoris-tour-ditalie-2025-vers-un-duel-primoz-roglic-contre-juan-ayuso\/#primaryimage","url":"https:\/\/dicodusport.fr\/blog\/wp-content\/uploads\/2025\/05\/Favoris-Tour-dItalie-2025-Vers-un-duel-Primoz-Roglic-contre-Juan-Ayuso-.png","contentUrl":"https:\/\/dicodusport.fr\/blog\/wp-content\/uploads\/2025\/05\/Favoris-Tour-dItalie-2025-Vers-un-duel-Primoz-Roglic-contre-Juan-Ayuso-.png","width":1200,"height":674,"caption":"Favoris Tour d'Italie 2025 Vers un duel Primoz Roglic contre Juan Ayuso"},{"@type":"BreadcrumbList","@id":"https:\/\/dicodusport.fr\/blog\/favoris-tour-ditalie-2025-vers-un-duel-primoz-roglic-contre-juan-ayuso\/#breadcrumb","itemListElement":[{"@type":"ListItem","position":1,"name":"Accueil","item":"https:\/\/dicodusport.fr\/blog\/"},{"@type":"ListItem","position":2,"name":"Favoris Tour d&rsquo;Italie 2025 : Vers un duel Primoz Roglic contre Juan Ayuso ?"}]},{"@type":"WebSite","@id":"https:\/\/dicodusport.fr\/blog\/#website","url":"https:\/\/dicodusport.fr\/blog\/","name":"Dicodusport","description":"L&#039;encyclop\u00e9die de l&#039;actualit\u00e9 sportive","publisher":{"@id":"https:\/\/dicodusport.fr\/blog\/#organization"},"potentialAction":[{"@type":"SearchAction","target":{"@type":"EntryPoint","urlTemplate":"https:\/\/dicodusport.fr\/blog\/?s={search_term_string}"},"query-input":{"@type":"PropertyValueSpecification","valueRequired":true,"valueName":"search_term_string"}}],"inLanguage":"fr-FR"},{"@type":"NewsMediaOrganization","@id":"https:\/\/dicodusport.fr\/blog\/#organization","name":"Dicodusport","url":"https:\/\/dicodusport.fr\/blog\/","logo":{"@type":"ImageObject","inLanguage":"fr-FR","@id":"https:\/\/dicodusport.fr\/blog\/#\/schema\/logo\/image\/","url":"https:\/\/dicodusport.fr\/blog\/wp-content\/uploads\/2020\/06\/cropped-LOGO-DICODUSPORT-2020-SANS-FOND-SANS-TEXTE.png","contentUrl":"https:\/\/dicodusport.fr\/blog\/wp-content\/uploads\/2020\/06\/cropped-LOGO-DICODUSPORT-2020-SANS-FOND-SANS-TEXTE.png","width":512,"height":512,"caption":"Dicodusport"},"image":{"@id":"https:\/\/dicodusport.fr\/blog\/#\/schema\/logo\/image\/"},"sameAs":["https:\/\/www.facebook.com\/dicodusport","https:\/\/x.com\/dicodusport","https:\/\/www.instagram.com\/dicodusport\/","https:\/\/www.youtube.com\/channel\/UC7V2KZ5sd3htJivAbA4ZG3w"],"description":"Dicodusport est l'encyclop\u00e9die de l'actualit\u00e9 sportive.","email":"bonjour@dicodusport.fr","legalName":"DICODUSPORT","foundingDate":"2018-01-14","vatID":"FR71834470973","taxID":"83447097300043","numberOfEmployees":{"@type":"QuantitativeValue","minValue":"1","maxValue":"10"}},{"@type":"Person","@id":"https:\/\/dicodusport.fr\/blog\/#\/schema\/person\/d603dd7da31fb2b46c82b9835a77ec13","name":"Etienne Goursaud","image":{"@type":"ImageObject","inLanguage":"fr-FR","@id":"https:\/\/dicodusport.fr\/blog\/#\/schema\/person\/image\/","url":"https:\/\/dicodusport.fr\/blog\/wp-content\/uploads\/2023\/12\/410122264_10231602061736049_5565839791558026645_n-150x150.jpg","contentUrl":"https:\/\/dicodusport.fr\/blog\/wp-content\/uploads\/2023\/12\/410122264_10231602061736049_5565839791558026645_n-150x150.jpg","caption":"Etienne Goursaud"},"description":"Journaliste et amoureux de sport. Ancien footballeur reconverti athl\u00e8te quand ses muscles le laissent tranquille. \u00c9lev\u00e9 \u00e0 la sauce des exploits de Thomas Voeckler en 2004, du dernier essai de l\u00e9gende de Eunice Barber \u00e0 la longueur lors des championnats du monde d'athl\u00e9tisme de 2003 mais aussi Zidane, Omeyer et Titou Lamaison.","url":"https:\/\/dicodusport.fr\/blog\/author\/etienne-goursaud\/"}]}},"_links":{"self":[{"href":"https:\/\/dicodusport.fr\/blog\/wp-json\/wp\/v2\/posts\/576771","targetHints":{"allow":["GET"]}}],"collection":[{"href":"https:\/\/dicodusport.fr\/blog\/wp-json\/wp\/v2\/posts"}],"about":[{"href":"https:\/\/dicodusport.fr\/blog\/wp-json\/wp\/v2\/types\/post"}],"author":[{"embeddable":true,"href":"https:\/\/dicodusport.fr\/blog\/wp-json\/wp\/v2\/users\/83"}],"replies":[{"embeddable":true,"href":"https:\/\/dicodusport.fr\/blog\/wp-json\/wp\/v2\/comments?post=576771"}],"version-history":[{"count":6,"href":"https:\/\/dicodusport.fr\/blog\/wp-json\/wp\/v2\/posts\/576771\/revisions"}],"predecessor-version":[{"id":577299,"href":"https:\/\/dicodusport.fr\/blog\/wp-json\/wp\/v2\/posts\/576771\/revisions\/577299"}],"wp:featuredmedia":[{"embeddable":true,"href":"https:\/\/dicodusport.fr\/blog\/wp-json\/wp\/v2\/media\/576824"}],"wp:attachment":[{"href":"https:\/\/dicodusport.fr\/blog\/wp-json\/wp\/v2\/media?parent=576771"}],"wp:term":[{"taxonomy":"category","embeddable":true,"href":"https:\/\/dicodusport.fr\/blog\/wp-json\/wp\/v2\/categories?post=576771"},{"taxonomy":"post_tag","embeddable":true,"href":"https:\/\/dicodusport.fr\/blog\/wp-json\/wp\/v2\/tags?post=576771"}],"curies":[{"name":"wp","href":"https:\/\/api.w.org\/{rel}","templated":true}]}}