{"id":576833,"date":"2025-05-05T16:14:19","date_gmt":"2025-05-05T14:14:19","guid":{"rendered":"https:\/\/dicodusport.fr\/blog\/?p=576833&#038;preview=true&#038;preview_id=576833"},"modified":"2025-08-06T18:39:15","modified_gmt":"2025-08-06T16:39:15","slug":"ski-alpin-les-equipes-de-france-pour-la-saison-2025-2026","status":"publish","type":"post","link":"https:\/\/dicodusport.fr\/blog\/ski-alpin-les-equipes-de-france-pour-la-saison-2025-2026\/","title":{"rendered":"Ski alpin : Les \u00e9quipes de France pour la saison 2025-2026"},"content":{"rendered":"<h4 style=\"text-align: justify;\"><em>SAISON SKI ALPIN 2025\/2026 &#8211; Une semaine apr\u00e8s une premi\u00e8re salve, la FFS a poursuivi le d\u00e9voilement de ses diff\u00e9rentes \u00e9quipes de France en vue de la saison 2025\/2026, avec notamment le ski alpin en t\u00eate de gondole.<\/em><\/h4>\n<ul style=\"text-align: justify;\">\n<li style=\"text-align: justify;\"><strong>\u00c0 ce sujet &#8211; <a href=\"https:\/\/dicodusport.fr\/blog\/actualites\/sports-dhiver\/ski\/\">Toute l&rsquo;actualit\u00e9 du ski<\/a><\/strong><\/li>\n<\/ul>\n<p style=\"text-align: justify;\">La semaine derni\u00e8re, la <strong>FFS<\/strong> avait commenc\u00e9 \u00e0 annoncer ces futures \u00e9quipes dans l&rsquo;optique de la prochaine saison. Une saison rev\u00eatant une importance capitale avec en point d&rsquo;orgue les <strong>Jeux Olympiques de Turin<\/strong> du 10 au 26 f\u00e9vrier prochain. Ainsi, les \u00e9quipes de France biathlon, mais aussi de ski de fond, de combin\u00e9 nordique et de saut \u00e0 skis ont \u00e9t\u00e9 les premi\u00e8res \u00e0 \u00eatre d\u00e9voil\u00e9es.<\/p>\n<p style=\"text-align: justify;\">Exactement une semaine plus tard, ce lundi apr\u00e8s-midi, quatre autres disciplines ont \u00e9t\u00e9 concern\u00e9es par ces annonces. Tr\u00e8s attendue, la composition de l&rsquo;<strong>\u00e9quipe de ski alpin<\/strong> fait partie du lot. Absent durant quasiment l&rsquo;int\u00e9gralit\u00e9 de l&rsquo;hiver \u00e9coul\u00e9, <strong>Cyprien Sarrazin<\/strong> effectuera logiquement son grand retour pour mener une \u00e9quipe masculin de vitesse qui a cruellement souffert de son absence. L&rsquo;\u00e9quipe technique pourra elle s&rsquo;appuyer sur un collectif solide \u00e9videmment men\u00e9 par <strong>Cl\u00e9ment No\u00ebl<\/strong>, au sein duquel <strong>Steven Amiez, Paco Rassat <\/strong>ou encore le v\u00e9t\u00e9ran<strong> Victor Muffat Jeandez<\/strong> ont prouv\u00e9 leur capacit\u00e9 \u00e0 aller chercher des gros r\u00e9sultats ponctuellement.<\/p>\n<ul style=\"text-align: justify;\">\n<li><strong>\u00c0 lire aussi &#8211; <a href=\"https:\/\/dicodusport.fr\/blog\/biathlon-les-equipes-de-france-pour-la-saison-2025-2026\/\">Biathlon : Les \u00e9quipes de France pour la saison 2025-2026<\/a><\/strong><\/li>\n<\/ul>\n<p style=\"text-align: justify;\">Moins puissante collectivement, l&rsquo;\u00e9quipe f\u00e9minine tentera de faire mieux que le dernier hiver, o\u00f9 le <a href=\"https:\/\/dicodusport.fr\/blog\/super-g-femmes-la-thuile-2025-romane-miradoli-soffre-un-podium-surprise-federica-brignone-triomphe-au-general\/\">podium tardif de Romane Miradoli sur le Super-G de La Thuile<\/a> avait permis d&rsquo;\u00e9viter le z\u00e9ro point\u00e9.<\/p>\n<h3 style=\"text-align: justify;\">Les compositions des \u00c9quipes de France de ski alpin<\/h3>\n<p style=\"text-align: justify;\"><em><strong>\u00c9quipe de France A Hommes : <\/strong><\/em><\/p>\n<p style=\"text-align: justify;\">Vitesse : Nils ALL\u00c8GRE, Nils ALPHAND, Matthieu BAILET, Adrien FRESQUET, Blaise GIEZENDANNER, Florian LORIOT, Maxence MUZATON, Cyprien SARRAZIN, Adrien TH\u00c9AUX<\/p>\n<p style=\"text-align: justify;\">Technique : Steven AMIEZ, L\u00e9o ANGUENOT, Alban ELEZI CANNAFERINA, Thibaut FAVROT, Victor MUFFAT JEANDEZ, Cl\u00e9ment NO\u00cbL, Diego ORECCHIONO, Alexis PINTURAULT, Paco RASSAT, Flavio VITALE<\/p>\n<p style=\"text-align: justify;\"><em><strong>\u00c9quipe de France A Femmes : <\/strong><\/em><\/p>\n<p style=\"text-align: justify;\">Vitesse ; Lois ABOULY, Camille CERUTTI, Karen CLEMENT, Clara DIREZ, Laura GAUCHE, Garance MEYER, Romane MIRADOLI<\/p>\n<p style=\"text-align: justify;\">Technique : Clarisse BR\u00c8CHE, Marion CHEVRIER, Doriane ESCANE, Marie LAMURE, Caitlin MCFARLANE, Chiara POGNEAUX<\/p>\n<p style=\"text-align: justify;\"><strong><em>\u00c9quipe de France B Hommes : <\/em><\/strong><\/p>\n<p style=\"text-align: justify;\">Vitesse : Sam ALPHAND, Pablo BANFI, Ken CAILLOT, Thomas CHAIX, L\u00e9o COPPEL, L\u00e9o DUCROS, Charles GAMEL SEIGNEUR, Edgar MEYER<\/p>\n<p style=\"text-align: justify;\">Technique : Auguste AULNETTE, Antoine AZZOLIN, Hugo DESGRIPPES, Guerlain FAVRE, Lo\u00ebvan PARAND, Baptiste SAMBUIS, Paul SILVESTRE<\/p>\n<p style=\"text-align: justify;\"><strong><em>\u00c9quipe de France B Femmes : <\/em><\/strong><\/p>\n<p style=\"text-align: justify;\">June BRAND, Emy CHARBONNIER, Ilona CHARBOTEL, Axelle CHEVRIER, Aliz\u00e9e DAHON, Carmen HARO, Annabel JALLAT, Laurine LUGON-MOULIN, Marjolaine OLLIER, Paola ORECCHIONI<\/p>\n<blockquote class=\"twitter-tweet\">\n<p dir=\"ltr\" lang=\"fr\">\u00c0 l&rsquo;assaut des anneaux \ud83e\udd47l PARTIE 2.<\/p>\n<p>La \ud835\udc1c\ud835\udc28\ud835\udc26\ud835\udc29\ud835\udc28\ud835\udc2c\ud835\udc22\ud835\udc2d\ud835\udc22\ud835\udc28\ud835\udc27 \ud835\udc28\ud835\udc1f\ud835\udc1f\ud835\udc22\ud835\udc1c\ud835\udc22\ud835\udc1e\ud835\udc25\ud835\udc25\ud835\udc1e des \u00e9quipes de France de ski alpin, ski freestyle, ski cross et snowboard pour l&rsquo;hiver olympique 2025\/2026 \ud83d\udccb\ud83c\uddeb\ud83c\uddf7<\/p>\n<p>\u27a1\ufe0f <a href=\"https:\/\/t.co\/3dD9UX9Gf2\">https:\/\/t.co\/3dD9UX9Gf2<\/a> <a href=\"https:\/\/t.co\/kI1hNkdvsM\">pic.twitter.com\/kI1hNkdvsM<\/a><\/p>\n<p>\u2014 FFS &#8211; F\u00e9d\u00e9ration Fran\u00e7aise de Ski (@FedFranceSki) <a href=\"https:\/\/twitter.com\/FedFranceSki\/status\/1919370054979756244?ref_src=twsrc%5Etfw\">May 5, 2025<\/a><\/p><\/blockquote>\n<p style=\"text-align: justify;\"><script async src=\"https:\/\/platform.twitter.com\/widgets.js\" charset=\"utf-8\"><\/script><\/p>\n<h2 style=\"text-align: justify;\">Casta, Laffont, Trespeuch, un trio en cristal<\/h2>\n<p style=\"text-align: justify;\">En plus du ski alpin, la composition de trois autres \u00e9quipes de France a \u00e9galement \u00e9t\u00e9 ent\u00e9rin\u00e9e. Celles de <strong>skicross<\/strong>, de<strong> snowboard (snowboardcross et freestyle) <\/strong>et de <strong>ski freestyle<\/strong>. Trois disciplines dans lesquelles le clan tricolore dispose de cartes majeures dans la qu\u00eate de m\u00e9dailles olympiques, avec notamment les fers de lance que sont <strong>Chlo\u00e9 Trespeuch <\/strong>et <strong>Perrine Laffont<\/strong>, mais \u00e9galement l&rsquo;\u00e9toile montante du snowboardcross, <strong>L\u00e9a Casta<\/strong>, qui a remport\u00e9 le gros globe de cristal \u00e0 seulement 19 ans.<\/p>\n<div class=\"vlp-link-container vlp-layout-article\"><a href=\"https:\/\/dicodusport.fr\/blog\/snowboardcross-mont-saint-anne-lea-casta-fait-coup-double-la-victoire-et-le-gros-globe-de-cristal\/\" class=\"vlp-link\" title=\"Snowboardcross Mont-Saint-Anne : L\u00e9a Casta fait coup double, la victoire et le gros globe de cristal !\"><\/a><div class=\"vlp-layout-zone-side\"><div class=\"vlp-block-4 vlp-link-image\"><img loading=\"lazy\" decoding=\"async\" style=\"max-width: 792px;\" width=\"792\" height=\"445\" src=\"https:\/\/dicodusport.fr\/blog\/wp-content\/uploads\/2025\/04\/Snowboardcross-Mont-Saint-Anne-Lea-Casta-fait-coup-double-la-victoire-et-le-gros-globe-de-cristal-1-1.png\" class=\"attachment-800x445 size-800x445\" alt=\"Snowboardcross Mont-Saint-Anne L\u00e9a Casta fait coup double, la victoire et le gros globe de cristal !\" srcset=\"https:\/\/dicodusport.fr\/blog\/wp-content\/uploads\/2025\/04\/Snowboardcross-Mont-Saint-Anne-Lea-Casta-fait-coup-double-la-victoire-et-le-gros-globe-de-cristal-1-1.png 1200w, https:\/\/dicodusport.fr\/blog\/wp-content\/uploads\/2025\/04\/Snowboardcross-Mont-Saint-Anne-Lea-Casta-fait-coup-double-la-victoire-et-le-gros-globe-de-cristal-1-1-300x169.png 300w, https:\/\/dicodusport.fr\/blog\/wp-content\/uploads\/2025\/04\/Snowboardcross-Mont-Saint-Anne-Lea-Casta-fait-coup-double-la-victoire-et-le-gros-globe-de-cristal-1-1-1024x575.png 1024w, https:\/\/dicodusport.fr\/blog\/wp-content\/uploads\/2025\/04\/Snowboardcross-Mont-Saint-Anne-Lea-Casta-fait-coup-double-la-victoire-et-le-gros-globe-de-cristal-1-1-768x431.png 768w\" sizes=\"auto, (max-width: 792px) 100vw, 792px\" \/><\/div><\/div><div class=\"vlp-layout-zone-main\"><div class=\"vlp-block-0 vlp-link-title\">Snowboardcross Mont-Saint-Anne : L\u00e9a Casta fait coup double, la victoire et le gros globe de cristal !<\/div><div class=\"vlp-block-1 vlp-link-summary\">COUPE DU MONDE DE SNOWBOARDCROSS 2024\/2025 - \u00c0 seulement 19 ans, L\u00e9a Casta a d\u00e9montr\u00e9 une fois de plus sa solidit\u00e9 en s'imposant sur la piste de Mont-Sainte-Anne. En raison du forfait de Charlotte Bankes pour la fin de saison, la Tricolore met les mains sur le gros globe de cristal !<\/div><div class=\"vlp-block-2 vlp-link-button\">Lire l'article<\/div><div class=\"vlp-block-3 vlp-link-url\">dicodusport.fr<\/div><\/div><\/div>\n<h3 style=\"text-align: justify;\">Les \u00c9quipes de France de skicross, snowboard et ski freestyle<\/h3>\n<p style=\"text-align: justify;\"><strong>\u00c9quipe de France de skicross Hommes :<\/strong><\/p>\n<p style=\"text-align: justify;\">\u00c9quipe de France A : Youri DUPLESSIS KERGOMARD, Melvin TCHIKNAVORIAN, Terence TCHIKNAVORIAN.<\/p>\n<p style=\"text-align: justify;\">\u00c9quipe de France B : Alexis JAY, Evan KLUFTS, Romain MARI, Eliott PICCARD, Nicolas RAFFORT.<\/p>\n<p style=\"text-align: justify;\"><strong>\u00c9quipe de France de skicross Femmes :<\/strong><\/p>\n<p style=\"text-align: justify;\">\u00c9quipe de France A : Marielle BERGER SABBATEL, Jade GRILLET AUBERT.<\/p>\n<p style=\"text-align: justify;\">\u00c9quipe de France B : Myl\u00e8ne BALLET BAZ, Anouck ERRARD.<\/p>\n<p style=\"text-align: justify;\"><strong>\u00c9quipe de France de snowboardcross Femmes :<\/strong><\/p>\n<p style=\"text-align: justify;\">\u00c9quipe de France A : L\u00e9a CASTA, Maja-Li IAFRATE DANIELSSON, Julia PEREIRA DE SOUSA, Manon PETIT LENOIR, Chlo\u00e9 TRESPEUCH.<\/p>\n<p style=\"text-align: justify;\">\u00c9quipe de France B : Fiona SERRA CAIOLO, Zo\u00e9 COLOMBIER, Margaux HERPIN, Lyse LAIN\u00c9, F\u00e9licie LEICHT.<\/p>\n<p style=\"text-align: justify;\"><strong>\u00c9quipe de France de snowboardcross Hommes :<\/strong><\/p>\n<p style=\"text-align: justify;\">\u00c9quipe de France A : Loan BOZZOLO, A\u00efdan CHOLLET, Quentin SODOGAS, Merlin SURGET, Julien TOMAS.<\/p>\n<p style=\"text-align: justify;\">\u00c9quipe de France B : Jonas CHOLLET, Guillaume HERPIN, L\u00e9o LE BL\u00c9 JACQUES, Achille LELEU.<\/p>\n<p style=\"text-align: justify;\"><strong>\u00c9quipe de France de snowboard freestyle Hommes :<\/strong><\/p>\n<p style=\"text-align: justify;\">\u00c9quipe de France A : Romain ALLEMAND, Enzo VALAX.<\/p>\n<p style=\"text-align: justify;\">\u00c9quipe de France B : Julien MERKEN, No\u00e9 PETIT, Tom VENDEROTTE.<\/p>\n<p style=\"text-align: justify;\"><strong>\u00c9quipe de France de ski freestyle Femmes :<\/strong><\/p>\n<p style=\"text-align: justify;\">\u00c9quipe de France A : Camille CABROL, Perrine LAFFONT.<\/p>\n<p style=\"text-align: justify;\">\u00c9quipe de France B : Marie DUAUX.<\/p>\n<p style=\"text-align: justify;\"><strong>\u00c9quipe de France de ski freestyle Hommes :<\/strong><\/p>\n<p style=\"text-align: justify;\">\u00c9quipe de France A : Benjamin CAVET, Thibaud MOUILLE.<\/p>\n<p style=\"text-align: justify;\">\u00c9quipe de France B : Tristan CAYOLLE, L\u00e9o CROZET, Paul Andrea GAY, Arthur OFFEL DE VILLAUCOURT.<\/p>\n<div class=\"vlp-link-container vlp-layout-article\"><a href=\"https:\/\/dicodusport.fr\/blog\/sports-dhiver-ces-francais-qui-ont-termine-la-saison-de-coupe-du-monde-sur-un-podium\/\" class=\"vlp-link\" title=\"Sports d&#039;hiver : Ces Fran\u00e7ais qui ont termin\u00e9 la saison de Coupe du monde sur un podium\"><\/a><div class=\"vlp-layout-zone-side\"><div class=\"vlp-block-4 vlp-link-image\"><img loading=\"lazy\" decoding=\"async\" style=\"max-width: 792px;\" width=\"792\" height=\"445\" src=\"https:\/\/dicodusport.fr\/blog\/wp-content\/uploads\/2025\/04\/Sports-dhiver-Ces-Francais-qui-ont-termine-la-saison-de-Coupe-du-monde-sur-un-podium.png\" class=\"attachment-800x445 size-800x445\" alt=\"Sports d&#039;hiver : Ces Fran\u00e7ais qui ont termin\u00e9 la saison de Coupe du monde sur un podium\" srcset=\"https:\/\/dicodusport.fr\/blog\/wp-content\/uploads\/2025\/04\/Sports-dhiver-Ces-Francais-qui-ont-termine-la-saison-de-Coupe-du-monde-sur-un-podium.png 1200w, https:\/\/dicodusport.fr\/blog\/wp-content\/uploads\/2025\/04\/Sports-dhiver-Ces-Francais-qui-ont-termine-la-saison-de-Coupe-du-monde-sur-un-podium-300x169.png 300w, https:\/\/dicodusport.fr\/blog\/wp-content\/uploads\/2025\/04\/Sports-dhiver-Ces-Francais-qui-ont-termine-la-saison-de-Coupe-du-monde-sur-un-podium-1024x575.png 1024w, https:\/\/dicodusport.fr\/blog\/wp-content\/uploads\/2025\/04\/Sports-dhiver-Ces-Francais-qui-ont-termine-la-saison-de-Coupe-du-monde-sur-un-podium-768x431.png 768w\" sizes=\"auto, (max-width: 792px) 100vw, 792px\" \/><\/div><\/div><div class=\"vlp-layout-zone-main\"><div class=\"vlp-block-0 vlp-link-title\">Sports d'hiver : Ces Fran\u00e7ais qui ont termin\u00e9 la saison de Coupe du monde sur un podium<\/div><div class=\"vlp-block-1 vlp-link-summary\">SPORTS D\u2019HIVER \u2013 La derni\u00e8re Coupe du monde s\u2019\u00e9tant cl\u00f4tur\u00e9e ce weekend (ski alpinisme), il est temps d\u2019\u00e9tablir le bilan complet des Fran\u00e7ais qui ont brill\u00e9, en se hissant sur le podium final du g\u00e9n\u00e9ral, ou d\u2019une s\u00e9pcialit\u00e9. Entre habitu\u00e9s du haut niveau et jeunes espoirs en pleine \u00e9closion, le bilan global est positif pour les sports d\u2019hiver fran\u00e7ais \u00e0 moins d\u2019un an des Jeux Olympiques.<\/div><div class=\"vlp-block-2 vlp-link-button\">Lire l'article<\/div><div class=\"vlp-block-3 vlp-link-url\">dicodusport.fr<\/div><\/div><\/div>\n","protected":false},"excerpt":{"rendered":"<p>SAISON SKI ALPIN 2025\/2026 &#8211; Une semaine apr\u00e8s une premi\u00e8re salve, la FFS a poursuivi le d\u00e9voilement de ses diff\u00e9rentes \u00e9quipes de France en vue de la saison 2025\/2026, avec notamment le ski alpin en t\u00eate de gondole.<\/p>\n","protected":false},"author":55,"featured_media":576835,"comment_status":"open","ping_status":"closed","sticky":false,"template":"","format":"standard","meta":{"_acf_changed":false,"_daextam_enable_autolinks":"1","footnotes":""},"categories":[9217],"tags":[16878,36976,2233,2947,3022],"class_list":["post-576833","post","type-post","status-publish","format-standard","has-post-thumbnail","hentry","category-ski","tag-breve","tag-cyprien-sarrazin","tag-ski-alpin","tag-skicross","tag-snowboardcross"],"acf":[],"yoast_head":"<!-- This site is optimized with the Yoast SEO Premium plugin v26.7 (Yoast SEO v26.7) - https:\/\/yoast.com\/wordpress\/plugins\/seo\/ -->\n<title>Ski alpin : Les \u00e9quipes de France pour la saison 2025-2026<\/title>\n<meta name=\"description\" content=\"SAISON SKI ALPIN 2025\/2026 - Une semaine apr\u00e8s une premi\u00e8re salve, la FFS a poursuivi le d\u00e9voilement de ses diff\u00e9rentes \u00e9quipes de France.\" \/>\n<meta name=\"robots\" content=\"index, follow, max-snippet:-1, max-image-preview:large, max-video-preview:-1\" \/>\n<link rel=\"canonical\" href=\"https:\/\/dicodusport.fr\/blog\/ski-alpin-les-equipes-de-france-pour-la-saison-2025-2026\/\" \/>\n<meta property=\"og:locale\" content=\"fr_FR\" \/>\n<meta property=\"og:type\" content=\"article\" \/>\n<meta property=\"og:title\" content=\"Ski alpin : Les \u00e9quipes de France pour la saison 2025-2026\" \/>\n<meta property=\"og:description\" content=\"SAISON SKI ALPIN 2025\/2026 - Une semaine apr\u00e8s une premi\u00e8re salve, la FFS a poursuivi le d\u00e9voilement de ses diff\u00e9rentes \u00e9quipes de France.\" \/>\n<meta property=\"og:url\" content=\"https:\/\/dicodusport.fr\/blog\/ski-alpin-les-equipes-de-france-pour-la-saison-2025-2026\/\" \/>\n<meta property=\"og:site_name\" content=\"Dicodusport\" \/>\n<meta property=\"article:publisher\" content=\"https:\/\/www.facebook.com\/dicodusport\" \/>\n<meta property=\"article:published_time\" content=\"2025-05-05T14:14:19+00:00\" \/>\n<meta property=\"article:modified_time\" content=\"2025-08-06T16:39:15+00:00\" \/>\n<meta property=\"og:image\" content=\"https:\/\/dicodusport.fr\/blog\/wp-content\/uploads\/2025\/05\/Ski-alpin-Les-equipes-de-France-pour-la-saison-2025-2026.png\" \/>\n\t<meta property=\"og:image:width\" content=\"1200\" \/>\n\t<meta property=\"og:image:height\" content=\"674\" \/>\n\t<meta property=\"og:image:type\" content=\"image\/png\" \/>\n<meta name=\"author\" content=\"Maxime Cazenave\" \/>\n<meta name=\"twitter:card\" content=\"summary_large_image\" \/>\n<meta name=\"twitter:title\" content=\"Ski alpin : Les \u00e9quipes de France pour la saison 2025-2026\" \/>\n<meta name=\"twitter:creator\" content=\"@https:\/\/twitter.com\/Maxime_Caze\" \/>\n<meta name=\"twitter:site\" content=\"@dicodusport\" \/>\n<script type=\"application\/ld+json\" class=\"yoast-schema-graph\">{\"@context\":\"https:\/\/schema.org\",\"@graph\":[{\"@type\":\"NewsArticle\",\"@id\":\"https:\/\/dicodusport.fr\/blog\/ski-alpin-les-equipes-de-france-pour-la-saison-2025-2026\/#article\",\"isPartOf\":{\"@id\":\"https:\/\/dicodusport.fr\/blog\/ski-alpin-les-equipes-de-france-pour-la-saison-2025-2026\/\"},\"author\":{\"name\":\"Maxime Cazenave\",\"@id\":\"https:\/\/dicodusport.fr\/blog\/#\/schema\/person\/37def232098a7a5cbab3974a3690abb0\"},\"headline\":\"Ski alpin : Les \u00e9quipes de France pour la saison 2025-2026\",\"datePublished\":\"2025-05-05T14:14:19+00:00\",\"dateModified\":\"2025-08-06T16:39:15+00:00\",\"mainEntityOfPage\":{\"@id\":\"https:\/\/dicodusport.fr\/blog\/ski-alpin-les-equipes-de-france-pour-la-saison-2025-2026\/\"},\"wordCount\":1060,\"commentCount\":0,\"publisher\":{\"@id\":\"https:\/\/dicodusport.fr\/blog\/#organization\"},\"image\":{\"@id\":\"https:\/\/dicodusport.fr\/blog\/ski-alpin-les-equipes-de-france-pour-la-saison-2025-2026\/#primaryimage\"},\"thumbnailUrl\":\"https:\/\/dicodusport.fr\/blog\/wp-content\/uploads\/2025\/05\/Ski-alpin-Les-equipes-de-France-pour-la-saison-2025-2026.png\",\"keywords\":[\"br\u00e8ve\",\"Cyprien Sarrazin\",\"Ski alpin\",\"skicross\",\"snowboardcross\"],\"articleSection\":[\"Ski\"],\"inLanguage\":\"fr-FR\",\"potentialAction\":[{\"@type\":\"CommentAction\",\"name\":\"Comment\",\"target\":[\"https:\/\/dicodusport.fr\/blog\/ski-alpin-les-equipes-de-france-pour-la-saison-2025-2026\/#respond\"]}],\"copyrightYear\":\"2025\",\"copyrightHolder\":{\"@id\":\"https:\/\/dicodusport.fr\/blog\/#organization\"}},{\"@type\":\"WebPage\",\"@id\":\"https:\/\/dicodusport.fr\/blog\/ski-alpin-les-equipes-de-france-pour-la-saison-2025-2026\/\",\"url\":\"https:\/\/dicodusport.fr\/blog\/ski-alpin-les-equipes-de-france-pour-la-saison-2025-2026\/\",\"name\":\"Ski alpin : Les \u00e9quipes de France pour la saison 2025-2026\",\"isPartOf\":{\"@id\":\"https:\/\/dicodusport.fr\/blog\/#website\"},\"primaryImageOfPage\":{\"@id\":\"https:\/\/dicodusport.fr\/blog\/ski-alpin-les-equipes-de-france-pour-la-saison-2025-2026\/#primaryimage\"},\"image\":{\"@id\":\"https:\/\/dicodusport.fr\/blog\/ski-alpin-les-equipes-de-france-pour-la-saison-2025-2026\/#primaryimage\"},\"thumbnailUrl\":\"https:\/\/dicodusport.fr\/blog\/wp-content\/uploads\/2025\/05\/Ski-alpin-Les-equipes-de-France-pour-la-saison-2025-2026.png\",\"datePublished\":\"2025-05-05T14:14:19+00:00\",\"dateModified\":\"2025-08-06T16:39:15+00:00\",\"description\":\"SAISON SKI ALPIN 2025\/2026 - Une semaine apr\u00e8s une premi\u00e8re salve, la FFS a poursuivi le d\u00e9voilement de ses diff\u00e9rentes \u00e9quipes de France.\",\"breadcrumb\":{\"@id\":\"https:\/\/dicodusport.fr\/blog\/ski-alpin-les-equipes-de-france-pour-la-saison-2025-2026\/#breadcrumb\"},\"inLanguage\":\"fr-FR\",\"potentialAction\":[{\"@type\":\"ReadAction\",\"target\":[\"https:\/\/dicodusport.fr\/blog\/ski-alpin-les-equipes-de-france-pour-la-saison-2025-2026\/\"]}]},{\"@type\":\"ImageObject\",\"inLanguage\":\"fr-FR\",\"@id\":\"https:\/\/dicodusport.fr\/blog\/ski-alpin-les-equipes-de-france-pour-la-saison-2025-2026\/#primaryimage\",\"url\":\"https:\/\/dicodusport.fr\/blog\/wp-content\/uploads\/2025\/05\/Ski-alpin-Les-equipes-de-France-pour-la-saison-2025-2026.png\",\"contentUrl\":\"https:\/\/dicodusport.fr\/blog\/wp-content\/uploads\/2025\/05\/Ski-alpin-Les-equipes-de-France-pour-la-saison-2025-2026.png\",\"width\":1200,\"height\":674,\"caption\":\"Ski alpin : Les \u00e9quipes de France pour la saison 2025-2026\"},{\"@type\":\"BreadcrumbList\",\"@id\":\"https:\/\/dicodusport.fr\/blog\/ski-alpin-les-equipes-de-france-pour-la-saison-2025-2026\/#breadcrumb\",\"itemListElement\":[{\"@type\":\"ListItem\",\"position\":1,\"name\":\"Accueil\",\"item\":\"https:\/\/dicodusport.fr\/blog\/\"},{\"@type\":\"ListItem\",\"position\":2,\"name\":\"Ski alpin : Les \u00e9quipes de France pour la saison 2025-2026\"}]},{\"@type\":\"WebSite\",\"@id\":\"https:\/\/dicodusport.fr\/blog\/#website\",\"url\":\"https:\/\/dicodusport.fr\/blog\/\",\"name\":\"Dicodusport\",\"description\":\"L&#039;encyclop\u00e9die de l&#039;actualit\u00e9 sportive\",\"publisher\":{\"@id\":\"https:\/\/dicodusport.fr\/blog\/#organization\"},\"potentialAction\":[{\"@type\":\"SearchAction\",\"target\":{\"@type\":\"EntryPoint\",\"urlTemplate\":\"https:\/\/dicodusport.fr\/blog\/?s={search_term_string}\"},\"query-input\":{\"@type\":\"PropertyValueSpecification\",\"valueRequired\":true,\"valueName\":\"search_term_string\"}}],\"inLanguage\":\"fr-FR\"},{\"@type\":\"NewsMediaOrganization\",\"@id\":\"https:\/\/dicodusport.fr\/blog\/#organization\",\"name\":\"Dicodusport\",\"url\":\"https:\/\/dicodusport.fr\/blog\/\",\"logo\":{\"@type\":\"ImageObject\",\"inLanguage\":\"fr-FR\",\"@id\":\"https:\/\/dicodusport.fr\/blog\/#\/schema\/logo\/image\/\",\"url\":\"https:\/\/dicodusport.fr\/blog\/wp-content\/uploads\/2020\/06\/cropped-LOGO-DICODUSPORT-2020-SANS-FOND-SANS-TEXTE.png\",\"contentUrl\":\"https:\/\/dicodusport.fr\/blog\/wp-content\/uploads\/2020\/06\/cropped-LOGO-DICODUSPORT-2020-SANS-FOND-SANS-TEXTE.png\",\"width\":512,\"height\":512,\"caption\":\"Dicodusport\"},\"image\":{\"@id\":\"https:\/\/dicodusport.fr\/blog\/#\/schema\/logo\/image\/\"},\"sameAs\":[\"https:\/\/www.facebook.com\/dicodusport\",\"https:\/\/x.com\/dicodusport\",\"https:\/\/www.instagram.com\/dicodusport\/\",\"https:\/\/www.youtube.com\/channel\/UC7V2KZ5sd3htJivAbA4ZG3w\"],\"description\":\"Dicodusport est l'encyclop\u00e9die de l'actualit\u00e9 sportive.\",\"email\":\"bonjour@dicodusport.fr\",\"legalName\":\"DICODUSPORT\",\"foundingDate\":\"2018-01-14\",\"vatID\":\"FR71834470973\",\"taxID\":\"83447097300043\",\"numberOfEmployees\":{\"@type\":\"QuantitativeValue\",\"minValue\":\"1\",\"maxValue\":\"10\"}},{\"@type\":\"Person\",\"@id\":\"https:\/\/dicodusport.fr\/blog\/#\/schema\/person\/37def232098a7a5cbab3974a3690abb0\",\"name\":\"Maxime Cazenave\",\"image\":{\"@type\":\"ImageObject\",\"inLanguage\":\"fr-FR\",\"@id\":\"https:\/\/dicodusport.fr\/blog\/#\/schema\/person\/image\/\",\"url\":\"https:\/\/dicodusport.fr\/blog\/wp-content\/uploads\/2021\/05\/Maxime-Cazenave-150x150.jpg\",\"contentUrl\":\"https:\/\/dicodusport.fr\/blog\/wp-content\/uploads\/2021\/05\/Maxime-Cazenave-150x150.jpg\",\"caption\":\"Maxime Cazenave\"},\"description\":\"Journaliste\/R\u00e9dacteur depuis 2012 - Berc\u00e9 par l\u2019amour des Girondins de Bordeaux, les \u00e9checs de Christophe Moreau sur le Tour de France sous l'\u00e8re Lance Armstrong et le fade-away l\u00e9tal de Dirk Nowitzki, ma passion d\u00e9vorante pour le sport a toujours \u00e9t\u00e9 un pan incontournable de ma vie. Transmettre ma passion \u00e0 l\u2019\u00e9crit a \u00e9t\u00e9 une transition naturelle. Suiveur assidu de basket et de hockey sur glace, je garde toujours un peu de place pour suivre le cyclisme, le football et le maximum de performances fran\u00e7aises.\",\"sameAs\":[\"https:\/\/x.com\/https:\/\/twitter.com\/Maxime_Caze\"],\"url\":\"https:\/\/dicodusport.fr\/blog\/author\/maximec\/\"}]}<\/script>\n<!-- \/ Yoast SEO Premium plugin. -->","yoast_head_json":{"title":"Ski alpin : Les \u00e9quipes de France pour la saison 2025-2026","description":"SAISON SKI ALPIN 2025\/2026 - Une semaine apr\u00e8s une premi\u00e8re salve, la FFS a poursuivi le d\u00e9voilement de ses diff\u00e9rentes \u00e9quipes de France.","robots":{"index":"index","follow":"follow","max-snippet":"max-snippet:-1","max-image-preview":"max-image-preview:large","max-video-preview":"max-video-preview:-1"},"canonical":"https:\/\/dicodusport.fr\/blog\/ski-alpin-les-equipes-de-france-pour-la-saison-2025-2026\/","og_locale":"fr_FR","og_type":"article","og_title":"Ski alpin : Les \u00e9quipes de France pour la saison 2025-2026","og_description":"SAISON SKI ALPIN 2025\/2026 - Une semaine apr\u00e8s une premi\u00e8re salve, la FFS a poursuivi le d\u00e9voilement de ses diff\u00e9rentes \u00e9quipes de France.","og_url":"https:\/\/dicodusport.fr\/blog\/ski-alpin-les-equipes-de-france-pour-la-saison-2025-2026\/","og_site_name":"Dicodusport","article_publisher":"https:\/\/www.facebook.com\/dicodusport","article_published_time":"2025-05-05T14:14:19+00:00","article_modified_time":"2025-08-06T16:39:15+00:00","og_image":[{"width":1200,"height":674,"url":"https:\/\/dicodusport.fr\/blog\/wp-content\/uploads\/2025\/05\/Ski-alpin-Les-equipes-de-France-pour-la-saison-2025-2026.png","type":"image\/png"}],"author":"Maxime Cazenave","twitter_card":"summary_large_image","twitter_title":"Ski alpin : Les \u00e9quipes de France pour la saison 2025-2026","twitter_creator":"@https:\/\/twitter.com\/Maxime_Caze","twitter_site":"@dicodusport","schema":{"@context":"https:\/\/schema.org","@graph":[{"@type":"NewsArticle","@id":"https:\/\/dicodusport.fr\/blog\/ski-alpin-les-equipes-de-france-pour-la-saison-2025-2026\/#article","isPartOf":{"@id":"https:\/\/dicodusport.fr\/blog\/ski-alpin-les-equipes-de-france-pour-la-saison-2025-2026\/"},"author":{"name":"Maxime Cazenave","@id":"https:\/\/dicodusport.fr\/blog\/#\/schema\/person\/37def232098a7a5cbab3974a3690abb0"},"headline":"Ski alpin : Les \u00e9quipes de France pour la saison 2025-2026","datePublished":"2025-05-05T14:14:19+00:00","dateModified":"2025-08-06T16:39:15+00:00","mainEntityOfPage":{"@id":"https:\/\/dicodusport.fr\/blog\/ski-alpin-les-equipes-de-france-pour-la-saison-2025-2026\/"},"wordCount":1060,"commentCount":0,"publisher":{"@id":"https:\/\/dicodusport.fr\/blog\/#organization"},"image":{"@id":"https:\/\/dicodusport.fr\/blog\/ski-alpin-les-equipes-de-france-pour-la-saison-2025-2026\/#primaryimage"},"thumbnailUrl":"https:\/\/dicodusport.fr\/blog\/wp-content\/uploads\/2025\/05\/Ski-alpin-Les-equipes-de-France-pour-la-saison-2025-2026.png","keywords":["br\u00e8ve","Cyprien Sarrazin","Ski alpin","skicross","snowboardcross"],"articleSection":["Ski"],"inLanguage":"fr-FR","potentialAction":[{"@type":"CommentAction","name":"Comment","target":["https:\/\/dicodusport.fr\/blog\/ski-alpin-les-equipes-de-france-pour-la-saison-2025-2026\/#respond"]}],"copyrightYear":"2025","copyrightHolder":{"@id":"https:\/\/dicodusport.fr\/blog\/#organization"}},{"@type":"WebPage","@id":"https:\/\/dicodusport.fr\/blog\/ski-alpin-les-equipes-de-france-pour-la-saison-2025-2026\/","url":"https:\/\/dicodusport.fr\/blog\/ski-alpin-les-equipes-de-france-pour-la-saison-2025-2026\/","name":"Ski alpin : Les \u00e9quipes de France pour la saison 2025-2026","isPartOf":{"@id":"https:\/\/dicodusport.fr\/blog\/#website"},"primaryImageOfPage":{"@id":"https:\/\/dicodusport.fr\/blog\/ski-alpin-les-equipes-de-france-pour-la-saison-2025-2026\/#primaryimage"},"image":{"@id":"https:\/\/dicodusport.fr\/blog\/ski-alpin-les-equipes-de-france-pour-la-saison-2025-2026\/#primaryimage"},"thumbnailUrl":"https:\/\/dicodusport.fr\/blog\/wp-content\/uploads\/2025\/05\/Ski-alpin-Les-equipes-de-France-pour-la-saison-2025-2026.png","datePublished":"2025-05-05T14:14:19+00:00","dateModified":"2025-08-06T16:39:15+00:00","description":"SAISON SKI ALPIN 2025\/2026 - Une semaine apr\u00e8s une premi\u00e8re salve, la FFS a poursuivi le d\u00e9voilement de ses diff\u00e9rentes \u00e9quipes de France.","breadcrumb":{"@id":"https:\/\/dicodusport.fr\/blog\/ski-alpin-les-equipes-de-france-pour-la-saison-2025-2026\/#breadcrumb"},"inLanguage":"fr-FR","potentialAction":[{"@type":"ReadAction","target":["https:\/\/dicodusport.fr\/blog\/ski-alpin-les-equipes-de-france-pour-la-saison-2025-2026\/"]}]},{"@type":"ImageObject","inLanguage":"fr-FR","@id":"https:\/\/dicodusport.fr\/blog\/ski-alpin-les-equipes-de-france-pour-la-saison-2025-2026\/#primaryimage","url":"https:\/\/dicodusport.fr\/blog\/wp-content\/uploads\/2025\/05\/Ski-alpin-Les-equipes-de-France-pour-la-saison-2025-2026.png","contentUrl":"https:\/\/dicodusport.fr\/blog\/wp-content\/uploads\/2025\/05\/Ski-alpin-Les-equipes-de-France-pour-la-saison-2025-2026.png","width":1200,"height":674,"caption":"Ski alpin : Les \u00e9quipes de France pour la saison 2025-2026"},{"@type":"BreadcrumbList","@id":"https:\/\/dicodusport.fr\/blog\/ski-alpin-les-equipes-de-france-pour-la-saison-2025-2026\/#breadcrumb","itemListElement":[{"@type":"ListItem","position":1,"name":"Accueil","item":"https:\/\/dicodusport.fr\/blog\/"},{"@type":"ListItem","position":2,"name":"Ski alpin : Les \u00e9quipes de France pour la saison 2025-2026"}]},{"@type":"WebSite","@id":"https:\/\/dicodusport.fr\/blog\/#website","url":"https:\/\/dicodusport.fr\/blog\/","name":"Dicodusport","description":"L&#039;encyclop\u00e9die de l&#039;actualit\u00e9 sportive","publisher":{"@id":"https:\/\/dicodusport.fr\/blog\/#organization"},"potentialAction":[{"@type":"SearchAction","target":{"@type":"EntryPoint","urlTemplate":"https:\/\/dicodusport.fr\/blog\/?s={search_term_string}"},"query-input":{"@type":"PropertyValueSpecification","valueRequired":true,"valueName":"search_term_string"}}],"inLanguage":"fr-FR"},{"@type":"NewsMediaOrganization","@id":"https:\/\/dicodusport.fr\/blog\/#organization","name":"Dicodusport","url":"https:\/\/dicodusport.fr\/blog\/","logo":{"@type":"ImageObject","inLanguage":"fr-FR","@id":"https:\/\/dicodusport.fr\/blog\/#\/schema\/logo\/image\/","url":"https:\/\/dicodusport.fr\/blog\/wp-content\/uploads\/2020\/06\/cropped-LOGO-DICODUSPORT-2020-SANS-FOND-SANS-TEXTE.png","contentUrl":"https:\/\/dicodusport.fr\/blog\/wp-content\/uploads\/2020\/06\/cropped-LOGO-DICODUSPORT-2020-SANS-FOND-SANS-TEXTE.png","width":512,"height":512,"caption":"Dicodusport"},"image":{"@id":"https:\/\/dicodusport.fr\/blog\/#\/schema\/logo\/image\/"},"sameAs":["https:\/\/www.facebook.com\/dicodusport","https:\/\/x.com\/dicodusport","https:\/\/www.instagram.com\/dicodusport\/","https:\/\/www.youtube.com\/channel\/UC7V2KZ5sd3htJivAbA4ZG3w"],"description":"Dicodusport est l'encyclop\u00e9die de l'actualit\u00e9 sportive.","email":"bonjour@dicodusport.fr","legalName":"DICODUSPORT","foundingDate":"2018-01-14","vatID":"FR71834470973","taxID":"83447097300043","numberOfEmployees":{"@type":"QuantitativeValue","minValue":"1","maxValue":"10"}},{"@type":"Person","@id":"https:\/\/dicodusport.fr\/blog\/#\/schema\/person\/37def232098a7a5cbab3974a3690abb0","name":"Maxime Cazenave","image":{"@type":"ImageObject","inLanguage":"fr-FR","@id":"https:\/\/dicodusport.fr\/blog\/#\/schema\/person\/image\/","url":"https:\/\/dicodusport.fr\/blog\/wp-content\/uploads\/2021\/05\/Maxime-Cazenave-150x150.jpg","contentUrl":"https:\/\/dicodusport.fr\/blog\/wp-content\/uploads\/2021\/05\/Maxime-Cazenave-150x150.jpg","caption":"Maxime Cazenave"},"description":"Journaliste\/R\u00e9dacteur depuis 2012 - Berc\u00e9 par l\u2019amour des Girondins de Bordeaux, les \u00e9checs de Christophe Moreau sur le Tour de France sous l'\u00e8re Lance Armstrong et le fade-away l\u00e9tal de Dirk Nowitzki, ma passion d\u00e9vorante pour le sport a toujours \u00e9t\u00e9 un pan incontournable de ma vie. Transmettre ma passion \u00e0 l\u2019\u00e9crit a \u00e9t\u00e9 une transition naturelle. Suiveur assidu de basket et de hockey sur glace, je garde toujours un peu de place pour suivre le cyclisme, le football et le maximum de performances fran\u00e7aises.","sameAs":["https:\/\/x.com\/https:\/\/twitter.com\/Maxime_Caze"],"url":"https:\/\/dicodusport.fr\/blog\/author\/maximec\/"}]}},"_links":{"self":[{"href":"https:\/\/dicodusport.fr\/blog\/wp-json\/wp\/v2\/posts\/576833","targetHints":{"allow":["GET"]}}],"collection":[{"href":"https:\/\/dicodusport.fr\/blog\/wp-json\/wp\/v2\/posts"}],"about":[{"href":"https:\/\/dicodusport.fr\/blog\/wp-json\/wp\/v2\/types\/post"}],"author":[{"embeddable":true,"href":"https:\/\/dicodusport.fr\/blog\/wp-json\/wp\/v2\/users\/55"}],"replies":[{"embeddable":true,"href":"https:\/\/dicodusport.fr\/blog\/wp-json\/wp\/v2\/comments?post=576833"}],"version-history":[{"count":3,"href":"https:\/\/dicodusport.fr\/blog\/wp-json\/wp\/v2\/posts\/576833\/revisions"}],"predecessor-version":[{"id":576844,"href":"https:\/\/dicodusport.fr\/blog\/wp-json\/wp\/v2\/posts\/576833\/revisions\/576844"}],"wp:featuredmedia":[{"embeddable":true,"href":"https:\/\/dicodusport.fr\/blog\/wp-json\/wp\/v2\/media\/576835"}],"wp:attachment":[{"href":"https:\/\/dicodusport.fr\/blog\/wp-json\/wp\/v2\/media?parent=576833"}],"wp:term":[{"taxonomy":"category","embeddable":true,"href":"https:\/\/dicodusport.fr\/blog\/wp-json\/wp\/v2\/categories?post=576833"},{"taxonomy":"post_tag","embeddable":true,"href":"https:\/\/dicodusport.fr\/blog\/wp-json\/wp\/v2\/tags?post=576833"}],"curies":[{"name":"wp","href":"https:\/\/api.w.org\/{rel}","templated":true}]}}