{"id":576838,"date":"2025-05-05T17:23:07","date_gmt":"2025-05-05T15:23:07","guid":{"rendered":"https:\/\/dicodusport.fr\/blog\/?p=576838&#038;preview=true&#038;preview_id=576838"},"modified":"2025-05-05T17:41:02","modified_gmt":"2025-05-05T15:41:02","slug":"vuelta-feminine-2025-marianne-vos-remporte-la-deuxieme-etape-au-sprint","status":"publish","type":"post","link":"https:\/\/dicodusport.fr\/blog\/vuelta-feminine-2025-marianne-vos-remporte-la-deuxieme-etape-au-sprint\/","title":{"rendered":"Vuelta f\u00e9minine 2025 : Marianne Vos remporte la deuxi\u00e8me \u00e9tape au sprint"},"content":{"rendered":"<h4 style=\"text-align: justify;\"><em>VUELTA F\u00c9MININE 2025 &#8211; Apr\u00e8s une \u00e9tape peu anim\u00e9e, Marianne Vos (Team Visma &#8211; Lease a Bike) r\u00e8gle facilement le sprint en faux plat montant \u00e0 Sant Boi de Llobregat. Letizia Paternoster (Liv AlUla Jayco) s&#8217;empare du maillot rouge.<\/em><\/h4>\n<ul style=\"text-align: justify;\">\n<li style=\"text-align: justify;\"><strong>\u00c0 ce sujet \u2013\u00a0<a href=\"https:\/\/dicodusport.fr\/blog\/actualites\/cyclisme\/cyclisme-sur-route-2025\/\">L\u2019actualit\u00e9 du cyclisme sur route<\/a><\/strong><\/li>\n<\/ul>\n<p style=\"text-align: justify;\">Il n&rsquo;y a pas eu trop de suspense \u00e0 l&rsquo;arriv\u00e9e de cette deuxi\u00e8me \u00e9tape de la Vuelta tant la N\u00e9erlandaise <strong>Marianne Vos<\/strong> (Team Visma &#8211; Lease a Bike) \u00e9tait au-dessus du lot. Elle s&rsquo;est rappel\u00e9e \u00e0 ses plus belles heures en dominant largement deux Italiennes, <strong>Letizia Paternoster<\/strong> (Liv AlUla Jayco) et <strong>Letizia Borghesi<\/strong> (EF Education &#8211; Oatly).<\/p>\n<p style=\"text-align: justify;\">La coureuse de 37 ans a b\u00e9n\u00e9fici\u00e9 d&rsquo;un travail parfait de ses deux \u00e9quipi\u00e8res <strong>Pauline Ferrand-Pr\u00e9vot<\/strong> et <strong>Imogen Wolff<\/strong> dans un final avec deux virages \u00e0 90 degr\u00e9s. Ainsi plac\u00e9e, <strong>Vos<\/strong> devenait irr\u00e9sistible pour s&rsquo;offrir sa 256\u00e8me victoire en carri\u00e8re. Elle pourra regretter la m\u00e9saventure de la veille, qui avait vu la Visma &#8211; Lease a Bike partir en retard sur le chrono par \u00e9quipes, ce qui l&#8217;emp\u00eache aujourd&rsquo;hui de prendre le maillot rouge, au b\u00e9n\u00e9fice de sa dauphine du jour <strong>Letizia Paternoster<\/strong>.<\/p>\n<h2 style=\"text-align: justify;\">Un premier GPM tr\u00e8s disput\u00e9<\/h2>\n<p style=\"text-align: justify;\">Auparavant, trois coureuses se sont d\u00e9tach\u00e9es d\u00e8s le kilom\u00e8tre z\u00e9ro. Sous une pluie battante, d\u00e9j\u00e0, <strong>Ariana Gilabert<\/strong> (Eneicat &#8211; CMTeam) a lanc\u00e9 les hostilit\u00e9s, bient\u00f4t rejointe par <strong>Debora Silvestri<\/strong> (Laboral Kutxa &#8211; Fundacion Euskadi) et <strong>Eugenia Bujak<\/strong> (Cofidis Women Team).<\/p>\n<ul style=\"text-align: justify;\">\n<li><strong>\u00c0 ce sujet \u2013\u00a0<a href=\"https:\/\/dicodusport.fr\/blog\/classement-general-vuelta-feminine-2025\/\">Classement g\u00e9n\u00e9ral Vuelta f\u00e9minine 2025<\/a><\/strong><\/li>\n<\/ul>\n<p style=\"text-align: justify;\">Malheureusement pour elles, les \u00e9chapp\u00e9es n&rsquo;ont pas fait long feu puisque beaucoup de filles \u00e9taient int\u00e9ress\u00e9es par le gain du premier maillot blanc \u00e0 pois rouges. Il fallait pour cela passer en t\u00eate de l&rsquo;Alto de la Creu d&rsquo;Aragall (9 km \u00e0 4,3%). L&rsquo;exp\u00e9riment\u00e9e grimpeuse espagnole <strong>Ana Santesteban<\/strong> a veng\u00e9 sa co\u00e9quipi\u00e8re <strong>Silvestri<\/strong> et apporte \u00e0 la petite \u00e9quipe Laboral Kutxa une jolie r\u00e9compense en devan\u00e7ant de jolis noms comme <strong>Justine Ghekiere<\/strong> (AG Insurance &#8211; Soudal Team) et <strong>Evita Muzic<\/strong> (FDJ-Suez).<\/p>\n<blockquote class=\"twitter-tweet\">\n<p dir=\"ltr\" lang=\"fr\">\ud83d\udc51 Il y a Marianne Vos et les autres ! La N\u00e9erlandaise (Visma-Lease a Bike) remporte la 2e \u00e9tape de <a href=\"https:\/\/twitter.com\/hashtag\/LaVueltaFemenina?src=hash&amp;ref_src=twsrc%5Etfw\">#LaVueltaFemenina<\/a> devant Letizia Paternoster et Letizia Borghesi <a href=\"https:\/\/twitter.com\/hashtag\/LesRP?src=hash&amp;ref_src=twsrc%5Etfw\">#LesRP<\/a> <a href=\"https:\/\/t.co\/jrKSqLrpCg\">pic.twitter.com\/jrKSqLrpCg<\/a><\/p>\n<p>\u2014 Eurosport France (@Eurosport_FR) <a href=\"https:\/\/twitter.com\/Eurosport_FR\/status\/1919413626097565749?ref_src=twsrc%5Etfw\">May 5, 2025<\/a><\/p><\/blockquote>\n<p style=\"text-align: justify;\"><script async src=\"https:\/\/platform.twitter.com\/widgets.js\" charset=\"utf-8\"><\/script><\/p>\n<h2 style=\"text-align: justify;\">Calme plat avant la temp\u00eate<\/h2>\n<p style=\"text-align: justify;\">Ensuite, la sieste s&rsquo;est apparemment impos\u00e9e dans le peloton puisqu&rsquo;aucun mouvement d&rsquo;envergure n&rsquo;a eu lieu sur les 60 km qui ont suivi malgr\u00e9 un profil malplat. Deux coureuses ont cependant tent\u00e9 une aventure solitaire rapidement avort\u00e9e : l&rsquo;Espagnole <strong>Ainara Albert<\/strong> (Eineicat &#8211; CMTeam) et l&rsquo;Allemande <strong>Lea Lin Teutenberg<\/strong> (Lotto Ladies). Alors que la malchanceuse <strong>Vittoria Guazzini<\/strong> go\u00fbtait de nouveau le bitume comme la veille, le sprint interm\u00e9diaire de Villafranca del Pened\u00e8s souriait \u00e0 la N\u00e9erlandaise <strong>Femke Gerritse<\/strong> (Team SD Worx &#8211; Protime) qui r\u00e9cup\u00e9rait la tunique rouge provisoirement pour une seconde.<\/p>\n<ul style=\"text-align: justify;\">\n<li><strong>\u00c0 ce sujet &#8211; <a href=\"https:\/\/dicodusport.fr\/blog\/2eme-etape-vuelta-feminine-2025-classement-et-resultats\/\">2\u00e8me \u00e9tape Vuelta f\u00e9minine 2025 \u2013 Classement et r\u00e9sultats<\/a><\/strong><\/li>\n<\/ul>\n<p style=\"text-align: justify;\">Puis, on a assist\u00e9 \u00e0 un final explosif et extr\u00eamement nerveux. Deux chutes successives ont eu lieu au sein du peloton \u00e0 15 km de l&rsquo;arriv\u00e9e. La premi\u00e8re a vu l&rsquo;implication de deux s\u00e9rieuses outsiders <strong>Neve Bradbury<\/strong> (CANYON\/\/SRAM zondakrypto) et la revenante <strong>Anna van der Breggen<\/strong> (Team SD Worx &#8211; Protime). La Suissesse <strong>Marlen Reusser<\/strong> (Movistar Team) prenait en charge la descente vers Sant Boi de Llobregat, rendant impossible toute vell\u00e9it\u00e9 offensive. Tout ce final mouvement\u00e9 a provoqu\u00e9 une cassure condamnant l&rsquo;ancienne maillot rouge <strong>Elle van Dijk<\/strong> (Lidl-Trek), mais \u00e9galement <strong>Bradbury.<\/strong><\/p>\n","protected":false},"excerpt":{"rendered":"<p>VUELTA F\u00c9MININE 2025 &#8211; Apr\u00e8s une \u00e9tape peu anim\u00e9e, Marianne Vos (Team Visma &#8211; Lease a Bike) r\u00e8gle facilement le sprint en faux plat montant \u00e0 Sant Boi de Llobregat.<\/p>\n","protected":false},"author":92,"featured_media":576866,"comment_status":"open","ping_status":"closed","sticky":false,"template":"","format":"standard","meta":{"_acf_changed":false,"_daextam_enable_autolinks":"1","footnotes":""},"categories":[46994],"tags":[3119,16878,32405,25655,35284],"class_list":["post-576838","post","type-post","status-publish","format-standard","has-post-thumbnail","hentry","category-cyclisme-sur-route","tag-actualite-cyclisme","tag-breve","tag-lidl-trek","tag-marianne-vos","tag-visma-lease-a-bike"],"acf":[],"yoast_head":"<!-- This site is optimized with the Yoast SEO Premium plugin v26.7 (Yoast SEO v26.7) - https:\/\/yoast.com\/wordpress\/plugins\/seo\/ -->\n<title>Vuelta f\u00e9minine 2025 : Marianne Vos remporte la deuxi\u00e8me \u00e9tape au sprint<\/title>\n<meta name=\"description\" content=\"VUELTA F\u00c9MININE 2025 - Apr\u00e8s une \u00e9tape peu anim\u00e9e, Marianne Vos (Team Visma - Lease a Bike) r\u00e8gle facilement le sprint en faux plat montant \u00e0 Sant Boi de Llobregat.\" \/>\n<meta name=\"robots\" content=\"index, follow, max-snippet:-1, max-image-preview:large, max-video-preview:-1\" \/>\n<link rel=\"canonical\" href=\"https:\/\/dicodusport.fr\/blog\/vuelta-feminine-2025-marianne-vos-remporte-la-deuxieme-etape-au-sprint\/\" \/>\n<meta property=\"og:locale\" content=\"fr_FR\" \/>\n<meta property=\"og:type\" content=\"article\" \/>\n<meta property=\"og:title\" content=\"Vuelta f\u00e9minine 2025 : Marianne Vos remporte la deuxi\u00e8me \u00e9tape au sprint\" \/>\n<meta property=\"og:description\" content=\"VUELTA F\u00c9MININE 2025 - Apr\u00e8s une \u00e9tape peu anim\u00e9e, Marianne Vos (Team Visma - Lease a Bike) r\u00e8gle facilement le sprint en faux plat montant \u00e0 Sant Boi de Llobregat.\" \/>\n<meta property=\"og:url\" content=\"https:\/\/dicodusport.fr\/blog\/vuelta-feminine-2025-marianne-vos-remporte-la-deuxieme-etape-au-sprint\/\" \/>\n<meta property=\"og:site_name\" content=\"Dicodusport\" \/>\n<meta property=\"article:publisher\" content=\"https:\/\/www.facebook.com\/dicodusport\" \/>\n<meta property=\"article:published_time\" content=\"2025-05-05T15:23:07+00:00\" \/>\n<meta property=\"article:modified_time\" content=\"2025-05-05T15:41:02+00:00\" \/>\n<meta property=\"og:image\" content=\"https:\/\/dicodusport.fr\/blog\/wp-content\/uploads\/2025\/05\/Vuelta-feminine-2025-Marianne-Vos-remporte-la-deuxieme-etape-au-sprint-1.png\" \/>\n\t<meta property=\"og:image:width\" content=\"1200\" \/>\n\t<meta property=\"og:image:height\" content=\"674\" \/>\n\t<meta property=\"og:image:type\" content=\"image\/png\" \/>\n<meta name=\"author\" content=\"Olivier Dobiezynski\" \/>\n<meta name=\"twitter:card\" content=\"summary_large_image\" \/>\n<meta name=\"twitter:title\" content=\"Vuelta f\u00e9minine 2025 : Marianne Vos remporte la deuxi\u00e8me \u00e9tape au sprint\" \/>\n<meta name=\"twitter:creator\" content=\"@https:\/\/x.com\/Olivier_Matros\" \/>\n<meta name=\"twitter:site\" content=\"@dicodusport\" \/>\n<script type=\"application\/ld+json\" class=\"yoast-schema-graph\">{\"@context\":\"https:\/\/schema.org\",\"@graph\":[{\"@type\":\"NewsArticle\",\"@id\":\"https:\/\/dicodusport.fr\/blog\/vuelta-feminine-2025-marianne-vos-remporte-la-deuxieme-etape-au-sprint\/#article\",\"isPartOf\":{\"@id\":\"https:\/\/dicodusport.fr\/blog\/vuelta-feminine-2025-marianne-vos-remporte-la-deuxieme-etape-au-sprint\/\"},\"author\":{\"name\":\"Olivier Dobiezynski\",\"@id\":\"https:\/\/dicodusport.fr\/blog\/#\/schema\/person\/fe500246414ca17ddf0c0312d7a792cc\"},\"headline\":\"Vuelta f\u00e9minine 2025 : Marianne Vos remporte la deuxi\u00e8me \u00e9tape au sprint\",\"datePublished\":\"2025-05-05T15:23:07+00:00\",\"dateModified\":\"2025-05-05T15:41:02+00:00\",\"mainEntityOfPage\":{\"@id\":\"https:\/\/dicodusport.fr\/blog\/vuelta-feminine-2025-marianne-vos-remporte-la-deuxieme-etape-au-sprint\/\"},\"wordCount\":626,\"commentCount\":0,\"publisher\":{\"@id\":\"https:\/\/dicodusport.fr\/blog\/#organization\"},\"image\":{\"@id\":\"https:\/\/dicodusport.fr\/blog\/vuelta-feminine-2025-marianne-vos-remporte-la-deuxieme-etape-au-sprint\/#primaryimage\"},\"thumbnailUrl\":\"https:\/\/dicodusport.fr\/blog\/wp-content\/uploads\/2025\/05\/Vuelta-feminine-2025-Marianne-Vos-remporte-la-deuxieme-etape-au-sprint-1.png\",\"keywords\":[\"Actualit\u00e9 Cyclisme\",\"br\u00e8ve\",\"Lidl-Trek\",\"Marianne Vos\",\"Visma - Lease a Bike\"],\"articleSection\":[\"Cyclisme sur route\"],\"inLanguage\":\"fr-FR\",\"potentialAction\":[{\"@type\":\"CommentAction\",\"name\":\"Comment\",\"target\":[\"https:\/\/dicodusport.fr\/blog\/vuelta-feminine-2025-marianne-vos-remporte-la-deuxieme-etape-au-sprint\/#respond\"]}],\"copyrightYear\":\"2025\",\"copyrightHolder\":{\"@id\":\"https:\/\/dicodusport.fr\/blog\/#organization\"}},{\"@type\":\"WebPage\",\"@id\":\"https:\/\/dicodusport.fr\/blog\/vuelta-feminine-2025-marianne-vos-remporte-la-deuxieme-etape-au-sprint\/\",\"url\":\"https:\/\/dicodusport.fr\/blog\/vuelta-feminine-2025-marianne-vos-remporte-la-deuxieme-etape-au-sprint\/\",\"name\":\"Vuelta f\u00e9minine 2025 : Marianne Vos remporte la deuxi\u00e8me \u00e9tape au sprint\",\"isPartOf\":{\"@id\":\"https:\/\/dicodusport.fr\/blog\/#website\"},\"primaryImageOfPage\":{\"@id\":\"https:\/\/dicodusport.fr\/blog\/vuelta-feminine-2025-marianne-vos-remporte-la-deuxieme-etape-au-sprint\/#primaryimage\"},\"image\":{\"@id\":\"https:\/\/dicodusport.fr\/blog\/vuelta-feminine-2025-marianne-vos-remporte-la-deuxieme-etape-au-sprint\/#primaryimage\"},\"thumbnailUrl\":\"https:\/\/dicodusport.fr\/blog\/wp-content\/uploads\/2025\/05\/Vuelta-feminine-2025-Marianne-Vos-remporte-la-deuxieme-etape-au-sprint-1.png\",\"datePublished\":\"2025-05-05T15:23:07+00:00\",\"dateModified\":\"2025-05-05T15:41:02+00:00\",\"description\":\"VUELTA F\u00c9MININE 2025 - Apr\u00e8s une \u00e9tape peu anim\u00e9e, Marianne Vos (Team Visma - Lease a Bike) r\u00e8gle facilement le sprint en faux plat montant \u00e0 Sant Boi de Llobregat.\",\"breadcrumb\":{\"@id\":\"https:\/\/dicodusport.fr\/blog\/vuelta-feminine-2025-marianne-vos-remporte-la-deuxieme-etape-au-sprint\/#breadcrumb\"},\"inLanguage\":\"fr-FR\",\"potentialAction\":[{\"@type\":\"ReadAction\",\"target\":[\"https:\/\/dicodusport.fr\/blog\/vuelta-feminine-2025-marianne-vos-remporte-la-deuxieme-etape-au-sprint\/\"]}]},{\"@type\":\"ImageObject\",\"inLanguage\":\"fr-FR\",\"@id\":\"https:\/\/dicodusport.fr\/blog\/vuelta-feminine-2025-marianne-vos-remporte-la-deuxieme-etape-au-sprint\/#primaryimage\",\"url\":\"https:\/\/dicodusport.fr\/blog\/wp-content\/uploads\/2025\/05\/Vuelta-feminine-2025-Marianne-Vos-remporte-la-deuxieme-etape-au-sprint-1.png\",\"contentUrl\":\"https:\/\/dicodusport.fr\/blog\/wp-content\/uploads\/2025\/05\/Vuelta-feminine-2025-Marianne-Vos-remporte-la-deuxieme-etape-au-sprint-1.png\",\"width\":1200,\"height\":674,\"caption\":\"Vuelta f\u00e9minine 2025 Marianne Vos remporte la deuxi\u00e8me \u00e9tape au sprint\"},{\"@type\":\"BreadcrumbList\",\"@id\":\"https:\/\/dicodusport.fr\/blog\/vuelta-feminine-2025-marianne-vos-remporte-la-deuxieme-etape-au-sprint\/#breadcrumb\",\"itemListElement\":[{\"@type\":\"ListItem\",\"position\":1,\"name\":\"Accueil\",\"item\":\"https:\/\/dicodusport.fr\/blog\/\"},{\"@type\":\"ListItem\",\"position\":2,\"name\":\"Vuelta f\u00e9minine 2025 : Marianne Vos remporte la deuxi\u00e8me \u00e9tape au sprint\"}]},{\"@type\":\"WebSite\",\"@id\":\"https:\/\/dicodusport.fr\/blog\/#website\",\"url\":\"https:\/\/dicodusport.fr\/blog\/\",\"name\":\"Dicodusport\",\"description\":\"L&#039;encyclop\u00e9die de l&#039;actualit\u00e9 sportive\",\"publisher\":{\"@id\":\"https:\/\/dicodusport.fr\/blog\/#organization\"},\"potentialAction\":[{\"@type\":\"SearchAction\",\"target\":{\"@type\":\"EntryPoint\",\"urlTemplate\":\"https:\/\/dicodusport.fr\/blog\/?s={search_term_string}\"},\"query-input\":{\"@type\":\"PropertyValueSpecification\",\"valueRequired\":true,\"valueName\":\"search_term_string\"}}],\"inLanguage\":\"fr-FR\"},{\"@type\":\"NewsMediaOrganization\",\"@id\":\"https:\/\/dicodusport.fr\/blog\/#organization\",\"name\":\"Dicodusport\",\"url\":\"https:\/\/dicodusport.fr\/blog\/\",\"logo\":{\"@type\":\"ImageObject\",\"inLanguage\":\"fr-FR\",\"@id\":\"https:\/\/dicodusport.fr\/blog\/#\/schema\/logo\/image\/\",\"url\":\"https:\/\/dicodusport.fr\/blog\/wp-content\/uploads\/2020\/06\/cropped-LOGO-DICODUSPORT-2020-SANS-FOND-SANS-TEXTE.png\",\"contentUrl\":\"https:\/\/dicodusport.fr\/blog\/wp-content\/uploads\/2020\/06\/cropped-LOGO-DICODUSPORT-2020-SANS-FOND-SANS-TEXTE.png\",\"width\":512,\"height\":512,\"caption\":\"Dicodusport\"},\"image\":{\"@id\":\"https:\/\/dicodusport.fr\/blog\/#\/schema\/logo\/image\/\"},\"sameAs\":[\"https:\/\/www.facebook.com\/dicodusport\",\"https:\/\/x.com\/dicodusport\",\"https:\/\/www.instagram.com\/dicodusport\/\",\"https:\/\/www.youtube.com\/channel\/UC7V2KZ5sd3htJivAbA4ZG3w\"],\"description\":\"Dicodusport est l'encyclop\u00e9die de l'actualit\u00e9 sportive.\",\"email\":\"bonjour@dicodusport.fr\",\"legalName\":\"DICODUSPORT\",\"foundingDate\":\"2018-01-14\",\"vatID\":\"FR71834470973\",\"taxID\":\"83447097300043\",\"numberOfEmployees\":{\"@type\":\"QuantitativeValue\",\"minValue\":\"1\",\"maxValue\":\"10\"}},{\"@type\":\"Person\",\"@id\":\"https:\/\/dicodusport.fr\/blog\/#\/schema\/person\/fe500246414ca17ddf0c0312d7a792cc\",\"name\":\"Olivier Dobiezynski\",\"image\":{\"@type\":\"ImageObject\",\"inLanguage\":\"fr-FR\",\"@id\":\"https:\/\/dicodusport.fr\/blog\/#\/schema\/person\/image\/\",\"url\":\"https:\/\/dicodusport.fr\/blog\/wp-content\/uploads\/2024\/09\/5be8fe8d-9962-4f1e-ad06-d6f9dee30e6d-150x150.jpg\",\"contentUrl\":\"https:\/\/dicodusport.fr\/blog\/wp-content\/uploads\/2024\/09\/5be8fe8d-9962-4f1e-ad06-d6f9dee30e6d-150x150.jpg\",\"caption\":\"Olivier Dobiezynski\"},\"description\":\"Depuis le milieu des ann\u00e9es 90, la passion du cyclisme m'anime. Mes h\u00e9ros s'appellent Luc Leblanc, Piotr Ugrumov, Paolo Savoldelli, Peter Sagan et bien \u00e9videmment Romain Bardet. R\u00e9dacteur depuis 2023, je suis ici pour partager cet amour de la Petite Reine. Vous pourrez me lire \u00e9galement sur du trail, du ski de fond et tout autre sujet susceptible d'\u00e9veiller ma curiosit\u00e9 sportive.\",\"sameAs\":[\"https:\/\/x.com\/https:\/\/x.com\/Olivier_Matros\"],\"url\":\"https:\/\/dicodusport.fr\/blog\/author\/olivier-gh\/\"}]}<\/script>\n<!-- \/ Yoast SEO Premium plugin. -->","yoast_head_json":{"title":"Vuelta f\u00e9minine 2025 : Marianne Vos remporte la deuxi\u00e8me \u00e9tape au sprint","description":"VUELTA F\u00c9MININE 2025 - Apr\u00e8s une \u00e9tape peu anim\u00e9e, Marianne Vos (Team Visma - Lease a Bike) r\u00e8gle facilement le sprint en faux plat montant \u00e0 Sant Boi de Llobregat.","robots":{"index":"index","follow":"follow","max-snippet":"max-snippet:-1","max-image-preview":"max-image-preview:large","max-video-preview":"max-video-preview:-1"},"canonical":"https:\/\/dicodusport.fr\/blog\/vuelta-feminine-2025-marianne-vos-remporte-la-deuxieme-etape-au-sprint\/","og_locale":"fr_FR","og_type":"article","og_title":"Vuelta f\u00e9minine 2025 : Marianne Vos remporte la deuxi\u00e8me \u00e9tape au sprint","og_description":"VUELTA F\u00c9MININE 2025 - Apr\u00e8s une \u00e9tape peu anim\u00e9e, Marianne Vos (Team Visma - Lease a Bike) r\u00e8gle facilement le sprint en faux plat montant \u00e0 Sant Boi de Llobregat.","og_url":"https:\/\/dicodusport.fr\/blog\/vuelta-feminine-2025-marianne-vos-remporte-la-deuxieme-etape-au-sprint\/","og_site_name":"Dicodusport","article_publisher":"https:\/\/www.facebook.com\/dicodusport","article_published_time":"2025-05-05T15:23:07+00:00","article_modified_time":"2025-05-05T15:41:02+00:00","og_image":[{"width":1200,"height":674,"url":"https:\/\/dicodusport.fr\/blog\/wp-content\/uploads\/2025\/05\/Vuelta-feminine-2025-Marianne-Vos-remporte-la-deuxieme-etape-au-sprint-1.png","type":"image\/png"}],"author":"Olivier Dobiezynski","twitter_card":"summary_large_image","twitter_title":"Vuelta f\u00e9minine 2025 : Marianne Vos remporte la deuxi\u00e8me \u00e9tape au sprint","twitter_creator":"@https:\/\/x.com\/Olivier_Matros","twitter_site":"@dicodusport","schema":{"@context":"https:\/\/schema.org","@graph":[{"@type":"NewsArticle","@id":"https:\/\/dicodusport.fr\/blog\/vuelta-feminine-2025-marianne-vos-remporte-la-deuxieme-etape-au-sprint\/#article","isPartOf":{"@id":"https:\/\/dicodusport.fr\/blog\/vuelta-feminine-2025-marianne-vos-remporte-la-deuxieme-etape-au-sprint\/"},"author":{"name":"Olivier Dobiezynski","@id":"https:\/\/dicodusport.fr\/blog\/#\/schema\/person\/fe500246414ca17ddf0c0312d7a792cc"},"headline":"Vuelta f\u00e9minine 2025 : Marianne Vos remporte la deuxi\u00e8me \u00e9tape au sprint","datePublished":"2025-05-05T15:23:07+00:00","dateModified":"2025-05-05T15:41:02+00:00","mainEntityOfPage":{"@id":"https:\/\/dicodusport.fr\/blog\/vuelta-feminine-2025-marianne-vos-remporte-la-deuxieme-etape-au-sprint\/"},"wordCount":626,"commentCount":0,"publisher":{"@id":"https:\/\/dicodusport.fr\/blog\/#organization"},"image":{"@id":"https:\/\/dicodusport.fr\/blog\/vuelta-feminine-2025-marianne-vos-remporte-la-deuxieme-etape-au-sprint\/#primaryimage"},"thumbnailUrl":"https:\/\/dicodusport.fr\/blog\/wp-content\/uploads\/2025\/05\/Vuelta-feminine-2025-Marianne-Vos-remporte-la-deuxieme-etape-au-sprint-1.png","keywords":["Actualit\u00e9 Cyclisme","br\u00e8ve","Lidl-Trek","Marianne Vos","Visma - Lease a Bike"],"articleSection":["Cyclisme sur route"],"inLanguage":"fr-FR","potentialAction":[{"@type":"CommentAction","name":"Comment","target":["https:\/\/dicodusport.fr\/blog\/vuelta-feminine-2025-marianne-vos-remporte-la-deuxieme-etape-au-sprint\/#respond"]}],"copyrightYear":"2025","copyrightHolder":{"@id":"https:\/\/dicodusport.fr\/blog\/#organization"}},{"@type":"WebPage","@id":"https:\/\/dicodusport.fr\/blog\/vuelta-feminine-2025-marianne-vos-remporte-la-deuxieme-etape-au-sprint\/","url":"https:\/\/dicodusport.fr\/blog\/vuelta-feminine-2025-marianne-vos-remporte-la-deuxieme-etape-au-sprint\/","name":"Vuelta f\u00e9minine 2025 : Marianne Vos remporte la deuxi\u00e8me \u00e9tape au sprint","isPartOf":{"@id":"https:\/\/dicodusport.fr\/blog\/#website"},"primaryImageOfPage":{"@id":"https:\/\/dicodusport.fr\/blog\/vuelta-feminine-2025-marianne-vos-remporte-la-deuxieme-etape-au-sprint\/#primaryimage"},"image":{"@id":"https:\/\/dicodusport.fr\/blog\/vuelta-feminine-2025-marianne-vos-remporte-la-deuxieme-etape-au-sprint\/#primaryimage"},"thumbnailUrl":"https:\/\/dicodusport.fr\/blog\/wp-content\/uploads\/2025\/05\/Vuelta-feminine-2025-Marianne-Vos-remporte-la-deuxieme-etape-au-sprint-1.png","datePublished":"2025-05-05T15:23:07+00:00","dateModified":"2025-05-05T15:41:02+00:00","description":"VUELTA F\u00c9MININE 2025 - Apr\u00e8s une \u00e9tape peu anim\u00e9e, Marianne Vos (Team Visma - Lease a Bike) r\u00e8gle facilement le sprint en faux plat montant \u00e0 Sant Boi de Llobregat.","breadcrumb":{"@id":"https:\/\/dicodusport.fr\/blog\/vuelta-feminine-2025-marianne-vos-remporte-la-deuxieme-etape-au-sprint\/#breadcrumb"},"inLanguage":"fr-FR","potentialAction":[{"@type":"ReadAction","target":["https:\/\/dicodusport.fr\/blog\/vuelta-feminine-2025-marianne-vos-remporte-la-deuxieme-etape-au-sprint\/"]}]},{"@type":"ImageObject","inLanguage":"fr-FR","@id":"https:\/\/dicodusport.fr\/blog\/vuelta-feminine-2025-marianne-vos-remporte-la-deuxieme-etape-au-sprint\/#primaryimage","url":"https:\/\/dicodusport.fr\/blog\/wp-content\/uploads\/2025\/05\/Vuelta-feminine-2025-Marianne-Vos-remporte-la-deuxieme-etape-au-sprint-1.png","contentUrl":"https:\/\/dicodusport.fr\/blog\/wp-content\/uploads\/2025\/05\/Vuelta-feminine-2025-Marianne-Vos-remporte-la-deuxieme-etape-au-sprint-1.png","width":1200,"height":674,"caption":"Vuelta f\u00e9minine 2025 Marianne Vos remporte la deuxi\u00e8me \u00e9tape au sprint"},{"@type":"BreadcrumbList","@id":"https:\/\/dicodusport.fr\/blog\/vuelta-feminine-2025-marianne-vos-remporte-la-deuxieme-etape-au-sprint\/#breadcrumb","itemListElement":[{"@type":"ListItem","position":1,"name":"Accueil","item":"https:\/\/dicodusport.fr\/blog\/"},{"@type":"ListItem","position":2,"name":"Vuelta f\u00e9minine 2025 : Marianne Vos remporte la deuxi\u00e8me \u00e9tape au sprint"}]},{"@type":"WebSite","@id":"https:\/\/dicodusport.fr\/blog\/#website","url":"https:\/\/dicodusport.fr\/blog\/","name":"Dicodusport","description":"L&#039;encyclop\u00e9die de l&#039;actualit\u00e9 sportive","publisher":{"@id":"https:\/\/dicodusport.fr\/blog\/#organization"},"potentialAction":[{"@type":"SearchAction","target":{"@type":"EntryPoint","urlTemplate":"https:\/\/dicodusport.fr\/blog\/?s={search_term_string}"},"query-input":{"@type":"PropertyValueSpecification","valueRequired":true,"valueName":"search_term_string"}}],"inLanguage":"fr-FR"},{"@type":"NewsMediaOrganization","@id":"https:\/\/dicodusport.fr\/blog\/#organization","name":"Dicodusport","url":"https:\/\/dicodusport.fr\/blog\/","logo":{"@type":"ImageObject","inLanguage":"fr-FR","@id":"https:\/\/dicodusport.fr\/blog\/#\/schema\/logo\/image\/","url":"https:\/\/dicodusport.fr\/blog\/wp-content\/uploads\/2020\/06\/cropped-LOGO-DICODUSPORT-2020-SANS-FOND-SANS-TEXTE.png","contentUrl":"https:\/\/dicodusport.fr\/blog\/wp-content\/uploads\/2020\/06\/cropped-LOGO-DICODUSPORT-2020-SANS-FOND-SANS-TEXTE.png","width":512,"height":512,"caption":"Dicodusport"},"image":{"@id":"https:\/\/dicodusport.fr\/blog\/#\/schema\/logo\/image\/"},"sameAs":["https:\/\/www.facebook.com\/dicodusport","https:\/\/x.com\/dicodusport","https:\/\/www.instagram.com\/dicodusport\/","https:\/\/www.youtube.com\/channel\/UC7V2KZ5sd3htJivAbA4ZG3w"],"description":"Dicodusport est l'encyclop\u00e9die de l'actualit\u00e9 sportive.","email":"bonjour@dicodusport.fr","legalName":"DICODUSPORT","foundingDate":"2018-01-14","vatID":"FR71834470973","taxID":"83447097300043","numberOfEmployees":{"@type":"QuantitativeValue","minValue":"1","maxValue":"10"}},{"@type":"Person","@id":"https:\/\/dicodusport.fr\/blog\/#\/schema\/person\/fe500246414ca17ddf0c0312d7a792cc","name":"Olivier Dobiezynski","image":{"@type":"ImageObject","inLanguage":"fr-FR","@id":"https:\/\/dicodusport.fr\/blog\/#\/schema\/person\/image\/","url":"https:\/\/dicodusport.fr\/blog\/wp-content\/uploads\/2024\/09\/5be8fe8d-9962-4f1e-ad06-d6f9dee30e6d-150x150.jpg","contentUrl":"https:\/\/dicodusport.fr\/blog\/wp-content\/uploads\/2024\/09\/5be8fe8d-9962-4f1e-ad06-d6f9dee30e6d-150x150.jpg","caption":"Olivier Dobiezynski"},"description":"Depuis le milieu des ann\u00e9es 90, la passion du cyclisme m'anime. Mes h\u00e9ros s'appellent Luc Leblanc, Piotr Ugrumov, Paolo Savoldelli, Peter Sagan et bien \u00e9videmment Romain Bardet. R\u00e9dacteur depuis 2023, je suis ici pour partager cet amour de la Petite Reine. Vous pourrez me lire \u00e9galement sur du trail, du ski de fond et tout autre sujet susceptible d'\u00e9veiller ma curiosit\u00e9 sportive.","sameAs":["https:\/\/x.com\/https:\/\/x.com\/Olivier_Matros"],"url":"https:\/\/dicodusport.fr\/blog\/author\/olivier-gh\/"}]}},"_links":{"self":[{"href":"https:\/\/dicodusport.fr\/blog\/wp-json\/wp\/v2\/posts\/576838","targetHints":{"allow":["GET"]}}],"collection":[{"href":"https:\/\/dicodusport.fr\/blog\/wp-json\/wp\/v2\/posts"}],"about":[{"href":"https:\/\/dicodusport.fr\/blog\/wp-json\/wp\/v2\/types\/post"}],"author":[{"embeddable":true,"href":"https:\/\/dicodusport.fr\/blog\/wp-json\/wp\/v2\/users\/92"}],"replies":[{"embeddable":true,"href":"https:\/\/dicodusport.fr\/blog\/wp-json\/wp\/v2\/comments?post=576838"}],"version-history":[{"count":5,"href":"https:\/\/dicodusport.fr\/blog\/wp-json\/wp\/v2\/posts\/576838\/revisions"}],"predecessor-version":[{"id":576867,"href":"https:\/\/dicodusport.fr\/blog\/wp-json\/wp\/v2\/posts\/576838\/revisions\/576867"}],"wp:featuredmedia":[{"embeddable":true,"href":"https:\/\/dicodusport.fr\/blog\/wp-json\/wp\/v2\/media\/576866"}],"wp:attachment":[{"href":"https:\/\/dicodusport.fr\/blog\/wp-json\/wp\/v2\/media?parent=576838"}],"wp:term":[{"taxonomy":"category","embeddable":true,"href":"https:\/\/dicodusport.fr\/blog\/wp-json\/wp\/v2\/categories?post=576838"},{"taxonomy":"post_tag","embeddable":true,"href":"https:\/\/dicodusport.fr\/blog\/wp-json\/wp\/v2\/tags?post=576838"}],"curies":[{"name":"wp","href":"https:\/\/api.w.org\/{rel}","templated":true}]}}