{"id":576880,"date":"2025-05-06T11:30:55","date_gmt":"2025-05-06T09:30:55","guid":{"rendered":"https:\/\/dicodusport.fr\/blog\/?p=576880&#038;preview=true&#038;preview_id=576880"},"modified":"2025-05-07T21:10:19","modified_gmt":"2025-05-07T19:10:19","slug":"tour-ditalie-2025-qui-va-briller-les-5-paris-de-la-redaction","status":"publish","type":"post","link":"https:\/\/dicodusport.fr\/blog\/tour-ditalie-2025-qui-va-briller-les-5-paris-de-la-redaction\/","title":{"rendered":"Tour d\u2019Italie 2025 : Qui va briller ? Les 5 paris de la r\u00e9daction"},"content":{"rendered":"<h4 style=\"text-align: justify;\"><em>TOUR D&rsquo;ITALIE 2025 &#8211; Alors que le Tour d&rsquo;Italie va s&rsquo;\u00e9lancer ce 9 mai de Durr\u00ebs en Albanie, voici pour l&rsquo;occasion une petite s\u00e9lection de paris plus ou moins os\u00e9s de la r\u00e9daction de Dicodusport.<\/em><\/h4>\n<ul>\n<li style=\"text-align: justify;\"><strong>\u00c0 ce sujet &#8211; <a href=\"https:\/\/dicodusport.fr\/blog\/favoris-tour-ditalie-2025-vers-un-duel-primoz-roglic-contre-juan-ayuso\/\">Favoris Tour d\u2019Italie 2025 : Vers un duel Primoz Roglic contre Juan Ayuso ?<\/a>\u00a0<\/strong><\/li>\n<\/ul>\n<h2 style=\"text-align: justify;\">Une victoire d&rsquo;\u00e9tape pour Romain Bardet et Paul Magnier<\/h2>\n<p style=\"text-align: justify;\">Alors qu&rsquo;il s&rsquo;\u00e9lance pour son 18\u00e8me et dernier Grand Tour, <strong>Romain Bardet<\/strong> (Team Picnic PostNL) veut s&rsquo;offrir un dernier moment de gloire. Le natif de Brioude, quadruple vainqueur d&rsquo;\u00e9tapes sur le Tour de France et laur\u00e9at \u00e9galement sur le Tour d&rsquo;Espagne, aura \u00e0 c\u0153ur de compl\u00e9ter enfin sa <em>Triple Couronne<\/em> en d\u00e9crochant un succ\u00e8s sur le Giro. Perturb\u00e9 par une chute en d\u00e9but de saison en Algarve, il a repris sur le Tour des Alpes o\u00f9 il a pris <a href=\"https:\/\/dicodusport.fr\/blog\/classement-general-tour-des-alpes-2025\/\">une modeste 10\u00e8me place au classement g\u00e9n\u00e9ral<\/a>. Il faudra peut-\u00eatre attendre la 3\u00e8me semaine pour le voir briller et pourquoi remporter une belle \u00e9tape en \u00e9chapp\u00e9e.<\/p>\n<p style=\"text-align: justify;\">Du c\u00f4t\u00e9 de <strong>Paul Magnier<\/strong>, il y a de quoi largement esp\u00e9rer ouvrir son compteur d\u00e8s son premier Grand Tour. En effet, une dizaine d&rsquo;\u00e9tapes pourrait correspondre \u00e0 son profil de sprinteur, et ce, face \u00e0 une concurrence plut\u00f4t mesur\u00e9e. Les trois ogres de la discipline <strong>Jonathan Milan<\/strong>, <strong>Tim Merlier<\/strong> et <strong>Jasper Philipsen<\/strong> ont pr\u00e9f\u00e9r\u00e9 en d\u00e9coudre sur la Grande Boucle cet \u00e9t\u00e9. Il y a donc de la place pour le jeune Tricolore, m\u00eame s&rsquo;il faudra compter sur de s\u00e9rieux adversaires tels <strong>Olav Kooij<\/strong> et <strong>Wout Van Aert<\/strong> (Team Visma Lease a Bike), <strong>Mads Pedersen<\/strong> (Lidl-Trek) ou encore <strong>Kaden Groves<\/strong> (Alpecin-Deceuninck).<\/p>\n<ul>\n<li style=\"text-align: justify;\"><strong>\u00c0 ce sujet &#8211; <a href=\"https:\/\/dicodusport.fr\/blog\/tour-ditalie-2025-ces-francais-prets-a-briller-sur-les-routes-du-giro\/\">Tour d&rsquo;Italie 2025 : Ces Fran\u00e7ais pr\u00eats \u00e0 briller sur les routes du Giro<\/a><\/strong><\/li>\n<\/ul>\n<h2 style=\"text-align: justify;\">Marco Frigo gagne une \u00e9tape en \u00e9chapp\u00e9e<\/h2>\n<p style=\"text-align: justify;\">Tout r\u00e9cemment auteur d&rsquo;<a href=\"https:\/\/dicodusport.fr\/blog\/tour-des-alpes-2025-le-numero-de-marco-frigo-qui-remporte-la-3eme-etape\/\">un premier succ\u00e8s chez les professionnels lors du Tour des Alpes<\/a>, l&rsquo;Italien <strong>Marco Frigo<\/strong> (Israel Premier Tech) tentera certainement de nouveau de prendre des \u00e9chapp\u00e9es sur des \u00e9tapes de montagne. Afin de s&rsquo;offrir peut-\u00eatre un nouveau raid d&rsquo;envergure. Dans un Giro s\u00fbrement plus ouvert pour les audacieux, <strong>Frigo<\/strong> devrait pouvoir s&rsquo;exprimer et pourquoi pas rafler la mise \u00e0 la suite d&rsquo;un nouvel exploit en solitaire.<\/p>\n<blockquote class=\"twitter-tweet\">\n<p dir=\"ltr\" lang=\"it\">GHIACCIO NELLE VENE \ud83e\udd76\ud83e\uddca\ud83e\udec0<\/p>\n<p>Marco Frigo indovina la fuga di giornata e si prende la prima vittoria da professionista! L\u2019Italia esulta ancora al Tour of the Alps \ud83c\uddee\ud83c\uddf9\ud83d\udc99<a href=\"https:\/\/twitter.com\/hashtag\/EurosportCiclismo?src=hash&amp;ref_src=twsrc%5Etfw\">#EurosportCiclismo<\/a> <a href=\"https:\/\/twitter.com\/hashtag\/ToTA?src=hash&amp;ref_src=twsrc%5Etfw\">#ToTA<\/a> <a href=\"https:\/\/t.co\/y5HB3kRc3x\">pic.twitter.com\/y5HB3kRc3x<\/a><\/p>\n<p>\u2014 Eurosport IT (@Eurosport_IT) <a href=\"https:\/\/twitter.com\/Eurosport_IT\/status\/1915021693795328017?ref_src=twsrc%5Etfw\">April 23, 2025<\/a><\/p><\/blockquote>\n<p><script async src=\"https:\/\/platform.twitter.com\/widgets.js\" charset=\"utf-8\"><\/script><\/p>\n<h2 style=\"text-align: justify;\">Trois bouquets pour XDS Astana Team<\/h2>\n<p style=\"text-align: justify;\">Sur tous les fronts depuis le d\u00e9but de saison, la formation XDS Astana Team peut nourrir quelques ambitions sur le Tour d&rsquo;Italie. M\u00eame s&rsquo;il y a plus de concurrence pour eux en \u00e9chapp\u00e9e en montagne, elle pourra compter sur ses hommes en forme <strong>Wout Poels<\/strong>, r\u00e9cent vainqueur en Turquie, et <strong>Lorenzo Fortunato<\/strong>, m\u00eame s&rsquo;il pourrait \u00eatre tent\u00e9 de jouer le classement g\u00e9n\u00e9ral. En outre, il faudra compter sur le bouillant <strong>Christian Scaroni<\/strong> s&rsquo;il retrouve son niveau du d\u00e9but de saison, avant sa clavicule cass\u00e9e. Enfin, <strong>Max Kanter<\/strong> pourrait avoir son mot \u00e0 dire sur les sprints, en t\u00e9moigne sa victoire r\u00e9cente sur la <a href=\"https:\/\/dicodusport.fr\/blog\/famenne-ardenne-classic-2025-classement-et-resultats\/\">Lotto Famenne Ardenne Classic<\/a> ce dimanche.<\/p>\n<blockquote class=\"twitter-tweet\">\n<p dir=\"ltr\" lang=\"fr\">Max Kanter s&rsquo;est impos\u00e9 au sprint sur <a href=\"https:\/\/twitter.com\/hashtag\/FamenneArdenneClassic?src=hash&amp;ref_src=twsrc%5Etfw\">#FamenneArdenneClassic<\/a> devant son \u00e9quipier chez XDS Astana Cees Bol. Arne Marit a compl\u00e9t\u00e9 le podium du jour <a href=\"https:\/\/t.co\/MtqAkUkbkn\">pic.twitter.com\/MtqAkUkbkn<\/a><\/p>\n<p>\u2014 \ud83d\udeb4 Les Rois du Peloton \ud83d\udeb2 (@LRoisDuPeloton) <a href=\"https:\/\/twitter.com\/LRoisDuPeloton\/status\/1919055818831315149?ref_src=twsrc%5Etfw\">May 4, 2025<\/a><\/p><\/blockquote>\n<p><script async src=\"https:\/\/platform.twitter.com\/widgets.js\" charset=\"utf-8\"><\/script><\/p>\n<h2 style=\"text-align: justify;\">Egan Bernal sur le podium \u00e0 Rome<\/h2>\n<p style=\"text-align: justify;\">Voil\u00e0 sans doute un de nos plus gros risques. Le Colombien d&rsquo;INEOS Grenadiers n&rsquo;a jamais fait mieux que 29\u00e8me depuis 2021 sur les Grands Tours auxquels il a pris part. Suite \u00e0 son horrible accident, il peine logiquement \u00e0 retrouver son niveau sur les \u00e9preuves de trois semaines. N\u00e9anmoins, sur ce Giro, hormis <strong>Primoz Roglic<\/strong> (Red Bull &#8211; Bora &#8211; Hansgrohe) et<strong> Juan Ayuso<\/strong> (UAE Team Emirates &#8211; XRG), la course au podium semble ouverte avec les Ciccone, Tiberi ou autres Gee. Alors, on se dit pourquoi pas <strong>Egan Bernal<\/strong> apr\u00e8s tout, lui qui a r\u00e9alis\u00e9 un probant <a href=\"https:\/\/dicodusport.fr\/blog\/classement-general-tour-de-catalogne-2025\/\">Tour de Catalogne en 2025<\/a>, achev\u00e9 \u00e0 la 7\u00e8me place.<\/p>\n<h2 style=\"text-align: justify;\">Davide Piganzoli signe un premier top 10 en Grand Tour<\/h2>\n<p style=\"text-align: justify;\">Enfin, pour compl\u00e9ter notre s\u00e9lection de paris, direction la formation transalpine Polti VisitMaltta. Parmi les huit coureurs engag\u00e9s, on devrait retrouver le tout jeune <strong>Davide Piganzoli<\/strong>. Auteur d&rsquo;une probante 13\u00e8me place pour son premier Giro l&rsquo;an pass\u00e9, le coureur de 22 ans aura \u00e0 coeur de faire mieux, lui qui est annonc\u00e9 chez Visma Lease a Bike l&rsquo;an prochain. Deuxi\u00e8me de O Gran Camino et onzi\u00e8me du Tour des Alpes cette ann\u00e9e, <strong>Piganzoli<\/strong> a tout pour d\u00e9crocher un premier top 10 sur un Grand Tour. Surtout que le classement g\u00e9n\u00e9ral devrait \u00eatre assez ouvert pour les places d&rsquo;honneur cette ann\u00e9e.<\/p>\n<ul>\n<li style=\"text-align: justify;\"><strong>\u00c0 ce sujet &#8211; <a href=\"https:\/\/dicodusport.fr\/blog\/tour-ditalie-2025-parcours-detaille-et-profils-des-etapes-du-giro\/\">Tour d\u2019Italie 2025 : Parcours d\u00e9taill\u00e9 et profils des \u00e9tapes du Giro<\/a><\/strong><\/li>\n<\/ul>\n","protected":false},"excerpt":{"rendered":"<p>\u00c0 l&rsquo;approche du Giro 2025, la r\u00e9daction d\u00e9voile ses paris et pronostics : favoris, outsiders, surprises&#8230; D\u00e9couvrez nos choix !<\/p>\n","protected":false},"author":92,"featured_media":576958,"comment_status":"open","ping_status":"closed","sticky":false,"template":"","format":"standard","meta":{"_acf_changed":false,"_daextam_enable_autolinks":"1","footnotes":""},"categories":[47041],"tags":[3119,16878,36132,1720,31645,3646,24],"class_list":["post-576880","post","type-post","status-publish","format-standard","has-post-thumbnail","hentry","category-tour-d-italie","tag-actualite-cyclisme","tag-breve","tag-decathlon-ag2r-la-mondiale","tag-egan-bernal","tag-paul-magnier","tag-romain-bardet","tag-sport"],"acf":[],"yoast_head":"<!-- This site is optimized with the Yoast SEO Premium plugin v26.7 (Yoast SEO v26.7) - https:\/\/yoast.com\/wordpress\/plugins\/seo\/ -->\n<title>Tour d\u2019Italie 2025 : Qui va briller ? Les 5 paris de la r\u00e9daction<\/title>\n<meta name=\"description\" content=\"TOUR D&#039;ITALIE 2025 - \u00c0 l&#039;approche du Giro 2025, la r\u00e9daction d\u00e9voile ses paris et pronostics : favoris, outsiders, surprises... D\u00e9couvrez nos choix !\" \/>\n<meta name=\"robots\" content=\"index, follow, max-snippet:-1, max-image-preview:large, max-video-preview:-1\" \/>\n<link rel=\"canonical\" href=\"https:\/\/dicodusport.fr\/blog\/tour-ditalie-2025-qui-va-briller-les-5-paris-de-la-redaction\/\" \/>\n<meta property=\"og:locale\" content=\"fr_FR\" \/>\n<meta property=\"og:type\" content=\"article\" \/>\n<meta property=\"og:title\" content=\"Tour d\u2019Italie 2025 : Qui va briller ? Les 5 paris de la r\u00e9daction\" \/>\n<meta property=\"og:description\" content=\"TOUR D&#039;ITALIE 2025 - \u00c0 l&#039;approche du Giro 2025, la r\u00e9daction d\u00e9voile ses paris et pronostics : favoris, outsiders, surprises... D\u00e9couvrez nos choix !\" \/>\n<meta property=\"og:url\" content=\"https:\/\/dicodusport.fr\/blog\/tour-ditalie-2025-qui-va-briller-les-5-paris-de-la-redaction\/\" \/>\n<meta property=\"og:site_name\" content=\"Dicodusport\" \/>\n<meta property=\"article:publisher\" content=\"https:\/\/www.facebook.com\/dicodusport\" \/>\n<meta property=\"article:published_time\" content=\"2025-05-06T09:30:55+00:00\" \/>\n<meta property=\"article:modified_time\" content=\"2025-05-07T19:10:19+00:00\" \/>\n<meta property=\"og:image\" content=\"https:\/\/dicodusport.fr\/blog\/wp-content\/uploads\/2025\/05\/Tour-dItalie-2025-Qui-va-briller-Les-5-paris-de-la-redaction-1.png\" \/>\n\t<meta property=\"og:image:width\" content=\"1200\" \/>\n\t<meta property=\"og:image:height\" content=\"674\" \/>\n\t<meta property=\"og:image:type\" content=\"image\/png\" \/>\n<meta name=\"author\" content=\"Olivier Dobiezynski\" \/>\n<meta name=\"twitter:card\" content=\"summary_large_image\" \/>\n<meta name=\"twitter:title\" content=\"Tour d\u2019Italie 2025 : Qui va briller ? Les 5 paris de la r\u00e9daction\" \/>\n<meta name=\"twitter:creator\" content=\"@https:\/\/x.com\/Olivier_Matros\" \/>\n<meta name=\"twitter:site\" content=\"@dicodusport\" \/>\n<script type=\"application\/ld+json\" class=\"yoast-schema-graph\">{\"@context\":\"https:\/\/schema.org\",\"@graph\":[{\"@type\":\"NewsArticle\",\"@id\":\"https:\/\/dicodusport.fr\/blog\/tour-ditalie-2025-qui-va-briller-les-5-paris-de-la-redaction\/#article\",\"isPartOf\":{\"@id\":\"https:\/\/dicodusport.fr\/blog\/tour-ditalie-2025-qui-va-briller-les-5-paris-de-la-redaction\/\"},\"author\":{\"name\":\"Olivier Dobiezynski\",\"@id\":\"https:\/\/dicodusport.fr\/blog\/#\/schema\/person\/fe500246414ca17ddf0c0312d7a792cc\"},\"headline\":\"Tour d\u2019Italie 2025 : Qui va briller ? Les 5 paris de la r\u00e9daction\",\"datePublished\":\"2025-05-06T09:30:55+00:00\",\"dateModified\":\"2025-05-07T19:10:19+00:00\",\"mainEntityOfPage\":{\"@id\":\"https:\/\/dicodusport.fr\/blog\/tour-ditalie-2025-qui-va-briller-les-5-paris-de-la-redaction\/\"},\"wordCount\":867,\"commentCount\":0,\"publisher\":{\"@id\":\"https:\/\/dicodusport.fr\/blog\/#organization\"},\"image\":{\"@id\":\"https:\/\/dicodusport.fr\/blog\/tour-ditalie-2025-qui-va-briller-les-5-paris-de-la-redaction\/#primaryimage\"},\"thumbnailUrl\":\"https:\/\/dicodusport.fr\/blog\/wp-content\/uploads\/2025\/05\/Tour-dItalie-2025-Qui-va-briller-Les-5-paris-de-la-redaction-1.png\",\"keywords\":[\"Actualit\u00e9 Cyclisme\",\"br\u00e8ve\",\"Decathlon AG2R La mondiale\",\"Egan Bernal\",\"Paul Magnier\",\"Romain Bardet\",\"sport\"],\"articleSection\":[\"Tour d'Italie\"],\"inLanguage\":\"fr-FR\",\"potentialAction\":[{\"@type\":\"CommentAction\",\"name\":\"Comment\",\"target\":[\"https:\/\/dicodusport.fr\/blog\/tour-ditalie-2025-qui-va-briller-les-5-paris-de-la-redaction\/#respond\"]}],\"copyrightYear\":\"2025\",\"copyrightHolder\":{\"@id\":\"https:\/\/dicodusport.fr\/blog\/#organization\"}},{\"@type\":\"WebPage\",\"@id\":\"https:\/\/dicodusport.fr\/blog\/tour-ditalie-2025-qui-va-briller-les-5-paris-de-la-redaction\/\",\"url\":\"https:\/\/dicodusport.fr\/blog\/tour-ditalie-2025-qui-va-briller-les-5-paris-de-la-redaction\/\",\"name\":\"Tour d\u2019Italie 2025 : Qui va briller ? Les 5 paris de la r\u00e9daction\",\"isPartOf\":{\"@id\":\"https:\/\/dicodusport.fr\/blog\/#website\"},\"primaryImageOfPage\":{\"@id\":\"https:\/\/dicodusport.fr\/blog\/tour-ditalie-2025-qui-va-briller-les-5-paris-de-la-redaction\/#primaryimage\"},\"image\":{\"@id\":\"https:\/\/dicodusport.fr\/blog\/tour-ditalie-2025-qui-va-briller-les-5-paris-de-la-redaction\/#primaryimage\"},\"thumbnailUrl\":\"https:\/\/dicodusport.fr\/blog\/wp-content\/uploads\/2025\/05\/Tour-dItalie-2025-Qui-va-briller-Les-5-paris-de-la-redaction-1.png\",\"datePublished\":\"2025-05-06T09:30:55+00:00\",\"dateModified\":\"2025-05-07T19:10:19+00:00\",\"description\":\"TOUR D'ITALIE 2025 - \u00c0 l'approche du Giro 2025, la r\u00e9daction d\u00e9voile ses paris et pronostics : favoris, outsiders, surprises... D\u00e9couvrez nos choix !\",\"breadcrumb\":{\"@id\":\"https:\/\/dicodusport.fr\/blog\/tour-ditalie-2025-qui-va-briller-les-5-paris-de-la-redaction\/#breadcrumb\"},\"inLanguage\":\"fr-FR\",\"potentialAction\":[{\"@type\":\"ReadAction\",\"target\":[\"https:\/\/dicodusport.fr\/blog\/tour-ditalie-2025-qui-va-briller-les-5-paris-de-la-redaction\/\"]}]},{\"@type\":\"ImageObject\",\"inLanguage\":\"fr-FR\",\"@id\":\"https:\/\/dicodusport.fr\/blog\/tour-ditalie-2025-qui-va-briller-les-5-paris-de-la-redaction\/#primaryimage\",\"url\":\"https:\/\/dicodusport.fr\/blog\/wp-content\/uploads\/2025\/05\/Tour-dItalie-2025-Qui-va-briller-Les-5-paris-de-la-redaction-1.png\",\"contentUrl\":\"https:\/\/dicodusport.fr\/blog\/wp-content\/uploads\/2025\/05\/Tour-dItalie-2025-Qui-va-briller-Les-5-paris-de-la-redaction-1.png\",\"width\":1200,\"height\":674,\"caption\":\"Tour d\u2019Italie 2025 Qui va briller Les 5 paris de la r\u00e9daction (1)\"},{\"@type\":\"BreadcrumbList\",\"@id\":\"https:\/\/dicodusport.fr\/blog\/tour-ditalie-2025-qui-va-briller-les-5-paris-de-la-redaction\/#breadcrumb\",\"itemListElement\":[{\"@type\":\"ListItem\",\"position\":1,\"name\":\"Accueil\",\"item\":\"https:\/\/dicodusport.fr\/blog\/\"},{\"@type\":\"ListItem\",\"position\":2,\"name\":\"Tour d\u2019Italie 2025 : Qui va briller ? Les 5 paris de la r\u00e9daction\"}]},{\"@type\":\"WebSite\",\"@id\":\"https:\/\/dicodusport.fr\/blog\/#website\",\"url\":\"https:\/\/dicodusport.fr\/blog\/\",\"name\":\"Dicodusport\",\"description\":\"L&#039;encyclop\u00e9die de l&#039;actualit\u00e9 sportive\",\"publisher\":{\"@id\":\"https:\/\/dicodusport.fr\/blog\/#organization\"},\"potentialAction\":[{\"@type\":\"SearchAction\",\"target\":{\"@type\":\"EntryPoint\",\"urlTemplate\":\"https:\/\/dicodusport.fr\/blog\/?s={search_term_string}\"},\"query-input\":{\"@type\":\"PropertyValueSpecification\",\"valueRequired\":true,\"valueName\":\"search_term_string\"}}],\"inLanguage\":\"fr-FR\"},{\"@type\":\"NewsMediaOrganization\",\"@id\":\"https:\/\/dicodusport.fr\/blog\/#organization\",\"name\":\"Dicodusport\",\"url\":\"https:\/\/dicodusport.fr\/blog\/\",\"logo\":{\"@type\":\"ImageObject\",\"inLanguage\":\"fr-FR\",\"@id\":\"https:\/\/dicodusport.fr\/blog\/#\/schema\/logo\/image\/\",\"url\":\"https:\/\/dicodusport.fr\/blog\/wp-content\/uploads\/2020\/06\/cropped-LOGO-DICODUSPORT-2020-SANS-FOND-SANS-TEXTE.png\",\"contentUrl\":\"https:\/\/dicodusport.fr\/blog\/wp-content\/uploads\/2020\/06\/cropped-LOGO-DICODUSPORT-2020-SANS-FOND-SANS-TEXTE.png\",\"width\":512,\"height\":512,\"caption\":\"Dicodusport\"},\"image\":{\"@id\":\"https:\/\/dicodusport.fr\/blog\/#\/schema\/logo\/image\/\"},\"sameAs\":[\"https:\/\/www.facebook.com\/dicodusport\",\"https:\/\/x.com\/dicodusport\",\"https:\/\/www.instagram.com\/dicodusport\/\",\"https:\/\/www.youtube.com\/channel\/UC7V2KZ5sd3htJivAbA4ZG3w\"],\"description\":\"Dicodusport est l'encyclop\u00e9die de l'actualit\u00e9 sportive.\",\"email\":\"bonjour@dicodusport.fr\",\"legalName\":\"DICODUSPORT\",\"foundingDate\":\"2018-01-14\",\"vatID\":\"FR71834470973\",\"taxID\":\"83447097300043\",\"numberOfEmployees\":{\"@type\":\"QuantitativeValue\",\"minValue\":\"1\",\"maxValue\":\"10\"}},{\"@type\":\"Person\",\"@id\":\"https:\/\/dicodusport.fr\/blog\/#\/schema\/person\/fe500246414ca17ddf0c0312d7a792cc\",\"name\":\"Olivier Dobiezynski\",\"image\":{\"@type\":\"ImageObject\",\"inLanguage\":\"fr-FR\",\"@id\":\"https:\/\/dicodusport.fr\/blog\/#\/schema\/person\/image\/\",\"url\":\"https:\/\/dicodusport.fr\/blog\/wp-content\/uploads\/2024\/09\/5be8fe8d-9962-4f1e-ad06-d6f9dee30e6d-150x150.jpg\",\"contentUrl\":\"https:\/\/dicodusport.fr\/blog\/wp-content\/uploads\/2024\/09\/5be8fe8d-9962-4f1e-ad06-d6f9dee30e6d-150x150.jpg\",\"caption\":\"Olivier Dobiezynski\"},\"description\":\"Depuis le milieu des ann\u00e9es 90, la passion du cyclisme m'anime. Mes h\u00e9ros s'appellent Luc Leblanc, Piotr Ugrumov, Paolo Savoldelli, Peter Sagan et bien \u00e9videmment Romain Bardet. R\u00e9dacteur depuis 2023, je suis ici pour partager cet amour de la Petite Reine. Vous pourrez me lire \u00e9galement sur du trail, du ski de fond et tout autre sujet susceptible d'\u00e9veiller ma curiosit\u00e9 sportive.\",\"sameAs\":[\"https:\/\/x.com\/https:\/\/x.com\/Olivier_Matros\"],\"url\":\"https:\/\/dicodusport.fr\/blog\/author\/olivier-gh\/\"}]}<\/script>\n<!-- \/ Yoast SEO Premium plugin. -->","yoast_head_json":{"title":"Tour d\u2019Italie 2025 : Qui va briller ? Les 5 paris de la r\u00e9daction","description":"TOUR D'ITALIE 2025 - \u00c0 l'approche du Giro 2025, la r\u00e9daction d\u00e9voile ses paris et pronostics : favoris, outsiders, surprises... D\u00e9couvrez nos choix !","robots":{"index":"index","follow":"follow","max-snippet":"max-snippet:-1","max-image-preview":"max-image-preview:large","max-video-preview":"max-video-preview:-1"},"canonical":"https:\/\/dicodusport.fr\/blog\/tour-ditalie-2025-qui-va-briller-les-5-paris-de-la-redaction\/","og_locale":"fr_FR","og_type":"article","og_title":"Tour d\u2019Italie 2025 : Qui va briller ? Les 5 paris de la r\u00e9daction","og_description":"TOUR D'ITALIE 2025 - \u00c0 l'approche du Giro 2025, la r\u00e9daction d\u00e9voile ses paris et pronostics : favoris, outsiders, surprises... D\u00e9couvrez nos choix !","og_url":"https:\/\/dicodusport.fr\/blog\/tour-ditalie-2025-qui-va-briller-les-5-paris-de-la-redaction\/","og_site_name":"Dicodusport","article_publisher":"https:\/\/www.facebook.com\/dicodusport","article_published_time":"2025-05-06T09:30:55+00:00","article_modified_time":"2025-05-07T19:10:19+00:00","og_image":[{"width":1200,"height":674,"url":"https:\/\/dicodusport.fr\/blog\/wp-content\/uploads\/2025\/05\/Tour-dItalie-2025-Qui-va-briller-Les-5-paris-de-la-redaction-1.png","type":"image\/png"}],"author":"Olivier Dobiezynski","twitter_card":"summary_large_image","twitter_title":"Tour d\u2019Italie 2025 : Qui va briller ? Les 5 paris de la r\u00e9daction","twitter_creator":"@https:\/\/x.com\/Olivier_Matros","twitter_site":"@dicodusport","schema":{"@context":"https:\/\/schema.org","@graph":[{"@type":"NewsArticle","@id":"https:\/\/dicodusport.fr\/blog\/tour-ditalie-2025-qui-va-briller-les-5-paris-de-la-redaction\/#article","isPartOf":{"@id":"https:\/\/dicodusport.fr\/blog\/tour-ditalie-2025-qui-va-briller-les-5-paris-de-la-redaction\/"},"author":{"name":"Olivier Dobiezynski","@id":"https:\/\/dicodusport.fr\/blog\/#\/schema\/person\/fe500246414ca17ddf0c0312d7a792cc"},"headline":"Tour d\u2019Italie 2025 : Qui va briller ? Les 5 paris de la r\u00e9daction","datePublished":"2025-05-06T09:30:55+00:00","dateModified":"2025-05-07T19:10:19+00:00","mainEntityOfPage":{"@id":"https:\/\/dicodusport.fr\/blog\/tour-ditalie-2025-qui-va-briller-les-5-paris-de-la-redaction\/"},"wordCount":867,"commentCount":0,"publisher":{"@id":"https:\/\/dicodusport.fr\/blog\/#organization"},"image":{"@id":"https:\/\/dicodusport.fr\/blog\/tour-ditalie-2025-qui-va-briller-les-5-paris-de-la-redaction\/#primaryimage"},"thumbnailUrl":"https:\/\/dicodusport.fr\/blog\/wp-content\/uploads\/2025\/05\/Tour-dItalie-2025-Qui-va-briller-Les-5-paris-de-la-redaction-1.png","keywords":["Actualit\u00e9 Cyclisme","br\u00e8ve","Decathlon AG2R La mondiale","Egan Bernal","Paul Magnier","Romain Bardet","sport"],"articleSection":["Tour d'Italie"],"inLanguage":"fr-FR","potentialAction":[{"@type":"CommentAction","name":"Comment","target":["https:\/\/dicodusport.fr\/blog\/tour-ditalie-2025-qui-va-briller-les-5-paris-de-la-redaction\/#respond"]}],"copyrightYear":"2025","copyrightHolder":{"@id":"https:\/\/dicodusport.fr\/blog\/#organization"}},{"@type":"WebPage","@id":"https:\/\/dicodusport.fr\/blog\/tour-ditalie-2025-qui-va-briller-les-5-paris-de-la-redaction\/","url":"https:\/\/dicodusport.fr\/blog\/tour-ditalie-2025-qui-va-briller-les-5-paris-de-la-redaction\/","name":"Tour d\u2019Italie 2025 : Qui va briller ? Les 5 paris de la r\u00e9daction","isPartOf":{"@id":"https:\/\/dicodusport.fr\/blog\/#website"},"primaryImageOfPage":{"@id":"https:\/\/dicodusport.fr\/blog\/tour-ditalie-2025-qui-va-briller-les-5-paris-de-la-redaction\/#primaryimage"},"image":{"@id":"https:\/\/dicodusport.fr\/blog\/tour-ditalie-2025-qui-va-briller-les-5-paris-de-la-redaction\/#primaryimage"},"thumbnailUrl":"https:\/\/dicodusport.fr\/blog\/wp-content\/uploads\/2025\/05\/Tour-dItalie-2025-Qui-va-briller-Les-5-paris-de-la-redaction-1.png","datePublished":"2025-05-06T09:30:55+00:00","dateModified":"2025-05-07T19:10:19+00:00","description":"TOUR D'ITALIE 2025 - \u00c0 l'approche du Giro 2025, la r\u00e9daction d\u00e9voile ses paris et pronostics : favoris, outsiders, surprises... D\u00e9couvrez nos choix !","breadcrumb":{"@id":"https:\/\/dicodusport.fr\/blog\/tour-ditalie-2025-qui-va-briller-les-5-paris-de-la-redaction\/#breadcrumb"},"inLanguage":"fr-FR","potentialAction":[{"@type":"ReadAction","target":["https:\/\/dicodusport.fr\/blog\/tour-ditalie-2025-qui-va-briller-les-5-paris-de-la-redaction\/"]}]},{"@type":"ImageObject","inLanguage":"fr-FR","@id":"https:\/\/dicodusport.fr\/blog\/tour-ditalie-2025-qui-va-briller-les-5-paris-de-la-redaction\/#primaryimage","url":"https:\/\/dicodusport.fr\/blog\/wp-content\/uploads\/2025\/05\/Tour-dItalie-2025-Qui-va-briller-Les-5-paris-de-la-redaction-1.png","contentUrl":"https:\/\/dicodusport.fr\/blog\/wp-content\/uploads\/2025\/05\/Tour-dItalie-2025-Qui-va-briller-Les-5-paris-de-la-redaction-1.png","width":1200,"height":674,"caption":"Tour d\u2019Italie 2025 Qui va briller Les 5 paris de la r\u00e9daction (1)"},{"@type":"BreadcrumbList","@id":"https:\/\/dicodusport.fr\/blog\/tour-ditalie-2025-qui-va-briller-les-5-paris-de-la-redaction\/#breadcrumb","itemListElement":[{"@type":"ListItem","position":1,"name":"Accueil","item":"https:\/\/dicodusport.fr\/blog\/"},{"@type":"ListItem","position":2,"name":"Tour d\u2019Italie 2025 : Qui va briller ? Les 5 paris de la r\u00e9daction"}]},{"@type":"WebSite","@id":"https:\/\/dicodusport.fr\/blog\/#website","url":"https:\/\/dicodusport.fr\/blog\/","name":"Dicodusport","description":"L&#039;encyclop\u00e9die de l&#039;actualit\u00e9 sportive","publisher":{"@id":"https:\/\/dicodusport.fr\/blog\/#organization"},"potentialAction":[{"@type":"SearchAction","target":{"@type":"EntryPoint","urlTemplate":"https:\/\/dicodusport.fr\/blog\/?s={search_term_string}"},"query-input":{"@type":"PropertyValueSpecification","valueRequired":true,"valueName":"search_term_string"}}],"inLanguage":"fr-FR"},{"@type":"NewsMediaOrganization","@id":"https:\/\/dicodusport.fr\/blog\/#organization","name":"Dicodusport","url":"https:\/\/dicodusport.fr\/blog\/","logo":{"@type":"ImageObject","inLanguage":"fr-FR","@id":"https:\/\/dicodusport.fr\/blog\/#\/schema\/logo\/image\/","url":"https:\/\/dicodusport.fr\/blog\/wp-content\/uploads\/2020\/06\/cropped-LOGO-DICODUSPORT-2020-SANS-FOND-SANS-TEXTE.png","contentUrl":"https:\/\/dicodusport.fr\/blog\/wp-content\/uploads\/2020\/06\/cropped-LOGO-DICODUSPORT-2020-SANS-FOND-SANS-TEXTE.png","width":512,"height":512,"caption":"Dicodusport"},"image":{"@id":"https:\/\/dicodusport.fr\/blog\/#\/schema\/logo\/image\/"},"sameAs":["https:\/\/www.facebook.com\/dicodusport","https:\/\/x.com\/dicodusport","https:\/\/www.instagram.com\/dicodusport\/","https:\/\/www.youtube.com\/channel\/UC7V2KZ5sd3htJivAbA4ZG3w"],"description":"Dicodusport est l'encyclop\u00e9die de l'actualit\u00e9 sportive.","email":"bonjour@dicodusport.fr","legalName":"DICODUSPORT","foundingDate":"2018-01-14","vatID":"FR71834470973","taxID":"83447097300043","numberOfEmployees":{"@type":"QuantitativeValue","minValue":"1","maxValue":"10"}},{"@type":"Person","@id":"https:\/\/dicodusport.fr\/blog\/#\/schema\/person\/fe500246414ca17ddf0c0312d7a792cc","name":"Olivier Dobiezynski","image":{"@type":"ImageObject","inLanguage":"fr-FR","@id":"https:\/\/dicodusport.fr\/blog\/#\/schema\/person\/image\/","url":"https:\/\/dicodusport.fr\/blog\/wp-content\/uploads\/2024\/09\/5be8fe8d-9962-4f1e-ad06-d6f9dee30e6d-150x150.jpg","contentUrl":"https:\/\/dicodusport.fr\/blog\/wp-content\/uploads\/2024\/09\/5be8fe8d-9962-4f1e-ad06-d6f9dee30e6d-150x150.jpg","caption":"Olivier Dobiezynski"},"description":"Depuis le milieu des ann\u00e9es 90, la passion du cyclisme m'anime. Mes h\u00e9ros s'appellent Luc Leblanc, Piotr Ugrumov, Paolo Savoldelli, Peter Sagan et bien \u00e9videmment Romain Bardet. R\u00e9dacteur depuis 2023, je suis ici pour partager cet amour de la Petite Reine. Vous pourrez me lire \u00e9galement sur du trail, du ski de fond et tout autre sujet susceptible d'\u00e9veiller ma curiosit\u00e9 sportive.","sameAs":["https:\/\/x.com\/https:\/\/x.com\/Olivier_Matros"],"url":"https:\/\/dicodusport.fr\/blog\/author\/olivier-gh\/"}]}},"_links":{"self":[{"href":"https:\/\/dicodusport.fr\/blog\/wp-json\/wp\/v2\/posts\/576880","targetHints":{"allow":["GET"]}}],"collection":[{"href":"https:\/\/dicodusport.fr\/blog\/wp-json\/wp\/v2\/posts"}],"about":[{"href":"https:\/\/dicodusport.fr\/blog\/wp-json\/wp\/v2\/types\/post"}],"author":[{"embeddable":true,"href":"https:\/\/dicodusport.fr\/blog\/wp-json\/wp\/v2\/users\/92"}],"replies":[{"embeddable":true,"href":"https:\/\/dicodusport.fr\/blog\/wp-json\/wp\/v2\/comments?post=576880"}],"version-history":[{"count":5,"href":"https:\/\/dicodusport.fr\/blog\/wp-json\/wp\/v2\/posts\/576880\/revisions"}],"predecessor-version":[{"id":577298,"href":"https:\/\/dicodusport.fr\/blog\/wp-json\/wp\/v2\/posts\/576880\/revisions\/577298"}],"wp:featuredmedia":[{"embeddable":true,"href":"https:\/\/dicodusport.fr\/blog\/wp-json\/wp\/v2\/media\/576958"}],"wp:attachment":[{"href":"https:\/\/dicodusport.fr\/blog\/wp-json\/wp\/v2\/media?parent=576880"}],"wp:term":[{"taxonomy":"category","embeddable":true,"href":"https:\/\/dicodusport.fr\/blog\/wp-json\/wp\/v2\/categories?post=576880"},{"taxonomy":"post_tag","embeddable":true,"href":"https:\/\/dicodusport.fr\/blog\/wp-json\/wp\/v2\/tags?post=576880"}],"curies":[{"name":"wp","href":"https:\/\/api.w.org\/{rel}","templated":true}]}}