{"id":576930,"date":"2025-05-06T09:47:47","date_gmt":"2025-05-06T07:47:47","guid":{"rendered":"https:\/\/dicodusport.fr\/blog\/?p=576930&#038;preview=true&#038;preview_id=576930"},"modified":"2025-05-06T09:56:13","modified_gmt":"2025-05-06T07:56:13","slug":"transferts-cyclisme-stefan-kung-devrait-prendre-la-direction-de-tudor","status":"publish","type":"post","link":"https:\/\/dicodusport.fr\/blog\/transferts-cyclisme-stefan-kung-devrait-prendre-la-direction-de-tudor\/","title":{"rendered":"Transferts Cyclisme : Stefan K\u00fcng devrait prendre la direction de Tudor"},"content":{"rendered":"<h4 style=\"text-align: justify;\"><em>TRANSFERTS CYCLISME &#8211; Sur le d\u00e9part de la Groupama-FDJ, la machine \u00e0 rouler Stefan K\u00fcng devrait prendre la direction de la formation Tudor Pro Cycling la saison prochaine.<\/em><\/h4>\n<ul style=\"text-align: justify;\">\n<li style=\"text-align: justify;\"><strong>\u00c0 lire aussi &#8211; <a href=\"https:\/\/dicodusport.fr\/blog\/cyclisme-mercato-2025-2026-le-tableau-des-transferts\/\">Cyclisme Mercato 2025-2026 \u2013 Le tableau des transferts<\/a><\/strong><\/li>\n<\/ul>\n<p style=\"text-align: justify;\">Une page de l&rsquo;histoire r\u00e9cente de la <strong>Groupama-FDJ<\/strong> est sur le point de se refermer en fin de saison. D\u00e9barqu\u00e9 en 2019 en provenance de la BMC Racing, <strong>Stefan K\u00fcng<\/strong> va quitter la formation fran\u00e7aise \u00e0 l&rsquo;issue de la saison actuelle, apr\u00e8s six ans de bons et loyaux services.<\/p>\n<h2 style=\"text-align: justify;\">La Tudor Pro Cycling frappe fort avec Stefan K\u00fcng<\/h2>\n<p style=\"text-align: justify;\">Alors qu&rsquo;il f\u00eatera ses 32 ans en fin d&rsquo;ann\u00e9e, le Suisse en a encore sous la p\u00e9dale, et reste \u00e0 l&rsquo;heure actuelle l&rsquo;un des meilleurs rouleurs du peloton mondial. S&rsquo;il n&rsquo;a pas lev\u00e9 les bras cette ann\u00e9e, il a multipli\u00e9 les Tops 10 sur les classiques belges, dont le Tour des Flandres (7\u00e8me) et l&rsquo;E3 (6\u00e8me), mais aussi sur les diff\u00e9rents chronos auxquels il a pris part sur le Tour de Romandie et Paris-Nice. Si un possible d\u00e9part vers l&rsquo;\u00e9quipe UAE Team Emirates avait \u00e9t\u00e9 \u00e9voqu\u00e9, le Suisse devrait finalement revenir au pays, dans les rangs de la formation <strong>Tudor Pro Cycling<\/strong>.<\/p>\n<p style=\"text-align: justify;\">Selon <em>Daniel Benson<\/em> mais aussi le m\u00e9dia belge <a href=\"https:\/\/www.hln.be\/wielrennen\/transfer-van-kooij-leidt-tot-domino-effect-in-peloton-stuyven-op-weg-naar-soudal-quick-step-en-een-ploeg-denkt-opnieuw-aan-evenepoel~aba153a1\/\"><em>HLN<\/em><\/a>, un <strong>deal serait act\u00e9 \u00e0 99%<\/strong>. Sa signature donnerait donc une dimension suppl\u00e9mentaire \u00e0 l&rsquo;ambitieux projet mis sur pied par <strong>Fabian Cancellara<\/strong> depuis plusieurs saisons puisqu&rsquo;il deviendrait automatiquement l&rsquo;une des deux principales figures de proue de la formation, aux c\u00f4t\u00e9s de l&rsquo;ancien double champion du monde <strong>Julian Alaphilippe<\/strong>. Pour une formation qui devrait rester au niveau Continental les prochaines saisons, cela serait un nouveau coup de force.<\/p>\n<blockquote class=\"twitter-tweet\">\n<p dir=\"ltr\" lang=\"en\">\ud83d\udea8Transfer mechanics: 99% chance K\u00fcng signs for Tudor, Molano in talks with Movistar and Intermarch\u00e9<\/p>\n<p>Vacek\u2019s future is sorted, Stuyven on the move, as speculation mounts over possible Ineos Grenadiers U23 team<a href=\"https:\/\/t.co\/t02j0hZGnC\">https:\/\/t.co\/t02j0hZGnC<\/a><\/p>\n<p>\ud83d\udcf8 <a href=\"https:\/\/twitter.com\/swpixtweets?ref_src=twsrc%5Etfw\">@swpixtweets<\/a> <a href=\"https:\/\/t.co\/wVEUdIMThp\">pic.twitter.com\/wVEUdIMThp<\/a><\/p>\n<p>\u2014 Dnlbenson (@dnlbenson) <a href=\"https:\/\/twitter.com\/dnlbenson\/status\/1919412394763104466?ref_src=twsrc%5Etfw\">May 5, 2025<\/a><\/p><\/blockquote>\n<p><script async src=\"https:\/\/platform.twitter.com\/widgets.js\" charset=\"utf-8\"><\/script><\/p>\n","protected":false},"excerpt":{"rendered":"<p>TRANSFERTS CYCLISME &#8211; Sur le d\u00e9part de la Groupama-FDJ, la machine \u00e0 rouler Stefan K\u00fcng devrait prendre la direction de la formation Tudor Pro Cycling la saison prochaine.<\/p>\n","protected":false},"author":55,"featured_media":576932,"comment_status":"open","ping_status":"closed","sticky":false,"template":"","format":"standard","meta":{"_acf_changed":false,"_daextam_enable_autolinks":"1","footnotes":""},"categories":[46994],"tags":[16878,3279,17860,24726],"class_list":["post-576930","post","type-post","status-publish","format-standard","has-post-thumbnail","hentry","category-cyclisme-sur-route","tag-breve","tag-groupama-fdj","tag-stefan-kung","tag-tudor"],"acf":[],"yoast_head":"<!-- This site is optimized with the Yoast SEO Premium plugin v26.7 (Yoast SEO v26.7) - https:\/\/yoast.com\/wordpress\/plugins\/seo\/ -->\n<title>Transferts Cyclisme : Stefan K\u00fcng devrait prendre la direction de Tudor<\/title>\n<meta name=\"description\" content=\"TRANSFERTS CYCLISME - Sur le d\u00e9part de la Groupama-FDJ, Stefan K\u00fcng devrait prendre la direction de la formation Tudor Pro Cycling.\" \/>\n<meta name=\"robots\" content=\"index, follow, max-snippet:-1, max-image-preview:large, max-video-preview:-1\" \/>\n<link rel=\"canonical\" href=\"https:\/\/dicodusport.fr\/blog\/transferts-cyclisme-stefan-kung-devrait-prendre-la-direction-de-tudor\/\" \/>\n<meta property=\"og:locale\" content=\"fr_FR\" \/>\n<meta property=\"og:type\" content=\"article\" \/>\n<meta property=\"og:title\" content=\"Transferts Cyclisme : Stefan K\u00fcng devrait prendre la direction de Tudor\" \/>\n<meta property=\"og:description\" content=\"TRANSFERTS CYCLISME - Sur le d\u00e9part de la Groupama-FDJ, Stefan K\u00fcng devrait prendre la direction de la formation Tudor Pro Cycling.\" \/>\n<meta property=\"og:url\" content=\"https:\/\/dicodusport.fr\/blog\/transferts-cyclisme-stefan-kung-devrait-prendre-la-direction-de-tudor\/\" \/>\n<meta property=\"og:site_name\" content=\"Dicodusport\" \/>\n<meta property=\"article:publisher\" content=\"https:\/\/www.facebook.com\/dicodusport\" \/>\n<meta property=\"article:published_time\" content=\"2025-05-06T07:47:47+00:00\" \/>\n<meta property=\"article:modified_time\" content=\"2025-05-06T07:56:13+00:00\" \/>\n<meta property=\"og:image\" content=\"https:\/\/dicodusport.fr\/blog\/wp-content\/uploads\/2025\/05\/Transferts-Cyclisme-Stefan-Kung-devrait-prendre-la-direction-de-Tudor.png\" \/>\n\t<meta property=\"og:image:width\" content=\"1200\" \/>\n\t<meta property=\"og:image:height\" content=\"674\" \/>\n\t<meta property=\"og:image:type\" content=\"image\/png\" \/>\n<meta name=\"author\" content=\"Maxime Cazenave\" \/>\n<meta name=\"twitter:card\" content=\"summary_large_image\" \/>\n<meta name=\"twitter:title\" content=\"Transferts Cyclisme : Stefan K\u00fcng devrait prendre la direction de Tudor\" \/>\n<meta name=\"twitter:creator\" content=\"@https:\/\/twitter.com\/Maxime_Caze\" \/>\n<meta name=\"twitter:site\" content=\"@dicodusport\" \/>\n<script type=\"application\/ld+json\" class=\"yoast-schema-graph\">{\"@context\":\"https:\/\/schema.org\",\"@graph\":[{\"@type\":\"NewsArticle\",\"@id\":\"https:\/\/dicodusport.fr\/blog\/transferts-cyclisme-stefan-kung-devrait-prendre-la-direction-de-tudor\/#article\",\"isPartOf\":{\"@id\":\"https:\/\/dicodusport.fr\/blog\/transferts-cyclisme-stefan-kung-devrait-prendre-la-direction-de-tudor\/\"},\"author\":{\"name\":\"Maxime Cazenave\",\"@id\":\"https:\/\/dicodusport.fr\/blog\/#\/schema\/person\/37def232098a7a5cbab3974a3690abb0\"},\"headline\":\"Transferts Cyclisme : Stefan K\u00fcng devrait prendre la direction de Tudor\",\"datePublished\":\"2025-05-06T07:47:47+00:00\",\"dateModified\":\"2025-05-06T07:56:13+00:00\",\"mainEntityOfPage\":{\"@id\":\"https:\/\/dicodusport.fr\/blog\/transferts-cyclisme-stefan-kung-devrait-prendre-la-direction-de-tudor\/\"},\"wordCount\":354,\"commentCount\":0,\"publisher\":{\"@id\":\"https:\/\/dicodusport.fr\/blog\/#organization\"},\"image\":{\"@id\":\"https:\/\/dicodusport.fr\/blog\/transferts-cyclisme-stefan-kung-devrait-prendre-la-direction-de-tudor\/#primaryimage\"},\"thumbnailUrl\":\"https:\/\/dicodusport.fr\/blog\/wp-content\/uploads\/2025\/05\/Transferts-Cyclisme-Stefan-Kung-devrait-prendre-la-direction-de-Tudor.png\",\"keywords\":[\"br\u00e8ve\",\"Groupama FDJ\",\"Stefan Kung\",\"Tudor\"],\"articleSection\":[\"Cyclisme sur route\"],\"inLanguage\":\"fr-FR\",\"potentialAction\":[{\"@type\":\"CommentAction\",\"name\":\"Comment\",\"target\":[\"https:\/\/dicodusport.fr\/blog\/transferts-cyclisme-stefan-kung-devrait-prendre-la-direction-de-tudor\/#respond\"]}],\"copyrightYear\":\"2025\",\"copyrightHolder\":{\"@id\":\"https:\/\/dicodusport.fr\/blog\/#organization\"}},{\"@type\":\"WebPage\",\"@id\":\"https:\/\/dicodusport.fr\/blog\/transferts-cyclisme-stefan-kung-devrait-prendre-la-direction-de-tudor\/\",\"url\":\"https:\/\/dicodusport.fr\/blog\/transferts-cyclisme-stefan-kung-devrait-prendre-la-direction-de-tudor\/\",\"name\":\"Transferts Cyclisme : Stefan K\u00fcng devrait prendre la direction de Tudor\",\"isPartOf\":{\"@id\":\"https:\/\/dicodusport.fr\/blog\/#website\"},\"primaryImageOfPage\":{\"@id\":\"https:\/\/dicodusport.fr\/blog\/transferts-cyclisme-stefan-kung-devrait-prendre-la-direction-de-tudor\/#primaryimage\"},\"image\":{\"@id\":\"https:\/\/dicodusport.fr\/blog\/transferts-cyclisme-stefan-kung-devrait-prendre-la-direction-de-tudor\/#primaryimage\"},\"thumbnailUrl\":\"https:\/\/dicodusport.fr\/blog\/wp-content\/uploads\/2025\/05\/Transferts-Cyclisme-Stefan-Kung-devrait-prendre-la-direction-de-Tudor.png\",\"datePublished\":\"2025-05-06T07:47:47+00:00\",\"dateModified\":\"2025-05-06T07:56:13+00:00\",\"description\":\"TRANSFERTS CYCLISME - Sur le d\u00e9part de la Groupama-FDJ, Stefan K\u00fcng devrait prendre la direction de la formation Tudor Pro Cycling.\",\"breadcrumb\":{\"@id\":\"https:\/\/dicodusport.fr\/blog\/transferts-cyclisme-stefan-kung-devrait-prendre-la-direction-de-tudor\/#breadcrumb\"},\"inLanguage\":\"fr-FR\",\"potentialAction\":[{\"@type\":\"ReadAction\",\"target\":[\"https:\/\/dicodusport.fr\/blog\/transferts-cyclisme-stefan-kung-devrait-prendre-la-direction-de-tudor\/\"]}]},{\"@type\":\"ImageObject\",\"inLanguage\":\"fr-FR\",\"@id\":\"https:\/\/dicodusport.fr\/blog\/transferts-cyclisme-stefan-kung-devrait-prendre-la-direction-de-tudor\/#primaryimage\",\"url\":\"https:\/\/dicodusport.fr\/blog\/wp-content\/uploads\/2025\/05\/Transferts-Cyclisme-Stefan-Kung-devrait-prendre-la-direction-de-Tudor.png\",\"contentUrl\":\"https:\/\/dicodusport.fr\/blog\/wp-content\/uploads\/2025\/05\/Transferts-Cyclisme-Stefan-Kung-devrait-prendre-la-direction-de-Tudor.png\",\"width\":1200,\"height\":674,\"caption\":\"Transferts Cyclisme : Stefan K\u00fcng devrait prendre la direction de Tudor\"},{\"@type\":\"BreadcrumbList\",\"@id\":\"https:\/\/dicodusport.fr\/blog\/transferts-cyclisme-stefan-kung-devrait-prendre-la-direction-de-tudor\/#breadcrumb\",\"itemListElement\":[{\"@type\":\"ListItem\",\"position\":1,\"name\":\"Accueil\",\"item\":\"https:\/\/dicodusport.fr\/blog\/\"},{\"@type\":\"ListItem\",\"position\":2,\"name\":\"Transferts Cyclisme : Stefan K\u00fcng devrait prendre la direction de Tudor\"}]},{\"@type\":\"WebSite\",\"@id\":\"https:\/\/dicodusport.fr\/blog\/#website\",\"url\":\"https:\/\/dicodusport.fr\/blog\/\",\"name\":\"Dicodusport\",\"description\":\"L&#039;encyclop\u00e9die de l&#039;actualit\u00e9 sportive\",\"publisher\":{\"@id\":\"https:\/\/dicodusport.fr\/blog\/#organization\"},\"potentialAction\":[{\"@type\":\"SearchAction\",\"target\":{\"@type\":\"EntryPoint\",\"urlTemplate\":\"https:\/\/dicodusport.fr\/blog\/?s={search_term_string}\"},\"query-input\":{\"@type\":\"PropertyValueSpecification\",\"valueRequired\":true,\"valueName\":\"search_term_string\"}}],\"inLanguage\":\"fr-FR\"},{\"@type\":\"NewsMediaOrganization\",\"@id\":\"https:\/\/dicodusport.fr\/blog\/#organization\",\"name\":\"Dicodusport\",\"url\":\"https:\/\/dicodusport.fr\/blog\/\",\"logo\":{\"@type\":\"ImageObject\",\"inLanguage\":\"fr-FR\",\"@id\":\"https:\/\/dicodusport.fr\/blog\/#\/schema\/logo\/image\/\",\"url\":\"https:\/\/dicodusport.fr\/blog\/wp-content\/uploads\/2020\/06\/cropped-LOGO-DICODUSPORT-2020-SANS-FOND-SANS-TEXTE.png\",\"contentUrl\":\"https:\/\/dicodusport.fr\/blog\/wp-content\/uploads\/2020\/06\/cropped-LOGO-DICODUSPORT-2020-SANS-FOND-SANS-TEXTE.png\",\"width\":512,\"height\":512,\"caption\":\"Dicodusport\"},\"image\":{\"@id\":\"https:\/\/dicodusport.fr\/blog\/#\/schema\/logo\/image\/\"},\"sameAs\":[\"https:\/\/www.facebook.com\/dicodusport\",\"https:\/\/x.com\/dicodusport\",\"https:\/\/www.instagram.com\/dicodusport\/\",\"https:\/\/www.youtube.com\/channel\/UC7V2KZ5sd3htJivAbA4ZG3w\"],\"description\":\"Dicodusport est l'encyclop\u00e9die de l'actualit\u00e9 sportive.\",\"email\":\"bonjour@dicodusport.fr\",\"legalName\":\"DICODUSPORT\",\"foundingDate\":\"2018-01-14\",\"vatID\":\"FR71834470973\",\"taxID\":\"83447097300043\",\"numberOfEmployees\":{\"@type\":\"QuantitativeValue\",\"minValue\":\"1\",\"maxValue\":\"10\"}},{\"@type\":\"Person\",\"@id\":\"https:\/\/dicodusport.fr\/blog\/#\/schema\/person\/37def232098a7a5cbab3974a3690abb0\",\"name\":\"Maxime Cazenave\",\"image\":{\"@type\":\"ImageObject\",\"inLanguage\":\"fr-FR\",\"@id\":\"https:\/\/dicodusport.fr\/blog\/#\/schema\/person\/image\/\",\"url\":\"https:\/\/dicodusport.fr\/blog\/wp-content\/uploads\/2021\/05\/Maxime-Cazenave-150x150.jpg\",\"contentUrl\":\"https:\/\/dicodusport.fr\/blog\/wp-content\/uploads\/2021\/05\/Maxime-Cazenave-150x150.jpg\",\"caption\":\"Maxime Cazenave\"},\"description\":\"Journaliste\/R\u00e9dacteur depuis 2012 - Berc\u00e9 par l\u2019amour des Girondins de Bordeaux, les \u00e9checs de Christophe Moreau sur le Tour de France sous l'\u00e8re Lance Armstrong et le fade-away l\u00e9tal de Dirk Nowitzki, ma passion d\u00e9vorante pour le sport a toujours \u00e9t\u00e9 un pan incontournable de ma vie. Transmettre ma passion \u00e0 l\u2019\u00e9crit a \u00e9t\u00e9 une transition naturelle. Suiveur assidu de basket et de hockey sur glace, je garde toujours un peu de place pour suivre le cyclisme, le football et le maximum de performances fran\u00e7aises.\",\"sameAs\":[\"https:\/\/x.com\/https:\/\/twitter.com\/Maxime_Caze\"],\"url\":\"https:\/\/dicodusport.fr\/blog\/author\/maximec\/\"}]}<\/script>\n<!-- \/ Yoast SEO Premium plugin. -->","yoast_head_json":{"title":"Transferts Cyclisme : Stefan K\u00fcng devrait prendre la direction de Tudor","description":"TRANSFERTS CYCLISME - Sur le d\u00e9part de la Groupama-FDJ, Stefan K\u00fcng devrait prendre la direction de la formation Tudor Pro Cycling.","robots":{"index":"index","follow":"follow","max-snippet":"max-snippet:-1","max-image-preview":"max-image-preview:large","max-video-preview":"max-video-preview:-1"},"canonical":"https:\/\/dicodusport.fr\/blog\/transferts-cyclisme-stefan-kung-devrait-prendre-la-direction-de-tudor\/","og_locale":"fr_FR","og_type":"article","og_title":"Transferts Cyclisme : Stefan K\u00fcng devrait prendre la direction de Tudor","og_description":"TRANSFERTS CYCLISME - Sur le d\u00e9part de la Groupama-FDJ, Stefan K\u00fcng devrait prendre la direction de la formation Tudor Pro Cycling.","og_url":"https:\/\/dicodusport.fr\/blog\/transferts-cyclisme-stefan-kung-devrait-prendre-la-direction-de-tudor\/","og_site_name":"Dicodusport","article_publisher":"https:\/\/www.facebook.com\/dicodusport","article_published_time":"2025-05-06T07:47:47+00:00","article_modified_time":"2025-05-06T07:56:13+00:00","og_image":[{"width":1200,"height":674,"url":"https:\/\/dicodusport.fr\/blog\/wp-content\/uploads\/2025\/05\/Transferts-Cyclisme-Stefan-Kung-devrait-prendre-la-direction-de-Tudor.png","type":"image\/png"}],"author":"Maxime Cazenave","twitter_card":"summary_large_image","twitter_title":"Transferts Cyclisme : Stefan K\u00fcng devrait prendre la direction de Tudor","twitter_creator":"@https:\/\/twitter.com\/Maxime_Caze","twitter_site":"@dicodusport","schema":{"@context":"https:\/\/schema.org","@graph":[{"@type":"NewsArticle","@id":"https:\/\/dicodusport.fr\/blog\/transferts-cyclisme-stefan-kung-devrait-prendre-la-direction-de-tudor\/#article","isPartOf":{"@id":"https:\/\/dicodusport.fr\/blog\/transferts-cyclisme-stefan-kung-devrait-prendre-la-direction-de-tudor\/"},"author":{"name":"Maxime Cazenave","@id":"https:\/\/dicodusport.fr\/blog\/#\/schema\/person\/37def232098a7a5cbab3974a3690abb0"},"headline":"Transferts Cyclisme : Stefan K\u00fcng devrait prendre la direction de Tudor","datePublished":"2025-05-06T07:47:47+00:00","dateModified":"2025-05-06T07:56:13+00:00","mainEntityOfPage":{"@id":"https:\/\/dicodusport.fr\/blog\/transferts-cyclisme-stefan-kung-devrait-prendre-la-direction-de-tudor\/"},"wordCount":354,"commentCount":0,"publisher":{"@id":"https:\/\/dicodusport.fr\/blog\/#organization"},"image":{"@id":"https:\/\/dicodusport.fr\/blog\/transferts-cyclisme-stefan-kung-devrait-prendre-la-direction-de-tudor\/#primaryimage"},"thumbnailUrl":"https:\/\/dicodusport.fr\/blog\/wp-content\/uploads\/2025\/05\/Transferts-Cyclisme-Stefan-Kung-devrait-prendre-la-direction-de-Tudor.png","keywords":["br\u00e8ve","Groupama FDJ","Stefan Kung","Tudor"],"articleSection":["Cyclisme sur route"],"inLanguage":"fr-FR","potentialAction":[{"@type":"CommentAction","name":"Comment","target":["https:\/\/dicodusport.fr\/blog\/transferts-cyclisme-stefan-kung-devrait-prendre-la-direction-de-tudor\/#respond"]}],"copyrightYear":"2025","copyrightHolder":{"@id":"https:\/\/dicodusport.fr\/blog\/#organization"}},{"@type":"WebPage","@id":"https:\/\/dicodusport.fr\/blog\/transferts-cyclisme-stefan-kung-devrait-prendre-la-direction-de-tudor\/","url":"https:\/\/dicodusport.fr\/blog\/transferts-cyclisme-stefan-kung-devrait-prendre-la-direction-de-tudor\/","name":"Transferts Cyclisme : Stefan K\u00fcng devrait prendre la direction de Tudor","isPartOf":{"@id":"https:\/\/dicodusport.fr\/blog\/#website"},"primaryImageOfPage":{"@id":"https:\/\/dicodusport.fr\/blog\/transferts-cyclisme-stefan-kung-devrait-prendre-la-direction-de-tudor\/#primaryimage"},"image":{"@id":"https:\/\/dicodusport.fr\/blog\/transferts-cyclisme-stefan-kung-devrait-prendre-la-direction-de-tudor\/#primaryimage"},"thumbnailUrl":"https:\/\/dicodusport.fr\/blog\/wp-content\/uploads\/2025\/05\/Transferts-Cyclisme-Stefan-Kung-devrait-prendre-la-direction-de-Tudor.png","datePublished":"2025-05-06T07:47:47+00:00","dateModified":"2025-05-06T07:56:13+00:00","description":"TRANSFERTS CYCLISME - Sur le d\u00e9part de la Groupama-FDJ, Stefan K\u00fcng devrait prendre la direction de la formation Tudor Pro Cycling.","breadcrumb":{"@id":"https:\/\/dicodusport.fr\/blog\/transferts-cyclisme-stefan-kung-devrait-prendre-la-direction-de-tudor\/#breadcrumb"},"inLanguage":"fr-FR","potentialAction":[{"@type":"ReadAction","target":["https:\/\/dicodusport.fr\/blog\/transferts-cyclisme-stefan-kung-devrait-prendre-la-direction-de-tudor\/"]}]},{"@type":"ImageObject","inLanguage":"fr-FR","@id":"https:\/\/dicodusport.fr\/blog\/transferts-cyclisme-stefan-kung-devrait-prendre-la-direction-de-tudor\/#primaryimage","url":"https:\/\/dicodusport.fr\/blog\/wp-content\/uploads\/2025\/05\/Transferts-Cyclisme-Stefan-Kung-devrait-prendre-la-direction-de-Tudor.png","contentUrl":"https:\/\/dicodusport.fr\/blog\/wp-content\/uploads\/2025\/05\/Transferts-Cyclisme-Stefan-Kung-devrait-prendre-la-direction-de-Tudor.png","width":1200,"height":674,"caption":"Transferts Cyclisme : Stefan K\u00fcng devrait prendre la direction de Tudor"},{"@type":"BreadcrumbList","@id":"https:\/\/dicodusport.fr\/blog\/transferts-cyclisme-stefan-kung-devrait-prendre-la-direction-de-tudor\/#breadcrumb","itemListElement":[{"@type":"ListItem","position":1,"name":"Accueil","item":"https:\/\/dicodusport.fr\/blog\/"},{"@type":"ListItem","position":2,"name":"Transferts Cyclisme : Stefan K\u00fcng devrait prendre la direction de Tudor"}]},{"@type":"WebSite","@id":"https:\/\/dicodusport.fr\/blog\/#website","url":"https:\/\/dicodusport.fr\/blog\/","name":"Dicodusport","description":"L&#039;encyclop\u00e9die de l&#039;actualit\u00e9 sportive","publisher":{"@id":"https:\/\/dicodusport.fr\/blog\/#organization"},"potentialAction":[{"@type":"SearchAction","target":{"@type":"EntryPoint","urlTemplate":"https:\/\/dicodusport.fr\/blog\/?s={search_term_string}"},"query-input":{"@type":"PropertyValueSpecification","valueRequired":true,"valueName":"search_term_string"}}],"inLanguage":"fr-FR"},{"@type":"NewsMediaOrganization","@id":"https:\/\/dicodusport.fr\/blog\/#organization","name":"Dicodusport","url":"https:\/\/dicodusport.fr\/blog\/","logo":{"@type":"ImageObject","inLanguage":"fr-FR","@id":"https:\/\/dicodusport.fr\/blog\/#\/schema\/logo\/image\/","url":"https:\/\/dicodusport.fr\/blog\/wp-content\/uploads\/2020\/06\/cropped-LOGO-DICODUSPORT-2020-SANS-FOND-SANS-TEXTE.png","contentUrl":"https:\/\/dicodusport.fr\/blog\/wp-content\/uploads\/2020\/06\/cropped-LOGO-DICODUSPORT-2020-SANS-FOND-SANS-TEXTE.png","width":512,"height":512,"caption":"Dicodusport"},"image":{"@id":"https:\/\/dicodusport.fr\/blog\/#\/schema\/logo\/image\/"},"sameAs":["https:\/\/www.facebook.com\/dicodusport","https:\/\/x.com\/dicodusport","https:\/\/www.instagram.com\/dicodusport\/","https:\/\/www.youtube.com\/channel\/UC7V2KZ5sd3htJivAbA4ZG3w"],"description":"Dicodusport est l'encyclop\u00e9die de l'actualit\u00e9 sportive.","email":"bonjour@dicodusport.fr","legalName":"DICODUSPORT","foundingDate":"2018-01-14","vatID":"FR71834470973","taxID":"83447097300043","numberOfEmployees":{"@type":"QuantitativeValue","minValue":"1","maxValue":"10"}},{"@type":"Person","@id":"https:\/\/dicodusport.fr\/blog\/#\/schema\/person\/37def232098a7a5cbab3974a3690abb0","name":"Maxime Cazenave","image":{"@type":"ImageObject","inLanguage":"fr-FR","@id":"https:\/\/dicodusport.fr\/blog\/#\/schema\/person\/image\/","url":"https:\/\/dicodusport.fr\/blog\/wp-content\/uploads\/2021\/05\/Maxime-Cazenave-150x150.jpg","contentUrl":"https:\/\/dicodusport.fr\/blog\/wp-content\/uploads\/2021\/05\/Maxime-Cazenave-150x150.jpg","caption":"Maxime Cazenave"},"description":"Journaliste\/R\u00e9dacteur depuis 2012 - Berc\u00e9 par l\u2019amour des Girondins de Bordeaux, les \u00e9checs de Christophe Moreau sur le Tour de France sous l'\u00e8re Lance Armstrong et le fade-away l\u00e9tal de Dirk Nowitzki, ma passion d\u00e9vorante pour le sport a toujours \u00e9t\u00e9 un pan incontournable de ma vie. Transmettre ma passion \u00e0 l\u2019\u00e9crit a \u00e9t\u00e9 une transition naturelle. Suiveur assidu de basket et de hockey sur glace, je garde toujours un peu de place pour suivre le cyclisme, le football et le maximum de performances fran\u00e7aises.","sameAs":["https:\/\/x.com\/https:\/\/twitter.com\/Maxime_Caze"],"url":"https:\/\/dicodusport.fr\/blog\/author\/maximec\/"}]}},"_links":{"self":[{"href":"https:\/\/dicodusport.fr\/blog\/wp-json\/wp\/v2\/posts\/576930","targetHints":{"allow":["GET"]}}],"collection":[{"href":"https:\/\/dicodusport.fr\/blog\/wp-json\/wp\/v2\/posts"}],"about":[{"href":"https:\/\/dicodusport.fr\/blog\/wp-json\/wp\/v2\/types\/post"}],"author":[{"embeddable":true,"href":"https:\/\/dicodusport.fr\/blog\/wp-json\/wp\/v2\/users\/55"}],"replies":[{"embeddable":true,"href":"https:\/\/dicodusport.fr\/blog\/wp-json\/wp\/v2\/comments?post=576930"}],"version-history":[{"count":3,"href":"https:\/\/dicodusport.fr\/blog\/wp-json\/wp\/v2\/posts\/576930\/revisions"}],"predecessor-version":[{"id":576940,"href":"https:\/\/dicodusport.fr\/blog\/wp-json\/wp\/v2\/posts\/576930\/revisions\/576940"}],"wp:featuredmedia":[{"embeddable":true,"href":"https:\/\/dicodusport.fr\/blog\/wp-json\/wp\/v2\/media\/576932"}],"wp:attachment":[{"href":"https:\/\/dicodusport.fr\/blog\/wp-json\/wp\/v2\/media?parent=576930"}],"wp:term":[{"taxonomy":"category","embeddable":true,"href":"https:\/\/dicodusport.fr\/blog\/wp-json\/wp\/v2\/categories?post=576930"},{"taxonomy":"post_tag","embeddable":true,"href":"https:\/\/dicodusport.fr\/blog\/wp-json\/wp\/v2\/tags?post=576930"}],"curies":[{"name":"wp","href":"https:\/\/api.w.org\/{rel}","templated":true}]}}