{"id":576934,"date":"2025-05-06T09:50:18","date_gmt":"2025-05-06T07:50:18","guid":{"rendered":"https:\/\/dicodusport.fr\/blog\/?p=576934&#038;preview=true&#038;preview_id=576934"},"modified":"2025-05-21T17:43:21","modified_gmt":"2025-05-21T15:43:21","slug":"transferts-leigh-halfpenny-devrait-sengager-avec-un-club-de-pro-d2","status":"publish","type":"post","link":"https:\/\/dicodusport.fr\/blog\/transferts-leigh-halfpenny-devrait-sengager-avec-un-club-de-pro-d2\/","title":{"rendered":"Transferts : Leigh Halfpenny devrait s&rsquo;engager avec un club de Pro D2"},"content":{"rendered":"<h4 style=\"text-align: justify;\"><em>TOP 14 2024-2025 &#8211; Selon <a href=\"https:\/\/www.rugbyrama.fr\/2025\/05\/06\/transferts-pro-d2-exclu-midol-beziers-pourrait-soffrir-la-star-galloise-leigh-halfpenny-12678106.php\">Rugbyrama<\/a>, Leigh Halfpenny va effectuer son retour en France, et s&rsquo;engager avec l&rsquo;AS B\u00e9ziers-H\u00e9rault la saison prochaine.<\/em><\/h4>\n<p style=\"text-align: justify;\">Il n&rsquo;a laiss\u00e9 que des bons souvenirs aux supporters du <strong>RC Toulon<\/strong>. Pendant trois ans, <strong>Leigh Halfpenny<\/strong> a port\u00e9 les couleurs du club varois, participant \u00e0 la qu\u00eate de la troisi\u00e8me et derni\u00e8re Champions Cup du RCT. Buteur de tr\u00e8s haut niveau, international gallois \u00e0 101 reprises, il semblait terminer tranquillement sa carri\u00e8re aux Harlequins, qu&rsquo;il a rejoint l&rsquo;\u00e9t\u00e9 dernier, apr\u00e8s une petite exp\u00e9rience en Super Rugby, chez les Crusaders.<\/p>\n<ul style=\"text-align: justify;\">\n<li style=\"text-align: justify;\"><strong>\u00c0 ce sujet \u2014\u00a0<a href=\"https:\/\/dicodusport.fr\/blog\/classement-pro-d2-2024-2025\/\">Classement Pro D2 2024-2025<\/a><\/strong><\/li>\n<\/ul>\n<h2 style=\"text-align: justify;\">B\u00e9ziers pour le gros coup Halfpenny<\/h2>\n<p style=\"text-align: justify;\">Mais visiblement, ce ne sera pas le cas. Rugbyrama nous apprend aujourd&rsquo;hui qu&rsquo;il est tout pr\u00e8s de revenir jouer en France. Pas en Top 14, mais en Pro D2. L&rsquo;<strong>AS B\u00e9ziers-H\u00e9rault<\/strong> serait sur le point de r\u00e9aliser une belle signature avec l&rsquo;ancien international, qui a r\u00e9cemment visit\u00e9 les installations du club. R\u00e9cemment, de nouveaux propri\u00e9taires sont arriv\u00e9s \u00e0 la t\u00eate de l&rsquo;ASBH, et comme il est de coutume, ils voient grand.<\/p>\n<p style=\"text-align: justify;\">\u00c0 deux journ\u00e9es de la phase r\u00e9guli\u00e8re, B\u00e9ziers est actuellement sixi\u00e8me de Pro D2 et donc dernier qualifi\u00e9 pour les barrages. Si monter cette saison para\u00eet incongru, cela reste une belle base de travail pour la suite. Avec la nouvelle direction, et un recrutement marquant d&rsquo;un grand nom du rugby mondial pour lancer cette nouvelle \u00e8re, nul doute que B\u00e9ziers serait incroyablement attrayant la saison prochaine. \u00c0 suivre donc, en attendant la confirmation du retour de <strong>Leigh Halfpenny<\/strong> en France, ce qui serait une tr\u00e8s bonne nouvelle pour la Pro D2, championnat de plus en plus suivi.<\/p>\n<blockquote class=\"twitter-tweet\">\n<p dir=\"ltr\" lang=\"fr\">\ud835\ude3d\ud835\ude5a\u0301\ud835\ude6f\ud835\ude5e\ud835\ude5a\ud835\ude67\ud835\ude68 \ud835\ude68\ud835\ude6a\ud835\ude67 \ud835\ude6a\ud835\ude63 \ud835\ude5c\ud835\ude67\ud835\ude64\ud835\ude68 \ud835\ude58\ud835\ude64\ud835\ude6a\ud835\ude65 \ud83c\udff4\udb40\udc67\udb40\udc62\udb40\udc77\udb40\udc6c\udb40\udc73\udb40\udc7f<\/p>\n<p>L&rsquo;arri\u00e8re l\u00e9gendaire du pays de Galles (105 s\u00e9lections) \u00e9tait pr\u00e9sent en fin de semaine derni\u00e8re \u00e0 B\u00e9ziers afin de visiter les installations.<\/p>\n<p>Les infos &gt; <a href=\"https:\/\/t.co\/xpcTMv51ib\">https:\/\/t.co\/xpcTMv51ib<\/a> <a href=\"https:\/\/t.co\/snA5RF8GF0\">pic.twitter.com\/snA5RF8GF0<\/a><\/p>\n<p>\u2014 RUGBYRAMA (@RugbyramaFR) <a href=\"https:\/\/twitter.com\/RugbyramaFR\/status\/1919657721499902326?ref_src=twsrc%5Etfw\">May 6, 2025<\/a><\/p><\/blockquote>\n<p style=\"text-align: justify;\"><script async src=\"https:\/\/platform.twitter.com\/widgets.js\" charset=\"utf-8\"><\/script><\/p>\n<h2 style=\"text-align: justify;\">\u00c0 lire aussi<\/h2>\n<div class=\"vlp-link-container vlp-layout-article\"><a href=\"https:\/\/dicodusport.fr\/blog\/transferts-rugby-stade-francais-jj-van-der-mescht-edgar-retiere-les-infos-du-lundi-5-mai\/\" class=\"vlp-link\" title=\"Transferts Rugby : Stade Fran\u00e7ais, JJ van der Mescht, Edgar Reti\u00e8re, les infos du lundi 5 mai\"><\/a><div class=\"vlp-layout-zone-side\"><div class=\"vlp-block-4 vlp-link-image\"><img loading=\"lazy\" decoding=\"async\" style=\"max-width: 792px;\" width=\"792\" height=\"445\" src=\"https:\/\/dicodusport.fr\/blog\/wp-content\/uploads\/2025\/05\/Transferts-Rugby-Stade-Francais-JJ-van-der-Mescht-Edgar-Retiere-les-infos-du-lundi-5-mai.png\" class=\"attachment-800x445 size-800x445\" alt=\"Transferts Rugby Stade Fran\u00e7ais, JJ van der Mescht, Edgar Reti\u00e8re, les infos du lundi 5 mai\" srcset=\"https:\/\/dicodusport.fr\/blog\/wp-content\/uploads\/2025\/05\/Transferts-Rugby-Stade-Francais-JJ-van-der-Mescht-Edgar-Retiere-les-infos-du-lundi-5-mai.png 1200w, https:\/\/dicodusport.fr\/blog\/wp-content\/uploads\/2025\/05\/Transferts-Rugby-Stade-Francais-JJ-van-der-Mescht-Edgar-Retiere-les-infos-du-lundi-5-mai-300x169.png 300w, https:\/\/dicodusport.fr\/blog\/wp-content\/uploads\/2025\/05\/Transferts-Rugby-Stade-Francais-JJ-van-der-Mescht-Edgar-Retiere-les-infos-du-lundi-5-mai-1024x575.png 1024w, https:\/\/dicodusport.fr\/blog\/wp-content\/uploads\/2025\/05\/Transferts-Rugby-Stade-Francais-JJ-van-der-Mescht-Edgar-Retiere-les-infos-du-lundi-5-mai-768x431.png 768w\" sizes=\"auto, (max-width: 792px) 100vw, 792px\" \/><\/div><\/div><div class=\"vlp-layout-zone-main\"><div class=\"vlp-block-0 vlp-link-title\">Transferts Rugby : Stade Fran\u00e7ais, JJ van der Mescht, Edgar Reti\u00e8re, les infos du lundi 5 mai<\/div><div class=\"vlp-block-1 vlp-link-summary\">Stade Fran\u00e7ais, JJ van der Mescht, Edgar Reti\u00e8re, les infos du lundi 5 mai<\/div><div class=\"vlp-block-2 vlp-link-button\">Lire l'article<\/div><div class=\"vlp-block-3 vlp-link-url\">dicodusport.fr<\/div><\/div><\/div>\n","protected":false},"excerpt":{"rendered":"<p>TOP 14 2024-2025 &#8211; Selon Rugbyrama, Leigh Halfpenny va effectuer son retour en France, et s&rsquo;engager avec l&rsquo;AS B\u00e9ziers-H\u00e9rault la saison prochaine.<\/p>\n","protected":false},"author":59,"featured_media":576937,"comment_status":"open","ping_status":"closed","sticky":false,"template":"","format":"standard","meta":{"_acf_changed":false,"_daextam_enable_autolinks":"1","footnotes":""},"categories":[47052,9129],"tags":[10797,16878,5443,29105],"class_list":["post-576934","post","type-post","status-publish","format-standard","has-post-thumbnail","hentry","category-pro-d2","category-rugby-a-xv","tag-as-beziers-herault","tag-breve","tag-transfert","tag-transferts-rugby"],"acf":[],"yoast_head":"<!-- This site is optimized with the Yoast SEO Premium plugin v26.7 (Yoast SEO v26.7) - https:\/\/yoast.com\/wordpress\/plugins\/seo\/ -->\n<title>Transferts : Leigh Halfpenny devrait s&#039;engager avec un club de Pro D2<\/title>\n<meta name=\"description\" content=\"TOP 14 2024-2025 - Selon Rugbyrama, Leigh Halfpenny va effectuer son retour en France, et s&#039;engager avec l&#039;AS B\u00e9ziers-H\u00e9rault la saison prochaine.\" \/>\n<meta name=\"robots\" content=\"index, follow, max-snippet:-1, max-image-preview:large, max-video-preview:-1\" \/>\n<link rel=\"canonical\" href=\"https:\/\/dicodusport.fr\/blog\/transferts-leigh-halfpenny-devrait-sengager-avec-un-club-de-pro-d2\/\" \/>\n<meta property=\"og:locale\" content=\"fr_FR\" \/>\n<meta property=\"og:type\" content=\"article\" \/>\n<meta property=\"og:title\" content=\"Transferts : Leigh Halfpenny devrait s&#039;engager avec un club de Pro D2\" \/>\n<meta property=\"og:description\" content=\"TOP 14 2024-2025 - Selon Rugbyrama, Leigh Halfpenny va effectuer son retour en France, et s&#039;engager avec l&#039;AS B\u00e9ziers-H\u00e9rault la saison prochaine.\" \/>\n<meta property=\"og:url\" content=\"https:\/\/dicodusport.fr\/blog\/transferts-leigh-halfpenny-devrait-sengager-avec-un-club-de-pro-d2\/\" \/>\n<meta property=\"og:site_name\" content=\"Dicodusport\" \/>\n<meta property=\"article:publisher\" content=\"https:\/\/www.facebook.com\/dicodusport\" \/>\n<meta property=\"article:author\" content=\"https:\/\/www.facebook.com\/sebastien.gente\/\" \/>\n<meta property=\"article:published_time\" content=\"2025-05-06T07:50:18+00:00\" \/>\n<meta property=\"article:modified_time\" content=\"2025-05-21T15:43:21+00:00\" \/>\n<meta property=\"og:image\" content=\"https:\/\/dicodusport.fr\/blog\/wp-content\/uploads\/2025\/05\/Transferts-Leigh-Halfpenny-devrait-sengager-avec-un-club-de-Pro-D2.png\" \/>\n\t<meta property=\"og:image:width\" content=\"1200\" \/>\n\t<meta property=\"og:image:height\" content=\"674\" \/>\n\t<meta property=\"og:image:type\" content=\"image\/png\" \/>\n<meta name=\"author\" content=\"S\u00e9bastien Gente\" \/>\n<meta name=\"twitter:card\" content=\"summary_large_image\" \/>\n<meta name=\"twitter:title\" content=\"Transferts : Leigh Halfpenny devrait s&#039;engager avec un club de Pro D2\" \/>\n<meta name=\"twitter:creator\" content=\"@https:\/\/twitter.com\/globulo24\" \/>\n<meta name=\"twitter:site\" content=\"@dicodusport\" \/>\n<script type=\"application\/ld+json\" class=\"yoast-schema-graph\">{\"@context\":\"https:\/\/schema.org\",\"@graph\":[{\"@type\":\"NewsArticle\",\"@id\":\"https:\/\/dicodusport.fr\/blog\/transferts-leigh-halfpenny-devrait-sengager-avec-un-club-de-pro-d2\/#article\",\"isPartOf\":{\"@id\":\"https:\/\/dicodusport.fr\/blog\/transferts-leigh-halfpenny-devrait-sengager-avec-un-club-de-pro-d2\/\"},\"author\":{\"name\":\"S\u00e9bastien Gente\",\"@id\":\"https:\/\/dicodusport.fr\/blog\/#\/schema\/person\/627966a6cde45dbd8c5e36ac85d783da\"},\"headline\":\"Transferts : Leigh Halfpenny devrait s&rsquo;engager avec un club de Pro D2\",\"datePublished\":\"2025-05-06T07:50:18+00:00\",\"dateModified\":\"2025-05-21T15:43:21+00:00\",\"mainEntityOfPage\":{\"@id\":\"https:\/\/dicodusport.fr\/blog\/transferts-leigh-halfpenny-devrait-sengager-avec-un-club-de-pro-d2\/\"},\"wordCount\":438,\"commentCount\":0,\"publisher\":{\"@id\":\"https:\/\/dicodusport.fr\/blog\/#organization\"},\"image\":{\"@id\":\"https:\/\/dicodusport.fr\/blog\/transferts-leigh-halfpenny-devrait-sengager-avec-un-club-de-pro-d2\/#primaryimage\"},\"thumbnailUrl\":\"https:\/\/dicodusport.fr\/blog\/wp-content\/uploads\/2025\/05\/Transferts-Leigh-Halfpenny-devrait-sengager-avec-un-club-de-Pro-D2.png\",\"keywords\":[\"AS B\u00e9ziers H\u00e9rault\",\"br\u00e8ve\",\"transfert\",\"Transferts rugby\"],\"articleSection\":[\"Pro D2\",\"Rugby \u00e0 XV\"],\"inLanguage\":\"fr-FR\",\"potentialAction\":[{\"@type\":\"CommentAction\",\"name\":\"Comment\",\"target\":[\"https:\/\/dicodusport.fr\/blog\/transferts-leigh-halfpenny-devrait-sengager-avec-un-club-de-pro-d2\/#respond\"]}],\"copyrightYear\":\"2025\",\"copyrightHolder\":{\"@id\":\"https:\/\/dicodusport.fr\/blog\/#organization\"}},{\"@type\":\"WebPage\",\"@id\":\"https:\/\/dicodusport.fr\/blog\/transferts-leigh-halfpenny-devrait-sengager-avec-un-club-de-pro-d2\/\",\"url\":\"https:\/\/dicodusport.fr\/blog\/transferts-leigh-halfpenny-devrait-sengager-avec-un-club-de-pro-d2\/\",\"name\":\"Transferts : Leigh Halfpenny devrait s'engager avec un club de Pro D2\",\"isPartOf\":{\"@id\":\"https:\/\/dicodusport.fr\/blog\/#website\"},\"primaryImageOfPage\":{\"@id\":\"https:\/\/dicodusport.fr\/blog\/transferts-leigh-halfpenny-devrait-sengager-avec-un-club-de-pro-d2\/#primaryimage\"},\"image\":{\"@id\":\"https:\/\/dicodusport.fr\/blog\/transferts-leigh-halfpenny-devrait-sengager-avec-un-club-de-pro-d2\/#primaryimage\"},\"thumbnailUrl\":\"https:\/\/dicodusport.fr\/blog\/wp-content\/uploads\/2025\/05\/Transferts-Leigh-Halfpenny-devrait-sengager-avec-un-club-de-Pro-D2.png\",\"datePublished\":\"2025-05-06T07:50:18+00:00\",\"dateModified\":\"2025-05-21T15:43:21+00:00\",\"description\":\"TOP 14 2024-2025 - Selon Rugbyrama, Leigh Halfpenny va effectuer son retour en France, et s'engager avec l'AS B\u00e9ziers-H\u00e9rault la saison prochaine.\",\"breadcrumb\":{\"@id\":\"https:\/\/dicodusport.fr\/blog\/transferts-leigh-halfpenny-devrait-sengager-avec-un-club-de-pro-d2\/#breadcrumb\"},\"inLanguage\":\"fr-FR\",\"potentialAction\":[{\"@type\":\"ReadAction\",\"target\":[\"https:\/\/dicodusport.fr\/blog\/transferts-leigh-halfpenny-devrait-sengager-avec-un-club-de-pro-d2\/\"]}]},{\"@type\":\"ImageObject\",\"inLanguage\":\"fr-FR\",\"@id\":\"https:\/\/dicodusport.fr\/blog\/transferts-leigh-halfpenny-devrait-sengager-avec-un-club-de-pro-d2\/#primaryimage\",\"url\":\"https:\/\/dicodusport.fr\/blog\/wp-content\/uploads\/2025\/05\/Transferts-Leigh-Halfpenny-devrait-sengager-avec-un-club-de-Pro-D2.png\",\"contentUrl\":\"https:\/\/dicodusport.fr\/blog\/wp-content\/uploads\/2025\/05\/Transferts-Leigh-Halfpenny-devrait-sengager-avec-un-club-de-Pro-D2.png\",\"width\":1200,\"height\":674,\"caption\":\"Transferts Leigh Halfpenny devrait s'engager avec un club de Pro D2\"},{\"@type\":\"BreadcrumbList\",\"@id\":\"https:\/\/dicodusport.fr\/blog\/transferts-leigh-halfpenny-devrait-sengager-avec-un-club-de-pro-d2\/#breadcrumb\",\"itemListElement\":[{\"@type\":\"ListItem\",\"position\":1,\"name\":\"Accueil\",\"item\":\"https:\/\/dicodusport.fr\/blog\/\"},{\"@type\":\"ListItem\",\"position\":2,\"name\":\"Transferts : Leigh Halfpenny devrait s&rsquo;engager avec un club de Pro D2\"}]},{\"@type\":\"WebSite\",\"@id\":\"https:\/\/dicodusport.fr\/blog\/#website\",\"url\":\"https:\/\/dicodusport.fr\/blog\/\",\"name\":\"Dicodusport\",\"description\":\"L&#039;encyclop\u00e9die de l&#039;actualit\u00e9 sportive\",\"publisher\":{\"@id\":\"https:\/\/dicodusport.fr\/blog\/#organization\"},\"potentialAction\":[{\"@type\":\"SearchAction\",\"target\":{\"@type\":\"EntryPoint\",\"urlTemplate\":\"https:\/\/dicodusport.fr\/blog\/?s={search_term_string}\"},\"query-input\":{\"@type\":\"PropertyValueSpecification\",\"valueRequired\":true,\"valueName\":\"search_term_string\"}}],\"inLanguage\":\"fr-FR\"},{\"@type\":\"NewsMediaOrganization\",\"@id\":\"https:\/\/dicodusport.fr\/blog\/#organization\",\"name\":\"Dicodusport\",\"url\":\"https:\/\/dicodusport.fr\/blog\/\",\"logo\":{\"@type\":\"ImageObject\",\"inLanguage\":\"fr-FR\",\"@id\":\"https:\/\/dicodusport.fr\/blog\/#\/schema\/logo\/image\/\",\"url\":\"https:\/\/dicodusport.fr\/blog\/wp-content\/uploads\/2020\/06\/cropped-LOGO-DICODUSPORT-2020-SANS-FOND-SANS-TEXTE.png\",\"contentUrl\":\"https:\/\/dicodusport.fr\/blog\/wp-content\/uploads\/2020\/06\/cropped-LOGO-DICODUSPORT-2020-SANS-FOND-SANS-TEXTE.png\",\"width\":512,\"height\":512,\"caption\":\"Dicodusport\"},\"image\":{\"@id\":\"https:\/\/dicodusport.fr\/blog\/#\/schema\/logo\/image\/\"},\"sameAs\":[\"https:\/\/www.facebook.com\/dicodusport\",\"https:\/\/x.com\/dicodusport\",\"https:\/\/www.instagram.com\/dicodusport\/\",\"https:\/\/www.youtube.com\/channel\/UC7V2KZ5sd3htJivAbA4ZG3w\"],\"description\":\"Dicodusport est l'encyclop\u00e9die de l'actualit\u00e9 sportive.\",\"email\":\"bonjour@dicodusport.fr\",\"legalName\":\"DICODUSPORT\",\"foundingDate\":\"2018-01-14\",\"vatID\":\"FR71834470973\",\"taxID\":\"83447097300043\",\"numberOfEmployees\":{\"@type\":\"QuantitativeValue\",\"minValue\":\"1\",\"maxValue\":\"10\"}},{\"@type\":\"Person\",\"@id\":\"https:\/\/dicodusport.fr\/blog\/#\/schema\/person\/627966a6cde45dbd8c5e36ac85d783da\",\"name\":\"S\u00e9bastien Gente\",\"image\":{\"@type\":\"ImageObject\",\"inLanguage\":\"fr-FR\",\"@id\":\"https:\/\/dicodusport.fr\/blog\/#\/schema\/person\/image\/\",\"url\":\"https:\/\/dicodusport.fr\/blog\/wp-content\/uploads\/2021\/09\/1510990_10205810251400683_4124423575079401707_n-150x150.jpg\",\"contentUrl\":\"https:\/\/dicodusport.fr\/blog\/wp-content\/uploads\/2021\/09\/1510990_10205810251400683_4124423575079401707_n-150x150.jpg\",\"caption\":\"S\u00e9bastien Gente\"},\"description\":\"John Stockton, Gianni Bugno, Zinedine Zidane, Steffi Graf, Frode Andresen, St\u00e9phane Stoecklin, Davis Kamoga, Primoz Peterka, Werner Schlager et Aur\u00e9lien Rougerie. Point commun entre ces sportifs? Ils m'ont fait r\u00eaver et ont berc\u00e9 mon adolescence. Je suis un fondu de sports et j'essaie de retranscrire ma passion \u00e0 travers mes articles. Originaire du P\u00e9rigord, ma passion pour les Girondins, les Jaunards et les Jazzmen transpire dans mes \u00e9crits. \u00c0 Dicodusport depuis 2021, je d\u00e9niche les sports m\u00e9connus dans lesquels la France brille, et il y en a !\",\"sameAs\":[\"https:\/\/www.facebook.com\/sebastien.gente\/\",\"https:\/\/www.instagram.com\/sebgente\/\",\"https:\/\/www.linkedin.com\/in\/sbastien-gente-a29583169\/\",\"https:\/\/x.com\/https:\/\/twitter.com\/globulo24\",\"SebastienGente\"],\"worksFor\":\"S\u00e9bastien GENTE\",\"url\":\"https:\/\/dicodusport.fr\/blog\/author\/sebastiengente\/\"}]}<\/script>\n<!-- \/ Yoast SEO Premium plugin. -->","yoast_head_json":{"title":"Transferts : Leigh Halfpenny devrait s'engager avec un club de Pro D2","description":"TOP 14 2024-2025 - Selon Rugbyrama, Leigh Halfpenny va effectuer son retour en France, et s'engager avec l'AS B\u00e9ziers-H\u00e9rault la saison prochaine.","robots":{"index":"index","follow":"follow","max-snippet":"max-snippet:-1","max-image-preview":"max-image-preview:large","max-video-preview":"max-video-preview:-1"},"canonical":"https:\/\/dicodusport.fr\/blog\/transferts-leigh-halfpenny-devrait-sengager-avec-un-club-de-pro-d2\/","og_locale":"fr_FR","og_type":"article","og_title":"Transferts : Leigh Halfpenny devrait s'engager avec un club de Pro D2","og_description":"TOP 14 2024-2025 - Selon Rugbyrama, Leigh Halfpenny va effectuer son retour en France, et s'engager avec l'AS B\u00e9ziers-H\u00e9rault la saison prochaine.","og_url":"https:\/\/dicodusport.fr\/blog\/transferts-leigh-halfpenny-devrait-sengager-avec-un-club-de-pro-d2\/","og_site_name":"Dicodusport","article_publisher":"https:\/\/www.facebook.com\/dicodusport","article_author":"https:\/\/www.facebook.com\/sebastien.gente\/","article_published_time":"2025-05-06T07:50:18+00:00","article_modified_time":"2025-05-21T15:43:21+00:00","og_image":[{"width":1200,"height":674,"url":"https:\/\/dicodusport.fr\/blog\/wp-content\/uploads\/2025\/05\/Transferts-Leigh-Halfpenny-devrait-sengager-avec-un-club-de-Pro-D2.png","type":"image\/png"}],"author":"S\u00e9bastien Gente","twitter_card":"summary_large_image","twitter_title":"Transferts : Leigh Halfpenny devrait s'engager avec un club de Pro D2","twitter_creator":"@https:\/\/twitter.com\/globulo24","twitter_site":"@dicodusport","schema":{"@context":"https:\/\/schema.org","@graph":[{"@type":"NewsArticle","@id":"https:\/\/dicodusport.fr\/blog\/transferts-leigh-halfpenny-devrait-sengager-avec-un-club-de-pro-d2\/#article","isPartOf":{"@id":"https:\/\/dicodusport.fr\/blog\/transferts-leigh-halfpenny-devrait-sengager-avec-un-club-de-pro-d2\/"},"author":{"name":"S\u00e9bastien Gente","@id":"https:\/\/dicodusport.fr\/blog\/#\/schema\/person\/627966a6cde45dbd8c5e36ac85d783da"},"headline":"Transferts : Leigh Halfpenny devrait s&rsquo;engager avec un club de Pro D2","datePublished":"2025-05-06T07:50:18+00:00","dateModified":"2025-05-21T15:43:21+00:00","mainEntityOfPage":{"@id":"https:\/\/dicodusport.fr\/blog\/transferts-leigh-halfpenny-devrait-sengager-avec-un-club-de-pro-d2\/"},"wordCount":438,"commentCount":0,"publisher":{"@id":"https:\/\/dicodusport.fr\/blog\/#organization"},"image":{"@id":"https:\/\/dicodusport.fr\/blog\/transferts-leigh-halfpenny-devrait-sengager-avec-un-club-de-pro-d2\/#primaryimage"},"thumbnailUrl":"https:\/\/dicodusport.fr\/blog\/wp-content\/uploads\/2025\/05\/Transferts-Leigh-Halfpenny-devrait-sengager-avec-un-club-de-Pro-D2.png","keywords":["AS B\u00e9ziers H\u00e9rault","br\u00e8ve","transfert","Transferts rugby"],"articleSection":["Pro D2","Rugby \u00e0 XV"],"inLanguage":"fr-FR","potentialAction":[{"@type":"CommentAction","name":"Comment","target":["https:\/\/dicodusport.fr\/blog\/transferts-leigh-halfpenny-devrait-sengager-avec-un-club-de-pro-d2\/#respond"]}],"copyrightYear":"2025","copyrightHolder":{"@id":"https:\/\/dicodusport.fr\/blog\/#organization"}},{"@type":"WebPage","@id":"https:\/\/dicodusport.fr\/blog\/transferts-leigh-halfpenny-devrait-sengager-avec-un-club-de-pro-d2\/","url":"https:\/\/dicodusport.fr\/blog\/transferts-leigh-halfpenny-devrait-sengager-avec-un-club-de-pro-d2\/","name":"Transferts : Leigh Halfpenny devrait s'engager avec un club de Pro D2","isPartOf":{"@id":"https:\/\/dicodusport.fr\/blog\/#website"},"primaryImageOfPage":{"@id":"https:\/\/dicodusport.fr\/blog\/transferts-leigh-halfpenny-devrait-sengager-avec-un-club-de-pro-d2\/#primaryimage"},"image":{"@id":"https:\/\/dicodusport.fr\/blog\/transferts-leigh-halfpenny-devrait-sengager-avec-un-club-de-pro-d2\/#primaryimage"},"thumbnailUrl":"https:\/\/dicodusport.fr\/blog\/wp-content\/uploads\/2025\/05\/Transferts-Leigh-Halfpenny-devrait-sengager-avec-un-club-de-Pro-D2.png","datePublished":"2025-05-06T07:50:18+00:00","dateModified":"2025-05-21T15:43:21+00:00","description":"TOP 14 2024-2025 - Selon Rugbyrama, Leigh Halfpenny va effectuer son retour en France, et s'engager avec l'AS B\u00e9ziers-H\u00e9rault la saison prochaine.","breadcrumb":{"@id":"https:\/\/dicodusport.fr\/blog\/transferts-leigh-halfpenny-devrait-sengager-avec-un-club-de-pro-d2\/#breadcrumb"},"inLanguage":"fr-FR","potentialAction":[{"@type":"ReadAction","target":["https:\/\/dicodusport.fr\/blog\/transferts-leigh-halfpenny-devrait-sengager-avec-un-club-de-pro-d2\/"]}]},{"@type":"ImageObject","inLanguage":"fr-FR","@id":"https:\/\/dicodusport.fr\/blog\/transferts-leigh-halfpenny-devrait-sengager-avec-un-club-de-pro-d2\/#primaryimage","url":"https:\/\/dicodusport.fr\/blog\/wp-content\/uploads\/2025\/05\/Transferts-Leigh-Halfpenny-devrait-sengager-avec-un-club-de-Pro-D2.png","contentUrl":"https:\/\/dicodusport.fr\/blog\/wp-content\/uploads\/2025\/05\/Transferts-Leigh-Halfpenny-devrait-sengager-avec-un-club-de-Pro-D2.png","width":1200,"height":674,"caption":"Transferts Leigh Halfpenny devrait s'engager avec un club de Pro D2"},{"@type":"BreadcrumbList","@id":"https:\/\/dicodusport.fr\/blog\/transferts-leigh-halfpenny-devrait-sengager-avec-un-club-de-pro-d2\/#breadcrumb","itemListElement":[{"@type":"ListItem","position":1,"name":"Accueil","item":"https:\/\/dicodusport.fr\/blog\/"},{"@type":"ListItem","position":2,"name":"Transferts : Leigh Halfpenny devrait s&rsquo;engager avec un club de Pro D2"}]},{"@type":"WebSite","@id":"https:\/\/dicodusport.fr\/blog\/#website","url":"https:\/\/dicodusport.fr\/blog\/","name":"Dicodusport","description":"L&#039;encyclop\u00e9die de l&#039;actualit\u00e9 sportive","publisher":{"@id":"https:\/\/dicodusport.fr\/blog\/#organization"},"potentialAction":[{"@type":"SearchAction","target":{"@type":"EntryPoint","urlTemplate":"https:\/\/dicodusport.fr\/blog\/?s={search_term_string}"},"query-input":{"@type":"PropertyValueSpecification","valueRequired":true,"valueName":"search_term_string"}}],"inLanguage":"fr-FR"},{"@type":"NewsMediaOrganization","@id":"https:\/\/dicodusport.fr\/blog\/#organization","name":"Dicodusport","url":"https:\/\/dicodusport.fr\/blog\/","logo":{"@type":"ImageObject","inLanguage":"fr-FR","@id":"https:\/\/dicodusport.fr\/blog\/#\/schema\/logo\/image\/","url":"https:\/\/dicodusport.fr\/blog\/wp-content\/uploads\/2020\/06\/cropped-LOGO-DICODUSPORT-2020-SANS-FOND-SANS-TEXTE.png","contentUrl":"https:\/\/dicodusport.fr\/blog\/wp-content\/uploads\/2020\/06\/cropped-LOGO-DICODUSPORT-2020-SANS-FOND-SANS-TEXTE.png","width":512,"height":512,"caption":"Dicodusport"},"image":{"@id":"https:\/\/dicodusport.fr\/blog\/#\/schema\/logo\/image\/"},"sameAs":["https:\/\/www.facebook.com\/dicodusport","https:\/\/x.com\/dicodusport","https:\/\/www.instagram.com\/dicodusport\/","https:\/\/www.youtube.com\/channel\/UC7V2KZ5sd3htJivAbA4ZG3w"],"description":"Dicodusport est l'encyclop\u00e9die de l'actualit\u00e9 sportive.","email":"bonjour@dicodusport.fr","legalName":"DICODUSPORT","foundingDate":"2018-01-14","vatID":"FR71834470973","taxID":"83447097300043","numberOfEmployees":{"@type":"QuantitativeValue","minValue":"1","maxValue":"10"}},{"@type":"Person","@id":"https:\/\/dicodusport.fr\/blog\/#\/schema\/person\/627966a6cde45dbd8c5e36ac85d783da","name":"S\u00e9bastien Gente","image":{"@type":"ImageObject","inLanguage":"fr-FR","@id":"https:\/\/dicodusport.fr\/blog\/#\/schema\/person\/image\/","url":"https:\/\/dicodusport.fr\/blog\/wp-content\/uploads\/2021\/09\/1510990_10205810251400683_4124423575079401707_n-150x150.jpg","contentUrl":"https:\/\/dicodusport.fr\/blog\/wp-content\/uploads\/2021\/09\/1510990_10205810251400683_4124423575079401707_n-150x150.jpg","caption":"S\u00e9bastien Gente"},"description":"John Stockton, Gianni Bugno, Zinedine Zidane, Steffi Graf, Frode Andresen, St\u00e9phane Stoecklin, Davis Kamoga, Primoz Peterka, Werner Schlager et Aur\u00e9lien Rougerie. Point commun entre ces sportifs? Ils m'ont fait r\u00eaver et ont berc\u00e9 mon adolescence. Je suis un fondu de sports et j'essaie de retranscrire ma passion \u00e0 travers mes articles. Originaire du P\u00e9rigord, ma passion pour les Girondins, les Jaunards et les Jazzmen transpire dans mes \u00e9crits. \u00c0 Dicodusport depuis 2021, je d\u00e9niche les sports m\u00e9connus dans lesquels la France brille, et il y en a !","sameAs":["https:\/\/www.facebook.com\/sebastien.gente\/","https:\/\/www.instagram.com\/sebgente\/","https:\/\/www.linkedin.com\/in\/sbastien-gente-a29583169\/","https:\/\/x.com\/https:\/\/twitter.com\/globulo24","SebastienGente"],"worksFor":"S\u00e9bastien GENTE","url":"https:\/\/dicodusport.fr\/blog\/author\/sebastiengente\/"}]}},"_links":{"self":[{"href":"https:\/\/dicodusport.fr\/blog\/wp-json\/wp\/v2\/posts\/576934","targetHints":{"allow":["GET"]}}],"collection":[{"href":"https:\/\/dicodusport.fr\/blog\/wp-json\/wp\/v2\/posts"}],"about":[{"href":"https:\/\/dicodusport.fr\/blog\/wp-json\/wp\/v2\/types\/post"}],"author":[{"embeddable":true,"href":"https:\/\/dicodusport.fr\/blog\/wp-json\/wp\/v2\/users\/59"}],"replies":[{"embeddable":true,"href":"https:\/\/dicodusport.fr\/blog\/wp-json\/wp\/v2\/comments?post=576934"}],"version-history":[{"count":3,"href":"https:\/\/dicodusport.fr\/blog\/wp-json\/wp\/v2\/posts\/576934\/revisions"}],"predecessor-version":[{"id":576942,"href":"https:\/\/dicodusport.fr\/blog\/wp-json\/wp\/v2\/posts\/576934\/revisions\/576942"}],"wp:featuredmedia":[{"embeddable":true,"href":"https:\/\/dicodusport.fr\/blog\/wp-json\/wp\/v2\/media\/576937"}],"wp:attachment":[{"href":"https:\/\/dicodusport.fr\/blog\/wp-json\/wp\/v2\/media?parent=576934"}],"wp:term":[{"taxonomy":"category","embeddable":true,"href":"https:\/\/dicodusport.fr\/blog\/wp-json\/wp\/v2\/categories?post=576934"},{"taxonomy":"post_tag","embeddable":true,"href":"https:\/\/dicodusport.fr\/blog\/wp-json\/wp\/v2\/tags?post=576934"}],"curies":[{"name":"wp","href":"https:\/\/api.w.org\/{rel}","templated":true}]}}