{"id":576945,"date":"2025-05-06T10:36:20","date_gmt":"2025-05-06T08:36:20","guid":{"rendered":"https:\/\/dicodusport.fr\/blog\/?p=576945&#038;preview=true&#038;preview_id=576945"},"modified":"2025-05-06T11:16:06","modified_gmt":"2025-05-06T09:16:06","slug":"cyclisme-caleb-ewan-annonce-sa-retraite-avec-effet-immediat","status":"publish","type":"post","link":"https:\/\/dicodusport.fr\/blog\/cyclisme-caleb-ewan-annonce-sa-retraite-avec-effet-immediat\/","title":{"rendered":"Cyclisme : Caleb Ewan annonce sa retraite avec effet imm\u00e9diat !"},"content":{"rendered":"<h4 style=\"text-align: justify;\"><em>TRANSFERTS CYCLISME &#8211; Coup de tonnerre dans le peloton World Tour ! Quelques mois seulement apr\u00e8s sa signature chez INEOS-Grenadiers, Caleb Ewan a annonc\u00e9 la fin de sa carri\u00e8re professionnelle avec effet imm\u00e9diat, ce mardi matin.<\/em><\/h4>\n<ul style=\"text-align: justify;\">\n<li style=\"text-align: justify;\"><strong>\u00c0 lire aussi &#8211; <a href=\"https:\/\/dicodusport.fr\/blog\/cyclisme-mercato-2025-2026-le-tableau-des-transferts\/\">Cyclisme Mercato 2025-2026 \u2013 Le tableau des transferts<\/a><\/strong><\/li>\n<\/ul>\n<p style=\"text-align: justify;\">Alors que tous les yeux sont riv\u00e9s sur le Giro qui va d\u00e9buter ce weekend, <strong>Caleb Ewan<\/strong> a braqu\u00e9 les projecteurs sur lui ce mardi matin en effectuant une annonce totalement inattendue. \u00c0 seulement 30 ans, le sprinteur australien a en effet publi\u00e9 sur ses r\u00e9seaux sociaux un long communiqu\u00e9 pour annoncer la fin de sa carri\u00e8re avec effet imm\u00e9diat !<\/p>\n<h2>Caleb Ewan a perdu la flamme<\/h2>\n<p style=\"text-align: justify;\">Cela repr\u00e9sente donc un v\u00e9ritable choc puisque ce dernier avait sembl\u00e9 retrouver la hargne qu&rsquo;il avait perdue lors des derni\u00e8res ann\u00e9es. <a href=\"https:\/\/dicodusport.fr\/blog\/transferts-cyclisme-caleb-ewan-va-rebondir-chez-ineos-grenadiers\/\">Sign\u00e9 en tout d\u00e9but d&rsquo;ann\u00e9e par la formation <strong>INEOS-Grenadiers<\/strong><\/a>, il avait m\u00eame r\u00e9ussi \u00e0 lever les bras \u00e0 nouveau cette ann\u00e9e en s&rsquo;imposant tout d&rsquo;abord sur <a href=\"https:\/\/dicodusport.fr\/blog\/semaine-coppi-bartali-2025-caleb-ewan-impose-au-sprint\/\">la <strong>Semaine Coppi y Bartali<\/strong><\/a>, avant de s&rsquo;offrir un <a href=\"https:\/\/dicodusport.fr\/blog\/tour-du-pays-basque-2025-caleb-ewan-soffre-la-2eme-etape\/\"><strong>succ\u00e8s World Tour sur les routes du Tour du Pays Basque<\/strong> d\u00e9but avril<\/a>. Mais seulement un mois plus tard, l&rsquo;Australien a pris tout le monde \u00e0 contre-pied.<\/p>\n<p style=\"text-align: justify;\">Cependant, cette annonce ne sort pas de nulle part. Depuis la fin de son aventure chez Lotto, et une ann\u00e9e d\u00e9licate avec la Liv-AlUla-Jayco, le gar\u00e7on avait sembl\u00e9 perdre son app\u00e9tit d\u00e9bordant qui avait fait de lui l&rsquo;un des meilleurs sprinteurs du peloton. Comme il le pr\u00e9cise dans son communiqu\u00e9,<em> son \u00ab\u00a0exp\u00e9rience des deux derni\u00e8res ann\u00e9es, en particulier lors de la seconde moiti\u00e9 de l&rsquo;ann\u00e9e 2024, a s\u00e9rieusement entrav\u00e9 sa relation avec le cyclisme.\u00a0\u00bb<\/em> S&rsquo;il s&rsquo;est relanc\u00e9 en raflant deux succ\u00e8s suppl\u00e9mentaires en ce d\u00e9but d&rsquo;ann\u00e9e, <strong>l&rsquo;Australien a perdu la flamme<\/strong>, et a donc pr\u00e9f\u00e9r\u00e9 d\u00e9finitivement mettre la fl\u00e8che de mani\u00e8re anticip\u00e9e, alors que son contrat s&rsquo;\u00e9talait jusqu&rsquo;\u00e0 la fin de l&rsquo;ann\u00e9e.<\/p>\n<ul>\n<li><strong>\u00c0 ce sujet &#8211; <a href=\"https:\/\/dicodusport.fr\/blog\/les-cyclistes-avec-le-plus-grand-nombre-de-victoires\/\">Les cyclistes avec le plus grand nombre de victoires<\/a><\/strong><\/li>\n<\/ul>\n<p style=\"text-align: justify;\">Caleb Ewan tire donc sa r\u00e9v\u00e9rence avec un total de <strong>65 victoires en carri\u00e8re<\/strong>, dont <strong>11 acquises sur les trois Grands Tours<\/strong> (5 sur la Grande Boucle et le Giro, 1 sur la Vuelta).<\/p>\n<blockquote class=\"twitter-tweet\">\n<p dir=\"ltr\" lang=\"en\">It\u2019s been a wild ride.<\/p>\n<p>Until next time,<\/p>\n<p>Caleb <a href=\"https:\/\/t.co\/9aRymemkKm\">pic.twitter.com\/9aRymemkKm<\/a><\/p>\n<p>\u2014 Caleb Ewan (@CalebEwan) <a href=\"https:\/\/twitter.com\/CalebEwan\/status\/1919664797194309754?ref_src=twsrc%5Etfw\">May 6, 2025<\/a><\/p><\/blockquote>\n<p><script async src=\"https:\/\/platform.twitter.com\/widgets.js\" charset=\"utf-8\"><\/script><\/p>\n","protected":false},"excerpt":{"rendered":"<p>TRANSFERTS CYCLISME &#8211; Coup de tonnerre dans le peloton World Tour ! Quelques mois seulement apr\u00e8s sa signature chez INEOS-Grenadiers, Caleb Ewan a annonc\u00e9 la fin de sa carri\u00e8re professionnelle avec effet imm\u00e9diat, ce mardi matin.<\/p>\n","protected":false},"author":55,"featured_media":576946,"comment_status":"open","ping_status":"closed","sticky":false,"template":"","format":"standard","meta":{"_acf_changed":false,"_daextam_enable_autolinks":"1","footnotes":""},"categories":[46994],"tags":[16878,7060,11397],"class_list":["post-576945","post","type-post","status-publish","format-standard","has-post-thumbnail","hentry","category-cyclisme-sur-route","tag-breve","tag-caleb-ewan","tag-ineos-grenadiers"],"acf":[],"yoast_head":"<!-- This site is optimized with the Yoast SEO Premium plugin v26.7 (Yoast SEO v26.7) - https:\/\/yoast.com\/wordpress\/plugins\/seo\/ -->\n<title>Cyclisme : Caleb Ewan annonce sa retraite avec effet imm\u00e9diat !<\/title>\n<meta name=\"description\" content=\"TRANSFERTS CYCLISME - Caleb Ewan a annonc\u00e9 mettre un terme \u00e0 sa carri\u00e8re avec effet imm\u00e9diat ce mardi matin.\" \/>\n<meta name=\"robots\" content=\"index, follow, max-snippet:-1, max-image-preview:large, max-video-preview:-1\" \/>\n<link rel=\"canonical\" href=\"https:\/\/dicodusport.fr\/blog\/cyclisme-caleb-ewan-annonce-sa-retraite-avec-effet-immediat\/\" \/>\n<meta property=\"og:locale\" content=\"fr_FR\" \/>\n<meta property=\"og:type\" content=\"article\" \/>\n<meta property=\"og:title\" content=\"Cyclisme : Caleb Ewan annonce sa retraite avec effet imm\u00e9diat !\" \/>\n<meta property=\"og:description\" content=\"TRANSFERTS CYCLISME - Caleb Ewan a annonc\u00e9 mettre un terme \u00e0 sa carri\u00e8re avec effet imm\u00e9diat ce mardi matin.\" \/>\n<meta property=\"og:url\" content=\"https:\/\/dicodusport.fr\/blog\/cyclisme-caleb-ewan-annonce-sa-retraite-avec-effet-immediat\/\" \/>\n<meta property=\"og:site_name\" content=\"Dicodusport\" \/>\n<meta property=\"article:publisher\" content=\"https:\/\/www.facebook.com\/dicodusport\" \/>\n<meta property=\"article:published_time\" content=\"2025-05-06T08:36:20+00:00\" \/>\n<meta property=\"article:modified_time\" content=\"2025-05-06T09:16:06+00:00\" \/>\n<meta property=\"og:image\" content=\"https:\/\/dicodusport.fr\/blog\/wp-content\/uploads\/2025\/05\/Cyclisme-Caleb-Ewan-annonce-sa-retraite-avec-effet-immediat-.png\" \/>\n\t<meta property=\"og:image:width\" content=\"1200\" \/>\n\t<meta property=\"og:image:height\" content=\"674\" \/>\n\t<meta property=\"og:image:type\" content=\"image\/png\" \/>\n<meta name=\"author\" content=\"Maxime Cazenave\" \/>\n<meta name=\"twitter:card\" content=\"summary_large_image\" \/>\n<meta name=\"twitter:title\" content=\"Cyclisme : Caleb Ewan annonce sa retraite avec effet imm\u00e9diat !\" \/>\n<meta name=\"twitter:creator\" content=\"@https:\/\/twitter.com\/Maxime_Caze\" \/>\n<meta name=\"twitter:site\" content=\"@dicodusport\" \/>\n<script type=\"application\/ld+json\" class=\"yoast-schema-graph\">{\"@context\":\"https:\/\/schema.org\",\"@graph\":[{\"@type\":\"NewsArticle\",\"@id\":\"https:\/\/dicodusport.fr\/blog\/cyclisme-caleb-ewan-annonce-sa-retraite-avec-effet-immediat\/#article\",\"isPartOf\":{\"@id\":\"https:\/\/dicodusport.fr\/blog\/cyclisme-caleb-ewan-annonce-sa-retraite-avec-effet-immediat\/\"},\"author\":{\"name\":\"Maxime Cazenave\",\"@id\":\"https:\/\/dicodusport.fr\/blog\/#\/schema\/person\/37def232098a7a5cbab3974a3690abb0\"},\"headline\":\"Cyclisme : Caleb Ewan annonce sa retraite avec effet imm\u00e9diat !\",\"datePublished\":\"2025-05-06T08:36:20+00:00\",\"dateModified\":\"2025-05-06T09:16:06+00:00\",\"mainEntityOfPage\":{\"@id\":\"https:\/\/dicodusport.fr\/blog\/cyclisme-caleb-ewan-annonce-sa-retraite-avec-effet-immediat\/\"},\"wordCount\":428,\"commentCount\":0,\"publisher\":{\"@id\":\"https:\/\/dicodusport.fr\/blog\/#organization\"},\"image\":{\"@id\":\"https:\/\/dicodusport.fr\/blog\/cyclisme-caleb-ewan-annonce-sa-retraite-avec-effet-immediat\/#primaryimage\"},\"thumbnailUrl\":\"https:\/\/dicodusport.fr\/blog\/wp-content\/uploads\/2025\/05\/Cyclisme-Caleb-Ewan-annonce-sa-retraite-avec-effet-immediat-.png\",\"keywords\":[\"br\u00e8ve\",\"Caleb Ewan\",\"INEOS Grenadiers\"],\"articleSection\":[\"Cyclisme sur route\"],\"inLanguage\":\"fr-FR\",\"potentialAction\":[{\"@type\":\"CommentAction\",\"name\":\"Comment\",\"target\":[\"https:\/\/dicodusport.fr\/blog\/cyclisme-caleb-ewan-annonce-sa-retraite-avec-effet-immediat\/#respond\"]}],\"copyrightYear\":\"2025\",\"copyrightHolder\":{\"@id\":\"https:\/\/dicodusport.fr\/blog\/#organization\"}},{\"@type\":\"WebPage\",\"@id\":\"https:\/\/dicodusport.fr\/blog\/cyclisme-caleb-ewan-annonce-sa-retraite-avec-effet-immediat\/\",\"url\":\"https:\/\/dicodusport.fr\/blog\/cyclisme-caleb-ewan-annonce-sa-retraite-avec-effet-immediat\/\",\"name\":\"Cyclisme : Caleb Ewan annonce sa retraite avec effet imm\u00e9diat !\",\"isPartOf\":{\"@id\":\"https:\/\/dicodusport.fr\/blog\/#website\"},\"primaryImageOfPage\":{\"@id\":\"https:\/\/dicodusport.fr\/blog\/cyclisme-caleb-ewan-annonce-sa-retraite-avec-effet-immediat\/#primaryimage\"},\"image\":{\"@id\":\"https:\/\/dicodusport.fr\/blog\/cyclisme-caleb-ewan-annonce-sa-retraite-avec-effet-immediat\/#primaryimage\"},\"thumbnailUrl\":\"https:\/\/dicodusport.fr\/blog\/wp-content\/uploads\/2025\/05\/Cyclisme-Caleb-Ewan-annonce-sa-retraite-avec-effet-immediat-.png\",\"datePublished\":\"2025-05-06T08:36:20+00:00\",\"dateModified\":\"2025-05-06T09:16:06+00:00\",\"description\":\"TRANSFERTS CYCLISME - Caleb Ewan a annonc\u00e9 mettre un terme \u00e0 sa carri\u00e8re avec effet imm\u00e9diat ce mardi matin.\",\"breadcrumb\":{\"@id\":\"https:\/\/dicodusport.fr\/blog\/cyclisme-caleb-ewan-annonce-sa-retraite-avec-effet-immediat\/#breadcrumb\"},\"inLanguage\":\"fr-FR\",\"potentialAction\":[{\"@type\":\"ReadAction\",\"target\":[\"https:\/\/dicodusport.fr\/blog\/cyclisme-caleb-ewan-annonce-sa-retraite-avec-effet-immediat\/\"]}]},{\"@type\":\"ImageObject\",\"inLanguage\":\"fr-FR\",\"@id\":\"https:\/\/dicodusport.fr\/blog\/cyclisme-caleb-ewan-annonce-sa-retraite-avec-effet-immediat\/#primaryimage\",\"url\":\"https:\/\/dicodusport.fr\/blog\/wp-content\/uploads\/2025\/05\/Cyclisme-Caleb-Ewan-annonce-sa-retraite-avec-effet-immediat-.png\",\"contentUrl\":\"https:\/\/dicodusport.fr\/blog\/wp-content\/uploads\/2025\/05\/Cyclisme-Caleb-Ewan-annonce-sa-retraite-avec-effet-immediat-.png\",\"width\":1200,\"height\":674,\"caption\":\"Transferts Cyclisme : Caleb Ewan annonce sa retraite avec effet imm\u00e9diat !\"},{\"@type\":\"BreadcrumbList\",\"@id\":\"https:\/\/dicodusport.fr\/blog\/cyclisme-caleb-ewan-annonce-sa-retraite-avec-effet-immediat\/#breadcrumb\",\"itemListElement\":[{\"@type\":\"ListItem\",\"position\":1,\"name\":\"Accueil\",\"item\":\"https:\/\/dicodusport.fr\/blog\/\"},{\"@type\":\"ListItem\",\"position\":2,\"name\":\"Cyclisme : Caleb Ewan annonce sa retraite avec effet imm\u00e9diat !\"}]},{\"@type\":\"WebSite\",\"@id\":\"https:\/\/dicodusport.fr\/blog\/#website\",\"url\":\"https:\/\/dicodusport.fr\/blog\/\",\"name\":\"Dicodusport\",\"description\":\"L&#039;encyclop\u00e9die de l&#039;actualit\u00e9 sportive\",\"publisher\":{\"@id\":\"https:\/\/dicodusport.fr\/blog\/#organization\"},\"potentialAction\":[{\"@type\":\"SearchAction\",\"target\":{\"@type\":\"EntryPoint\",\"urlTemplate\":\"https:\/\/dicodusport.fr\/blog\/?s={search_term_string}\"},\"query-input\":{\"@type\":\"PropertyValueSpecification\",\"valueRequired\":true,\"valueName\":\"search_term_string\"}}],\"inLanguage\":\"fr-FR\"},{\"@type\":\"NewsMediaOrganization\",\"@id\":\"https:\/\/dicodusport.fr\/blog\/#organization\",\"name\":\"Dicodusport\",\"url\":\"https:\/\/dicodusport.fr\/blog\/\",\"logo\":{\"@type\":\"ImageObject\",\"inLanguage\":\"fr-FR\",\"@id\":\"https:\/\/dicodusport.fr\/blog\/#\/schema\/logo\/image\/\",\"url\":\"https:\/\/dicodusport.fr\/blog\/wp-content\/uploads\/2020\/06\/cropped-LOGO-DICODUSPORT-2020-SANS-FOND-SANS-TEXTE.png\",\"contentUrl\":\"https:\/\/dicodusport.fr\/blog\/wp-content\/uploads\/2020\/06\/cropped-LOGO-DICODUSPORT-2020-SANS-FOND-SANS-TEXTE.png\",\"width\":512,\"height\":512,\"caption\":\"Dicodusport\"},\"image\":{\"@id\":\"https:\/\/dicodusport.fr\/blog\/#\/schema\/logo\/image\/\"},\"sameAs\":[\"https:\/\/www.facebook.com\/dicodusport\",\"https:\/\/x.com\/dicodusport\",\"https:\/\/www.instagram.com\/dicodusport\/\",\"https:\/\/www.youtube.com\/channel\/UC7V2KZ5sd3htJivAbA4ZG3w\"],\"description\":\"Dicodusport est l'encyclop\u00e9die de l'actualit\u00e9 sportive.\",\"email\":\"bonjour@dicodusport.fr\",\"legalName\":\"DICODUSPORT\",\"foundingDate\":\"2018-01-14\",\"vatID\":\"FR71834470973\",\"taxID\":\"83447097300043\",\"numberOfEmployees\":{\"@type\":\"QuantitativeValue\",\"minValue\":\"1\",\"maxValue\":\"10\"}},{\"@type\":\"Person\",\"@id\":\"https:\/\/dicodusport.fr\/blog\/#\/schema\/person\/37def232098a7a5cbab3974a3690abb0\",\"name\":\"Maxime Cazenave\",\"image\":{\"@type\":\"ImageObject\",\"inLanguage\":\"fr-FR\",\"@id\":\"https:\/\/dicodusport.fr\/blog\/#\/schema\/person\/image\/\",\"url\":\"https:\/\/dicodusport.fr\/blog\/wp-content\/uploads\/2021\/05\/Maxime-Cazenave-150x150.jpg\",\"contentUrl\":\"https:\/\/dicodusport.fr\/blog\/wp-content\/uploads\/2021\/05\/Maxime-Cazenave-150x150.jpg\",\"caption\":\"Maxime Cazenave\"},\"description\":\"Journaliste\/R\u00e9dacteur depuis 2012 - Berc\u00e9 par l\u2019amour des Girondins de Bordeaux, les \u00e9checs de Christophe Moreau sur le Tour de France sous l'\u00e8re Lance Armstrong et le fade-away l\u00e9tal de Dirk Nowitzki, ma passion d\u00e9vorante pour le sport a toujours \u00e9t\u00e9 un pan incontournable de ma vie. Transmettre ma passion \u00e0 l\u2019\u00e9crit a \u00e9t\u00e9 une transition naturelle. Suiveur assidu de basket et de hockey sur glace, je garde toujours un peu de place pour suivre le cyclisme, le football et le maximum de performances fran\u00e7aises.\",\"sameAs\":[\"https:\/\/x.com\/https:\/\/twitter.com\/Maxime_Caze\"],\"url\":\"https:\/\/dicodusport.fr\/blog\/author\/maximec\/\"}]}<\/script>\n<!-- \/ Yoast SEO Premium plugin. -->","yoast_head_json":{"title":"Cyclisme : Caleb Ewan annonce sa retraite avec effet imm\u00e9diat !","description":"TRANSFERTS CYCLISME - Caleb Ewan a annonc\u00e9 mettre un terme \u00e0 sa carri\u00e8re avec effet imm\u00e9diat ce mardi matin.","robots":{"index":"index","follow":"follow","max-snippet":"max-snippet:-1","max-image-preview":"max-image-preview:large","max-video-preview":"max-video-preview:-1"},"canonical":"https:\/\/dicodusport.fr\/blog\/cyclisme-caleb-ewan-annonce-sa-retraite-avec-effet-immediat\/","og_locale":"fr_FR","og_type":"article","og_title":"Cyclisme : Caleb Ewan annonce sa retraite avec effet imm\u00e9diat !","og_description":"TRANSFERTS CYCLISME - Caleb Ewan a annonc\u00e9 mettre un terme \u00e0 sa carri\u00e8re avec effet imm\u00e9diat ce mardi matin.","og_url":"https:\/\/dicodusport.fr\/blog\/cyclisme-caleb-ewan-annonce-sa-retraite-avec-effet-immediat\/","og_site_name":"Dicodusport","article_publisher":"https:\/\/www.facebook.com\/dicodusport","article_published_time":"2025-05-06T08:36:20+00:00","article_modified_time":"2025-05-06T09:16:06+00:00","og_image":[{"width":1200,"height":674,"url":"https:\/\/dicodusport.fr\/blog\/wp-content\/uploads\/2025\/05\/Cyclisme-Caleb-Ewan-annonce-sa-retraite-avec-effet-immediat-.png","type":"image\/png"}],"author":"Maxime Cazenave","twitter_card":"summary_large_image","twitter_title":"Cyclisme : Caleb Ewan annonce sa retraite avec effet imm\u00e9diat !","twitter_creator":"@https:\/\/twitter.com\/Maxime_Caze","twitter_site":"@dicodusport","schema":{"@context":"https:\/\/schema.org","@graph":[{"@type":"NewsArticle","@id":"https:\/\/dicodusport.fr\/blog\/cyclisme-caleb-ewan-annonce-sa-retraite-avec-effet-immediat\/#article","isPartOf":{"@id":"https:\/\/dicodusport.fr\/blog\/cyclisme-caleb-ewan-annonce-sa-retraite-avec-effet-immediat\/"},"author":{"name":"Maxime Cazenave","@id":"https:\/\/dicodusport.fr\/blog\/#\/schema\/person\/37def232098a7a5cbab3974a3690abb0"},"headline":"Cyclisme : Caleb Ewan annonce sa retraite avec effet imm\u00e9diat !","datePublished":"2025-05-06T08:36:20+00:00","dateModified":"2025-05-06T09:16:06+00:00","mainEntityOfPage":{"@id":"https:\/\/dicodusport.fr\/blog\/cyclisme-caleb-ewan-annonce-sa-retraite-avec-effet-immediat\/"},"wordCount":428,"commentCount":0,"publisher":{"@id":"https:\/\/dicodusport.fr\/blog\/#organization"},"image":{"@id":"https:\/\/dicodusport.fr\/blog\/cyclisme-caleb-ewan-annonce-sa-retraite-avec-effet-immediat\/#primaryimage"},"thumbnailUrl":"https:\/\/dicodusport.fr\/blog\/wp-content\/uploads\/2025\/05\/Cyclisme-Caleb-Ewan-annonce-sa-retraite-avec-effet-immediat-.png","keywords":["br\u00e8ve","Caleb Ewan","INEOS Grenadiers"],"articleSection":["Cyclisme sur route"],"inLanguage":"fr-FR","potentialAction":[{"@type":"CommentAction","name":"Comment","target":["https:\/\/dicodusport.fr\/blog\/cyclisme-caleb-ewan-annonce-sa-retraite-avec-effet-immediat\/#respond"]}],"copyrightYear":"2025","copyrightHolder":{"@id":"https:\/\/dicodusport.fr\/blog\/#organization"}},{"@type":"WebPage","@id":"https:\/\/dicodusport.fr\/blog\/cyclisme-caleb-ewan-annonce-sa-retraite-avec-effet-immediat\/","url":"https:\/\/dicodusport.fr\/blog\/cyclisme-caleb-ewan-annonce-sa-retraite-avec-effet-immediat\/","name":"Cyclisme : Caleb Ewan annonce sa retraite avec effet imm\u00e9diat !","isPartOf":{"@id":"https:\/\/dicodusport.fr\/blog\/#website"},"primaryImageOfPage":{"@id":"https:\/\/dicodusport.fr\/blog\/cyclisme-caleb-ewan-annonce-sa-retraite-avec-effet-immediat\/#primaryimage"},"image":{"@id":"https:\/\/dicodusport.fr\/blog\/cyclisme-caleb-ewan-annonce-sa-retraite-avec-effet-immediat\/#primaryimage"},"thumbnailUrl":"https:\/\/dicodusport.fr\/blog\/wp-content\/uploads\/2025\/05\/Cyclisme-Caleb-Ewan-annonce-sa-retraite-avec-effet-immediat-.png","datePublished":"2025-05-06T08:36:20+00:00","dateModified":"2025-05-06T09:16:06+00:00","description":"TRANSFERTS CYCLISME - Caleb Ewan a annonc\u00e9 mettre un terme \u00e0 sa carri\u00e8re avec effet imm\u00e9diat ce mardi matin.","breadcrumb":{"@id":"https:\/\/dicodusport.fr\/blog\/cyclisme-caleb-ewan-annonce-sa-retraite-avec-effet-immediat\/#breadcrumb"},"inLanguage":"fr-FR","potentialAction":[{"@type":"ReadAction","target":["https:\/\/dicodusport.fr\/blog\/cyclisme-caleb-ewan-annonce-sa-retraite-avec-effet-immediat\/"]}]},{"@type":"ImageObject","inLanguage":"fr-FR","@id":"https:\/\/dicodusport.fr\/blog\/cyclisme-caleb-ewan-annonce-sa-retraite-avec-effet-immediat\/#primaryimage","url":"https:\/\/dicodusport.fr\/blog\/wp-content\/uploads\/2025\/05\/Cyclisme-Caleb-Ewan-annonce-sa-retraite-avec-effet-immediat-.png","contentUrl":"https:\/\/dicodusport.fr\/blog\/wp-content\/uploads\/2025\/05\/Cyclisme-Caleb-Ewan-annonce-sa-retraite-avec-effet-immediat-.png","width":1200,"height":674,"caption":"Transferts Cyclisme : Caleb Ewan annonce sa retraite avec effet imm\u00e9diat !"},{"@type":"BreadcrumbList","@id":"https:\/\/dicodusport.fr\/blog\/cyclisme-caleb-ewan-annonce-sa-retraite-avec-effet-immediat\/#breadcrumb","itemListElement":[{"@type":"ListItem","position":1,"name":"Accueil","item":"https:\/\/dicodusport.fr\/blog\/"},{"@type":"ListItem","position":2,"name":"Cyclisme : Caleb Ewan annonce sa retraite avec effet imm\u00e9diat !"}]},{"@type":"WebSite","@id":"https:\/\/dicodusport.fr\/blog\/#website","url":"https:\/\/dicodusport.fr\/blog\/","name":"Dicodusport","description":"L&#039;encyclop\u00e9die de l&#039;actualit\u00e9 sportive","publisher":{"@id":"https:\/\/dicodusport.fr\/blog\/#organization"},"potentialAction":[{"@type":"SearchAction","target":{"@type":"EntryPoint","urlTemplate":"https:\/\/dicodusport.fr\/blog\/?s={search_term_string}"},"query-input":{"@type":"PropertyValueSpecification","valueRequired":true,"valueName":"search_term_string"}}],"inLanguage":"fr-FR"},{"@type":"NewsMediaOrganization","@id":"https:\/\/dicodusport.fr\/blog\/#organization","name":"Dicodusport","url":"https:\/\/dicodusport.fr\/blog\/","logo":{"@type":"ImageObject","inLanguage":"fr-FR","@id":"https:\/\/dicodusport.fr\/blog\/#\/schema\/logo\/image\/","url":"https:\/\/dicodusport.fr\/blog\/wp-content\/uploads\/2020\/06\/cropped-LOGO-DICODUSPORT-2020-SANS-FOND-SANS-TEXTE.png","contentUrl":"https:\/\/dicodusport.fr\/blog\/wp-content\/uploads\/2020\/06\/cropped-LOGO-DICODUSPORT-2020-SANS-FOND-SANS-TEXTE.png","width":512,"height":512,"caption":"Dicodusport"},"image":{"@id":"https:\/\/dicodusport.fr\/blog\/#\/schema\/logo\/image\/"},"sameAs":["https:\/\/www.facebook.com\/dicodusport","https:\/\/x.com\/dicodusport","https:\/\/www.instagram.com\/dicodusport\/","https:\/\/www.youtube.com\/channel\/UC7V2KZ5sd3htJivAbA4ZG3w"],"description":"Dicodusport est l'encyclop\u00e9die de l'actualit\u00e9 sportive.","email":"bonjour@dicodusport.fr","legalName":"DICODUSPORT","foundingDate":"2018-01-14","vatID":"FR71834470973","taxID":"83447097300043","numberOfEmployees":{"@type":"QuantitativeValue","minValue":"1","maxValue":"10"}},{"@type":"Person","@id":"https:\/\/dicodusport.fr\/blog\/#\/schema\/person\/37def232098a7a5cbab3974a3690abb0","name":"Maxime Cazenave","image":{"@type":"ImageObject","inLanguage":"fr-FR","@id":"https:\/\/dicodusport.fr\/blog\/#\/schema\/person\/image\/","url":"https:\/\/dicodusport.fr\/blog\/wp-content\/uploads\/2021\/05\/Maxime-Cazenave-150x150.jpg","contentUrl":"https:\/\/dicodusport.fr\/blog\/wp-content\/uploads\/2021\/05\/Maxime-Cazenave-150x150.jpg","caption":"Maxime Cazenave"},"description":"Journaliste\/R\u00e9dacteur depuis 2012 - Berc\u00e9 par l\u2019amour des Girondins de Bordeaux, les \u00e9checs de Christophe Moreau sur le Tour de France sous l'\u00e8re Lance Armstrong et le fade-away l\u00e9tal de Dirk Nowitzki, ma passion d\u00e9vorante pour le sport a toujours \u00e9t\u00e9 un pan incontournable de ma vie. Transmettre ma passion \u00e0 l\u2019\u00e9crit a \u00e9t\u00e9 une transition naturelle. Suiveur assidu de basket et de hockey sur glace, je garde toujours un peu de place pour suivre le cyclisme, le football et le maximum de performances fran\u00e7aises.","sameAs":["https:\/\/x.com\/https:\/\/twitter.com\/Maxime_Caze"],"url":"https:\/\/dicodusport.fr\/blog\/author\/maximec\/"}]}},"_links":{"self":[{"href":"https:\/\/dicodusport.fr\/blog\/wp-json\/wp\/v2\/posts\/576945","targetHints":{"allow":["GET"]}}],"collection":[{"href":"https:\/\/dicodusport.fr\/blog\/wp-json\/wp\/v2\/posts"}],"about":[{"href":"https:\/\/dicodusport.fr\/blog\/wp-json\/wp\/v2\/types\/post"}],"author":[{"embeddable":true,"href":"https:\/\/dicodusport.fr\/blog\/wp-json\/wp\/v2\/users\/55"}],"replies":[{"embeddable":true,"href":"https:\/\/dicodusport.fr\/blog\/wp-json\/wp\/v2\/comments?post=576945"}],"version-history":[{"count":4,"href":"https:\/\/dicodusport.fr\/blog\/wp-json\/wp\/v2\/posts\/576945\/revisions"}],"predecessor-version":[{"id":576956,"href":"https:\/\/dicodusport.fr\/blog\/wp-json\/wp\/v2\/posts\/576945\/revisions\/576956"}],"wp:featuredmedia":[{"embeddable":true,"href":"https:\/\/dicodusport.fr\/blog\/wp-json\/wp\/v2\/media\/576946"}],"wp:attachment":[{"href":"https:\/\/dicodusport.fr\/blog\/wp-json\/wp\/v2\/media?parent=576945"}],"wp:term":[{"taxonomy":"category","embeddable":true,"href":"https:\/\/dicodusport.fr\/blog\/wp-json\/wp\/v2\/categories?post=576945"},{"taxonomy":"post_tag","embeddable":true,"href":"https:\/\/dicodusport.fr\/blog\/wp-json\/wp\/v2\/tags?post=576945"}],"curies":[{"name":"wp","href":"https:\/\/api.w.org\/{rel}","templated":true}]}}