{"id":577011,"date":"2025-05-08T08:25:11","date_gmt":"2025-05-08T06:25:11","guid":{"rendered":"https:\/\/dicodusport.fr\/blog\/?p=577011&#038;preview=true&#038;preview_id=577011"},"modified":"2025-05-08T08:25:34","modified_gmt":"2025-05-08T06:25:34","slug":"les-boucles-de-laulne-2025-parcours-profil-et-favoris","status":"publish","type":"post","link":"https:\/\/dicodusport.fr\/blog\/les-boucles-de-laulne-2025-parcours-profil-et-favoris\/","title":{"rendered":"Les Boucles de l&rsquo;Aulne 2025 : Profil, Parcours et Favoris"},"content":{"rendered":"<h4 style=\"text-align: justify;\"><em>Retrouvez le parcours d\u00e9taill\u00e9, le profil et les favoris des Boucles de l&rsquo;Aulne 2025, qui se d\u00e9roulent ce jeudi 8 mai autour de Ch\u00e2teaulin (183,1 km).<\/em><\/h4>\n<p style=\"text-align: justify;\">La <strong>85\u00e8me \u00e9dition des Boucles de l&rsquo;Aulne<\/strong> se tiendra le <strong>jeudi 8 mai 2025<\/strong> pour d\u00e9buter un long weekend breton de cyclisme. La 9\u00e8me manche de la <a href=\"https:\/\/dicodusport.fr\/blog\/classement-general-coupe-de-france-de-cyclisme-2025\/\">Coupe de France de cyclisme<\/a> sera longue de 183,1 kilom\u00e8tres. <strong>Parcours, profil et favoris de la course<\/strong>.<\/p>\n<ul>\n<li style=\"text-align: justify;\"><strong>\u00c0 ce sujet \u2013\u00a0<a href=\"https:\/\/dicodusport.fr\/blog\/actualites\/cyclisme\/cyclisme-sur-route-2025\/\">L\u2019actualit\u00e9 du cyclisme sur route<\/a><\/strong><\/li>\n<\/ul>\n<h2>Parcours d\u00e9taill\u00e9 des Boucles de l&rsquo;Aulne 2025<\/h2>\n<p style=\"text-align: justify;\">D&rsquo;abord, les coureurs partiront \u00e0 13h pour un premier circuit de 21 kilom\u00e8tres autour de Saint-S\u00e9gal, \u00e0 faire deux fois. Le d\u00e9but de cette boucle sera en faux plat montant avant une portion descendante.<\/p>\n<p style=\"text-align: justify;\">Ensuite, une deuxi\u00e8me boucle de 20,5 kilom\u00e8tres sera parcourue \u00e0 quatre reprises. L\u00e0 aussi, une difficult\u00e9 sera mise au milieu du circuit avec la mont\u00e9e compl\u00e8te de <strong>Menez Quelc&rsquo;h<\/strong>, longue de 1,9 km \u00e0 7,1 %.<\/p>\n<ul>\n<li><strong>\u00c0 ce sujet &#8211; <a href=\"https:\/\/dicodusport.fr\/blog\/les-boucles-de-laulne-2025-engages-heure-et-chaine-tv\/\">Les Boucles de l\u2019Aulne 2025 : Engag\u00e9s, Heure et Cha\u00eene TV<\/a><\/strong><\/li>\n<\/ul>\n<p style=\"text-align: justify;\">Puis, un troisi\u00e8me circuit sera propos\u00e9, une boucle de 8,5 km \u00e0 faire \u00e0 7 reprises. Ce circuit final sera moins dur, mais il restera tout de m\u00eame un peu vallonn\u00e9. Enfin, la ligne d&rsquo;arriv\u00e9e sera plac\u00e9e au sommet d&rsquo;une mont\u00e9e de 700 m\u00e8tres \u00e0 4,8 % devant le Coll\u00e8ge-Lyc\u00e9e Saint-Louis. L&rsquo;arriv\u00e9e sera jug\u00e9e autour de 17h15. La course sera diffus\u00e9e sur <em>Eurosport Max<\/em> et <em>France 3 Bretagne<\/em>.<\/p>\n<h2 style=\"text-align: justify;\">Le profil des Boucles de l&rsquo;Aulne 2025<\/h2>\n<div id=\"attachment_577093\" style=\"width: 1210px\" class=\"wp-caption aligncenter\"><a href=\"https:\/\/dicodusport.fr\/blog\/wp-content\/uploads\/2025\/05\/Profil-des-Boucles-de-lAulne-2025.webp\"><img loading=\"lazy\" decoding=\"async\" aria-describedby=\"caption-attachment-577093\" class=\"size-full wp-image-577093\" src=\"https:\/\/dicodusport.fr\/blog\/wp-content\/uploads\/2025\/05\/Profil-des-Boucles-de-lAulne-2025.webp\" alt=\"Profil des Boucles de l'Aulne 2025\" width=\"1200\" height=\"579\" srcset=\"https:\/\/dicodusport.fr\/blog\/wp-content\/uploads\/2025\/05\/Profil-des-Boucles-de-lAulne-2025.webp 1200w, https:\/\/dicodusport.fr\/blog\/wp-content\/uploads\/2025\/05\/Profil-des-Boucles-de-lAulne-2025-300x145.webp 300w, https:\/\/dicodusport.fr\/blog\/wp-content\/uploads\/2025\/05\/Profil-des-Boucles-de-lAulne-2025-1024x494.webp 1024w, https:\/\/dicodusport.fr\/blog\/wp-content\/uploads\/2025\/05\/Profil-des-Boucles-de-lAulne-2025-768x371.webp 768w\" sizes=\"auto, (max-width: 1200px) 100vw, 1200px\" \/><\/a><p id=\"caption-attachment-577093\" class=\"wp-caption-text\">Profil des Boucles de l&rsquo;Aulne 2025<\/p><\/div>\n<h2 style=\"text-align: justify;\">Les favoris des Boucles de l&rsquo;Aulne 2025<\/h2>\n<p style=\"text-align: justify;\"><strong>Alex Aranburu<\/strong> (Cofidis)<\/p>\n<p style=\"text-align: justify;\"><strong>K\u00e9vin Vauquelin<\/strong> (Ark\u00e9a-B&amp;B Hotels)<\/p>\n<p style=\"text-align: justify;\"><strong>Valentin Madouas<\/strong> (Groupama-FDJ)<\/p>\n<p style=\"text-align: justify;\"><strong>Bryan Coquard<\/strong> (Cofidis)<\/p>\n<p style=\"text-align: justify;\"><strong>Lukas Kubis<\/strong> (Unibet Tietema Rockets)<\/p>\n<p style=\"text-align: justify;\"><strong>Beno\u00eet Cosnefroy<\/strong> (Decathlon AG2R La Mondiale)<\/p>\n<h2 style=\"text-align: justify;\">Palmar\u00e8s r\u00e9cent des Boucles de l\u2019Aulne<\/h2>\n<p style=\"text-align: justify;\">2024 \u2013 ZINGLE Axel &#8211; <a href=\"https:\/\/dicodusport.fr\/blog\/classement-boucles-de-laulne-2024\/\"><em>Classement de la course<\/em><\/a><\/p>\n<p style=\"text-align: justify;\">2023 \u2013 VAN AVERMAET Greg &#8211; <a href=\"https:\/\/dicodusport.fr\/blog\/classement-boucles-de-l-aulne-2023\/\"><em>Classement de la course<\/em><\/a><\/p>\n<p style=\"text-align: justify;\">2022 \u2013 ANDERSEN Idar<\/p>\n<p style=\"text-align: justify;\">2021 \u2013 DEWULF Stan<\/p>\n<p style=\"text-align: justify;\">2019 \u2013 GOUGEARD Alexis<\/p>\n<p style=\"text-align: justify;\">2018 \u2013 LE CUNFF K\u00e9vin<\/p>\n<p style=\"text-align: justify;\">2017 \u2013 EIKING Odd Christian<\/p>\n<p style=\"text-align: justify;\">2016 \u2013 DUMOULIN Samuel<\/p>\n<p style=\"text-align: justify;\">2015 \u2013 JAKIN Alo<\/p>\n<p style=\"text-align: justify;\">2014 \u2013 GOUGEARD Alexis<\/p>\n<p style=\"text-align: justify;\">2013 \u2013 LADAGNOUS Matthieu<\/p>\n<p style=\"text-align: justify;\">2012 \u2013 HINAULT S\u00e9bastien<\/p>\n","protected":false},"excerpt":{"rendered":"<p>Retrouvez le parcours d\u00e9taill\u00e9, le profil et les favoris des Boucles de l&rsquo;Aulne 2025, qui se d\u00e9roulent ce jeudi 8 mai autour de Ch\u00e2teaulin (183,1 km).<\/p>\n","protected":false},"author":48,"featured_media":577096,"comment_status":"open","ping_status":"closed","sticky":false,"template":"","format":"standard","meta":{"_acf_changed":false,"_daextam_enable_autolinks":"1","footnotes":""},"categories":[46994],"tags":[19908,16878],"class_list":["post-577011","post","type-post","status-publish","format-standard","has-post-thumbnail","hentry","category-cyclisme-sur-route","tag-boucles-de-laulne","tag-breve"],"acf":[],"yoast_head":"<!-- This site is optimized with the Yoast SEO Premium plugin v26.7 (Yoast SEO v26.7) - https:\/\/yoast.com\/wordpress\/plugins\/seo\/ -->\n<title>Les Boucles de l&#039;Aulne 2025 : Profil, Parcours et Favoris<\/title>\n<meta name=\"description\" content=\"Retrouvez le parcours d\u00e9taill\u00e9, le profil et les favoris des Boucles de l&#039;Aulne 2025, qui se d\u00e9roulent ce jeudi 8 mai autour de Ch\u00e2teaulin (183,1 km).\" \/>\n<meta name=\"robots\" content=\"index, follow, max-snippet:-1, max-image-preview:large, max-video-preview:-1\" \/>\n<link rel=\"canonical\" href=\"https:\/\/dicodusport.fr\/blog\/les-boucles-de-laulne-2025-parcours-profil-et-favoris\/\" \/>\n<meta property=\"og:locale\" content=\"fr_FR\" \/>\n<meta property=\"og:type\" content=\"article\" \/>\n<meta property=\"og:title\" content=\"Les Boucles de l&#039;Aulne 2025 : Profil, Parcours et Favoris\" \/>\n<meta property=\"og:description\" content=\"Retrouvez le parcours d\u00e9taill\u00e9, le profil et les favoris des Boucles de l&#039;Aulne 2025, qui se d\u00e9roulent ce jeudi 8 mai autour de Ch\u00e2teaulin (183,1 km).\" \/>\n<meta property=\"og:url\" content=\"https:\/\/dicodusport.fr\/blog\/les-boucles-de-laulne-2025-parcours-profil-et-favoris\/\" \/>\n<meta property=\"og:site_name\" content=\"Dicodusport\" \/>\n<meta property=\"article:publisher\" content=\"https:\/\/www.facebook.com\/dicodusport\" \/>\n<meta property=\"article:author\" content=\"https:\/\/www.facebook.com\/groups\/LesRoisDuPeloton\" \/>\n<meta property=\"article:published_time\" content=\"2025-05-08T06:25:11+00:00\" \/>\n<meta property=\"article:modified_time\" content=\"2025-05-08T06:25:34+00:00\" \/>\n<meta property=\"og:image\" content=\"https:\/\/dicodusport.fr\/blog\/wp-content\/uploads\/2025\/05\/Les-Boucles-de-lAulne-2025-Parcours-profil-et-favoris.png\" \/>\n\t<meta property=\"og:image:width\" content=\"1200\" \/>\n\t<meta property=\"og:image:height\" content=\"674\" \/>\n\t<meta property=\"og:image:type\" content=\"image\/png\" \/>\n<meta name=\"author\" content=\"Emilien Descampiaux\" \/>\n<meta name=\"twitter:card\" content=\"summary_large_image\" \/>\n<meta name=\"twitter:title\" content=\"Les Boucles de l&#039;Aulne 2025 : Profil, Parcours et Favoris\" \/>\n<meta name=\"twitter:creator\" content=\"@https:\/\/twitter.com\/LRoisDuPeloton\" \/>\n<meta name=\"twitter:site\" content=\"@dicodusport\" \/>\n<script type=\"application\/ld+json\" class=\"yoast-schema-graph\">{\"@context\":\"https:\/\/schema.org\",\"@graph\":[{\"@type\":\"NewsArticle\",\"@id\":\"https:\/\/dicodusport.fr\/blog\/les-boucles-de-laulne-2025-parcours-profil-et-favoris\/#article\",\"isPartOf\":{\"@id\":\"https:\/\/dicodusport.fr\/blog\/les-boucles-de-laulne-2025-parcours-profil-et-favoris\/\"},\"author\":{\"name\":\"Emilien Descampiaux\",\"@id\":\"https:\/\/dicodusport.fr\/blog\/#\/schema\/person\/6db4bae06b171592211be385b32876a7\"},\"headline\":\"Les Boucles de l&rsquo;Aulne 2025 : Profil, Parcours et Favoris\",\"datePublished\":\"2025-05-08T06:25:11+00:00\",\"dateModified\":\"2025-05-08T06:25:34+00:00\",\"mainEntityOfPage\":{\"@id\":\"https:\/\/dicodusport.fr\/blog\/les-boucles-de-laulne-2025-parcours-profil-et-favoris\/\"},\"wordCount\":359,\"commentCount\":0,\"publisher\":{\"@id\":\"https:\/\/dicodusport.fr\/blog\/#organization\"},\"image\":{\"@id\":\"https:\/\/dicodusport.fr\/blog\/les-boucles-de-laulne-2025-parcours-profil-et-favoris\/#primaryimage\"},\"thumbnailUrl\":\"https:\/\/dicodusport.fr\/blog\/wp-content\/uploads\/2025\/05\/Les-Boucles-de-lAulne-2025-Parcours-profil-et-favoris.png\",\"keywords\":[\"Boucles de l'Aulne\",\"br\u00e8ve\"],\"articleSection\":[\"Cyclisme sur route\"],\"inLanguage\":\"fr-FR\",\"potentialAction\":[{\"@type\":\"CommentAction\",\"name\":\"Comment\",\"target\":[\"https:\/\/dicodusport.fr\/blog\/les-boucles-de-laulne-2025-parcours-profil-et-favoris\/#respond\"]}],\"copyrightYear\":\"2025\",\"copyrightHolder\":{\"@id\":\"https:\/\/dicodusport.fr\/blog\/#organization\"}},{\"@type\":\"WebPage\",\"@id\":\"https:\/\/dicodusport.fr\/blog\/les-boucles-de-laulne-2025-parcours-profil-et-favoris\/\",\"url\":\"https:\/\/dicodusport.fr\/blog\/les-boucles-de-laulne-2025-parcours-profil-et-favoris\/\",\"name\":\"Les Boucles de l'Aulne 2025 : Profil, Parcours et Favoris\",\"isPartOf\":{\"@id\":\"https:\/\/dicodusport.fr\/blog\/#website\"},\"primaryImageOfPage\":{\"@id\":\"https:\/\/dicodusport.fr\/blog\/les-boucles-de-laulne-2025-parcours-profil-et-favoris\/#primaryimage\"},\"image\":{\"@id\":\"https:\/\/dicodusport.fr\/blog\/les-boucles-de-laulne-2025-parcours-profil-et-favoris\/#primaryimage\"},\"thumbnailUrl\":\"https:\/\/dicodusport.fr\/blog\/wp-content\/uploads\/2025\/05\/Les-Boucles-de-lAulne-2025-Parcours-profil-et-favoris.png\",\"datePublished\":\"2025-05-08T06:25:11+00:00\",\"dateModified\":\"2025-05-08T06:25:34+00:00\",\"description\":\"Retrouvez le parcours d\u00e9taill\u00e9, le profil et les favoris des Boucles de l'Aulne 2025, qui se d\u00e9roulent ce jeudi 8 mai autour de Ch\u00e2teaulin (183,1 km).\",\"breadcrumb\":{\"@id\":\"https:\/\/dicodusport.fr\/blog\/les-boucles-de-laulne-2025-parcours-profil-et-favoris\/#breadcrumb\"},\"inLanguage\":\"fr-FR\",\"potentialAction\":[{\"@type\":\"ReadAction\",\"target\":[\"https:\/\/dicodusport.fr\/blog\/les-boucles-de-laulne-2025-parcours-profil-et-favoris\/\"]}]},{\"@type\":\"ImageObject\",\"inLanguage\":\"fr-FR\",\"@id\":\"https:\/\/dicodusport.fr\/blog\/les-boucles-de-laulne-2025-parcours-profil-et-favoris\/#primaryimage\",\"url\":\"https:\/\/dicodusport.fr\/blog\/wp-content\/uploads\/2025\/05\/Les-Boucles-de-lAulne-2025-Parcours-profil-et-favoris.png\",\"contentUrl\":\"https:\/\/dicodusport.fr\/blog\/wp-content\/uploads\/2025\/05\/Les-Boucles-de-lAulne-2025-Parcours-profil-et-favoris.png\",\"width\":1200,\"height\":674,\"caption\":\"Les Boucles de l'Aulne 2025 Parcours, profil et favoris\"},{\"@type\":\"BreadcrumbList\",\"@id\":\"https:\/\/dicodusport.fr\/blog\/les-boucles-de-laulne-2025-parcours-profil-et-favoris\/#breadcrumb\",\"itemListElement\":[{\"@type\":\"ListItem\",\"position\":1,\"name\":\"Accueil\",\"item\":\"https:\/\/dicodusport.fr\/blog\/\"},{\"@type\":\"ListItem\",\"position\":2,\"name\":\"Les Boucles de l&rsquo;Aulne 2025 : Profil, Parcours et Favoris\"}]},{\"@type\":\"WebSite\",\"@id\":\"https:\/\/dicodusport.fr\/blog\/#website\",\"url\":\"https:\/\/dicodusport.fr\/blog\/\",\"name\":\"Dicodusport\",\"description\":\"L&#039;encyclop\u00e9die de l&#039;actualit\u00e9 sportive\",\"publisher\":{\"@id\":\"https:\/\/dicodusport.fr\/blog\/#organization\"},\"potentialAction\":[{\"@type\":\"SearchAction\",\"target\":{\"@type\":\"EntryPoint\",\"urlTemplate\":\"https:\/\/dicodusport.fr\/blog\/?s={search_term_string}\"},\"query-input\":{\"@type\":\"PropertyValueSpecification\",\"valueRequired\":true,\"valueName\":\"search_term_string\"}}],\"inLanguage\":\"fr-FR\"},{\"@type\":\"NewsMediaOrganization\",\"@id\":\"https:\/\/dicodusport.fr\/blog\/#organization\",\"name\":\"Dicodusport\",\"url\":\"https:\/\/dicodusport.fr\/blog\/\",\"logo\":{\"@type\":\"ImageObject\",\"inLanguage\":\"fr-FR\",\"@id\":\"https:\/\/dicodusport.fr\/blog\/#\/schema\/logo\/image\/\",\"url\":\"https:\/\/dicodusport.fr\/blog\/wp-content\/uploads\/2020\/06\/cropped-LOGO-DICODUSPORT-2020-SANS-FOND-SANS-TEXTE.png\",\"contentUrl\":\"https:\/\/dicodusport.fr\/blog\/wp-content\/uploads\/2020\/06\/cropped-LOGO-DICODUSPORT-2020-SANS-FOND-SANS-TEXTE.png\",\"width\":512,\"height\":512,\"caption\":\"Dicodusport\"},\"image\":{\"@id\":\"https:\/\/dicodusport.fr\/blog\/#\/schema\/logo\/image\/\"},\"sameAs\":[\"https:\/\/www.facebook.com\/dicodusport\",\"https:\/\/x.com\/dicodusport\",\"https:\/\/www.instagram.com\/dicodusport\/\",\"https:\/\/www.youtube.com\/channel\/UC7V2KZ5sd3htJivAbA4ZG3w\"],\"description\":\"Dicodusport est l'encyclop\u00e9die de l'actualit\u00e9 sportive.\",\"email\":\"bonjour@dicodusport.fr\",\"legalName\":\"DICODUSPORT\",\"foundingDate\":\"2018-01-14\",\"vatID\":\"FR71834470973\",\"taxID\":\"83447097300043\",\"numberOfEmployees\":{\"@type\":\"QuantitativeValue\",\"minValue\":\"1\",\"maxValue\":\"10\"}},{\"@type\":\"Person\",\"@id\":\"https:\/\/dicodusport.fr\/blog\/#\/schema\/person\/6db4bae06b171592211be385b32876a7\",\"name\":\"Emilien Descampiaux\",\"image\":{\"@type\":\"ImageObject\",\"inLanguage\":\"fr-FR\",\"@id\":\"https:\/\/dicodusport.fr\/blog\/#\/schema\/person\/image\/\",\"url\":\"https:\/\/dicodusport.fr\/blog\/wp-content\/uploads\/2021\/05\/Emilien-Descampiaux-150x150.jpg\",\"contentUrl\":\"https:\/\/dicodusport.fr\/blog\/wp-content\/uploads\/2021\/05\/Emilien-Descampiaux-150x150.jpg\",\"caption\":\"Emilien Descampiaux\"},\"description\":\"Journaliste\/r\u00e9dacteur depuis 2014 - Fan de la classe de Frank Vandenbroucke, je vis cyclisme (et de ses paysages) depuis plus de 20 ans. Je suis tr\u00e8s impliqu\u00e9 sur mes diff\u00e9rents r\u00e9seaux sociaux pour partager ma passion sur le monde et l'Histoire de la bicyclette avec ma voix sur les images en noir et blanc du succ\u00e8s de Rik Van Steenbergen lors du Ronde sur le V\u00e9lodrome de Gand.\",\"sameAs\":[\"https:\/\/www.facebook.com\/groups\/LesRoisDuPeloton\",\"https:\/\/x.com\/https:\/\/twitter.com\/LRoisDuPeloton\"],\"url\":\"https:\/\/dicodusport.fr\/blog\/author\/emiliend\/\"}]}<\/script>\n<!-- \/ Yoast SEO Premium plugin. -->","yoast_head_json":{"title":"Les Boucles de l'Aulne 2025 : Profil, Parcours et Favoris","description":"Retrouvez le parcours d\u00e9taill\u00e9, le profil et les favoris des Boucles de l'Aulne 2025, qui se d\u00e9roulent ce jeudi 8 mai autour de Ch\u00e2teaulin (183,1 km).","robots":{"index":"index","follow":"follow","max-snippet":"max-snippet:-1","max-image-preview":"max-image-preview:large","max-video-preview":"max-video-preview:-1"},"canonical":"https:\/\/dicodusport.fr\/blog\/les-boucles-de-laulne-2025-parcours-profil-et-favoris\/","og_locale":"fr_FR","og_type":"article","og_title":"Les Boucles de l'Aulne 2025 : Profil, Parcours et Favoris","og_description":"Retrouvez le parcours d\u00e9taill\u00e9, le profil et les favoris des Boucles de l'Aulne 2025, qui se d\u00e9roulent ce jeudi 8 mai autour de Ch\u00e2teaulin (183,1 km).","og_url":"https:\/\/dicodusport.fr\/blog\/les-boucles-de-laulne-2025-parcours-profil-et-favoris\/","og_site_name":"Dicodusport","article_publisher":"https:\/\/www.facebook.com\/dicodusport","article_author":"https:\/\/www.facebook.com\/groups\/LesRoisDuPeloton","article_published_time":"2025-05-08T06:25:11+00:00","article_modified_time":"2025-05-08T06:25:34+00:00","og_image":[{"width":1200,"height":674,"url":"https:\/\/dicodusport.fr\/blog\/wp-content\/uploads\/2025\/05\/Les-Boucles-de-lAulne-2025-Parcours-profil-et-favoris.png","type":"image\/png"}],"author":"Emilien Descampiaux","twitter_card":"summary_large_image","twitter_title":"Les Boucles de l'Aulne 2025 : Profil, Parcours et Favoris","twitter_creator":"@https:\/\/twitter.com\/LRoisDuPeloton","twitter_site":"@dicodusport","schema":{"@context":"https:\/\/schema.org","@graph":[{"@type":"NewsArticle","@id":"https:\/\/dicodusport.fr\/blog\/les-boucles-de-laulne-2025-parcours-profil-et-favoris\/#article","isPartOf":{"@id":"https:\/\/dicodusport.fr\/blog\/les-boucles-de-laulne-2025-parcours-profil-et-favoris\/"},"author":{"name":"Emilien Descampiaux","@id":"https:\/\/dicodusport.fr\/blog\/#\/schema\/person\/6db4bae06b171592211be385b32876a7"},"headline":"Les Boucles de l&rsquo;Aulne 2025 : Profil, Parcours et Favoris","datePublished":"2025-05-08T06:25:11+00:00","dateModified":"2025-05-08T06:25:34+00:00","mainEntityOfPage":{"@id":"https:\/\/dicodusport.fr\/blog\/les-boucles-de-laulne-2025-parcours-profil-et-favoris\/"},"wordCount":359,"commentCount":0,"publisher":{"@id":"https:\/\/dicodusport.fr\/blog\/#organization"},"image":{"@id":"https:\/\/dicodusport.fr\/blog\/les-boucles-de-laulne-2025-parcours-profil-et-favoris\/#primaryimage"},"thumbnailUrl":"https:\/\/dicodusport.fr\/blog\/wp-content\/uploads\/2025\/05\/Les-Boucles-de-lAulne-2025-Parcours-profil-et-favoris.png","keywords":["Boucles de l'Aulne","br\u00e8ve"],"articleSection":["Cyclisme sur route"],"inLanguage":"fr-FR","potentialAction":[{"@type":"CommentAction","name":"Comment","target":["https:\/\/dicodusport.fr\/blog\/les-boucles-de-laulne-2025-parcours-profil-et-favoris\/#respond"]}],"copyrightYear":"2025","copyrightHolder":{"@id":"https:\/\/dicodusport.fr\/blog\/#organization"}},{"@type":"WebPage","@id":"https:\/\/dicodusport.fr\/blog\/les-boucles-de-laulne-2025-parcours-profil-et-favoris\/","url":"https:\/\/dicodusport.fr\/blog\/les-boucles-de-laulne-2025-parcours-profil-et-favoris\/","name":"Les Boucles de l'Aulne 2025 : Profil, Parcours et Favoris","isPartOf":{"@id":"https:\/\/dicodusport.fr\/blog\/#website"},"primaryImageOfPage":{"@id":"https:\/\/dicodusport.fr\/blog\/les-boucles-de-laulne-2025-parcours-profil-et-favoris\/#primaryimage"},"image":{"@id":"https:\/\/dicodusport.fr\/blog\/les-boucles-de-laulne-2025-parcours-profil-et-favoris\/#primaryimage"},"thumbnailUrl":"https:\/\/dicodusport.fr\/blog\/wp-content\/uploads\/2025\/05\/Les-Boucles-de-lAulne-2025-Parcours-profil-et-favoris.png","datePublished":"2025-05-08T06:25:11+00:00","dateModified":"2025-05-08T06:25:34+00:00","description":"Retrouvez le parcours d\u00e9taill\u00e9, le profil et les favoris des Boucles de l'Aulne 2025, qui se d\u00e9roulent ce jeudi 8 mai autour de Ch\u00e2teaulin (183,1 km).","breadcrumb":{"@id":"https:\/\/dicodusport.fr\/blog\/les-boucles-de-laulne-2025-parcours-profil-et-favoris\/#breadcrumb"},"inLanguage":"fr-FR","potentialAction":[{"@type":"ReadAction","target":["https:\/\/dicodusport.fr\/blog\/les-boucles-de-laulne-2025-parcours-profil-et-favoris\/"]}]},{"@type":"ImageObject","inLanguage":"fr-FR","@id":"https:\/\/dicodusport.fr\/blog\/les-boucles-de-laulne-2025-parcours-profil-et-favoris\/#primaryimage","url":"https:\/\/dicodusport.fr\/blog\/wp-content\/uploads\/2025\/05\/Les-Boucles-de-lAulne-2025-Parcours-profil-et-favoris.png","contentUrl":"https:\/\/dicodusport.fr\/blog\/wp-content\/uploads\/2025\/05\/Les-Boucles-de-lAulne-2025-Parcours-profil-et-favoris.png","width":1200,"height":674,"caption":"Les Boucles de l'Aulne 2025 Parcours, profil et favoris"},{"@type":"BreadcrumbList","@id":"https:\/\/dicodusport.fr\/blog\/les-boucles-de-laulne-2025-parcours-profil-et-favoris\/#breadcrumb","itemListElement":[{"@type":"ListItem","position":1,"name":"Accueil","item":"https:\/\/dicodusport.fr\/blog\/"},{"@type":"ListItem","position":2,"name":"Les Boucles de l&rsquo;Aulne 2025 : Profil, Parcours et Favoris"}]},{"@type":"WebSite","@id":"https:\/\/dicodusport.fr\/blog\/#website","url":"https:\/\/dicodusport.fr\/blog\/","name":"Dicodusport","description":"L&#039;encyclop\u00e9die de l&#039;actualit\u00e9 sportive","publisher":{"@id":"https:\/\/dicodusport.fr\/blog\/#organization"},"potentialAction":[{"@type":"SearchAction","target":{"@type":"EntryPoint","urlTemplate":"https:\/\/dicodusport.fr\/blog\/?s={search_term_string}"},"query-input":{"@type":"PropertyValueSpecification","valueRequired":true,"valueName":"search_term_string"}}],"inLanguage":"fr-FR"},{"@type":"NewsMediaOrganization","@id":"https:\/\/dicodusport.fr\/blog\/#organization","name":"Dicodusport","url":"https:\/\/dicodusport.fr\/blog\/","logo":{"@type":"ImageObject","inLanguage":"fr-FR","@id":"https:\/\/dicodusport.fr\/blog\/#\/schema\/logo\/image\/","url":"https:\/\/dicodusport.fr\/blog\/wp-content\/uploads\/2020\/06\/cropped-LOGO-DICODUSPORT-2020-SANS-FOND-SANS-TEXTE.png","contentUrl":"https:\/\/dicodusport.fr\/blog\/wp-content\/uploads\/2020\/06\/cropped-LOGO-DICODUSPORT-2020-SANS-FOND-SANS-TEXTE.png","width":512,"height":512,"caption":"Dicodusport"},"image":{"@id":"https:\/\/dicodusport.fr\/blog\/#\/schema\/logo\/image\/"},"sameAs":["https:\/\/www.facebook.com\/dicodusport","https:\/\/x.com\/dicodusport","https:\/\/www.instagram.com\/dicodusport\/","https:\/\/www.youtube.com\/channel\/UC7V2KZ5sd3htJivAbA4ZG3w"],"description":"Dicodusport est l'encyclop\u00e9die de l'actualit\u00e9 sportive.","email":"bonjour@dicodusport.fr","legalName":"DICODUSPORT","foundingDate":"2018-01-14","vatID":"FR71834470973","taxID":"83447097300043","numberOfEmployees":{"@type":"QuantitativeValue","minValue":"1","maxValue":"10"}},{"@type":"Person","@id":"https:\/\/dicodusport.fr\/blog\/#\/schema\/person\/6db4bae06b171592211be385b32876a7","name":"Emilien Descampiaux","image":{"@type":"ImageObject","inLanguage":"fr-FR","@id":"https:\/\/dicodusport.fr\/blog\/#\/schema\/person\/image\/","url":"https:\/\/dicodusport.fr\/blog\/wp-content\/uploads\/2021\/05\/Emilien-Descampiaux-150x150.jpg","contentUrl":"https:\/\/dicodusport.fr\/blog\/wp-content\/uploads\/2021\/05\/Emilien-Descampiaux-150x150.jpg","caption":"Emilien Descampiaux"},"description":"Journaliste\/r\u00e9dacteur depuis 2014 - Fan de la classe de Frank Vandenbroucke, je vis cyclisme (et de ses paysages) depuis plus de 20 ans. Je suis tr\u00e8s impliqu\u00e9 sur mes diff\u00e9rents r\u00e9seaux sociaux pour partager ma passion sur le monde et l'Histoire de la bicyclette avec ma voix sur les images en noir et blanc du succ\u00e8s de Rik Van Steenbergen lors du Ronde sur le V\u00e9lodrome de Gand.","sameAs":["https:\/\/www.facebook.com\/groups\/LesRoisDuPeloton","https:\/\/x.com\/https:\/\/twitter.com\/LRoisDuPeloton"],"url":"https:\/\/dicodusport.fr\/blog\/author\/emiliend\/"}]}},"_links":{"self":[{"href":"https:\/\/dicodusport.fr\/blog\/wp-json\/wp\/v2\/posts\/577011","targetHints":{"allow":["GET"]}}],"collection":[{"href":"https:\/\/dicodusport.fr\/blog\/wp-json\/wp\/v2\/posts"}],"about":[{"href":"https:\/\/dicodusport.fr\/blog\/wp-json\/wp\/v2\/types\/post"}],"author":[{"embeddable":true,"href":"https:\/\/dicodusport.fr\/blog\/wp-json\/wp\/v2\/users\/48"}],"replies":[{"embeddable":true,"href":"https:\/\/dicodusport.fr\/blog\/wp-json\/wp\/v2\/comments?post=577011"}],"version-history":[{"count":6,"href":"https:\/\/dicodusport.fr\/blog\/wp-json\/wp\/v2\/posts\/577011\/revisions"}],"predecessor-version":[{"id":577349,"href":"https:\/\/dicodusport.fr\/blog\/wp-json\/wp\/v2\/posts\/577011\/revisions\/577349"}],"wp:featuredmedia":[{"embeddable":true,"href":"https:\/\/dicodusport.fr\/blog\/wp-json\/wp\/v2\/media\/577096"}],"wp:attachment":[{"href":"https:\/\/dicodusport.fr\/blog\/wp-json\/wp\/v2\/media?parent=577011"}],"wp:term":[{"taxonomy":"category","embeddable":true,"href":"https:\/\/dicodusport.fr\/blog\/wp-json\/wp\/v2\/categories?post=577011"},{"taxonomy":"post_tag","embeddable":true,"href":"https:\/\/dicodusport.fr\/blog\/wp-json\/wp\/v2\/tags?post=577011"}],"curies":[{"name":"wp","href":"https:\/\/api.w.org\/{rel}","templated":true}]}}