{"id":577089,"date":"2025-05-08T17:00:13","date_gmt":"2025-05-08T15:00:13","guid":{"rendered":"https:\/\/dicodusport.fr\/blog\/?p=577089&#038;preview=true&#038;preview_id=577089"},"modified":"2025-05-09T13:32:52","modified_gmt":"2025-05-09T11:32:52","slug":"coureurs-francais-et-tour-ditalie-testez-vos-connaissances-avec-notre-quiz","status":"publish","type":"post","link":"https:\/\/dicodusport.fr\/blog\/coureurs-francais-et-tour-ditalie-testez-vos-connaissances-avec-notre-quiz\/","title":{"rendered":"Coureurs fran\u00e7ais et Tour d&rsquo;Italie : testez vos connaissances avec notre quiz"},"content":{"rendered":"<h4 style=\"text-align: justify;\"><em>Des exploits de Jacques Anquetil aux victoires d&rsquo;\u00e9tape d&rsquo;Arnaud D\u00e9mare, les coureurs fran\u00e7ais ont souvent brill\u00e9 sur les routes du Giro. \u00c0 l&rsquo;occasion du Tour d\u2019Italie 2025, testez vos connaissances sur ces Tricolores qui ont marqu\u00e9 la l\u00e9gende de la Corsa Rosa.<\/em><\/h4>\r\n<ul style=\"text-align: justify;\">\r\n \t<li><strong>\u00c0 ce sujet &#8211;\u00a0<a href=\"https:\/\/dicodusport.fr\/blog\/tour-ditalie-2025-ces-francais-prets-a-briller-sur-les-routes-du-giro\/\">Tour d\u2019Italie 2025 : Ces Fran\u00e7ais pr\u00eats \u00e0 briller sur les routes du Giro<\/a><\/strong><\/li>\r\n<\/ul>\r\n<p class=\"\" style=\"text-align: justify;\" data-start=\"470\" data-end=\"777\">Le <strong>Tour d&rsquo;Italie<\/strong> a souvent \u00e9t\u00e9 le th\u00e9\u00e2tre de performances m\u00e9morables pour les cyclistes fran\u00e7ais. Des l\u00e9gendes comme <strong>Jacques Anquetil<\/strong>, premier Fran\u00e7ais \u00e0 remporter le Giro, aux victoires d&rsquo;\u00e9tape plus r\u00e9centes de coureurs tels qu&rsquo;<strong>Arnaud D\u00e9mare<\/strong> ou <strong>Valentin Paret-Peintre<\/strong>, les Tricolores ont marqu\u00e9 l&rsquo;histoire de la Corsa Rosa.<\/p>\r\n\r\n<h2 style=\"text-align: justify;\" data-start=\"193\" data-end=\"243\">Testez vos connaissances sur les Fran\u00e7ais et le Tour d&rsquo;Italie<\/h2>\r\n<p style=\"text-align: justify;\" data-start=\"245\" data-end=\"395\">Avant de plonger dans l&rsquo;\u00e9dition 2025, mettez \u00e0 l&rsquo;\u00e9preuve votre m\u00e9moire et votre passion du cyclisme avec notre quiz d\u00e9di\u00e9 aux <strong>coureurs fran\u00e7ais et au<\/strong> <strong>Tour d&rsquo;Italie<\/strong>. Saurez-vous retrouver les noms de ceux qui ont port\u00e9 le maillot rose ou remport\u00e9 des \u00e9tapes mythiques ? <span class=\"relative -mx-px my-[-0.2rem] rounded px-px py-[0.2rem] transition-colors duration-100 ease-in-out\">Un d\u00e9fi pour les amateurs \u00e9clair\u00e9s et les passionn\u00e9s d&rsquo;histoire cycliste.<\/span><\/p>\r\n\r\n<div id=\"iframeContainer\" style=\"width: 100%; max-width: 800px; margin: 0 auto; position: relative; border: 2px solid black;\">\r\n<div id=\"iframeLoading\" style=\"position: absolute; top: 0; left: 0; width: 100%; height: 100%; background: #fff; display: flex; justify-content: center; align-items: center; flex-direction: column;\">\r\n<div class=\"loader\">\u00a0<\/div>\r\n<p style=\"margin-top: 10px; font-size: 1em; color: #333;\">Chargement du quiz sur le cyclisme&#8230;<\/p>\r\n<\/div>\r\n<iframe id=\"monIframe\" data-src=\"https:\/\/v2.app.anthm.io\/dicodusport\/fr\/iframes\/quiz\/les-francais-et-tour-italie\" style=\"border: none; width: 100%; height: 100%; opacity: 0;\" loading=\"lazy\" scrolling=\"no\" allow=\"clipboard-read; clipboard-write; web-share\"><\/iframe><\/div>\r\n<p><style>\r\n  .loader {<br \/>    border: 4px solid #f3f3f3;<br \/>    border-top: 4px solid #3498db;<br \/>    border-radius: 50%;<br \/>    width: 30px;<br \/>    height: 30px;<br \/>    animation: spin 1s linear infinite;<br \/>  }<\/p>\r\n<p>  @keyframes spin {<br \/>    0% { transform: rotate(0deg); }<br \/>    100% { transform: rotate(360deg); }<br \/>  }<\/p>\r\n<p>  #iframeContainer {<br \/>    width: 100%;<br \/>    max-width: 800px;<br \/>    height: 560px;<br \/>    max-height: 100vh;<br \/>    box-sizing: border-box;<br \/>  }<br \/><\/style> <script>\r\n  document.addEventListener('DOMContentLoaded', () => {\r\n    const iframe = document.getElementById('monIframe');\r\n    const loadingDiv = document.getElementById('iframeLoading');\r\n    const iframeContainer = document.getElementById('iframeContainer');\r\n\r\n    function adjustIframeSize() {\r\n      const maxWidth = 800;\r\n      const maxHeight = 560;\r\n      const parentWidth = iframeContainer.parentElement ? iframeContainer.parentElement.clientWidth : window.innerWidth;\r\n      const containerWidth = Math.min(parentWidth * 0.98, maxWidth);\r\n      iframeContainer.style.width = `${containerWidth}px`;\r\n\r\n      const windowHeight = window.innerHeight;\r\n      const containerHeight = Math.min(windowHeight, maxHeight);\r\n      iframeContainer.style.height = `${containerHeight}px`;\r\n    }\r\n\r\n    adjustIframeSize();\r\n    window.addEventListener('resize', adjustIframeSize);\r\n\r\n    iframe.src = iframe.getAttribute('data-src');\r\n    iframe.onload = () => {\r\n      loadingDiv.style.display = 'none';\r\n      iframe.style.opacity = '1';\r\n    };\r\n  });\r\n<\/script><\/p>\r\n\r\n<h2 style=\"text-align: justify;\">Voici le r\u00e9sum\u00e9 du quiz :<\/h2>\r\n<p style=\"text-align: justify;\">Pour revoir toutes les questions, r\u00e9ponses et explications sur les Fran\u00e7ais et le Tour d&rsquo;Italie, cliquez sur le bouton ci-dessous.<\/p>\r\n<div class=\"quiz-revision-container\">\r\n    <button class=\"revision-toggle\">Afficher les r\u00e9ponses<\/button>\r\n    <div class=\"revision-content\" style=\"display: none;\">\r\n        <h3>Question 1 : Quel coureur fran\u00e7ais a remport\u00e9 le Tour d\u2019Italie en 1980 ?<\/h3>\r\n        <ul>\r\n            <li>A) Bernard Hinault<\/li>\r\n            <li>B) Laurent Fignon<\/li>\r\n            <li>C) Jean-Ren\u00e9 Bernaudeau<\/li>\r\n            <li>D) Marc Madiot<\/li>\r\n        <\/ul>\r\n        <button class=\"spoiler-toggle\">Afficher la r\u00e9ponse<\/button>\r\n        <div class=\"spoiler\" style=\"display: none;\">\r\n            <p><strong>R\u00e9ponse correcte :<\/strong> A) Bernard Hinault.<\/p>\r\n            <p><strong>Explication :<\/strong> En 1980, Bernard Hinault remportait le premier de ses trois Tours d&rsquo;Italie (1980, 1982 et 1985).<\/p>\r\n        <\/div>\r\n        <h3>Question 2 : Quel sprinteur fran\u00e7ais a gagn\u00e9 4 \u00e9tapes lors du Giro 2020 ?<\/h3>\r\n        <ul>\r\n            <li>A) Nacer Bouhanni<\/li>\r\n            <li>B) Arnaud D\u00e9mare<\/li>\r\n            <li>C) Bryan Coquard<\/li>\r\n            <li>D) Rudy Barbier<\/li>\r\n        <\/ul>\r\n        <button class=\"spoiler-toggle\">Afficher la r\u00e9ponse<\/button>\r\n        <div class=\"spoiler\" style=\"display: none;\">\r\n            <p><strong>R\u00e9ponse correcte :<\/strong> B) Arnaud D\u00e9mare.<\/p>\r\n            <p><strong>Explication :<\/strong> En plus de ses quatre victoires d&rsquo;\u00e9tape, Arnaud D\u00e9mare a ramen\u00e9 le maillot cyclamen du classement par points en 2020.<\/p>\r\n        <\/div>\r\n        <h3>Question 3 : Quel Fran\u00e7ais a remport\u00e9 le classement de la montagne du Giro 1984 ?<\/h3>\r\n        <ul>\r\n            <li>A) Charly Mottet<\/li>\r\n            <li>B) \u00c9ric Salomon<\/li>\r\n            <li>C) Laurent Fignon<\/li>\r\n            <li>D) Martial Gayant<\/li>\r\n        <\/ul>\r\n        <button class=\"spoiler-toggle\">Afficher la r\u00e9ponse<\/button>\r\n        <div class=\"spoiler\" style=\"display: none;\">\r\n            <p><strong>R\u00e9ponse correcte :<\/strong> C) Laurent Fignon.<\/p>\r\n            <p><strong>Explication :<\/strong> Au cours du Giro 1984, Laurent Fignon a, en plus du classement de la montagne, remport\u00e9 une \u00e9tape et termin\u00e9 deuxi\u00e8me du classement g\u00e9n\u00e9ral.<\/p>\r\n        <\/div>\r\n        <h3>Question 4 : Combien de coureurs fran\u00e7ais ont remport\u00e9 le classement g\u00e9n\u00e9ral du Giro ?<\/h3>\r\n        <ul>\r\n            <li>A) 5<\/li>\r\n            <li>B) 2<\/li>\r\n            <li>C) 3<\/li>\r\n            <li>D) 4<\/li>\r\n        <\/ul>\r\n        <button class=\"spoiler-toggle\">Afficher la r\u00e9ponse<\/button>\r\n        <div class=\"spoiler\" style=\"display: none;\">\r\n            <p><strong>R\u00e9ponse correcte :<\/strong> C) 3.<\/p>\r\n            <p><strong>Explication :<\/strong> Les trois coureurs fran\u00e7ais \u00e0 avoir remport\u00e9 le Giro sont Jacques Anquetil (1960 et 1964), Bernard Hinault (1980, 1982 et 1985) ainsi que Laurent Fignon (1989).<\/p>\r\n        <\/div>\r\n        <h3>Question 5 : Quel Fran\u00e7ais a remport\u00e9 l&rsquo;\u00e9tape du Giro 2024 entre Pompei et Cusano Mutri ?<\/h3>\r\n        <ul>\r\n            <li>A) Alex Baudin<\/li>\r\n            <li>B) Julian Alaphilippe<\/li>\r\n            <li>C) Valentin Paret-Peintre<\/li>\r\n            <li>D) Romain Bardet<\/li>\r\n        <\/ul>\r\n        <button class=\"spoiler-toggle\">Afficher la r\u00e9ponse<\/button>\r\n        <div class=\"spoiler\" style=\"display: none;\">\r\n            <p><strong>R\u00e9ponse correcte :<\/strong> C) Valentin Paret-Peintre.<\/p>\r\n            <p><strong>Explication :<\/strong> \u00c0 Cusano Mutri, Valentin Paret-Peintre avait devanc\u00e9 Romain Bardet. Julian Alaphilippe s&rsquo;\u00e9tait lui impos\u00e9 sur la 12\u00e8me \u00e9tape, \u00e0 Fano.<\/p>\r\n        <\/div>\r\n        <h3>Question 6 : Quel Fran\u00e7ais a termin\u00e9 4e du classement g\u00e9n\u00e9ral du Giro en 2017 ?<\/h3>\r\n        <ul>\r\n            <li>A) Romain Bardet<\/li>\r\n            <li>B) Thibaut Pinot<\/li>\r\n            <li>C) Julian Alaphilippe<\/li>\r\n            <li>D) Pierre Rolland<\/li>\r\n        <\/ul>\r\n        <button class=\"spoiler-toggle\">Afficher la r\u00e9ponse<\/button>\r\n        <div class=\"spoiler\" style=\"display: none;\">\r\n            <p><strong>R\u00e9ponse correcte :<\/strong> B) Thibaut Pinot.<\/p>\r\n            <p><strong>Explication :<\/strong> Lors de cette \u00e9dition 2017, Thibaut Pinot \u00e9tait \u00e0 la lutte pour le podium, jusqu&rsquo;au contre-la-montre final \u00e0 Milan. Il avait tout de m\u00eame remport\u00e9 une victoire d&rsquo;\u00e9tape, \u00e0 Asiago.<\/p>\r\n        <\/div>\r\n    <\/div>\r\n<\/div>\r\n<p><style>\r\n.quiz-revision-container {\r\n  max-width: 800px;\r\n  margin: 0 auto;\r\n}\r\n.revision-toggle,\r\n.spoiler-toggle {\r\n  background-color: #0057ae;\r\n  color: white;\r\n  border: none;\r\n  padding: 10px 20px;\r\n  cursor: pointer;\r\n  margin: 15px 0;\r\n  border-radius: 4px;\r\n  font-size: 16px;\r\n}\r\n.revision-toggle:hover,\r\n.spoiler-toggle:hover {\r\n  background-color: #0057ae;\r\n}\r\n.revision-content h3 {\r\n  margin-top: 20px;\r\n}\r\n.spoiler {\r\n  margin: 10px 0;\r\n  padding: 10px;\r\n  background-color: #dbe8f5;\r\n  color: #000;\r\n  border-left: 4px solid #0057ae;\r\n}\r\n.spoiler p {\r\n  margin: 5px 0;\r\n}\r\n.spoiler strong {\r\n  color: #000;\r\n}\r\n<\/style> <script>\r\ndocument.addEventListener('DOMContentLoaded', function () {\r\n  const revisionToggle = document.querySelector('.revision-toggle');\r\n  const revisionContent = document.querySelector('.revision-content');\r\n  const spoilerToggles = document.querySelectorAll('.spoiler-toggle');\r\n\r\n  revisionToggle.addEventListener('click', function () {\r\n    const isHidden = revisionContent.style.display === 'none';\r\n    revisionContent.style.display = isHidden ? 'block' : 'none';\r\n    revisionToggle.textContent = isHidden ? 'Masquer les r\u00e9ponses' : 'Afficher les r\u00e9ponses';\r\n\r\n    if (!isHidden) {\r\n      \/\/ Reset all spoilers if hiding\r\n      spoilerToggles.forEach(btn => {\r\n        const spoiler = btn.nextElementSibling;\r\n        spoiler.style.display = 'none';\r\n        btn.textContent = 'Afficher la r\u00e9ponse';\r\n      });\r\n    }\r\n  });\r\n\r\n  spoilerToggles.forEach(btn => {\r\n    btn.addEventListener('click', function () {\r\n      const spoiler = btn.nextElementSibling;\r\n      const isVisible = spoiler.style.display === 'block';\r\n      spoiler.style.display = isVisible ? 'none' : 'block';\r\n      btn.textContent = isVisible ? 'Afficher la r\u00e9ponse' : 'Masquer la r\u00e9ponse';\r\n    });\r\n  });\r\n});\r\n<\/script><\/p>\r\n<p style=\"text-align: justify;\">Si ce quiz vous a plu, d\u00e9couvrez nos autres quiz captivants sur des sports tout aussi passionnants : <strong><a href=\"https:\/\/dicodusport.fr\/blog\/quiz\/\" target=\"_blank\" rel=\"noopener\">Voir tous nos quiz<\/a> <\/strong>!<\/p>\r\n\r\n<h2 id=\"fin-du-quiz-sur-baptiste-jauneau-clermont-et-lubb\" class=\"mb-2 mt-6 text-lg font-[500] first:mt-0\" style=\"text-align: justify;\">Alors, \u00eates-vous incollable sur les Fran\u00e7ais et le Giro ?<\/h2>\r\n<p class=\"\" style=\"text-align: justify;\" data-start=\"2098\" data-end=\"2318\">Quel est votre r\u00e9sultat \u00e0 l&rsquo;issue de notre quiz sur les Fran\u00e7ais et le Tour d&rsquo;Italie ? Quelle question vous a donn\u00e9 du fil \u00e0 retordre ? Partagez votre score avec vos amis !<\/p>","protected":false},"excerpt":{"rendered":"<p>\u00c0 l&rsquo;occasion du Tour d\u2019Italie 2025, testez vos connaissances sur ces Tricolores qui ont marqu\u00e9 la l\u00e9gende du Giro d&rsquo;Italia.<\/p>\n","protected":false},"author":4,"featured_media":577285,"comment_status":"open","ping_status":"closed","sticky":false,"template":"","format":"standard","meta":{"_acf_changed":false,"_daextam_enable_autolinks":"1","footnotes":""},"categories":[3692,47041],"tags":[16878,2830,2895,5063,4722],"class_list":["post-577089","post","type-post","status-publish","format-standard","has-post-thumbnail","hentry","category-quiz","category-tour-d-italie","tag-breve","tag-giro","tag-quiz","tag-quiz-cyclisme","tag-tour-ditalie"],"acf":[],"yoast_head":"<!-- This site is optimized with the Yoast SEO Premium plugin v26.7 (Yoast SEO v26.7) - https:\/\/yoast.com\/wordpress\/plugins\/seo\/ -->\n<title>Coureurs fran\u00e7ais et Tour d&#039;Italie : testez vos connaissances avec notre quiz<\/title>\n<meta name=\"description\" content=\"\u00c0 l&#039;occasion du Tour d\u2019Italie 2025, testez vos connaissances sur ces Tricolores qui ont marqu\u00e9 la l\u00e9gende du Giro d&#039;Italia.\" \/>\n<meta name=\"robots\" content=\"index, follow, max-snippet:-1, max-image-preview:large, max-video-preview:-1\" \/>\n<link rel=\"canonical\" href=\"https:\/\/dicodusport.fr\/blog\/coureurs-francais-et-tour-ditalie-testez-vos-connaissances-avec-notre-quiz\/\" \/>\n<meta property=\"og:locale\" content=\"fr_FR\" \/>\n<meta property=\"og:type\" content=\"article\" \/>\n<meta property=\"og:title\" content=\"Coureurs fran\u00e7ais et Tour d&#039;Italie : testez vos connaissances avec notre quiz\" \/>\n<meta property=\"og:description\" content=\"\u00c0 l&#039;occasion du Tour d\u2019Italie 2025, testez vos connaissances sur ces Tricolores qui ont marqu\u00e9 la l\u00e9gende du Giro d&#039;Italia.\" \/>\n<meta property=\"og:url\" content=\"https:\/\/dicodusport.fr\/blog\/coureurs-francais-et-tour-ditalie-testez-vos-connaissances-avec-notre-quiz\/\" \/>\n<meta property=\"og:site_name\" content=\"Dicodusport\" \/>\n<meta property=\"article:publisher\" content=\"https:\/\/www.facebook.com\/dicodusport\" \/>\n<meta property=\"article:author\" content=\"https:\/\/www.facebook.com\/florent.ostermann\" \/>\n<meta property=\"article:published_time\" content=\"2025-05-08T15:00:13+00:00\" \/>\n<meta property=\"article:modified_time\" content=\"2025-05-09T11:32:52+00:00\" \/>\n<meta property=\"og:image\" content=\"https:\/\/dicodusport.fr\/blog\/wp-content\/uploads\/2025\/05\/Coureurs-francais-et-Tour-dItalie-testez-vos-connaissances-avec-notre-quiz.png\" \/>\n\t<meta property=\"og:image:width\" content=\"1200\" \/>\n\t<meta property=\"og:image:height\" content=\"674\" \/>\n\t<meta property=\"og:image:type\" content=\"image\/png\" \/>\n<meta name=\"author\" content=\"Flo Ostermann\" \/>\n<meta name=\"twitter:card\" content=\"summary_large_image\" \/>\n<meta name=\"twitter:title\" content=\"Coureurs fran\u00e7ais et Tour d&#039;Italie : testez vos connaissances avec notre quiz\" \/>\n<meta name=\"twitter:creator\" content=\"@https:\/\/twitter.com\/FlOstermann\" \/>\n<meta name=\"twitter:site\" content=\"@dicodusport\" \/>\n<script type=\"application\/ld+json\" class=\"yoast-schema-graph\">{\"@context\":\"https:\/\/schema.org\",\"@graph\":[{\"@type\":\"NewsArticle\",\"@id\":\"https:\/\/dicodusport.fr\/blog\/coureurs-francais-et-tour-ditalie-testez-vos-connaissances-avec-notre-quiz\/#article\",\"isPartOf\":{\"@id\":\"https:\/\/dicodusport.fr\/blog\/coureurs-francais-et-tour-ditalie-testez-vos-connaissances-avec-notre-quiz\/\"},\"author\":{\"name\":\"Flo Ostermann\",\"@id\":\"https:\/\/dicodusport.fr\/blog\/#\/schema\/person\/cb02af4c173ce4a653b55e9baf388d4a\"},\"headline\":\"Coureurs fran\u00e7ais et Tour d&rsquo;Italie : testez vos connaissances avec notre quiz\",\"datePublished\":\"2025-05-08T15:00:13+00:00\",\"dateModified\":\"2025-05-09T11:32:52+00:00\",\"mainEntityOfPage\":{\"@id\":\"https:\/\/dicodusport.fr\/blog\/coureurs-francais-et-tour-ditalie-testez-vos-connaissances-avec-notre-quiz\/\"},\"wordCount\":653,\"commentCount\":0,\"publisher\":{\"@id\":\"https:\/\/dicodusport.fr\/blog\/#organization\"},\"image\":{\"@id\":\"https:\/\/dicodusport.fr\/blog\/coureurs-francais-et-tour-ditalie-testez-vos-connaissances-avec-notre-quiz\/#primaryimage\"},\"thumbnailUrl\":\"https:\/\/dicodusport.fr\/blog\/wp-content\/uploads\/2025\/05\/Coureurs-francais-et-Tour-dItalie-testez-vos-connaissances-avec-notre-quiz.png\",\"keywords\":[\"br\u00e8ve\",\"Giro\",\"Quiz\",\"quiz cyclisme\",\"Tour d'Italie\"],\"articleSection\":[\"Quiz\",\"Tour d'Italie\"],\"inLanguage\":\"fr-FR\",\"potentialAction\":[{\"@type\":\"CommentAction\",\"name\":\"Comment\",\"target\":[\"https:\/\/dicodusport.fr\/blog\/coureurs-francais-et-tour-ditalie-testez-vos-connaissances-avec-notre-quiz\/#respond\"]}],\"copyrightYear\":\"2025\",\"copyrightHolder\":{\"@id\":\"https:\/\/dicodusport.fr\/blog\/#organization\"}},{\"@type\":\"WebPage\",\"@id\":\"https:\/\/dicodusport.fr\/blog\/coureurs-francais-et-tour-ditalie-testez-vos-connaissances-avec-notre-quiz\/\",\"url\":\"https:\/\/dicodusport.fr\/blog\/coureurs-francais-et-tour-ditalie-testez-vos-connaissances-avec-notre-quiz\/\",\"name\":\"Coureurs fran\u00e7ais et Tour d'Italie : testez vos connaissances avec notre quiz\",\"isPartOf\":{\"@id\":\"https:\/\/dicodusport.fr\/blog\/#website\"},\"primaryImageOfPage\":{\"@id\":\"https:\/\/dicodusport.fr\/blog\/coureurs-francais-et-tour-ditalie-testez-vos-connaissances-avec-notre-quiz\/#primaryimage\"},\"image\":{\"@id\":\"https:\/\/dicodusport.fr\/blog\/coureurs-francais-et-tour-ditalie-testez-vos-connaissances-avec-notre-quiz\/#primaryimage\"},\"thumbnailUrl\":\"https:\/\/dicodusport.fr\/blog\/wp-content\/uploads\/2025\/05\/Coureurs-francais-et-Tour-dItalie-testez-vos-connaissances-avec-notre-quiz.png\",\"datePublished\":\"2025-05-08T15:00:13+00:00\",\"dateModified\":\"2025-05-09T11:32:52+00:00\",\"description\":\"\u00c0 l'occasion du Tour d\u2019Italie 2025, testez vos connaissances sur ces Tricolores qui ont marqu\u00e9 la l\u00e9gende du Giro d'Italia.\",\"breadcrumb\":{\"@id\":\"https:\/\/dicodusport.fr\/blog\/coureurs-francais-et-tour-ditalie-testez-vos-connaissances-avec-notre-quiz\/#breadcrumb\"},\"inLanguage\":\"fr-FR\",\"potentialAction\":[{\"@type\":\"ReadAction\",\"target\":[\"https:\/\/dicodusport.fr\/blog\/coureurs-francais-et-tour-ditalie-testez-vos-connaissances-avec-notre-quiz\/\"]}]},{\"@type\":\"ImageObject\",\"inLanguage\":\"fr-FR\",\"@id\":\"https:\/\/dicodusport.fr\/blog\/coureurs-francais-et-tour-ditalie-testez-vos-connaissances-avec-notre-quiz\/#primaryimage\",\"url\":\"https:\/\/dicodusport.fr\/blog\/wp-content\/uploads\/2025\/05\/Coureurs-francais-et-Tour-dItalie-testez-vos-connaissances-avec-notre-quiz.png\",\"contentUrl\":\"https:\/\/dicodusport.fr\/blog\/wp-content\/uploads\/2025\/05\/Coureurs-francais-et-Tour-dItalie-testez-vos-connaissances-avec-notre-quiz.png\",\"width\":1200,\"height\":674,\"caption\":\"Coureurs fran\u00e7ais et Tour d'Italie testez vos connaissances avec notre quiz\"},{\"@type\":\"BreadcrumbList\",\"@id\":\"https:\/\/dicodusport.fr\/blog\/coureurs-francais-et-tour-ditalie-testez-vos-connaissances-avec-notre-quiz\/#breadcrumb\",\"itemListElement\":[{\"@type\":\"ListItem\",\"position\":1,\"name\":\"Accueil\",\"item\":\"https:\/\/dicodusport.fr\/blog\/\"},{\"@type\":\"ListItem\",\"position\":2,\"name\":\"Coureurs fran\u00e7ais et Tour d&rsquo;Italie : testez vos connaissances avec notre quiz\"}]},{\"@type\":\"WebSite\",\"@id\":\"https:\/\/dicodusport.fr\/blog\/#website\",\"url\":\"https:\/\/dicodusport.fr\/blog\/\",\"name\":\"Dicodusport\",\"description\":\"L&#039;encyclop\u00e9die de l&#039;actualit\u00e9 sportive\",\"publisher\":{\"@id\":\"https:\/\/dicodusport.fr\/blog\/#organization\"},\"potentialAction\":[{\"@type\":\"SearchAction\",\"target\":{\"@type\":\"EntryPoint\",\"urlTemplate\":\"https:\/\/dicodusport.fr\/blog\/?s={search_term_string}\"},\"query-input\":{\"@type\":\"PropertyValueSpecification\",\"valueRequired\":true,\"valueName\":\"search_term_string\"}}],\"inLanguage\":\"fr-FR\"},{\"@type\":\"NewsMediaOrganization\",\"@id\":\"https:\/\/dicodusport.fr\/blog\/#organization\",\"name\":\"Dicodusport\",\"url\":\"https:\/\/dicodusport.fr\/blog\/\",\"logo\":{\"@type\":\"ImageObject\",\"inLanguage\":\"fr-FR\",\"@id\":\"https:\/\/dicodusport.fr\/blog\/#\/schema\/logo\/image\/\",\"url\":\"https:\/\/dicodusport.fr\/blog\/wp-content\/uploads\/2020\/06\/cropped-LOGO-DICODUSPORT-2020-SANS-FOND-SANS-TEXTE.png\",\"contentUrl\":\"https:\/\/dicodusport.fr\/blog\/wp-content\/uploads\/2020\/06\/cropped-LOGO-DICODUSPORT-2020-SANS-FOND-SANS-TEXTE.png\",\"width\":512,\"height\":512,\"caption\":\"Dicodusport\"},\"image\":{\"@id\":\"https:\/\/dicodusport.fr\/blog\/#\/schema\/logo\/image\/\"},\"sameAs\":[\"https:\/\/www.facebook.com\/dicodusport\",\"https:\/\/x.com\/dicodusport\",\"https:\/\/www.instagram.com\/dicodusport\/\",\"https:\/\/www.youtube.com\/channel\/UC7V2KZ5sd3htJivAbA4ZG3w\"],\"description\":\"Dicodusport est l'encyclop\u00e9die de l'actualit\u00e9 sportive.\",\"email\":\"bonjour@dicodusport.fr\",\"legalName\":\"DICODUSPORT\",\"foundingDate\":\"2018-01-14\",\"vatID\":\"FR71834470973\",\"taxID\":\"83447097300043\",\"numberOfEmployees\":{\"@type\":\"QuantitativeValue\",\"minValue\":\"1\",\"maxValue\":\"10\"}},{\"@type\":\"Person\",\"@id\":\"https:\/\/dicodusport.fr\/blog\/#\/schema\/person\/cb02af4c173ce4a653b55e9baf388d4a\",\"name\":\"Flo Ostermann\",\"image\":{\"@type\":\"ImageObject\",\"inLanguage\":\"fr-FR\",\"@id\":\"https:\/\/dicodusport.fr\/blog\/#\/schema\/person\/image\/\",\"url\":\"https:\/\/dicodusport.fr\/blog\/wp-content\/uploads\/2021\/05\/Flo-Ostermann-150x150.jpg\",\"contentUrl\":\"https:\/\/dicodusport.fr\/blog\/wp-content\/uploads\/2021\/05\/Flo-Ostermann-150x150.jpg\",\"caption\":\"Flo Ostermann\"},\"description\":\"Journaliste\/R\u00e9dacteur depuis septembre 2015 - Mes premiers souvenirs dans le sport ? Les envol\u00e9es du Stade Toulousain et les duels Villeneuve-Schumacher et H\u00e4kkinen-Schumacher \u00e0 la fin des ann\u00e9es 90, la Coupe du monde de football en 1998, l\u2019exploit du XV de France face aux All Blacks en 1999, mais aussi Richard C\u0153ur de Lion qui vole sur les montagnes du Tour de France. Bien parti pour devenir professeur d\u2019EPS, les \u00e9v\u00e9nements de la vie (et la flemme d\u2019animer des s\u00e9ances de 3x500 m\u00e8tres toute ma vie) m\u2019ont conduit \u00e0 revoir mes plans. Me voil\u00e0 depuis fin 2017 sur Dicodusport, m\u00e9dia gr\u00e2ce (et pour) lequel je partage ma passion : le sport dans tous ses \u00e9tats. Le tout accompagn\u00e9 par les fous furieux et folles furieuses cit\u00e9s sur cette page !\",\"sameAs\":[\"https:\/\/www.facebook.com\/florent.ostermann\",\"https:\/\/x.com\/https:\/\/twitter.com\/FlOstermann\",\"admin\"],\"url\":\"https:\/\/dicodusport.fr\/blog\/author\/flo\/\"}]}<\/script>\n<!-- \/ Yoast SEO Premium plugin. -->","yoast_head_json":{"title":"Coureurs fran\u00e7ais et Tour d'Italie : testez vos connaissances avec notre quiz","description":"\u00c0 l'occasion du Tour d\u2019Italie 2025, testez vos connaissances sur ces Tricolores qui ont marqu\u00e9 la l\u00e9gende du Giro d'Italia.","robots":{"index":"index","follow":"follow","max-snippet":"max-snippet:-1","max-image-preview":"max-image-preview:large","max-video-preview":"max-video-preview:-1"},"canonical":"https:\/\/dicodusport.fr\/blog\/coureurs-francais-et-tour-ditalie-testez-vos-connaissances-avec-notre-quiz\/","og_locale":"fr_FR","og_type":"article","og_title":"Coureurs fran\u00e7ais et Tour d'Italie : testez vos connaissances avec notre quiz","og_description":"\u00c0 l'occasion du Tour d\u2019Italie 2025, testez vos connaissances sur ces Tricolores qui ont marqu\u00e9 la l\u00e9gende du Giro d'Italia.","og_url":"https:\/\/dicodusport.fr\/blog\/coureurs-francais-et-tour-ditalie-testez-vos-connaissances-avec-notre-quiz\/","og_site_name":"Dicodusport","article_publisher":"https:\/\/www.facebook.com\/dicodusport","article_author":"https:\/\/www.facebook.com\/florent.ostermann","article_published_time":"2025-05-08T15:00:13+00:00","article_modified_time":"2025-05-09T11:32:52+00:00","og_image":[{"width":1200,"height":674,"url":"https:\/\/dicodusport.fr\/blog\/wp-content\/uploads\/2025\/05\/Coureurs-francais-et-Tour-dItalie-testez-vos-connaissances-avec-notre-quiz.png","type":"image\/png"}],"author":"Flo Ostermann","twitter_card":"summary_large_image","twitter_title":"Coureurs fran\u00e7ais et Tour d'Italie : testez vos connaissances avec notre quiz","twitter_creator":"@https:\/\/twitter.com\/FlOstermann","twitter_site":"@dicodusport","schema":{"@context":"https:\/\/schema.org","@graph":[{"@type":"NewsArticle","@id":"https:\/\/dicodusport.fr\/blog\/coureurs-francais-et-tour-ditalie-testez-vos-connaissances-avec-notre-quiz\/#article","isPartOf":{"@id":"https:\/\/dicodusport.fr\/blog\/coureurs-francais-et-tour-ditalie-testez-vos-connaissances-avec-notre-quiz\/"},"author":{"name":"Flo Ostermann","@id":"https:\/\/dicodusport.fr\/blog\/#\/schema\/person\/cb02af4c173ce4a653b55e9baf388d4a"},"headline":"Coureurs fran\u00e7ais et Tour d&rsquo;Italie : testez vos connaissances avec notre quiz","datePublished":"2025-05-08T15:00:13+00:00","dateModified":"2025-05-09T11:32:52+00:00","mainEntityOfPage":{"@id":"https:\/\/dicodusport.fr\/blog\/coureurs-francais-et-tour-ditalie-testez-vos-connaissances-avec-notre-quiz\/"},"wordCount":653,"commentCount":0,"publisher":{"@id":"https:\/\/dicodusport.fr\/blog\/#organization"},"image":{"@id":"https:\/\/dicodusport.fr\/blog\/coureurs-francais-et-tour-ditalie-testez-vos-connaissances-avec-notre-quiz\/#primaryimage"},"thumbnailUrl":"https:\/\/dicodusport.fr\/blog\/wp-content\/uploads\/2025\/05\/Coureurs-francais-et-Tour-dItalie-testez-vos-connaissances-avec-notre-quiz.png","keywords":["br\u00e8ve","Giro","Quiz","quiz cyclisme","Tour d'Italie"],"articleSection":["Quiz","Tour d'Italie"],"inLanguage":"fr-FR","potentialAction":[{"@type":"CommentAction","name":"Comment","target":["https:\/\/dicodusport.fr\/blog\/coureurs-francais-et-tour-ditalie-testez-vos-connaissances-avec-notre-quiz\/#respond"]}],"copyrightYear":"2025","copyrightHolder":{"@id":"https:\/\/dicodusport.fr\/blog\/#organization"}},{"@type":"WebPage","@id":"https:\/\/dicodusport.fr\/blog\/coureurs-francais-et-tour-ditalie-testez-vos-connaissances-avec-notre-quiz\/","url":"https:\/\/dicodusport.fr\/blog\/coureurs-francais-et-tour-ditalie-testez-vos-connaissances-avec-notre-quiz\/","name":"Coureurs fran\u00e7ais et Tour d'Italie : testez vos connaissances avec notre quiz","isPartOf":{"@id":"https:\/\/dicodusport.fr\/blog\/#website"},"primaryImageOfPage":{"@id":"https:\/\/dicodusport.fr\/blog\/coureurs-francais-et-tour-ditalie-testez-vos-connaissances-avec-notre-quiz\/#primaryimage"},"image":{"@id":"https:\/\/dicodusport.fr\/blog\/coureurs-francais-et-tour-ditalie-testez-vos-connaissances-avec-notre-quiz\/#primaryimage"},"thumbnailUrl":"https:\/\/dicodusport.fr\/blog\/wp-content\/uploads\/2025\/05\/Coureurs-francais-et-Tour-dItalie-testez-vos-connaissances-avec-notre-quiz.png","datePublished":"2025-05-08T15:00:13+00:00","dateModified":"2025-05-09T11:32:52+00:00","description":"\u00c0 l'occasion du Tour d\u2019Italie 2025, testez vos connaissances sur ces Tricolores qui ont marqu\u00e9 la l\u00e9gende du Giro d'Italia.","breadcrumb":{"@id":"https:\/\/dicodusport.fr\/blog\/coureurs-francais-et-tour-ditalie-testez-vos-connaissances-avec-notre-quiz\/#breadcrumb"},"inLanguage":"fr-FR","potentialAction":[{"@type":"ReadAction","target":["https:\/\/dicodusport.fr\/blog\/coureurs-francais-et-tour-ditalie-testez-vos-connaissances-avec-notre-quiz\/"]}]},{"@type":"ImageObject","inLanguage":"fr-FR","@id":"https:\/\/dicodusport.fr\/blog\/coureurs-francais-et-tour-ditalie-testez-vos-connaissances-avec-notre-quiz\/#primaryimage","url":"https:\/\/dicodusport.fr\/blog\/wp-content\/uploads\/2025\/05\/Coureurs-francais-et-Tour-dItalie-testez-vos-connaissances-avec-notre-quiz.png","contentUrl":"https:\/\/dicodusport.fr\/blog\/wp-content\/uploads\/2025\/05\/Coureurs-francais-et-Tour-dItalie-testez-vos-connaissances-avec-notre-quiz.png","width":1200,"height":674,"caption":"Coureurs fran\u00e7ais et Tour d'Italie testez vos connaissances avec notre quiz"},{"@type":"BreadcrumbList","@id":"https:\/\/dicodusport.fr\/blog\/coureurs-francais-et-tour-ditalie-testez-vos-connaissances-avec-notre-quiz\/#breadcrumb","itemListElement":[{"@type":"ListItem","position":1,"name":"Accueil","item":"https:\/\/dicodusport.fr\/blog\/"},{"@type":"ListItem","position":2,"name":"Coureurs fran\u00e7ais et Tour d&rsquo;Italie : testez vos connaissances avec notre quiz"}]},{"@type":"WebSite","@id":"https:\/\/dicodusport.fr\/blog\/#website","url":"https:\/\/dicodusport.fr\/blog\/","name":"Dicodusport","description":"L&#039;encyclop\u00e9die de l&#039;actualit\u00e9 sportive","publisher":{"@id":"https:\/\/dicodusport.fr\/blog\/#organization"},"potentialAction":[{"@type":"SearchAction","target":{"@type":"EntryPoint","urlTemplate":"https:\/\/dicodusport.fr\/blog\/?s={search_term_string}"},"query-input":{"@type":"PropertyValueSpecification","valueRequired":true,"valueName":"search_term_string"}}],"inLanguage":"fr-FR"},{"@type":"NewsMediaOrganization","@id":"https:\/\/dicodusport.fr\/blog\/#organization","name":"Dicodusport","url":"https:\/\/dicodusport.fr\/blog\/","logo":{"@type":"ImageObject","inLanguage":"fr-FR","@id":"https:\/\/dicodusport.fr\/blog\/#\/schema\/logo\/image\/","url":"https:\/\/dicodusport.fr\/blog\/wp-content\/uploads\/2020\/06\/cropped-LOGO-DICODUSPORT-2020-SANS-FOND-SANS-TEXTE.png","contentUrl":"https:\/\/dicodusport.fr\/blog\/wp-content\/uploads\/2020\/06\/cropped-LOGO-DICODUSPORT-2020-SANS-FOND-SANS-TEXTE.png","width":512,"height":512,"caption":"Dicodusport"},"image":{"@id":"https:\/\/dicodusport.fr\/blog\/#\/schema\/logo\/image\/"},"sameAs":["https:\/\/www.facebook.com\/dicodusport","https:\/\/x.com\/dicodusport","https:\/\/www.instagram.com\/dicodusport\/","https:\/\/www.youtube.com\/channel\/UC7V2KZ5sd3htJivAbA4ZG3w"],"description":"Dicodusport est l'encyclop\u00e9die de l'actualit\u00e9 sportive.","email":"bonjour@dicodusport.fr","legalName":"DICODUSPORT","foundingDate":"2018-01-14","vatID":"FR71834470973","taxID":"83447097300043","numberOfEmployees":{"@type":"QuantitativeValue","minValue":"1","maxValue":"10"}},{"@type":"Person","@id":"https:\/\/dicodusport.fr\/blog\/#\/schema\/person\/cb02af4c173ce4a653b55e9baf388d4a","name":"Flo Ostermann","image":{"@type":"ImageObject","inLanguage":"fr-FR","@id":"https:\/\/dicodusport.fr\/blog\/#\/schema\/person\/image\/","url":"https:\/\/dicodusport.fr\/blog\/wp-content\/uploads\/2021\/05\/Flo-Ostermann-150x150.jpg","contentUrl":"https:\/\/dicodusport.fr\/blog\/wp-content\/uploads\/2021\/05\/Flo-Ostermann-150x150.jpg","caption":"Flo Ostermann"},"description":"Journaliste\/R\u00e9dacteur depuis septembre 2015 - Mes premiers souvenirs dans le sport ? Les envol\u00e9es du Stade Toulousain et les duels Villeneuve-Schumacher et H\u00e4kkinen-Schumacher \u00e0 la fin des ann\u00e9es 90, la Coupe du monde de football en 1998, l\u2019exploit du XV de France face aux All Blacks en 1999, mais aussi Richard C\u0153ur de Lion qui vole sur les montagnes du Tour de France. Bien parti pour devenir professeur d\u2019EPS, les \u00e9v\u00e9nements de la vie (et la flemme d\u2019animer des s\u00e9ances de 3x500 m\u00e8tres toute ma vie) m\u2019ont conduit \u00e0 revoir mes plans. Me voil\u00e0 depuis fin 2017 sur Dicodusport, m\u00e9dia gr\u00e2ce (et pour) lequel je partage ma passion : le sport dans tous ses \u00e9tats. Le tout accompagn\u00e9 par les fous furieux et folles furieuses cit\u00e9s sur cette page !","sameAs":["https:\/\/www.facebook.com\/florent.ostermann","https:\/\/x.com\/https:\/\/twitter.com\/FlOstermann","admin"],"url":"https:\/\/dicodusport.fr\/blog\/author\/flo\/"}]}},"_links":{"self":[{"href":"https:\/\/dicodusport.fr\/blog\/wp-json\/wp\/v2\/posts\/577089","targetHints":{"allow":["GET"]}}],"collection":[{"href":"https:\/\/dicodusport.fr\/blog\/wp-json\/wp\/v2\/posts"}],"about":[{"href":"https:\/\/dicodusport.fr\/blog\/wp-json\/wp\/v2\/types\/post"}],"author":[{"embeddable":true,"href":"https:\/\/dicodusport.fr\/blog\/wp-json\/wp\/v2\/users\/4"}],"replies":[{"embeddable":true,"href":"https:\/\/dicodusport.fr\/blog\/wp-json\/wp\/v2\/comments?post=577089"}],"version-history":[{"count":5,"href":"https:\/\/dicodusport.fr\/blog\/wp-json\/wp\/v2\/posts\/577089\/revisions"}],"predecessor-version":[{"id":577616,"href":"https:\/\/dicodusport.fr\/blog\/wp-json\/wp\/v2\/posts\/577089\/revisions\/577616"}],"wp:featuredmedia":[{"embeddable":true,"href":"https:\/\/dicodusport.fr\/blog\/wp-json\/wp\/v2\/media\/577285"}],"wp:attachment":[{"href":"https:\/\/dicodusport.fr\/blog\/wp-json\/wp\/v2\/media?parent=577089"}],"wp:term":[{"taxonomy":"category","embeddable":true,"href":"https:\/\/dicodusport.fr\/blog\/wp-json\/wp\/v2\/categories?post=577089"},{"taxonomy":"post_tag","embeddable":true,"href":"https:\/\/dicodusport.fr\/blog\/wp-json\/wp\/v2\/tags?post=577089"}],"curies":[{"name":"wp","href":"https:\/\/api.w.org\/{rel}","templated":true}]}}