{"id":577607,"date":"2025-05-09T14:27:04","date_gmt":"2025-05-09T12:27:04","guid":{"rendered":"https:\/\/dicodusport.fr\/blog\/?p=577607&#038;preview=true&#038;preview_id=577607"},"modified":"2025-05-09T16:00:12","modified_gmt":"2025-05-09T14:00:12","slug":"vuelta-feminine-2025-marianne-vos-remporte-dun-souffle-la-6eme-etape","status":"publish","type":"post","link":"https:\/\/dicodusport.fr\/blog\/vuelta-feminine-2025-marianne-vos-remporte-dun-souffle-la-6eme-etape\/","title":{"rendered":"Vuelta f\u00e9minine 2025 : Marianne Vos remporte d&rsquo;un souffle la 6\u00e8me \u00e9tape"},"content":{"rendered":"<h4 style=\"text-align: justify;\"><em>VUELTA F\u00c9MININE 2025 \u2013 Au bout du bout, Marianne Vos (Visma-Lease a bike) a remport\u00e9 la sixi\u00e8me \u00e9tape au sprint. Elle devance d&rsquo;un souffle sa compatriote Mischa Bredewold (Team SD Worx-Protime), qui a lanc\u00e9 son v\u00e9lo peut-\u00eatre un peu trop tard. Ally Wollaston (FDJ-Suez) signe son premier podium de la semaine. Pi\u00e9g\u00e9e dans le virage, la jeune N\u00e9o-Z\u00e9landaise est partie de trop loin pour venir battre Vos.<\/em><\/h4>\n<ul style=\"text-align: justify;\">\n<li style=\"text-align: justify;\"><strong>\u00c0 ce sujet \u2013 <a href=\"https:\/\/dicodusport.fr\/blog\/6eme-etape-vuelta-feminine-2025-classement-et-resultats\/*\">6\u00e8me \u00e9tape Vuelta f\u00e9minine 2025 \u2013 Classement et r\u00e9sultats<\/a><\/strong><\/li>\n<\/ul>\n<h2 style=\"text-align: justify;\">18 coureuses ont tent\u00e9 leur chance<\/h2>\n<p style=\"text-align: justify;\">Au lendemain de la premi\u00e8re passe d&rsquo;armes entre les favorites, <a href=\"https:\/\/dicodusport.fr\/blog\/vuelta-feminine-2025-demi-vollering-taille-patron-sur-la-5eme-etape\/\">qui a vu <strong>Demi Vollering<\/strong> (FDJ-Suez) prendre le pouvoir<\/a>, sur les hauteurs de <strong>Lagunas De Neila<\/strong>, on avait une \u00e9tape ouverte. Qui pouvait profiter aux baroudeuses tout comme offrir une nouvelle passe d&rsquo;armes entre les femmes rapides de ce peloton. Beaucoup avaient des envies d&rsquo;aventure \u00e0 l&rsquo;avant, avec 18 coureuses qui ont pris l&rsquo;\u00e9chapp\u00e9e du jour. Dix-huit coureuses et quelques grands noms, comme la championne olympique<strong> Kristen Faulkner,<\/strong> d\u00e9cevante sur cette Vuelta, mais aussi sa co\u00e9quipi\u00e8re <strong>Letizia Borghesi<\/strong>, \u00e9norme en avril sur les Flandriennes. Du c\u00f4t\u00e9 des Fran\u00e7aises, on retrouve<strong> Marion Bunel<\/strong>, 7e ce jeudi et Marie Le Net, qui pouvait trouver un profil qui lui convenait.<\/p>\n<p style=\"text-align: justify;\"><strong>Vittoria Guazzini<\/strong>, <strong>Marie Le Net<\/strong> (FDJ-Suez), <strong>Elena Cecchini, Femke Markus<\/strong> (Team SD Worx-Protime), le premier maillot rouge de cette Vuelta <strong>Ellen van Dijk<\/strong> (Lidl-Trek), <strong>Letizia Borghesi, Kristen Faulkner<\/strong> (EF Education-Oatly), <strong>Anastasiya Kolosava<\/strong> (Canyon Sram-zondacrypto), <strong>Jeanne Korevaar<\/strong> (Liv AlUla Jayco), <strong>Millie Couzns<\/strong> (Fenix-Deceuninck), <strong>Femke de Vries, Marion Bunel<\/strong> (Visma-Lease a Bike),<strong> Susanne Andersen<\/strong> (Uno X-Mobility),<strong> Justine Ghekiere<\/strong> (AG Insurance-Soudal), <strong>Romy Kasper<\/strong> (Human Powered Health), <strong>Pfeiffer Georgi, Franziska Koch<\/strong> (Picnic-Post NL),<strong> Daniela Campos<\/strong> (Eneicat &#8211; CMTeam) composaient ainsi l&rsquo;\u00e9tap\u00e9 du jour. Trop de monde pour que le peloton laisse du cr\u00e9dit. Elles seront reprises \u00e0 45 kilom\u00e8tres du but apr\u00e8s une vingtaine de kilom\u00e8tres de fugue.<\/p>\n<ul>\n<li><strong>\u00c0 ce sujet \u2013\u00a0<a href=\"https:\/\/dicodusport.fr\/blog\/actualites\/cyclisme\/cyclisme-sur-route-2025\/\">L\u2019actualit\u00e9 du cyclisme sur route<\/a><\/strong><\/li>\n<\/ul>\n<h2 style=\"text-align: justify;\">\u00c9chapp\u00e9e reprise, relance dans la foul\u00e9e<\/h2>\n<p style=\"text-align: justify;\">\u00c0 peine le gros groupe repris, d&rsquo;autres coureuses ont tent\u00e9 leur chance pour former la seconde \u00e9chapp\u00e9e du jour. On retrouve \u00e0 l&rsquo;avant <strong>Sarah Roy<\/strong> (EF Education-Oatly), <strong>Nicole Steigenga<\/strong> (AG Insurance &#8211; Soudal Team) et l&rsquo;inusable<strong> Lea Lin Teutenberg<\/strong> (Lotto Ladies) qui pourrait m\u00e9riter un titre de combative, \u00e0 l&rsquo;attaque quasiment tous les jours depuis le d\u00e9but de ce Tour d&rsquo;Espagne. <strong>Nikola Noskov\u00e1<\/strong> (Cofidis Women Team), <strong>Andrea Casagranda<\/strong> (BePink &#8211; Imatra &#8211; Bongioanni) et <strong>Andrea Alzate<\/strong> (Eneicat &#8211; CMTeam) ont tent\u00e9 de les rejoindre, mais n&rsquo;ont jamais pu faire la jonction. Dommage, car \u00e0 six, avec des coureuses plus fraiches, il y avait moyen de r\u00e9aliser un sacr\u00e9 num\u00e9ro dans ce final.<\/p>\n<h2 style=\"text-align: justify;\">Liane Lippert dynamite le final, mais on n&rsquo;\u00e9chappera pas au sprint<\/h2>\n<p style=\"text-align: justify;\">\u00c0 trois, difficile de r\u00e9sister. La perte de temps a \u00e9t\u00e9 inexorable, 1:30 \u00e0 25 kilom\u00e8tres du but, plus que 50 secondes \u00e0 20 kilom\u00e8tres et 15 secondes \u00e0 15 kilom\u00e8tres. Il faut dire qu&rsquo;il y a eu de belles attaques dans le final. Dont celle de <strong>Liane Lippert<\/strong> (Movistar). L&rsquo;Allemande a dynamit\u00e9 la course, suivie de <strong>Mariane Vos<\/strong> (Visma-Lease a bike). Mais aussi de <strong>Demi Vollering<\/strong>, le maillot rouge et <strong>Anna van der Breggen<\/strong> (SD-Worx), la 3e du classement g\u00e9n\u00e9ral. Un temps pi\u00e9g\u00e9e, <strong>Marlen Reusser<\/strong> (Movistar), la 2e, a r\u00e9ussi \u00e0 faire la jonction en t\u00eate de la course. L&rsquo;Allemande intenable, repart et a \u00e9t\u00e9 suivie par <strong>Mischa Bredewold<\/strong> (SD-Worx) et <strong>Marianne Vos<\/strong>. Mais les trois coureuses sont reprises.<\/p>\n<ul>\n<li><strong>\u00c0 ce sujet \u2013\u00a0<a href=\"https:\/\/dicodusport.fr\/blog\/classement-general-vuelta-feminine-2025\/\">Classement g\u00e9n\u00e9ral Vuelta f\u00e9minine 2025<\/a><\/strong><\/li>\n<\/ul>\n<p style=\"text-align: justify;\">En haut de la derni\u00e8re difficult\u00e9, <strong>C\u00e9drine Kerbaol<\/strong> (EF Education-Oatly) a tent\u00e9 sa chance, pour faire la descente dans la foul\u00e9e. Malheureusement, la Fran\u00e7aise n&rsquo;a pas pu faire de diff\u00e9rence. C&rsquo;est donc un sprint en gros comit\u00e9 qui a permis de d\u00e9partager les coureuses. D\u00e9partager \u00e9tait le bon mot, tant ce fut serr\u00e9 entre <strong>Marianne Vos<\/strong> et<strong> Mischa Bredewold<\/strong>. La derni\u00e8re cit\u00e9e lance le sprint, avant de se faire d\u00e9border par son ain\u00e9 et compatriote. La vainqueure de l&rsquo;Amstel Gold Race a trouv\u00e9 des ressources pour relancer. Mais pas assez. Elle vient mourir \u00e0 quelques centim\u00e8tres de sa premi\u00e8re victoire sur ce Tour d&rsquo;Espagne. Elle laisse <strong>Marianne Vos<\/strong> remporter son 257e succ\u00e8s professionnel. Plus que jamais la coureuse ayant le plus gagn\u00e9 au niveau pro ! Une l\u00e9gende !<\/p>\n<blockquote class=\"twitter-tweet\">\n<p dir=\"ltr\" lang=\"en\">Marianne Vos takes the sprint over Mischa Bredewold!<\/p>\n<p>A tough, fun end to the stage over the climbs, but we did get the expected sprint in the end &#8211; Vos overtakes Demi for most Vuelta stage wins&#8230;again!<a href=\"https:\/\/twitter.com\/hashtag\/LaVueltaFemenina?src=hash&amp;ref_src=twsrc%5Etfw\">#LaVueltaFemenina<\/a> <a href=\"https:\/\/t.co\/mhVtGbVSqC\">pic.twitter.com\/mhVtGbVSqC<\/a><\/p>\n<p>\u2014 Mathew Mitchell (@MatMitchell30) <a href=\"https:\/\/twitter.com\/MatMitchell30\/status\/1920818524638851520?ref_src=twsrc%5Etfw\">May 9, 2025<\/a><\/p><\/blockquote>\n<p><script async src=\"https:\/\/platform.twitter.com\/widgets.js\" charset=\"utf-8\"><\/script><\/p>\n<p style=\"text-align: justify;\">\n","protected":false},"excerpt":{"rendered":"<p>VUELTA F\u00c9MININE 2025 \u2013 Au bout du bout, Marianne Vos (Visma-Lease a bike) a remport\u00e9 la sixi\u00e8me \u00e9tape au sprint.<\/p>\n","protected":false},"author":83,"featured_media":577670,"comment_status":"open","ping_status":"closed","sticky":false,"template":"","format":"standard","meta":{"_acf_changed":false,"_daextam_enable_autolinks":"1","footnotes":""},"categories":[46994],"tags":[16878,30091,25655],"class_list":["post-577607","post","type-post","status-publish","format-standard","has-post-thumbnail","hentry","category-cyclisme-sur-route","tag-breve","tag-demi-vollering","tag-marianne-vos"],"acf":[],"yoast_head":"<!-- This site is optimized with the Yoast SEO Premium plugin v26.7 (Yoast SEO v26.7) - https:\/\/yoast.com\/wordpress\/plugins\/seo\/ -->\n<title>Vuelta f\u00e9minine 2025 : Marianne Vos remporte d&#039;un souffle la 6\u00e8me \u00e9tape<\/title>\n<meta name=\"description\" content=\"VUELTA F\u00c9MININE 2025 \u2013 Au bout du bout, Marianne Vos (Visma-Lease a bike) a remport\u00e9 la sixi\u00e8me \u00e9tape au sprint.\" \/>\n<meta name=\"robots\" content=\"index, follow, max-snippet:-1, max-image-preview:large, max-video-preview:-1\" \/>\n<link rel=\"canonical\" href=\"https:\/\/dicodusport.fr\/blog\/vuelta-feminine-2025-marianne-vos-remporte-dun-souffle-la-6eme-etape\/\" \/>\n<meta property=\"og:locale\" content=\"fr_FR\" \/>\n<meta property=\"og:type\" content=\"article\" \/>\n<meta property=\"og:title\" content=\"Vuelta f\u00e9minine 2025 : Marianne Vos remporte d&#039;un souffle la 6\u00e8me \u00e9tape\" \/>\n<meta property=\"og:description\" content=\"VUELTA F\u00c9MININE 2025 \u2013 Au bout du bout, Marianne Vos (Visma-Lease a bike) a remport\u00e9 la sixi\u00e8me \u00e9tape au sprint.\" \/>\n<meta property=\"og:url\" content=\"https:\/\/dicodusport.fr\/blog\/vuelta-feminine-2025-marianne-vos-remporte-dun-souffle-la-6eme-etape\/\" \/>\n<meta property=\"og:site_name\" content=\"Dicodusport\" \/>\n<meta property=\"article:publisher\" content=\"https:\/\/www.facebook.com\/dicodusport\" \/>\n<meta property=\"article:published_time\" content=\"2025-05-09T12:27:04+00:00\" \/>\n<meta property=\"article:modified_time\" content=\"2025-05-09T14:00:12+00:00\" \/>\n<meta property=\"og:image\" content=\"https:\/\/dicodusport.fr\/blog\/wp-content\/uploads\/2025\/05\/Vuelta-feminine-2025-Marianne-Vos-remporte-dun-souffle-la-6eme-etape-1-1.png\" \/>\n\t<meta property=\"og:image:width\" content=\"1200\" \/>\n\t<meta property=\"og:image:height\" content=\"674\" \/>\n\t<meta property=\"og:image:type\" content=\"image\/png\" \/>\n<meta name=\"author\" content=\"Etienne Goursaud\" \/>\n<meta name=\"twitter:card\" content=\"summary_large_image\" \/>\n<meta name=\"twitter:title\" content=\"Vuelta f\u00e9minine 2025 : Marianne Vos remporte d&#039;un souffle la 6\u00e8me \u00e9tape\" \/>\n<meta name=\"twitter:creator\" content=\"@dicodusport\" \/>\n<meta name=\"twitter:site\" content=\"@dicodusport\" \/>\n<script type=\"application\/ld+json\" class=\"yoast-schema-graph\">{\"@context\":\"https:\/\/schema.org\",\"@graph\":[{\"@type\":\"NewsArticle\",\"@id\":\"https:\/\/dicodusport.fr\/blog\/vuelta-feminine-2025-marianne-vos-remporte-dun-souffle-la-6eme-etape\/#article\",\"isPartOf\":{\"@id\":\"https:\/\/dicodusport.fr\/blog\/vuelta-feminine-2025-marianne-vos-remporte-dun-souffle-la-6eme-etape\/\"},\"author\":{\"name\":\"Etienne Goursaud\",\"@id\":\"https:\/\/dicodusport.fr\/blog\/#\/schema\/person\/d603dd7da31fb2b46c82b9835a77ec13\"},\"headline\":\"Vuelta f\u00e9minine 2025 : Marianne Vos remporte d&rsquo;un souffle la 6\u00e8me \u00e9tape\",\"datePublished\":\"2025-05-09T12:27:04+00:00\",\"dateModified\":\"2025-05-09T14:00:12+00:00\",\"mainEntityOfPage\":{\"@id\":\"https:\/\/dicodusport.fr\/blog\/vuelta-feminine-2025-marianne-vos-remporte-dun-souffle-la-6eme-etape\/\"},\"wordCount\":805,\"commentCount\":0,\"publisher\":{\"@id\":\"https:\/\/dicodusport.fr\/blog\/#organization\"},\"image\":{\"@id\":\"https:\/\/dicodusport.fr\/blog\/vuelta-feminine-2025-marianne-vos-remporte-dun-souffle-la-6eme-etape\/#primaryimage\"},\"thumbnailUrl\":\"https:\/\/dicodusport.fr\/blog\/wp-content\/uploads\/2025\/05\/Vuelta-feminine-2025-Marianne-Vos-remporte-dun-souffle-la-6eme-etape-1-1.png\",\"keywords\":[\"br\u00e8ve\",\"Demi Vollering\",\"Marianne Vos\"],\"articleSection\":[\"Cyclisme sur route\"],\"inLanguage\":\"fr-FR\",\"potentialAction\":[{\"@type\":\"CommentAction\",\"name\":\"Comment\",\"target\":[\"https:\/\/dicodusport.fr\/blog\/vuelta-feminine-2025-marianne-vos-remporte-dun-souffle-la-6eme-etape\/#respond\"]}],\"copyrightYear\":\"2025\",\"copyrightHolder\":{\"@id\":\"https:\/\/dicodusport.fr\/blog\/#organization\"}},{\"@type\":\"WebPage\",\"@id\":\"https:\/\/dicodusport.fr\/blog\/vuelta-feminine-2025-marianne-vos-remporte-dun-souffle-la-6eme-etape\/\",\"url\":\"https:\/\/dicodusport.fr\/blog\/vuelta-feminine-2025-marianne-vos-remporte-dun-souffle-la-6eme-etape\/\",\"name\":\"Vuelta f\u00e9minine 2025 : Marianne Vos remporte d'un souffle la 6\u00e8me \u00e9tape\",\"isPartOf\":{\"@id\":\"https:\/\/dicodusport.fr\/blog\/#website\"},\"primaryImageOfPage\":{\"@id\":\"https:\/\/dicodusport.fr\/blog\/vuelta-feminine-2025-marianne-vos-remporte-dun-souffle-la-6eme-etape\/#primaryimage\"},\"image\":{\"@id\":\"https:\/\/dicodusport.fr\/blog\/vuelta-feminine-2025-marianne-vos-remporte-dun-souffle-la-6eme-etape\/#primaryimage\"},\"thumbnailUrl\":\"https:\/\/dicodusport.fr\/blog\/wp-content\/uploads\/2025\/05\/Vuelta-feminine-2025-Marianne-Vos-remporte-dun-souffle-la-6eme-etape-1-1.png\",\"datePublished\":\"2025-05-09T12:27:04+00:00\",\"dateModified\":\"2025-05-09T14:00:12+00:00\",\"description\":\"VUELTA F\u00c9MININE 2025 \u2013 Au bout du bout, Marianne Vos (Visma-Lease a bike) a remport\u00e9 la sixi\u00e8me \u00e9tape au sprint.\",\"breadcrumb\":{\"@id\":\"https:\/\/dicodusport.fr\/blog\/vuelta-feminine-2025-marianne-vos-remporte-dun-souffle-la-6eme-etape\/#breadcrumb\"},\"inLanguage\":\"fr-FR\",\"potentialAction\":[{\"@type\":\"ReadAction\",\"target\":[\"https:\/\/dicodusport.fr\/blog\/vuelta-feminine-2025-marianne-vos-remporte-dun-souffle-la-6eme-etape\/\"]}]},{\"@type\":\"ImageObject\",\"inLanguage\":\"fr-FR\",\"@id\":\"https:\/\/dicodusport.fr\/blog\/vuelta-feminine-2025-marianne-vos-remporte-dun-souffle-la-6eme-etape\/#primaryimage\",\"url\":\"https:\/\/dicodusport.fr\/blog\/wp-content\/uploads\/2025\/05\/Vuelta-feminine-2025-Marianne-Vos-remporte-dun-souffle-la-6eme-etape-1-1.png\",\"contentUrl\":\"https:\/\/dicodusport.fr\/blog\/wp-content\/uploads\/2025\/05\/Vuelta-feminine-2025-Marianne-Vos-remporte-dun-souffle-la-6eme-etape-1-1.png\",\"width\":1200,\"height\":674,\"caption\":\"Vuelta f\u00e9minine 2025 Marianne Vos remporte d'un souffle la 6\u00e8me \u00e9tape (1)\"},{\"@type\":\"BreadcrumbList\",\"@id\":\"https:\/\/dicodusport.fr\/blog\/vuelta-feminine-2025-marianne-vos-remporte-dun-souffle-la-6eme-etape\/#breadcrumb\",\"itemListElement\":[{\"@type\":\"ListItem\",\"position\":1,\"name\":\"Accueil\",\"item\":\"https:\/\/dicodusport.fr\/blog\/\"},{\"@type\":\"ListItem\",\"position\":2,\"name\":\"Vuelta f\u00e9minine 2025 : Marianne Vos remporte d&rsquo;un souffle la 6\u00e8me \u00e9tape\"}]},{\"@type\":\"WebSite\",\"@id\":\"https:\/\/dicodusport.fr\/blog\/#website\",\"url\":\"https:\/\/dicodusport.fr\/blog\/\",\"name\":\"Dicodusport\",\"description\":\"L&#039;encyclop\u00e9die de l&#039;actualit\u00e9 sportive\",\"publisher\":{\"@id\":\"https:\/\/dicodusport.fr\/blog\/#organization\"},\"potentialAction\":[{\"@type\":\"SearchAction\",\"target\":{\"@type\":\"EntryPoint\",\"urlTemplate\":\"https:\/\/dicodusport.fr\/blog\/?s={search_term_string}\"},\"query-input\":{\"@type\":\"PropertyValueSpecification\",\"valueRequired\":true,\"valueName\":\"search_term_string\"}}],\"inLanguage\":\"fr-FR\"},{\"@type\":\"NewsMediaOrganization\",\"@id\":\"https:\/\/dicodusport.fr\/blog\/#organization\",\"name\":\"Dicodusport\",\"url\":\"https:\/\/dicodusport.fr\/blog\/\",\"logo\":{\"@type\":\"ImageObject\",\"inLanguage\":\"fr-FR\",\"@id\":\"https:\/\/dicodusport.fr\/blog\/#\/schema\/logo\/image\/\",\"url\":\"https:\/\/dicodusport.fr\/blog\/wp-content\/uploads\/2020\/06\/cropped-LOGO-DICODUSPORT-2020-SANS-FOND-SANS-TEXTE.png\",\"contentUrl\":\"https:\/\/dicodusport.fr\/blog\/wp-content\/uploads\/2020\/06\/cropped-LOGO-DICODUSPORT-2020-SANS-FOND-SANS-TEXTE.png\",\"width\":512,\"height\":512,\"caption\":\"Dicodusport\"},\"image\":{\"@id\":\"https:\/\/dicodusport.fr\/blog\/#\/schema\/logo\/image\/\"},\"sameAs\":[\"https:\/\/www.facebook.com\/dicodusport\",\"https:\/\/x.com\/dicodusport\",\"https:\/\/www.instagram.com\/dicodusport\/\",\"https:\/\/www.youtube.com\/channel\/UC7V2KZ5sd3htJivAbA4ZG3w\"],\"description\":\"Dicodusport est l'encyclop\u00e9die de l'actualit\u00e9 sportive.\",\"email\":\"bonjour@dicodusport.fr\",\"legalName\":\"DICODUSPORT\",\"foundingDate\":\"2018-01-14\",\"vatID\":\"FR71834470973\",\"taxID\":\"83447097300043\",\"numberOfEmployees\":{\"@type\":\"QuantitativeValue\",\"minValue\":\"1\",\"maxValue\":\"10\"}},{\"@type\":\"Person\",\"@id\":\"https:\/\/dicodusport.fr\/blog\/#\/schema\/person\/d603dd7da31fb2b46c82b9835a77ec13\",\"name\":\"Etienne Goursaud\",\"image\":{\"@type\":\"ImageObject\",\"inLanguage\":\"fr-FR\",\"@id\":\"https:\/\/dicodusport.fr\/blog\/#\/schema\/person\/image\/\",\"url\":\"https:\/\/dicodusport.fr\/blog\/wp-content\/uploads\/2023\/12\/410122264_10231602061736049_5565839791558026645_n-150x150.jpg\",\"contentUrl\":\"https:\/\/dicodusport.fr\/blog\/wp-content\/uploads\/2023\/12\/410122264_10231602061736049_5565839791558026645_n-150x150.jpg\",\"caption\":\"Etienne Goursaud\"},\"description\":\"Journaliste et amoureux de sport. Ancien footballeur reconverti athl\u00e8te quand ses muscles le laissent tranquille. \u00c9lev\u00e9 \u00e0 la sauce des exploits de Thomas Voeckler en 2004, du dernier essai de l\u00e9gende de Eunice Barber \u00e0 la longueur lors des championnats du monde d'athl\u00e9tisme de 2003 mais aussi Zidane, Omeyer et Titou Lamaison.\",\"url\":\"https:\/\/dicodusport.fr\/blog\/author\/etienne-goursaud\/\"}]}<\/script>\n<!-- \/ Yoast SEO Premium plugin. -->","yoast_head_json":{"title":"Vuelta f\u00e9minine 2025 : Marianne Vos remporte d'un souffle la 6\u00e8me \u00e9tape","description":"VUELTA F\u00c9MININE 2025 \u2013 Au bout du bout, Marianne Vos (Visma-Lease a bike) a remport\u00e9 la sixi\u00e8me \u00e9tape au sprint.","robots":{"index":"index","follow":"follow","max-snippet":"max-snippet:-1","max-image-preview":"max-image-preview:large","max-video-preview":"max-video-preview:-1"},"canonical":"https:\/\/dicodusport.fr\/blog\/vuelta-feminine-2025-marianne-vos-remporte-dun-souffle-la-6eme-etape\/","og_locale":"fr_FR","og_type":"article","og_title":"Vuelta f\u00e9minine 2025 : Marianne Vos remporte d'un souffle la 6\u00e8me \u00e9tape","og_description":"VUELTA F\u00c9MININE 2025 \u2013 Au bout du bout, Marianne Vos (Visma-Lease a bike) a remport\u00e9 la sixi\u00e8me \u00e9tape au sprint.","og_url":"https:\/\/dicodusport.fr\/blog\/vuelta-feminine-2025-marianne-vos-remporte-dun-souffle-la-6eme-etape\/","og_site_name":"Dicodusport","article_publisher":"https:\/\/www.facebook.com\/dicodusport","article_published_time":"2025-05-09T12:27:04+00:00","article_modified_time":"2025-05-09T14:00:12+00:00","og_image":[{"width":1200,"height":674,"url":"https:\/\/dicodusport.fr\/blog\/wp-content\/uploads\/2025\/05\/Vuelta-feminine-2025-Marianne-Vos-remporte-dun-souffle-la-6eme-etape-1-1.png","type":"image\/png"}],"author":"Etienne Goursaud","twitter_card":"summary_large_image","twitter_title":"Vuelta f\u00e9minine 2025 : Marianne Vos remporte d'un souffle la 6\u00e8me \u00e9tape","twitter_creator":"@dicodusport","twitter_site":"@dicodusport","schema":{"@context":"https:\/\/schema.org","@graph":[{"@type":"NewsArticle","@id":"https:\/\/dicodusport.fr\/blog\/vuelta-feminine-2025-marianne-vos-remporte-dun-souffle-la-6eme-etape\/#article","isPartOf":{"@id":"https:\/\/dicodusport.fr\/blog\/vuelta-feminine-2025-marianne-vos-remporte-dun-souffle-la-6eme-etape\/"},"author":{"name":"Etienne Goursaud","@id":"https:\/\/dicodusport.fr\/blog\/#\/schema\/person\/d603dd7da31fb2b46c82b9835a77ec13"},"headline":"Vuelta f\u00e9minine 2025 : Marianne Vos remporte d&rsquo;un souffle la 6\u00e8me \u00e9tape","datePublished":"2025-05-09T12:27:04+00:00","dateModified":"2025-05-09T14:00:12+00:00","mainEntityOfPage":{"@id":"https:\/\/dicodusport.fr\/blog\/vuelta-feminine-2025-marianne-vos-remporte-dun-souffle-la-6eme-etape\/"},"wordCount":805,"commentCount":0,"publisher":{"@id":"https:\/\/dicodusport.fr\/blog\/#organization"},"image":{"@id":"https:\/\/dicodusport.fr\/blog\/vuelta-feminine-2025-marianne-vos-remporte-dun-souffle-la-6eme-etape\/#primaryimage"},"thumbnailUrl":"https:\/\/dicodusport.fr\/blog\/wp-content\/uploads\/2025\/05\/Vuelta-feminine-2025-Marianne-Vos-remporte-dun-souffle-la-6eme-etape-1-1.png","keywords":["br\u00e8ve","Demi Vollering","Marianne Vos"],"articleSection":["Cyclisme sur route"],"inLanguage":"fr-FR","potentialAction":[{"@type":"CommentAction","name":"Comment","target":["https:\/\/dicodusport.fr\/blog\/vuelta-feminine-2025-marianne-vos-remporte-dun-souffle-la-6eme-etape\/#respond"]}],"copyrightYear":"2025","copyrightHolder":{"@id":"https:\/\/dicodusport.fr\/blog\/#organization"}},{"@type":"WebPage","@id":"https:\/\/dicodusport.fr\/blog\/vuelta-feminine-2025-marianne-vos-remporte-dun-souffle-la-6eme-etape\/","url":"https:\/\/dicodusport.fr\/blog\/vuelta-feminine-2025-marianne-vos-remporte-dun-souffle-la-6eme-etape\/","name":"Vuelta f\u00e9minine 2025 : Marianne Vos remporte d'un souffle la 6\u00e8me \u00e9tape","isPartOf":{"@id":"https:\/\/dicodusport.fr\/blog\/#website"},"primaryImageOfPage":{"@id":"https:\/\/dicodusport.fr\/blog\/vuelta-feminine-2025-marianne-vos-remporte-dun-souffle-la-6eme-etape\/#primaryimage"},"image":{"@id":"https:\/\/dicodusport.fr\/blog\/vuelta-feminine-2025-marianne-vos-remporte-dun-souffle-la-6eme-etape\/#primaryimage"},"thumbnailUrl":"https:\/\/dicodusport.fr\/blog\/wp-content\/uploads\/2025\/05\/Vuelta-feminine-2025-Marianne-Vos-remporte-dun-souffle-la-6eme-etape-1-1.png","datePublished":"2025-05-09T12:27:04+00:00","dateModified":"2025-05-09T14:00:12+00:00","description":"VUELTA F\u00c9MININE 2025 \u2013 Au bout du bout, Marianne Vos (Visma-Lease a bike) a remport\u00e9 la sixi\u00e8me \u00e9tape au sprint.","breadcrumb":{"@id":"https:\/\/dicodusport.fr\/blog\/vuelta-feminine-2025-marianne-vos-remporte-dun-souffle-la-6eme-etape\/#breadcrumb"},"inLanguage":"fr-FR","potentialAction":[{"@type":"ReadAction","target":["https:\/\/dicodusport.fr\/blog\/vuelta-feminine-2025-marianne-vos-remporte-dun-souffle-la-6eme-etape\/"]}]},{"@type":"ImageObject","inLanguage":"fr-FR","@id":"https:\/\/dicodusport.fr\/blog\/vuelta-feminine-2025-marianne-vos-remporte-dun-souffle-la-6eme-etape\/#primaryimage","url":"https:\/\/dicodusport.fr\/blog\/wp-content\/uploads\/2025\/05\/Vuelta-feminine-2025-Marianne-Vos-remporte-dun-souffle-la-6eme-etape-1-1.png","contentUrl":"https:\/\/dicodusport.fr\/blog\/wp-content\/uploads\/2025\/05\/Vuelta-feminine-2025-Marianne-Vos-remporte-dun-souffle-la-6eme-etape-1-1.png","width":1200,"height":674,"caption":"Vuelta f\u00e9minine 2025 Marianne Vos remporte d'un souffle la 6\u00e8me \u00e9tape (1)"},{"@type":"BreadcrumbList","@id":"https:\/\/dicodusport.fr\/blog\/vuelta-feminine-2025-marianne-vos-remporte-dun-souffle-la-6eme-etape\/#breadcrumb","itemListElement":[{"@type":"ListItem","position":1,"name":"Accueil","item":"https:\/\/dicodusport.fr\/blog\/"},{"@type":"ListItem","position":2,"name":"Vuelta f\u00e9minine 2025 : Marianne Vos remporte d&rsquo;un souffle la 6\u00e8me \u00e9tape"}]},{"@type":"WebSite","@id":"https:\/\/dicodusport.fr\/blog\/#website","url":"https:\/\/dicodusport.fr\/blog\/","name":"Dicodusport","description":"L&#039;encyclop\u00e9die de l&#039;actualit\u00e9 sportive","publisher":{"@id":"https:\/\/dicodusport.fr\/blog\/#organization"},"potentialAction":[{"@type":"SearchAction","target":{"@type":"EntryPoint","urlTemplate":"https:\/\/dicodusport.fr\/blog\/?s={search_term_string}"},"query-input":{"@type":"PropertyValueSpecification","valueRequired":true,"valueName":"search_term_string"}}],"inLanguage":"fr-FR"},{"@type":"NewsMediaOrganization","@id":"https:\/\/dicodusport.fr\/blog\/#organization","name":"Dicodusport","url":"https:\/\/dicodusport.fr\/blog\/","logo":{"@type":"ImageObject","inLanguage":"fr-FR","@id":"https:\/\/dicodusport.fr\/blog\/#\/schema\/logo\/image\/","url":"https:\/\/dicodusport.fr\/blog\/wp-content\/uploads\/2020\/06\/cropped-LOGO-DICODUSPORT-2020-SANS-FOND-SANS-TEXTE.png","contentUrl":"https:\/\/dicodusport.fr\/blog\/wp-content\/uploads\/2020\/06\/cropped-LOGO-DICODUSPORT-2020-SANS-FOND-SANS-TEXTE.png","width":512,"height":512,"caption":"Dicodusport"},"image":{"@id":"https:\/\/dicodusport.fr\/blog\/#\/schema\/logo\/image\/"},"sameAs":["https:\/\/www.facebook.com\/dicodusport","https:\/\/x.com\/dicodusport","https:\/\/www.instagram.com\/dicodusport\/","https:\/\/www.youtube.com\/channel\/UC7V2KZ5sd3htJivAbA4ZG3w"],"description":"Dicodusport est l'encyclop\u00e9die de l'actualit\u00e9 sportive.","email":"bonjour@dicodusport.fr","legalName":"DICODUSPORT","foundingDate":"2018-01-14","vatID":"FR71834470973","taxID":"83447097300043","numberOfEmployees":{"@type":"QuantitativeValue","minValue":"1","maxValue":"10"}},{"@type":"Person","@id":"https:\/\/dicodusport.fr\/blog\/#\/schema\/person\/d603dd7da31fb2b46c82b9835a77ec13","name":"Etienne Goursaud","image":{"@type":"ImageObject","inLanguage":"fr-FR","@id":"https:\/\/dicodusport.fr\/blog\/#\/schema\/person\/image\/","url":"https:\/\/dicodusport.fr\/blog\/wp-content\/uploads\/2023\/12\/410122264_10231602061736049_5565839791558026645_n-150x150.jpg","contentUrl":"https:\/\/dicodusport.fr\/blog\/wp-content\/uploads\/2023\/12\/410122264_10231602061736049_5565839791558026645_n-150x150.jpg","caption":"Etienne Goursaud"},"description":"Journaliste et amoureux de sport. Ancien footballeur reconverti athl\u00e8te quand ses muscles le laissent tranquille. \u00c9lev\u00e9 \u00e0 la sauce des exploits de Thomas Voeckler en 2004, du dernier essai de l\u00e9gende de Eunice Barber \u00e0 la longueur lors des championnats du monde d'athl\u00e9tisme de 2003 mais aussi Zidane, Omeyer et Titou Lamaison.","url":"https:\/\/dicodusport.fr\/blog\/author\/etienne-goursaud\/"}]}},"_links":{"self":[{"href":"https:\/\/dicodusport.fr\/blog\/wp-json\/wp\/v2\/posts\/577607","targetHints":{"allow":["GET"]}}],"collection":[{"href":"https:\/\/dicodusport.fr\/blog\/wp-json\/wp\/v2\/posts"}],"about":[{"href":"https:\/\/dicodusport.fr\/blog\/wp-json\/wp\/v2\/types\/post"}],"author":[{"embeddable":true,"href":"https:\/\/dicodusport.fr\/blog\/wp-json\/wp\/v2\/users\/83"}],"replies":[{"embeddable":true,"href":"https:\/\/dicodusport.fr\/blog\/wp-json\/wp\/v2\/comments?post=577607"}],"version-history":[{"count":5,"href":"https:\/\/dicodusport.fr\/blog\/wp-json\/wp\/v2\/posts\/577607\/revisions"}],"predecessor-version":[{"id":577672,"href":"https:\/\/dicodusport.fr\/blog\/wp-json\/wp\/v2\/posts\/577607\/revisions\/577672"}],"wp:featuredmedia":[{"embeddable":true,"href":"https:\/\/dicodusport.fr\/blog\/wp-json\/wp\/v2\/media\/577670"}],"wp:attachment":[{"href":"https:\/\/dicodusport.fr\/blog\/wp-json\/wp\/v2\/media?parent=577607"}],"wp:term":[{"taxonomy":"category","embeddable":true,"href":"https:\/\/dicodusport.fr\/blog\/wp-json\/wp\/v2\/categories?post=577607"},{"taxonomy":"post_tag","embeddable":true,"href":"https:\/\/dicodusport.fr\/blog\/wp-json\/wp\/v2\/tags?post=577607"}],"curies":[{"name":"wp","href":"https:\/\/api.w.org\/{rel}","templated":true}]}}