{"id":577675,"date":"2025-05-09T17:15:34","date_gmt":"2025-05-09T15:15:34","guid":{"rendered":"https:\/\/dicodusport.fr\/blog\/?p=577675&#038;preview=true&#038;preview_id=577675"},"modified":"2025-05-09T17:57:23","modified_gmt":"2025-05-09T15:57:23","slug":"tour-ditalie-2025-mads-pedersen-remporte-la-1ere-etape-avec-autorite","status":"publish","type":"post","link":"https:\/\/dicodusport.fr\/blog\/tour-ditalie-2025-mads-pedersen-remporte-la-1ere-etape-avec-autorite\/","title":{"rendered":"Tour d&rsquo;Italie 2025 : Mads Pedersen remporte la 1\u00e8re \u00e9tape avec autorit\u00e9"},"content":{"rendered":"<h4 style=\"text-align: justify;\"><em>TOUR D&rsquo;ITALIE 2025 &#8211; Mads Pedersen (Lidl-Trek) s&rsquo;est adjug\u00e9 la 1\u00e8re \u00e9tape du <a href=\"https:\/\/dicodusport.fr\/blog\/actualites\/cyclisme\/cyclisme-sur-route-2025\/tour-d-italie-2025\/\">Tour d&rsquo;Italie 2025<\/a> \u00e0 Tirana, en Albanie, vendredi, devant Wout Van Aert (Visma Lease a Bike).\u00a0<\/em><\/h4>\n<p style=\"text-align: justify;\">La premi\u00e8re \u00e9tape de cette <strong>108\u00e8me \u00e9dition du Giro<\/strong> \u00e9tait longue de 160 kilom\u00e8tres entre <b>Durr\u00ebs <\/b>et <b><strong>Tirana<\/strong><\/b>, avec trois difficult\u00e9s \u00e0 gravir, la mont\u00e9e vers <strong>Gracen\u00a0<\/strong>(13 km \u00e0 5,1 %), \u00e0 mi-parcours, et <strong>Surrel<\/strong> (4,9 km \u00e0 5,4 %) lors du circuit final de 22 km \u00e0 faire \u00e0 deux reprises.<\/p>\n<ul style=\"text-align: justify;\">\n<li style=\"text-align: justify;\"><strong>\u00c0 ce sujet \u2013\u00a0<a href=\"https:\/\/dicodusport.fr\/blog\/tour-ditalie-2025-parcours-detaille-et-profils-des-etapes-du-giro\/\">Tour d\u2019Italie 2025 : Parcours d\u00e9taill\u00e9 et profils des \u00e9tapes du Giro<\/a><\/strong><\/li>\n<\/ul>\n<h2 style=\"text-align: justify;\">Le club des 5 ouvre la route en Albanie<\/h2>\n<p style=\"text-align: justify;\">D&rsquo;abord, cinq coureurs ont form\u00e9 l&rsquo;\u00e9chapp\u00e9e matinale d\u00e8s les premiers kilom\u00e8tres de course :<strong> Sylvain Moniquet<\/strong> (Cofidis), <strong>Alessandro Tonelli<\/strong> (Polti VisitMalta), <strong>Alessandro Verre<\/strong> (Arkea B&amp;B H\u00f4tels), <strong>Taco van der Hoorn<\/strong> (Intermarch\u00e9-Wanty) et <strong>Manuele Tarozzi<\/strong> (VF Group Bardiani). Avec l&rsquo;allure \u00e9lev\u00e9e de la course sur les deux premi\u00e8res heures, cette \u00e9chapp\u00e9e n&rsquo;a pris qu&rsquo;au maximum 1 minute 40 d&rsquo;avance sur un peloton emmen\u00e9 par les \u00e9quipes Visma Lease a Bike et Lidl-Trek. <strong>Manuele Tarozzi<\/strong> (VF Group Bardiani) est pass\u00e9 en t\u00eate lors des deux sprints interm\u00e9diaires dans la longue portion plate avant la premi\u00e8re mont\u00e9e du jour.<\/p>\n<p style=\"text-align: justify;\">Dans l&rsquo;ascension de <strong>Gracen<\/strong>, l&rsquo;\u00e9cart s&rsquo;est fortement r\u00e9duit tandis que <strong>Sylvain Moniquet<\/strong> (Cofidis) est pass\u00e9 en t\u00eate de ce col et a pris 18 points afin de s&rsquo;assurer le premier maillot bleu, aujourd&rsquo;hui. <strong>Taco van der Hoorn<\/strong> (Intermarch\u00e9-Wanty) a d\u00e9cid\u00e9, quant \u00e0 lui, de se relever pour \u00eatre repris par le peloton. Puis, <strong>Manuele Tarozzi<\/strong> (VF Group Bardiani) a remport\u00e9 le sprint Red Bull avant de p\u00e9n\u00e9trer dans Tirana.<\/p>\n<ul style=\"text-align: justify;\">\n<li><strong>\u00c0 ce sujet \u2013 <a href=\"https:\/\/dicodusport.fr\/blog\/resultats-tour-ditalie-2025-classement-1ere-etape-du-giro\/\">Le classement de la premi\u00e8re \u00e9tape du Tour d&rsquo;Italie 2025<\/a><\/strong><\/li>\n<li><strong>\u00c0 ce sujet \u2013 <a href=\"https:\/\/dicodusport.fr\/blog\/tour-ditalie-2025-classement-general-du-giro\/\">Le classement g\u00e9n\u00e9ral du Tour d&rsquo;Italie 2025<\/a><\/strong><\/li>\n<\/ul>\n<h2>Landa au tapis et out<\/h2>\n<p style=\"text-align: justify;\">Par la suite, les quatre hommes de t\u00eate ont \u00e9t\u00e9 repris \u00e0 40 kilom\u00e8tres du terme. La premi\u00e8re ascension de <strong>Surrel<\/strong> a mis fin aux espoirs de victoire de nombreux sprinteurs comme\u00a0<strong>Milan Fretin\u00a0<\/strong>(Cofidis),\u00a0<strong>Matteo Moschetti\u00a0<\/strong>(Q36.5 Pro Cycling),\u00a0<strong>Sam Bennett\u00a0<\/strong>(Decathlon AG2R La Mondiale), <strong>Paul Magnier\u00a0<\/strong>(Soudal Quick-Step) et\u00a0<strong>Olav Kooij\u00a0<\/strong>(Visma Lease a Bike).\u00a0 Ensuite, la seconde ascension a permis \u00e0 la Lidl-trek de faire exploser d&rsquo;autres rivaux de Mads Pedersen tels que\u00a0<strong>Kaden Groves\u00a0<\/strong>(Alpecin-Deceuninck) et <strong>Max Kanter<\/strong> (XDS Astana). Des pr\u00e9tendants au classement g\u00e9n\u00e9ral n&rsquo;ont pas pu suivre le rythme impos\u00e9 par <strong>Giulio Ciccone<\/strong> (Lidl Trek) comme <strong>Thymen Arensman<\/strong> (INEOS Grenadiers) et <strong>Derek Gee<\/strong> (Israel Premier Tech).<\/p>\n<p style=\"text-align: justify;\">Malheureusement, dans la descente, <strong>Geoffrey Bouchard<\/strong> (Decathlon AG2r La Mondiale), <strong>Corbin Strong<\/strong> (Israel Premier Tech), <strong>Jay Vine<\/strong> (UAE Team Emirates XRG) et surtout <strong>Mikel Landa<\/strong> (Soudal Quick-Step). Ce dernier est rest\u00e9 longtemps \u00e0 terre et est reparti en civi\u00e8re. Le grimpeur basque est donc contraint \u00e0 l&rsquo;abandon d\u00e8s le premier jour de course. Le <em>Wolfpac<\/em>k ne dispose plus de son leader pour le classement g\u00e9n\u00e9ral.<\/p>\n<blockquote class=\"twitter-tweet\">\n<p dir=\"ltr\" lang=\"fr\">\ud83d\udea8 L&rsquo;abandon de Mikel Landa ! L&rsquo;Espagnol (Soudal Quick-Step) a lourdement chut\u00e9 lors de la premi\u00e8re \u00e9tape de ce <a href=\"https:\/\/twitter.com\/hashtag\/GirodItalia?src=hash&amp;ref_src=twsrc%5Etfw\">#GirodItalia<\/a><\/p>\n<p>Suivez le Tour d&rsquo;Italie en int\u00e9gralit\u00e9 sur Eurosport et Max <a href=\"https:\/\/t.co\/vPqvbCYWXw\">pic.twitter.com\/vPqvbCYWXw<\/a><\/p>\n<p>\u2014 Eurosport France (@Eurosport_FR) <a href=\"https:\/\/twitter.com\/Eurosport_FR\/status\/1920867081429418171?ref_src=twsrc%5Etfw\">May 9, 2025<\/a><\/p><\/blockquote>\n<p><script async src=\"https:\/\/platform.twitter.com\/widgets.js\" charset=\"utf-8\"><\/script><\/p>\n<h2 style=\"text-align: justify;\">Pedersen premier maillot rose<\/h2>\n<p style=\"text-align: justify;\">Finalement, apr\u00e8s un gros travail de <strong>Mathias Vacek<\/strong> dans les derniers kilom\u00e8tres, <strong>Mads Pedersen<\/strong> (Lidl-Trek) a conclu \u00e0 la perfection le travail pour signer le 51\u00e8me succ\u00e8s de sa carri\u00e8re. Le Danois est entr\u00e9 dans le cercle ferm\u00e9 des coureurs vainqueurs sur les 3 Grands Tours. Dans le dur dans les derniers m\u00e8tres de la derni\u00e8re ascension du jour, <strong>Wout Van Aert\u00a0<\/strong>(Visma Lease a Bike) n&rsquo;avait pas la force pour mettre \u00e0 mal Pedersen.<\/p>\n<p style=\"text-align: justify;\"><strong>Orluis Aular<\/strong> (Movistar) a compl\u00e9t\u00e9 le podium du jour devant <strong>Francisco Busatto<\/strong> (Intermarch\u00e9-Wanty). Ce dernier portera le maillot blanc, demain, pour son premier Grand Tour. <strong>Mads Pedersen<\/strong> (Lidl-Trek) s&rsquo;est empar\u00e9 du maillot rose et va porter lors du chrono de demain dans les rues de Tirana pour la premi\u00e8re fois de sa carri\u00e8re un maillot de leader de classement g\u00e9n\u00e9ral sur un Grand Tour.<\/p>\n<blockquote class=\"twitter-tweet\">\n<p dir=\"ltr\" lang=\"fr\">Mads Pedersen ouvre son compteur sur le Giro ! Le Danois remporte la premi\u00e8re \u00e9tape devant Wout van Aert ! \ud83d\ude80<\/p>\n<p>Suivez le Tour d&rsquo;Italie en int\u00e9gralit\u00e9 sur Eurosport et Max <a href=\"https:\/\/twitter.com\/hashtag\/LesRP?src=hash&amp;ref_src=twsrc%5Etfw\">#LesRP<\/a> <a href=\"https:\/\/t.co\/putWJytMbY\">pic.twitter.com\/putWJytMbY<\/a><\/p>\n<p>\u2014 Eurosport France (@Eurosport_FR) <a href=\"https:\/\/twitter.com\/Eurosport_FR\/status\/1920860208479207516?ref_src=twsrc%5Etfw\">May 9, 2025<\/a><\/p><\/blockquote>\n<p><script async src=\"https:\/\/platform.twitter.com\/widgets.js\" charset=\"utf-8\"><\/script><\/p>\n","protected":false},"excerpt":{"rendered":"<p>Mads Pedersen (Lidl-Trek) s&rsquo;est adjug\u00e9 la 1\u00e8re \u00e9tape du Tour d&rsquo;Italie 2025 \u00e0 Tirana, en Albanie, vendredi, devant Wout Van Aert (Visma Lease a Bike).\u00a0<\/p>\n","protected":false},"author":48,"featured_media":577732,"comment_status":"open","ping_status":"closed","sticky":false,"template":"","format":"standard","meta":{"_acf_changed":false,"_daextam_enable_autolinks":"1","footnotes":""},"categories":[47041],"tags":[3119,16878,24,4722],"class_list":["post-577675","post","type-post","status-publish","format-standard","has-post-thumbnail","hentry","category-tour-d-italie","tag-actualite-cyclisme","tag-breve","tag-sport","tag-tour-ditalie"],"acf":[],"yoast_head":"<!-- This site is optimized with the Yoast SEO Premium plugin v26.7 (Yoast SEO v26.7) - https:\/\/yoast.com\/wordpress\/plugins\/seo\/ -->\n<title>Tour d&#039;Italie 2025 : Mads Pedersen remporte la 1\u00e8re \u00e9tape avec autorit\u00e9<\/title>\n<meta name=\"description\" content=\"Mads Pedersen (Lidl-Trek) s&#039;est adjug\u00e9 la 1\u00e8re \u00e9tape du Tour d&#039;Italie 2025 \u00e0 Tirana, en Albanie, vendredi, devant Wout Van Aert (Visma Lease a Bike).\u00a0\" \/>\n<meta name=\"robots\" content=\"index, follow, max-snippet:-1, max-image-preview:large, max-video-preview:-1\" \/>\n<link rel=\"canonical\" href=\"https:\/\/dicodusport.fr\/blog\/tour-ditalie-2025-mads-pedersen-remporte-la-1ere-etape-avec-autorite\/\" \/>\n<meta property=\"og:locale\" content=\"fr_FR\" \/>\n<meta property=\"og:type\" content=\"article\" \/>\n<meta property=\"og:title\" content=\"Tour d&#039;Italie 2025 : Mads Pedersen remporte la 1\u00e8re \u00e9tape avec autorit\u00e9\" \/>\n<meta property=\"og:description\" content=\"Mads Pedersen (Lidl-Trek) s&#039;est adjug\u00e9 la 1\u00e8re \u00e9tape du Tour d&#039;Italie 2025 \u00e0 Tirana, en Albanie, vendredi, devant Wout Van Aert (Visma Lease a Bike).\u00a0\" \/>\n<meta property=\"og:url\" content=\"https:\/\/dicodusport.fr\/blog\/tour-ditalie-2025-mads-pedersen-remporte-la-1ere-etape-avec-autorite\/\" \/>\n<meta property=\"og:site_name\" content=\"Dicodusport\" \/>\n<meta property=\"article:publisher\" content=\"https:\/\/www.facebook.com\/dicodusport\" \/>\n<meta property=\"article:author\" content=\"https:\/\/www.facebook.com\/groups\/LesRoisDuPeloton\" \/>\n<meta property=\"article:published_time\" content=\"2025-05-09T15:15:34+00:00\" \/>\n<meta property=\"article:modified_time\" content=\"2025-05-09T15:57:23+00:00\" \/>\n<meta property=\"og:image\" content=\"https:\/\/dicodusport.fr\/blog\/wp-content\/uploads\/2025\/05\/Tour-dItalie-2025-Mads-Pedersen-remporte-la-1ere-etape-avec-autorite-1.png\" \/>\n\t<meta property=\"og:image:width\" content=\"1200\" \/>\n\t<meta property=\"og:image:height\" content=\"674\" \/>\n\t<meta property=\"og:image:type\" content=\"image\/png\" \/>\n<meta name=\"author\" content=\"Emilien Descampiaux\" \/>\n<meta name=\"twitter:card\" content=\"summary_large_image\" \/>\n<meta name=\"twitter:title\" content=\"Tour d&#039;Italie 2025 : Mads Pedersen remporte la 1\u00e8re \u00e9tape avec autorit\u00e9\" \/>\n<meta name=\"twitter:creator\" content=\"@https:\/\/twitter.com\/LRoisDuPeloton\" \/>\n<meta name=\"twitter:site\" content=\"@dicodusport\" \/>\n<script type=\"application\/ld+json\" class=\"yoast-schema-graph\">{\"@context\":\"https:\/\/schema.org\",\"@graph\":[{\"@type\":\"NewsArticle\",\"@id\":\"https:\/\/dicodusport.fr\/blog\/tour-ditalie-2025-mads-pedersen-remporte-la-1ere-etape-avec-autorite\/#article\",\"isPartOf\":{\"@id\":\"https:\/\/dicodusport.fr\/blog\/tour-ditalie-2025-mads-pedersen-remporte-la-1ere-etape-avec-autorite\/\"},\"author\":{\"name\":\"Emilien Descampiaux\",\"@id\":\"https:\/\/dicodusport.fr\/blog\/#\/schema\/person\/6db4bae06b171592211be385b32876a7\"},\"headline\":\"Tour d&rsquo;Italie 2025 : Mads Pedersen remporte la 1\u00e8re \u00e9tape avec autorit\u00e9\",\"datePublished\":\"2025-05-09T15:15:34+00:00\",\"dateModified\":\"2025-05-09T15:57:23+00:00\",\"mainEntityOfPage\":{\"@id\":\"https:\/\/dicodusport.fr\/blog\/tour-ditalie-2025-mads-pedersen-remporte-la-1ere-etape-avec-autorite\/\"},\"wordCount\":750,\"commentCount\":0,\"publisher\":{\"@id\":\"https:\/\/dicodusport.fr\/blog\/#organization\"},\"image\":{\"@id\":\"https:\/\/dicodusport.fr\/blog\/tour-ditalie-2025-mads-pedersen-remporte-la-1ere-etape-avec-autorite\/#primaryimage\"},\"thumbnailUrl\":\"https:\/\/dicodusport.fr\/blog\/wp-content\/uploads\/2025\/05\/Tour-dItalie-2025-Mads-Pedersen-remporte-la-1ere-etape-avec-autorite-1.png\",\"keywords\":[\"Actualit\u00e9 Cyclisme\",\"br\u00e8ve\",\"sport\",\"Tour d'Italie\"],\"articleSection\":[\"Tour d'Italie\"],\"inLanguage\":\"fr-FR\",\"potentialAction\":[{\"@type\":\"CommentAction\",\"name\":\"Comment\",\"target\":[\"https:\/\/dicodusport.fr\/blog\/tour-ditalie-2025-mads-pedersen-remporte-la-1ere-etape-avec-autorite\/#respond\"]}],\"copyrightYear\":\"2025\",\"copyrightHolder\":{\"@id\":\"https:\/\/dicodusport.fr\/blog\/#organization\"}},{\"@type\":\"WebPage\",\"@id\":\"https:\/\/dicodusport.fr\/blog\/tour-ditalie-2025-mads-pedersen-remporte-la-1ere-etape-avec-autorite\/\",\"url\":\"https:\/\/dicodusport.fr\/blog\/tour-ditalie-2025-mads-pedersen-remporte-la-1ere-etape-avec-autorite\/\",\"name\":\"Tour d'Italie 2025 : Mads Pedersen remporte la 1\u00e8re \u00e9tape avec autorit\u00e9\",\"isPartOf\":{\"@id\":\"https:\/\/dicodusport.fr\/blog\/#website\"},\"primaryImageOfPage\":{\"@id\":\"https:\/\/dicodusport.fr\/blog\/tour-ditalie-2025-mads-pedersen-remporte-la-1ere-etape-avec-autorite\/#primaryimage\"},\"image\":{\"@id\":\"https:\/\/dicodusport.fr\/blog\/tour-ditalie-2025-mads-pedersen-remporte-la-1ere-etape-avec-autorite\/#primaryimage\"},\"thumbnailUrl\":\"https:\/\/dicodusport.fr\/blog\/wp-content\/uploads\/2025\/05\/Tour-dItalie-2025-Mads-Pedersen-remporte-la-1ere-etape-avec-autorite-1.png\",\"datePublished\":\"2025-05-09T15:15:34+00:00\",\"dateModified\":\"2025-05-09T15:57:23+00:00\",\"description\":\"Mads Pedersen (Lidl-Trek) s'est adjug\u00e9 la 1\u00e8re \u00e9tape du Tour d'Italie 2025 \u00e0 Tirana, en Albanie, vendredi, devant Wout Van Aert (Visma Lease a Bike).\u00a0\",\"breadcrumb\":{\"@id\":\"https:\/\/dicodusport.fr\/blog\/tour-ditalie-2025-mads-pedersen-remporte-la-1ere-etape-avec-autorite\/#breadcrumb\"},\"inLanguage\":\"fr-FR\",\"potentialAction\":[{\"@type\":\"ReadAction\",\"target\":[\"https:\/\/dicodusport.fr\/blog\/tour-ditalie-2025-mads-pedersen-remporte-la-1ere-etape-avec-autorite\/\"]}]},{\"@type\":\"ImageObject\",\"inLanguage\":\"fr-FR\",\"@id\":\"https:\/\/dicodusport.fr\/blog\/tour-ditalie-2025-mads-pedersen-remporte-la-1ere-etape-avec-autorite\/#primaryimage\",\"url\":\"https:\/\/dicodusport.fr\/blog\/wp-content\/uploads\/2025\/05\/Tour-dItalie-2025-Mads-Pedersen-remporte-la-1ere-etape-avec-autorite-1.png\",\"contentUrl\":\"https:\/\/dicodusport.fr\/blog\/wp-content\/uploads\/2025\/05\/Tour-dItalie-2025-Mads-Pedersen-remporte-la-1ere-etape-avec-autorite-1.png\",\"width\":1200,\"height\":674,\"caption\":\"Tour d'Italie 2025 Mads Pedersen remporte la 1\u00e8re \u00e9tape avec autorit\u00e9 (1)\"},{\"@type\":\"BreadcrumbList\",\"@id\":\"https:\/\/dicodusport.fr\/blog\/tour-ditalie-2025-mads-pedersen-remporte-la-1ere-etape-avec-autorite\/#breadcrumb\",\"itemListElement\":[{\"@type\":\"ListItem\",\"position\":1,\"name\":\"Accueil\",\"item\":\"https:\/\/dicodusport.fr\/blog\/\"},{\"@type\":\"ListItem\",\"position\":2,\"name\":\"Tour d&rsquo;Italie 2025 : Mads Pedersen remporte la 1\u00e8re \u00e9tape avec autorit\u00e9\"}]},{\"@type\":\"WebSite\",\"@id\":\"https:\/\/dicodusport.fr\/blog\/#website\",\"url\":\"https:\/\/dicodusport.fr\/blog\/\",\"name\":\"Dicodusport\",\"description\":\"L&#039;encyclop\u00e9die de l&#039;actualit\u00e9 sportive\",\"publisher\":{\"@id\":\"https:\/\/dicodusport.fr\/blog\/#organization\"},\"potentialAction\":[{\"@type\":\"SearchAction\",\"target\":{\"@type\":\"EntryPoint\",\"urlTemplate\":\"https:\/\/dicodusport.fr\/blog\/?s={search_term_string}\"},\"query-input\":{\"@type\":\"PropertyValueSpecification\",\"valueRequired\":true,\"valueName\":\"search_term_string\"}}],\"inLanguage\":\"fr-FR\"},{\"@type\":\"NewsMediaOrganization\",\"@id\":\"https:\/\/dicodusport.fr\/blog\/#organization\",\"name\":\"Dicodusport\",\"url\":\"https:\/\/dicodusport.fr\/blog\/\",\"logo\":{\"@type\":\"ImageObject\",\"inLanguage\":\"fr-FR\",\"@id\":\"https:\/\/dicodusport.fr\/blog\/#\/schema\/logo\/image\/\",\"url\":\"https:\/\/dicodusport.fr\/blog\/wp-content\/uploads\/2020\/06\/cropped-LOGO-DICODUSPORT-2020-SANS-FOND-SANS-TEXTE.png\",\"contentUrl\":\"https:\/\/dicodusport.fr\/blog\/wp-content\/uploads\/2020\/06\/cropped-LOGO-DICODUSPORT-2020-SANS-FOND-SANS-TEXTE.png\",\"width\":512,\"height\":512,\"caption\":\"Dicodusport\"},\"image\":{\"@id\":\"https:\/\/dicodusport.fr\/blog\/#\/schema\/logo\/image\/\"},\"sameAs\":[\"https:\/\/www.facebook.com\/dicodusport\",\"https:\/\/x.com\/dicodusport\",\"https:\/\/www.instagram.com\/dicodusport\/\",\"https:\/\/www.youtube.com\/channel\/UC7V2KZ5sd3htJivAbA4ZG3w\"],\"description\":\"Dicodusport est l'encyclop\u00e9die de l'actualit\u00e9 sportive.\",\"email\":\"bonjour@dicodusport.fr\",\"legalName\":\"DICODUSPORT\",\"foundingDate\":\"2018-01-14\",\"vatID\":\"FR71834470973\",\"taxID\":\"83447097300043\",\"numberOfEmployees\":{\"@type\":\"QuantitativeValue\",\"minValue\":\"1\",\"maxValue\":\"10\"}},{\"@type\":\"Person\",\"@id\":\"https:\/\/dicodusport.fr\/blog\/#\/schema\/person\/6db4bae06b171592211be385b32876a7\",\"name\":\"Emilien Descampiaux\",\"image\":{\"@type\":\"ImageObject\",\"inLanguage\":\"fr-FR\",\"@id\":\"https:\/\/dicodusport.fr\/blog\/#\/schema\/person\/image\/\",\"url\":\"https:\/\/dicodusport.fr\/blog\/wp-content\/uploads\/2021\/05\/Emilien-Descampiaux-150x150.jpg\",\"contentUrl\":\"https:\/\/dicodusport.fr\/blog\/wp-content\/uploads\/2021\/05\/Emilien-Descampiaux-150x150.jpg\",\"caption\":\"Emilien Descampiaux\"},\"description\":\"Journaliste\/r\u00e9dacteur depuis 2014 - Fan de la classe de Frank Vandenbroucke, je vis cyclisme (et de ses paysages) depuis plus de 20 ans. Je suis tr\u00e8s impliqu\u00e9 sur mes diff\u00e9rents r\u00e9seaux sociaux pour partager ma passion sur le monde et l'Histoire de la bicyclette avec ma voix sur les images en noir et blanc du succ\u00e8s de Rik Van Steenbergen lors du Ronde sur le V\u00e9lodrome de Gand.\",\"sameAs\":[\"https:\/\/www.facebook.com\/groups\/LesRoisDuPeloton\",\"https:\/\/x.com\/https:\/\/twitter.com\/LRoisDuPeloton\"],\"url\":\"https:\/\/dicodusport.fr\/blog\/author\/emiliend\/\"}]}<\/script>\n<!-- \/ Yoast SEO Premium plugin. -->","yoast_head_json":{"title":"Tour d'Italie 2025 : Mads Pedersen remporte la 1\u00e8re \u00e9tape avec autorit\u00e9","description":"Mads Pedersen (Lidl-Trek) s'est adjug\u00e9 la 1\u00e8re \u00e9tape du Tour d'Italie 2025 \u00e0 Tirana, en Albanie, vendredi, devant Wout Van Aert (Visma Lease a Bike).\u00a0","robots":{"index":"index","follow":"follow","max-snippet":"max-snippet:-1","max-image-preview":"max-image-preview:large","max-video-preview":"max-video-preview:-1"},"canonical":"https:\/\/dicodusport.fr\/blog\/tour-ditalie-2025-mads-pedersen-remporte-la-1ere-etape-avec-autorite\/","og_locale":"fr_FR","og_type":"article","og_title":"Tour d'Italie 2025 : Mads Pedersen remporte la 1\u00e8re \u00e9tape avec autorit\u00e9","og_description":"Mads Pedersen (Lidl-Trek) s'est adjug\u00e9 la 1\u00e8re \u00e9tape du Tour d'Italie 2025 \u00e0 Tirana, en Albanie, vendredi, devant Wout Van Aert (Visma Lease a Bike).\u00a0","og_url":"https:\/\/dicodusport.fr\/blog\/tour-ditalie-2025-mads-pedersen-remporte-la-1ere-etape-avec-autorite\/","og_site_name":"Dicodusport","article_publisher":"https:\/\/www.facebook.com\/dicodusport","article_author":"https:\/\/www.facebook.com\/groups\/LesRoisDuPeloton","article_published_time":"2025-05-09T15:15:34+00:00","article_modified_time":"2025-05-09T15:57:23+00:00","og_image":[{"width":1200,"height":674,"url":"https:\/\/dicodusport.fr\/blog\/wp-content\/uploads\/2025\/05\/Tour-dItalie-2025-Mads-Pedersen-remporte-la-1ere-etape-avec-autorite-1.png","type":"image\/png"}],"author":"Emilien Descampiaux","twitter_card":"summary_large_image","twitter_title":"Tour d'Italie 2025 : Mads Pedersen remporte la 1\u00e8re \u00e9tape avec autorit\u00e9","twitter_creator":"@https:\/\/twitter.com\/LRoisDuPeloton","twitter_site":"@dicodusport","schema":{"@context":"https:\/\/schema.org","@graph":[{"@type":"NewsArticle","@id":"https:\/\/dicodusport.fr\/blog\/tour-ditalie-2025-mads-pedersen-remporte-la-1ere-etape-avec-autorite\/#article","isPartOf":{"@id":"https:\/\/dicodusport.fr\/blog\/tour-ditalie-2025-mads-pedersen-remporte-la-1ere-etape-avec-autorite\/"},"author":{"name":"Emilien Descampiaux","@id":"https:\/\/dicodusport.fr\/blog\/#\/schema\/person\/6db4bae06b171592211be385b32876a7"},"headline":"Tour d&rsquo;Italie 2025 : Mads Pedersen remporte la 1\u00e8re \u00e9tape avec autorit\u00e9","datePublished":"2025-05-09T15:15:34+00:00","dateModified":"2025-05-09T15:57:23+00:00","mainEntityOfPage":{"@id":"https:\/\/dicodusport.fr\/blog\/tour-ditalie-2025-mads-pedersen-remporte-la-1ere-etape-avec-autorite\/"},"wordCount":750,"commentCount":0,"publisher":{"@id":"https:\/\/dicodusport.fr\/blog\/#organization"},"image":{"@id":"https:\/\/dicodusport.fr\/blog\/tour-ditalie-2025-mads-pedersen-remporte-la-1ere-etape-avec-autorite\/#primaryimage"},"thumbnailUrl":"https:\/\/dicodusport.fr\/blog\/wp-content\/uploads\/2025\/05\/Tour-dItalie-2025-Mads-Pedersen-remporte-la-1ere-etape-avec-autorite-1.png","keywords":["Actualit\u00e9 Cyclisme","br\u00e8ve","sport","Tour d'Italie"],"articleSection":["Tour d'Italie"],"inLanguage":"fr-FR","potentialAction":[{"@type":"CommentAction","name":"Comment","target":["https:\/\/dicodusport.fr\/blog\/tour-ditalie-2025-mads-pedersen-remporte-la-1ere-etape-avec-autorite\/#respond"]}],"copyrightYear":"2025","copyrightHolder":{"@id":"https:\/\/dicodusport.fr\/blog\/#organization"}},{"@type":"WebPage","@id":"https:\/\/dicodusport.fr\/blog\/tour-ditalie-2025-mads-pedersen-remporte-la-1ere-etape-avec-autorite\/","url":"https:\/\/dicodusport.fr\/blog\/tour-ditalie-2025-mads-pedersen-remporte-la-1ere-etape-avec-autorite\/","name":"Tour d'Italie 2025 : Mads Pedersen remporte la 1\u00e8re \u00e9tape avec autorit\u00e9","isPartOf":{"@id":"https:\/\/dicodusport.fr\/blog\/#website"},"primaryImageOfPage":{"@id":"https:\/\/dicodusport.fr\/blog\/tour-ditalie-2025-mads-pedersen-remporte-la-1ere-etape-avec-autorite\/#primaryimage"},"image":{"@id":"https:\/\/dicodusport.fr\/blog\/tour-ditalie-2025-mads-pedersen-remporte-la-1ere-etape-avec-autorite\/#primaryimage"},"thumbnailUrl":"https:\/\/dicodusport.fr\/blog\/wp-content\/uploads\/2025\/05\/Tour-dItalie-2025-Mads-Pedersen-remporte-la-1ere-etape-avec-autorite-1.png","datePublished":"2025-05-09T15:15:34+00:00","dateModified":"2025-05-09T15:57:23+00:00","description":"Mads Pedersen (Lidl-Trek) s'est adjug\u00e9 la 1\u00e8re \u00e9tape du Tour d'Italie 2025 \u00e0 Tirana, en Albanie, vendredi, devant Wout Van Aert (Visma Lease a Bike).\u00a0","breadcrumb":{"@id":"https:\/\/dicodusport.fr\/blog\/tour-ditalie-2025-mads-pedersen-remporte-la-1ere-etape-avec-autorite\/#breadcrumb"},"inLanguage":"fr-FR","potentialAction":[{"@type":"ReadAction","target":["https:\/\/dicodusport.fr\/blog\/tour-ditalie-2025-mads-pedersen-remporte-la-1ere-etape-avec-autorite\/"]}]},{"@type":"ImageObject","inLanguage":"fr-FR","@id":"https:\/\/dicodusport.fr\/blog\/tour-ditalie-2025-mads-pedersen-remporte-la-1ere-etape-avec-autorite\/#primaryimage","url":"https:\/\/dicodusport.fr\/blog\/wp-content\/uploads\/2025\/05\/Tour-dItalie-2025-Mads-Pedersen-remporte-la-1ere-etape-avec-autorite-1.png","contentUrl":"https:\/\/dicodusport.fr\/blog\/wp-content\/uploads\/2025\/05\/Tour-dItalie-2025-Mads-Pedersen-remporte-la-1ere-etape-avec-autorite-1.png","width":1200,"height":674,"caption":"Tour d'Italie 2025 Mads Pedersen remporte la 1\u00e8re \u00e9tape avec autorit\u00e9 (1)"},{"@type":"BreadcrumbList","@id":"https:\/\/dicodusport.fr\/blog\/tour-ditalie-2025-mads-pedersen-remporte-la-1ere-etape-avec-autorite\/#breadcrumb","itemListElement":[{"@type":"ListItem","position":1,"name":"Accueil","item":"https:\/\/dicodusport.fr\/blog\/"},{"@type":"ListItem","position":2,"name":"Tour d&rsquo;Italie 2025 : Mads Pedersen remporte la 1\u00e8re \u00e9tape avec autorit\u00e9"}]},{"@type":"WebSite","@id":"https:\/\/dicodusport.fr\/blog\/#website","url":"https:\/\/dicodusport.fr\/blog\/","name":"Dicodusport","description":"L&#039;encyclop\u00e9die de l&#039;actualit\u00e9 sportive","publisher":{"@id":"https:\/\/dicodusport.fr\/blog\/#organization"},"potentialAction":[{"@type":"SearchAction","target":{"@type":"EntryPoint","urlTemplate":"https:\/\/dicodusport.fr\/blog\/?s={search_term_string}"},"query-input":{"@type":"PropertyValueSpecification","valueRequired":true,"valueName":"search_term_string"}}],"inLanguage":"fr-FR"},{"@type":"NewsMediaOrganization","@id":"https:\/\/dicodusport.fr\/blog\/#organization","name":"Dicodusport","url":"https:\/\/dicodusport.fr\/blog\/","logo":{"@type":"ImageObject","inLanguage":"fr-FR","@id":"https:\/\/dicodusport.fr\/blog\/#\/schema\/logo\/image\/","url":"https:\/\/dicodusport.fr\/blog\/wp-content\/uploads\/2020\/06\/cropped-LOGO-DICODUSPORT-2020-SANS-FOND-SANS-TEXTE.png","contentUrl":"https:\/\/dicodusport.fr\/blog\/wp-content\/uploads\/2020\/06\/cropped-LOGO-DICODUSPORT-2020-SANS-FOND-SANS-TEXTE.png","width":512,"height":512,"caption":"Dicodusport"},"image":{"@id":"https:\/\/dicodusport.fr\/blog\/#\/schema\/logo\/image\/"},"sameAs":["https:\/\/www.facebook.com\/dicodusport","https:\/\/x.com\/dicodusport","https:\/\/www.instagram.com\/dicodusport\/","https:\/\/www.youtube.com\/channel\/UC7V2KZ5sd3htJivAbA4ZG3w"],"description":"Dicodusport est l'encyclop\u00e9die de l'actualit\u00e9 sportive.","email":"bonjour@dicodusport.fr","legalName":"DICODUSPORT","foundingDate":"2018-01-14","vatID":"FR71834470973","taxID":"83447097300043","numberOfEmployees":{"@type":"QuantitativeValue","minValue":"1","maxValue":"10"}},{"@type":"Person","@id":"https:\/\/dicodusport.fr\/blog\/#\/schema\/person\/6db4bae06b171592211be385b32876a7","name":"Emilien Descampiaux","image":{"@type":"ImageObject","inLanguage":"fr-FR","@id":"https:\/\/dicodusport.fr\/blog\/#\/schema\/person\/image\/","url":"https:\/\/dicodusport.fr\/blog\/wp-content\/uploads\/2021\/05\/Emilien-Descampiaux-150x150.jpg","contentUrl":"https:\/\/dicodusport.fr\/blog\/wp-content\/uploads\/2021\/05\/Emilien-Descampiaux-150x150.jpg","caption":"Emilien Descampiaux"},"description":"Journaliste\/r\u00e9dacteur depuis 2014 - Fan de la classe de Frank Vandenbroucke, je vis cyclisme (et de ses paysages) depuis plus de 20 ans. Je suis tr\u00e8s impliqu\u00e9 sur mes diff\u00e9rents r\u00e9seaux sociaux pour partager ma passion sur le monde et l'Histoire de la bicyclette avec ma voix sur les images en noir et blanc du succ\u00e8s de Rik Van Steenbergen lors du Ronde sur le V\u00e9lodrome de Gand.","sameAs":["https:\/\/www.facebook.com\/groups\/LesRoisDuPeloton","https:\/\/x.com\/https:\/\/twitter.com\/LRoisDuPeloton"],"url":"https:\/\/dicodusport.fr\/blog\/author\/emiliend\/"}]}},"_links":{"self":[{"href":"https:\/\/dicodusport.fr\/blog\/wp-json\/wp\/v2\/posts\/577675","targetHints":{"allow":["GET"]}}],"collection":[{"href":"https:\/\/dicodusport.fr\/blog\/wp-json\/wp\/v2\/posts"}],"about":[{"href":"https:\/\/dicodusport.fr\/blog\/wp-json\/wp\/v2\/types\/post"}],"author":[{"embeddable":true,"href":"https:\/\/dicodusport.fr\/blog\/wp-json\/wp\/v2\/users\/48"}],"replies":[{"embeddable":true,"href":"https:\/\/dicodusport.fr\/blog\/wp-json\/wp\/v2\/comments?post=577675"}],"version-history":[{"count":6,"href":"https:\/\/dicodusport.fr\/blog\/wp-json\/wp\/v2\/posts\/577675\/revisions"}],"predecessor-version":[{"id":577737,"href":"https:\/\/dicodusport.fr\/blog\/wp-json\/wp\/v2\/posts\/577675\/revisions\/577737"}],"wp:featuredmedia":[{"embeddable":true,"href":"https:\/\/dicodusport.fr\/blog\/wp-json\/wp\/v2\/media\/577732"}],"wp:attachment":[{"href":"https:\/\/dicodusport.fr\/blog\/wp-json\/wp\/v2\/media?parent=577675"}],"wp:term":[{"taxonomy":"category","embeddable":true,"href":"https:\/\/dicodusport.fr\/blog\/wp-json\/wp\/v2\/categories?post=577675"},{"taxonomy":"post_tag","embeddable":true,"href":"https:\/\/dicodusport.fr\/blog\/wp-json\/wp\/v2\/tags?post=577675"}],"curies":[{"name":"wp","href":"https:\/\/api.w.org\/{rel}","templated":true}]}}