{"id":577681,"date":"2025-05-09T16:29:28","date_gmt":"2025-05-09T14:29:28","guid":{"rendered":"https:\/\/dicodusport.fr\/blog\/?p=577681&#038;preview=true&#038;preview_id=577681"},"modified":"2025-05-09T19:10:30","modified_gmt":"2025-05-09T17:10:30","slug":"grand-slam-dastana-2025-faiza-mokdar-57-kg-se-pare-dor","status":"publish","type":"post","link":"https:\/\/dicodusport.fr\/blog\/grand-slam-dastana-2025-faiza-mokdar-57-kg-se-pare-dor\/","title":{"rendered":"Grand Slam d&rsquo;Astana 2025 : Fa\u00efza Mokdar (-57 kg) se pare d&rsquo;or !"},"content":{"rendered":"<h4 style=\"text-align: justify;\"><em>GRAND SLAM ASTANA &#8211; Pour cl\u00f4turer cette premi\u00e8re journ\u00e9e, Fa\u00efza Mokdar (-57 kg) a remport\u00e9 sa deuxi\u00e8me m\u00e9daille d&rsquo;or en Grand Slam.<\/em><\/h4>\n<ul>\n<li style=\"text-align: justify;\"><strong>\u00c0 ce sujet &#8211; <a href=\"https:\/\/dicodusport.fr\/blog\/judo-grand-slam-dastana-2025-programme-et-resultats\/\" target=\"_blank\" rel=\"noopener\">Programme et r\u00e9sultats Grand Slam d&rsquo;Astana 2025<\/a><\/strong><\/li>\n<\/ul>\n<p style=\"text-align: justify;\">L&rsquo;\u00e9quipe de France conclut sa premi\u00e8re journ\u00e9e sur une belle note ! Apr\u00e8s le <a href=\"https:\/\/dicodusport.fr\/blog\/grand-slam-dastana-2025-astride-gneto-52-kg-remporte-la-medaille-de-bronze\/\" target=\"_blank\" rel=\"noopener\">bronze<\/a> remport\u00e9 par Astride Gneto, <strong>Fa\u00efza Mokdar\u00a0<\/strong>est venue ajouter de l&rsquo;or.<\/p>\n<p style=\"text-align: justify;\"><strong>Fa\u00efza Mokdar<\/strong> (-57 kg), t\u00eate de s\u00e9rie n\u00b03, a battu Binta Ndiaye, Shirlen Nascimento puis Juhee Kim.<\/p>\n<p style=\"text-align: justify;\">En finale, elle affrontait <strong>Momo Tamaoki<\/strong>, t\u00eate de s\u00e9rie n\u00b01 du tournoi et m\u00e9daill\u00e9e de bronze des derniers Mondiaux. Sur sei-otoshi, la Fran\u00e7aise a inscrit un waza-ari. Solide au sol, c&rsquo;est pourtant l\u00e0 qu&rsquo;elle s&rsquo;est fait surprendre \u00e0 1 minute de la fin du combat. Alors que la Japonaise \u00e9tait partie pour une immobilisation, la Fran\u00e7aise s&rsquo;est d\u00e9battue tant bien que mal et est parvenue \u00e0 se d\u00e9gage de l&rsquo;immobilisation juste \u00e0 temps. Si Tamaoki a inscrit un yuko, Mokdar \u00e9tait ensuite sur ses gardes pour garder son avance et a fini par s&rsquo;imposer.<\/p>\n<p style=\"text-align: justify;\"><strong>Fa\u00efza Mokdar<\/strong> remporte ainsi sa <strong>deuxi\u00e8me m\u00e9daille d&rsquo;or en Grand Slam<\/strong> apr\u00e8s sa victoire \u00e0 Paris l&rsquo;ann\u00e9e derni\u00e8re. Au pied du podium \u00e0 Paris cette ann\u00e9e et \u00e0 Tashkent, c&rsquo;est sa premi\u00e8re breloque de l&rsquo;ann\u00e9e.<\/p>\n<blockquote class=\"twitter-tweet\">\n<p dir=\"ltr\" lang=\"en\">Let&rsquo;s rewind that! France&rsquo;s Mokdar defeats 2x World medallist Tamaoki of Japan in an intense final! \ud83c\uddeb\ud83c\uddf7\ud83e\udd47<\/p>\n<p>Follow all the action on <a href=\"https:\/\/t.co\/5YYXyE0nko\">https:\/\/t.co\/5YYXyE0nko<\/a> \ud83d\udcbb<a href=\"https:\/\/twitter.com\/hashtag\/JudoAstana?src=hash&amp;ref_src=twsrc%5Etfw\">#JudoAstana<\/a> <a href=\"https:\/\/twitter.com\/hashtag\/Astana?src=hash&amp;ref_src=twsrc%5Etfw\">#Astana<\/a> <a href=\"https:\/\/twitter.com\/hashtag\/Kazakhstan?src=hash&amp;ref_src=twsrc%5Etfw\">#Kazakhstan<\/a> <a href=\"https:\/\/twitter.com\/hashtag\/WJT?src=hash&amp;ref_src=twsrc%5Etfw\">#WJT<\/a> <a href=\"https:\/\/twitter.com\/hashtag\/Judo?src=hash&amp;ref_src=twsrc%5Etfw\">#Judo<\/a> <a href=\"https:\/\/twitter.com\/hashtag\/IJF?src=hash&amp;ref_src=twsrc%5Etfw\">#IJF<\/a> <a href=\"https:\/\/twitter.com\/hashtag\/Sport?src=hash&amp;ref_src=twsrc%5Etfw\">#Sport<\/a> <a href=\"https:\/\/twitter.com\/hashtag\/RoadToLA2028?src=hash&amp;ref_src=twsrc%5Etfw\">#RoadToLA2028<\/a> <a href=\"https:\/\/t.co\/jLVd6Xy3ah\">pic.twitter.com\/jLVd6Xy3ah<\/a><\/p>\n<p>\u2014 Judo (@Judo) <a href=\"https:\/\/twitter.com\/Judo\/status\/1920878110792151396?ref_src=twsrc%5Etfw\">May 9, 2025<\/a><\/p><\/blockquote>\n<p><script async src=\"https:\/\/platform.twitter.com\/widgets.js\" charset=\"utf-8\"><\/script><\/p>\n","protected":false},"excerpt":{"rendered":"<p>Fa\u00efza Mokdar (-57 kg) en or \u00e0 Astana !<\/p>\n","protected":false},"author":12,"featured_media":577763,"comment_status":"open","ping_status":"closed","sticky":false,"template":"","format":"standard","meta":{"_acf_changed":false,"_daextam_enable_autolinks":"1","footnotes":""},"categories":[8651],"tags":[32415,16878,19119,68,24],"class_list":["post-577681","post","type-post","status-publish","format-standard","has-post-thumbnail","hentry","category-judo","tag-actu","tag-breve","tag-faiza-mokdar","tag-judo","tag-sport"],"acf":[],"yoast_head":"<!-- This site is optimized with the Yoast SEO Premium plugin v26.7 (Yoast SEO v26.7) - https:\/\/yoast.com\/wordpress\/plugins\/seo\/ -->\n<title>Grand Slam d&#039;Astana 2025 : Fa\u00efza Mokdar (-57 kg) se pare d&#039;or !<\/title>\n<meta name=\"description\" content=\"GRAND SLAM ASTANA - Pour cl\u00f4turer cette premi\u00e8re journ\u00e9e, Fa\u00efza Mokdar (-57 kg) a remport\u00e9 sa deuxi\u00e8me m\u00e9daille d&#039;or en Grand Slam.\" \/>\n<meta name=\"robots\" content=\"index, follow, max-snippet:-1, max-image-preview:large, max-video-preview:-1\" \/>\n<link rel=\"canonical\" href=\"https:\/\/dicodusport.fr\/blog\/grand-slam-dastana-2025-faiza-mokdar-57-kg-se-pare-dor\/\" \/>\n<meta property=\"og:locale\" content=\"fr_FR\" \/>\n<meta property=\"og:type\" content=\"article\" \/>\n<meta property=\"og:title\" content=\"Grand Slam d&#039;Astana 2025 : Fa\u00efza Mokdar (-57 kg) se pare d&#039;or !\" \/>\n<meta property=\"og:description\" content=\"GRAND SLAM ASTANA - Pour cl\u00f4turer cette premi\u00e8re journ\u00e9e, Fa\u00efza Mokdar (-57 kg) a remport\u00e9 sa deuxi\u00e8me m\u00e9daille d&#039;or en Grand Slam.\" \/>\n<meta property=\"og:url\" content=\"https:\/\/dicodusport.fr\/blog\/grand-slam-dastana-2025-faiza-mokdar-57-kg-se-pare-dor\/\" \/>\n<meta property=\"og:site_name\" content=\"Dicodusport\" \/>\n<meta property=\"article:publisher\" content=\"https:\/\/www.facebook.com\/dicodusport\" \/>\n<meta property=\"article:published_time\" content=\"2025-05-09T14:29:28+00:00\" \/>\n<meta property=\"article:modified_time\" content=\"2025-05-09T17:10:30+00:00\" \/>\n<meta property=\"og:image\" content=\"https:\/\/dicodusport.fr\/blog\/wp-content\/uploads\/2025\/05\/Grand-Slam-dAstana-2025-Faiza-Mokdar-57-kg-se-pare-dor.png\" \/>\n\t<meta property=\"og:image:width\" content=\"1200\" \/>\n\t<meta property=\"og:image:height\" content=\"674\" \/>\n\t<meta property=\"og:image:type\" content=\"image\/png\" \/>\n<meta name=\"author\" content=\"Arlette Yeye\" \/>\n<meta name=\"twitter:card\" content=\"summary_large_image\" \/>\n<meta name=\"twitter:creator\" content=\"@https:\/\/twitter.com\/Shiclette94\" \/>\n<meta name=\"twitter:site\" content=\"@dicodusport\" \/>\n<script type=\"application\/ld+json\" class=\"yoast-schema-graph\">{\"@context\":\"https:\/\/schema.org\",\"@graph\":[{\"@type\":\"NewsArticle\",\"@id\":\"https:\/\/dicodusport.fr\/blog\/grand-slam-dastana-2025-faiza-mokdar-57-kg-se-pare-dor\/#article\",\"isPartOf\":{\"@id\":\"https:\/\/dicodusport.fr\/blog\/grand-slam-dastana-2025-faiza-mokdar-57-kg-se-pare-dor\/\"},\"author\":{\"name\":\"Arlette Yeye\",\"@id\":\"https:\/\/dicodusport.fr\/blog\/#\/schema\/person\/cce96fa88785bd8573e3d43078ac8c79\"},\"headline\":\"Grand Slam d&rsquo;Astana 2025 : Fa\u00efza Mokdar (-57 kg) se pare d&rsquo;or !\",\"datePublished\":\"2025-05-09T14:29:28+00:00\",\"dateModified\":\"2025-05-09T17:10:30+00:00\",\"mainEntityOfPage\":{\"@id\":\"https:\/\/dicodusport.fr\/blog\/grand-slam-dastana-2025-faiza-mokdar-57-kg-se-pare-dor\/\"},\"wordCount\":298,\"commentCount\":0,\"publisher\":{\"@id\":\"https:\/\/dicodusport.fr\/blog\/#organization\"},\"image\":{\"@id\":\"https:\/\/dicodusport.fr\/blog\/grand-slam-dastana-2025-faiza-mokdar-57-kg-se-pare-dor\/#primaryimage\"},\"thumbnailUrl\":\"https:\/\/dicodusport.fr\/blog\/wp-content\/uploads\/2025\/05\/Grand-Slam-dAstana-2025-Faiza-Mokdar-57-kg-se-pare-dor.png\",\"keywords\":[\"actu\",\"br\u00e8ve\",\"Fa\u00efza Mokdar\",\"Judo\",\"sport\"],\"articleSection\":[\"Judo\"],\"inLanguage\":\"fr-FR\",\"potentialAction\":[{\"@type\":\"CommentAction\",\"name\":\"Comment\",\"target\":[\"https:\/\/dicodusport.fr\/blog\/grand-slam-dastana-2025-faiza-mokdar-57-kg-se-pare-dor\/#respond\"]}],\"copyrightYear\":\"2025\",\"copyrightHolder\":{\"@id\":\"https:\/\/dicodusport.fr\/blog\/#organization\"}},{\"@type\":\"WebPage\",\"@id\":\"https:\/\/dicodusport.fr\/blog\/grand-slam-dastana-2025-faiza-mokdar-57-kg-se-pare-dor\/\",\"url\":\"https:\/\/dicodusport.fr\/blog\/grand-slam-dastana-2025-faiza-mokdar-57-kg-se-pare-dor\/\",\"name\":\"Grand Slam d'Astana 2025 : Fa\u00efza Mokdar (-57 kg) se pare d'or !\",\"isPartOf\":{\"@id\":\"https:\/\/dicodusport.fr\/blog\/#website\"},\"primaryImageOfPage\":{\"@id\":\"https:\/\/dicodusport.fr\/blog\/grand-slam-dastana-2025-faiza-mokdar-57-kg-se-pare-dor\/#primaryimage\"},\"image\":{\"@id\":\"https:\/\/dicodusport.fr\/blog\/grand-slam-dastana-2025-faiza-mokdar-57-kg-se-pare-dor\/#primaryimage\"},\"thumbnailUrl\":\"https:\/\/dicodusport.fr\/blog\/wp-content\/uploads\/2025\/05\/Grand-Slam-dAstana-2025-Faiza-Mokdar-57-kg-se-pare-dor.png\",\"datePublished\":\"2025-05-09T14:29:28+00:00\",\"dateModified\":\"2025-05-09T17:10:30+00:00\",\"description\":\"GRAND SLAM ASTANA - Pour cl\u00f4turer cette premi\u00e8re journ\u00e9e, Fa\u00efza Mokdar (-57 kg) a remport\u00e9 sa deuxi\u00e8me m\u00e9daille d'or en Grand Slam.\",\"breadcrumb\":{\"@id\":\"https:\/\/dicodusport.fr\/blog\/grand-slam-dastana-2025-faiza-mokdar-57-kg-se-pare-dor\/#breadcrumb\"},\"inLanguage\":\"fr-FR\",\"potentialAction\":[{\"@type\":\"ReadAction\",\"target\":[\"https:\/\/dicodusport.fr\/blog\/grand-slam-dastana-2025-faiza-mokdar-57-kg-se-pare-dor\/\"]}]},{\"@type\":\"ImageObject\",\"inLanguage\":\"fr-FR\",\"@id\":\"https:\/\/dicodusport.fr\/blog\/grand-slam-dastana-2025-faiza-mokdar-57-kg-se-pare-dor\/#primaryimage\",\"url\":\"https:\/\/dicodusport.fr\/blog\/wp-content\/uploads\/2025\/05\/Grand-Slam-dAstana-2025-Faiza-Mokdar-57-kg-se-pare-dor.png\",\"contentUrl\":\"https:\/\/dicodusport.fr\/blog\/wp-content\/uploads\/2025\/05\/Grand-Slam-dAstana-2025-Faiza-Mokdar-57-kg-se-pare-dor.png\",\"width\":1200,\"height\":674,\"caption\":\"Grand Slam d'Astana 2025 Fa\u00efza Mokdar (-57 kg) se pare d'or\"},{\"@type\":\"BreadcrumbList\",\"@id\":\"https:\/\/dicodusport.fr\/blog\/grand-slam-dastana-2025-faiza-mokdar-57-kg-se-pare-dor\/#breadcrumb\",\"itemListElement\":[{\"@type\":\"ListItem\",\"position\":1,\"name\":\"Accueil\",\"item\":\"https:\/\/dicodusport.fr\/blog\/\"},{\"@type\":\"ListItem\",\"position\":2,\"name\":\"Grand Slam d&rsquo;Astana 2025 : Fa\u00efza Mokdar (-57 kg) se pare d&rsquo;or !\"}]},{\"@type\":\"WebSite\",\"@id\":\"https:\/\/dicodusport.fr\/blog\/#website\",\"url\":\"https:\/\/dicodusport.fr\/blog\/\",\"name\":\"Dicodusport\",\"description\":\"L&#039;encyclop\u00e9die de l&#039;actualit\u00e9 sportive\",\"publisher\":{\"@id\":\"https:\/\/dicodusport.fr\/blog\/#organization\"},\"potentialAction\":[{\"@type\":\"SearchAction\",\"target\":{\"@type\":\"EntryPoint\",\"urlTemplate\":\"https:\/\/dicodusport.fr\/blog\/?s={search_term_string}\"},\"query-input\":{\"@type\":\"PropertyValueSpecification\",\"valueRequired\":true,\"valueName\":\"search_term_string\"}}],\"inLanguage\":\"fr-FR\"},{\"@type\":\"NewsMediaOrganization\",\"@id\":\"https:\/\/dicodusport.fr\/blog\/#organization\",\"name\":\"Dicodusport\",\"url\":\"https:\/\/dicodusport.fr\/blog\/\",\"logo\":{\"@type\":\"ImageObject\",\"inLanguage\":\"fr-FR\",\"@id\":\"https:\/\/dicodusport.fr\/blog\/#\/schema\/logo\/image\/\",\"url\":\"https:\/\/dicodusport.fr\/blog\/wp-content\/uploads\/2020\/06\/cropped-LOGO-DICODUSPORT-2020-SANS-FOND-SANS-TEXTE.png\",\"contentUrl\":\"https:\/\/dicodusport.fr\/blog\/wp-content\/uploads\/2020\/06\/cropped-LOGO-DICODUSPORT-2020-SANS-FOND-SANS-TEXTE.png\",\"width\":512,\"height\":512,\"caption\":\"Dicodusport\"},\"image\":{\"@id\":\"https:\/\/dicodusport.fr\/blog\/#\/schema\/logo\/image\/\"},\"sameAs\":[\"https:\/\/www.facebook.com\/dicodusport\",\"https:\/\/x.com\/dicodusport\",\"https:\/\/www.instagram.com\/dicodusport\/\",\"https:\/\/www.youtube.com\/channel\/UC7V2KZ5sd3htJivAbA4ZG3w\"],\"description\":\"Dicodusport est l'encyclop\u00e9die de l'actualit\u00e9 sportive.\",\"email\":\"bonjour@dicodusport.fr\",\"legalName\":\"DICODUSPORT\",\"foundingDate\":\"2018-01-14\",\"vatID\":\"FR71834470973\",\"taxID\":\"83447097300043\",\"numberOfEmployees\":{\"@type\":\"QuantitativeValue\",\"minValue\":\"1\",\"maxValue\":\"10\"}},{\"@type\":\"Person\",\"@id\":\"https:\/\/dicodusport.fr\/blog\/#\/schema\/person\/cce96fa88785bd8573e3d43078ac8c79\",\"name\":\"Arlette Yeye\",\"image\":{\"@type\":\"ImageObject\",\"inLanguage\":\"fr-FR\",\"@id\":\"https:\/\/dicodusport.fr\/blog\/#\/schema\/person\/image\/\",\"url\":\"https:\/\/secure.gravatar.com\/avatar\/dca4a6239e6d708e46c45d60e160de6c?s=96&d=wp_user_avatar&r=g\",\"contentUrl\":\"https:\/\/secure.gravatar.com\/avatar\/dca4a6239e6d708e46c45d60e160de6c?s=96&d=wp_user_avatar&r=g\",\"caption\":\"Arlette Yeye\"},\"description\":\"Journaliste\/r\u00e9dactrice depuis septembre 2015 - Supportrice de Chelsea, j'ai pour sports de pr\u00e9dilection le handball, l'athl\u00e9tisme et le tennis. Si je tweete plus vite que mon ombre, vous pouvez aussi me retrouver les week-ends sur les playgrounds de Bruxelles pour un petit foot ou basket entre potes. Parcourir la France, l'Europe et plus si affinit\u00e9s pour suivre mes sportifs pr\u00e9f\u00e9r\u00e9s ? Mon kif ! Et c'est avec plaisir que je partage les r\u00e9sultats des sports populaires mais \u00e9galement plus confidentiels pour Dicodusport.\",\"sameAs\":[\"https:\/\/x.com\/https:\/\/twitter.com\/Shiclette94\"],\"url\":\"https:\/\/dicodusport.fr\/blog\/author\/arlette\/\"}]}<\/script>\n<!-- \/ Yoast SEO Premium plugin. -->","yoast_head_json":{"title":"Grand Slam d'Astana 2025 : Fa\u00efza Mokdar (-57 kg) se pare d'or !","description":"GRAND SLAM ASTANA - Pour cl\u00f4turer cette premi\u00e8re journ\u00e9e, Fa\u00efza Mokdar (-57 kg) a remport\u00e9 sa deuxi\u00e8me m\u00e9daille d'or en Grand Slam.","robots":{"index":"index","follow":"follow","max-snippet":"max-snippet:-1","max-image-preview":"max-image-preview:large","max-video-preview":"max-video-preview:-1"},"canonical":"https:\/\/dicodusport.fr\/blog\/grand-slam-dastana-2025-faiza-mokdar-57-kg-se-pare-dor\/","og_locale":"fr_FR","og_type":"article","og_title":"Grand Slam d'Astana 2025 : Fa\u00efza Mokdar (-57 kg) se pare d'or !","og_description":"GRAND SLAM ASTANA - Pour cl\u00f4turer cette premi\u00e8re journ\u00e9e, Fa\u00efza Mokdar (-57 kg) a remport\u00e9 sa deuxi\u00e8me m\u00e9daille d'or en Grand Slam.","og_url":"https:\/\/dicodusport.fr\/blog\/grand-slam-dastana-2025-faiza-mokdar-57-kg-se-pare-dor\/","og_site_name":"Dicodusport","article_publisher":"https:\/\/www.facebook.com\/dicodusport","article_published_time":"2025-05-09T14:29:28+00:00","article_modified_time":"2025-05-09T17:10:30+00:00","og_image":[{"width":1200,"height":674,"url":"https:\/\/dicodusport.fr\/blog\/wp-content\/uploads\/2025\/05\/Grand-Slam-dAstana-2025-Faiza-Mokdar-57-kg-se-pare-dor.png","type":"image\/png"}],"author":"Arlette Yeye","twitter_card":"summary_large_image","twitter_creator":"@https:\/\/twitter.com\/Shiclette94","twitter_site":"@dicodusport","schema":{"@context":"https:\/\/schema.org","@graph":[{"@type":"NewsArticle","@id":"https:\/\/dicodusport.fr\/blog\/grand-slam-dastana-2025-faiza-mokdar-57-kg-se-pare-dor\/#article","isPartOf":{"@id":"https:\/\/dicodusport.fr\/blog\/grand-slam-dastana-2025-faiza-mokdar-57-kg-se-pare-dor\/"},"author":{"name":"Arlette Yeye","@id":"https:\/\/dicodusport.fr\/blog\/#\/schema\/person\/cce96fa88785bd8573e3d43078ac8c79"},"headline":"Grand Slam d&rsquo;Astana 2025 : Fa\u00efza Mokdar (-57 kg) se pare d&rsquo;or !","datePublished":"2025-05-09T14:29:28+00:00","dateModified":"2025-05-09T17:10:30+00:00","mainEntityOfPage":{"@id":"https:\/\/dicodusport.fr\/blog\/grand-slam-dastana-2025-faiza-mokdar-57-kg-se-pare-dor\/"},"wordCount":298,"commentCount":0,"publisher":{"@id":"https:\/\/dicodusport.fr\/blog\/#organization"},"image":{"@id":"https:\/\/dicodusport.fr\/blog\/grand-slam-dastana-2025-faiza-mokdar-57-kg-se-pare-dor\/#primaryimage"},"thumbnailUrl":"https:\/\/dicodusport.fr\/blog\/wp-content\/uploads\/2025\/05\/Grand-Slam-dAstana-2025-Faiza-Mokdar-57-kg-se-pare-dor.png","keywords":["actu","br\u00e8ve","Fa\u00efza Mokdar","Judo","sport"],"articleSection":["Judo"],"inLanguage":"fr-FR","potentialAction":[{"@type":"CommentAction","name":"Comment","target":["https:\/\/dicodusport.fr\/blog\/grand-slam-dastana-2025-faiza-mokdar-57-kg-se-pare-dor\/#respond"]}],"copyrightYear":"2025","copyrightHolder":{"@id":"https:\/\/dicodusport.fr\/blog\/#organization"}},{"@type":"WebPage","@id":"https:\/\/dicodusport.fr\/blog\/grand-slam-dastana-2025-faiza-mokdar-57-kg-se-pare-dor\/","url":"https:\/\/dicodusport.fr\/blog\/grand-slam-dastana-2025-faiza-mokdar-57-kg-se-pare-dor\/","name":"Grand Slam d'Astana 2025 : Fa\u00efza Mokdar (-57 kg) se pare d'or !","isPartOf":{"@id":"https:\/\/dicodusport.fr\/blog\/#website"},"primaryImageOfPage":{"@id":"https:\/\/dicodusport.fr\/blog\/grand-slam-dastana-2025-faiza-mokdar-57-kg-se-pare-dor\/#primaryimage"},"image":{"@id":"https:\/\/dicodusport.fr\/blog\/grand-slam-dastana-2025-faiza-mokdar-57-kg-se-pare-dor\/#primaryimage"},"thumbnailUrl":"https:\/\/dicodusport.fr\/blog\/wp-content\/uploads\/2025\/05\/Grand-Slam-dAstana-2025-Faiza-Mokdar-57-kg-se-pare-dor.png","datePublished":"2025-05-09T14:29:28+00:00","dateModified":"2025-05-09T17:10:30+00:00","description":"GRAND SLAM ASTANA - Pour cl\u00f4turer cette premi\u00e8re journ\u00e9e, Fa\u00efza Mokdar (-57 kg) a remport\u00e9 sa deuxi\u00e8me m\u00e9daille d'or en Grand Slam.","breadcrumb":{"@id":"https:\/\/dicodusport.fr\/blog\/grand-slam-dastana-2025-faiza-mokdar-57-kg-se-pare-dor\/#breadcrumb"},"inLanguage":"fr-FR","potentialAction":[{"@type":"ReadAction","target":["https:\/\/dicodusport.fr\/blog\/grand-slam-dastana-2025-faiza-mokdar-57-kg-se-pare-dor\/"]}]},{"@type":"ImageObject","inLanguage":"fr-FR","@id":"https:\/\/dicodusport.fr\/blog\/grand-slam-dastana-2025-faiza-mokdar-57-kg-se-pare-dor\/#primaryimage","url":"https:\/\/dicodusport.fr\/blog\/wp-content\/uploads\/2025\/05\/Grand-Slam-dAstana-2025-Faiza-Mokdar-57-kg-se-pare-dor.png","contentUrl":"https:\/\/dicodusport.fr\/blog\/wp-content\/uploads\/2025\/05\/Grand-Slam-dAstana-2025-Faiza-Mokdar-57-kg-se-pare-dor.png","width":1200,"height":674,"caption":"Grand Slam d'Astana 2025 Fa\u00efza Mokdar (-57 kg) se pare d'or"},{"@type":"BreadcrumbList","@id":"https:\/\/dicodusport.fr\/blog\/grand-slam-dastana-2025-faiza-mokdar-57-kg-se-pare-dor\/#breadcrumb","itemListElement":[{"@type":"ListItem","position":1,"name":"Accueil","item":"https:\/\/dicodusport.fr\/blog\/"},{"@type":"ListItem","position":2,"name":"Grand Slam d&rsquo;Astana 2025 : Fa\u00efza Mokdar (-57 kg) se pare d&rsquo;or !"}]},{"@type":"WebSite","@id":"https:\/\/dicodusport.fr\/blog\/#website","url":"https:\/\/dicodusport.fr\/blog\/","name":"Dicodusport","description":"L&#039;encyclop\u00e9die de l&#039;actualit\u00e9 sportive","publisher":{"@id":"https:\/\/dicodusport.fr\/blog\/#organization"},"potentialAction":[{"@type":"SearchAction","target":{"@type":"EntryPoint","urlTemplate":"https:\/\/dicodusport.fr\/blog\/?s={search_term_string}"},"query-input":{"@type":"PropertyValueSpecification","valueRequired":true,"valueName":"search_term_string"}}],"inLanguage":"fr-FR"},{"@type":"NewsMediaOrganization","@id":"https:\/\/dicodusport.fr\/blog\/#organization","name":"Dicodusport","url":"https:\/\/dicodusport.fr\/blog\/","logo":{"@type":"ImageObject","inLanguage":"fr-FR","@id":"https:\/\/dicodusport.fr\/blog\/#\/schema\/logo\/image\/","url":"https:\/\/dicodusport.fr\/blog\/wp-content\/uploads\/2020\/06\/cropped-LOGO-DICODUSPORT-2020-SANS-FOND-SANS-TEXTE.png","contentUrl":"https:\/\/dicodusport.fr\/blog\/wp-content\/uploads\/2020\/06\/cropped-LOGO-DICODUSPORT-2020-SANS-FOND-SANS-TEXTE.png","width":512,"height":512,"caption":"Dicodusport"},"image":{"@id":"https:\/\/dicodusport.fr\/blog\/#\/schema\/logo\/image\/"},"sameAs":["https:\/\/www.facebook.com\/dicodusport","https:\/\/x.com\/dicodusport","https:\/\/www.instagram.com\/dicodusport\/","https:\/\/www.youtube.com\/channel\/UC7V2KZ5sd3htJivAbA4ZG3w"],"description":"Dicodusport est l'encyclop\u00e9die de l'actualit\u00e9 sportive.","email":"bonjour@dicodusport.fr","legalName":"DICODUSPORT","foundingDate":"2018-01-14","vatID":"FR71834470973","taxID":"83447097300043","numberOfEmployees":{"@type":"QuantitativeValue","minValue":"1","maxValue":"10"}},{"@type":"Person","@id":"https:\/\/dicodusport.fr\/blog\/#\/schema\/person\/cce96fa88785bd8573e3d43078ac8c79","name":"Arlette Yeye","image":{"@type":"ImageObject","inLanguage":"fr-FR","@id":"https:\/\/dicodusport.fr\/blog\/#\/schema\/person\/image\/","url":"https:\/\/secure.gravatar.com\/avatar\/dca4a6239e6d708e46c45d60e160de6c?s=96&d=wp_user_avatar&r=g","contentUrl":"https:\/\/secure.gravatar.com\/avatar\/dca4a6239e6d708e46c45d60e160de6c?s=96&d=wp_user_avatar&r=g","caption":"Arlette Yeye"},"description":"Journaliste\/r\u00e9dactrice depuis septembre 2015 - Supportrice de Chelsea, j'ai pour sports de pr\u00e9dilection le handball, l'athl\u00e9tisme et le tennis. Si je tweete plus vite que mon ombre, vous pouvez aussi me retrouver les week-ends sur les playgrounds de Bruxelles pour un petit foot ou basket entre potes. Parcourir la France, l'Europe et plus si affinit\u00e9s pour suivre mes sportifs pr\u00e9f\u00e9r\u00e9s ? Mon kif ! Et c'est avec plaisir que je partage les r\u00e9sultats des sports populaires mais \u00e9galement plus confidentiels pour Dicodusport.","sameAs":["https:\/\/x.com\/https:\/\/twitter.com\/Shiclette94"],"url":"https:\/\/dicodusport.fr\/blog\/author\/arlette\/"}]}},"_links":{"self":[{"href":"https:\/\/dicodusport.fr\/blog\/wp-json\/wp\/v2\/posts\/577681","targetHints":{"allow":["GET"]}}],"collection":[{"href":"https:\/\/dicodusport.fr\/blog\/wp-json\/wp\/v2\/posts"}],"about":[{"href":"https:\/\/dicodusport.fr\/blog\/wp-json\/wp\/v2\/types\/post"}],"author":[{"embeddable":true,"href":"https:\/\/dicodusport.fr\/blog\/wp-json\/wp\/v2\/users\/12"}],"replies":[{"embeddable":true,"href":"https:\/\/dicodusport.fr\/blog\/wp-json\/wp\/v2\/comments?post=577681"}],"version-history":[{"count":5,"href":"https:\/\/dicodusport.fr\/blog\/wp-json\/wp\/v2\/posts\/577681\/revisions"}],"predecessor-version":[{"id":577702,"href":"https:\/\/dicodusport.fr\/blog\/wp-json\/wp\/v2\/posts\/577681\/revisions\/577702"}],"wp:featuredmedia":[{"embeddable":true,"href":"https:\/\/dicodusport.fr\/blog\/wp-json\/wp\/v2\/media\/577763"}],"wp:attachment":[{"href":"https:\/\/dicodusport.fr\/blog\/wp-json\/wp\/v2\/media?parent=577681"}],"wp:term":[{"taxonomy":"category","embeddable":true,"href":"https:\/\/dicodusport.fr\/blog\/wp-json\/wp\/v2\/categories?post=577681"},{"taxonomy":"post_tag","embeddable":true,"href":"https:\/\/dicodusport.fr\/blog\/wp-json\/wp\/v2\/tags?post=577681"}],"curies":[{"name":"wp","href":"https:\/\/api.w.org\/{rel}","templated":true}]}}