{"id":577883,"date":"2025-05-10T13:07:38","date_gmt":"2025-05-10T11:07:38","guid":{"rendered":"https:\/\/dicodusport.fr\/blog\/?p=577883&#038;preview=true&#038;preview_id=577883"},"modified":"2025-05-10T23:40:28","modified_gmt":"2025-05-10T21:40:28","slug":"championnats-deurope-de-karate-2025-mehdi-filali-remporte-son-deuxieme-titre-europeen","status":"publish","type":"post","link":"https:\/\/dicodusport.fr\/blog\/championnats-deurope-de-karate-2025-mehdi-filali-remporte-son-deuxieme-titre-europeen\/","title":{"rendered":"Championnats d&rsquo;Europe de Karat\u00e9 2025 : Mehdi Filali remporte son deuxi\u00e8me titre europ\u00e9en"},"content":{"rendered":"<h4 style=\"text-align: justify;\"><em>CHAMPIONNATS D&rsquo;EUROPE DE KARAT\u00c9 2025 \u2013 Deux ans apr\u00e8s son premier titre europ\u00e9en, Mehdi Filali a doubl\u00e9 la mise \u00e0 Erevan ce samedi. Pour cela, le Fran\u00e7ais s&rsquo;est d\u00e9fait en finale du Croate Andjelo Kvesic.<\/em><\/h4>\n<ul style=\"text-align: justify;\">\n<li style=\"text-align: justify;\"><strong>\u00c0 ce sujet &#8211; <a href=\"https:\/\/dicodusport.fr\/blog\/actualites\/sports-de-combat\/karate\/\">Toute l&rsquo;actualit\u00e9 du karat\u00e9<\/a><\/strong><\/li>\n<\/ul>\n<p style=\"text-align: justify;\">La journ\u00e9e a d\u00e9but\u00e9 en fanfare pour l&rsquo;\u00e9quipe de France, \u00e0 <strong>Erevan<\/strong> ! Au lendemain des <a href=\"https:\/\/dicodusport.fr\/blog\/championnats-deurope-de-karate-2025-virginie-boyer-et-jordan-fonteney-ouvrent-le-compteur-tricolore\/\">deux premi\u00e8res m\u00e9dailles de bronze obtenues par Virginie Boyer Jordan Fonteney<\/a>, les Bleus disposent ce samedi de nombreuses chances de m\u00e9dailles. Des chances qui se sont rapidement converties puisque <strong>Mehdi Filali<\/strong> a tout simplement accroch\u00e9 le titre europ\u00e9en.<\/p>\n<h2>Mehdi Filali double la mise<\/h2>\n<p style=\"text-align: justify;\">En combat (kumit\u00e9 +84kg), le fer de lance des Bleus sur ces championnats avait une revanche \u00e0 prendre. <a href=\"https:\/\/dicodusport.fr\/blog\/championnats-deurope-de-karate-2023-mehdi-filali-et-steven-da-costa-titres\/\">D\u00e9j\u00e0 sacr\u00e9 en 2023<\/a>, il avait d\u00fb se contenter de la m\u00e9daille de bronze l&rsquo;ann\u00e9e derni\u00e8re. Avec l&rsquo;or en seul objectif, le Marseillais n&rsquo;a pas trembl\u00e9 pour retranscrire ses ambitions. Auteur de trois premiers combats solides o\u00f9 il n&rsquo;a pas r\u00e9ellement \u00e9t\u00e9 mis en danger, il a ensuite remport\u00e9 sur le plus petit des scores une guerre des nerfs face au Bosnien <strong>Anes Bostandzic<\/strong> en demi-finale.<\/p>\n<ul style=\"text-align: justify;\">\n<li><strong>\u00c0 lire aussi &#8211; <a href=\"https:\/\/dicodusport.fr\/blog\/palmares-complet-championnats-deurope-de-karate-et-para-karate-2025\/\">Palmar\u00e8s complet Championnats d\u2019Europe de karat\u00e9 et para karat\u00e9 2025<\/a><\/strong><\/li>\n<\/ul>\n<p style=\"text-align: justify;\">Ce samedi, il a boucl\u00e9 son tournoi en beaut\u00e9 en remportant la finale sur un nouveau score \u00e9triqu\u00e9 (2-1) contre le Croate <strong>Andjelo Kvesic<\/strong>. Intouchable, <strong>Mehdi Filali <\/strong>continue d&rsquo;agrandir un palmar\u00e8s gigantesque contentant d\u00e9sormais deux titres continentaux, et un mondial (2023).<\/p>\n<blockquote class=\"twitter-tweet\">\n<p dir=\"ltr\" lang=\"fr\">\ud835\udde0\ud835\uddd8\ud835\udddb\ud835\uddd7\ud835\udddc \ud835\uddd9\ud835\udddc\ud835\udddf\ud835\uddd4\ud835\udddf\ud835\udddc EST DOUBLE CHAMPION D&rsquo;EUROPE \ud83e\udd47\ud83e\udd47<\/p>\n<p>Face au croate Andjelo Kvesic en finale, notre Fran\u00e7ais l&#8217;emporte 2-1 et remonte \u00e0 nouveau sur le toit de l&rsquo;Europe \ud83c\uddea\ud83c\uddfa\ud83d\udd25<\/p>\n<p>BRAV(OR) MEHDI \ud83d\udca5 <a href=\"https:\/\/t.co\/RN3pSDajLf\">pic.twitter.com\/RN3pSDajLf<\/a><\/p>\n<p>\u2014 FFKarat\u00e9 (@ffkarate) <a href=\"https:\/\/twitter.com\/ffkarate\/status\/1921110758802284823?ref_src=twsrc%5Etfw\">May 10, 2025<\/a><\/p><\/blockquote>\n<p><script async src=\"https:\/\/platform.twitter.com\/widgets.js\" charset=\"utf-8\"><\/script><\/p>\n<h3 style=\"text-align: justify;\">Le palmar\u00e8s des Bleus aux championnats d&rsquo;Europe 2025 d&rsquo;Erevan<\/h3>\n<p style=\"text-align: justify;\"><strong>Or (1) :<\/strong> Mehdi FILALI (Kumit\u00e9 +84kg)<\/p>\n<p style=\"text-align: justify;\"><strong>Argent (0) :<\/strong> _<\/p>\n<p style=\"text-align: justify;\"><strong>Bronze (2) :<\/strong> Virginie BOYER (Kata fauteuil) \/ Jordan FONTENEY (kata d\u00e9ficience intellectuelle)<\/p>\n","protected":false},"excerpt":{"rendered":"<p>CHAMPIONNATS D&rsquo;EUROPE DE KARAT\u00c9 2025 \u2013 Deux ans apr\u00e8s son premier titre europ\u00e9en, Mehdi Filali a doubl\u00e9 la mise \u00e0 Erevan ce samedi. Pour cela, le Fran\u00e7ais s&rsquo;est d\u00e9fait en finale du Croate Andjelo Kvesic.<\/p>\n","protected":false},"author":55,"featured_media":578147,"comment_status":"open","ping_status":"closed","sticky":false,"template":"","format":"standard","meta":{"_acf_changed":false,"_daextam_enable_autolinks":"1","footnotes":""},"categories":[9969],"tags":[16878,537,30605],"class_list":["post-577883","post","type-post","status-publish","format-standard","has-post-thumbnail","hentry","category-karate","tag-breve","tag-karate","tag-mehdi-filali"],"acf":[],"yoast_head":"<!-- This site is optimized with the Yoast SEO Premium plugin v26.7 (Yoast SEO v26.7) - https:\/\/yoast.com\/wordpress\/plugins\/seo\/ -->\n<title>Championnats d&#039;Europe de Karat\u00e9 2025 : Mehdi Filali remporte son deuxi\u00e8me titre europ\u00e9en<\/title>\n<meta name=\"description\" content=\"CHAMPIONNATS D&#039;EUROPE DE KARAT\u00c9 2025 \u2013 Deux ans apr\u00e8s son premier titre europ\u00e9en, Mehdi Filali a doubl\u00e9 la mise \u00e0 Erevan ce samedi.\" \/>\n<meta name=\"robots\" content=\"index, follow, max-snippet:-1, max-image-preview:large, max-video-preview:-1\" \/>\n<link rel=\"canonical\" href=\"https:\/\/dicodusport.fr\/blog\/championnats-deurope-de-karate-2025-mehdi-filali-remporte-son-deuxieme-titre-europeen\/\" \/>\n<meta property=\"og:locale\" content=\"fr_FR\" \/>\n<meta property=\"og:type\" content=\"article\" \/>\n<meta property=\"og:title\" content=\"Championnats d&#039;Europe de Karat\u00e9 2025 : Mehdi Filali remporte son deuxi\u00e8me titre europ\u00e9en\" \/>\n<meta property=\"og:description\" content=\"CHAMPIONNATS D&#039;EUROPE DE KARAT\u00c9 2025 \u2013 Deux ans apr\u00e8s son premier titre europ\u00e9en, Mehdi Filali a doubl\u00e9 la mise \u00e0 Erevan ce samedi.\" \/>\n<meta property=\"og:url\" content=\"https:\/\/dicodusport.fr\/blog\/championnats-deurope-de-karate-2025-mehdi-filali-remporte-son-deuxieme-titre-europeen\/\" \/>\n<meta property=\"og:site_name\" content=\"Dicodusport\" \/>\n<meta property=\"article:publisher\" content=\"https:\/\/www.facebook.com\/dicodusport\" \/>\n<meta property=\"article:published_time\" content=\"2025-05-10T11:07:38+00:00\" \/>\n<meta property=\"article:modified_time\" content=\"2025-05-10T21:40:28+00:00\" \/>\n<meta property=\"og:image\" content=\"https:\/\/dicodusport.fr\/blog\/wp-content\/uploads\/2025\/05\/Championnats-dEurope-de-Karate-2025-Mehdi-Filali-remporte-son-deuxieme-titre-europeen-1.png\" \/>\n\t<meta property=\"og:image:width\" content=\"1200\" \/>\n\t<meta property=\"og:image:height\" content=\"674\" \/>\n\t<meta property=\"og:image:type\" content=\"image\/png\" \/>\n<meta name=\"author\" content=\"Maxime Cazenave\" \/>\n<meta name=\"twitter:card\" content=\"summary_large_image\" \/>\n<meta name=\"twitter:title\" content=\"Championnats d&#039;Europe de Karat\u00e9 2025 : Mehdi Filali remporte son deuxi\u00e8me titre europ\u00e9en\" \/>\n<meta name=\"twitter:creator\" content=\"@https:\/\/twitter.com\/Maxime_Caze\" \/>\n<meta name=\"twitter:site\" content=\"@dicodusport\" \/>\n<script type=\"application\/ld+json\" class=\"yoast-schema-graph\">{\"@context\":\"https:\/\/schema.org\",\"@graph\":[{\"@type\":\"NewsArticle\",\"@id\":\"https:\/\/dicodusport.fr\/blog\/championnats-deurope-de-karate-2025-mehdi-filali-remporte-son-deuxieme-titre-europeen\/#article\",\"isPartOf\":{\"@id\":\"https:\/\/dicodusport.fr\/blog\/championnats-deurope-de-karate-2025-mehdi-filali-remporte-son-deuxieme-titre-europeen\/\"},\"author\":{\"name\":\"Maxime Cazenave\",\"@id\":\"https:\/\/dicodusport.fr\/blog\/#\/schema\/person\/37def232098a7a5cbab3974a3690abb0\"},\"headline\":\"Championnats d&rsquo;Europe de Karat\u00e9 2025 : Mehdi Filali remporte son deuxi\u00e8me titre europ\u00e9en\",\"datePublished\":\"2025-05-10T11:07:38+00:00\",\"dateModified\":\"2025-05-10T21:40:28+00:00\",\"mainEntityOfPage\":{\"@id\":\"https:\/\/dicodusport.fr\/blog\/championnats-deurope-de-karate-2025-mehdi-filali-remporte-son-deuxieme-titre-europeen\/\"},\"wordCount\":338,\"commentCount\":0,\"publisher\":{\"@id\":\"https:\/\/dicodusport.fr\/blog\/#organization\"},\"image\":{\"@id\":\"https:\/\/dicodusport.fr\/blog\/championnats-deurope-de-karate-2025-mehdi-filali-remporte-son-deuxieme-titre-europeen\/#primaryimage\"},\"thumbnailUrl\":\"https:\/\/dicodusport.fr\/blog\/wp-content\/uploads\/2025\/05\/Championnats-dEurope-de-Karate-2025-Mehdi-Filali-remporte-son-deuxieme-titre-europeen-1.png\",\"keywords\":[\"br\u00e8ve\",\"Karat\u00e9\",\"Mehdi Filali\"],\"articleSection\":[\"Karat\u00e9\"],\"inLanguage\":\"fr-FR\",\"potentialAction\":[{\"@type\":\"CommentAction\",\"name\":\"Comment\",\"target\":[\"https:\/\/dicodusport.fr\/blog\/championnats-deurope-de-karate-2025-mehdi-filali-remporte-son-deuxieme-titre-europeen\/#respond\"]}],\"copyrightYear\":\"2025\",\"copyrightHolder\":{\"@id\":\"https:\/\/dicodusport.fr\/blog\/#organization\"}},{\"@type\":\"WebPage\",\"@id\":\"https:\/\/dicodusport.fr\/blog\/championnats-deurope-de-karate-2025-mehdi-filali-remporte-son-deuxieme-titre-europeen\/\",\"url\":\"https:\/\/dicodusport.fr\/blog\/championnats-deurope-de-karate-2025-mehdi-filali-remporte-son-deuxieme-titre-europeen\/\",\"name\":\"Championnats d'Europe de Karat\u00e9 2025 : Mehdi Filali remporte son deuxi\u00e8me titre europ\u00e9en\",\"isPartOf\":{\"@id\":\"https:\/\/dicodusport.fr\/blog\/#website\"},\"primaryImageOfPage\":{\"@id\":\"https:\/\/dicodusport.fr\/blog\/championnats-deurope-de-karate-2025-mehdi-filali-remporte-son-deuxieme-titre-europeen\/#primaryimage\"},\"image\":{\"@id\":\"https:\/\/dicodusport.fr\/blog\/championnats-deurope-de-karate-2025-mehdi-filali-remporte-son-deuxieme-titre-europeen\/#primaryimage\"},\"thumbnailUrl\":\"https:\/\/dicodusport.fr\/blog\/wp-content\/uploads\/2025\/05\/Championnats-dEurope-de-Karate-2025-Mehdi-Filali-remporte-son-deuxieme-titre-europeen-1.png\",\"datePublished\":\"2025-05-10T11:07:38+00:00\",\"dateModified\":\"2025-05-10T21:40:28+00:00\",\"description\":\"CHAMPIONNATS D'EUROPE DE KARAT\u00c9 2025 \u2013 Deux ans apr\u00e8s son premier titre europ\u00e9en, Mehdi Filali a doubl\u00e9 la mise \u00e0 Erevan ce samedi.\",\"breadcrumb\":{\"@id\":\"https:\/\/dicodusport.fr\/blog\/championnats-deurope-de-karate-2025-mehdi-filali-remporte-son-deuxieme-titre-europeen\/#breadcrumb\"},\"inLanguage\":\"fr-FR\",\"potentialAction\":[{\"@type\":\"ReadAction\",\"target\":[\"https:\/\/dicodusport.fr\/blog\/championnats-deurope-de-karate-2025-mehdi-filali-remporte-son-deuxieme-titre-europeen\/\"]}]},{\"@type\":\"ImageObject\",\"inLanguage\":\"fr-FR\",\"@id\":\"https:\/\/dicodusport.fr\/blog\/championnats-deurope-de-karate-2025-mehdi-filali-remporte-son-deuxieme-titre-europeen\/#primaryimage\",\"url\":\"https:\/\/dicodusport.fr\/blog\/wp-content\/uploads\/2025\/05\/Championnats-dEurope-de-Karate-2025-Mehdi-Filali-remporte-son-deuxieme-titre-europeen-1.png\",\"contentUrl\":\"https:\/\/dicodusport.fr\/blog\/wp-content\/uploads\/2025\/05\/Championnats-dEurope-de-Karate-2025-Mehdi-Filali-remporte-son-deuxieme-titre-europeen-1.png\",\"width\":1200,\"height\":674,\"caption\":\"Championnats d'Europe de Karat\u00e9 2025 Mehdi Filali remporte son deuxi\u00e8me titre europ\u00e9en\"},{\"@type\":\"BreadcrumbList\",\"@id\":\"https:\/\/dicodusport.fr\/blog\/championnats-deurope-de-karate-2025-mehdi-filali-remporte-son-deuxieme-titre-europeen\/#breadcrumb\",\"itemListElement\":[{\"@type\":\"ListItem\",\"position\":1,\"name\":\"Accueil\",\"item\":\"https:\/\/dicodusport.fr\/blog\/\"},{\"@type\":\"ListItem\",\"position\":2,\"name\":\"Championnats d&rsquo;Europe de Karat\u00e9 2025 : Mehdi Filali remporte son deuxi\u00e8me titre europ\u00e9en\"}]},{\"@type\":\"WebSite\",\"@id\":\"https:\/\/dicodusport.fr\/blog\/#website\",\"url\":\"https:\/\/dicodusport.fr\/blog\/\",\"name\":\"Dicodusport\",\"description\":\"L&#039;encyclop\u00e9die de l&#039;actualit\u00e9 sportive\",\"publisher\":{\"@id\":\"https:\/\/dicodusport.fr\/blog\/#organization\"},\"potentialAction\":[{\"@type\":\"SearchAction\",\"target\":{\"@type\":\"EntryPoint\",\"urlTemplate\":\"https:\/\/dicodusport.fr\/blog\/?s={search_term_string}\"},\"query-input\":{\"@type\":\"PropertyValueSpecification\",\"valueRequired\":true,\"valueName\":\"search_term_string\"}}],\"inLanguage\":\"fr-FR\"},{\"@type\":\"NewsMediaOrganization\",\"@id\":\"https:\/\/dicodusport.fr\/blog\/#organization\",\"name\":\"Dicodusport\",\"url\":\"https:\/\/dicodusport.fr\/blog\/\",\"logo\":{\"@type\":\"ImageObject\",\"inLanguage\":\"fr-FR\",\"@id\":\"https:\/\/dicodusport.fr\/blog\/#\/schema\/logo\/image\/\",\"url\":\"https:\/\/dicodusport.fr\/blog\/wp-content\/uploads\/2020\/06\/cropped-LOGO-DICODUSPORT-2020-SANS-FOND-SANS-TEXTE.png\",\"contentUrl\":\"https:\/\/dicodusport.fr\/blog\/wp-content\/uploads\/2020\/06\/cropped-LOGO-DICODUSPORT-2020-SANS-FOND-SANS-TEXTE.png\",\"width\":512,\"height\":512,\"caption\":\"Dicodusport\"},\"image\":{\"@id\":\"https:\/\/dicodusport.fr\/blog\/#\/schema\/logo\/image\/\"},\"sameAs\":[\"https:\/\/www.facebook.com\/dicodusport\",\"https:\/\/x.com\/dicodusport\",\"https:\/\/www.instagram.com\/dicodusport\/\",\"https:\/\/www.youtube.com\/channel\/UC7V2KZ5sd3htJivAbA4ZG3w\"],\"description\":\"Dicodusport est l'encyclop\u00e9die de l'actualit\u00e9 sportive.\",\"email\":\"bonjour@dicodusport.fr\",\"legalName\":\"DICODUSPORT\",\"foundingDate\":\"2018-01-14\",\"vatID\":\"FR71834470973\",\"taxID\":\"83447097300043\",\"numberOfEmployees\":{\"@type\":\"QuantitativeValue\",\"minValue\":\"1\",\"maxValue\":\"10\"}},{\"@type\":\"Person\",\"@id\":\"https:\/\/dicodusport.fr\/blog\/#\/schema\/person\/37def232098a7a5cbab3974a3690abb0\",\"name\":\"Maxime Cazenave\",\"image\":{\"@type\":\"ImageObject\",\"inLanguage\":\"fr-FR\",\"@id\":\"https:\/\/dicodusport.fr\/blog\/#\/schema\/person\/image\/\",\"url\":\"https:\/\/dicodusport.fr\/blog\/wp-content\/uploads\/2021\/05\/Maxime-Cazenave-150x150.jpg\",\"contentUrl\":\"https:\/\/dicodusport.fr\/blog\/wp-content\/uploads\/2021\/05\/Maxime-Cazenave-150x150.jpg\",\"caption\":\"Maxime Cazenave\"},\"description\":\"Journaliste\/R\u00e9dacteur depuis 2012 - Berc\u00e9 par l\u2019amour des Girondins de Bordeaux, les \u00e9checs de Christophe Moreau sur le Tour de France sous l'\u00e8re Lance Armstrong et le fade-away l\u00e9tal de Dirk Nowitzki, ma passion d\u00e9vorante pour le sport a toujours \u00e9t\u00e9 un pan incontournable de ma vie. Transmettre ma passion \u00e0 l\u2019\u00e9crit a \u00e9t\u00e9 une transition naturelle. Suiveur assidu de basket et de hockey sur glace, je garde toujours un peu de place pour suivre le cyclisme, le football et le maximum de performances fran\u00e7aises.\",\"sameAs\":[\"https:\/\/x.com\/https:\/\/twitter.com\/Maxime_Caze\"],\"url\":\"https:\/\/dicodusport.fr\/blog\/author\/maximec\/\"}]}<\/script>\n<!-- \/ Yoast SEO Premium plugin. -->","yoast_head_json":{"title":"Championnats d'Europe de Karat\u00e9 2025 : Mehdi Filali remporte son deuxi\u00e8me titre europ\u00e9en","description":"CHAMPIONNATS D'EUROPE DE KARAT\u00c9 2025 \u2013 Deux ans apr\u00e8s son premier titre europ\u00e9en, Mehdi Filali a doubl\u00e9 la mise \u00e0 Erevan ce samedi.","robots":{"index":"index","follow":"follow","max-snippet":"max-snippet:-1","max-image-preview":"max-image-preview:large","max-video-preview":"max-video-preview:-1"},"canonical":"https:\/\/dicodusport.fr\/blog\/championnats-deurope-de-karate-2025-mehdi-filali-remporte-son-deuxieme-titre-europeen\/","og_locale":"fr_FR","og_type":"article","og_title":"Championnats d'Europe de Karat\u00e9 2025 : Mehdi Filali remporte son deuxi\u00e8me titre europ\u00e9en","og_description":"CHAMPIONNATS D'EUROPE DE KARAT\u00c9 2025 \u2013 Deux ans apr\u00e8s son premier titre europ\u00e9en, Mehdi Filali a doubl\u00e9 la mise \u00e0 Erevan ce samedi.","og_url":"https:\/\/dicodusport.fr\/blog\/championnats-deurope-de-karate-2025-mehdi-filali-remporte-son-deuxieme-titre-europeen\/","og_site_name":"Dicodusport","article_publisher":"https:\/\/www.facebook.com\/dicodusport","article_published_time":"2025-05-10T11:07:38+00:00","article_modified_time":"2025-05-10T21:40:28+00:00","og_image":[{"width":1200,"height":674,"url":"https:\/\/dicodusport.fr\/blog\/wp-content\/uploads\/2025\/05\/Championnats-dEurope-de-Karate-2025-Mehdi-Filali-remporte-son-deuxieme-titre-europeen-1.png","type":"image\/png"}],"author":"Maxime Cazenave","twitter_card":"summary_large_image","twitter_title":"Championnats d'Europe de Karat\u00e9 2025 : Mehdi Filali remporte son deuxi\u00e8me titre europ\u00e9en","twitter_creator":"@https:\/\/twitter.com\/Maxime_Caze","twitter_site":"@dicodusport","schema":{"@context":"https:\/\/schema.org","@graph":[{"@type":"NewsArticle","@id":"https:\/\/dicodusport.fr\/blog\/championnats-deurope-de-karate-2025-mehdi-filali-remporte-son-deuxieme-titre-europeen\/#article","isPartOf":{"@id":"https:\/\/dicodusport.fr\/blog\/championnats-deurope-de-karate-2025-mehdi-filali-remporte-son-deuxieme-titre-europeen\/"},"author":{"name":"Maxime Cazenave","@id":"https:\/\/dicodusport.fr\/blog\/#\/schema\/person\/37def232098a7a5cbab3974a3690abb0"},"headline":"Championnats d&rsquo;Europe de Karat\u00e9 2025 : Mehdi Filali remporte son deuxi\u00e8me titre europ\u00e9en","datePublished":"2025-05-10T11:07:38+00:00","dateModified":"2025-05-10T21:40:28+00:00","mainEntityOfPage":{"@id":"https:\/\/dicodusport.fr\/blog\/championnats-deurope-de-karate-2025-mehdi-filali-remporte-son-deuxieme-titre-europeen\/"},"wordCount":338,"commentCount":0,"publisher":{"@id":"https:\/\/dicodusport.fr\/blog\/#organization"},"image":{"@id":"https:\/\/dicodusport.fr\/blog\/championnats-deurope-de-karate-2025-mehdi-filali-remporte-son-deuxieme-titre-europeen\/#primaryimage"},"thumbnailUrl":"https:\/\/dicodusport.fr\/blog\/wp-content\/uploads\/2025\/05\/Championnats-dEurope-de-Karate-2025-Mehdi-Filali-remporte-son-deuxieme-titre-europeen-1.png","keywords":["br\u00e8ve","Karat\u00e9","Mehdi Filali"],"articleSection":["Karat\u00e9"],"inLanguage":"fr-FR","potentialAction":[{"@type":"CommentAction","name":"Comment","target":["https:\/\/dicodusport.fr\/blog\/championnats-deurope-de-karate-2025-mehdi-filali-remporte-son-deuxieme-titre-europeen\/#respond"]}],"copyrightYear":"2025","copyrightHolder":{"@id":"https:\/\/dicodusport.fr\/blog\/#organization"}},{"@type":"WebPage","@id":"https:\/\/dicodusport.fr\/blog\/championnats-deurope-de-karate-2025-mehdi-filali-remporte-son-deuxieme-titre-europeen\/","url":"https:\/\/dicodusport.fr\/blog\/championnats-deurope-de-karate-2025-mehdi-filali-remporte-son-deuxieme-titre-europeen\/","name":"Championnats d'Europe de Karat\u00e9 2025 : Mehdi Filali remporte son deuxi\u00e8me titre europ\u00e9en","isPartOf":{"@id":"https:\/\/dicodusport.fr\/blog\/#website"},"primaryImageOfPage":{"@id":"https:\/\/dicodusport.fr\/blog\/championnats-deurope-de-karate-2025-mehdi-filali-remporte-son-deuxieme-titre-europeen\/#primaryimage"},"image":{"@id":"https:\/\/dicodusport.fr\/blog\/championnats-deurope-de-karate-2025-mehdi-filali-remporte-son-deuxieme-titre-europeen\/#primaryimage"},"thumbnailUrl":"https:\/\/dicodusport.fr\/blog\/wp-content\/uploads\/2025\/05\/Championnats-dEurope-de-Karate-2025-Mehdi-Filali-remporte-son-deuxieme-titre-europeen-1.png","datePublished":"2025-05-10T11:07:38+00:00","dateModified":"2025-05-10T21:40:28+00:00","description":"CHAMPIONNATS D'EUROPE DE KARAT\u00c9 2025 \u2013 Deux ans apr\u00e8s son premier titre europ\u00e9en, Mehdi Filali a doubl\u00e9 la mise \u00e0 Erevan ce samedi.","breadcrumb":{"@id":"https:\/\/dicodusport.fr\/blog\/championnats-deurope-de-karate-2025-mehdi-filali-remporte-son-deuxieme-titre-europeen\/#breadcrumb"},"inLanguage":"fr-FR","potentialAction":[{"@type":"ReadAction","target":["https:\/\/dicodusport.fr\/blog\/championnats-deurope-de-karate-2025-mehdi-filali-remporte-son-deuxieme-titre-europeen\/"]}]},{"@type":"ImageObject","inLanguage":"fr-FR","@id":"https:\/\/dicodusport.fr\/blog\/championnats-deurope-de-karate-2025-mehdi-filali-remporte-son-deuxieme-titre-europeen\/#primaryimage","url":"https:\/\/dicodusport.fr\/blog\/wp-content\/uploads\/2025\/05\/Championnats-dEurope-de-Karate-2025-Mehdi-Filali-remporte-son-deuxieme-titre-europeen-1.png","contentUrl":"https:\/\/dicodusport.fr\/blog\/wp-content\/uploads\/2025\/05\/Championnats-dEurope-de-Karate-2025-Mehdi-Filali-remporte-son-deuxieme-titre-europeen-1.png","width":1200,"height":674,"caption":"Championnats d'Europe de Karat\u00e9 2025 Mehdi Filali remporte son deuxi\u00e8me titre europ\u00e9en"},{"@type":"BreadcrumbList","@id":"https:\/\/dicodusport.fr\/blog\/championnats-deurope-de-karate-2025-mehdi-filali-remporte-son-deuxieme-titre-europeen\/#breadcrumb","itemListElement":[{"@type":"ListItem","position":1,"name":"Accueil","item":"https:\/\/dicodusport.fr\/blog\/"},{"@type":"ListItem","position":2,"name":"Championnats d&rsquo;Europe de Karat\u00e9 2025 : Mehdi Filali remporte son deuxi\u00e8me titre europ\u00e9en"}]},{"@type":"WebSite","@id":"https:\/\/dicodusport.fr\/blog\/#website","url":"https:\/\/dicodusport.fr\/blog\/","name":"Dicodusport","description":"L&#039;encyclop\u00e9die de l&#039;actualit\u00e9 sportive","publisher":{"@id":"https:\/\/dicodusport.fr\/blog\/#organization"},"potentialAction":[{"@type":"SearchAction","target":{"@type":"EntryPoint","urlTemplate":"https:\/\/dicodusport.fr\/blog\/?s={search_term_string}"},"query-input":{"@type":"PropertyValueSpecification","valueRequired":true,"valueName":"search_term_string"}}],"inLanguage":"fr-FR"},{"@type":"NewsMediaOrganization","@id":"https:\/\/dicodusport.fr\/blog\/#organization","name":"Dicodusport","url":"https:\/\/dicodusport.fr\/blog\/","logo":{"@type":"ImageObject","inLanguage":"fr-FR","@id":"https:\/\/dicodusport.fr\/blog\/#\/schema\/logo\/image\/","url":"https:\/\/dicodusport.fr\/blog\/wp-content\/uploads\/2020\/06\/cropped-LOGO-DICODUSPORT-2020-SANS-FOND-SANS-TEXTE.png","contentUrl":"https:\/\/dicodusport.fr\/blog\/wp-content\/uploads\/2020\/06\/cropped-LOGO-DICODUSPORT-2020-SANS-FOND-SANS-TEXTE.png","width":512,"height":512,"caption":"Dicodusport"},"image":{"@id":"https:\/\/dicodusport.fr\/blog\/#\/schema\/logo\/image\/"},"sameAs":["https:\/\/www.facebook.com\/dicodusport","https:\/\/x.com\/dicodusport","https:\/\/www.instagram.com\/dicodusport\/","https:\/\/www.youtube.com\/channel\/UC7V2KZ5sd3htJivAbA4ZG3w"],"description":"Dicodusport est l'encyclop\u00e9die de l'actualit\u00e9 sportive.","email":"bonjour@dicodusport.fr","legalName":"DICODUSPORT","foundingDate":"2018-01-14","vatID":"FR71834470973","taxID":"83447097300043","numberOfEmployees":{"@type":"QuantitativeValue","minValue":"1","maxValue":"10"}},{"@type":"Person","@id":"https:\/\/dicodusport.fr\/blog\/#\/schema\/person\/37def232098a7a5cbab3974a3690abb0","name":"Maxime Cazenave","image":{"@type":"ImageObject","inLanguage":"fr-FR","@id":"https:\/\/dicodusport.fr\/blog\/#\/schema\/person\/image\/","url":"https:\/\/dicodusport.fr\/blog\/wp-content\/uploads\/2021\/05\/Maxime-Cazenave-150x150.jpg","contentUrl":"https:\/\/dicodusport.fr\/blog\/wp-content\/uploads\/2021\/05\/Maxime-Cazenave-150x150.jpg","caption":"Maxime Cazenave"},"description":"Journaliste\/R\u00e9dacteur depuis 2012 - Berc\u00e9 par l\u2019amour des Girondins de Bordeaux, les \u00e9checs de Christophe Moreau sur le Tour de France sous l'\u00e8re Lance Armstrong et le fade-away l\u00e9tal de Dirk Nowitzki, ma passion d\u00e9vorante pour le sport a toujours \u00e9t\u00e9 un pan incontournable de ma vie. Transmettre ma passion \u00e0 l\u2019\u00e9crit a \u00e9t\u00e9 une transition naturelle. Suiveur assidu de basket et de hockey sur glace, je garde toujours un peu de place pour suivre le cyclisme, le football et le maximum de performances fran\u00e7aises.","sameAs":["https:\/\/x.com\/https:\/\/twitter.com\/Maxime_Caze"],"url":"https:\/\/dicodusport.fr\/blog\/author\/maximec\/"}]}},"_links":{"self":[{"href":"https:\/\/dicodusport.fr\/blog\/wp-json\/wp\/v2\/posts\/577883","targetHints":{"allow":["GET"]}}],"collection":[{"href":"https:\/\/dicodusport.fr\/blog\/wp-json\/wp\/v2\/posts"}],"about":[{"href":"https:\/\/dicodusport.fr\/blog\/wp-json\/wp\/v2\/types\/post"}],"author":[{"embeddable":true,"href":"https:\/\/dicodusport.fr\/blog\/wp-json\/wp\/v2\/users\/55"}],"replies":[{"embeddable":true,"href":"https:\/\/dicodusport.fr\/blog\/wp-json\/wp\/v2\/comments?post=577883"}],"version-history":[{"count":2,"href":"https:\/\/dicodusport.fr\/blog\/wp-json\/wp\/v2\/posts\/577883\/revisions"}],"predecessor-version":[{"id":578148,"href":"https:\/\/dicodusport.fr\/blog\/wp-json\/wp\/v2\/posts\/577883\/revisions\/578148"}],"wp:featuredmedia":[{"embeddable":true,"href":"https:\/\/dicodusport.fr\/blog\/wp-json\/wp\/v2\/media\/578147"}],"wp:attachment":[{"href":"https:\/\/dicodusport.fr\/blog\/wp-json\/wp\/v2\/media?parent=577883"}],"wp:term":[{"taxonomy":"category","embeddable":true,"href":"https:\/\/dicodusport.fr\/blog\/wp-json\/wp\/v2\/categories?post=577883"},{"taxonomy":"post_tag","embeddable":true,"href":"https:\/\/dicodusport.fr\/blog\/wp-json\/wp\/v2\/tags?post=577883"}],"curies":[{"name":"wp","href":"https:\/\/api.w.org\/{rel}","templated":true}]}}