{"id":577946,"date":"2025-05-10T16:13:14","date_gmt":"2025-05-10T14:13:14","guid":{"rendered":"https:\/\/dicodusport.fr\/blog\/?p=577946&#038;preview=true&#038;preview_id=577946"},"modified":"2025-05-10T16:47:25","modified_gmt":"2025-05-10T14:47:25","slug":"grand-prix-du-morbihan-2025-le-triple-pour-benoit-cosnefroy","status":"publish","type":"post","link":"https:\/\/dicodusport.fr\/blog\/grand-prix-du-morbihan-2025-le-triple-pour-benoit-cosnefroy\/","title":{"rendered":"Grand Prix du Morbihan 2025 : Le tripl\u00e9 pour Beno\u00eet Cosnefroy !"},"content":{"rendered":"<h4 style=\"text-align: justify;\"><em>GRAND PRIX DU MORBIHAN 2025 &#8211; Apr\u00e8s 2019 et 2024, Beno\u00eet Cosnefroy (Decathlon &#8211; AG2R La Mondiale) r\u00e9cidive sur la classique bretonne du Grand Prix du Morbihan et s&rsquo;offre un nouveau succ\u00e8s maitris\u00e9.\u00a0<\/em><\/h4>\n<ul>\n<li style=\"text-align: justify;\"><strong>\u00c0 ce sujet &#8211; <a href=\"https:\/\/dicodusport.fr\/blog\/grand-prix-du-morbihan-2025-classement-et-resultats\/\">Grand Prix du Morbihan 2025 \u2013 Classement et r\u00e9sultats<\/a><\/strong><\/li>\n<\/ul>\n<p style=\"text-align: justify;\">Facile comme Beno\u00eet. Le coureur normand, \u00e0 sa main, <a href=\"https:\/\/dicodusport.fr\/blog\/top-10-cyclistes-francais-en-activite-avec-le-plus-grand-nombre-de-victoires\/\">s&rsquo;offre un 21\u00e8me succ\u00e8s professionnel<\/a> aujourd&rsquo;hui sur une arriv\u00e9e qui lui va comme un gant. Le coureur de Decathlon &#8211; AG2R La Mondiale n&rsquo;a laiss\u00e9 aucune chance dans la c\u00f4te de Cadoudal \u00e0 la concurrence, et notamment \u00e0 <strong>K\u00e9vin Vauquelin<\/strong> (Ark\u00e9a &#8211; B&amp;B Hotels), d\u00e9cid\u00e9ment habitu\u00e9 aux deuxi\u00e8mes places apr\u00e8s celle de la Fl\u00e8che Wallonne, et son co\u00e9quipier <strong>Cl\u00e9ment Venturini<\/strong> qui compl\u00e8tent le podium.<\/p>\n<blockquote class=\"twitter-tweet\">\n<p dir=\"ltr\" lang=\"fr\">Benoit Cosnefroy a sign\u00e9 un troisi\u00e8me succ\u00e8s sur le <a href=\"https:\/\/twitter.com\/hashtag\/GPMorbihan?src=hash&amp;ref_src=twsrc%5Etfw\">#GPMorbihan<\/a> devant Kevin Vauquelin et Cl\u00e9ment Venturini. Guillermo Silva fini 4e devant Pau Miquel et Emilien Jeanni\u00e8re <a href=\"https:\/\/t.co\/6Er9MprkLR\">pic.twitter.com\/6Er9MprkLR<\/a><\/p>\n<p>\u2014 \ud83d\udeb4 Les Rois du Peloton \ud83d\udeb2 (@LRoisDuPeloton) <a href=\"https:\/\/twitter.com\/LRoisDuPeloton\/status\/1921207409332158619?ref_src=twsrc%5Etfw\">May 10, 2025<\/a><\/p><\/blockquote>\n<p><script async src=\"https:\/\/platform.twitter.com\/widgets.js\" charset=\"utf-8\"><\/script><\/p>\n<h2 style=\"text-align: justify;\">Un sc\u00e9nario tr\u00e8s classique<\/h2>\n<p style=\"text-align: justify;\">Tout d&rsquo;abord, la pluie a accompagn\u00e9 les coureurs sur le premier circuit long de 74 km. Elle n&rsquo;a pas emp\u00each\u00e9 trois courageux de se d\u00e9tacher du peloton assez rapidement. On retrouvait \u00e0 l&rsquo;avant le tout jeune<strong> Paul Thierry<\/strong>, d\u00e9j\u00e0 \u00e9chapp\u00e9 hier sur le Tour du Finist\u00e8re. Le fr\u00e8re de Pierre, 18 ans, qui appartient encore \u00e0 l&rsquo;\u00e9quipe d\u00e9veloppement d&rsquo;Ark\u00e9a &#8211; B&amp;B H\u00f4tels, a visiblement envie de prendre de la caisse en cette p\u00e9riode de classiques bretonnes. Pour lui tenir compagnie aujourd&rsquo;hui, deux autres Fran\u00e7ais ont tent\u00e9 l&rsquo;aventure : <strong>Similien Hamon<\/strong> (CIC-U-Nantes) et <strong>Killian Th\u00e9ot<\/strong> (Van Rysel &#8211; Roubaix). Le trio a compt\u00e9 jusqu&rsquo;\u00e0 3:30 minutes d&rsquo;avance sur un peloton en contr\u00f4le sur la premi\u00e8re partie de course et en acc\u00e9l\u00e9ration progressive sur le deuxi\u00e8me circuit, pr\u00e9sentant plus de d\u00e9nivel\u00e9, \u00e0 parcourir 6 fois.<\/p>\n<h2 style=\"text-align: justify;\">Pas de r\u00e9el feu d&rsquo;artifice dans le circuit final<\/h2>\n<p style=\"text-align: justify;\">Alors que le soleil a repris sa place \u00e0 l&rsquo;amorce de la derni\u00e8re partie de la classique morbihannaise, un nouveau trac\u00e9 de 6,4 km \u00e0 courir 8 fois, l&rsquo;\u00e9cart a naturellement fondu sous l&rsquo;impulsion des XDS &#8211; Astana d&rsquo;<strong>Alberto Bettiol<\/strong> notamment. Ainsi, \u00e0 33 km de l&rsquo;arriv\u00e9e, les \u00e9chapp\u00e9s n&rsquo;avaient plus gu\u00e8re qu&rsquo;un matelas de 50 secondes environ. Une course d&rsquo;usure s&rsquo;installait avec la fameuse C\u00f4te de Cadoudal (1400m \u00e0 6,3%) et \u00e0 l&rsquo;avant, <strong>Paul Thierry<\/strong> l\u00e2chait prise, laissant ses deux comp\u00e8res \u0153uvrer \u00e0 deux \u00e0 l&rsquo;avant.<\/p>\n<p style=\"text-align: justify;\">Cependant, il y a eu finalement assez peu d&rsquo;animation avant les deux derniers tours. Le peloton a repris le duo \u00e0 20 km du but et a ensuite pr\u00e9par\u00e9 les hostilit\u00e9s en vue de l&rsquo;arriv\u00e9e \u00e0 Plumelec. On a alors compris que les puncheurs, voire sprinteurs costauds, allaient s&rsquo;en donner \u00e0 c\u0153ur joie \u00e0 Cadoudal. <strong>Fernando Gaviria<\/strong> (Movistar Team), d\u00e9cramponn\u00e9 \u00e0 14 km de la ligne, ne serait pas de ceux-l\u00e0. Pendant ce temps, XDS &#8211; Astana semblait r\u00e9ellement croire en <strong>Alberto Bettiol<\/strong>, continuant son forcing en t\u00eate de peloton. Malheureusement pour l&rsquo;Italien, un incident technique dans le final l&rsquo;a emp\u00each\u00e9 de disputer ses chances. Enfin, une chute impliquant notamment <strong>Alex Aranburu<\/strong> (Cofidis Team) a perturb\u00e9 le sprint final. Pas <strong>Cosnefroy<\/strong>, qui a bel et bien sembl\u00e9 ma\u00eetre de ses \u00e9motions.<\/p>\n<p>&nbsp;<\/p>\n","protected":false},"excerpt":{"rendered":"<p>Apr\u00e8s 2019 et 2024, Beno\u00eet Cosnefroy (Decathlon &#8211; AG2R La Mondiale) r\u00e9cidive sur la classique bretonne du Grand Prix du Morbihan.<\/p>\n","protected":false},"author":92,"featured_media":578010,"comment_status":"open","ping_status":"closed","sticky":false,"template":"","format":"standard","meta":{"_acf_changed":false,"_daextam_enable_autolinks":"1","footnotes":""},"categories":[46994],"tags":[3119,8140,16878,36132,19872],"class_list":["post-577946","post","type-post","status-publish","format-standard","has-post-thumbnail","hentry","category-cyclisme-sur-route","tag-actualite-cyclisme","tag-benoit-cosnefroy","tag-breve","tag-decathlon-ag2r-la-mondiale","tag-grand-prix-du-morbihan"],"acf":[],"yoast_head":"<!-- This site is optimized with the Yoast SEO Premium plugin v26.7 (Yoast SEO v26.7) - https:\/\/yoast.com\/wordpress\/plugins\/seo\/ -->\n<title>Grand Prix du Morbihan 2025 : Le tripl\u00e9 pour Beno\u00eet Cosnefroy !<\/title>\n<meta name=\"description\" content=\"Apr\u00e8s 2019 et 2024, Beno\u00eet Cosnefroy (Decathlon - AG2R La Mondiale) r\u00e9cidive sur la classique bretonne du Grand Prix du Morbihan.\" \/>\n<meta name=\"robots\" content=\"index, follow, max-snippet:-1, max-image-preview:large, max-video-preview:-1\" \/>\n<link rel=\"canonical\" href=\"https:\/\/dicodusport.fr\/blog\/grand-prix-du-morbihan-2025-le-triple-pour-benoit-cosnefroy\/\" \/>\n<meta property=\"og:locale\" content=\"fr_FR\" \/>\n<meta property=\"og:type\" content=\"article\" \/>\n<meta property=\"og:title\" content=\"Grand Prix du Morbihan 2025 : Le tripl\u00e9 pour Beno\u00eet Cosnefroy !\" \/>\n<meta property=\"og:description\" content=\"Apr\u00e8s 2019 et 2024, Beno\u00eet Cosnefroy (Decathlon - AG2R La Mondiale) r\u00e9cidive sur la classique bretonne du Grand Prix du Morbihan.\" \/>\n<meta property=\"og:url\" content=\"https:\/\/dicodusport.fr\/blog\/grand-prix-du-morbihan-2025-le-triple-pour-benoit-cosnefroy\/\" \/>\n<meta property=\"og:site_name\" content=\"Dicodusport\" \/>\n<meta property=\"article:publisher\" content=\"https:\/\/www.facebook.com\/dicodusport\" \/>\n<meta property=\"article:published_time\" content=\"2025-05-10T14:13:14+00:00\" \/>\n<meta property=\"article:modified_time\" content=\"2025-05-10T14:47:25+00:00\" \/>\n<meta property=\"og:image\" content=\"https:\/\/dicodusport.fr\/blog\/wp-content\/uploads\/2025\/05\/Grand-Prix-du-Morbihan-2025-Le-triple-pour-Benoit-Cosnefroy-1.png\" \/>\n\t<meta property=\"og:image:width\" content=\"1200\" \/>\n\t<meta property=\"og:image:height\" content=\"674\" \/>\n\t<meta property=\"og:image:type\" content=\"image\/png\" \/>\n<meta name=\"author\" content=\"Olivier Dobiezynski\" \/>\n<meta name=\"twitter:card\" content=\"summary_large_image\" \/>\n<meta name=\"twitter:title\" content=\"Grand Prix du Morbihan 2025 : Le tripl\u00e9 pour Beno\u00eet Cosnefroy !\" \/>\n<meta name=\"twitter:creator\" content=\"@https:\/\/x.com\/Olivier_Matros\" \/>\n<meta name=\"twitter:site\" content=\"@dicodusport\" \/>\n<script type=\"application\/ld+json\" class=\"yoast-schema-graph\">{\"@context\":\"https:\/\/schema.org\",\"@graph\":[{\"@type\":\"NewsArticle\",\"@id\":\"https:\/\/dicodusport.fr\/blog\/grand-prix-du-morbihan-2025-le-triple-pour-benoit-cosnefroy\/#article\",\"isPartOf\":{\"@id\":\"https:\/\/dicodusport.fr\/blog\/grand-prix-du-morbihan-2025-le-triple-pour-benoit-cosnefroy\/\"},\"author\":{\"name\":\"Olivier Dobiezynski\",\"@id\":\"https:\/\/dicodusport.fr\/blog\/#\/schema\/person\/fe500246414ca17ddf0c0312d7a792cc\"},\"headline\":\"Grand Prix du Morbihan 2025 : Le tripl\u00e9 pour Beno\u00eet Cosnefroy !\",\"datePublished\":\"2025-05-10T14:13:14+00:00\",\"dateModified\":\"2025-05-10T14:47:25+00:00\",\"mainEntityOfPage\":{\"@id\":\"https:\/\/dicodusport.fr\/blog\/grand-prix-du-morbihan-2025-le-triple-pour-benoit-cosnefroy\/\"},\"wordCount\":590,\"commentCount\":0,\"publisher\":{\"@id\":\"https:\/\/dicodusport.fr\/blog\/#organization\"},\"image\":{\"@id\":\"https:\/\/dicodusport.fr\/blog\/grand-prix-du-morbihan-2025-le-triple-pour-benoit-cosnefroy\/#primaryimage\"},\"thumbnailUrl\":\"https:\/\/dicodusport.fr\/blog\/wp-content\/uploads\/2025\/05\/Grand-Prix-du-Morbihan-2025-Le-triple-pour-Benoit-Cosnefroy-1.png\",\"keywords\":[\"Actualit\u00e9 Cyclisme\",\"Beno\u00eet Cosnefroy\",\"br\u00e8ve\",\"Decathlon AG2R La mondiale\",\"Grand Prix du Morbihan\"],\"articleSection\":[\"Cyclisme sur route\"],\"inLanguage\":\"fr-FR\",\"potentialAction\":[{\"@type\":\"CommentAction\",\"name\":\"Comment\",\"target\":[\"https:\/\/dicodusport.fr\/blog\/grand-prix-du-morbihan-2025-le-triple-pour-benoit-cosnefroy\/#respond\"]}],\"copyrightYear\":\"2025\",\"copyrightHolder\":{\"@id\":\"https:\/\/dicodusport.fr\/blog\/#organization\"}},{\"@type\":\"WebPage\",\"@id\":\"https:\/\/dicodusport.fr\/blog\/grand-prix-du-morbihan-2025-le-triple-pour-benoit-cosnefroy\/\",\"url\":\"https:\/\/dicodusport.fr\/blog\/grand-prix-du-morbihan-2025-le-triple-pour-benoit-cosnefroy\/\",\"name\":\"Grand Prix du Morbihan 2025 : Le tripl\u00e9 pour Beno\u00eet Cosnefroy !\",\"isPartOf\":{\"@id\":\"https:\/\/dicodusport.fr\/blog\/#website\"},\"primaryImageOfPage\":{\"@id\":\"https:\/\/dicodusport.fr\/blog\/grand-prix-du-morbihan-2025-le-triple-pour-benoit-cosnefroy\/#primaryimage\"},\"image\":{\"@id\":\"https:\/\/dicodusport.fr\/blog\/grand-prix-du-morbihan-2025-le-triple-pour-benoit-cosnefroy\/#primaryimage\"},\"thumbnailUrl\":\"https:\/\/dicodusport.fr\/blog\/wp-content\/uploads\/2025\/05\/Grand-Prix-du-Morbihan-2025-Le-triple-pour-Benoit-Cosnefroy-1.png\",\"datePublished\":\"2025-05-10T14:13:14+00:00\",\"dateModified\":\"2025-05-10T14:47:25+00:00\",\"description\":\"Apr\u00e8s 2019 et 2024, Beno\u00eet Cosnefroy (Decathlon - AG2R La Mondiale) r\u00e9cidive sur la classique bretonne du Grand Prix du Morbihan.\",\"breadcrumb\":{\"@id\":\"https:\/\/dicodusport.fr\/blog\/grand-prix-du-morbihan-2025-le-triple-pour-benoit-cosnefroy\/#breadcrumb\"},\"inLanguage\":\"fr-FR\",\"potentialAction\":[{\"@type\":\"ReadAction\",\"target\":[\"https:\/\/dicodusport.fr\/blog\/grand-prix-du-morbihan-2025-le-triple-pour-benoit-cosnefroy\/\"]}]},{\"@type\":\"ImageObject\",\"inLanguage\":\"fr-FR\",\"@id\":\"https:\/\/dicodusport.fr\/blog\/grand-prix-du-morbihan-2025-le-triple-pour-benoit-cosnefroy\/#primaryimage\",\"url\":\"https:\/\/dicodusport.fr\/blog\/wp-content\/uploads\/2025\/05\/Grand-Prix-du-Morbihan-2025-Le-triple-pour-Benoit-Cosnefroy-1.png\",\"contentUrl\":\"https:\/\/dicodusport.fr\/blog\/wp-content\/uploads\/2025\/05\/Grand-Prix-du-Morbihan-2025-Le-triple-pour-Benoit-Cosnefroy-1.png\",\"width\":1200,\"height\":674,\"caption\":\"Grand Prix du Morbihan 2025 Le tripl\u00e9 pour Beno\u00eet Cosnefroy ! (1)\"},{\"@type\":\"BreadcrumbList\",\"@id\":\"https:\/\/dicodusport.fr\/blog\/grand-prix-du-morbihan-2025-le-triple-pour-benoit-cosnefroy\/#breadcrumb\",\"itemListElement\":[{\"@type\":\"ListItem\",\"position\":1,\"name\":\"Accueil\",\"item\":\"https:\/\/dicodusport.fr\/blog\/\"},{\"@type\":\"ListItem\",\"position\":2,\"name\":\"Grand Prix du Morbihan 2025 : Le tripl\u00e9 pour Beno\u00eet Cosnefroy !\"}]},{\"@type\":\"WebSite\",\"@id\":\"https:\/\/dicodusport.fr\/blog\/#website\",\"url\":\"https:\/\/dicodusport.fr\/blog\/\",\"name\":\"Dicodusport\",\"description\":\"L&#039;encyclop\u00e9die de l&#039;actualit\u00e9 sportive\",\"publisher\":{\"@id\":\"https:\/\/dicodusport.fr\/blog\/#organization\"},\"potentialAction\":[{\"@type\":\"SearchAction\",\"target\":{\"@type\":\"EntryPoint\",\"urlTemplate\":\"https:\/\/dicodusport.fr\/blog\/?s={search_term_string}\"},\"query-input\":{\"@type\":\"PropertyValueSpecification\",\"valueRequired\":true,\"valueName\":\"search_term_string\"}}],\"inLanguage\":\"fr-FR\"},{\"@type\":\"NewsMediaOrganization\",\"@id\":\"https:\/\/dicodusport.fr\/blog\/#organization\",\"name\":\"Dicodusport\",\"url\":\"https:\/\/dicodusport.fr\/blog\/\",\"logo\":{\"@type\":\"ImageObject\",\"inLanguage\":\"fr-FR\",\"@id\":\"https:\/\/dicodusport.fr\/blog\/#\/schema\/logo\/image\/\",\"url\":\"https:\/\/dicodusport.fr\/blog\/wp-content\/uploads\/2020\/06\/cropped-LOGO-DICODUSPORT-2020-SANS-FOND-SANS-TEXTE.png\",\"contentUrl\":\"https:\/\/dicodusport.fr\/blog\/wp-content\/uploads\/2020\/06\/cropped-LOGO-DICODUSPORT-2020-SANS-FOND-SANS-TEXTE.png\",\"width\":512,\"height\":512,\"caption\":\"Dicodusport\"},\"image\":{\"@id\":\"https:\/\/dicodusport.fr\/blog\/#\/schema\/logo\/image\/\"},\"sameAs\":[\"https:\/\/www.facebook.com\/dicodusport\",\"https:\/\/x.com\/dicodusport\",\"https:\/\/www.instagram.com\/dicodusport\/\",\"https:\/\/www.youtube.com\/channel\/UC7V2KZ5sd3htJivAbA4ZG3w\"],\"description\":\"Dicodusport est l'encyclop\u00e9die de l'actualit\u00e9 sportive.\",\"email\":\"bonjour@dicodusport.fr\",\"legalName\":\"DICODUSPORT\",\"foundingDate\":\"2018-01-14\",\"vatID\":\"FR71834470973\",\"taxID\":\"83447097300043\",\"numberOfEmployees\":{\"@type\":\"QuantitativeValue\",\"minValue\":\"1\",\"maxValue\":\"10\"}},{\"@type\":\"Person\",\"@id\":\"https:\/\/dicodusport.fr\/blog\/#\/schema\/person\/fe500246414ca17ddf0c0312d7a792cc\",\"name\":\"Olivier Dobiezynski\",\"image\":{\"@type\":\"ImageObject\",\"inLanguage\":\"fr-FR\",\"@id\":\"https:\/\/dicodusport.fr\/blog\/#\/schema\/person\/image\/\",\"url\":\"https:\/\/dicodusport.fr\/blog\/wp-content\/uploads\/2024\/09\/5be8fe8d-9962-4f1e-ad06-d6f9dee30e6d-150x150.jpg\",\"contentUrl\":\"https:\/\/dicodusport.fr\/blog\/wp-content\/uploads\/2024\/09\/5be8fe8d-9962-4f1e-ad06-d6f9dee30e6d-150x150.jpg\",\"caption\":\"Olivier Dobiezynski\"},\"description\":\"Depuis le milieu des ann\u00e9es 90, la passion du cyclisme m'anime. Mes h\u00e9ros s'appellent Luc Leblanc, Piotr Ugrumov, Paolo Savoldelli, Peter Sagan et bien \u00e9videmment Romain Bardet. R\u00e9dacteur depuis 2023, je suis ici pour partager cet amour de la Petite Reine. Vous pourrez me lire \u00e9galement sur du trail, du ski de fond et tout autre sujet susceptible d'\u00e9veiller ma curiosit\u00e9 sportive.\",\"sameAs\":[\"https:\/\/x.com\/https:\/\/x.com\/Olivier_Matros\"],\"url\":\"https:\/\/dicodusport.fr\/blog\/author\/olivier-gh\/\"}]}<\/script>\n<!-- \/ Yoast SEO Premium plugin. -->","yoast_head_json":{"title":"Grand Prix du Morbihan 2025 : Le tripl\u00e9 pour Beno\u00eet Cosnefroy !","description":"Apr\u00e8s 2019 et 2024, Beno\u00eet Cosnefroy (Decathlon - AG2R La Mondiale) r\u00e9cidive sur la classique bretonne du Grand Prix du Morbihan.","robots":{"index":"index","follow":"follow","max-snippet":"max-snippet:-1","max-image-preview":"max-image-preview:large","max-video-preview":"max-video-preview:-1"},"canonical":"https:\/\/dicodusport.fr\/blog\/grand-prix-du-morbihan-2025-le-triple-pour-benoit-cosnefroy\/","og_locale":"fr_FR","og_type":"article","og_title":"Grand Prix du Morbihan 2025 : Le tripl\u00e9 pour Beno\u00eet Cosnefroy !","og_description":"Apr\u00e8s 2019 et 2024, Beno\u00eet Cosnefroy (Decathlon - AG2R La Mondiale) r\u00e9cidive sur la classique bretonne du Grand Prix du Morbihan.","og_url":"https:\/\/dicodusport.fr\/blog\/grand-prix-du-morbihan-2025-le-triple-pour-benoit-cosnefroy\/","og_site_name":"Dicodusport","article_publisher":"https:\/\/www.facebook.com\/dicodusport","article_published_time":"2025-05-10T14:13:14+00:00","article_modified_time":"2025-05-10T14:47:25+00:00","og_image":[{"width":1200,"height":674,"url":"https:\/\/dicodusport.fr\/blog\/wp-content\/uploads\/2025\/05\/Grand-Prix-du-Morbihan-2025-Le-triple-pour-Benoit-Cosnefroy-1.png","type":"image\/png"}],"author":"Olivier Dobiezynski","twitter_card":"summary_large_image","twitter_title":"Grand Prix du Morbihan 2025 : Le tripl\u00e9 pour Beno\u00eet Cosnefroy !","twitter_creator":"@https:\/\/x.com\/Olivier_Matros","twitter_site":"@dicodusport","schema":{"@context":"https:\/\/schema.org","@graph":[{"@type":"NewsArticle","@id":"https:\/\/dicodusport.fr\/blog\/grand-prix-du-morbihan-2025-le-triple-pour-benoit-cosnefroy\/#article","isPartOf":{"@id":"https:\/\/dicodusport.fr\/blog\/grand-prix-du-morbihan-2025-le-triple-pour-benoit-cosnefroy\/"},"author":{"name":"Olivier Dobiezynski","@id":"https:\/\/dicodusport.fr\/blog\/#\/schema\/person\/fe500246414ca17ddf0c0312d7a792cc"},"headline":"Grand Prix du Morbihan 2025 : Le tripl\u00e9 pour Beno\u00eet Cosnefroy !","datePublished":"2025-05-10T14:13:14+00:00","dateModified":"2025-05-10T14:47:25+00:00","mainEntityOfPage":{"@id":"https:\/\/dicodusport.fr\/blog\/grand-prix-du-morbihan-2025-le-triple-pour-benoit-cosnefroy\/"},"wordCount":590,"commentCount":0,"publisher":{"@id":"https:\/\/dicodusport.fr\/blog\/#organization"},"image":{"@id":"https:\/\/dicodusport.fr\/blog\/grand-prix-du-morbihan-2025-le-triple-pour-benoit-cosnefroy\/#primaryimage"},"thumbnailUrl":"https:\/\/dicodusport.fr\/blog\/wp-content\/uploads\/2025\/05\/Grand-Prix-du-Morbihan-2025-Le-triple-pour-Benoit-Cosnefroy-1.png","keywords":["Actualit\u00e9 Cyclisme","Beno\u00eet Cosnefroy","br\u00e8ve","Decathlon AG2R La mondiale","Grand Prix du Morbihan"],"articleSection":["Cyclisme sur route"],"inLanguage":"fr-FR","potentialAction":[{"@type":"CommentAction","name":"Comment","target":["https:\/\/dicodusport.fr\/blog\/grand-prix-du-morbihan-2025-le-triple-pour-benoit-cosnefroy\/#respond"]}],"copyrightYear":"2025","copyrightHolder":{"@id":"https:\/\/dicodusport.fr\/blog\/#organization"}},{"@type":"WebPage","@id":"https:\/\/dicodusport.fr\/blog\/grand-prix-du-morbihan-2025-le-triple-pour-benoit-cosnefroy\/","url":"https:\/\/dicodusport.fr\/blog\/grand-prix-du-morbihan-2025-le-triple-pour-benoit-cosnefroy\/","name":"Grand Prix du Morbihan 2025 : Le tripl\u00e9 pour Beno\u00eet Cosnefroy !","isPartOf":{"@id":"https:\/\/dicodusport.fr\/blog\/#website"},"primaryImageOfPage":{"@id":"https:\/\/dicodusport.fr\/blog\/grand-prix-du-morbihan-2025-le-triple-pour-benoit-cosnefroy\/#primaryimage"},"image":{"@id":"https:\/\/dicodusport.fr\/blog\/grand-prix-du-morbihan-2025-le-triple-pour-benoit-cosnefroy\/#primaryimage"},"thumbnailUrl":"https:\/\/dicodusport.fr\/blog\/wp-content\/uploads\/2025\/05\/Grand-Prix-du-Morbihan-2025-Le-triple-pour-Benoit-Cosnefroy-1.png","datePublished":"2025-05-10T14:13:14+00:00","dateModified":"2025-05-10T14:47:25+00:00","description":"Apr\u00e8s 2019 et 2024, Beno\u00eet Cosnefroy (Decathlon - AG2R La Mondiale) r\u00e9cidive sur la classique bretonne du Grand Prix du Morbihan.","breadcrumb":{"@id":"https:\/\/dicodusport.fr\/blog\/grand-prix-du-morbihan-2025-le-triple-pour-benoit-cosnefroy\/#breadcrumb"},"inLanguage":"fr-FR","potentialAction":[{"@type":"ReadAction","target":["https:\/\/dicodusport.fr\/blog\/grand-prix-du-morbihan-2025-le-triple-pour-benoit-cosnefroy\/"]}]},{"@type":"ImageObject","inLanguage":"fr-FR","@id":"https:\/\/dicodusport.fr\/blog\/grand-prix-du-morbihan-2025-le-triple-pour-benoit-cosnefroy\/#primaryimage","url":"https:\/\/dicodusport.fr\/blog\/wp-content\/uploads\/2025\/05\/Grand-Prix-du-Morbihan-2025-Le-triple-pour-Benoit-Cosnefroy-1.png","contentUrl":"https:\/\/dicodusport.fr\/blog\/wp-content\/uploads\/2025\/05\/Grand-Prix-du-Morbihan-2025-Le-triple-pour-Benoit-Cosnefroy-1.png","width":1200,"height":674,"caption":"Grand Prix du Morbihan 2025 Le tripl\u00e9 pour Beno\u00eet Cosnefroy ! (1)"},{"@type":"BreadcrumbList","@id":"https:\/\/dicodusport.fr\/blog\/grand-prix-du-morbihan-2025-le-triple-pour-benoit-cosnefroy\/#breadcrumb","itemListElement":[{"@type":"ListItem","position":1,"name":"Accueil","item":"https:\/\/dicodusport.fr\/blog\/"},{"@type":"ListItem","position":2,"name":"Grand Prix du Morbihan 2025 : Le tripl\u00e9 pour Beno\u00eet Cosnefroy !"}]},{"@type":"WebSite","@id":"https:\/\/dicodusport.fr\/blog\/#website","url":"https:\/\/dicodusport.fr\/blog\/","name":"Dicodusport","description":"L&#039;encyclop\u00e9die de l&#039;actualit\u00e9 sportive","publisher":{"@id":"https:\/\/dicodusport.fr\/blog\/#organization"},"potentialAction":[{"@type":"SearchAction","target":{"@type":"EntryPoint","urlTemplate":"https:\/\/dicodusport.fr\/blog\/?s={search_term_string}"},"query-input":{"@type":"PropertyValueSpecification","valueRequired":true,"valueName":"search_term_string"}}],"inLanguage":"fr-FR"},{"@type":"NewsMediaOrganization","@id":"https:\/\/dicodusport.fr\/blog\/#organization","name":"Dicodusport","url":"https:\/\/dicodusport.fr\/blog\/","logo":{"@type":"ImageObject","inLanguage":"fr-FR","@id":"https:\/\/dicodusport.fr\/blog\/#\/schema\/logo\/image\/","url":"https:\/\/dicodusport.fr\/blog\/wp-content\/uploads\/2020\/06\/cropped-LOGO-DICODUSPORT-2020-SANS-FOND-SANS-TEXTE.png","contentUrl":"https:\/\/dicodusport.fr\/blog\/wp-content\/uploads\/2020\/06\/cropped-LOGO-DICODUSPORT-2020-SANS-FOND-SANS-TEXTE.png","width":512,"height":512,"caption":"Dicodusport"},"image":{"@id":"https:\/\/dicodusport.fr\/blog\/#\/schema\/logo\/image\/"},"sameAs":["https:\/\/www.facebook.com\/dicodusport","https:\/\/x.com\/dicodusport","https:\/\/www.instagram.com\/dicodusport\/","https:\/\/www.youtube.com\/channel\/UC7V2KZ5sd3htJivAbA4ZG3w"],"description":"Dicodusport est l'encyclop\u00e9die de l'actualit\u00e9 sportive.","email":"bonjour@dicodusport.fr","legalName":"DICODUSPORT","foundingDate":"2018-01-14","vatID":"FR71834470973","taxID":"83447097300043","numberOfEmployees":{"@type":"QuantitativeValue","minValue":"1","maxValue":"10"}},{"@type":"Person","@id":"https:\/\/dicodusport.fr\/blog\/#\/schema\/person\/fe500246414ca17ddf0c0312d7a792cc","name":"Olivier Dobiezynski","image":{"@type":"ImageObject","inLanguage":"fr-FR","@id":"https:\/\/dicodusport.fr\/blog\/#\/schema\/person\/image\/","url":"https:\/\/dicodusport.fr\/blog\/wp-content\/uploads\/2024\/09\/5be8fe8d-9962-4f1e-ad06-d6f9dee30e6d-150x150.jpg","contentUrl":"https:\/\/dicodusport.fr\/blog\/wp-content\/uploads\/2024\/09\/5be8fe8d-9962-4f1e-ad06-d6f9dee30e6d-150x150.jpg","caption":"Olivier Dobiezynski"},"description":"Depuis le milieu des ann\u00e9es 90, la passion du cyclisme m'anime. Mes h\u00e9ros s'appellent Luc Leblanc, Piotr Ugrumov, Paolo Savoldelli, Peter Sagan et bien \u00e9videmment Romain Bardet. R\u00e9dacteur depuis 2023, je suis ici pour partager cet amour de la Petite Reine. Vous pourrez me lire \u00e9galement sur du trail, du ski de fond et tout autre sujet susceptible d'\u00e9veiller ma curiosit\u00e9 sportive.","sameAs":["https:\/\/x.com\/https:\/\/x.com\/Olivier_Matros"],"url":"https:\/\/dicodusport.fr\/blog\/author\/olivier-gh\/"}]}},"_links":{"self":[{"href":"https:\/\/dicodusport.fr\/blog\/wp-json\/wp\/v2\/posts\/577946","targetHints":{"allow":["GET"]}}],"collection":[{"href":"https:\/\/dicodusport.fr\/blog\/wp-json\/wp\/v2\/posts"}],"about":[{"href":"https:\/\/dicodusport.fr\/blog\/wp-json\/wp\/v2\/types\/post"}],"author":[{"embeddable":true,"href":"https:\/\/dicodusport.fr\/blog\/wp-json\/wp\/v2\/users\/92"}],"replies":[{"embeddable":true,"href":"https:\/\/dicodusport.fr\/blog\/wp-json\/wp\/v2\/comments?post=577946"}],"version-history":[{"count":5,"href":"https:\/\/dicodusport.fr\/blog\/wp-json\/wp\/v2\/posts\/577946\/revisions"}],"predecessor-version":[{"id":578006,"href":"https:\/\/dicodusport.fr\/blog\/wp-json\/wp\/v2\/posts\/577946\/revisions\/578006"}],"wp:featuredmedia":[{"embeddable":true,"href":"https:\/\/dicodusport.fr\/blog\/wp-json\/wp\/v2\/media\/578010"}],"wp:attachment":[{"href":"https:\/\/dicodusport.fr\/blog\/wp-json\/wp\/v2\/media?parent=577946"}],"wp:term":[{"taxonomy":"category","embeddable":true,"href":"https:\/\/dicodusport.fr\/blog\/wp-json\/wp\/v2\/categories?post=577946"},{"taxonomy":"post_tag","embeddable":true,"href":"https:\/\/dicodusport.fr\/blog\/wp-json\/wp\/v2\/tags?post=577946"}],"curies":[{"name":"wp","href":"https:\/\/api.w.org\/{rel}","templated":true}]}}