{"id":578013,"date":"2025-05-10T17:23:09","date_gmt":"2025-05-10T15:23:09","guid":{"rendered":"https:\/\/dicodusport.fr\/blog\/?p=578013&#038;preview=true&#038;preview_id=578013"},"modified":"2025-05-11T12:24:53","modified_gmt":"2025-05-11T10:24:53","slug":"championnats-deurope-de-karate-2025-helvetia-taily-sempare-de-largent-en-kata","status":"publish","type":"post","link":"https:\/\/dicodusport.fr\/blog\/championnats-deurope-de-karate-2025-helvetia-taily-sempare-de-largent-en-kata\/","title":{"rendered":"Championnats d&rsquo;Europe de Karat\u00e9 2025 : Helv\u00e9tia Taily s&#8217;empare de l&rsquo;argent en kata"},"content":{"rendered":"<h4 style=\"text-align: justify;\"><em>CHAMPIONNATS D&rsquo;EUROPE DE KARAT\u00c9 2025 \u2013 Helv\u00e9tia Taily a d\u00e9croch\u00e9 ce samedi apr\u00e8s-midi la m\u00e9daille d&rsquo;argent en kata, \u00e0 Erevan (Arm\u00e9nie). Il s&rsquo;agit au passage de la quatri\u00e8me m\u00e9daille fran\u00e7aise cette semaine.<\/em><\/h4>\n<ul style=\"text-align: justify;\">\n<li><strong>\u00c0 lire aussi &#8211; <a href=\"https:\/\/dicodusport.fr\/blog\/palmares-complet-championnats-deurope-de-karate-et-para-karate-2025\/\">Palmar\u00e8s complet Championnats d\u2019Europe de karat\u00e9 et para karat\u00e9 2025<\/a><\/strong><\/li>\n<\/ul>\n<p style=\"text-align: justify;\">Quelques heures apr\u00e8s la <a href=\"https:\/\/dicodusport.fr\/blog\/championnats-deurope-de-karate-2025-mehdi-filali-remporte-son-deuxieme-titre-europeen\/\">m\u00e9daille d&rsquo;or de Mehdi Filali<\/a>, le clan tricolore a pu s&rsquo;enthousiasmer par la joie d&rsquo;une quatri\u00e8me m\u00e9daille. Seule autre karat\u00e9ka fran\u00e7aise en lice pour un titre ce samedi, <strong style=\"text-align: justify;\">Helv\u00e9tia Taily<\/strong><span style=\"text-align: justify;\"> n&rsquo;a fait que confirmer ses progr\u00e8s lin\u00e9aires tout au long du tournoi.<\/span><\/p>\n<h2 style=\"text-align: justify;\">Helv\u00e9tia Taily passe proche de l&rsquo;or<\/h2>\n<p style=\"text-align: justify;\"><span style=\"text-align: justify;\">Elle a ainsi exp\u00e9di\u00e9 sa phase de poules sans trembler, avant de renverser la Su\u00e9doise <strong>Mia Karlsson<\/strong> en demi-finales. H\u00e9las, son chemin vers l&rsquo;or a \u00e9t\u00e9 stopp\u00e9 net par l&rsquo;Italienne <strong>Terryana D&rsquo;Onofrio<\/strong>, qui a remport\u00e9 la finale pour un demi-point (42.10 contre 41.60). Malgr\u00e9 la d\u00e9ception, la karat\u00e9ka de 26 ans d\u00e9croche l\u00e0 sa deuxi\u00e8me m\u00e9daille d&rsquo;argent continentale, faisant suite \u00e0 la <a href=\"https:\/\/dicodusport.fr\/blog\/calendrier-et-resultats-championnats-deurope-de-karate-et-para-karate-2023\/\">premi\u00e8re obtenue \u00e0 Gudalajara en 2023<\/a>.\u00a0<\/span><\/p>\n<blockquote class=\"twitter-tweet\">\n<p dir=\"ltr\" lang=\"fr\">\ud835\udddb\ud835\uddf2\ud835\uddf9\ud835\ude03\ud835\uddf2\u0301\ud835\ude01\ud835\uddf6\ud835\uddee \ud835\udde7\ud835\uddee\ud835\uddf6\ud835\uddf9\ud835\ude06 est vice-championne d&rsquo;Europe \ud83e\udd48 <a href=\"https:\/\/t.co\/uA2DKiuh5s\">pic.twitter.com\/uA2DKiuh5s<\/a><\/p>\n<p>\u2014 FFKarat\u00e9 (@ffkarate) <a href=\"https:\/\/twitter.com\/ffkarate\/status\/1921210457349558361?ref_src=twsrc%5Etfw\">May 10, 2025<\/a><\/p><\/blockquote>\n<p><script async src=\"https:\/\/platform.twitter.com\/widgets.js\" charset=\"utf-8\"><\/script><\/p>\n<p style=\"text-align: justify;\">En revanche, les diff\u00e9rentes finales pour le bronze du jour ont toutes tourn\u00e9 au fiasco. Que ce soit <strong>Enzo Berthon<\/strong> (Kumit\u00e9 -75 kg), <strong>Tiphaine Bonnarde<\/strong> (Kumit\u00e9 -50 kg) ou <strong>Younesse Salmi<\/strong> (Kumit\u00e9 -67 kg) aucun n&rsquo;est parvenu \u00e0 prendre le dessus sur son adversaire. Les trois tricolores \u00e9chouent donc au pied du podium et ne sont pas r\u00e9compens\u00e9s de leur tournoi abouti jusqu&rsquo;alors.<\/p>\n<p style=\"text-align: justify;\">Ce dimanche, les championnats d&rsquo;Europe de karat\u00e9 prendront fin avec encore de nombreuses m\u00e9dailles \u00e0 aller chercher pour les Bleus. <strong>Nohan Dudon<\/strong>, <strong>Alexandre Schoegel<\/strong> et l\u2019<strong>\u00e9quipe f\u00e9minine de kumit\u00e9<\/strong> combattront pour l&rsquo;or, tandis que <strong>trois \u00e9quipes (kumit\u00e9 masculin, kata f\u00e9minin, kata masculin)<\/strong> seront en lice pour une m\u00e9daille de bronze.<\/p>\n<ul>\n<li><strong>\u00c0 ce sujet &#8211; <a href=\"https:\/\/dicodusport.fr\/blog\/actualites\/sports-de-combat\/karate\/\">Toute l&rsquo;actualit\u00e9 du karat\u00e9<\/a><\/strong><\/li>\n<\/ul>\n<h3 style=\"text-align: justify;\">Le palmar\u00e8s des Bleus aux championnats d&rsquo;Europe 2025 d&rsquo;Erevan<\/h3>\n<p style=\"text-align: justify;\"><strong>Or (1) :<\/strong> Mehdi FILALI (Kumit\u00e9 +84kg)<\/p>\n<p style=\"text-align: justify;\"><strong>Argent (1) :<\/strong> Helv\u00e9tia TAILY (Kata)<\/p>\n<p style=\"text-align: justify;\"><strong>Bronze (2) :<\/strong> Virginie BOYER (Kata fauteuil) \/ Jordan FONTENEY (kata d\u00e9ficience intellectuelle)<\/p>\n","protected":false},"excerpt":{"rendered":"<p>CHAMPIONNATS D&rsquo;EUROPE DE KARAT\u00c9 2025 \u2013 Helv\u00e9tia Taily a d\u00e9croch\u00e9 ce samedi apr\u00e8s-midi la m\u00e9daille d&rsquo;argent en kata, \u00e0 Erevan.<\/p>\n","protected":false},"author":55,"featured_media":578146,"comment_status":"open","ping_status":"closed","sticky":false,"template":"","format":"standard","meta":{"_acf_changed":false,"_daextam_enable_autolinks":"1","footnotes":""},"categories":[9969],"tags":[16878,537],"class_list":["post-578013","post","type-post","status-publish","format-standard","has-post-thumbnail","hentry","category-karate","tag-breve","tag-karate"],"acf":[],"yoast_head":"<!-- This site is optimized with the Yoast SEO Premium plugin v26.7 (Yoast SEO v26.7) - https:\/\/yoast.com\/wordpress\/plugins\/seo\/ -->\n<title>Championnats d&#039;Europe de Karat\u00e9 2025 : Helv\u00e9tia Taily s&#039;empare de l&#039;argent en kata<\/title>\n<meta name=\"description\" content=\"CHAMPIONNATS D&#039;EUROPE DE KARAT\u00c9 2025 \u2013 Helv\u00e9tia Taily a d\u00e9croch\u00e9 ce samedi apr\u00e8s-midi la m\u00e9daille d&#039;argent en kata, \u00e0 Erevan.\" \/>\n<meta name=\"robots\" content=\"index, follow, max-snippet:-1, max-image-preview:large, max-video-preview:-1\" \/>\n<link rel=\"canonical\" href=\"https:\/\/dicodusport.fr\/blog\/championnats-deurope-de-karate-2025-helvetia-taily-sempare-de-largent-en-kata\/\" \/>\n<meta property=\"og:locale\" content=\"fr_FR\" \/>\n<meta property=\"og:type\" content=\"article\" \/>\n<meta property=\"og:title\" content=\"Championnats d&#039;Europe de Karat\u00e9 2025 : Helv\u00e9tia Taily s&#039;empare de l&#039;argent en kata\" \/>\n<meta property=\"og:description\" content=\"CHAMPIONNATS D&#039;EUROPE DE KARAT\u00c9 2025 \u2013 Helv\u00e9tia Taily a d\u00e9croch\u00e9 ce samedi apr\u00e8s-midi la m\u00e9daille d&#039;argent en kata, \u00e0 Erevan.\" \/>\n<meta property=\"og:url\" content=\"https:\/\/dicodusport.fr\/blog\/championnats-deurope-de-karate-2025-helvetia-taily-sempare-de-largent-en-kata\/\" \/>\n<meta property=\"og:site_name\" content=\"Dicodusport\" \/>\n<meta property=\"article:publisher\" content=\"https:\/\/www.facebook.com\/dicodusport\" \/>\n<meta property=\"article:published_time\" content=\"2025-05-10T15:23:09+00:00\" \/>\n<meta property=\"article:modified_time\" content=\"2025-05-11T10:24:53+00:00\" \/>\n<meta property=\"og:image\" content=\"https:\/\/dicodusport.fr\/blog\/wp-content\/uploads\/2025\/05\/Championnats-dEurope-de-Karate-2025-Helvetia-Taily-sempare-de-largent-en-kata-1.png\" \/>\n\t<meta property=\"og:image:width\" content=\"1200\" \/>\n\t<meta property=\"og:image:height\" content=\"674\" \/>\n\t<meta property=\"og:image:type\" content=\"image\/png\" \/>\n<meta name=\"author\" content=\"Maxime Cazenave\" \/>\n<meta name=\"twitter:card\" content=\"summary_large_image\" \/>\n<meta name=\"twitter:title\" content=\"Championnats d&#039;Europe de Karat\u00e9 2025 : Helv\u00e9tia Taily s&#039;empare de l&#039;argent en kata\" \/>\n<meta name=\"twitter:creator\" content=\"@https:\/\/twitter.com\/Maxime_Caze\" \/>\n<meta name=\"twitter:site\" content=\"@dicodusport\" \/>\n<script type=\"application\/ld+json\" class=\"yoast-schema-graph\">{\"@context\":\"https:\/\/schema.org\",\"@graph\":[{\"@type\":\"NewsArticle\",\"@id\":\"https:\/\/dicodusport.fr\/blog\/championnats-deurope-de-karate-2025-helvetia-taily-sempare-de-largent-en-kata\/#article\",\"isPartOf\":{\"@id\":\"https:\/\/dicodusport.fr\/blog\/championnats-deurope-de-karate-2025-helvetia-taily-sempare-de-largent-en-kata\/\"},\"author\":{\"name\":\"Maxime Cazenave\",\"@id\":\"https:\/\/dicodusport.fr\/blog\/#\/schema\/person\/37def232098a7a5cbab3974a3690abb0\"},\"headline\":\"Championnats d&rsquo;Europe de Karat\u00e9 2025 : Helv\u00e9tia Taily s&#8217;empare de l&rsquo;argent en kata\",\"datePublished\":\"2025-05-10T15:23:09+00:00\",\"dateModified\":\"2025-05-11T10:24:53+00:00\",\"mainEntityOfPage\":{\"@id\":\"https:\/\/dicodusport.fr\/blog\/championnats-deurope-de-karate-2025-helvetia-taily-sempare-de-largent-en-kata\/\"},\"wordCount\":387,\"commentCount\":0,\"publisher\":{\"@id\":\"https:\/\/dicodusport.fr\/blog\/#organization\"},\"image\":{\"@id\":\"https:\/\/dicodusport.fr\/blog\/championnats-deurope-de-karate-2025-helvetia-taily-sempare-de-largent-en-kata\/#primaryimage\"},\"thumbnailUrl\":\"https:\/\/dicodusport.fr\/blog\/wp-content\/uploads\/2025\/05\/Championnats-dEurope-de-Karate-2025-Helvetia-Taily-sempare-de-largent-en-kata-1.png\",\"keywords\":[\"br\u00e8ve\",\"Karat\u00e9\"],\"articleSection\":[\"Karat\u00e9\"],\"inLanguage\":\"fr-FR\",\"potentialAction\":[{\"@type\":\"CommentAction\",\"name\":\"Comment\",\"target\":[\"https:\/\/dicodusport.fr\/blog\/championnats-deurope-de-karate-2025-helvetia-taily-sempare-de-largent-en-kata\/#respond\"]}],\"copyrightYear\":\"2025\",\"copyrightHolder\":{\"@id\":\"https:\/\/dicodusport.fr\/blog\/#organization\"}},{\"@type\":\"WebPage\",\"@id\":\"https:\/\/dicodusport.fr\/blog\/championnats-deurope-de-karate-2025-helvetia-taily-sempare-de-largent-en-kata\/\",\"url\":\"https:\/\/dicodusport.fr\/blog\/championnats-deurope-de-karate-2025-helvetia-taily-sempare-de-largent-en-kata\/\",\"name\":\"Championnats d'Europe de Karat\u00e9 2025 : Helv\u00e9tia Taily s'empare de l'argent en kata\",\"isPartOf\":{\"@id\":\"https:\/\/dicodusport.fr\/blog\/#website\"},\"primaryImageOfPage\":{\"@id\":\"https:\/\/dicodusport.fr\/blog\/championnats-deurope-de-karate-2025-helvetia-taily-sempare-de-largent-en-kata\/#primaryimage\"},\"image\":{\"@id\":\"https:\/\/dicodusport.fr\/blog\/championnats-deurope-de-karate-2025-helvetia-taily-sempare-de-largent-en-kata\/#primaryimage\"},\"thumbnailUrl\":\"https:\/\/dicodusport.fr\/blog\/wp-content\/uploads\/2025\/05\/Championnats-dEurope-de-Karate-2025-Helvetia-Taily-sempare-de-largent-en-kata-1.png\",\"datePublished\":\"2025-05-10T15:23:09+00:00\",\"dateModified\":\"2025-05-11T10:24:53+00:00\",\"description\":\"CHAMPIONNATS D'EUROPE DE KARAT\u00c9 2025 \u2013 Helv\u00e9tia Taily a d\u00e9croch\u00e9 ce samedi apr\u00e8s-midi la m\u00e9daille d'argent en kata, \u00e0 Erevan.\",\"breadcrumb\":{\"@id\":\"https:\/\/dicodusport.fr\/blog\/championnats-deurope-de-karate-2025-helvetia-taily-sempare-de-largent-en-kata\/#breadcrumb\"},\"inLanguage\":\"fr-FR\",\"potentialAction\":[{\"@type\":\"ReadAction\",\"target\":[\"https:\/\/dicodusport.fr\/blog\/championnats-deurope-de-karate-2025-helvetia-taily-sempare-de-largent-en-kata\/\"]}]},{\"@type\":\"ImageObject\",\"inLanguage\":\"fr-FR\",\"@id\":\"https:\/\/dicodusport.fr\/blog\/championnats-deurope-de-karate-2025-helvetia-taily-sempare-de-largent-en-kata\/#primaryimage\",\"url\":\"https:\/\/dicodusport.fr\/blog\/wp-content\/uploads\/2025\/05\/Championnats-dEurope-de-Karate-2025-Helvetia-Taily-sempare-de-largent-en-kata-1.png\",\"contentUrl\":\"https:\/\/dicodusport.fr\/blog\/wp-content\/uploads\/2025\/05\/Championnats-dEurope-de-Karate-2025-Helvetia-Taily-sempare-de-largent-en-kata-1.png\",\"width\":1200,\"height\":674,\"caption\":\"Championnats d'Europe de Karat\u00e9 2025 Helv\u00e9tia Taily s'empare de l'argent en kata\"},{\"@type\":\"BreadcrumbList\",\"@id\":\"https:\/\/dicodusport.fr\/blog\/championnats-deurope-de-karate-2025-helvetia-taily-sempare-de-largent-en-kata\/#breadcrumb\",\"itemListElement\":[{\"@type\":\"ListItem\",\"position\":1,\"name\":\"Accueil\",\"item\":\"https:\/\/dicodusport.fr\/blog\/\"},{\"@type\":\"ListItem\",\"position\":2,\"name\":\"Championnats d&rsquo;Europe de Karat\u00e9 2025 : Helv\u00e9tia Taily s&#8217;empare de l&rsquo;argent en kata\"}]},{\"@type\":\"WebSite\",\"@id\":\"https:\/\/dicodusport.fr\/blog\/#website\",\"url\":\"https:\/\/dicodusport.fr\/blog\/\",\"name\":\"Dicodusport\",\"description\":\"L&#039;encyclop\u00e9die de l&#039;actualit\u00e9 sportive\",\"publisher\":{\"@id\":\"https:\/\/dicodusport.fr\/blog\/#organization\"},\"potentialAction\":[{\"@type\":\"SearchAction\",\"target\":{\"@type\":\"EntryPoint\",\"urlTemplate\":\"https:\/\/dicodusport.fr\/blog\/?s={search_term_string}\"},\"query-input\":{\"@type\":\"PropertyValueSpecification\",\"valueRequired\":true,\"valueName\":\"search_term_string\"}}],\"inLanguage\":\"fr-FR\"},{\"@type\":\"NewsMediaOrganization\",\"@id\":\"https:\/\/dicodusport.fr\/blog\/#organization\",\"name\":\"Dicodusport\",\"url\":\"https:\/\/dicodusport.fr\/blog\/\",\"logo\":{\"@type\":\"ImageObject\",\"inLanguage\":\"fr-FR\",\"@id\":\"https:\/\/dicodusport.fr\/blog\/#\/schema\/logo\/image\/\",\"url\":\"https:\/\/dicodusport.fr\/blog\/wp-content\/uploads\/2020\/06\/cropped-LOGO-DICODUSPORT-2020-SANS-FOND-SANS-TEXTE.png\",\"contentUrl\":\"https:\/\/dicodusport.fr\/blog\/wp-content\/uploads\/2020\/06\/cropped-LOGO-DICODUSPORT-2020-SANS-FOND-SANS-TEXTE.png\",\"width\":512,\"height\":512,\"caption\":\"Dicodusport\"},\"image\":{\"@id\":\"https:\/\/dicodusport.fr\/blog\/#\/schema\/logo\/image\/\"},\"sameAs\":[\"https:\/\/www.facebook.com\/dicodusport\",\"https:\/\/x.com\/dicodusport\",\"https:\/\/www.instagram.com\/dicodusport\/\",\"https:\/\/www.youtube.com\/channel\/UC7V2KZ5sd3htJivAbA4ZG3w\"],\"description\":\"Dicodusport est l'encyclop\u00e9die de l'actualit\u00e9 sportive.\",\"email\":\"bonjour@dicodusport.fr\",\"legalName\":\"DICODUSPORT\",\"foundingDate\":\"2018-01-14\",\"vatID\":\"FR71834470973\",\"taxID\":\"83447097300043\",\"numberOfEmployees\":{\"@type\":\"QuantitativeValue\",\"minValue\":\"1\",\"maxValue\":\"10\"}},{\"@type\":\"Person\",\"@id\":\"https:\/\/dicodusport.fr\/blog\/#\/schema\/person\/37def232098a7a5cbab3974a3690abb0\",\"name\":\"Maxime Cazenave\",\"image\":{\"@type\":\"ImageObject\",\"inLanguage\":\"fr-FR\",\"@id\":\"https:\/\/dicodusport.fr\/blog\/#\/schema\/person\/image\/\",\"url\":\"https:\/\/dicodusport.fr\/blog\/wp-content\/uploads\/2021\/05\/Maxime-Cazenave-150x150.jpg\",\"contentUrl\":\"https:\/\/dicodusport.fr\/blog\/wp-content\/uploads\/2021\/05\/Maxime-Cazenave-150x150.jpg\",\"caption\":\"Maxime Cazenave\"},\"description\":\"Journaliste\/R\u00e9dacteur depuis 2012 - Berc\u00e9 par l\u2019amour des Girondins de Bordeaux, les \u00e9checs de Christophe Moreau sur le Tour de France sous l'\u00e8re Lance Armstrong et le fade-away l\u00e9tal de Dirk Nowitzki, ma passion d\u00e9vorante pour le sport a toujours \u00e9t\u00e9 un pan incontournable de ma vie. Transmettre ma passion \u00e0 l\u2019\u00e9crit a \u00e9t\u00e9 une transition naturelle. Suiveur assidu de basket et de hockey sur glace, je garde toujours un peu de place pour suivre le cyclisme, le football et le maximum de performances fran\u00e7aises.\",\"sameAs\":[\"https:\/\/x.com\/https:\/\/twitter.com\/Maxime_Caze\"],\"url\":\"https:\/\/dicodusport.fr\/blog\/author\/maximec\/\"}]}<\/script>\n<!-- \/ Yoast SEO Premium plugin. -->","yoast_head_json":{"title":"Championnats d'Europe de Karat\u00e9 2025 : Helv\u00e9tia Taily s'empare de l'argent en kata","description":"CHAMPIONNATS D'EUROPE DE KARAT\u00c9 2025 \u2013 Helv\u00e9tia Taily a d\u00e9croch\u00e9 ce samedi apr\u00e8s-midi la m\u00e9daille d'argent en kata, \u00e0 Erevan.","robots":{"index":"index","follow":"follow","max-snippet":"max-snippet:-1","max-image-preview":"max-image-preview:large","max-video-preview":"max-video-preview:-1"},"canonical":"https:\/\/dicodusport.fr\/blog\/championnats-deurope-de-karate-2025-helvetia-taily-sempare-de-largent-en-kata\/","og_locale":"fr_FR","og_type":"article","og_title":"Championnats d'Europe de Karat\u00e9 2025 : Helv\u00e9tia Taily s'empare de l'argent en kata","og_description":"CHAMPIONNATS D'EUROPE DE KARAT\u00c9 2025 \u2013 Helv\u00e9tia Taily a d\u00e9croch\u00e9 ce samedi apr\u00e8s-midi la m\u00e9daille d'argent en kata, \u00e0 Erevan.","og_url":"https:\/\/dicodusport.fr\/blog\/championnats-deurope-de-karate-2025-helvetia-taily-sempare-de-largent-en-kata\/","og_site_name":"Dicodusport","article_publisher":"https:\/\/www.facebook.com\/dicodusport","article_published_time":"2025-05-10T15:23:09+00:00","article_modified_time":"2025-05-11T10:24:53+00:00","og_image":[{"width":1200,"height":674,"url":"https:\/\/dicodusport.fr\/blog\/wp-content\/uploads\/2025\/05\/Championnats-dEurope-de-Karate-2025-Helvetia-Taily-sempare-de-largent-en-kata-1.png","type":"image\/png"}],"author":"Maxime Cazenave","twitter_card":"summary_large_image","twitter_title":"Championnats d'Europe de Karat\u00e9 2025 : Helv\u00e9tia Taily s'empare de l'argent en kata","twitter_creator":"@https:\/\/twitter.com\/Maxime_Caze","twitter_site":"@dicodusport","schema":{"@context":"https:\/\/schema.org","@graph":[{"@type":"NewsArticle","@id":"https:\/\/dicodusport.fr\/blog\/championnats-deurope-de-karate-2025-helvetia-taily-sempare-de-largent-en-kata\/#article","isPartOf":{"@id":"https:\/\/dicodusport.fr\/blog\/championnats-deurope-de-karate-2025-helvetia-taily-sempare-de-largent-en-kata\/"},"author":{"name":"Maxime Cazenave","@id":"https:\/\/dicodusport.fr\/blog\/#\/schema\/person\/37def232098a7a5cbab3974a3690abb0"},"headline":"Championnats d&rsquo;Europe de Karat\u00e9 2025 : Helv\u00e9tia Taily s&#8217;empare de l&rsquo;argent en kata","datePublished":"2025-05-10T15:23:09+00:00","dateModified":"2025-05-11T10:24:53+00:00","mainEntityOfPage":{"@id":"https:\/\/dicodusport.fr\/blog\/championnats-deurope-de-karate-2025-helvetia-taily-sempare-de-largent-en-kata\/"},"wordCount":387,"commentCount":0,"publisher":{"@id":"https:\/\/dicodusport.fr\/blog\/#organization"},"image":{"@id":"https:\/\/dicodusport.fr\/blog\/championnats-deurope-de-karate-2025-helvetia-taily-sempare-de-largent-en-kata\/#primaryimage"},"thumbnailUrl":"https:\/\/dicodusport.fr\/blog\/wp-content\/uploads\/2025\/05\/Championnats-dEurope-de-Karate-2025-Helvetia-Taily-sempare-de-largent-en-kata-1.png","keywords":["br\u00e8ve","Karat\u00e9"],"articleSection":["Karat\u00e9"],"inLanguage":"fr-FR","potentialAction":[{"@type":"CommentAction","name":"Comment","target":["https:\/\/dicodusport.fr\/blog\/championnats-deurope-de-karate-2025-helvetia-taily-sempare-de-largent-en-kata\/#respond"]}],"copyrightYear":"2025","copyrightHolder":{"@id":"https:\/\/dicodusport.fr\/blog\/#organization"}},{"@type":"WebPage","@id":"https:\/\/dicodusport.fr\/blog\/championnats-deurope-de-karate-2025-helvetia-taily-sempare-de-largent-en-kata\/","url":"https:\/\/dicodusport.fr\/blog\/championnats-deurope-de-karate-2025-helvetia-taily-sempare-de-largent-en-kata\/","name":"Championnats d'Europe de Karat\u00e9 2025 : Helv\u00e9tia Taily s'empare de l'argent en kata","isPartOf":{"@id":"https:\/\/dicodusport.fr\/blog\/#website"},"primaryImageOfPage":{"@id":"https:\/\/dicodusport.fr\/blog\/championnats-deurope-de-karate-2025-helvetia-taily-sempare-de-largent-en-kata\/#primaryimage"},"image":{"@id":"https:\/\/dicodusport.fr\/blog\/championnats-deurope-de-karate-2025-helvetia-taily-sempare-de-largent-en-kata\/#primaryimage"},"thumbnailUrl":"https:\/\/dicodusport.fr\/blog\/wp-content\/uploads\/2025\/05\/Championnats-dEurope-de-Karate-2025-Helvetia-Taily-sempare-de-largent-en-kata-1.png","datePublished":"2025-05-10T15:23:09+00:00","dateModified":"2025-05-11T10:24:53+00:00","description":"CHAMPIONNATS D'EUROPE DE KARAT\u00c9 2025 \u2013 Helv\u00e9tia Taily a d\u00e9croch\u00e9 ce samedi apr\u00e8s-midi la m\u00e9daille d'argent en kata, \u00e0 Erevan.","breadcrumb":{"@id":"https:\/\/dicodusport.fr\/blog\/championnats-deurope-de-karate-2025-helvetia-taily-sempare-de-largent-en-kata\/#breadcrumb"},"inLanguage":"fr-FR","potentialAction":[{"@type":"ReadAction","target":["https:\/\/dicodusport.fr\/blog\/championnats-deurope-de-karate-2025-helvetia-taily-sempare-de-largent-en-kata\/"]}]},{"@type":"ImageObject","inLanguage":"fr-FR","@id":"https:\/\/dicodusport.fr\/blog\/championnats-deurope-de-karate-2025-helvetia-taily-sempare-de-largent-en-kata\/#primaryimage","url":"https:\/\/dicodusport.fr\/blog\/wp-content\/uploads\/2025\/05\/Championnats-dEurope-de-Karate-2025-Helvetia-Taily-sempare-de-largent-en-kata-1.png","contentUrl":"https:\/\/dicodusport.fr\/blog\/wp-content\/uploads\/2025\/05\/Championnats-dEurope-de-Karate-2025-Helvetia-Taily-sempare-de-largent-en-kata-1.png","width":1200,"height":674,"caption":"Championnats d'Europe de Karat\u00e9 2025 Helv\u00e9tia Taily s'empare de l'argent en kata"},{"@type":"BreadcrumbList","@id":"https:\/\/dicodusport.fr\/blog\/championnats-deurope-de-karate-2025-helvetia-taily-sempare-de-largent-en-kata\/#breadcrumb","itemListElement":[{"@type":"ListItem","position":1,"name":"Accueil","item":"https:\/\/dicodusport.fr\/blog\/"},{"@type":"ListItem","position":2,"name":"Championnats d&rsquo;Europe de Karat\u00e9 2025 : Helv\u00e9tia Taily s&#8217;empare de l&rsquo;argent en kata"}]},{"@type":"WebSite","@id":"https:\/\/dicodusport.fr\/blog\/#website","url":"https:\/\/dicodusport.fr\/blog\/","name":"Dicodusport","description":"L&#039;encyclop\u00e9die de l&#039;actualit\u00e9 sportive","publisher":{"@id":"https:\/\/dicodusport.fr\/blog\/#organization"},"potentialAction":[{"@type":"SearchAction","target":{"@type":"EntryPoint","urlTemplate":"https:\/\/dicodusport.fr\/blog\/?s={search_term_string}"},"query-input":{"@type":"PropertyValueSpecification","valueRequired":true,"valueName":"search_term_string"}}],"inLanguage":"fr-FR"},{"@type":"NewsMediaOrganization","@id":"https:\/\/dicodusport.fr\/blog\/#organization","name":"Dicodusport","url":"https:\/\/dicodusport.fr\/blog\/","logo":{"@type":"ImageObject","inLanguage":"fr-FR","@id":"https:\/\/dicodusport.fr\/blog\/#\/schema\/logo\/image\/","url":"https:\/\/dicodusport.fr\/blog\/wp-content\/uploads\/2020\/06\/cropped-LOGO-DICODUSPORT-2020-SANS-FOND-SANS-TEXTE.png","contentUrl":"https:\/\/dicodusport.fr\/blog\/wp-content\/uploads\/2020\/06\/cropped-LOGO-DICODUSPORT-2020-SANS-FOND-SANS-TEXTE.png","width":512,"height":512,"caption":"Dicodusport"},"image":{"@id":"https:\/\/dicodusport.fr\/blog\/#\/schema\/logo\/image\/"},"sameAs":["https:\/\/www.facebook.com\/dicodusport","https:\/\/x.com\/dicodusport","https:\/\/www.instagram.com\/dicodusport\/","https:\/\/www.youtube.com\/channel\/UC7V2KZ5sd3htJivAbA4ZG3w"],"description":"Dicodusport est l'encyclop\u00e9die de l'actualit\u00e9 sportive.","email":"bonjour@dicodusport.fr","legalName":"DICODUSPORT","foundingDate":"2018-01-14","vatID":"FR71834470973","taxID":"83447097300043","numberOfEmployees":{"@type":"QuantitativeValue","minValue":"1","maxValue":"10"}},{"@type":"Person","@id":"https:\/\/dicodusport.fr\/blog\/#\/schema\/person\/37def232098a7a5cbab3974a3690abb0","name":"Maxime Cazenave","image":{"@type":"ImageObject","inLanguage":"fr-FR","@id":"https:\/\/dicodusport.fr\/blog\/#\/schema\/person\/image\/","url":"https:\/\/dicodusport.fr\/blog\/wp-content\/uploads\/2021\/05\/Maxime-Cazenave-150x150.jpg","contentUrl":"https:\/\/dicodusport.fr\/blog\/wp-content\/uploads\/2021\/05\/Maxime-Cazenave-150x150.jpg","caption":"Maxime Cazenave"},"description":"Journaliste\/R\u00e9dacteur depuis 2012 - Berc\u00e9 par l\u2019amour des Girondins de Bordeaux, les \u00e9checs de Christophe Moreau sur le Tour de France sous l'\u00e8re Lance Armstrong et le fade-away l\u00e9tal de Dirk Nowitzki, ma passion d\u00e9vorante pour le sport a toujours \u00e9t\u00e9 un pan incontournable de ma vie. Transmettre ma passion \u00e0 l\u2019\u00e9crit a \u00e9t\u00e9 une transition naturelle. Suiveur assidu de basket et de hockey sur glace, je garde toujours un peu de place pour suivre le cyclisme, le football et le maximum de performances fran\u00e7aises.","sameAs":["https:\/\/x.com\/https:\/\/twitter.com\/Maxime_Caze"],"url":"https:\/\/dicodusport.fr\/blog\/author\/maximec\/"}]}},"_links":{"self":[{"href":"https:\/\/dicodusport.fr\/blog\/wp-json\/wp\/v2\/posts\/578013","targetHints":{"allow":["GET"]}}],"collection":[{"href":"https:\/\/dicodusport.fr\/blog\/wp-json\/wp\/v2\/posts"}],"about":[{"href":"https:\/\/dicodusport.fr\/blog\/wp-json\/wp\/v2\/types\/post"}],"author":[{"embeddable":true,"href":"https:\/\/dicodusport.fr\/blog\/wp-json\/wp\/v2\/users\/55"}],"replies":[{"embeddable":true,"href":"https:\/\/dicodusport.fr\/blog\/wp-json\/wp\/v2\/comments?post=578013"}],"version-history":[{"count":5,"href":"https:\/\/dicodusport.fr\/blog\/wp-json\/wp\/v2\/posts\/578013\/revisions"}],"predecessor-version":[{"id":578221,"href":"https:\/\/dicodusport.fr\/blog\/wp-json\/wp\/v2\/posts\/578013\/revisions\/578221"}],"wp:featuredmedia":[{"embeddable":true,"href":"https:\/\/dicodusport.fr\/blog\/wp-json\/wp\/v2\/media\/578146"}],"wp:attachment":[{"href":"https:\/\/dicodusport.fr\/blog\/wp-json\/wp\/v2\/media?parent=578013"}],"wp:term":[{"taxonomy":"category","embeddable":true,"href":"https:\/\/dicodusport.fr\/blog\/wp-json\/wp\/v2\/categories?post=578013"},{"taxonomy":"post_tag","embeddable":true,"href":"https:\/\/dicodusport.fr\/blog\/wp-json\/wp\/v2\/tags?post=578013"}],"curies":[{"name":"wp","href":"https:\/\/api.w.org\/{rel}","templated":true}]}}