{"id":578238,"date":"2025-05-11T17:06:33","date_gmt":"2025-05-11T15:06:33","guid":{"rendered":"https:\/\/dicodusport.fr\/blog\/?p=578238&#038;preview=true&#038;preview_id=578238"},"modified":"2025-05-11T18:26:27","modified_gmt":"2025-05-11T16:26:27","slug":"tro-bro-leon-2025-double-decathlon-ag2r-la-mondiale-et-victoire-pour-bastien-tronchon","status":"publish","type":"post","link":"https:\/\/dicodusport.fr\/blog\/tro-bro-leon-2025-double-decathlon-ag2r-la-mondiale-et-victoire-pour-bastien-tronchon\/","title":{"rendered":"Tro Bro Leon 2025 : Doubl\u00e9 Decathlon AG2R La Mondiale et victoire pour Bastien Tronchon"},"content":{"rendered":"<h4 style=\"text-align: justify;\"><em>TRO BRO LEON 2025 &#8211; Malgr\u00e9 les crevaisons, Bastien Tronchon (Decathlon AG2R La Mondiale) a remport\u00e9 la 42\u00e8me \u00e9dition du Tro Bro Leon, \u00e0 Lannilis, dimanche, devant son co\u00e9quipier Pierre Gautherat. C&rsquo;est le troisi\u00e8me succ\u00e8s en quatre jours pour la formation savoyarde sur les courses bretonnes.\u00a0<\/em><\/h4>\n<ul style=\"text-align: justify;\">\n<li style=\"text-align: justify;\"><strong>\u00c0 ce sujet &#8211; <a href=\"https:\/\/dicodusport.fr\/blog\/actualites\/cyclisme\/cyclisme-sur-route-2025\/\">L\u2019actualit\u00e9 du cyclisme sur route<\/a><\/strong><\/li>\n<\/ul>\n<p style=\"text-align: justify;\">La <strong>42\u00e8me \u00e9dition du Tro Bro Leon<\/strong> \u00e9tait\u00a0longue de 203,5 kilom\u00e8tres autour de <strong>Lannilis <\/strong>pour la\u00a0<strong>12\u00e8me manche de la <a href=\"https:\/\/dicodusport.fr\/blog\/classement-general-coupe-de-france-de-cyclisme-2025\/\">Coupe de France de cyclisme<\/a><\/strong>. 34,6 kilom\u00e8tres de <em>Ribino\u00f9<\/em>, les chemins de terre et secteurs empierr\u00e9s caract\u00e9ristiques de cette course bretonne, r\u00e9partis en 29 secteurs, \u00e9taient propos\u00e9s aux coureurs, sous la pluie.<\/p>\n<p style=\"text-align: justify;\">D&rsquo;abord, 7 coureurs ont form\u00e9 l&rsquo;\u00e9chapp\u00e9e matinale apr\u00e8s une quarantaine de kilom\u00e8tres : <strong>Rudy Molard<\/strong> (Groupama &#8211; FDJ), <strong>Victor Van de Putte<\/strong> (Lotto), <strong>Baptiste Vadic<\/strong> (TotalEnergies), <strong>Fabian Lienhard<\/strong> (Tudor Pro Cycling), <strong>Sergio Meris<\/strong> (Unibet Tietema Rockets), <strong>Hugo de la Calle<\/strong> (Burgos Burpellet BH) et <strong>Axel Mariault<\/strong> (CIC &#8211; U &#8211; Nantes). Leur avance est mont\u00e9e jusqu&rsquo;\u00e0 4 minutes.<\/p>\n<h2 style=\"text-align: justify;\">D\u00e9monstration des Decathlon AG2R La Mondiale<\/h2>\n<p style=\"text-align: justify;\">Apr\u00e8s l&rsquo;accumulation des ribino\u00f9, <strong>Fabian Lienhard<\/strong>, <strong>Sergio Meris <\/strong>et <strong>Hugo de la Calle <\/strong>ont distanc\u00e9 leurs compagnons de fugue \u00e0 60 kilom\u00e8tres du terme, alors que<strong> Bastien Tronchon<\/strong> (Decathlon AG2R La Mondiale) a fait la jonction avec le trio de t\u00eate. Le 2e du Tour du Finist\u00e8re s&rsquo;est ensuite isol\u00e9, \u00e0 45 kilom\u00e8tres du terme.<\/p>\n<p style=\"text-align: justify;\">Ensuite, <strong>Hugo de la Calle <\/strong>a profit\u00e9 de l&rsquo;offensive de <strong>Cees Bol<\/strong> (XDS Astana) pour revenir sur l&rsquo;homme de t\u00eate. Mais, le trio de t\u00eate a \u00e9t\u00e9 repris par un premier petit peloton d&rsquo;une quinzaine de coureurs. Malheureusement, <strong>Bastien Tronchon <\/strong>a \u00e9t\u00e9 victime d&rsquo;un ennui m\u00e9canique et a \u00e9t\u00e9 repris par le deuxi\u00e8me peloton.<\/p>\n<ul style=\"text-align: justify;\">\n<li><strong>\u00c0 ce sujet &#8211; <a href=\"https:\/\/dicodusport.fr\/blog\/tro-bro-leon-2025-classement-et-resultats\/\">Tro Bro Leon 2025 \u2013 Classement et r\u00e9sultats<\/a><\/strong><\/li>\n<\/ul>\n<p style=\"text-align: justify;\">Apr\u00e8s une offensive de <strong>Fred Wright<\/strong> (Bahrain Victorious), <strong>Frederik Dversnes<\/strong> (Uno-X Mobility) est sorti seul \u00e0 23 kilom\u00e8tres du terme tandis que <strong>Riley Shehaan<\/strong> (Israel &#8211; Premier Tech) est tomb\u00e9 lourdement dans un virage, et, <strong>Kevin Vauquelin<\/strong> (Arkea B&amp;B H\u00f4tels) a \u00e9t\u00e9 victime d&rsquo;une crevaison. Il a \u00e9t\u00e9 rejoint par <strong>Bastien Tronchon<\/strong>, \u00e0 un troisi\u00e8me \u00e9chelon de la course.<\/p>\n<p style=\"text-align: justify;\">Par la suite, <strong>Bastien Tronchon <\/strong>a produit un gros effort pour d\u00e9passer les \u00ab\u00a0morts\u00a0\u00bb du premier peloton et a surtout fait la jonction avec son \u00e9quipier <strong>Pierre Gautherat<\/strong> (Decathlon AG2R La Mondiale). Ces deux coureurs se sont parfaitement entendu pour revenir sur le coureur norv\u00e9gien, \u00e0 un peu plus de 5 kilom\u00e8tres de l&rsquo;arriv\u00e9e.<\/p>\n<p style=\"text-align: justify;\">Peu apr\u00e8s, <strong>Frederik Dversnes<\/strong> (Uno-X Mobility) est tomb\u00e9 dans un rond-point et a laiss\u00e9 filer les deux coureurs de la Decathlon AG2R La Mondiale vers un doubl\u00e9. Finalement, <strong>Bastien Tronchon <\/strong>a franchi en premi\u00e8re position la ligne d&rsquo;arriv\u00e9e devant \u00e9quipier <strong>Pierre Gautherat<\/strong>. <strong>Valentin Madouas<\/strong> (Groupama FDJ) a pris la troisi\u00e8me place devant <strong>Anthony Turgis<\/strong> (TotalEnergies), \u00e0 19 secondes. <strong>Frederik Dversnes <\/strong>a fini cinqui\u00e8me \u00e0 32 secondes.<\/p>\n<blockquote class=\"twitter-tweet\">\n<p dir=\"ltr\" lang=\"fr\">\ud83d\udeb4\u200d\u2642\ufe0f <a href=\"https:\/\/twitter.com\/hashtag\/TroBroLeon?src=hash&amp;ref_src=twsrc%5Etfw\">#TroBroLeon<\/a> | \ud83e\udd2f DOUBL\u00c9 DES DECATHLON AG2R LA MONDIALE !<\/p>\n<p>\ud83c\uddeb\ud83c\uddf7 Alors qu\u2019il s\u2019\u00e9tait tromp\u00e9 de route plus t\u00f4t dans la course, Bastien Tronchon a r\u00e9alis\u00e9 une course incroyable pour s\u2019imposer devant son co\u00e9quipier Pierre Gautherat ! Valentin Madouas termine 3e. <a href=\"https:\/\/t.co\/Yv93rZLKXq\">pic.twitter.com\/Yv93rZLKXq<\/a><\/p>\n<p>\u2014 francetvsport (@francetvsport) <a href=\"https:\/\/twitter.com\/francetvsport\/status\/1921581433044299985?ref_src=twsrc%5Etfw\">May 11, 2025<\/a><\/p><\/blockquote>\n<p style=\"text-align: justify;\"><script async src=\"https:\/\/platform.twitter.com\/widgets.js\" charset=\"utf-8\"><\/script><\/p>\n","protected":false},"excerpt":{"rendered":"<p>TRO BRO LEON 2025 &#8211; Malgr\u00e9 les crevaisons, Bastien Tronchon (Decathlon AG2r La Mondiale) a remport\u00e9 la 42\u00e8me \u00e9dition du Tro Bro Leon, \u00e0 Lannilis, dimanche, devant son co\u00e9quipier Pierre Gautherat.\u00a0<\/p>\n","protected":false},"author":48,"featured_media":578331,"comment_status":"open","ping_status":"closed","sticky":false,"template":"","format":"standard","meta":{"_acf_changed":false,"_daextam_enable_autolinks":"1","footnotes":""},"categories":[46994],"tags":[16878,36132,16663],"class_list":["post-578238","post","type-post","status-publish","format-standard","has-post-thumbnail","hentry","category-cyclisme-sur-route","tag-breve","tag-decathlon-ag2r-la-mondiale","tag-tro-bro-leon"],"acf":[],"yoast_head":"<!-- This site is optimized with the Yoast SEO Premium plugin v26.7 (Yoast SEO v26.7) - https:\/\/yoast.com\/wordpress\/plugins\/seo\/ -->\n<title>Tro Bro Leon 2025 : Doubl\u00e9 Decathlon AG2R La Mondiale et victoire pour Bastien Tronchon<\/title>\n<meta name=\"description\" content=\"TRO BRO LEON 2025 - Bastien Tronchon (Decathlon AG2r La Mondiale) a remport\u00e9 le Tro Bro Leon devant son co\u00e9quipier Pierre Gautherat.\u00a0\" \/>\n<meta name=\"robots\" content=\"index, follow, max-snippet:-1, max-image-preview:large, max-video-preview:-1\" \/>\n<link rel=\"canonical\" href=\"https:\/\/dicodusport.fr\/blog\/tro-bro-leon-2025-double-decathlon-ag2r-la-mondiale-et-victoire-pour-bastien-tronchon\/\" \/>\n<meta property=\"og:locale\" content=\"fr_FR\" \/>\n<meta property=\"og:type\" content=\"article\" \/>\n<meta property=\"og:title\" content=\"Tro Bro Leon 2025 : Doubl\u00e9 Decathlon AG2R La Mondiale et victoire pour Bastien Tronchon\" \/>\n<meta property=\"og:description\" content=\"TRO BRO LEON 2025 - Bastien Tronchon (Decathlon AG2r La Mondiale) a remport\u00e9 le Tro Bro Leon devant son co\u00e9quipier Pierre Gautherat.\u00a0\" \/>\n<meta property=\"og:url\" content=\"https:\/\/dicodusport.fr\/blog\/tro-bro-leon-2025-double-decathlon-ag2r-la-mondiale-et-victoire-pour-bastien-tronchon\/\" \/>\n<meta property=\"og:site_name\" content=\"Dicodusport\" \/>\n<meta property=\"article:publisher\" content=\"https:\/\/www.facebook.com\/dicodusport\" \/>\n<meta property=\"article:author\" content=\"https:\/\/www.facebook.com\/groups\/LesRoisDuPeloton\" \/>\n<meta property=\"article:published_time\" content=\"2025-05-11T15:06:33+00:00\" \/>\n<meta property=\"article:modified_time\" content=\"2025-05-11T16:26:27+00:00\" \/>\n<meta property=\"og:image\" content=\"https:\/\/dicodusport.fr\/blog\/wp-content\/uploads\/2025\/05\/Tro-Bro-Leon-2025-Double-Decathlon-AG2r-La-Mondiale-et-victoire-pour-Bastien-Tronchon-1.png\" \/>\n\t<meta property=\"og:image:width\" content=\"1200\" \/>\n\t<meta property=\"og:image:height\" content=\"674\" \/>\n\t<meta property=\"og:image:type\" content=\"image\/png\" \/>\n<meta name=\"author\" content=\"Emilien Descampiaux\" \/>\n<meta name=\"twitter:card\" content=\"summary_large_image\" \/>\n<meta name=\"twitter:title\" content=\"Tro Bro Leon 2025 : Doubl\u00e9 Decathlon AG2R La Mondiale et victoire pour Bastien Tronchon\" \/>\n<meta name=\"twitter:creator\" content=\"@https:\/\/twitter.com\/LRoisDuPeloton\" \/>\n<meta name=\"twitter:site\" content=\"@dicodusport\" \/>\n<script type=\"application\/ld+json\" class=\"yoast-schema-graph\">{\"@context\":\"https:\/\/schema.org\",\"@graph\":[{\"@type\":\"NewsArticle\",\"@id\":\"https:\/\/dicodusport.fr\/blog\/tro-bro-leon-2025-double-decathlon-ag2r-la-mondiale-et-victoire-pour-bastien-tronchon\/#article\",\"isPartOf\":{\"@id\":\"https:\/\/dicodusport.fr\/blog\/tro-bro-leon-2025-double-decathlon-ag2r-la-mondiale-et-victoire-pour-bastien-tronchon\/\"},\"author\":{\"name\":\"Emilien Descampiaux\",\"@id\":\"https:\/\/dicodusport.fr\/blog\/#\/schema\/person\/6db4bae06b171592211be385b32876a7\"},\"headline\":\"Tro Bro Leon 2025 : Doubl\u00e9 Decathlon AG2R La Mondiale et victoire pour Bastien Tronchon\",\"datePublished\":\"2025-05-11T15:06:33+00:00\",\"dateModified\":\"2025-05-11T16:26:27+00:00\",\"mainEntityOfPage\":{\"@id\":\"https:\/\/dicodusport.fr\/blog\/tro-bro-leon-2025-double-decathlon-ag2r-la-mondiale-et-victoire-pour-bastien-tronchon\/\"},\"wordCount\":569,\"commentCount\":0,\"publisher\":{\"@id\":\"https:\/\/dicodusport.fr\/blog\/#organization\"},\"image\":{\"@id\":\"https:\/\/dicodusport.fr\/blog\/tro-bro-leon-2025-double-decathlon-ag2r-la-mondiale-et-victoire-pour-bastien-tronchon\/#primaryimage\"},\"thumbnailUrl\":\"https:\/\/dicodusport.fr\/blog\/wp-content\/uploads\/2025\/05\/Tro-Bro-Leon-2025-Double-Decathlon-AG2r-La-Mondiale-et-victoire-pour-Bastien-Tronchon-1.png\",\"keywords\":[\"br\u00e8ve\",\"Decathlon AG2R La mondiale\",\"Tro Bro Leon\"],\"articleSection\":[\"Cyclisme sur route\"],\"inLanguage\":\"fr-FR\",\"potentialAction\":[{\"@type\":\"CommentAction\",\"name\":\"Comment\",\"target\":[\"https:\/\/dicodusport.fr\/blog\/tro-bro-leon-2025-double-decathlon-ag2r-la-mondiale-et-victoire-pour-bastien-tronchon\/#respond\"]}],\"copyrightYear\":\"2025\",\"copyrightHolder\":{\"@id\":\"https:\/\/dicodusport.fr\/blog\/#organization\"}},{\"@type\":\"WebPage\",\"@id\":\"https:\/\/dicodusport.fr\/blog\/tro-bro-leon-2025-double-decathlon-ag2r-la-mondiale-et-victoire-pour-bastien-tronchon\/\",\"url\":\"https:\/\/dicodusport.fr\/blog\/tro-bro-leon-2025-double-decathlon-ag2r-la-mondiale-et-victoire-pour-bastien-tronchon\/\",\"name\":\"Tro Bro Leon 2025 : Doubl\u00e9 Decathlon AG2R La Mondiale et victoire pour Bastien Tronchon\",\"isPartOf\":{\"@id\":\"https:\/\/dicodusport.fr\/blog\/#website\"},\"primaryImageOfPage\":{\"@id\":\"https:\/\/dicodusport.fr\/blog\/tro-bro-leon-2025-double-decathlon-ag2r-la-mondiale-et-victoire-pour-bastien-tronchon\/#primaryimage\"},\"image\":{\"@id\":\"https:\/\/dicodusport.fr\/blog\/tro-bro-leon-2025-double-decathlon-ag2r-la-mondiale-et-victoire-pour-bastien-tronchon\/#primaryimage\"},\"thumbnailUrl\":\"https:\/\/dicodusport.fr\/blog\/wp-content\/uploads\/2025\/05\/Tro-Bro-Leon-2025-Double-Decathlon-AG2r-La-Mondiale-et-victoire-pour-Bastien-Tronchon-1.png\",\"datePublished\":\"2025-05-11T15:06:33+00:00\",\"dateModified\":\"2025-05-11T16:26:27+00:00\",\"description\":\"TRO BRO LEON 2025 - Bastien Tronchon (Decathlon AG2r La Mondiale) a remport\u00e9 le Tro Bro Leon devant son co\u00e9quipier Pierre Gautherat.\u00a0\",\"breadcrumb\":{\"@id\":\"https:\/\/dicodusport.fr\/blog\/tro-bro-leon-2025-double-decathlon-ag2r-la-mondiale-et-victoire-pour-bastien-tronchon\/#breadcrumb\"},\"inLanguage\":\"fr-FR\",\"potentialAction\":[{\"@type\":\"ReadAction\",\"target\":[\"https:\/\/dicodusport.fr\/blog\/tro-bro-leon-2025-double-decathlon-ag2r-la-mondiale-et-victoire-pour-bastien-tronchon\/\"]}]},{\"@type\":\"ImageObject\",\"inLanguage\":\"fr-FR\",\"@id\":\"https:\/\/dicodusport.fr\/blog\/tro-bro-leon-2025-double-decathlon-ag2r-la-mondiale-et-victoire-pour-bastien-tronchon\/#primaryimage\",\"url\":\"https:\/\/dicodusport.fr\/blog\/wp-content\/uploads\/2025\/05\/Tro-Bro-Leon-2025-Double-Decathlon-AG2r-La-Mondiale-et-victoire-pour-Bastien-Tronchon-1.png\",\"contentUrl\":\"https:\/\/dicodusport.fr\/blog\/wp-content\/uploads\/2025\/05\/Tro-Bro-Leon-2025-Double-Decathlon-AG2r-La-Mondiale-et-victoire-pour-Bastien-Tronchon-1.png\",\"width\":1200,\"height\":674,\"caption\":\"Tro Bro Leon 2025 Doubl\u00e9 Decathlon AG2r La Mondiale et victoire pour Bastien Tronchon\"},{\"@type\":\"BreadcrumbList\",\"@id\":\"https:\/\/dicodusport.fr\/blog\/tro-bro-leon-2025-double-decathlon-ag2r-la-mondiale-et-victoire-pour-bastien-tronchon\/#breadcrumb\",\"itemListElement\":[{\"@type\":\"ListItem\",\"position\":1,\"name\":\"Accueil\",\"item\":\"https:\/\/dicodusport.fr\/blog\/\"},{\"@type\":\"ListItem\",\"position\":2,\"name\":\"Tro Bro Leon 2025 : Doubl\u00e9 Decathlon AG2R La Mondiale et victoire pour Bastien Tronchon\"}]},{\"@type\":\"WebSite\",\"@id\":\"https:\/\/dicodusport.fr\/blog\/#website\",\"url\":\"https:\/\/dicodusport.fr\/blog\/\",\"name\":\"Dicodusport\",\"description\":\"L&#039;encyclop\u00e9die de l&#039;actualit\u00e9 sportive\",\"publisher\":{\"@id\":\"https:\/\/dicodusport.fr\/blog\/#organization\"},\"potentialAction\":[{\"@type\":\"SearchAction\",\"target\":{\"@type\":\"EntryPoint\",\"urlTemplate\":\"https:\/\/dicodusport.fr\/blog\/?s={search_term_string}\"},\"query-input\":{\"@type\":\"PropertyValueSpecification\",\"valueRequired\":true,\"valueName\":\"search_term_string\"}}],\"inLanguage\":\"fr-FR\"},{\"@type\":\"NewsMediaOrganization\",\"@id\":\"https:\/\/dicodusport.fr\/blog\/#organization\",\"name\":\"Dicodusport\",\"url\":\"https:\/\/dicodusport.fr\/blog\/\",\"logo\":{\"@type\":\"ImageObject\",\"inLanguage\":\"fr-FR\",\"@id\":\"https:\/\/dicodusport.fr\/blog\/#\/schema\/logo\/image\/\",\"url\":\"https:\/\/dicodusport.fr\/blog\/wp-content\/uploads\/2020\/06\/cropped-LOGO-DICODUSPORT-2020-SANS-FOND-SANS-TEXTE.png\",\"contentUrl\":\"https:\/\/dicodusport.fr\/blog\/wp-content\/uploads\/2020\/06\/cropped-LOGO-DICODUSPORT-2020-SANS-FOND-SANS-TEXTE.png\",\"width\":512,\"height\":512,\"caption\":\"Dicodusport\"},\"image\":{\"@id\":\"https:\/\/dicodusport.fr\/blog\/#\/schema\/logo\/image\/\"},\"sameAs\":[\"https:\/\/www.facebook.com\/dicodusport\",\"https:\/\/x.com\/dicodusport\",\"https:\/\/www.instagram.com\/dicodusport\/\",\"https:\/\/www.youtube.com\/channel\/UC7V2KZ5sd3htJivAbA4ZG3w\"],\"description\":\"Dicodusport est l'encyclop\u00e9die de l'actualit\u00e9 sportive.\",\"email\":\"bonjour@dicodusport.fr\",\"legalName\":\"DICODUSPORT\",\"foundingDate\":\"2018-01-14\",\"vatID\":\"FR71834470973\",\"taxID\":\"83447097300043\",\"numberOfEmployees\":{\"@type\":\"QuantitativeValue\",\"minValue\":\"1\",\"maxValue\":\"10\"}},{\"@type\":\"Person\",\"@id\":\"https:\/\/dicodusport.fr\/blog\/#\/schema\/person\/6db4bae06b171592211be385b32876a7\",\"name\":\"Emilien Descampiaux\",\"image\":{\"@type\":\"ImageObject\",\"inLanguage\":\"fr-FR\",\"@id\":\"https:\/\/dicodusport.fr\/blog\/#\/schema\/person\/image\/\",\"url\":\"https:\/\/dicodusport.fr\/blog\/wp-content\/uploads\/2021\/05\/Emilien-Descampiaux-150x150.jpg\",\"contentUrl\":\"https:\/\/dicodusport.fr\/blog\/wp-content\/uploads\/2021\/05\/Emilien-Descampiaux-150x150.jpg\",\"caption\":\"Emilien Descampiaux\"},\"description\":\"Journaliste\/r\u00e9dacteur depuis 2014 - Fan de la classe de Frank Vandenbroucke, je vis cyclisme (et de ses paysages) depuis plus de 20 ans. Je suis tr\u00e8s impliqu\u00e9 sur mes diff\u00e9rents r\u00e9seaux sociaux pour partager ma passion sur le monde et l'Histoire de la bicyclette avec ma voix sur les images en noir et blanc du succ\u00e8s de Rik Van Steenbergen lors du Ronde sur le V\u00e9lodrome de Gand.\",\"sameAs\":[\"https:\/\/www.facebook.com\/groups\/LesRoisDuPeloton\",\"https:\/\/x.com\/https:\/\/twitter.com\/LRoisDuPeloton\"],\"url\":\"https:\/\/dicodusport.fr\/blog\/author\/emiliend\/\"}]}<\/script>\n<!-- \/ Yoast SEO Premium plugin. -->","yoast_head_json":{"title":"Tro Bro Leon 2025 : Doubl\u00e9 Decathlon AG2R La Mondiale et victoire pour Bastien Tronchon","description":"TRO BRO LEON 2025 - Bastien Tronchon (Decathlon AG2r La Mondiale) a remport\u00e9 le Tro Bro Leon devant son co\u00e9quipier Pierre Gautherat.\u00a0","robots":{"index":"index","follow":"follow","max-snippet":"max-snippet:-1","max-image-preview":"max-image-preview:large","max-video-preview":"max-video-preview:-1"},"canonical":"https:\/\/dicodusport.fr\/blog\/tro-bro-leon-2025-double-decathlon-ag2r-la-mondiale-et-victoire-pour-bastien-tronchon\/","og_locale":"fr_FR","og_type":"article","og_title":"Tro Bro Leon 2025 : Doubl\u00e9 Decathlon AG2R La Mondiale et victoire pour Bastien Tronchon","og_description":"TRO BRO LEON 2025 - Bastien Tronchon (Decathlon AG2r La Mondiale) a remport\u00e9 le Tro Bro Leon devant son co\u00e9quipier Pierre Gautherat.\u00a0","og_url":"https:\/\/dicodusport.fr\/blog\/tro-bro-leon-2025-double-decathlon-ag2r-la-mondiale-et-victoire-pour-bastien-tronchon\/","og_site_name":"Dicodusport","article_publisher":"https:\/\/www.facebook.com\/dicodusport","article_author":"https:\/\/www.facebook.com\/groups\/LesRoisDuPeloton","article_published_time":"2025-05-11T15:06:33+00:00","article_modified_time":"2025-05-11T16:26:27+00:00","og_image":[{"width":1200,"height":674,"url":"https:\/\/dicodusport.fr\/blog\/wp-content\/uploads\/2025\/05\/Tro-Bro-Leon-2025-Double-Decathlon-AG2r-La-Mondiale-et-victoire-pour-Bastien-Tronchon-1.png","type":"image\/png"}],"author":"Emilien Descampiaux","twitter_card":"summary_large_image","twitter_title":"Tro Bro Leon 2025 : Doubl\u00e9 Decathlon AG2R La Mondiale et victoire pour Bastien Tronchon","twitter_creator":"@https:\/\/twitter.com\/LRoisDuPeloton","twitter_site":"@dicodusport","schema":{"@context":"https:\/\/schema.org","@graph":[{"@type":"NewsArticle","@id":"https:\/\/dicodusport.fr\/blog\/tro-bro-leon-2025-double-decathlon-ag2r-la-mondiale-et-victoire-pour-bastien-tronchon\/#article","isPartOf":{"@id":"https:\/\/dicodusport.fr\/blog\/tro-bro-leon-2025-double-decathlon-ag2r-la-mondiale-et-victoire-pour-bastien-tronchon\/"},"author":{"name":"Emilien Descampiaux","@id":"https:\/\/dicodusport.fr\/blog\/#\/schema\/person\/6db4bae06b171592211be385b32876a7"},"headline":"Tro Bro Leon 2025 : Doubl\u00e9 Decathlon AG2R La Mondiale et victoire pour Bastien Tronchon","datePublished":"2025-05-11T15:06:33+00:00","dateModified":"2025-05-11T16:26:27+00:00","mainEntityOfPage":{"@id":"https:\/\/dicodusport.fr\/blog\/tro-bro-leon-2025-double-decathlon-ag2r-la-mondiale-et-victoire-pour-bastien-tronchon\/"},"wordCount":569,"commentCount":0,"publisher":{"@id":"https:\/\/dicodusport.fr\/blog\/#organization"},"image":{"@id":"https:\/\/dicodusport.fr\/blog\/tro-bro-leon-2025-double-decathlon-ag2r-la-mondiale-et-victoire-pour-bastien-tronchon\/#primaryimage"},"thumbnailUrl":"https:\/\/dicodusport.fr\/blog\/wp-content\/uploads\/2025\/05\/Tro-Bro-Leon-2025-Double-Decathlon-AG2r-La-Mondiale-et-victoire-pour-Bastien-Tronchon-1.png","keywords":["br\u00e8ve","Decathlon AG2R La mondiale","Tro Bro Leon"],"articleSection":["Cyclisme sur route"],"inLanguage":"fr-FR","potentialAction":[{"@type":"CommentAction","name":"Comment","target":["https:\/\/dicodusport.fr\/blog\/tro-bro-leon-2025-double-decathlon-ag2r-la-mondiale-et-victoire-pour-bastien-tronchon\/#respond"]}],"copyrightYear":"2025","copyrightHolder":{"@id":"https:\/\/dicodusport.fr\/blog\/#organization"}},{"@type":"WebPage","@id":"https:\/\/dicodusport.fr\/blog\/tro-bro-leon-2025-double-decathlon-ag2r-la-mondiale-et-victoire-pour-bastien-tronchon\/","url":"https:\/\/dicodusport.fr\/blog\/tro-bro-leon-2025-double-decathlon-ag2r-la-mondiale-et-victoire-pour-bastien-tronchon\/","name":"Tro Bro Leon 2025 : Doubl\u00e9 Decathlon AG2R La Mondiale et victoire pour Bastien Tronchon","isPartOf":{"@id":"https:\/\/dicodusport.fr\/blog\/#website"},"primaryImageOfPage":{"@id":"https:\/\/dicodusport.fr\/blog\/tro-bro-leon-2025-double-decathlon-ag2r-la-mondiale-et-victoire-pour-bastien-tronchon\/#primaryimage"},"image":{"@id":"https:\/\/dicodusport.fr\/blog\/tro-bro-leon-2025-double-decathlon-ag2r-la-mondiale-et-victoire-pour-bastien-tronchon\/#primaryimage"},"thumbnailUrl":"https:\/\/dicodusport.fr\/blog\/wp-content\/uploads\/2025\/05\/Tro-Bro-Leon-2025-Double-Decathlon-AG2r-La-Mondiale-et-victoire-pour-Bastien-Tronchon-1.png","datePublished":"2025-05-11T15:06:33+00:00","dateModified":"2025-05-11T16:26:27+00:00","description":"TRO BRO LEON 2025 - Bastien Tronchon (Decathlon AG2r La Mondiale) a remport\u00e9 le Tro Bro Leon devant son co\u00e9quipier Pierre Gautherat.\u00a0","breadcrumb":{"@id":"https:\/\/dicodusport.fr\/blog\/tro-bro-leon-2025-double-decathlon-ag2r-la-mondiale-et-victoire-pour-bastien-tronchon\/#breadcrumb"},"inLanguage":"fr-FR","potentialAction":[{"@type":"ReadAction","target":["https:\/\/dicodusport.fr\/blog\/tro-bro-leon-2025-double-decathlon-ag2r-la-mondiale-et-victoire-pour-bastien-tronchon\/"]}]},{"@type":"ImageObject","inLanguage":"fr-FR","@id":"https:\/\/dicodusport.fr\/blog\/tro-bro-leon-2025-double-decathlon-ag2r-la-mondiale-et-victoire-pour-bastien-tronchon\/#primaryimage","url":"https:\/\/dicodusport.fr\/blog\/wp-content\/uploads\/2025\/05\/Tro-Bro-Leon-2025-Double-Decathlon-AG2r-La-Mondiale-et-victoire-pour-Bastien-Tronchon-1.png","contentUrl":"https:\/\/dicodusport.fr\/blog\/wp-content\/uploads\/2025\/05\/Tro-Bro-Leon-2025-Double-Decathlon-AG2r-La-Mondiale-et-victoire-pour-Bastien-Tronchon-1.png","width":1200,"height":674,"caption":"Tro Bro Leon 2025 Doubl\u00e9 Decathlon AG2r La Mondiale et victoire pour Bastien Tronchon"},{"@type":"BreadcrumbList","@id":"https:\/\/dicodusport.fr\/blog\/tro-bro-leon-2025-double-decathlon-ag2r-la-mondiale-et-victoire-pour-bastien-tronchon\/#breadcrumb","itemListElement":[{"@type":"ListItem","position":1,"name":"Accueil","item":"https:\/\/dicodusport.fr\/blog\/"},{"@type":"ListItem","position":2,"name":"Tro Bro Leon 2025 : Doubl\u00e9 Decathlon AG2R La Mondiale et victoire pour Bastien Tronchon"}]},{"@type":"WebSite","@id":"https:\/\/dicodusport.fr\/blog\/#website","url":"https:\/\/dicodusport.fr\/blog\/","name":"Dicodusport","description":"L&#039;encyclop\u00e9die de l&#039;actualit\u00e9 sportive","publisher":{"@id":"https:\/\/dicodusport.fr\/blog\/#organization"},"potentialAction":[{"@type":"SearchAction","target":{"@type":"EntryPoint","urlTemplate":"https:\/\/dicodusport.fr\/blog\/?s={search_term_string}"},"query-input":{"@type":"PropertyValueSpecification","valueRequired":true,"valueName":"search_term_string"}}],"inLanguage":"fr-FR"},{"@type":"NewsMediaOrganization","@id":"https:\/\/dicodusport.fr\/blog\/#organization","name":"Dicodusport","url":"https:\/\/dicodusport.fr\/blog\/","logo":{"@type":"ImageObject","inLanguage":"fr-FR","@id":"https:\/\/dicodusport.fr\/blog\/#\/schema\/logo\/image\/","url":"https:\/\/dicodusport.fr\/blog\/wp-content\/uploads\/2020\/06\/cropped-LOGO-DICODUSPORT-2020-SANS-FOND-SANS-TEXTE.png","contentUrl":"https:\/\/dicodusport.fr\/blog\/wp-content\/uploads\/2020\/06\/cropped-LOGO-DICODUSPORT-2020-SANS-FOND-SANS-TEXTE.png","width":512,"height":512,"caption":"Dicodusport"},"image":{"@id":"https:\/\/dicodusport.fr\/blog\/#\/schema\/logo\/image\/"},"sameAs":["https:\/\/www.facebook.com\/dicodusport","https:\/\/x.com\/dicodusport","https:\/\/www.instagram.com\/dicodusport\/","https:\/\/www.youtube.com\/channel\/UC7V2KZ5sd3htJivAbA4ZG3w"],"description":"Dicodusport est l'encyclop\u00e9die de l'actualit\u00e9 sportive.","email":"bonjour@dicodusport.fr","legalName":"DICODUSPORT","foundingDate":"2018-01-14","vatID":"FR71834470973","taxID":"83447097300043","numberOfEmployees":{"@type":"QuantitativeValue","minValue":"1","maxValue":"10"}},{"@type":"Person","@id":"https:\/\/dicodusport.fr\/blog\/#\/schema\/person\/6db4bae06b171592211be385b32876a7","name":"Emilien Descampiaux","image":{"@type":"ImageObject","inLanguage":"fr-FR","@id":"https:\/\/dicodusport.fr\/blog\/#\/schema\/person\/image\/","url":"https:\/\/dicodusport.fr\/blog\/wp-content\/uploads\/2021\/05\/Emilien-Descampiaux-150x150.jpg","contentUrl":"https:\/\/dicodusport.fr\/blog\/wp-content\/uploads\/2021\/05\/Emilien-Descampiaux-150x150.jpg","caption":"Emilien Descampiaux"},"description":"Journaliste\/r\u00e9dacteur depuis 2014 - Fan de la classe de Frank Vandenbroucke, je vis cyclisme (et de ses paysages) depuis plus de 20 ans. Je suis tr\u00e8s impliqu\u00e9 sur mes diff\u00e9rents r\u00e9seaux sociaux pour partager ma passion sur le monde et l'Histoire de la bicyclette avec ma voix sur les images en noir et blanc du succ\u00e8s de Rik Van Steenbergen lors du Ronde sur le V\u00e9lodrome de Gand.","sameAs":["https:\/\/www.facebook.com\/groups\/LesRoisDuPeloton","https:\/\/x.com\/https:\/\/twitter.com\/LRoisDuPeloton"],"url":"https:\/\/dicodusport.fr\/blog\/author\/emiliend\/"}]}},"_links":{"self":[{"href":"https:\/\/dicodusport.fr\/blog\/wp-json\/wp\/v2\/posts\/578238","targetHints":{"allow":["GET"]}}],"collection":[{"href":"https:\/\/dicodusport.fr\/blog\/wp-json\/wp\/v2\/posts"}],"about":[{"href":"https:\/\/dicodusport.fr\/blog\/wp-json\/wp\/v2\/types\/post"}],"author":[{"embeddable":true,"href":"https:\/\/dicodusport.fr\/blog\/wp-json\/wp\/v2\/users\/48"}],"replies":[{"embeddable":true,"href":"https:\/\/dicodusport.fr\/blog\/wp-json\/wp\/v2\/comments?post=578238"}],"version-history":[{"count":5,"href":"https:\/\/dicodusport.fr\/blog\/wp-json\/wp\/v2\/posts\/578238\/revisions"}],"predecessor-version":[{"id":578356,"href":"https:\/\/dicodusport.fr\/blog\/wp-json\/wp\/v2\/posts\/578238\/revisions\/578356"}],"wp:featuredmedia":[{"embeddable":true,"href":"https:\/\/dicodusport.fr\/blog\/wp-json\/wp\/v2\/media\/578331"}],"wp:attachment":[{"href":"https:\/\/dicodusport.fr\/blog\/wp-json\/wp\/v2\/media?parent=578238"}],"wp:term":[{"taxonomy":"category","embeddable":true,"href":"https:\/\/dicodusport.fr\/blog\/wp-json\/wp\/v2\/categories?post=578238"},{"taxonomy":"post_tag","embeddable":true,"href":"https:\/\/dicodusport.fr\/blog\/wp-json\/wp\/v2\/tags?post=578238"}],"curies":[{"name":"wp","href":"https:\/\/api.w.org\/{rel}","templated":true}]}}